{"id":41901,"date":"2023-09-07T18:06:35","date_gmt":"2023-09-07T16:06:35","guid":{"rendered":"https:\/\/www.mzone.cz\/?p=41901"},"modified":"2023-09-07T18:06:45","modified_gmt":"2023-09-07T16:06:45","slug":"panske-mikiny-s-kapuci-nezbytnost-podzimu-zjistete-jake-budou-i-tuto-sezonu-trendy","status":"publish","type":"post","link":"https:\/\/www.mzone.cz\/en\/panske-mikiny-s-kapuci-nezbytnost-podzimu-zjistete-jake-budou-i-tuto-sezonu-trendy\/","title":{"rendered":"P\u00e1nsk\u00e9 mikiny s kapuc\u00ed \u2013 nezbytnost podzimu? Zjist\u011bte, jak\u00e9 budou i tuto sez\u00f3nu trendy!"},"content":{"rendered":"<p><strong>Podzim je tady a s n\u00edm p\u0159ich\u00e1z\u00ed ot\u00e1zka, co za\u0159adit do sv\u00e9ho \u0161atn\u00edku, abychom byli p\u0159ipraveni na zm\u011bnu po\u010das\u00ed a klesaj\u00edc\u00ed teploty. Jedn\u00edm z nejobl\u00edben\u011bj\u0161\u00edch a st\u00e1le modern\u00edch kousk\u016f oble\u010den\u00ed pro p\u00e1ny jsou p\u00e1nsk\u00e9 mikiny s kapuc\u00ed. Po jak\u00fdch letos s\u00e1hnout? Prozrad\u00edme v\u00e1m to!<\/strong><\/p><br>\n\n\n\n<h2 class=\"wp-block-heading\">Kde se vzaly mikiny a pro\u010d je tolik milujeme?&nbsp;<\/h2>\n\n\n\n<p>P\u00e1nsk\u00e9 mikiny s kapuc\u00ed maj\u00ed zaj\u00edmavou historii. P\u016fvodn\u011b toti\u017e byly navr\u017eeny jako pracovn\u00ed oble\u010den\u00ed pro d\u011bln\u00edky v chladn\u00fdch tov\u00e1rn\u00e1ch v 30. letech 20. stolet\u00ed. Postupn\u011b se v\u0161ak staly popul\u00e1rn\u00edmi i mezi mlad\u00fdmi lidmi a v 70. letech za\u010daly b\u00fdt symbolem hip-hopov\u00e9 a skateboardov\u00e9 kultury. Dnes jsou nezastupitelnou sou\u010d\u00e1st\u00ed streetwear stylu a nos\u00ed se jak na sportovn\u00ed aktivity, tak i jako ka\u017edodenn\u00ed kousek oble\u010den\u00ed.\u00a0Pravd\u011bpodobn\u011b jich i vy n\u011bkolik vlastn\u00edte. \u010casem ale mo\u017en\u00e1 ztratily sv\u016fj tvar i barvu, a vy tak\u00a0p\u0159em\u00fd\u0161l\u00edte o tom, po jak\u00e9 s\u00e1hnout\u00a0tentokr\u00e1t.\u00a0Ano, i letos se pr\u00e1v\u011b mikiny dr\u017e\u00ed na p\u0159edn\u00edch p\u0159\u00ed\u010dk\u00e1ch na \u017eeb\u0159\u00ed\u010dku trend\u016f. A to nejen v kategorii p\u00e1nsk\u00e9ho oble\u010den\u00ed \u2013 mikiny s kapuc\u00ed toti\u017e miluje \u0161atn\u00edk n\u00e1s v\u0161ech! Bez ohledu na pohlav\u00ed i v\u011bk.<\/p><br>\n\n\n\n<h2 class=\"wp-block-heading\">Po jak\u00e9 mikin\u011b letos s\u00e1hnout?&nbsp;<\/h2>\n\n\n\n<p>Jedn\u00edm z d\u016fvod\u016f, pro\u010d jsou p\u00e1nsk\u00e9 mikiny s kapuc\u00ed tolik obl\u00edbenou sou\u010d\u00e1st\u00ed na\u0161ich sk\u0159\u00edn\u00ed, je jejich r\u016fznorodost. V obchodech toti\u017e naraz\u00edte na tolik jejich r\u016fzn\u00fdch styl\u016f a variant, kter\u00e9 lze p\u0159izp\u016fsobit r\u016fzn\u00fdm p\u0159\u00edle\u017eitostem. Vyb\u00edrat m\u016f\u017eete nap\u0159\u00edklad z n\u00e1sleduj\u00edc\u00edch typ\u016f mikin.<\/p><br>\n\n\n\n<h3 class=\"wp-block-heading\"><strong>Klasick\u00e1 sportovn\u00ed mikina<\/strong><\/h3>\n\n\n\n<p>Tyto mikiny maj\u00ed \u010dasto velk\u00fd potisk nebo logo zna\u010dky a jsou ide\u00e1ln\u00ed pro sportovn\u00ed aktivity nebo voln\u00fd \u010das. Takov\u00e9 mikiny \u010dasto vynos\u00ed p\u00e1nov\u00e9 do posiloven a t\u011blocvi\u010den. Na b\u011b\u017en\u00e9 no\u0161en\u00ed je ale vhodn\u011bj\u0161\u00ed s\u00e1hnout po trochu jin\u00fdch st\u0159iz\u00edch.<\/p><br>\n\n\n\n<h3 class=\"wp-block-heading\"><strong>Elegantn\u00ed mikiny<\/strong><\/h3>\n\n\n\n<p>Tenk\u00e9 a jednobarevn\u00e9 mikiny, kter\u00e9 s p\u0159ehledem obl\u00e9knete pod sako, mohou b\u00fdt sou\u010d\u00e1st\u00ed opravdu elegantn\u00edho outfitu. V takov\u00e9m oble\u010den\u00ed se nemus\u00edte b\u00e1t vyrazit na party, na ve\u010de\u0159i s p\u0159\u00e1teli nebo dokonce do pr\u00e1ce \u2013 pokud samoz\u0159ejm\u011b nen\u00ed va\u0161\u00ed ka\u017edodenn\u00ed povinnost\u00ed dodr\u017eovat ur\u010den\u00fd dresscode.<\/p><br>\n\n\n\n<h3 class=\"wp-block-heading\"><strong>Jednoduch\u00e9 a \u010dist\u00e9 mikiny<\/strong><\/h3>\n\n\n\n<p>Pro minimalistick\u00fd vzhled jsou ide\u00e1ln\u00ed jednobarevn\u00e9 mikiny s minim\u00e1ln\u00edm zdoben\u00edm. Takov\u00e9 snadno zkombinujete se v\u0161emi dal\u0161\u00edmi kousky. K jednoduch\u00e9 mikin\u011b m\u016f\u017eete obl\u00e9ct chino kalhoty, tepl\u00e1ky i d\u017e\u00edny.<\/p>\n\n\n\n<blockquote class=\"wp-block-quote is-layout-flow wp-block-quote-is-layout-flow\">\n<p>Navrch se pak hod\u00ed pro\u0161\u00edvan\u00e1 vesta, bunda, sako i d\u017e\u00edska. Sta\u010d\u00ed se neb\u00e1t kombinac\u00ed \u2013 s jednoduch\u00fdmi prvky bez p\u0159ehnan\u00fdch potisk\u016f a log toti\u017e nikdy ne\u0161l\u00e1pnete vedle.\u00a0<\/p>\n<\/blockquote>\n\n\n\n<h3 class=\"wp-block-heading\"><strong>Oversized mikiny<\/strong><\/h3>\n\n\n\n<p>I tento styl je v posledn\u00ed dob\u011b velmi popul\u00e1rn\u00ed. Velk\u00e9 mikiny jsou bezesporu pohodln\u00e9 a vytv\u00e1\u0159ej\u00ed odv\u00e1\u017en\u00fd vzhled.<\/p>\n\n\n\n<blockquote class=\"wp-block-quote is-layout-flow wp-block-quote-is-layout-flow\">\n<p>Vsa\u010fte na ty v tlumen\u00fdch podzimn\u00edch odst\u00ednech a dopl\u0148te je pohodlnou vestou a d\u017e\u00ednami. V\u00fdsledkem bude skv\u011bl\u00fd outfit pln\u00fd pohody a pohodl\u00ed.\u00a0<\/p>\n<\/blockquote>\n\n\n\n<p>Kde ale sh\u00e1n\u011bt podobn\u00e9 mikiny? A\u0165 u\u017e jste fanou\u0161kem jak\u00e9hokoliv stylu, v nep\u0159ebern\u00e9m mno\u017estv\u00ed mikin, je\u017e se\u017eenete na <a href=\"https:\/\/www.bolf.cz\/cze_m_Panska-moda_Panske-mikiny_Mikiny-s-kapuci-837.html\" target=\"_blank\" rel=\"noopener\">tomto webu<\/a>\u00a0si zajist\u00e9 vyberete i vy tu svou. Prohl\u00e9dn\u011bte si\u00a0aktu\u00e1ln\u00ed nab\u00eddku Bolf a dejte mikin\u00e1m zelenou i leto\u0161n\u00ed sezenou.<\/p><br>\n\n\n\n<div class=\"wp-block-media-text is-stacked-on-mobile is-vertically-aligned-top\" style=\"grid-template-columns:24% auto\"><figure class=\"wp-block-media-text__media\"><a href=\"https:\/\/www.mzone.cz\/batoh-do-prace-jak-vybrat-ten-spravny\/\"><img loading=\"lazy\" decoding=\"async\" width=\"1024\" height=\"683\" src=\"https:\/\/www.mzone.cz\/wp-content\/uploads\/2022\/10\/Pansky-batoh.jpg\" alt=\"P\u00e1nsk\u00fd batoh\" class=\"wp-image-38171 size-full\" srcset=\"https:\/\/www.mzone.cz\/wp-content\/uploads\/2022\/10\/Pansky-batoh.jpg 1024w, https:\/\/www.mzone.cz\/wp-content\/uploads\/2022\/10\/Pansky-batoh-300x200.jpg 300w, https:\/\/www.mzone.cz\/wp-content\/uploads\/2022\/10\/Pansky-batoh-768x512.jpg 768w, https:\/\/www.mzone.cz\/wp-content\/uploads\/2022\/10\/Pansky-batoh-18x12.jpg 18w, https:\/\/www.mzone.cz\/wp-content\/uploads\/2022\/10\/Pansky-batoh-800x533.jpg 800w, https:\/\/www.mzone.cz\/wp-content\/uploads\/2022\/10\/Pansky-batoh-400x267.jpg 400w, https:\/\/www.mzone.cz\/wp-content\/uploads\/2022\/10\/Pansky-batoh-500x333.jpg 500w, https:\/\/www.mzone.cz\/wp-content\/uploads\/2022\/10\/Pansky-batoh-590x394.jpg 590w\" sizes=\"auto, (max-width: 1024px) 100vw, 1024px\" \/><\/a><\/figure><div class=\"wp-block-media-text__content\">\n<h4 class=\"wp-block-heading\"><a href=\"https:\/\/www.mzone.cz\/batoh-do-prace-jak-vybrat-ten-spravny\/\">P\u00e1nsk\u00fd batoh do pr\u00e1ce \u2013 Jak vybrat ten spr\u00e1vn\u00fd?<\/a><\/h4><br>\n<\/div><\/div>","protected":false},"excerpt":{"rendered":"<p>Podzim je tady a s n\u00edm p\u0159ich\u00e1z\u00ed ot\u00e1zka, co za\u0159adit do sv\u00e9ho \u0161atn\u00edku, abychom byli p\u0159ipraveni na zm\u011bnu po\u010das\u00ed a klesaj\u00edc\u00ed teploty. Jedn\u00edm z nejobl\u00edben\u011bj\u0161\u00edch a st\u00e1le modern\u00edch kousk\u016f oble\u010den\u00ed pro p\u00e1ny jsou p\u00e1nsk\u00e9 mikiny s kapuc\u00ed. Po jak\u00fdch letos s\u00e1hnout? Prozrad\u00edme v\u00e1m to! Kde se vzaly mikiny a pro\u010d je tolik milujeme?&nbsp; P\u00e1nsk\u00e9 mikiny [&hellip;]<\/p>\n","protected":false},"author":4,"featured_media":41903,"comment_status":"open","ping_status":"closed","sticky":false,"template":"","format":"standard","meta":{"kk_blocks_editor_width":"","_kiokenblocks_attr":"","_kiokenblocks_dimensions":"","footnotes":""},"categories":[28,25,64],"tags":[5994,5992,5993,5450,34,3177,238,630,486,490,572,148,670],"class_list":["post-41901","post","type-post","status-publish","format-standard","has-post-thumbnail","hentry","category-moda-vizaz","category-style","category-trendy","tag-kapuce","tag-mikina","tag-mikina-s-kapuci","tag-mikiny","tag-moda","tag-moda-a-vizaz","tag-muzi","tag-obleceni","tag-podzim","tag-style","tag-tipy","tag-trendy","tag-vyber"],"yoast_head":"<!-- This site is optimized with the Yoast SEO plugin v27.5 - https:\/\/yoast.com\/product\/yoast-seo-wordpress\/ -->\n<title>P\u00e1nsk\u00e9 mikiny s kapuc\u00ed \u2013 nezbytnost podzimu? Zjist\u011bte, jak\u00e9 budou i tuto sez\u00f3nu trendy! - Mzone<\/title>\n<meta name=\"description\" content=\"Podzim je tady a s n\u00edm p\u0159ich\u00e1z\u00ed ot\u00e1zka, co za\u0159adit do sv\u00e9ho \u0161atn\u00edku, abychom byli p\u0159ipraveni na zm\u011bnu po\u010das\u00ed a klesaj\u00edc\u00ed teploty. Jedn\u00edm z nejobl\u00edben\u011bj\u0161\u00edch a st\u00e1le modern\u00edch kousk\u016f oble\u010den\u00ed pro p\u00e1ny jsou p\u00e1nsk\u00e9 mikiny s kapuc\u00ed. Po jak\u00fdch letos s\u00e1hnout? Prozrad\u00edme v\u00e1m to!\" \/>\n<meta name=\"robots\" content=\"index, follow, max-snippet:-1, max-image-preview:large, max-video-preview:-1\" \/>\n<link rel=\"canonical\" href=\"https:\/\/www.mzone.cz\/en\/panske-mikiny-s-kapuci-nezbytnost-podzimu-zjistete-jake-budou-i-tuto-sezonu-trendy\/\" \/>\n<meta property=\"og:locale\" content=\"en_US\" \/>\n<meta property=\"og:type\" content=\"article\" \/>\n<meta property=\"og:title\" content=\"P\u00e1nsk\u00e9 mikiny s kapuc\u00ed \u2013 nezbytnost podzimu? Zjist\u011bte, jak\u00e9 budou i tuto sez\u00f3nu trendy! - Mzone\" \/>\n<meta property=\"og:description\" content=\"Podzim je tady a s n\u00edm p\u0159ich\u00e1z\u00ed ot\u00e1zka, co za\u0159adit do sv\u00e9ho \u0161atn\u00edku, abychom byli p\u0159ipraveni na zm\u011bnu po\u010das\u00ed a klesaj\u00edc\u00ed teploty. Jedn\u00edm z nejobl\u00edben\u011bj\u0161\u00edch a st\u00e1le modern\u00edch kousk\u016f oble\u010den\u00ed pro p\u00e1ny jsou p\u00e1nsk\u00e9 mikiny s kapuc\u00ed. Po jak\u00fdch letos s\u00e1hnout? Prozrad\u00edme v\u00e1m to!\" \/>\n<meta property=\"og:url\" content=\"https:\/\/www.mzone.cz\/en\/panske-mikiny-s-kapuci-nezbytnost-podzimu-zjistete-jake-budou-i-tuto-sezonu-trendy\/\" \/>\n<meta property=\"og:site_name\" content=\"Mzone\" \/>\n<meta property=\"article:publisher\" content=\"https:\/\/www.facebook.com\/MzoneCZ\/\" \/>\n<meta property=\"article:published_time\" content=\"2023-09-07T16:06:35+00:00\" \/>\n<meta property=\"article:modified_time\" content=\"2023-09-07T16:06:45+00:00\" \/>\n<meta property=\"og:image\" content=\"https:\/\/www.mzone.cz\/wp-content\/uploads\/2023\/09\/Panska-mikina-s-kapuci.jpg\" \/>\n\t<meta property=\"og:image:width\" content=\"1086\" \/>\n\t<meta property=\"og:image:height\" content=\"724\" \/>\n\t<meta property=\"og:image:type\" content=\"image\/jpeg\" \/>\n<meta name=\"author\" content=\"Mzone\" \/>\n<meta name=\"twitter:card\" content=\"summary_large_image\" \/>\n<meta name=\"twitter:label1\" content=\"Written by\" \/>\n\t<meta name=\"twitter:data1\" content=\"Mzone\" \/>\n\t<meta name=\"twitter:label2\" content=\"Est. reading time\" \/>\n\t<meta name=\"twitter:data2\" content=\"3 minutes\" \/>\n<script type=\"application\/ld+json\" class=\"yoast-schema-graph\">{\"@context\":\"https:\\\/\\\/schema.org\",\"@graph\":[{\"@type\":\"Article\",\"@id\":\"https:\\\/\\\/www.mzone.cz\\\/panske-mikiny-s-kapuci-nezbytnost-podzimu-zjistete-jake-budou-i-tuto-sezonu-trendy\\\/#article\",\"isPartOf\":{\"@id\":\"https:\\\/\\\/www.mzone.cz\\\/panske-mikiny-s-kapuci-nezbytnost-podzimu-zjistete-jake-budou-i-tuto-sezonu-trendy\\\/\"},\"author\":{\"name\":\"Mzone\",\"@id\":\"https:\\\/\\\/www.mzone.cz\\\/#\\\/schema\\\/person\\\/9bc20cc422a99cac4af6ff9297da32d4\"},\"headline\":\"P\u00e1nsk\u00e9 mikiny s kapuc\u00ed \u2013 nezbytnost podzimu? Zjist\u011bte, jak\u00e9 budou i tuto sez\u00f3nu trendy!\",\"datePublished\":\"2023-09-07T16:06:35+00:00\",\"dateModified\":\"2023-09-07T16:06:45+00:00\",\"mainEntityOfPage\":{\"@id\":\"https:\\\/\\\/www.mzone.cz\\\/panske-mikiny-s-kapuci-nezbytnost-podzimu-zjistete-jake-budou-i-tuto-sezonu-trendy\\\/\"},\"wordCount\":630,\"commentCount\":0,\"image\":{\"@id\":\"https:\\\/\\\/www.mzone.cz\\\/panske-mikiny-s-kapuci-nezbytnost-podzimu-zjistete-jake-budou-i-tuto-sezonu-trendy\\\/#primaryimage\"},\"thumbnailUrl\":\"https:\\\/\\\/www.mzone.cz\\\/wp-content\\\/uploads\\\/2023\\\/09\\\/Panska-mikina-s-kapuci.jpg\",\"keywords\":[\"kapuce\",\"mikina\",\"mikina s kapuc\u00ed\",\"mikiny\",\"M\u00f3da\",\"m\u00f3da a viz\u00e1\u017e\",\"mu\u017ei\",\"oble\u010den\u00ed\",\"podzim\",\"style\",\"tipy\",\"trendy\",\"v\u00fdb\u011br\"],\"articleSection\":[\"M\u00f3da a viz\u00e1\u017e\",\"Style\",\"Trendy\"],\"inLanguage\":\"en-US\",\"potentialAction\":[{\"@type\":\"CommentAction\",\"name\":\"Comment\",\"target\":[\"https:\\\/\\\/www.mzone.cz\\\/panske-mikiny-s-kapuci-nezbytnost-podzimu-zjistete-jake-budou-i-tuto-sezonu-trendy\\\/#respond\"]}]},{\"@type\":\"WebPage\",\"@id\":\"https:\\\/\\\/www.mzone.cz\\\/panske-mikiny-s-kapuci-nezbytnost-podzimu-zjistete-jake-budou-i-tuto-sezonu-trendy\\\/\",\"url\":\"https:\\\/\\\/www.mzone.cz\\\/panske-mikiny-s-kapuci-nezbytnost-podzimu-zjistete-jake-budou-i-tuto-sezonu-trendy\\\/\",\"name\":\"P\u00e1nsk\u00e9 mikiny s kapuc\u00ed \u2013 nezbytnost podzimu? Zjist\u011bte, jak\u00e9 budou i tuto sez\u00f3nu trendy! - Mzone\",\"isPartOf\":{\"@id\":\"https:\\\/\\\/www.mzone.cz\\\/#website\"},\"primaryImageOfPage\":{\"@id\":\"https:\\\/\\\/www.mzone.cz\\\/panske-mikiny-s-kapuci-nezbytnost-podzimu-zjistete-jake-budou-i-tuto-sezonu-trendy\\\/#primaryimage\"},\"image\":{\"@id\":\"https:\\\/\\\/www.mzone.cz\\\/panske-mikiny-s-kapuci-nezbytnost-podzimu-zjistete-jake-budou-i-tuto-sezonu-trendy\\\/#primaryimage\"},\"thumbnailUrl\":\"https:\\\/\\\/www.mzone.cz\\\/wp-content\\\/uploads\\\/2023\\\/09\\\/Panska-mikina-s-kapuci.jpg\",\"datePublished\":\"2023-09-07T16:06:35+00:00\",\"dateModified\":\"2023-09-07T16:06:45+00:00\",\"author\":{\"@id\":\"https:\\\/\\\/www.mzone.cz\\\/#\\\/schema\\\/person\\\/9bc20cc422a99cac4af6ff9297da32d4\"},\"description\":\"Podzim je tady a s n\u00edm p\u0159ich\u00e1z\u00ed ot\u00e1zka, co za\u0159adit do sv\u00e9ho \u0161atn\u00edku, abychom byli p\u0159ipraveni na zm\u011bnu po\u010das\u00ed a klesaj\u00edc\u00ed teploty. Jedn\u00edm z nejobl\u00edben\u011bj\u0161\u00edch a st\u00e1le modern\u00edch kousk\u016f oble\u010den\u00ed pro p\u00e1ny jsou p\u00e1nsk\u00e9 mikiny s kapuc\u00ed. Po jak\u00fdch letos s\u00e1hnout? Prozrad\u00edme v\u00e1m to!\",\"breadcrumb\":{\"@id\":\"https:\\\/\\\/www.mzone.cz\\\/panske-mikiny-s-kapuci-nezbytnost-podzimu-zjistete-jake-budou-i-tuto-sezonu-trendy\\\/#breadcrumb\"},\"inLanguage\":\"en-US\",\"potentialAction\":[{\"@type\":\"ReadAction\",\"target\":[\"https:\\\/\\\/www.mzone.cz\\\/panske-mikiny-s-kapuci-nezbytnost-podzimu-zjistete-jake-budou-i-tuto-sezonu-trendy\\\/\"]}]},{\"@type\":\"ImageObject\",\"inLanguage\":\"en-US\",\"@id\":\"https:\\\/\\\/www.mzone.cz\\\/panske-mikiny-s-kapuci-nezbytnost-podzimu-zjistete-jake-budou-i-tuto-sezonu-trendy\\\/#primaryimage\",\"url\":\"https:\\\/\\\/www.mzone.cz\\\/wp-content\\\/uploads\\\/2023\\\/09\\\/Panska-mikina-s-kapuci.jpg\",\"contentUrl\":\"https:\\\/\\\/www.mzone.cz\\\/wp-content\\\/uploads\\\/2023\\\/09\\\/Panska-mikina-s-kapuci.jpg\",\"width\":1086,\"height\":724,\"caption\":\"P\u00e1nsk\u00e1 mikina s kapuc\u00ed\"},{\"@type\":\"BreadcrumbList\",\"@id\":\"https:\\\/\\\/www.mzone.cz\\\/panske-mikiny-s-kapuci-nezbytnost-podzimu-zjistete-jake-budou-i-tuto-sezonu-trendy\\\/#breadcrumb\",\"itemListElement\":[{\"@type\":\"ListItem\",\"position\":1,\"name\":\"Dom\u016f\",\"item\":\"https:\\\/\\\/www.mzone.cz\\\/\"},{\"@type\":\"ListItem\",\"position\":2,\"name\":\"P\u00e1nsk\u00e9 mikiny s kapuc\u00ed \u2013 nezbytnost podzimu? Zjist\u011bte, jak\u00e9 budou i tuto sez\u00f3nu trendy!\"}]},{\"@type\":\"WebSite\",\"@id\":\"https:\\\/\\\/www.mzone.cz\\\/#website\",\"url\":\"https:\\\/\\\/www.mzone.cz\\\/\",\"name\":\"Mzone\",\"description\":\"Magaz\u00edn nejen pro mu\u017ee\",\"potentialAction\":[{\"@type\":\"SearchAction\",\"target\":{\"@type\":\"EntryPoint\",\"urlTemplate\":\"https:\\\/\\\/www.mzone.cz\\\/?s={search_term_string}\"},\"query-input\":{\"@type\":\"PropertyValueSpecification\",\"valueRequired\":true,\"valueName\":\"search_term_string\"}}],\"inLanguage\":\"en-US\"},{\"@type\":\"Person\",\"@id\":\"https:\\\/\\\/www.mzone.cz\\\/#\\\/schema\\\/person\\\/9bc20cc422a99cac4af6ff9297da32d4\",\"name\":\"Mzone\",\"image\":{\"@type\":\"ImageObject\",\"inLanguage\":\"en-US\",\"@id\":\"https:\\\/\\\/secure.gravatar.com\\\/avatar\\\/e780a8630f3182a3d06dd667ab6bea151a0d155b0951bc15fe22633acdac0676?s=96&d=mm&r=g\",\"url\":\"https:\\\/\\\/secure.gravatar.com\\\/avatar\\\/e780a8630f3182a3d06dd667ab6bea151a0d155b0951bc15fe22633acdac0676?s=96&d=mm&r=g\",\"contentUrl\":\"https:\\\/\\\/secure.gravatar.com\\\/avatar\\\/e780a8630f3182a3d06dd667ab6bea151a0d155b0951bc15fe22633acdac0676?s=96&d=mm&r=g\",\"caption\":\"Mzone\"},\"url\":\"https:\\\/\\\/www.mzone.cz\\\/en\\\/author\\\/jakub\\\/\"}]}<\/script>\n<!-- \/ Yoast SEO plugin. -->","yoast_head_json":{"title":"P\u00e1nsk\u00e9 mikiny s kapuc\u00ed \u2013 nezbytnost podzimu? Zjist\u011bte, jak\u00e9 budou i tuto sez\u00f3nu trendy! - Mzone","description":"Podzim je tady a s n\u00edm p\u0159ich\u00e1z\u00ed ot\u00e1zka, co za\u0159adit do sv\u00e9ho \u0161atn\u00edku, abychom byli p\u0159ipraveni na zm\u011bnu po\u010das\u00ed a klesaj\u00edc\u00ed teploty. Jedn\u00edm z nejobl\u00edben\u011bj\u0161\u00edch a st\u00e1le modern\u00edch kousk\u016f oble\u010den\u00ed pro p\u00e1ny jsou p\u00e1nsk\u00e9 mikiny s kapuc\u00ed. Po jak\u00fdch letos s\u00e1hnout? Prozrad\u00edme v\u00e1m to!","robots":{"index":"index","follow":"follow","max-snippet":"max-snippet:-1","max-image-preview":"max-image-preview:large","max-video-preview":"max-video-preview:-1"},"canonical":"https:\/\/www.mzone.cz\/en\/panske-mikiny-s-kapuci-nezbytnost-podzimu-zjistete-jake-budou-i-tuto-sezonu-trendy\/","og_locale":"en_US","og_type":"article","og_title":"P\u00e1nsk\u00e9 mikiny s kapuc\u00ed \u2013 nezbytnost podzimu? Zjist\u011bte, jak\u00e9 budou i tuto sez\u00f3nu trendy! - Mzone","og_description":"Podzim je tady a s n\u00edm p\u0159ich\u00e1z\u00ed ot\u00e1zka, co za\u0159adit do sv\u00e9ho \u0161atn\u00edku, abychom byli p\u0159ipraveni na zm\u011bnu po\u010das\u00ed a klesaj\u00edc\u00ed teploty. Jedn\u00edm z nejobl\u00edben\u011bj\u0161\u00edch a st\u00e1le modern\u00edch kousk\u016f oble\u010den\u00ed pro p\u00e1ny jsou p\u00e1nsk\u00e9 mikiny s kapuc\u00ed. Po jak\u00fdch letos s\u00e1hnout? Prozrad\u00edme v\u00e1m to!","og_url":"https:\/\/www.mzone.cz\/en\/panske-mikiny-s-kapuci-nezbytnost-podzimu-zjistete-jake-budou-i-tuto-sezonu-trendy\/","og_site_name":"Mzone","article_publisher":"https:\/\/www.facebook.com\/MzoneCZ\/","article_published_time":"2023-09-07T16:06:35+00:00","article_modified_time":"2023-09-07T16:06:45+00:00","og_image":[{"width":1086,"height":724,"url":"https:\/\/www.mzone.cz\/wp-content\/uploads\/2023\/09\/Panska-mikina-s-kapuci.jpg","type":"image\/jpeg"}],"author":"Mzone","twitter_card":"summary_large_image","twitter_misc":{"Written by":"Mzone","Est. reading time":"3 minutes"},"schema":{"@context":"https:\/\/schema.org","@graph":[{"@type":"Article","@id":"https:\/\/www.mzone.cz\/panske-mikiny-s-kapuci-nezbytnost-podzimu-zjistete-jake-budou-i-tuto-sezonu-trendy\/#article","isPartOf":{"@id":"https:\/\/www.mzone.cz\/panske-mikiny-s-kapuci-nezbytnost-podzimu-zjistete-jake-budou-i-tuto-sezonu-trendy\/"},"author":{"name":"Mzone","@id":"https:\/\/www.mzone.cz\/#\/schema\/person\/9bc20cc422a99cac4af6ff9297da32d4"},"headline":"P\u00e1nsk\u00e9 mikiny s kapuc\u00ed \u2013 nezbytnost podzimu? Zjist\u011bte, jak\u00e9 budou i tuto sez\u00f3nu trendy!","datePublished":"2023-09-07T16:06:35+00:00","dateModified":"2023-09-07T16:06:45+00:00","mainEntityOfPage":{"@id":"https:\/\/www.mzone.cz\/panske-mikiny-s-kapuci-nezbytnost-podzimu-zjistete-jake-budou-i-tuto-sezonu-trendy\/"},"wordCount":630,"commentCount":0,"image":{"@id":"https:\/\/www.mzone.cz\/panske-mikiny-s-kapuci-nezbytnost-podzimu-zjistete-jake-budou-i-tuto-sezonu-trendy\/#primaryimage"},"thumbnailUrl":"https:\/\/www.mzone.cz\/wp-content\/uploads\/2023\/09\/Panska-mikina-s-kapuci.jpg","keywords":["kapuce","mikina","mikina s kapuc\u00ed","mikiny","M\u00f3da","m\u00f3da a viz\u00e1\u017e","mu\u017ei","oble\u010den\u00ed","podzim","style","tipy","trendy","v\u00fdb\u011br"],"articleSection":["M\u00f3da a viz\u00e1\u017e","Style","Trendy"],"inLanguage":"en-US","potentialAction":[{"@type":"CommentAction","name":"Comment","target":["https:\/\/www.mzone.cz\/panske-mikiny-s-kapuci-nezbytnost-podzimu-zjistete-jake-budou-i-tuto-sezonu-trendy\/#respond"]}]},{"@type":"WebPage","@id":"https:\/\/www.mzone.cz\/panske-mikiny-s-kapuci-nezbytnost-podzimu-zjistete-jake-budou-i-tuto-sezonu-trendy\/","url":"https:\/\/www.mzone.cz\/panske-mikiny-s-kapuci-nezbytnost-podzimu-zjistete-jake-budou-i-tuto-sezonu-trendy\/","name":"P\u00e1nsk\u00e9 mikiny s kapuc\u00ed \u2013 nezbytnost podzimu? Zjist\u011bte, jak\u00e9 budou i tuto sez\u00f3nu trendy! - Mzone","isPartOf":{"@id":"https:\/\/www.mzone.cz\/#website"},"primaryImageOfPage":{"@id":"https:\/\/www.mzone.cz\/panske-mikiny-s-kapuci-nezbytnost-podzimu-zjistete-jake-budou-i-tuto-sezonu-trendy\/#primaryimage"},"image":{"@id":"https:\/\/www.mzone.cz\/panske-mikiny-s-kapuci-nezbytnost-podzimu-zjistete-jake-budou-i-tuto-sezonu-trendy\/#primaryimage"},"thumbnailUrl":"https:\/\/www.mzone.cz\/wp-content\/uploads\/2023\/09\/Panska-mikina-s-kapuci.jpg","datePublished":"2023-09-07T16:06:35+00:00","dateModified":"2023-09-07T16:06:45+00:00","author":{"@id":"https:\/\/www.mzone.cz\/#\/schema\/person\/9bc20cc422a99cac4af6ff9297da32d4"},"description":"Podzim je tady a s n\u00edm p\u0159ich\u00e1z\u00ed ot\u00e1zka, co za\u0159adit do sv\u00e9ho \u0161atn\u00edku, abychom byli p\u0159ipraveni na zm\u011bnu po\u010das\u00ed a klesaj\u00edc\u00ed teploty. Jedn\u00edm z nejobl\u00edben\u011bj\u0161\u00edch a st\u00e1le modern\u00edch kousk\u016f oble\u010den\u00ed pro p\u00e1ny jsou p\u00e1nsk\u00e9 mikiny s kapuc\u00ed. Po jak\u00fdch letos s\u00e1hnout? Prozrad\u00edme v\u00e1m to!","breadcrumb":{"@id":"https:\/\/www.mzone.cz\/panske-mikiny-s-kapuci-nezbytnost-podzimu-zjistete-jake-budou-i-tuto-sezonu-trendy\/#breadcrumb"},"inLanguage":"en-US","potentialAction":[{"@type":"ReadAction","target":["https:\/\/www.mzone.cz\/panske-mikiny-s-kapuci-nezbytnost-podzimu-zjistete-jake-budou-i-tuto-sezonu-trendy\/"]}]},{"@type":"ImageObject","inLanguage":"en-US","@id":"https:\/\/www.mzone.cz\/panske-mikiny-s-kapuci-nezbytnost-podzimu-zjistete-jake-budou-i-tuto-sezonu-trendy\/#primaryimage","url":"https:\/\/www.mzone.cz\/wp-content\/uploads\/2023\/09\/Panska-mikina-s-kapuci.jpg","contentUrl":"https:\/\/www.mzone.cz\/wp-content\/uploads\/2023\/09\/Panska-mikina-s-kapuci.jpg","width":1086,"height":724,"caption":"P\u00e1nsk\u00e1 mikina s kapuc\u00ed"},{"@type":"BreadcrumbList","@id":"https:\/\/www.mzone.cz\/panske-mikiny-s-kapuci-nezbytnost-podzimu-zjistete-jake-budou-i-tuto-sezonu-trendy\/#breadcrumb","itemListElement":[{"@type":"ListItem","position":1,"name":"Dom\u016f","item":"https:\/\/www.mzone.cz\/"},{"@type":"ListItem","position":2,"name":"P\u00e1nsk\u00e9 mikiny s kapuc\u00ed \u2013 nezbytnost podzimu? Zjist\u011bte, jak\u00e9 budou i tuto sez\u00f3nu trendy!"}]},{"@type":"WebSite","@id":"https:\/\/www.mzone.cz\/#website","url":"https:\/\/www.mzone.cz\/","name":"Mzone","description":"Magaz\u00edn nejen pro mu\u017ee","potentialAction":[{"@type":"SearchAction","target":{"@type":"EntryPoint","urlTemplate":"https:\/\/www.mzone.cz\/?s={search_term_string}"},"query-input":{"@type":"PropertyValueSpecification","valueRequired":true,"valueName":"search_term_string"}}],"inLanguage":"en-US"},{"@type":"Person","@id":"https:\/\/www.mzone.cz\/#\/schema\/person\/9bc20cc422a99cac4af6ff9297da32d4","name":"Mzone","image":{"@type":"ImageObject","inLanguage":"en-US","@id":"https:\/\/secure.gravatar.com\/avatar\/e780a8630f3182a3d06dd667ab6bea151a0d155b0951bc15fe22633acdac0676?s=96&d=mm&r=g","url":"https:\/\/secure.gravatar.com\/avatar\/e780a8630f3182a3d06dd667ab6bea151a0d155b0951bc15fe22633acdac0676?s=96&d=mm&r=g","contentUrl":"https:\/\/secure.gravatar.com\/avatar\/e780a8630f3182a3d06dd667ab6bea151a0d155b0951bc15fe22633acdac0676?s=96&d=mm&r=g","caption":"Mzone"},"url":"https:\/\/www.mzone.cz\/en\/author\/jakub\/"}]}},"_links":{"self":[{"href":"https:\/\/www.mzone.cz\/en\/wp-json\/wp\/v2\/posts\/41901","targetHints":{"allow":["GET"]}}],"collection":[{"href":"https:\/\/www.mzone.cz\/en\/wp-json\/wp\/v2\/posts"}],"about":[{"href":"https:\/\/www.mzone.cz\/en\/wp-json\/wp\/v2\/types\/post"}],"author":[{"embeddable":true,"href":"https:\/\/www.mzone.cz\/en\/wp-json\/wp\/v2\/users\/4"}],"replies":[{"embeddable":true,"href":"https:\/\/www.mzone.cz\/en\/wp-json\/wp\/v2\/comments?post=41901"}],"version-history":[{"count":8,"href":"https:\/\/www.mzone.cz\/en\/wp-json\/wp\/v2\/posts\/41901\/revisions"}],"predecessor-version":[{"id":41910,"href":"https:\/\/www.mzone.cz\/en\/wp-json\/wp\/v2\/posts\/41901\/revisions\/41910"}],"wp:featuredmedia":[{"embeddable":true,"href":"https:\/\/www.mzone.cz\/en\/wp-json\/wp\/v2\/media\/41903"}],"wp:attachment":[{"href":"https:\/\/www.mzone.cz\/en\/wp-json\/wp\/v2\/media?parent=41901"}],"wp:term":[{"taxonomy":"category","embeddable":true,"href":"https:\/\/www.mzone.cz\/en\/wp-json\/wp\/v2\/categories?post=41901"},{"taxonomy":"post_tag","embeddable":true,"href":"https:\/\/www.mzone.cz\/en\/wp-json\/wp\/v2\/tags?post=41901"}],"curies":[{"name":"wp","href":"https:\/\/api.w.org\/{rel}","templated":true}]}}