{"id":41927,"date":"2023-09-11T18:19:04","date_gmt":"2023-09-11T16:19:04","guid":{"rendered":"https:\/\/www.mzone.cz\/?p=41927"},"modified":"2023-09-11T18:19:28","modified_gmt":"2023-09-11T16:19:28","slug":"sest-hodin-fuji-titul-svetoveho-sampiona-pro-tym-toyoty-po-vitezstvi-v-zavodu-fuji","status":"publish","type":"post","link":"https:\/\/www.mzone.cz\/en\/sest-hodin-fuji-titul-svetoveho-sampiona-pro-tym-toyoty-po-vitezstvi-v-zavodu-fuji\/","title":{"rendered":"\u0160est hodin Fuji: Titul sv\u011btov\u00e9ho \u0161ampiona pro t\u00fdm Toyoty po v\u00edt\u011bzstv\u00ed v z\u00e1vodu Fuji"},"content":{"rendered":"<p><strong>T\u00fdm Toyota Gazoo Racing si v nap\u00ednav\u00e9m z\u00e1vodu \u0160est hodin Fuji na dom\u00e1c\u00ed p\u016fd\u011b dojel pro prvn\u00ed dv\u011b m\u00edsta, \u010d\u00edm\u017e si v p\u0159edposledn\u00edm kole sv\u011btov\u00e9ho \u0161ampion\u00e1tu vytrvalostn\u00edch sout\u011b\u017e\u00ed FIA 2023 zajistil titul mistra sv\u011bta mezi tov\u00e1rn\u00edmi t\u00fdmy.<\/strong><\/p><br>\n\n\n\n<p>Mike Conway, Kamui Kobaja\u0161i a Jos\u00e9 Mar\u00eda L\u00f3pez s vozem GR010 Hybrid \u010d. 7 v impozantn\u00edm souboji hypercar\u016f zv\u00edt\u011bzili nad pos\u00e1dkou Porsche, z\u00edskali maxim\u00e1ln\u00ed bodov\u00fd p\u0159\u00edd\u011bl, a potvrdili tak p\u00e1t\u00fd mistrovsk\u00fd titul t\u00fdmu Toyota Gazoo Racing ve sv\u011btov\u00e9m \u0161ampion\u00e1tu zna\u010dek.<\/p>\n\n\n\n<blockquote class=\"wp-block-quote is-layout-flow wp-block-quote-is-layout-flow\">\n<p>S\u00e9bastien Buemi, Brendon Hartley a Ryo Hirakawa s vozem GR010 Hybrid \u010d. 8 p\u0159ed davem 54 700 fanou\u0161k\u016f zavr\u0161ili pro Toyotu dokonal\u00fd v\u00fdsledek v podob\u011b druh\u00e9ho m\u00edsta s odstupem pouh\u00fdch 39,119 s.<\/p>\n<\/blockquote>\n\n\n\n<p>Vzhledem ke \u010dtvrt\u00e9mu v\u00edt\u011bzstv\u00ed vozu \u010d. 7 v roce 2023 je sv\u011btov\u00fd \u0161ampion\u00e1t sout\u011b\u017en\u00edch jezdc\u016f p\u0159ed sedm\u00fdm a posledn\u00edm kolem st\u00e1le otev\u0159en\u00fd, nebo\u0165 pos\u00e1dka osmi\u010dky nyn\u00ed vede s n\u00e1skokem 15 bod\u016f, p\u0159i\u010dem\u017e na jezdce st\u00e1le \u010dek\u00e1 bodov\u00fd zisk a\u017e 39 bod\u016f.<\/p><br>\n\n\n\n<figure class=\"wp-block-image size-large\"><img loading=\"lazy\" decoding=\"async\" width=\"1024\" height=\"682\" src=\"https:\/\/www.mzone.cz\/wp-content\/uploads\/2023\/09\/wec001_27-1024x682.jpg\" alt=\"\u0160est hodin Fuji\" class=\"wp-image-41931\" srcset=\"https:\/\/www.mzone.cz\/wp-content\/uploads\/2023\/09\/wec001_27-1024x682.jpg 1024w, https:\/\/www.mzone.cz\/wp-content\/uploads\/2023\/09\/wec001_27-300x200.jpg 300w, https:\/\/www.mzone.cz\/wp-content\/uploads\/2023\/09\/wec001_27-768x512.jpg 768w, https:\/\/www.mzone.cz\/wp-content\/uploads\/2023\/09\/wec001_27-18x12.jpg 18w, https:\/\/www.mzone.cz\/wp-content\/uploads\/2023\/09\/wec001_27-800x533.jpg 800w, https:\/\/www.mzone.cz\/wp-content\/uploads\/2023\/09\/wec001_27-400x267.jpg 400w, https:\/\/www.mzone.cz\/wp-content\/uploads\/2023\/09\/wec001_27-500x333.jpg 500w, https:\/\/www.mzone.cz\/wp-content\/uploads\/2023\/09\/wec001_27-1170x780.jpg 1170w, https:\/\/www.mzone.cz\/wp-content\/uploads\/2023\/09\/wec001_27-590x393.jpg 590w, https:\/\/www.mzone.cz\/wp-content\/uploads\/2023\/09\/wec001_27.jpg 1280w\" sizes=\"auto, (max-width: 1024px) 100vw, 1024px\" \/><\/figure><br>\n\n\n\n<p>Prvn\u00ed dv\u011b m\u00edsta po zaji\u0161t\u011bn\u00ed prvn\u00ed startovn\u00ed \u0159ady v kvalifikac\u00edch rozhodn\u011b neodr\u00e1\u017e\u00ed cel\u00fd p\u0159\u00edb\u011bh stoj\u00edc\u00ed za neuv\u011b\u0159iteln\u011b t\u011bsn\u00fdm soubojem na \u010dele, kdy byly vozy Toyoty nuceny propl\u00e9tat se sout\u011b\u017en\u00edm polem a\u017e do p\u00e1t\u00e9 hodiny z\u00e1vodu, ne\u017e se kone\u010dn\u011b ujaly veden\u00ed.<\/p>\n\n\n\n<blockquote class=\"wp-block-quote is-layout-flow wp-block-quote-is-layout-flow\">\n<p>Mike se po startu propadl na t\u0159et\u00ed m\u00edsto, zat\u00edmco S\u00e9bastien po st\u0159etu s vozem Ferrari \u010d. 50 v chaotick\u00e9 situaci v prvn\u00ed zat\u00e1\u010dce skon\u010dil a\u017e na \u0161est\u00e9m m\u00edst\u011b sout\u011b\u017en\u00edho pole. Kdy\u017e byl po v\u00fdjezdu safety caru hned v prvn\u00edm kole z\u00e1vod obnoven, Mike p\u0159i souboji o druhou pozici nucen\u011b opustil tra\u0165 a propadl se na \u010dtvrt\u00e9 m\u00edsto, zat\u00edmco S\u00e9bastien p\u0159edjet\u00edm Cadillacu \u010d. 2 z\u00edskal p\u00e1tou pozici.<\/p>\n<\/blockquote>\n\n\n\n<p>Ze vzru\u0161uj\u00edc\u00edho souboje t\u00fdm\u016f Toyota Gazoo Racing a Ferrari, favorit\u016f na titul sv\u011btov\u00e9ho \u0161ampiona, vze\u0161ly v\u00edt\u011bzn\u011b vozy GR010 Hybrid. Mike a S\u00e9bastien se probojovali p\u0159es dvojici voz\u016f Ferrari, a kdy\u017e vedouc\u00ed \u0161estka Porsche po prvn\u00ed hodin\u011b zaj\u00ed\u017ed\u011bla do box\u016f natankovat, v\u016fz \u010d. 7 vedl p\u0159ed osmi\u010dkou.<\/p><br>\n\n\n\n<figure class=\"wp-block-image size-large\"><img loading=\"lazy\" decoding=\"async\" width=\"1024\" height=\"682\" src=\"https:\/\/www.mzone.cz\/wp-content\/uploads\/2023\/09\/wec00327-1024x682.jpg\" alt=\"\u0160est hodin Fuji\" class=\"wp-image-41934\" srcset=\"https:\/\/www.mzone.cz\/wp-content\/uploads\/2023\/09\/wec00327-1024x682.jpg 1024w, https:\/\/www.mzone.cz\/wp-content\/uploads\/2023\/09\/wec00327-300x200.jpg 300w, https:\/\/www.mzone.cz\/wp-content\/uploads\/2023\/09\/wec00327-768x512.jpg 768w, https:\/\/www.mzone.cz\/wp-content\/uploads\/2023\/09\/wec00327-18x12.jpg 18w, https:\/\/www.mzone.cz\/wp-content\/uploads\/2023\/09\/wec00327-800x533.jpg 800w, https:\/\/www.mzone.cz\/wp-content\/uploads\/2023\/09\/wec00327-400x267.jpg 400w, https:\/\/www.mzone.cz\/wp-content\/uploads\/2023\/09\/wec00327-500x333.jpg 500w, https:\/\/www.mzone.cz\/wp-content\/uploads\/2023\/09\/wec00327-1170x780.jpg 1170w, https:\/\/www.mzone.cz\/wp-content\/uploads\/2023\/09\/wec00327-590x393.jpg 590w, https:\/\/www.mzone.cz\/wp-content\/uploads\/2023\/09\/wec00327.jpg 1280w\" sizes=\"auto, (max-width: 1024px) 100vw, 1024px\" \/><\/figure><br>\n\n\n\n<p>Tlak na \u010dele vzrostl po prvn\u00ed v\u00fdm\u011bn\u011b jezdc\u016f p\u0159ibli\u017en\u011b po dvou hodin\u00e1ch z\u00e1vodu. Jos\u00e9 okam\u017eit\u011b zajel nejrychlej\u0161\u00ed kolo z\u00e1vodu a b\u011bhem sv\u00e9ho nap\u00ednav\u00e9ho \u00faseku se t\u011bsn\u011b p\u0159ibl\u00ed\u017eil k Porsche \u010d. 6, zat\u00edmco zezadu se p\u0159ibli\u017eoval Ryo s osmi\u010dkou na t\u0159et\u00ed pozici.<\/p>\n\n\n\n<blockquote class=\"wp-block-quote is-layout-flow wp-block-quote-is-layout-flow\">\n<p>Jos\u00e9 ne\u00fanavn\u011b \u010dekal na p\u0159\u00edle\u017eitost k p\u0159edjet\u00ed vedouc\u00ed vozu a brzy d\u00edky s\u00e9rii velmi rychl\u00fdch kol s Ryem za volantem d\u011blila prvn\u00ed trojici voz\u016f pouh\u00e1 sekunda; n\u00e1sledn\u011b Ryo p\u0159ekonal i Jos\u00e9ho a v z\u00e1v\u011bru \u010dtvrt\u00e9 hodiny z\u00e1vodu se sv\u00fdm odv\u00e1\u017en\u00fdm man\u00e9vrem ujal veden\u00ed.<\/p>\n<\/blockquote>\n\n\n\n<p>O n\u011bkolik minut pozd\u011bji po posledn\u00ed v\u00fdm\u011bn\u011b jezdc\u016f se veden\u00ed ujal Brendon, zat\u00edmco Kamui v z\u00e1v\u011bsu jel na druh\u00e9m m\u00edst\u011b. Kamui vedl nejrychlej\u0161\u00ed v\u016fz na trati, rychle se chopil veden\u00ed, a je\u0161t\u011b zv\u00fd\u0161il n\u00e1skok p\u0159ed Brendonem, kter\u00fd v posledn\u00ed hodin\u011b z\u00e1vodu odr\u00e1\u017eel kr\u00e1tk\u00fd tlak Porsche \u010d. 6.<\/p><br>\n\n\n\n<figure class=\"wp-block-image size-large\"><img loading=\"lazy\" decoding=\"async\" width=\"1024\" height=\"682\" src=\"https:\/\/www.mzone.cz\/wp-content\/uploads\/2023\/09\/wec008_17-1024x682.jpg\" alt=\"Z\u00e1vod \u0160est hodin Fuji\" class=\"wp-image-41936\" srcset=\"https:\/\/www.mzone.cz\/wp-content\/uploads\/2023\/09\/wec008_17-1024x682.jpg 1024w, https:\/\/www.mzone.cz\/wp-content\/uploads\/2023\/09\/wec008_17-300x200.jpg 300w, https:\/\/www.mzone.cz\/wp-content\/uploads\/2023\/09\/wec008_17-768x512.jpg 768w, https:\/\/www.mzone.cz\/wp-content\/uploads\/2023\/09\/wec008_17-18x12.jpg 18w, https:\/\/www.mzone.cz\/wp-content\/uploads\/2023\/09\/wec008_17-800x533.jpg 800w, https:\/\/www.mzone.cz\/wp-content\/uploads\/2023\/09\/wec008_17-400x267.jpg 400w, https:\/\/www.mzone.cz\/wp-content\/uploads\/2023\/09\/wec008_17-500x333.jpg 500w, https:\/\/www.mzone.cz\/wp-content\/uploads\/2023\/09\/wec008_17-1170x780.jpg 1170w, https:\/\/www.mzone.cz\/wp-content\/uploads\/2023\/09\/wec008_17-590x393.jpg 590w, https:\/\/www.mzone.cz\/wp-content\/uploads\/2023\/09\/wec008_17.jpg 1280w\" sizes=\"auto, (max-width: 1024px) 100vw, 1024px\" \/><\/figure><br>\n\n\n\n<p>Posledn\u00ed \u010d\u00e1st z\u00e1vodu kontroloval Kamui, jen\u017e po 229 kolech projel c\u00edlem za m\u00e1v\u00e1n\u00ed \u0161achovnicov\u00fdm praporkem, \u010d\u00edm\u017e potvrdil dev\u00e1t\u00e9 v\u00edt\u011bzstv\u00ed t\u00fdmu Toyoty z 10 z\u00e1vod\u016f na okruhu Fuji Speedway a sou\u010dasn\u011b prodlou\u017eil zdej\u0161\u00ed v\u00edt\u011bznou s\u00e9rii t\u00fdmu, sahaj\u00edc\u00ed a\u017e do roku 2016. Brendon s osmi\u010dkou projel c\u00edlovou rovinkou na druh\u00e9m m\u00edst\u011b.<\/p><br>\n\n\n\n<p>K oslav\u011b t\u011b\u017ece nabyt\u00e9ho v\u00edt\u011bzstv\u00ed a mistrovsk\u00e9ho titulu na stupn\u00edch v\u00edt\u011bz\u016f se p\u0159ipojil i Koji Sato, prezident Toyoty a p\u0159edseda t\u00fdmu Toyota Gazoo Racing Europe, jen\u017e m\u011bl tento v\u00edkend veden\u00ed t\u00fdmu na starosti. Sez\u00f3nu uzav\u0159e 4. listopadu <a href=\"https:\/\/www.fiawec.com\/en\/race\/show\/4795\" target=\"_blank\" rel=\"noopener\">z\u00e1vod 8 hodin Bahrajnu<\/a>.<\/p><br>\n\n\n\n<div class=\"wp-block-media-text is-stacked-on-mobile is-vertically-aligned-top\" style=\"grid-template-columns:29% auto\"><figure class=\"wp-block-media-text__media\"><a href=\"https:\/\/www.mzone.cz\/toyota-v-le-mans-odhalila-zavodni-koncept-vozu-s-vodikovym-spalovacim-motorem\/\"><img loading=\"lazy\" decoding=\"async\" width=\"1024\" height=\"682\" src=\"https:\/\/www.mzone.cz\/wp-content\/uploads\/2023\/06\/Toyota-GR-H2-Racing-Concept-1024x682.jpg\" alt=\"Toyota GR H2 Racing Concept\" class=\"wp-image-40887 size-full\" srcset=\"https:\/\/www.mzone.cz\/wp-content\/uploads\/2023\/06\/Toyota-GR-H2-Racing-Concept-1024x682.jpg 1024w, https:\/\/www.mzone.cz\/wp-content\/uploads\/2023\/06\/Toyota-GR-H2-Racing-Concept-300x200.jpg 300w, https:\/\/www.mzone.cz\/wp-content\/uploads\/2023\/06\/Toyota-GR-H2-Racing-Concept-768x512.jpg 768w, https:\/\/www.mzone.cz\/wp-content\/uploads\/2023\/06\/Toyota-GR-H2-Racing-Concept-18x12.jpg 18w, https:\/\/www.mzone.cz\/wp-content\/uploads\/2023\/06\/Toyota-GR-H2-Racing-Concept-800x533.jpg 800w, https:\/\/www.mzone.cz\/wp-content\/uploads\/2023\/06\/Toyota-GR-H2-Racing-Concept-400x267.jpg 400w, https:\/\/www.mzone.cz\/wp-content\/uploads\/2023\/06\/Toyota-GR-H2-Racing-Concept-500x333.jpg 500w, https:\/\/www.mzone.cz\/wp-content\/uploads\/2023\/06\/Toyota-GR-H2-Racing-Concept-1170x780.jpg 1170w, https:\/\/www.mzone.cz\/wp-content\/uploads\/2023\/06\/Toyota-GR-H2-Racing-Concept-590x393.jpg 590w, https:\/\/www.mzone.cz\/wp-content\/uploads\/2023\/06\/Toyota-GR-H2-Racing-Concept.jpg 1202w\" sizes=\"auto, (max-width: 1024px) 100vw, 1024px\" \/><\/a><\/figure><div class=\"wp-block-media-text__content\">\n<h4 class=\"wp-block-heading\"><a href=\"https:\/\/www.mzone.cz\/toyota-v-le-mans-odhalila-zavodni-koncept-vozu-s-vodikovym-spalovacim-motorem\/\">Toyota v Le Mans odhalila z\u00e1vodn\u00ed koncept vozu s vod\u00edkov\u00fdm spalovac\u00edm motorem<\/a><\/h4><br>\n<\/div><\/div>","protected":false},"excerpt":{"rendered":"<p>T\u00fdm Toyota Gazoo Racing si v nap\u00ednav\u00e9m z\u00e1vodu \u0160est hodin Fuji na dom\u00e1c\u00ed p\u016fd\u011b dojel pro prvn\u00ed dv\u011b m\u00edsta, \u010d\u00edm\u017e si v p\u0159edposledn\u00edm kole sv\u011btov\u00e9ho \u0161ampion\u00e1tu vytrvalostn\u00edch sout\u011b\u017e\u00ed FIA 2023 zajistil titul mistra sv\u011bta mezi tov\u00e1rn\u00edmi t\u00fdmy. Mike Conway, Kamui Kobaja\u0161i a Jos\u00e9 Mar\u00eda L\u00f3pez s vozem GR010 Hybrid \u010d. 7 v impozantn\u00edm souboji hypercar\u016f [&hellip;]<\/p>\n","protected":false},"author":4,"featured_media":41929,"comment_status":"open","ping_status":"closed","sticky":false,"template":"","format":"standard","meta":{"kk_blocks_editor_width":"","_kiokenblocks_attr":"","_kiokenblocks_dimensions":"","footnotes":""},"categories":[69,80],"tags":[585,82,462,3934,3258,5995,273,636,5996,42,2216,687,2954,1136,735,2907,102],"class_list":["post-41927","post","type-post","status-publish","format-standard","has-post-thumbnail","hentry","category-auto-moto","category-sport","tag-auta","tag-auto","tag-auto-moto","tag-fia","tag-fuji","tag-hypercar","tag-japonsko","tag-motorsport","tag-sest-hodin-fuji","tag-sport","tag-titul","tag-toyota","tag-toyota-gazoo-racing","tag-vitezstvi","tag-zavod","tag-zavodni-vozy","tag-zavody"],"yoast_head":"<!-- This site is optimized with the Yoast SEO plugin v27.5 - https:\/\/yoast.com\/product\/yoast-seo-wordpress\/ -->\n<title>\u0160est hodin Fuji: Titul sv\u011btov\u00e9ho \u0161ampiona pro t\u00fdm Toyoty po v\u00edt\u011bzstv\u00ed v z\u00e1vodu Fuji - Mzone<\/title>\n<meta name=\"description\" content=\"T\u00fdm Toyota Gazoo Racing si v nap\u00ednav\u00e9m z\u00e1vodu \u0160est hodin Fuji na dom\u00e1c\u00ed p\u016fd\u011b dojel pro prvn\u00ed dv\u011b m\u00edsta, \u010d\u00edm\u017e si v p\u0159edposledn\u00edm kole sv\u011btov\u00e9ho \u0161ampion\u00e1tu vytrvalostn\u00edch sout\u011b\u017e\u00ed FIA 2023 zajistil titul mistra sv\u011bta mezi tov\u00e1rn\u00edmi t\u00fdmy.\" \/>\n<meta name=\"robots\" content=\"index, follow, max-snippet:-1, max-image-preview:large, max-video-preview:-1\" \/>\n<link rel=\"canonical\" href=\"https:\/\/www.mzone.cz\/en\/sest-hodin-fuji-titul-svetoveho-sampiona-pro-tym-toyoty-po-vitezstvi-v-zavodu-fuji\/\" \/>\n<meta property=\"og:locale\" content=\"en_US\" \/>\n<meta property=\"og:type\" content=\"article\" \/>\n<meta property=\"og:title\" content=\"\u0160est hodin Fuji: Titul sv\u011btov\u00e9ho \u0161ampiona pro t\u00fdm Toyoty po v\u00edt\u011bzstv\u00ed v z\u00e1vodu Fuji - Mzone\" \/>\n<meta property=\"og:description\" content=\"T\u00fdm Toyota Gazoo Racing si v nap\u00ednav\u00e9m z\u00e1vodu \u0160est hodin Fuji na dom\u00e1c\u00ed p\u016fd\u011b dojel pro prvn\u00ed dv\u011b m\u00edsta, \u010d\u00edm\u017e si v p\u0159edposledn\u00edm kole sv\u011btov\u00e9ho \u0161ampion\u00e1tu vytrvalostn\u00edch sout\u011b\u017e\u00ed FIA 2023 zajistil titul mistra sv\u011bta mezi tov\u00e1rn\u00edmi t\u00fdmy.\" \/>\n<meta property=\"og:url\" content=\"https:\/\/www.mzone.cz\/en\/sest-hodin-fuji-titul-svetoveho-sampiona-pro-tym-toyoty-po-vitezstvi-v-zavodu-fuji\/\" \/>\n<meta property=\"og:site_name\" content=\"Mzone\" \/>\n<meta property=\"article:publisher\" content=\"https:\/\/www.facebook.com\/MzoneCZ\/\" \/>\n<meta property=\"article:published_time\" content=\"2023-09-11T16:19:04+00:00\" \/>\n<meta property=\"article:modified_time\" content=\"2023-09-11T16:19:28+00:00\" \/>\n<meta property=\"og:image\" content=\"https:\/\/www.mzone.cz\/wp-content\/uploads\/2023\/09\/Sest-hodin-Fuji.jpg\" \/>\n\t<meta property=\"og:image:width\" content=\"1155\" \/>\n\t<meta property=\"og:image:height\" content=\"770\" \/>\n\t<meta property=\"og:image:type\" content=\"image\/jpeg\" \/>\n<meta name=\"author\" content=\"Mzone\" \/>\n<meta name=\"twitter:card\" content=\"summary_large_image\" \/>\n<meta name=\"twitter:label1\" content=\"Written by\" \/>\n\t<meta name=\"twitter:data1\" content=\"Mzone\" \/>\n\t<meta name=\"twitter:label2\" content=\"Est. reading time\" \/>\n\t<meta name=\"twitter:data2\" content=\"3 minutes\" \/>\n<script type=\"application\/ld+json\" class=\"yoast-schema-graph\">{\"@context\":\"https:\\\/\\\/schema.org\",\"@graph\":[{\"@type\":\"Article\",\"@id\":\"https:\\\/\\\/www.mzone.cz\\\/sest-hodin-fuji-titul-svetoveho-sampiona-pro-tym-toyoty-po-vitezstvi-v-zavodu-fuji\\\/#article\",\"isPartOf\":{\"@id\":\"https:\\\/\\\/www.mzone.cz\\\/sest-hodin-fuji-titul-svetoveho-sampiona-pro-tym-toyoty-po-vitezstvi-v-zavodu-fuji\\\/\"},\"author\":{\"name\":\"Mzone\",\"@id\":\"https:\\\/\\\/www.mzone.cz\\\/#\\\/schema\\\/person\\\/9bc20cc422a99cac4af6ff9297da32d4\"},\"headline\":\"\u0160est hodin Fuji: Titul sv\u011btov\u00e9ho \u0161ampiona pro t\u00fdm Toyoty po v\u00edt\u011bzstv\u00ed v z\u00e1vodu Fuji\",\"datePublished\":\"2023-09-11T16:19:04+00:00\",\"dateModified\":\"2023-09-11T16:19:28+00:00\",\"mainEntityOfPage\":{\"@id\":\"https:\\\/\\\/www.mzone.cz\\\/sest-hodin-fuji-titul-svetoveho-sampiona-pro-tym-toyoty-po-vitezstvi-v-zavodu-fuji\\\/\"},\"wordCount\":738,\"commentCount\":0,\"image\":{\"@id\":\"https:\\\/\\\/www.mzone.cz\\\/sest-hodin-fuji-titul-svetoveho-sampiona-pro-tym-toyoty-po-vitezstvi-v-zavodu-fuji\\\/#primaryimage\"},\"thumbnailUrl\":\"https:\\\/\\\/www.mzone.cz\\\/wp-content\\\/uploads\\\/2023\\\/09\\\/Sest-hodin-Fuji.jpg\",\"keywords\":[\"auta\",\"Auto\",\"auto-moto\",\"FIA\",\"Fuji\",\"hypercar\",\"Japonsko\",\"motorsport\",\"\u0160est hodin Fuji\",\"Sport\",\"titul\",\"Toyota\",\"Toyota Gazoo Racing\",\"v\u00edt\u011bzstv\u00ed\",\"z\u00e1vod\",\"z\u00e1vodn\u00ed vozy\",\"Z\u00e1vody\"],\"articleSection\":[\"Auto-moto\",\"Sport\"],\"inLanguage\":\"en-US\",\"potentialAction\":[{\"@type\":\"CommentAction\",\"name\":\"Comment\",\"target\":[\"https:\\\/\\\/www.mzone.cz\\\/sest-hodin-fuji-titul-svetoveho-sampiona-pro-tym-toyoty-po-vitezstvi-v-zavodu-fuji\\\/#respond\"]}]},{\"@type\":\"WebPage\",\"@id\":\"https:\\\/\\\/www.mzone.cz\\\/sest-hodin-fuji-titul-svetoveho-sampiona-pro-tym-toyoty-po-vitezstvi-v-zavodu-fuji\\\/\",\"url\":\"https:\\\/\\\/www.mzone.cz\\\/sest-hodin-fuji-titul-svetoveho-sampiona-pro-tym-toyoty-po-vitezstvi-v-zavodu-fuji\\\/\",\"name\":\"\u0160est hodin Fuji: Titul sv\u011btov\u00e9ho \u0161ampiona pro t\u00fdm Toyoty po v\u00edt\u011bzstv\u00ed v z\u00e1vodu Fuji - Mzone\",\"isPartOf\":{\"@id\":\"https:\\\/\\\/www.mzone.cz\\\/#website\"},\"primaryImageOfPage\":{\"@id\":\"https:\\\/\\\/www.mzone.cz\\\/sest-hodin-fuji-titul-svetoveho-sampiona-pro-tym-toyoty-po-vitezstvi-v-zavodu-fuji\\\/#primaryimage\"},\"image\":{\"@id\":\"https:\\\/\\\/www.mzone.cz\\\/sest-hodin-fuji-titul-svetoveho-sampiona-pro-tym-toyoty-po-vitezstvi-v-zavodu-fuji\\\/#primaryimage\"},\"thumbnailUrl\":\"https:\\\/\\\/www.mzone.cz\\\/wp-content\\\/uploads\\\/2023\\\/09\\\/Sest-hodin-Fuji.jpg\",\"datePublished\":\"2023-09-11T16:19:04+00:00\",\"dateModified\":\"2023-09-11T16:19:28+00:00\",\"author\":{\"@id\":\"https:\\\/\\\/www.mzone.cz\\\/#\\\/schema\\\/person\\\/9bc20cc422a99cac4af6ff9297da32d4\"},\"description\":\"T\u00fdm Toyota Gazoo Racing si v nap\u00ednav\u00e9m z\u00e1vodu \u0160est hodin Fuji na dom\u00e1c\u00ed p\u016fd\u011b dojel pro prvn\u00ed dv\u011b m\u00edsta, \u010d\u00edm\u017e si v p\u0159edposledn\u00edm kole sv\u011btov\u00e9ho \u0161ampion\u00e1tu vytrvalostn\u00edch sout\u011b\u017e\u00ed FIA 2023 zajistil titul mistra sv\u011bta mezi tov\u00e1rn\u00edmi t\u00fdmy.\",\"breadcrumb\":{\"@id\":\"https:\\\/\\\/www.mzone.cz\\\/sest-hodin-fuji-titul-svetoveho-sampiona-pro-tym-toyoty-po-vitezstvi-v-zavodu-fuji\\\/#breadcrumb\"},\"inLanguage\":\"en-US\",\"potentialAction\":[{\"@type\":\"ReadAction\",\"target\":[\"https:\\\/\\\/www.mzone.cz\\\/sest-hodin-fuji-titul-svetoveho-sampiona-pro-tym-toyoty-po-vitezstvi-v-zavodu-fuji\\\/\"]}]},{\"@type\":\"ImageObject\",\"inLanguage\":\"en-US\",\"@id\":\"https:\\\/\\\/www.mzone.cz\\\/sest-hodin-fuji-titul-svetoveho-sampiona-pro-tym-toyoty-po-vitezstvi-v-zavodu-fuji\\\/#primaryimage\",\"url\":\"https:\\\/\\\/www.mzone.cz\\\/wp-content\\\/uploads\\\/2023\\\/09\\\/Sest-hodin-Fuji.jpg\",\"contentUrl\":\"https:\\\/\\\/www.mzone.cz\\\/wp-content\\\/uploads\\\/2023\\\/09\\\/Sest-hodin-Fuji.jpg\",\"width\":1155,\"height\":770,\"caption\":\"\u0160est hodin Fuji\"},{\"@type\":\"BreadcrumbList\",\"@id\":\"https:\\\/\\\/www.mzone.cz\\\/sest-hodin-fuji-titul-svetoveho-sampiona-pro-tym-toyoty-po-vitezstvi-v-zavodu-fuji\\\/#breadcrumb\",\"itemListElement\":[{\"@type\":\"ListItem\",\"position\":1,\"name\":\"Dom\u016f\",\"item\":\"https:\\\/\\\/www.mzone.cz\\\/\"},{\"@type\":\"ListItem\",\"position\":2,\"name\":\"\u0160est hodin Fuji: Titul sv\u011btov\u00e9ho \u0161ampiona pro t\u00fdm Toyoty po v\u00edt\u011bzstv\u00ed v z\u00e1vodu Fuji\"}]},{\"@type\":\"WebSite\",\"@id\":\"https:\\\/\\\/www.mzone.cz\\\/#website\",\"url\":\"https:\\\/\\\/www.mzone.cz\\\/\",\"name\":\"Mzone\",\"description\":\"Magaz\u00edn nejen pro mu\u017ee\",\"potentialAction\":[{\"@type\":\"SearchAction\",\"target\":{\"@type\":\"EntryPoint\",\"urlTemplate\":\"https:\\\/\\\/www.mzone.cz\\\/?s={search_term_string}\"},\"query-input\":{\"@type\":\"PropertyValueSpecification\",\"valueRequired\":true,\"valueName\":\"search_term_string\"}}],\"inLanguage\":\"en-US\"},{\"@type\":\"Person\",\"@id\":\"https:\\\/\\\/www.mzone.cz\\\/#\\\/schema\\\/person\\\/9bc20cc422a99cac4af6ff9297da32d4\",\"name\":\"Mzone\",\"image\":{\"@type\":\"ImageObject\",\"inLanguage\":\"en-US\",\"@id\":\"https:\\\/\\\/secure.gravatar.com\\\/avatar\\\/e780a8630f3182a3d06dd667ab6bea151a0d155b0951bc15fe22633acdac0676?s=96&d=mm&r=g\",\"url\":\"https:\\\/\\\/secure.gravatar.com\\\/avatar\\\/e780a8630f3182a3d06dd667ab6bea151a0d155b0951bc15fe22633acdac0676?s=96&d=mm&r=g\",\"contentUrl\":\"https:\\\/\\\/secure.gravatar.com\\\/avatar\\\/e780a8630f3182a3d06dd667ab6bea151a0d155b0951bc15fe22633acdac0676?s=96&d=mm&r=g\",\"caption\":\"Mzone\"},\"url\":\"https:\\\/\\\/www.mzone.cz\\\/en\\\/author\\\/jakub\\\/\"}]}<\/script>\n<!-- \/ Yoast SEO plugin. -->","yoast_head_json":{"title":"\u0160est hodin Fuji: Titul sv\u011btov\u00e9ho \u0161ampiona pro t\u00fdm Toyoty po v\u00edt\u011bzstv\u00ed v z\u00e1vodu Fuji - Mzone","description":"T\u00fdm Toyota Gazoo Racing si v nap\u00ednav\u00e9m z\u00e1vodu \u0160est hodin Fuji na dom\u00e1c\u00ed p\u016fd\u011b dojel pro prvn\u00ed dv\u011b m\u00edsta, \u010d\u00edm\u017e si v p\u0159edposledn\u00edm kole sv\u011btov\u00e9ho \u0161ampion\u00e1tu vytrvalostn\u00edch sout\u011b\u017e\u00ed FIA 2023 zajistil titul mistra sv\u011bta mezi tov\u00e1rn\u00edmi t\u00fdmy.","robots":{"index":"index","follow":"follow","max-snippet":"max-snippet:-1","max-image-preview":"max-image-preview:large","max-video-preview":"max-video-preview:-1"},"canonical":"https:\/\/www.mzone.cz\/en\/sest-hodin-fuji-titul-svetoveho-sampiona-pro-tym-toyoty-po-vitezstvi-v-zavodu-fuji\/","og_locale":"en_US","og_type":"article","og_title":"\u0160est hodin Fuji: Titul sv\u011btov\u00e9ho \u0161ampiona pro t\u00fdm Toyoty po v\u00edt\u011bzstv\u00ed v z\u00e1vodu Fuji - Mzone","og_description":"T\u00fdm Toyota Gazoo Racing si v nap\u00ednav\u00e9m z\u00e1vodu \u0160est hodin Fuji na dom\u00e1c\u00ed p\u016fd\u011b dojel pro prvn\u00ed dv\u011b m\u00edsta, \u010d\u00edm\u017e si v p\u0159edposledn\u00edm kole sv\u011btov\u00e9ho \u0161ampion\u00e1tu vytrvalostn\u00edch sout\u011b\u017e\u00ed FIA 2023 zajistil titul mistra sv\u011bta mezi tov\u00e1rn\u00edmi t\u00fdmy.","og_url":"https:\/\/www.mzone.cz\/en\/sest-hodin-fuji-titul-svetoveho-sampiona-pro-tym-toyoty-po-vitezstvi-v-zavodu-fuji\/","og_site_name":"Mzone","article_publisher":"https:\/\/www.facebook.com\/MzoneCZ\/","article_published_time":"2023-09-11T16:19:04+00:00","article_modified_time":"2023-09-11T16:19:28+00:00","og_image":[{"width":1155,"height":770,"url":"https:\/\/www.mzone.cz\/wp-content\/uploads\/2023\/09\/Sest-hodin-Fuji.jpg","type":"image\/jpeg"}],"author":"Mzone","twitter_card":"summary_large_image","twitter_misc":{"Written by":"Mzone","Est. reading time":"3 minutes"},"schema":{"@context":"https:\/\/schema.org","@graph":[{"@type":"Article","@id":"https:\/\/www.mzone.cz\/sest-hodin-fuji-titul-svetoveho-sampiona-pro-tym-toyoty-po-vitezstvi-v-zavodu-fuji\/#article","isPartOf":{"@id":"https:\/\/www.mzone.cz\/sest-hodin-fuji-titul-svetoveho-sampiona-pro-tym-toyoty-po-vitezstvi-v-zavodu-fuji\/"},"author":{"name":"Mzone","@id":"https:\/\/www.mzone.cz\/#\/schema\/person\/9bc20cc422a99cac4af6ff9297da32d4"},"headline":"\u0160est hodin Fuji: Titul sv\u011btov\u00e9ho \u0161ampiona pro t\u00fdm Toyoty po v\u00edt\u011bzstv\u00ed v z\u00e1vodu Fuji","datePublished":"2023-09-11T16:19:04+00:00","dateModified":"2023-09-11T16:19:28+00:00","mainEntityOfPage":{"@id":"https:\/\/www.mzone.cz\/sest-hodin-fuji-titul-svetoveho-sampiona-pro-tym-toyoty-po-vitezstvi-v-zavodu-fuji\/"},"wordCount":738,"commentCount":0,"image":{"@id":"https:\/\/www.mzone.cz\/sest-hodin-fuji-titul-svetoveho-sampiona-pro-tym-toyoty-po-vitezstvi-v-zavodu-fuji\/#primaryimage"},"thumbnailUrl":"https:\/\/www.mzone.cz\/wp-content\/uploads\/2023\/09\/Sest-hodin-Fuji.jpg","keywords":["auta","Auto","auto-moto","FIA","Fuji","hypercar","Japonsko","motorsport","\u0160est hodin Fuji","Sport","titul","Toyota","Toyota Gazoo Racing","v\u00edt\u011bzstv\u00ed","z\u00e1vod","z\u00e1vodn\u00ed vozy","Z\u00e1vody"],"articleSection":["Auto-moto","Sport"],"inLanguage":"en-US","potentialAction":[{"@type":"CommentAction","name":"Comment","target":["https:\/\/www.mzone.cz\/sest-hodin-fuji-titul-svetoveho-sampiona-pro-tym-toyoty-po-vitezstvi-v-zavodu-fuji\/#respond"]}]},{"@type":"WebPage","@id":"https:\/\/www.mzone.cz\/sest-hodin-fuji-titul-svetoveho-sampiona-pro-tym-toyoty-po-vitezstvi-v-zavodu-fuji\/","url":"https:\/\/www.mzone.cz\/sest-hodin-fuji-titul-svetoveho-sampiona-pro-tym-toyoty-po-vitezstvi-v-zavodu-fuji\/","name":"\u0160est hodin Fuji: Titul sv\u011btov\u00e9ho \u0161ampiona pro t\u00fdm Toyoty po v\u00edt\u011bzstv\u00ed v z\u00e1vodu Fuji - Mzone","isPartOf":{"@id":"https:\/\/www.mzone.cz\/#website"},"primaryImageOfPage":{"@id":"https:\/\/www.mzone.cz\/sest-hodin-fuji-titul-svetoveho-sampiona-pro-tym-toyoty-po-vitezstvi-v-zavodu-fuji\/#primaryimage"},"image":{"@id":"https:\/\/www.mzone.cz\/sest-hodin-fuji-titul-svetoveho-sampiona-pro-tym-toyoty-po-vitezstvi-v-zavodu-fuji\/#primaryimage"},"thumbnailUrl":"https:\/\/www.mzone.cz\/wp-content\/uploads\/2023\/09\/Sest-hodin-Fuji.jpg","datePublished":"2023-09-11T16:19:04+00:00","dateModified":"2023-09-11T16:19:28+00:00","author":{"@id":"https:\/\/www.mzone.cz\/#\/schema\/person\/9bc20cc422a99cac4af6ff9297da32d4"},"description":"T\u00fdm Toyota Gazoo Racing si v nap\u00ednav\u00e9m z\u00e1vodu \u0160est hodin Fuji na dom\u00e1c\u00ed p\u016fd\u011b dojel pro prvn\u00ed dv\u011b m\u00edsta, \u010d\u00edm\u017e si v p\u0159edposledn\u00edm kole sv\u011btov\u00e9ho \u0161ampion\u00e1tu vytrvalostn\u00edch sout\u011b\u017e\u00ed FIA 2023 zajistil titul mistra sv\u011bta mezi tov\u00e1rn\u00edmi t\u00fdmy.","breadcrumb":{"@id":"https:\/\/www.mzone.cz\/sest-hodin-fuji-titul-svetoveho-sampiona-pro-tym-toyoty-po-vitezstvi-v-zavodu-fuji\/#breadcrumb"},"inLanguage":"en-US","potentialAction":[{"@type":"ReadAction","target":["https:\/\/www.mzone.cz\/sest-hodin-fuji-titul-svetoveho-sampiona-pro-tym-toyoty-po-vitezstvi-v-zavodu-fuji\/"]}]},{"@type":"ImageObject","inLanguage":"en-US","@id":"https:\/\/www.mzone.cz\/sest-hodin-fuji-titul-svetoveho-sampiona-pro-tym-toyoty-po-vitezstvi-v-zavodu-fuji\/#primaryimage","url":"https:\/\/www.mzone.cz\/wp-content\/uploads\/2023\/09\/Sest-hodin-Fuji.jpg","contentUrl":"https:\/\/www.mzone.cz\/wp-content\/uploads\/2023\/09\/Sest-hodin-Fuji.jpg","width":1155,"height":770,"caption":"\u0160est hodin Fuji"},{"@type":"BreadcrumbList","@id":"https:\/\/www.mzone.cz\/sest-hodin-fuji-titul-svetoveho-sampiona-pro-tym-toyoty-po-vitezstvi-v-zavodu-fuji\/#breadcrumb","itemListElement":[{"@type":"ListItem","position":1,"name":"Dom\u016f","item":"https:\/\/www.mzone.cz\/"},{"@type":"ListItem","position":2,"name":"\u0160est hodin Fuji: Titul sv\u011btov\u00e9ho \u0161ampiona pro t\u00fdm Toyoty po v\u00edt\u011bzstv\u00ed v z\u00e1vodu Fuji"}]},{"@type":"WebSite","@id":"https:\/\/www.mzone.cz\/#website","url":"https:\/\/www.mzone.cz\/","name":"Mzone","description":"Magaz\u00edn nejen pro mu\u017ee","potentialAction":[{"@type":"SearchAction","target":{"@type":"EntryPoint","urlTemplate":"https:\/\/www.mzone.cz\/?s={search_term_string}"},"query-input":{"@type":"PropertyValueSpecification","valueRequired":true,"valueName":"search_term_string"}}],"inLanguage":"en-US"},{"@type":"Person","@id":"https:\/\/www.mzone.cz\/#\/schema\/person\/9bc20cc422a99cac4af6ff9297da32d4","name":"Mzone","image":{"@type":"ImageObject","inLanguage":"en-US","@id":"https:\/\/secure.gravatar.com\/avatar\/e780a8630f3182a3d06dd667ab6bea151a0d155b0951bc15fe22633acdac0676?s=96&d=mm&r=g","url":"https:\/\/secure.gravatar.com\/avatar\/e780a8630f3182a3d06dd667ab6bea151a0d155b0951bc15fe22633acdac0676?s=96&d=mm&r=g","contentUrl":"https:\/\/secure.gravatar.com\/avatar\/e780a8630f3182a3d06dd667ab6bea151a0d155b0951bc15fe22633acdac0676?s=96&d=mm&r=g","caption":"Mzone"},"url":"https:\/\/www.mzone.cz\/en\/author\/jakub\/"}]}},"_links":{"self":[{"href":"https:\/\/www.mzone.cz\/en\/wp-json\/wp\/v2\/posts\/41927","targetHints":{"allow":["GET"]}}],"collection":[{"href":"https:\/\/www.mzone.cz\/en\/wp-json\/wp\/v2\/posts"}],"about":[{"href":"https:\/\/www.mzone.cz\/en\/wp-json\/wp\/v2\/types\/post"}],"author":[{"embeddable":true,"href":"https:\/\/www.mzone.cz\/en\/wp-json\/wp\/v2\/users\/4"}],"replies":[{"embeddable":true,"href":"https:\/\/www.mzone.cz\/en\/wp-json\/wp\/v2\/comments?post=41927"}],"version-history":[{"count":9,"href":"https:\/\/www.mzone.cz\/en\/wp-json\/wp\/v2\/posts\/41927\/revisions"}],"predecessor-version":[{"id":41940,"href":"https:\/\/www.mzone.cz\/en\/wp-json\/wp\/v2\/posts\/41927\/revisions\/41940"}],"wp:featuredmedia":[{"embeddable":true,"href":"https:\/\/www.mzone.cz\/en\/wp-json\/wp\/v2\/media\/41929"}],"wp:attachment":[{"href":"https:\/\/www.mzone.cz\/en\/wp-json\/wp\/v2\/media?parent=41927"}],"wp:term":[{"taxonomy":"category","embeddable":true,"href":"https:\/\/www.mzone.cz\/en\/wp-json\/wp\/v2\/categories?post=41927"},{"taxonomy":"post_tag","embeddable":true,"href":"https:\/\/www.mzone.cz\/en\/wp-json\/wp\/v2\/tags?post=41927"}],"curies":[{"name":"wp","href":"https:\/\/api.w.org\/{rel}","templated":true}]}}