{"id":42016,"date":"2023-09-17T05:00:00","date_gmt":"2023-09-17T03:00:00","guid":{"rendered":"https:\/\/www.mzone.cz\/?p=42016"},"modified":"2023-09-12T22:39:35","modified_gmt":"2023-09-12T20:39:35","slug":"do-boje-o-oscara-pujde-za-ceskou-republiku-film-bratri-rezisera-tomase-masina","status":"publish","type":"post","link":"https:\/\/www.mzone.cz\/en\/do-boje-o-oscara-pujde-za-ceskou-republiku-film-bratri-rezisera-tomase-masina\/","title":{"rendered":"Do boje o Oscara p\u016fjde za \u010ceskou republiku film Brat\u0159i re\u017eis\u00e9ra Tom\u00e1\u0161e Ma\u0161\u00edna"},"content":{"rendered":"<p><strong>Kandid\u00e1ta na Oscara za \u010ceskou republiku v kategorii Nejlep\u0161\u00ed zahrani\u010dn\u00ed film ka\u017edoro\u010dn\u011b vyb\u00edr\u00e1 \u010cesk\u00e1 filmov\u00e1 a televizn\u00ed akademie (\u010cFTA), kter\u00e1 stoj\u00ed i za ud\u00edlen\u00edm cen \u010cesk\u00fd lev. V leto\u0161n\u00edm roce akademici v hlasov\u00e1n\u00ed rozhodli vyslat do boje o cenu americk\u00e9 Akademie filmov\u00e9ho um\u011bn\u00ed a v\u011bd film Brat\u0159i re\u017eis\u00e9ra Tom\u00e1\u0161e Ma\u0161\u00edna. Drama vypr\u00e1v\u00ed jeden z nejv\u011bt\u0161\u00edch p\u0159\u00edb\u011bh\u016f studen\u00e9 v\u00e1lky, bratr\u016f Ma\u0161\u00ednov\u00fdch, kte\u0159\u00ed se rozhodli se zbran\u00ed v ruce opustit komunistick\u00e9 \u010ceskoslovensko. V premi\u00e9\u0159e bude film v \u010desk\u00fdch kinech uveden letos 26. \u0159\u00edjna.<\/strong><\/p><br>\n\n\n\n<p>Hlasov\u00e1n\u00ed o kandid\u00e1ta na Oscara prob\u00edhalo od 1. do 10. z\u00e1\u0159\u00ed a akademici vyb\u00edrali z 12 \u010desk\u00fdch hran\u00fdch a dokument\u00e1rn\u00edch film\u016f, p\u0159ihl\u00e1\u0161en\u00fdch jejich producenty. Za filmem Brat\u0159i se v hlasov\u00e1n\u00ed um\u00edstily sn\u00edmky Bod Obnovy, N\u011bm\u00e1 tajemstv\u00ed, Piargy a \u00dasvit (v abecedn\u00edm po\u0159ad\u00ed). Oscarov\u00fd shortlist 15 zahrani\u010dn\u00edch film\u016f bude zve\u0159ejn\u011bn 21. prosince leto\u0161n\u00edho roku. 23. ledna 2024 budou pak ozn\u00e1meny nominace. Term\u00edn slavnostn\u00edho p\u0159ed\u00e1v\u00e1n\u00ed 96. ro\u010dn\u00edku cen americk\u00e9 Akademie filmov\u00e9ho um\u011bn\u00ed a v\u011bd je stanoven na 10. b\u0159ezna 2024.<\/p><br>\n\n\n\n<p>Jen m\u00e1lokter\u00e9 t\u00e9ma modern\u00ed \u010desk\u00e9 historie vzbuzuje tolik emoc\u00ed jako osud skupiny brat\u0159\u00ed Ma\u0161\u00edn\u016f, kte\u0159\u00ed se po\u010d\u00e1tkem 50. let postavili komunistick\u00e9mu re\u017eimu se zbran\u00ed v ruce. Film mapuje roky jejich \u017eivota a rodiny po druh\u00e9 sv\u011btov\u00e9 v\u00e1lce a\u017e po jejich \u00fat\u011bk v N\u011bmecku.<\/p>\n\n\n\n<blockquote class=\"wp-block-quote is-layout-flow wp-block-quote-is-layout-flow\">\n<p>P\u011btice mlad\u00edk\u016f s pistolemi pron\u00e1sledovan\u00e1 tis\u00edci voj\u00e1k\u016f se v boji o \u017eivot dotkne hranic vlastn\u00edho strachu i state\u010dnosti. \u0160tvanice trvaj\u00edc\u00ed 30 dn\u00ed nez\u016fstane bez ztr\u00e1t na obou stran\u00e1ch. Pouze oba Ma\u0161\u00ednov\u00e9 a jejich kamar\u00e1d Milan Paumer se do Z\u00e1padn\u00edho Berl\u00edna nakonec dost\u00e1vaj\u00ed. Komunist\u00e9 se v\u0161ak pomst\u00ed na jejich rodin\u00e1ch.<\/p>\n<\/blockquote>\n\n\n\n<p>Autorem sc\u00e9n\u00e1\u0159e je Marek Epstein, hlavn\u00ed role ve filmu ztv\u00e1rnili Oskar Hes, Jan Nedbal, Adam Ernest, Maty\u00e1\u0161 \u0158ezn\u00ed\u010dek, Anton\u00edn Ma\u0161ek, Mat\u011bj H\u00e1dek a Tatiana Dykov\u00e1 Vilhelmov\u00e1. V premi\u00e9\u0159e bude film uveden sedmdes\u00e1t let od \u00fat\u011bku brat\u0159\u00ed Ma\u0161\u00edn\u016f za \u017eeleznou oponu.<\/p><br>\n\n\n\n<figure class=\"wp-block-embed is-type-video is-provider-youtube wp-block-embed-youtube wp-embed-aspect-16-9 wp-has-aspect-ratio\"><div class=\"wp-block-embed__wrapper\">\n<iframe loading=\"lazy\" title=\"Brat\u0159i (2023) ofici\u00e1ln\u00ed HD trailer #Ma\u0161\u00ednov\u00e9\" width=\"600\" height=\"338\" src=\"https:\/\/www.youtube.com\/embed\/_ycEQ65wAbY?feature=oembed\" frameborder=\"0\" allow=\"accelerometer; autoplay; clipboard-write; encrypted-media; gyroscope; picture-in-picture; web-share\" referrerpolicy=\"strict-origin-when-cross-origin\" allowfullscreen><\/iframe>\n<\/div><\/figure><br>\n\n\n\n<p><a href=\"https:\/\/cs.wikipedia.org\/wiki\/Tom\u00e1\u0161_Ma\u0161%C3%ADn\" target=\"_blank\" rel=\"noopener\">Tom\u00e1\u0161 Ma\u0161\u00edn<\/a> je \u010desk\u00fd filmov\u00fd re\u017eis\u00e9r, scen\u00e1rista a v\u00fdtvarn\u00edk. Jeho prvn\u00edm celove\u010dern\u00edm filmem jsou 3 sez\u00f3ny v pekle, kter\u00fd byl ocen\u011bn t\u0159emi \u010cesk\u00fdmi lvy. D\u00e1le n\u00e1sledoval sn\u00edmek Wilsonov \u010di \u0161est epizod TV seri\u00e1lu Profesor T. Spolu s Terezou Kop\u00e1\u010dovou re\u017e\u00edroval televizn\u00ed seri\u00e1l Ochr\u00e1nce, kter\u00fd byl ocen\u011bn \u010cesk\u00fdm lvem. Pat\u0159\u00ed tak\u00e9 k uzn\u00e1van\u00fdm re\u017eis\u00e9r\u016fm v oblasti reklamn\u00ed tvorby a je mimo jin\u00e9 spoluautorem sc\u00e9n\u00e1\u0159e k filmu \u0160eptej. Na za\u010d\u00e1tku z\u00e1\u0159\u00ed vstoupil do kin jeho film N\u011bm\u00e1 tajemstv\u00ed.&nbsp;<\/p>\n\n\n\n<blockquote class=\"wp-block-quote is-layout-flow wp-block-quote-is-layout-flow\">\n<p>V lo\u0148sk\u00e9m roce jako kandid\u00e1ta na Oscara za \u010ceskou republiku vybrali akademici film re\u017eis\u00e9ra a scen\u00e1risty Petra V\u00e1clava Il Boemo.<\/p>\n<\/blockquote>\n\n\n\n<p>Zlatou so\u0161ku americk\u00e9 Akademie filmov\u00e9ho um\u011bn\u00ed a v\u011bd zat\u00edm z\u00edskaly pouze dva \u010deskoslovensk\u00e9 a jeden \u010desk\u00fd film: Obchod na korze (1965) J\u00e1na Kad\u00e1ra a Elmara Klose, o dva roky pozd\u011bji Ost\u0159e sledovan\u00e9 vlaky Ji\u0159\u00edho Menzela a Kolja (1996) Jana Sv\u011br\u00e1ka. \u0160estice dal\u0161\u00edch film\u016f se pak probojovala do nomina\u010dn\u00edho v\u00fdb\u011bru: L\u00e1sky jedn\u00e9 plavovl\u00e1sky (1966) a Ho\u0159\u00ed m\u00e1 panenko Milo\u0161e Formana (1968), Vesni\u010dko m\u00e1 st\u0159ediskov\u00e1 Ji\u0159\u00edho Menzela (1986), Obecn\u00e1 \u0161kola Jana Sv\u011br\u00e1ka (1991), Mus\u00edme si pom\u00e1hat Jana H\u0159ebejka (2000) a naposledy \u017delary Ond\u0159eje Trojana (2003).<\/p><br>\n\n\n\n<div class=\"wp-block-media-text is-stacked-on-mobile is-vertically-aligned-top\" style=\"grid-template-columns:23% auto\"><figure class=\"wp-block-media-text__media\"><a href=\"https:\/\/www.mzone.cz\/marek-najbrt-nataci-film-o-legendarnich-tata-bojs\/\"><img loading=\"lazy\" decoding=\"async\" width=\"1024\" height=\"683\" src=\"https:\/\/www.mzone.cz\/wp-content\/uploads\/2022\/10\/Tata-Bojs-1024x683.jpg\" alt=\"Tata Bojs\" class=\"wp-image-38316 size-full\" srcset=\"https:\/\/www.mzone.cz\/wp-content\/uploads\/2022\/10\/Tata-Bojs-1024x683.jpg 1024w, https:\/\/www.mzone.cz\/wp-content\/uploads\/2022\/10\/Tata-Bojs-300x200.jpg 300w, https:\/\/www.mzone.cz\/wp-content\/uploads\/2022\/10\/Tata-Bojs-768x512.jpg 768w, https:\/\/www.mzone.cz\/wp-content\/uploads\/2022\/10\/Tata-Bojs-1536x1025.jpg 1536w, https:\/\/www.mzone.cz\/wp-content\/uploads\/2022\/10\/Tata-Bojs-18x12.jpg 18w, https:\/\/www.mzone.cz\/wp-content\/uploads\/2022\/10\/Tata-Bojs-800x533.jpg 800w, https:\/\/www.mzone.cz\/wp-content\/uploads\/2022\/10\/Tata-Bojs-400x267.jpg 400w, https:\/\/www.mzone.cz\/wp-content\/uploads\/2022\/10\/Tata-Bojs-500x333.jpg 500w, https:\/\/www.mzone.cz\/wp-content\/uploads\/2022\/10\/Tata-Bojs-1170x780.jpg 1170w, https:\/\/www.mzone.cz\/wp-content\/uploads\/2022\/10\/Tata-Bojs-590x394.jpg 590w, https:\/\/www.mzone.cz\/wp-content\/uploads\/2022\/10\/Tata-Bojs.jpg 1646w\" sizes=\"auto, (max-width: 1024px) 100vw, 1024px\" \/><\/a><\/figure><div class=\"wp-block-media-text__content\">\n<h4 class=\"wp-block-heading\"><a href=\"https:\/\/www.mzone.cz\/marek-najbrt-nataci-film-o-legendarnich-tata-bojs\/\">Marek Najbrt nat\u00e1\u010d\u00ed film o legend\u00e1rn\u00edch Tata Bojs<\/a><\/h4><br>\n<\/div><\/div>","protected":false},"excerpt":{"rendered":"<p>Kandid\u00e1ta na Oscara za \u010ceskou republiku v kategorii Nejlep\u0161\u00ed zahrani\u010dn\u00ed film ka\u017edoro\u010dn\u011b vyb\u00edr\u00e1 \u010cesk\u00e1 filmov\u00e1 a televizn\u00ed akademie (\u010cFTA), kter\u00e1 stoj\u00ed i za ud\u00edlen\u00edm cen \u010cesk\u00fd lev. V leto\u0161n\u00edm roce akademici v hlasov\u00e1n\u00ed rozhodli vyslat do boje o cenu americk\u00e9 Akademie filmov\u00e9ho um\u011bn\u00ed a v\u011bd film Brat\u0159i re\u017eis\u00e9ra Tom\u00e1\u0161e Ma\u0161\u00edna. Drama vypr\u00e1v\u00ed jeden z nejv\u011bt\u0161\u00edch [&hellip;]<\/p>\n","protected":false},"author":4,"featured_media":42017,"comment_status":"open","ping_status":"closed","sticky":false,"template":"","format":"standard","meta":{"kk_blocks_editor_width":"","_kiokenblocks_attr":"","_kiokenblocks_dimensions":"","footnotes":""},"categories":[73,71],"tags":[6001,6003,2256,541,314,31,2789,1347,1343,43,6002],"class_list":["post-42016","post","type-post","status-publish","format-standard","has-post-thumbnail","hentry","category-filmy","category-kultura","tag-bratri","tag-bratri-masinove","tag-ceny","tag-film","tag-filmy","tag-kultura","tag-nominace","tag-oceneni","tag-oscar","tag-pribeh","tag-tomas-masin"],"yoast_head":"<!-- This site is optimized with the Yoast SEO plugin v27.5 - https:\/\/yoast.com\/product\/yoast-seo-wordpress\/ -->\n<title>Do boje o Oscara p\u016fjde za \u010ceskou republiku film Brat\u0159i re\u017eis\u00e9ra Tom\u00e1\u0161e Ma\u0161\u00edna - Mzone<\/title>\n<meta name=\"description\" content=\"Kandid\u00e1ta na Oscara za \u010ceskou republiku v kategorii Nejlep\u0161\u00ed zahrani\u010dn\u00ed film ka\u017edoro\u010dn\u011b vyb\u00edr\u00e1 \u010cesk\u00e1 filmov\u00e1 a televizn\u00ed akademie (\u010cFTA), kter\u00e1 stoj\u00ed i za ud\u00edlen\u00edm cen \u010cesk\u00fd lev. V leto\u0161n\u00edm roce akademici v hlasov\u00e1n\u00ed rozhodli vyslat do boje o cenu americk\u00e9 Akademie filmov\u00e9ho um\u011bn\u00ed a v\u011bd film Brat\u0159i re\u017eis\u00e9ra Tom\u00e1\u0161e Ma\u0161\u00edna.\" \/>\n<meta name=\"robots\" content=\"index, follow, max-snippet:-1, max-image-preview:large, max-video-preview:-1\" \/>\n<link rel=\"canonical\" href=\"https:\/\/www.mzone.cz\/en\/do-boje-o-oscara-pujde-za-ceskou-republiku-film-bratri-rezisera-tomase-masina\/\" \/>\n<meta property=\"og:locale\" content=\"en_US\" \/>\n<meta property=\"og:type\" content=\"article\" \/>\n<meta property=\"og:title\" content=\"Do boje o Oscara p\u016fjde za \u010ceskou republiku film Brat\u0159i re\u017eis\u00e9ra Tom\u00e1\u0161e Ma\u0161\u00edna - Mzone\" \/>\n<meta property=\"og:description\" content=\"Kandid\u00e1ta na Oscara za \u010ceskou republiku v kategorii Nejlep\u0161\u00ed zahrani\u010dn\u00ed film ka\u017edoro\u010dn\u011b vyb\u00edr\u00e1 \u010cesk\u00e1 filmov\u00e1 a televizn\u00ed akademie (\u010cFTA), kter\u00e1 stoj\u00ed i za ud\u00edlen\u00edm cen \u010cesk\u00fd lev. V leto\u0161n\u00edm roce akademici v hlasov\u00e1n\u00ed rozhodli vyslat do boje o cenu americk\u00e9 Akademie filmov\u00e9ho um\u011bn\u00ed a v\u011bd film Brat\u0159i re\u017eis\u00e9ra Tom\u00e1\u0161e Ma\u0161\u00edna.\" \/>\n<meta property=\"og:url\" content=\"https:\/\/www.mzone.cz\/en\/do-boje-o-oscara-pujde-za-ceskou-republiku-film-bratri-rezisera-tomase-masina\/\" \/>\n<meta property=\"og:site_name\" content=\"Mzone\" \/>\n<meta property=\"article:publisher\" content=\"https:\/\/www.facebook.com\/MzoneCZ\/\" \/>\n<meta property=\"article:published_time\" content=\"2023-09-17T03:00:00+00:00\" \/>\n<meta property=\"og:image\" content=\"https:\/\/www.mzone.cz\/wp-content\/uploads\/2023\/09\/Bratri.jpg\" \/>\n\t<meta property=\"og:image:width\" content=\"1740\" \/>\n\t<meta property=\"og:image:height\" content=\"1160\" \/>\n\t<meta property=\"og:image:type\" content=\"image\/jpeg\" \/>\n<meta name=\"author\" content=\"Mzone\" \/>\n<meta name=\"twitter:card\" content=\"summary_large_image\" \/>\n<meta name=\"twitter:label1\" content=\"Written by\" \/>\n\t<meta name=\"twitter:data1\" content=\"Mzone\" \/>\n\t<meta name=\"twitter:label2\" content=\"Est. reading time\" \/>\n\t<meta name=\"twitter:data2\" content=\"3 minutes\" \/>\n<script type=\"application\/ld+json\" class=\"yoast-schema-graph\">{\"@context\":\"https:\\\/\\\/schema.org\",\"@graph\":[{\"@type\":\"Article\",\"@id\":\"https:\\\/\\\/www.mzone.cz\\\/do-boje-o-oscara-pujde-za-ceskou-republiku-film-bratri-rezisera-tomase-masina\\\/#article\",\"isPartOf\":{\"@id\":\"https:\\\/\\\/www.mzone.cz\\\/do-boje-o-oscara-pujde-za-ceskou-republiku-film-bratri-rezisera-tomase-masina\\\/\"},\"author\":{\"name\":\"Mzone\",\"@id\":\"https:\\\/\\\/www.mzone.cz\\\/#\\\/schema\\\/person\\\/9bc20cc422a99cac4af6ff9297da32d4\"},\"headline\":\"Do boje o Oscara p\u016fjde za \u010ceskou republiku film Brat\u0159i re\u017eis\u00e9ra Tom\u00e1\u0161e Ma\u0161\u00edna\",\"datePublished\":\"2023-09-17T03:00:00+00:00\",\"mainEntityOfPage\":{\"@id\":\"https:\\\/\\\/www.mzone.cz\\\/do-boje-o-oscara-pujde-za-ceskou-republiku-film-bratri-rezisera-tomase-masina\\\/\"},\"wordCount\":661,\"commentCount\":0,\"image\":{\"@id\":\"https:\\\/\\\/www.mzone.cz\\\/do-boje-o-oscara-pujde-za-ceskou-republiku-film-bratri-rezisera-tomase-masina\\\/#primaryimage\"},\"thumbnailUrl\":\"https:\\\/\\\/www.mzone.cz\\\/wp-content\\\/uploads\\\/2023\\\/09\\\/Bratri.jpg\",\"keywords\":[\"Brat\u0159i\",\"brat\u0159i Ma\u0161\u00ednov\u00e9\",\"ceny\",\"film\",\"Filmy\",\"Kultura\",\"nominace\",\"ocen\u011bn\u00ed\",\"Oscar\",\"P\u0159\u00edb\u011bh\",\"Tom\u00e1\u0161 Ma\u0161\u00edn\"],\"articleSection\":[\"Filmy\",\"Kultura\"],\"inLanguage\":\"en-US\",\"potentialAction\":[{\"@type\":\"CommentAction\",\"name\":\"Comment\",\"target\":[\"https:\\\/\\\/www.mzone.cz\\\/do-boje-o-oscara-pujde-za-ceskou-republiku-film-bratri-rezisera-tomase-masina\\\/#respond\"]}]},{\"@type\":\"WebPage\",\"@id\":\"https:\\\/\\\/www.mzone.cz\\\/do-boje-o-oscara-pujde-za-ceskou-republiku-film-bratri-rezisera-tomase-masina\\\/\",\"url\":\"https:\\\/\\\/www.mzone.cz\\\/do-boje-o-oscara-pujde-za-ceskou-republiku-film-bratri-rezisera-tomase-masina\\\/\",\"name\":\"Do boje o Oscara p\u016fjde za \u010ceskou republiku film Brat\u0159i re\u017eis\u00e9ra Tom\u00e1\u0161e Ma\u0161\u00edna - Mzone\",\"isPartOf\":{\"@id\":\"https:\\\/\\\/www.mzone.cz\\\/#website\"},\"primaryImageOfPage\":{\"@id\":\"https:\\\/\\\/www.mzone.cz\\\/do-boje-o-oscara-pujde-za-ceskou-republiku-film-bratri-rezisera-tomase-masina\\\/#primaryimage\"},\"image\":{\"@id\":\"https:\\\/\\\/www.mzone.cz\\\/do-boje-o-oscara-pujde-za-ceskou-republiku-film-bratri-rezisera-tomase-masina\\\/#primaryimage\"},\"thumbnailUrl\":\"https:\\\/\\\/www.mzone.cz\\\/wp-content\\\/uploads\\\/2023\\\/09\\\/Bratri.jpg\",\"datePublished\":\"2023-09-17T03:00:00+00:00\",\"author\":{\"@id\":\"https:\\\/\\\/www.mzone.cz\\\/#\\\/schema\\\/person\\\/9bc20cc422a99cac4af6ff9297da32d4\"},\"description\":\"Kandid\u00e1ta na Oscara za \u010ceskou republiku v kategorii Nejlep\u0161\u00ed zahrani\u010dn\u00ed film ka\u017edoro\u010dn\u011b vyb\u00edr\u00e1 \u010cesk\u00e1 filmov\u00e1 a televizn\u00ed akademie (\u010cFTA), kter\u00e1 stoj\u00ed i za ud\u00edlen\u00edm cen \u010cesk\u00fd lev. V leto\u0161n\u00edm roce akademici v hlasov\u00e1n\u00ed rozhodli vyslat do boje o cenu americk\u00e9 Akademie filmov\u00e9ho um\u011bn\u00ed a v\u011bd film Brat\u0159i re\u017eis\u00e9ra Tom\u00e1\u0161e Ma\u0161\u00edna.\",\"breadcrumb\":{\"@id\":\"https:\\\/\\\/www.mzone.cz\\\/do-boje-o-oscara-pujde-za-ceskou-republiku-film-bratri-rezisera-tomase-masina\\\/#breadcrumb\"},\"inLanguage\":\"en-US\",\"potentialAction\":[{\"@type\":\"ReadAction\",\"target\":[\"https:\\\/\\\/www.mzone.cz\\\/do-boje-o-oscara-pujde-za-ceskou-republiku-film-bratri-rezisera-tomase-masina\\\/\"]}]},{\"@type\":\"ImageObject\",\"inLanguage\":\"en-US\",\"@id\":\"https:\\\/\\\/www.mzone.cz\\\/do-boje-o-oscara-pujde-za-ceskou-republiku-film-bratri-rezisera-tomase-masina\\\/#primaryimage\",\"url\":\"https:\\\/\\\/www.mzone.cz\\\/wp-content\\\/uploads\\\/2023\\\/09\\\/Bratri.jpg\",\"contentUrl\":\"https:\\\/\\\/www.mzone.cz\\\/wp-content\\\/uploads\\\/2023\\\/09\\\/Bratri.jpg\",\"width\":1740,\"height\":1160,\"caption\":\"Brat\u0159i\"},{\"@type\":\"BreadcrumbList\",\"@id\":\"https:\\\/\\\/www.mzone.cz\\\/do-boje-o-oscara-pujde-za-ceskou-republiku-film-bratri-rezisera-tomase-masina\\\/#breadcrumb\",\"itemListElement\":[{\"@type\":\"ListItem\",\"position\":1,\"name\":\"Dom\u016f\",\"item\":\"https:\\\/\\\/www.mzone.cz\\\/\"},{\"@type\":\"ListItem\",\"position\":2,\"name\":\"Do boje o Oscara p\u016fjde za \u010ceskou republiku film Brat\u0159i re\u017eis\u00e9ra Tom\u00e1\u0161e Ma\u0161\u00edna\"}]},{\"@type\":\"WebSite\",\"@id\":\"https:\\\/\\\/www.mzone.cz\\\/#website\",\"url\":\"https:\\\/\\\/www.mzone.cz\\\/\",\"name\":\"Mzone\",\"description\":\"Magaz\u00edn nejen pro mu\u017ee\",\"potentialAction\":[{\"@type\":\"SearchAction\",\"target\":{\"@type\":\"EntryPoint\",\"urlTemplate\":\"https:\\\/\\\/www.mzone.cz\\\/?s={search_term_string}\"},\"query-input\":{\"@type\":\"PropertyValueSpecification\",\"valueRequired\":true,\"valueName\":\"search_term_string\"}}],\"inLanguage\":\"en-US\"},{\"@type\":\"Person\",\"@id\":\"https:\\\/\\\/www.mzone.cz\\\/#\\\/schema\\\/person\\\/9bc20cc422a99cac4af6ff9297da32d4\",\"name\":\"Mzone\",\"image\":{\"@type\":\"ImageObject\",\"inLanguage\":\"en-US\",\"@id\":\"https:\\\/\\\/secure.gravatar.com\\\/avatar\\\/e780a8630f3182a3d06dd667ab6bea151a0d155b0951bc15fe22633acdac0676?s=96&d=mm&r=g\",\"url\":\"https:\\\/\\\/secure.gravatar.com\\\/avatar\\\/e780a8630f3182a3d06dd667ab6bea151a0d155b0951bc15fe22633acdac0676?s=96&d=mm&r=g\",\"contentUrl\":\"https:\\\/\\\/secure.gravatar.com\\\/avatar\\\/e780a8630f3182a3d06dd667ab6bea151a0d155b0951bc15fe22633acdac0676?s=96&d=mm&r=g\",\"caption\":\"Mzone\"},\"url\":\"https:\\\/\\\/www.mzone.cz\\\/en\\\/author\\\/jakub\\\/\"}]}<\/script>\n<!-- \/ Yoast SEO plugin. -->","yoast_head_json":{"title":"Do boje o Oscara p\u016fjde za \u010ceskou republiku film Brat\u0159i re\u017eis\u00e9ra Tom\u00e1\u0161e Ma\u0161\u00edna - Mzone","description":"Kandid\u00e1ta na Oscara za \u010ceskou republiku v kategorii Nejlep\u0161\u00ed zahrani\u010dn\u00ed film ka\u017edoro\u010dn\u011b vyb\u00edr\u00e1 \u010cesk\u00e1 filmov\u00e1 a televizn\u00ed akademie (\u010cFTA), kter\u00e1 stoj\u00ed i za ud\u00edlen\u00edm cen \u010cesk\u00fd lev. V leto\u0161n\u00edm roce akademici v hlasov\u00e1n\u00ed rozhodli vyslat do boje o cenu americk\u00e9 Akademie filmov\u00e9ho um\u011bn\u00ed a v\u011bd film Brat\u0159i re\u017eis\u00e9ra Tom\u00e1\u0161e Ma\u0161\u00edna.","robots":{"index":"index","follow":"follow","max-snippet":"max-snippet:-1","max-image-preview":"max-image-preview:large","max-video-preview":"max-video-preview:-1"},"canonical":"https:\/\/www.mzone.cz\/en\/do-boje-o-oscara-pujde-za-ceskou-republiku-film-bratri-rezisera-tomase-masina\/","og_locale":"en_US","og_type":"article","og_title":"Do boje o Oscara p\u016fjde za \u010ceskou republiku film Brat\u0159i re\u017eis\u00e9ra Tom\u00e1\u0161e Ma\u0161\u00edna - Mzone","og_description":"Kandid\u00e1ta na Oscara za \u010ceskou republiku v kategorii Nejlep\u0161\u00ed zahrani\u010dn\u00ed film ka\u017edoro\u010dn\u011b vyb\u00edr\u00e1 \u010cesk\u00e1 filmov\u00e1 a televizn\u00ed akademie (\u010cFTA), kter\u00e1 stoj\u00ed i za ud\u00edlen\u00edm cen \u010cesk\u00fd lev. V leto\u0161n\u00edm roce akademici v hlasov\u00e1n\u00ed rozhodli vyslat do boje o cenu americk\u00e9 Akademie filmov\u00e9ho um\u011bn\u00ed a v\u011bd film Brat\u0159i re\u017eis\u00e9ra Tom\u00e1\u0161e Ma\u0161\u00edna.","og_url":"https:\/\/www.mzone.cz\/en\/do-boje-o-oscara-pujde-za-ceskou-republiku-film-bratri-rezisera-tomase-masina\/","og_site_name":"Mzone","article_publisher":"https:\/\/www.facebook.com\/MzoneCZ\/","article_published_time":"2023-09-17T03:00:00+00:00","og_image":[{"width":1740,"height":1160,"url":"https:\/\/www.mzone.cz\/wp-content\/uploads\/2023\/09\/Bratri.jpg","type":"image\/jpeg"}],"author":"Mzone","twitter_card":"summary_large_image","twitter_misc":{"Written by":"Mzone","Est. reading time":"3 minutes"},"schema":{"@context":"https:\/\/schema.org","@graph":[{"@type":"Article","@id":"https:\/\/www.mzone.cz\/do-boje-o-oscara-pujde-za-ceskou-republiku-film-bratri-rezisera-tomase-masina\/#article","isPartOf":{"@id":"https:\/\/www.mzone.cz\/do-boje-o-oscara-pujde-za-ceskou-republiku-film-bratri-rezisera-tomase-masina\/"},"author":{"name":"Mzone","@id":"https:\/\/www.mzone.cz\/#\/schema\/person\/9bc20cc422a99cac4af6ff9297da32d4"},"headline":"Do boje o Oscara p\u016fjde za \u010ceskou republiku film Brat\u0159i re\u017eis\u00e9ra Tom\u00e1\u0161e Ma\u0161\u00edna","datePublished":"2023-09-17T03:00:00+00:00","mainEntityOfPage":{"@id":"https:\/\/www.mzone.cz\/do-boje-o-oscara-pujde-za-ceskou-republiku-film-bratri-rezisera-tomase-masina\/"},"wordCount":661,"commentCount":0,"image":{"@id":"https:\/\/www.mzone.cz\/do-boje-o-oscara-pujde-za-ceskou-republiku-film-bratri-rezisera-tomase-masina\/#primaryimage"},"thumbnailUrl":"https:\/\/www.mzone.cz\/wp-content\/uploads\/2023\/09\/Bratri.jpg","keywords":["Brat\u0159i","brat\u0159i Ma\u0161\u00ednov\u00e9","ceny","film","Filmy","Kultura","nominace","ocen\u011bn\u00ed","Oscar","P\u0159\u00edb\u011bh","Tom\u00e1\u0161 Ma\u0161\u00edn"],"articleSection":["Filmy","Kultura"],"inLanguage":"en-US","potentialAction":[{"@type":"CommentAction","name":"Comment","target":["https:\/\/www.mzone.cz\/do-boje-o-oscara-pujde-za-ceskou-republiku-film-bratri-rezisera-tomase-masina\/#respond"]}]},{"@type":"WebPage","@id":"https:\/\/www.mzone.cz\/do-boje-o-oscara-pujde-za-ceskou-republiku-film-bratri-rezisera-tomase-masina\/","url":"https:\/\/www.mzone.cz\/do-boje-o-oscara-pujde-za-ceskou-republiku-film-bratri-rezisera-tomase-masina\/","name":"Do boje o Oscara p\u016fjde za \u010ceskou republiku film Brat\u0159i re\u017eis\u00e9ra Tom\u00e1\u0161e Ma\u0161\u00edna - Mzone","isPartOf":{"@id":"https:\/\/www.mzone.cz\/#website"},"primaryImageOfPage":{"@id":"https:\/\/www.mzone.cz\/do-boje-o-oscara-pujde-za-ceskou-republiku-film-bratri-rezisera-tomase-masina\/#primaryimage"},"image":{"@id":"https:\/\/www.mzone.cz\/do-boje-o-oscara-pujde-za-ceskou-republiku-film-bratri-rezisera-tomase-masina\/#primaryimage"},"thumbnailUrl":"https:\/\/www.mzone.cz\/wp-content\/uploads\/2023\/09\/Bratri.jpg","datePublished":"2023-09-17T03:00:00+00:00","author":{"@id":"https:\/\/www.mzone.cz\/#\/schema\/person\/9bc20cc422a99cac4af6ff9297da32d4"},"description":"Kandid\u00e1ta na Oscara za \u010ceskou republiku v kategorii Nejlep\u0161\u00ed zahrani\u010dn\u00ed film ka\u017edoro\u010dn\u011b vyb\u00edr\u00e1 \u010cesk\u00e1 filmov\u00e1 a televizn\u00ed akademie (\u010cFTA), kter\u00e1 stoj\u00ed i za ud\u00edlen\u00edm cen \u010cesk\u00fd lev. V leto\u0161n\u00edm roce akademici v hlasov\u00e1n\u00ed rozhodli vyslat do boje o cenu americk\u00e9 Akademie filmov\u00e9ho um\u011bn\u00ed a v\u011bd film Brat\u0159i re\u017eis\u00e9ra Tom\u00e1\u0161e Ma\u0161\u00edna.","breadcrumb":{"@id":"https:\/\/www.mzone.cz\/do-boje-o-oscara-pujde-za-ceskou-republiku-film-bratri-rezisera-tomase-masina\/#breadcrumb"},"inLanguage":"en-US","potentialAction":[{"@type":"ReadAction","target":["https:\/\/www.mzone.cz\/do-boje-o-oscara-pujde-za-ceskou-republiku-film-bratri-rezisera-tomase-masina\/"]}]},{"@type":"ImageObject","inLanguage":"en-US","@id":"https:\/\/www.mzone.cz\/do-boje-o-oscara-pujde-za-ceskou-republiku-film-bratri-rezisera-tomase-masina\/#primaryimage","url":"https:\/\/www.mzone.cz\/wp-content\/uploads\/2023\/09\/Bratri.jpg","contentUrl":"https:\/\/www.mzone.cz\/wp-content\/uploads\/2023\/09\/Bratri.jpg","width":1740,"height":1160,"caption":"Brat\u0159i"},{"@type":"BreadcrumbList","@id":"https:\/\/www.mzone.cz\/do-boje-o-oscara-pujde-za-ceskou-republiku-film-bratri-rezisera-tomase-masina\/#breadcrumb","itemListElement":[{"@type":"ListItem","position":1,"name":"Dom\u016f","item":"https:\/\/www.mzone.cz\/"},{"@type":"ListItem","position":2,"name":"Do boje o Oscara p\u016fjde za \u010ceskou republiku film Brat\u0159i re\u017eis\u00e9ra Tom\u00e1\u0161e Ma\u0161\u00edna"}]},{"@type":"WebSite","@id":"https:\/\/www.mzone.cz\/#website","url":"https:\/\/www.mzone.cz\/","name":"Mzone","description":"Magaz\u00edn nejen pro mu\u017ee","potentialAction":[{"@type":"SearchAction","target":{"@type":"EntryPoint","urlTemplate":"https:\/\/www.mzone.cz\/?s={search_term_string}"},"query-input":{"@type":"PropertyValueSpecification","valueRequired":true,"valueName":"search_term_string"}}],"inLanguage":"en-US"},{"@type":"Person","@id":"https:\/\/www.mzone.cz\/#\/schema\/person\/9bc20cc422a99cac4af6ff9297da32d4","name":"Mzone","image":{"@type":"ImageObject","inLanguage":"en-US","@id":"https:\/\/secure.gravatar.com\/avatar\/e780a8630f3182a3d06dd667ab6bea151a0d155b0951bc15fe22633acdac0676?s=96&d=mm&r=g","url":"https:\/\/secure.gravatar.com\/avatar\/e780a8630f3182a3d06dd667ab6bea151a0d155b0951bc15fe22633acdac0676?s=96&d=mm&r=g","contentUrl":"https:\/\/secure.gravatar.com\/avatar\/e780a8630f3182a3d06dd667ab6bea151a0d155b0951bc15fe22633acdac0676?s=96&d=mm&r=g","caption":"Mzone"},"url":"https:\/\/www.mzone.cz\/en\/author\/jakub\/"}]}},"_links":{"self":[{"href":"https:\/\/www.mzone.cz\/en\/wp-json\/wp\/v2\/posts\/42016","targetHints":{"allow":["GET"]}}],"collection":[{"href":"https:\/\/www.mzone.cz\/en\/wp-json\/wp\/v2\/posts"}],"about":[{"href":"https:\/\/www.mzone.cz\/en\/wp-json\/wp\/v2\/types\/post"}],"author":[{"embeddable":true,"href":"https:\/\/www.mzone.cz\/en\/wp-json\/wp\/v2\/users\/4"}],"replies":[{"embeddable":true,"href":"https:\/\/www.mzone.cz\/en\/wp-json\/wp\/v2\/comments?post=42016"}],"version-history":[{"count":7,"href":"https:\/\/www.mzone.cz\/en\/wp-json\/wp\/v2\/posts\/42016\/revisions"}],"predecessor-version":[{"id":42027,"href":"https:\/\/www.mzone.cz\/en\/wp-json\/wp\/v2\/posts\/42016\/revisions\/42027"}],"wp:featuredmedia":[{"embeddable":true,"href":"https:\/\/www.mzone.cz\/en\/wp-json\/wp\/v2\/media\/42017"}],"wp:attachment":[{"href":"https:\/\/www.mzone.cz\/en\/wp-json\/wp\/v2\/media?parent=42016"}],"wp:term":[{"taxonomy":"category","embeddable":true,"href":"https:\/\/www.mzone.cz\/en\/wp-json\/wp\/v2\/categories?post=42016"},{"taxonomy":"post_tag","embeddable":true,"href":"https:\/\/www.mzone.cz\/en\/wp-json\/wp\/v2\/tags?post=42016"}],"curies":[{"name":"wp","href":"https:\/\/api.w.org\/{rel}","templated":true}]}}