{"id":42209,"date":"2023-10-19T05:00:00","date_gmt":"2023-10-19T03:00:00","guid":{"rendered":"https:\/\/www.mzone.cz\/?p=42209"},"modified":"2023-10-15T20:40:09","modified_gmt":"2023-10-15T18:40:09","slug":"serial-koruna-oznamuje-premieru-posledni-rady-vime-co-v-ni-bude","status":"publish","type":"post","link":"https:\/\/www.mzone.cz\/en\/serial-koruna-oznamuje-premieru-posledni-rady-vime-co-v-ni-bude\/","title":{"rendered":"Seri\u00e1l Koruna oznamuje premi\u00e9ru posledn\u00ed \u0159ady. V\u00edme, co v n\u00ed bude!"},"content":{"rendered":"<p><strong>Z\u00e1v\u011bre\u010dn\u00e1 sez\u00f3na seri\u00e1lu Koruna se uzav\u0159e ve dvou \u010d\u00e1stech, kter\u00e9 budou m\u00edt premi\u00e9ru 16. listopadu a 14. prosince. A my u\u017e v\u00edme, o \u010dem budou!<\/strong><\/p><br>\n\n\n\n<p>V prvn\u00ed \u010d\u00e1sti si Elizabeth Debicky zopakuje svou roli princezny Diany po boku Dominica Westa v roli prince Charlese. Imelda Staunton pokra\u010duje ve sv\u00e9 vl\u00e1d\u011b jako kr\u00e1lovna Al\u017eb\u011bta II. po boku Jonathana Pryce (princ Philip) a Lesley Manville (princezna Margaret). Vrac\u00ed se tak\u00e9 Salim Daw (Mohamed Al Fayed) a Khalid Abdalla (Dodi Fayed). V prvn\u00ed \u010d\u00e1sti debutuj\u00ed Rufus Kampa (princ William) a Fflyn Edwards (princ Harry).<\/p><br>\n\n\n\n<p>Z\u00e1v\u011bre\u010dn\u00e1 sez\u00f3na pokr\u00fdv\u00e1 ud\u00e1losti od roku 1997 do roku 2005, tedy zhruba obdob\u00ed vl\u00e1dy Tonyho Blaira (Bertie Carvel).<\/p>\n\n\n\n<blockquote class=\"wp-block-quote is-layout-flow wp-block-quote-is-layout-flow\">\n<p>Prvn\u00ed \u010dty\u0159i epizody (1. \u010d\u00e1st) zachycuj\u00ed rozkv\u011bt vztahu mezi princeznou Dianou a Dodim p\u0159edt\u00edm, ne\u017e se vydaj\u00ed na osudnou cestu autem, kter\u00e1 m\u00e1 celosv\u011btov\u011b zn\u00e1m\u00e9 zni\u010duj\u00edc\u00ed d\u016fsledky.\u00a0<\/p>\n<\/blockquote>\n\n\n\n<p>Z\u00e1v\u011bre\u010dn\u00e1 \u010d\u00e1st v\u016fbec cel\u00e9ho seri\u00e1lu se pak odehr\u00e1v\u00e1 v \u0161esti epizod\u00e1ch. Princ William se po smrti sv\u00e9 matky za\u010dle\u0148uje zp\u011bt do \u017eivota na Etonu, zat\u00edmco monarchie se sna\u017e\u00ed un\u00e9st t\u00edhu ve\u0159ejn\u00e9ho m\u00edn\u011bn\u00ed. Kr\u00e1lovna se do\u017e\u00edv\u00e1 sv\u00e9ho zlat\u00e9ho jubilea, p\u0159em\u00fd\u0161l\u00ed o budoucnosti monarchie, o s\u0148atku Charlese a Camilly a o po\u010d\u00e1tc\u00edch nov\u00e9 kr\u00e1lovsk\u00e9 poh\u00e1dky v pod\u00e1n\u00ed Williama a Kate.<\/p><br>\n\n\n\n<figure class=\"wp-block-image size-large\"><img loading=\"lazy\" decoding=\"async\" width=\"1024\" height=\"682\" src=\"https:\/\/www.mzone.cz\/wp-content\/uploads\/2023\/10\/Diana-1024x682.jpg\" alt=\"Koruna \u2013 posledn\u00ed \u0159ada\" class=\"wp-image-42214\" srcset=\"https:\/\/www.mzone.cz\/wp-content\/uploads\/2023\/10\/Diana-1024x682.jpg 1024w, https:\/\/www.mzone.cz\/wp-content\/uploads\/2023\/10\/Diana-300x200.jpg 300w, https:\/\/www.mzone.cz\/wp-content\/uploads\/2023\/10\/Diana-768x512.jpg 768w, https:\/\/www.mzone.cz\/wp-content\/uploads\/2023\/10\/Diana-18x12.jpg 18w, https:\/\/www.mzone.cz\/wp-content\/uploads\/2023\/10\/Diana-800x533.jpg 800w, https:\/\/www.mzone.cz\/wp-content\/uploads\/2023\/10\/Diana-400x267.jpg 400w, https:\/\/www.mzone.cz\/wp-content\/uploads\/2023\/10\/Diana-500x333.jpg 500w, https:\/\/www.mzone.cz\/wp-content\/uploads\/2023\/10\/Diana-590x393.jpg 590w, https:\/\/www.mzone.cz\/wp-content\/uploads\/2023\/10\/Diana.jpg 1034w\" sizes=\"auto, (max-width: 1024px) 100vw, 1024px\" \/><\/figure><br>\n\n\n\n<p>Ve druh\u00e9m d\u00edle se dosp\u011bl\u00fdch rol\u00ed prince Williama a prince Harryho ujmou Ed McVey a Luther Ford. K nim se p\u0159ipoj\u00ed Meg Bellamy jako Kate Middletonov\u00e1. Pro v\u0161echny t\u0159i herce to budou premi\u00e9rov\u00e9 role.&nbsp;<\/p>\n\n\n\n<blockquote class=\"wp-block-quote is-layout-flow wp-block-quote-is-layout-flow\">\n<p>Od sv\u00e9ho uveden\u00ed na <a href=\"https:\/\/www.netflix.com\/\">Netflix<\/a> v roce 2016 z\u00edskal seri\u00e1l Koruna \u0159adu nominac\u00ed a presti\u017en\u00edch ocen\u011bn\u00ed, a to v\u010detn\u011b 15 nominac\u00ed na cenu BAFTA, 10 nominac\u00ed na Zlat\u00fd gl\u00f3bus (v\u010detn\u011b 4 v\u00edt\u011bzstv\u00ed), 69 nominac\u00ed na cenu Emmy (z toho 21 v\u00edt\u011bzstv\u00ed za 4 sez\u00f3ny) a spoustu dal\u0161\u00edch.\u00a0<\/p>\n<\/blockquote>\n\n\n\n<p>Posledn\u00ed sez\u00f3na uzav\u0159e \u0161edes\u00e1t hodin vys\u00edl\u00e1n\u00ed, kter\u00e9 p\u0159edstavilo hv\u011bzdy jako Claire Foy, Vanessa Kirby, Emma Corrin nebo Josh O&#8217;Connor. M\u00e1me se evidentn\u011b na co t\u011b\u0161it!<\/p><br>\n\n\n\n<div class=\"wp-block-media-text is-stacked-on-mobile is-vertically-aligned-top\" style=\"grid-template-columns:30% auto\"><figure class=\"wp-block-media-text__media\"><a href=\"https:\/\/www.mzone.cz\/serial-narozena-v-osvetimi-prinasi-pribeh-divky-narozene-v-koncentracnim-tabore\/\"><img loading=\"lazy\" decoding=\"async\" width=\"1024\" height=\"683\" src=\"https:\/\/www.mzone.cz\/wp-content\/uploads\/2021\/02\/Narozena-v-Osvetimi-1024x683.jpg\" alt=\"Narozen\u00e1 v Osv\u011btimi\" class=\"wp-image-28217 size-full\" srcset=\"https:\/\/www.mzone.cz\/wp-content\/uploads\/2021\/02\/Narozena-v-Osvetimi-1024x683.jpg 1024w, https:\/\/www.mzone.cz\/wp-content\/uploads\/2021\/02\/Narozena-v-Osvetimi-300x200.jpg 300w, https:\/\/www.mzone.cz\/wp-content\/uploads\/2021\/02\/Narozena-v-Osvetimi-768x512.jpg 768w, https:\/\/www.mzone.cz\/wp-content\/uploads\/2021\/02\/Narozena-v-Osvetimi-1536x1024.jpg 1536w, https:\/\/www.mzone.cz\/wp-content\/uploads\/2021\/02\/Narozena-v-Osvetimi-16x12.jpg 16w, https:\/\/www.mzone.cz\/wp-content\/uploads\/2021\/02\/Narozena-v-Osvetimi-800x533.jpg 800w, https:\/\/www.mzone.cz\/wp-content\/uploads\/2021\/02\/Narozena-v-Osvetimi-400x267.jpg 400w, https:\/\/www.mzone.cz\/wp-content\/uploads\/2021\/02\/Narozena-v-Osvetimi-500x333.jpg 500w, https:\/\/www.mzone.cz\/wp-content\/uploads\/2021\/02\/Narozena-v-Osvetimi-1170x780.jpg 1170w, https:\/\/www.mzone.cz\/wp-content\/uploads\/2021\/02\/Narozena-v-Osvetimi-590x393.jpg 590w, https:\/\/www.mzone.cz\/wp-content\/uploads\/2021\/02\/Narozena-v-Osvetimi.jpg 1804w\" sizes=\"auto, (max-width: 1024px) 100vw, 1024px\" \/><\/a><\/figure><div class=\"wp-block-media-text__content\">\n<h4 class=\"wp-block-heading\"><a href=\"https:\/\/www.mzone.cz\/serial-narozena-v-osvetimi-prinasi-pribeh-divky-narozene-v-koncentracnim-tabore\/\">Seri\u00e1l Narozen\u00e1 v Osv\u011btimi p\u0159in\u00e1\u0161\u00ed p\u0159\u00edb\u011bh d\u00edvky narozen\u00e9 v koncentra\u010dn\u00edm t\u00e1bo\u0159e<\/a><\/h4><br>\n<\/div><\/div>","protected":false},"excerpt":{"rendered":"<p>Z\u00e1v\u011bre\u010dn\u00e1 sez\u00f3na seri\u00e1lu Koruna se uzav\u0159e ve dvou \u010d\u00e1stech, kter\u00e9 budou m\u00edt premi\u00e9ru 16. listopadu a 14. prosince. A my u\u017e v\u00edme, o \u010dem budou! V prvn\u00ed \u010d\u00e1sti si Elizabeth Debicky zopakuje svou roli princezny Diany po boku Dominica Westa v roli prince Charlese. Imelda Staunton pokra\u010duje ve sv\u00e9 vl\u00e1d\u011b jako kr\u00e1lovna Al\u017eb\u011bta II. po [&hellip;]<\/p>\n","protected":false},"author":4,"featured_media":42210,"comment_status":"open","ping_status":"closed","sticky":false,"template":"","format":"standard","meta":{"kk_blocks_editor_width":"","_kiokenblocks_attr":"","_kiokenblocks_dimensions":"","footnotes":""},"categories":[73,71],"tags":[6031,541,314,6027,4772,4770,31,6029,2006,1122,1146,410,6028,20,6030],"class_list":["post-42209","post","type-post","status-publish","format-standard","has-post-thumbnail","hentry","category-filmy","category-kultura","tag-dej","tag-film","tag-filmy","tag-koruna","tag-kralovna","tag-kralovska-rodina","tag-kultura","tag-monarchie","tag-netflix","tag-serial","tag-serialy","tag-televize","tag-the-crown","tag-zabava","tag-zaverecna-rada"],"yoast_head":"<!-- This site is optimized with the Yoast SEO plugin v27.5 - https:\/\/yoast.com\/product\/yoast-seo-wordpress\/ -->\n<title>Seri\u00e1l Koruna oznamuje premi\u00e9ru posledn\u00ed \u0159ady. V\u00edme, co v n\u00ed bude! - Mzone<\/title>\n<meta name=\"description\" content=\"Z\u00e1v\u011bre\u010dn\u00e1 sez\u00f3na seri\u00e1lu Koruna se uzav\u0159e ve dvou \u010d\u00e1stech, kter\u00e9 budou m\u00edt premi\u00e9ru 16. listopadu a 14. prosince. A my u\u017e v\u00edme, o \u010dem budou!\" \/>\n<meta name=\"robots\" content=\"index, follow, max-snippet:-1, max-image-preview:large, max-video-preview:-1\" \/>\n<link rel=\"canonical\" href=\"https:\/\/www.mzone.cz\/en\/serial-koruna-oznamuje-premieru-posledni-rady-vime-co-v-ni-bude\/\" \/>\n<meta property=\"og:locale\" content=\"en_US\" \/>\n<meta property=\"og:type\" content=\"article\" \/>\n<meta property=\"og:title\" content=\"Seri\u00e1l Koruna oznamuje premi\u00e9ru posledn\u00ed \u0159ady. V\u00edme, co v n\u00ed bude! - Mzone\" \/>\n<meta property=\"og:description\" content=\"Z\u00e1v\u011bre\u010dn\u00e1 sez\u00f3na seri\u00e1lu Koruna se uzav\u0159e ve dvou \u010d\u00e1stech, kter\u00e9 budou m\u00edt premi\u00e9ru 16. listopadu a 14. prosince. A my u\u017e v\u00edme, o \u010dem budou!\" \/>\n<meta property=\"og:url\" content=\"https:\/\/www.mzone.cz\/en\/serial-koruna-oznamuje-premieru-posledni-rady-vime-co-v-ni-bude\/\" \/>\n<meta property=\"og:site_name\" content=\"Mzone\" \/>\n<meta property=\"article:publisher\" content=\"https:\/\/www.facebook.com\/MzoneCZ\/\" \/>\n<meta property=\"article:published_time\" content=\"2023-10-19T03:00:00+00:00\" \/>\n<meta property=\"og:image\" content=\"https:\/\/www.mzone.cz\/wp-content\/uploads\/2023\/10\/Koruna-\u2013-The-Crown.jpg\" \/>\n\t<meta property=\"og:image:width\" content=\"1034\" \/>\n\t<meta property=\"og:image:height\" content=\"689\" \/>\n\t<meta property=\"og:image:type\" content=\"image\/jpeg\" \/>\n<meta name=\"author\" content=\"Mzone\" \/>\n<meta name=\"twitter:card\" content=\"summary_large_image\" \/>\n<meta name=\"twitter:label1\" content=\"Written by\" \/>\n\t<meta name=\"twitter:data1\" content=\"Mzone\" \/>\n\t<meta name=\"twitter:label2\" content=\"Est. reading time\" \/>\n\t<meta name=\"twitter:data2\" content=\"2 minutes\" \/>\n<script type=\"application\/ld+json\" class=\"yoast-schema-graph\">{\"@context\":\"https:\\\/\\\/schema.org\",\"@graph\":[{\"@type\":\"Article\",\"@id\":\"https:\\\/\\\/www.mzone.cz\\\/serial-koruna-oznamuje-premieru-posledni-rady-vime-co-v-ni-bude\\\/#article\",\"isPartOf\":{\"@id\":\"https:\\\/\\\/www.mzone.cz\\\/serial-koruna-oznamuje-premieru-posledni-rady-vime-co-v-ni-bude\\\/\"},\"author\":{\"name\":\"Mzone\",\"@id\":\"https:\\\/\\\/www.mzone.cz\\\/#\\\/schema\\\/person\\\/9bc20cc422a99cac4af6ff9297da32d4\"},\"headline\":\"Seri\u00e1l Koruna oznamuje premi\u00e9ru posledn\u00ed \u0159ady. V\u00edme, co v n\u00ed bude!\",\"datePublished\":\"2023-10-19T03:00:00+00:00\",\"mainEntityOfPage\":{\"@id\":\"https:\\\/\\\/www.mzone.cz\\\/serial-koruna-oznamuje-premieru-posledni-rady-vime-co-v-ni-bude\\\/\"},\"wordCount\":416,\"commentCount\":0,\"image\":{\"@id\":\"https:\\\/\\\/www.mzone.cz\\\/serial-koruna-oznamuje-premieru-posledni-rady-vime-co-v-ni-bude\\\/#primaryimage\"},\"thumbnailUrl\":\"https:\\\/\\\/www.mzone.cz\\\/wp-content\\\/uploads\\\/2023\\\/10\\\/Koruna-\u2013-The-Crown.jpg\",\"keywords\":[\"d\u011bj\",\"film\",\"Filmy\",\"Koruna\",\"kr\u00e1lovna\",\"kr\u00e1lovsk\u00e1 rodina\",\"Kultura\",\"monarchie\",\"Netflix\",\"seri\u00e1l\",\"seri\u00e1ly\",\"televize\",\"The Crown\",\"Z\u00e1bava\",\"z\u00e1v\u011bre\u010dn\u00e1 \u0159ada\"],\"articleSection\":[\"Filmy\",\"Kultura\"],\"inLanguage\":\"en-US\",\"potentialAction\":[{\"@type\":\"CommentAction\",\"name\":\"Comment\",\"target\":[\"https:\\\/\\\/www.mzone.cz\\\/serial-koruna-oznamuje-premieru-posledni-rady-vime-co-v-ni-bude\\\/#respond\"]}]},{\"@type\":\"WebPage\",\"@id\":\"https:\\\/\\\/www.mzone.cz\\\/serial-koruna-oznamuje-premieru-posledni-rady-vime-co-v-ni-bude\\\/\",\"url\":\"https:\\\/\\\/www.mzone.cz\\\/serial-koruna-oznamuje-premieru-posledni-rady-vime-co-v-ni-bude\\\/\",\"name\":\"Seri\u00e1l Koruna oznamuje premi\u00e9ru posledn\u00ed \u0159ady. V\u00edme, co v n\u00ed bude! - Mzone\",\"isPartOf\":{\"@id\":\"https:\\\/\\\/www.mzone.cz\\\/#website\"},\"primaryImageOfPage\":{\"@id\":\"https:\\\/\\\/www.mzone.cz\\\/serial-koruna-oznamuje-premieru-posledni-rady-vime-co-v-ni-bude\\\/#primaryimage\"},\"image\":{\"@id\":\"https:\\\/\\\/www.mzone.cz\\\/serial-koruna-oznamuje-premieru-posledni-rady-vime-co-v-ni-bude\\\/#primaryimage\"},\"thumbnailUrl\":\"https:\\\/\\\/www.mzone.cz\\\/wp-content\\\/uploads\\\/2023\\\/10\\\/Koruna-\u2013-The-Crown.jpg\",\"datePublished\":\"2023-10-19T03:00:00+00:00\",\"author\":{\"@id\":\"https:\\\/\\\/www.mzone.cz\\\/#\\\/schema\\\/person\\\/9bc20cc422a99cac4af6ff9297da32d4\"},\"description\":\"Z\u00e1v\u011bre\u010dn\u00e1 sez\u00f3na seri\u00e1lu Koruna se uzav\u0159e ve dvou \u010d\u00e1stech, kter\u00e9 budou m\u00edt premi\u00e9ru 16. listopadu a 14. prosince. A my u\u017e v\u00edme, o \u010dem budou!\",\"breadcrumb\":{\"@id\":\"https:\\\/\\\/www.mzone.cz\\\/serial-koruna-oznamuje-premieru-posledni-rady-vime-co-v-ni-bude\\\/#breadcrumb\"},\"inLanguage\":\"en-US\",\"potentialAction\":[{\"@type\":\"ReadAction\",\"target\":[\"https:\\\/\\\/www.mzone.cz\\\/serial-koruna-oznamuje-premieru-posledni-rady-vime-co-v-ni-bude\\\/\"]}]},{\"@type\":\"ImageObject\",\"inLanguage\":\"en-US\",\"@id\":\"https:\\\/\\\/www.mzone.cz\\\/serial-koruna-oznamuje-premieru-posledni-rady-vime-co-v-ni-bude\\\/#primaryimage\",\"url\":\"https:\\\/\\\/www.mzone.cz\\\/wp-content\\\/uploads\\\/2023\\\/10\\\/Koruna-\u2013-The-Crown.jpg\",\"contentUrl\":\"https:\\\/\\\/www.mzone.cz\\\/wp-content\\\/uploads\\\/2023\\\/10\\\/Koruna-\u2013-The-Crown.jpg\",\"width\":1034,\"height\":689,\"caption\":\"Koruna \u2013 The Crown\"},{\"@type\":\"BreadcrumbList\",\"@id\":\"https:\\\/\\\/www.mzone.cz\\\/serial-koruna-oznamuje-premieru-posledni-rady-vime-co-v-ni-bude\\\/#breadcrumb\",\"itemListElement\":[{\"@type\":\"ListItem\",\"position\":1,\"name\":\"Dom\u016f\",\"item\":\"https:\\\/\\\/www.mzone.cz\\\/\"},{\"@type\":\"ListItem\",\"position\":2,\"name\":\"Seri\u00e1l Koruna oznamuje premi\u00e9ru posledn\u00ed \u0159ady. V\u00edme, co v n\u00ed bude!\"}]},{\"@type\":\"WebSite\",\"@id\":\"https:\\\/\\\/www.mzone.cz\\\/#website\",\"url\":\"https:\\\/\\\/www.mzone.cz\\\/\",\"name\":\"Mzone\",\"description\":\"Magaz\u00edn nejen pro mu\u017ee\",\"potentialAction\":[{\"@type\":\"SearchAction\",\"target\":{\"@type\":\"EntryPoint\",\"urlTemplate\":\"https:\\\/\\\/www.mzone.cz\\\/?s={search_term_string}\"},\"query-input\":{\"@type\":\"PropertyValueSpecification\",\"valueRequired\":true,\"valueName\":\"search_term_string\"}}],\"inLanguage\":\"en-US\"},{\"@type\":\"Person\",\"@id\":\"https:\\\/\\\/www.mzone.cz\\\/#\\\/schema\\\/person\\\/9bc20cc422a99cac4af6ff9297da32d4\",\"name\":\"Mzone\",\"image\":{\"@type\":\"ImageObject\",\"inLanguage\":\"en-US\",\"@id\":\"https:\\\/\\\/secure.gravatar.com\\\/avatar\\\/e780a8630f3182a3d06dd667ab6bea151a0d155b0951bc15fe22633acdac0676?s=96&d=mm&r=g\",\"url\":\"https:\\\/\\\/secure.gravatar.com\\\/avatar\\\/e780a8630f3182a3d06dd667ab6bea151a0d155b0951bc15fe22633acdac0676?s=96&d=mm&r=g\",\"contentUrl\":\"https:\\\/\\\/secure.gravatar.com\\\/avatar\\\/e780a8630f3182a3d06dd667ab6bea151a0d155b0951bc15fe22633acdac0676?s=96&d=mm&r=g\",\"caption\":\"Mzone\"},\"url\":\"https:\\\/\\\/www.mzone.cz\\\/en\\\/author\\\/jakub\\\/\"}]}<\/script>\n<!-- \/ Yoast SEO plugin. -->","yoast_head_json":{"title":"Seri\u00e1l Koruna oznamuje premi\u00e9ru posledn\u00ed \u0159ady. V\u00edme, co v n\u00ed bude! - Mzone","description":"Z\u00e1v\u011bre\u010dn\u00e1 sez\u00f3na seri\u00e1lu Koruna se uzav\u0159e ve dvou \u010d\u00e1stech, kter\u00e9 budou m\u00edt premi\u00e9ru 16. listopadu a 14. prosince. A my u\u017e v\u00edme, o \u010dem budou!","robots":{"index":"index","follow":"follow","max-snippet":"max-snippet:-1","max-image-preview":"max-image-preview:large","max-video-preview":"max-video-preview:-1"},"canonical":"https:\/\/www.mzone.cz\/en\/serial-koruna-oznamuje-premieru-posledni-rady-vime-co-v-ni-bude\/","og_locale":"en_US","og_type":"article","og_title":"Seri\u00e1l Koruna oznamuje premi\u00e9ru posledn\u00ed \u0159ady. V\u00edme, co v n\u00ed bude! - Mzone","og_description":"Z\u00e1v\u011bre\u010dn\u00e1 sez\u00f3na seri\u00e1lu Koruna se uzav\u0159e ve dvou \u010d\u00e1stech, kter\u00e9 budou m\u00edt premi\u00e9ru 16. listopadu a 14. prosince. A my u\u017e v\u00edme, o \u010dem budou!","og_url":"https:\/\/www.mzone.cz\/en\/serial-koruna-oznamuje-premieru-posledni-rady-vime-co-v-ni-bude\/","og_site_name":"Mzone","article_publisher":"https:\/\/www.facebook.com\/MzoneCZ\/","article_published_time":"2023-10-19T03:00:00+00:00","og_image":[{"width":1034,"height":689,"url":"https:\/\/www.mzone.cz\/wp-content\/uploads\/2023\/10\/Koruna-\u2013-The-Crown.jpg","type":"image\/jpeg"}],"author":"Mzone","twitter_card":"summary_large_image","twitter_misc":{"Written by":"Mzone","Est. reading time":"2 minutes"},"schema":{"@context":"https:\/\/schema.org","@graph":[{"@type":"Article","@id":"https:\/\/www.mzone.cz\/serial-koruna-oznamuje-premieru-posledni-rady-vime-co-v-ni-bude\/#article","isPartOf":{"@id":"https:\/\/www.mzone.cz\/serial-koruna-oznamuje-premieru-posledni-rady-vime-co-v-ni-bude\/"},"author":{"name":"Mzone","@id":"https:\/\/www.mzone.cz\/#\/schema\/person\/9bc20cc422a99cac4af6ff9297da32d4"},"headline":"Seri\u00e1l Koruna oznamuje premi\u00e9ru posledn\u00ed \u0159ady. V\u00edme, co v n\u00ed bude!","datePublished":"2023-10-19T03:00:00+00:00","mainEntityOfPage":{"@id":"https:\/\/www.mzone.cz\/serial-koruna-oznamuje-premieru-posledni-rady-vime-co-v-ni-bude\/"},"wordCount":416,"commentCount":0,"image":{"@id":"https:\/\/www.mzone.cz\/serial-koruna-oznamuje-premieru-posledni-rady-vime-co-v-ni-bude\/#primaryimage"},"thumbnailUrl":"https:\/\/www.mzone.cz\/wp-content\/uploads\/2023\/10\/Koruna-\u2013-The-Crown.jpg","keywords":["d\u011bj","film","Filmy","Koruna","kr\u00e1lovna","kr\u00e1lovsk\u00e1 rodina","Kultura","monarchie","Netflix","seri\u00e1l","seri\u00e1ly","televize","The Crown","Z\u00e1bava","z\u00e1v\u011bre\u010dn\u00e1 \u0159ada"],"articleSection":["Filmy","Kultura"],"inLanguage":"en-US","potentialAction":[{"@type":"CommentAction","name":"Comment","target":["https:\/\/www.mzone.cz\/serial-koruna-oznamuje-premieru-posledni-rady-vime-co-v-ni-bude\/#respond"]}]},{"@type":"WebPage","@id":"https:\/\/www.mzone.cz\/serial-koruna-oznamuje-premieru-posledni-rady-vime-co-v-ni-bude\/","url":"https:\/\/www.mzone.cz\/serial-koruna-oznamuje-premieru-posledni-rady-vime-co-v-ni-bude\/","name":"Seri\u00e1l Koruna oznamuje premi\u00e9ru posledn\u00ed \u0159ady. V\u00edme, co v n\u00ed bude! - Mzone","isPartOf":{"@id":"https:\/\/www.mzone.cz\/#website"},"primaryImageOfPage":{"@id":"https:\/\/www.mzone.cz\/serial-koruna-oznamuje-premieru-posledni-rady-vime-co-v-ni-bude\/#primaryimage"},"image":{"@id":"https:\/\/www.mzone.cz\/serial-koruna-oznamuje-premieru-posledni-rady-vime-co-v-ni-bude\/#primaryimage"},"thumbnailUrl":"https:\/\/www.mzone.cz\/wp-content\/uploads\/2023\/10\/Koruna-\u2013-The-Crown.jpg","datePublished":"2023-10-19T03:00:00+00:00","author":{"@id":"https:\/\/www.mzone.cz\/#\/schema\/person\/9bc20cc422a99cac4af6ff9297da32d4"},"description":"Z\u00e1v\u011bre\u010dn\u00e1 sez\u00f3na seri\u00e1lu Koruna se uzav\u0159e ve dvou \u010d\u00e1stech, kter\u00e9 budou m\u00edt premi\u00e9ru 16. listopadu a 14. prosince. A my u\u017e v\u00edme, o \u010dem budou!","breadcrumb":{"@id":"https:\/\/www.mzone.cz\/serial-koruna-oznamuje-premieru-posledni-rady-vime-co-v-ni-bude\/#breadcrumb"},"inLanguage":"en-US","potentialAction":[{"@type":"ReadAction","target":["https:\/\/www.mzone.cz\/serial-koruna-oznamuje-premieru-posledni-rady-vime-co-v-ni-bude\/"]}]},{"@type":"ImageObject","inLanguage":"en-US","@id":"https:\/\/www.mzone.cz\/serial-koruna-oznamuje-premieru-posledni-rady-vime-co-v-ni-bude\/#primaryimage","url":"https:\/\/www.mzone.cz\/wp-content\/uploads\/2023\/10\/Koruna-\u2013-The-Crown.jpg","contentUrl":"https:\/\/www.mzone.cz\/wp-content\/uploads\/2023\/10\/Koruna-\u2013-The-Crown.jpg","width":1034,"height":689,"caption":"Koruna \u2013 The Crown"},{"@type":"BreadcrumbList","@id":"https:\/\/www.mzone.cz\/serial-koruna-oznamuje-premieru-posledni-rady-vime-co-v-ni-bude\/#breadcrumb","itemListElement":[{"@type":"ListItem","position":1,"name":"Dom\u016f","item":"https:\/\/www.mzone.cz\/"},{"@type":"ListItem","position":2,"name":"Seri\u00e1l Koruna oznamuje premi\u00e9ru posledn\u00ed \u0159ady. V\u00edme, co v n\u00ed bude!"}]},{"@type":"WebSite","@id":"https:\/\/www.mzone.cz\/#website","url":"https:\/\/www.mzone.cz\/","name":"Mzone","description":"Magaz\u00edn nejen pro mu\u017ee","potentialAction":[{"@type":"SearchAction","target":{"@type":"EntryPoint","urlTemplate":"https:\/\/www.mzone.cz\/?s={search_term_string}"},"query-input":{"@type":"PropertyValueSpecification","valueRequired":true,"valueName":"search_term_string"}}],"inLanguage":"en-US"},{"@type":"Person","@id":"https:\/\/www.mzone.cz\/#\/schema\/person\/9bc20cc422a99cac4af6ff9297da32d4","name":"Mzone","image":{"@type":"ImageObject","inLanguage":"en-US","@id":"https:\/\/secure.gravatar.com\/avatar\/e780a8630f3182a3d06dd667ab6bea151a0d155b0951bc15fe22633acdac0676?s=96&d=mm&r=g","url":"https:\/\/secure.gravatar.com\/avatar\/e780a8630f3182a3d06dd667ab6bea151a0d155b0951bc15fe22633acdac0676?s=96&d=mm&r=g","contentUrl":"https:\/\/secure.gravatar.com\/avatar\/e780a8630f3182a3d06dd667ab6bea151a0d155b0951bc15fe22633acdac0676?s=96&d=mm&r=g","caption":"Mzone"},"url":"https:\/\/www.mzone.cz\/en\/author\/jakub\/"}]}},"_links":{"self":[{"href":"https:\/\/www.mzone.cz\/en\/wp-json\/wp\/v2\/posts\/42209","targetHints":{"allow":["GET"]}}],"collection":[{"href":"https:\/\/www.mzone.cz\/en\/wp-json\/wp\/v2\/posts"}],"about":[{"href":"https:\/\/www.mzone.cz\/en\/wp-json\/wp\/v2\/types\/post"}],"author":[{"embeddable":true,"href":"https:\/\/www.mzone.cz\/en\/wp-json\/wp\/v2\/users\/4"}],"replies":[{"embeddable":true,"href":"https:\/\/www.mzone.cz\/en\/wp-json\/wp\/v2\/comments?post=42209"}],"version-history":[{"count":10,"href":"https:\/\/www.mzone.cz\/en\/wp-json\/wp\/v2\/posts\/42209\/revisions"}],"predecessor-version":[{"id":42224,"href":"https:\/\/www.mzone.cz\/en\/wp-json\/wp\/v2\/posts\/42209\/revisions\/42224"}],"wp:featuredmedia":[{"embeddable":true,"href":"https:\/\/www.mzone.cz\/en\/wp-json\/wp\/v2\/media\/42210"}],"wp:attachment":[{"href":"https:\/\/www.mzone.cz\/en\/wp-json\/wp\/v2\/media?parent=42209"}],"wp:term":[{"taxonomy":"category","embeddable":true,"href":"https:\/\/www.mzone.cz\/en\/wp-json\/wp\/v2\/categories?post=42209"},{"taxonomy":"post_tag","embeddable":true,"href":"https:\/\/www.mzone.cz\/en\/wp-json\/wp\/v2\/tags?post=42209"}],"curies":[{"name":"wp","href":"https:\/\/api.w.org\/{rel}","templated":true}]}}