{"id":42239,"date":"2023-10-20T18:55:18","date_gmt":"2023-10-20T16:55:18","guid":{"rendered":"https:\/\/www.mzone.cz\/?p=42239"},"modified":"2023-10-20T18:55:19","modified_gmt":"2023-10-20T16:55:19","slug":"tomas-enge-bude-ridit-zavadeci-vuz-stredoevropske-rallye","status":"publish","type":"post","link":"https:\/\/www.mzone.cz\/en\/tomas-enge-bude-ridit-zavadeci-vuz-stredoevropske-rallye\/","title":{"rendered":"Tom\u00e1\u0161 Enge bude \u0159\u00eddit zav\u00e1d\u011bc\u00ed v\u016fz St\u0159edoevropsk\u00e9 rallye"},"content":{"rendered":"<p><strong>Sportovn\u00ed model Toyota GR Yaris od spole\u010dnosti HS Automobil bude nult\u00fdm vozem na nadch\u00e1zej\u00edc\u00ed St\u0159edoevropsk\u00e9 Rallye, kter\u00e1 se bude konat ve dnech 26. a\u017e 29. \u0159\u00edjna ve t\u0159ech zem\u00edch v\u010detn\u011b \u010cesk\u00e9 republiky. Auto, jeho\u017e \u00fakolem je projet celou tra\u0165 jako zav\u00e1d\u011bc\u00ed v\u016fz, bude \u0159\u00eddit zku\u0161en\u00fd z\u00e1vodn\u00ed jezdec Tom\u00e1\u0161 Enge<\/strong>.<\/p><br>\n\n\n\n<p>Pro \u010desk\u00e9 fanou\u0161ky budou d\u016fle\u017eit\u00e9 zejm\u00e9na \u010dtvrtek a p\u00e1tek, kdy se z\u00e1vod pojede na \u010desk\u00e9m \u00fazem\u00ed. Toyota GR Yaris v\u017edy projede tra\u0165 etapy jako posledn\u00ed kontrola p\u0159ed prvn\u00edmi z\u00e1vodn\u00edmi speci\u00e1ly, ve kter\u00fdch budou za volantem nejv\u011bt\u0161\u00ed sou\u010dasn\u00e9 hv\u011bzdy WRC. Za t\u00fdm Toyota Gazoo Racing se na start postav\u00ed S\u00e9bastien Ogier, Elfyn Evans a Kalle Rovanper\u00e4.<\/p>\n\n\n\n<blockquote class=\"wp-block-quote is-layout-flow wp-block-quote-is-layout-flow\">\n<p>\u201ePro n\u00e1\u0161 GR Yaris je velk\u00e1 \u010dest, \u017ee se m\u016f\u017ee zhostit \u00fakolu nult\u00e9ho vozu. Jde o v\u016fz, kter\u00fd je sou\u010d\u00e1st\u00ed nov\u011b vznikl\u00e9ho Yaris Cupu v r\u00e1mci \u010desk\u00e9ho seri\u00e1lu rallye. Tentokr\u00e1t uvede ty nejv\u011bt\u0161\u00ed sv\u011btov\u00e9 hv\u011bzdy,&#8221; \u0159\u00edk\u00e1 Jaroslav Havl\u00edk, jednatel spole\u010dnosti HS Automobil.<\/p>\n<\/blockquote>\n\n\n\n<figure class=\"wp-block-image size-large\"><img loading=\"lazy\" decoding=\"async\" width=\"1024\" height=\"682\" src=\"https:\/\/www.mzone.cz\/wp-content\/uploads\/2023\/10\/04_Yaris_Cup_2023_HQ-5-1024x682.jpg\" alt=\"Toyota GR Yaris\" class=\"wp-image-42243\" srcset=\"https:\/\/www.mzone.cz\/wp-content\/uploads\/2023\/10\/04_Yaris_Cup_2023_HQ-5-1024x682.jpg 1024w, https:\/\/www.mzone.cz\/wp-content\/uploads\/2023\/10\/04_Yaris_Cup_2023_HQ-5-300x200.jpg 300w, https:\/\/www.mzone.cz\/wp-content\/uploads\/2023\/10\/04_Yaris_Cup_2023_HQ-5-768x512.jpg 768w, https:\/\/www.mzone.cz\/wp-content\/uploads\/2023\/10\/04_Yaris_Cup_2023_HQ-5-18x12.jpg 18w, https:\/\/www.mzone.cz\/wp-content\/uploads\/2023\/10\/04_Yaris_Cup_2023_HQ-5-800x533.jpg 800w, https:\/\/www.mzone.cz\/wp-content\/uploads\/2023\/10\/04_Yaris_Cup_2023_HQ-5-400x267.jpg 400w, https:\/\/www.mzone.cz\/wp-content\/uploads\/2023\/10\/04_Yaris_Cup_2023_HQ-5-500x333.jpg 500w, https:\/\/www.mzone.cz\/wp-content\/uploads\/2023\/10\/04_Yaris_Cup_2023_HQ-5-1170x780.jpg 1170w, https:\/\/www.mzone.cz\/wp-content\/uploads\/2023\/10\/04_Yaris_Cup_2023_HQ-5-590x393.jpg 590w, https:\/\/www.mzone.cz\/wp-content\/uploads\/2023\/10\/04_Yaris_Cup_2023_HQ-5.jpg 1280w\" sizes=\"auto, (max-width: 1024px) 100vw, 1024px\" \/><\/figure><br>\n\n\n\n<p>Toyota GR Yaris v sob\u011b nezap\u0159e rallyeov\u00e9 ko\u0159eny svou ovladatelnost\u00ed a nalad\u011bn\u00edm podvozku. O dostate\u010dn\u00fd v\u00fdkon se star\u00e1 p\u0159epl\u0148ovan\u00fd t\u0159\u00edv\u00e1lec o objemu 1,6 litru a v\u00fdkonu 300 kon\u00ed. Zav\u00e1d\u011bc\u00ed v\u016fz ve vlastnictv\u00ed jihlavsk\u00e9 spole\u010dnosti <a href=\"https:\/\/www.hsautomobil.cz\/\" target=\"_blank\" rel=\"noopener\">HS Automobil<\/a> bude mimo jin\u00e9 obrandovan\u00fd zna\u010dkou Kinto, kter\u00e1 na \u010desk\u00e9m trhu nab\u00edz\u00ed operativn\u00ed leasing Kinto One.<\/p><br>\n\n\n\n<div class=\"wp-block-media-text is-stacked-on-mobile is-vertically-aligned-top\" style=\"grid-template-columns:30% auto\"><figure class=\"wp-block-media-text__media\"><a href=\"https:\/\/www.mzone.cz\/tomas-ourednicek-pojede-dakar-s-hiluxem-v-barvach-toyota-gazoo-racing-czech\/\"><img loading=\"lazy\" decoding=\"async\" width=\"1024\" height=\"683\" src=\"https:\/\/www.mzone.cz\/wp-content\/uploads\/2023\/06\/Tomas-Ourednicek-1024x683.jpg\" alt=\"Tom\u00e1\u0161 Ou\u0159edn\u00ed\u010dek\" class=\"wp-image-40816 size-full\" srcset=\"https:\/\/www.mzone.cz\/wp-content\/uploads\/2023\/06\/Tomas-Ourednicek-1024x683.jpg 1024w, https:\/\/www.mzone.cz\/wp-content\/uploads\/2023\/06\/Tomas-Ourednicek-300x200.jpg 300w, https:\/\/www.mzone.cz\/wp-content\/uploads\/2023\/06\/Tomas-Ourednicek-768x512.jpg 768w, https:\/\/www.mzone.cz\/wp-content\/uploads\/2023\/06\/Tomas-Ourednicek-18x12.jpg 18w, https:\/\/www.mzone.cz\/wp-content\/uploads\/2023\/06\/Tomas-Ourednicek-800x533.jpg 800w, https:\/\/www.mzone.cz\/wp-content\/uploads\/2023\/06\/Tomas-Ourednicek-400x267.jpg 400w, https:\/\/www.mzone.cz\/wp-content\/uploads\/2023\/06\/Tomas-Ourednicek-500x333.jpg 500w, https:\/\/www.mzone.cz\/wp-content\/uploads\/2023\/06\/Tomas-Ourednicek-1170x780.jpg 1170w, https:\/\/www.mzone.cz\/wp-content\/uploads\/2023\/06\/Tomas-Ourednicek-590x393.jpg 590w, https:\/\/www.mzone.cz\/wp-content\/uploads\/2023\/06\/Tomas-Ourednicek.jpg 1191w\" sizes=\"auto, (max-width: 1024px) 100vw, 1024px\" \/><\/a><\/figure><div class=\"wp-block-media-text__content\">\n<h4 class=\"wp-block-heading\"><a href=\"https:\/\/www.mzone.cz\/tomas-ourednicek-pojede-dakar-s-hiluxem-v-barvach-toyota-gazoo-racing-czech\/\">Tom\u00e1\u0161 Ou\u0159edn\u00ed\u010dek pojede Dakar s Hiluxem v barv\u00e1ch Toyota Gazoo Racing Czech<\/a><\/h4><br>\n<\/div><\/div>","protected":false},"excerpt":{"rendered":"<p>Sportovn\u00ed model Toyota GR Yaris od spole\u010dnosti HS Automobil bude nult\u00fdm vozem na nadch\u00e1zej\u00edc\u00ed St\u0159edoevropsk\u00e9 Rallye, kter\u00e1 se bude konat ve dnech 26. a\u017e 29. \u0159\u00edjna ve t\u0159ech zem\u00edch v\u010detn\u011b \u010cesk\u00e9 republiky. Auto, jeho\u017e \u00fakolem je projet celou tra\u0165 jako zav\u00e1d\u011bc\u00ed v\u016fz, bude \u0159\u00eddit zku\u0161en\u00fd z\u00e1vodn\u00ed jezdec Tom\u00e1\u0161 Enge. Pro \u010desk\u00e9 fanou\u0161ky budou d\u016fle\u017eit\u00e9 zejm\u00e9na [&hellip;]<\/p>\n","protected":false},"author":4,"featured_media":42242,"comment_status":"open","ping_status":"closed","sticky":false,"template":"","format":"standard","meta":{"kk_blocks_editor_width":"","_kiokenblocks_attr":"","_kiokenblocks_dimensions":"","footnotes":""},"categories":[69,80],"tags":[585,82,462,552,636,2085,2083,42,6032,6033,687,3106,2902,6034,735,3747,102],"class_list":["post-42239","post","type-post","status-publish","format-standard","has-post-thumbnail","hentry","category-auto-moto","category-sport","tag-auta","tag-auto","tag-auto-moto","tag-automobily","tag-motorsport","tag-rally","tag-rallye","tag-sport","tag-stredoevropska-rallye","tag-tomas-enge","tag-toyota","tag-toyota-gr-yaris","tag-wrc","tag-zavadeci-vuz","tag-zavod","tag-zavodni-automobily","tag-zavody"],"yoast_head":"<!-- This site is optimized with the Yoast SEO plugin v27.5 - https:\/\/yoast.com\/product\/yoast-seo-wordpress\/ -->\n<title>Tom\u00e1\u0161 Enge bude \u0159\u00eddit zav\u00e1d\u011bc\u00ed v\u016fz St\u0159edoevropsk\u00e9 rallye - Mzone<\/title>\n<meta name=\"description\" content=\"Sportovn\u00ed model Toyota GR Yaris od spole\u010dnosti HS Automobil bude nult\u00fdm vozem na nadch\u00e1zej\u00edc\u00ed St\u0159edoevropsk\u00e9 Rallye, kter\u00e1 se bude konat ve dnech 26. a\u017e 29. \u0159\u00edjna ve t\u0159ech zem\u00edch v\u010detn\u011b \u010cesk\u00e9 republiky. Auto, jeho\u017e \u00fakolem je projet celou tra\u0165 jako zav\u00e1d\u011bc\u00ed v\u016fz, bude \u0159\u00eddit zku\u0161en\u00fd z\u00e1vodn\u00ed jezdec Tom\u00e1\u0161 Enge.\" \/>\n<meta name=\"robots\" content=\"index, follow, max-snippet:-1, max-image-preview:large, max-video-preview:-1\" \/>\n<link rel=\"canonical\" href=\"https:\/\/www.mzone.cz\/en\/tomas-enge-bude-ridit-zavadeci-vuz-stredoevropske-rallye\/\" \/>\n<meta property=\"og:locale\" content=\"en_US\" \/>\n<meta property=\"og:type\" content=\"article\" \/>\n<meta property=\"og:title\" content=\"Tom\u00e1\u0161 Enge bude \u0159\u00eddit zav\u00e1d\u011bc\u00ed v\u016fz St\u0159edoevropsk\u00e9 rallye - Mzone\" \/>\n<meta property=\"og:description\" content=\"Sportovn\u00ed model Toyota GR Yaris od spole\u010dnosti HS Automobil bude nult\u00fdm vozem na nadch\u00e1zej\u00edc\u00ed St\u0159edoevropsk\u00e9 Rallye, kter\u00e1 se bude konat ve dnech 26. a\u017e 29. \u0159\u00edjna ve t\u0159ech zem\u00edch v\u010detn\u011b \u010cesk\u00e9 republiky. Auto, jeho\u017e \u00fakolem je projet celou tra\u0165 jako zav\u00e1d\u011bc\u00ed v\u016fz, bude \u0159\u00eddit zku\u0161en\u00fd z\u00e1vodn\u00ed jezdec Tom\u00e1\u0161 Enge.\" \/>\n<meta property=\"og:url\" content=\"https:\/\/www.mzone.cz\/en\/tomas-enge-bude-ridit-zavadeci-vuz-stredoevropske-rallye\/\" \/>\n<meta property=\"og:site_name\" content=\"Mzone\" \/>\n<meta property=\"article:publisher\" content=\"https:\/\/www.facebook.com\/MzoneCZ\/\" \/>\n<meta property=\"article:published_time\" content=\"2023-10-20T16:55:18+00:00\" \/>\n<meta property=\"article:modified_time\" content=\"2023-10-20T16:55:19+00:00\" \/>\n<meta property=\"og:image\" content=\"https:\/\/www.mzone.cz\/wp-content\/uploads\/2023\/10\/04_Yaris_Cup_2023_HQ-18.jpg\" \/>\n\t<meta property=\"og:image:width\" content=\"1207\" \/>\n\t<meta property=\"og:image:height\" content=\"804\" \/>\n\t<meta property=\"og:image:type\" content=\"image\/jpeg\" \/>\n<meta name=\"author\" content=\"Mzone\" \/>\n<meta name=\"twitter:card\" content=\"summary_large_image\" \/>\n<meta name=\"twitter:label1\" content=\"Written by\" \/>\n\t<meta name=\"twitter:data1\" content=\"Mzone\" \/>\n\t<meta name=\"twitter:label2\" content=\"Est. reading time\" \/>\n\t<meta name=\"twitter:data2\" content=\"2 minutes\" \/>\n<script type=\"application\/ld+json\" class=\"yoast-schema-graph\">{\"@context\":\"https:\\\/\\\/schema.org\",\"@graph\":[{\"@type\":\"Article\",\"@id\":\"https:\\\/\\\/www.mzone.cz\\\/tomas-enge-bude-ridit-zavadeci-vuz-stredoevropske-rallye\\\/#article\",\"isPartOf\":{\"@id\":\"https:\\\/\\\/www.mzone.cz\\\/tomas-enge-bude-ridit-zavadeci-vuz-stredoevropske-rallye\\\/\"},\"author\":{\"name\":\"Mzone\",\"@id\":\"https:\\\/\\\/www.mzone.cz\\\/#\\\/schema\\\/person\\\/9bc20cc422a99cac4af6ff9297da32d4\"},\"headline\":\"Tom\u00e1\u0161 Enge bude \u0159\u00eddit zav\u00e1d\u011bc\u00ed v\u016fz St\u0159edoevropsk\u00e9 rallye\",\"datePublished\":\"2023-10-20T16:55:18+00:00\",\"dateModified\":\"2023-10-20T16:55:19+00:00\",\"mainEntityOfPage\":{\"@id\":\"https:\\\/\\\/www.mzone.cz\\\/tomas-enge-bude-ridit-zavadeci-vuz-stredoevropske-rallye\\\/\"},\"wordCount\":284,\"commentCount\":0,\"image\":{\"@id\":\"https:\\\/\\\/www.mzone.cz\\\/tomas-enge-bude-ridit-zavadeci-vuz-stredoevropske-rallye\\\/#primaryimage\"},\"thumbnailUrl\":\"https:\\\/\\\/www.mzone.cz\\\/wp-content\\\/uploads\\\/2023\\\/10\\\/04_Yaris_Cup_2023_HQ-18.jpg\",\"keywords\":[\"auta\",\"Auto\",\"auto-moto\",\"automobily\",\"motorsport\",\"rally\",\"rallye\",\"Sport\",\"St\u0159edoevropsk\u00e1 rallye\",\"Tom\u00e1\u0161 Enge\",\"Toyota\",\"Toyota GR Yaris\",\"WRC\",\"zav\u00e1d\u011bc\u00ed v\u016fz\",\"z\u00e1vod\",\"z\u00e1vodn\u00ed automobily\",\"Z\u00e1vody\"],\"articleSection\":[\"Auto-moto\",\"Sport\"],\"inLanguage\":\"en-US\",\"potentialAction\":[{\"@type\":\"CommentAction\",\"name\":\"Comment\",\"target\":[\"https:\\\/\\\/www.mzone.cz\\\/tomas-enge-bude-ridit-zavadeci-vuz-stredoevropske-rallye\\\/#respond\"]}]},{\"@type\":\"WebPage\",\"@id\":\"https:\\\/\\\/www.mzone.cz\\\/tomas-enge-bude-ridit-zavadeci-vuz-stredoevropske-rallye\\\/\",\"url\":\"https:\\\/\\\/www.mzone.cz\\\/tomas-enge-bude-ridit-zavadeci-vuz-stredoevropske-rallye\\\/\",\"name\":\"Tom\u00e1\u0161 Enge bude \u0159\u00eddit zav\u00e1d\u011bc\u00ed v\u016fz St\u0159edoevropsk\u00e9 rallye - Mzone\",\"isPartOf\":{\"@id\":\"https:\\\/\\\/www.mzone.cz\\\/#website\"},\"primaryImageOfPage\":{\"@id\":\"https:\\\/\\\/www.mzone.cz\\\/tomas-enge-bude-ridit-zavadeci-vuz-stredoevropske-rallye\\\/#primaryimage\"},\"image\":{\"@id\":\"https:\\\/\\\/www.mzone.cz\\\/tomas-enge-bude-ridit-zavadeci-vuz-stredoevropske-rallye\\\/#primaryimage\"},\"thumbnailUrl\":\"https:\\\/\\\/www.mzone.cz\\\/wp-content\\\/uploads\\\/2023\\\/10\\\/04_Yaris_Cup_2023_HQ-18.jpg\",\"datePublished\":\"2023-10-20T16:55:18+00:00\",\"dateModified\":\"2023-10-20T16:55:19+00:00\",\"author\":{\"@id\":\"https:\\\/\\\/www.mzone.cz\\\/#\\\/schema\\\/person\\\/9bc20cc422a99cac4af6ff9297da32d4\"},\"description\":\"Sportovn\u00ed model Toyota GR Yaris od spole\u010dnosti HS Automobil bude nult\u00fdm vozem na nadch\u00e1zej\u00edc\u00ed St\u0159edoevropsk\u00e9 Rallye, kter\u00e1 se bude konat ve dnech 26. a\u017e 29. \u0159\u00edjna ve t\u0159ech zem\u00edch v\u010detn\u011b \u010cesk\u00e9 republiky. Auto, jeho\u017e \u00fakolem je projet celou tra\u0165 jako zav\u00e1d\u011bc\u00ed v\u016fz, bude \u0159\u00eddit zku\u0161en\u00fd z\u00e1vodn\u00ed jezdec Tom\u00e1\u0161 Enge.\",\"breadcrumb\":{\"@id\":\"https:\\\/\\\/www.mzone.cz\\\/tomas-enge-bude-ridit-zavadeci-vuz-stredoevropske-rallye\\\/#breadcrumb\"},\"inLanguage\":\"en-US\",\"potentialAction\":[{\"@type\":\"ReadAction\",\"target\":[\"https:\\\/\\\/www.mzone.cz\\\/tomas-enge-bude-ridit-zavadeci-vuz-stredoevropske-rallye\\\/\"]}]},{\"@type\":\"ImageObject\",\"inLanguage\":\"en-US\",\"@id\":\"https:\\\/\\\/www.mzone.cz\\\/tomas-enge-bude-ridit-zavadeci-vuz-stredoevropske-rallye\\\/#primaryimage\",\"url\":\"https:\\\/\\\/www.mzone.cz\\\/wp-content\\\/uploads\\\/2023\\\/10\\\/04_Yaris_Cup_2023_HQ-18.jpg\",\"contentUrl\":\"https:\\\/\\\/www.mzone.cz\\\/wp-content\\\/uploads\\\/2023\\\/10\\\/04_Yaris_Cup_2023_HQ-18.jpg\",\"width\":1207,\"height\":804,\"caption\":\"Toyota GR Yaris\"},{\"@type\":\"BreadcrumbList\",\"@id\":\"https:\\\/\\\/www.mzone.cz\\\/tomas-enge-bude-ridit-zavadeci-vuz-stredoevropske-rallye\\\/#breadcrumb\",\"itemListElement\":[{\"@type\":\"ListItem\",\"position\":1,\"name\":\"Dom\u016f\",\"item\":\"https:\\\/\\\/www.mzone.cz\\\/\"},{\"@type\":\"ListItem\",\"position\":2,\"name\":\"Tom\u00e1\u0161 Enge bude \u0159\u00eddit zav\u00e1d\u011bc\u00ed v\u016fz St\u0159edoevropsk\u00e9 rallye\"}]},{\"@type\":\"WebSite\",\"@id\":\"https:\\\/\\\/www.mzone.cz\\\/#website\",\"url\":\"https:\\\/\\\/www.mzone.cz\\\/\",\"name\":\"Mzone\",\"description\":\"Magaz\u00edn nejen pro mu\u017ee\",\"potentialAction\":[{\"@type\":\"SearchAction\",\"target\":{\"@type\":\"EntryPoint\",\"urlTemplate\":\"https:\\\/\\\/www.mzone.cz\\\/?s={search_term_string}\"},\"query-input\":{\"@type\":\"PropertyValueSpecification\",\"valueRequired\":true,\"valueName\":\"search_term_string\"}}],\"inLanguage\":\"en-US\"},{\"@type\":\"Person\",\"@id\":\"https:\\\/\\\/www.mzone.cz\\\/#\\\/schema\\\/person\\\/9bc20cc422a99cac4af6ff9297da32d4\",\"name\":\"Mzone\",\"image\":{\"@type\":\"ImageObject\",\"inLanguage\":\"en-US\",\"@id\":\"https:\\\/\\\/secure.gravatar.com\\\/avatar\\\/e780a8630f3182a3d06dd667ab6bea151a0d155b0951bc15fe22633acdac0676?s=96&d=mm&r=g\",\"url\":\"https:\\\/\\\/secure.gravatar.com\\\/avatar\\\/e780a8630f3182a3d06dd667ab6bea151a0d155b0951bc15fe22633acdac0676?s=96&d=mm&r=g\",\"contentUrl\":\"https:\\\/\\\/secure.gravatar.com\\\/avatar\\\/e780a8630f3182a3d06dd667ab6bea151a0d155b0951bc15fe22633acdac0676?s=96&d=mm&r=g\",\"caption\":\"Mzone\"},\"url\":\"https:\\\/\\\/www.mzone.cz\\\/en\\\/author\\\/jakub\\\/\"}]}<\/script>\n<!-- \/ Yoast SEO plugin. -->","yoast_head_json":{"title":"Tom\u00e1\u0161 Enge bude \u0159\u00eddit zav\u00e1d\u011bc\u00ed v\u016fz St\u0159edoevropsk\u00e9 rallye - Mzone","description":"Sportovn\u00ed model Toyota GR Yaris od spole\u010dnosti HS Automobil bude nult\u00fdm vozem na nadch\u00e1zej\u00edc\u00ed St\u0159edoevropsk\u00e9 Rallye, kter\u00e1 se bude konat ve dnech 26. a\u017e 29. \u0159\u00edjna ve t\u0159ech zem\u00edch v\u010detn\u011b \u010cesk\u00e9 republiky. Auto, jeho\u017e \u00fakolem je projet celou tra\u0165 jako zav\u00e1d\u011bc\u00ed v\u016fz, bude \u0159\u00eddit zku\u0161en\u00fd z\u00e1vodn\u00ed jezdec Tom\u00e1\u0161 Enge.","robots":{"index":"index","follow":"follow","max-snippet":"max-snippet:-1","max-image-preview":"max-image-preview:large","max-video-preview":"max-video-preview:-1"},"canonical":"https:\/\/www.mzone.cz\/en\/tomas-enge-bude-ridit-zavadeci-vuz-stredoevropske-rallye\/","og_locale":"en_US","og_type":"article","og_title":"Tom\u00e1\u0161 Enge bude \u0159\u00eddit zav\u00e1d\u011bc\u00ed v\u016fz St\u0159edoevropsk\u00e9 rallye - Mzone","og_description":"Sportovn\u00ed model Toyota GR Yaris od spole\u010dnosti HS Automobil bude nult\u00fdm vozem na nadch\u00e1zej\u00edc\u00ed St\u0159edoevropsk\u00e9 Rallye, kter\u00e1 se bude konat ve dnech 26. a\u017e 29. \u0159\u00edjna ve t\u0159ech zem\u00edch v\u010detn\u011b \u010cesk\u00e9 republiky. Auto, jeho\u017e \u00fakolem je projet celou tra\u0165 jako zav\u00e1d\u011bc\u00ed v\u016fz, bude \u0159\u00eddit zku\u0161en\u00fd z\u00e1vodn\u00ed jezdec Tom\u00e1\u0161 Enge.","og_url":"https:\/\/www.mzone.cz\/en\/tomas-enge-bude-ridit-zavadeci-vuz-stredoevropske-rallye\/","og_site_name":"Mzone","article_publisher":"https:\/\/www.facebook.com\/MzoneCZ\/","article_published_time":"2023-10-20T16:55:18+00:00","article_modified_time":"2023-10-20T16:55:19+00:00","og_image":[{"width":1207,"height":804,"url":"https:\/\/www.mzone.cz\/wp-content\/uploads\/2023\/10\/04_Yaris_Cup_2023_HQ-18.jpg","type":"image\/jpeg"}],"author":"Mzone","twitter_card":"summary_large_image","twitter_misc":{"Written by":"Mzone","Est. reading time":"2 minutes"},"schema":{"@context":"https:\/\/schema.org","@graph":[{"@type":"Article","@id":"https:\/\/www.mzone.cz\/tomas-enge-bude-ridit-zavadeci-vuz-stredoevropske-rallye\/#article","isPartOf":{"@id":"https:\/\/www.mzone.cz\/tomas-enge-bude-ridit-zavadeci-vuz-stredoevropske-rallye\/"},"author":{"name":"Mzone","@id":"https:\/\/www.mzone.cz\/#\/schema\/person\/9bc20cc422a99cac4af6ff9297da32d4"},"headline":"Tom\u00e1\u0161 Enge bude \u0159\u00eddit zav\u00e1d\u011bc\u00ed v\u016fz St\u0159edoevropsk\u00e9 rallye","datePublished":"2023-10-20T16:55:18+00:00","dateModified":"2023-10-20T16:55:19+00:00","mainEntityOfPage":{"@id":"https:\/\/www.mzone.cz\/tomas-enge-bude-ridit-zavadeci-vuz-stredoevropske-rallye\/"},"wordCount":284,"commentCount":0,"image":{"@id":"https:\/\/www.mzone.cz\/tomas-enge-bude-ridit-zavadeci-vuz-stredoevropske-rallye\/#primaryimage"},"thumbnailUrl":"https:\/\/www.mzone.cz\/wp-content\/uploads\/2023\/10\/04_Yaris_Cup_2023_HQ-18.jpg","keywords":["auta","Auto","auto-moto","automobily","motorsport","rally","rallye","Sport","St\u0159edoevropsk\u00e1 rallye","Tom\u00e1\u0161 Enge","Toyota","Toyota GR Yaris","WRC","zav\u00e1d\u011bc\u00ed v\u016fz","z\u00e1vod","z\u00e1vodn\u00ed automobily","Z\u00e1vody"],"articleSection":["Auto-moto","Sport"],"inLanguage":"en-US","potentialAction":[{"@type":"CommentAction","name":"Comment","target":["https:\/\/www.mzone.cz\/tomas-enge-bude-ridit-zavadeci-vuz-stredoevropske-rallye\/#respond"]}]},{"@type":"WebPage","@id":"https:\/\/www.mzone.cz\/tomas-enge-bude-ridit-zavadeci-vuz-stredoevropske-rallye\/","url":"https:\/\/www.mzone.cz\/tomas-enge-bude-ridit-zavadeci-vuz-stredoevropske-rallye\/","name":"Tom\u00e1\u0161 Enge bude \u0159\u00eddit zav\u00e1d\u011bc\u00ed v\u016fz St\u0159edoevropsk\u00e9 rallye - Mzone","isPartOf":{"@id":"https:\/\/www.mzone.cz\/#website"},"primaryImageOfPage":{"@id":"https:\/\/www.mzone.cz\/tomas-enge-bude-ridit-zavadeci-vuz-stredoevropske-rallye\/#primaryimage"},"image":{"@id":"https:\/\/www.mzone.cz\/tomas-enge-bude-ridit-zavadeci-vuz-stredoevropske-rallye\/#primaryimage"},"thumbnailUrl":"https:\/\/www.mzone.cz\/wp-content\/uploads\/2023\/10\/04_Yaris_Cup_2023_HQ-18.jpg","datePublished":"2023-10-20T16:55:18+00:00","dateModified":"2023-10-20T16:55:19+00:00","author":{"@id":"https:\/\/www.mzone.cz\/#\/schema\/person\/9bc20cc422a99cac4af6ff9297da32d4"},"description":"Sportovn\u00ed model Toyota GR Yaris od spole\u010dnosti HS Automobil bude nult\u00fdm vozem na nadch\u00e1zej\u00edc\u00ed St\u0159edoevropsk\u00e9 Rallye, kter\u00e1 se bude konat ve dnech 26. a\u017e 29. \u0159\u00edjna ve t\u0159ech zem\u00edch v\u010detn\u011b \u010cesk\u00e9 republiky. Auto, jeho\u017e \u00fakolem je projet celou tra\u0165 jako zav\u00e1d\u011bc\u00ed v\u016fz, bude \u0159\u00eddit zku\u0161en\u00fd z\u00e1vodn\u00ed jezdec Tom\u00e1\u0161 Enge.","breadcrumb":{"@id":"https:\/\/www.mzone.cz\/tomas-enge-bude-ridit-zavadeci-vuz-stredoevropske-rallye\/#breadcrumb"},"inLanguage":"en-US","potentialAction":[{"@type":"ReadAction","target":["https:\/\/www.mzone.cz\/tomas-enge-bude-ridit-zavadeci-vuz-stredoevropske-rallye\/"]}]},{"@type":"ImageObject","inLanguage":"en-US","@id":"https:\/\/www.mzone.cz\/tomas-enge-bude-ridit-zavadeci-vuz-stredoevropske-rallye\/#primaryimage","url":"https:\/\/www.mzone.cz\/wp-content\/uploads\/2023\/10\/04_Yaris_Cup_2023_HQ-18.jpg","contentUrl":"https:\/\/www.mzone.cz\/wp-content\/uploads\/2023\/10\/04_Yaris_Cup_2023_HQ-18.jpg","width":1207,"height":804,"caption":"Toyota GR Yaris"},{"@type":"BreadcrumbList","@id":"https:\/\/www.mzone.cz\/tomas-enge-bude-ridit-zavadeci-vuz-stredoevropske-rallye\/#breadcrumb","itemListElement":[{"@type":"ListItem","position":1,"name":"Dom\u016f","item":"https:\/\/www.mzone.cz\/"},{"@type":"ListItem","position":2,"name":"Tom\u00e1\u0161 Enge bude \u0159\u00eddit zav\u00e1d\u011bc\u00ed v\u016fz St\u0159edoevropsk\u00e9 rallye"}]},{"@type":"WebSite","@id":"https:\/\/www.mzone.cz\/#website","url":"https:\/\/www.mzone.cz\/","name":"Mzone","description":"Magaz\u00edn nejen pro mu\u017ee","potentialAction":[{"@type":"SearchAction","target":{"@type":"EntryPoint","urlTemplate":"https:\/\/www.mzone.cz\/?s={search_term_string}"},"query-input":{"@type":"PropertyValueSpecification","valueRequired":true,"valueName":"search_term_string"}}],"inLanguage":"en-US"},{"@type":"Person","@id":"https:\/\/www.mzone.cz\/#\/schema\/person\/9bc20cc422a99cac4af6ff9297da32d4","name":"Mzone","image":{"@type":"ImageObject","inLanguage":"en-US","@id":"https:\/\/secure.gravatar.com\/avatar\/e780a8630f3182a3d06dd667ab6bea151a0d155b0951bc15fe22633acdac0676?s=96&d=mm&r=g","url":"https:\/\/secure.gravatar.com\/avatar\/e780a8630f3182a3d06dd667ab6bea151a0d155b0951bc15fe22633acdac0676?s=96&d=mm&r=g","contentUrl":"https:\/\/secure.gravatar.com\/avatar\/e780a8630f3182a3d06dd667ab6bea151a0d155b0951bc15fe22633acdac0676?s=96&d=mm&r=g","caption":"Mzone"},"url":"https:\/\/www.mzone.cz\/en\/author\/jakub\/"}]}},"_links":{"self":[{"href":"https:\/\/www.mzone.cz\/en\/wp-json\/wp\/v2\/posts\/42239","targetHints":{"allow":["GET"]}}],"collection":[{"href":"https:\/\/www.mzone.cz\/en\/wp-json\/wp\/v2\/posts"}],"about":[{"href":"https:\/\/www.mzone.cz\/en\/wp-json\/wp\/v2\/types\/post"}],"author":[{"embeddable":true,"href":"https:\/\/www.mzone.cz\/en\/wp-json\/wp\/v2\/users\/4"}],"replies":[{"embeddable":true,"href":"https:\/\/www.mzone.cz\/en\/wp-json\/wp\/v2\/comments?post=42239"}],"version-history":[{"count":6,"href":"https:\/\/www.mzone.cz\/en\/wp-json\/wp\/v2\/posts\/42239\/revisions"}],"predecessor-version":[{"id":42247,"href":"https:\/\/www.mzone.cz\/en\/wp-json\/wp\/v2\/posts\/42239\/revisions\/42247"}],"wp:featuredmedia":[{"embeddable":true,"href":"https:\/\/www.mzone.cz\/en\/wp-json\/wp\/v2\/media\/42242"}],"wp:attachment":[{"href":"https:\/\/www.mzone.cz\/en\/wp-json\/wp\/v2\/media?parent=42239"}],"wp:term":[{"taxonomy":"category","embeddable":true,"href":"https:\/\/www.mzone.cz\/en\/wp-json\/wp\/v2\/categories?post=42239"},{"taxonomy":"post_tag","embeddable":true,"href":"https:\/\/www.mzone.cz\/en\/wp-json\/wp\/v2\/tags?post=42239"}],"curies":[{"name":"wp","href":"https:\/\/api.w.org\/{rel}","templated":true}]}}