{"id":42320,"date":"2023-10-31T14:20:22","date_gmt":"2023-10-31T13:20:22","guid":{"rendered":"https:\/\/www.mzone.cz\/?p=42320"},"modified":"2023-10-31T14:20:55","modified_gmt":"2023-10-31T13:20:55","slug":"kalle-rovanpera-a-jonne-halttunen-jsou-po-stredoevropske-rallye-znovu-mistri-sveta","status":"publish","type":"post","link":"https:\/\/www.mzone.cz\/en\/kalle-rovanpera-a-jonne-halttunen-jsou-po-stredoevropske-rallye-znovu-mistri-sveta\/","title":{"rendered":"Kalle Rovanper\u00e4 a Jonne Halttunen jsou po St\u0159edoevropsk\u00e9 rallye znovu mist\u0159i sv\u011bta"},"content":{"rendered":"<p><strong>T\u0159iadvacetilet\u00fd Kalle Rovanper\u00e4, jen\u017e si v roce 2022 vyslou\u017eil uzn\u00e1n\u00ed coby historicky nejmlad\u0161\u00ed dr\u017eitel mistrovsk\u00e9ho titulu ve WRC, se nyn\u00ed s vozem GR Yaris Rally1 Hybrid stal teprve \u0161est\u00fdm jezdcem v historii WRC, kter\u00fd se dok\u00e1zal st\u00e1t mistrem sv\u011bta dva roky po sob\u011b.<\/strong><\/p><br>\n\n\n\n<p>T\u00fdm TGR-WRT sou\u010dasn\u011b ji\u017e pop\u00e1t\u00e9 v \u0159ad\u011b slav\u00ed zisk mistrovsk\u00fdch titul\u016f v kategorii z\u00e1vodn\u00edch jezdc\u016f a navig\u00e1tor\u016f. Dal\u0161\u00edm \u00fasp\u011bchem je hattrick v sout\u011b\u017ei zna\u010dek \u2013 titul v tomto \u0161ampion\u00e1tu si ji\u017e pot\u0159et\u00ed za sebou Toyota pojistila b\u011bhem posledn\u00edho rallye v Chile.<\/p>\n\n\n\n<blockquote class=\"wp-block-quote is-layout-flow wp-block-quote-is-layout-flow\">\n<p>Do premi\u00e9rov\u00e9 St\u0159edoevropsk\u00e9 rallye nap\u0159\u00ed\u010d t\u0159emi st\u00e1ty t\u00fdm nastupoval s v\u011bdom\u00edm, \u017ee leto\u0161n\u00ed titul mistra sv\u011bta v kategorii z\u00e1vodn\u00edch jezdc\u016f m\u016f\u017ee z\u00edskat ji\u017e jen Rovanper\u00e4, nebo jeho st\u00e1jov\u00fd kolega Elfyn Evans. Vzhledem k 31bodov\u00e9mu n\u00e1skoku si Rovanper\u00e4 musel pouze pohl\u00eddat, aby jej v p\u0159edposledn\u00edm kole sez\u00f3ny Evans nep\u0159ekonal.<\/p>\n<\/blockquote>\n\n\n\n<p>Do prvn\u00edho cel\u00e9ho z\u00e1vodn\u00edho dne tohoto podniku se proto Rovanper\u00e4 vrhl s maxim\u00e1ln\u00ed vervou. Na n\u00e1ro\u010dn\u00fdch asfaltov\u00fdch cest\u00e1ch v \u010cesku vyhr\u00e1l hned \u010dty\u0159i ze \u0161esti rychlostn\u00edch zkou\u0161ek, a v z\u00e1v\u011bru dne tak evidoval n\u00e1skok pln\u00fdch 36,4 sekundy.<\/p><br>\n\n\n\n<figure class=\"wp-block-image size-large\"><img loading=\"lazy\" decoding=\"async\" width=\"1024\" height=\"682\" src=\"https:\/\/www.mzone.cz\/wp-content\/uploads\/2023\/10\/wrc-2023-rd12-360-1024x682.jpg\" alt=\"St\u0159edoevropsk\u00e1 rallye\" class=\"wp-image-42325\" srcset=\"https:\/\/www.mzone.cz\/wp-content\/uploads\/2023\/10\/wrc-2023-rd12-360-1024x682.jpg 1024w, https:\/\/www.mzone.cz\/wp-content\/uploads\/2023\/10\/wrc-2023-rd12-360-300x200.jpg 300w, https:\/\/www.mzone.cz\/wp-content\/uploads\/2023\/10\/wrc-2023-rd12-360-768x512.jpg 768w, https:\/\/www.mzone.cz\/wp-content\/uploads\/2023\/10\/wrc-2023-rd12-360-18x12.jpg 18w, https:\/\/www.mzone.cz\/wp-content\/uploads\/2023\/10\/wrc-2023-rd12-360-800x533.jpg 800w, https:\/\/www.mzone.cz\/wp-content\/uploads\/2023\/10\/wrc-2023-rd12-360-400x267.jpg 400w, https:\/\/www.mzone.cz\/wp-content\/uploads\/2023\/10\/wrc-2023-rd12-360-500x333.jpg 500w, https:\/\/www.mzone.cz\/wp-content\/uploads\/2023\/10\/wrc-2023-rd12-360-1170x780.jpg 1170w, https:\/\/www.mzone.cz\/wp-content\/uploads\/2023\/10\/wrc-2023-rd12-360-590x393.jpg 590w, https:\/\/www.mzone.cz\/wp-content\/uploads\/2023\/10\/wrc-2023-rd12-360.jpg 1280w\" sizes=\"auto, (max-width: 1024px) 100vw, 1024px\" \/><\/figure><br>\n\n\n\n<p>N\u00e1ro\u010dn\u00e9 podm\u00ednky jezdce doprov\u00e1zely i po sobotn\u00edm p\u0159esunu rallye do Rakouska, kde Rovanper\u00e4 s vozem dostal smyk, co\u017e sn\u00ed\u017eilo jeho n\u00e1skok, ale mohl bezpe\u010dn\u011b pokra\u010dovat d\u00e1l.<\/p>\n\n\n\n<blockquote class=\"wp-block-quote is-layout-flow wp-block-quote-is-layout-flow\">\n<p>Evans na celkov\u00e9m t\u0159et\u00edm m\u00edst\u011b takov\u00e9 \u0161t\u011bst\u00ed nem\u011bl, b\u011bhem zkou\u0161ky SS11 opustil tra\u0165 a kv\u016fli po\u0161kozen\u00ed vozu nemohl spole\u010dn\u011b s navig\u00e1torem Scottem Martinem v j\u00edzd\u011b pokra\u010dovat.<\/p>\n<\/blockquote>\n\n\n\n<p>Evans se v ned\u011bli do z\u00e1vodu vr\u00e1til s mo\u017enost\u00ed z\u00edskat body v z\u00e1v\u011bre\u010dn\u00e9 Power Stage, nicm\u00e9n\u011b Rovanperovi v t\u00e9to chv\u00edli k zisku titulu sta\u010dilo dojet do c\u00edle se standardn\u00edm bodov\u00fdm p\u0159\u00edd\u011blem. Vzhledem k situaci a zr\u00e1dn\u00fdm podm\u00ednk\u00e1m se Fin po rychlostn\u00ed zkou\u0161ce SS11 rozhodl pro opatrn\u011bj\u0161\u00ed j\u00edzdu, a tak pozici na \u010dele rallye postoupil Thierrymu Neuvillovi (Hyundai) a d\u00e1le se stabiln\u011b dr\u017eel na pohodln\u00e9m druh\u00e9m m\u00edst\u011b, a to a\u017e do samotn\u00e9ho z\u00e1v\u011bru z\u00e1vodu. Kalle Rovanper\u00e4 tak ve v\u00fdsledku vybojoval sedm\u00e9 p\u00f3diov\u00e9 um\u00edst\u011bn\u00ed v r\u00e1mci sez\u00f3ny, v n\u00ed\u017e zat\u00edm t\u0159ikr\u00e1t zv\u00edt\u011bzil, ale p\u0159edev\u0161\u00edm ve v\u0161ech 12 dosavadn\u00edch podnic\u00edch \u2013 s jednou v\u00fdjimkou \u2013 v\u017edy dojel mezi \u010dty\u0159mi nejlep\u0161\u00edmi.<\/p><br>\n\n\n\n<figure class=\"wp-block-image size-large\"><img loading=\"lazy\" decoding=\"async\" width=\"1024\" height=\"682\" src=\"https:\/\/www.mzone.cz\/wp-content\/uploads\/2023\/10\/wrc-2023-rd12-407-1024x682.jpg\" alt=\"St\u0159edoevropsk\u00e1 rallye\" class=\"wp-image-42328\" srcset=\"https:\/\/www.mzone.cz\/wp-content\/uploads\/2023\/10\/wrc-2023-rd12-407-1024x682.jpg 1024w, https:\/\/www.mzone.cz\/wp-content\/uploads\/2023\/10\/wrc-2023-rd12-407-300x200.jpg 300w, https:\/\/www.mzone.cz\/wp-content\/uploads\/2023\/10\/wrc-2023-rd12-407-768x512.jpg 768w, https:\/\/www.mzone.cz\/wp-content\/uploads\/2023\/10\/wrc-2023-rd12-407-18x12.jpg 18w, https:\/\/www.mzone.cz\/wp-content\/uploads\/2023\/10\/wrc-2023-rd12-407-800x533.jpg 800w, https:\/\/www.mzone.cz\/wp-content\/uploads\/2023\/10\/wrc-2023-rd12-407-400x267.jpg 400w, https:\/\/www.mzone.cz\/wp-content\/uploads\/2023\/10\/wrc-2023-rd12-407-500x333.jpg 500w, https:\/\/www.mzone.cz\/wp-content\/uploads\/2023\/10\/wrc-2023-rd12-407-1170x780.jpg 1170w, https:\/\/www.mzone.cz\/wp-content\/uploads\/2023\/10\/wrc-2023-rd12-407-590x393.jpg 590w, https:\/\/www.mzone.cz\/wp-content\/uploads\/2023\/10\/wrc-2023-rd12-407.jpg 1280w\" sizes=\"auto, (max-width: 1024px) 100vw, 1024px\" \/><\/figure><br>\n\n\n\n<p>S\u00e9bastien Ogier dorazil do c\u00edle celkov\u011b \u010dtvrt\u00fd, nebo\u0165 se po p\u00e1te\u010dn\u00edm \u00favodn\u00edm ne\u00fasp\u011bchu dok\u00e1zal vr\u00e1tit do boje se \u010dty\u0159mi etapov\u00fdmi v\u00edt\u011bzstv\u00edmi. Elfyn Evans si tento v\u00edkend po j\u00edzd\u011b na pln\u00fd plyn v z\u00e1v\u011bre\u010dn\u00e9 Power Stage p\u0159ipsal na konto celkem \u010dty\u0159i v\u00edt\u011bzn\u00e9 rychlostn\u00ed zkou\u0161ky.<\/p><br>\n\n\n\n<h2 class=\"wp-block-heading\"><strong>K<\/strong>one\u010dn\u00e9 v\u00fdsledky St\u0159edoevropsk\u00e9 rallye:<\/h2>\n\n\n\n<p>1. Thierry Neuville\/Martijn Wydaeghe (Hyundai i20 N Rally1 HYBRID) 2 hod 52 min 39,9 s<br>2. Kalle Rovanper\u00e4\/Jonne Halttunen (Toyota GR YARIS Rally1 HYBRID) +57,6 s<br>3. Ott T\u00e4nak\/Martin J\u00e4rveoja (Ford Puma Rally1 HYBRID) +1 min 52,8 s<br>4. S\u00e9bastien Ogier\/Vincent Landais (Toyota GR YARIS Rally1 HYBRID) +2 min 8,6 s<br>5. Takamoto Katsuta\/Aaron Johnston (Toyota GR YARIS Rally1 HYBRID) +2 min 48,3 s<br>6. Teemu Suninen\/Mikko Markkula (Hyundai i20 N Rally1 HYBRID) +3 min 6,3 s<br>7. Gr\u00e9goire Munster\/Louis Louka (Ford Puma Rally1 HYBRID) +4 min 22,3 s<br>8. Adrien Fourmaux\/Alexandre Coria (Ford Fiesta Rally2) +11 min 35,8 s<br>9. Nicolas Ciamin\/Yannick Roche (\u0160koda Fabia RS Rally2) +11 min 53,1 s<br>10. Pierre-Louis Loubet\/Benjamin Veillas (Ford Puma Rally1 HYBRID) +12 min 4,3 s<br>11. Elfyn Evans\/Scott Martin (Toyota GR YARIS Rally1 HYBRID) +39 min 58,2 s<\/p><br>\n\n\n\n<h2 class=\"wp-block-heading\"><strong>Co bude n\u00e1sledovat?<\/strong><\/h2>\n\n\n\n<p>Sez\u00f3nu 2023 zakon\u010d\u00ed 16.\u201319. listopadu <a href=\"https:\/\/rally-japan.jp\/en\/\" target=\"_blank\" rel=\"noopener\">Rallye Japonsko<\/a>, podnik po\u0159\u00e1dan\u00fd na dom\u00e1c\u00ed p\u016fd\u011b t\u00fdmu TGR. Rallye Japonsko, kter\u00e1 se do z\u00e1vodn\u00edho kalend\u00e1\u0159e WRC vr\u00e1tila v lo\u0148sk\u00e9m roce, se po\u0159\u00e1d\u00e1 na n\u00e1ro\u010dn\u00fdch cest\u00e1ch s asfaltov\u00fdm povrchem v kopc\u00edch prefektur Ai\u010di a Gifu.<\/p><br>\n\n\n\n<div class=\"wp-block-media-text is-stacked-on-mobile is-vertically-aligned-top\" style=\"grid-template-columns:24% auto\"><figure class=\"wp-block-media-text__media\"><a href=\"https:\/\/www.mzone.cz\/tomas-enge-bude-ridit-zavadeci-vuz-stredoevropske-rallye\/\"><img loading=\"lazy\" decoding=\"async\" width=\"1024\" height=\"682\" src=\"https:\/\/www.mzone.cz\/wp-content\/uploads\/2023\/10\/04_Yaris_Cup_2023_HQ-18-1024x682.jpg\" alt=\"Toyota GR Yaris\" class=\"wp-image-42242 size-full\" srcset=\"https:\/\/www.mzone.cz\/wp-content\/uploads\/2023\/10\/04_Yaris_Cup_2023_HQ-18-1024x682.jpg 1024w, https:\/\/www.mzone.cz\/wp-content\/uploads\/2023\/10\/04_Yaris_Cup_2023_HQ-18-300x200.jpg 300w, https:\/\/www.mzone.cz\/wp-content\/uploads\/2023\/10\/04_Yaris_Cup_2023_HQ-18-768x512.jpg 768w, https:\/\/www.mzone.cz\/wp-content\/uploads\/2023\/10\/04_Yaris_Cup_2023_HQ-18-18x12.jpg 18w, https:\/\/www.mzone.cz\/wp-content\/uploads\/2023\/10\/04_Yaris_Cup_2023_HQ-18-800x533.jpg 800w, https:\/\/www.mzone.cz\/wp-content\/uploads\/2023\/10\/04_Yaris_Cup_2023_HQ-18-400x267.jpg 400w, https:\/\/www.mzone.cz\/wp-content\/uploads\/2023\/10\/04_Yaris_Cup_2023_HQ-18-500x333.jpg 500w, https:\/\/www.mzone.cz\/wp-content\/uploads\/2023\/10\/04_Yaris_Cup_2023_HQ-18-1170x780.jpg 1170w, https:\/\/www.mzone.cz\/wp-content\/uploads\/2023\/10\/04_Yaris_Cup_2023_HQ-18-590x393.jpg 590w, https:\/\/www.mzone.cz\/wp-content\/uploads\/2023\/10\/04_Yaris_Cup_2023_HQ-18.jpg 1207w\" sizes=\"auto, (max-width: 1024px) 100vw, 1024px\" \/><\/a><\/figure><div class=\"wp-block-media-text__content\">\n<h4 class=\"wp-block-heading\"><a href=\"https:\/\/www.mzone.cz\/tomas-enge-bude-ridit-zavadeci-vuz-stredoevropske-rallye\/\">Tom\u00e1\u0161 Enge bude \u0159\u00eddit zav\u00e1d\u011bc\u00ed v\u016fz St\u0159edoevropsk\u00e9 rallye<\/a><\/h4><br>\n<\/div><\/div>","protected":false},"excerpt":{"rendered":"<p>T\u0159iadvacetilet\u00fd Kalle Rovanper\u00e4, jen\u017e si v roce 2022 vyslou\u017eil uzn\u00e1n\u00ed coby historicky nejmlad\u0161\u00ed dr\u017eitel mistrovsk\u00e9ho titulu ve WRC, se nyn\u00ed s vozem GR Yaris Rally1 Hybrid stal teprve \u0161est\u00fdm jezdcem v historii WRC, kter\u00fd se dok\u00e1zal st\u00e1t mistrem sv\u011bta dva roky po sob\u011b. T\u00fdm TGR-WRT sou\u010dasn\u011b ji\u017e pop\u00e1t\u00e9 v \u0159ad\u011b slav\u00ed zisk mistrovsk\u00fdch titul\u016f v [&hellip;]<\/p>\n","protected":false},"author":4,"featured_media":42323,"comment_status":"open","ping_status":"closed","sticky":false,"template":"","format":"standard","meta":{"kk_blocks_editor_width":"","_kiokenblocks_attr":"","_kiokenblocks_dimensions":"","footnotes":""},"categories":[69,80],"tags":[82,462,3033,2220,636,2085,2083,2201,42,6032,687,2954,1136,2902,735,102],"class_list":["post-42320","post","type-post","status-publish","format-standard","has-post-thumbnail","hentry","category-auto-moto","category-sport","tag-auto","tag-auto-moto","tag-kalle-rovanpera","tag-mistr-sveta","tag-motorsport","tag-rally","tag-rallye","tag-sampionat","tag-sport","tag-stredoevropska-rallye","tag-toyota","tag-toyota-gazoo-racing","tag-vitezstvi","tag-wrc","tag-zavod","tag-zavody"],"yoast_head":"<!-- This site is optimized with the Yoast SEO plugin v27.5 - https:\/\/yoast.com\/product\/yoast-seo-wordpress\/ -->\n<title>Kalle Rovanper\u00e4 a Jonne Halttunen jsou po St\u0159edoevropsk\u00e9 rallye znovu mist\u0159i sv\u011bta - Mzone<\/title>\n<meta name=\"description\" content=\"T\u0159iadvacetilet\u00fd Kalle Rovanper\u00e4, jen\u017e si v roce 2022 vyslou\u017eil uzn\u00e1n\u00ed coby historicky nejmlad\u0161\u00ed dr\u017eitel mistrovsk\u00e9ho titulu ve WRC, se nyn\u00ed s vozem GR Yaris Rally1 Hybrid stal teprve \u0161est\u00fdm jezdcem v historii WRC, kter\u00fd se dok\u00e1zal st\u00e1t mistrem sv\u011bta dva roky po sob\u011b.\" \/>\n<meta name=\"robots\" content=\"index, follow, max-snippet:-1, max-image-preview:large, max-video-preview:-1\" \/>\n<link rel=\"canonical\" href=\"https:\/\/www.mzone.cz\/en\/kalle-rovanpera-a-jonne-halttunen-jsou-po-stredoevropske-rallye-znovu-mistri-sveta\/\" \/>\n<meta property=\"og:locale\" content=\"en_US\" \/>\n<meta property=\"og:type\" content=\"article\" \/>\n<meta property=\"og:title\" content=\"Kalle Rovanper\u00e4 a Jonne Halttunen jsou po St\u0159edoevropsk\u00e9 rallye znovu mist\u0159i sv\u011bta - Mzone\" \/>\n<meta property=\"og:description\" content=\"T\u0159iadvacetilet\u00fd Kalle Rovanper\u00e4, jen\u017e si v roce 2022 vyslou\u017eil uzn\u00e1n\u00ed coby historicky nejmlad\u0161\u00ed dr\u017eitel mistrovsk\u00e9ho titulu ve WRC, se nyn\u00ed s vozem GR Yaris Rally1 Hybrid stal teprve \u0161est\u00fdm jezdcem v historii WRC, kter\u00fd se dok\u00e1zal st\u00e1t mistrem sv\u011bta dva roky po sob\u011b.\" \/>\n<meta property=\"og:url\" content=\"https:\/\/www.mzone.cz\/en\/kalle-rovanpera-a-jonne-halttunen-jsou-po-stredoevropske-rallye-znovu-mistri-sveta\/\" \/>\n<meta property=\"og:site_name\" content=\"Mzone\" \/>\n<meta property=\"article:publisher\" content=\"https:\/\/www.facebook.com\/MzoneCZ\/\" \/>\n<meta property=\"article:published_time\" content=\"2023-10-31T13:20:22+00:00\" \/>\n<meta property=\"article:modified_time\" content=\"2023-10-31T13:20:55+00:00\" \/>\n<meta property=\"og:image\" content=\"https:\/\/www.mzone.cz\/wp-content\/uploads\/2023\/10\/wrc-2023-rd12-449.jpg\" \/>\n\t<meta property=\"og:image:width\" content=\"1091\" \/>\n\t<meta property=\"og:image:height\" content=\"727\" \/>\n\t<meta property=\"og:image:type\" content=\"image\/jpeg\" \/>\n<meta name=\"author\" content=\"Mzone\" \/>\n<meta name=\"twitter:card\" content=\"summary_large_image\" \/>\n<meta name=\"twitter:label1\" content=\"Written by\" \/>\n\t<meta name=\"twitter:data1\" content=\"Mzone\" \/>\n\t<meta name=\"twitter:label2\" content=\"Est. reading time\" \/>\n\t<meta name=\"twitter:data2\" content=\"4 minutes\" \/>\n<script type=\"application\/ld+json\" class=\"yoast-schema-graph\">{\"@context\":\"https:\\\/\\\/schema.org\",\"@graph\":[{\"@type\":\"Article\",\"@id\":\"https:\\\/\\\/www.mzone.cz\\\/kalle-rovanpera-a-jonne-halttunen-jsou-po-stredoevropske-rallye-znovu-mistri-sveta\\\/#article\",\"isPartOf\":{\"@id\":\"https:\\\/\\\/www.mzone.cz\\\/kalle-rovanpera-a-jonne-halttunen-jsou-po-stredoevropske-rallye-znovu-mistri-sveta\\\/\"},\"author\":{\"name\":\"Mzone\",\"@id\":\"https:\\\/\\\/www.mzone.cz\\\/#\\\/schema\\\/person\\\/9bc20cc422a99cac4af6ff9297da32d4\"},\"headline\":\"Kalle Rovanper\u00e4 a Jonne Halttunen jsou po St\u0159edoevropsk\u00e9 rallye znovu mist\u0159i sv\u011bta\",\"datePublished\":\"2023-10-31T13:20:22+00:00\",\"dateModified\":\"2023-10-31T13:20:55+00:00\",\"mainEntityOfPage\":{\"@id\":\"https:\\\/\\\/www.mzone.cz\\\/kalle-rovanpera-a-jonne-halttunen-jsou-po-stredoevropske-rallye-znovu-mistri-sveta\\\/\"},\"wordCount\":745,\"commentCount\":0,\"image\":{\"@id\":\"https:\\\/\\\/www.mzone.cz\\\/kalle-rovanpera-a-jonne-halttunen-jsou-po-stredoevropske-rallye-znovu-mistri-sveta\\\/#primaryimage\"},\"thumbnailUrl\":\"https:\\\/\\\/www.mzone.cz\\\/wp-content\\\/uploads\\\/2023\\\/10\\\/wrc-2023-rd12-449.jpg\",\"keywords\":[\"Auto\",\"auto-moto\",\"Kalle Rovanper\u00e4\",\"mistr sv\u011bta\",\"motorsport\",\"rally\",\"rallye\",\"\u0161ampion\u00e1t\",\"Sport\",\"St\u0159edoevropsk\u00e1 rallye\",\"Toyota\",\"Toyota Gazoo Racing\",\"v\u00edt\u011bzstv\u00ed\",\"WRC\",\"z\u00e1vod\",\"Z\u00e1vody\"],\"articleSection\":[\"Auto-moto\",\"Sport\"],\"inLanguage\":\"en-US\",\"potentialAction\":[{\"@type\":\"CommentAction\",\"name\":\"Comment\",\"target\":[\"https:\\\/\\\/www.mzone.cz\\\/kalle-rovanpera-a-jonne-halttunen-jsou-po-stredoevropske-rallye-znovu-mistri-sveta\\\/#respond\"]}]},{\"@type\":\"WebPage\",\"@id\":\"https:\\\/\\\/www.mzone.cz\\\/kalle-rovanpera-a-jonne-halttunen-jsou-po-stredoevropske-rallye-znovu-mistri-sveta\\\/\",\"url\":\"https:\\\/\\\/www.mzone.cz\\\/kalle-rovanpera-a-jonne-halttunen-jsou-po-stredoevropske-rallye-znovu-mistri-sveta\\\/\",\"name\":\"Kalle Rovanper\u00e4 a Jonne Halttunen jsou po St\u0159edoevropsk\u00e9 rallye znovu mist\u0159i sv\u011bta - Mzone\",\"isPartOf\":{\"@id\":\"https:\\\/\\\/www.mzone.cz\\\/#website\"},\"primaryImageOfPage\":{\"@id\":\"https:\\\/\\\/www.mzone.cz\\\/kalle-rovanpera-a-jonne-halttunen-jsou-po-stredoevropske-rallye-znovu-mistri-sveta\\\/#primaryimage\"},\"image\":{\"@id\":\"https:\\\/\\\/www.mzone.cz\\\/kalle-rovanpera-a-jonne-halttunen-jsou-po-stredoevropske-rallye-znovu-mistri-sveta\\\/#primaryimage\"},\"thumbnailUrl\":\"https:\\\/\\\/www.mzone.cz\\\/wp-content\\\/uploads\\\/2023\\\/10\\\/wrc-2023-rd12-449.jpg\",\"datePublished\":\"2023-10-31T13:20:22+00:00\",\"dateModified\":\"2023-10-31T13:20:55+00:00\",\"author\":{\"@id\":\"https:\\\/\\\/www.mzone.cz\\\/#\\\/schema\\\/person\\\/9bc20cc422a99cac4af6ff9297da32d4\"},\"description\":\"T\u0159iadvacetilet\u00fd Kalle Rovanper\u00e4, jen\u017e si v roce 2022 vyslou\u017eil uzn\u00e1n\u00ed coby historicky nejmlad\u0161\u00ed dr\u017eitel mistrovsk\u00e9ho titulu ve WRC, se nyn\u00ed s vozem GR Yaris Rally1 Hybrid stal teprve \u0161est\u00fdm jezdcem v historii WRC, kter\u00fd se dok\u00e1zal st\u00e1t mistrem sv\u011bta dva roky po sob\u011b.\",\"breadcrumb\":{\"@id\":\"https:\\\/\\\/www.mzone.cz\\\/kalle-rovanpera-a-jonne-halttunen-jsou-po-stredoevropske-rallye-znovu-mistri-sveta\\\/#breadcrumb\"},\"inLanguage\":\"en-US\",\"potentialAction\":[{\"@type\":\"ReadAction\",\"target\":[\"https:\\\/\\\/www.mzone.cz\\\/kalle-rovanpera-a-jonne-halttunen-jsou-po-stredoevropske-rallye-znovu-mistri-sveta\\\/\"]}]},{\"@type\":\"ImageObject\",\"inLanguage\":\"en-US\",\"@id\":\"https:\\\/\\\/www.mzone.cz\\\/kalle-rovanpera-a-jonne-halttunen-jsou-po-stredoevropske-rallye-znovu-mistri-sveta\\\/#primaryimage\",\"url\":\"https:\\\/\\\/www.mzone.cz\\\/wp-content\\\/uploads\\\/2023\\\/10\\\/wrc-2023-rd12-449.jpg\",\"contentUrl\":\"https:\\\/\\\/www.mzone.cz\\\/wp-content\\\/uploads\\\/2023\\\/10\\\/wrc-2023-rd12-449.jpg\",\"width\":1091,\"height\":727,\"caption\":\"Mist\u0159i sv\u011bta Kalle Rovanper\u00e4 a Jonne Halttunen\"},{\"@type\":\"BreadcrumbList\",\"@id\":\"https:\\\/\\\/www.mzone.cz\\\/kalle-rovanpera-a-jonne-halttunen-jsou-po-stredoevropske-rallye-znovu-mistri-sveta\\\/#breadcrumb\",\"itemListElement\":[{\"@type\":\"ListItem\",\"position\":1,\"name\":\"Dom\u016f\",\"item\":\"https:\\\/\\\/www.mzone.cz\\\/\"},{\"@type\":\"ListItem\",\"position\":2,\"name\":\"Kalle Rovanper\u00e4 a Jonne Halttunen jsou po St\u0159edoevropsk\u00e9 rallye znovu mist\u0159i sv\u011bta\"}]},{\"@type\":\"WebSite\",\"@id\":\"https:\\\/\\\/www.mzone.cz\\\/#website\",\"url\":\"https:\\\/\\\/www.mzone.cz\\\/\",\"name\":\"Mzone\",\"description\":\"Magaz\u00edn nejen pro mu\u017ee\",\"potentialAction\":[{\"@type\":\"SearchAction\",\"target\":{\"@type\":\"EntryPoint\",\"urlTemplate\":\"https:\\\/\\\/www.mzone.cz\\\/?s={search_term_string}\"},\"query-input\":{\"@type\":\"PropertyValueSpecification\",\"valueRequired\":true,\"valueName\":\"search_term_string\"}}],\"inLanguage\":\"en-US\"},{\"@type\":\"Person\",\"@id\":\"https:\\\/\\\/www.mzone.cz\\\/#\\\/schema\\\/person\\\/9bc20cc422a99cac4af6ff9297da32d4\",\"name\":\"Mzone\",\"image\":{\"@type\":\"ImageObject\",\"inLanguage\":\"en-US\",\"@id\":\"https:\\\/\\\/secure.gravatar.com\\\/avatar\\\/e780a8630f3182a3d06dd667ab6bea151a0d155b0951bc15fe22633acdac0676?s=96&d=mm&r=g\",\"url\":\"https:\\\/\\\/secure.gravatar.com\\\/avatar\\\/e780a8630f3182a3d06dd667ab6bea151a0d155b0951bc15fe22633acdac0676?s=96&d=mm&r=g\",\"contentUrl\":\"https:\\\/\\\/secure.gravatar.com\\\/avatar\\\/e780a8630f3182a3d06dd667ab6bea151a0d155b0951bc15fe22633acdac0676?s=96&d=mm&r=g\",\"caption\":\"Mzone\"},\"url\":\"https:\\\/\\\/www.mzone.cz\\\/en\\\/author\\\/jakub\\\/\"}]}<\/script>\n<!-- \/ Yoast SEO plugin. -->","yoast_head_json":{"title":"Kalle Rovanper\u00e4 a Jonne Halttunen jsou po St\u0159edoevropsk\u00e9 rallye znovu mist\u0159i sv\u011bta - Mzone","description":"T\u0159iadvacetilet\u00fd Kalle Rovanper\u00e4, jen\u017e si v roce 2022 vyslou\u017eil uzn\u00e1n\u00ed coby historicky nejmlad\u0161\u00ed dr\u017eitel mistrovsk\u00e9ho titulu ve WRC, se nyn\u00ed s vozem GR Yaris Rally1 Hybrid stal teprve \u0161est\u00fdm jezdcem v historii WRC, kter\u00fd se dok\u00e1zal st\u00e1t mistrem sv\u011bta dva roky po sob\u011b.","robots":{"index":"index","follow":"follow","max-snippet":"max-snippet:-1","max-image-preview":"max-image-preview:large","max-video-preview":"max-video-preview:-1"},"canonical":"https:\/\/www.mzone.cz\/en\/kalle-rovanpera-a-jonne-halttunen-jsou-po-stredoevropske-rallye-znovu-mistri-sveta\/","og_locale":"en_US","og_type":"article","og_title":"Kalle Rovanper\u00e4 a Jonne Halttunen jsou po St\u0159edoevropsk\u00e9 rallye znovu mist\u0159i sv\u011bta - Mzone","og_description":"T\u0159iadvacetilet\u00fd Kalle Rovanper\u00e4, jen\u017e si v roce 2022 vyslou\u017eil uzn\u00e1n\u00ed coby historicky nejmlad\u0161\u00ed dr\u017eitel mistrovsk\u00e9ho titulu ve WRC, se nyn\u00ed s vozem GR Yaris Rally1 Hybrid stal teprve \u0161est\u00fdm jezdcem v historii WRC, kter\u00fd se dok\u00e1zal st\u00e1t mistrem sv\u011bta dva roky po sob\u011b.","og_url":"https:\/\/www.mzone.cz\/en\/kalle-rovanpera-a-jonne-halttunen-jsou-po-stredoevropske-rallye-znovu-mistri-sveta\/","og_site_name":"Mzone","article_publisher":"https:\/\/www.facebook.com\/MzoneCZ\/","article_published_time":"2023-10-31T13:20:22+00:00","article_modified_time":"2023-10-31T13:20:55+00:00","og_image":[{"width":1091,"height":727,"url":"https:\/\/www.mzone.cz\/wp-content\/uploads\/2023\/10\/wrc-2023-rd12-449.jpg","type":"image\/jpeg"}],"author":"Mzone","twitter_card":"summary_large_image","twitter_misc":{"Written by":"Mzone","Est. reading time":"4 minutes"},"schema":{"@context":"https:\/\/schema.org","@graph":[{"@type":"Article","@id":"https:\/\/www.mzone.cz\/kalle-rovanpera-a-jonne-halttunen-jsou-po-stredoevropske-rallye-znovu-mistri-sveta\/#article","isPartOf":{"@id":"https:\/\/www.mzone.cz\/kalle-rovanpera-a-jonne-halttunen-jsou-po-stredoevropske-rallye-znovu-mistri-sveta\/"},"author":{"name":"Mzone","@id":"https:\/\/www.mzone.cz\/#\/schema\/person\/9bc20cc422a99cac4af6ff9297da32d4"},"headline":"Kalle Rovanper\u00e4 a Jonne Halttunen jsou po St\u0159edoevropsk\u00e9 rallye znovu mist\u0159i sv\u011bta","datePublished":"2023-10-31T13:20:22+00:00","dateModified":"2023-10-31T13:20:55+00:00","mainEntityOfPage":{"@id":"https:\/\/www.mzone.cz\/kalle-rovanpera-a-jonne-halttunen-jsou-po-stredoevropske-rallye-znovu-mistri-sveta\/"},"wordCount":745,"commentCount":0,"image":{"@id":"https:\/\/www.mzone.cz\/kalle-rovanpera-a-jonne-halttunen-jsou-po-stredoevropske-rallye-znovu-mistri-sveta\/#primaryimage"},"thumbnailUrl":"https:\/\/www.mzone.cz\/wp-content\/uploads\/2023\/10\/wrc-2023-rd12-449.jpg","keywords":["Auto","auto-moto","Kalle Rovanper\u00e4","mistr sv\u011bta","motorsport","rally","rallye","\u0161ampion\u00e1t","Sport","St\u0159edoevropsk\u00e1 rallye","Toyota","Toyota Gazoo Racing","v\u00edt\u011bzstv\u00ed","WRC","z\u00e1vod","Z\u00e1vody"],"articleSection":["Auto-moto","Sport"],"inLanguage":"en-US","potentialAction":[{"@type":"CommentAction","name":"Comment","target":["https:\/\/www.mzone.cz\/kalle-rovanpera-a-jonne-halttunen-jsou-po-stredoevropske-rallye-znovu-mistri-sveta\/#respond"]}]},{"@type":"WebPage","@id":"https:\/\/www.mzone.cz\/kalle-rovanpera-a-jonne-halttunen-jsou-po-stredoevropske-rallye-znovu-mistri-sveta\/","url":"https:\/\/www.mzone.cz\/kalle-rovanpera-a-jonne-halttunen-jsou-po-stredoevropske-rallye-znovu-mistri-sveta\/","name":"Kalle Rovanper\u00e4 a Jonne Halttunen jsou po St\u0159edoevropsk\u00e9 rallye znovu mist\u0159i sv\u011bta - Mzone","isPartOf":{"@id":"https:\/\/www.mzone.cz\/#website"},"primaryImageOfPage":{"@id":"https:\/\/www.mzone.cz\/kalle-rovanpera-a-jonne-halttunen-jsou-po-stredoevropske-rallye-znovu-mistri-sveta\/#primaryimage"},"image":{"@id":"https:\/\/www.mzone.cz\/kalle-rovanpera-a-jonne-halttunen-jsou-po-stredoevropske-rallye-znovu-mistri-sveta\/#primaryimage"},"thumbnailUrl":"https:\/\/www.mzone.cz\/wp-content\/uploads\/2023\/10\/wrc-2023-rd12-449.jpg","datePublished":"2023-10-31T13:20:22+00:00","dateModified":"2023-10-31T13:20:55+00:00","author":{"@id":"https:\/\/www.mzone.cz\/#\/schema\/person\/9bc20cc422a99cac4af6ff9297da32d4"},"description":"T\u0159iadvacetilet\u00fd Kalle Rovanper\u00e4, jen\u017e si v roce 2022 vyslou\u017eil uzn\u00e1n\u00ed coby historicky nejmlad\u0161\u00ed dr\u017eitel mistrovsk\u00e9ho titulu ve WRC, se nyn\u00ed s vozem GR Yaris Rally1 Hybrid stal teprve \u0161est\u00fdm jezdcem v historii WRC, kter\u00fd se dok\u00e1zal st\u00e1t mistrem sv\u011bta dva roky po sob\u011b.","breadcrumb":{"@id":"https:\/\/www.mzone.cz\/kalle-rovanpera-a-jonne-halttunen-jsou-po-stredoevropske-rallye-znovu-mistri-sveta\/#breadcrumb"},"inLanguage":"en-US","potentialAction":[{"@type":"ReadAction","target":["https:\/\/www.mzone.cz\/kalle-rovanpera-a-jonne-halttunen-jsou-po-stredoevropske-rallye-znovu-mistri-sveta\/"]}]},{"@type":"ImageObject","inLanguage":"en-US","@id":"https:\/\/www.mzone.cz\/kalle-rovanpera-a-jonne-halttunen-jsou-po-stredoevropske-rallye-znovu-mistri-sveta\/#primaryimage","url":"https:\/\/www.mzone.cz\/wp-content\/uploads\/2023\/10\/wrc-2023-rd12-449.jpg","contentUrl":"https:\/\/www.mzone.cz\/wp-content\/uploads\/2023\/10\/wrc-2023-rd12-449.jpg","width":1091,"height":727,"caption":"Mist\u0159i sv\u011bta Kalle Rovanper\u00e4 a Jonne Halttunen"},{"@type":"BreadcrumbList","@id":"https:\/\/www.mzone.cz\/kalle-rovanpera-a-jonne-halttunen-jsou-po-stredoevropske-rallye-znovu-mistri-sveta\/#breadcrumb","itemListElement":[{"@type":"ListItem","position":1,"name":"Dom\u016f","item":"https:\/\/www.mzone.cz\/"},{"@type":"ListItem","position":2,"name":"Kalle Rovanper\u00e4 a Jonne Halttunen jsou po St\u0159edoevropsk\u00e9 rallye znovu mist\u0159i sv\u011bta"}]},{"@type":"WebSite","@id":"https:\/\/www.mzone.cz\/#website","url":"https:\/\/www.mzone.cz\/","name":"Mzone","description":"Magaz\u00edn nejen pro mu\u017ee","potentialAction":[{"@type":"SearchAction","target":{"@type":"EntryPoint","urlTemplate":"https:\/\/www.mzone.cz\/?s={search_term_string}"},"query-input":{"@type":"PropertyValueSpecification","valueRequired":true,"valueName":"search_term_string"}}],"inLanguage":"en-US"},{"@type":"Person","@id":"https:\/\/www.mzone.cz\/#\/schema\/person\/9bc20cc422a99cac4af6ff9297da32d4","name":"Mzone","image":{"@type":"ImageObject","inLanguage":"en-US","@id":"https:\/\/secure.gravatar.com\/avatar\/e780a8630f3182a3d06dd667ab6bea151a0d155b0951bc15fe22633acdac0676?s=96&d=mm&r=g","url":"https:\/\/secure.gravatar.com\/avatar\/e780a8630f3182a3d06dd667ab6bea151a0d155b0951bc15fe22633acdac0676?s=96&d=mm&r=g","contentUrl":"https:\/\/secure.gravatar.com\/avatar\/e780a8630f3182a3d06dd667ab6bea151a0d155b0951bc15fe22633acdac0676?s=96&d=mm&r=g","caption":"Mzone"},"url":"https:\/\/www.mzone.cz\/en\/author\/jakub\/"}]}},"_links":{"self":[{"href":"https:\/\/www.mzone.cz\/en\/wp-json\/wp\/v2\/posts\/42320","targetHints":{"allow":["GET"]}}],"collection":[{"href":"https:\/\/www.mzone.cz\/en\/wp-json\/wp\/v2\/posts"}],"about":[{"href":"https:\/\/www.mzone.cz\/en\/wp-json\/wp\/v2\/types\/post"}],"author":[{"embeddable":true,"href":"https:\/\/www.mzone.cz\/en\/wp-json\/wp\/v2\/users\/4"}],"replies":[{"embeddable":true,"href":"https:\/\/www.mzone.cz\/en\/wp-json\/wp\/v2\/comments?post=42320"}],"version-history":[{"count":12,"href":"https:\/\/www.mzone.cz\/en\/wp-json\/wp\/v2\/posts\/42320\/revisions"}],"predecessor-version":[{"id":42335,"href":"https:\/\/www.mzone.cz\/en\/wp-json\/wp\/v2\/posts\/42320\/revisions\/42335"}],"wp:featuredmedia":[{"embeddable":true,"href":"https:\/\/www.mzone.cz\/en\/wp-json\/wp\/v2\/media\/42323"}],"wp:attachment":[{"href":"https:\/\/www.mzone.cz\/en\/wp-json\/wp\/v2\/media?parent=42320"}],"wp:term":[{"taxonomy":"category","embeddable":true,"href":"https:\/\/www.mzone.cz\/en\/wp-json\/wp\/v2\/categories?post=42320"},{"taxonomy":"post_tag","embeddable":true,"href":"https:\/\/www.mzone.cz\/en\/wp-json\/wp\/v2\/tags?post=42320"}],"curies":[{"name":"wp","href":"https:\/\/api.w.org\/{rel}","templated":true}]}}