{"id":42432,"date":"2023-11-19T11:13:48","date_gmt":"2023-11-19T10:13:48","guid":{"rendered":"https:\/\/www.mzone.cz\/?p=42432"},"modified":"2023-11-19T11:15:25","modified_gmt":"2023-11-19T10:15:25","slug":"dva-cesi-zabodovali-v-mezinarodni-fotograficke-soutezi-huawei-xmage-awards-2023","status":"publish","type":"post","link":"https:\/\/www.mzone.cz\/en\/dva-cesi-zabodovali-v-mezinarodni-fotograficke-soutezi-huawei-xmage-awards-2023\/","title":{"rendered":"Dva \u010ce\u0161i zabodovali v mezin\u00e1rodn\u00ed fotografick\u00e9 sout\u011b\u017ei Huawei XMAGE Awards 2023"},"content":{"rendered":"<p><strong>Sedm\u00fd ro\u010dn\u00edk sv\u011btov\u00e9 sout\u011b\u017ee XMAGE Awards 2023, kter\u00e1 se zam\u011b\u0159uje na fotografie po\u0159\u00edzen\u00e9 pomoc\u00ed za\u0159\u00edzen\u00ed Huawei, je u konce a zn\u00e1 sv\u00e9 v\u00edt\u011bze. Mezi nimi se ve dvou kategori\u00edch um\u00edstili i \u010ce\u0161i, a to Michal Petr\u016f za outdoorovou fotografii a Katrin Jaro\u0161ov\u00e1 za poveden\u00fd portr\u00e9t. Zabodovali tak v konkurenci v\u00edce ne\u017e 600 tis\u00edc fotografi\u00ed od \u00fa\u010dastn\u00edk\u016f z t\u00e9m\u011b\u0159 100 zem\u00ed sv\u011bta.<\/strong><\/p><br>\n\n\n\n<p>Spole\u010dnost Huawei po\u0159\u00e1d\u00e1 ka\u017edoro\u010dn\u011b ji\u017e od roku 2017 sout\u011b\u017e mobiln\u00ed fotografie XMAGE Awards. Ta inspiruje u\u017eivatele ke kreativn\u00edmu vyu\u017eit\u00ed fotoapar\u00e1tu sv\u00e9ho telefonu. Leto\u0161n\u00ed v\u00edt\u011bzov\u00e9 byli vybr\u00e1ni z v\u00edce ne\u017e 600 tis\u00edc p\u0159ihl\u00e1\u0161ek zaslan\u00fdch v obdob\u00ed mezi 7. dubnem a 15. srpnem 2023. Sout\u011b\u017e m\u00e1 letos t\u0159i v\u00edt\u011bze hlavn\u00ed ceny (Grand Prize), 17 v\u00edt\u011bz\u016f kategori\u00ed (Best-in-Category), 34 nejlep\u0161\u00edch nev\u00fdhern\u00edch p\u0159\u00edsp\u011bvk\u016f (Runner-ups) a t\u0159i \u010destn\u00e1 uzn\u00e1n\u00ed.<\/p><br>\n\n\n\n<h2 class=\"wp-block-heading\">Michal Petr\u016f zabodoval se stromo\u0159ad\u00edm v ji\u017en\u00edch \u010cech\u00e1ch&nbsp;<\/h2>\n\n\n\n<figure class=\"wp-block-image size-large\"><img loading=\"lazy\" decoding=\"async\" width=\"1024\" height=\"769\" src=\"https:\/\/www.mzone.cz\/wp-content\/uploads\/2023\/11\/Michal-Petru-1024x769.jpg\" alt=\"Stromo\u0159ad\u00ed Michala Petr\u016f \u2013 Huawei XMAGE Awards\" class=\"wp-image-42439\" srcset=\"https:\/\/www.mzone.cz\/wp-content\/uploads\/2023\/11\/Michal-Petru-1024x769.jpg 1024w, https:\/\/www.mzone.cz\/wp-content\/uploads\/2023\/11\/Michal-Petru-300x225.jpg 300w, https:\/\/www.mzone.cz\/wp-content\/uploads\/2023\/11\/Michal-Petru-768x577.jpg 768w, https:\/\/www.mzone.cz\/wp-content\/uploads\/2023\/11\/Michal-Petru-16x12.jpg 16w, https:\/\/www.mzone.cz\/wp-content\/uploads\/2023\/11\/Michal-Petru-590x443.jpg 590w, https:\/\/www.mzone.cz\/wp-content\/uploads\/2023\/11\/Michal-Petru.jpg 1203w\" sizes=\"auto, (max-width: 1024px) 100vw, 1024px\" \/><\/figure><br>\n\n\n\n<p>V kategorii Runner-ups se um\u00edstil i Michal Petr\u016f, zn\u00e1m\u00fd jako <a href=\"https:\/\/www.instagram.com\/losmichalos\/\" target=\"_blank\" rel=\"noreferrer noopener\">@losmichalos<\/a>, kter\u00fd ve voln\u00e9m \u010dase fot\u00ed v\u00fdhradn\u011b na smartphony Huawei. V\u00edt\u011bznou fotografii se \u0161esti stromy v kategorii Outdoor, kterou nazval stromo\u0159ad\u00ed, zachytil na Huawei P40 Pro.<\/p>\n\n\n\n<blockquote class=\"wp-block-quote is-layout-flow wp-block-quote-is-layout-flow\">\n<p>\u201eT\u00e9to kr\u00e1sn\u00e9 sc\u00e9ny jsem si v\u0161iml, kdy\u017e jsem proj\u00ed\u017ed\u011bl kolem. Nedalo mi to a musel jsem se za deset minut vr\u00e1tit a vyfotit to,\u201c okomentoval svou fotografii Michal Petr\u016f.<\/p>\n<\/blockquote>\n\n\n\n<h2 class=\"wp-block-heading\">Karin Jaro\u0161ov\u00e1 z\u00edskala st\u0159\u00edbro v kategorii portr\u00e9ty<\/h2>\n\n\n\n<figure class=\"wp-block-image is-resized\"><img loading=\"lazy\" decoding=\"async\" width=\"451\" height=\"301\" src=\"https:\/\/www.mzone.cz\/wp-content\/uploads\/2023\/11\/Karin-Jarosova.jpg\" alt=\"Fotografie Karin Jaro\u0161ov\u00e9 z Huawei XMAGE Awards\" class=\"wp-image-42441\" style=\"width:818px;height:auto\" srcset=\"https:\/\/www.mzone.cz\/wp-content\/uploads\/2023\/11\/Karin-Jarosova.jpg 451w, https:\/\/www.mzone.cz\/wp-content\/uploads\/2023\/11\/Karin-Jarosova-300x200.jpg 300w, https:\/\/www.mzone.cz\/wp-content\/uploads\/2023\/11\/Karin-Jarosova-18x12.jpg 18w, https:\/\/www.mzone.cz\/wp-content\/uploads\/2023\/11\/Karin-Jarosova-400x267.jpg 400w\" sizes=\"auto, (max-width: 451px) 100vw, 451px\" \/><\/figure><br>\n\n\n\n<p>V kategorii portr\u00e9ty si Runner-up p\u0159\u00ed\u010dku vybojovala Karin Jaro\u0161ov\u00e1 z Ostravy za fotografii siln\u00e9ho rodinn\u00e9ho z\u00e1\u017eitku. \u201eD\u011bde\u010dek vyt\u00e1hl star\u00fd sk\u00fatr z gar\u00e1\u017ee a uk\u00e1zal m\u00e9mu synovi, \u017ee st\u00e1le je\u0161t\u011b funguje,\u201d \u0159\u00edk\u00e1 Katrin Jaro\u0161ov\u00e1. Fotografii pr\u00fd po\u0159\u00eddila na telefon Huawei P10.<\/p><br>\n\n\n\n<h2 class=\"wp-block-heading\">T\u0159i fotografie, kter\u00e9 zaujali porotu a z\u00edskali hlavn\u00ed ceny&nbsp;<\/h2>\n\n\n\n<p>Hlavn\u00ed ceny z\u00edskaly fotografie \u201eDragon Clouds\u201c (Dra\u010d\u00ed mraky) od sout\u011b\u017e\u00edc\u00edho Domcar Calinawan Lagto z Filip\u00edn, \u201eAirshow\u201c (Vzduchov\u00e1 show) od sout\u011b\u017e\u00edc\u00edho Piotra Cebula z Polska a \u201eFearless Eagle\u201c (Neboj\u00e1cn\u00e1 orel) od sout\u011b\u017e\u00edc\u00edcho Dou Chuanli z \u010c\u00edny. Ka\u017ed\u00fd v\u00fdherce z\u00edskal 10 000 USD.<\/p>\n\n\n\n<blockquote class=\"wp-block-quote is-layout-flow wp-block-quote-is-layout-flow\">\n<p>\u201cObr\u00e1zek klade v\u00edce ot\u00e1zek, ne\u017e nab\u00edz\u00ed odpov\u011bd\u00ed, tak\u017ee podn\u011bcuje div\u00e1kovu p\u0159edstavivost. P\u0159istane letadlo bezpe\u010dn\u011b, nebo se z\u0159\u00edt\u00ed? Kam sm\u011b\u0159uje? Komu pat\u0159\u00ed silueta mu\u017ee v pop\u0159ed\u00ed? Na t\u00e9to fotografii je c\u00edtit rozv\u00edjej\u00edc\u00ed se p\u0159\u00edb\u011bh v pohybu, kter\u00fd vyz\u00fdv\u00e1 div\u00e1ka, aby si doplnil mezery,\u201d vyj\u00e1d\u0159ila se australsk\u00e1 portr\u00e9tov\u00e1 fotografka Jessica Hromas.<\/p>\n<\/blockquote>\n\n\n\n<figure class=\"wp-block-image size-full\"><img loading=\"lazy\" decoding=\"async\" width=\"786\" height=\"590\" src=\"https:\/\/www.mzone.cz\/wp-content\/uploads\/2023\/11\/Vzduchova-show.jpg\" alt=\"Vzduchov\u00e1 show od Piotra Cebula\" class=\"wp-image-42445\" srcset=\"https:\/\/www.mzone.cz\/wp-content\/uploads\/2023\/11\/Vzduchova-show.jpg 786w, https:\/\/www.mzone.cz\/wp-content\/uploads\/2023\/11\/Vzduchova-show-300x225.jpg 300w, https:\/\/www.mzone.cz\/wp-content\/uploads\/2023\/11\/Vzduchova-show-768x576.jpg 768w, https:\/\/www.mzone.cz\/wp-content\/uploads\/2023\/11\/Vzduchova-show-16x12.jpg 16w, https:\/\/www.mzone.cz\/wp-content\/uploads\/2023\/11\/Vzduchova-show-590x443.jpg 590w\" sizes=\"auto, (max-width: 786px) 100vw, 786px\" \/><\/figure><br>\n\n\n\n<p>\u201cKrom\u011b toho, co je vid\u011bt navenek, je je\u0161t\u011b d\u016fle\u017eit\u011bj\u0161\u00ed naj\u00edt vnitro subjekt\u016f a jejich charakter nebo jejich emoce v dan\u00e9m okam\u017eiku. Na obrazech, fotografi\u00edch a vide\u00edch jsme vid\u011bli u\u017e mno\u017estv\u00ed orl\u016f, ale tohoto si ur\u010dit\u011b nav\u017edy zapamatuji \u2013 zachyt\u00e1v\u00e1 pravou\u00a0du\u0161i orla. Pod jeho hust\u00fdm pe\u0159\u00edm se skr\u00fdvaj\u00ed ostr\u00e9, zastra\u0161uj\u00edc\u00ed o\u010di,\u201d \u0159\u00edk\u00e1 \u010d\u00ednsky m\u00f3dn\u00ed fotograf Pei Tongtong.<\/p><br>\n\n\n\n<p>\u00da\u010dastn\u00edci leto\u0161n\u00edho ro\u010dn\u00edku sout\u011b\u017ee poch\u00e1zeli z t\u00e9m\u011b\u0159 100 zem\u00ed sv\u011bta. Nejv\u00edce p\u0159ihl\u00e1\u0161en\u00fdch sout\u011b\u017e\u00edc\u00edch bylo z \u010c\u00edny, Malajsie, Turecka, Polska, Filip\u00edn a Spojen\u00fdch arabsk\u00fdch emir\u00e1t\u016f. Nejobl\u00edben\u011bj\u0161\u00edmi modely telefon\u016f pou\u017eit\u00fdch k zachycen\u00ed fotografi\u00ed byly Huawei P60 Pro, Huawei P40 Pro a Huawei Mate 40 Pro.<\/p><br>\n\n\n\n<div class=\"wp-block-media-text is-stacked-on-mobile is-vertically-aligned-top\" style=\"grid-template-columns:35% auto\"><figure class=\"wp-block-media-text__media\"><a href=\"https:\/\/www.mzone.cz\/foceni-prirody-tipy-profesionalniho-fotografa-patrika-stanka\/\"><img loading=\"lazy\" decoding=\"async\" width=\"1024\" height=\"683\" src=\"https:\/\/www.mzone.cz\/wp-content\/uploads\/2022\/04\/Foceni-prirody-\u2013-zaba-1024x683.jpg\" alt=\"Focen\u00ed p\u0159\u00edrody \u2013 \u017e\u00e1ba\" class=\"wp-image-36558 size-full\" srcset=\"https:\/\/www.mzone.cz\/wp-content\/uploads\/2022\/04\/Foceni-prirody-\u2013-zaba-1024x683.jpg 1024w, https:\/\/www.mzone.cz\/wp-content\/uploads\/2022\/04\/Foceni-prirody-\u2013-zaba-300x200.jpg 300w, https:\/\/www.mzone.cz\/wp-content\/uploads\/2022\/04\/Foceni-prirody-\u2013-zaba-768x512.jpg 768w, https:\/\/www.mzone.cz\/wp-content\/uploads\/2022\/04\/Foceni-prirody-\u2013-zaba-18x12.jpg 18w, https:\/\/www.mzone.cz\/wp-content\/uploads\/2022\/04\/Foceni-prirody-\u2013-zaba-800x533.jpg 800w, https:\/\/www.mzone.cz\/wp-content\/uploads\/2022\/04\/Foceni-prirody-\u2013-zaba-400x267.jpg 400w, https:\/\/www.mzone.cz\/wp-content\/uploads\/2022\/04\/Foceni-prirody-\u2013-zaba-500x333.jpg 500w, https:\/\/www.mzone.cz\/wp-content\/uploads\/2022\/04\/Foceni-prirody-\u2013-zaba-1170x780.jpg 1170w, https:\/\/www.mzone.cz\/wp-content\/uploads\/2022\/04\/Foceni-prirody-\u2013-zaba-590x393.jpg 590w, https:\/\/www.mzone.cz\/wp-content\/uploads\/2022\/04\/Foceni-prirody-\u2013-zaba.jpg 1536w\" sizes=\"auto, (max-width: 1024px) 100vw, 1024px\" \/><\/a><\/figure><div class=\"wp-block-media-text__content\">\n<h4 class=\"wp-block-heading\"><a href=\"https:\/\/www.mzone.cz\/foceni-prirody-tipy-profesionalniho-fotografa-patrika-stanka\/\">Jak na dokonal\u00e9 fotografie p\u0159\u00edrody? Vyzkou\u0161ejte 10 tip\u016f profesion\u00e1ln\u00edho fotografa Patrika Sta\u0148ka<\/a><\/h4><br>\n<\/div><\/div>","protected":false},"excerpt":{"rendered":"<p>Sedm\u00fd ro\u010dn\u00edk sv\u011btov\u00e9 sout\u011b\u017ee XMAGE Awards 2023, kter\u00e1 se zam\u011b\u0159uje na fotografie po\u0159\u00edzen\u00e9 pomoc\u00ed za\u0159\u00edzen\u00ed Huawei, je u konce a zn\u00e1 sv\u00e9 v\u00edt\u011bze. Mezi nimi se ve dvou kategori\u00edch um\u00edstili i \u010ce\u0161i, a to Michal Petr\u016f za outdoorovou fotografii a Katrin Jaro\u0161ov\u00e1 za poveden\u00fd portr\u00e9t. Zabodovali tak v konkurenci v\u00edce ne\u017e 600 tis\u00edc fotografi\u00ed od [&hellip;]<\/p>\n","protected":false},"author":4,"featured_media":42436,"comment_status":"open","ping_status":"closed","sticky":false,"template":"","format":"standard","meta":{"kk_blocks_editor_width":"","_kiokenblocks_attr":"","_kiokenblocks_dimensions":"","footnotes":""},"categories":[71,72],"tags":[1709,3222,313,6060,958,6059,31,1443,957,424],"class_list":["post-42432","post","type-post","status-publish","format-standard","has-post-thumbnail","hentry","category-kultura","category-umeni","tag-cesi","tag-foceni","tag-fotky","tag-fotograficka-soutez","tag-fotografie","tag-huawei-xmage-awards","tag-kultura","tag-soutez","tag-umeni","tag-uspech"],"yoast_head":"<!-- This site is optimized with the Yoast SEO plugin v27.5 - https:\/\/yoast.com\/product\/yoast-seo-wordpress\/ -->\n<title>Dva \u010ce\u0161i zabodovali v mezin\u00e1rodn\u00ed fotografick\u00e9 sout\u011b\u017ei Huawei XMAGE Awards 2023 - Mzone<\/title>\n<meta name=\"description\" content=\"Sedm\u00fd ro\u010dn\u00edk sv\u011btov\u00e9 sout\u011b\u017ee XMAGE Awards 2023, kter\u00e1 se zam\u011b\u0159uje na fotografie po\u0159\u00edzen\u00e9 pomoc\u00ed za\u0159\u00edzen\u00ed Huawei, je u konce a zn\u00e1 sv\u00e9 v\u00edt\u011bze. Mezi nimi se ve dvou kategori\u00edch um\u00edstili i \u010ce\u0161i, a to Michal Petr\u016f za outdoorovou fotografii a Katrin Jaro\u0161ov\u00e1 za poveden\u00fd portr\u00e9t.\" \/>\n<meta name=\"robots\" content=\"index, follow, max-snippet:-1, max-image-preview:large, max-video-preview:-1\" \/>\n<link rel=\"canonical\" href=\"https:\/\/www.mzone.cz\/en\/dva-cesi-zabodovali-v-mezinarodni-fotograficke-soutezi-huawei-xmage-awards-2023\/\" \/>\n<meta property=\"og:locale\" content=\"en_US\" \/>\n<meta property=\"og:type\" content=\"article\" \/>\n<meta property=\"og:title\" content=\"Dva \u010ce\u0161i zabodovali v mezin\u00e1rodn\u00ed fotografick\u00e9 sout\u011b\u017ei Huawei XMAGE Awards 2023 - Mzone\" \/>\n<meta property=\"og:description\" content=\"Sedm\u00fd ro\u010dn\u00edk sv\u011btov\u00e9 sout\u011b\u017ee XMAGE Awards 2023, kter\u00e1 se zam\u011b\u0159uje na fotografie po\u0159\u00edzen\u00e9 pomoc\u00ed za\u0159\u00edzen\u00ed Huawei, je u konce a zn\u00e1 sv\u00e9 v\u00edt\u011bze. Mezi nimi se ve dvou kategori\u00edch um\u00edstili i \u010ce\u0161i, a to Michal Petr\u016f za outdoorovou fotografii a Katrin Jaro\u0161ov\u00e1 za poveden\u00fd portr\u00e9t.\" \/>\n<meta property=\"og:url\" content=\"https:\/\/www.mzone.cz\/en\/dva-cesi-zabodovali-v-mezinarodni-fotograficke-soutezi-huawei-xmage-awards-2023\/\" \/>\n<meta property=\"og:site_name\" content=\"Mzone\" \/>\n<meta property=\"article:publisher\" content=\"https:\/\/www.facebook.com\/MzoneCZ\/\" \/>\n<meta property=\"article:published_time\" content=\"2023-11-19T10:13:48+00:00\" \/>\n<meta property=\"article:modified_time\" content=\"2023-11-19T10:15:25+00:00\" \/>\n<meta property=\"og:image\" content=\"https:\/\/www.mzone.cz\/wp-content\/uploads\/2023\/11\/Draci-mraky.jpg\" \/>\n\t<meta property=\"og:image:width\" content=\"700\" \/>\n\t<meta property=\"og:image:height\" content=\"467\" \/>\n\t<meta property=\"og:image:type\" content=\"image\/jpeg\" \/>\n<meta name=\"author\" content=\"Mzone\" \/>\n<meta name=\"twitter:card\" content=\"summary_large_image\" \/>\n<meta name=\"twitter:label1\" content=\"Written by\" \/>\n\t<meta name=\"twitter:data1\" content=\"Mzone\" \/>\n\t<meta name=\"twitter:label2\" content=\"Est. reading time\" \/>\n\t<meta name=\"twitter:data2\" content=\"3 minutes\" \/>\n<script type=\"application\/ld+json\" class=\"yoast-schema-graph\">{\"@context\":\"https:\\\/\\\/schema.org\",\"@graph\":[{\"@type\":\"Article\",\"@id\":\"https:\\\/\\\/www.mzone.cz\\\/dva-cesi-zabodovali-v-mezinarodni-fotograficke-soutezi-huawei-xmage-awards-2023\\\/#article\",\"isPartOf\":{\"@id\":\"https:\\\/\\\/www.mzone.cz\\\/dva-cesi-zabodovali-v-mezinarodni-fotograficke-soutezi-huawei-xmage-awards-2023\\\/\"},\"author\":{\"name\":\"Mzone\",\"@id\":\"https:\\\/\\\/www.mzone.cz\\\/#\\\/schema\\\/person\\\/9bc20cc422a99cac4af6ff9297da32d4\"},\"headline\":\"Dva \u010ce\u0161i zabodovali v mezin\u00e1rodn\u00ed fotografick\u00e9 sout\u011b\u017ei Huawei XMAGE Awards 2023\",\"datePublished\":\"2023-11-19T10:13:48+00:00\",\"dateModified\":\"2023-11-19T10:15:25+00:00\",\"mainEntityOfPage\":{\"@id\":\"https:\\\/\\\/www.mzone.cz\\\/dva-cesi-zabodovali-v-mezinarodni-fotograficke-soutezi-huawei-xmage-awards-2023\\\/\"},\"wordCount\":636,\"commentCount\":0,\"image\":{\"@id\":\"https:\\\/\\\/www.mzone.cz\\\/dva-cesi-zabodovali-v-mezinarodni-fotograficke-soutezi-huawei-xmage-awards-2023\\\/#primaryimage\"},\"thumbnailUrl\":\"https:\\\/\\\/www.mzone.cz\\\/wp-content\\\/uploads\\\/2023\\\/11\\\/Draci-mraky.jpg\",\"keywords\":[\"\u010ce\u0161i\",\"focen\u00ed\",\"fotky\",\"fotografick\u00e1 sout\u011b\u017e\",\"fotografie\",\"Huawei XMAGE Awards\",\"Kultura\",\"sout\u011b\u017e\",\"um\u011bn\u00ed\",\"\u00fasp\u011bch\"],\"articleSection\":[\"Kultura\",\"Um\u011bn\u00ed\"],\"inLanguage\":\"en-US\",\"potentialAction\":[{\"@type\":\"CommentAction\",\"name\":\"Comment\",\"target\":[\"https:\\\/\\\/www.mzone.cz\\\/dva-cesi-zabodovali-v-mezinarodni-fotograficke-soutezi-huawei-xmage-awards-2023\\\/#respond\"]}]},{\"@type\":\"WebPage\",\"@id\":\"https:\\\/\\\/www.mzone.cz\\\/dva-cesi-zabodovali-v-mezinarodni-fotograficke-soutezi-huawei-xmage-awards-2023\\\/\",\"url\":\"https:\\\/\\\/www.mzone.cz\\\/dva-cesi-zabodovali-v-mezinarodni-fotograficke-soutezi-huawei-xmage-awards-2023\\\/\",\"name\":\"Dva \u010ce\u0161i zabodovali v mezin\u00e1rodn\u00ed fotografick\u00e9 sout\u011b\u017ei Huawei XMAGE Awards 2023 - Mzone\",\"isPartOf\":{\"@id\":\"https:\\\/\\\/www.mzone.cz\\\/#website\"},\"primaryImageOfPage\":{\"@id\":\"https:\\\/\\\/www.mzone.cz\\\/dva-cesi-zabodovali-v-mezinarodni-fotograficke-soutezi-huawei-xmage-awards-2023\\\/#primaryimage\"},\"image\":{\"@id\":\"https:\\\/\\\/www.mzone.cz\\\/dva-cesi-zabodovali-v-mezinarodni-fotograficke-soutezi-huawei-xmage-awards-2023\\\/#primaryimage\"},\"thumbnailUrl\":\"https:\\\/\\\/www.mzone.cz\\\/wp-content\\\/uploads\\\/2023\\\/11\\\/Draci-mraky.jpg\",\"datePublished\":\"2023-11-19T10:13:48+00:00\",\"dateModified\":\"2023-11-19T10:15:25+00:00\",\"author\":{\"@id\":\"https:\\\/\\\/www.mzone.cz\\\/#\\\/schema\\\/person\\\/9bc20cc422a99cac4af6ff9297da32d4\"},\"description\":\"Sedm\u00fd ro\u010dn\u00edk sv\u011btov\u00e9 sout\u011b\u017ee XMAGE Awards 2023, kter\u00e1 se zam\u011b\u0159uje na fotografie po\u0159\u00edzen\u00e9 pomoc\u00ed za\u0159\u00edzen\u00ed Huawei, je u konce a zn\u00e1 sv\u00e9 v\u00edt\u011bze. Mezi nimi se ve dvou kategori\u00edch um\u00edstili i \u010ce\u0161i, a to Michal Petr\u016f za outdoorovou fotografii a Katrin Jaro\u0161ov\u00e1 za poveden\u00fd portr\u00e9t.\",\"breadcrumb\":{\"@id\":\"https:\\\/\\\/www.mzone.cz\\\/dva-cesi-zabodovali-v-mezinarodni-fotograficke-soutezi-huawei-xmage-awards-2023\\\/#breadcrumb\"},\"inLanguage\":\"en-US\",\"potentialAction\":[{\"@type\":\"ReadAction\",\"target\":[\"https:\\\/\\\/www.mzone.cz\\\/dva-cesi-zabodovali-v-mezinarodni-fotograficke-soutezi-huawei-xmage-awards-2023\\\/\"]}]},{\"@type\":\"ImageObject\",\"inLanguage\":\"en-US\",\"@id\":\"https:\\\/\\\/www.mzone.cz\\\/dva-cesi-zabodovali-v-mezinarodni-fotograficke-soutezi-huawei-xmage-awards-2023\\\/#primaryimage\",\"url\":\"https:\\\/\\\/www.mzone.cz\\\/wp-content\\\/uploads\\\/2023\\\/11\\\/Draci-mraky.jpg\",\"contentUrl\":\"https:\\\/\\\/www.mzone.cz\\\/wp-content\\\/uploads\\\/2023\\\/11\\\/Draci-mraky.jpg\",\"width\":700,\"height\":467,\"caption\":\"Huawei XMAGE Awards 2023 \u2013 Dra\u010d\u00ed mraky\"},{\"@type\":\"BreadcrumbList\",\"@id\":\"https:\\\/\\\/www.mzone.cz\\\/dva-cesi-zabodovali-v-mezinarodni-fotograficke-soutezi-huawei-xmage-awards-2023\\\/#breadcrumb\",\"itemListElement\":[{\"@type\":\"ListItem\",\"position\":1,\"name\":\"Dom\u016f\",\"item\":\"https:\\\/\\\/www.mzone.cz\\\/\"},{\"@type\":\"ListItem\",\"position\":2,\"name\":\"Dva \u010ce\u0161i zabodovali v mezin\u00e1rodn\u00ed fotografick\u00e9 sout\u011b\u017ei Huawei XMAGE Awards 2023\"}]},{\"@type\":\"WebSite\",\"@id\":\"https:\\\/\\\/www.mzone.cz\\\/#website\",\"url\":\"https:\\\/\\\/www.mzone.cz\\\/\",\"name\":\"Mzone\",\"description\":\"Magaz\u00edn nejen pro mu\u017ee\",\"potentialAction\":[{\"@type\":\"SearchAction\",\"target\":{\"@type\":\"EntryPoint\",\"urlTemplate\":\"https:\\\/\\\/www.mzone.cz\\\/?s={search_term_string}\"},\"query-input\":{\"@type\":\"PropertyValueSpecification\",\"valueRequired\":true,\"valueName\":\"search_term_string\"}}],\"inLanguage\":\"en-US\"},{\"@type\":\"Person\",\"@id\":\"https:\\\/\\\/www.mzone.cz\\\/#\\\/schema\\\/person\\\/9bc20cc422a99cac4af6ff9297da32d4\",\"name\":\"Mzone\",\"image\":{\"@type\":\"ImageObject\",\"inLanguage\":\"en-US\",\"@id\":\"https:\\\/\\\/secure.gravatar.com\\\/avatar\\\/e780a8630f3182a3d06dd667ab6bea151a0d155b0951bc15fe22633acdac0676?s=96&d=mm&r=g\",\"url\":\"https:\\\/\\\/secure.gravatar.com\\\/avatar\\\/e780a8630f3182a3d06dd667ab6bea151a0d155b0951bc15fe22633acdac0676?s=96&d=mm&r=g\",\"contentUrl\":\"https:\\\/\\\/secure.gravatar.com\\\/avatar\\\/e780a8630f3182a3d06dd667ab6bea151a0d155b0951bc15fe22633acdac0676?s=96&d=mm&r=g\",\"caption\":\"Mzone\"},\"url\":\"https:\\\/\\\/www.mzone.cz\\\/en\\\/author\\\/jakub\\\/\"}]}<\/script>\n<!-- \/ Yoast SEO plugin. -->","yoast_head_json":{"title":"Dva \u010ce\u0161i zabodovali v mezin\u00e1rodn\u00ed fotografick\u00e9 sout\u011b\u017ei Huawei XMAGE Awards 2023 - Mzone","description":"Sedm\u00fd ro\u010dn\u00edk sv\u011btov\u00e9 sout\u011b\u017ee XMAGE Awards 2023, kter\u00e1 se zam\u011b\u0159uje na fotografie po\u0159\u00edzen\u00e9 pomoc\u00ed za\u0159\u00edzen\u00ed Huawei, je u konce a zn\u00e1 sv\u00e9 v\u00edt\u011bze. Mezi nimi se ve dvou kategori\u00edch um\u00edstili i \u010ce\u0161i, a to Michal Petr\u016f za outdoorovou fotografii a Katrin Jaro\u0161ov\u00e1 za poveden\u00fd portr\u00e9t.","robots":{"index":"index","follow":"follow","max-snippet":"max-snippet:-1","max-image-preview":"max-image-preview:large","max-video-preview":"max-video-preview:-1"},"canonical":"https:\/\/www.mzone.cz\/en\/dva-cesi-zabodovali-v-mezinarodni-fotograficke-soutezi-huawei-xmage-awards-2023\/","og_locale":"en_US","og_type":"article","og_title":"Dva \u010ce\u0161i zabodovali v mezin\u00e1rodn\u00ed fotografick\u00e9 sout\u011b\u017ei Huawei XMAGE Awards 2023 - Mzone","og_description":"Sedm\u00fd ro\u010dn\u00edk sv\u011btov\u00e9 sout\u011b\u017ee XMAGE Awards 2023, kter\u00e1 se zam\u011b\u0159uje na fotografie po\u0159\u00edzen\u00e9 pomoc\u00ed za\u0159\u00edzen\u00ed Huawei, je u konce a zn\u00e1 sv\u00e9 v\u00edt\u011bze. Mezi nimi se ve dvou kategori\u00edch um\u00edstili i \u010ce\u0161i, a to Michal Petr\u016f za outdoorovou fotografii a Katrin Jaro\u0161ov\u00e1 za poveden\u00fd portr\u00e9t.","og_url":"https:\/\/www.mzone.cz\/en\/dva-cesi-zabodovali-v-mezinarodni-fotograficke-soutezi-huawei-xmage-awards-2023\/","og_site_name":"Mzone","article_publisher":"https:\/\/www.facebook.com\/MzoneCZ\/","article_published_time":"2023-11-19T10:13:48+00:00","article_modified_time":"2023-11-19T10:15:25+00:00","og_image":[{"width":700,"height":467,"url":"https:\/\/www.mzone.cz\/wp-content\/uploads\/2023\/11\/Draci-mraky.jpg","type":"image\/jpeg"}],"author":"Mzone","twitter_card":"summary_large_image","twitter_misc":{"Written by":"Mzone","Est. reading time":"3 minutes"},"schema":{"@context":"https:\/\/schema.org","@graph":[{"@type":"Article","@id":"https:\/\/www.mzone.cz\/dva-cesi-zabodovali-v-mezinarodni-fotograficke-soutezi-huawei-xmage-awards-2023\/#article","isPartOf":{"@id":"https:\/\/www.mzone.cz\/dva-cesi-zabodovali-v-mezinarodni-fotograficke-soutezi-huawei-xmage-awards-2023\/"},"author":{"name":"Mzone","@id":"https:\/\/www.mzone.cz\/#\/schema\/person\/9bc20cc422a99cac4af6ff9297da32d4"},"headline":"Dva \u010ce\u0161i zabodovali v mezin\u00e1rodn\u00ed fotografick\u00e9 sout\u011b\u017ei Huawei XMAGE Awards 2023","datePublished":"2023-11-19T10:13:48+00:00","dateModified":"2023-11-19T10:15:25+00:00","mainEntityOfPage":{"@id":"https:\/\/www.mzone.cz\/dva-cesi-zabodovali-v-mezinarodni-fotograficke-soutezi-huawei-xmage-awards-2023\/"},"wordCount":636,"commentCount":0,"image":{"@id":"https:\/\/www.mzone.cz\/dva-cesi-zabodovali-v-mezinarodni-fotograficke-soutezi-huawei-xmage-awards-2023\/#primaryimage"},"thumbnailUrl":"https:\/\/www.mzone.cz\/wp-content\/uploads\/2023\/11\/Draci-mraky.jpg","keywords":["\u010ce\u0161i","focen\u00ed","fotky","fotografick\u00e1 sout\u011b\u017e","fotografie","Huawei XMAGE Awards","Kultura","sout\u011b\u017e","um\u011bn\u00ed","\u00fasp\u011bch"],"articleSection":["Kultura","Um\u011bn\u00ed"],"inLanguage":"en-US","potentialAction":[{"@type":"CommentAction","name":"Comment","target":["https:\/\/www.mzone.cz\/dva-cesi-zabodovali-v-mezinarodni-fotograficke-soutezi-huawei-xmage-awards-2023\/#respond"]}]},{"@type":"WebPage","@id":"https:\/\/www.mzone.cz\/dva-cesi-zabodovali-v-mezinarodni-fotograficke-soutezi-huawei-xmage-awards-2023\/","url":"https:\/\/www.mzone.cz\/dva-cesi-zabodovali-v-mezinarodni-fotograficke-soutezi-huawei-xmage-awards-2023\/","name":"Dva \u010ce\u0161i zabodovali v mezin\u00e1rodn\u00ed fotografick\u00e9 sout\u011b\u017ei Huawei XMAGE Awards 2023 - Mzone","isPartOf":{"@id":"https:\/\/www.mzone.cz\/#website"},"primaryImageOfPage":{"@id":"https:\/\/www.mzone.cz\/dva-cesi-zabodovali-v-mezinarodni-fotograficke-soutezi-huawei-xmage-awards-2023\/#primaryimage"},"image":{"@id":"https:\/\/www.mzone.cz\/dva-cesi-zabodovali-v-mezinarodni-fotograficke-soutezi-huawei-xmage-awards-2023\/#primaryimage"},"thumbnailUrl":"https:\/\/www.mzone.cz\/wp-content\/uploads\/2023\/11\/Draci-mraky.jpg","datePublished":"2023-11-19T10:13:48+00:00","dateModified":"2023-11-19T10:15:25+00:00","author":{"@id":"https:\/\/www.mzone.cz\/#\/schema\/person\/9bc20cc422a99cac4af6ff9297da32d4"},"description":"Sedm\u00fd ro\u010dn\u00edk sv\u011btov\u00e9 sout\u011b\u017ee XMAGE Awards 2023, kter\u00e1 se zam\u011b\u0159uje na fotografie po\u0159\u00edzen\u00e9 pomoc\u00ed za\u0159\u00edzen\u00ed Huawei, je u konce a zn\u00e1 sv\u00e9 v\u00edt\u011bze. Mezi nimi se ve dvou kategori\u00edch um\u00edstili i \u010ce\u0161i, a to Michal Petr\u016f za outdoorovou fotografii a Katrin Jaro\u0161ov\u00e1 za poveden\u00fd portr\u00e9t.","breadcrumb":{"@id":"https:\/\/www.mzone.cz\/dva-cesi-zabodovali-v-mezinarodni-fotograficke-soutezi-huawei-xmage-awards-2023\/#breadcrumb"},"inLanguage":"en-US","potentialAction":[{"@type":"ReadAction","target":["https:\/\/www.mzone.cz\/dva-cesi-zabodovali-v-mezinarodni-fotograficke-soutezi-huawei-xmage-awards-2023\/"]}]},{"@type":"ImageObject","inLanguage":"en-US","@id":"https:\/\/www.mzone.cz\/dva-cesi-zabodovali-v-mezinarodni-fotograficke-soutezi-huawei-xmage-awards-2023\/#primaryimage","url":"https:\/\/www.mzone.cz\/wp-content\/uploads\/2023\/11\/Draci-mraky.jpg","contentUrl":"https:\/\/www.mzone.cz\/wp-content\/uploads\/2023\/11\/Draci-mraky.jpg","width":700,"height":467,"caption":"Huawei XMAGE Awards 2023 \u2013 Dra\u010d\u00ed mraky"},{"@type":"BreadcrumbList","@id":"https:\/\/www.mzone.cz\/dva-cesi-zabodovali-v-mezinarodni-fotograficke-soutezi-huawei-xmage-awards-2023\/#breadcrumb","itemListElement":[{"@type":"ListItem","position":1,"name":"Dom\u016f","item":"https:\/\/www.mzone.cz\/"},{"@type":"ListItem","position":2,"name":"Dva \u010ce\u0161i zabodovali v mezin\u00e1rodn\u00ed fotografick\u00e9 sout\u011b\u017ei Huawei XMAGE Awards 2023"}]},{"@type":"WebSite","@id":"https:\/\/www.mzone.cz\/#website","url":"https:\/\/www.mzone.cz\/","name":"Mzone","description":"Magaz\u00edn nejen pro mu\u017ee","potentialAction":[{"@type":"SearchAction","target":{"@type":"EntryPoint","urlTemplate":"https:\/\/www.mzone.cz\/?s={search_term_string}"},"query-input":{"@type":"PropertyValueSpecification","valueRequired":true,"valueName":"search_term_string"}}],"inLanguage":"en-US"},{"@type":"Person","@id":"https:\/\/www.mzone.cz\/#\/schema\/person\/9bc20cc422a99cac4af6ff9297da32d4","name":"Mzone","image":{"@type":"ImageObject","inLanguage":"en-US","@id":"https:\/\/secure.gravatar.com\/avatar\/e780a8630f3182a3d06dd667ab6bea151a0d155b0951bc15fe22633acdac0676?s=96&d=mm&r=g","url":"https:\/\/secure.gravatar.com\/avatar\/e780a8630f3182a3d06dd667ab6bea151a0d155b0951bc15fe22633acdac0676?s=96&d=mm&r=g","contentUrl":"https:\/\/secure.gravatar.com\/avatar\/e780a8630f3182a3d06dd667ab6bea151a0d155b0951bc15fe22633acdac0676?s=96&d=mm&r=g","caption":"Mzone"},"url":"https:\/\/www.mzone.cz\/en\/author\/jakub\/"}]}},"_links":{"self":[{"href":"https:\/\/www.mzone.cz\/en\/wp-json\/wp\/v2\/posts\/42432","targetHints":{"allow":["GET"]}}],"collection":[{"href":"https:\/\/www.mzone.cz\/en\/wp-json\/wp\/v2\/posts"}],"about":[{"href":"https:\/\/www.mzone.cz\/en\/wp-json\/wp\/v2\/types\/post"}],"author":[{"embeddable":true,"href":"https:\/\/www.mzone.cz\/en\/wp-json\/wp\/v2\/users\/4"}],"replies":[{"embeddable":true,"href":"https:\/\/www.mzone.cz\/en\/wp-json\/wp\/v2\/comments?post=42432"}],"version-history":[{"count":17,"href":"https:\/\/www.mzone.cz\/en\/wp-json\/wp\/v2\/posts\/42432\/revisions"}],"predecessor-version":[{"id":42453,"href":"https:\/\/www.mzone.cz\/en\/wp-json\/wp\/v2\/posts\/42432\/revisions\/42453"}],"wp:featuredmedia":[{"embeddable":true,"href":"https:\/\/www.mzone.cz\/en\/wp-json\/wp\/v2\/media\/42436"}],"wp:attachment":[{"href":"https:\/\/www.mzone.cz\/en\/wp-json\/wp\/v2\/media?parent=42432"}],"wp:term":[{"taxonomy":"category","embeddable":true,"href":"https:\/\/www.mzone.cz\/en\/wp-json\/wp\/v2\/categories?post=42432"},{"taxonomy":"post_tag","embeddable":true,"href":"https:\/\/www.mzone.cz\/en\/wp-json\/wp\/v2\/tags?post=42432"}],"curies":[{"name":"wp","href":"https:\/\/api.w.org\/{rel}","templated":true}]}}