{"id":42544,"date":"2023-12-04T05:00:00","date_gmt":"2023-12-04T04:00:00","guid":{"rendered":"https:\/\/www.mzone.cz\/?p=42544"},"modified":"2023-12-02T17:47:24","modified_gmt":"2023-12-02T16:47:24","slug":"kniha-srdcem-na-kole-ceskem-objevte-ty-nejlepsi-cyklisticke-trasy-u-nas","status":"publish","type":"post","link":"https:\/\/www.mzone.cz\/en\/kniha-srdcem-na-kole-ceskem-objevte-ty-nejlepsi-cyklisticke-trasy-u-nas\/","title":{"rendered":"Kniha Srdcem na kole \u010ceskem: Objevte ty nejlep\u0161\u00ed cyklistick\u00e9 trasy u n\u00e1s!"},"content":{"rendered":"<p><strong>Posledn\u00ed listopadov\u00fd den ofici\u00e1ln\u011b vy\u0161la kniha Srdcem na kole \u010ceskem. Ta ukazuje ty nejlep\u0161\u00ed cyklistick\u00e9 trasy v\u00a0na\u0161\u00ed republice. Jednotliv\u00e9 trasy p\u0159edstavuj\u00ed osobnosti \u010desk\u00e9 cyklistiky a p\u0159id\u00e1vaj\u00ed k\u00a0nim sv\u00e9 osobn\u00ed tipy a zku\u0161enosti.<\/strong><\/p><br>\n\n\n\n<p>N\u00e1pad na knihu vznikl jak jinak ne\u017e p\u0159i sportu. Vize projektu poprv\u00e9 zazn\u011bla nahlas v&nbsp;t\u011blocvi\u010dn\u011b na pra\u017esk\u00e9 Letn\u00e9 v&nbsp;b\u0159eznu 2022. Netrvalo dlouho a od n\u00e1padu se p\u0159e\u0161lo k&nbsp;realizaci. Ta zabrala rok a p\u016fl. A v\u00fdsledek je kone\u010dn\u011b tady!<\/p>\n\n\n\n<blockquote class=\"wp-block-quote is-layout-flow wp-block-quote-is-layout-flow\">\n<p>T\u00edm v\u00fdsledkem je kniha, na kterou \u010desk\u00e1 cyklistick\u00e1 obec dlouho \u010dekala. Kniha, kter\u00e1 v\u00e1s donut\u00ed sednout na kolo a vyrazit objevovat kr\u00e1sy na\u0161\u00ed n\u011bkdy nedocen\u011bn\u00e9 vlasti. Kniha pln\u00e1 tras, kter\u00e9 p\u0159ed v\u00e1mi projely osobnosti \u010desk\u00e9 cyklistiky.<\/p>\n<\/blockquote>\n\n\n\n<p>Trasy jsou navr\u017eeny nap\u0159\u00ed\u010d \u010ceskou republikou tak, aby rovnom\u011brn\u011b pokr\u00fdvaly v\u0161echny kraje. Ka\u017edou oblast\u00ed prov\u00e1z\u00ed jin\u00e1 cyklistick\u00e1 osobnost, kter\u00e9 je dan\u00fd region bl\u00edzk\u00fd. Tyto osobnosti z&nbsp;\u0159ad sou\u010dasn\u00fdch \u010di b\u00fdval\u00fdch profesion\u00e1ln\u00edch cyklist\u016f na str\u00e1nk\u00e1ch t\u00e9to knihy p\u0159ed\u00e1vaj\u00ed sv\u00e9 osobn\u00ed zku\u0161enosti, doporu\u010den\u00ed a z\u00e1\u017eitky.<\/p><br>\n\n\n\n<figure class=\"wp-block-image size-large\"><img loading=\"lazy\" decoding=\"async\" width=\"1024\" height=\"670\" src=\"https:\/\/www.mzone.cz\/wp-content\/uploads\/2023\/12\/Snimek-obrazovky-2023-12-02-v-17.27.25-1024x670.png\" alt=\"Kniha Srdcem na kole \u010ceskem\" class=\"wp-image-42548\" srcset=\"https:\/\/www.mzone.cz\/wp-content\/uploads\/2023\/12\/Snimek-obrazovky-2023-12-02-v-17.27.25-1024x670.png 1024w, https:\/\/www.mzone.cz\/wp-content\/uploads\/2023\/12\/Snimek-obrazovky-2023-12-02-v-17.27.25-300x196.png 300w, https:\/\/www.mzone.cz\/wp-content\/uploads\/2023\/12\/Snimek-obrazovky-2023-12-02-v-17.27.25-768x502.png 768w, https:\/\/www.mzone.cz\/wp-content\/uploads\/2023\/12\/Snimek-obrazovky-2023-12-02-v-17.27.25-18x12.png 18w, https:\/\/www.mzone.cz\/wp-content\/uploads\/2023\/12\/Snimek-obrazovky-2023-12-02-v-17.27.25-590x386.png 590w, https:\/\/www.mzone.cz\/wp-content\/uploads\/2023\/12\/Snimek-obrazovky-2023-12-02-v-17.27.25.png 1462w\" sizes=\"auto, (max-width: 1024px) 100vw, 1024px\" \/><\/figure><br>\n\n\n\n<p>Mezi osobnostmi, kter\u00e9 se do projektu zapojily, jsou jm\u00e9na jako Jaroslav Kulhav\u00fd, Zden\u011bk \u0160tybar, Petr Vako\u010d nebo Petr Ben\u010d\u00edk. Celkem v&nbsp;knize najdeme 14 ambasador\u016f a 59 tras. Za cel\u00fdm projektem stoj\u00ed Luk\u00e1\u0161 Drbohlav a Michal Kollert, fotky v&nbsp;knize jsou d\u00edlem zn\u00e1m\u00e9ho fotografa Petra Hricka a texty d\u00e1val dohromady Jakub Deml a Nikola Paulasov\u00e1.<\/p>\n\n\n\n<blockquote class=\"wp-block-quote is-layout-flow wp-block-quote-is-layout-flow\">\n<p>V\u00a0knize, kter\u00e1 m\u00e1 352 stran, najdou \u010dten\u00e1\u0159i inspiraci, sportovn\u00ed motivaci a chu\u0165 vyrazit do sedla, objevovat nov\u00e1 m\u00edsta a sd\u00edlet sv\u00e9 z\u00e1\u017eitky s ostatn\u00edmi.<\/p>\n<\/blockquote>\n\n\n\n<p><a href=\"https:\/\/www.cycling-routes.cz\" target=\"_blank\" rel=\"noopener\">Kniha<\/a> je ur\u010den\u00e1 v\u0161em hobby jezdc\u016fm, kte\u0159\u00ed se zaj\u00edmaj\u00ed o silni\u010dn\u00ed cyklistiku. Je jedno, jestli najedete ro\u010dn\u011b tis\u00edc kilometr\u016f, anebo desetin\u00e1sobek. Svou trasu si zde najde ka\u017ed\u00fd, a\u0165 se pohybuje na \u0160umav\u011b nebo na Vala\u0161sku.<\/p><br>\n\n\n\n<div class=\"wp-block-media-text is-stacked-on-mobile is-vertically-aligned-top\" style=\"grid-template-columns:24% auto\"><figure class=\"wp-block-media-text__media\"><a href=\"https:\/\/www.mzone.cz\/gaspiho-dalsi-vylet-videnska-kava-sacher-a-les\/\"><img loading=\"lazy\" decoding=\"async\" width=\"1024\" height=\"682\" src=\"https:\/\/www.mzone.cz\/wp-content\/uploads\/2023\/05\/Gaspi-ve-Vidni-1024x682.jpg\" alt=\"Gaspi ve V\u00eddni\" class=\"wp-image-40652 size-full\" srcset=\"https:\/\/www.mzone.cz\/wp-content\/uploads\/2023\/05\/Gaspi-ve-Vidni-1024x682.jpg 1024w, https:\/\/www.mzone.cz\/wp-content\/uploads\/2023\/05\/Gaspi-ve-Vidni-300x200.jpg 300w, https:\/\/www.mzone.cz\/wp-content\/uploads\/2023\/05\/Gaspi-ve-Vidni-768x512.jpg 768w, https:\/\/www.mzone.cz\/wp-content\/uploads\/2023\/05\/Gaspi-ve-Vidni-1536x1024.jpg 1536w, https:\/\/www.mzone.cz\/wp-content\/uploads\/2023\/05\/Gaspi-ve-Vidni-18x12.jpg 18w, https:\/\/www.mzone.cz\/wp-content\/uploads\/2023\/05\/Gaspi-ve-Vidni-800x533.jpg 800w, https:\/\/www.mzone.cz\/wp-content\/uploads\/2023\/05\/Gaspi-ve-Vidni-400x267.jpg 400w, https:\/\/www.mzone.cz\/wp-content\/uploads\/2023\/05\/Gaspi-ve-Vidni-500x333.jpg 500w, https:\/\/www.mzone.cz\/wp-content\/uploads\/2023\/05\/Gaspi-ve-Vidni-1170x780.jpg 1170w, https:\/\/www.mzone.cz\/wp-content\/uploads\/2023\/05\/Gaspi-ve-Vidni-590x393.jpg 590w, https:\/\/www.mzone.cz\/wp-content\/uploads\/2023\/05\/Gaspi-ve-Vidni.jpg 1673w\" sizes=\"auto, (max-width: 1024px) 100vw, 1024px\" \/><\/a><\/figure><div class=\"wp-block-media-text__content\">\n<h4 class=\"wp-block-heading\"><a href=\"https:\/\/www.mzone.cz\/gaspiho-dalsi-vylet-videnska-kava-sacher-a-les\/\">Gaspiho dal\u0161\u00ed v\u00fdlet: V\u00edde\u0148sk\u00e1 k\u00e1va, Sacher a les<\/a><\/h4><br>\n<\/div><\/div>","protected":false},"excerpt":{"rendered":"<p>Posledn\u00ed listopadov\u00fd den ofici\u00e1ln\u011b vy\u0161la kniha Srdcem na kole \u010ceskem. Ta ukazuje ty nejlep\u0161\u00ed cyklistick\u00e9 trasy v\u00a0na\u0161\u00ed republice. Jednotliv\u00e9 trasy p\u0159edstavuj\u00ed osobnosti \u010desk\u00e9 cyklistiky a p\u0159id\u00e1vaj\u00ed k\u00a0nim sv\u00e9 osobn\u00ed tipy a zku\u0161enosti. N\u00e1pad na knihu vznikl jak jinak ne\u017e p\u0159i sportu. Vize projektu poprv\u00e9 zazn\u011bla nahlas v&nbsp;t\u011blocvi\u010dn\u011b na pra\u017esk\u00e9 Letn\u00e9 v&nbsp;b\u0159eznu 2022. Netrvalo dlouho a [&hellip;]<\/p>\n","protected":false},"author":4,"featured_media":42546,"comment_status":"open","ping_status":"closed","sticky":false,"template":"","format":"standard","meta":{"kk_blocks_editor_width":"","_kiokenblocks_attr":"","_kiokenblocks_dimensions":"","footnotes":""},"categories":[71,1846,80],"tags":[1950,856,857,3282,1953,31,858,6072,42,6073,1754],"class_list":["post-42544","post","type-post","status-publish","format-standard","has-post-thumbnail","hentry","category-kultura","category-literatura","category-sport","tag-cyklistika","tag-kniha","tag-knihy","tag-kola","tag-kolo","tag-kultura","tag-literatura","tag-silnicni-cyklistika","tag-sport","tag-srdcem-na-kole-ceskem","tag-trasy"],"yoast_head":"<!-- This site is optimized with the Yoast SEO plugin v27.5 - https:\/\/yoast.com\/product\/yoast-seo-wordpress\/ -->\n<title>Kniha Srdcem na kole \u010ceskem: Objevte ty nejlep\u0161\u00ed cyklistick\u00e9 trasy u n\u00e1s! - Mzone<\/title>\n<meta name=\"description\" content=\"Posledn\u00ed listopadov\u00fd den ofici\u00e1ln\u011b vy\u0161la kniha Srdcem na kole \u010ceskem. Ta ukazuje ty nejlep\u0161\u00ed cyklistick\u00e9 trasy v na\u0161\u00ed republice. Jednotliv\u00e9 trasy p\u0159edstavuj\u00ed osobnosti \u010desk\u00e9 cyklistiky a p\u0159id\u00e1vaj\u00ed k nim sv\u00e9 osobn\u00ed tipy a zku\u0161enosti.\" \/>\n<meta name=\"robots\" content=\"index, follow, max-snippet:-1, max-image-preview:large, max-video-preview:-1\" \/>\n<link rel=\"canonical\" href=\"https:\/\/www.mzone.cz\/en\/kniha-srdcem-na-kole-ceskem-objevte-ty-nejlepsi-cyklisticke-trasy-u-nas\/\" \/>\n<meta property=\"og:locale\" content=\"en_US\" \/>\n<meta property=\"og:type\" content=\"article\" \/>\n<meta property=\"og:title\" content=\"Kniha Srdcem na kole \u010ceskem: Objevte ty nejlep\u0161\u00ed cyklistick\u00e9 trasy u n\u00e1s! - Mzone\" \/>\n<meta property=\"og:description\" content=\"Posledn\u00ed listopadov\u00fd den ofici\u00e1ln\u011b vy\u0161la kniha Srdcem na kole \u010ceskem. Ta ukazuje ty nejlep\u0161\u00ed cyklistick\u00e9 trasy v na\u0161\u00ed republice. Jednotliv\u00e9 trasy p\u0159edstavuj\u00ed osobnosti \u010desk\u00e9 cyklistiky a p\u0159id\u00e1vaj\u00ed k nim sv\u00e9 osobn\u00ed tipy a zku\u0161enosti.\" \/>\n<meta property=\"og:url\" content=\"https:\/\/www.mzone.cz\/en\/kniha-srdcem-na-kole-ceskem-objevte-ty-nejlepsi-cyklisticke-trasy-u-nas\/\" \/>\n<meta property=\"og:site_name\" content=\"Mzone\" \/>\n<meta property=\"article:publisher\" content=\"https:\/\/www.facebook.com\/MzoneCZ\/\" \/>\n<meta property=\"article:published_time\" content=\"2023-12-04T04:00:00+00:00\" \/>\n<meta property=\"og:image\" content=\"https:\/\/www.mzone.cz\/wp-content\/uploads\/2023\/12\/p556603.jpg\" \/>\n\t<meta property=\"og:image:width\" content=\"1242\" \/>\n\t<meta property=\"og:image:height\" content=\"828\" \/>\n\t<meta property=\"og:image:type\" content=\"image\/jpeg\" \/>\n<meta name=\"author\" content=\"Mzone\" \/>\n<meta name=\"twitter:card\" content=\"summary_large_image\" \/>\n<meta name=\"twitter:label1\" content=\"Written by\" \/>\n\t<meta name=\"twitter:data1\" content=\"Mzone\" \/>\n\t<meta name=\"twitter:label2\" content=\"Est. reading time\" \/>\n\t<meta name=\"twitter:data2\" content=\"2 minutes\" \/>\n<script type=\"application\/ld+json\" class=\"yoast-schema-graph\">{\"@context\":\"https:\\\/\\\/schema.org\",\"@graph\":[{\"@type\":\"Article\",\"@id\":\"https:\\\/\\\/www.mzone.cz\\\/kniha-srdcem-na-kole-ceskem-objevte-ty-nejlepsi-cyklisticke-trasy-u-nas\\\/#article\",\"isPartOf\":{\"@id\":\"https:\\\/\\\/www.mzone.cz\\\/kniha-srdcem-na-kole-ceskem-objevte-ty-nejlepsi-cyklisticke-trasy-u-nas\\\/\"},\"author\":{\"name\":\"Mzone\",\"@id\":\"https:\\\/\\\/www.mzone.cz\\\/#\\\/schema\\\/person\\\/9bc20cc422a99cac4af6ff9297da32d4\"},\"headline\":\"Kniha Srdcem na kole \u010ceskem: Objevte ty nejlep\u0161\u00ed cyklistick\u00e9 trasy u n\u00e1s!\",\"datePublished\":\"2023-12-04T04:00:00+00:00\",\"mainEntityOfPage\":{\"@id\":\"https:\\\/\\\/www.mzone.cz\\\/kniha-srdcem-na-kole-ceskem-objevte-ty-nejlepsi-cyklisticke-trasy-u-nas\\\/\"},\"wordCount\":367,\"commentCount\":0,\"image\":{\"@id\":\"https:\\\/\\\/www.mzone.cz\\\/kniha-srdcem-na-kole-ceskem-objevte-ty-nejlepsi-cyklisticke-trasy-u-nas\\\/#primaryimage\"},\"thumbnailUrl\":\"https:\\\/\\\/www.mzone.cz\\\/wp-content\\\/uploads\\\/2023\\\/12\\\/p556603.jpg\",\"keywords\":[\"cyklistika\",\"kniha\",\"knihy\",\"kola\",\"kolo\",\"Kultura\",\"literatura\",\"silni\u010dn\u00ed cyklistika\",\"Sport\",\"Srdcem na kole \u010ceskem\",\"trasy\"],\"articleSection\":[\"Kultura\",\"Literatura\",\"Sport\"],\"inLanguage\":\"en-US\",\"potentialAction\":[{\"@type\":\"CommentAction\",\"name\":\"Comment\",\"target\":[\"https:\\\/\\\/www.mzone.cz\\\/kniha-srdcem-na-kole-ceskem-objevte-ty-nejlepsi-cyklisticke-trasy-u-nas\\\/#respond\"]}]},{\"@type\":\"WebPage\",\"@id\":\"https:\\\/\\\/www.mzone.cz\\\/kniha-srdcem-na-kole-ceskem-objevte-ty-nejlepsi-cyklisticke-trasy-u-nas\\\/\",\"url\":\"https:\\\/\\\/www.mzone.cz\\\/kniha-srdcem-na-kole-ceskem-objevte-ty-nejlepsi-cyklisticke-trasy-u-nas\\\/\",\"name\":\"Kniha Srdcem na kole \u010ceskem: Objevte ty nejlep\u0161\u00ed cyklistick\u00e9 trasy u n\u00e1s! - Mzone\",\"isPartOf\":{\"@id\":\"https:\\\/\\\/www.mzone.cz\\\/#website\"},\"primaryImageOfPage\":{\"@id\":\"https:\\\/\\\/www.mzone.cz\\\/kniha-srdcem-na-kole-ceskem-objevte-ty-nejlepsi-cyklisticke-trasy-u-nas\\\/#primaryimage\"},\"image\":{\"@id\":\"https:\\\/\\\/www.mzone.cz\\\/kniha-srdcem-na-kole-ceskem-objevte-ty-nejlepsi-cyklisticke-trasy-u-nas\\\/#primaryimage\"},\"thumbnailUrl\":\"https:\\\/\\\/www.mzone.cz\\\/wp-content\\\/uploads\\\/2023\\\/12\\\/p556603.jpg\",\"datePublished\":\"2023-12-04T04:00:00+00:00\",\"author\":{\"@id\":\"https:\\\/\\\/www.mzone.cz\\\/#\\\/schema\\\/person\\\/9bc20cc422a99cac4af6ff9297da32d4\"},\"description\":\"Posledn\u00ed listopadov\u00fd den ofici\u00e1ln\u011b vy\u0161la kniha Srdcem na kole \u010ceskem. Ta ukazuje ty nejlep\u0161\u00ed cyklistick\u00e9 trasy v na\u0161\u00ed republice. Jednotliv\u00e9 trasy p\u0159edstavuj\u00ed osobnosti \u010desk\u00e9 cyklistiky a p\u0159id\u00e1vaj\u00ed k nim sv\u00e9 osobn\u00ed tipy a zku\u0161enosti.\",\"breadcrumb\":{\"@id\":\"https:\\\/\\\/www.mzone.cz\\\/kniha-srdcem-na-kole-ceskem-objevte-ty-nejlepsi-cyklisticke-trasy-u-nas\\\/#breadcrumb\"},\"inLanguage\":\"en-US\",\"potentialAction\":[{\"@type\":\"ReadAction\",\"target\":[\"https:\\\/\\\/www.mzone.cz\\\/kniha-srdcem-na-kole-ceskem-objevte-ty-nejlepsi-cyklisticke-trasy-u-nas\\\/\"]}]},{\"@type\":\"ImageObject\",\"inLanguage\":\"en-US\",\"@id\":\"https:\\\/\\\/www.mzone.cz\\\/kniha-srdcem-na-kole-ceskem-objevte-ty-nejlepsi-cyklisticke-trasy-u-nas\\\/#primaryimage\",\"url\":\"https:\\\/\\\/www.mzone.cz\\\/wp-content\\\/uploads\\\/2023\\\/12\\\/p556603.jpg\",\"contentUrl\":\"https:\\\/\\\/www.mzone.cz\\\/wp-content\\\/uploads\\\/2023\\\/12\\\/p556603.jpg\",\"width\":1242,\"height\":828,\"caption\":\"Kniha Srdcem na kole \u010ceskem\"},{\"@type\":\"BreadcrumbList\",\"@id\":\"https:\\\/\\\/www.mzone.cz\\\/kniha-srdcem-na-kole-ceskem-objevte-ty-nejlepsi-cyklisticke-trasy-u-nas\\\/#breadcrumb\",\"itemListElement\":[{\"@type\":\"ListItem\",\"position\":1,\"name\":\"Dom\u016f\",\"item\":\"https:\\\/\\\/www.mzone.cz\\\/\"},{\"@type\":\"ListItem\",\"position\":2,\"name\":\"Kniha Srdcem na kole \u010ceskem: Objevte ty nejlep\u0161\u00ed cyklistick\u00e9 trasy u n\u00e1s!\"}]},{\"@type\":\"WebSite\",\"@id\":\"https:\\\/\\\/www.mzone.cz\\\/#website\",\"url\":\"https:\\\/\\\/www.mzone.cz\\\/\",\"name\":\"Mzone\",\"description\":\"Magaz\u00edn nejen pro mu\u017ee\",\"potentialAction\":[{\"@type\":\"SearchAction\",\"target\":{\"@type\":\"EntryPoint\",\"urlTemplate\":\"https:\\\/\\\/www.mzone.cz\\\/?s={search_term_string}\"},\"query-input\":{\"@type\":\"PropertyValueSpecification\",\"valueRequired\":true,\"valueName\":\"search_term_string\"}}],\"inLanguage\":\"en-US\"},{\"@type\":\"Person\",\"@id\":\"https:\\\/\\\/www.mzone.cz\\\/#\\\/schema\\\/person\\\/9bc20cc422a99cac4af6ff9297da32d4\",\"name\":\"Mzone\",\"image\":{\"@type\":\"ImageObject\",\"inLanguage\":\"en-US\",\"@id\":\"https:\\\/\\\/secure.gravatar.com\\\/avatar\\\/e780a8630f3182a3d06dd667ab6bea151a0d155b0951bc15fe22633acdac0676?s=96&d=mm&r=g\",\"url\":\"https:\\\/\\\/secure.gravatar.com\\\/avatar\\\/e780a8630f3182a3d06dd667ab6bea151a0d155b0951bc15fe22633acdac0676?s=96&d=mm&r=g\",\"contentUrl\":\"https:\\\/\\\/secure.gravatar.com\\\/avatar\\\/e780a8630f3182a3d06dd667ab6bea151a0d155b0951bc15fe22633acdac0676?s=96&d=mm&r=g\",\"caption\":\"Mzone\"},\"url\":\"https:\\\/\\\/www.mzone.cz\\\/en\\\/author\\\/jakub\\\/\"}]}<\/script>\n<!-- \/ Yoast SEO plugin. -->","yoast_head_json":{"title":"Kniha Srdcem na kole \u010ceskem: Objevte ty nejlep\u0161\u00ed cyklistick\u00e9 trasy u n\u00e1s! - Mzone","description":"Posledn\u00ed listopadov\u00fd den ofici\u00e1ln\u011b vy\u0161la kniha Srdcem na kole \u010ceskem. Ta ukazuje ty nejlep\u0161\u00ed cyklistick\u00e9 trasy v na\u0161\u00ed republice. Jednotliv\u00e9 trasy p\u0159edstavuj\u00ed osobnosti \u010desk\u00e9 cyklistiky a p\u0159id\u00e1vaj\u00ed k nim sv\u00e9 osobn\u00ed tipy a zku\u0161enosti.","robots":{"index":"index","follow":"follow","max-snippet":"max-snippet:-1","max-image-preview":"max-image-preview:large","max-video-preview":"max-video-preview:-1"},"canonical":"https:\/\/www.mzone.cz\/en\/kniha-srdcem-na-kole-ceskem-objevte-ty-nejlepsi-cyklisticke-trasy-u-nas\/","og_locale":"en_US","og_type":"article","og_title":"Kniha Srdcem na kole \u010ceskem: Objevte ty nejlep\u0161\u00ed cyklistick\u00e9 trasy u n\u00e1s! - Mzone","og_description":"Posledn\u00ed listopadov\u00fd den ofici\u00e1ln\u011b vy\u0161la kniha Srdcem na kole \u010ceskem. Ta ukazuje ty nejlep\u0161\u00ed cyklistick\u00e9 trasy v na\u0161\u00ed republice. Jednotliv\u00e9 trasy p\u0159edstavuj\u00ed osobnosti \u010desk\u00e9 cyklistiky a p\u0159id\u00e1vaj\u00ed k nim sv\u00e9 osobn\u00ed tipy a zku\u0161enosti.","og_url":"https:\/\/www.mzone.cz\/en\/kniha-srdcem-na-kole-ceskem-objevte-ty-nejlepsi-cyklisticke-trasy-u-nas\/","og_site_name":"Mzone","article_publisher":"https:\/\/www.facebook.com\/MzoneCZ\/","article_published_time":"2023-12-04T04:00:00+00:00","og_image":[{"width":1242,"height":828,"url":"https:\/\/www.mzone.cz\/wp-content\/uploads\/2023\/12\/p556603.jpg","type":"image\/jpeg"}],"author":"Mzone","twitter_card":"summary_large_image","twitter_misc":{"Written by":"Mzone","Est. reading time":"2 minutes"},"schema":{"@context":"https:\/\/schema.org","@graph":[{"@type":"Article","@id":"https:\/\/www.mzone.cz\/kniha-srdcem-na-kole-ceskem-objevte-ty-nejlepsi-cyklisticke-trasy-u-nas\/#article","isPartOf":{"@id":"https:\/\/www.mzone.cz\/kniha-srdcem-na-kole-ceskem-objevte-ty-nejlepsi-cyklisticke-trasy-u-nas\/"},"author":{"name":"Mzone","@id":"https:\/\/www.mzone.cz\/#\/schema\/person\/9bc20cc422a99cac4af6ff9297da32d4"},"headline":"Kniha Srdcem na kole \u010ceskem: Objevte ty nejlep\u0161\u00ed cyklistick\u00e9 trasy u n\u00e1s!","datePublished":"2023-12-04T04:00:00+00:00","mainEntityOfPage":{"@id":"https:\/\/www.mzone.cz\/kniha-srdcem-na-kole-ceskem-objevte-ty-nejlepsi-cyklisticke-trasy-u-nas\/"},"wordCount":367,"commentCount":0,"image":{"@id":"https:\/\/www.mzone.cz\/kniha-srdcem-na-kole-ceskem-objevte-ty-nejlepsi-cyklisticke-trasy-u-nas\/#primaryimage"},"thumbnailUrl":"https:\/\/www.mzone.cz\/wp-content\/uploads\/2023\/12\/p556603.jpg","keywords":["cyklistika","kniha","knihy","kola","kolo","Kultura","literatura","silni\u010dn\u00ed cyklistika","Sport","Srdcem na kole \u010ceskem","trasy"],"articleSection":["Kultura","Literatura","Sport"],"inLanguage":"en-US","potentialAction":[{"@type":"CommentAction","name":"Comment","target":["https:\/\/www.mzone.cz\/kniha-srdcem-na-kole-ceskem-objevte-ty-nejlepsi-cyklisticke-trasy-u-nas\/#respond"]}]},{"@type":"WebPage","@id":"https:\/\/www.mzone.cz\/kniha-srdcem-na-kole-ceskem-objevte-ty-nejlepsi-cyklisticke-trasy-u-nas\/","url":"https:\/\/www.mzone.cz\/kniha-srdcem-na-kole-ceskem-objevte-ty-nejlepsi-cyklisticke-trasy-u-nas\/","name":"Kniha Srdcem na kole \u010ceskem: Objevte ty nejlep\u0161\u00ed cyklistick\u00e9 trasy u n\u00e1s! - Mzone","isPartOf":{"@id":"https:\/\/www.mzone.cz\/#website"},"primaryImageOfPage":{"@id":"https:\/\/www.mzone.cz\/kniha-srdcem-na-kole-ceskem-objevte-ty-nejlepsi-cyklisticke-trasy-u-nas\/#primaryimage"},"image":{"@id":"https:\/\/www.mzone.cz\/kniha-srdcem-na-kole-ceskem-objevte-ty-nejlepsi-cyklisticke-trasy-u-nas\/#primaryimage"},"thumbnailUrl":"https:\/\/www.mzone.cz\/wp-content\/uploads\/2023\/12\/p556603.jpg","datePublished":"2023-12-04T04:00:00+00:00","author":{"@id":"https:\/\/www.mzone.cz\/#\/schema\/person\/9bc20cc422a99cac4af6ff9297da32d4"},"description":"Posledn\u00ed listopadov\u00fd den ofici\u00e1ln\u011b vy\u0161la kniha Srdcem na kole \u010ceskem. Ta ukazuje ty nejlep\u0161\u00ed cyklistick\u00e9 trasy v na\u0161\u00ed republice. Jednotliv\u00e9 trasy p\u0159edstavuj\u00ed osobnosti \u010desk\u00e9 cyklistiky a p\u0159id\u00e1vaj\u00ed k nim sv\u00e9 osobn\u00ed tipy a zku\u0161enosti.","breadcrumb":{"@id":"https:\/\/www.mzone.cz\/kniha-srdcem-na-kole-ceskem-objevte-ty-nejlepsi-cyklisticke-trasy-u-nas\/#breadcrumb"},"inLanguage":"en-US","potentialAction":[{"@type":"ReadAction","target":["https:\/\/www.mzone.cz\/kniha-srdcem-na-kole-ceskem-objevte-ty-nejlepsi-cyklisticke-trasy-u-nas\/"]}]},{"@type":"ImageObject","inLanguage":"en-US","@id":"https:\/\/www.mzone.cz\/kniha-srdcem-na-kole-ceskem-objevte-ty-nejlepsi-cyklisticke-trasy-u-nas\/#primaryimage","url":"https:\/\/www.mzone.cz\/wp-content\/uploads\/2023\/12\/p556603.jpg","contentUrl":"https:\/\/www.mzone.cz\/wp-content\/uploads\/2023\/12\/p556603.jpg","width":1242,"height":828,"caption":"Kniha Srdcem na kole \u010ceskem"},{"@type":"BreadcrumbList","@id":"https:\/\/www.mzone.cz\/kniha-srdcem-na-kole-ceskem-objevte-ty-nejlepsi-cyklisticke-trasy-u-nas\/#breadcrumb","itemListElement":[{"@type":"ListItem","position":1,"name":"Dom\u016f","item":"https:\/\/www.mzone.cz\/"},{"@type":"ListItem","position":2,"name":"Kniha Srdcem na kole \u010ceskem: Objevte ty nejlep\u0161\u00ed cyklistick\u00e9 trasy u n\u00e1s!"}]},{"@type":"WebSite","@id":"https:\/\/www.mzone.cz\/#website","url":"https:\/\/www.mzone.cz\/","name":"Mzone","description":"Magaz\u00edn nejen pro mu\u017ee","potentialAction":[{"@type":"SearchAction","target":{"@type":"EntryPoint","urlTemplate":"https:\/\/www.mzone.cz\/?s={search_term_string}"},"query-input":{"@type":"PropertyValueSpecification","valueRequired":true,"valueName":"search_term_string"}}],"inLanguage":"en-US"},{"@type":"Person","@id":"https:\/\/www.mzone.cz\/#\/schema\/person\/9bc20cc422a99cac4af6ff9297da32d4","name":"Mzone","image":{"@type":"ImageObject","inLanguage":"en-US","@id":"https:\/\/secure.gravatar.com\/avatar\/e780a8630f3182a3d06dd667ab6bea151a0d155b0951bc15fe22633acdac0676?s=96&d=mm&r=g","url":"https:\/\/secure.gravatar.com\/avatar\/e780a8630f3182a3d06dd667ab6bea151a0d155b0951bc15fe22633acdac0676?s=96&d=mm&r=g","contentUrl":"https:\/\/secure.gravatar.com\/avatar\/e780a8630f3182a3d06dd667ab6bea151a0d155b0951bc15fe22633acdac0676?s=96&d=mm&r=g","caption":"Mzone"},"url":"https:\/\/www.mzone.cz\/en\/author\/jakub\/"}]}},"_links":{"self":[{"href":"https:\/\/www.mzone.cz\/en\/wp-json\/wp\/v2\/posts\/42544","targetHints":{"allow":["GET"]}}],"collection":[{"href":"https:\/\/www.mzone.cz\/en\/wp-json\/wp\/v2\/posts"}],"about":[{"href":"https:\/\/www.mzone.cz\/en\/wp-json\/wp\/v2\/types\/post"}],"author":[{"embeddable":true,"href":"https:\/\/www.mzone.cz\/en\/wp-json\/wp\/v2\/users\/4"}],"replies":[{"embeddable":true,"href":"https:\/\/www.mzone.cz\/en\/wp-json\/wp\/v2\/comments?post=42544"}],"version-history":[{"count":7,"href":"https:\/\/www.mzone.cz\/en\/wp-json\/wp\/v2\/posts\/42544\/revisions"}],"predecessor-version":[{"id":42557,"href":"https:\/\/www.mzone.cz\/en\/wp-json\/wp\/v2\/posts\/42544\/revisions\/42557"}],"wp:featuredmedia":[{"embeddable":true,"href":"https:\/\/www.mzone.cz\/en\/wp-json\/wp\/v2\/media\/42546"}],"wp:attachment":[{"href":"https:\/\/www.mzone.cz\/en\/wp-json\/wp\/v2\/media?parent=42544"}],"wp:term":[{"taxonomy":"category","embeddable":true,"href":"https:\/\/www.mzone.cz\/en\/wp-json\/wp\/v2\/categories?post=42544"},{"taxonomy":"post_tag","embeddable":true,"href":"https:\/\/www.mzone.cz\/en\/wp-json\/wp\/v2\/tags?post=42544"}],"curies":[{"name":"wp","href":"https:\/\/api.w.org\/{rel}","templated":true}]}}