{"id":42573,"date":"2023-12-05T22:40:11","date_gmt":"2023-12-05T21:40:11","guid":{"rendered":"https:\/\/www.mzone.cz\/?p=42573"},"modified":"2023-12-05T22:40:12","modified_gmt":"2023-12-05T21:40:12","slug":"the-offspring-druhym-headlinerem-rock-for-people-2024","status":"publish","type":"post","link":"https:\/\/www.mzone.cz\/en\/the-offspring-druhym-headlinerem-rock-for-people-2024\/","title":{"rendered":"Rock for People odstartoval obl\u00edben\u00fd adventn\u00ed kalend\u00e1\u0159 druh\u00fdm headlinerem \u2013 The Offspring!"},"content":{"rendered":"<p><strong>Dlouho o\u010dek\u00e1van\u00e1 ud\u00e1lost je tady, Rock for People s prvn\u00edm prosincov\u00fdm dnem spustil ji\u017e tradi\u010dn\u00ed adventn\u00ed kalend\u00e1\u0159, kter\u00fd ka\u017ed\u00fd den a\u017e do V\u00e1noc odhaluje jednu kapelu. Prvn\u00ed ok\u00e9nko na webov\u00fdch str\u00e1nk\u00e1ch Rock for People pat\u0159\u00ed The Offspring, druh\u00e9mu ze \u010dty\u0159 headliner\u016f festivalu, kte\u0159\u00ed vystoup\u00ed na 28. ro\u010dn\u00edku festivalu od 12. do 15. \u010dervna v hradeck\u00e9m Parku 360 vedle Bring Me The Horizon, Avril Lavigne, Pendulum, Coreyho Taylora \u010di Parkway Drive.<\/strong><\/p><br>\n\n\n\n<p>\u201cTohle je v\u017edy m\u00e1 obl\u00edben\u00e1 \u010d\u00e1st roku, na kterou se p\u0159ed V\u00e1noci velmi t\u011b\u0161\u00edm spole\u010dn\u011b s na\u0161imi fanou\u0161ky. Oznamovac\u00ed maraton 24 nov\u00fdch jmen lineupu jsme nemohli odstartovat nik\u00fdm lep\u0161\u00edm ne\u017e legendami The Offspring, kte\u0159\u00ed u n\u00e1s p\u0159\u00ed\u0161t\u00ed rok oslav\u00ed neuv\u011b\u0159iteln\u00e9 jubileum 40 let na sc\u00e9n\u011b,\u201d \u0159\u00edk\u00e1 \u0159editel festivalu Michal Thomes.<\/p>\n\n\n\n<blockquote class=\"wp-block-quote is-layout-flow wp-block-quote-is-layout-flow\">\n<p>Po\u0159adatel\u00e9 stihli je\u0161t\u011b p\u0159ed adventn\u00edm kalend\u00e1\u0159em ozn\u00e1mit exkluzivn\u00ed comeback po osmi letech The Ecstasy Of Saint Theresa \u2013\u2060 projekt jednoho z nejv\u00fdrazn\u011bj\u0161\u00edch \u010desk\u00fdch hudebn\u00edch skladatel\u016f Jana P. Muchowa. Jejich hudba prov\u00e1zela nap\u0159\u00edklad kultovn\u00edm filmem Samot\u00e1\u0159i.<\/p>\n<\/blockquote>\n\n\n\n<p>Ale zp\u00e1tky k hlavn\u00edm hv\u011bzd\u00e1m. V dubnu 2021 vydala kalifornsk\u00e1 skupina The Offspring sv\u00e9 des\u00e1t\u00e9 studiov\u00e9 album &#8220;Let The Bad Times Roll&#8221;. Projekt byl dokon\u010den a uveden na trh ve v\u00edru celosv\u011btov\u00e9 pandemie. N\u00e1zev alba, kter\u00fd se tehdy zd\u00e1l tak p\u0159\u00edhodn\u00fd, se ve skute\u010dnosti uk\u00e1zal b\u00fdt \u010d\u00edmkoliv jin\u00fdm, ne\u017e \u0161patn\u00fdmi \u010dasy&#8230; P\u0159\u00edb\u011bh The Offspring je od t\u00e9 doby p\u0159esn\u00fdm opakem \u2013 byly to dobr\u00e9 \u010dasy.<\/p><br>\n\n\n\n<p>Kapela (zp\u011bv\u00e1k Dexter Holland, kytarista Noodles, baskytarista Todd Morse, multiinstrumentalista\u00a0Jonah Nimoy a buben\u00edk Brandon Pertzborn) pr\u00e1v\u011b dokon\u010dila sv\u00e9 kritikou nejoce\u0148ovan\u011bj\u0161\u00ed americk\u00e9 turn\u00e9, po kter\u00e9m Dexter Holland prohl\u00e1sil: &#8220;Odehr\u00e1li jsme jedny z nejv\u011bt\u0161\u00edch a nejlep\u0161\u00edch koncert\u016f na\u0161\u00ed kari\u00e9ry.&#8221; S v\u00edce ne\u017e t\u0159emi dek\u00e1dami celosv\u011btov\u00fdch turn\u00e9 na kont\u011b to o n\u011b\u010dem sv\u011bd\u010d\u00ed. P\u011btadvacet americk\u00fdch koncert\u016f n\u00e1sledovalo po ned\u00e1vn\u00e9m vyprodan\u00e9m turn\u00e9 v Austr\u00e1lii, Kanad\u011b, Evrop\u011b a Velk\u00e9 Brit\u00e1nii a tak\u00e9 po n\u011bkolika ob\u0159\u00edch festivalov\u00fdch koncertech po cel\u00e9 Evropsk\u00e9 unii.<\/p><br>\n\n\n\n<figure class=\"wp-block-embed is-type-video is-provider-youtube wp-block-embed-youtube wp-embed-aspect-16-9 wp-has-aspect-ratio\"><div class=\"wp-block-embed__wrapper\">\n<iframe loading=\"lazy\" title=\"The Offspring - The Kids Aren&#039;t Alright (Official Music Video)\" width=\"600\" height=\"338\" src=\"https:\/\/www.youtube.com\/embed\/7iNbnineUCI?feature=oembed\" frameborder=\"0\" allow=\"accelerometer; autoplay; clipboard-write; encrypted-media; gyroscope; picture-in-picture; web-share\" referrerpolicy=\"strict-origin-when-cross-origin\" allowfullscreen><\/iframe>\n<\/div><\/figure><br>\n\n\n\n<p><a href=\"https:\/\/www.offspring.com\/\" target=\"_blank\" rel=\"noopener\">Skupina The Offspring<\/a> vznikla v roce 1984 v Garden Grove v Kalifornii. Po vyd\u00e1n\u00ed n\u011bkolika desek, kter\u00e9 si kapela financovala sama, n\u00e1sledovalo album SMASH, kter\u00e9 obsahovalo prvn\u00ed velk\u00fd hit skupiny &#8220;Come Out and Play&#8221;.<\/p>\n\n\n\n<blockquote class=\"wp-block-quote is-layout-flow wp-block-quote-is-layout-flow\">\n<p>Desky SMASH se prodalo v\u00edce ne\u017e 11 milion\u016f kopi\u00ed a st\u00e1le si udr\u017euje status jedn\u00e9 z nejprod\u00e1van\u011bj\u0161\u00edch nez\u00e1visl\u00fdch desek v\u016fbec.<\/p>\n<\/blockquote>\n\n\n\n<p>The Offspring pak vydali \u0159adu zlat\u00fdch, platinov\u00fdch a multiplatinov\u00fdch certifikovan\u00fdch alb (IXNAY ON THE HOMBRE \/ AMERICANA \/ CONSPIRACY OF ONE \/ SPLINTER \/ RISE AND FALL, RAGE AND GRACEi \/ LET THE BAD TIMES ROLL) obsahuj\u00edc\u00edch nad\u010dasov\u00e9 r\u00e1diov\u00e9 st\u00e1lice jako \u201cKids Aren&#8217;t Alright\u201d, \u201cYou&#8217;re Gonna Go Far Kid\u201d, \u201cSelf Esteem\u201d, \u201cPretty Fly\u201d a \u201cWhy Don&#8217;t You Get A Job\u201d.<\/p><br>\n\n\n\n<div class=\"wp-block-media-text is-stacked-on-mobile is-vertically-aligned-top\" style=\"grid-template-columns:35% auto\"><figure class=\"wp-block-media-text__media\"><a href=\"https:\/\/www.mzone.cz\/rock-for-people-oznamil-dalsi-jmena-pristiho-rocniku-avril-lavigne-corey-taylor-parkway-drive-pendulum\/\"><img loading=\"lazy\" decoding=\"async\" width=\"938\" height=\"625\" src=\"https:\/\/www.mzone.cz\/wp-content\/uploads\/2023\/11\/Avril-Lavigne.jpeg\" alt=\"Avril Lavigne\" class=\"wp-image-42337 size-full\" srcset=\"https:\/\/www.mzone.cz\/wp-content\/uploads\/2023\/11\/Avril-Lavigne.jpeg 938w, https:\/\/www.mzone.cz\/wp-content\/uploads\/2023\/11\/Avril-Lavigne-300x200.jpeg 300w, https:\/\/www.mzone.cz\/wp-content\/uploads\/2023\/11\/Avril-Lavigne-768x512.jpeg 768w, https:\/\/www.mzone.cz\/wp-content\/uploads\/2023\/11\/Avril-Lavigne-18x12.jpeg 18w, https:\/\/www.mzone.cz\/wp-content\/uploads\/2023\/11\/Avril-Lavigne-800x533.jpeg 800w, https:\/\/www.mzone.cz\/wp-content\/uploads\/2023\/11\/Avril-Lavigne-400x267.jpeg 400w, https:\/\/www.mzone.cz\/wp-content\/uploads\/2023\/11\/Avril-Lavigne-500x333.jpeg 500w, https:\/\/www.mzone.cz\/wp-content\/uploads\/2023\/11\/Avril-Lavigne-590x393.jpeg 590w\" sizes=\"auto, (max-width: 938px) 100vw, 938px\" \/><\/a><\/figure><div class=\"wp-block-media-text__content\">\n<h4 class=\"wp-block-heading\"><a href=\"https:\/\/www.mzone.cz\/rock-for-people-oznamil-dalsi-jmena-pristiho-rocniku-avril-lavigne-corey-taylor-parkway-drive-pendulum\/\">Avril Lavigne, Corey Taylor, Parkway Drive nebo Pendulum! Rock for People ozn\u00e1mil dal\u0161\u00ed jm\u00e9na p\u0159\u00ed\u0161t\u00edho ro\u010dn\u00edku<\/a><\/h4><br>\n<\/div><\/div>","protected":false},"excerpt":{"rendered":"<p>Dlouho o\u010dek\u00e1van\u00e1 ud\u00e1lost je tady, Rock for People s prvn\u00edm prosincov\u00fdm dnem spustil ji\u017e tradi\u010dn\u00ed adventn\u00ed kalend\u00e1\u0159, kter\u00fd ka\u017ed\u00fd den a\u017e do V\u00e1noc odhaluje jednu kapelu. Prvn\u00ed ok\u00e9nko na webov\u00fdch str\u00e1nk\u00e1ch Rock for People pat\u0159\u00ed The Offspring, druh\u00e9mu ze \u010dty\u0159 headliner\u016f festivalu, kte\u0159\u00ed vystoup\u00ed na 28. ro\u010dn\u00edku festivalu od 12. do 15. \u010dervna v hradeck\u00e9m [&hellip;]<\/p>\n","protected":false},"author":4,"featured_media":42574,"comment_status":"open","ping_status":"closed","sticky":false,"template":"","format":"standard","meta":{"kk_blocks_editor_width":"","_kiokenblocks_attr":"","_kiokenblocks_dimensions":"","footnotes":""},"categories":[76,71],"tags":[153,2008,1147,1584,1579,31,1580,2792,2055,1825,2871,1802,5459,1582],"class_list":["post-42573","post","type-post","status-publish","format-standard","has-post-thumbnail","hentry","category-hudba","category-kultura","tag-festival","tag-hradec-kralove","tag-hudba","tag-kapela","tag-koncert","tag-kultura","tag-muzika","tag-punk-rock","tag-rock","tag-rock-for-people","tag-rockova-hudba","tag-skupina","tag-the-offspring","tag-vystoupeni"],"yoast_head":"<!-- This site is optimized with the Yoast SEO plugin v27.5 - https:\/\/yoast.com\/product\/yoast-seo-wordpress\/ -->\n<title>Rock for People odstartoval obl\u00edben\u00fd adventn\u00ed kalend\u00e1\u0159 druh\u00fdm headlinerem \u2013 The Offspring! - Mzone<\/title>\n<meta name=\"description\" content=\"Dlouho o\u010dek\u00e1van\u00e1 ud\u00e1lost je tady, Rock for People s prvn\u00edm prosincov\u00fdm dnem spustil ji\u017e tradi\u010dn\u00ed adventn\u00ed kalend\u00e1\u0159, kter\u00fd ka\u017ed\u00fd den a\u017e do V\u00e1noc odhaluje jednu kapelu. A prvn\u00ed ok\u00e9nko na webov\u00fdch str\u00e1nk\u00e1ch Rock for People pat\u0159\u00ed The Offspring.\" \/>\n<meta name=\"robots\" content=\"index, follow, max-snippet:-1, max-image-preview:large, max-video-preview:-1\" \/>\n<link rel=\"canonical\" href=\"https:\/\/www.mzone.cz\/en\/the-offspring-druhym-headlinerem-rock-for-people-2024\/\" \/>\n<meta property=\"og:locale\" content=\"en_US\" \/>\n<meta property=\"og:type\" content=\"article\" \/>\n<meta property=\"og:title\" content=\"Rock for People odstartoval obl\u00edben\u00fd adventn\u00ed kalend\u00e1\u0159 druh\u00fdm headlinerem \u2013 The Offspring! - Mzone\" \/>\n<meta property=\"og:description\" content=\"Dlouho o\u010dek\u00e1van\u00e1 ud\u00e1lost je tady, Rock for People s prvn\u00edm prosincov\u00fdm dnem spustil ji\u017e tradi\u010dn\u00ed adventn\u00ed kalend\u00e1\u0159, kter\u00fd ka\u017ed\u00fd den a\u017e do V\u00e1noc odhaluje jednu kapelu. A prvn\u00ed ok\u00e9nko na webov\u00fdch str\u00e1nk\u00e1ch Rock for People pat\u0159\u00ed The Offspring.\" \/>\n<meta property=\"og:url\" content=\"https:\/\/www.mzone.cz\/en\/the-offspring-druhym-headlinerem-rock-for-people-2024\/\" \/>\n<meta property=\"og:site_name\" content=\"Mzone\" \/>\n<meta property=\"article:publisher\" content=\"https:\/\/www.facebook.com\/MzoneCZ\/\" \/>\n<meta property=\"article:published_time\" content=\"2023-12-05T21:40:11+00:00\" \/>\n<meta property=\"article:modified_time\" content=\"2023-12-05T21:40:12+00:00\" \/>\n<meta property=\"og:image\" content=\"https:\/\/www.mzone.cz\/wp-content\/uploads\/2023\/12\/The-Offspring-scaled.jpg\" \/>\n\t<meta property=\"og:image:width\" content=\"2560\" \/>\n\t<meta property=\"og:image:height\" content=\"1707\" \/>\n\t<meta property=\"og:image:type\" content=\"image\/jpeg\" \/>\n<meta name=\"author\" content=\"Mzone\" \/>\n<meta name=\"twitter:card\" content=\"summary_large_image\" \/>\n<meta name=\"twitter:label1\" content=\"Written by\" \/>\n\t<meta name=\"twitter:data1\" content=\"Mzone\" \/>\n\t<meta name=\"twitter:label2\" content=\"Est. reading time\" \/>\n\t<meta name=\"twitter:data2\" content=\"3 minutes\" \/>\n<script type=\"application\/ld+json\" class=\"yoast-schema-graph\">{\"@context\":\"https:\\\/\\\/schema.org\",\"@graph\":[{\"@type\":\"Article\",\"@id\":\"https:\\\/\\\/www.mzone.cz\\\/the-offspring-druhym-headlinerem-rock-for-people-2024\\\/#article\",\"isPartOf\":{\"@id\":\"https:\\\/\\\/www.mzone.cz\\\/the-offspring-druhym-headlinerem-rock-for-people-2024\\\/\"},\"author\":{\"name\":\"Mzone\",\"@id\":\"https:\\\/\\\/www.mzone.cz\\\/#\\\/schema\\\/person\\\/9bc20cc422a99cac4af6ff9297da32d4\"},\"headline\":\"Rock for People odstartoval obl\u00edben\u00fd adventn\u00ed kalend\u00e1\u0159 druh\u00fdm headlinerem \u2013 The Offspring!\",\"datePublished\":\"2023-12-05T21:40:11+00:00\",\"dateModified\":\"2023-12-05T21:40:12+00:00\",\"mainEntityOfPage\":{\"@id\":\"https:\\\/\\\/www.mzone.cz\\\/the-offspring-druhym-headlinerem-rock-for-people-2024\\\/\"},\"wordCount\":557,\"commentCount\":0,\"image\":{\"@id\":\"https:\\\/\\\/www.mzone.cz\\\/the-offspring-druhym-headlinerem-rock-for-people-2024\\\/#primaryimage\"},\"thumbnailUrl\":\"https:\\\/\\\/www.mzone.cz\\\/wp-content\\\/uploads\\\/2023\\\/12\\\/The-Offspring-scaled.jpg\",\"keywords\":[\"festival\",\"Hradec Kr\u00e1lov\u00e9\",\"hudba\",\"kapela\",\"koncert\",\"Kultura\",\"muzika\",\"punk-rock\",\"rock\",\"Rock for People\",\"rockov\u00e1 hudba\",\"skupina\",\"The Offspring\",\"vystoupen\u00ed\"],\"articleSection\":[\"Hudba\",\"Kultura\"],\"inLanguage\":\"en-US\",\"potentialAction\":[{\"@type\":\"CommentAction\",\"name\":\"Comment\",\"target\":[\"https:\\\/\\\/www.mzone.cz\\\/the-offspring-druhym-headlinerem-rock-for-people-2024\\\/#respond\"]}]},{\"@type\":\"WebPage\",\"@id\":\"https:\\\/\\\/www.mzone.cz\\\/the-offspring-druhym-headlinerem-rock-for-people-2024\\\/\",\"url\":\"https:\\\/\\\/www.mzone.cz\\\/the-offspring-druhym-headlinerem-rock-for-people-2024\\\/\",\"name\":\"Rock for People odstartoval obl\u00edben\u00fd adventn\u00ed kalend\u00e1\u0159 druh\u00fdm headlinerem \u2013 The Offspring! - Mzone\",\"isPartOf\":{\"@id\":\"https:\\\/\\\/www.mzone.cz\\\/#website\"},\"primaryImageOfPage\":{\"@id\":\"https:\\\/\\\/www.mzone.cz\\\/the-offspring-druhym-headlinerem-rock-for-people-2024\\\/#primaryimage\"},\"image\":{\"@id\":\"https:\\\/\\\/www.mzone.cz\\\/the-offspring-druhym-headlinerem-rock-for-people-2024\\\/#primaryimage\"},\"thumbnailUrl\":\"https:\\\/\\\/www.mzone.cz\\\/wp-content\\\/uploads\\\/2023\\\/12\\\/The-Offspring-scaled.jpg\",\"datePublished\":\"2023-12-05T21:40:11+00:00\",\"dateModified\":\"2023-12-05T21:40:12+00:00\",\"author\":{\"@id\":\"https:\\\/\\\/www.mzone.cz\\\/#\\\/schema\\\/person\\\/9bc20cc422a99cac4af6ff9297da32d4\"},\"description\":\"Dlouho o\u010dek\u00e1van\u00e1 ud\u00e1lost je tady, Rock for People s prvn\u00edm prosincov\u00fdm dnem spustil ji\u017e tradi\u010dn\u00ed adventn\u00ed kalend\u00e1\u0159, kter\u00fd ka\u017ed\u00fd den a\u017e do V\u00e1noc odhaluje jednu kapelu. A prvn\u00ed ok\u00e9nko na webov\u00fdch str\u00e1nk\u00e1ch Rock for People pat\u0159\u00ed The Offspring.\",\"breadcrumb\":{\"@id\":\"https:\\\/\\\/www.mzone.cz\\\/the-offspring-druhym-headlinerem-rock-for-people-2024\\\/#breadcrumb\"},\"inLanguage\":\"en-US\",\"potentialAction\":[{\"@type\":\"ReadAction\",\"target\":[\"https:\\\/\\\/www.mzone.cz\\\/the-offspring-druhym-headlinerem-rock-for-people-2024\\\/\"]}]},{\"@type\":\"ImageObject\",\"inLanguage\":\"en-US\",\"@id\":\"https:\\\/\\\/www.mzone.cz\\\/the-offspring-druhym-headlinerem-rock-for-people-2024\\\/#primaryimage\",\"url\":\"https:\\\/\\\/www.mzone.cz\\\/wp-content\\\/uploads\\\/2023\\\/12\\\/The-Offspring-scaled.jpg\",\"contentUrl\":\"https:\\\/\\\/www.mzone.cz\\\/wp-content\\\/uploads\\\/2023\\\/12\\\/The-Offspring-scaled.jpg\",\"width\":2560,\"height\":1707,\"caption\":\"The Offspring\"},{\"@type\":\"BreadcrumbList\",\"@id\":\"https:\\\/\\\/www.mzone.cz\\\/the-offspring-druhym-headlinerem-rock-for-people-2024\\\/#breadcrumb\",\"itemListElement\":[{\"@type\":\"ListItem\",\"position\":1,\"name\":\"Dom\u016f\",\"item\":\"https:\\\/\\\/www.mzone.cz\\\/\"},{\"@type\":\"ListItem\",\"position\":2,\"name\":\"Rock for People odstartoval obl\u00edben\u00fd adventn\u00ed kalend\u00e1\u0159 druh\u00fdm headlinerem \u2013 The Offspring!\"}]},{\"@type\":\"WebSite\",\"@id\":\"https:\\\/\\\/www.mzone.cz\\\/#website\",\"url\":\"https:\\\/\\\/www.mzone.cz\\\/\",\"name\":\"Mzone\",\"description\":\"Magaz\u00edn nejen pro mu\u017ee\",\"potentialAction\":[{\"@type\":\"SearchAction\",\"target\":{\"@type\":\"EntryPoint\",\"urlTemplate\":\"https:\\\/\\\/www.mzone.cz\\\/?s={search_term_string}\"},\"query-input\":{\"@type\":\"PropertyValueSpecification\",\"valueRequired\":true,\"valueName\":\"search_term_string\"}}],\"inLanguage\":\"en-US\"},{\"@type\":\"Person\",\"@id\":\"https:\\\/\\\/www.mzone.cz\\\/#\\\/schema\\\/person\\\/9bc20cc422a99cac4af6ff9297da32d4\",\"name\":\"Mzone\",\"image\":{\"@type\":\"ImageObject\",\"inLanguage\":\"en-US\",\"@id\":\"https:\\\/\\\/secure.gravatar.com\\\/avatar\\\/e780a8630f3182a3d06dd667ab6bea151a0d155b0951bc15fe22633acdac0676?s=96&d=mm&r=g\",\"url\":\"https:\\\/\\\/secure.gravatar.com\\\/avatar\\\/e780a8630f3182a3d06dd667ab6bea151a0d155b0951bc15fe22633acdac0676?s=96&d=mm&r=g\",\"contentUrl\":\"https:\\\/\\\/secure.gravatar.com\\\/avatar\\\/e780a8630f3182a3d06dd667ab6bea151a0d155b0951bc15fe22633acdac0676?s=96&d=mm&r=g\",\"caption\":\"Mzone\"},\"url\":\"https:\\\/\\\/www.mzone.cz\\\/en\\\/author\\\/jakub\\\/\"}]}<\/script>\n<!-- \/ Yoast SEO plugin. -->","yoast_head_json":{"title":"Rock for People odstartoval obl\u00edben\u00fd adventn\u00ed kalend\u00e1\u0159 druh\u00fdm headlinerem \u2013 The Offspring! - Mzone","description":"Dlouho o\u010dek\u00e1van\u00e1 ud\u00e1lost je tady, Rock for People s prvn\u00edm prosincov\u00fdm dnem spustil ji\u017e tradi\u010dn\u00ed adventn\u00ed kalend\u00e1\u0159, kter\u00fd ka\u017ed\u00fd den a\u017e do V\u00e1noc odhaluje jednu kapelu. A prvn\u00ed ok\u00e9nko na webov\u00fdch str\u00e1nk\u00e1ch Rock for People pat\u0159\u00ed The Offspring.","robots":{"index":"index","follow":"follow","max-snippet":"max-snippet:-1","max-image-preview":"max-image-preview:large","max-video-preview":"max-video-preview:-1"},"canonical":"https:\/\/www.mzone.cz\/en\/the-offspring-druhym-headlinerem-rock-for-people-2024\/","og_locale":"en_US","og_type":"article","og_title":"Rock for People odstartoval obl\u00edben\u00fd adventn\u00ed kalend\u00e1\u0159 druh\u00fdm headlinerem \u2013 The Offspring! - Mzone","og_description":"Dlouho o\u010dek\u00e1van\u00e1 ud\u00e1lost je tady, Rock for People s prvn\u00edm prosincov\u00fdm dnem spustil ji\u017e tradi\u010dn\u00ed adventn\u00ed kalend\u00e1\u0159, kter\u00fd ka\u017ed\u00fd den a\u017e do V\u00e1noc odhaluje jednu kapelu. A prvn\u00ed ok\u00e9nko na webov\u00fdch str\u00e1nk\u00e1ch Rock for People pat\u0159\u00ed The Offspring.","og_url":"https:\/\/www.mzone.cz\/en\/the-offspring-druhym-headlinerem-rock-for-people-2024\/","og_site_name":"Mzone","article_publisher":"https:\/\/www.facebook.com\/MzoneCZ\/","article_published_time":"2023-12-05T21:40:11+00:00","article_modified_time":"2023-12-05T21:40:12+00:00","og_image":[{"width":2560,"height":1707,"url":"https:\/\/www.mzone.cz\/wp-content\/uploads\/2023\/12\/The-Offspring-scaled.jpg","type":"image\/jpeg"}],"author":"Mzone","twitter_card":"summary_large_image","twitter_misc":{"Written by":"Mzone","Est. reading time":"3 minutes"},"schema":{"@context":"https:\/\/schema.org","@graph":[{"@type":"Article","@id":"https:\/\/www.mzone.cz\/the-offspring-druhym-headlinerem-rock-for-people-2024\/#article","isPartOf":{"@id":"https:\/\/www.mzone.cz\/the-offspring-druhym-headlinerem-rock-for-people-2024\/"},"author":{"name":"Mzone","@id":"https:\/\/www.mzone.cz\/#\/schema\/person\/9bc20cc422a99cac4af6ff9297da32d4"},"headline":"Rock for People odstartoval obl\u00edben\u00fd adventn\u00ed kalend\u00e1\u0159 druh\u00fdm headlinerem \u2013 The Offspring!","datePublished":"2023-12-05T21:40:11+00:00","dateModified":"2023-12-05T21:40:12+00:00","mainEntityOfPage":{"@id":"https:\/\/www.mzone.cz\/the-offspring-druhym-headlinerem-rock-for-people-2024\/"},"wordCount":557,"commentCount":0,"image":{"@id":"https:\/\/www.mzone.cz\/the-offspring-druhym-headlinerem-rock-for-people-2024\/#primaryimage"},"thumbnailUrl":"https:\/\/www.mzone.cz\/wp-content\/uploads\/2023\/12\/The-Offspring-scaled.jpg","keywords":["festival","Hradec Kr\u00e1lov\u00e9","hudba","kapela","koncert","Kultura","muzika","punk-rock","rock","Rock for People","rockov\u00e1 hudba","skupina","The Offspring","vystoupen\u00ed"],"articleSection":["Hudba","Kultura"],"inLanguage":"en-US","potentialAction":[{"@type":"CommentAction","name":"Comment","target":["https:\/\/www.mzone.cz\/the-offspring-druhym-headlinerem-rock-for-people-2024\/#respond"]}]},{"@type":"WebPage","@id":"https:\/\/www.mzone.cz\/the-offspring-druhym-headlinerem-rock-for-people-2024\/","url":"https:\/\/www.mzone.cz\/the-offspring-druhym-headlinerem-rock-for-people-2024\/","name":"Rock for People odstartoval obl\u00edben\u00fd adventn\u00ed kalend\u00e1\u0159 druh\u00fdm headlinerem \u2013 The Offspring! - Mzone","isPartOf":{"@id":"https:\/\/www.mzone.cz\/#website"},"primaryImageOfPage":{"@id":"https:\/\/www.mzone.cz\/the-offspring-druhym-headlinerem-rock-for-people-2024\/#primaryimage"},"image":{"@id":"https:\/\/www.mzone.cz\/the-offspring-druhym-headlinerem-rock-for-people-2024\/#primaryimage"},"thumbnailUrl":"https:\/\/www.mzone.cz\/wp-content\/uploads\/2023\/12\/The-Offspring-scaled.jpg","datePublished":"2023-12-05T21:40:11+00:00","dateModified":"2023-12-05T21:40:12+00:00","author":{"@id":"https:\/\/www.mzone.cz\/#\/schema\/person\/9bc20cc422a99cac4af6ff9297da32d4"},"description":"Dlouho o\u010dek\u00e1van\u00e1 ud\u00e1lost je tady, Rock for People s prvn\u00edm prosincov\u00fdm dnem spustil ji\u017e tradi\u010dn\u00ed adventn\u00ed kalend\u00e1\u0159, kter\u00fd ka\u017ed\u00fd den a\u017e do V\u00e1noc odhaluje jednu kapelu. A prvn\u00ed ok\u00e9nko na webov\u00fdch str\u00e1nk\u00e1ch Rock for People pat\u0159\u00ed The Offspring.","breadcrumb":{"@id":"https:\/\/www.mzone.cz\/the-offspring-druhym-headlinerem-rock-for-people-2024\/#breadcrumb"},"inLanguage":"en-US","potentialAction":[{"@type":"ReadAction","target":["https:\/\/www.mzone.cz\/the-offspring-druhym-headlinerem-rock-for-people-2024\/"]}]},{"@type":"ImageObject","inLanguage":"en-US","@id":"https:\/\/www.mzone.cz\/the-offspring-druhym-headlinerem-rock-for-people-2024\/#primaryimage","url":"https:\/\/www.mzone.cz\/wp-content\/uploads\/2023\/12\/The-Offspring-scaled.jpg","contentUrl":"https:\/\/www.mzone.cz\/wp-content\/uploads\/2023\/12\/The-Offspring-scaled.jpg","width":2560,"height":1707,"caption":"The Offspring"},{"@type":"BreadcrumbList","@id":"https:\/\/www.mzone.cz\/the-offspring-druhym-headlinerem-rock-for-people-2024\/#breadcrumb","itemListElement":[{"@type":"ListItem","position":1,"name":"Dom\u016f","item":"https:\/\/www.mzone.cz\/"},{"@type":"ListItem","position":2,"name":"Rock for People odstartoval obl\u00edben\u00fd adventn\u00ed kalend\u00e1\u0159 druh\u00fdm headlinerem \u2013 The Offspring!"}]},{"@type":"WebSite","@id":"https:\/\/www.mzone.cz\/#website","url":"https:\/\/www.mzone.cz\/","name":"Mzone","description":"Magaz\u00edn nejen pro mu\u017ee","potentialAction":[{"@type":"SearchAction","target":{"@type":"EntryPoint","urlTemplate":"https:\/\/www.mzone.cz\/?s={search_term_string}"},"query-input":{"@type":"PropertyValueSpecification","valueRequired":true,"valueName":"search_term_string"}}],"inLanguage":"en-US"},{"@type":"Person","@id":"https:\/\/www.mzone.cz\/#\/schema\/person\/9bc20cc422a99cac4af6ff9297da32d4","name":"Mzone","image":{"@type":"ImageObject","inLanguage":"en-US","@id":"https:\/\/secure.gravatar.com\/avatar\/e780a8630f3182a3d06dd667ab6bea151a0d155b0951bc15fe22633acdac0676?s=96&d=mm&r=g","url":"https:\/\/secure.gravatar.com\/avatar\/e780a8630f3182a3d06dd667ab6bea151a0d155b0951bc15fe22633acdac0676?s=96&d=mm&r=g","contentUrl":"https:\/\/secure.gravatar.com\/avatar\/e780a8630f3182a3d06dd667ab6bea151a0d155b0951bc15fe22633acdac0676?s=96&d=mm&r=g","caption":"Mzone"},"url":"https:\/\/www.mzone.cz\/en\/author\/jakub\/"}]}},"_links":{"self":[{"href":"https:\/\/www.mzone.cz\/en\/wp-json\/wp\/v2\/posts\/42573","targetHints":{"allow":["GET"]}}],"collection":[{"href":"https:\/\/www.mzone.cz\/en\/wp-json\/wp\/v2\/posts"}],"about":[{"href":"https:\/\/www.mzone.cz\/en\/wp-json\/wp\/v2\/types\/post"}],"author":[{"embeddable":true,"href":"https:\/\/www.mzone.cz\/en\/wp-json\/wp\/v2\/users\/4"}],"replies":[{"embeddable":true,"href":"https:\/\/www.mzone.cz\/en\/wp-json\/wp\/v2\/comments?post=42573"}],"version-history":[{"count":11,"href":"https:\/\/www.mzone.cz\/en\/wp-json\/wp\/v2\/posts\/42573\/revisions"}],"predecessor-version":[{"id":42592,"href":"https:\/\/www.mzone.cz\/en\/wp-json\/wp\/v2\/posts\/42573\/revisions\/42592"}],"wp:featuredmedia":[{"embeddable":true,"href":"https:\/\/www.mzone.cz\/en\/wp-json\/wp\/v2\/media\/42574"}],"wp:attachment":[{"href":"https:\/\/www.mzone.cz\/en\/wp-json\/wp\/v2\/media?parent=42573"}],"wp:term":[{"taxonomy":"category","embeddable":true,"href":"https:\/\/www.mzone.cz\/en\/wp-json\/wp\/v2\/categories?post=42573"},{"taxonomy":"post_tag","embeddable":true,"href":"https:\/\/www.mzone.cz\/en\/wp-json\/wp\/v2\/tags?post=42573"}],"curies":[{"name":"wp","href":"https:\/\/api.w.org\/{rel}","templated":true}]}}