{"id":42676,"date":"2023-12-22T12:47:05","date_gmt":"2023-12-22T11:47:05","guid":{"rendered":"https:\/\/www.mzone.cz\/?p=42676"},"modified":"2023-12-22T13:00:39","modified_gmt":"2023-12-22T12:00:39","slug":"cesi-o-hmotne-darky-uz-tolik-nestoji-radeji-spolu-chteji-travit-cas","status":"publish","type":"post","link":"https:\/\/www.mzone.cz\/en\/cesi-o-hmotne-darky-uz-tolik-nestoji-radeji-spolu-chteji-travit-cas\/","title":{"rendered":"\u010ce\u0161i o hmotn\u00e9 d\u00e1rky u\u017e tolik nestoj\u00ed, rad\u011bji spolu cht\u011bj\u00ed tr\u00e1vit \u010das"},"content":{"rendered":"<p><strong>Je p\u0159edv\u00e1no\u010dn\u00ed shon skute\u010dn\u011b nezbytn\u00fd, nebo je mnohem lep\u0161\u00ed vyu\u017e\u00edt sv\u00e1te\u010dn\u00ed \u010das pro sv\u00e9 nejbli\u017e\u0161\u00ed? I na to se Kofola letos zeptala \u010desk\u00e9 populace. A v\u00fdsledek? Lidem vad\u00ed p\u0159edv\u00e1no\u010dn\u00ed stres, z v\u00edce ne\u017e 60 % jim br\u00e1n\u00ed v tom, aby si u\u017eili sv\u00e1te\u010dn\u00ed chv\u00edle v pohod\u011b. Spousta z nich se obejde bez hmotn\u00fdch d\u00e1rk\u016f, a pokud o n\u011b maj\u00ed z\u00e1jem, pak o takov\u00e9, kter\u00e9 p\u0159edstavuj\u00ed origin\u00e1ln\u011b str\u00e1ven\u00fd \u010das se sv\u00fdmi nejbli\u017e\u0161\u00edmi. I pro mladou generaci ale z\u016fst\u00e1vaj\u00ed V\u00e1noce pevn\u00fdm bodem v \u017eivot\u011b a za nejlep\u0161\u00ed zp\u016fsob, jak se sv\u00fdmi bl\u00edzk\u00fdmi b\u011bhem sv\u00e1tk\u016f tr\u00e1vit \u010das, st\u00e1le pova\u017euj\u00ed sledov\u00e1n\u00ed poh\u00e1dek.<\/strong><\/p><br>\n\n\n\n<p>V\u00e1noce pro v\u011bt\u0161inu z n\u00e1s znamenaj\u00ed p\u0159edev\u0161\u00edm \u010das, kter\u00fd m\u016f\u017eeme v klidu tr\u00e1vit se sv\u00fdmi nejbli\u017e\u0161\u00edmi. \u010casto n\u00e1m v tom ale br\u00e1n\u00ed p\u0159edv\u00e1no\u010dn\u00ed stres \u2013 to \u0159\u00edk\u00e1 v pr\u016fzkumu pro Kofolu 61 procent lid\u00ed. Sb\u011br dat byl realizov\u00e1n prost\u0159ednictv\u00edm aplikace Instant Research agentury Ipsos. Mnohem rad\u011bji by na d\u00e1rc\u00edch, pe\u010den\u00ed, va\u0159en\u00ed, \u00faklidu, n\u00e1kupech \u010di sv\u00e1te\u010dn\u00edch n\u00e1v\u0161t\u011bv\u00e1ch ubrali mu\u017ei \u2013 celkem 66 %. U \u017een je to pouze 55 %.&nbsp;<\/p>\n\n\n\n<blockquote class=\"wp-block-quote is-layout-flow wp-block-quote-is-layout-flow\">\n<p>A jak je to s d\u00e1rky? S v\u00fdrokem\u00a0<em>\u201em\u00e1me v\u0161e, co chceme, o V\u00e1noc\u00edch bychom si m\u00edsto d\u00e1rk\u016f m\u011bli v\u011bnovat \u010das\u201c<\/em>\u00a0souhlasilo 82 procent dot\u00e1zan\u00fdch. Pouze \u010dtvrtina lid\u00ed kategoricky \u0159\u00edk\u00e1, \u017ee si V\u00e1noce bez d\u00e1rk\u016f neum\u00ed p\u0159edstavit.<\/p>\n<\/blockquote>\n\n\n\n<p>Pro dal\u0161\u00edch 65 procent nejsou V\u00e1noce bez d\u00e1rk\u016f nep\u0159edstaviteln\u00e9 \u2013 v\u011bt\u0161\u00ed \u010d\u00e1st (37 %) t\u011bchto lid\u00ed to nevylu\u010duje a dal\u0161\u00ed dot\u00e1zan\u00ed (zhruba 25 %) by to dokonce p\u0159iv\u00edtali. Nicm\u00e9n\u011b jen pouh\u00e1 dv\u011b procenta lid\u00ed si d\u00e1rky k V\u00e1noc\u016fm v\u016fbec ned\u00e1v\u00e1.<\/p><br>\n\n\n\n<figure class=\"wp-block-image size-large\"><img loading=\"lazy\" decoding=\"async\" width=\"1024\" height=\"1007\" src=\"https:\/\/www.mzone.cz\/wp-content\/uploads\/2023\/12\/88429-infografika-vanoce-01-1024x1007.jpg\" alt=\"\u010ce\u0161i a V\u00e1noce\" class=\"wp-image-42681\" srcset=\"https:\/\/www.mzone.cz\/wp-content\/uploads\/2023\/12\/88429-infografika-vanoce-01-1024x1007.jpg 1024w, https:\/\/www.mzone.cz\/wp-content\/uploads\/2023\/12\/88429-infografika-vanoce-01-300x295.jpg 300w, https:\/\/www.mzone.cz\/wp-content\/uploads\/2023\/12\/88429-infografika-vanoce-01-768x755.jpg 768w, https:\/\/www.mzone.cz\/wp-content\/uploads\/2023\/12\/88429-infografika-vanoce-01-12x12.jpg 12w, https:\/\/www.mzone.cz\/wp-content\/uploads\/2023\/12\/88429-infografika-vanoce-01-1016x999.jpg 1016w, https:\/\/www.mzone.cz\/wp-content\/uploads\/2023\/12\/88429-infografika-vanoce-01-590x580.jpg 590w, https:\/\/www.mzone.cz\/wp-content\/uploads\/2023\/12\/88429-infografika-vanoce-01.jpg 1240w\" sizes=\"auto, (max-width: 1024px) 100vw, 1024px\" \/><\/figure><br>\n\n\n\n<p><em>&#8220;Spousta z n\u00e1s si uv\u011bdomuje, \u017ee nejcenn\u011bj\u0161\u00ed d\u00e1rkem je n\u00e1\u0161 \u010das a z\u00e1jem. V\u00fdzkum jasn\u011b ukazuje, \u017ee vnit\u0159n\u011b to c\u00edt\u00edme &#8211; ve skute\u010dnosti bychom dali p\u0159ednost skromn\u011bj\u0161\u00ed d\u00e1rk\u016fm, kter\u00e9 ale ukazuj\u00ed, \u017ee o n\u00e1s druh\u00e1 strana stoj\u00ed. Narozd\u00edl od materi\u00e1ln\u00edch d\u00e1rk\u016f maj\u00ed nav\u00edc spole\u010dn\u00e9 z\u00e1\u017eitky potenci\u00e1l na\u0161e vztahy prohloubit,\u201c&nbsp;<\/em>\u0159\u00edk\u00e1 psychoterapeutka Mark\u00e9ta \u0160etinov\u00e1.<\/p>\n\n\n\n<blockquote class=\"wp-block-quote is-layout-flow wp-block-quote-is-layout-flow\">\n<p>Podle pr\u016fzkumu by skoro 40 procent lid\u00ed pod strome\u010dkem nejrad\u011bji na\u0161lo spole\u010dn\u00fd z\u00e1\u017eitek, kter\u00fd je p\u0159edzv\u011bst\u00ed dal\u0161\u00edch spole\u010dn\u011b str\u00e1ven\u00fdch chvil. Zhruba 36 procent dot\u00e1zan\u00fdch by nejv\u00edc pot\u011b\u0161il d\u00e1rek, kter\u00fd pro n\u011b ten druh\u00fd vlastnoru\u010dn\u011b vyrobil. Jen necel\u00e9 \u010dtvrtin\u011b dot\u00e1zan\u00fdch by ud\u011blal radost tradi\u010dn\u00ed hmotn\u00fd d\u00e1rek koupen\u00fd v obchod\u011b \u010di na e-shopu.&nbsp;<\/p>\n<\/blockquote>\n\n\n\n<p><em>\u201eKofola je o l\u00e1sce, vztaz\u00edch a lidech, a my se cel\u00fd rok sna\u017e\u00edme inspirovat ostatn\u00ed, aby si na sebe dok\u00e1zali naj\u00edt v\u00edce \u010dasu. Proto jsme v l\u00e9t\u011b p\u0159i\u0161li s my\u0161lenkou L\u00e1skypln\u00e9ho p\u00e1te\u010dku a v\u011bnovali na\u0161im zam\u011bstnanc\u016fm den volna na l\u00e1sku. Na V\u00e1noce chceme pov\u011bd\u011bt v\u0161em, aby si byli sami sob\u011b d\u00e1rkem a v\u011bnovali si navz\u00e1jem to nejcenn\u011bj\u0161\u00ed \u2013 sv\u016fj \u010das,\u201c\u00a0<\/em>\u0159\u00edk\u00e1 Lenka Tenglerov\u00e1, mana\u017eerka zna\u010dky Kofola. \u201e<em>V pr\u016fzkumu zazn\u011blo mnoho zaj\u00edmav\u00fdch my\u0161lenek, ale za srdce n\u00e1s chytla nap\u0159\u00edklad odpov\u011b\u010f 54let\u00e9ho mu\u017ee. Na dotaz, jak\u00fd nejkr\u00e1sn\u011bj\u0161\u00ed d\u00e1rek kdy k V\u00e1noc\u016fm dostal, n\u00e1m napsal: \u010cas. Dostal jsem \u010das na \u017eivot sv\u016fj, partnerky a jej\u00edho syna. Dostal jsem \u010das, ten nejdra\u017e\u0161\u00ed a nejkr\u00e1sn\u011bj\u0161\u00ed d\u00e1rek.\u201c<\/em><\/p><br>\n\n\n\n<figure class=\"wp-block-image size-large\"><img loading=\"lazy\" decoding=\"async\" width=\"1024\" height=\"776\" src=\"https:\/\/www.mzone.cz\/wp-content\/uploads\/2023\/12\/88432-infografika-vanoce-04-1024x776.jpg\" alt=\"Nejkr\u00e1sn\u011bj\u0161\u00ed d\u00e1rky\" class=\"wp-image-42684\" srcset=\"https:\/\/www.mzone.cz\/wp-content\/uploads\/2023\/12\/88432-infografika-vanoce-04-1024x776.jpg 1024w, https:\/\/www.mzone.cz\/wp-content\/uploads\/2023\/12\/88432-infografika-vanoce-04-300x227.jpg 300w, https:\/\/www.mzone.cz\/wp-content\/uploads\/2023\/12\/88432-infografika-vanoce-04-768x582.jpg 768w, https:\/\/www.mzone.cz\/wp-content\/uploads\/2023\/12\/88432-infografika-vanoce-04-16x12.jpg 16w, https:\/\/www.mzone.cz\/wp-content\/uploads\/2023\/12\/88432-infografika-vanoce-04-590x447.jpg 590w, https:\/\/www.mzone.cz\/wp-content\/uploads\/2023\/12\/88432-infografika-vanoce-04.jpg 1240w\" sizes=\"auto, (max-width: 1024px) 100vw, 1024px\" \/><\/figure><br>\n\n\n\n<p>A jak tedy ten \u010das se sv\u00fdmi bl\u00edzk\u00fdmi nejl\u00e9pe str\u00e1vit o V\u00e1noc\u00edch? Prvn\u00ed m\u00edsto mezi nejobl\u00edben\u011bj\u0161\u00edmi \u010dinnostmi bezkonkuren\u010dn\u011b obsadilo sledov\u00e1n\u00ed v\u00e1no\u010dn\u00edch poh\u00e1dek a dal\u0161\u00edch po\u0159ad\u016f. Druh\u00e9 m\u00edsto mezi nejv\u00edce obl\u00edben\u00fdmi spole\u010dn\u00fdmi \u010dinnostmi obsadily rodinn\u00e9 n\u00e1v\u0161t\u011bvy, bronz z\u00edskala spole\u010dn\u00e1 p\u0159\u00edprava v\u00e1no\u010dn\u00ed v\u00fdzdoby a zdoben\u00ed strome\u010dku. Spole\u010dn\u00e9 zp\u00edv\u00e1n\u00ed koled se um\u00edstilo a\u017e na samotn\u00e9m konci, stejn\u011b jako p\u016flno\u010dn\u00ed m\u0161e.<\/p><br>\n\n\n\n<p>A zji\u0161t\u011bn\u00ed na z\u00e1v\u011br? Jednozna\u010dn\u011b plat\u00ed, \u017ee V\u00e1noce chceme tr\u00e1vit tam, kde to zn\u00e1me, a kde se c\u00edt\u00edme nejl\u00e9pe \u2013 doma. By\u0165 by pobyt v zahrani\u010d\u00ed znamenal \u00fanik od v\u00e1no\u010dn\u00edho shonu a mo\u017enost tr\u00e1vit s nejbli\u017e\u0161\u00edmi co nejklidn\u011bj\u0161\u00ed chv\u00edle, jen deset procent dot\u00e1zan\u00fdch by na V\u00e1noce ur\u010dit\u011b cht\u011blo do zahrani\u010d\u00ed odjet. Pouze necel\u00e1 dv\u011b procenta lid\u00ed z domova na \u0160t\u011bdr\u00fd den a \u0160t\u011bdr\u00fd ve\u010der odj\u00ed\u017ed\u00ed \u2013 bu\u010f do zahrani\u010d\u00ed, nebo t\u0159eba aspo\u0148 na chatu.<\/p><br>\n\n\n\n<figure class=\"wp-block-image size-large\"><img loading=\"lazy\" decoding=\"async\" width=\"1024\" height=\"740\" src=\"https:\/\/www.mzone.cz\/wp-content\/uploads\/2023\/12\/88430-infografika-vanoce-02-1024x740.jpg\" alt=\"Tr\u00e1ven\u00ed \u010dasu o V\u00e1noc\u00edch\" class=\"wp-image-42687\" srcset=\"https:\/\/www.mzone.cz\/wp-content\/uploads\/2023\/12\/88430-infografika-vanoce-02-1024x740.jpg 1024w, https:\/\/www.mzone.cz\/wp-content\/uploads\/2023\/12\/88430-infografika-vanoce-02-300x217.jpg 300w, https:\/\/www.mzone.cz\/wp-content\/uploads\/2023\/12\/88430-infografika-vanoce-02-768x555.jpg 768w, https:\/\/www.mzone.cz\/wp-content\/uploads\/2023\/12\/88430-infografika-vanoce-02-18x12.jpg 18w, https:\/\/www.mzone.cz\/wp-content\/uploads\/2023\/12\/88430-infografika-vanoce-02-590x426.jpg 590w, https:\/\/www.mzone.cz\/wp-content\/uploads\/2023\/12\/88430-infografika-vanoce-02.jpg 1240w\" sizes=\"auto, (max-width: 1024px) 100vw, 1024px\" \/><\/figure><br>\n\n\n\n<p><em>\u201eUkazuje se, \u017ee domov a rodina k sv\u00e1tk\u016fm neodmysliteln\u011b pat\u0159\u00ed. Bez nich by V\u00e1noce nebyly t\u011bmi prav\u00fdmi V\u00e1nocemi. A stejn\u011b tak je to i s na\u0161\u00ed legend\u00e1rn\u00ed reklamou s pras\u00e1tkem, kter\u00e1 se vys\u00edl\u00e1 na televizn\u00edch obrazovk\u00e1ch u\u017e dvacet let a stala se doslova symbolem \u010deskoslovensk\u00fdch V\u00e1noc,\u201c<\/em>&nbsp;uzav\u00edr\u00e1 Lenka Tenglerov\u00e1.<\/p><br>\n\n\n\n<figure class=\"wp-block-table\"><table><tbody><tr><td colspan=\"3\">Jak\u00fdm zp\u016fsobem tr\u00e1v\u00edte \u010das b\u011bhem \u0160t\u011bdr\u00e9ho dne se sv\u00fdmi nejbli\u017e\u0161\u00edmi? (v %)&nbsp;<\/td><\/tr><tr><td>1.<\/td><td>U\u017e\u00edv\u00e1me si spole\u010dn\u00fd \u010das doma chyst\u00e1n\u00edm V\u00e1noc (zdoben\u00ed strome\u010dku, sledujeme poh\u00e1dky, p\u0159\u00edprava j\u00eddla)<\/td><td>77,3<\/td><\/tr><tr><td>2.<\/td><td>\u0160t\u011bdr\u00fd den tr\u00e1v\u00edme spolu jako dom\u00e1cnost pouze \u010d\u00e1ste\u010dn\u011b<\/td><td>14,7<\/td><\/tr><tr><td>3.<\/td><td>Jdeme na dlouh\u00fd v\u00fdlet a vr\u00e1t\u00edme se a\u017e p\u0159ed ve\u010de\u0159\u00ed<\/td><td>6,0<\/td><\/tr><tr><td>4.<\/td><td>\u0160t\u011bdr\u00fd den tr\u00e1v\u00edme v klidu mimo domov (dovolen\u00e1 v zahrani\u010d\u00ed, chata)<\/td><td>1,9<\/td><\/tr><\/tbody><\/table><\/figure>\n\n\n\n<figure class=\"wp-block-table\"><table><tbody><tr><td><\/td><td colspan=\"2\">Kter\u00e9 z t\u011bchto v\u00e1no\u010dn\u00edch aktivit jsou pro v\u00e1s symbolem tr\u00e1ven\u00ed voln\u00e9ho spole\u010dn\u00e9ho \u010dasu s va\u0161imi bl\u00edzk\u00fdmi? (v %)<\/td><\/tr><tr><td>1.<\/td><td>Sledov\u00e1n\u00ed v\u00e1no\u010dn\u00edch film\u016f<\/td><td>54,7<\/td><\/tr><tr><td>2.<\/td><td>Rodinn\u00e9 n\u00e1v\u0161t\u011bvy<\/td><td>48,6<\/td><\/tr><tr><td>3.<\/td><td>P\u0159\u00edprava v\u00e1no\u010dn\u00ed v\u00fdzdoby, zdoben\u00ed strome\u010dku<\/td><td>47,3<\/td><\/tr><tr><td>4.<\/td><td>Spole\u010dn\u00e1 vych\u00e1zka<\/td><td>44,4<\/td><\/tr><tr><td>5.<\/td><td>P\u0159\u00edprava j\u00eddla a \u0161t\u011bdrove\u010dern\u00ed ve\u010de\u0159e<\/td><td>43,2<\/td><\/tr><tr><td>6.<\/td><td>Pe\u010den\u00ed cukrov\u00ed<\/td><td>36,0<\/td><\/tr><tr><td>7.<\/td><td>V\u00e1no\u010dn\u00ed trhy<\/td><td>32,6<\/td><\/tr><tr><td>8.<\/td><td>Spole\u010dn\u011b se jdeme pod\u00edvat na Betl\u00e9m\/ jesli\u010dky<\/td><td>13,2<\/td><\/tr><tr><td>9.<\/td><td>Zp\u00edv\u00e1n\u00ed koled \/ hra na hudebn\u00ed n\u00e1stroje<\/td><td>9,5<\/td><\/tr><tr><td>10.<\/td><td>P\u016flno\u010dn\u00ed m\u0161e<\/td><td>6,8<\/td><\/tr><\/tbody><\/table><\/figure>\n\n\n\n<p><em>Pr\u016fzkumu se na podzim roku 2023 z\u00fa\u010dastnilo 516 respondent\u016f z \u010cesk\u00e9 republiky. Sb\u011br dat byl realizov\u00e1n prost\u0159ednictv\u00edm aplikace Instant Research agentury Ipsos.<\/em><\/p><br>\n\n\n\n<div class=\"wp-block-media-text is-stacked-on-mobile is-vertically-aligned-top\" style=\"grid-template-columns:23% auto\"><figure class=\"wp-block-media-text__media\"><a href=\"https:\/\/www.mzone.cz\/darky-ktere-rozpumpuji-krev-v-zilach\/\"><img loading=\"lazy\" decoding=\"async\" width=\"765\" height=\"510\" src=\"https:\/\/www.mzone.cz\/wp-content\/uploads\/2021\/12\/bungee-jumping-z-veze-ve-dvou-a2603c59f6.jpg\" alt=\"Z\u00e1\u017eitek jako d\u00e1rek - bungee jumping\" class=\"wp-image-34840 size-full\" srcset=\"https:\/\/www.mzone.cz\/wp-content\/uploads\/2021\/12\/bungee-jumping-z-veze-ve-dvou-a2603c59f6.jpg 765w, https:\/\/www.mzone.cz\/wp-content\/uploads\/2021\/12\/bungee-jumping-z-veze-ve-dvou-a2603c59f6-300x200.jpg 300w, https:\/\/www.mzone.cz\/wp-content\/uploads\/2021\/12\/bungee-jumping-z-veze-ve-dvou-a2603c59f6-18x12.jpg 18w, https:\/\/www.mzone.cz\/wp-content\/uploads\/2021\/12\/bungee-jumping-z-veze-ve-dvou-a2603c59f6-400x267.jpg 400w, https:\/\/www.mzone.cz\/wp-content\/uploads\/2021\/12\/bungee-jumping-z-veze-ve-dvou-a2603c59f6-500x333.jpg 500w, https:\/\/www.mzone.cz\/wp-content\/uploads\/2021\/12\/bungee-jumping-z-veze-ve-dvou-a2603c59f6-590x393.jpg 590w\" sizes=\"auto, (max-width: 765px) 100vw, 765px\" \/><\/a><\/figure><div class=\"wp-block-media-text__content\">\n<h4 class=\"wp-block-heading\"><a href=\"https:\/\/www.mzone.cz\/darky-ktere-rozpumpuji-krev-v-zilach\/\">Vesel\u00e9 a z\u00e1\u017eitkov\u00e9! Objevte top 5 d\u00e1rk\u016f, kter\u00e9 rozpumpuj\u00ed krev v \u017eil\u00e1ch<\/a><\/h4><br>\n<\/div><\/div>","protected":false},"excerpt":{"rendered":"<p>Je p\u0159edv\u00e1no\u010dn\u00ed shon skute\u010dn\u011b nezbytn\u00fd, nebo je mnohem lep\u0161\u00ed vyu\u017e\u00edt sv\u00e1te\u010dn\u00ed \u010das pro sv\u00e9 nejbli\u017e\u0161\u00ed? I na to se Kofola letos zeptala \u010desk\u00e9 populace. A v\u00fdsledek? Lidem vad\u00ed p\u0159edv\u00e1no\u010dn\u00ed stres, z v\u00edce ne\u017e 60 % jim br\u00e1n\u00ed v tom, aby si u\u017eili sv\u00e1te\u010dn\u00ed chv\u00edle v pohod\u011b. Spousta z nich se obejde bez hmotn\u00fdch d\u00e1rk\u016f, a [&hellip;]<\/p>\n","protected":false},"author":4,"featured_media":42679,"comment_status":"open","ping_status":"closed","sticky":false,"template":"","format":"standard","meta":{"kk_blocks_editor_width":"","_kiokenblocks_attr":"","_kiokenblocks_dimensions":"","footnotes":""},"categories":[29,25,64],"tags":[1709,802,803,17,1025,6081,490,148,804],"class_list":["post-42676","post","type-post","status-publish","format-standard","has-post-thumbnail","hentry","category-lifestyle","category-style","category-trendy","tag-cesi","tag-darek","tag-darky","tag-lifestyle","tag-preference","tag-spolecny-cas","tag-style","tag-trendy","tag-vanoce"],"yoast_head":"<!-- This site is optimized with the Yoast SEO plugin v27.5 - https:\/\/yoast.com\/product\/yoast-seo-wordpress\/ -->\n<title>\u010ce\u0161i o hmotn\u00e9 d\u00e1rky u\u017e tolik nestoj\u00ed, rad\u011bji spolu cht\u011bj\u00ed tr\u00e1vit \u010das - Mzone<\/title>\n<meta name=\"description\" content=\"Je p\u0159edv\u00e1no\u010dn\u00ed shon skute\u010dn\u011b nezbytn\u00fd, nebo je mnohem lep\u0161\u00ed vyu\u017e\u00edt sv\u00e1te\u010dn\u00ed \u010das pro sv\u00e9 nejbli\u017e\u0161\u00ed? I na to se Kofola letos zeptala \u010desk\u00e9 populace. A v\u00fdsledek? Lidem vad\u00ed p\u0159edv\u00e1no\u010dn\u00ed stres, z v\u00edce ne\u017e 60 % jim br\u00e1n\u00ed v tom, aby si u\u017eili sv\u00e1te\u010dn\u00ed chv\u00edle v pohod\u011b. Spousta z nich se obejde bez hmotn\u00fdch d\u00e1rk\u016f, a pokud o n\u011b maj\u00ed z\u00e1jem, pak o takov\u00e9, kter\u00e9 p\u0159edstavuj\u00ed origin\u00e1ln\u011b str\u00e1ven\u00fd \u010das se sv\u00fdmi nejbli\u017e\u0161\u00edmi.\" \/>\n<meta name=\"robots\" content=\"index, follow, max-snippet:-1, max-image-preview:large, max-video-preview:-1\" \/>\n<link rel=\"canonical\" href=\"https:\/\/www.mzone.cz\/en\/cesi-o-hmotne-darky-uz-tolik-nestoji-radeji-spolu-chteji-travit-cas\/\" \/>\n<meta property=\"og:locale\" content=\"en_US\" \/>\n<meta property=\"og:type\" content=\"article\" \/>\n<meta property=\"og:title\" content=\"\u010ce\u0161i o hmotn\u00e9 d\u00e1rky u\u017e tolik nestoj\u00ed, rad\u011bji spolu cht\u011bj\u00ed tr\u00e1vit \u010das - Mzone\" \/>\n<meta property=\"og:description\" content=\"Je p\u0159edv\u00e1no\u010dn\u00ed shon skute\u010dn\u011b nezbytn\u00fd, nebo je mnohem lep\u0161\u00ed vyu\u017e\u00edt sv\u00e1te\u010dn\u00ed \u010das pro sv\u00e9 nejbli\u017e\u0161\u00ed? I na to se Kofola letos zeptala \u010desk\u00e9 populace. A v\u00fdsledek? Lidem vad\u00ed p\u0159edv\u00e1no\u010dn\u00ed stres, z v\u00edce ne\u017e 60 % jim br\u00e1n\u00ed v tom, aby si u\u017eili sv\u00e1te\u010dn\u00ed chv\u00edle v pohod\u011b. Spousta z nich se obejde bez hmotn\u00fdch d\u00e1rk\u016f, a pokud o n\u011b maj\u00ed z\u00e1jem, pak o takov\u00e9, kter\u00e9 p\u0159edstavuj\u00ed origin\u00e1ln\u011b str\u00e1ven\u00fd \u010das se sv\u00fdmi nejbli\u017e\u0161\u00edmi.\" \/>\n<meta property=\"og:url\" content=\"https:\/\/www.mzone.cz\/en\/cesi-o-hmotne-darky-uz-tolik-nestoji-radeji-spolu-chteji-travit-cas\/\" \/>\n<meta property=\"og:site_name\" content=\"Mzone\" \/>\n<meta property=\"article:publisher\" content=\"https:\/\/www.facebook.com\/MzoneCZ\/\" \/>\n<meta property=\"article:published_time\" content=\"2023-12-22T11:47:05+00:00\" \/>\n<meta property=\"article:modified_time\" content=\"2023-12-22T12:00:39+00:00\" \/>\n<meta property=\"og:image\" content=\"https:\/\/www.mzone.cz\/wp-content\/uploads\/2023\/12\/pexels-jeshootscom-714697-scaled.jpg\" \/>\n\t<meta property=\"og:image:width\" content=\"2560\" \/>\n\t<meta property=\"og:image:height\" content=\"1706\" \/>\n\t<meta property=\"og:image:type\" content=\"image\/jpeg\" \/>\n<meta name=\"author\" content=\"Mzone\" \/>\n<meta name=\"twitter:card\" content=\"summary_large_image\" \/>\n<meta name=\"twitter:label1\" content=\"Written by\" \/>\n\t<meta name=\"twitter:data1\" content=\"Mzone\" \/>\n\t<meta name=\"twitter:label2\" content=\"Est. reading time\" \/>\n\t<meta name=\"twitter:data2\" content=\"5 minutes\" \/>\n<script type=\"application\/ld+json\" class=\"yoast-schema-graph\">{\"@context\":\"https:\\\/\\\/schema.org\",\"@graph\":[{\"@type\":\"Article\",\"@id\":\"https:\\\/\\\/www.mzone.cz\\\/cesi-o-hmotne-darky-uz-tolik-nestoji-radeji-spolu-chteji-travit-cas\\\/#article\",\"isPartOf\":{\"@id\":\"https:\\\/\\\/www.mzone.cz\\\/cesi-o-hmotne-darky-uz-tolik-nestoji-radeji-spolu-chteji-travit-cas\\\/\"},\"author\":{\"name\":\"Mzone\",\"@id\":\"https:\\\/\\\/www.mzone.cz\\\/#\\\/schema\\\/person\\\/9bc20cc422a99cac4af6ff9297da32d4\"},\"headline\":\"\u010ce\u0161i o hmotn\u00e9 d\u00e1rky u\u017e tolik nestoj\u00ed, rad\u011bji spolu cht\u011bj\u00ed tr\u00e1vit \u010das\",\"datePublished\":\"2023-12-22T11:47:05+00:00\",\"dateModified\":\"2023-12-22T12:00:39+00:00\",\"mainEntityOfPage\":{\"@id\":\"https:\\\/\\\/www.mzone.cz\\\/cesi-o-hmotne-darky-uz-tolik-nestoji-radeji-spolu-chteji-travit-cas\\\/\"},\"wordCount\":1152,\"commentCount\":0,\"image\":{\"@id\":\"https:\\\/\\\/www.mzone.cz\\\/cesi-o-hmotne-darky-uz-tolik-nestoji-radeji-spolu-chteji-travit-cas\\\/#primaryimage\"},\"thumbnailUrl\":\"https:\\\/\\\/www.mzone.cz\\\/wp-content\\\/uploads\\\/2023\\\/12\\\/pexels-jeshootscom-714697-scaled.jpg\",\"keywords\":[\"\u010ce\u0161i\",\"d\u00e1rek\",\"d\u00e1rky\",\"Lifestyle\",\"preference\",\"spole\u010dn\u00fd \u010das\",\"style\",\"trendy\",\"V\u00e1noce\"],\"articleSection\":[\"Lifestyle\",\"Style\",\"Trendy\"],\"inLanguage\":\"en-US\",\"potentialAction\":[{\"@type\":\"CommentAction\",\"name\":\"Comment\",\"target\":[\"https:\\\/\\\/www.mzone.cz\\\/cesi-o-hmotne-darky-uz-tolik-nestoji-radeji-spolu-chteji-travit-cas\\\/#respond\"]}]},{\"@type\":\"WebPage\",\"@id\":\"https:\\\/\\\/www.mzone.cz\\\/cesi-o-hmotne-darky-uz-tolik-nestoji-radeji-spolu-chteji-travit-cas\\\/\",\"url\":\"https:\\\/\\\/www.mzone.cz\\\/cesi-o-hmotne-darky-uz-tolik-nestoji-radeji-spolu-chteji-travit-cas\\\/\",\"name\":\"\u010ce\u0161i o hmotn\u00e9 d\u00e1rky u\u017e tolik nestoj\u00ed, rad\u011bji spolu cht\u011bj\u00ed tr\u00e1vit \u010das - Mzone\",\"isPartOf\":{\"@id\":\"https:\\\/\\\/www.mzone.cz\\\/#website\"},\"primaryImageOfPage\":{\"@id\":\"https:\\\/\\\/www.mzone.cz\\\/cesi-o-hmotne-darky-uz-tolik-nestoji-radeji-spolu-chteji-travit-cas\\\/#primaryimage\"},\"image\":{\"@id\":\"https:\\\/\\\/www.mzone.cz\\\/cesi-o-hmotne-darky-uz-tolik-nestoji-radeji-spolu-chteji-travit-cas\\\/#primaryimage\"},\"thumbnailUrl\":\"https:\\\/\\\/www.mzone.cz\\\/wp-content\\\/uploads\\\/2023\\\/12\\\/pexels-jeshootscom-714697-scaled.jpg\",\"datePublished\":\"2023-12-22T11:47:05+00:00\",\"dateModified\":\"2023-12-22T12:00:39+00:00\",\"author\":{\"@id\":\"https:\\\/\\\/www.mzone.cz\\\/#\\\/schema\\\/person\\\/9bc20cc422a99cac4af6ff9297da32d4\"},\"description\":\"Je p\u0159edv\u00e1no\u010dn\u00ed shon skute\u010dn\u011b nezbytn\u00fd, nebo je mnohem lep\u0161\u00ed vyu\u017e\u00edt sv\u00e1te\u010dn\u00ed \u010das pro sv\u00e9 nejbli\u017e\u0161\u00ed? I na to se Kofola letos zeptala \u010desk\u00e9 populace. A v\u00fdsledek? Lidem vad\u00ed p\u0159edv\u00e1no\u010dn\u00ed stres, z v\u00edce ne\u017e 60 % jim br\u00e1n\u00ed v tom, aby si u\u017eili sv\u00e1te\u010dn\u00ed chv\u00edle v pohod\u011b. Spousta z nich se obejde bez hmotn\u00fdch d\u00e1rk\u016f, a pokud o n\u011b maj\u00ed z\u00e1jem, pak o takov\u00e9, kter\u00e9 p\u0159edstavuj\u00ed origin\u00e1ln\u011b str\u00e1ven\u00fd \u010das se sv\u00fdmi nejbli\u017e\u0161\u00edmi.\",\"breadcrumb\":{\"@id\":\"https:\\\/\\\/www.mzone.cz\\\/cesi-o-hmotne-darky-uz-tolik-nestoji-radeji-spolu-chteji-travit-cas\\\/#breadcrumb\"},\"inLanguage\":\"en-US\",\"potentialAction\":[{\"@type\":\"ReadAction\",\"target\":[\"https:\\\/\\\/www.mzone.cz\\\/cesi-o-hmotne-darky-uz-tolik-nestoji-radeji-spolu-chteji-travit-cas\\\/\"]}]},{\"@type\":\"ImageObject\",\"inLanguage\":\"en-US\",\"@id\":\"https:\\\/\\\/www.mzone.cz\\\/cesi-o-hmotne-darky-uz-tolik-nestoji-radeji-spolu-chteji-travit-cas\\\/#primaryimage\",\"url\":\"https:\\\/\\\/www.mzone.cz\\\/wp-content\\\/uploads\\\/2023\\\/12\\\/pexels-jeshootscom-714697-scaled.jpg\",\"contentUrl\":\"https:\\\/\\\/www.mzone.cz\\\/wp-content\\\/uploads\\\/2023\\\/12\\\/pexels-jeshootscom-714697-scaled.jpg\",\"width\":2560,\"height\":1706,\"caption\":\"V\u00e1no\u010dn\u00ed d\u00e1rek\"},{\"@type\":\"BreadcrumbList\",\"@id\":\"https:\\\/\\\/www.mzone.cz\\\/cesi-o-hmotne-darky-uz-tolik-nestoji-radeji-spolu-chteji-travit-cas\\\/#breadcrumb\",\"itemListElement\":[{\"@type\":\"ListItem\",\"position\":1,\"name\":\"Dom\u016f\",\"item\":\"https:\\\/\\\/www.mzone.cz\\\/\"},{\"@type\":\"ListItem\",\"position\":2,\"name\":\"\u010ce\u0161i o hmotn\u00e9 d\u00e1rky u\u017e tolik nestoj\u00ed, rad\u011bji spolu cht\u011bj\u00ed tr\u00e1vit \u010das\"}]},{\"@type\":\"WebSite\",\"@id\":\"https:\\\/\\\/www.mzone.cz\\\/#website\",\"url\":\"https:\\\/\\\/www.mzone.cz\\\/\",\"name\":\"Mzone\",\"description\":\"Magaz\u00edn nejen pro mu\u017ee\",\"potentialAction\":[{\"@type\":\"SearchAction\",\"target\":{\"@type\":\"EntryPoint\",\"urlTemplate\":\"https:\\\/\\\/www.mzone.cz\\\/?s={search_term_string}\"},\"query-input\":{\"@type\":\"PropertyValueSpecification\",\"valueRequired\":true,\"valueName\":\"search_term_string\"}}],\"inLanguage\":\"en-US\"},{\"@type\":\"Person\",\"@id\":\"https:\\\/\\\/www.mzone.cz\\\/#\\\/schema\\\/person\\\/9bc20cc422a99cac4af6ff9297da32d4\",\"name\":\"Mzone\",\"image\":{\"@type\":\"ImageObject\",\"inLanguage\":\"en-US\",\"@id\":\"https:\\\/\\\/secure.gravatar.com\\\/avatar\\\/e780a8630f3182a3d06dd667ab6bea151a0d155b0951bc15fe22633acdac0676?s=96&d=mm&r=g\",\"url\":\"https:\\\/\\\/secure.gravatar.com\\\/avatar\\\/e780a8630f3182a3d06dd667ab6bea151a0d155b0951bc15fe22633acdac0676?s=96&d=mm&r=g\",\"contentUrl\":\"https:\\\/\\\/secure.gravatar.com\\\/avatar\\\/e780a8630f3182a3d06dd667ab6bea151a0d155b0951bc15fe22633acdac0676?s=96&d=mm&r=g\",\"caption\":\"Mzone\"},\"url\":\"https:\\\/\\\/www.mzone.cz\\\/en\\\/author\\\/jakub\\\/\"}]}<\/script>\n<!-- \/ Yoast SEO plugin. -->","yoast_head_json":{"title":"\u010ce\u0161i o hmotn\u00e9 d\u00e1rky u\u017e tolik nestoj\u00ed, rad\u011bji spolu cht\u011bj\u00ed tr\u00e1vit \u010das - Mzone","description":"Je p\u0159edv\u00e1no\u010dn\u00ed shon skute\u010dn\u011b nezbytn\u00fd, nebo je mnohem lep\u0161\u00ed vyu\u017e\u00edt sv\u00e1te\u010dn\u00ed \u010das pro sv\u00e9 nejbli\u017e\u0161\u00ed? I na to se Kofola letos zeptala \u010desk\u00e9 populace. A v\u00fdsledek? Lidem vad\u00ed p\u0159edv\u00e1no\u010dn\u00ed stres, z v\u00edce ne\u017e 60 % jim br\u00e1n\u00ed v tom, aby si u\u017eili sv\u00e1te\u010dn\u00ed chv\u00edle v pohod\u011b. Spousta z nich se obejde bez hmotn\u00fdch d\u00e1rk\u016f, a pokud o n\u011b maj\u00ed z\u00e1jem, pak o takov\u00e9, kter\u00e9 p\u0159edstavuj\u00ed origin\u00e1ln\u011b str\u00e1ven\u00fd \u010das se sv\u00fdmi nejbli\u017e\u0161\u00edmi.","robots":{"index":"index","follow":"follow","max-snippet":"max-snippet:-1","max-image-preview":"max-image-preview:large","max-video-preview":"max-video-preview:-1"},"canonical":"https:\/\/www.mzone.cz\/en\/cesi-o-hmotne-darky-uz-tolik-nestoji-radeji-spolu-chteji-travit-cas\/","og_locale":"en_US","og_type":"article","og_title":"\u010ce\u0161i o hmotn\u00e9 d\u00e1rky u\u017e tolik nestoj\u00ed, rad\u011bji spolu cht\u011bj\u00ed tr\u00e1vit \u010das - Mzone","og_description":"Je p\u0159edv\u00e1no\u010dn\u00ed shon skute\u010dn\u011b nezbytn\u00fd, nebo je mnohem lep\u0161\u00ed vyu\u017e\u00edt sv\u00e1te\u010dn\u00ed \u010das pro sv\u00e9 nejbli\u017e\u0161\u00ed? I na to se Kofola letos zeptala \u010desk\u00e9 populace. A v\u00fdsledek? Lidem vad\u00ed p\u0159edv\u00e1no\u010dn\u00ed stres, z v\u00edce ne\u017e 60 % jim br\u00e1n\u00ed v tom, aby si u\u017eili sv\u00e1te\u010dn\u00ed chv\u00edle v pohod\u011b. Spousta z nich se obejde bez hmotn\u00fdch d\u00e1rk\u016f, a pokud o n\u011b maj\u00ed z\u00e1jem, pak o takov\u00e9, kter\u00e9 p\u0159edstavuj\u00ed origin\u00e1ln\u011b str\u00e1ven\u00fd \u010das se sv\u00fdmi nejbli\u017e\u0161\u00edmi.","og_url":"https:\/\/www.mzone.cz\/en\/cesi-o-hmotne-darky-uz-tolik-nestoji-radeji-spolu-chteji-travit-cas\/","og_site_name":"Mzone","article_publisher":"https:\/\/www.facebook.com\/MzoneCZ\/","article_published_time":"2023-12-22T11:47:05+00:00","article_modified_time":"2023-12-22T12:00:39+00:00","og_image":[{"width":2560,"height":1706,"url":"https:\/\/www.mzone.cz\/wp-content\/uploads\/2023\/12\/pexels-jeshootscom-714697-scaled.jpg","type":"image\/jpeg"}],"author":"Mzone","twitter_card":"summary_large_image","twitter_misc":{"Written by":"Mzone","Est. reading time":"5 minutes"},"schema":{"@context":"https:\/\/schema.org","@graph":[{"@type":"Article","@id":"https:\/\/www.mzone.cz\/cesi-o-hmotne-darky-uz-tolik-nestoji-radeji-spolu-chteji-travit-cas\/#article","isPartOf":{"@id":"https:\/\/www.mzone.cz\/cesi-o-hmotne-darky-uz-tolik-nestoji-radeji-spolu-chteji-travit-cas\/"},"author":{"name":"Mzone","@id":"https:\/\/www.mzone.cz\/#\/schema\/person\/9bc20cc422a99cac4af6ff9297da32d4"},"headline":"\u010ce\u0161i o hmotn\u00e9 d\u00e1rky u\u017e tolik nestoj\u00ed, rad\u011bji spolu cht\u011bj\u00ed tr\u00e1vit \u010das","datePublished":"2023-12-22T11:47:05+00:00","dateModified":"2023-12-22T12:00:39+00:00","mainEntityOfPage":{"@id":"https:\/\/www.mzone.cz\/cesi-o-hmotne-darky-uz-tolik-nestoji-radeji-spolu-chteji-travit-cas\/"},"wordCount":1152,"commentCount":0,"image":{"@id":"https:\/\/www.mzone.cz\/cesi-o-hmotne-darky-uz-tolik-nestoji-radeji-spolu-chteji-travit-cas\/#primaryimage"},"thumbnailUrl":"https:\/\/www.mzone.cz\/wp-content\/uploads\/2023\/12\/pexels-jeshootscom-714697-scaled.jpg","keywords":["\u010ce\u0161i","d\u00e1rek","d\u00e1rky","Lifestyle","preference","spole\u010dn\u00fd \u010das","style","trendy","V\u00e1noce"],"articleSection":["Lifestyle","Style","Trendy"],"inLanguage":"en-US","potentialAction":[{"@type":"CommentAction","name":"Comment","target":["https:\/\/www.mzone.cz\/cesi-o-hmotne-darky-uz-tolik-nestoji-radeji-spolu-chteji-travit-cas\/#respond"]}]},{"@type":"WebPage","@id":"https:\/\/www.mzone.cz\/cesi-o-hmotne-darky-uz-tolik-nestoji-radeji-spolu-chteji-travit-cas\/","url":"https:\/\/www.mzone.cz\/cesi-o-hmotne-darky-uz-tolik-nestoji-radeji-spolu-chteji-travit-cas\/","name":"\u010ce\u0161i o hmotn\u00e9 d\u00e1rky u\u017e tolik nestoj\u00ed, rad\u011bji spolu cht\u011bj\u00ed tr\u00e1vit \u010das - Mzone","isPartOf":{"@id":"https:\/\/www.mzone.cz\/#website"},"primaryImageOfPage":{"@id":"https:\/\/www.mzone.cz\/cesi-o-hmotne-darky-uz-tolik-nestoji-radeji-spolu-chteji-travit-cas\/#primaryimage"},"image":{"@id":"https:\/\/www.mzone.cz\/cesi-o-hmotne-darky-uz-tolik-nestoji-radeji-spolu-chteji-travit-cas\/#primaryimage"},"thumbnailUrl":"https:\/\/www.mzone.cz\/wp-content\/uploads\/2023\/12\/pexels-jeshootscom-714697-scaled.jpg","datePublished":"2023-12-22T11:47:05+00:00","dateModified":"2023-12-22T12:00:39+00:00","author":{"@id":"https:\/\/www.mzone.cz\/#\/schema\/person\/9bc20cc422a99cac4af6ff9297da32d4"},"description":"Je p\u0159edv\u00e1no\u010dn\u00ed shon skute\u010dn\u011b nezbytn\u00fd, nebo je mnohem lep\u0161\u00ed vyu\u017e\u00edt sv\u00e1te\u010dn\u00ed \u010das pro sv\u00e9 nejbli\u017e\u0161\u00ed? I na to se Kofola letos zeptala \u010desk\u00e9 populace. A v\u00fdsledek? Lidem vad\u00ed p\u0159edv\u00e1no\u010dn\u00ed stres, z v\u00edce ne\u017e 60 % jim br\u00e1n\u00ed v tom, aby si u\u017eili sv\u00e1te\u010dn\u00ed chv\u00edle v pohod\u011b. Spousta z nich se obejde bez hmotn\u00fdch d\u00e1rk\u016f, a pokud o n\u011b maj\u00ed z\u00e1jem, pak o takov\u00e9, kter\u00e9 p\u0159edstavuj\u00ed origin\u00e1ln\u011b str\u00e1ven\u00fd \u010das se sv\u00fdmi nejbli\u017e\u0161\u00edmi.","breadcrumb":{"@id":"https:\/\/www.mzone.cz\/cesi-o-hmotne-darky-uz-tolik-nestoji-radeji-spolu-chteji-travit-cas\/#breadcrumb"},"inLanguage":"en-US","potentialAction":[{"@type":"ReadAction","target":["https:\/\/www.mzone.cz\/cesi-o-hmotne-darky-uz-tolik-nestoji-radeji-spolu-chteji-travit-cas\/"]}]},{"@type":"ImageObject","inLanguage":"en-US","@id":"https:\/\/www.mzone.cz\/cesi-o-hmotne-darky-uz-tolik-nestoji-radeji-spolu-chteji-travit-cas\/#primaryimage","url":"https:\/\/www.mzone.cz\/wp-content\/uploads\/2023\/12\/pexels-jeshootscom-714697-scaled.jpg","contentUrl":"https:\/\/www.mzone.cz\/wp-content\/uploads\/2023\/12\/pexels-jeshootscom-714697-scaled.jpg","width":2560,"height":1706,"caption":"V\u00e1no\u010dn\u00ed d\u00e1rek"},{"@type":"BreadcrumbList","@id":"https:\/\/www.mzone.cz\/cesi-o-hmotne-darky-uz-tolik-nestoji-radeji-spolu-chteji-travit-cas\/#breadcrumb","itemListElement":[{"@type":"ListItem","position":1,"name":"Dom\u016f","item":"https:\/\/www.mzone.cz\/"},{"@type":"ListItem","position":2,"name":"\u010ce\u0161i o hmotn\u00e9 d\u00e1rky u\u017e tolik nestoj\u00ed, rad\u011bji spolu cht\u011bj\u00ed tr\u00e1vit \u010das"}]},{"@type":"WebSite","@id":"https:\/\/www.mzone.cz\/#website","url":"https:\/\/www.mzone.cz\/","name":"Mzone","description":"Magaz\u00edn nejen pro mu\u017ee","potentialAction":[{"@type":"SearchAction","target":{"@type":"EntryPoint","urlTemplate":"https:\/\/www.mzone.cz\/?s={search_term_string}"},"query-input":{"@type":"PropertyValueSpecification","valueRequired":true,"valueName":"search_term_string"}}],"inLanguage":"en-US"},{"@type":"Person","@id":"https:\/\/www.mzone.cz\/#\/schema\/person\/9bc20cc422a99cac4af6ff9297da32d4","name":"Mzone","image":{"@type":"ImageObject","inLanguage":"en-US","@id":"https:\/\/secure.gravatar.com\/avatar\/e780a8630f3182a3d06dd667ab6bea151a0d155b0951bc15fe22633acdac0676?s=96&d=mm&r=g","url":"https:\/\/secure.gravatar.com\/avatar\/e780a8630f3182a3d06dd667ab6bea151a0d155b0951bc15fe22633acdac0676?s=96&d=mm&r=g","contentUrl":"https:\/\/secure.gravatar.com\/avatar\/e780a8630f3182a3d06dd667ab6bea151a0d155b0951bc15fe22633acdac0676?s=96&d=mm&r=g","caption":"Mzone"},"url":"https:\/\/www.mzone.cz\/en\/author\/jakub\/"}]}},"_links":{"self":[{"href":"https:\/\/www.mzone.cz\/en\/wp-json\/wp\/v2\/posts\/42676","targetHints":{"allow":["GET"]}}],"collection":[{"href":"https:\/\/www.mzone.cz\/en\/wp-json\/wp\/v2\/posts"}],"about":[{"href":"https:\/\/www.mzone.cz\/en\/wp-json\/wp\/v2\/types\/post"}],"author":[{"embeddable":true,"href":"https:\/\/www.mzone.cz\/en\/wp-json\/wp\/v2\/users\/4"}],"replies":[{"embeddable":true,"href":"https:\/\/www.mzone.cz\/en\/wp-json\/wp\/v2\/comments?post=42676"}],"version-history":[{"count":11,"href":"https:\/\/www.mzone.cz\/en\/wp-json\/wp\/v2\/posts\/42676\/revisions"}],"predecessor-version":[{"id":42691,"href":"https:\/\/www.mzone.cz\/en\/wp-json\/wp\/v2\/posts\/42676\/revisions\/42691"}],"wp:featuredmedia":[{"embeddable":true,"href":"https:\/\/www.mzone.cz\/en\/wp-json\/wp\/v2\/media\/42679"}],"wp:attachment":[{"href":"https:\/\/www.mzone.cz\/en\/wp-json\/wp\/v2\/media?parent=42676"}],"wp:term":[{"taxonomy":"category","embeddable":true,"href":"https:\/\/www.mzone.cz\/en\/wp-json\/wp\/v2\/categories?post=42676"},{"taxonomy":"post_tag","embeddable":true,"href":"https:\/\/www.mzone.cz\/en\/wp-json\/wp\/v2\/tags?post=42676"}],"curies":[{"name":"wp","href":"https:\/\/api.w.org\/{rel}","templated":true}]}}