{"id":42741,"date":"2023-12-29T15:19:11","date_gmt":"2023-12-29T14:19:11","guid":{"rendered":"https:\/\/www.mzone.cz\/?p=42741"},"modified":"2023-12-29T15:20:54","modified_gmt":"2023-12-29T14:20:54","slug":"panske-svetry-na-zimu-2024-tyto-modely-jsou-teple-a-dominuji-trendum","status":"publish","type":"post","link":"https:\/\/www.mzone.cz\/en\/panske-svetry-na-zimu-2024-tyto-modely-jsou-teple-a-dominuji-trendum\/","title":{"rendered":"P\u00e1nsk\u00e9 svetry na zimu 2024: tyto modely jsou tepl\u00e9 a dominuj\u00ed trend\u016fm"},"content":{"rendered":"<p><strong>M\u00f3dn\u00ed p\u00e1nsk\u00e9 svetry na zimu 2024 budou z\u00e1kladem va\u0161eho stylu. Zah\u0159ej\u00ed v\u00e1s, poskytnou v\u00e1m pohodl\u00ed a dodaj\u00ed eleganci. Jak\u00e9 modely budou hitem t\u00e9to sez\u00f3ny? P\u0159e\u010dt\u011bte si Shopsyho p\u0159ehled nejm\u00f3dn\u011bj\u0161\u00edch nab\u00eddek, kter\u00e9 stoj\u00ed za to m\u00edt ve sv\u00e9m \u0161atn\u00edku.<\/strong><\/p><br>\n\n\n\n<h2 class=\"wp-block-heading\">Jak\u00e9 p\u00e1nsk\u00e9 svetry budou m\u00f3dn\u00ed tuto zimu?&nbsp;<\/h2>\n\n\n\n<p>S jistotou m\u016f\u017eeme \u0159\u00edci: <a href=\"https:\/\/shopsy.cz\/panske-svetry\" target=\"_blank\" rel=\"noreferrer noopener\">p\u00e1nsk\u00e9 zimn\u00ed svetry pro mu\u017ee 2024<\/a>\u00a0jsou nejteplej\u0161\u00ed a nejstylov\u011bj\u0161\u00ed. Tyto m\u00f3dn\u00ed modely z\u016fstanou ve va\u0161em \u0161atn\u00edku po mnoho let, proto\u017ee jsou naprosto nad\u010dasov\u00e9. Letos se daj\u00ed nosit r\u016fzn\u00fdmi zp\u016fsoby: s d\u017e\u00ednami, chinos kalhotami, p\u00e9\u0159ovou bundou nebo vln\u011bn\u00fdm kab\u00e1tem.\u00a0\u00a0<\/p>\n\n\n\n<blockquote class=\"wp-block-quote is-layout-flow wp-block-quote-is-layout-flow\">\n<p>V m\u00f3d\u011b jsou klasick\u00e9 p\u00e1nsk\u00e9 svetry, ide\u00e1ln\u00ed do kancel\u00e1\u0159e i na zvl\u00e1\u0161tn\u00ed p\u0159\u00edle\u017eitosti. Do m\u00f3dy se vracej\u00ed styly, kter\u00e9 byly popul\u00e1rn\u00ed v 90. letech, nap\u0159\u00edklad ty se stoj\u00e1\u010dkem a zap\u00edn\u00e1n\u00edm na zip. Pokud hled\u00e1te ide\u00e1ln\u00ed svetr pro sebe nebo si st\u00e1le nejste jisti v\u00fdhodami m\u011bkk\u00e9 vlny, pod\u00edvejte se na n\u00ed\u017ee uveden\u00e9 n\u00e1vrhy.<\/p>\n<\/blockquote>\n\n\n\n<h2 class=\"wp-block-heading\">P\u00e1nsk\u00e9 v\u00e1no\u010dn\u00ed svetry nejsou jen na V\u00e1noce<\/h2>\n\n\n\n<p>Tyto modely lze s \u00fasp\u011bchem nosit po celou zimu, nejen na sv\u00e1tky. Pokud nem\u00e1te r\u00e1di svetry s Je\u017e\u00ed\u0161kem, zvolte klasiku tohoto \u017e\u00e1nru, tedy p\u00e1nsk\u00e9 v\u00e1no\u010dn\u00ed svetry v tlumen\u00fdch barv\u00e1ch, zdoben\u00e9 vzory, jako jsou sn\u011bhov\u00e9 vlo\u010dky nebo sobi. Svetr bude ide\u00e1ln\u00ed volbou k d\u017e\u00edn\u016fm nebo elegantn\u011bj\u0161\u00edm chinos kalhot\u00e1m.<\/p><br>\n\n\n\n<h2 class=\"wp-block-heading\">P\u00e1nsk\u00fd rol\u00e1k pod kab\u00e1ty a bundy &#8211; zimn\u00ed klasika&nbsp;<\/h2>\n\n\n\n<p><a href=\"https:\/\/shopsy.cz\/panske-rolaky\" target=\"_blank\" rel=\"noreferrer noopener\">P\u00e1nsk\u00e9 rol\u00e1ky<\/a>\u00a0jsou svetry, kter\u00e9 nikdy nevyjdou z m\u00f3dy. Trendy se vracej\u00ed pravideln\u011b ka\u017edou sez\u00f3nu a leto\u0161n\u00ed zima nebude v\u00fdjimkou. V m\u00f3d\u011b jsou jak siln\u011bj\u0161\u00ed, tak z tenk\u00e9, na dotek p\u0159\u00edjemn\u00e9 l\u00e1tky. Ty druh\u00e9 se vyplat\u00ed m\u00edt ve sv\u00e9m \u0161atn\u00edku, pokud m\u00e1te r\u00e1di nad\u010dasovou kombinaci rol\u00e1ku se sakem nebo vln\u011bn\u00fdm kab\u00e1tem.\u00a0<\/p>\n\n\n\n<blockquote class=\"wp-block-quote is-layout-flow wp-block-quote-is-layout-flow\">\n<p>Mimo\u0159\u00e1dn\u011b univerz\u00e1ln\u00ed bude tak\u00e9 b\u00edl\u00fd p\u00e1nsk\u00fd rol\u00e1k. Tento model m\u016f\u017eete kombinovat s klasick\u00fdmi d\u017e\u00ednami a m\u016f\u017eete si ho vz\u00edt i na rodinnou oslavu. Rol\u00e1k se bude dob\u0159e hodit i k neform\u00e1ln\u00edmu obleku.&nbsp;<\/p>\n<\/blockquote>\n\n\n\n<p>Pokud svetry nenos\u00edte, proto\u017ee &#8220;kou\u0161ou&#8221; a jsou nep\u0159\u00edjemn\u00e9 na dotek, p\u0159e\u010dt\u011bte si slo\u017een\u00ed. Modely z visk\u00f3zy, alpaky, ka\u0161m\u00edru nebo sm\u011bsi vlny a akrylu jsou mnohem jemn\u011bj\u0161\u00ed, m\u011bk\u010d\u00ed a nedr\u00e1\u017ed\u00ed va\u0161i poko\u017eku.<\/p><br>\n\n\n\n<h2 class=\"wp-block-heading\">Elegantn\u00ed p\u00e1nsk\u00e9 svetry jsou dobrou alternativou ke ko\u0161ili<\/h2>\n\n\n\n<p>P\u0159\u00edznivci elegance maj\u00ed v t\u00e9to sez\u00f3n\u011b z \u010deho vyb\u00edrat. Krom\u011b rol\u00e1k\u016f jsou hitem tak\u00e9 klasick\u00e9 p\u00e1nsk\u00e9 svetry s l\u00edme\u010dkem. Takov\u00fd svetr bude ide\u00e1ln\u00ed volbou pro ka\u017ed\u00fd den i pro zvl\u00e1\u0161tn\u00ed p\u0159\u00edle\u017eitosti. M\u016f\u017eete ho kombinovat s d\u017e\u00ednami a chelsea boots nebo ho nosit s chinos kalhotami a vln\u011bn\u00fdm kab\u00e1tem.&nbsp;<\/p>\n\n\n\n<blockquote class=\"wp-block-quote is-layout-flow wp-block-quote-is-layout-flow\">\n<p>Pokud jsou pro v\u00e1s svetry obvykle p\u0159\u00edli\u0161 tepl\u00e9, poohl\u00e9dn\u011bte se po bavln\u011bn\u00fdch modelech. Jsou lehk\u00e9 a prody\u0161n\u00e9.<\/p>\n<\/blockquote>\n\n\n\n<h2 class=\"wp-block-heading\">Nejm\u00f3dn\u011bj\u0161\u00ed p\u00e1nsk\u00fd zimn\u00ed svetr s norsk\u00fdm vzorem<\/h2>\n\n\n\n<p>Rol\u00e1ky, kardigany a klasick\u00e9 st\u0159ihy zdoben\u00e9 skandin\u00e1vsk\u00fdmi motivy jsou ide\u00e1ln\u00ed volbou na ka\u017ed\u00fd den i na v\u00fdlety do hor. Svetr lze nosit le\u017e\u00e9rn\u011b s d\u017e\u00ednami a p\u00e9\u0159ovou bundou nebo s del\u0161\u00ed teplou parkou s kapuc\u00ed.&nbsp;<\/p><br>\n\n\n\n<h2 class=\"wp-block-heading\">P\u00e1nsk\u00fd svetr na knofl\u00edky &#8211; zimn\u00ed hit<\/h2>\n\n\n\n<p>Jedn\u00edm z nejzaj\u00edmav\u011bj\u0161\u00edch n\u00e1vrh\u016f pro zimu 2024 jsou p\u00e1nsk\u00e9 svetry na knofl\u00edky, tedy <a href=\"https:\/\/shopsy.cz\/panske-kardigany\" target=\"_blank\" rel=\"noopener\">kardigany<\/a>. Takov\u00e9 svetry vypadaj\u00ed nejl\u00e9pe p\u0159es tri\u010dko. Pokud m\u00e1te r\u00e1di vrstven\u00e9 oble\u010den\u00ed nebo jednodu\u0161e hled\u00e1te alternativu k bund\u011b, kardigan je nutnost\u00ed.<\/p><br>\n\n\n\n<h2 class=\"wp-block-heading\">P\u00e1nsk\u00e9 zimn\u00ed svetry ve v\u00fdrazn\u00fdch barv\u00e1ch<\/h2>\n\n\n\n<p>A\u010dkoli tomuto trendu dominuj\u00ed kr\u00e9mov\u011b b\u00e9\u017eov\u00e9 barvy, existuj\u00ed i odv\u00e1\u017en\u011bj\u0161\u00ed varianty. N\u00e1vrh\u00e1\u0159i n\u00e1s p\u0159esv\u011bd\u010duj\u00ed o no\u0161en\u00ed svetr\u016f v \u010derven\u00e9, v\u00ednov\u00e9, zelen\u00e9 nebo modr\u00e9 barv\u011b. Pokud hled\u00e1te zp\u016fsob, jak dodat sv\u00e9mu zimn\u00edmu vzhledu trochu barvy, elegantn\u00ed sv\u011btl\u00fd svetr bude hitem.<\/p><br>\n\n\n\n<div class=\"wp-block-media-text is-stacked-on-mobile is-vertically-aligned-top\" style=\"grid-template-columns:24% auto\"><figure class=\"wp-block-media-text__media\"><a href=\"https:\/\/www.mzone.cz\/sportovni-obuv-pro-muze-zname-top-modely-znamych-znacek\/\"><img loading=\"lazy\" decoding=\"async\" width=\"1024\" height=\"683\" src=\"https:\/\/www.mzone.cz\/wp-content\/uploads\/2023\/09\/Sportovni-obuv-pro-muze-1024x683.jpg\" alt=\"Sportovn\u00ed obuv pro mu\u017ee\" class=\"wp-image-42039 size-full\" srcset=\"https:\/\/www.mzone.cz\/wp-content\/uploads\/2023\/09\/Sportovni-obuv-pro-muze-1024x683.jpg 1024w, https:\/\/www.mzone.cz\/wp-content\/uploads\/2023\/09\/Sportovni-obuv-pro-muze-300x200.jpg 300w, https:\/\/www.mzone.cz\/wp-content\/uploads\/2023\/09\/Sportovni-obuv-pro-muze-768x512.jpg 768w, https:\/\/www.mzone.cz\/wp-content\/uploads\/2023\/09\/Sportovni-obuv-pro-muze-1536x1024.jpg 1536w, https:\/\/www.mzone.cz\/wp-content\/uploads\/2023\/09\/Sportovni-obuv-pro-muze-2048x1365.jpg 2048w, https:\/\/www.mzone.cz\/wp-content\/uploads\/2023\/09\/Sportovni-obuv-pro-muze-18x12.jpg 18w, https:\/\/www.mzone.cz\/wp-content\/uploads\/2023\/09\/Sportovni-obuv-pro-muze-800x533.jpg 800w, https:\/\/www.mzone.cz\/wp-content\/uploads\/2023\/09\/Sportovni-obuv-pro-muze-400x267.jpg 400w, https:\/\/www.mzone.cz\/wp-content\/uploads\/2023\/09\/Sportovni-obuv-pro-muze-500x333.jpg 500w, https:\/\/www.mzone.cz\/wp-content\/uploads\/2023\/09\/Sportovni-obuv-pro-muze-1170x780.jpg 1170w, https:\/\/www.mzone.cz\/wp-content\/uploads\/2023\/09\/Sportovni-obuv-pro-muze-590x393.jpg 590w\" sizes=\"auto, (max-width: 1024px) 100vw, 1024px\" \/><\/a><\/figure><div class=\"wp-block-media-text__content\">\n<h4 class=\"wp-block-heading\"><a href=\"https:\/\/www.mzone.cz\/sportovni-obuv-pro-muze-zname-top-modely-znamych-znacek\/\">Sportovn\u00ed obuv pro mu\u017ee \u2013 zn\u00e1me top modely zn\u00e1m\u00fdch zna\u010dek!<\/a><\/h4><br>\n<\/div><\/div>","protected":false},"excerpt":{"rendered":"<p>M\u00f3dn\u00ed p\u00e1nsk\u00e9 svetry na zimu 2024 budou z\u00e1kladem va\u0161eho stylu. Zah\u0159ej\u00ed v\u00e1s, poskytnou v\u00e1m pohodl\u00ed a dodaj\u00ed eleganci. Jak\u00e9 modely budou hitem t\u00e9to sez\u00f3ny? P\u0159e\u010dt\u011bte si Shopsyho p\u0159ehled nejm\u00f3dn\u011bj\u0161\u00edch nab\u00eddek, kter\u00e9 stoj\u00ed za to m\u00edt ve sv\u00e9m \u0161atn\u00edku. Jak\u00e9 p\u00e1nsk\u00e9 svetry budou m\u00f3dn\u00ed tuto zimu?&nbsp; S jistotou m\u016f\u017eeme \u0159\u00edci: p\u00e1nsk\u00e9 zimn\u00ed svetry pro mu\u017ee 2024\u00a0jsou [&hellip;]<\/p>\n","protected":false},"author":4,"featured_media":42753,"comment_status":"open","ping_status":"closed","sticky":false,"template":"","format":"standard","meta":{"kk_blocks_editor_width":"","_kiokenblocks_attr":"","_kiokenblocks_dimensions":"","footnotes":""},"categories":[28,25,64],"tags":[6086,34,3177,630,2543,977,6087,6088,490,371,4267,148],"class_list":["post-42741","post","type-post","status-publish","format-standard","has-post-thumbnail","hentry","category-moda-vizaz","category-style","category-trendy","tag-6086","tag-moda","tag-moda-a-vizaz","tag-obleceni","tag-panska-moda","tag-prehled","tag-rolak","tag-rolaky","tag-style","tag-svetr","tag-svetry","tag-trendy"],"yoast_head":"<!-- This site is optimized with the Yoast SEO plugin v27.5 - https:\/\/yoast.com\/product\/yoast-seo-wordpress\/ -->\n<title>P\u00e1nsk\u00e9 svetry na zimu 2024: tyto modely jsou tepl\u00e9 a dominuj\u00ed trend\u016fm - Mzone<\/title>\n<meta name=\"description\" content=\"M\u00f3dn\u00ed p\u00e1nsk\u00e9 svetry na zimu 2024 budou z\u00e1kladem va\u0161eho stylu. Zah\u0159ej\u00ed v\u00e1s, poskytnou v\u00e1m pohodl\u00ed a dodaj\u00ed eleganci. Jak\u00e9 modely budou hitem t\u00e9to sez\u00f3ny? P\u0159e\u010dt\u011bte si Shopsyho p\u0159ehled nejm\u00f3dn\u011bj\u0161\u00edch nab\u00eddek, kter\u00e9 stoj\u00ed za to m\u00edt ve sv\u00e9m \u0161atn\u00edku.\" \/>\n<meta name=\"robots\" content=\"index, follow, max-snippet:-1, max-image-preview:large, max-video-preview:-1\" \/>\n<link rel=\"canonical\" href=\"https:\/\/www.mzone.cz\/en\/panske-svetry-na-zimu-2024-tyto-modely-jsou-teple-a-dominuji-trendum\/\" \/>\n<meta property=\"og:locale\" content=\"en_US\" \/>\n<meta property=\"og:type\" content=\"article\" \/>\n<meta property=\"og:title\" content=\"P\u00e1nsk\u00e9 svetry na zimu 2024: tyto modely jsou tepl\u00e9 a dominuj\u00ed trend\u016fm - Mzone\" \/>\n<meta property=\"og:description\" content=\"M\u00f3dn\u00ed p\u00e1nsk\u00e9 svetry na zimu 2024 budou z\u00e1kladem va\u0161eho stylu. Zah\u0159ej\u00ed v\u00e1s, poskytnou v\u00e1m pohodl\u00ed a dodaj\u00ed eleganci. Jak\u00e9 modely budou hitem t\u00e9to sez\u00f3ny? P\u0159e\u010dt\u011bte si Shopsyho p\u0159ehled nejm\u00f3dn\u011bj\u0161\u00edch nab\u00eddek, kter\u00e9 stoj\u00ed za to m\u00edt ve sv\u00e9m \u0161atn\u00edku.\" \/>\n<meta property=\"og:url\" content=\"https:\/\/www.mzone.cz\/en\/panske-svetry-na-zimu-2024-tyto-modely-jsou-teple-a-dominuji-trendum\/\" \/>\n<meta property=\"og:site_name\" content=\"Mzone\" \/>\n<meta property=\"article:publisher\" content=\"https:\/\/www.facebook.com\/MzoneCZ\/\" \/>\n<meta property=\"article:published_time\" content=\"2023-12-29T14:19:11+00:00\" \/>\n<meta property=\"article:modified_time\" content=\"2023-12-29T14:20:54+00:00\" \/>\n<meta property=\"og:image\" content=\"https:\/\/www.mzone.cz\/wp-content\/uploads\/2023\/12\/article-image-63-1.jpg\" \/>\n\t<meta property=\"og:image:width\" content=\"800\" \/>\n\t<meta property=\"og:image:height\" content=\"533\" \/>\n\t<meta property=\"og:image:type\" content=\"image\/jpeg\" \/>\n<meta name=\"author\" content=\"Mzone\" \/>\n<meta name=\"twitter:card\" content=\"summary_large_image\" \/>\n<meta name=\"twitter:label1\" content=\"Written by\" \/>\n\t<meta name=\"twitter:data1\" content=\"Mzone\" \/>\n\t<meta name=\"twitter:label2\" content=\"Est. reading time\" \/>\n\t<meta name=\"twitter:data2\" content=\"3 minutes\" \/>\n<script type=\"application\/ld+json\" class=\"yoast-schema-graph\">{\"@context\":\"https:\\\/\\\/schema.org\",\"@graph\":[{\"@type\":\"Article\",\"@id\":\"https:\\\/\\\/www.mzone.cz\\\/panske-svetry-na-zimu-2024-tyto-modely-jsou-teple-a-dominuji-trendum\\\/#article\",\"isPartOf\":{\"@id\":\"https:\\\/\\\/www.mzone.cz\\\/panske-svetry-na-zimu-2024-tyto-modely-jsou-teple-a-dominuji-trendum\\\/\"},\"author\":{\"name\":\"Mzone\",\"@id\":\"https:\\\/\\\/www.mzone.cz\\\/#\\\/schema\\\/person\\\/9bc20cc422a99cac4af6ff9297da32d4\"},\"headline\":\"P\u00e1nsk\u00e9 svetry na zimu 2024: tyto modely jsou tepl\u00e9 a dominuj\u00ed trend\u016fm\",\"datePublished\":\"2023-12-29T14:19:11+00:00\",\"dateModified\":\"2023-12-29T14:20:54+00:00\",\"mainEntityOfPage\":{\"@id\":\"https:\\\/\\\/www.mzone.cz\\\/panske-svetry-na-zimu-2024-tyto-modely-jsou-teple-a-dominuji-trendum\\\/\"},\"wordCount\":765,\"commentCount\":0,\"image\":{\"@id\":\"https:\\\/\\\/www.mzone.cz\\\/panske-svetry-na-zimu-2024-tyto-modely-jsou-teple-a-dominuji-trendum\\\/#primaryimage\"},\"thumbnailUrl\":\"https:\\\/\\\/www.mzone.cz\\\/wp-content\\\/uploads\\\/2023\\\/12\\\/article-image-63-1.jpg\",\"keywords\":[\"2024\",\"M\u00f3da\",\"m\u00f3da a viz\u00e1\u017e\",\"oble\u010den\u00ed\",\"p\u00e1nsk\u00e1 m\u00f3da\",\"p\u0159ehled\",\"rol\u00e1k\",\"rol\u00e1ky\",\"style\",\"svetr\",\"svetry\",\"trendy\"],\"articleSection\":[\"M\u00f3da a viz\u00e1\u017e\",\"Style\",\"Trendy\"],\"inLanguage\":\"en-US\",\"potentialAction\":[{\"@type\":\"CommentAction\",\"name\":\"Comment\",\"target\":[\"https:\\\/\\\/www.mzone.cz\\\/panske-svetry-na-zimu-2024-tyto-modely-jsou-teple-a-dominuji-trendum\\\/#respond\"]}]},{\"@type\":\"WebPage\",\"@id\":\"https:\\\/\\\/www.mzone.cz\\\/panske-svetry-na-zimu-2024-tyto-modely-jsou-teple-a-dominuji-trendum\\\/\",\"url\":\"https:\\\/\\\/www.mzone.cz\\\/panske-svetry-na-zimu-2024-tyto-modely-jsou-teple-a-dominuji-trendum\\\/\",\"name\":\"P\u00e1nsk\u00e9 svetry na zimu 2024: tyto modely jsou tepl\u00e9 a dominuj\u00ed trend\u016fm - Mzone\",\"isPartOf\":{\"@id\":\"https:\\\/\\\/www.mzone.cz\\\/#website\"},\"primaryImageOfPage\":{\"@id\":\"https:\\\/\\\/www.mzone.cz\\\/panske-svetry-na-zimu-2024-tyto-modely-jsou-teple-a-dominuji-trendum\\\/#primaryimage\"},\"image\":{\"@id\":\"https:\\\/\\\/www.mzone.cz\\\/panske-svetry-na-zimu-2024-tyto-modely-jsou-teple-a-dominuji-trendum\\\/#primaryimage\"},\"thumbnailUrl\":\"https:\\\/\\\/www.mzone.cz\\\/wp-content\\\/uploads\\\/2023\\\/12\\\/article-image-63-1.jpg\",\"datePublished\":\"2023-12-29T14:19:11+00:00\",\"dateModified\":\"2023-12-29T14:20:54+00:00\",\"author\":{\"@id\":\"https:\\\/\\\/www.mzone.cz\\\/#\\\/schema\\\/person\\\/9bc20cc422a99cac4af6ff9297da32d4\"},\"description\":\"M\u00f3dn\u00ed p\u00e1nsk\u00e9 svetry na zimu 2024 budou z\u00e1kladem va\u0161eho stylu. Zah\u0159ej\u00ed v\u00e1s, poskytnou v\u00e1m pohodl\u00ed a dodaj\u00ed eleganci. Jak\u00e9 modely budou hitem t\u00e9to sez\u00f3ny? P\u0159e\u010dt\u011bte si Shopsyho p\u0159ehled nejm\u00f3dn\u011bj\u0161\u00edch nab\u00eddek, kter\u00e9 stoj\u00ed za to m\u00edt ve sv\u00e9m \u0161atn\u00edku.\",\"breadcrumb\":{\"@id\":\"https:\\\/\\\/www.mzone.cz\\\/panske-svetry-na-zimu-2024-tyto-modely-jsou-teple-a-dominuji-trendum\\\/#breadcrumb\"},\"inLanguage\":\"en-US\",\"potentialAction\":[{\"@type\":\"ReadAction\",\"target\":[\"https:\\\/\\\/www.mzone.cz\\\/panske-svetry-na-zimu-2024-tyto-modely-jsou-teple-a-dominuji-trendum\\\/\"]}]},{\"@type\":\"ImageObject\",\"inLanguage\":\"en-US\",\"@id\":\"https:\\\/\\\/www.mzone.cz\\\/panske-svetry-na-zimu-2024-tyto-modely-jsou-teple-a-dominuji-trendum\\\/#primaryimage\",\"url\":\"https:\\\/\\\/www.mzone.cz\\\/wp-content\\\/uploads\\\/2023\\\/12\\\/article-image-63-1.jpg\",\"contentUrl\":\"https:\\\/\\\/www.mzone.cz\\\/wp-content\\\/uploads\\\/2023\\\/12\\\/article-image-63-1.jpg\",\"width\":800,\"height\":533,\"caption\":\"P\u00e1nsk\u00e9 svetry\"},{\"@type\":\"BreadcrumbList\",\"@id\":\"https:\\\/\\\/www.mzone.cz\\\/panske-svetry-na-zimu-2024-tyto-modely-jsou-teple-a-dominuji-trendum\\\/#breadcrumb\",\"itemListElement\":[{\"@type\":\"ListItem\",\"position\":1,\"name\":\"Dom\u016f\",\"item\":\"https:\\\/\\\/www.mzone.cz\\\/\"},{\"@type\":\"ListItem\",\"position\":2,\"name\":\"P\u00e1nsk\u00e9 svetry na zimu 2024: tyto modely jsou tepl\u00e9 a dominuj\u00ed trend\u016fm\"}]},{\"@type\":\"WebSite\",\"@id\":\"https:\\\/\\\/www.mzone.cz\\\/#website\",\"url\":\"https:\\\/\\\/www.mzone.cz\\\/\",\"name\":\"Mzone\",\"description\":\"Magaz\u00edn nejen pro mu\u017ee\",\"potentialAction\":[{\"@type\":\"SearchAction\",\"target\":{\"@type\":\"EntryPoint\",\"urlTemplate\":\"https:\\\/\\\/www.mzone.cz\\\/?s={search_term_string}\"},\"query-input\":{\"@type\":\"PropertyValueSpecification\",\"valueRequired\":true,\"valueName\":\"search_term_string\"}}],\"inLanguage\":\"en-US\"},{\"@type\":\"Person\",\"@id\":\"https:\\\/\\\/www.mzone.cz\\\/#\\\/schema\\\/person\\\/9bc20cc422a99cac4af6ff9297da32d4\",\"name\":\"Mzone\",\"image\":{\"@type\":\"ImageObject\",\"inLanguage\":\"en-US\",\"@id\":\"https:\\\/\\\/secure.gravatar.com\\\/avatar\\\/e780a8630f3182a3d06dd667ab6bea151a0d155b0951bc15fe22633acdac0676?s=96&d=mm&r=g\",\"url\":\"https:\\\/\\\/secure.gravatar.com\\\/avatar\\\/e780a8630f3182a3d06dd667ab6bea151a0d155b0951bc15fe22633acdac0676?s=96&d=mm&r=g\",\"contentUrl\":\"https:\\\/\\\/secure.gravatar.com\\\/avatar\\\/e780a8630f3182a3d06dd667ab6bea151a0d155b0951bc15fe22633acdac0676?s=96&d=mm&r=g\",\"caption\":\"Mzone\"},\"url\":\"https:\\\/\\\/www.mzone.cz\\\/en\\\/author\\\/jakub\\\/\"}]}<\/script>\n<!-- \/ Yoast SEO plugin. -->","yoast_head_json":{"title":"P\u00e1nsk\u00e9 svetry na zimu 2024: tyto modely jsou tepl\u00e9 a dominuj\u00ed trend\u016fm - Mzone","description":"M\u00f3dn\u00ed p\u00e1nsk\u00e9 svetry na zimu 2024 budou z\u00e1kladem va\u0161eho stylu. Zah\u0159ej\u00ed v\u00e1s, poskytnou v\u00e1m pohodl\u00ed a dodaj\u00ed eleganci. Jak\u00e9 modely budou hitem t\u00e9to sez\u00f3ny? P\u0159e\u010dt\u011bte si Shopsyho p\u0159ehled nejm\u00f3dn\u011bj\u0161\u00edch nab\u00eddek, kter\u00e9 stoj\u00ed za to m\u00edt ve sv\u00e9m \u0161atn\u00edku.","robots":{"index":"index","follow":"follow","max-snippet":"max-snippet:-1","max-image-preview":"max-image-preview:large","max-video-preview":"max-video-preview:-1"},"canonical":"https:\/\/www.mzone.cz\/en\/panske-svetry-na-zimu-2024-tyto-modely-jsou-teple-a-dominuji-trendum\/","og_locale":"en_US","og_type":"article","og_title":"P\u00e1nsk\u00e9 svetry na zimu 2024: tyto modely jsou tepl\u00e9 a dominuj\u00ed trend\u016fm - Mzone","og_description":"M\u00f3dn\u00ed p\u00e1nsk\u00e9 svetry na zimu 2024 budou z\u00e1kladem va\u0161eho stylu. Zah\u0159ej\u00ed v\u00e1s, poskytnou v\u00e1m pohodl\u00ed a dodaj\u00ed eleganci. Jak\u00e9 modely budou hitem t\u00e9to sez\u00f3ny? P\u0159e\u010dt\u011bte si Shopsyho p\u0159ehled nejm\u00f3dn\u011bj\u0161\u00edch nab\u00eddek, kter\u00e9 stoj\u00ed za to m\u00edt ve sv\u00e9m \u0161atn\u00edku.","og_url":"https:\/\/www.mzone.cz\/en\/panske-svetry-na-zimu-2024-tyto-modely-jsou-teple-a-dominuji-trendum\/","og_site_name":"Mzone","article_publisher":"https:\/\/www.facebook.com\/MzoneCZ\/","article_published_time":"2023-12-29T14:19:11+00:00","article_modified_time":"2023-12-29T14:20:54+00:00","og_image":[{"width":800,"height":533,"url":"https:\/\/www.mzone.cz\/wp-content\/uploads\/2023\/12\/article-image-63-1.jpg","type":"image\/jpeg"}],"author":"Mzone","twitter_card":"summary_large_image","twitter_misc":{"Written by":"Mzone","Est. reading time":"3 minutes"},"schema":{"@context":"https:\/\/schema.org","@graph":[{"@type":"Article","@id":"https:\/\/www.mzone.cz\/panske-svetry-na-zimu-2024-tyto-modely-jsou-teple-a-dominuji-trendum\/#article","isPartOf":{"@id":"https:\/\/www.mzone.cz\/panske-svetry-na-zimu-2024-tyto-modely-jsou-teple-a-dominuji-trendum\/"},"author":{"name":"Mzone","@id":"https:\/\/www.mzone.cz\/#\/schema\/person\/9bc20cc422a99cac4af6ff9297da32d4"},"headline":"P\u00e1nsk\u00e9 svetry na zimu 2024: tyto modely jsou tepl\u00e9 a dominuj\u00ed trend\u016fm","datePublished":"2023-12-29T14:19:11+00:00","dateModified":"2023-12-29T14:20:54+00:00","mainEntityOfPage":{"@id":"https:\/\/www.mzone.cz\/panske-svetry-na-zimu-2024-tyto-modely-jsou-teple-a-dominuji-trendum\/"},"wordCount":765,"commentCount":0,"image":{"@id":"https:\/\/www.mzone.cz\/panske-svetry-na-zimu-2024-tyto-modely-jsou-teple-a-dominuji-trendum\/#primaryimage"},"thumbnailUrl":"https:\/\/www.mzone.cz\/wp-content\/uploads\/2023\/12\/article-image-63-1.jpg","keywords":["2024","M\u00f3da","m\u00f3da a viz\u00e1\u017e","oble\u010den\u00ed","p\u00e1nsk\u00e1 m\u00f3da","p\u0159ehled","rol\u00e1k","rol\u00e1ky","style","svetr","svetry","trendy"],"articleSection":["M\u00f3da a viz\u00e1\u017e","Style","Trendy"],"inLanguage":"en-US","potentialAction":[{"@type":"CommentAction","name":"Comment","target":["https:\/\/www.mzone.cz\/panske-svetry-na-zimu-2024-tyto-modely-jsou-teple-a-dominuji-trendum\/#respond"]}]},{"@type":"WebPage","@id":"https:\/\/www.mzone.cz\/panske-svetry-na-zimu-2024-tyto-modely-jsou-teple-a-dominuji-trendum\/","url":"https:\/\/www.mzone.cz\/panske-svetry-na-zimu-2024-tyto-modely-jsou-teple-a-dominuji-trendum\/","name":"P\u00e1nsk\u00e9 svetry na zimu 2024: tyto modely jsou tepl\u00e9 a dominuj\u00ed trend\u016fm - Mzone","isPartOf":{"@id":"https:\/\/www.mzone.cz\/#website"},"primaryImageOfPage":{"@id":"https:\/\/www.mzone.cz\/panske-svetry-na-zimu-2024-tyto-modely-jsou-teple-a-dominuji-trendum\/#primaryimage"},"image":{"@id":"https:\/\/www.mzone.cz\/panske-svetry-na-zimu-2024-tyto-modely-jsou-teple-a-dominuji-trendum\/#primaryimage"},"thumbnailUrl":"https:\/\/www.mzone.cz\/wp-content\/uploads\/2023\/12\/article-image-63-1.jpg","datePublished":"2023-12-29T14:19:11+00:00","dateModified":"2023-12-29T14:20:54+00:00","author":{"@id":"https:\/\/www.mzone.cz\/#\/schema\/person\/9bc20cc422a99cac4af6ff9297da32d4"},"description":"M\u00f3dn\u00ed p\u00e1nsk\u00e9 svetry na zimu 2024 budou z\u00e1kladem va\u0161eho stylu. Zah\u0159ej\u00ed v\u00e1s, poskytnou v\u00e1m pohodl\u00ed a dodaj\u00ed eleganci. Jak\u00e9 modely budou hitem t\u00e9to sez\u00f3ny? P\u0159e\u010dt\u011bte si Shopsyho p\u0159ehled nejm\u00f3dn\u011bj\u0161\u00edch nab\u00eddek, kter\u00e9 stoj\u00ed za to m\u00edt ve sv\u00e9m \u0161atn\u00edku.","breadcrumb":{"@id":"https:\/\/www.mzone.cz\/panske-svetry-na-zimu-2024-tyto-modely-jsou-teple-a-dominuji-trendum\/#breadcrumb"},"inLanguage":"en-US","potentialAction":[{"@type":"ReadAction","target":["https:\/\/www.mzone.cz\/panske-svetry-na-zimu-2024-tyto-modely-jsou-teple-a-dominuji-trendum\/"]}]},{"@type":"ImageObject","inLanguage":"en-US","@id":"https:\/\/www.mzone.cz\/panske-svetry-na-zimu-2024-tyto-modely-jsou-teple-a-dominuji-trendum\/#primaryimage","url":"https:\/\/www.mzone.cz\/wp-content\/uploads\/2023\/12\/article-image-63-1.jpg","contentUrl":"https:\/\/www.mzone.cz\/wp-content\/uploads\/2023\/12\/article-image-63-1.jpg","width":800,"height":533,"caption":"P\u00e1nsk\u00e9 svetry"},{"@type":"BreadcrumbList","@id":"https:\/\/www.mzone.cz\/panske-svetry-na-zimu-2024-tyto-modely-jsou-teple-a-dominuji-trendum\/#breadcrumb","itemListElement":[{"@type":"ListItem","position":1,"name":"Dom\u016f","item":"https:\/\/www.mzone.cz\/"},{"@type":"ListItem","position":2,"name":"P\u00e1nsk\u00e9 svetry na zimu 2024: tyto modely jsou tepl\u00e9 a dominuj\u00ed trend\u016fm"}]},{"@type":"WebSite","@id":"https:\/\/www.mzone.cz\/#website","url":"https:\/\/www.mzone.cz\/","name":"Mzone","description":"Magaz\u00edn nejen pro mu\u017ee","potentialAction":[{"@type":"SearchAction","target":{"@type":"EntryPoint","urlTemplate":"https:\/\/www.mzone.cz\/?s={search_term_string}"},"query-input":{"@type":"PropertyValueSpecification","valueRequired":true,"valueName":"search_term_string"}}],"inLanguage":"en-US"},{"@type":"Person","@id":"https:\/\/www.mzone.cz\/#\/schema\/person\/9bc20cc422a99cac4af6ff9297da32d4","name":"Mzone","image":{"@type":"ImageObject","inLanguage":"en-US","@id":"https:\/\/secure.gravatar.com\/avatar\/e780a8630f3182a3d06dd667ab6bea151a0d155b0951bc15fe22633acdac0676?s=96&d=mm&r=g","url":"https:\/\/secure.gravatar.com\/avatar\/e780a8630f3182a3d06dd667ab6bea151a0d155b0951bc15fe22633acdac0676?s=96&d=mm&r=g","contentUrl":"https:\/\/secure.gravatar.com\/avatar\/e780a8630f3182a3d06dd667ab6bea151a0d155b0951bc15fe22633acdac0676?s=96&d=mm&r=g","caption":"Mzone"},"url":"https:\/\/www.mzone.cz\/en\/author\/jakub\/"}]}},"_links":{"self":[{"href":"https:\/\/www.mzone.cz\/en\/wp-json\/wp\/v2\/posts\/42741","targetHints":{"allow":["GET"]}}],"collection":[{"href":"https:\/\/www.mzone.cz\/en\/wp-json\/wp\/v2\/posts"}],"about":[{"href":"https:\/\/www.mzone.cz\/en\/wp-json\/wp\/v2\/types\/post"}],"author":[{"embeddable":true,"href":"https:\/\/www.mzone.cz\/en\/wp-json\/wp\/v2\/users\/4"}],"replies":[{"embeddable":true,"href":"https:\/\/www.mzone.cz\/en\/wp-json\/wp\/v2\/comments?post=42741"}],"version-history":[{"count":9,"href":"https:\/\/www.mzone.cz\/en\/wp-json\/wp\/v2\/posts\/42741\/revisions"}],"predecessor-version":[{"id":42751,"href":"https:\/\/www.mzone.cz\/en\/wp-json\/wp\/v2\/posts\/42741\/revisions\/42751"}],"wp:featuredmedia":[{"embeddable":true,"href":"https:\/\/www.mzone.cz\/en\/wp-json\/wp\/v2\/media\/42753"}],"wp:attachment":[{"href":"https:\/\/www.mzone.cz\/en\/wp-json\/wp\/v2\/media?parent=42741"}],"wp:term":[{"taxonomy":"category","embeddable":true,"href":"https:\/\/www.mzone.cz\/en\/wp-json\/wp\/v2\/categories?post=42741"},{"taxonomy":"post_tag","embeddable":true,"href":"https:\/\/www.mzone.cz\/en\/wp-json\/wp\/v2\/tags?post=42741"}],"curies":[{"name":"wp","href":"https:\/\/api.w.org\/{rel}","templated":true}]}}