{"id":42992,"date":"2024-02-12T05:00:00","date_gmt":"2024-02-12T04:00:00","guid":{"rendered":"https:\/\/www.mzone.cz\/?p=42992"},"modified":"2024-02-10T14:07:32","modified_gmt":"2024-02-10T13:07:32","slug":"limitovane-edice-gr-yaris-navrzene-s-ogierem-a-rovanperou","status":"publish","type":"post","link":"https:\/\/www.mzone.cz\/en\/limitovane-edice-gr-yaris-navrzene-s-ogierem-a-rovanperou\/","title":{"rendered":"Toyota odhalila dv\u011b limitovan\u00e9 edice modelu GR Yaris navr\u017een\u00e9 s Ogierem a Rovanperou"},"content":{"rendered":"<p><strong>Toyota odhalila dv\u011b exkluzivn\u00ed vysoce v\u00fdkonn\u00e1 proveden\u00ed nov\u00e9ho modelu GR Yaris. Na jejich n\u00e1vrhu spolupracovali mist\u0159i sv\u011bta jezd\u00edc\u00ed v barv\u00e1ch t\u00fdmu Toyota Gazoo Racing World Rally Team S\u00e9bastien Ogier a Kalle Rovanper\u00e4. Premi\u00e9ra nov\u00fdch model\u016f je napl\u00e1nov\u00e1na na prvn\u00ed den z\u00e1vodu Rallye Monte Carlo, kter\u00fd je \u00favodn\u00edm podnikem sv\u011btov\u00e9ho rallyov\u00e9ho \u0161ampion\u00e1tu FIA 2024.<\/strong><\/p><br>\n\n\n\n<p>Nov\u00e9 modely, odvozen\u00e9 od koncep\u010dn\u00edch verz\u00ed prezentovan\u00fdch na tokijsk\u00e9m autosalonu v roce 2023, byly p\u0159ipraveny pod dohledem S\u00e9bastiena Ogiera, dr\u017eitele osmi titul\u016f mistra sv\u011bta ve WRC, z toho dvou v barv\u00e1ch t\u00fdmu TGR-WRT \u2013 v letech 2020 a 2021, a Kalleho Rovanpery, \u0161ampiona v letech 2022 a 2023.<\/p><br>\n\n\n\n<p>Za vznikem t\u011bchto voz\u016f je pod\u011bkov\u00e1n\u00ed p\u0159edsedy p\u0159edstavenstva Toyoty Akia Toyody v\u0161em, kte\u0159\u00ed se pod\u00edl\u00ed na rallyov\u00fdch z\u00e1vodech. U obou voz\u016f byly j\u00edzdn\u00ed re\u017eimy \u201eGravel\u201c a \u201eTrack\u201c standardn\u00edho proveden\u00ed GR Yaris nahrazeny set-upem naprogramovan\u00fdm v souladu s osobn\u00edmi preferencemi a zp\u016fsobem j\u00edzdy p\u0159\u00edslu\u0161n\u00fdch jezdc\u016f. Ka\u017ed\u00e1 ze speci\u00e1ln\u00edch verz\u00ed se nav\u00edc py\u0161n\u00ed nov\u00fdmi v\u00fdrazn\u00fdmi stylistick\u00fdmi prvky pro exteri\u00e9r i interi\u00e9r.<\/p>\n\n\n\n<blockquote class=\"wp-block-quote is-layout-flow wp-block-quote-is-layout-flow\">\n<p>Pod kapotou obou voz\u016f najdeme nejnov\u011bj\u0161\u00ed proveden\u00ed p\u0159epl\u0148ovan\u00e9ho t\u0159\u00edv\u00e1lce 1,6 litru modelu GR Yaris, disponuj\u00edc\u00edho v\u00fdkonem 280 kon\u00ed a to\u010div\u00fdm momentem 390 Nm, spojen\u00e9ho se \u0161estistup\u0148ovou inteligentn\u00ed manu\u00e1ln\u00ed p\u0159evodovkou (6iMT).<\/p>\n<\/blockquote>\n\n\n\n<figure class=\"wp-block-image size-large\"><img loading=\"lazy\" decoding=\"async\" width=\"1024\" height=\"576\" src=\"https:\/\/www.mzone.cz\/wp-content\/uploads\/2024\/02\/GR_YARIS_KALLE_0018-1024x576.jpg\" alt=\"GR Yaris Kalle Edition\" class=\"wp-image-43002\" srcset=\"https:\/\/www.mzone.cz\/wp-content\/uploads\/2024\/02\/GR_YARIS_KALLE_0018-1024x576.jpg 1024w, https:\/\/www.mzone.cz\/wp-content\/uploads\/2024\/02\/GR_YARIS_KALLE_0018-300x169.jpg 300w, https:\/\/www.mzone.cz\/wp-content\/uploads\/2024\/02\/GR_YARIS_KALLE_0018-768x432.jpg 768w, https:\/\/www.mzone.cz\/wp-content\/uploads\/2024\/02\/GR_YARIS_KALLE_0018-18x10.jpg 18w, https:\/\/www.mzone.cz\/wp-content\/uploads\/2024\/02\/GR_YARIS_KALLE_0018-590x332.jpg 590w, https:\/\/www.mzone.cz\/wp-content\/uploads\/2024\/02\/GR_YARIS_KALLE_0018.jpg 1280w\" sizes=\"auto, (max-width: 1024px) 100vw, 1024px\" \/><\/figure><br>\n\n\n\n<h2 class=\"wp-block-heading\"><strong>Ogier Edition<\/strong><\/h2>\n\n\n\n<p>GR Yaris v proveden\u00ed Ogier Edition nab\u00edz\u00ed dva nov\u00e9 re\u017eimy \u0159\u00edzen\u00ed pohonu AWD: \u201eMorizo\u201c a \u201eSeb\u201c. Re\u017eim Morizo p\u0159ipravil s\u00e1m Akio Toyoda (alias Morizo) na z\u00e1klad\u011b sv\u00fdch zku\u0161enost\u00ed z rallyov\u00e9ho sportu. Re\u017eim je zkalibrov\u00e1n tak, aby zajistil stabiln\u00ed sout\u011b\u017en\u00ed \u010dasy za podm\u00ednek akcelerace, \u010d\u00e1ste\u010dn\u00e9 akcelerace a brzd\u011bn\u00ed.<\/p>\n\n\n\n<blockquote class=\"wp-block-quote is-layout-flow wp-block-quote-is-layout-flow\">\n<p>Re\u017eim Seb, odlad\u011bn\u00fd S\u00e9bastienem Ogierem, prost\u0159ednictv\u00edm samosvorn\u00fdch diferenci\u00e1l\u016f Torsen na obou n\u00e1prav\u00e1ch a pohonu v\u0161ech kol p\u0159en\u00e1\u0161\u00ed to\u010div\u00fd moment na zadn\u00ed kola tak, aby usnadnil vybo\u010dov\u00e1n\u00ed z\u00e1d\u011b vozu. V \u0159idi\u010di tak posiluje pocit \u00fapln\u00e9ho souzn\u011bn\u00ed s vozem a pom\u00e1h\u00e1 dosahovat rychlej\u0161\u00edch \u010das\u016f d\u00edky regulaci postaven\u00ed karoserie za vysok\u00fdch rychlost\u00ed j\u00edzdy.<\/p>\n<\/blockquote>\n\n\n\n<p>Verze Ogier Edition je lakov\u00e1na speci\u00e1ln\u00edm matn\u011b \u0161ed\u00fdm odst\u00ednem \u201eStealth\u201c a zkr\u00e1\u0161luje ji n\u00e1rodn\u00ed vlajka Francie (odkud Ogier poch\u00e1z\u00ed) na masce chladi\u010de. V\u016fz obouv\u00e1 kola BBS z lehk\u00e9 slitiny o rozm\u011brech 18x8J. Na p\u0159edn\u00edch blatn\u00edc\u00edch d\u00e1le najdeme polepy s odkazem na WRC.<\/p><br>\n\n\n\n<figure class=\"wp-block-image size-large\"><img loading=\"lazy\" decoding=\"async\" width=\"1024\" height=\"576\" src=\"https:\/\/www.mzone.cz\/wp-content\/uploads\/2024\/02\/GR_YARIS_OGIER_0003-1024x576.jpg\" alt=\"GR Yaris Ogier Edition\" class=\"wp-image-43005\" srcset=\"https:\/\/www.mzone.cz\/wp-content\/uploads\/2024\/02\/GR_YARIS_OGIER_0003-1024x576.jpg 1024w, https:\/\/www.mzone.cz\/wp-content\/uploads\/2024\/02\/GR_YARIS_OGIER_0003-300x169.jpg 300w, https:\/\/www.mzone.cz\/wp-content\/uploads\/2024\/02\/GR_YARIS_OGIER_0003-768x432.jpg 768w, https:\/\/www.mzone.cz\/wp-content\/uploads\/2024\/02\/GR_YARIS_OGIER_0003-18x10.jpg 18w, https:\/\/www.mzone.cz\/wp-content\/uploads\/2024\/02\/GR_YARIS_OGIER_0003-590x332.jpg 590w, https:\/\/www.mzone.cz\/wp-content\/uploads\/2024\/02\/GR_YARIS_OGIER_0003.jpg 1280w\" sizes=\"auto, (max-width: 1024px) 100vw, 1024px\" \/><\/figure><br>\n\n\n\n<p>Zaujmou i dal\u0161\u00ed detaily v\u010detn\u011b nov\u00e9ho proveden\u00ed zadn\u00edho spoileru z materi\u00e1lu CFRP s obsahem uhl\u00edkov\u00fdch vl\u00e1ken nebo mod\u0159e lakovan\u00fdch brzdov\u00fdch t\u0159men\u016f. Na obou dve\u0159\u00edch jsou polepy t\u00fdmu Toyota Gazoo Racing, v\u00fdklopnou z\u00e1\u010f zkr\u00e1\u0161luje embl\u00e9m Ogier Edition.<\/p><br>\n\n\n\n<p>Po usednut\u00ed do kabiny zaujme plaketa p\u0159ipom\u00ednaj\u00edc\u00ed v\u00edt\u011bzstv\u00ed ve WRC na p\u0159\u00edstrojov\u00e9m panelu (p\u0159ed spolujezdcem) nebo kontrastn\u00ed modr\u00e9, \u0161ed\u00e9 a \u010derven\u00e9 pro\u0161\u00edv\u00e1n\u00ed (s odkazem na francouzsk\u00e9 n\u00e1rodn\u00ed barvy) na v\u011bnci volantu. Na man\u017eet\u011b \u0159adic\u00ed p\u00e1ky, man\u017eet\u011b parkovac\u00ed brzdy a \u010daloun\u011bn\u00ed sedadel je pou\u017eito \u0161ed\u00e9 pro\u0161\u00edv\u00e1n\u00ed. Pro ob\u011b speci\u00e1ln\u00ed edice byly upraveny digit\u00e1ln\u00ed p\u0159\u00edstroje nov\u00e9ho GR Yarisu s ohledem na nov\u00e9 re\u017eimy \u0159\u00edzen\u00ed pohonu v\u0161ech kol, kter\u00e9 zde dopl\u0148uj\u00ed standardn\u00ed re\u017eim Normal.<\/p><br>\n\n\n\n<h2 class=\"wp-block-heading\"><strong>Rovanper\u00e4 Edition<\/strong><\/h2>\n\n\n\n<p>Proveden\u00ed Rovanper\u00e4 Edition se chlub\u00ed jedine\u010dn\u00fdm j\u00edzdn\u00edm re\u017eimem Donut, vytvo\u0159en\u00fdm speci\u00e1ln\u011b pro nejmlad\u0161\u00edho \u0161ampiona WRC, zn\u00e1m\u00e9ho sv\u00fdm umem driftov\u00e1n\u00ed a krou\u017een\u00ed kole\u010dek za efektn\u00edho doprovodu kou\u0159e od pneumatik. Nov\u00fd re\u017eim v tomto p\u0159\u00edpad\u011b usnad\u0148uje proj\u00ed\u017ed\u011bn\u00ed zat\u00e1\u010dek \u201edve\u0159mi nap\u0159ed\u201c s konstantn\u00edm p\u0159\u00edsunem vysok\u00e9ho to\u010div\u00e9ho momentu na zadn\u00ed kola.<\/p>\n\n\n\n<blockquote class=\"wp-block-quote is-layout-flow wp-block-quote-is-layout-flow\">\n<p>Toto proveden\u00ed GR Yarisu d\u00e1le disponuje re\u017eimem Kalle. Ten vyu\u017e\u00edv\u00e1 diferenci\u00e1l zadn\u00ed n\u00e1pravy se soukol\u00edm st\u00e1l\u00e9ho p\u0159evodu a p\u0159edn\u00ed\/zadn\u00ed samosvorn\u00fd diferenci\u00e1l Torsen na podporu line\u00e1rn\u00edho ovl\u00e1d\u00e1n\u00ed, aby jezdec mohl snadno vybo\u010dit z\u00e1\u010f vozu p\u0159i n\u00e1jezdu do zat\u00e1\u010dky, a naopak ve v\u00fdjezdu vyt\u00e1hnout v\u016fz pod plynem p\u0159edn\u00edmi koly.<\/p>\n<\/blockquote>\n\n\n\n<p>Na karoserii je pou\u017eito exkluzivn\u00ed trojbarevn\u00e9 lakov\u00e1n\u00ed, sest\u00e1vaj\u00edc\u00ed z \u0159ady lakovan\u00fdch motiv\u016f od n\u00e1vrh\u00e1\u0159e Rovanperovy z\u00e1vodn\u00ed helmy. Na p\u0159edn\u00edch blatn\u00edc\u00edch d\u00e1le najdeme polepy s odkazy na v\u00edt\u011bzstv\u00ed ve WRC; d\u00e1le polepy t\u00fdmu Toyota Gazoo Racing na dve\u0159\u00edch a zadn\u00edm n\u00e1razn\u00edku, resp. embl\u00e9m Rovanper\u00e4 Edition na v\u00fdklopn\u00e9 z\u00e1di. Krom\u011b kol BBS z lehk\u00e9 slitiny o velikosti 18x8J je v\u016fz vybaven nastaviteln\u00fdm zadn\u00edm spoilerem z <a href=\"https:\/\/www.hybrid.cz\/cfrp\/?_zn=aWQlM0Q2OTY3NDYwOTA3Njg3NTU5NjQzJTdDdCUzRDE2MjE4ODE4MzcuNDQwJTdDdGUlM0QxNzA3MDcwOTMzLjU5MSU3Q2MlM0QzQ0RDQzg3NTU4M0U1QTQxMzBENTI2N0Y1OURBQTc0OA%3D%3D\" target=\"_blank\" rel=\"noopener\">materi\u00e1lu CFRP<\/a> (stejn\u00fdm jako GRMN Yaris) a diferenci\u00e1lem zadn\u00ed n\u00e1pravy se soukol\u00edm st\u00e1l\u00e9ho p\u0159evodu.<\/p><br>\n\n\n\n<figure class=\"wp-block-image size-large\"><img loading=\"lazy\" decoding=\"async\" width=\"1024\" height=\"768\" src=\"https:\/\/www.mzone.cz\/wp-content\/uploads\/2024\/02\/GR_YARIS_OGIER_0006-1024x768.jpg\" alt=\"GR Yaris Ogier\" class=\"wp-image-43011\" srcset=\"https:\/\/www.mzone.cz\/wp-content\/uploads\/2024\/02\/GR_YARIS_OGIER_0006-1024x768.jpg 1024w, https:\/\/www.mzone.cz\/wp-content\/uploads\/2024\/02\/GR_YARIS_OGIER_0006-300x225.jpg 300w, https:\/\/www.mzone.cz\/wp-content\/uploads\/2024\/02\/GR_YARIS_OGIER_0006-768x576.jpg 768w, https:\/\/www.mzone.cz\/wp-content\/uploads\/2024\/02\/GR_YARIS_OGIER_0006-16x12.jpg 16w, https:\/\/www.mzone.cz\/wp-content\/uploads\/2024\/02\/GR_YARIS_OGIER_0006-590x443.jpg 590w, https:\/\/www.mzone.cz\/wp-content\/uploads\/2024\/02\/GR_YARIS_OGIER_0006.jpg 1280w\" sizes=\"auto, (max-width: 1024px) 100vw, 1024px\" \/><\/figure><br>\n\n\n\n<p>Pro\u0161\u00edv\u00e1n\u00ed obklad\u016f a \u010daloun\u011bn\u00ed v kabin\u011b op\u011bt odpov\u00edd\u00e1 n\u00e1rodn\u00edm barv\u00e1m finsk\u00e9ho jezdce \u2013 v tomto p\u0159\u00edpad\u011b je modr\u00e9 a \u0161ed\u00e9. Stejn\u011b jako u proveden\u00ed Ogier Edition je zde speci\u00e1ln\u00ed plaketa p\u0159ipom\u00ednaj\u00edc\u00ed v\u00edt\u011bzstv\u00ed t\u00fdmu TGR ve WRC.<\/p><br>\n\n\n\n<p>Objem v\u00fdroby proveden\u00ed Ogier a Rovanper\u00e4 Edition bude p\u0159\u00edsn\u011b omezen. Podrobnosti ohledn\u011b p\u0159ij\u00edm\u00e1n\u00ed objedn\u00e1vek a prodeje na evropsk\u00fdch trz\u00edch budou ozn\u00e1meny v pozd\u011bj\u0161\u00edm term\u00ednu.<\/p><br>\n\n\n\n<div class=\"wp-block-media-text is-stacked-on-mobile is-vertically-aligned-top\" style=\"grid-template-columns:24% auto\"><figure class=\"wp-block-media-text__media\"><a href=\"https:\/\/www.mzone.cz\/toyota-predstavila-dalsi-vyvoj-konceptu-sportovniho-vozu-ft-se\/\"><img loading=\"lazy\" decoding=\"async\" width=\"989\" height=\"659\" src=\"https:\/\/www.mzone.cz\/wp-content\/uploads\/2023\/12\/Toyota-FT-Se.jpg\" alt=\"Toyota FT-Se\" class=\"wp-image-42559 size-full\" srcset=\"https:\/\/www.mzone.cz\/wp-content\/uploads\/2023\/12\/Toyota-FT-Se.jpg 989w, https:\/\/www.mzone.cz\/wp-content\/uploads\/2023\/12\/Toyota-FT-Se-300x200.jpg 300w, https:\/\/www.mzone.cz\/wp-content\/uploads\/2023\/12\/Toyota-FT-Se-768x512.jpg 768w, https:\/\/www.mzone.cz\/wp-content\/uploads\/2023\/12\/Toyota-FT-Se-18x12.jpg 18w, https:\/\/www.mzone.cz\/wp-content\/uploads\/2023\/12\/Toyota-FT-Se-800x533.jpg 800w, https:\/\/www.mzone.cz\/wp-content\/uploads\/2023\/12\/Toyota-FT-Se-400x267.jpg 400w, https:\/\/www.mzone.cz\/wp-content\/uploads\/2023\/12\/Toyota-FT-Se-500x333.jpg 500w, https:\/\/www.mzone.cz\/wp-content\/uploads\/2023\/12\/Toyota-FT-Se-590x393.jpg 590w\" sizes=\"auto, (max-width: 989px) 100vw, 989px\" \/><\/a><\/figure><div class=\"wp-block-media-text__content\">\n<h4 class=\"wp-block-heading\"><a href=\"https:\/\/www.mzone.cz\/toyota-predstavila-dalsi-vyvoj-konceptu-sportovniho-vozu-ft-se\/\">Toyota p\u0159edstavila dal\u0161\u00ed v\u00fdvoj konceptu sportovn\u00edho vozu FT-Se<\/a><\/h4><br>\n<\/div><\/div>","protected":false},"excerpt":{"rendered":"<p>Toyota odhalila dv\u011b exkluzivn\u00ed vysoce v\u00fdkonn\u00e1 proveden\u00ed nov\u00e9ho modelu GR Yaris. Na jejich n\u00e1vrhu spolupracovali mist\u0159i sv\u011bta jezd\u00edc\u00ed v barv\u00e1ch t\u00fdmu Toyota Gazoo Racing World Rally Team S\u00e9bastien Ogier a Kalle Rovanper\u00e4. Premi\u00e9ra nov\u00fdch model\u016f je napl\u00e1nov\u00e1na na prvn\u00ed den z\u00e1vodu Rallye Monte Carlo, kter\u00fd je \u00favodn\u00edm podnikem sv\u011btov\u00e9ho rallyov\u00e9ho \u0161ampion\u00e1tu FIA 2024. Nov\u00e9 modely, [&hellip;]<\/p>\n","protected":false},"author":4,"featured_media":42995,"comment_status":"open","ping_status":"closed","sticky":false,"template":"","format":"standard","meta":{"kk_blocks_editor_width":"","_kiokenblocks_attr":"","_kiokenblocks_dimensions":"","footnotes":""},"categories":[69],"tags":[585,82,462,552,5297,4815,1398,2085,1979,687,2954],"class_list":["post-42992","post","type-post","status-publish","format-standard","has-post-thumbnail","hentry","category-auto-moto","tag-auta","tag-auto","tag-auto-moto","tag-automobily","tag-gr-yaris","tag-limitka","tag-limitovana-edice","tag-rally","tag-sportovni-vozy","tag-toyota","tag-toyota-gazoo-racing"],"yoast_head":"<!-- This site is optimized with the Yoast SEO plugin v27.5 - https:\/\/yoast.com\/product\/yoast-seo-wordpress\/ -->\n<title>Toyota odhalila dv\u011b limitovan\u00e9 edice modelu GR Yaris navr\u017een\u00e9 s Ogierem a Rovanperou - Mzone<\/title>\n<meta name=\"description\" content=\"Toyota odhalila dv\u011b exkluzivn\u00ed vysoce v\u00fdkonn\u00e1 proveden\u00ed nov\u00e9ho modelu GR Yaris. Na jejich n\u00e1vrhu spolupracovali mist\u0159i sv\u011bta jezd\u00edc\u00ed v barv\u00e1ch t\u00fdmu Toyota Gazoo Racing World Rally Team S\u00e9bastien Ogier a Kalle Rovanper\u00e4.\" \/>\n<meta name=\"robots\" content=\"index, follow, max-snippet:-1, max-image-preview:large, max-video-preview:-1\" \/>\n<link rel=\"canonical\" href=\"https:\/\/www.mzone.cz\/en\/limitovane-edice-gr-yaris-navrzene-s-ogierem-a-rovanperou\/\" \/>\n<meta property=\"og:locale\" content=\"en_US\" \/>\n<meta property=\"og:type\" content=\"article\" \/>\n<meta property=\"og:title\" content=\"Toyota odhalila dv\u011b limitovan\u00e9 edice modelu GR Yaris navr\u017een\u00e9 s Ogierem a Rovanperou - Mzone\" \/>\n<meta property=\"og:description\" content=\"Toyota odhalila dv\u011b exkluzivn\u00ed vysoce v\u00fdkonn\u00e1 proveden\u00ed nov\u00e9ho modelu GR Yaris. Na jejich n\u00e1vrhu spolupracovali mist\u0159i sv\u011bta jezd\u00edc\u00ed v barv\u00e1ch t\u00fdmu Toyota Gazoo Racing World Rally Team S\u00e9bastien Ogier a Kalle Rovanper\u00e4.\" \/>\n<meta property=\"og:url\" content=\"https:\/\/www.mzone.cz\/en\/limitovane-edice-gr-yaris-navrzene-s-ogierem-a-rovanperou\/\" \/>\n<meta property=\"og:site_name\" content=\"Mzone\" \/>\n<meta property=\"article:publisher\" content=\"https:\/\/www.facebook.com\/MzoneCZ\/\" \/>\n<meta property=\"article:published_time\" content=\"2024-02-12T04:00:00+00:00\" \/>\n<meta property=\"og:image\" content=\"https:\/\/www.mzone.cz\/wp-content\/uploads\/2024\/02\/GR_YARIS_Special_Editions_0001.jpg\" \/>\n\t<meta property=\"og:image:width\" content=\"1180\" \/>\n\t<meta property=\"og:image:height\" content=\"787\" \/>\n\t<meta property=\"og:image:type\" content=\"image\/jpeg\" \/>\n<meta name=\"author\" content=\"Mzone\" \/>\n<meta name=\"twitter:card\" content=\"summary_large_image\" \/>\n<meta name=\"twitter:label1\" content=\"Written by\" \/>\n\t<meta name=\"twitter:data1\" content=\"Mzone\" \/>\n\t<meta name=\"twitter:label2\" content=\"Est. reading time\" \/>\n\t<meta name=\"twitter:data2\" content=\"5 minutes\" \/>\n<script type=\"application\/ld+json\" class=\"yoast-schema-graph\">{\"@context\":\"https:\\\/\\\/schema.org\",\"@graph\":[{\"@type\":\"Article\",\"@id\":\"https:\\\/\\\/www.mzone.cz\\\/limitovane-edice-gr-yaris-navrzene-s-ogierem-a-rovanperou\\\/#article\",\"isPartOf\":{\"@id\":\"https:\\\/\\\/www.mzone.cz\\\/limitovane-edice-gr-yaris-navrzene-s-ogierem-a-rovanperou\\\/\"},\"author\":{\"name\":\"Mzone\",\"@id\":\"https:\\\/\\\/www.mzone.cz\\\/#\\\/schema\\\/person\\\/9bc20cc422a99cac4af6ff9297da32d4\"},\"headline\":\"Toyota odhalila dv\u011b limitovan\u00e9 edice modelu GR Yaris navr\u017een\u00e9 s Ogierem a Rovanperou\",\"datePublished\":\"2024-02-12T04:00:00+00:00\",\"mainEntityOfPage\":{\"@id\":\"https:\\\/\\\/www.mzone.cz\\\/limitovane-edice-gr-yaris-navrzene-s-ogierem-a-rovanperou\\\/\"},\"wordCount\":977,\"commentCount\":0,\"image\":{\"@id\":\"https:\\\/\\\/www.mzone.cz\\\/limitovane-edice-gr-yaris-navrzene-s-ogierem-a-rovanperou\\\/#primaryimage\"},\"thumbnailUrl\":\"https:\\\/\\\/www.mzone.cz\\\/wp-content\\\/uploads\\\/2024\\\/02\\\/GR_YARIS_Special_Editions_0001.jpg\",\"keywords\":[\"auta\",\"Auto\",\"auto-moto\",\"automobily\",\"GR Yaris\",\"limitka\",\"limitovan\u00e1 edice\",\"rally\",\"sportovn\u00ed vozy\",\"Toyota\",\"Toyota Gazoo Racing\"],\"articleSection\":[\"Auto-moto\"],\"inLanguage\":\"en-US\",\"potentialAction\":[{\"@type\":\"CommentAction\",\"name\":\"Comment\",\"target\":[\"https:\\\/\\\/www.mzone.cz\\\/limitovane-edice-gr-yaris-navrzene-s-ogierem-a-rovanperou\\\/#respond\"]}]},{\"@type\":\"WebPage\",\"@id\":\"https:\\\/\\\/www.mzone.cz\\\/limitovane-edice-gr-yaris-navrzene-s-ogierem-a-rovanperou\\\/\",\"url\":\"https:\\\/\\\/www.mzone.cz\\\/limitovane-edice-gr-yaris-navrzene-s-ogierem-a-rovanperou\\\/\",\"name\":\"Toyota odhalila dv\u011b limitovan\u00e9 edice modelu GR Yaris navr\u017een\u00e9 s Ogierem a Rovanperou - Mzone\",\"isPartOf\":{\"@id\":\"https:\\\/\\\/www.mzone.cz\\\/#website\"},\"primaryImageOfPage\":{\"@id\":\"https:\\\/\\\/www.mzone.cz\\\/limitovane-edice-gr-yaris-navrzene-s-ogierem-a-rovanperou\\\/#primaryimage\"},\"image\":{\"@id\":\"https:\\\/\\\/www.mzone.cz\\\/limitovane-edice-gr-yaris-navrzene-s-ogierem-a-rovanperou\\\/#primaryimage\"},\"thumbnailUrl\":\"https:\\\/\\\/www.mzone.cz\\\/wp-content\\\/uploads\\\/2024\\\/02\\\/GR_YARIS_Special_Editions_0001.jpg\",\"datePublished\":\"2024-02-12T04:00:00+00:00\",\"author\":{\"@id\":\"https:\\\/\\\/www.mzone.cz\\\/#\\\/schema\\\/person\\\/9bc20cc422a99cac4af6ff9297da32d4\"},\"description\":\"Toyota odhalila dv\u011b exkluzivn\u00ed vysoce v\u00fdkonn\u00e1 proveden\u00ed nov\u00e9ho modelu GR Yaris. Na jejich n\u00e1vrhu spolupracovali mist\u0159i sv\u011bta jezd\u00edc\u00ed v barv\u00e1ch t\u00fdmu Toyota Gazoo Racing World Rally Team S\u00e9bastien Ogier a Kalle Rovanper\u00e4.\",\"breadcrumb\":{\"@id\":\"https:\\\/\\\/www.mzone.cz\\\/limitovane-edice-gr-yaris-navrzene-s-ogierem-a-rovanperou\\\/#breadcrumb\"},\"inLanguage\":\"en-US\",\"potentialAction\":[{\"@type\":\"ReadAction\",\"target\":[\"https:\\\/\\\/www.mzone.cz\\\/limitovane-edice-gr-yaris-navrzene-s-ogierem-a-rovanperou\\\/\"]}]},{\"@type\":\"ImageObject\",\"inLanguage\":\"en-US\",\"@id\":\"https:\\\/\\\/www.mzone.cz\\\/limitovane-edice-gr-yaris-navrzene-s-ogierem-a-rovanperou\\\/#primaryimage\",\"url\":\"https:\\\/\\\/www.mzone.cz\\\/wp-content\\\/uploads\\\/2024\\\/02\\\/GR_YARIS_Special_Editions_0001.jpg\",\"contentUrl\":\"https:\\\/\\\/www.mzone.cz\\\/wp-content\\\/uploads\\\/2024\\\/02\\\/GR_YARIS_Special_Editions_0001.jpg\",\"width\":1180,\"height\":787,\"caption\":\"GR Yaris Special Editions\"},{\"@type\":\"BreadcrumbList\",\"@id\":\"https:\\\/\\\/www.mzone.cz\\\/limitovane-edice-gr-yaris-navrzene-s-ogierem-a-rovanperou\\\/#breadcrumb\",\"itemListElement\":[{\"@type\":\"ListItem\",\"position\":1,\"name\":\"Dom\u016f\",\"item\":\"https:\\\/\\\/www.mzone.cz\\\/\"},{\"@type\":\"ListItem\",\"position\":2,\"name\":\"Toyota odhalila dv\u011b limitovan\u00e9 edice modelu GR Yaris navr\u017een\u00e9 s Ogierem a Rovanperou\"}]},{\"@type\":\"WebSite\",\"@id\":\"https:\\\/\\\/www.mzone.cz\\\/#website\",\"url\":\"https:\\\/\\\/www.mzone.cz\\\/\",\"name\":\"Mzone\",\"description\":\"Magaz\u00edn nejen pro mu\u017ee\",\"potentialAction\":[{\"@type\":\"SearchAction\",\"target\":{\"@type\":\"EntryPoint\",\"urlTemplate\":\"https:\\\/\\\/www.mzone.cz\\\/?s={search_term_string}\"},\"query-input\":{\"@type\":\"PropertyValueSpecification\",\"valueRequired\":true,\"valueName\":\"search_term_string\"}}],\"inLanguage\":\"en-US\"},{\"@type\":\"Person\",\"@id\":\"https:\\\/\\\/www.mzone.cz\\\/#\\\/schema\\\/person\\\/9bc20cc422a99cac4af6ff9297da32d4\",\"name\":\"Mzone\",\"image\":{\"@type\":\"ImageObject\",\"inLanguage\":\"en-US\",\"@id\":\"https:\\\/\\\/secure.gravatar.com\\\/avatar\\\/e780a8630f3182a3d06dd667ab6bea151a0d155b0951bc15fe22633acdac0676?s=96&d=mm&r=g\",\"url\":\"https:\\\/\\\/secure.gravatar.com\\\/avatar\\\/e780a8630f3182a3d06dd667ab6bea151a0d155b0951bc15fe22633acdac0676?s=96&d=mm&r=g\",\"contentUrl\":\"https:\\\/\\\/secure.gravatar.com\\\/avatar\\\/e780a8630f3182a3d06dd667ab6bea151a0d155b0951bc15fe22633acdac0676?s=96&d=mm&r=g\",\"caption\":\"Mzone\"},\"url\":\"https:\\\/\\\/www.mzone.cz\\\/en\\\/author\\\/jakub\\\/\"}]}<\/script>\n<!-- \/ Yoast SEO plugin. -->","yoast_head_json":{"title":"Toyota odhalila dv\u011b limitovan\u00e9 edice modelu GR Yaris navr\u017een\u00e9 s Ogierem a Rovanperou - Mzone","description":"Toyota odhalila dv\u011b exkluzivn\u00ed vysoce v\u00fdkonn\u00e1 proveden\u00ed nov\u00e9ho modelu GR Yaris. Na jejich n\u00e1vrhu spolupracovali mist\u0159i sv\u011bta jezd\u00edc\u00ed v barv\u00e1ch t\u00fdmu Toyota Gazoo Racing World Rally Team S\u00e9bastien Ogier a Kalle Rovanper\u00e4.","robots":{"index":"index","follow":"follow","max-snippet":"max-snippet:-1","max-image-preview":"max-image-preview:large","max-video-preview":"max-video-preview:-1"},"canonical":"https:\/\/www.mzone.cz\/en\/limitovane-edice-gr-yaris-navrzene-s-ogierem-a-rovanperou\/","og_locale":"en_US","og_type":"article","og_title":"Toyota odhalila dv\u011b limitovan\u00e9 edice modelu GR Yaris navr\u017een\u00e9 s Ogierem a Rovanperou - Mzone","og_description":"Toyota odhalila dv\u011b exkluzivn\u00ed vysoce v\u00fdkonn\u00e1 proveden\u00ed nov\u00e9ho modelu GR Yaris. Na jejich n\u00e1vrhu spolupracovali mist\u0159i sv\u011bta jezd\u00edc\u00ed v barv\u00e1ch t\u00fdmu Toyota Gazoo Racing World Rally Team S\u00e9bastien Ogier a Kalle Rovanper\u00e4.","og_url":"https:\/\/www.mzone.cz\/en\/limitovane-edice-gr-yaris-navrzene-s-ogierem-a-rovanperou\/","og_site_name":"Mzone","article_publisher":"https:\/\/www.facebook.com\/MzoneCZ\/","article_published_time":"2024-02-12T04:00:00+00:00","og_image":[{"width":1180,"height":787,"url":"https:\/\/www.mzone.cz\/wp-content\/uploads\/2024\/02\/GR_YARIS_Special_Editions_0001.jpg","type":"image\/jpeg"}],"author":"Mzone","twitter_card":"summary_large_image","twitter_misc":{"Written by":"Mzone","Est. reading time":"5 minutes"},"schema":{"@context":"https:\/\/schema.org","@graph":[{"@type":"Article","@id":"https:\/\/www.mzone.cz\/limitovane-edice-gr-yaris-navrzene-s-ogierem-a-rovanperou\/#article","isPartOf":{"@id":"https:\/\/www.mzone.cz\/limitovane-edice-gr-yaris-navrzene-s-ogierem-a-rovanperou\/"},"author":{"name":"Mzone","@id":"https:\/\/www.mzone.cz\/#\/schema\/person\/9bc20cc422a99cac4af6ff9297da32d4"},"headline":"Toyota odhalila dv\u011b limitovan\u00e9 edice modelu GR Yaris navr\u017een\u00e9 s Ogierem a Rovanperou","datePublished":"2024-02-12T04:00:00+00:00","mainEntityOfPage":{"@id":"https:\/\/www.mzone.cz\/limitovane-edice-gr-yaris-navrzene-s-ogierem-a-rovanperou\/"},"wordCount":977,"commentCount":0,"image":{"@id":"https:\/\/www.mzone.cz\/limitovane-edice-gr-yaris-navrzene-s-ogierem-a-rovanperou\/#primaryimage"},"thumbnailUrl":"https:\/\/www.mzone.cz\/wp-content\/uploads\/2024\/02\/GR_YARIS_Special_Editions_0001.jpg","keywords":["auta","Auto","auto-moto","automobily","GR Yaris","limitka","limitovan\u00e1 edice","rally","sportovn\u00ed vozy","Toyota","Toyota Gazoo Racing"],"articleSection":["Auto-moto"],"inLanguage":"en-US","potentialAction":[{"@type":"CommentAction","name":"Comment","target":["https:\/\/www.mzone.cz\/limitovane-edice-gr-yaris-navrzene-s-ogierem-a-rovanperou\/#respond"]}]},{"@type":"WebPage","@id":"https:\/\/www.mzone.cz\/limitovane-edice-gr-yaris-navrzene-s-ogierem-a-rovanperou\/","url":"https:\/\/www.mzone.cz\/limitovane-edice-gr-yaris-navrzene-s-ogierem-a-rovanperou\/","name":"Toyota odhalila dv\u011b limitovan\u00e9 edice modelu GR Yaris navr\u017een\u00e9 s Ogierem a Rovanperou - Mzone","isPartOf":{"@id":"https:\/\/www.mzone.cz\/#website"},"primaryImageOfPage":{"@id":"https:\/\/www.mzone.cz\/limitovane-edice-gr-yaris-navrzene-s-ogierem-a-rovanperou\/#primaryimage"},"image":{"@id":"https:\/\/www.mzone.cz\/limitovane-edice-gr-yaris-navrzene-s-ogierem-a-rovanperou\/#primaryimage"},"thumbnailUrl":"https:\/\/www.mzone.cz\/wp-content\/uploads\/2024\/02\/GR_YARIS_Special_Editions_0001.jpg","datePublished":"2024-02-12T04:00:00+00:00","author":{"@id":"https:\/\/www.mzone.cz\/#\/schema\/person\/9bc20cc422a99cac4af6ff9297da32d4"},"description":"Toyota odhalila dv\u011b exkluzivn\u00ed vysoce v\u00fdkonn\u00e1 proveden\u00ed nov\u00e9ho modelu GR Yaris. Na jejich n\u00e1vrhu spolupracovali mist\u0159i sv\u011bta jezd\u00edc\u00ed v barv\u00e1ch t\u00fdmu Toyota Gazoo Racing World Rally Team S\u00e9bastien Ogier a Kalle Rovanper\u00e4.","breadcrumb":{"@id":"https:\/\/www.mzone.cz\/limitovane-edice-gr-yaris-navrzene-s-ogierem-a-rovanperou\/#breadcrumb"},"inLanguage":"en-US","potentialAction":[{"@type":"ReadAction","target":["https:\/\/www.mzone.cz\/limitovane-edice-gr-yaris-navrzene-s-ogierem-a-rovanperou\/"]}]},{"@type":"ImageObject","inLanguage":"en-US","@id":"https:\/\/www.mzone.cz\/limitovane-edice-gr-yaris-navrzene-s-ogierem-a-rovanperou\/#primaryimage","url":"https:\/\/www.mzone.cz\/wp-content\/uploads\/2024\/02\/GR_YARIS_Special_Editions_0001.jpg","contentUrl":"https:\/\/www.mzone.cz\/wp-content\/uploads\/2024\/02\/GR_YARIS_Special_Editions_0001.jpg","width":1180,"height":787,"caption":"GR Yaris Special Editions"},{"@type":"BreadcrumbList","@id":"https:\/\/www.mzone.cz\/limitovane-edice-gr-yaris-navrzene-s-ogierem-a-rovanperou\/#breadcrumb","itemListElement":[{"@type":"ListItem","position":1,"name":"Dom\u016f","item":"https:\/\/www.mzone.cz\/"},{"@type":"ListItem","position":2,"name":"Toyota odhalila dv\u011b limitovan\u00e9 edice modelu GR Yaris navr\u017een\u00e9 s Ogierem a Rovanperou"}]},{"@type":"WebSite","@id":"https:\/\/www.mzone.cz\/#website","url":"https:\/\/www.mzone.cz\/","name":"Mzone","description":"Magaz\u00edn nejen pro mu\u017ee","potentialAction":[{"@type":"SearchAction","target":{"@type":"EntryPoint","urlTemplate":"https:\/\/www.mzone.cz\/?s={search_term_string}"},"query-input":{"@type":"PropertyValueSpecification","valueRequired":true,"valueName":"search_term_string"}}],"inLanguage":"en-US"},{"@type":"Person","@id":"https:\/\/www.mzone.cz\/#\/schema\/person\/9bc20cc422a99cac4af6ff9297da32d4","name":"Mzone","image":{"@type":"ImageObject","inLanguage":"en-US","@id":"https:\/\/secure.gravatar.com\/avatar\/e780a8630f3182a3d06dd667ab6bea151a0d155b0951bc15fe22633acdac0676?s=96&d=mm&r=g","url":"https:\/\/secure.gravatar.com\/avatar\/e780a8630f3182a3d06dd667ab6bea151a0d155b0951bc15fe22633acdac0676?s=96&d=mm&r=g","contentUrl":"https:\/\/secure.gravatar.com\/avatar\/e780a8630f3182a3d06dd667ab6bea151a0d155b0951bc15fe22633acdac0676?s=96&d=mm&r=g","caption":"Mzone"},"url":"https:\/\/www.mzone.cz\/en\/author\/jakub\/"}]}},"_links":{"self":[{"href":"https:\/\/www.mzone.cz\/en\/wp-json\/wp\/v2\/posts\/42992","targetHints":{"allow":["GET"]}}],"collection":[{"href":"https:\/\/www.mzone.cz\/en\/wp-json\/wp\/v2\/posts"}],"about":[{"href":"https:\/\/www.mzone.cz\/en\/wp-json\/wp\/v2\/types\/post"}],"author":[{"embeddable":true,"href":"https:\/\/www.mzone.cz\/en\/wp-json\/wp\/v2\/users\/4"}],"replies":[{"embeddable":true,"href":"https:\/\/www.mzone.cz\/en\/wp-json\/wp\/v2\/comments?post=42992"}],"version-history":[{"count":16,"href":"https:\/\/www.mzone.cz\/en\/wp-json\/wp\/v2\/posts\/42992\/revisions"}],"predecessor-version":[{"id":43018,"href":"https:\/\/www.mzone.cz\/en\/wp-json\/wp\/v2\/posts\/42992\/revisions\/43018"}],"wp:featuredmedia":[{"embeddable":true,"href":"https:\/\/www.mzone.cz\/en\/wp-json\/wp\/v2\/media\/42995"}],"wp:attachment":[{"href":"https:\/\/www.mzone.cz\/en\/wp-json\/wp\/v2\/media?parent=42992"}],"wp:term":[{"taxonomy":"category","embeddable":true,"href":"https:\/\/www.mzone.cz\/en\/wp-json\/wp\/v2\/categories?post=42992"},{"taxonomy":"post_tag","embeddable":true,"href":"https:\/\/www.mzone.cz\/en\/wp-json\/wp\/v2\/tags?post=42992"}],"curies":[{"name":"wp","href":"https:\/\/api.w.org\/{rel}","templated":true}]}}