{"id":43213,"date":"2024-03-26T16:42:54","date_gmt":"2024-03-26T15:42:54","guid":{"rendered":"https:\/\/www.mzone.cz\/?p=43213"},"modified":"2024-03-26T16:43:25","modified_gmt":"2024-03-26T15:43:25","slug":"cyklisticky-tym-novo-nordisk-s-matyasem-kopeckym-skvele-odstartoval-novou-sezonu","status":"publish","type":"post","link":"https:\/\/www.mzone.cz\/en\/cyklisticky-tym-novo-nordisk-s-matyasem-kopeckym-skvele-odstartoval-novou-sezonu\/","title":{"rendered":"Cyklistick\u00fd t\u00fdm Novo Nordisk s Maty\u00e1\u0161em Kopeck\u00fdm skv\u011ble odstartoval novou sez\u00f3nu"},"content":{"rendered":"<p><strong>Prvn\u00ed profesion\u00e1ln\u00ed cyklistick\u00fd t\u00fdm na sv\u011bt\u011b slo\u017een\u00fd ze sportovc\u016f s diabetem 1. typu\u00a0Team Novo Nordisk odstartoval novou sez\u00f3nu \u00fasp\u011b\u0161n\u011b. \u010cesk\u00fd jezdec Maty\u00e1\u0161 Kopeck\u00fd se um\u00edstil ve dvou z\u00e1vodech dvakr\u00e1t v prvn\u00ed des\u00edtce. Jak se na celou sez\u00f3nu p\u0159ipravoval a co od n\u00ed o\u010dek\u00e1v\u00e1?<\/strong><\/p><br>\n\n\n\n<p>Zimn\u00ed obdob\u00ed Maty\u00e1\u0161 Kopeck\u00fd a cel\u00fd t\u00fdm Novo Nordisk v\u011bnovali p\u0159edev\u0161\u00edm budov\u00e1n\u00ed z\u00e1klad\u016f pro p\u0159\u00ed\u0161t\u00ed sez\u00f3nu. \u201eAbych si udr\u017eel vysokou \u00farove\u0148 po cel\u00fd rok, mus\u00edm pracovat na v\u0161ech aspektech. Ale z\u00e1kladem jsou tvrd\u00e1 pr\u00e1ce v posilovn\u011b a tr\u00e9nink na kole obsahuj\u00edc\u00ed zejm\u00e9na dlouh\u00e9 j\u00edzdy. Sna\u017e\u00edm se b\u00fdt co nejefektivn\u011bj\u0161\u00ed,\u201c \u0159\u00edk\u00e1 Maty\u00e1\u0161 Kopeck\u00fd.<\/p>\n\n\n\n<blockquote class=\"wp-block-quote is-layout-flow wp-block-quote-is-layout-flow\">\n<p>Sez\u00f3nu pak za\u010dal Maty\u00e1\u0161 Kopeck\u00fd ve skv\u011bl\u00e9m stylu a v obou \u00favodn\u00edch z\u00e1vodech se um\u00edstil v prvn\u00ed des\u00edtce. Ve Valencii byl sedm\u00fd a v tureck\u00e9 Antalyi pak obsadil \u0161estou p\u0159\u00ed\u010dku. Cel\u00fd t\u00fdm se pak ji\u017e nyn\u00ed t\u011b\u0161\u00ed na velk\u00fd z\u00e1vod Tour of Denmark, kter\u00fd pr\u00e1v\u011b i Kopeck\u00e9mu vyhovuje.&nbsp;<\/p>\n<\/blockquote>\n\n\n\n<p>Maty\u00e1\u0161ovy c\u00edle pro z\u00e1vodn\u00ed sez\u00f3nu 2024 jsou sm\u011bl\u00e9. \u201eCht\u011bl bych se s Team Novo Nordisk letos dostat na bednu. To je hlavn\u00ed c\u00edl. Ale je pro m\u011b tak\u00e9 d\u016fle\u017eit\u00e9 udr\u017eet si dlouhodob\u011b stabiln\u00ed vysokou v\u00fdkonnost v t\u011bch typech z\u00e1vod\u016f, kter\u00e9 mi vyhovuj\u00ed,\u201c \u0159\u00edk\u00e1 Kopeck\u00fd. \u201eZ\u00e1rove\u0148 tak\u00e9 douf\u00e1m, \u017ee budu nominov\u00e1n do reprezenta\u010dn\u00edho t\u00fdmu pro mistrovstv\u00ed sv\u011bta a mistrovstv\u00ed Evropy a tam se mi bude da\u0159it,\u201c dod\u00e1v\u00e1.<\/p><br>\n\n\n\n<figure class=\"wp-block-image size-full is-resized\"><img loading=\"lazy\" decoding=\"async\" width=\"720\" height=\"480\" src=\"https:\/\/www.mzone.cz\/wp-content\/uploads\/2024\/03\/2024_January-Camp_CH_A7R1549-1.jpg\" alt=\"T\u00fdm Novo Nordisk\" class=\"wp-image-43216\" style=\"width:813px;height:auto\" srcset=\"https:\/\/www.mzone.cz\/wp-content\/uploads\/2024\/03\/2024_January-Camp_CH_A7R1549-1.jpg 720w, https:\/\/www.mzone.cz\/wp-content\/uploads\/2024\/03\/2024_January-Camp_CH_A7R1549-1-300x200.jpg 300w, https:\/\/www.mzone.cz\/wp-content\/uploads\/2024\/03\/2024_January-Camp_CH_A7R1549-1-18x12.jpg 18w, https:\/\/www.mzone.cz\/wp-content\/uploads\/2024\/03\/2024_January-Camp_CH_A7R1549-1-400x267.jpg 400w, https:\/\/www.mzone.cz\/wp-content\/uploads\/2024\/03\/2024_January-Camp_CH_A7R1549-1-500x333.jpg 500w, https:\/\/www.mzone.cz\/wp-content\/uploads\/2024\/03\/2024_January-Camp_CH_A7R1549-1-590x393.jpg 590w\" sizes=\"auto, (max-width: 720px) 100vw, 720px\" \/><\/figure><br>\n\n\n\n<p>Ned\u00edlnou sou\u010d\u00e1st\u00ed cyklistick\u00e9ho \u00fasp\u011bchu je pak regenerace a zotavov\u00e1n\u00ed se mezi z\u00e1vody. Pro jezdce je d\u016fle\u017eit\u00e9 nechat t\u011blo odpo\u010dinout, aby m\u011blo dostatek s\u00edly v dal\u0161\u00edch z\u00e1vodech. \u201eJ\u00e1 osobn\u011b se zam\u011b\u0159uji hlavn\u011b na dobr\u00fd sp\u00e1nek, v\u00fd\u017eivu a vhodn\u00e9 d\u00e1vkov\u00e1n\u00ed tr\u00e9ninku,\u201c uv\u00e1d\u00ed Maty\u00e1\u0161 Kopeck\u00fd a dod\u00e1v\u00e1: \u201eP\u0159ed a po z\u00e1vodech n\u00e1s obvykle \u010dek\u00e1 po\u0159\u00e1dn\u00fd kus cestov\u00e1n\u00ed a v t\u011bchto chv\u00edl\u00edch db\u00e1m na maxim\u00e1ln\u00ed pohodl\u00ed. Aby byly nohy na z\u00e1vod dob\u0159e p\u0159ipraven\u00e9 a po jeho absolvov\u00e1n\u00ed rychle regenerovaly, pou\u017e\u00edv\u00e1me minimalistick\u00e9 boty\u00a0Xero Shoes.\u00a0Jsou super lehk\u00e9, umo\u017e\u0148uj\u00ed p\u0159irozen\u00fd pohyb chodidel a prst\u016f a opravdu se skv\u011ble hod\u00ed k tomuto \u00fa\u010delu, zvl\u00e1\u0161t\u011b po n\u00e1ro\u010dn\u00e9m z\u00e1vod\u011b.\u201c<\/p><br>\n\n\n\n<p>Maty\u00e1\u0161 Kopeck\u00fd z\u00e1vod\u00ed <a href=\"https:\/\/www.teamnovonordisk.com\/\" target=\"_blank\" rel=\"noopener\">s t\u00fdmem<\/a> Novo Nordisk od roku 2022, kdy obsadil druh\u00e9 m\u00edsto v prologu na Tour of Bulgaria a t\u0159et\u00ed m\u00edsto ve druh\u00e9 etap\u011b na Tour of Rhodos. V patn\u00e1cti letech mu byla diagnostikov\u00e1na cukrovka prvn\u00edho typu, ale to ho nezastavilo. Maty\u00e1\u0161 Kopeck\u00fd je b\u00fdval\u00fd \u010desk\u00fd silni\u010dn\u00ed reprezentant do 19 let a siln\u00fd \u010dasovk\u00e1\u0159. V roce 2021 mu unikl dvojn\u00e1sobn\u00fd titul mistra \u010cR o pouh\u00e9 t\u0159i sekundy, kdy\u017e skon\u010dil na druh\u00e9m m\u00edst\u011b v \u010dasovce jednotlivc\u016f a na prvn\u00edm v silni\u010dn\u00edm z\u00e1vod\u011b.<\/p><br>\n\n\n\n<div class=\"wp-block-media-text is-stacked-on-mobile is-vertically-aligned-top\" style=\"grid-template-columns:29% auto\"><figure class=\"wp-block-media-text__media\"><a href=\"https:\/\/www.mzone.cz\/kniha-srdcem-na-kole-ceskem-objevte-ty-nejlepsi-cyklisticke-trasy-u-nas\/\"><img loading=\"lazy\" decoding=\"async\" width=\"1024\" height=\"683\" src=\"https:\/\/www.mzone.cz\/wp-content\/uploads\/2023\/12\/p556603-1024x683.jpg\" alt=\"Kniha Srdcem na kole \u010ceskem\" class=\"wp-image-42546 size-full\" srcset=\"https:\/\/www.mzone.cz\/wp-content\/uploads\/2023\/12\/p556603-1024x683.jpg 1024w, https:\/\/www.mzone.cz\/wp-content\/uploads\/2023\/12\/p556603-300x200.jpg 300w, https:\/\/www.mzone.cz\/wp-content\/uploads\/2023\/12\/p556603-768x512.jpg 768w, https:\/\/www.mzone.cz\/wp-content\/uploads\/2023\/12\/p556603-18x12.jpg 18w, https:\/\/www.mzone.cz\/wp-content\/uploads\/2023\/12\/p556603-800x533.jpg 800w, https:\/\/www.mzone.cz\/wp-content\/uploads\/2023\/12\/p556603-400x267.jpg 400w, https:\/\/www.mzone.cz\/wp-content\/uploads\/2023\/12\/p556603-500x333.jpg 500w, https:\/\/www.mzone.cz\/wp-content\/uploads\/2023\/12\/p556603-1170x780.jpg 1170w, https:\/\/www.mzone.cz\/wp-content\/uploads\/2023\/12\/p556603-590x393.jpg 590w, https:\/\/www.mzone.cz\/wp-content\/uploads\/2023\/12\/p556603.jpg 1242w\" sizes=\"auto, (max-width: 1024px) 100vw, 1024px\" \/><\/a><\/figure><div class=\"wp-block-media-text__content\">\n<h4 class=\"wp-block-heading\"><a href=\"https:\/\/www.mzone.cz\/kniha-srdcem-na-kole-ceskem-objevte-ty-nejlepsi-cyklisticke-trasy-u-nas\/\">Kniha Srdcem na kole \u010ceskem: Objevte ty nejlep\u0161\u00ed cyklistick\u00e9 trasy u n\u00e1s!<\/a><\/h4><br>\n<\/div><\/div>","protected":false},"excerpt":{"rendered":"<p>Prvn\u00ed profesion\u00e1ln\u00ed cyklistick\u00fd t\u00fdm na sv\u011bt\u011b slo\u017een\u00fd ze sportovc\u016f s diabetem 1. typu\u00a0Team Novo Nordisk odstartoval novou sez\u00f3nu \u00fasp\u011b\u0161n\u011b. \u010cesk\u00fd jezdec Maty\u00e1\u0161 Kopeck\u00fd se um\u00edstil ve dvou z\u00e1vodech dvakr\u00e1t v prvn\u00ed des\u00edtce. Jak se na celou sez\u00f3nu p\u0159ipravoval a co od n\u00ed o\u010dek\u00e1v\u00e1? Zimn\u00ed obdob\u00ed Maty\u00e1\u0161 Kopeck\u00fd a cel\u00fd t\u00fdm Novo Nordisk v\u011bnovali p\u0159edev\u0161\u00edm budov\u00e1n\u00ed [&hellip;]<\/p>\n","protected":false},"author":4,"featured_media":43215,"comment_status":"open","ping_status":"closed","sticky":false,"template":"","format":"standard","meta":{"kk_blocks_editor_width":"","_kiokenblocks_attr":"","_kiokenblocks_dimensions":"","footnotes":""},"categories":[80],"tags":[2013,1950,4479,6131,6130,6129,4222,6072,42,3367,2187,424],"class_list":["post-43213","post","type-post","status-publish","format-standard","has-post-thumbnail","hentry","category-sport","tag-cukrovka","tag-cyklistika","tag-diabetes","tag-matyas-kopecky","tag-nova-sezona","tag-novo-nordisk","tag-sezona","tag-silnicni-cyklistika","tag-sport","tag-start","tag-tym","tag-uspech"],"yoast_head":"<!-- This site is optimized with the Yoast SEO plugin v27.5 - https:\/\/yoast.com\/product\/yoast-seo-wordpress\/ -->\n<title>Cyklistick\u00fd t\u00fdm Novo Nordisk s Maty\u00e1\u0161em Kopeck\u00fdm skv\u011ble odstartoval novou sez\u00f3nu - Mzone<\/title>\n<meta name=\"description\" content=\"Prvn\u00ed profesion\u00e1ln\u00ed cyklistick\u00fd t\u00fdm na sv\u011bt\u011b slo\u017een\u00fd ze sportovc\u016f s diabetem 1. typu Team Novo Nordisk odstartoval novou sez\u00f3nu \u00fasp\u011b\u0161n\u011b. \u010cesk\u00fd jezdec Maty\u00e1\u0161 Kopeck\u00fd se um\u00edstil ve dvou z\u00e1vodech dvakr\u00e1t v prvn\u00ed des\u00edtce.\" \/>\n<meta name=\"robots\" content=\"index, follow, max-snippet:-1, max-image-preview:large, max-video-preview:-1\" \/>\n<link rel=\"canonical\" href=\"https:\/\/www.mzone.cz\/en\/cyklisticky-tym-novo-nordisk-s-matyasem-kopeckym-skvele-odstartoval-novou-sezonu\/\" \/>\n<meta property=\"og:locale\" content=\"en_US\" \/>\n<meta property=\"og:type\" content=\"article\" \/>\n<meta property=\"og:title\" content=\"Cyklistick\u00fd t\u00fdm Novo Nordisk s Maty\u00e1\u0161em Kopeck\u00fdm skv\u011ble odstartoval novou sez\u00f3nu - Mzone\" \/>\n<meta property=\"og:description\" content=\"Prvn\u00ed profesion\u00e1ln\u00ed cyklistick\u00fd t\u00fdm na sv\u011bt\u011b slo\u017een\u00fd ze sportovc\u016f s diabetem 1. typu Team Novo Nordisk odstartoval novou sez\u00f3nu \u00fasp\u011b\u0161n\u011b. \u010cesk\u00fd jezdec Maty\u00e1\u0161 Kopeck\u00fd se um\u00edstil ve dvou z\u00e1vodech dvakr\u00e1t v prvn\u00ed des\u00edtce.\" \/>\n<meta property=\"og:url\" content=\"https:\/\/www.mzone.cz\/en\/cyklisticky-tym-novo-nordisk-s-matyasem-kopeckym-skvele-odstartoval-novou-sezonu\/\" \/>\n<meta property=\"og:site_name\" content=\"Mzone\" \/>\n<meta property=\"article:publisher\" content=\"https:\/\/www.facebook.com\/MzoneCZ\/\" \/>\n<meta property=\"article:published_time\" content=\"2024-03-26T15:42:54+00:00\" \/>\n<meta property=\"article:modified_time\" content=\"2024-03-26T15:43:25+00:00\" \/>\n<meta property=\"og:image\" content=\"https:\/\/www.mzone.cz\/wp-content\/uploads\/2024\/03\/Tym-Novo-Nordisk.jpg\" \/>\n\t<meta property=\"og:image:width\" content=\"720\" \/>\n\t<meta property=\"og:image:height\" content=\"480\" \/>\n\t<meta property=\"og:image:type\" content=\"image\/jpeg\" \/>\n<meta name=\"author\" content=\"Mzone\" \/>\n<meta name=\"twitter:card\" content=\"summary_large_image\" \/>\n<meta name=\"twitter:label1\" content=\"Written by\" \/>\n\t<meta name=\"twitter:data1\" content=\"Mzone\" \/>\n\t<meta name=\"twitter:label2\" content=\"Est. reading time\" \/>\n\t<meta name=\"twitter:data2\" content=\"3 minutes\" \/>\n<script type=\"application\/ld+json\" class=\"yoast-schema-graph\">{\"@context\":\"https:\\\/\\\/schema.org\",\"@graph\":[{\"@type\":\"Article\",\"@id\":\"https:\\\/\\\/www.mzone.cz\\\/cyklisticky-tym-novo-nordisk-s-matyasem-kopeckym-skvele-odstartoval-novou-sezonu\\\/#article\",\"isPartOf\":{\"@id\":\"https:\\\/\\\/www.mzone.cz\\\/cyklisticky-tym-novo-nordisk-s-matyasem-kopeckym-skvele-odstartoval-novou-sezonu\\\/\"},\"author\":{\"name\":\"Mzone\",\"@id\":\"https:\\\/\\\/www.mzone.cz\\\/#\\\/schema\\\/person\\\/9bc20cc422a99cac4af6ff9297da32d4\"},\"headline\":\"Cyklistick\u00fd t\u00fdm Novo Nordisk s Maty\u00e1\u0161em Kopeck\u00fdm skv\u011ble odstartoval novou sez\u00f3nu\",\"datePublished\":\"2024-03-26T15:42:54+00:00\",\"dateModified\":\"2024-03-26T15:43:25+00:00\",\"mainEntityOfPage\":{\"@id\":\"https:\\\/\\\/www.mzone.cz\\\/cyklisticky-tym-novo-nordisk-s-matyasem-kopeckym-skvele-odstartoval-novou-sezonu\\\/\"},\"wordCount\":553,\"commentCount\":0,\"image\":{\"@id\":\"https:\\\/\\\/www.mzone.cz\\\/cyklisticky-tym-novo-nordisk-s-matyasem-kopeckym-skvele-odstartoval-novou-sezonu\\\/#primaryimage\"},\"thumbnailUrl\":\"https:\\\/\\\/www.mzone.cz\\\/wp-content\\\/uploads\\\/2024\\\/03\\\/Tym-Novo-Nordisk.jpg\",\"keywords\":[\"cukrovka\",\"cyklistika\",\"diabetes\",\"Maty\u00e1\u0161 Kopeck\u00fd\",\"nov\u00e1 sez\u00f3na\",\"Novo Nordisk\",\"sez\u00f3na\",\"silni\u010dn\u00ed cyklistika\",\"Sport\",\"start\",\"t\u00fdm\",\"\u00fasp\u011bch\"],\"articleSection\":[\"Sport\"],\"inLanguage\":\"en-US\",\"potentialAction\":[{\"@type\":\"CommentAction\",\"name\":\"Comment\",\"target\":[\"https:\\\/\\\/www.mzone.cz\\\/cyklisticky-tym-novo-nordisk-s-matyasem-kopeckym-skvele-odstartoval-novou-sezonu\\\/#respond\"]}]},{\"@type\":\"WebPage\",\"@id\":\"https:\\\/\\\/www.mzone.cz\\\/cyklisticky-tym-novo-nordisk-s-matyasem-kopeckym-skvele-odstartoval-novou-sezonu\\\/\",\"url\":\"https:\\\/\\\/www.mzone.cz\\\/cyklisticky-tym-novo-nordisk-s-matyasem-kopeckym-skvele-odstartoval-novou-sezonu\\\/\",\"name\":\"Cyklistick\u00fd t\u00fdm Novo Nordisk s Maty\u00e1\u0161em Kopeck\u00fdm skv\u011ble odstartoval novou sez\u00f3nu - Mzone\",\"isPartOf\":{\"@id\":\"https:\\\/\\\/www.mzone.cz\\\/#website\"},\"primaryImageOfPage\":{\"@id\":\"https:\\\/\\\/www.mzone.cz\\\/cyklisticky-tym-novo-nordisk-s-matyasem-kopeckym-skvele-odstartoval-novou-sezonu\\\/#primaryimage\"},\"image\":{\"@id\":\"https:\\\/\\\/www.mzone.cz\\\/cyklisticky-tym-novo-nordisk-s-matyasem-kopeckym-skvele-odstartoval-novou-sezonu\\\/#primaryimage\"},\"thumbnailUrl\":\"https:\\\/\\\/www.mzone.cz\\\/wp-content\\\/uploads\\\/2024\\\/03\\\/Tym-Novo-Nordisk.jpg\",\"datePublished\":\"2024-03-26T15:42:54+00:00\",\"dateModified\":\"2024-03-26T15:43:25+00:00\",\"author\":{\"@id\":\"https:\\\/\\\/www.mzone.cz\\\/#\\\/schema\\\/person\\\/9bc20cc422a99cac4af6ff9297da32d4\"},\"description\":\"Prvn\u00ed profesion\u00e1ln\u00ed cyklistick\u00fd t\u00fdm na sv\u011bt\u011b slo\u017een\u00fd ze sportovc\u016f s diabetem 1. typu Team Novo Nordisk odstartoval novou sez\u00f3nu \u00fasp\u011b\u0161n\u011b. \u010cesk\u00fd jezdec Maty\u00e1\u0161 Kopeck\u00fd se um\u00edstil ve dvou z\u00e1vodech dvakr\u00e1t v prvn\u00ed des\u00edtce.\",\"breadcrumb\":{\"@id\":\"https:\\\/\\\/www.mzone.cz\\\/cyklisticky-tym-novo-nordisk-s-matyasem-kopeckym-skvele-odstartoval-novou-sezonu\\\/#breadcrumb\"},\"inLanguage\":\"en-US\",\"potentialAction\":[{\"@type\":\"ReadAction\",\"target\":[\"https:\\\/\\\/www.mzone.cz\\\/cyklisticky-tym-novo-nordisk-s-matyasem-kopeckym-skvele-odstartoval-novou-sezonu\\\/\"]}]},{\"@type\":\"ImageObject\",\"inLanguage\":\"en-US\",\"@id\":\"https:\\\/\\\/www.mzone.cz\\\/cyklisticky-tym-novo-nordisk-s-matyasem-kopeckym-skvele-odstartoval-novou-sezonu\\\/#primaryimage\",\"url\":\"https:\\\/\\\/www.mzone.cz\\\/wp-content\\\/uploads\\\/2024\\\/03\\\/Tym-Novo-Nordisk.jpg\",\"contentUrl\":\"https:\\\/\\\/www.mzone.cz\\\/wp-content\\\/uploads\\\/2024\\\/03\\\/Tym-Novo-Nordisk.jpg\",\"width\":720,\"height\":480,\"caption\":\"T\u00fdm Novo Nordisk\"},{\"@type\":\"BreadcrumbList\",\"@id\":\"https:\\\/\\\/www.mzone.cz\\\/cyklisticky-tym-novo-nordisk-s-matyasem-kopeckym-skvele-odstartoval-novou-sezonu\\\/#breadcrumb\",\"itemListElement\":[{\"@type\":\"ListItem\",\"position\":1,\"name\":\"Dom\u016f\",\"item\":\"https:\\\/\\\/www.mzone.cz\\\/\"},{\"@type\":\"ListItem\",\"position\":2,\"name\":\"Cyklistick\u00fd t\u00fdm Novo Nordisk s Maty\u00e1\u0161em Kopeck\u00fdm skv\u011ble odstartoval novou sez\u00f3nu\"}]},{\"@type\":\"WebSite\",\"@id\":\"https:\\\/\\\/www.mzone.cz\\\/#website\",\"url\":\"https:\\\/\\\/www.mzone.cz\\\/\",\"name\":\"Mzone\",\"description\":\"Magaz\u00edn nejen pro mu\u017ee\",\"potentialAction\":[{\"@type\":\"SearchAction\",\"target\":{\"@type\":\"EntryPoint\",\"urlTemplate\":\"https:\\\/\\\/www.mzone.cz\\\/?s={search_term_string}\"},\"query-input\":{\"@type\":\"PropertyValueSpecification\",\"valueRequired\":true,\"valueName\":\"search_term_string\"}}],\"inLanguage\":\"en-US\"},{\"@type\":\"Person\",\"@id\":\"https:\\\/\\\/www.mzone.cz\\\/#\\\/schema\\\/person\\\/9bc20cc422a99cac4af6ff9297da32d4\",\"name\":\"Mzone\",\"image\":{\"@type\":\"ImageObject\",\"inLanguage\":\"en-US\",\"@id\":\"https:\\\/\\\/secure.gravatar.com\\\/avatar\\\/e780a8630f3182a3d06dd667ab6bea151a0d155b0951bc15fe22633acdac0676?s=96&d=mm&r=g\",\"url\":\"https:\\\/\\\/secure.gravatar.com\\\/avatar\\\/e780a8630f3182a3d06dd667ab6bea151a0d155b0951bc15fe22633acdac0676?s=96&d=mm&r=g\",\"contentUrl\":\"https:\\\/\\\/secure.gravatar.com\\\/avatar\\\/e780a8630f3182a3d06dd667ab6bea151a0d155b0951bc15fe22633acdac0676?s=96&d=mm&r=g\",\"caption\":\"Mzone\"},\"url\":\"https:\\\/\\\/www.mzone.cz\\\/en\\\/author\\\/jakub\\\/\"}]}<\/script>\n<!-- \/ Yoast SEO plugin. -->","yoast_head_json":{"title":"Cyklistick\u00fd t\u00fdm Novo Nordisk s Maty\u00e1\u0161em Kopeck\u00fdm skv\u011ble odstartoval novou sez\u00f3nu - Mzone","description":"Prvn\u00ed profesion\u00e1ln\u00ed cyklistick\u00fd t\u00fdm na sv\u011bt\u011b slo\u017een\u00fd ze sportovc\u016f s diabetem 1. typu Team Novo Nordisk odstartoval novou sez\u00f3nu \u00fasp\u011b\u0161n\u011b. \u010cesk\u00fd jezdec Maty\u00e1\u0161 Kopeck\u00fd se um\u00edstil ve dvou z\u00e1vodech dvakr\u00e1t v prvn\u00ed des\u00edtce.","robots":{"index":"index","follow":"follow","max-snippet":"max-snippet:-1","max-image-preview":"max-image-preview:large","max-video-preview":"max-video-preview:-1"},"canonical":"https:\/\/www.mzone.cz\/en\/cyklisticky-tym-novo-nordisk-s-matyasem-kopeckym-skvele-odstartoval-novou-sezonu\/","og_locale":"en_US","og_type":"article","og_title":"Cyklistick\u00fd t\u00fdm Novo Nordisk s Maty\u00e1\u0161em Kopeck\u00fdm skv\u011ble odstartoval novou sez\u00f3nu - Mzone","og_description":"Prvn\u00ed profesion\u00e1ln\u00ed cyklistick\u00fd t\u00fdm na sv\u011bt\u011b slo\u017een\u00fd ze sportovc\u016f s diabetem 1. typu Team Novo Nordisk odstartoval novou sez\u00f3nu \u00fasp\u011b\u0161n\u011b. \u010cesk\u00fd jezdec Maty\u00e1\u0161 Kopeck\u00fd se um\u00edstil ve dvou z\u00e1vodech dvakr\u00e1t v prvn\u00ed des\u00edtce.","og_url":"https:\/\/www.mzone.cz\/en\/cyklisticky-tym-novo-nordisk-s-matyasem-kopeckym-skvele-odstartoval-novou-sezonu\/","og_site_name":"Mzone","article_publisher":"https:\/\/www.facebook.com\/MzoneCZ\/","article_published_time":"2024-03-26T15:42:54+00:00","article_modified_time":"2024-03-26T15:43:25+00:00","og_image":[{"width":720,"height":480,"url":"https:\/\/www.mzone.cz\/wp-content\/uploads\/2024\/03\/Tym-Novo-Nordisk.jpg","type":"image\/jpeg"}],"author":"Mzone","twitter_card":"summary_large_image","twitter_misc":{"Written by":"Mzone","Est. reading time":"3 minutes"},"schema":{"@context":"https:\/\/schema.org","@graph":[{"@type":"Article","@id":"https:\/\/www.mzone.cz\/cyklisticky-tym-novo-nordisk-s-matyasem-kopeckym-skvele-odstartoval-novou-sezonu\/#article","isPartOf":{"@id":"https:\/\/www.mzone.cz\/cyklisticky-tym-novo-nordisk-s-matyasem-kopeckym-skvele-odstartoval-novou-sezonu\/"},"author":{"name":"Mzone","@id":"https:\/\/www.mzone.cz\/#\/schema\/person\/9bc20cc422a99cac4af6ff9297da32d4"},"headline":"Cyklistick\u00fd t\u00fdm Novo Nordisk s Maty\u00e1\u0161em Kopeck\u00fdm skv\u011ble odstartoval novou sez\u00f3nu","datePublished":"2024-03-26T15:42:54+00:00","dateModified":"2024-03-26T15:43:25+00:00","mainEntityOfPage":{"@id":"https:\/\/www.mzone.cz\/cyklisticky-tym-novo-nordisk-s-matyasem-kopeckym-skvele-odstartoval-novou-sezonu\/"},"wordCount":553,"commentCount":0,"image":{"@id":"https:\/\/www.mzone.cz\/cyklisticky-tym-novo-nordisk-s-matyasem-kopeckym-skvele-odstartoval-novou-sezonu\/#primaryimage"},"thumbnailUrl":"https:\/\/www.mzone.cz\/wp-content\/uploads\/2024\/03\/Tym-Novo-Nordisk.jpg","keywords":["cukrovka","cyklistika","diabetes","Maty\u00e1\u0161 Kopeck\u00fd","nov\u00e1 sez\u00f3na","Novo Nordisk","sez\u00f3na","silni\u010dn\u00ed cyklistika","Sport","start","t\u00fdm","\u00fasp\u011bch"],"articleSection":["Sport"],"inLanguage":"en-US","potentialAction":[{"@type":"CommentAction","name":"Comment","target":["https:\/\/www.mzone.cz\/cyklisticky-tym-novo-nordisk-s-matyasem-kopeckym-skvele-odstartoval-novou-sezonu\/#respond"]}]},{"@type":"WebPage","@id":"https:\/\/www.mzone.cz\/cyklisticky-tym-novo-nordisk-s-matyasem-kopeckym-skvele-odstartoval-novou-sezonu\/","url":"https:\/\/www.mzone.cz\/cyklisticky-tym-novo-nordisk-s-matyasem-kopeckym-skvele-odstartoval-novou-sezonu\/","name":"Cyklistick\u00fd t\u00fdm Novo Nordisk s Maty\u00e1\u0161em Kopeck\u00fdm skv\u011ble odstartoval novou sez\u00f3nu - Mzone","isPartOf":{"@id":"https:\/\/www.mzone.cz\/#website"},"primaryImageOfPage":{"@id":"https:\/\/www.mzone.cz\/cyklisticky-tym-novo-nordisk-s-matyasem-kopeckym-skvele-odstartoval-novou-sezonu\/#primaryimage"},"image":{"@id":"https:\/\/www.mzone.cz\/cyklisticky-tym-novo-nordisk-s-matyasem-kopeckym-skvele-odstartoval-novou-sezonu\/#primaryimage"},"thumbnailUrl":"https:\/\/www.mzone.cz\/wp-content\/uploads\/2024\/03\/Tym-Novo-Nordisk.jpg","datePublished":"2024-03-26T15:42:54+00:00","dateModified":"2024-03-26T15:43:25+00:00","author":{"@id":"https:\/\/www.mzone.cz\/#\/schema\/person\/9bc20cc422a99cac4af6ff9297da32d4"},"description":"Prvn\u00ed profesion\u00e1ln\u00ed cyklistick\u00fd t\u00fdm na sv\u011bt\u011b slo\u017een\u00fd ze sportovc\u016f s diabetem 1. typu Team Novo Nordisk odstartoval novou sez\u00f3nu \u00fasp\u011b\u0161n\u011b. \u010cesk\u00fd jezdec Maty\u00e1\u0161 Kopeck\u00fd se um\u00edstil ve dvou z\u00e1vodech dvakr\u00e1t v prvn\u00ed des\u00edtce.","breadcrumb":{"@id":"https:\/\/www.mzone.cz\/cyklisticky-tym-novo-nordisk-s-matyasem-kopeckym-skvele-odstartoval-novou-sezonu\/#breadcrumb"},"inLanguage":"en-US","potentialAction":[{"@type":"ReadAction","target":["https:\/\/www.mzone.cz\/cyklisticky-tym-novo-nordisk-s-matyasem-kopeckym-skvele-odstartoval-novou-sezonu\/"]}]},{"@type":"ImageObject","inLanguage":"en-US","@id":"https:\/\/www.mzone.cz\/cyklisticky-tym-novo-nordisk-s-matyasem-kopeckym-skvele-odstartoval-novou-sezonu\/#primaryimage","url":"https:\/\/www.mzone.cz\/wp-content\/uploads\/2024\/03\/Tym-Novo-Nordisk.jpg","contentUrl":"https:\/\/www.mzone.cz\/wp-content\/uploads\/2024\/03\/Tym-Novo-Nordisk.jpg","width":720,"height":480,"caption":"T\u00fdm Novo Nordisk"},{"@type":"BreadcrumbList","@id":"https:\/\/www.mzone.cz\/cyklisticky-tym-novo-nordisk-s-matyasem-kopeckym-skvele-odstartoval-novou-sezonu\/#breadcrumb","itemListElement":[{"@type":"ListItem","position":1,"name":"Dom\u016f","item":"https:\/\/www.mzone.cz\/"},{"@type":"ListItem","position":2,"name":"Cyklistick\u00fd t\u00fdm Novo Nordisk s Maty\u00e1\u0161em Kopeck\u00fdm skv\u011ble odstartoval novou sez\u00f3nu"}]},{"@type":"WebSite","@id":"https:\/\/www.mzone.cz\/#website","url":"https:\/\/www.mzone.cz\/","name":"Mzone","description":"Magaz\u00edn nejen pro mu\u017ee","potentialAction":[{"@type":"SearchAction","target":{"@type":"EntryPoint","urlTemplate":"https:\/\/www.mzone.cz\/?s={search_term_string}"},"query-input":{"@type":"PropertyValueSpecification","valueRequired":true,"valueName":"search_term_string"}}],"inLanguage":"en-US"},{"@type":"Person","@id":"https:\/\/www.mzone.cz\/#\/schema\/person\/9bc20cc422a99cac4af6ff9297da32d4","name":"Mzone","image":{"@type":"ImageObject","inLanguage":"en-US","@id":"https:\/\/secure.gravatar.com\/avatar\/e780a8630f3182a3d06dd667ab6bea151a0d155b0951bc15fe22633acdac0676?s=96&d=mm&r=g","url":"https:\/\/secure.gravatar.com\/avatar\/e780a8630f3182a3d06dd667ab6bea151a0d155b0951bc15fe22633acdac0676?s=96&d=mm&r=g","contentUrl":"https:\/\/secure.gravatar.com\/avatar\/e780a8630f3182a3d06dd667ab6bea151a0d155b0951bc15fe22633acdac0676?s=96&d=mm&r=g","caption":"Mzone"},"url":"https:\/\/www.mzone.cz\/en\/author\/jakub\/"}]}},"_links":{"self":[{"href":"https:\/\/www.mzone.cz\/en\/wp-json\/wp\/v2\/posts\/43213","targetHints":{"allow":["GET"]}}],"collection":[{"href":"https:\/\/www.mzone.cz\/en\/wp-json\/wp\/v2\/posts"}],"about":[{"href":"https:\/\/www.mzone.cz\/en\/wp-json\/wp\/v2\/types\/post"}],"author":[{"embeddable":true,"href":"https:\/\/www.mzone.cz\/en\/wp-json\/wp\/v2\/users\/4"}],"replies":[{"embeddable":true,"href":"https:\/\/www.mzone.cz\/en\/wp-json\/wp\/v2\/comments?post=43213"}],"version-history":[{"count":6,"href":"https:\/\/www.mzone.cz\/en\/wp-json\/wp\/v2\/posts\/43213\/revisions"}],"predecessor-version":[{"id":43221,"href":"https:\/\/www.mzone.cz\/en\/wp-json\/wp\/v2\/posts\/43213\/revisions\/43221"}],"wp:featuredmedia":[{"embeddable":true,"href":"https:\/\/www.mzone.cz\/en\/wp-json\/wp\/v2\/media\/43215"}],"wp:attachment":[{"href":"https:\/\/www.mzone.cz\/en\/wp-json\/wp\/v2\/media?parent=43213"}],"wp:term":[{"taxonomy":"category","embeddable":true,"href":"https:\/\/www.mzone.cz\/en\/wp-json\/wp\/v2\/categories?post=43213"},{"taxonomy":"post_tag","embeddable":true,"href":"https:\/\/www.mzone.cz\/en\/wp-json\/wp\/v2\/tags?post=43213"}],"curies":[{"name":"wp","href":"https:\/\/api.w.org\/{rel}","templated":true}]}}