{"id":43281,"date":"2024-04-08T05:00:00","date_gmt":"2024-04-08T03:00:00","guid":{"rendered":"https:\/\/www.mzone.cz\/?p=43281"},"modified":"2024-04-08T21:06:31","modified_gmt":"2024-04-08T19:06:31","slug":"ojete-kabriolety-zlevnily-vitr-ve-vlasech-se-letos-prodrazi-jen-nekomu","status":"publish","type":"post","link":"https:\/\/www.mzone.cz\/en\/ojete-kabriolety-zlevnily-vitr-ve-vlasech-se-letos-prodrazi-jen-nekomu\/","title":{"rendered":"V\u00edtr ve vlasech se letos prodra\u017e\u00ed jen n\u011bkomu, ojet\u00e9 kabriolety zlevnily"},"content":{"rendered":"<p><strong>Rostouc\u00ed teploty za\u010d\u00ednaj\u00ed l\u00e1kat k proj\u00ed\u017e\u010fk\u00e1m bez st\u0159echy nad hlavou. \u0158idi\u010d\u016fm, kte\u0159\u00ed by si r\u00e1di splnili sen o j\u00edzd\u011b s v\u011btrem ve vlasech, nahr\u00e1v\u00e1 leto\u0161n\u00ed nab\u00eddka ojet\u00fdch kabriolet\u016f. V b\u0159eznu m\u011bli na v\u00fdb\u011br z v\u00edce ne\u017e 800 inzer\u00e1t\u016f v cen\u00e1ch od 20 000 K\u010d do n\u011bkolika des\u00edtek milion\u016f. Podle anal\u00fdzy webu TipCars.com jsou p\u0159itom nejprod\u00e1van\u011bj\u0161\u00ed kabriolety letos levn\u011bj\u0161\u00ed ne\u017e loni. Z deseti nejinzerovan\u011bj\u0161\u00edch model\u016f je dostupn\u011bj\u0161\u00edch 6. Naopak u 4 pr\u016fm\u011brn\u00e1 cena narostla. Rekordmanem je Mazda MX-5 \u201eMiata\u201c, kter\u00e1 je oproti b\u0159eznu 2023 dra\u017e\u0161\u00ed o 32 %.<\/strong><\/p><br>\n\n\n\n<p>\u201eKdo si chce splnit sen o kabrioletu, m\u00e1 letos \u0161anci nakoupit za dobrou cenu,\u201c \u0159\u00edk\u00e1 Marek Knie\u017ea, \u0159editel TipCars.com. Pr\u016fm\u011brn\u00e1 cena v\u011bt\u0161iny nejprod\u00e1van\u011bj\u0161\u00edch ojetin se stahovac\u00ed st\u0159echou vykazuje klesaj\u00ed trend. Nejv\u00edce se projevil u Volkswagenu EOS, kter\u00fd zlevnil o 17 %. Ji\u017e tak dostupn\u00fd Peugeot 206 je meziro\u010dn\u011b dostupn\u011bj\u0161\u00ed o 6 %. \u201eMezi v\u00fdjimky pat\u0159\u00ed p\u0159edev\u0161\u00edm ikonick\u00e9 modely jako Porsche 911, Ford Mustang a Mazda MX-5. Zat\u00edmco n\u011bmeck\u00fd v\u016fz meziro\u010dn\u011b podra\u017eil o 12 %, americk\u00fd stoupnul o 22 % a japonsk\u00fd si p\u0159ipsal 32 %.&#8221;<\/p><br>\n\n\n\n<figure class=\"wp-block-image size-large\"><img loading=\"lazy\" decoding=\"async\" width=\"1024\" height=\"624\" src=\"https:\/\/www.mzone.cz\/wp-content\/uploads\/2024\/04\/Snimek-obrazovky-2024-04-05-v-18.11.28-1024x624.png\" alt=\"Zm\u011bna pr\u016fm\u011brn\u00e9 ceny kabriolet\u016f\" class=\"wp-image-43292\" srcset=\"https:\/\/www.mzone.cz\/wp-content\/uploads\/2024\/04\/Snimek-obrazovky-2024-04-05-v-18.11.28-1024x624.png 1024w, https:\/\/www.mzone.cz\/wp-content\/uploads\/2024\/04\/Snimek-obrazovky-2024-04-05-v-18.11.28-300x183.png 300w, https:\/\/www.mzone.cz\/wp-content\/uploads\/2024\/04\/Snimek-obrazovky-2024-04-05-v-18.11.28-768x468.png 768w, https:\/\/www.mzone.cz\/wp-content\/uploads\/2024\/04\/Snimek-obrazovky-2024-04-05-v-18.11.28-1536x937.png 1536w, https:\/\/www.mzone.cz\/wp-content\/uploads\/2024\/04\/Snimek-obrazovky-2024-04-05-v-18.11.28-18x12.png 18w, https:\/\/www.mzone.cz\/wp-content\/uploads\/2024\/04\/Snimek-obrazovky-2024-04-05-v-18.11.28-590x360.png 590w, https:\/\/www.mzone.cz\/wp-content\/uploads\/2024\/04\/Snimek-obrazovky-2024-04-05-v-18.11.28.png 1804w\" sizes=\"auto, (max-width: 1024px) 100vw, 1024px\" \/><\/figure><br>\n\n\n\n<h2 class=\"wp-block-heading\">Prim hraj\u00ed dra\u017e\u0161\u00ed kabriolety z N\u011bmecka&nbsp;<\/h2>\n\n\n\n<p>V des\u00edtce nej\u010dast\u011bji nab\u00edzen\u00fdch kabriolet\u016f jsou nejsiln\u011bji zastoupen\u00e9 n\u011bmeck\u00e9 zna\u010dky. Prvn\u00edch p\u011bt pozic obsadily Mercedes-Benz SL, n\u00e1sledovan\u00fd dvojic\u00ed BMW \u2013 modelem Z4 a \u0159adou 4. Za nimi jsou Porsche 911 a Volkswagen EOS. \u0160est\u00e1 p\u0159\u00ed\u010dka n\u00e1le\u017e\u00ed japonsk\u00e9 Miat\u011b, tedy Mazd\u011b MX-5. Sedm\u00fd je anglick\u00fd Mini Cooper, osm\u00fd op\u011bt Mercedes, tentokr\u00e1t t\u0159\u00eddy E. Dev\u00e1t\u00e9 m\u00edsto obsadil Ford Mustang. Des\u00e1t\u00fdm nej\u010dast\u011bj\u0161\u00edm vozem je Peugeot 206. Ten tak\u00e9 p\u0159edstavuje nejdostupn\u011bj\u0161\u00ed cestu ke kabrioletu.&nbsp;<\/p>\n\n\n\n<blockquote class=\"wp-block-quote is-layout-flow wp-block-quote-is-layout-flow\">\n<p>\u201eFrancouzsk\u00e1 auta pat\u0159\u00ed tradi\u010dn\u011b k t\u011bm dostupn\u011bj\u0161\u00edm. Dv\u011bst\u011b\u0161estka je pr\u016fm\u011brn\u011b pod 50 000 korun. Dal\u0161\u00ed v\u00fdhodou je koncepce kup\u00e9-kabriolet. St\u0159echu m\u00e1 m\u00edsto l\u00e1tky z plechu. Ta sice v l\u00e9t\u011b omezuje zavazadeln\u00edk, ale v zim\u011b zaji\u0161\u0165uje dobr\u00fd tepeln\u00fd komfort,\u201c p\u0159ipom\u00edn\u00e1 Knie\u017ea.<\/p>\n<\/blockquote>\n\n\n\n<figure class=\"wp-block-image size-full\"><img loading=\"lazy\" decoding=\"async\" width=\"1000\" height=\"667\" src=\"https:\/\/www.mzone.cz\/wp-content\/uploads\/2024\/04\/Sportscar_depositphotos.jpg\" alt=\"J\u00edzda v kabrioletu\" class=\"wp-image-43296\" srcset=\"https:\/\/www.mzone.cz\/wp-content\/uploads\/2024\/04\/Sportscar_depositphotos.jpg 1000w, https:\/\/www.mzone.cz\/wp-content\/uploads\/2024\/04\/Sportscar_depositphotos-300x200.jpg 300w, https:\/\/www.mzone.cz\/wp-content\/uploads\/2024\/04\/Sportscar_depositphotos-768x512.jpg 768w, https:\/\/www.mzone.cz\/wp-content\/uploads\/2024\/04\/Sportscar_depositphotos-18x12.jpg 18w, https:\/\/www.mzone.cz\/wp-content\/uploads\/2024\/04\/Sportscar_depositphotos-800x533.jpg 800w, https:\/\/www.mzone.cz\/wp-content\/uploads\/2024\/04\/Sportscar_depositphotos-400x267.jpg 400w, https:\/\/www.mzone.cz\/wp-content\/uploads\/2024\/04\/Sportscar_depositphotos-500x333.jpg 500w, https:\/\/www.mzone.cz\/wp-content\/uploads\/2024\/04\/Sportscar_depositphotos-590x394.jpg 590w\" sizes=\"auto, (max-width: 1000px) 100vw, 1000px\" \/><\/figure><br>\n\n\n\n<p>Na opa\u010dn\u00e9m konci cenov\u00e9ho spektra jsou modely jako Mercedes-Benz SL a <a href=\"https:\/\/www.tipcars.com\/porsche-911\/kabriolet\/\" target=\"_blank\" rel=\"noopener\">Porsche 911<\/a>. U nich je pr\u016fm\u011brn\u00e1 cena inzerovan\u00fdch auta zhruba 2 a\u017e 4 miliony korun. Oba jsou p\u0159itom v nab\u00eddce zastoupeny p\u011btkr\u00e1t \u010dast\u011bji ne\u017e Peugeot 206.<\/p><br>\n\n\n\n<div class=\"wp-block-media-text is-stacked-on-mobile is-vertically-aligned-top\" style=\"grid-template-columns:23% auto\"><figure class=\"wp-block-media-text__media\"><a href=\"https:\/\/www.mzone.cz\/bentley-ojete-dobry-napad\/\"><img loading=\"lazy\" decoding=\"async\" width=\"1024\" height=\"683\" src=\"https:\/\/www.mzone.cz\/wp-content\/uploads\/2021\/07\/Bentley-1024x683.jpg\" alt=\"Bentley\" class=\"wp-image-33022 size-full\" srcset=\"https:\/\/www.mzone.cz\/wp-content\/uploads\/2021\/07\/Bentley-1024x683.jpg 1024w, https:\/\/www.mzone.cz\/wp-content\/uploads\/2021\/07\/Bentley-300x200.jpg 300w, https:\/\/www.mzone.cz\/wp-content\/uploads\/2021\/07\/Bentley-768x512.jpg 768w, https:\/\/www.mzone.cz\/wp-content\/uploads\/2021\/07\/Bentley-16x12.jpg 16w, https:\/\/www.mzone.cz\/wp-content\/uploads\/2021\/07\/Bentley-800x533.jpg 800w, https:\/\/www.mzone.cz\/wp-content\/uploads\/2021\/07\/Bentley-400x267.jpg 400w, https:\/\/www.mzone.cz\/wp-content\/uploads\/2021\/07\/Bentley-500x333.jpg 500w, https:\/\/www.mzone.cz\/wp-content\/uploads\/2021\/07\/Bentley-590x393.jpg 590w, https:\/\/www.mzone.cz\/wp-content\/uploads\/2021\/07\/Bentley.jpg 1125w\" sizes=\"auto, (max-width: 1024px) 100vw, 1024px\" \/><\/a><\/figure><div class=\"wp-block-media-text__content\">\n<h4 class=\"wp-block-heading\"><a href=\"https:\/\/www.mzone.cz\/bentley-ojete-dobry-napad\/\">Je dobr\u00fd n\u00e1pad si koupit ojet\u00e9 Bentley?<\/a><\/h4><br>\n<\/div><\/div>","protected":false},"excerpt":{"rendered":"<p>Rostouc\u00ed teploty za\u010d\u00ednaj\u00ed l\u00e1kat k proj\u00ed\u017e\u010fk\u00e1m bez st\u0159echy nad hlavou. \u0158idi\u010d\u016fm, kte\u0159\u00ed by si r\u00e1di splnili sen o j\u00edzd\u011b s v\u011btrem ve vlasech, nahr\u00e1v\u00e1 leto\u0161n\u00ed nab\u00eddka ojet\u00fdch kabriolet\u016f. V b\u0159eznu m\u011bli na v\u00fdb\u011br z v\u00edce ne\u017e 800 inzer\u00e1t\u016f v cen\u00e1ch od 20 000 K\u010d do n\u011bkolika des\u00edtek milion\u016f. Podle anal\u00fdzy webu TipCars.com jsou p\u0159itom nejprod\u00e1van\u011bj\u0161\u00ed [&hellip;]<\/p>\n","protected":false},"author":4,"featured_media":43295,"comment_status":"open","ping_status":"closed","sticky":false,"template":"","format":"standard","meta":{"kk_blocks_editor_width":"","_kiokenblocks_attr":"","_kiokenblocks_dimensions":"","footnotes":""},"categories":[69],"tags":[585,82,462,552,5264,6143,84,2256,1394,6144,3449,6145,4534,3855,670,1103],"class_list":["post-43281","post","type-post","status-publish","format-standard","has-post-thumbnail","hentry","category-auto-moto","tag-auta","tag-auto","tag-auto-moto","tag-automobily","tag-bazar","tag-bez-strechy","tag-cena","tag-ceny","tag-kabriolet","tag-kabriolety","tag-nabidka","tag-ojete","tag-ojetiny","tag-trh","tag-vyber","tag-vyvoj"],"yoast_head":"<!-- This site is optimized with the Yoast SEO plugin v27.5 - https:\/\/yoast.com\/product\/yoast-seo-wordpress\/ -->\n<title>V\u00edtr ve vlasech se letos prodra\u017e\u00ed jen n\u011bkomu, ojet\u00e9 kabriolety zlevnily - Mzone<\/title>\n<meta name=\"description\" content=\"Rostouc\u00ed teploty za\u010d\u00ednaj\u00ed l\u00e1kat k proj\u00ed\u017e\u010fk\u00e1m bez st\u0159echy nad hlavou. \u0158idi\u010d\u016fm, kte\u0159\u00ed by si r\u00e1di splnili sen o j\u00edzd\u011b s v\u011btrem ve vlasech, nahr\u00e1v\u00e1 leto\u0161n\u00ed nab\u00eddka ojet\u00fdch kabriolet\u016f. V b\u0159eznu m\u011bli na v\u00fdb\u011br z v\u00edce ne\u017e 800 inzer\u00e1t\u016f v cen\u00e1ch od 20 000 K\u010d do n\u011bkolika des\u00edtek milion\u016f.\" \/>\n<meta name=\"robots\" content=\"index, follow, max-snippet:-1, max-image-preview:large, max-video-preview:-1\" \/>\n<link rel=\"canonical\" href=\"https:\/\/www.mzone.cz\/en\/ojete-kabriolety-zlevnily-vitr-ve-vlasech-se-letos-prodrazi-jen-nekomu\/\" \/>\n<meta property=\"og:locale\" content=\"en_US\" \/>\n<meta property=\"og:type\" content=\"article\" \/>\n<meta property=\"og:title\" content=\"V\u00edtr ve vlasech se letos prodra\u017e\u00ed jen n\u011bkomu, ojet\u00e9 kabriolety zlevnily - Mzone\" \/>\n<meta property=\"og:description\" content=\"Rostouc\u00ed teploty za\u010d\u00ednaj\u00ed l\u00e1kat k proj\u00ed\u017e\u010fk\u00e1m bez st\u0159echy nad hlavou. \u0158idi\u010d\u016fm, kte\u0159\u00ed by si r\u00e1di splnili sen o j\u00edzd\u011b s v\u011btrem ve vlasech, nahr\u00e1v\u00e1 leto\u0161n\u00ed nab\u00eddka ojet\u00fdch kabriolet\u016f. V b\u0159eznu m\u011bli na v\u00fdb\u011br z v\u00edce ne\u017e 800 inzer\u00e1t\u016f v cen\u00e1ch od 20 000 K\u010d do n\u011bkolika des\u00edtek milion\u016f.\" \/>\n<meta property=\"og:url\" content=\"https:\/\/www.mzone.cz\/en\/ojete-kabriolety-zlevnily-vitr-ve-vlasech-se-letos-prodrazi-jen-nekomu\/\" \/>\n<meta property=\"og:site_name\" content=\"Mzone\" \/>\n<meta property=\"article:publisher\" content=\"https:\/\/www.facebook.com\/MzoneCZ\/\" \/>\n<meta property=\"article:published_time\" content=\"2024-04-08T03:00:00+00:00\" \/>\n<meta property=\"article:modified_time\" content=\"2024-04-08T19:06:31+00:00\" \/>\n<meta property=\"og:image\" content=\"https:\/\/www.mzone.cz\/wp-content\/uploads\/2024\/04\/Kabriolet-Porsche-scaled.jpg\" \/>\n\t<meta property=\"og:image:width\" content=\"2560\" \/>\n\t<meta property=\"og:image:height\" content=\"1706\" \/>\n\t<meta property=\"og:image:type\" content=\"image\/jpeg\" \/>\n<meta name=\"author\" content=\"Mzone\" \/>\n<meta name=\"twitter:card\" content=\"summary_large_image\" \/>\n<meta name=\"twitter:label1\" content=\"Written by\" \/>\n\t<meta name=\"twitter:data1\" content=\"Mzone\" \/>\n\t<meta name=\"twitter:label2\" content=\"Est. reading time\" \/>\n\t<meta name=\"twitter:data2\" content=\"3 minutes\" \/>\n<script type=\"application\/ld+json\" class=\"yoast-schema-graph\">{\"@context\":\"https:\\\/\\\/schema.org\",\"@graph\":[{\"@type\":\"Article\",\"@id\":\"https:\\\/\\\/www.mzone.cz\\\/ojete-kabriolety-zlevnily-vitr-ve-vlasech-se-letos-prodrazi-jen-nekomu\\\/#article\",\"isPartOf\":{\"@id\":\"https:\\\/\\\/www.mzone.cz\\\/ojete-kabriolety-zlevnily-vitr-ve-vlasech-se-letos-prodrazi-jen-nekomu\\\/\"},\"author\":{\"name\":\"Mzone\",\"@id\":\"https:\\\/\\\/www.mzone.cz\\\/#\\\/schema\\\/person\\\/9bc20cc422a99cac4af6ff9297da32d4\"},\"headline\":\"V\u00edtr ve vlasech se letos prodra\u017e\u00ed jen n\u011bkomu, ojet\u00e9 kabriolety zlevnily\",\"datePublished\":\"2024-04-08T03:00:00+00:00\",\"dateModified\":\"2024-04-08T19:06:31+00:00\",\"mainEntityOfPage\":{\"@id\":\"https:\\\/\\\/www.mzone.cz\\\/ojete-kabriolety-zlevnily-vitr-ve-vlasech-se-letos-prodrazi-jen-nekomu\\\/\"},\"wordCount\":431,\"commentCount\":0,\"image\":{\"@id\":\"https:\\\/\\\/www.mzone.cz\\\/ojete-kabriolety-zlevnily-vitr-ve-vlasech-se-letos-prodrazi-jen-nekomu\\\/#primaryimage\"},\"thumbnailUrl\":\"https:\\\/\\\/www.mzone.cz\\\/wp-content\\\/uploads\\\/2024\\\/04\\\/Kabriolet-Porsche-scaled.jpg\",\"keywords\":[\"auta\",\"Auto\",\"auto-moto\",\"automobily\",\"bazar\",\"bez st\u0159echy\",\"cena\",\"ceny\",\"kabriolet\",\"kabriolety\",\"nab\u00eddka\",\"ojet\u00e9\",\"ojetiny\",\"trh\",\"v\u00fdb\u011br\",\"v\u00fdvoj\"],\"articleSection\":[\"Auto-moto\"],\"inLanguage\":\"en-US\",\"potentialAction\":[{\"@type\":\"CommentAction\",\"name\":\"Comment\",\"target\":[\"https:\\\/\\\/www.mzone.cz\\\/ojete-kabriolety-zlevnily-vitr-ve-vlasech-se-letos-prodrazi-jen-nekomu\\\/#respond\"]}]},{\"@type\":\"WebPage\",\"@id\":\"https:\\\/\\\/www.mzone.cz\\\/ojete-kabriolety-zlevnily-vitr-ve-vlasech-se-letos-prodrazi-jen-nekomu\\\/\",\"url\":\"https:\\\/\\\/www.mzone.cz\\\/ojete-kabriolety-zlevnily-vitr-ve-vlasech-se-letos-prodrazi-jen-nekomu\\\/\",\"name\":\"V\u00edtr ve vlasech se letos prodra\u017e\u00ed jen n\u011bkomu, ojet\u00e9 kabriolety zlevnily - Mzone\",\"isPartOf\":{\"@id\":\"https:\\\/\\\/www.mzone.cz\\\/#website\"},\"primaryImageOfPage\":{\"@id\":\"https:\\\/\\\/www.mzone.cz\\\/ojete-kabriolety-zlevnily-vitr-ve-vlasech-se-letos-prodrazi-jen-nekomu\\\/#primaryimage\"},\"image\":{\"@id\":\"https:\\\/\\\/www.mzone.cz\\\/ojete-kabriolety-zlevnily-vitr-ve-vlasech-se-letos-prodrazi-jen-nekomu\\\/#primaryimage\"},\"thumbnailUrl\":\"https:\\\/\\\/www.mzone.cz\\\/wp-content\\\/uploads\\\/2024\\\/04\\\/Kabriolet-Porsche-scaled.jpg\",\"datePublished\":\"2024-04-08T03:00:00+00:00\",\"dateModified\":\"2024-04-08T19:06:31+00:00\",\"author\":{\"@id\":\"https:\\\/\\\/www.mzone.cz\\\/#\\\/schema\\\/person\\\/9bc20cc422a99cac4af6ff9297da32d4\"},\"description\":\"Rostouc\u00ed teploty za\u010d\u00ednaj\u00ed l\u00e1kat k proj\u00ed\u017e\u010fk\u00e1m bez st\u0159echy nad hlavou. \u0158idi\u010d\u016fm, kte\u0159\u00ed by si r\u00e1di splnili sen o j\u00edzd\u011b s v\u011btrem ve vlasech, nahr\u00e1v\u00e1 leto\u0161n\u00ed nab\u00eddka ojet\u00fdch kabriolet\u016f. V b\u0159eznu m\u011bli na v\u00fdb\u011br z v\u00edce ne\u017e 800 inzer\u00e1t\u016f v cen\u00e1ch od 20 000 K\u010d do n\u011bkolika des\u00edtek milion\u016f.\",\"breadcrumb\":{\"@id\":\"https:\\\/\\\/www.mzone.cz\\\/ojete-kabriolety-zlevnily-vitr-ve-vlasech-se-letos-prodrazi-jen-nekomu\\\/#breadcrumb\"},\"inLanguage\":\"en-US\",\"potentialAction\":[{\"@type\":\"ReadAction\",\"target\":[\"https:\\\/\\\/www.mzone.cz\\\/ojete-kabriolety-zlevnily-vitr-ve-vlasech-se-letos-prodrazi-jen-nekomu\\\/\"]}]},{\"@type\":\"ImageObject\",\"inLanguage\":\"en-US\",\"@id\":\"https:\\\/\\\/www.mzone.cz\\\/ojete-kabriolety-zlevnily-vitr-ve-vlasech-se-letos-prodrazi-jen-nekomu\\\/#primaryimage\",\"url\":\"https:\\\/\\\/www.mzone.cz\\\/wp-content\\\/uploads\\\/2024\\\/04\\\/Kabriolet-Porsche-scaled.jpg\",\"contentUrl\":\"https:\\\/\\\/www.mzone.cz\\\/wp-content\\\/uploads\\\/2024\\\/04\\\/Kabriolet-Porsche-scaled.jpg\",\"width\":2560,\"height\":1706,\"caption\":\"Kabriolet Porsche\"},{\"@type\":\"BreadcrumbList\",\"@id\":\"https:\\\/\\\/www.mzone.cz\\\/ojete-kabriolety-zlevnily-vitr-ve-vlasech-se-letos-prodrazi-jen-nekomu\\\/#breadcrumb\",\"itemListElement\":[{\"@type\":\"ListItem\",\"position\":1,\"name\":\"Dom\u016f\",\"item\":\"https:\\\/\\\/www.mzone.cz\\\/\"},{\"@type\":\"ListItem\",\"position\":2,\"name\":\"V\u00edtr ve vlasech se letos prodra\u017e\u00ed jen n\u011bkomu, ojet\u00e9 kabriolety zlevnily\"}]},{\"@type\":\"WebSite\",\"@id\":\"https:\\\/\\\/www.mzone.cz\\\/#website\",\"url\":\"https:\\\/\\\/www.mzone.cz\\\/\",\"name\":\"Mzone\",\"description\":\"Magaz\u00edn nejen pro mu\u017ee\",\"potentialAction\":[{\"@type\":\"SearchAction\",\"target\":{\"@type\":\"EntryPoint\",\"urlTemplate\":\"https:\\\/\\\/www.mzone.cz\\\/?s={search_term_string}\"},\"query-input\":{\"@type\":\"PropertyValueSpecification\",\"valueRequired\":true,\"valueName\":\"search_term_string\"}}],\"inLanguage\":\"en-US\"},{\"@type\":\"Person\",\"@id\":\"https:\\\/\\\/www.mzone.cz\\\/#\\\/schema\\\/person\\\/9bc20cc422a99cac4af6ff9297da32d4\",\"name\":\"Mzone\",\"image\":{\"@type\":\"ImageObject\",\"inLanguage\":\"en-US\",\"@id\":\"https:\\\/\\\/secure.gravatar.com\\\/avatar\\\/e780a8630f3182a3d06dd667ab6bea151a0d155b0951bc15fe22633acdac0676?s=96&d=mm&r=g\",\"url\":\"https:\\\/\\\/secure.gravatar.com\\\/avatar\\\/e780a8630f3182a3d06dd667ab6bea151a0d155b0951bc15fe22633acdac0676?s=96&d=mm&r=g\",\"contentUrl\":\"https:\\\/\\\/secure.gravatar.com\\\/avatar\\\/e780a8630f3182a3d06dd667ab6bea151a0d155b0951bc15fe22633acdac0676?s=96&d=mm&r=g\",\"caption\":\"Mzone\"},\"url\":\"https:\\\/\\\/www.mzone.cz\\\/en\\\/author\\\/jakub\\\/\"}]}<\/script>\n<!-- \/ Yoast SEO plugin. -->","yoast_head_json":{"title":"V\u00edtr ve vlasech se letos prodra\u017e\u00ed jen n\u011bkomu, ojet\u00e9 kabriolety zlevnily - Mzone","description":"Rostouc\u00ed teploty za\u010d\u00ednaj\u00ed l\u00e1kat k proj\u00ed\u017e\u010fk\u00e1m bez st\u0159echy nad hlavou. \u0158idi\u010d\u016fm, kte\u0159\u00ed by si r\u00e1di splnili sen o j\u00edzd\u011b s v\u011btrem ve vlasech, nahr\u00e1v\u00e1 leto\u0161n\u00ed nab\u00eddka ojet\u00fdch kabriolet\u016f. V b\u0159eznu m\u011bli na v\u00fdb\u011br z v\u00edce ne\u017e 800 inzer\u00e1t\u016f v cen\u00e1ch od 20 000 K\u010d do n\u011bkolika des\u00edtek milion\u016f.","robots":{"index":"index","follow":"follow","max-snippet":"max-snippet:-1","max-image-preview":"max-image-preview:large","max-video-preview":"max-video-preview:-1"},"canonical":"https:\/\/www.mzone.cz\/en\/ojete-kabriolety-zlevnily-vitr-ve-vlasech-se-letos-prodrazi-jen-nekomu\/","og_locale":"en_US","og_type":"article","og_title":"V\u00edtr ve vlasech se letos prodra\u017e\u00ed jen n\u011bkomu, ojet\u00e9 kabriolety zlevnily - Mzone","og_description":"Rostouc\u00ed teploty za\u010d\u00ednaj\u00ed l\u00e1kat k proj\u00ed\u017e\u010fk\u00e1m bez st\u0159echy nad hlavou. \u0158idi\u010d\u016fm, kte\u0159\u00ed by si r\u00e1di splnili sen o j\u00edzd\u011b s v\u011btrem ve vlasech, nahr\u00e1v\u00e1 leto\u0161n\u00ed nab\u00eddka ojet\u00fdch kabriolet\u016f. V b\u0159eznu m\u011bli na v\u00fdb\u011br z v\u00edce ne\u017e 800 inzer\u00e1t\u016f v cen\u00e1ch od 20 000 K\u010d do n\u011bkolika des\u00edtek milion\u016f.","og_url":"https:\/\/www.mzone.cz\/en\/ojete-kabriolety-zlevnily-vitr-ve-vlasech-se-letos-prodrazi-jen-nekomu\/","og_site_name":"Mzone","article_publisher":"https:\/\/www.facebook.com\/MzoneCZ\/","article_published_time":"2024-04-08T03:00:00+00:00","article_modified_time":"2024-04-08T19:06:31+00:00","og_image":[{"width":2560,"height":1706,"url":"https:\/\/www.mzone.cz\/wp-content\/uploads\/2024\/04\/Kabriolet-Porsche-scaled.jpg","type":"image\/jpeg"}],"author":"Mzone","twitter_card":"summary_large_image","twitter_misc":{"Written by":"Mzone","Est. reading time":"3 minutes"},"schema":{"@context":"https:\/\/schema.org","@graph":[{"@type":"Article","@id":"https:\/\/www.mzone.cz\/ojete-kabriolety-zlevnily-vitr-ve-vlasech-se-letos-prodrazi-jen-nekomu\/#article","isPartOf":{"@id":"https:\/\/www.mzone.cz\/ojete-kabriolety-zlevnily-vitr-ve-vlasech-se-letos-prodrazi-jen-nekomu\/"},"author":{"name":"Mzone","@id":"https:\/\/www.mzone.cz\/#\/schema\/person\/9bc20cc422a99cac4af6ff9297da32d4"},"headline":"V\u00edtr ve vlasech se letos prodra\u017e\u00ed jen n\u011bkomu, ojet\u00e9 kabriolety zlevnily","datePublished":"2024-04-08T03:00:00+00:00","dateModified":"2024-04-08T19:06:31+00:00","mainEntityOfPage":{"@id":"https:\/\/www.mzone.cz\/ojete-kabriolety-zlevnily-vitr-ve-vlasech-se-letos-prodrazi-jen-nekomu\/"},"wordCount":431,"commentCount":0,"image":{"@id":"https:\/\/www.mzone.cz\/ojete-kabriolety-zlevnily-vitr-ve-vlasech-se-letos-prodrazi-jen-nekomu\/#primaryimage"},"thumbnailUrl":"https:\/\/www.mzone.cz\/wp-content\/uploads\/2024\/04\/Kabriolet-Porsche-scaled.jpg","keywords":["auta","Auto","auto-moto","automobily","bazar","bez st\u0159echy","cena","ceny","kabriolet","kabriolety","nab\u00eddka","ojet\u00e9","ojetiny","trh","v\u00fdb\u011br","v\u00fdvoj"],"articleSection":["Auto-moto"],"inLanguage":"en-US","potentialAction":[{"@type":"CommentAction","name":"Comment","target":["https:\/\/www.mzone.cz\/ojete-kabriolety-zlevnily-vitr-ve-vlasech-se-letos-prodrazi-jen-nekomu\/#respond"]}]},{"@type":"WebPage","@id":"https:\/\/www.mzone.cz\/ojete-kabriolety-zlevnily-vitr-ve-vlasech-se-letos-prodrazi-jen-nekomu\/","url":"https:\/\/www.mzone.cz\/ojete-kabriolety-zlevnily-vitr-ve-vlasech-se-letos-prodrazi-jen-nekomu\/","name":"V\u00edtr ve vlasech se letos prodra\u017e\u00ed jen n\u011bkomu, ojet\u00e9 kabriolety zlevnily - Mzone","isPartOf":{"@id":"https:\/\/www.mzone.cz\/#website"},"primaryImageOfPage":{"@id":"https:\/\/www.mzone.cz\/ojete-kabriolety-zlevnily-vitr-ve-vlasech-se-letos-prodrazi-jen-nekomu\/#primaryimage"},"image":{"@id":"https:\/\/www.mzone.cz\/ojete-kabriolety-zlevnily-vitr-ve-vlasech-se-letos-prodrazi-jen-nekomu\/#primaryimage"},"thumbnailUrl":"https:\/\/www.mzone.cz\/wp-content\/uploads\/2024\/04\/Kabriolet-Porsche-scaled.jpg","datePublished":"2024-04-08T03:00:00+00:00","dateModified":"2024-04-08T19:06:31+00:00","author":{"@id":"https:\/\/www.mzone.cz\/#\/schema\/person\/9bc20cc422a99cac4af6ff9297da32d4"},"description":"Rostouc\u00ed teploty za\u010d\u00ednaj\u00ed l\u00e1kat k proj\u00ed\u017e\u010fk\u00e1m bez st\u0159echy nad hlavou. \u0158idi\u010d\u016fm, kte\u0159\u00ed by si r\u00e1di splnili sen o j\u00edzd\u011b s v\u011btrem ve vlasech, nahr\u00e1v\u00e1 leto\u0161n\u00ed nab\u00eddka ojet\u00fdch kabriolet\u016f. V b\u0159eznu m\u011bli na v\u00fdb\u011br z v\u00edce ne\u017e 800 inzer\u00e1t\u016f v cen\u00e1ch od 20 000 K\u010d do n\u011bkolika des\u00edtek milion\u016f.","breadcrumb":{"@id":"https:\/\/www.mzone.cz\/ojete-kabriolety-zlevnily-vitr-ve-vlasech-se-letos-prodrazi-jen-nekomu\/#breadcrumb"},"inLanguage":"en-US","potentialAction":[{"@type":"ReadAction","target":["https:\/\/www.mzone.cz\/ojete-kabriolety-zlevnily-vitr-ve-vlasech-se-letos-prodrazi-jen-nekomu\/"]}]},{"@type":"ImageObject","inLanguage":"en-US","@id":"https:\/\/www.mzone.cz\/ojete-kabriolety-zlevnily-vitr-ve-vlasech-se-letos-prodrazi-jen-nekomu\/#primaryimage","url":"https:\/\/www.mzone.cz\/wp-content\/uploads\/2024\/04\/Kabriolet-Porsche-scaled.jpg","contentUrl":"https:\/\/www.mzone.cz\/wp-content\/uploads\/2024\/04\/Kabriolet-Porsche-scaled.jpg","width":2560,"height":1706,"caption":"Kabriolet Porsche"},{"@type":"BreadcrumbList","@id":"https:\/\/www.mzone.cz\/ojete-kabriolety-zlevnily-vitr-ve-vlasech-se-letos-prodrazi-jen-nekomu\/#breadcrumb","itemListElement":[{"@type":"ListItem","position":1,"name":"Dom\u016f","item":"https:\/\/www.mzone.cz\/"},{"@type":"ListItem","position":2,"name":"V\u00edtr ve vlasech se letos prodra\u017e\u00ed jen n\u011bkomu, ojet\u00e9 kabriolety zlevnily"}]},{"@type":"WebSite","@id":"https:\/\/www.mzone.cz\/#website","url":"https:\/\/www.mzone.cz\/","name":"Mzone","description":"Magaz\u00edn nejen pro mu\u017ee","potentialAction":[{"@type":"SearchAction","target":{"@type":"EntryPoint","urlTemplate":"https:\/\/www.mzone.cz\/?s={search_term_string}"},"query-input":{"@type":"PropertyValueSpecification","valueRequired":true,"valueName":"search_term_string"}}],"inLanguage":"en-US"},{"@type":"Person","@id":"https:\/\/www.mzone.cz\/#\/schema\/person\/9bc20cc422a99cac4af6ff9297da32d4","name":"Mzone","image":{"@type":"ImageObject","inLanguage":"en-US","@id":"https:\/\/secure.gravatar.com\/avatar\/e780a8630f3182a3d06dd667ab6bea151a0d155b0951bc15fe22633acdac0676?s=96&d=mm&r=g","url":"https:\/\/secure.gravatar.com\/avatar\/e780a8630f3182a3d06dd667ab6bea151a0d155b0951bc15fe22633acdac0676?s=96&d=mm&r=g","contentUrl":"https:\/\/secure.gravatar.com\/avatar\/e780a8630f3182a3d06dd667ab6bea151a0d155b0951bc15fe22633acdac0676?s=96&d=mm&r=g","caption":"Mzone"},"url":"https:\/\/www.mzone.cz\/en\/author\/jakub\/"}]}},"_links":{"self":[{"href":"https:\/\/www.mzone.cz\/en\/wp-json\/wp\/v2\/posts\/43281","targetHints":{"allow":["GET"]}}],"collection":[{"href":"https:\/\/www.mzone.cz\/en\/wp-json\/wp\/v2\/posts"}],"about":[{"href":"https:\/\/www.mzone.cz\/en\/wp-json\/wp\/v2\/types\/post"}],"author":[{"embeddable":true,"href":"https:\/\/www.mzone.cz\/en\/wp-json\/wp\/v2\/users\/4"}],"replies":[{"embeddable":true,"href":"https:\/\/www.mzone.cz\/en\/wp-json\/wp\/v2\/comments?post=43281"}],"version-history":[{"count":12,"href":"https:\/\/www.mzone.cz\/en\/wp-json\/wp\/v2\/posts\/43281\/revisions"}],"predecessor-version":[{"id":43318,"href":"https:\/\/www.mzone.cz\/en\/wp-json\/wp\/v2\/posts\/43281\/revisions\/43318"}],"wp:featuredmedia":[{"embeddable":true,"href":"https:\/\/www.mzone.cz\/en\/wp-json\/wp\/v2\/media\/43295"}],"wp:attachment":[{"href":"https:\/\/www.mzone.cz\/en\/wp-json\/wp\/v2\/media?parent=43281"}],"wp:term":[{"taxonomy":"category","embeddable":true,"href":"https:\/\/www.mzone.cz\/en\/wp-json\/wp\/v2\/categories?post=43281"},{"taxonomy":"post_tag","embeddable":true,"href":"https:\/\/www.mzone.cz\/en\/wp-json\/wp\/v2\/tags?post=43281"}],"curies":[{"name":"wp","href":"https:\/\/api.w.org\/{rel}","templated":true}]}}