{"id":43346,"date":"2024-04-11T21:36:04","date_gmt":"2024-04-11T19:36:04","guid":{"rendered":"https:\/\/www.mzone.cz\/?p=43346"},"modified":"2024-04-11T21:36:06","modified_gmt":"2024-04-11T19:36:06","slug":"mg-otevira-v-cesku-dalsi-dealerstvi-uz-u-nas-prodava-vic-aut-nez-audi-nebo-seat","status":"publish","type":"post","link":"https:\/\/www.mzone.cz\/en\/mg-otevira-v-cesku-dalsi-dealerstvi-uz-u-nas-prodava-vic-aut-nez-audi-nebo-seat\/","title":{"rendered":"MG otev\u00edr\u00e1 v \u010cesku dal\u0161\u00ed dealerstv\u00ed! U\u017e u n\u00e1s prod\u00e1v\u00e1 v\u00edc aut ne\u017e Audi nebo Seat"},"content":{"rendered":"<p><strong>Zna\u010dka automobil\u016f MG ji\u017e na \u010desk\u00e9m trhu p\u016fsob\u00ed dva roky a jej\u00ed popularita u \u0159idi\u010d\u016f roste. Na to reaguje spole\u010dnost Orbion Cars, kter\u00e1 8. dubna otev\u0159ela pobo\u010dku v Praze \u2013 Stod\u016flk\u00e1ch, a c\u00edl\u00ed na to st\u00e1t se nejv\u011bt\u0161\u00edm dealerem zna\u010dky v \u010cesku. \u201eChceme z\u00e1kazn\u00edk\u016fm poskytnout nejv\u011bt\u0161\u00ed nab\u00eddku skladov\u00fdch voz\u016f zna\u010dky MG, a to jak nov\u00fdch, tak ojet\u00fdch. Samoz\u0159ejmost\u00ed je i autorizovan\u00fd servis s nejvy\u0161\u0161\u00ed kvalitou slu\u017eeb orientovan\u00fdch na maxim\u00e1ln\u00ed spokojenost klient\u016f,\u201c \u0159\u00edk\u00e1 v\u00fdkonn\u00fd \u0159editel Orbion Cars Du\u0161an Chlad.<\/strong><\/p><br>\n\n\n\n<p>Historie zna\u010dky MG sah\u00e1 do roku 1924, a symbolicky tak se vstupem Orbion Cars na \u010desk\u00fd trh oslav\u00ed st\u00e9 v\u00fdro\u010d\u00ed. Sou\u010dasn\u00fdm vlastn\u00edkem p\u016fvodn\u011b britsk\u00e9 zna\u010dky je jeden ze \u010dty\u0159 nejv\u011bt\u0161\u00edch \u010d\u00ednsk\u00fdch v\u00fdrobc\u016f automobil\u016f, spole\u010dnost Shanghai Automobile Industry Corporation (SAIC), kter\u00e1 v roce 2023 vyrobila 5 milion\u016f vozidel. Z\u00e1rove\u0148 spole\u010dnost SAIC vyr\u00e1b\u00ed i vozidla pro evropsk\u00e9 a americk\u00e9 automobilky na \u010d\u00ednsk\u00e9m trhu. Z jej\u00edch v\u00fdrobn\u00edch linek tak sj\u00ed\u017ed\u011bj\u00ed jednotliv\u00e9 modely zna\u010dek jako je Volkswagen, \u0160koda, Audi, Buick, Chevrolet nebo Cadillac. Na \u010desk\u00e9m trhu <a href=\"https:\/\/www.mgmotor-czech.cz\/\" target=\"_blank\" rel=\"noreferrer noopener\">zna\u010dka MG<\/a> nab\u00edz\u00ed cenov\u011b dostupn\u00e9 vozy jak se spalovac\u00edmi motory, tak s vozy hybridn\u00edm pohonem a elektromobily.<\/p>\n\n\n\n<blockquote class=\"wp-block-quote is-layout-flow wp-block-quote-is-layout-flow\">\n<p>MG v sou\u010dasn\u00e9 dob\u011b pat\u0159\u00ed k nejrychleji rostouc\u00edm automobilov\u00fdm zna\u010dk\u00e1m v \u010cesku, za lo\u0148sk\u00fd rok vzrostl po\u010det registrac\u00ed nov\u00fdch voz\u016f zna\u010dky meziro\u010dn\u011b oproti roku 2022 o 636 %.<\/p>\n<\/blockquote>\n\n\n\n<p>Nejpopul\u00e1rn\u011bj\u0161\u00edm modelem je aktu\u00e1ln\u011b MG ZS, k \u010demu\u017e p\u0159isp\u00edv\u00e1 p\u0159\u00edzniv\u00e1 prodejn\u00ed cena za\u010d\u00ednaj\u00edc\u00ed na 399 000 K\u010d. V r\u00e1mci nab\u00eddky elektromobil\u016f zaujme i n\u00e1ro\u010dn\u011bj\u0161\u00ed z\u00e1kazn\u00edky nov\u00fd model MG4 XPower, kter\u00fd nab\u00edz\u00ed v\u00fdkon a\u017e 435 kon\u00ed a zrychlen\u00ed z 0 na 100 km\/h za 3,8 sekundy. Velk\u00e1 o\u010dek\u00e1v\u00e1n\u00ed m\u00e1 zna\u010dka s na \u017eenevsk\u00e9m autosalonu nov\u011b p\u0159edstaven\u00fdm modelem MG3 \u2013 mal\u00fdm m\u011bstsk\u00fdm hatchbackem, kter\u00fd nab\u00eddne hybridn\u00ed pohon s v\u00fdkonem 190 kon\u00ed. Prodejn\u00ed cena tohoto modelu zat\u00edm nebyla stanovena, ale o\u010dek\u00e1v\u00e1 se, \u017ee bude ve srovnateln\u00e9 kategorii vozidel velmi atraktivn\u00ed. Na konci leto\u0161n\u00edho roku bude MG3 k dispozici tak\u00e9 v\u00a0\u010dist\u011b benz\u00ednov\u00e9 verzi.<\/p><br>\n\n\n\n<figure class=\"wp-block-image size-large\"><img loading=\"lazy\" decoding=\"async\" width=\"1024\" height=\"576\" src=\"https:\/\/www.mzone.cz\/wp-content\/uploads\/2024\/04\/MG3-1024x576.jpg\" alt=\"MG3\" class=\"wp-image-43352\" srcset=\"https:\/\/www.mzone.cz\/wp-content\/uploads\/2024\/04\/MG3-1024x576.jpg 1024w, https:\/\/www.mzone.cz\/wp-content\/uploads\/2024\/04\/MG3-300x169.jpg 300w, https:\/\/www.mzone.cz\/wp-content\/uploads\/2024\/04\/MG3-768x432.jpg 768w, https:\/\/www.mzone.cz\/wp-content\/uploads\/2024\/04\/MG3-18x10.jpg 18w, https:\/\/www.mzone.cz\/wp-content\/uploads\/2024\/04\/MG3-590x332.jpg 590w, https:\/\/www.mzone.cz\/wp-content\/uploads\/2024\/04\/MG3.jpg 1090w\" sizes=\"auto, (max-width: 1024px) 100vw, 1024px\" \/><figcaption class=\"wp-element-caption\">Od MG3 m\u00e1 zna\u010dka velk\u00e1 o\u010dek\u00e1v\u00e1n\u00ed<\/figcaption><\/figure><br>\n\n\n\n<p>Orbion Cars pat\u0159\u00ed do stejn\u00e9 siln\u00e9 skupiny jako nejv\u011bt\u0161\u00ed \u010desk\u00fd prodejce zna\u010dky Volvo Auto Pr\u016fhonice a specialista na prodej britsk\u00fdch voz\u016f zna\u010dek Jaguar a Land Rover Albion Cars. \u201eV r\u00e1mci na\u0161\u00ed skupiny roz\u0161i\u0159ujeme portfolio o cenov\u011b dostupnou zna\u010dku se st\u00e1le s\u00edl\u00edc\u00ed popularitou. I do tohoto segmentu chceme samoz\u0159ejm\u011b pro na\u0161e z\u00e1kazn\u00edky p\u0159en\u00e9st pr\u00e9miov\u00e9 a maxim\u00e1ln\u011b osobn\u00ed slu\u017eby, na kter\u00e9 jsou zvykl\u00ed klienti pr\u00e9miov\u00fdch zna\u010dek, kter\u00e9 ve skupin\u011b prod\u00e1v\u00e1me,\u201c vysv\u011btluje Chlad.<\/p>\n\n\n\n<blockquote class=\"wp-block-quote is-layout-flow wp-block-quote-is-layout-flow\">\n<p>Se s\u00eddlem v pra\u017esk\u00fdch Stod\u016flk\u00e1ch m\u00e1 Orbion Cars v pl\u00e1nu p\u0159i dosahov\u00e1n\u00ed dominantn\u00ed pozice mezi dealery zna\u010dky MG \u010derpat vedle nejv\u011bt\u0161\u00ed nab\u00eddky skladov\u00fdch vozidel pr\u00e1v\u011b i z v\u00fdhodn\u00e9 polohy sv\u00e9ho autosalonu. Z lev\u00e9ho b\u0159ehu Vltavy m\u016f\u017ee jako v sou\u010dasn\u00e9 dob\u011b jedin\u00fd dealer zna\u010dky obsluhovat popt\u00e1vku jak poloviny hlavn\u00edho m\u011bsta, tak i podstatn\u00e9 \u010d\u00e1sti St\u0159edo\u010desk\u00e9ho kraje v r\u00e1mci okresu Praha \u2013 Z\u00e1pad, zejm\u00e9na z Berounska a Rakovnicka. Bezprost\u0159edn\u00ed bl\u00edzkost Rozvadovsk\u00e9 spojky na p\u0159\u00edjezdu do Prahy z d\u00e1lnice D5 \u010din\u00ed Orbion Cars dob\u0159e dopravn\u011b dostupn\u00fdm i pro z\u00e1kazn\u00edky ze z\u00e1padn\u00edch region\u016f \u010cesk\u00e9 republiky.<\/p>\n<\/blockquote>\n\n\n\n<figure class=\"wp-block-image size-large\"><img loading=\"lazy\" decoding=\"async\" width=\"1024\" height=\"682\" src=\"https:\/\/www.mzone.cz\/wp-content\/uploads\/2024\/04\/IMG_1069-kopie-1024x682.jpg\" alt=\"Dealerstv\u00ed Orbion Cars v pra\u017esk\u00fdch Stod\u016flk\u00e1ch\" class=\"wp-image-43357\" srcset=\"https:\/\/www.mzone.cz\/wp-content\/uploads\/2024\/04\/IMG_1069-kopie-1024x682.jpg 1024w, https:\/\/www.mzone.cz\/wp-content\/uploads\/2024\/04\/IMG_1069-kopie-300x200.jpg 300w, https:\/\/www.mzone.cz\/wp-content\/uploads\/2024\/04\/IMG_1069-kopie-768x512.jpg 768w, https:\/\/www.mzone.cz\/wp-content\/uploads\/2024\/04\/IMG_1069-kopie-1536x1024.jpg 1536w, https:\/\/www.mzone.cz\/wp-content\/uploads\/2024\/04\/IMG_1069-kopie-2048x1365.jpg 2048w, https:\/\/www.mzone.cz\/wp-content\/uploads\/2024\/04\/IMG_1069-kopie-18x12.jpg 18w, https:\/\/www.mzone.cz\/wp-content\/uploads\/2024\/04\/IMG_1069-kopie-800x533.jpg 800w, https:\/\/www.mzone.cz\/wp-content\/uploads\/2024\/04\/IMG_1069-kopie-400x267.jpg 400w, https:\/\/www.mzone.cz\/wp-content\/uploads\/2024\/04\/IMG_1069-kopie-500x333.jpg 500w, https:\/\/www.mzone.cz\/wp-content\/uploads\/2024\/04\/IMG_1069-kopie-1170x780.jpg 1170w, https:\/\/www.mzone.cz\/wp-content\/uploads\/2024\/04\/IMG_1069-kopie-590x393.jpg 590w\" sizes=\"auto, (max-width: 1024px) 100vw, 1024px\" \/><figcaption class=\"wp-element-caption\">Dealerstv\u00ed Orbion Cars v pra\u017esk\u00fdch Stod\u016flk\u00e1ch<\/figcaption><\/figure><br>\n\n\n\n<p>Podle vedouc\u00edho prodeje Orbion Cars Luk\u00e1\u0161e Jaro\u0161e m\u00e1 zna\u010dka MG obrovsk\u00fd potenci\u00e1l nejen v \u010cesku, ale v cel\u00e9 Evrop\u011b. \u201eZ\u00e1jemc\u016fm o vozy MG nab\u00edz\u00edme luxusn\u00ed z\u00e1zem\u00ed, vysok\u00fd po\u010det nov\u00fdch i ojet\u00fdch voz\u016f skladem, kter\u00e9 jsou ihned k dispozici, dostupnou lokalitu s obrovskou sp\u00e1dovou oblast\u00ed a hlavn\u011b jin\u00fd, maxim\u00e1ln\u011b osobn\u00ed p\u0159\u00edstup k z\u00e1kazn\u00edk\u016fm. V\u011b\u0159\u00edm, \u017ee d\u00edky tomu se Orbion Cars stane jedn\u00edm z nej\u00fasp\u011b\u0161n\u011bj\u0161\u00edch dealerstv\u00ed zna\u010dky MG v \u010cesk\u00e9 republice,\u201c \u0159\u00edk\u00e1 Jaro\u0161 s t\u00edm, \u017ee vstup na trh je pro Orbion Cars pouh\u00fdm za\u010d\u00e1tkem. \u201ePl\u00e1nujeme velk\u00e9 investice jak do budovy a slu\u017eeb, tak do marketingu. Chceme d\u00e1t v\u011bd\u011bt trhu, \u017ee jsme tady a \u017ee jsme profesion\u00e1lov\u00e9 se v\u0161\u00edm v\u0161udy,\u201c dod\u00e1v\u00e1 Jaro\u0161.<\/p><br>\n\n\n\n<p>\u201eVzhledem k z\u00e1zem\u00ed a viz\u00edm na\u0161ich majitel\u016f Karla Stolejdy, Martina Vesel\u00e9ho a Du\u0161ana Chlada a jejich nad\u0161en\u00ed pro v\u011bc v\u011b\u0159\u00edm, \u017ee zna\u010dku Orbion \u010dek\u00e1 skv\u011bl\u00e1 budoucnost. Pro m\u011b osobn\u011b je pobo\u010dka ve Stod\u016flk\u00e1ch jen na\u0161\u00edm prvn\u00edm salonem MG v r\u00e1mci skupiny,\u201c uzav\u00edr\u00e1 Jaro\u0161.<\/p><br>\n\n\n\n<div class=\"wp-block-media-text is-stacked-on-mobile is-vertically-aligned-top\" style=\"grid-template-columns:29% auto\"><figure class=\"wp-block-media-text__media\"><a href=\"https:\/\/www.mzone.cz\/cesko-je-autovrakoviste-v-srdci-evropy-na-nove-auto-cesi-nedosahnou\/\"><img loading=\"lazy\" decoding=\"async\" width=\"683\" height=\"455\" src=\"https:\/\/www.mzone.cz\/wp-content\/uploads\/2024\/02\/Auta.jpg\" alt=\"Auta\" class=\"wp-image-43105 size-full\" srcset=\"https:\/\/www.mzone.cz\/wp-content\/uploads\/2024\/02\/Auta.jpg 683w, https:\/\/www.mzone.cz\/wp-content\/uploads\/2024\/02\/Auta-300x200.jpg 300w, https:\/\/www.mzone.cz\/wp-content\/uploads\/2024\/02\/Auta-18x12.jpg 18w, https:\/\/www.mzone.cz\/wp-content\/uploads\/2024\/02\/Auta-400x267.jpg 400w, https:\/\/www.mzone.cz\/wp-content\/uploads\/2024\/02\/Auta-500x333.jpg 500w, https:\/\/www.mzone.cz\/wp-content\/uploads\/2024\/02\/Auta-590x393.jpg 590w\" sizes=\"auto, (max-width: 683px) 100vw, 683px\" \/><\/a><\/figure><div class=\"wp-block-media-text__content\">\n<h4 class=\"wp-block-heading\"><a href=\"https:\/\/www.mzone.cz\/cesko-je-autovrakoviste-v-srdci-evropy-na-nove-auto-cesi-nedosahnou\/\">\u010cesko je autovrakovi\u0161t\u011b v srdci Evropy! Na nov\u00e9 auto \u010ce\u0161i nedos\u00e1hnou<\/a><\/h4><br>\n<\/div><\/div>","protected":false},"excerpt":{"rendered":"<p>Zna\u010dka automobil\u016f MG ji\u017e na \u010desk\u00e9m trhu p\u016fsob\u00ed dva roky a jej\u00ed popularita u \u0159idi\u010d\u016f roste. Na to reaguje spole\u010dnost Orbion Cars, kter\u00e1 8. dubna otev\u0159ela pobo\u010dku v Praze \u2013 Stod\u016flk\u00e1ch, a c\u00edl\u00ed na to st\u00e1t se nejv\u011bt\u0161\u00edm dealerem zna\u010dky v \u010cesku. \u201eChceme z\u00e1kazn\u00edk\u016fm poskytnout nejv\u011bt\u0161\u00ed nab\u00eddku skladov\u00fdch voz\u016f zna\u010dky MG, a to jak nov\u00fdch, [&hellip;]<\/p>\n","protected":false},"author":4,"featured_media":43347,"comment_status":"open","ping_status":"closed","sticky":false,"template":"","format":"standard","meta":{"kk_blocks_editor_width":"","_kiokenblocks_attr":"","_kiokenblocks_dimensions":"","footnotes":""},"categories":[69,64],"tags":[585,82,462,552,1030,5714,5716,6150,6151,6152,363,3431,6153,6154,148,3855],"class_list":["post-43346","post","type-post","status-publish","format-standard","has-post-thumbnail","hentry","category-auto-moto","category-trendy","tag-auta","tag-auto","tag-auto-moto","tag-automobily","tag-cesko","tag-dealer","tag-dealerstvi","tag-mg","tag-orbion-cars","tag-pobocka","tag-praha","tag-prodej","tag-prodej-aut","tag-stodulky","tag-trendy","tag-trh"],"yoast_head":"<!-- This site is optimized with the Yoast SEO plugin v27.5 - https:\/\/yoast.com\/product\/yoast-seo-wordpress\/ -->\n<title>MG otev\u00edr\u00e1 v \u010cesku dal\u0161\u00ed dealerstv\u00ed! U\u017e u n\u00e1s prod\u00e1v\u00e1 v\u00edc aut ne\u017e Audi nebo Seat - Mzone<\/title>\n<meta name=\"description\" content=\"Zna\u010dka automobil\u016f MG ji\u017e na \u010desk\u00e9m trhu p\u016fsob\u00ed dva roky a jej\u00ed popularita u \u0159idi\u010d\u016f roste. Na to reaguje spole\u010dnost Orbion Cars, kter\u00e1 8. dubna otev\u0159ela pobo\u010dku v Praze \u2013 Stod\u016flk\u00e1ch, a c\u00edl\u00ed na to st\u00e1t se nejv\u011bt\u0161\u00edm dealerem zna\u010dky v \u010cesku.\" \/>\n<meta name=\"robots\" content=\"index, follow, max-snippet:-1, max-image-preview:large, max-video-preview:-1\" \/>\n<link rel=\"canonical\" href=\"https:\/\/www.mzone.cz\/en\/mg-otevira-v-cesku-dalsi-dealerstvi-uz-u-nas-prodava-vic-aut-nez-audi-nebo-seat\/\" \/>\n<meta property=\"og:locale\" content=\"en_US\" \/>\n<meta property=\"og:type\" content=\"article\" \/>\n<meta property=\"og:title\" content=\"MG otev\u00edr\u00e1 v \u010cesku dal\u0161\u00ed dealerstv\u00ed! U\u017e u n\u00e1s prod\u00e1v\u00e1 v\u00edc aut ne\u017e Audi nebo Seat - Mzone\" \/>\n<meta property=\"og:description\" content=\"Zna\u010dka automobil\u016f MG ji\u017e na \u010desk\u00e9m trhu p\u016fsob\u00ed dva roky a jej\u00ed popularita u \u0159idi\u010d\u016f roste. Na to reaguje spole\u010dnost Orbion Cars, kter\u00e1 8. dubna otev\u0159ela pobo\u010dku v Praze \u2013 Stod\u016flk\u00e1ch, a c\u00edl\u00ed na to st\u00e1t se nejv\u011bt\u0161\u00edm dealerem zna\u010dky v \u010cesku.\" \/>\n<meta property=\"og:url\" content=\"https:\/\/www.mzone.cz\/en\/mg-otevira-v-cesku-dalsi-dealerstvi-uz-u-nas-prodava-vic-aut-nez-audi-nebo-seat\/\" \/>\n<meta property=\"og:site_name\" content=\"Mzone\" \/>\n<meta property=\"article:publisher\" content=\"https:\/\/www.facebook.com\/MzoneCZ\/\" \/>\n<meta property=\"article:published_time\" content=\"2024-04-11T19:36:04+00:00\" \/>\n<meta property=\"article:modified_time\" content=\"2024-04-11T19:36:06+00:00\" \/>\n<meta property=\"og:image\" content=\"https:\/\/www.mzone.cz\/wp-content\/uploads\/2024\/04\/MG-Orbion-Cars-scaled.jpg\" \/>\n\t<meta property=\"og:image:width\" content=\"2560\" \/>\n\t<meta property=\"og:image:height\" content=\"1707\" \/>\n\t<meta property=\"og:image:type\" content=\"image\/jpeg\" \/>\n<meta name=\"author\" content=\"Mzone\" \/>\n<meta name=\"twitter:card\" content=\"summary_large_image\" \/>\n<meta name=\"twitter:label1\" content=\"Written by\" \/>\n\t<meta name=\"twitter:data1\" content=\"Mzone\" \/>\n\t<meta name=\"twitter:label2\" content=\"Est. reading time\" \/>\n\t<meta name=\"twitter:data2\" content=\"4 minutes\" \/>\n<script type=\"application\/ld+json\" class=\"yoast-schema-graph\">{\"@context\":\"https:\\\/\\\/schema.org\",\"@graph\":[{\"@type\":\"Article\",\"@id\":\"https:\\\/\\\/www.mzone.cz\\\/mg-otevira-v-cesku-dalsi-dealerstvi-uz-u-nas-prodava-vic-aut-nez-audi-nebo-seat\\\/#article\",\"isPartOf\":{\"@id\":\"https:\\\/\\\/www.mzone.cz\\\/mg-otevira-v-cesku-dalsi-dealerstvi-uz-u-nas-prodava-vic-aut-nez-audi-nebo-seat\\\/\"},\"author\":{\"name\":\"Mzone\",\"@id\":\"https:\\\/\\\/www.mzone.cz\\\/#\\\/schema\\\/person\\\/9bc20cc422a99cac4af6ff9297da32d4\"},\"headline\":\"MG otev\u00edr\u00e1 v \u010cesku dal\u0161\u00ed dealerstv\u00ed! U\u017e u n\u00e1s prod\u00e1v\u00e1 v\u00edc aut ne\u017e Audi nebo Seat\",\"datePublished\":\"2024-04-11T19:36:04+00:00\",\"dateModified\":\"2024-04-11T19:36:06+00:00\",\"mainEntityOfPage\":{\"@id\":\"https:\\\/\\\/www.mzone.cz\\\/mg-otevira-v-cesku-dalsi-dealerstvi-uz-u-nas-prodava-vic-aut-nez-audi-nebo-seat\\\/\"},\"wordCount\":880,\"commentCount\":0,\"image\":{\"@id\":\"https:\\\/\\\/www.mzone.cz\\\/mg-otevira-v-cesku-dalsi-dealerstvi-uz-u-nas-prodava-vic-aut-nez-audi-nebo-seat\\\/#primaryimage\"},\"thumbnailUrl\":\"https:\\\/\\\/www.mzone.cz\\\/wp-content\\\/uploads\\\/2024\\\/04\\\/MG-Orbion-Cars-scaled.jpg\",\"keywords\":[\"auta\",\"Auto\",\"auto-moto\",\"automobily\",\"\u010cesko\",\"dealer\",\"dealerstv\u00ed\",\"MG\",\"Orbion Cars\",\"pobo\u010dka\",\"Praha\",\"prodej\",\"prodej aut\",\"Stod\u016flky\",\"trendy\",\"trh\"],\"articleSection\":[\"Auto-moto\",\"Trendy\"],\"inLanguage\":\"en-US\",\"potentialAction\":[{\"@type\":\"CommentAction\",\"name\":\"Comment\",\"target\":[\"https:\\\/\\\/www.mzone.cz\\\/mg-otevira-v-cesku-dalsi-dealerstvi-uz-u-nas-prodava-vic-aut-nez-audi-nebo-seat\\\/#respond\"]}]},{\"@type\":\"WebPage\",\"@id\":\"https:\\\/\\\/www.mzone.cz\\\/mg-otevira-v-cesku-dalsi-dealerstvi-uz-u-nas-prodava-vic-aut-nez-audi-nebo-seat\\\/\",\"url\":\"https:\\\/\\\/www.mzone.cz\\\/mg-otevira-v-cesku-dalsi-dealerstvi-uz-u-nas-prodava-vic-aut-nez-audi-nebo-seat\\\/\",\"name\":\"MG otev\u00edr\u00e1 v \u010cesku dal\u0161\u00ed dealerstv\u00ed! U\u017e u n\u00e1s prod\u00e1v\u00e1 v\u00edc aut ne\u017e Audi nebo Seat - Mzone\",\"isPartOf\":{\"@id\":\"https:\\\/\\\/www.mzone.cz\\\/#website\"},\"primaryImageOfPage\":{\"@id\":\"https:\\\/\\\/www.mzone.cz\\\/mg-otevira-v-cesku-dalsi-dealerstvi-uz-u-nas-prodava-vic-aut-nez-audi-nebo-seat\\\/#primaryimage\"},\"image\":{\"@id\":\"https:\\\/\\\/www.mzone.cz\\\/mg-otevira-v-cesku-dalsi-dealerstvi-uz-u-nas-prodava-vic-aut-nez-audi-nebo-seat\\\/#primaryimage\"},\"thumbnailUrl\":\"https:\\\/\\\/www.mzone.cz\\\/wp-content\\\/uploads\\\/2024\\\/04\\\/MG-Orbion-Cars-scaled.jpg\",\"datePublished\":\"2024-04-11T19:36:04+00:00\",\"dateModified\":\"2024-04-11T19:36:06+00:00\",\"author\":{\"@id\":\"https:\\\/\\\/www.mzone.cz\\\/#\\\/schema\\\/person\\\/9bc20cc422a99cac4af6ff9297da32d4\"},\"description\":\"Zna\u010dka automobil\u016f MG ji\u017e na \u010desk\u00e9m trhu p\u016fsob\u00ed dva roky a jej\u00ed popularita u \u0159idi\u010d\u016f roste. Na to reaguje spole\u010dnost Orbion Cars, kter\u00e1 8. dubna otev\u0159ela pobo\u010dku v Praze \u2013 Stod\u016flk\u00e1ch, a c\u00edl\u00ed na to st\u00e1t se nejv\u011bt\u0161\u00edm dealerem zna\u010dky v \u010cesku.\",\"breadcrumb\":{\"@id\":\"https:\\\/\\\/www.mzone.cz\\\/mg-otevira-v-cesku-dalsi-dealerstvi-uz-u-nas-prodava-vic-aut-nez-audi-nebo-seat\\\/#breadcrumb\"},\"inLanguage\":\"en-US\",\"potentialAction\":[{\"@type\":\"ReadAction\",\"target\":[\"https:\\\/\\\/www.mzone.cz\\\/mg-otevira-v-cesku-dalsi-dealerstvi-uz-u-nas-prodava-vic-aut-nez-audi-nebo-seat\\\/\"]}]},{\"@type\":\"ImageObject\",\"inLanguage\":\"en-US\",\"@id\":\"https:\\\/\\\/www.mzone.cz\\\/mg-otevira-v-cesku-dalsi-dealerstvi-uz-u-nas-prodava-vic-aut-nez-audi-nebo-seat\\\/#primaryimage\",\"url\":\"https:\\\/\\\/www.mzone.cz\\\/wp-content\\\/uploads\\\/2024\\\/04\\\/MG-Orbion-Cars-scaled.jpg\",\"contentUrl\":\"https:\\\/\\\/www.mzone.cz\\\/wp-content\\\/uploads\\\/2024\\\/04\\\/MG-Orbion-Cars-scaled.jpg\",\"width\":2560,\"height\":1707,\"caption\":\"MG Orbion Cars\"},{\"@type\":\"BreadcrumbList\",\"@id\":\"https:\\\/\\\/www.mzone.cz\\\/mg-otevira-v-cesku-dalsi-dealerstvi-uz-u-nas-prodava-vic-aut-nez-audi-nebo-seat\\\/#breadcrumb\",\"itemListElement\":[{\"@type\":\"ListItem\",\"position\":1,\"name\":\"Dom\u016f\",\"item\":\"https:\\\/\\\/www.mzone.cz\\\/\"},{\"@type\":\"ListItem\",\"position\":2,\"name\":\"MG otev\u00edr\u00e1 v \u010cesku dal\u0161\u00ed dealerstv\u00ed! U\u017e u n\u00e1s prod\u00e1v\u00e1 v\u00edc aut ne\u017e Audi nebo Seat\"}]},{\"@type\":\"WebSite\",\"@id\":\"https:\\\/\\\/www.mzone.cz\\\/#website\",\"url\":\"https:\\\/\\\/www.mzone.cz\\\/\",\"name\":\"Mzone\",\"description\":\"Magaz\u00edn nejen pro mu\u017ee\",\"potentialAction\":[{\"@type\":\"SearchAction\",\"target\":{\"@type\":\"EntryPoint\",\"urlTemplate\":\"https:\\\/\\\/www.mzone.cz\\\/?s={search_term_string}\"},\"query-input\":{\"@type\":\"PropertyValueSpecification\",\"valueRequired\":true,\"valueName\":\"search_term_string\"}}],\"inLanguage\":\"en-US\"},{\"@type\":\"Person\",\"@id\":\"https:\\\/\\\/www.mzone.cz\\\/#\\\/schema\\\/person\\\/9bc20cc422a99cac4af6ff9297da32d4\",\"name\":\"Mzone\",\"image\":{\"@type\":\"ImageObject\",\"inLanguage\":\"en-US\",\"@id\":\"https:\\\/\\\/secure.gravatar.com\\\/avatar\\\/e780a8630f3182a3d06dd667ab6bea151a0d155b0951bc15fe22633acdac0676?s=96&d=mm&r=g\",\"url\":\"https:\\\/\\\/secure.gravatar.com\\\/avatar\\\/e780a8630f3182a3d06dd667ab6bea151a0d155b0951bc15fe22633acdac0676?s=96&d=mm&r=g\",\"contentUrl\":\"https:\\\/\\\/secure.gravatar.com\\\/avatar\\\/e780a8630f3182a3d06dd667ab6bea151a0d155b0951bc15fe22633acdac0676?s=96&d=mm&r=g\",\"caption\":\"Mzone\"},\"url\":\"https:\\\/\\\/www.mzone.cz\\\/en\\\/author\\\/jakub\\\/\"}]}<\/script>\n<!-- \/ Yoast SEO plugin. -->","yoast_head_json":{"title":"MG otev\u00edr\u00e1 v \u010cesku dal\u0161\u00ed dealerstv\u00ed! U\u017e u n\u00e1s prod\u00e1v\u00e1 v\u00edc aut ne\u017e Audi nebo Seat - Mzone","description":"Zna\u010dka automobil\u016f MG ji\u017e na \u010desk\u00e9m trhu p\u016fsob\u00ed dva roky a jej\u00ed popularita u \u0159idi\u010d\u016f roste. Na to reaguje spole\u010dnost Orbion Cars, kter\u00e1 8. dubna otev\u0159ela pobo\u010dku v Praze \u2013 Stod\u016flk\u00e1ch, a c\u00edl\u00ed na to st\u00e1t se nejv\u011bt\u0161\u00edm dealerem zna\u010dky v \u010cesku.","robots":{"index":"index","follow":"follow","max-snippet":"max-snippet:-1","max-image-preview":"max-image-preview:large","max-video-preview":"max-video-preview:-1"},"canonical":"https:\/\/www.mzone.cz\/en\/mg-otevira-v-cesku-dalsi-dealerstvi-uz-u-nas-prodava-vic-aut-nez-audi-nebo-seat\/","og_locale":"en_US","og_type":"article","og_title":"MG otev\u00edr\u00e1 v \u010cesku dal\u0161\u00ed dealerstv\u00ed! U\u017e u n\u00e1s prod\u00e1v\u00e1 v\u00edc aut ne\u017e Audi nebo Seat - Mzone","og_description":"Zna\u010dka automobil\u016f MG ji\u017e na \u010desk\u00e9m trhu p\u016fsob\u00ed dva roky a jej\u00ed popularita u \u0159idi\u010d\u016f roste. Na to reaguje spole\u010dnost Orbion Cars, kter\u00e1 8. dubna otev\u0159ela pobo\u010dku v Praze \u2013 Stod\u016flk\u00e1ch, a c\u00edl\u00ed na to st\u00e1t se nejv\u011bt\u0161\u00edm dealerem zna\u010dky v \u010cesku.","og_url":"https:\/\/www.mzone.cz\/en\/mg-otevira-v-cesku-dalsi-dealerstvi-uz-u-nas-prodava-vic-aut-nez-audi-nebo-seat\/","og_site_name":"Mzone","article_publisher":"https:\/\/www.facebook.com\/MzoneCZ\/","article_published_time":"2024-04-11T19:36:04+00:00","article_modified_time":"2024-04-11T19:36:06+00:00","og_image":[{"width":2560,"height":1707,"url":"https:\/\/www.mzone.cz\/wp-content\/uploads\/2024\/04\/MG-Orbion-Cars-scaled.jpg","type":"image\/jpeg"}],"author":"Mzone","twitter_card":"summary_large_image","twitter_misc":{"Written by":"Mzone","Est. reading time":"4 minutes"},"schema":{"@context":"https:\/\/schema.org","@graph":[{"@type":"Article","@id":"https:\/\/www.mzone.cz\/mg-otevira-v-cesku-dalsi-dealerstvi-uz-u-nas-prodava-vic-aut-nez-audi-nebo-seat\/#article","isPartOf":{"@id":"https:\/\/www.mzone.cz\/mg-otevira-v-cesku-dalsi-dealerstvi-uz-u-nas-prodava-vic-aut-nez-audi-nebo-seat\/"},"author":{"name":"Mzone","@id":"https:\/\/www.mzone.cz\/#\/schema\/person\/9bc20cc422a99cac4af6ff9297da32d4"},"headline":"MG otev\u00edr\u00e1 v \u010cesku dal\u0161\u00ed dealerstv\u00ed! U\u017e u n\u00e1s prod\u00e1v\u00e1 v\u00edc aut ne\u017e Audi nebo Seat","datePublished":"2024-04-11T19:36:04+00:00","dateModified":"2024-04-11T19:36:06+00:00","mainEntityOfPage":{"@id":"https:\/\/www.mzone.cz\/mg-otevira-v-cesku-dalsi-dealerstvi-uz-u-nas-prodava-vic-aut-nez-audi-nebo-seat\/"},"wordCount":880,"commentCount":0,"image":{"@id":"https:\/\/www.mzone.cz\/mg-otevira-v-cesku-dalsi-dealerstvi-uz-u-nas-prodava-vic-aut-nez-audi-nebo-seat\/#primaryimage"},"thumbnailUrl":"https:\/\/www.mzone.cz\/wp-content\/uploads\/2024\/04\/MG-Orbion-Cars-scaled.jpg","keywords":["auta","Auto","auto-moto","automobily","\u010cesko","dealer","dealerstv\u00ed","MG","Orbion Cars","pobo\u010dka","Praha","prodej","prodej aut","Stod\u016flky","trendy","trh"],"articleSection":["Auto-moto","Trendy"],"inLanguage":"en-US","potentialAction":[{"@type":"CommentAction","name":"Comment","target":["https:\/\/www.mzone.cz\/mg-otevira-v-cesku-dalsi-dealerstvi-uz-u-nas-prodava-vic-aut-nez-audi-nebo-seat\/#respond"]}]},{"@type":"WebPage","@id":"https:\/\/www.mzone.cz\/mg-otevira-v-cesku-dalsi-dealerstvi-uz-u-nas-prodava-vic-aut-nez-audi-nebo-seat\/","url":"https:\/\/www.mzone.cz\/mg-otevira-v-cesku-dalsi-dealerstvi-uz-u-nas-prodava-vic-aut-nez-audi-nebo-seat\/","name":"MG otev\u00edr\u00e1 v \u010cesku dal\u0161\u00ed dealerstv\u00ed! U\u017e u n\u00e1s prod\u00e1v\u00e1 v\u00edc aut ne\u017e Audi nebo Seat - Mzone","isPartOf":{"@id":"https:\/\/www.mzone.cz\/#website"},"primaryImageOfPage":{"@id":"https:\/\/www.mzone.cz\/mg-otevira-v-cesku-dalsi-dealerstvi-uz-u-nas-prodava-vic-aut-nez-audi-nebo-seat\/#primaryimage"},"image":{"@id":"https:\/\/www.mzone.cz\/mg-otevira-v-cesku-dalsi-dealerstvi-uz-u-nas-prodava-vic-aut-nez-audi-nebo-seat\/#primaryimage"},"thumbnailUrl":"https:\/\/www.mzone.cz\/wp-content\/uploads\/2024\/04\/MG-Orbion-Cars-scaled.jpg","datePublished":"2024-04-11T19:36:04+00:00","dateModified":"2024-04-11T19:36:06+00:00","author":{"@id":"https:\/\/www.mzone.cz\/#\/schema\/person\/9bc20cc422a99cac4af6ff9297da32d4"},"description":"Zna\u010dka automobil\u016f MG ji\u017e na \u010desk\u00e9m trhu p\u016fsob\u00ed dva roky a jej\u00ed popularita u \u0159idi\u010d\u016f roste. Na to reaguje spole\u010dnost Orbion Cars, kter\u00e1 8. dubna otev\u0159ela pobo\u010dku v Praze \u2013 Stod\u016flk\u00e1ch, a c\u00edl\u00ed na to st\u00e1t se nejv\u011bt\u0161\u00edm dealerem zna\u010dky v \u010cesku.","breadcrumb":{"@id":"https:\/\/www.mzone.cz\/mg-otevira-v-cesku-dalsi-dealerstvi-uz-u-nas-prodava-vic-aut-nez-audi-nebo-seat\/#breadcrumb"},"inLanguage":"en-US","potentialAction":[{"@type":"ReadAction","target":["https:\/\/www.mzone.cz\/mg-otevira-v-cesku-dalsi-dealerstvi-uz-u-nas-prodava-vic-aut-nez-audi-nebo-seat\/"]}]},{"@type":"ImageObject","inLanguage":"en-US","@id":"https:\/\/www.mzone.cz\/mg-otevira-v-cesku-dalsi-dealerstvi-uz-u-nas-prodava-vic-aut-nez-audi-nebo-seat\/#primaryimage","url":"https:\/\/www.mzone.cz\/wp-content\/uploads\/2024\/04\/MG-Orbion-Cars-scaled.jpg","contentUrl":"https:\/\/www.mzone.cz\/wp-content\/uploads\/2024\/04\/MG-Orbion-Cars-scaled.jpg","width":2560,"height":1707,"caption":"MG Orbion Cars"},{"@type":"BreadcrumbList","@id":"https:\/\/www.mzone.cz\/mg-otevira-v-cesku-dalsi-dealerstvi-uz-u-nas-prodava-vic-aut-nez-audi-nebo-seat\/#breadcrumb","itemListElement":[{"@type":"ListItem","position":1,"name":"Dom\u016f","item":"https:\/\/www.mzone.cz\/"},{"@type":"ListItem","position":2,"name":"MG otev\u00edr\u00e1 v \u010cesku dal\u0161\u00ed dealerstv\u00ed! U\u017e u n\u00e1s prod\u00e1v\u00e1 v\u00edc aut ne\u017e Audi nebo Seat"}]},{"@type":"WebSite","@id":"https:\/\/www.mzone.cz\/#website","url":"https:\/\/www.mzone.cz\/","name":"Mzone","description":"Magaz\u00edn nejen pro mu\u017ee","potentialAction":[{"@type":"SearchAction","target":{"@type":"EntryPoint","urlTemplate":"https:\/\/www.mzone.cz\/?s={search_term_string}"},"query-input":{"@type":"PropertyValueSpecification","valueRequired":true,"valueName":"search_term_string"}}],"inLanguage":"en-US"},{"@type":"Person","@id":"https:\/\/www.mzone.cz\/#\/schema\/person\/9bc20cc422a99cac4af6ff9297da32d4","name":"Mzone","image":{"@type":"ImageObject","inLanguage":"en-US","@id":"https:\/\/secure.gravatar.com\/avatar\/e780a8630f3182a3d06dd667ab6bea151a0d155b0951bc15fe22633acdac0676?s=96&d=mm&r=g","url":"https:\/\/secure.gravatar.com\/avatar\/e780a8630f3182a3d06dd667ab6bea151a0d155b0951bc15fe22633acdac0676?s=96&d=mm&r=g","contentUrl":"https:\/\/secure.gravatar.com\/avatar\/e780a8630f3182a3d06dd667ab6bea151a0d155b0951bc15fe22633acdac0676?s=96&d=mm&r=g","caption":"Mzone"},"url":"https:\/\/www.mzone.cz\/en\/author\/jakub\/"}]}},"_links":{"self":[{"href":"https:\/\/www.mzone.cz\/en\/wp-json\/wp\/v2\/posts\/43346","targetHints":{"allow":["GET"]}}],"collection":[{"href":"https:\/\/www.mzone.cz\/en\/wp-json\/wp\/v2\/posts"}],"about":[{"href":"https:\/\/www.mzone.cz\/en\/wp-json\/wp\/v2\/types\/post"}],"author":[{"embeddable":true,"href":"https:\/\/www.mzone.cz\/en\/wp-json\/wp\/v2\/users\/4"}],"replies":[{"embeddable":true,"href":"https:\/\/www.mzone.cz\/en\/wp-json\/wp\/v2\/comments?post=43346"}],"version-history":[{"count":11,"href":"https:\/\/www.mzone.cz\/en\/wp-json\/wp\/v2\/posts\/43346\/revisions"}],"predecessor-version":[{"id":43365,"href":"https:\/\/www.mzone.cz\/en\/wp-json\/wp\/v2\/posts\/43346\/revisions\/43365"}],"wp:featuredmedia":[{"embeddable":true,"href":"https:\/\/www.mzone.cz\/en\/wp-json\/wp\/v2\/media\/43347"}],"wp:attachment":[{"href":"https:\/\/www.mzone.cz\/en\/wp-json\/wp\/v2\/media?parent=43346"}],"wp:term":[{"taxonomy":"category","embeddable":true,"href":"https:\/\/www.mzone.cz\/en\/wp-json\/wp\/v2\/categories?post=43346"},{"taxonomy":"post_tag","embeddable":true,"href":"https:\/\/www.mzone.cz\/en\/wp-json\/wp\/v2\/tags?post=43346"}],"curies":[{"name":"wp","href":"https:\/\/api.w.org\/{rel}","templated":true}]}}