{"id":43460,"date":"2024-05-17T11:32:29","date_gmt":"2024-05-17T09:32:29","guid":{"rendered":"https:\/\/www.mzone.cz\/?p=43460"},"modified":"2024-05-17T11:32:30","modified_gmt":"2024-05-17T09:32:30","slug":"cardion-cars-sit-dealerstvi-volvo-v-praze-a-brne-meni-jmeno","status":"publish","type":"post","link":"https:\/\/www.mzone.cz\/en\/cardion-cars-sit-dealerstvi-volvo-v-praze-a-brne-meni-jmeno\/","title":{"rendered":"S\u00ed\u0165 dealerstv\u00ed Volvo v Praze a Brn\u011b m\u011bn\u00ed jm\u00e9no. \u201eNov\u011b jsme Cardion Cars,\u201c \u0159\u00edkaj\u00ed jej\u00ed zakladatel\u00e9"},"content":{"rendered":"<p><strong>Za patn\u00e1ct let se Karlu Stolejdovi s Martinem Vesel\u00fdm poda\u0159ilo vybudovat \u010dty\u0159i \u00fasp\u011b\u0161n\u00e1 dealerstv\u00ed zna\u010dky Volvo v Praze a Brn\u011b. Symbolicky, k p\u016flkulat\u00e9mu v\u00fdro\u010d\u00ed p\u016fsoben\u00ed na \u010desk\u00e9m trhu, se nyn\u00ed s\u00ed\u0165 pobo\u010dek Auto Pr\u016fhonice, Auto Dejvice, Auto Stod\u016flky a Auto Cardion slu\u010duje pod jednotn\u00fd brand s\u00a0n\u00e1zvem Cardion Cars.<\/strong><\/p><br>\n\n\n\n<p>\u201eJsme to po\u0159\u00e1d my, jen modern\u011bj\u0161\u00ed. Rebranding je logick\u00fd, progresivn\u00ed krok vypl\u00fdvaj\u00edc\u00ed ze strategick\u00e9ho rozhodnut\u00ed, za n\u00edm\u017e stoj\u00ed hlubok\u00e1 \u00favaha. Tohle je sm\u011br, kter\u00fdm chceme j\u00edt,\u201c\u00a0uv\u00e1d\u00ed k\u00a0odv\u00e1\u017en\u00e9mu kroku Karel Stolejda a Martin Vesel\u00fd.<\/p>\n\n\n\n<blockquote class=\"wp-block-quote is-layout-flow wp-block-quote-is-layout-flow\">\n<p>Skupina dealerstv\u00ed krom\u011b zna\u010dky Volvo, j\u00ed\u017e jsou nejv\u011bt\u0161\u00edm dealerem na \u010desk\u00e9m trhu, m\u00e1 ve sv\u00e9m portfoliu i zna\u010dky Jaguar a Land Rover (Albion Cars) a nov\u011b tak\u00e9 MG (Orbion Cars). Aktu\u00e1ln\u011b spole\u010dnost zam\u011bstn\u00e1v\u00e1 370 lid\u00ed, prod\u00e1 v\u00edce ne\u017e 3\u00a0500 voz\u016f a jej\u00ed ro\u010dn\u00ed obrat p\u0159edstavuje 3 miliardy korun. Rebranding podle zakladatel\u016f pom\u016f\u017ee z\u00e1kazn\u00edk\u016fm zorientovat se v tom, \u017ee v\u0161echny \u010dty\u0159i pobo\u010dky spadaj\u00ed pod jednu firmu a mohou zde o\u010dek\u00e1vat stejnou kvalitu nadstandardn\u00edch slu\u017eeb.<\/p>\n<\/blockquote>\n\n\n\n<p>\u201eDlouhodob\u011b se soust\u0159ed\u00edme na to, aby slu\u017eby na na\u0161ich pobo\u010dk\u00e1ch byly maxim\u00e1ln\u011b osobn\u00ed. To je na\u0161e kr\u00e9do. Po letech jsme si uv\u011bdomili, \u017ee jsme zalo\u017eili \u010dty\u0159i \u00fasp\u011b\u0161n\u00e1 dealerstv\u00ed, kter\u00e1 ale nemaj\u00ed spole\u010dnou identitu, a z\u00e1kazn\u00edci se v tom trochu ztr\u00e1c\u00ed. Je pro n\u00e1s d\u016fle\u017eit\u00e9, aby klient v\u011bd\u011bl, \u017ee v\u0161echna dealerstv\u00ed pat\u0159\u00ed do jedn\u00e9 skupiny s jednou filosofi\u00ed, d\u00edky \u010demu\u017e to, co za\u017e\u00edvaj\u00ed v jednom autosalonu, za\u017eij\u00ed i ve zb\u00fdvaj\u00edc\u00edch,\u201c\u00a0vysv\u011btluje Stolejda.\u00a0\u201ePo patn\u00e1cti letech jsme se rozhodli, \u017ee je na \u010dase d\u00e1t v\u0161emu jednu st\u0159echu a otev\u0159en\u011b a hrd\u011b na prvn\u00ed dobrou \u0159\u00edkat, \u017ee v\u0161echny ty autosalony pat\u0159\u00ed k sob\u011b se stejn\u00fdmi slu\u017ebami, chov\u00e1n\u00edm a v\u0161\u00edm, co je toho sou\u010d\u00e1st\u00ed,\u201c\u00a0dopl\u0148uje Vesel\u00fd.<\/p><br>\n\n\n\n<figure class=\"wp-block-image size-large\"><img loading=\"lazy\" decoding=\"async\" width=\"1024\" height=\"415\" src=\"https:\/\/www.mzone.cz\/wp-content\/uploads\/2024\/05\/IMG_2960-1024x415.jpg\" alt=\"Cardion Cars\" class=\"wp-image-43465\" srcset=\"https:\/\/www.mzone.cz\/wp-content\/uploads\/2024\/05\/IMG_2960-1024x415.jpg 1024w, https:\/\/www.mzone.cz\/wp-content\/uploads\/2024\/05\/IMG_2960-300x122.jpg 300w, https:\/\/www.mzone.cz\/wp-content\/uploads\/2024\/05\/IMG_2960-768x312.jpg 768w, https:\/\/www.mzone.cz\/wp-content\/uploads\/2024\/05\/IMG_2960-18x7.jpg 18w, https:\/\/www.mzone.cz\/wp-content\/uploads\/2024\/05\/IMG_2960-590x239.jpg 590w, https:\/\/www.mzone.cz\/wp-content\/uploads\/2024\/05\/IMG_2960.jpg 1070w\" sizes=\"auto, (max-width: 1024px) 100vw, 1024px\" \/><\/figure><br>\n\n\n\n<p>Spoluzakladatel\u00e9 Cardion Cars, mezi n\u011b\u017e pat\u0159\u00ed tak\u00e9 investo\u0159i Ivo a V\u00edt Nekudovi, se shoduj\u00ed na tom, \u017ee sjednocen\u00ed jmen pobo\u010dek je sou\u010d\u00e1st\u00ed profesionalizace p\u0159\u00edstupu k veden\u00ed dealerstv\u00ed s ohledem na nejvy\u0161\u0161\u00ed standardy dne\u0161n\u00ed doby.<\/p>\n\n\n\n<blockquote class=\"wp-block-quote is-layout-flow wp-block-quote-is-layout-flow\">\n<p>\u201eCht\u011bli jsme ud\u011blat dal\u0161\u00ed krok k vysp\u011blosti firmy. Ostatn\u011b i samotn\u00e9 Volvo ned\u00e1vno zmodernizovalo sv\u00e9 logo, tak jsme si \u0159ekli, \u017ee je \u0159ada i na n\u00e1s,\u201c\u00a0\u0159\u00edk\u00e1 Martin Vesel\u00fd s t\u00edm, \u017ee touha po nejlep\u0161\u00ed mo\u017en\u00e9 nov\u00e9 brandov\u00e9 identit\u011b vyvrcholila spoluprac\u00ed se studiem Ale\u0161e Najbrta.<\/p>\n<\/blockquote>\n\n\n\n<p>\u201eVytvo\u0159il pro n\u00e1s modern\u00ed logo, respektive loga, kter\u00e1 se prol\u00ednaj\u00ed nap\u0159\u00ed\u010d dealerstv\u00edmi Volva, Jaguaru s Land Roverem a MG. Oblouk na za\u010d\u00e1tku tvo\u0159\u00ed bu\u010f p\u00edsmeno C jako Cardion, A jako Albion, nebo p\u0159i jejich spojen\u00ed O jako Orbion. Kdy\u017e se dva oblouky prolnou, vytvo\u0159\u00ed srdce, co\u017e odr\u00e1\u017e\u00ed to, \u017ee je to na\u0161e srde\u010dn\u00ed z\u00e1le\u017eitost. T\u00edm je ostatn\u011b i n\u00e1zev Cardion. Jsme srdca\u0159i \u2013 jak my, tak i na\u0161i z\u00e1kazn\u00edci,\u201c\u00a0dopl\u0148uje Stolejda.<\/p><br>\n\n\n\n<p>Sou\u010d\u00e1st\u00ed slu\u017eeb, kter\u00e9 bude spole\u010dnost Cardion Cars sv\u00fdm klient\u016fm i nad\u00e1le nab\u00edzet, z\u016fst\u00e1v\u00e1 tak\u00e9 <a href=\"https:\/\/www.volvista.cz\/\" target=\"_blank\" rel=\"noopener\">port\u00e1l a aplikace Volvista<\/a>, kter\u00fd se v\u00a0pr\u016fb\u011bhu \u010dasu stal sv\u00e9bytnou platformou pro fanou\u0161ky a z\u00e1kazn\u00edky zna\u010dky Volvo.\u00a0\u201eJde o n\u00e1\u0161 server a inzertn\u00ed port\u00e1l zam\u011b\u0159en\u00fd na ojet\u00e9 vozy a aplikaci, kter\u00e9 si kolem sebe vybudovaly po\u010detnou komunitu. Tak jako doposud Volvista ve fin\u00e1le dovedl lidi na na\u0161e jednotliv\u00e9 pobo\u010dky, tak i odte\u010f budou ve\u0161ker\u00e9 slu\u017eby Volvisty dostupn\u00e9 na v\u0161ech pobo\u010dk\u00e1ch Cardion Cars. V\u011b\u0159\u00edme, \u017ee to tak\u00e9 povede ke zp\u0159ehledn\u011bn\u00ed,\u201c\u00a0uzav\u00edr\u00e1 Stolejda.<\/p><br>\n\n\n\n<div class=\"wp-block-media-text is-stacked-on-mobile is-vertically-aligned-top\" style=\"grid-template-columns:29% auto\"><figure class=\"wp-block-media-text__media\"><a href=\"https:\/\/www.mzone.cz\/mg-otevira-v-cesku-dalsi-dealerstvi-uz-u-nas-prodava-vic-aut-nez-audi-nebo-seat\/\"><img loading=\"lazy\" decoding=\"async\" width=\"1024\" height=\"683\" src=\"https:\/\/www.mzone.cz\/wp-content\/uploads\/2024\/04\/MG-Orbion-Cars-1024x683.jpg\" alt=\"MG Orbion Cars\" class=\"wp-image-43347 size-full\" srcset=\"https:\/\/www.mzone.cz\/wp-content\/uploads\/2024\/04\/MG-Orbion-Cars-1024x683.jpg 1024w, https:\/\/www.mzone.cz\/wp-content\/uploads\/2024\/04\/MG-Orbion-Cars-300x200.jpg 300w, https:\/\/www.mzone.cz\/wp-content\/uploads\/2024\/04\/MG-Orbion-Cars-768x512.jpg 768w, https:\/\/www.mzone.cz\/wp-content\/uploads\/2024\/04\/MG-Orbion-Cars-1536x1024.jpg 1536w, https:\/\/www.mzone.cz\/wp-content\/uploads\/2024\/04\/MG-Orbion-Cars-2048x1366.jpg 2048w, https:\/\/www.mzone.cz\/wp-content\/uploads\/2024\/04\/MG-Orbion-Cars-18x12.jpg 18w, https:\/\/www.mzone.cz\/wp-content\/uploads\/2024\/04\/MG-Orbion-Cars-800x533.jpg 800w, https:\/\/www.mzone.cz\/wp-content\/uploads\/2024\/04\/MG-Orbion-Cars-400x267.jpg 400w, https:\/\/www.mzone.cz\/wp-content\/uploads\/2024\/04\/MG-Orbion-Cars-500x333.jpg 500w, https:\/\/www.mzone.cz\/wp-content\/uploads\/2024\/04\/MG-Orbion-Cars-1170x780.jpg 1170w, https:\/\/www.mzone.cz\/wp-content\/uploads\/2024\/04\/MG-Orbion-Cars-590x393.jpg 590w\" sizes=\"auto, (max-width: 1024px) 100vw, 1024px\" \/><\/a><\/figure><div class=\"wp-block-media-text__content\">\n<h4 class=\"wp-block-heading\"><a href=\"https:\/\/www.mzone.cz\/mg-otevira-v-cesku-dalsi-dealerstvi-uz-u-nas-prodava-vic-aut-nez-audi-nebo-seat\/\">MG otev\u00edr\u00e1 v \u010cesku dal\u0161\u00ed dealerstv\u00ed! U\u017e u n\u00e1s prod\u00e1v\u00e1 v\u00edc aut ne\u017e Audi nebo Seat<\/a><\/h4><br>\n<\/div><\/div>\n\n\n\n<p><\/p>","protected":false},"excerpt":{"rendered":"<p>Za patn\u00e1ct let se Karlu Stolejdovi s Martinem Vesel\u00fdm poda\u0159ilo vybudovat \u010dty\u0159i \u00fasp\u011b\u0161n\u00e1 dealerstv\u00ed zna\u010dky Volvo v Praze a Brn\u011b. Symbolicky, k p\u016flkulat\u00e9mu v\u00fdro\u010d\u00ed p\u016fsoben\u00ed na \u010desk\u00e9m trhu, se nyn\u00ed s\u00ed\u0165 pobo\u010dek Auto Pr\u016fhonice, Auto Dejvice, Auto Stod\u016flky a Auto Cardion slu\u010duje pod jednotn\u00fd brand s\u00a0n\u00e1zvem Cardion Cars. \u201eJsme to po\u0159\u00e1d my, jen modern\u011bj\u0161\u00ed. Rebranding [&hellip;]<\/p>\n","protected":false},"author":4,"featured_media":43461,"comment_status":"open","ping_status":"closed","sticky":false,"template":"","format":"standard","meta":{"kk_blocks_editor_width":"","_kiokenblocks_attr":"","_kiokenblocks_dimensions":"","footnotes":""},"categories":[69],"tags":[585,82,5718,462,552,6163,5714,5716,6162,6164,5717,2091],"class_list":["post-43460","post","type-post","status-publish","format-standard","has-post-thumbnail","hentry","category-auto-moto","tag-auta","tag-auto","tag-auto-pruhonice","tag-auto-moto","tag-automobily","tag-cardion-cars","tag-dealer","tag-dealerstvi","tag-prodej-automobilu","tag-rebranding","tag-volvo","tag-zmena"],"yoast_head":"<!-- This site is optimized with the Yoast SEO plugin v27.5 - https:\/\/yoast.com\/product\/yoast-seo-wordpress\/ -->\n<title>S\u00ed\u0165 dealerstv\u00ed Volvo v Praze a Brn\u011b m\u011bn\u00ed jm\u00e9no. \u201eNov\u011b jsme Cardion Cars,\u201c \u0159\u00edkaj\u00ed jej\u00ed zakladatel\u00e9 - Mzone<\/title>\n<meta name=\"description\" content=\"Za patn\u00e1ct let se Karlu Stolejdovi s Martinem Vesel\u00fdm poda\u0159ilo vybudovat \u010dty\u0159i \u00fasp\u011b\u0161n\u00e1 dealerstv\u00ed zna\u010dky Volvo v Praze a Brn\u011b. Symbolicky, k p\u016flkulat\u00e9mu v\u00fdro\u010d\u00ed p\u016fsoben\u00ed na \u010desk\u00e9m trhu, se nyn\u00ed s\u00ed\u0165 pobo\u010dek Auto Pr\u016fhonice, Auto Dejvice, Auto Stod\u016flky a Auto Cardion slu\u010duje pod jednotn\u00fd brand s n\u00e1zvem Cardion Cars.\" \/>\n<meta name=\"robots\" content=\"index, follow, max-snippet:-1, max-image-preview:large, max-video-preview:-1\" \/>\n<link rel=\"canonical\" href=\"https:\/\/www.mzone.cz\/en\/cardion-cars-sit-dealerstvi-volvo-v-praze-a-brne-meni-jmeno\/\" \/>\n<meta property=\"og:locale\" content=\"en_US\" \/>\n<meta property=\"og:type\" content=\"article\" \/>\n<meta property=\"og:title\" content=\"S\u00ed\u0165 dealerstv\u00ed Volvo v Praze a Brn\u011b m\u011bn\u00ed jm\u00e9no. \u201eNov\u011b jsme Cardion Cars,\u201c \u0159\u00edkaj\u00ed jej\u00ed zakladatel\u00e9 - Mzone\" \/>\n<meta property=\"og:description\" content=\"Za patn\u00e1ct let se Karlu Stolejdovi s Martinem Vesel\u00fdm poda\u0159ilo vybudovat \u010dty\u0159i \u00fasp\u011b\u0161n\u00e1 dealerstv\u00ed zna\u010dky Volvo v Praze a Brn\u011b. Symbolicky, k p\u016flkulat\u00e9mu v\u00fdro\u010d\u00ed p\u016fsoben\u00ed na \u010desk\u00e9m trhu, se nyn\u00ed s\u00ed\u0165 pobo\u010dek Auto Pr\u016fhonice, Auto Dejvice, Auto Stod\u016flky a Auto Cardion slu\u010duje pod jednotn\u00fd brand s n\u00e1zvem Cardion Cars.\" \/>\n<meta property=\"og:url\" content=\"https:\/\/www.mzone.cz\/en\/cardion-cars-sit-dealerstvi-volvo-v-praze-a-brne-meni-jmeno\/\" \/>\n<meta property=\"og:site_name\" content=\"Mzone\" \/>\n<meta property=\"article:publisher\" content=\"https:\/\/www.facebook.com\/MzoneCZ\/\" \/>\n<meta property=\"article:published_time\" content=\"2024-05-17T09:32:29+00:00\" \/>\n<meta property=\"article:modified_time\" content=\"2024-05-17T09:32:30+00:00\" \/>\n<meta property=\"og:image\" content=\"https:\/\/www.mzone.cz\/wp-content\/uploads\/2024\/05\/DSC_3689a-scaled.jpg\" \/>\n\t<meta property=\"og:image:width\" content=\"2560\" \/>\n\t<meta property=\"og:image:height\" content=\"1707\" \/>\n\t<meta property=\"og:image:type\" content=\"image\/jpeg\" \/>\n<meta name=\"author\" content=\"Mzone\" \/>\n<meta name=\"twitter:card\" content=\"summary_large_image\" \/>\n<meta name=\"twitter:label1\" content=\"Written by\" \/>\n\t<meta name=\"twitter:data1\" content=\"Mzone\" \/>\n\t<meta name=\"twitter:label2\" content=\"Est. reading time\" \/>\n\t<meta name=\"twitter:data2\" content=\"3 minutes\" \/>\n<script type=\"application\/ld+json\" class=\"yoast-schema-graph\">{\"@context\":\"https:\\\/\\\/schema.org\",\"@graph\":[{\"@type\":\"Article\",\"@id\":\"https:\\\/\\\/www.mzone.cz\\\/cardion-cars-sit-dealerstvi-volvo-v-praze-a-brne-meni-jmeno\\\/#article\",\"isPartOf\":{\"@id\":\"https:\\\/\\\/www.mzone.cz\\\/cardion-cars-sit-dealerstvi-volvo-v-praze-a-brne-meni-jmeno\\\/\"},\"author\":{\"name\":\"Mzone\",\"@id\":\"https:\\\/\\\/www.mzone.cz\\\/#\\\/schema\\\/person\\\/9bc20cc422a99cac4af6ff9297da32d4\"},\"headline\":\"S\u00ed\u0165 dealerstv\u00ed Volvo v Praze a Brn\u011b m\u011bn\u00ed jm\u00e9no. \u201eNov\u011b jsme Cardion Cars,\u201c \u0159\u00edkaj\u00ed jej\u00ed zakladatel\u00e9\",\"datePublished\":\"2024-05-17T09:32:29+00:00\",\"dateModified\":\"2024-05-17T09:32:30+00:00\",\"mainEntityOfPage\":{\"@id\":\"https:\\\/\\\/www.mzone.cz\\\/cardion-cars-sit-dealerstvi-volvo-v-praze-a-brne-meni-jmeno\\\/\"},\"wordCount\":698,\"commentCount\":0,\"image\":{\"@id\":\"https:\\\/\\\/www.mzone.cz\\\/cardion-cars-sit-dealerstvi-volvo-v-praze-a-brne-meni-jmeno\\\/#primaryimage\"},\"thumbnailUrl\":\"https:\\\/\\\/www.mzone.cz\\\/wp-content\\\/uploads\\\/2024\\\/05\\\/DSC_3689a-scaled.jpg\",\"keywords\":[\"auta\",\"Auto\",\"Auto Pr\u016fhonice\",\"auto-moto\",\"automobily\",\"Cardion Cars\",\"dealer\",\"dealerstv\u00ed\",\"prodej automobil\u016f\",\"rebranding\",\"Volvo\",\"zm\u011bna\"],\"articleSection\":[\"Auto-moto\"],\"inLanguage\":\"en-US\",\"potentialAction\":[{\"@type\":\"CommentAction\",\"name\":\"Comment\",\"target\":[\"https:\\\/\\\/www.mzone.cz\\\/cardion-cars-sit-dealerstvi-volvo-v-praze-a-brne-meni-jmeno\\\/#respond\"]}]},{\"@type\":\"WebPage\",\"@id\":\"https:\\\/\\\/www.mzone.cz\\\/cardion-cars-sit-dealerstvi-volvo-v-praze-a-brne-meni-jmeno\\\/\",\"url\":\"https:\\\/\\\/www.mzone.cz\\\/cardion-cars-sit-dealerstvi-volvo-v-praze-a-brne-meni-jmeno\\\/\",\"name\":\"S\u00ed\u0165 dealerstv\u00ed Volvo v Praze a Brn\u011b m\u011bn\u00ed jm\u00e9no. \u201eNov\u011b jsme Cardion Cars,\u201c \u0159\u00edkaj\u00ed jej\u00ed zakladatel\u00e9 - Mzone\",\"isPartOf\":{\"@id\":\"https:\\\/\\\/www.mzone.cz\\\/#website\"},\"primaryImageOfPage\":{\"@id\":\"https:\\\/\\\/www.mzone.cz\\\/cardion-cars-sit-dealerstvi-volvo-v-praze-a-brne-meni-jmeno\\\/#primaryimage\"},\"image\":{\"@id\":\"https:\\\/\\\/www.mzone.cz\\\/cardion-cars-sit-dealerstvi-volvo-v-praze-a-brne-meni-jmeno\\\/#primaryimage\"},\"thumbnailUrl\":\"https:\\\/\\\/www.mzone.cz\\\/wp-content\\\/uploads\\\/2024\\\/05\\\/DSC_3689a-scaled.jpg\",\"datePublished\":\"2024-05-17T09:32:29+00:00\",\"dateModified\":\"2024-05-17T09:32:30+00:00\",\"author\":{\"@id\":\"https:\\\/\\\/www.mzone.cz\\\/#\\\/schema\\\/person\\\/9bc20cc422a99cac4af6ff9297da32d4\"},\"description\":\"Za patn\u00e1ct let se Karlu Stolejdovi s Martinem Vesel\u00fdm poda\u0159ilo vybudovat \u010dty\u0159i \u00fasp\u011b\u0161n\u00e1 dealerstv\u00ed zna\u010dky Volvo v Praze a Brn\u011b. Symbolicky, k p\u016flkulat\u00e9mu v\u00fdro\u010d\u00ed p\u016fsoben\u00ed na \u010desk\u00e9m trhu, se nyn\u00ed s\u00ed\u0165 pobo\u010dek Auto Pr\u016fhonice, Auto Dejvice, Auto Stod\u016flky a Auto Cardion slu\u010duje pod jednotn\u00fd brand s n\u00e1zvem Cardion Cars.\",\"breadcrumb\":{\"@id\":\"https:\\\/\\\/www.mzone.cz\\\/cardion-cars-sit-dealerstvi-volvo-v-praze-a-brne-meni-jmeno\\\/#breadcrumb\"},\"inLanguage\":\"en-US\",\"potentialAction\":[{\"@type\":\"ReadAction\",\"target\":[\"https:\\\/\\\/www.mzone.cz\\\/cardion-cars-sit-dealerstvi-volvo-v-praze-a-brne-meni-jmeno\\\/\"]}]},{\"@type\":\"ImageObject\",\"inLanguage\":\"en-US\",\"@id\":\"https:\\\/\\\/www.mzone.cz\\\/cardion-cars-sit-dealerstvi-volvo-v-praze-a-brne-meni-jmeno\\\/#primaryimage\",\"url\":\"https:\\\/\\\/www.mzone.cz\\\/wp-content\\\/uploads\\\/2024\\\/05\\\/DSC_3689a-scaled.jpg\",\"contentUrl\":\"https:\\\/\\\/www.mzone.cz\\\/wp-content\\\/uploads\\\/2024\\\/05\\\/DSC_3689a-scaled.jpg\",\"width\":2560,\"height\":1707,\"caption\":\"Cardion Cars \u2013 Martin Vesel\u00fd a Karel Stolejda\"},{\"@type\":\"BreadcrumbList\",\"@id\":\"https:\\\/\\\/www.mzone.cz\\\/cardion-cars-sit-dealerstvi-volvo-v-praze-a-brne-meni-jmeno\\\/#breadcrumb\",\"itemListElement\":[{\"@type\":\"ListItem\",\"position\":1,\"name\":\"Dom\u016f\",\"item\":\"https:\\\/\\\/www.mzone.cz\\\/\"},{\"@type\":\"ListItem\",\"position\":2,\"name\":\"S\u00ed\u0165 dealerstv\u00ed Volvo v Praze a Brn\u011b m\u011bn\u00ed jm\u00e9no. \u201eNov\u011b jsme Cardion Cars,\u201c \u0159\u00edkaj\u00ed jej\u00ed zakladatel\u00e9\"}]},{\"@type\":\"WebSite\",\"@id\":\"https:\\\/\\\/www.mzone.cz\\\/#website\",\"url\":\"https:\\\/\\\/www.mzone.cz\\\/\",\"name\":\"Mzone\",\"description\":\"Magaz\u00edn nejen pro mu\u017ee\",\"potentialAction\":[{\"@type\":\"SearchAction\",\"target\":{\"@type\":\"EntryPoint\",\"urlTemplate\":\"https:\\\/\\\/www.mzone.cz\\\/?s={search_term_string}\"},\"query-input\":{\"@type\":\"PropertyValueSpecification\",\"valueRequired\":true,\"valueName\":\"search_term_string\"}}],\"inLanguage\":\"en-US\"},{\"@type\":\"Person\",\"@id\":\"https:\\\/\\\/www.mzone.cz\\\/#\\\/schema\\\/person\\\/9bc20cc422a99cac4af6ff9297da32d4\",\"name\":\"Mzone\",\"image\":{\"@type\":\"ImageObject\",\"inLanguage\":\"en-US\",\"@id\":\"https:\\\/\\\/secure.gravatar.com\\\/avatar\\\/e780a8630f3182a3d06dd667ab6bea151a0d155b0951bc15fe22633acdac0676?s=96&d=mm&r=g\",\"url\":\"https:\\\/\\\/secure.gravatar.com\\\/avatar\\\/e780a8630f3182a3d06dd667ab6bea151a0d155b0951bc15fe22633acdac0676?s=96&d=mm&r=g\",\"contentUrl\":\"https:\\\/\\\/secure.gravatar.com\\\/avatar\\\/e780a8630f3182a3d06dd667ab6bea151a0d155b0951bc15fe22633acdac0676?s=96&d=mm&r=g\",\"caption\":\"Mzone\"},\"url\":\"https:\\\/\\\/www.mzone.cz\\\/en\\\/author\\\/jakub\\\/\"}]}<\/script>\n<!-- \/ Yoast SEO plugin. -->","yoast_head_json":{"title":"S\u00ed\u0165 dealerstv\u00ed Volvo v Praze a Brn\u011b m\u011bn\u00ed jm\u00e9no. \u201eNov\u011b jsme Cardion Cars,\u201c \u0159\u00edkaj\u00ed jej\u00ed zakladatel\u00e9 - Mzone","description":"Za patn\u00e1ct let se Karlu Stolejdovi s Martinem Vesel\u00fdm poda\u0159ilo vybudovat \u010dty\u0159i \u00fasp\u011b\u0161n\u00e1 dealerstv\u00ed zna\u010dky Volvo v Praze a Brn\u011b. Symbolicky, k p\u016flkulat\u00e9mu v\u00fdro\u010d\u00ed p\u016fsoben\u00ed na \u010desk\u00e9m trhu, se nyn\u00ed s\u00ed\u0165 pobo\u010dek Auto Pr\u016fhonice, Auto Dejvice, Auto Stod\u016flky a Auto Cardion slu\u010duje pod jednotn\u00fd brand s n\u00e1zvem Cardion Cars.","robots":{"index":"index","follow":"follow","max-snippet":"max-snippet:-1","max-image-preview":"max-image-preview:large","max-video-preview":"max-video-preview:-1"},"canonical":"https:\/\/www.mzone.cz\/en\/cardion-cars-sit-dealerstvi-volvo-v-praze-a-brne-meni-jmeno\/","og_locale":"en_US","og_type":"article","og_title":"S\u00ed\u0165 dealerstv\u00ed Volvo v Praze a Brn\u011b m\u011bn\u00ed jm\u00e9no. \u201eNov\u011b jsme Cardion Cars,\u201c \u0159\u00edkaj\u00ed jej\u00ed zakladatel\u00e9 - Mzone","og_description":"Za patn\u00e1ct let se Karlu Stolejdovi s Martinem Vesel\u00fdm poda\u0159ilo vybudovat \u010dty\u0159i \u00fasp\u011b\u0161n\u00e1 dealerstv\u00ed zna\u010dky Volvo v Praze a Brn\u011b. Symbolicky, k p\u016flkulat\u00e9mu v\u00fdro\u010d\u00ed p\u016fsoben\u00ed na \u010desk\u00e9m trhu, se nyn\u00ed s\u00ed\u0165 pobo\u010dek Auto Pr\u016fhonice, Auto Dejvice, Auto Stod\u016flky a Auto Cardion slu\u010duje pod jednotn\u00fd brand s n\u00e1zvem Cardion Cars.","og_url":"https:\/\/www.mzone.cz\/en\/cardion-cars-sit-dealerstvi-volvo-v-praze-a-brne-meni-jmeno\/","og_site_name":"Mzone","article_publisher":"https:\/\/www.facebook.com\/MzoneCZ\/","article_published_time":"2024-05-17T09:32:29+00:00","article_modified_time":"2024-05-17T09:32:30+00:00","og_image":[{"width":2560,"height":1707,"url":"https:\/\/www.mzone.cz\/wp-content\/uploads\/2024\/05\/DSC_3689a-scaled.jpg","type":"image\/jpeg"}],"author":"Mzone","twitter_card":"summary_large_image","twitter_misc":{"Written by":"Mzone","Est. reading time":"3 minutes"},"schema":{"@context":"https:\/\/schema.org","@graph":[{"@type":"Article","@id":"https:\/\/www.mzone.cz\/cardion-cars-sit-dealerstvi-volvo-v-praze-a-brne-meni-jmeno\/#article","isPartOf":{"@id":"https:\/\/www.mzone.cz\/cardion-cars-sit-dealerstvi-volvo-v-praze-a-brne-meni-jmeno\/"},"author":{"name":"Mzone","@id":"https:\/\/www.mzone.cz\/#\/schema\/person\/9bc20cc422a99cac4af6ff9297da32d4"},"headline":"S\u00ed\u0165 dealerstv\u00ed Volvo v Praze a Brn\u011b m\u011bn\u00ed jm\u00e9no. \u201eNov\u011b jsme Cardion Cars,\u201c \u0159\u00edkaj\u00ed jej\u00ed zakladatel\u00e9","datePublished":"2024-05-17T09:32:29+00:00","dateModified":"2024-05-17T09:32:30+00:00","mainEntityOfPage":{"@id":"https:\/\/www.mzone.cz\/cardion-cars-sit-dealerstvi-volvo-v-praze-a-brne-meni-jmeno\/"},"wordCount":698,"commentCount":0,"image":{"@id":"https:\/\/www.mzone.cz\/cardion-cars-sit-dealerstvi-volvo-v-praze-a-brne-meni-jmeno\/#primaryimage"},"thumbnailUrl":"https:\/\/www.mzone.cz\/wp-content\/uploads\/2024\/05\/DSC_3689a-scaled.jpg","keywords":["auta","Auto","Auto Pr\u016fhonice","auto-moto","automobily","Cardion Cars","dealer","dealerstv\u00ed","prodej automobil\u016f","rebranding","Volvo","zm\u011bna"],"articleSection":["Auto-moto"],"inLanguage":"en-US","potentialAction":[{"@type":"CommentAction","name":"Comment","target":["https:\/\/www.mzone.cz\/cardion-cars-sit-dealerstvi-volvo-v-praze-a-brne-meni-jmeno\/#respond"]}]},{"@type":"WebPage","@id":"https:\/\/www.mzone.cz\/cardion-cars-sit-dealerstvi-volvo-v-praze-a-brne-meni-jmeno\/","url":"https:\/\/www.mzone.cz\/cardion-cars-sit-dealerstvi-volvo-v-praze-a-brne-meni-jmeno\/","name":"S\u00ed\u0165 dealerstv\u00ed Volvo v Praze a Brn\u011b m\u011bn\u00ed jm\u00e9no. \u201eNov\u011b jsme Cardion Cars,\u201c \u0159\u00edkaj\u00ed jej\u00ed zakladatel\u00e9 - Mzone","isPartOf":{"@id":"https:\/\/www.mzone.cz\/#website"},"primaryImageOfPage":{"@id":"https:\/\/www.mzone.cz\/cardion-cars-sit-dealerstvi-volvo-v-praze-a-brne-meni-jmeno\/#primaryimage"},"image":{"@id":"https:\/\/www.mzone.cz\/cardion-cars-sit-dealerstvi-volvo-v-praze-a-brne-meni-jmeno\/#primaryimage"},"thumbnailUrl":"https:\/\/www.mzone.cz\/wp-content\/uploads\/2024\/05\/DSC_3689a-scaled.jpg","datePublished":"2024-05-17T09:32:29+00:00","dateModified":"2024-05-17T09:32:30+00:00","author":{"@id":"https:\/\/www.mzone.cz\/#\/schema\/person\/9bc20cc422a99cac4af6ff9297da32d4"},"description":"Za patn\u00e1ct let se Karlu Stolejdovi s Martinem Vesel\u00fdm poda\u0159ilo vybudovat \u010dty\u0159i \u00fasp\u011b\u0161n\u00e1 dealerstv\u00ed zna\u010dky Volvo v Praze a Brn\u011b. Symbolicky, k p\u016flkulat\u00e9mu v\u00fdro\u010d\u00ed p\u016fsoben\u00ed na \u010desk\u00e9m trhu, se nyn\u00ed s\u00ed\u0165 pobo\u010dek Auto Pr\u016fhonice, Auto Dejvice, Auto Stod\u016flky a Auto Cardion slu\u010duje pod jednotn\u00fd brand s n\u00e1zvem Cardion Cars.","breadcrumb":{"@id":"https:\/\/www.mzone.cz\/cardion-cars-sit-dealerstvi-volvo-v-praze-a-brne-meni-jmeno\/#breadcrumb"},"inLanguage":"en-US","potentialAction":[{"@type":"ReadAction","target":["https:\/\/www.mzone.cz\/cardion-cars-sit-dealerstvi-volvo-v-praze-a-brne-meni-jmeno\/"]}]},{"@type":"ImageObject","inLanguage":"en-US","@id":"https:\/\/www.mzone.cz\/cardion-cars-sit-dealerstvi-volvo-v-praze-a-brne-meni-jmeno\/#primaryimage","url":"https:\/\/www.mzone.cz\/wp-content\/uploads\/2024\/05\/DSC_3689a-scaled.jpg","contentUrl":"https:\/\/www.mzone.cz\/wp-content\/uploads\/2024\/05\/DSC_3689a-scaled.jpg","width":2560,"height":1707,"caption":"Cardion Cars \u2013 Martin Vesel\u00fd a Karel Stolejda"},{"@type":"BreadcrumbList","@id":"https:\/\/www.mzone.cz\/cardion-cars-sit-dealerstvi-volvo-v-praze-a-brne-meni-jmeno\/#breadcrumb","itemListElement":[{"@type":"ListItem","position":1,"name":"Dom\u016f","item":"https:\/\/www.mzone.cz\/"},{"@type":"ListItem","position":2,"name":"S\u00ed\u0165 dealerstv\u00ed Volvo v Praze a Brn\u011b m\u011bn\u00ed jm\u00e9no. \u201eNov\u011b jsme Cardion Cars,\u201c \u0159\u00edkaj\u00ed jej\u00ed zakladatel\u00e9"}]},{"@type":"WebSite","@id":"https:\/\/www.mzone.cz\/#website","url":"https:\/\/www.mzone.cz\/","name":"Mzone","description":"Magaz\u00edn nejen pro mu\u017ee","potentialAction":[{"@type":"SearchAction","target":{"@type":"EntryPoint","urlTemplate":"https:\/\/www.mzone.cz\/?s={search_term_string}"},"query-input":{"@type":"PropertyValueSpecification","valueRequired":true,"valueName":"search_term_string"}}],"inLanguage":"en-US"},{"@type":"Person","@id":"https:\/\/www.mzone.cz\/#\/schema\/person\/9bc20cc422a99cac4af6ff9297da32d4","name":"Mzone","image":{"@type":"ImageObject","inLanguage":"en-US","@id":"https:\/\/secure.gravatar.com\/avatar\/e780a8630f3182a3d06dd667ab6bea151a0d155b0951bc15fe22633acdac0676?s=96&d=mm&r=g","url":"https:\/\/secure.gravatar.com\/avatar\/e780a8630f3182a3d06dd667ab6bea151a0d155b0951bc15fe22633acdac0676?s=96&d=mm&r=g","contentUrl":"https:\/\/secure.gravatar.com\/avatar\/e780a8630f3182a3d06dd667ab6bea151a0d155b0951bc15fe22633acdac0676?s=96&d=mm&r=g","caption":"Mzone"},"url":"https:\/\/www.mzone.cz\/en\/author\/jakub\/"}]}},"_links":{"self":[{"href":"https:\/\/www.mzone.cz\/en\/wp-json\/wp\/v2\/posts\/43460","targetHints":{"allow":["GET"]}}],"collection":[{"href":"https:\/\/www.mzone.cz\/en\/wp-json\/wp\/v2\/posts"}],"about":[{"href":"https:\/\/www.mzone.cz\/en\/wp-json\/wp\/v2\/types\/post"}],"author":[{"embeddable":true,"href":"https:\/\/www.mzone.cz\/en\/wp-json\/wp\/v2\/users\/4"}],"replies":[{"embeddable":true,"href":"https:\/\/www.mzone.cz\/en\/wp-json\/wp\/v2\/comments?post=43460"}],"version-history":[{"count":11,"href":"https:\/\/www.mzone.cz\/en\/wp-json\/wp\/v2\/posts\/43460\/revisions"}],"predecessor-version":[{"id":43473,"href":"https:\/\/www.mzone.cz\/en\/wp-json\/wp\/v2\/posts\/43460\/revisions\/43473"}],"wp:featuredmedia":[{"embeddable":true,"href":"https:\/\/www.mzone.cz\/en\/wp-json\/wp\/v2\/media\/43461"}],"wp:attachment":[{"href":"https:\/\/www.mzone.cz\/en\/wp-json\/wp\/v2\/media?parent=43460"}],"wp:term":[{"taxonomy":"category","embeddable":true,"href":"https:\/\/www.mzone.cz\/en\/wp-json\/wp\/v2\/categories?post=43460"},{"taxonomy":"post_tag","embeddable":true,"href":"https:\/\/www.mzone.cz\/en\/wp-json\/wp\/v2\/tags?post=43460"}],"curies":[{"name":"wp","href":"https:\/\/api.w.org\/{rel}","templated":true}]}}