{"id":43474,"date":"2024-05-21T05:00:00","date_gmt":"2024-05-21T03:00:00","guid":{"rendered":"https:\/\/www.mzone.cz\/?p=43474"},"modified":"2024-05-20T19:34:16","modified_gmt":"2024-05-20T17:34:16","slug":"trideni-jakym-mytum-casto-verime","status":"publish","type":"post","link":"https:\/\/www.mzone.cz\/en\/trideni-jakym-mytum-casto-verime\/","title":{"rendered":"\u010ce\u0161i jsou mist\u0159i v t\u0159\u00edd\u011bn\u00ed! Jak\u00fdm m\u00fdt\u016fm ale \u010dasto v\u011b\u0159\u00edme?"},"content":{"rendered":"<p><strong>\u010ce\u0161i jsou mistry v t\u0159\u00edd\u011bn\u00ed PET lahv\u00ed, skla a pap\u00edru. V n\u011bkter\u00fdch p\u0159\u00edpadech u\u017e to ale tak pozitivn\u00ed nen\u00ed. P\u0159esto\u017ee v\u011bt\u0161ina lid\u00ed v\u00ed, jak\u00e9 odpady pat\u0159\u00ed do jednotliv\u00fdch barevn\u00fdch kontejner\u016f, je t\u0159\u00edd\u011bn\u00ed st\u00e1le obklopeno \u0159adou m\u00fdt\u016f, kter\u00e9 proces recyklace komplikuj\u00ed.<\/strong><\/p><br>\n\n\n\n<p>Snad ka\u017ed\u00fd u\u017e dnes v\u00ed, do kter\u00e9ho kontejneru pat\u0159\u00ed sklo, plast a pap\u00edr. P\u0159esto ale st\u00e1le \u010dasto doch\u00e1z\u00ed k nejasnostem, kam n\u011bkter\u00fd odpad pat\u0159\u00ed. Nap\u0159\u00edklad p\u0159edm\u011bty, jako jsou krabice od pizzy, pou\u017eit\u00e9 hygienick\u00e9 pot\u0159eby, d\u011btsk\u00e9 pleny nebo obaly od mastn\u00fdch potravin by se nem\u011bly vyhazovat do kontejneru na t\u0159\u00edd\u011bn\u00fd odpad, ale do sm\u011bsn\u00e9ho odpadu, proto\u017ee mohou znehodnotit ostatn\u00ed t\u0159\u00edd\u011bn\u00e9 odpady a znemo\u017enit tak jejich recyklaci. Pod\u00edvejme se spole\u010dn\u011b na z\u00e1ludn\u00e9 situace z b\u011b\u017en\u00e9ho \u017eivota a m\u00fdty, kv\u016fli kter\u00fdm se mo\u017en\u00e1 dopou\u0161t\u00edte t\u0159\u00edd\u00edc\u00edch tabu.<\/p><br>\n\n\n\n<h2 class=\"wp-block-heading\">Nej\u010dast\u011bj\u0161\u00ed m\u00fdty<\/h2>\n\n\n\n<p>Snad nejv\u00edce m\u00fdt\u016f o t\u0159\u00edd\u011bn\u00ed odpadu se t\u00fdk\u00e1 modr\u00fdch kontejner\u016f na t\u0159\u00edd\u011bn\u00ed pap\u00edru. Nap\u0159\u00edklad kancel\u00e1\u0159sk\u00fd pap\u00edr, pap\u00edrov\u00e9 noviny a \u010dasopisy se b\u011b\u017en\u011b t\u0159\u00edd\u00ed, pokud jsou ale z voskovan\u00e9ho pap\u00edru, pat\u0159\u00ed do sm\u011bsn\u00e9ho odpadu. To stejn\u00e9 plat\u00ed i pro pou\u017eit\u00e9 kapesn\u00edky, toaletn\u00ed pap\u00edr a kuchy\u0148sk\u00e9 ut\u011brky, kter\u00e9 se net\u0159\u00edd\u00ed. Naopak do modr\u00e9ho kontejneru dlouho nepat\u0159ily ruli\u010dky od toaletn\u00edho pap\u00edru a kartony od vajec. Dnes u\u017e tam ale d\u00edky modern\u00edmu zpracov\u00e1n\u00ed odpadu pat\u0159\u00ed a m\u016f\u017eeme je t\u0159\u00eddit. A kam pat\u0159\u00ed plechovky? Do plastu. Plechov\u00e9 obaly se spr\u00e1vn\u011b vyhazuj\u00ed bu\u010fto do speci\u00e1ln\u00edch kontejner\u016f na kovov\u00e9 odpady. T\u011bch je ale m\u00e1lo, a proto spousta obc\u00ed vyu\u017e\u00edv\u00e1 zp\u016fsob kombinovan\u00e9ho sb\u011bru drobn\u00e9ho plechov\u00e9ho odpadu spole\u010dn\u011b s plasty.<\/p>\n\n\n\n<blockquote class=\"wp-block-quote is-layout-flow wp-block-quote-is-layout-flow\">\n<p>Dal\u0161\u00ed m\u00fdtus se t\u00fdk\u00e1 kel\u00edmk\u016f od jogurt\u016f, kter\u00e9 p\u0159ed t\u0159\u00edd\u011bn\u00edm spousta lid\u00ed pe\u010dliv\u011b vym\u00fdv\u00e1. Na rozd\u00edl od mastn\u00fdch odpad\u016f to ale nen\u00ed pot\u0159eba a kel\u00edmky m\u016f\u017eete s klidn\u00fdm srdcem hned po sn\u011bzen\u00ed jogurtu vyhodit do \u017elut\u00e9ho kontejneru na t\u0159\u00edd\u011bn\u00ed plast\u016f.<\/p>\n<\/blockquote>\n\n\n\n<p>Nejv\u011bt\u0161\u00ed chybou a z\u00e1rove\u0148 obl\u00edben\u00fdm zlozvykem p\u0159i nakl\u00e1d\u00e1n\u00ed s odpadem je splachov\u00e1n\u00ed oleje a zbytk\u016f j\u00eddla do z\u00e1chodu. Nejen, \u017ee splachov\u00e1n\u00edm odpadu riskujete ucp\u00e1n\u00ed trubek, ale pro kanalizaci p\u0159edstavuje tento ne\u0161var z\u00e1sadn\u00ed probl\u00e9m. Olej pat\u0159\u00ed do speci\u00e1ln\u00edch ko\u0161\u016f s oran\u017eov\u00fdm nebo r\u016f\u017eov\u00fdm v\u00edkem, zbytky potravin do bio nebo sm\u011bsn\u00e9ho odpadu. Nejroz\u0161\u00ed\u0159en\u011bj\u0161\u00ed odpadov\u00fd m\u00fdtus se ov\u0161em net\u00fdk\u00e1 t\u0159\u00edd\u011bn\u00ed, ale samotn\u00e9ho vyhazov\u00e1n\u00ed odpadu. V\u011bci toti\u017e \u010dasto vyhazujeme zbyte\u010dn\u011b.<\/p><br>\n\n\n\n<figure class=\"wp-block-image size-large\"><img loading=\"lazy\" decoding=\"async\" width=\"1024\" height=\"683\" src=\"https:\/\/www.mzone.cz\/wp-content\/uploads\/2024\/05\/Zdroj-iStock-1024x683.jpg\" alt=\"T\u0159\u00edd\u011bn\u00ed odpadu\" class=\"wp-image-43480\" srcset=\"https:\/\/www.mzone.cz\/wp-content\/uploads\/2024\/05\/Zdroj-iStock-1024x683.jpg 1024w, https:\/\/www.mzone.cz\/wp-content\/uploads\/2024\/05\/Zdroj-iStock-300x200.jpg 300w, https:\/\/www.mzone.cz\/wp-content\/uploads\/2024\/05\/Zdroj-iStock-768x512.jpg 768w, https:\/\/www.mzone.cz\/wp-content\/uploads\/2024\/05\/Zdroj-iStock-18x12.jpg 18w, https:\/\/www.mzone.cz\/wp-content\/uploads\/2024\/05\/Zdroj-iStock-800x533.jpg 800w, https:\/\/www.mzone.cz\/wp-content\/uploads\/2024\/05\/Zdroj-iStock-400x267.jpg 400w, https:\/\/www.mzone.cz\/wp-content\/uploads\/2024\/05\/Zdroj-iStock-500x333.jpg 500w, https:\/\/www.mzone.cz\/wp-content\/uploads\/2024\/05\/Zdroj-iStock-1170x780.jpg 1170w, https:\/\/www.mzone.cz\/wp-content\/uploads\/2024\/05\/Zdroj-iStock-590x393.jpg 590w, https:\/\/www.mzone.cz\/wp-content\/uploads\/2024\/05\/Zdroj-iStock.jpg 1254w\" sizes=\"auto, (max-width: 1024px) 100vw, 1024px\" \/><\/figure><br>\n\n\n\n<h2 class=\"wp-block-heading\">Nejlep\u0161\u00ed odpad je ten, kter\u00fd nevznikne<\/h2>\n\n\n\n<p>Pokud se sna\u017e\u00edte \u017e\u00edt udr\u017eiteln\u011b, je samoz\u0159ejm\u011b nejlep\u0161\u00ed sn\u00ed\u017eit mno\u017estv\u00ed odpadu, kter\u00fd produkujete. Nemus\u00edte p\u0159itom zach\u00e1zet do extr\u00e9m\u016f. Zkuste d\u00e1t odpadu druh\u00fd \u017eivot. Darujte oble\u010den\u00ed a knihy, pro kter\u00e9 u\u017e nem\u00e1te vyu\u017eit\u00ed. Nebo <a href=\"https:\/\/cs.wikipedia.org\/wiki\/Upcyklace\" target=\"_blank\" rel=\"noopener\">upcyklujte<\/a>. Upcyklovat znamen\u00e1 d\u00e1t odpadu nov\u00fd \u00fa\u010del, p\u0159em\u011bnit ho v n\u011bco, co je\u0161t\u011b vyu\u017eijete. Z plechovky nebo konzervy lze s trochou snahy vyrobit nap\u0159. designov\u00fd stojan na sv\u00ed\u010dku, z tvrd\u00e9ho kartonu nebo plastu t\u0159eba kv\u011btin\u00e1\u010d. V upcyklaci je mnohdy jedin\u00fdm limitem va\u0161e fantazie. A pokud na upcyklov\u00e1n\u00ed nem\u00e1te \u010das, porozhl\u00e9dn\u011bte se po sv\u00e9m m\u011bst\u011b \u2013 je mo\u017en\u00e9, \u017ee ve sv\u00e9 bl\u00edzkosti najdete n\u011bkoho, kdo se upcyklaci v\u011bnuje a najde pro v\u00e1\u0161 odpad vyu\u017eit\u00ed.<\/p><br>\n\n\n\n<div class=\"wp-block-media-text is-stacked-on-mobile is-vertically-aligned-top\" style=\"grid-template-columns:33% auto\"><figure class=\"wp-block-media-text__media\"><a href=\"https:\/\/www.mzone.cz\/opet-novy-udrzitelny-material-vyrobeny-z-plastovych-odpadku-z-oceanu\/\"><img loading=\"lazy\" decoding=\"async\" width=\"678\" height=\"452\" src=\"https:\/\/www.mzone.cz\/wp-content\/uploads\/2024\/03\/oPET.jpg\" alt=\"oPET\" class=\"wp-image-43147 size-full\" srcset=\"https:\/\/www.mzone.cz\/wp-content\/uploads\/2024\/03\/oPET.jpg 678w, https:\/\/www.mzone.cz\/wp-content\/uploads\/2024\/03\/oPET-300x200.jpg 300w, https:\/\/www.mzone.cz\/wp-content\/uploads\/2024\/03\/oPET-18x12.jpg 18w, https:\/\/www.mzone.cz\/wp-content\/uploads\/2024\/03\/oPET-400x267.jpg 400w, https:\/\/www.mzone.cz\/wp-content\/uploads\/2024\/03\/oPET-500x333.jpg 500w, https:\/\/www.mzone.cz\/wp-content\/uploads\/2024\/03\/oPET-590x393.jpg 590w\" sizes=\"auto, (max-width: 678px) 100vw, 678px\" \/><\/a><\/figure><div class=\"wp-block-media-text__content\">\n<h4 class=\"wp-block-heading\"><a href=\"https:\/\/www.mzone.cz\/opet-novy-udrzitelny-material-vyrobeny-z-plastovych-odpadku-z-oceanu\/\">Na sv\u011btovou sc\u00e9nu vstupuje oPET \u2013 nov\u00fd udr\u017eiteln\u00fd materi\u00e1l vyroben\u00fd z plastov\u00fdch odpadk\u016f z oce\u00e1nu<\/a><\/h4><br>\n<\/div><\/div>","protected":false},"excerpt":{"rendered":"<p>\u010ce\u0161i jsou mistry v t\u0159\u00edd\u011bn\u00ed PET lahv\u00ed, skla a pap\u00edru. V n\u011bkter\u00fdch p\u0159\u00edpadech u\u017e to ale tak pozitivn\u00ed nen\u00ed. P\u0159esto\u017ee v\u011bt\u0161ina lid\u00ed v\u00ed, jak\u00e9 odpady pat\u0159\u00ed do jednotliv\u00fdch barevn\u00fdch kontejner\u016f, je t\u0159\u00edd\u011bn\u00ed st\u00e1le obklopeno \u0159adou m\u00fdt\u016f, kter\u00e9 proces recyklace komplikuj\u00ed. Snad ka\u017ed\u00fd u\u017e dnes v\u00ed, do kter\u00e9ho kontejneru pat\u0159\u00ed sklo, plast a pap\u00edr. P\u0159esto ale [&hellip;]<\/p>\n","protected":false},"author":4,"featured_media":29193,"comment_status":"open","ping_status":"closed","sticky":false,"template":"","format":"standard","meta":{"kk_blocks_editor_width":"","_kiokenblocks_attr":"","_kiokenblocks_dimensions":"","footnotes":""},"categories":[29,25],"tags":[1709,2610,17,3346,458,6166,6165,6167,6119,6118,456,2169,490,4555],"class_list":["post-43474","post","type-post","status-publish","format-standard","has-post-thumbnail","hentry","category-lifestyle","category-style","tag-cesi","tag-ekologie","tag-lifestyle","tag-myty","tag-odpad","tag-odpady","tag-papir","tag-pet-lahve","tag-plast","tag-plasty","tag-recyklace","tag-sklo","tag-style","tag-trideni-2"],"yoast_head":"<!-- This site is optimized with the Yoast SEO plugin v27.5 - https:\/\/yoast.com\/product\/yoast-seo-wordpress\/ -->\n<title>\u010ce\u0161i jsou mist\u0159i v t\u0159\u00edd\u011bn\u00ed! Jak\u00fdm m\u00fdt\u016fm ale \u010dasto v\u011b\u0159\u00edme? - Mzone<\/title>\n<meta name=\"description\" content=\"\u010ce\u0161i jsou mistry v t\u0159\u00edd\u011bn\u00ed PET lahv\u00ed, skla a pap\u00edru. V n\u011bkter\u00fdch p\u0159\u00edpadech u\u017e to ale tak pozitivn\u00ed nen\u00ed. P\u0159esto\u017ee v\u011bt\u0161ina lid\u00ed v\u00ed, jak\u00e9 odpady pat\u0159\u00ed do jednotliv\u00fdch barevn\u00fdch kontejner\u016f, je t\u0159\u00edd\u011bn\u00ed st\u00e1le obklopeno \u0159adou m\u00fdt\u016f, kter\u00e9 proces recyklace komplikuj\u00ed.\" \/>\n<meta name=\"robots\" content=\"index, follow, max-snippet:-1, max-image-preview:large, max-video-preview:-1\" \/>\n<link rel=\"canonical\" href=\"https:\/\/www.mzone.cz\/en\/trideni-jakym-mytum-casto-verime\/\" \/>\n<meta property=\"og:locale\" content=\"en_US\" \/>\n<meta property=\"og:type\" content=\"article\" \/>\n<meta property=\"og:title\" content=\"\u010ce\u0161i jsou mist\u0159i v t\u0159\u00edd\u011bn\u00ed! Jak\u00fdm m\u00fdt\u016fm ale \u010dasto v\u011b\u0159\u00edme? - Mzone\" \/>\n<meta property=\"og:description\" content=\"\u010ce\u0161i jsou mistry v t\u0159\u00edd\u011bn\u00ed PET lahv\u00ed, skla a pap\u00edru. V n\u011bkter\u00fdch p\u0159\u00edpadech u\u017e to ale tak pozitivn\u00ed nen\u00ed. P\u0159esto\u017ee v\u011bt\u0161ina lid\u00ed v\u00ed, jak\u00e9 odpady pat\u0159\u00ed do jednotliv\u00fdch barevn\u00fdch kontejner\u016f, je t\u0159\u00edd\u011bn\u00ed st\u00e1le obklopeno \u0159adou m\u00fdt\u016f, kter\u00e9 proces recyklace komplikuj\u00ed.\" \/>\n<meta property=\"og:url\" content=\"https:\/\/www.mzone.cz\/en\/trideni-jakym-mytum-casto-verime\/\" \/>\n<meta property=\"og:site_name\" content=\"Mzone\" \/>\n<meta property=\"article:publisher\" content=\"https:\/\/www.facebook.com\/MzoneCZ\/\" \/>\n<meta property=\"article:published_time\" content=\"2024-05-21T03:00:00+00:00\" \/>\n<meta property=\"og:image\" content=\"https:\/\/www.mzone.cz\/wp-content\/uploads\/2021\/02\/Recyklace-scaled.jpg\" \/>\n\t<meta property=\"og:image:width\" content=\"2560\" \/>\n\t<meta property=\"og:image:height\" content=\"1707\" \/>\n\t<meta property=\"og:image:type\" content=\"image\/jpeg\" \/>\n<meta name=\"author\" content=\"Mzone\" \/>\n<meta name=\"twitter:card\" content=\"summary_large_image\" \/>\n<meta name=\"twitter:label1\" content=\"Written by\" \/>\n\t<meta name=\"twitter:data1\" content=\"Mzone\" \/>\n\t<meta name=\"twitter:label2\" content=\"Est. reading time\" \/>\n\t<meta name=\"twitter:data2\" content=\"3 minutes\" \/>\n<script type=\"application\/ld+json\" class=\"yoast-schema-graph\">{\"@context\":\"https:\\\/\\\/schema.org\",\"@graph\":[{\"@type\":\"Article\",\"@id\":\"https:\\\/\\\/www.mzone.cz\\\/trideni-jakym-mytum-casto-verime\\\/#article\",\"isPartOf\":{\"@id\":\"https:\\\/\\\/www.mzone.cz\\\/trideni-jakym-mytum-casto-verime\\\/\"},\"author\":{\"name\":\"Mzone\",\"@id\":\"https:\\\/\\\/www.mzone.cz\\\/#\\\/schema\\\/person\\\/9bc20cc422a99cac4af6ff9297da32d4\"},\"headline\":\"\u010ce\u0161i jsou mist\u0159i v t\u0159\u00edd\u011bn\u00ed! Jak\u00fdm m\u00fdt\u016fm ale \u010dasto v\u011b\u0159\u00edme?\",\"datePublished\":\"2024-05-21T03:00:00+00:00\",\"mainEntityOfPage\":{\"@id\":\"https:\\\/\\\/www.mzone.cz\\\/trideni-jakym-mytum-casto-verime\\\/\"},\"wordCount\":688,\"commentCount\":0,\"image\":{\"@id\":\"https:\\\/\\\/www.mzone.cz\\\/trideni-jakym-mytum-casto-verime\\\/#primaryimage\"},\"thumbnailUrl\":\"https:\\\/\\\/www.mzone.cz\\\/wp-content\\\/uploads\\\/2021\\\/02\\\/Recyklace-scaled.jpg\",\"keywords\":[\"\u010ce\u0161i\",\"ekologie\",\"Lifestyle\",\"m\u00fdty\",\"odpad\",\"odpady\",\"pap\u00edr\",\"PET lahve\",\"plast\",\"plasty\",\"recyklace\",\"sklo\",\"style\",\"t\u0159\u00edd\u011bn\u00ed\"],\"articleSection\":[\"Lifestyle\",\"Style\"],\"inLanguage\":\"en-US\",\"potentialAction\":[{\"@type\":\"CommentAction\",\"name\":\"Comment\",\"target\":[\"https:\\\/\\\/www.mzone.cz\\\/trideni-jakym-mytum-casto-verime\\\/#respond\"]}]},{\"@type\":\"WebPage\",\"@id\":\"https:\\\/\\\/www.mzone.cz\\\/trideni-jakym-mytum-casto-verime\\\/\",\"url\":\"https:\\\/\\\/www.mzone.cz\\\/trideni-jakym-mytum-casto-verime\\\/\",\"name\":\"\u010ce\u0161i jsou mist\u0159i v t\u0159\u00edd\u011bn\u00ed! Jak\u00fdm m\u00fdt\u016fm ale \u010dasto v\u011b\u0159\u00edme? - Mzone\",\"isPartOf\":{\"@id\":\"https:\\\/\\\/www.mzone.cz\\\/#website\"},\"primaryImageOfPage\":{\"@id\":\"https:\\\/\\\/www.mzone.cz\\\/trideni-jakym-mytum-casto-verime\\\/#primaryimage\"},\"image\":{\"@id\":\"https:\\\/\\\/www.mzone.cz\\\/trideni-jakym-mytum-casto-verime\\\/#primaryimage\"},\"thumbnailUrl\":\"https:\\\/\\\/www.mzone.cz\\\/wp-content\\\/uploads\\\/2021\\\/02\\\/Recyklace-scaled.jpg\",\"datePublished\":\"2024-05-21T03:00:00+00:00\",\"author\":{\"@id\":\"https:\\\/\\\/www.mzone.cz\\\/#\\\/schema\\\/person\\\/9bc20cc422a99cac4af6ff9297da32d4\"},\"description\":\"\u010ce\u0161i jsou mistry v t\u0159\u00edd\u011bn\u00ed PET lahv\u00ed, skla a pap\u00edru. V n\u011bkter\u00fdch p\u0159\u00edpadech u\u017e to ale tak pozitivn\u00ed nen\u00ed. P\u0159esto\u017ee v\u011bt\u0161ina lid\u00ed v\u00ed, jak\u00e9 odpady pat\u0159\u00ed do jednotliv\u00fdch barevn\u00fdch kontejner\u016f, je t\u0159\u00edd\u011bn\u00ed st\u00e1le obklopeno \u0159adou m\u00fdt\u016f, kter\u00e9 proces recyklace komplikuj\u00ed.\",\"breadcrumb\":{\"@id\":\"https:\\\/\\\/www.mzone.cz\\\/trideni-jakym-mytum-casto-verime\\\/#breadcrumb\"},\"inLanguage\":\"en-US\",\"potentialAction\":[{\"@type\":\"ReadAction\",\"target\":[\"https:\\\/\\\/www.mzone.cz\\\/trideni-jakym-mytum-casto-verime\\\/\"]}]},{\"@type\":\"ImageObject\",\"inLanguage\":\"en-US\",\"@id\":\"https:\\\/\\\/www.mzone.cz\\\/trideni-jakym-mytum-casto-verime\\\/#primaryimage\",\"url\":\"https:\\\/\\\/www.mzone.cz\\\/wp-content\\\/uploads\\\/2021\\\/02\\\/Recyklace-scaled.jpg\",\"contentUrl\":\"https:\\\/\\\/www.mzone.cz\\\/wp-content\\\/uploads\\\/2021\\\/02\\\/Recyklace-scaled.jpg\",\"width\":2560,\"height\":1707,\"caption\":\"T\u0159\u00edd\u011bn\u00ed odpadu\"},{\"@type\":\"BreadcrumbList\",\"@id\":\"https:\\\/\\\/www.mzone.cz\\\/trideni-jakym-mytum-casto-verime\\\/#breadcrumb\",\"itemListElement\":[{\"@type\":\"ListItem\",\"position\":1,\"name\":\"Dom\u016f\",\"item\":\"https:\\\/\\\/www.mzone.cz\\\/\"},{\"@type\":\"ListItem\",\"position\":2,\"name\":\"\u010ce\u0161i jsou mist\u0159i v t\u0159\u00edd\u011bn\u00ed! Jak\u00fdm m\u00fdt\u016fm ale \u010dasto v\u011b\u0159\u00edme?\"}]},{\"@type\":\"WebSite\",\"@id\":\"https:\\\/\\\/www.mzone.cz\\\/#website\",\"url\":\"https:\\\/\\\/www.mzone.cz\\\/\",\"name\":\"Mzone\",\"description\":\"Magaz\u00edn nejen pro mu\u017ee\",\"potentialAction\":[{\"@type\":\"SearchAction\",\"target\":{\"@type\":\"EntryPoint\",\"urlTemplate\":\"https:\\\/\\\/www.mzone.cz\\\/?s={search_term_string}\"},\"query-input\":{\"@type\":\"PropertyValueSpecification\",\"valueRequired\":true,\"valueName\":\"search_term_string\"}}],\"inLanguage\":\"en-US\"},{\"@type\":\"Person\",\"@id\":\"https:\\\/\\\/www.mzone.cz\\\/#\\\/schema\\\/person\\\/9bc20cc422a99cac4af6ff9297da32d4\",\"name\":\"Mzone\",\"image\":{\"@type\":\"ImageObject\",\"inLanguage\":\"en-US\",\"@id\":\"https:\\\/\\\/secure.gravatar.com\\\/avatar\\\/e780a8630f3182a3d06dd667ab6bea151a0d155b0951bc15fe22633acdac0676?s=96&d=mm&r=g\",\"url\":\"https:\\\/\\\/secure.gravatar.com\\\/avatar\\\/e780a8630f3182a3d06dd667ab6bea151a0d155b0951bc15fe22633acdac0676?s=96&d=mm&r=g\",\"contentUrl\":\"https:\\\/\\\/secure.gravatar.com\\\/avatar\\\/e780a8630f3182a3d06dd667ab6bea151a0d155b0951bc15fe22633acdac0676?s=96&d=mm&r=g\",\"caption\":\"Mzone\"},\"url\":\"https:\\\/\\\/www.mzone.cz\\\/en\\\/author\\\/jakub\\\/\"}]}<\/script>\n<!-- \/ Yoast SEO plugin. -->","yoast_head_json":{"title":"\u010ce\u0161i jsou mist\u0159i v t\u0159\u00edd\u011bn\u00ed! Jak\u00fdm m\u00fdt\u016fm ale \u010dasto v\u011b\u0159\u00edme? - Mzone","description":"\u010ce\u0161i jsou mistry v t\u0159\u00edd\u011bn\u00ed PET lahv\u00ed, skla a pap\u00edru. V n\u011bkter\u00fdch p\u0159\u00edpadech u\u017e to ale tak pozitivn\u00ed nen\u00ed. P\u0159esto\u017ee v\u011bt\u0161ina lid\u00ed v\u00ed, jak\u00e9 odpady pat\u0159\u00ed do jednotliv\u00fdch barevn\u00fdch kontejner\u016f, je t\u0159\u00edd\u011bn\u00ed st\u00e1le obklopeno \u0159adou m\u00fdt\u016f, kter\u00e9 proces recyklace komplikuj\u00ed.","robots":{"index":"index","follow":"follow","max-snippet":"max-snippet:-1","max-image-preview":"max-image-preview:large","max-video-preview":"max-video-preview:-1"},"canonical":"https:\/\/www.mzone.cz\/en\/trideni-jakym-mytum-casto-verime\/","og_locale":"en_US","og_type":"article","og_title":"\u010ce\u0161i jsou mist\u0159i v t\u0159\u00edd\u011bn\u00ed! Jak\u00fdm m\u00fdt\u016fm ale \u010dasto v\u011b\u0159\u00edme? - Mzone","og_description":"\u010ce\u0161i jsou mistry v t\u0159\u00edd\u011bn\u00ed PET lahv\u00ed, skla a pap\u00edru. V n\u011bkter\u00fdch p\u0159\u00edpadech u\u017e to ale tak pozitivn\u00ed nen\u00ed. P\u0159esto\u017ee v\u011bt\u0161ina lid\u00ed v\u00ed, jak\u00e9 odpady pat\u0159\u00ed do jednotliv\u00fdch barevn\u00fdch kontejner\u016f, je t\u0159\u00edd\u011bn\u00ed st\u00e1le obklopeno \u0159adou m\u00fdt\u016f, kter\u00e9 proces recyklace komplikuj\u00ed.","og_url":"https:\/\/www.mzone.cz\/en\/trideni-jakym-mytum-casto-verime\/","og_site_name":"Mzone","article_publisher":"https:\/\/www.facebook.com\/MzoneCZ\/","article_published_time":"2024-05-21T03:00:00+00:00","og_image":[{"width":2560,"height":1707,"url":"https:\/\/www.mzone.cz\/wp-content\/uploads\/2021\/02\/Recyklace-scaled.jpg","type":"image\/jpeg"}],"author":"Mzone","twitter_card":"summary_large_image","twitter_misc":{"Written by":"Mzone","Est. reading time":"3 minutes"},"schema":{"@context":"https:\/\/schema.org","@graph":[{"@type":"Article","@id":"https:\/\/www.mzone.cz\/trideni-jakym-mytum-casto-verime\/#article","isPartOf":{"@id":"https:\/\/www.mzone.cz\/trideni-jakym-mytum-casto-verime\/"},"author":{"name":"Mzone","@id":"https:\/\/www.mzone.cz\/#\/schema\/person\/9bc20cc422a99cac4af6ff9297da32d4"},"headline":"\u010ce\u0161i jsou mist\u0159i v t\u0159\u00edd\u011bn\u00ed! Jak\u00fdm m\u00fdt\u016fm ale \u010dasto v\u011b\u0159\u00edme?","datePublished":"2024-05-21T03:00:00+00:00","mainEntityOfPage":{"@id":"https:\/\/www.mzone.cz\/trideni-jakym-mytum-casto-verime\/"},"wordCount":688,"commentCount":0,"image":{"@id":"https:\/\/www.mzone.cz\/trideni-jakym-mytum-casto-verime\/#primaryimage"},"thumbnailUrl":"https:\/\/www.mzone.cz\/wp-content\/uploads\/2021\/02\/Recyklace-scaled.jpg","keywords":["\u010ce\u0161i","ekologie","Lifestyle","m\u00fdty","odpad","odpady","pap\u00edr","PET lahve","plast","plasty","recyklace","sklo","style","t\u0159\u00edd\u011bn\u00ed"],"articleSection":["Lifestyle","Style"],"inLanguage":"en-US","potentialAction":[{"@type":"CommentAction","name":"Comment","target":["https:\/\/www.mzone.cz\/trideni-jakym-mytum-casto-verime\/#respond"]}]},{"@type":"WebPage","@id":"https:\/\/www.mzone.cz\/trideni-jakym-mytum-casto-verime\/","url":"https:\/\/www.mzone.cz\/trideni-jakym-mytum-casto-verime\/","name":"\u010ce\u0161i jsou mist\u0159i v t\u0159\u00edd\u011bn\u00ed! Jak\u00fdm m\u00fdt\u016fm ale \u010dasto v\u011b\u0159\u00edme? - Mzone","isPartOf":{"@id":"https:\/\/www.mzone.cz\/#website"},"primaryImageOfPage":{"@id":"https:\/\/www.mzone.cz\/trideni-jakym-mytum-casto-verime\/#primaryimage"},"image":{"@id":"https:\/\/www.mzone.cz\/trideni-jakym-mytum-casto-verime\/#primaryimage"},"thumbnailUrl":"https:\/\/www.mzone.cz\/wp-content\/uploads\/2021\/02\/Recyklace-scaled.jpg","datePublished":"2024-05-21T03:00:00+00:00","author":{"@id":"https:\/\/www.mzone.cz\/#\/schema\/person\/9bc20cc422a99cac4af6ff9297da32d4"},"description":"\u010ce\u0161i jsou mistry v t\u0159\u00edd\u011bn\u00ed PET lahv\u00ed, skla a pap\u00edru. V n\u011bkter\u00fdch p\u0159\u00edpadech u\u017e to ale tak pozitivn\u00ed nen\u00ed. P\u0159esto\u017ee v\u011bt\u0161ina lid\u00ed v\u00ed, jak\u00e9 odpady pat\u0159\u00ed do jednotliv\u00fdch barevn\u00fdch kontejner\u016f, je t\u0159\u00edd\u011bn\u00ed st\u00e1le obklopeno \u0159adou m\u00fdt\u016f, kter\u00e9 proces recyklace komplikuj\u00ed.","breadcrumb":{"@id":"https:\/\/www.mzone.cz\/trideni-jakym-mytum-casto-verime\/#breadcrumb"},"inLanguage":"en-US","potentialAction":[{"@type":"ReadAction","target":["https:\/\/www.mzone.cz\/trideni-jakym-mytum-casto-verime\/"]}]},{"@type":"ImageObject","inLanguage":"en-US","@id":"https:\/\/www.mzone.cz\/trideni-jakym-mytum-casto-verime\/#primaryimage","url":"https:\/\/www.mzone.cz\/wp-content\/uploads\/2021\/02\/Recyklace-scaled.jpg","contentUrl":"https:\/\/www.mzone.cz\/wp-content\/uploads\/2021\/02\/Recyklace-scaled.jpg","width":2560,"height":1707,"caption":"T\u0159\u00edd\u011bn\u00ed odpadu"},{"@type":"BreadcrumbList","@id":"https:\/\/www.mzone.cz\/trideni-jakym-mytum-casto-verime\/#breadcrumb","itemListElement":[{"@type":"ListItem","position":1,"name":"Dom\u016f","item":"https:\/\/www.mzone.cz\/"},{"@type":"ListItem","position":2,"name":"\u010ce\u0161i jsou mist\u0159i v t\u0159\u00edd\u011bn\u00ed! Jak\u00fdm m\u00fdt\u016fm ale \u010dasto v\u011b\u0159\u00edme?"}]},{"@type":"WebSite","@id":"https:\/\/www.mzone.cz\/#website","url":"https:\/\/www.mzone.cz\/","name":"Mzone","description":"Magaz\u00edn nejen pro mu\u017ee","potentialAction":[{"@type":"SearchAction","target":{"@type":"EntryPoint","urlTemplate":"https:\/\/www.mzone.cz\/?s={search_term_string}"},"query-input":{"@type":"PropertyValueSpecification","valueRequired":true,"valueName":"search_term_string"}}],"inLanguage":"en-US"},{"@type":"Person","@id":"https:\/\/www.mzone.cz\/#\/schema\/person\/9bc20cc422a99cac4af6ff9297da32d4","name":"Mzone","image":{"@type":"ImageObject","inLanguage":"en-US","@id":"https:\/\/secure.gravatar.com\/avatar\/e780a8630f3182a3d06dd667ab6bea151a0d155b0951bc15fe22633acdac0676?s=96&d=mm&r=g","url":"https:\/\/secure.gravatar.com\/avatar\/e780a8630f3182a3d06dd667ab6bea151a0d155b0951bc15fe22633acdac0676?s=96&d=mm&r=g","contentUrl":"https:\/\/secure.gravatar.com\/avatar\/e780a8630f3182a3d06dd667ab6bea151a0d155b0951bc15fe22633acdac0676?s=96&d=mm&r=g","caption":"Mzone"},"url":"https:\/\/www.mzone.cz\/en\/author\/jakub\/"}]}},"_links":{"self":[{"href":"https:\/\/www.mzone.cz\/en\/wp-json\/wp\/v2\/posts\/43474","targetHints":{"allow":["GET"]}}],"collection":[{"href":"https:\/\/www.mzone.cz\/en\/wp-json\/wp\/v2\/posts"}],"about":[{"href":"https:\/\/www.mzone.cz\/en\/wp-json\/wp\/v2\/types\/post"}],"author":[{"embeddable":true,"href":"https:\/\/www.mzone.cz\/en\/wp-json\/wp\/v2\/users\/4"}],"replies":[{"embeddable":true,"href":"https:\/\/www.mzone.cz\/en\/wp-json\/wp\/v2\/comments?post=43474"}],"version-history":[{"count":6,"href":"https:\/\/www.mzone.cz\/en\/wp-json\/wp\/v2\/posts\/43474\/revisions"}],"predecessor-version":[{"id":43485,"href":"https:\/\/www.mzone.cz\/en\/wp-json\/wp\/v2\/posts\/43474\/revisions\/43485"}],"wp:featuredmedia":[{"embeddable":true,"href":"https:\/\/www.mzone.cz\/en\/wp-json\/wp\/v2\/media\/29193"}],"wp:attachment":[{"href":"https:\/\/www.mzone.cz\/en\/wp-json\/wp\/v2\/media?parent=43474"}],"wp:term":[{"taxonomy":"category","embeddable":true,"href":"https:\/\/www.mzone.cz\/en\/wp-json\/wp\/v2\/categories?post=43474"},{"taxonomy":"post_tag","embeddable":true,"href":"https:\/\/www.mzone.cz\/en\/wp-json\/wp\/v2\/tags?post=43474"}],"curies":[{"name":"wp","href":"https:\/\/api.w.org\/{rel}","templated":true}]}}