{"id":4388,"date":"2019-02-12T06:00:16","date_gmt":"2019-02-12T05:00:16","guid":{"rendered":"http:\/\/www.mzone.cz\/?p=4388"},"modified":"2019-08-30T10:28:00","modified_gmt":"2019-08-30T08:28:00","slug":"hvezda-juventusu-v-slzach-do-ronaldovy-rodiny-se-vratila-rakovina","status":"publish","type":"post","link":"https:\/\/www.mzone.cz\/en\/hvezda-juventusu-v-slzach-do-ronaldovy-rodiny-se-vratila-rakovina\/","title":{"rendered":"Hv\u011bzda Juventusu v\u00a0slz\u00e1ch! Do Ronaldovy rodiny se vr\u00e1tila rakovina"},"content":{"rendered":"<p><strong>Hv\u011bzdn\u00fd Cristiano Ronaldo m\u00e1 sice p\u011bn\u011bz jako \u0161lupek, ale ani ty mu nezm\u00edrn\u00ed jeho aktu\u00e1ln\u00ed tr\u00e1pen\u00ed. Jeho matce Dolores se toti\u017e vr\u00e1tila rakovina, se kterou \u017eena, kter\u00e1 p\u0159\u00edvedla na sv\u011bt jednoho z&nbsp;nejlep\u0161\u00edch fotbalist\u016f sv\u011bta, bojovala u\u017e v&nbsp;roce 2007.<\/strong><\/p><br>\n\n\n\n<p>Ronaldov\u011b matce Dolores diagnostikovali rakovinu poprv\u00e9 v&nbsp;roce 2007, ale tehdy nad n\u00ed zv\u00edt\u011bzila a v\u0161e vypadalo dob\u0159e. Jen\u017ee v&nbsp;rozhovoru pro portugalskou televizi te\u010f \u010dty\u0159ia\u0161edes\u00e1tilet\u00e1 roda\u010dka z&nbsp;Madeiry \u0161okovala cel\u00fd sv\u011bt: \u201eV Madridu mi operovali druh\u00e9 prso, podstoupila jsem radioterapii a nyn\u00ed bojuji o sv\u016fj \u017eivot.\u201c<\/p><br>\n\n\n\n<figure class=\"wp-block-embed-twitter wp-block-embed is-type-rich is-provider-twitter\"><div class=\"wp-block-embed__wrapper\">\n<blockquote class=\"twitter-tweet\" data-width=\"550\" data-dnt=\"true\"><p lang=\"en\" dir=\"ltr\">Dolores Aveiro Has Breast Cancer: Cristiano Ronaldo Mum \u2018Fighting For Her\u00a0Life\u2019 <a href=\"https:\/\/t.co\/B38RpnsSJI\">https:\/\/t.co\/B38RpnsSJI<\/a> <a href=\"https:\/\/t.co\/5wloilFQRE\">pic.twitter.com\/5wloilFQRE<\/a><\/p>&mdash; Pappy (@omi_yale) <a href=\"https:\/\/twitter.com\/omi_yale\/status\/1094171887415058432?ref_src=twsrc%5Etfw\">February 9, 2019<\/a><\/blockquote><script async src=\"https:\/\/platform.twitter.com\/widgets.js\" charset=\"utf-8\"><\/script>\n<\/div><\/figure><br>\n\n\n\n<p>Nic v\u00edc v\u0161ak matka hv\u011bzdy Juventusu Tur\u00edn m\u00e9di\u00ed nesd\u011blila. Kdy\u017e se z\u00e1ke\u0159nou nemoc\u00ed bojovala poprv\u00e9, Ronaldo daroval nemocnici v&nbsp;p\u0159epo\u010dtu t\u00e9m\u011b\u0159 t\u0159i miliony korun, aby vybudovali centrum pro boj s&nbsp;rakovinou. To nakonec jeho matce doslova zachr\u00e1nilo \u017eivot.<\/p>\n\n\n\n<blockquote class=\"wp-block-quote is-layout-flow wp-block-quote-is-layout-flow\"><p>Smutnou zpr\u00e1vu se fotbalista dozv\u011bd\u011bl kr\u00e1tce p\u0159ed sv\u00fdmi 34. narozeninami, kdy\u017e za n\u00edm matka p\u0159ijela do It\u00e1lie, aby je spole\u010dn\u011b oslavily.<\/p><\/blockquote>\n\n\n\n<p>Krom\u011b toho ho tak\u00e9 cht\u011bla podpo\u0159it v&nbsp;ost\u0159e sledovan\u00e9 kauze \u00fadajn\u00e9ho zn\u00e1siln\u011bn\u00ed, kter\u00e9ho se m\u011bl portugalsk\u00fd \u00fato\u010dn\u00edk dopustit v&nbsp;roce 2009 v&nbsp;americk\u00e9m Las Vegas. \u201ePokud jde o tu kauzu, tak v\u011b\u0159\u00edm sv\u00e9mu synovi. Kdy\u017e tam ta \u017eena \u0161la, ur\u010dit\u011b to nebylo kv\u016fli hran\u00ed karet,\u201c okomentovala Dolores na\u0159\u010den\u00ed Kathryn Mayorganov\u00e9, kter\u00e1 tvrd\u00ed, \u017ee ji Ronaldo zn\u00e1silnil.<\/p><br>\n\n\n\n<div class=\"wp-block-image\"><figure class=\"alignleft is-resized\"><img loading=\"lazy\" decoding=\"async\" src=\"http:\/\/www.mzone.cz\/wp-content\/uploads\/2019\/02\/Sn\u00edmek-obrazovky-2018-11-16-v-19.06.02-1024x682.png\" alt=\"\" class=\"wp-image-4598\" width=\"122\" height=\"81\" srcset=\"https:\/\/www.mzone.cz\/wp-content\/uploads\/2019\/02\/Sn\u00edmek-obrazovky-2018-11-16-v-19.06.02-1024x682.png 1024w, https:\/\/www.mzone.cz\/wp-content\/uploads\/2019\/02\/Sn\u00edmek-obrazovky-2018-11-16-v-19.06.02-300x200.png 300w, https:\/\/www.mzone.cz\/wp-content\/uploads\/2019\/02\/Sn\u00edmek-obrazovky-2018-11-16-v-19.06.02-768x512.png 768w, https:\/\/www.mzone.cz\/wp-content\/uploads\/2019\/02\/Sn\u00edmek-obrazovky-2018-11-16-v-19.06.02-800x533.png 800w, https:\/\/www.mzone.cz\/wp-content\/uploads\/2019\/02\/Sn\u00edmek-obrazovky-2018-11-16-v-19.06.02-400x267.png 400w, https:\/\/www.mzone.cz\/wp-content\/uploads\/2019\/02\/Sn\u00edmek-obrazovky-2018-11-16-v-19.06.02-500x333.png 500w, https:\/\/www.mzone.cz\/wp-content\/uploads\/2019\/02\/Sn\u00edmek-obrazovky-2018-11-16-v-19.06.02-1170x780.png 1170w, https:\/\/www.mzone.cz\/wp-content\/uploads\/2019\/02\/Sn\u00edmek-obrazovky-2018-11-16-v-19.06.02-590x393.png 590w, https:\/\/www.mzone.cz\/wp-content\/uploads\/2019\/02\/Sn\u00edmek-obrazovky-2018-11-16-v-19.06.02.png 1510w\" sizes=\"auto, (max-width: 122px) 100vw, 122px\" \/><\/figure><\/div>\n\n\n\n<h4><a href=\"http:\/\/www.mzone.cz\/hrac-ac-milan-chtel-fotku-s-ronaldem-omylem-vyfotil-spoluhracuv-penis\/\">Hr\u00e1\u010d AC Mil\u00e1n cht\u011bl fotku s Ronaldem, omylem vyfotil spoluhr\u00e1\u010d\u016fv penis!<\/a><\/h4><br>","protected":false},"excerpt":{"rendered":"<p>Hv\u011bzdn\u00fd Cristiano Ronaldo m\u00e1 sice p\u011bn\u011bz jako \u0161lupek, ale ani ty mu nezm\u00edrn\u00ed jeho aktu\u00e1ln\u00ed tr\u00e1pen\u00ed. Jeho matce Dolores se toti\u017e vr\u00e1tila rakovina, se kterou \u017eena, kter\u00e1 p\u0159\u00edvedla na sv\u011bt jednoho z&nbsp;nejlep\u0161\u00edch fotbalist\u016f sv\u011bta, bojovala u\u017e v&nbsp;roce 2007. Ronaldov\u011b matce Dolores diagnostikovali rakovinu poprv\u00e9 v&nbsp;roce 2007, ale tehdy nad n\u00ed zv\u00edt\u011bzila a v\u0161e vypadalo dob\u0159e. [&hellip;]<\/p>\n","protected":false},"author":4,"featured_media":4389,"comment_status":"open","ping_status":"open","sticky":false,"template":"","format":"standard","meta":{"kk_blocks_editor_width":"","_kiokenblocks_attr":"","_kiokenblocks_dimensions":"","footnotes":""},"categories":[80],"tags":[539,532,390,533,279,502,1231,1389,531,1390,42,534],"class_list":["post-4388","post","type-post","status-publish","format-standard","has-post-thumbnail","hentry","category-sport","tag-celebrita","tag-cristiano-ronaldo","tag-fotbal","tag-fotbalista","tag-matka","tag-nemoc","tag-onemocneni","tag-rakovina","tag-ronaldo","tag-smutek","tag-sport","tag-sportovec"],"yoast_head":"<!-- This site is optimized with the Yoast SEO plugin v27.5 - https:\/\/yoast.com\/product\/yoast-seo-wordpress\/ -->\n<title>Hv\u011bzda Juventusu v\u00a0slz\u00e1ch! Do Ronaldovy rodiny se vr\u00e1tila rakovina - Mzone<\/title>\n<meta name=\"description\" content=\"Hv\u011bzdn\u00fd Cristiano Ronaldo m\u00e1 sice p\u011bn\u011bz jako \u0161lupek, ale ani ty mu nezm\u00edrn\u00ed jeho aktu\u00e1ln\u00ed tr\u00e1pen\u00ed. Jeho matce Dolores se toti\u017e vr\u00e1tila rakovina, se kterou \u017eena, kter\u00e1 p\u0159\u00edvedla na sv\u011bt jednoho z\u00a0nejlep\u0161\u00edch fotbalist\u016f sv\u011bta, bojovala u\u017e v\u00a0roce 2007.\" \/>\n<meta name=\"robots\" content=\"index, follow, max-snippet:-1, max-image-preview:large, max-video-preview:-1\" \/>\n<link rel=\"canonical\" href=\"https:\/\/www.mzone.cz\/en\/hvezda-juventusu-v-slzach-do-ronaldovy-rodiny-se-vratila-rakovina\/\" \/>\n<meta property=\"og:locale\" content=\"en_US\" \/>\n<meta property=\"og:type\" content=\"article\" \/>\n<meta property=\"og:title\" content=\"Hv\u011bzda Juventusu v\u00a0slz\u00e1ch! Do Ronaldovy rodiny se vr\u00e1tila rakovina - Mzone\" \/>\n<meta property=\"og:description\" content=\"Hv\u011bzdn\u00fd Cristiano Ronaldo m\u00e1 sice p\u011bn\u011bz jako \u0161lupek, ale ani ty mu nezm\u00edrn\u00ed jeho aktu\u00e1ln\u00ed tr\u00e1pen\u00ed. Jeho matce Dolores se toti\u017e vr\u00e1tila rakovina, se kterou \u017eena, kter\u00e1 p\u0159\u00edvedla na sv\u011bt jednoho z\u00a0nejlep\u0161\u00edch fotbalist\u016f sv\u011bta, bojovala u\u017e v\u00a0roce 2007.\" \/>\n<meta property=\"og:url\" content=\"https:\/\/www.mzone.cz\/en\/hvezda-juventusu-v-slzach-do-ronaldovy-rodiny-se-vratila-rakovina\/\" \/>\n<meta property=\"og:site_name\" content=\"Mzone\" \/>\n<meta property=\"article:publisher\" content=\"https:\/\/www.facebook.com\/MzoneCZ\/\" \/>\n<meta property=\"article:published_time\" content=\"2019-02-12T05:00:16+00:00\" \/>\n<meta property=\"article:modified_time\" content=\"2019-08-30T08:28:00+00:00\" \/>\n<meta property=\"og:image\" content=\"https:\/\/www.mzone.cz\/wp-content\/uploads\/2019\/02\/Sn\u00edmek-obrazovky-2019-02-10-v-20.02.48.png\" \/>\n\t<meta property=\"og:image:width\" content=\"1578\" \/>\n\t<meta property=\"og:image:height\" content=\"1052\" \/>\n\t<meta property=\"og:image:type\" content=\"image\/png\" \/>\n<meta name=\"author\" content=\"Mzone\" \/>\n<meta name=\"twitter:card\" content=\"summary_large_image\" \/>\n<meta name=\"twitter:label1\" content=\"Written by\" \/>\n\t<meta name=\"twitter:data1\" content=\"Mzone\" \/>\n\t<meta name=\"twitter:label2\" content=\"Est. reading time\" \/>\n\t<meta name=\"twitter:data2\" content=\"1 minute\" \/>\n<script type=\"application\/ld+json\" class=\"yoast-schema-graph\">{\"@context\":\"https:\\\/\\\/schema.org\",\"@graph\":[{\"@type\":\"Article\",\"@id\":\"https:\\\/\\\/www.mzone.cz\\\/hvezda-juventusu-v-slzach-do-ronaldovy-rodiny-se-vratila-rakovina\\\/#article\",\"isPartOf\":{\"@id\":\"https:\\\/\\\/www.mzone.cz\\\/hvezda-juventusu-v-slzach-do-ronaldovy-rodiny-se-vratila-rakovina\\\/\"},\"author\":{\"name\":\"Mzone\",\"@id\":\"https:\\\/\\\/www.mzone.cz\\\/#\\\/schema\\\/person\\\/9bc20cc422a99cac4af6ff9297da32d4\"},\"headline\":\"Hv\u011bzda Juventusu v\u00a0slz\u00e1ch! Do Ronaldovy rodiny se vr\u00e1tila rakovina\",\"datePublished\":\"2019-02-12T05:00:16+00:00\",\"dateModified\":\"2019-08-30T08:28:00+00:00\",\"mainEntityOfPage\":{\"@id\":\"https:\\\/\\\/www.mzone.cz\\\/hvezda-juventusu-v-slzach-do-ronaldovy-rodiny-se-vratila-rakovina\\\/\"},\"wordCount\":303,\"commentCount\":0,\"image\":{\"@id\":\"https:\\\/\\\/www.mzone.cz\\\/hvezda-juventusu-v-slzach-do-ronaldovy-rodiny-se-vratila-rakovina\\\/#primaryimage\"},\"thumbnailUrl\":\"https:\\\/\\\/www.mzone.cz\\\/wp-content\\\/uploads\\\/2019\\\/02\\\/Sn\u00edmek-obrazovky-2019-02-10-v-20.02.48.png\",\"keywords\":[\"celebrita\",\"Cristiano Ronaldo\",\"fotbal\",\"fotbalista\",\"matka\",\"nemoc\",\"onemocn\u011bn\u00ed\",\"rakovina\",\"Ronaldo\",\"smutek\",\"Sport\",\"sportovec\"],\"articleSection\":[\"Sport\"],\"inLanguage\":\"en-US\",\"potentialAction\":[{\"@type\":\"CommentAction\",\"name\":\"Comment\",\"target\":[\"https:\\\/\\\/www.mzone.cz\\\/hvezda-juventusu-v-slzach-do-ronaldovy-rodiny-se-vratila-rakovina\\\/#respond\"]}]},{\"@type\":\"WebPage\",\"@id\":\"https:\\\/\\\/www.mzone.cz\\\/hvezda-juventusu-v-slzach-do-ronaldovy-rodiny-se-vratila-rakovina\\\/\",\"url\":\"https:\\\/\\\/www.mzone.cz\\\/hvezda-juventusu-v-slzach-do-ronaldovy-rodiny-se-vratila-rakovina\\\/\",\"name\":\"Hv\u011bzda Juventusu v\u00a0slz\u00e1ch! Do Ronaldovy rodiny se vr\u00e1tila rakovina - Mzone\",\"isPartOf\":{\"@id\":\"https:\\\/\\\/www.mzone.cz\\\/#website\"},\"primaryImageOfPage\":{\"@id\":\"https:\\\/\\\/www.mzone.cz\\\/hvezda-juventusu-v-slzach-do-ronaldovy-rodiny-se-vratila-rakovina\\\/#primaryimage\"},\"image\":{\"@id\":\"https:\\\/\\\/www.mzone.cz\\\/hvezda-juventusu-v-slzach-do-ronaldovy-rodiny-se-vratila-rakovina\\\/#primaryimage\"},\"thumbnailUrl\":\"https:\\\/\\\/www.mzone.cz\\\/wp-content\\\/uploads\\\/2019\\\/02\\\/Sn\u00edmek-obrazovky-2019-02-10-v-20.02.48.png\",\"datePublished\":\"2019-02-12T05:00:16+00:00\",\"dateModified\":\"2019-08-30T08:28:00+00:00\",\"author\":{\"@id\":\"https:\\\/\\\/www.mzone.cz\\\/#\\\/schema\\\/person\\\/9bc20cc422a99cac4af6ff9297da32d4\"},\"description\":\"Hv\u011bzdn\u00fd Cristiano Ronaldo m\u00e1 sice p\u011bn\u011bz jako \u0161lupek, ale ani ty mu nezm\u00edrn\u00ed jeho aktu\u00e1ln\u00ed tr\u00e1pen\u00ed. Jeho matce Dolores se toti\u017e vr\u00e1tila rakovina, se kterou \u017eena, kter\u00e1 p\u0159\u00edvedla na sv\u011bt jednoho z\u00a0nejlep\u0161\u00edch fotbalist\u016f sv\u011bta, bojovala u\u017e v\u00a0roce 2007.\",\"breadcrumb\":{\"@id\":\"https:\\\/\\\/www.mzone.cz\\\/hvezda-juventusu-v-slzach-do-ronaldovy-rodiny-se-vratila-rakovina\\\/#breadcrumb\"},\"inLanguage\":\"en-US\",\"potentialAction\":[{\"@type\":\"ReadAction\",\"target\":[\"https:\\\/\\\/www.mzone.cz\\\/hvezda-juventusu-v-slzach-do-ronaldovy-rodiny-se-vratila-rakovina\\\/\"]}]},{\"@type\":\"ImageObject\",\"inLanguage\":\"en-US\",\"@id\":\"https:\\\/\\\/www.mzone.cz\\\/hvezda-juventusu-v-slzach-do-ronaldovy-rodiny-se-vratila-rakovina\\\/#primaryimage\",\"url\":\"https:\\\/\\\/www.mzone.cz\\\/wp-content\\\/uploads\\\/2019\\\/02\\\/Sn\u00edmek-obrazovky-2019-02-10-v-20.02.48.png\",\"contentUrl\":\"https:\\\/\\\/www.mzone.cz\\\/wp-content\\\/uploads\\\/2019\\\/02\\\/Sn\u00edmek-obrazovky-2019-02-10-v-20.02.48.png\",\"width\":1578,\"height\":1052},{\"@type\":\"BreadcrumbList\",\"@id\":\"https:\\\/\\\/www.mzone.cz\\\/hvezda-juventusu-v-slzach-do-ronaldovy-rodiny-se-vratila-rakovina\\\/#breadcrumb\",\"itemListElement\":[{\"@type\":\"ListItem\",\"position\":1,\"name\":\"Dom\u016f\",\"item\":\"https:\\\/\\\/www.mzone.cz\\\/\"},{\"@type\":\"ListItem\",\"position\":2,\"name\":\"Hv\u011bzda Juventusu v\u00a0slz\u00e1ch! Do Ronaldovy rodiny se vr\u00e1tila rakovina\"}]},{\"@type\":\"WebSite\",\"@id\":\"https:\\\/\\\/www.mzone.cz\\\/#website\",\"url\":\"https:\\\/\\\/www.mzone.cz\\\/\",\"name\":\"Mzone\",\"description\":\"Magaz\u00edn nejen pro mu\u017ee\",\"potentialAction\":[{\"@type\":\"SearchAction\",\"target\":{\"@type\":\"EntryPoint\",\"urlTemplate\":\"https:\\\/\\\/www.mzone.cz\\\/?s={search_term_string}\"},\"query-input\":{\"@type\":\"PropertyValueSpecification\",\"valueRequired\":true,\"valueName\":\"search_term_string\"}}],\"inLanguage\":\"en-US\"},{\"@type\":\"Person\",\"@id\":\"https:\\\/\\\/www.mzone.cz\\\/#\\\/schema\\\/person\\\/9bc20cc422a99cac4af6ff9297da32d4\",\"name\":\"Mzone\",\"image\":{\"@type\":\"ImageObject\",\"inLanguage\":\"en-US\",\"@id\":\"https:\\\/\\\/secure.gravatar.com\\\/avatar\\\/e780a8630f3182a3d06dd667ab6bea151a0d155b0951bc15fe22633acdac0676?s=96&d=mm&r=g\",\"url\":\"https:\\\/\\\/secure.gravatar.com\\\/avatar\\\/e780a8630f3182a3d06dd667ab6bea151a0d155b0951bc15fe22633acdac0676?s=96&d=mm&r=g\",\"contentUrl\":\"https:\\\/\\\/secure.gravatar.com\\\/avatar\\\/e780a8630f3182a3d06dd667ab6bea151a0d155b0951bc15fe22633acdac0676?s=96&d=mm&r=g\",\"caption\":\"Mzone\"},\"url\":\"https:\\\/\\\/www.mzone.cz\\\/en\\\/author\\\/jakub\\\/\"}]}<\/script>\n<!-- \/ Yoast SEO plugin. -->","yoast_head_json":{"title":"Hv\u011bzda Juventusu v\u00a0slz\u00e1ch! Do Ronaldovy rodiny se vr\u00e1tila rakovina - Mzone","description":"Hv\u011bzdn\u00fd Cristiano Ronaldo m\u00e1 sice p\u011bn\u011bz jako \u0161lupek, ale ani ty mu nezm\u00edrn\u00ed jeho aktu\u00e1ln\u00ed tr\u00e1pen\u00ed. Jeho matce Dolores se toti\u017e vr\u00e1tila rakovina, se kterou \u017eena, kter\u00e1 p\u0159\u00edvedla na sv\u011bt jednoho z\u00a0nejlep\u0161\u00edch fotbalist\u016f sv\u011bta, bojovala u\u017e v\u00a0roce 2007.","robots":{"index":"index","follow":"follow","max-snippet":"max-snippet:-1","max-image-preview":"max-image-preview:large","max-video-preview":"max-video-preview:-1"},"canonical":"https:\/\/www.mzone.cz\/en\/hvezda-juventusu-v-slzach-do-ronaldovy-rodiny-se-vratila-rakovina\/","og_locale":"en_US","og_type":"article","og_title":"Hv\u011bzda Juventusu v\u00a0slz\u00e1ch! Do Ronaldovy rodiny se vr\u00e1tila rakovina - Mzone","og_description":"Hv\u011bzdn\u00fd Cristiano Ronaldo m\u00e1 sice p\u011bn\u011bz jako \u0161lupek, ale ani ty mu nezm\u00edrn\u00ed jeho aktu\u00e1ln\u00ed tr\u00e1pen\u00ed. Jeho matce Dolores se toti\u017e vr\u00e1tila rakovina, se kterou \u017eena, kter\u00e1 p\u0159\u00edvedla na sv\u011bt jednoho z\u00a0nejlep\u0161\u00edch fotbalist\u016f sv\u011bta, bojovala u\u017e v\u00a0roce 2007.","og_url":"https:\/\/www.mzone.cz\/en\/hvezda-juventusu-v-slzach-do-ronaldovy-rodiny-se-vratila-rakovina\/","og_site_name":"Mzone","article_publisher":"https:\/\/www.facebook.com\/MzoneCZ\/","article_published_time":"2019-02-12T05:00:16+00:00","article_modified_time":"2019-08-30T08:28:00+00:00","og_image":[{"width":1578,"height":1052,"url":"https:\/\/www.mzone.cz\/wp-content\/uploads\/2019\/02\/Sn\u00edmek-obrazovky-2019-02-10-v-20.02.48.png","type":"image\/png"}],"author":"Mzone","twitter_card":"summary_large_image","twitter_misc":{"Written by":"Mzone","Est. reading time":"1 minute"},"schema":{"@context":"https:\/\/schema.org","@graph":[{"@type":"Article","@id":"https:\/\/www.mzone.cz\/hvezda-juventusu-v-slzach-do-ronaldovy-rodiny-se-vratila-rakovina\/#article","isPartOf":{"@id":"https:\/\/www.mzone.cz\/hvezda-juventusu-v-slzach-do-ronaldovy-rodiny-se-vratila-rakovina\/"},"author":{"name":"Mzone","@id":"https:\/\/www.mzone.cz\/#\/schema\/person\/9bc20cc422a99cac4af6ff9297da32d4"},"headline":"Hv\u011bzda Juventusu v\u00a0slz\u00e1ch! Do Ronaldovy rodiny se vr\u00e1tila rakovina","datePublished":"2019-02-12T05:00:16+00:00","dateModified":"2019-08-30T08:28:00+00:00","mainEntityOfPage":{"@id":"https:\/\/www.mzone.cz\/hvezda-juventusu-v-slzach-do-ronaldovy-rodiny-se-vratila-rakovina\/"},"wordCount":303,"commentCount":0,"image":{"@id":"https:\/\/www.mzone.cz\/hvezda-juventusu-v-slzach-do-ronaldovy-rodiny-se-vratila-rakovina\/#primaryimage"},"thumbnailUrl":"https:\/\/www.mzone.cz\/wp-content\/uploads\/2019\/02\/Sn\u00edmek-obrazovky-2019-02-10-v-20.02.48.png","keywords":["celebrita","Cristiano Ronaldo","fotbal","fotbalista","matka","nemoc","onemocn\u011bn\u00ed","rakovina","Ronaldo","smutek","Sport","sportovec"],"articleSection":["Sport"],"inLanguage":"en-US","potentialAction":[{"@type":"CommentAction","name":"Comment","target":["https:\/\/www.mzone.cz\/hvezda-juventusu-v-slzach-do-ronaldovy-rodiny-se-vratila-rakovina\/#respond"]}]},{"@type":"WebPage","@id":"https:\/\/www.mzone.cz\/hvezda-juventusu-v-slzach-do-ronaldovy-rodiny-se-vratila-rakovina\/","url":"https:\/\/www.mzone.cz\/hvezda-juventusu-v-slzach-do-ronaldovy-rodiny-se-vratila-rakovina\/","name":"Hv\u011bzda Juventusu v\u00a0slz\u00e1ch! Do Ronaldovy rodiny se vr\u00e1tila rakovina - Mzone","isPartOf":{"@id":"https:\/\/www.mzone.cz\/#website"},"primaryImageOfPage":{"@id":"https:\/\/www.mzone.cz\/hvezda-juventusu-v-slzach-do-ronaldovy-rodiny-se-vratila-rakovina\/#primaryimage"},"image":{"@id":"https:\/\/www.mzone.cz\/hvezda-juventusu-v-slzach-do-ronaldovy-rodiny-se-vratila-rakovina\/#primaryimage"},"thumbnailUrl":"https:\/\/www.mzone.cz\/wp-content\/uploads\/2019\/02\/Sn\u00edmek-obrazovky-2019-02-10-v-20.02.48.png","datePublished":"2019-02-12T05:00:16+00:00","dateModified":"2019-08-30T08:28:00+00:00","author":{"@id":"https:\/\/www.mzone.cz\/#\/schema\/person\/9bc20cc422a99cac4af6ff9297da32d4"},"description":"Hv\u011bzdn\u00fd Cristiano Ronaldo m\u00e1 sice p\u011bn\u011bz jako \u0161lupek, ale ani ty mu nezm\u00edrn\u00ed jeho aktu\u00e1ln\u00ed tr\u00e1pen\u00ed. Jeho matce Dolores se toti\u017e vr\u00e1tila rakovina, se kterou \u017eena, kter\u00e1 p\u0159\u00edvedla na sv\u011bt jednoho z\u00a0nejlep\u0161\u00edch fotbalist\u016f sv\u011bta, bojovala u\u017e v\u00a0roce 2007.","breadcrumb":{"@id":"https:\/\/www.mzone.cz\/hvezda-juventusu-v-slzach-do-ronaldovy-rodiny-se-vratila-rakovina\/#breadcrumb"},"inLanguage":"en-US","potentialAction":[{"@type":"ReadAction","target":["https:\/\/www.mzone.cz\/hvezda-juventusu-v-slzach-do-ronaldovy-rodiny-se-vratila-rakovina\/"]}]},{"@type":"ImageObject","inLanguage":"en-US","@id":"https:\/\/www.mzone.cz\/hvezda-juventusu-v-slzach-do-ronaldovy-rodiny-se-vratila-rakovina\/#primaryimage","url":"https:\/\/www.mzone.cz\/wp-content\/uploads\/2019\/02\/Sn\u00edmek-obrazovky-2019-02-10-v-20.02.48.png","contentUrl":"https:\/\/www.mzone.cz\/wp-content\/uploads\/2019\/02\/Sn\u00edmek-obrazovky-2019-02-10-v-20.02.48.png","width":1578,"height":1052},{"@type":"BreadcrumbList","@id":"https:\/\/www.mzone.cz\/hvezda-juventusu-v-slzach-do-ronaldovy-rodiny-se-vratila-rakovina\/#breadcrumb","itemListElement":[{"@type":"ListItem","position":1,"name":"Dom\u016f","item":"https:\/\/www.mzone.cz\/"},{"@type":"ListItem","position":2,"name":"Hv\u011bzda Juventusu v\u00a0slz\u00e1ch! Do Ronaldovy rodiny se vr\u00e1tila rakovina"}]},{"@type":"WebSite","@id":"https:\/\/www.mzone.cz\/#website","url":"https:\/\/www.mzone.cz\/","name":"Mzone","description":"Magaz\u00edn nejen pro mu\u017ee","potentialAction":[{"@type":"SearchAction","target":{"@type":"EntryPoint","urlTemplate":"https:\/\/www.mzone.cz\/?s={search_term_string}"},"query-input":{"@type":"PropertyValueSpecification","valueRequired":true,"valueName":"search_term_string"}}],"inLanguage":"en-US"},{"@type":"Person","@id":"https:\/\/www.mzone.cz\/#\/schema\/person\/9bc20cc422a99cac4af6ff9297da32d4","name":"Mzone","image":{"@type":"ImageObject","inLanguage":"en-US","@id":"https:\/\/secure.gravatar.com\/avatar\/e780a8630f3182a3d06dd667ab6bea151a0d155b0951bc15fe22633acdac0676?s=96&d=mm&r=g","url":"https:\/\/secure.gravatar.com\/avatar\/e780a8630f3182a3d06dd667ab6bea151a0d155b0951bc15fe22633acdac0676?s=96&d=mm&r=g","contentUrl":"https:\/\/secure.gravatar.com\/avatar\/e780a8630f3182a3d06dd667ab6bea151a0d155b0951bc15fe22633acdac0676?s=96&d=mm&r=g","caption":"Mzone"},"url":"https:\/\/www.mzone.cz\/en\/author\/jakub\/"}]}},"_links":{"self":[{"href":"https:\/\/www.mzone.cz\/en\/wp-json\/wp\/v2\/posts\/4388","targetHints":{"allow":["GET"]}}],"collection":[{"href":"https:\/\/www.mzone.cz\/en\/wp-json\/wp\/v2\/posts"}],"about":[{"href":"https:\/\/www.mzone.cz\/en\/wp-json\/wp\/v2\/types\/post"}],"author":[{"embeddable":true,"href":"https:\/\/www.mzone.cz\/en\/wp-json\/wp\/v2\/users\/4"}],"replies":[{"embeddable":true,"href":"https:\/\/www.mzone.cz\/en\/wp-json\/wp\/v2\/comments?post=4388"}],"version-history":[{"count":1,"href":"https:\/\/www.mzone.cz\/en\/wp-json\/wp\/v2\/posts\/4388\/revisions"}],"predecessor-version":[{"id":12620,"href":"https:\/\/www.mzone.cz\/en\/wp-json\/wp\/v2\/posts\/4388\/revisions\/12620"}],"wp:featuredmedia":[{"embeddable":true,"href":"https:\/\/www.mzone.cz\/en\/wp-json\/wp\/v2\/media\/4389"}],"wp:attachment":[{"href":"https:\/\/www.mzone.cz\/en\/wp-json\/wp\/v2\/media?parent=4388"}],"wp:term":[{"taxonomy":"category","embeddable":true,"href":"https:\/\/www.mzone.cz\/en\/wp-json\/wp\/v2\/categories?post=4388"},{"taxonomy":"post_tag","embeddable":true,"href":"https:\/\/www.mzone.cz\/en\/wp-json\/wp\/v2\/tags?post=4388"}],"curies":[{"name":"wp","href":"https:\/\/api.w.org\/{rel}","templated":true}]}}