{"id":44008,"date":"2024-09-10T19:35:29","date_gmt":"2024-09-10T17:35:29","guid":{"rendered":"https:\/\/www.mzone.cz\/?p=44008"},"modified":"2024-09-10T19:35:30","modified_gmt":"2024-09-10T17:35:30","slug":"vlny-jiriho-madla-budou-bojovat-za-ceskou-republiku-o-oscara","status":"publish","type":"post","link":"https:\/\/www.mzone.cz\/en\/vlny-jiriho-madla-budou-bojovat-za-ceskou-republiku-o-oscara\/","title":{"rendered":"Vlny Ji\u0159\u00edho M\u00e1dla budou bojovat za \u010ceskou republiku o Oscara"},"content":{"rendered":"<p><strong>O v\u00fdb\u011bru kandid\u00e1ta na Oscara za \u010ceskou republiku v\u00a0kategorii\u00a0Nejlep\u0161\u00ed zahrani\u010dn\u00ed film\u00a0ka\u017edoro\u010dn\u011b hlasuj\u00ed \u010dlenov\u00e9 \u010cesk\u00e9 filmov\u00e9 a televizn\u00ed akademie (\u010cFTA), kter\u00e1 stoj\u00ed i za ud\u00edlen\u00edm cen \u010cesk\u00fd lev. Do boje o presti\u017en\u00ed cenu\u00a097. ro\u010dn\u00edku\u00a0americk\u00e9 Akademie filmov\u00e9ho um\u011bn\u00ed a v\u011bd akademici vybrali film\u00a0Vlny\u00a0scen\u00e1risty a re\u017eis\u00e9ra Ji\u0159\u00edho M\u00e1dla.<\/strong><\/p><br>\n\n\n\n<p>Dobov\u00e9 drama p\u0159ipom\u00edn\u00e1 ud\u00e1losti osudn\u00e9ho roku 1968, kdy \u010ceskoslovensko za\u010dala v\u00a0r\u00e1mci \u201ebratrsk\u00e9 pomoci\u201c okupovat vojska Var\u0161avsk\u00e9 smlouvy. Film je inspirov\u00e1n skute\u010dn\u00fdm p\u0159\u00edb\u011bhem skupiny novin\u00e1\u0159\u016f Redakce mezin\u00e1rodn\u00edho \u017eivota \u010ceskoslovensk\u00e9ho rozhlasu a jejich odhodl\u00e1n\u00edm p\u0159in\u00e1\u0161et nez\u00e1visl\u00e9 zpr\u00e1vy za ka\u017edou cenu. Ve\u00a0sv\u011btov\u00e9 premi\u00e9\u0159e byl sn\u00edmek uveden na Mezin\u00e1rodn\u00edm filmov\u00e9m festivalu Karlovy Vary. Do kin ofici\u00e1ln\u011b vstoupil 15. srpna, kde jej prozat\u00edm zhl\u00e9dlo p\u0159es 350 tis\u00edc div\u00e1k\u016f.<\/p>\n\n\n\n<blockquote class=\"wp-block-quote is-layout-flow wp-block-quote-is-layout-flow\">\n<p>Hlasov\u00e1n\u00ed akademik\u016f o kandid\u00e1ta na Oscara prob\u00edhalo od 30. srpna do 8. z\u00e1\u0159\u00ed a akademici vyb\u00edrali ze 13 \u010desk\u00fdch celove\u010dern\u00edch film\u016f, p\u0159ihl\u00e1\u0161en\u00fdch jejich producenty.\u00a0Za filmem\u00a0<em>Vlny<\/em>\u00a0se v\u00a0hlasov\u00e1n\u00ed um\u00edstily sn\u00edmky Amerik\u00e1nka a Mord (ps\u00e1no v\u00a0abecedn\u00edm po\u0159ad\u00ed).<\/p>\n<\/blockquote>\n\n\n\n<p>Slavnostn\u00ed vyhl\u00e1\u0161en\u00ed 97. ro\u010dn\u00edku cen\u00a0americk\u00e9 Akademie filmov\u00e9ho um\u011bn\u00ed a v\u011bd se uskute\u010dn\u00ed 2.\u00a0b\u0159ezna 2025. Oscarov\u00fd shortlist v\u00fdb\u011bru 15 zahrani\u010dn\u00edch film\u016f Akademie zve\u0159ejn\u00ed 17. prosince leto\u0161n\u00edho roku. Nominace pak budou ozn\u00e1meny 17. ledna 2025.<\/p><br>\n\n\n\n<p>Ji\u0159\u00ed M\u00e1dl ve sv\u00e9m zat\u00edm nejambici\u00f3zn\u011bj\u0161\u00edm filmu odtaj\u0148uje skute\u010dn\u00e9 dobov\u00e9 ud\u00e1losti v uhran\u010div\u00e9m \u0161pion\u00e1\u017en\u00edm thrilleru o d\u016fle\u017eitosti rodiny, o boji za svobodu a o jedn\u00e9 nahr\u00e1vce, kter\u00e1 m\u016f\u017ee zm\u011bnit b\u011bh d\u011bjin. V&nbsp;dob\u011b pra\u017esk\u00e9ho jara se mezi tehdej\u0161\u00ed \u017eurnalistick\u00e9 ikony v proslul\u00e9 Redakci mezin\u00e1rodn\u00edho \u017eivota \u010ceskoslovensk\u00e9ho rozhlasu veden\u00e9 Milanem Weinerem dost\u00e1v\u00e1 mlad\u00edk Tom\u00e1\u0161, kter\u00fd se po ztr\u00e1t\u011b rodi\u010d\u016f star\u00e1 o sv\u00e9ho nezletil\u00e9ho bratra. Netu\u0161\u00ed v\u0161ak, \u017ee m\u00edstn\u00ed redakto\u0159i jsou v hled\u00e1\u010dku tajn\u00fdch slu\u017eeb. Tom\u00e1\u0161 se ocitne p\u0159ed slo\u017eit\u00fdm rozhodnut\u00edm, zda ohrozit sv\u00e9ho bratra, nebo ztratit vlastn\u00ed tv\u00e1\u0159 a mor\u00e1lku. Hlavn\u00ed roli re\u017eis\u00e9r sv\u011b\u0159il Vojt\u011bchu Vodochodsk\u00e9mu, d\u00e1le se ve sn\u00edmku p\u0159edstav\u00ed Stanislav Majer, Martin Hofmann, Vojt\u011bch Kotek, T\u00e1\u0148a Pauhofov\u00e1 nebo Marika \u0160oposk\u00e1. Ji\u0159\u00ed M\u00e1dl na filmu pracoval p\u0159es deset let.<\/p><br>\n\n\n\n<figure class=\"wp-block-image size-large\"><img loading=\"lazy\" decoding=\"async\" width=\"1024\" height=\"639\" src=\"https:\/\/www.mzone.cz\/wp-content\/uploads\/2024\/09\/Vlny_foto-1-1024x639.jpeg\" alt=\"Film Vlny\" class=\"wp-image-44015\" srcset=\"https:\/\/www.mzone.cz\/wp-content\/uploads\/2024\/09\/Vlny_foto-1-1024x639.jpeg 1024w, https:\/\/www.mzone.cz\/wp-content\/uploads\/2024\/09\/Vlny_foto-1-300x187.jpeg 300w, https:\/\/www.mzone.cz\/wp-content\/uploads\/2024\/09\/Vlny_foto-1-768x479.jpeg 768w, https:\/\/www.mzone.cz\/wp-content\/uploads\/2024\/09\/Vlny_foto-1-1536x958.jpeg 1536w, https:\/\/www.mzone.cz\/wp-content\/uploads\/2024\/09\/Vlny_foto-1-2048x1277.jpeg 2048w, https:\/\/www.mzone.cz\/wp-content\/uploads\/2024\/09\/Vlny_foto-1-18x12.jpeg 18w, https:\/\/www.mzone.cz\/wp-content\/uploads\/2024\/09\/Vlny_foto-1-590x368.jpeg 590w\" sizes=\"auto, (max-width: 1024px) 100vw, 1024px\" \/><\/figure><br>\n\n\n\n<p><a href=\"https:\/\/cs.wikipedia.org\/wiki\/Ji\u0159%C3%AD_M\u00e1dl\" target=\"_blank\" rel=\"noreferrer noopener\">Ji\u0159\u00ed M\u00e1dl<\/a>\u00a0debutoval jako re\u017eis\u00e9r a scen\u00e1rista filmem\u00a0<em>Pojedeme k\u00a0mo\u0159i<\/em>, kter\u00fd si vyslou\u017eil t\u0159i nominace na \u010cesk\u00e9ho lva a z\u00edskal \u0159adu ocen\u011bn\u00ed na mezin\u00e1rodn\u00edch filmov\u00fdch festivalech. Jeho druh\u00fdm celove\u010dern\u00edm filmem je sn\u00edmek\u00a0<em>Na st\u0159e\u0161e<\/em>, jen\u017e z\u00edskal hlavn\u00ed cenu na Mezin\u00e1rodn\u00edm filmov\u00e9m festivalu v Mannheimu i Cenu div\u00e1k\u016f na MFF Karlovy Vary a byl nominov\u00e1n na \u010cesk\u00e9ho lva v 7 kategori\u00edch. Jako herec se p\u0159ed kamerou poprv\u00e9 objevil ve filmu Snowboar\u010f\u00e1ci v roce 2004. D\u00e1le ztv\u00e1rnil nap\u0159\u00edklad role ve filmech Michaely Pavl\u00e1tov\u00e9\u00a0<em>D\u011bti noci<\/em>, Bohdana Sl\u00e1my\u00a0<em>\u010cty\u0159i slunce\u00a0<\/em>\u010di\u00a0<em>Vlk z Kr\u00e1lovsk\u00fdch Vinohrad<\/em>\u00a0Jana N\u011bmce. Za roli ve filmu\u00a0<em>Model\u00e1\u0159\u00a0<\/em>Petra Zelenky z\u00edskal \u010cesk\u00e9ho lva. Ji\u0159\u00ed M\u00e1dl si zahr\u00e1l i v \u0159ad\u011b zahrani\u010dn\u00edch produkc\u00ed, nap\u0159\u00edklad ve filmu\u00a0<em>Hra<\/em>\u00a0Alejandra Fern\u00e1ndeze Almendrase,\u00a0<em>Die Ermittlung<\/em>\u00a0Rolfa Petera Kahla nebo\u00a0<em>Charlotte, eine von uns<\/em>\u00a0Rolanda Colly.<\/p>\n\n\n\n<blockquote class=\"wp-block-quote is-layout-flow wp-block-quote-is-layout-flow\">\n<p>V\u00a0lo\u0148sk\u00e9m roce vybrali akademici jako kandid\u00e1ta na Oscara za \u010ceskou republiku film re\u017eis\u00e9ra Tom\u00e1\u0161e Ma\u0161\u00edna\u00a0<em>Brat\u0159i<\/em>.<\/p>\n<\/blockquote>\n\n\n\n<p>Ikonickou zlatou so\u0161ku americk\u00e9 Akademie filmov\u00e9ho um\u011bn\u00ed a v\u011bd zat\u00edm z\u00edskaly pouze dva \u010deskoslovensk\u00e9 a jeden \u010desk\u00fd film:\u00a0<em>Obchod na korze<\/em>\u00a0(1965) J\u00e1na Kad\u00e1ra a Elmara Klose, o dva roky pozd\u011bji\u00a0<em>Ost\u0159e sledovan\u00e9 vlaky<\/em>\u00a0Ji\u0159\u00edho Menzela a\u00a0<em>Kolja (<\/em>1996) Jana Sv\u011br\u00e1ka. \u0160estice dal\u0161\u00edch film\u016f se pak probojovala do nomina\u010dn\u00edho v\u00fdb\u011bru:\u00a0<em>L\u00e1sky jedn\u00e9 plavovl\u00e1sky<\/em>\u00a0(1966) a\u00a0<em>Ho\u0159\u00ed m\u00e1 panenko<\/em>\u00a0Milo\u0161e Formana (1968),\u00a0<em>Vesni\u010dko m\u00e1 st\u0159ediskov\u00e1<\/em>\u00a0Ji\u0159\u00edho Menzela (1986),\u00a0<em>Obecn\u00e1 \u0161kola<\/em>\u00a0Jana Sv\u011br\u00e1ka (1991),\u00a0<em>Mus\u00edme si pom\u00e1hat\u00a0<\/em>Jana H\u0159ebejka<em>\u00a0(<\/em>2000) a naposledy\u00a0<em>\u017delary<\/em>\u00a0Ond\u0159eje Trojana (2003). Do oscarov\u00e9ho shortlistu byl v\u00a0roce 2019 vybr\u00e1n film V\u00e1clava Marhoula\u00a0<em>Nabarven\u00e9 pt\u00e1\u010de<\/em>\u00a0a o dva roky pozd\u011bji sn\u00edmek Agnieszky Holland\u00a0<em>\u0160arlat\u00e1n<\/em>.<\/p><br>\n\n\n\n<div class=\"wp-block-media-text is-stacked-on-mobile is-vertically-aligned-top\" style=\"grid-template-columns:27% auto\"><figure class=\"wp-block-media-text__media\"><a href=\"https:\/\/www.mzone.cz\/tata-bojs-celovecerni-dokument-tata_bojs-doc-o-kapele-z-hanspaulky-je-tady\/\"><img loading=\"lazy\" decoding=\"async\" width=\"1024\" height=\"683\" src=\"https:\/\/www.mzone.cz\/wp-content\/uploads\/2024\/06\/Tata-Bojs-1024x683.jpg\" alt=\"Tata Bojs\" class=\"wp-image-43522 size-full\" srcset=\"https:\/\/www.mzone.cz\/wp-content\/uploads\/2024\/06\/Tata-Bojs-1024x683.jpg 1024w, https:\/\/www.mzone.cz\/wp-content\/uploads\/2024\/06\/Tata-Bojs-300x200.jpg 300w, https:\/\/www.mzone.cz\/wp-content\/uploads\/2024\/06\/Tata-Bojs-768x512.jpg 768w, https:\/\/www.mzone.cz\/wp-content\/uploads\/2024\/06\/Tata-Bojs-18x12.jpg 18w, https:\/\/www.mzone.cz\/wp-content\/uploads\/2024\/06\/Tata-Bojs-800x533.jpg 800w, https:\/\/www.mzone.cz\/wp-content\/uploads\/2024\/06\/Tata-Bojs-400x267.jpg 400w, https:\/\/www.mzone.cz\/wp-content\/uploads\/2024\/06\/Tata-Bojs-500x333.jpg 500w, https:\/\/www.mzone.cz\/wp-content\/uploads\/2024\/06\/Tata-Bojs-1170x780.jpg 1170w, https:\/\/www.mzone.cz\/wp-content\/uploads\/2024\/06\/Tata-Bojs-590x393.jpg 590w, https:\/\/www.mzone.cz\/wp-content\/uploads\/2024\/06\/Tata-Bojs.jpg 1504w\" sizes=\"auto, (max-width: 1024px) 100vw, 1024px\" \/><\/a><\/figure><div class=\"wp-block-media-text__content\">\n<h4 class=\"wp-block-heading\"><a href=\"https:\/\/www.mzone.cz\/tata-bojs-celovecerni-dokument-tata_bojs-doc-o-kapele-z-hanspaulky-je-tady\/\">Jak to bylo s Tata Bojs? Celove\u010dern\u00ed dokument tata_bojs.doc o kapele z Hanspaulky je tady!<\/a><\/h4><br>\n<\/div><\/div>\n\n\n\n<p><\/p>","protected":false},"excerpt":{"rendered":"<p>O v\u00fdb\u011bru kandid\u00e1ta na Oscara za \u010ceskou republiku v\u00a0kategorii\u00a0Nejlep\u0161\u00ed zahrani\u010dn\u00ed film\u00a0ka\u017edoro\u010dn\u011b hlasuj\u00ed \u010dlenov\u00e9 \u010cesk\u00e9 filmov\u00e9 a televizn\u00ed akademie (\u010cFTA), kter\u00e1 stoj\u00ed i za ud\u00edlen\u00edm cen \u010cesk\u00fd lev. Do boje o presti\u017en\u00ed cenu\u00a097. ro\u010dn\u00edku\u00a0americk\u00e9 Akademie filmov\u00e9ho um\u011bn\u00ed a v\u011bd akademici vybrali film\u00a0Vlny\u00a0scen\u00e1risty a re\u017eis\u00e9ra Ji\u0159\u00edho M\u00e1dla. Dobov\u00e9 drama p\u0159ipom\u00edn\u00e1 ud\u00e1losti osudn\u00e9ho roku 1968, kdy \u010ceskoslovensko za\u010dala [&hellip;]<\/p>\n","protected":false},"author":4,"featured_media":44010,"comment_status":"open","ping_status":"closed","sticky":false,"template":"","format":"standard","meta":{"kk_blocks_editor_width":"","_kiokenblocks_attr":"","_kiokenblocks_dimensions":"","footnotes":""},"categories":[73,71],"tags":[84,2256,541,314,6216,542,31,2789,1347,1343,2788,3111],"class_list":["post-44008","post","type-post","status-publish","format-standard","has-post-thumbnail","hentry","category-filmy","category-kultura","tag-cena","tag-ceny","tag-film","tag-filmy","tag-jiri-madl","tag-kinematografie","tag-kultura","tag-nominace","tag-oceneni","tag-oscar","tag-oskar","tag-vlny"],"yoast_head":"<!-- This site is optimized with the Yoast SEO plugin v27.5 - https:\/\/yoast.com\/product\/yoast-seo-wordpress\/ -->\n<title>Vlny Ji\u0159\u00edho M\u00e1dla budou bojovat za \u010ceskou republiku o Oscara - Mzone<\/title>\n<meta name=\"description\" content=\"O v\u00fdb\u011bru kandid\u00e1ta na Oscara za \u010ceskou republiku v kategorii Nejlep\u0161\u00ed zahrani\u010dn\u00ed film ka\u017edoro\u010dn\u011b hlasuj\u00ed \u010dlenov\u00e9 \u010cesk\u00e9 filmov\u00e9 a televizn\u00ed akademie (\u010cFTA), kter\u00e1 stoj\u00ed i za ud\u00edlen\u00edm cen \u010cesk\u00fd lev. Do boje o presti\u017en\u00ed cenu 97. ro\u010dn\u00edku americk\u00e9 Akademie filmov\u00e9ho um\u011bn\u00ed a v\u011bd akademici vybrali film Vlny scen\u00e1risty a re\u017eis\u00e9ra Ji\u0159\u00edho M\u00e1dla.\" \/>\n<meta name=\"robots\" content=\"index, follow, max-snippet:-1, max-image-preview:large, max-video-preview:-1\" \/>\n<link rel=\"canonical\" href=\"https:\/\/www.mzone.cz\/en\/vlny-jiriho-madla-budou-bojovat-za-ceskou-republiku-o-oscara\/\" \/>\n<meta property=\"og:locale\" content=\"en_US\" \/>\n<meta property=\"og:type\" content=\"article\" \/>\n<meta property=\"og:title\" content=\"Vlny Ji\u0159\u00edho M\u00e1dla budou bojovat za \u010ceskou republiku o Oscara - Mzone\" \/>\n<meta property=\"og:description\" content=\"O v\u00fdb\u011bru kandid\u00e1ta na Oscara za \u010ceskou republiku v kategorii Nejlep\u0161\u00ed zahrani\u010dn\u00ed film ka\u017edoro\u010dn\u011b hlasuj\u00ed \u010dlenov\u00e9 \u010cesk\u00e9 filmov\u00e9 a televizn\u00ed akademie (\u010cFTA), kter\u00e1 stoj\u00ed i za ud\u00edlen\u00edm cen \u010cesk\u00fd lev. Do boje o presti\u017en\u00ed cenu 97. ro\u010dn\u00edku americk\u00e9 Akademie filmov\u00e9ho um\u011bn\u00ed a v\u011bd akademici vybrali film Vlny scen\u00e1risty a re\u017eis\u00e9ra Ji\u0159\u00edho M\u00e1dla.\" \/>\n<meta property=\"og:url\" content=\"https:\/\/www.mzone.cz\/en\/vlny-jiriho-madla-budou-bojovat-za-ceskou-republiku-o-oscara\/\" \/>\n<meta property=\"og:site_name\" content=\"Mzone\" \/>\n<meta property=\"article:publisher\" content=\"https:\/\/www.facebook.com\/MzoneCZ\/\" \/>\n<meta property=\"article:published_time\" content=\"2024-09-10T17:35:29+00:00\" \/>\n<meta property=\"article:modified_time\" content=\"2024-09-10T17:35:30+00:00\" \/>\n<meta property=\"og:image\" content=\"https:\/\/www.mzone.cz\/wp-content\/uploads\/2024\/09\/Vlny.jpg\" \/>\n\t<meta property=\"og:image:width\" content=\"1476\" \/>\n\t<meta property=\"og:image:height\" content=\"984\" \/>\n\t<meta property=\"og:image:type\" content=\"image\/jpeg\" \/>\n<meta name=\"author\" content=\"Mzone\" \/>\n<meta name=\"twitter:card\" content=\"summary_large_image\" \/>\n<meta name=\"twitter:label1\" content=\"Written by\" \/>\n\t<meta name=\"twitter:data1\" content=\"Mzone\" \/>\n\t<meta name=\"twitter:label2\" content=\"Est. reading time\" \/>\n\t<meta name=\"twitter:data2\" content=\"4 minutes\" \/>\n<script type=\"application\/ld+json\" class=\"yoast-schema-graph\">{\"@context\":\"https:\\\/\\\/schema.org\",\"@graph\":[{\"@type\":\"Article\",\"@id\":\"https:\\\/\\\/www.mzone.cz\\\/vlny-jiriho-madla-budou-bojovat-za-ceskou-republiku-o-oscara\\\/#article\",\"isPartOf\":{\"@id\":\"https:\\\/\\\/www.mzone.cz\\\/vlny-jiriho-madla-budou-bojovat-za-ceskou-republiku-o-oscara\\\/\"},\"author\":{\"name\":\"Mzone\",\"@id\":\"https:\\\/\\\/www.mzone.cz\\\/#\\\/schema\\\/person\\\/9bc20cc422a99cac4af6ff9297da32d4\"},\"headline\":\"Vlny Ji\u0159\u00edho M\u00e1dla budou bojovat za \u010ceskou republiku o Oscara\",\"datePublished\":\"2024-09-10T17:35:29+00:00\",\"dateModified\":\"2024-09-10T17:35:30+00:00\",\"mainEntityOfPage\":{\"@id\":\"https:\\\/\\\/www.mzone.cz\\\/vlny-jiriho-madla-budou-bojovat-za-ceskou-republiku-o-oscara\\\/\"},\"wordCount\":804,\"commentCount\":0,\"image\":{\"@id\":\"https:\\\/\\\/www.mzone.cz\\\/vlny-jiriho-madla-budou-bojovat-za-ceskou-republiku-o-oscara\\\/#primaryimage\"},\"thumbnailUrl\":\"https:\\\/\\\/www.mzone.cz\\\/wp-content\\\/uploads\\\/2024\\\/09\\\/Vlny.jpg\",\"keywords\":[\"cena\",\"ceny\",\"film\",\"Filmy\",\"Ji\u0159\u00ed M\u00e1dl\",\"kinematografie\",\"Kultura\",\"nominace\",\"ocen\u011bn\u00ed\",\"Oscar\",\"Oskar\",\"vlny\"],\"articleSection\":[\"Filmy\",\"Kultura\"],\"inLanguage\":\"en-US\",\"potentialAction\":[{\"@type\":\"CommentAction\",\"name\":\"Comment\",\"target\":[\"https:\\\/\\\/www.mzone.cz\\\/vlny-jiriho-madla-budou-bojovat-za-ceskou-republiku-o-oscara\\\/#respond\"]}]},{\"@type\":\"WebPage\",\"@id\":\"https:\\\/\\\/www.mzone.cz\\\/vlny-jiriho-madla-budou-bojovat-za-ceskou-republiku-o-oscara\\\/\",\"url\":\"https:\\\/\\\/www.mzone.cz\\\/vlny-jiriho-madla-budou-bojovat-za-ceskou-republiku-o-oscara\\\/\",\"name\":\"Vlny Ji\u0159\u00edho M\u00e1dla budou bojovat za \u010ceskou republiku o Oscara - Mzone\",\"isPartOf\":{\"@id\":\"https:\\\/\\\/www.mzone.cz\\\/#website\"},\"primaryImageOfPage\":{\"@id\":\"https:\\\/\\\/www.mzone.cz\\\/vlny-jiriho-madla-budou-bojovat-za-ceskou-republiku-o-oscara\\\/#primaryimage\"},\"image\":{\"@id\":\"https:\\\/\\\/www.mzone.cz\\\/vlny-jiriho-madla-budou-bojovat-za-ceskou-republiku-o-oscara\\\/#primaryimage\"},\"thumbnailUrl\":\"https:\\\/\\\/www.mzone.cz\\\/wp-content\\\/uploads\\\/2024\\\/09\\\/Vlny.jpg\",\"datePublished\":\"2024-09-10T17:35:29+00:00\",\"dateModified\":\"2024-09-10T17:35:30+00:00\",\"author\":{\"@id\":\"https:\\\/\\\/www.mzone.cz\\\/#\\\/schema\\\/person\\\/9bc20cc422a99cac4af6ff9297da32d4\"},\"description\":\"O v\u00fdb\u011bru kandid\u00e1ta na Oscara za \u010ceskou republiku v kategorii Nejlep\u0161\u00ed zahrani\u010dn\u00ed film ka\u017edoro\u010dn\u011b hlasuj\u00ed \u010dlenov\u00e9 \u010cesk\u00e9 filmov\u00e9 a televizn\u00ed akademie (\u010cFTA), kter\u00e1 stoj\u00ed i za ud\u00edlen\u00edm cen \u010cesk\u00fd lev. Do boje o presti\u017en\u00ed cenu 97. ro\u010dn\u00edku americk\u00e9 Akademie filmov\u00e9ho um\u011bn\u00ed a v\u011bd akademici vybrali film Vlny scen\u00e1risty a re\u017eis\u00e9ra Ji\u0159\u00edho M\u00e1dla.\",\"breadcrumb\":{\"@id\":\"https:\\\/\\\/www.mzone.cz\\\/vlny-jiriho-madla-budou-bojovat-za-ceskou-republiku-o-oscara\\\/#breadcrumb\"},\"inLanguage\":\"en-US\",\"potentialAction\":[{\"@type\":\"ReadAction\",\"target\":[\"https:\\\/\\\/www.mzone.cz\\\/vlny-jiriho-madla-budou-bojovat-za-ceskou-republiku-o-oscara\\\/\"]}]},{\"@type\":\"ImageObject\",\"inLanguage\":\"en-US\",\"@id\":\"https:\\\/\\\/www.mzone.cz\\\/vlny-jiriho-madla-budou-bojovat-za-ceskou-republiku-o-oscara\\\/#primaryimage\",\"url\":\"https:\\\/\\\/www.mzone.cz\\\/wp-content\\\/uploads\\\/2024\\\/09\\\/Vlny.jpg\",\"contentUrl\":\"https:\\\/\\\/www.mzone.cz\\\/wp-content\\\/uploads\\\/2024\\\/09\\\/Vlny.jpg\",\"width\":1476,\"height\":984,\"caption\":\"Vlny\"},{\"@type\":\"BreadcrumbList\",\"@id\":\"https:\\\/\\\/www.mzone.cz\\\/vlny-jiriho-madla-budou-bojovat-za-ceskou-republiku-o-oscara\\\/#breadcrumb\",\"itemListElement\":[{\"@type\":\"ListItem\",\"position\":1,\"name\":\"Dom\u016f\",\"item\":\"https:\\\/\\\/www.mzone.cz\\\/\"},{\"@type\":\"ListItem\",\"position\":2,\"name\":\"Vlny Ji\u0159\u00edho M\u00e1dla budou bojovat za \u010ceskou republiku o Oscara\"}]},{\"@type\":\"WebSite\",\"@id\":\"https:\\\/\\\/www.mzone.cz\\\/#website\",\"url\":\"https:\\\/\\\/www.mzone.cz\\\/\",\"name\":\"Mzone\",\"description\":\"Magaz\u00edn nejen pro mu\u017ee\",\"potentialAction\":[{\"@type\":\"SearchAction\",\"target\":{\"@type\":\"EntryPoint\",\"urlTemplate\":\"https:\\\/\\\/www.mzone.cz\\\/?s={search_term_string}\"},\"query-input\":{\"@type\":\"PropertyValueSpecification\",\"valueRequired\":true,\"valueName\":\"search_term_string\"}}],\"inLanguage\":\"en-US\"},{\"@type\":\"Person\",\"@id\":\"https:\\\/\\\/www.mzone.cz\\\/#\\\/schema\\\/person\\\/9bc20cc422a99cac4af6ff9297da32d4\",\"name\":\"Mzone\",\"image\":{\"@type\":\"ImageObject\",\"inLanguage\":\"en-US\",\"@id\":\"https:\\\/\\\/secure.gravatar.com\\\/avatar\\\/e780a8630f3182a3d06dd667ab6bea151a0d155b0951bc15fe22633acdac0676?s=96&d=mm&r=g\",\"url\":\"https:\\\/\\\/secure.gravatar.com\\\/avatar\\\/e780a8630f3182a3d06dd667ab6bea151a0d155b0951bc15fe22633acdac0676?s=96&d=mm&r=g\",\"contentUrl\":\"https:\\\/\\\/secure.gravatar.com\\\/avatar\\\/e780a8630f3182a3d06dd667ab6bea151a0d155b0951bc15fe22633acdac0676?s=96&d=mm&r=g\",\"caption\":\"Mzone\"},\"url\":\"https:\\\/\\\/www.mzone.cz\\\/en\\\/author\\\/jakub\\\/\"}]}<\/script>\n<!-- \/ Yoast SEO plugin. -->","yoast_head_json":{"title":"Vlny Ji\u0159\u00edho M\u00e1dla budou bojovat za \u010ceskou republiku o Oscara - Mzone","description":"O v\u00fdb\u011bru kandid\u00e1ta na Oscara za \u010ceskou republiku v kategorii Nejlep\u0161\u00ed zahrani\u010dn\u00ed film ka\u017edoro\u010dn\u011b hlasuj\u00ed \u010dlenov\u00e9 \u010cesk\u00e9 filmov\u00e9 a televizn\u00ed akademie (\u010cFTA), kter\u00e1 stoj\u00ed i za ud\u00edlen\u00edm cen \u010cesk\u00fd lev. Do boje o presti\u017en\u00ed cenu 97. ro\u010dn\u00edku americk\u00e9 Akademie filmov\u00e9ho um\u011bn\u00ed a v\u011bd akademici vybrali film Vlny scen\u00e1risty a re\u017eis\u00e9ra Ji\u0159\u00edho M\u00e1dla.","robots":{"index":"index","follow":"follow","max-snippet":"max-snippet:-1","max-image-preview":"max-image-preview:large","max-video-preview":"max-video-preview:-1"},"canonical":"https:\/\/www.mzone.cz\/en\/vlny-jiriho-madla-budou-bojovat-za-ceskou-republiku-o-oscara\/","og_locale":"en_US","og_type":"article","og_title":"Vlny Ji\u0159\u00edho M\u00e1dla budou bojovat za \u010ceskou republiku o Oscara - Mzone","og_description":"O v\u00fdb\u011bru kandid\u00e1ta na Oscara za \u010ceskou republiku v kategorii Nejlep\u0161\u00ed zahrani\u010dn\u00ed film ka\u017edoro\u010dn\u011b hlasuj\u00ed \u010dlenov\u00e9 \u010cesk\u00e9 filmov\u00e9 a televizn\u00ed akademie (\u010cFTA), kter\u00e1 stoj\u00ed i za ud\u00edlen\u00edm cen \u010cesk\u00fd lev. Do boje o presti\u017en\u00ed cenu 97. ro\u010dn\u00edku americk\u00e9 Akademie filmov\u00e9ho um\u011bn\u00ed a v\u011bd akademici vybrali film Vlny scen\u00e1risty a re\u017eis\u00e9ra Ji\u0159\u00edho M\u00e1dla.","og_url":"https:\/\/www.mzone.cz\/en\/vlny-jiriho-madla-budou-bojovat-za-ceskou-republiku-o-oscara\/","og_site_name":"Mzone","article_publisher":"https:\/\/www.facebook.com\/MzoneCZ\/","article_published_time":"2024-09-10T17:35:29+00:00","article_modified_time":"2024-09-10T17:35:30+00:00","og_image":[{"width":1476,"height":984,"url":"https:\/\/www.mzone.cz\/wp-content\/uploads\/2024\/09\/Vlny.jpg","type":"image\/jpeg"}],"author":"Mzone","twitter_card":"summary_large_image","twitter_misc":{"Written by":"Mzone","Est. reading time":"4 minutes"},"schema":{"@context":"https:\/\/schema.org","@graph":[{"@type":"Article","@id":"https:\/\/www.mzone.cz\/vlny-jiriho-madla-budou-bojovat-za-ceskou-republiku-o-oscara\/#article","isPartOf":{"@id":"https:\/\/www.mzone.cz\/vlny-jiriho-madla-budou-bojovat-za-ceskou-republiku-o-oscara\/"},"author":{"name":"Mzone","@id":"https:\/\/www.mzone.cz\/#\/schema\/person\/9bc20cc422a99cac4af6ff9297da32d4"},"headline":"Vlny Ji\u0159\u00edho M\u00e1dla budou bojovat za \u010ceskou republiku o Oscara","datePublished":"2024-09-10T17:35:29+00:00","dateModified":"2024-09-10T17:35:30+00:00","mainEntityOfPage":{"@id":"https:\/\/www.mzone.cz\/vlny-jiriho-madla-budou-bojovat-za-ceskou-republiku-o-oscara\/"},"wordCount":804,"commentCount":0,"image":{"@id":"https:\/\/www.mzone.cz\/vlny-jiriho-madla-budou-bojovat-za-ceskou-republiku-o-oscara\/#primaryimage"},"thumbnailUrl":"https:\/\/www.mzone.cz\/wp-content\/uploads\/2024\/09\/Vlny.jpg","keywords":["cena","ceny","film","Filmy","Ji\u0159\u00ed M\u00e1dl","kinematografie","Kultura","nominace","ocen\u011bn\u00ed","Oscar","Oskar","vlny"],"articleSection":["Filmy","Kultura"],"inLanguage":"en-US","potentialAction":[{"@type":"CommentAction","name":"Comment","target":["https:\/\/www.mzone.cz\/vlny-jiriho-madla-budou-bojovat-za-ceskou-republiku-o-oscara\/#respond"]}]},{"@type":"WebPage","@id":"https:\/\/www.mzone.cz\/vlny-jiriho-madla-budou-bojovat-za-ceskou-republiku-o-oscara\/","url":"https:\/\/www.mzone.cz\/vlny-jiriho-madla-budou-bojovat-za-ceskou-republiku-o-oscara\/","name":"Vlny Ji\u0159\u00edho M\u00e1dla budou bojovat za \u010ceskou republiku o Oscara - Mzone","isPartOf":{"@id":"https:\/\/www.mzone.cz\/#website"},"primaryImageOfPage":{"@id":"https:\/\/www.mzone.cz\/vlny-jiriho-madla-budou-bojovat-za-ceskou-republiku-o-oscara\/#primaryimage"},"image":{"@id":"https:\/\/www.mzone.cz\/vlny-jiriho-madla-budou-bojovat-za-ceskou-republiku-o-oscara\/#primaryimage"},"thumbnailUrl":"https:\/\/www.mzone.cz\/wp-content\/uploads\/2024\/09\/Vlny.jpg","datePublished":"2024-09-10T17:35:29+00:00","dateModified":"2024-09-10T17:35:30+00:00","author":{"@id":"https:\/\/www.mzone.cz\/#\/schema\/person\/9bc20cc422a99cac4af6ff9297da32d4"},"description":"O v\u00fdb\u011bru kandid\u00e1ta na Oscara za \u010ceskou republiku v kategorii Nejlep\u0161\u00ed zahrani\u010dn\u00ed film ka\u017edoro\u010dn\u011b hlasuj\u00ed \u010dlenov\u00e9 \u010cesk\u00e9 filmov\u00e9 a televizn\u00ed akademie (\u010cFTA), kter\u00e1 stoj\u00ed i za ud\u00edlen\u00edm cen \u010cesk\u00fd lev. Do boje o presti\u017en\u00ed cenu 97. ro\u010dn\u00edku americk\u00e9 Akademie filmov\u00e9ho um\u011bn\u00ed a v\u011bd akademici vybrali film Vlny scen\u00e1risty a re\u017eis\u00e9ra Ji\u0159\u00edho M\u00e1dla.","breadcrumb":{"@id":"https:\/\/www.mzone.cz\/vlny-jiriho-madla-budou-bojovat-za-ceskou-republiku-o-oscara\/#breadcrumb"},"inLanguage":"en-US","potentialAction":[{"@type":"ReadAction","target":["https:\/\/www.mzone.cz\/vlny-jiriho-madla-budou-bojovat-za-ceskou-republiku-o-oscara\/"]}]},{"@type":"ImageObject","inLanguage":"en-US","@id":"https:\/\/www.mzone.cz\/vlny-jiriho-madla-budou-bojovat-za-ceskou-republiku-o-oscara\/#primaryimage","url":"https:\/\/www.mzone.cz\/wp-content\/uploads\/2024\/09\/Vlny.jpg","contentUrl":"https:\/\/www.mzone.cz\/wp-content\/uploads\/2024\/09\/Vlny.jpg","width":1476,"height":984,"caption":"Vlny"},{"@type":"BreadcrumbList","@id":"https:\/\/www.mzone.cz\/vlny-jiriho-madla-budou-bojovat-za-ceskou-republiku-o-oscara\/#breadcrumb","itemListElement":[{"@type":"ListItem","position":1,"name":"Dom\u016f","item":"https:\/\/www.mzone.cz\/"},{"@type":"ListItem","position":2,"name":"Vlny Ji\u0159\u00edho M\u00e1dla budou bojovat za \u010ceskou republiku o Oscara"}]},{"@type":"WebSite","@id":"https:\/\/www.mzone.cz\/#website","url":"https:\/\/www.mzone.cz\/","name":"Mzone","description":"Magaz\u00edn nejen pro mu\u017ee","potentialAction":[{"@type":"SearchAction","target":{"@type":"EntryPoint","urlTemplate":"https:\/\/www.mzone.cz\/?s={search_term_string}"},"query-input":{"@type":"PropertyValueSpecification","valueRequired":true,"valueName":"search_term_string"}}],"inLanguage":"en-US"},{"@type":"Person","@id":"https:\/\/www.mzone.cz\/#\/schema\/person\/9bc20cc422a99cac4af6ff9297da32d4","name":"Mzone","image":{"@type":"ImageObject","inLanguage":"en-US","@id":"https:\/\/secure.gravatar.com\/avatar\/e780a8630f3182a3d06dd667ab6bea151a0d155b0951bc15fe22633acdac0676?s=96&d=mm&r=g","url":"https:\/\/secure.gravatar.com\/avatar\/e780a8630f3182a3d06dd667ab6bea151a0d155b0951bc15fe22633acdac0676?s=96&d=mm&r=g","contentUrl":"https:\/\/secure.gravatar.com\/avatar\/e780a8630f3182a3d06dd667ab6bea151a0d155b0951bc15fe22633acdac0676?s=96&d=mm&r=g","caption":"Mzone"},"url":"https:\/\/www.mzone.cz\/en\/author\/jakub\/"}]}},"_links":{"self":[{"href":"https:\/\/www.mzone.cz\/en\/wp-json\/wp\/v2\/posts\/44008","targetHints":{"allow":["GET"]}}],"collection":[{"href":"https:\/\/www.mzone.cz\/en\/wp-json\/wp\/v2\/posts"}],"about":[{"href":"https:\/\/www.mzone.cz\/en\/wp-json\/wp\/v2\/types\/post"}],"author":[{"embeddable":true,"href":"https:\/\/www.mzone.cz\/en\/wp-json\/wp\/v2\/users\/4"}],"replies":[{"embeddable":true,"href":"https:\/\/www.mzone.cz\/en\/wp-json\/wp\/v2\/comments?post=44008"}],"version-history":[{"count":10,"href":"https:\/\/www.mzone.cz\/en\/wp-json\/wp\/v2\/posts\/44008\/revisions"}],"predecessor-version":[{"id":44020,"href":"https:\/\/www.mzone.cz\/en\/wp-json\/wp\/v2\/posts\/44008\/revisions\/44020"}],"wp:featuredmedia":[{"embeddable":true,"href":"https:\/\/www.mzone.cz\/en\/wp-json\/wp\/v2\/media\/44010"}],"wp:attachment":[{"href":"https:\/\/www.mzone.cz\/en\/wp-json\/wp\/v2\/media?parent=44008"}],"wp:term":[{"taxonomy":"category","embeddable":true,"href":"https:\/\/www.mzone.cz\/en\/wp-json\/wp\/v2\/categories?post=44008"},{"taxonomy":"post_tag","embeddable":true,"href":"https:\/\/www.mzone.cz\/en\/wp-json\/wp\/v2\/tags?post=44008"}],"curies":[{"name":"wp","href":"https:\/\/api.w.org\/{rel}","templated":true}]}}