{"id":44284,"date":"2024-11-05T05:00:00","date_gmt":"2024-11-05T04:00:00","guid":{"rendered":"https:\/\/www.mzone.cz\/?p=44284"},"modified":"2024-11-03T17:16:30","modified_gmt":"2024-11-03T16:16:30","slug":"suzuki-a-toyota-prohloubi-spolupraci-v-oblasti-elektrifikovanych-vozidel","status":"publish","type":"post","link":"https:\/\/www.mzone.cz\/en\/suzuki-a-toyota-prohloubi-spolupraci-v-oblasti-elektrifikovanych-vozidel\/","title":{"rendered":"Suzuki a Toyota prohloub\u00ed spolupr\u00e1ci v oblasti elektrifikovan\u00fdch vozidel"},"content":{"rendered":"<p><strong>Spole\u010dnosti Suzuki Motor Corporation a Toyota Motor Corporation se rozhodly pos\u00edlit spolupr\u00e1ci, kdy Suzuki bude Toyot\u011b dod\u00e1vat SUV s \u010dist\u011b elektrick\u00fdm pohonem (BEV) z vlastn\u00edho v\u00fdvoje Suzuki. V\u00fdroba nov\u00e9ho modelu by m\u011bla b\u00fdt spu\u0161t\u011bna na ja\u0159e 2025 v indick\u00e9m z\u00e1vodu Suzuki Motor Gujarat.<\/strong><\/p><br>\n\n\n\n<p>Suzuki a Toyota za\u010daly v minulosti podnikat v En\u0161u, na z\u00e1pad\u011b prefektury \u0160izuoka. Ob\u011b spole\u010dnosti postupn\u011b p\u0159e\u0161ly od v\u00fdroby tkalcovsk\u00fdch stav\u016f k automobil\u016fm. V roce 2016 se p\u0159edstavitel\u00e9 obou spole\u010dnost\u00ed, tedy Osamu Suzuki, n\u011bkdej\u0161\u00ed p\u0159edseda spole\u010dnosti Suzuki, v sou\u010dasnosti vedouc\u00ed poradce, a Akio Toyoda, n\u011bkdej\u0161\u00ed prezident Toyoty, v sou\u010dasnosti p\u0159edseda p\u0159edstavenstva, rozhodli prozkoumat mo\u017enosti obchodn\u00ed spolupr\u00e1ce.<\/p>\n\n\n\n<blockquote class=\"wp-block-quote is-layout-flow wp-block-quote-is-layout-flow\">\n<p>Firmy postupn\u011b za\u010daly kooperovat v nejr\u016fzn\u011bj\u0161\u00edch oblastech nejen v\u00fdroby a vz\u00e1jemn\u00fdch dod\u00e1vek vozidel, ale i v r\u00e1mci \u0161ir\u0161\u00ed podpory elektrifikovan\u00fdch vozidel. Auta vze\u0161l\u00e1 ze spolupr\u00e1ce se postupn\u011b objevila na trz\u00edch v Japonsku, Indii, Evrop\u011b, Africe a na St\u0159edn\u00edm v\u00fdchod\u011b.<\/p>\n<\/blockquote>\n\n\n\n<p>Nejnov\u011bj\u0161\u00ed po\u010din je z\u00e1rove\u0148 premi\u00e9rou bateriov\u00e9ho elektromobilu poskytovan\u00e9ho na z\u00e1klad\u011b dodavatelsk\u00e9ho vztahu typu OEM. Model bude uveden celosv\u011btov\u011b, \u010d\u00edm\u017e z\u00e1rove\u0148 roz\u0161\u00ed\u0159\u00ed nab\u00eddku \u010dist\u011b elektrick\u00fdch vozidel v segmentu SUV, t\u011b\u0161\u00edc\u00edm se neb\u00fdval\u00e9mu r\u016fstu. Suzuki a Toyota t\u00edm dokl\u00e1daj\u00ed svoji snahu o rozvoj uhl\u00edkov\u011b neutr\u00e1ln\u00ed spole\u010dnosti.<\/p><br>\n\n\n\n<p>\u201eVyu\u017eit\u00edm jednotky BEV a platformy z na\u0161eho spole\u010dn\u00e9ho v\u00fdvoje op\u011bt posouv\u00e1me na\u0161i spolupr\u00e1ci v oblasti elektrifikovan\u00fdch vozidel. Z\u00e1kazn\u00edk\u016fm z cel\u00e9ho sv\u011bta tak budeme moci nab\u00eddnout v\u00edce mo\u017enost\u00ed na podporu rozvoje uhl\u00edkov\u011b neutr\u00e1ln\u00ed spole\u010dnosti. Cht\u011bli bychom se navz\u00e1jem u\u010dit ze sv\u00fdch siln\u00fdch str\u00e1nek, nad\u00e1le si konkurovat, ale z\u00e1rove\u0148 spojovat s\u00edly formou multi-technologick\u00e9ho p\u0159\u00edstupu,\u201c \u0159\u00edk\u00e1\u00a0Kod\u017ei Sat\u00f3, prezident Toyoty.<\/p>\n\n\n\n<blockquote class=\"wp-block-quote is-layout-flow wp-block-quote-is-layout-flow\">\n<p>Nov\u00fd model byl od po\u010d\u00e1tku navrhov\u00e1n jako \u010dist\u00fd elektromobil. Agiln\u00ed SUV s typickou j\u00edzdn\u00ed dynamikou bateriov\u00e9ho elektromobilu nab\u00eddne velkorys\u00fd dojezd a pohodlnou kabinu. K dispozici je t\u00e9\u017e proveden\u00ed s pohonem 4WD, nab\u00edzej\u00edc\u00ed mimo\u0159\u00e1dn\u011b dobr\u00e9 j\u00edzdn\u00ed vlastnosti na hor\u0161\u00edch cest\u00e1ch, jako\u017e i vylep\u0161en\u00e9 v\u00fdkonov\u00e9 parametry.<\/p>\n<\/blockquote>\n\n\n\n<p>Jednotka BEV i podvozkov\u00e1 platforma uveden\u00e9ho modelu poch\u00e1zej\u00ed ze spole\u010dn\u00e9ho v\u00fdvoje Suzuki, Toyoty a Daihatsu Motor Corporation s vyu\u017eit\u00edm siln\u00fdch str\u00e1nek ka\u017ed\u00e9 z t\u011bchto firem. \u201eSuzuki bude Toyot\u011b celosv\u011btov\u011b dod\u00e1vat sv\u016fj prvn\u00ed model BEV. Jsem vd\u011b\u010dn\u00fd, \u017ee jsme prohloubili spolupr\u00e1ci na\u0161ich firem touto formou. P\u0159esto\u017ee z\u016fst\u00e1v\u00e1me konkurenty, prohloub\u00edme spolupr\u00e1ci v \u0159e\u0161en\u00ed spole\u010densk\u00fdch ot\u00e1zek, v\u010detn\u011b rozvoje uhl\u00edkov\u011b neutr\u00e1ln\u00ed spole\u010dnosti na z\u00e1klad\u011b multi-technologick\u00e9ho p\u0159\u00edstupu,\u201c \u0159\u00edk\u00e1\u00a0To\u0161ihiro Suzuki, prezident Suzuki.<\/p><br>\n\n\n\n<div class=\"wp-block-media-text is-stacked-on-mobile is-vertically-aligned-top\" style=\"grid-template-columns:17% auto\"><figure class=\"wp-block-media-text__media\"><a href=\"https:\/\/www.mzone.cz\/cesko-zustava-rajem-ojetych-kombiku\/\"><img loading=\"lazy\" decoding=\"async\" width=\"683\" height=\"455\" src=\"https:\/\/www.mzone.cz\/wp-content\/uploads\/2024\/02\/Auta.jpg\" alt=\"Auta\" class=\"wp-image-43105 size-full\" srcset=\"https:\/\/www.mzone.cz\/wp-content\/uploads\/2024\/02\/Auta.jpg 683w, https:\/\/www.mzone.cz\/wp-content\/uploads\/2024\/02\/Auta-300x200.jpg 300w, https:\/\/www.mzone.cz\/wp-content\/uploads\/2024\/02\/Auta-18x12.jpg 18w, https:\/\/www.mzone.cz\/wp-content\/uploads\/2024\/02\/Auta-400x267.jpg 400w, https:\/\/www.mzone.cz\/wp-content\/uploads\/2024\/02\/Auta-500x333.jpg 500w, https:\/\/www.mzone.cz\/wp-content\/uploads\/2024\/02\/Auta-590x393.jpg 590w\" sizes=\"auto, (max-width: 683px) 100vw, 683px\" \/><\/a><\/figure><div class=\"wp-block-media-text__content\">\n<h4 class=\"wp-block-heading\"><a href=\"https:\/\/www.mzone.cz\/cesko-zustava-rajem-ojetych-kombiku\/\">\u010cesko z\u016fst\u00e1v\u00e1 r\u00e1jem ojet\u00fdch komb\u00edk\u016f<\/a><\/h4><br>\n<\/div><\/div>\n\n\n\n<p><\/p>","protected":false},"excerpt":{"rendered":"<p>Spole\u010dnosti Suzuki Motor Corporation a Toyota Motor Corporation se rozhodly pos\u00edlit spolupr\u00e1ci, kdy Suzuki bude Toyot\u011b dod\u00e1vat SUV s \u010dist\u011b elektrick\u00fdm pohonem (BEV) z vlastn\u00edho v\u00fdvoje Suzuki. V\u00fdroba nov\u00e9ho modelu by m\u011bla b\u00fdt spu\u0161t\u011bna na ja\u0159e 2025 v indick\u00e9m z\u00e1vodu Suzuki Motor Gujarat. Suzuki a Toyota za\u010daly v minulosti podnikat v En\u0161u, na z\u00e1pad\u011b prefektury [&hellip;]<\/p>\n","protected":false},"author":4,"featured_media":44287,"comment_status":"open","ping_status":"closed","sticky":false,"template":"","format":"standard","meta":{"kk_blocks_editor_width":"","_kiokenblocks_attr":"","_kiokenblocks_dimensions":"","footnotes":""},"categories":[69],"tags":[585,82,462,1094,552,6250,2613,2415,4230,687,622,1103],"class_list":["post-44284","post","type-post","status-publish","format-standard","has-post-thumbnail","hentry","category-auto-moto","tag-auta","tag-auto","tag-auto-moto","tag-automobilovy-prumysl","tag-automobily","tag-bev","tag-elektromobily","tag-spoluprace","tag-suzuki","tag-toyota","tag-vyroba","tag-vyvoj"],"yoast_head":"<!-- This site is optimized with the Yoast SEO plugin v27.5 - https:\/\/yoast.com\/product\/yoast-seo-wordpress\/ -->\n<title>Suzuki a Toyota prohloub\u00ed spolupr\u00e1ci v oblasti elektrifikovan\u00fdch vozidel - Mzone<\/title>\n<meta name=\"description\" content=\"Spole\u010dnosti Suzuki Motor Corporation a Toyota Motor Corporation se rozhodly pos\u00edlit spolupr\u00e1ci, kdy Suzuki bude Toyot\u011b dod\u00e1vat SUV s \u010dist\u011b elektrick\u00fdm pohonem (BEV) z vlastn\u00edho v\u00fdvoje Suzuki. V\u00fdroba nov\u00e9ho modelu by m\u011bla b\u00fdt spu\u0161t\u011bna na ja\u0159e 2025 v indick\u00e9m z\u00e1vodu Suzuki Motor Gujarat.\" \/>\n<meta name=\"robots\" content=\"index, follow, max-snippet:-1, max-image-preview:large, max-video-preview:-1\" \/>\n<link rel=\"canonical\" href=\"https:\/\/www.mzone.cz\/en\/suzuki-a-toyota-prohloubi-spolupraci-v-oblasti-elektrifikovanych-vozidel\/\" \/>\n<meta property=\"og:locale\" content=\"en_US\" \/>\n<meta property=\"og:type\" content=\"article\" \/>\n<meta property=\"og:title\" content=\"Suzuki a Toyota prohloub\u00ed spolupr\u00e1ci v oblasti elektrifikovan\u00fdch vozidel - Mzone\" \/>\n<meta property=\"og:description\" content=\"Spole\u010dnosti Suzuki Motor Corporation a Toyota Motor Corporation se rozhodly pos\u00edlit spolupr\u00e1ci, kdy Suzuki bude Toyot\u011b dod\u00e1vat SUV s \u010dist\u011b elektrick\u00fdm pohonem (BEV) z vlastn\u00edho v\u00fdvoje Suzuki. V\u00fdroba nov\u00e9ho modelu by m\u011bla b\u00fdt spu\u0161t\u011bna na ja\u0159e 2025 v indick\u00e9m z\u00e1vodu Suzuki Motor Gujarat.\" \/>\n<meta property=\"og:url\" content=\"https:\/\/www.mzone.cz\/en\/suzuki-a-toyota-prohloubi-spolupraci-v-oblasti-elektrifikovanych-vozidel\/\" \/>\n<meta property=\"og:site_name\" content=\"Mzone\" \/>\n<meta property=\"article:publisher\" content=\"https:\/\/www.facebook.com\/MzoneCZ\/\" \/>\n<meta property=\"article:published_time\" content=\"2024-11-05T04:00:00+00:00\" \/>\n<meta property=\"og:image\" content=\"https:\/\/www.mzone.cz\/wp-content\/uploads\/2024\/11\/2022_bZ4X_DPL_DETAIL_002.jpg\" \/>\n\t<meta property=\"og:image:width\" content=\"1085\" \/>\n\t<meta property=\"og:image:height\" content=\"723\" \/>\n\t<meta property=\"og:image:type\" content=\"image\/jpeg\" \/>\n<meta name=\"author\" content=\"Mzone\" \/>\n<meta name=\"twitter:card\" content=\"summary_large_image\" \/>\n<meta name=\"twitter:label1\" content=\"Written by\" \/>\n\t<meta name=\"twitter:data1\" content=\"Mzone\" \/>\n\t<meta name=\"twitter:label2\" content=\"Est. reading time\" \/>\n\t<meta name=\"twitter:data2\" content=\"2 minutes\" \/>\n<script type=\"application\/ld+json\" class=\"yoast-schema-graph\">{\"@context\":\"https:\\\/\\\/schema.org\",\"@graph\":[{\"@type\":\"Article\",\"@id\":\"https:\\\/\\\/www.mzone.cz\\\/suzuki-a-toyota-prohloubi-spolupraci-v-oblasti-elektrifikovanych-vozidel\\\/#article\",\"isPartOf\":{\"@id\":\"https:\\\/\\\/www.mzone.cz\\\/suzuki-a-toyota-prohloubi-spolupraci-v-oblasti-elektrifikovanych-vozidel\\\/\"},\"author\":{\"name\":\"Mzone\",\"@id\":\"https:\\\/\\\/www.mzone.cz\\\/#\\\/schema\\\/person\\\/9bc20cc422a99cac4af6ff9297da32d4\"},\"headline\":\"Suzuki a Toyota prohloub\u00ed spolupr\u00e1ci v oblasti elektrifikovan\u00fdch vozidel\",\"datePublished\":\"2024-11-05T04:00:00+00:00\",\"mainEntityOfPage\":{\"@id\":\"https:\\\/\\\/www.mzone.cz\\\/suzuki-a-toyota-prohloubi-spolupraci-v-oblasti-elektrifikovanych-vozidel\\\/\"},\"wordCount\":527,\"commentCount\":0,\"image\":{\"@id\":\"https:\\\/\\\/www.mzone.cz\\\/suzuki-a-toyota-prohloubi-spolupraci-v-oblasti-elektrifikovanych-vozidel\\\/#primaryimage\"},\"thumbnailUrl\":\"https:\\\/\\\/www.mzone.cz\\\/wp-content\\\/uploads\\\/2024\\\/11\\\/2022_bZ4X_DPL_DETAIL_002.jpg\",\"keywords\":[\"auta\",\"Auto\",\"auto-moto\",\"automobilov\u00fd pr\u016fmysl\",\"automobily\",\"BEV\",\"elektromobily\",\"spolupr\u00e1ce\",\"Suzuki\",\"Toyota\",\"v\u00fdroba\",\"v\u00fdvoj\"],\"articleSection\":[\"Auto-moto\"],\"inLanguage\":\"en-US\",\"potentialAction\":[{\"@type\":\"CommentAction\",\"name\":\"Comment\",\"target\":[\"https:\\\/\\\/www.mzone.cz\\\/suzuki-a-toyota-prohloubi-spolupraci-v-oblasti-elektrifikovanych-vozidel\\\/#respond\"]}]},{\"@type\":\"WebPage\",\"@id\":\"https:\\\/\\\/www.mzone.cz\\\/suzuki-a-toyota-prohloubi-spolupraci-v-oblasti-elektrifikovanych-vozidel\\\/\",\"url\":\"https:\\\/\\\/www.mzone.cz\\\/suzuki-a-toyota-prohloubi-spolupraci-v-oblasti-elektrifikovanych-vozidel\\\/\",\"name\":\"Suzuki a Toyota prohloub\u00ed spolupr\u00e1ci v oblasti elektrifikovan\u00fdch vozidel - Mzone\",\"isPartOf\":{\"@id\":\"https:\\\/\\\/www.mzone.cz\\\/#website\"},\"primaryImageOfPage\":{\"@id\":\"https:\\\/\\\/www.mzone.cz\\\/suzuki-a-toyota-prohloubi-spolupraci-v-oblasti-elektrifikovanych-vozidel\\\/#primaryimage\"},\"image\":{\"@id\":\"https:\\\/\\\/www.mzone.cz\\\/suzuki-a-toyota-prohloubi-spolupraci-v-oblasti-elektrifikovanych-vozidel\\\/#primaryimage\"},\"thumbnailUrl\":\"https:\\\/\\\/www.mzone.cz\\\/wp-content\\\/uploads\\\/2024\\\/11\\\/2022_bZ4X_DPL_DETAIL_002.jpg\",\"datePublished\":\"2024-11-05T04:00:00+00:00\",\"author\":{\"@id\":\"https:\\\/\\\/www.mzone.cz\\\/#\\\/schema\\\/person\\\/9bc20cc422a99cac4af6ff9297da32d4\"},\"description\":\"Spole\u010dnosti Suzuki Motor Corporation a Toyota Motor Corporation se rozhodly pos\u00edlit spolupr\u00e1ci, kdy Suzuki bude Toyot\u011b dod\u00e1vat SUV s \u010dist\u011b elektrick\u00fdm pohonem (BEV) z vlastn\u00edho v\u00fdvoje Suzuki. V\u00fdroba nov\u00e9ho modelu by m\u011bla b\u00fdt spu\u0161t\u011bna na ja\u0159e 2025 v indick\u00e9m z\u00e1vodu Suzuki Motor Gujarat.\",\"breadcrumb\":{\"@id\":\"https:\\\/\\\/www.mzone.cz\\\/suzuki-a-toyota-prohloubi-spolupraci-v-oblasti-elektrifikovanych-vozidel\\\/#breadcrumb\"},\"inLanguage\":\"en-US\",\"potentialAction\":[{\"@type\":\"ReadAction\",\"target\":[\"https:\\\/\\\/www.mzone.cz\\\/suzuki-a-toyota-prohloubi-spolupraci-v-oblasti-elektrifikovanych-vozidel\\\/\"]}]},{\"@type\":\"ImageObject\",\"inLanguage\":\"en-US\",\"@id\":\"https:\\\/\\\/www.mzone.cz\\\/suzuki-a-toyota-prohloubi-spolupraci-v-oblasti-elektrifikovanych-vozidel\\\/#primaryimage\",\"url\":\"https:\\\/\\\/www.mzone.cz\\\/wp-content\\\/uploads\\\/2024\\\/11\\\/2022_bZ4X_DPL_DETAIL_002.jpg\",\"contentUrl\":\"https:\\\/\\\/www.mzone.cz\\\/wp-content\\\/uploads\\\/2024\\\/11\\\/2022_bZ4X_DPL_DETAIL_002.jpg\",\"width\":1085,\"height\":723,\"caption\":\"Logo Toyota\"},{\"@type\":\"BreadcrumbList\",\"@id\":\"https:\\\/\\\/www.mzone.cz\\\/suzuki-a-toyota-prohloubi-spolupraci-v-oblasti-elektrifikovanych-vozidel\\\/#breadcrumb\",\"itemListElement\":[{\"@type\":\"ListItem\",\"position\":1,\"name\":\"Dom\u016f\",\"item\":\"https:\\\/\\\/www.mzone.cz\\\/\"},{\"@type\":\"ListItem\",\"position\":2,\"name\":\"Suzuki a Toyota prohloub\u00ed spolupr\u00e1ci v oblasti elektrifikovan\u00fdch vozidel\"}]},{\"@type\":\"WebSite\",\"@id\":\"https:\\\/\\\/www.mzone.cz\\\/#website\",\"url\":\"https:\\\/\\\/www.mzone.cz\\\/\",\"name\":\"Mzone\",\"description\":\"Magaz\u00edn nejen pro mu\u017ee\",\"potentialAction\":[{\"@type\":\"SearchAction\",\"target\":{\"@type\":\"EntryPoint\",\"urlTemplate\":\"https:\\\/\\\/www.mzone.cz\\\/?s={search_term_string}\"},\"query-input\":{\"@type\":\"PropertyValueSpecification\",\"valueRequired\":true,\"valueName\":\"search_term_string\"}}],\"inLanguage\":\"en-US\"},{\"@type\":\"Person\",\"@id\":\"https:\\\/\\\/www.mzone.cz\\\/#\\\/schema\\\/person\\\/9bc20cc422a99cac4af6ff9297da32d4\",\"name\":\"Mzone\",\"image\":{\"@type\":\"ImageObject\",\"inLanguage\":\"en-US\",\"@id\":\"https:\\\/\\\/secure.gravatar.com\\\/avatar\\\/e780a8630f3182a3d06dd667ab6bea151a0d155b0951bc15fe22633acdac0676?s=96&d=mm&r=g\",\"url\":\"https:\\\/\\\/secure.gravatar.com\\\/avatar\\\/e780a8630f3182a3d06dd667ab6bea151a0d155b0951bc15fe22633acdac0676?s=96&d=mm&r=g\",\"contentUrl\":\"https:\\\/\\\/secure.gravatar.com\\\/avatar\\\/e780a8630f3182a3d06dd667ab6bea151a0d155b0951bc15fe22633acdac0676?s=96&d=mm&r=g\",\"caption\":\"Mzone\"},\"url\":\"https:\\\/\\\/www.mzone.cz\\\/en\\\/author\\\/jakub\\\/\"}]}<\/script>\n<!-- \/ Yoast SEO plugin. -->","yoast_head_json":{"title":"Suzuki a Toyota prohloub\u00ed spolupr\u00e1ci v oblasti elektrifikovan\u00fdch vozidel - Mzone","description":"Spole\u010dnosti Suzuki Motor Corporation a Toyota Motor Corporation se rozhodly pos\u00edlit spolupr\u00e1ci, kdy Suzuki bude Toyot\u011b dod\u00e1vat SUV s \u010dist\u011b elektrick\u00fdm pohonem (BEV) z vlastn\u00edho v\u00fdvoje Suzuki. V\u00fdroba nov\u00e9ho modelu by m\u011bla b\u00fdt spu\u0161t\u011bna na ja\u0159e 2025 v indick\u00e9m z\u00e1vodu Suzuki Motor Gujarat.","robots":{"index":"index","follow":"follow","max-snippet":"max-snippet:-1","max-image-preview":"max-image-preview:large","max-video-preview":"max-video-preview:-1"},"canonical":"https:\/\/www.mzone.cz\/en\/suzuki-a-toyota-prohloubi-spolupraci-v-oblasti-elektrifikovanych-vozidel\/","og_locale":"en_US","og_type":"article","og_title":"Suzuki a Toyota prohloub\u00ed spolupr\u00e1ci v oblasti elektrifikovan\u00fdch vozidel - Mzone","og_description":"Spole\u010dnosti Suzuki Motor Corporation a Toyota Motor Corporation se rozhodly pos\u00edlit spolupr\u00e1ci, kdy Suzuki bude Toyot\u011b dod\u00e1vat SUV s \u010dist\u011b elektrick\u00fdm pohonem (BEV) z vlastn\u00edho v\u00fdvoje Suzuki. V\u00fdroba nov\u00e9ho modelu by m\u011bla b\u00fdt spu\u0161t\u011bna na ja\u0159e 2025 v indick\u00e9m z\u00e1vodu Suzuki Motor Gujarat.","og_url":"https:\/\/www.mzone.cz\/en\/suzuki-a-toyota-prohloubi-spolupraci-v-oblasti-elektrifikovanych-vozidel\/","og_site_name":"Mzone","article_publisher":"https:\/\/www.facebook.com\/MzoneCZ\/","article_published_time":"2024-11-05T04:00:00+00:00","og_image":[{"width":1085,"height":723,"url":"https:\/\/www.mzone.cz\/wp-content\/uploads\/2024\/11\/2022_bZ4X_DPL_DETAIL_002.jpg","type":"image\/jpeg"}],"author":"Mzone","twitter_card":"summary_large_image","twitter_misc":{"Written by":"Mzone","Est. reading time":"2 minutes"},"schema":{"@context":"https:\/\/schema.org","@graph":[{"@type":"Article","@id":"https:\/\/www.mzone.cz\/suzuki-a-toyota-prohloubi-spolupraci-v-oblasti-elektrifikovanych-vozidel\/#article","isPartOf":{"@id":"https:\/\/www.mzone.cz\/suzuki-a-toyota-prohloubi-spolupraci-v-oblasti-elektrifikovanych-vozidel\/"},"author":{"name":"Mzone","@id":"https:\/\/www.mzone.cz\/#\/schema\/person\/9bc20cc422a99cac4af6ff9297da32d4"},"headline":"Suzuki a Toyota prohloub\u00ed spolupr\u00e1ci v oblasti elektrifikovan\u00fdch vozidel","datePublished":"2024-11-05T04:00:00+00:00","mainEntityOfPage":{"@id":"https:\/\/www.mzone.cz\/suzuki-a-toyota-prohloubi-spolupraci-v-oblasti-elektrifikovanych-vozidel\/"},"wordCount":527,"commentCount":0,"image":{"@id":"https:\/\/www.mzone.cz\/suzuki-a-toyota-prohloubi-spolupraci-v-oblasti-elektrifikovanych-vozidel\/#primaryimage"},"thumbnailUrl":"https:\/\/www.mzone.cz\/wp-content\/uploads\/2024\/11\/2022_bZ4X_DPL_DETAIL_002.jpg","keywords":["auta","Auto","auto-moto","automobilov\u00fd pr\u016fmysl","automobily","BEV","elektromobily","spolupr\u00e1ce","Suzuki","Toyota","v\u00fdroba","v\u00fdvoj"],"articleSection":["Auto-moto"],"inLanguage":"en-US","potentialAction":[{"@type":"CommentAction","name":"Comment","target":["https:\/\/www.mzone.cz\/suzuki-a-toyota-prohloubi-spolupraci-v-oblasti-elektrifikovanych-vozidel\/#respond"]}]},{"@type":"WebPage","@id":"https:\/\/www.mzone.cz\/suzuki-a-toyota-prohloubi-spolupraci-v-oblasti-elektrifikovanych-vozidel\/","url":"https:\/\/www.mzone.cz\/suzuki-a-toyota-prohloubi-spolupraci-v-oblasti-elektrifikovanych-vozidel\/","name":"Suzuki a Toyota prohloub\u00ed spolupr\u00e1ci v oblasti elektrifikovan\u00fdch vozidel - Mzone","isPartOf":{"@id":"https:\/\/www.mzone.cz\/#website"},"primaryImageOfPage":{"@id":"https:\/\/www.mzone.cz\/suzuki-a-toyota-prohloubi-spolupraci-v-oblasti-elektrifikovanych-vozidel\/#primaryimage"},"image":{"@id":"https:\/\/www.mzone.cz\/suzuki-a-toyota-prohloubi-spolupraci-v-oblasti-elektrifikovanych-vozidel\/#primaryimage"},"thumbnailUrl":"https:\/\/www.mzone.cz\/wp-content\/uploads\/2024\/11\/2022_bZ4X_DPL_DETAIL_002.jpg","datePublished":"2024-11-05T04:00:00+00:00","author":{"@id":"https:\/\/www.mzone.cz\/#\/schema\/person\/9bc20cc422a99cac4af6ff9297da32d4"},"description":"Spole\u010dnosti Suzuki Motor Corporation a Toyota Motor Corporation se rozhodly pos\u00edlit spolupr\u00e1ci, kdy Suzuki bude Toyot\u011b dod\u00e1vat SUV s \u010dist\u011b elektrick\u00fdm pohonem (BEV) z vlastn\u00edho v\u00fdvoje Suzuki. V\u00fdroba nov\u00e9ho modelu by m\u011bla b\u00fdt spu\u0161t\u011bna na ja\u0159e 2025 v indick\u00e9m z\u00e1vodu Suzuki Motor Gujarat.","breadcrumb":{"@id":"https:\/\/www.mzone.cz\/suzuki-a-toyota-prohloubi-spolupraci-v-oblasti-elektrifikovanych-vozidel\/#breadcrumb"},"inLanguage":"en-US","potentialAction":[{"@type":"ReadAction","target":["https:\/\/www.mzone.cz\/suzuki-a-toyota-prohloubi-spolupraci-v-oblasti-elektrifikovanych-vozidel\/"]}]},{"@type":"ImageObject","inLanguage":"en-US","@id":"https:\/\/www.mzone.cz\/suzuki-a-toyota-prohloubi-spolupraci-v-oblasti-elektrifikovanych-vozidel\/#primaryimage","url":"https:\/\/www.mzone.cz\/wp-content\/uploads\/2024\/11\/2022_bZ4X_DPL_DETAIL_002.jpg","contentUrl":"https:\/\/www.mzone.cz\/wp-content\/uploads\/2024\/11\/2022_bZ4X_DPL_DETAIL_002.jpg","width":1085,"height":723,"caption":"Logo Toyota"},{"@type":"BreadcrumbList","@id":"https:\/\/www.mzone.cz\/suzuki-a-toyota-prohloubi-spolupraci-v-oblasti-elektrifikovanych-vozidel\/#breadcrumb","itemListElement":[{"@type":"ListItem","position":1,"name":"Dom\u016f","item":"https:\/\/www.mzone.cz\/"},{"@type":"ListItem","position":2,"name":"Suzuki a Toyota prohloub\u00ed spolupr\u00e1ci v oblasti elektrifikovan\u00fdch vozidel"}]},{"@type":"WebSite","@id":"https:\/\/www.mzone.cz\/#website","url":"https:\/\/www.mzone.cz\/","name":"Mzone","description":"Magaz\u00edn nejen pro mu\u017ee","potentialAction":[{"@type":"SearchAction","target":{"@type":"EntryPoint","urlTemplate":"https:\/\/www.mzone.cz\/?s={search_term_string}"},"query-input":{"@type":"PropertyValueSpecification","valueRequired":true,"valueName":"search_term_string"}}],"inLanguage":"en-US"},{"@type":"Person","@id":"https:\/\/www.mzone.cz\/#\/schema\/person\/9bc20cc422a99cac4af6ff9297da32d4","name":"Mzone","image":{"@type":"ImageObject","inLanguage":"en-US","@id":"https:\/\/secure.gravatar.com\/avatar\/e780a8630f3182a3d06dd667ab6bea151a0d155b0951bc15fe22633acdac0676?s=96&d=mm&r=g","url":"https:\/\/secure.gravatar.com\/avatar\/e780a8630f3182a3d06dd667ab6bea151a0d155b0951bc15fe22633acdac0676?s=96&d=mm&r=g","contentUrl":"https:\/\/secure.gravatar.com\/avatar\/e780a8630f3182a3d06dd667ab6bea151a0d155b0951bc15fe22633acdac0676?s=96&d=mm&r=g","caption":"Mzone"},"url":"https:\/\/www.mzone.cz\/en\/author\/jakub\/"}]}},"_links":{"self":[{"href":"https:\/\/www.mzone.cz\/en\/wp-json\/wp\/v2\/posts\/44284","targetHints":{"allow":["GET"]}}],"collection":[{"href":"https:\/\/www.mzone.cz\/en\/wp-json\/wp\/v2\/posts"}],"about":[{"href":"https:\/\/www.mzone.cz\/en\/wp-json\/wp\/v2\/types\/post"}],"author":[{"embeddable":true,"href":"https:\/\/www.mzone.cz\/en\/wp-json\/wp\/v2\/users\/4"}],"replies":[{"embeddable":true,"href":"https:\/\/www.mzone.cz\/en\/wp-json\/wp\/v2\/comments?post=44284"}],"version-history":[{"count":6,"href":"https:\/\/www.mzone.cz\/en\/wp-json\/wp\/v2\/posts\/44284\/revisions"}],"predecessor-version":[{"id":44295,"href":"https:\/\/www.mzone.cz\/en\/wp-json\/wp\/v2\/posts\/44284\/revisions\/44295"}],"wp:featuredmedia":[{"embeddable":true,"href":"https:\/\/www.mzone.cz\/en\/wp-json\/wp\/v2\/media\/44287"}],"wp:attachment":[{"href":"https:\/\/www.mzone.cz\/en\/wp-json\/wp\/v2\/media?parent=44284"}],"wp:term":[{"taxonomy":"category","embeddable":true,"href":"https:\/\/www.mzone.cz\/en\/wp-json\/wp\/v2\/categories?post=44284"},{"taxonomy":"post_tag","embeddable":true,"href":"https:\/\/www.mzone.cz\/en\/wp-json\/wp\/v2\/tags?post=44284"}],"curies":[{"name":"wp","href":"https:\/\/api.w.org\/{rel}","templated":true}]}}