{"id":44593,"date":"2024-12-31T05:00:00","date_gmt":"2024-12-31T04:00:00","guid":{"rendered":"https:\/\/www.mzone.cz\/?p=44593"},"modified":"2024-12-29T15:36:14","modified_gmt":"2024-12-29T14:36:14","slug":"guns-n-roses-vystoupi-v-hradci-kralove-na-specialnim-narozeninovem-dnu-ke-30-vyroci-festivalu-rock-for-people","status":"publish","type":"post","link":"https:\/\/www.mzone.cz\/en\/guns-n-roses-vystoupi-v-hradci-kralove-na-specialnim-narozeninovem-dnu-ke-30-vyroci-festivalu-rock-for-people\/","title":{"rendered":"Guns N\u2019 Roses vystoup\u00ed v Hradci Kr\u00e1lov\u00e9 na speci\u00e1ln\u00edm narozeninov\u00e9m dnu ke 30. v\u00fdro\u010d\u00ed festivalu Rock for People"},"content":{"rendered":"<p><strong>Festival Rock for People vyt\u00e1hl eso z ruk\u00e1vu k oslav\u00e1m sv\u00fdch 30.\u00a0narozenin spole\u010dn\u011b s Live Nation CZ, kter\u00fd je tak mezi prvn\u00edmi jeho gratulanty. Na\u00a0\u010dty\u0159denn\u00ed\u00a0term\u00edn\u00a0festivalu\u00a0od\u00a011.\u00a0do\u00a014.\u00a0\u010dervna\u00a02025\u00a0nav\u00e1\u017ee\u00a0speci\u00e1ln\u00ed p\u0159idan\u00fd\u00a0narozeninov\u00fd\u00a0den\u00a015.\u00a06.\u00a0v\u00a0hlavn\u00ed\u00a0roli\u00a0s\u00a0legend\u00e1rn\u00edmi\u00a0Guns\u00a0N\u2019\u00a0Roses\u00a0a\u00a0dal\u0161\u00edmi\u00a0kapelami.<\/strong><\/p><br>\n\n\n\n<p>Jedna z nejv\u00fdrazn\u011bj\u0161\u00edch rockov\u00fdch kapel hudebn\u00ed historie v sestav\u011b Axl\u00a0Rose, Slash, Duff McKagan, Dizzy Reed a dal\u0161\u00ed vystoup\u00ed v ned\u011bli v hradeck\u00e9m Parku\u00a0360 po festivalu Rock for People. \u201cKdy\u017e se naskytla mo\u017enost ve spolupr\u00e1ci s Live\u00a0Nation p\u0159izvat k na\u0161emu jubileu 30. oslav jm\u00e9no z t\u00e9 nejvy\u0161\u0161\u00ed ligy rockov\u00fdch legend\u00a0Guns N\u2019 Roses, nev\u00e1hal jsem ani minutu,\u201d\u00a0\u0159\u00edk\u00e1 zakladatel festivalu Michal Thomes, a\u00a0dod\u00e1v\u00e1: \u201cLeto\u0161n\u00ed festival bude tak trochu p\u011btidenn\u00ed, k t\u00e9to legend\u011b se na ned\u011bli p\u0159idaj\u00ed\u00a0i dal\u0161\u00ed kapely. N\u00e1\u0161 aktu\u00e1ln\u00ed lineup je sen ka\u017ed\u00e9ho po\u0159adatele a j\u00e1 jsem si opravdu\u00a0nemohl\u00a0p\u0159\u00e1t\u00a0v\u00edc!\u201d<\/p>\n\n\n\n<blockquote class=\"wp-block-quote is-layout-flow wp-block-quote-is-layout-flow\">\n<p>Ond\u0159ej\u00a0Pojzl,\u00a0mluv\u010d\u00ed\u00a0Live\u00a0Nation, komentuje\u00a0spolupr\u00e1ci:\u00a0\u201cNejv\u011bt\u0161\u00edmu \u010desk\u00e9mu festivalu Rock for People srde\u010dn\u011b blahop\u0159ejeme k jeho 30. narozenin\u00e1m\u00a0a\u00a0p\u0159ejeme\u00a0mnoho\u00a0dal\u0161\u00edch\u00a0\u00fasp\u011b\u0161n\u00fdch\u00a0ro\u010dn\u00edk\u016f.\u00a0Na\u00a0oslavu\u00a0tohoto\u00a0v\u00fdznamn\u00e9ho miln\u00edku jsme s radost\u00ed spojili s\u00edly a p\u0159iv\u00e1\u017e\u00edme do Hradce Kr\u00e1lov\u00e9 jednu z\u00a0nejv\u011bt\u0161\u00edch rockov\u00fdch legend v\u0161ech dob.\u201d<\/p>\n<\/blockquote>\n\n\n\n<p>Po\u0159adatel\u00e9 Rock for People ji\u017e d\u0159\u00edve ohl\u00e1sili\u00a0velk\u00e1\u00a0jm\u00e9na\u00a0n\u00e1sleduj\u00edc\u00edho\u00a0ro\u010dn\u00edku,\u00a0mezi\u00a0kter\u00fdmi\u00a0je\u00a0aktu\u00e1ln\u011b nejv\u00edce\u00a0sklo\u0148ovan\u00e1\u00a0kapela ve sv\u011bt\u011b Linkin Park, kr\u00e1lov\u00e9 metalu Slipknot nebo kytarov\u00e9 legendy Avenged Sevenfold. D\u00e1le se v lineupu festivalu objev\u00ed nap\u0159\u00edklad Biffy Clyro, Fontaines D.C.,\u00a0Sigrid,\u00a0Skillet,\u00a0IDLESnebo\u00a0In\u00a0Flames.<\/p><br>\n\n\n\n<figure class=\"wp-block-image size-large\"><img loading=\"lazy\" decoding=\"async\" width=\"992\" height=\"1024\" src=\"https:\/\/www.mzone.cz\/wp-content\/uploads\/2024\/12\/rfpGNR@2x-992x1024.png\" alt=\"Line-up Rock for People 2025\" class=\"wp-image-44599\" srcset=\"https:\/\/www.mzone.cz\/wp-content\/uploads\/2024\/12\/rfpGNR@2x-992x1024.png 992w, https:\/\/www.mzone.cz\/wp-content\/uploads\/2024\/12\/rfpGNR@2x-291x300.png 291w, https:\/\/www.mzone.cz\/wp-content\/uploads\/2024\/12\/rfpGNR@2x-768x792.png 768w, https:\/\/www.mzone.cz\/wp-content\/uploads\/2024\/12\/rfpGNR@2x-1489x1536.png 1489w, https:\/\/www.mzone.cz\/wp-content\/uploads\/2024\/12\/rfpGNR@2x-12x12.png 12w, https:\/\/www.mzone.cz\/wp-content\/uploads\/2024\/12\/rfpGNR@2x-968x999.png 968w, https:\/\/www.mzone.cz\/wp-content\/uploads\/2024\/12\/rfpGNR@2x-590x609.png 590w, https:\/\/www.mzone.cz\/wp-content\/uploads\/2024\/12\/rfpGNR@2x.png 1948w\" sizes=\"auto, (max-width: 992px) 100vw, 992px\" \/><\/figure><br>\n\n\n\n<p>Guns\u00a0N&#8217;\u00a0Roses,\u00a0kte\u0159\u00ed\u00a0p\u0159\u00ed\u0161t\u00ed\u00a0rok\u00a0oslav\u00ed\u00a040\u00a0let\u00a0na\u00a0sc\u00e9n\u011b,\u00a0se\u00a0nesmazateln\u011b\u00a0zapsali\u00a0do\u00a0rychle\u00a0se rozv\u00edjej\u00edc\u00ed rockov\u00e9 sc\u00e9ny v Los Angeles. Dva roky po sv\u00e9m vzniku zaujali cel\u00fd sv\u011bt svoj\u00ed\u00a0nahr\u00e1vkou Appetite for Destruction, kter\u00e1 se stala nejprod\u00e1van\u011bj\u0161\u00edm americk\u00fdm debutem\u00a0v\u0161ech dob, a kter\u00e9 se po cel\u00e9m sv\u011bt\u011b prodalo v\u00edce jak 30 milion\u016f kopi\u00ed. V roce 1991\u00a0n\u00e1sledovala sedmin\u00e1sobn\u011b platinov\u00e1 alba Use Your Illusion I a Use Your Illusion II, kter\u00e1\u00a0kr\u00e1tce\u00a0\u00a0po\u00a0\u00a0vyd\u00e1n\u00ed\u00a0\u00a0obsadila\u00a0\u00a0prvn\u00ed\u00a0\u00a0dv\u011b\u00a0\u00a0p\u0159\u00ed\u010dky\u00a0\u00a0\u017eeb\u0159\u00ed\u010dku\u00a0\u00a0Billboard\u00a0\u00a0Top\u00a0\u00a0200.\u00a0<\/p>\n\n\n\n<blockquote class=\"wp-block-quote is-layout-flow wp-block-quote-is-layout-flow\">\n<p>Te\u010f\u00a0v\u00a0pr\u016fb\u011bhu\u00a0uplynul\u00e9ho desetilet\u00ed Guns N&#8217; Roses vyprod\u00e1vali koncerty a byli hv\u011bzdami festival\u016f po cel\u00e9m\u00a0sv\u011bt\u011b, kde vystupovali na podporu platinov\u00e9 nahr\u00e1vky Chinese Democracy. Jsou jednou z\u00a0nejstreamovan\u011bj\u0161\u00edch rockov\u00fdch kapel na sv\u011bt\u011b s pr\u016fm\u011brn\u00fdm po\u010dtem 24 milion\u016f poslucha\u010d\u016f\u00a0m\u011bs\u00ed\u010dn\u011b\u00a0na\u00a0Spotify.\u00a0Po\u00a0reunionu\u00a0stolet\u00ed\u00a0byli\u00a0headlinery\u00a0festivalu\u00a0Coachella\u00a0a\u00a0prodali\u00a0p\u0159es\u00a05 milion\u016f vstupenek na turn\u00e9 Not In This Lifetime&#8230; Tour.<\/p>\n<\/blockquote>\n\n\n\n<p><a href=\"https:\/\/www.gunsnroses.com\/\" target=\"_blank\">Guns N&#8217; Roses<\/a> jsou jednou z\u00a0nejd\u016fle\u017eit\u011bj\u0161\u00edch a nejvlivn\u011bj\u0161\u00edch kapel v hudebn\u00ed historii a v r\u00e1mci sv\u00fdch koncert\u016f nadchli\u00a0miliony\u00a0fanou\u0161k\u016f\u00a0po\u00a0cel\u00e9m\u00a0sv\u011bt\u011b.Rock for People, kter\u00fd se za posledn\u00ed l\u00e9ta stal leaderem tuzemsk\u00e9 hudebn\u00ed sc\u00e9ny, voz\u00ed\u00a0ka\u017ed\u00fdm\u00a0rokem\u00a0na\u00a0festival\u00a0p\u0159es\u00a0150\u00a0interpret\u016f\u00a0v\u010detn\u011b\u00a0t\u011bch\u00a0nejv\u011bt\u0161\u00edch\u00a0sv\u011btov\u00fdch\u00a0hv\u011bzd.\u00a0Dramaturgie\u00a0ka\u017ed\u00e9ho\u00a0dne\u00a0je\u00a0pe\u010dliv\u011b\u00a0sestaven\u00e1\u00a0tak,aby\u00a0program\u00a0zahrnoval\u00a0pestr\u00fd\u00a0v\u00fdb\u011br\u00a0jak\u00a0z oblasti energick\u00fdch kytarov\u00fdch st\u00e1lic, aktu\u00e1ln\u011b trenduj\u00edc\u00edch kapel, ale i nov\u00fdch objev\u016f\u00a0hudebn\u00ed sc\u00e9ny. Krom\u011b zahrani\u010dn\u00edch interpret\u016f\u00a0nechyb\u00ed ani z\u00e1stupci CZ\/SK sc\u00e9ny, prvn\u00edm\u00a0ohl\u00e1\u0161en\u00fdm lok\u00e1ln\u00edm jm\u00e9nem\u00a0n\u00e1sleduj\u00edc\u00edho ro\u010dn\u00edku je jedna z nej\u00fasp\u011b\u0161n\u011bj\u0161\u00edch sou\u010dasn\u00fdch\u00a0\u010desko-polsk\u00fdch zp\u011bva\u010dek Ewa Farna. Ta se do Parku 360 vrac\u00ed po roce, kdy v \u010dervenci\u00a02024\u00a0\u00fasp\u011b\u0161n\u011b\u00a0p\u0159edskakovala\u00a0na\u00a0dvou\u00a0shows\u00a0megastar\u00a0Eda Sheerana.<\/p><br>\n\n\n\n<div class=\"wp-block-media-text is-stacked-on-mobile is-vertically-aligned-top\" style=\"grid-template-columns:34% auto\"><figure class=\"wp-block-media-text__media\"><a href=\"https:\/\/www.mzone.cz\/linkin-park-miri-na-rock-for-people-30-rocnik-festivalu-privita-i-slipknot-nebo-fontaines-d-c\/\"><img loading=\"lazy\" decoding=\"async\" width=\"1024\" height=\"683\" src=\"https:\/\/www.mzone.cz\/wp-content\/uploads\/2024\/11\/Linkin-Park-1024x683.jpg\" alt=\"Linkin Park\" class=\"wp-image-44379 size-full\" srcset=\"https:\/\/www.mzone.cz\/wp-content\/uploads\/2024\/11\/Linkin-Park-1024x683.jpg 1024w, https:\/\/www.mzone.cz\/wp-content\/uploads\/2024\/11\/Linkin-Park-300x200.jpg 300w, https:\/\/www.mzone.cz\/wp-content\/uploads\/2024\/11\/Linkin-Park-768x512.jpg 768w, https:\/\/www.mzone.cz\/wp-content\/uploads\/2024\/11\/Linkin-Park-1536x1024.jpg 1536w, https:\/\/www.mzone.cz\/wp-content\/uploads\/2024\/11\/Linkin-Park-18x12.jpg 18w, https:\/\/www.mzone.cz\/wp-content\/uploads\/2024\/11\/Linkin-Park-800x533.jpg 800w, https:\/\/www.mzone.cz\/wp-content\/uploads\/2024\/11\/Linkin-Park-400x267.jpg 400w, https:\/\/www.mzone.cz\/wp-content\/uploads\/2024\/11\/Linkin-Park-500x333.jpg 500w, https:\/\/www.mzone.cz\/wp-content\/uploads\/2024\/11\/Linkin-Park-1170x780.jpg 1170w, https:\/\/www.mzone.cz\/wp-content\/uploads\/2024\/11\/Linkin-Park-590x393.jpg 590w, https:\/\/www.mzone.cz\/wp-content\/uploads\/2024\/11\/Linkin-Park.jpg 2048w\" sizes=\"auto, (max-width: 1024px) 100vw, 1024px\" \/><\/a><\/figure><div class=\"wp-block-media-text__content\">\n<h4 class=\"wp-block-heading\"><a href=\"https:\/\/www.mzone.cz\/linkin-park-miri-na-rock-for-people-30-rocnik-festivalu-privita-i-slipknot-nebo-fontaines-d-c\/\">Linkin Park m\u00ed\u0159\u00ed na Rock for People! 30. ro\u010dn\u00edk festivalu p\u0159iv\u00edt\u00e1 i Slipknot nebo Fontaines D.C.<\/a><\/h4><br>\n<\/div><\/div>\n\n\n\n<p><\/p>","protected":false},"excerpt":{"rendered":"<p>Festival Rock for People vyt\u00e1hl eso z ruk\u00e1vu k oslav\u00e1m sv\u00fdch 30.\u00a0narozenin spole\u010dn\u011b s Live Nation CZ, kter\u00fd je tak mezi prvn\u00edmi jeho gratulanty. Na\u00a0\u010dty\u0159denn\u00ed\u00a0term\u00edn\u00a0festivalu\u00a0od\u00a011.\u00a0do\u00a014.\u00a0\u010dervna\u00a02025\u00a0nav\u00e1\u017ee\u00a0speci\u00e1ln\u00ed p\u0159idan\u00fd\u00a0narozeninov\u00fd\u00a0den\u00a015.\u00a06.\u00a0v\u00a0hlavn\u00ed\u00a0roli\u00a0s\u00a0legend\u00e1rn\u00edmi\u00a0Guns\u00a0N\u2019\u00a0Roses\u00a0a\u00a0dal\u0161\u00edmi\u00a0kapelami. Jedna z nejv\u00fdrazn\u011bj\u0161\u00edch rockov\u00fdch kapel hudebn\u00ed historie v sestav\u011b Axl\u00a0Rose, Slash, Duff McKagan, Dizzy Reed a dal\u0161\u00ed vystoup\u00ed v ned\u011bli v hradeck\u00e9m Parku\u00a0360 po festivalu Rock for People. \u201cKdy\u017e [&hellip;]<\/p>\n","protected":false},"author":4,"featured_media":44595,"comment_status":"open","ping_status":"closed","sticky":false,"template":"","format":"standard","meta":{"kk_blocks_editor_width":"","_kiokenblocks_attr":"","_kiokenblocks_dimensions":"","footnotes":""},"categories":[76,71],"tags":[153,6272,2008,1147,1584,1579,31,1580,1396,1825,2871,1802,920,1582],"class_list":["post-44593","post","type-post","status-publish","format-standard","has-post-thumbnail","hentry","category-hudba","category-kultura","tag-festival","tag-guns-n-roses","tag-hradec-kralove","tag-hudba","tag-kapela","tag-koncert","tag-kultura","tag-muzika","tag-narozeniny","tag-rock-for-people","tag-rockova-hudba","tag-skupina","tag-vyroci","tag-vystoupeni"],"yoast_head":"<!-- This site is optimized with the Yoast SEO plugin v27.5 - https:\/\/yoast.com\/product\/yoast-seo-wordpress\/ -->\n<title>Guns N\u2019 Roses vystoup\u00ed v Hradci Kr\u00e1lov\u00e9 na speci\u00e1ln\u00edm narozeninov\u00e9m dnu ke 30. v\u00fdro\u010d\u00ed festivalu Rock for People - Mzone<\/title>\n<meta name=\"description\" content=\"Festival Rock for People vyt\u00e1hl eso z ruk\u00e1vu k oslav\u00e1m sv\u00fdch 30. narozenin spole\u010dn\u011b s Live Nation CZ, kter\u00fd je tak mezi prvn\u00edmi jeho gratulanty. Na \u010dty\u0159denn\u00ed term\u00edn festivalu od 11. do 14. \u010dervna 2025 nav\u00e1\u017ee speci\u00e1ln\u00ed p\u0159idan\u00fd Narozeninov\u00fd den 15. 6. v hlavn\u00ed roli s legend\u00e1rn\u00edmi Guns N\u2019 Roses a dal\u0161\u00edmi kapelami.\" \/>\n<meta name=\"robots\" content=\"index, follow, max-snippet:-1, max-image-preview:large, max-video-preview:-1\" \/>\n<link rel=\"canonical\" href=\"https:\/\/www.mzone.cz\/en\/guns-n-roses-vystoupi-v-hradci-kralove-na-specialnim-narozeninovem-dnu-ke-30-vyroci-festivalu-rock-for-people\/\" \/>\n<meta property=\"og:locale\" content=\"en_US\" \/>\n<meta property=\"og:type\" content=\"article\" \/>\n<meta property=\"og:title\" content=\"Guns N\u2019 Roses vystoup\u00ed v Hradci Kr\u00e1lov\u00e9 na speci\u00e1ln\u00edm narozeninov\u00e9m dnu ke 30. v\u00fdro\u010d\u00ed festivalu Rock for People - Mzone\" \/>\n<meta property=\"og:description\" content=\"Festival Rock for People vyt\u00e1hl eso z ruk\u00e1vu k oslav\u00e1m sv\u00fdch 30. narozenin spole\u010dn\u011b s Live Nation CZ, kter\u00fd je tak mezi prvn\u00edmi jeho gratulanty. Na \u010dty\u0159denn\u00ed term\u00edn festivalu od 11. do 14. \u010dervna 2025 nav\u00e1\u017ee speci\u00e1ln\u00ed p\u0159idan\u00fd Narozeninov\u00fd den 15. 6. v hlavn\u00ed roli s legend\u00e1rn\u00edmi Guns N\u2019 Roses a dal\u0161\u00edmi kapelami.\" \/>\n<meta property=\"og:url\" content=\"https:\/\/www.mzone.cz\/en\/guns-n-roses-vystoupi-v-hradci-kralove-na-specialnim-narozeninovem-dnu-ke-30-vyroci-festivalu-rock-for-people\/\" \/>\n<meta property=\"og:site_name\" content=\"Mzone\" \/>\n<meta property=\"article:publisher\" content=\"https:\/\/www.facebook.com\/MzoneCZ\/\" \/>\n<meta property=\"article:published_time\" content=\"2024-12-31T04:00:00+00:00\" \/>\n<meta property=\"og:image\" content=\"https:\/\/www.mzone.cz\/wp-content\/uploads\/2024\/12\/Guns-N-Roses-scaled.jpg\" \/>\n\t<meta property=\"og:image:width\" content=\"2560\" \/>\n\t<meta property=\"og:image:height\" content=\"1707\" \/>\n\t<meta property=\"og:image:type\" content=\"image\/jpeg\" \/>\n<meta name=\"author\" content=\"Mzone\" \/>\n<meta name=\"twitter:card\" content=\"summary_large_image\" \/>\n<meta name=\"twitter:label1\" content=\"Written by\" \/>\n\t<meta name=\"twitter:data1\" content=\"Mzone\" \/>\n\t<meta name=\"twitter:label2\" content=\"Est. reading time\" \/>\n\t<meta name=\"twitter:data2\" content=\"3 minutes\" \/>\n<script type=\"application\/ld+json\" class=\"yoast-schema-graph\">{\"@context\":\"https:\\\/\\\/schema.org\",\"@graph\":[{\"@type\":\"Article\",\"@id\":\"https:\\\/\\\/www.mzone.cz\\\/guns-n-roses-vystoupi-v-hradci-kralove-na-specialnim-narozeninovem-dnu-ke-30-vyroci-festivalu-rock-for-people\\\/#article\",\"isPartOf\":{\"@id\":\"https:\\\/\\\/www.mzone.cz\\\/guns-n-roses-vystoupi-v-hradci-kralove-na-specialnim-narozeninovem-dnu-ke-30-vyroci-festivalu-rock-for-people\\\/\"},\"author\":{\"name\":\"Mzone\",\"@id\":\"https:\\\/\\\/www.mzone.cz\\\/#\\\/schema\\\/person\\\/9bc20cc422a99cac4af6ff9297da32d4\"},\"headline\":\"Guns N\u2019 Roses vystoup\u00ed v Hradci Kr\u00e1lov\u00e9 na speci\u00e1ln\u00edm narozeninov\u00e9m dnu ke 30. v\u00fdro\u010d\u00ed festivalu Rock for People\",\"datePublished\":\"2024-12-31T04:00:00+00:00\",\"mainEntityOfPage\":{\"@id\":\"https:\\\/\\\/www.mzone.cz\\\/guns-n-roses-vystoupi-v-hradci-kralove-na-specialnim-narozeninovem-dnu-ke-30-vyroci-festivalu-rock-for-people\\\/\"},\"wordCount\":719,\"commentCount\":0,\"image\":{\"@id\":\"https:\\\/\\\/www.mzone.cz\\\/guns-n-roses-vystoupi-v-hradci-kralove-na-specialnim-narozeninovem-dnu-ke-30-vyroci-festivalu-rock-for-people\\\/#primaryimage\"},\"thumbnailUrl\":\"https:\\\/\\\/www.mzone.cz\\\/wp-content\\\/uploads\\\/2024\\\/12\\\/Guns-N-Roses-scaled.jpg\",\"keywords\":[\"festival\",\"Guns\u00a0N\u2019\u00a0Roses\",\"Hradec Kr\u00e1lov\u00e9\",\"hudba\",\"kapela\",\"koncert\",\"Kultura\",\"muzika\",\"narozeniny\",\"Rock for People\",\"rockov\u00e1 hudba\",\"skupina\",\"v\u00fdro\u010d\u00ed\",\"vystoupen\u00ed\"],\"articleSection\":[\"Hudba\",\"Kultura\"],\"inLanguage\":\"en-US\",\"potentialAction\":[{\"@type\":\"CommentAction\",\"name\":\"Comment\",\"target\":[\"https:\\\/\\\/www.mzone.cz\\\/guns-n-roses-vystoupi-v-hradci-kralove-na-specialnim-narozeninovem-dnu-ke-30-vyroci-festivalu-rock-for-people\\\/#respond\"]}]},{\"@type\":\"WebPage\",\"@id\":\"https:\\\/\\\/www.mzone.cz\\\/guns-n-roses-vystoupi-v-hradci-kralove-na-specialnim-narozeninovem-dnu-ke-30-vyroci-festivalu-rock-for-people\\\/\",\"url\":\"https:\\\/\\\/www.mzone.cz\\\/guns-n-roses-vystoupi-v-hradci-kralove-na-specialnim-narozeninovem-dnu-ke-30-vyroci-festivalu-rock-for-people\\\/\",\"name\":\"Guns N\u2019 Roses vystoup\u00ed v Hradci Kr\u00e1lov\u00e9 na speci\u00e1ln\u00edm narozeninov\u00e9m dnu ke 30. v\u00fdro\u010d\u00ed festivalu Rock for People - Mzone\",\"isPartOf\":{\"@id\":\"https:\\\/\\\/www.mzone.cz\\\/#website\"},\"primaryImageOfPage\":{\"@id\":\"https:\\\/\\\/www.mzone.cz\\\/guns-n-roses-vystoupi-v-hradci-kralove-na-specialnim-narozeninovem-dnu-ke-30-vyroci-festivalu-rock-for-people\\\/#primaryimage\"},\"image\":{\"@id\":\"https:\\\/\\\/www.mzone.cz\\\/guns-n-roses-vystoupi-v-hradci-kralove-na-specialnim-narozeninovem-dnu-ke-30-vyroci-festivalu-rock-for-people\\\/#primaryimage\"},\"thumbnailUrl\":\"https:\\\/\\\/www.mzone.cz\\\/wp-content\\\/uploads\\\/2024\\\/12\\\/Guns-N-Roses-scaled.jpg\",\"datePublished\":\"2024-12-31T04:00:00+00:00\",\"author\":{\"@id\":\"https:\\\/\\\/www.mzone.cz\\\/#\\\/schema\\\/person\\\/9bc20cc422a99cac4af6ff9297da32d4\"},\"description\":\"Festival Rock for People vyt\u00e1hl eso z ruk\u00e1vu k oslav\u00e1m sv\u00fdch 30. narozenin spole\u010dn\u011b s Live Nation CZ, kter\u00fd je tak mezi prvn\u00edmi jeho gratulanty. Na \u010dty\u0159denn\u00ed term\u00edn festivalu od 11. do 14. \u010dervna 2025 nav\u00e1\u017ee speci\u00e1ln\u00ed p\u0159idan\u00fd Narozeninov\u00fd den 15. 6. v hlavn\u00ed roli s legend\u00e1rn\u00edmi Guns N\u2019 Roses a dal\u0161\u00edmi kapelami.\",\"breadcrumb\":{\"@id\":\"https:\\\/\\\/www.mzone.cz\\\/guns-n-roses-vystoupi-v-hradci-kralove-na-specialnim-narozeninovem-dnu-ke-30-vyroci-festivalu-rock-for-people\\\/#breadcrumb\"},\"inLanguage\":\"en-US\",\"potentialAction\":[{\"@type\":\"ReadAction\",\"target\":[\"https:\\\/\\\/www.mzone.cz\\\/guns-n-roses-vystoupi-v-hradci-kralove-na-specialnim-narozeninovem-dnu-ke-30-vyroci-festivalu-rock-for-people\\\/\"]}]},{\"@type\":\"ImageObject\",\"inLanguage\":\"en-US\",\"@id\":\"https:\\\/\\\/www.mzone.cz\\\/guns-n-roses-vystoupi-v-hradci-kralove-na-specialnim-narozeninovem-dnu-ke-30-vyroci-festivalu-rock-for-people\\\/#primaryimage\",\"url\":\"https:\\\/\\\/www.mzone.cz\\\/wp-content\\\/uploads\\\/2024\\\/12\\\/Guns-N-Roses-scaled.jpg\",\"contentUrl\":\"https:\\\/\\\/www.mzone.cz\\\/wp-content\\\/uploads\\\/2024\\\/12\\\/Guns-N-Roses-scaled.jpg\",\"width\":2560,\"height\":1707,\"caption\":\"Guns N\u2019 Roses\"},{\"@type\":\"BreadcrumbList\",\"@id\":\"https:\\\/\\\/www.mzone.cz\\\/guns-n-roses-vystoupi-v-hradci-kralove-na-specialnim-narozeninovem-dnu-ke-30-vyroci-festivalu-rock-for-people\\\/#breadcrumb\",\"itemListElement\":[{\"@type\":\"ListItem\",\"position\":1,\"name\":\"Dom\u016f\",\"item\":\"https:\\\/\\\/www.mzone.cz\\\/\"},{\"@type\":\"ListItem\",\"position\":2,\"name\":\"Guns N\u2019 Roses vystoup\u00ed v Hradci Kr\u00e1lov\u00e9 na speci\u00e1ln\u00edm narozeninov\u00e9m dnu ke 30. v\u00fdro\u010d\u00ed festivalu Rock for People\"}]},{\"@type\":\"WebSite\",\"@id\":\"https:\\\/\\\/www.mzone.cz\\\/#website\",\"url\":\"https:\\\/\\\/www.mzone.cz\\\/\",\"name\":\"Mzone\",\"description\":\"Magaz\u00edn nejen pro mu\u017ee\",\"potentialAction\":[{\"@type\":\"SearchAction\",\"target\":{\"@type\":\"EntryPoint\",\"urlTemplate\":\"https:\\\/\\\/www.mzone.cz\\\/?s={search_term_string}\"},\"query-input\":{\"@type\":\"PropertyValueSpecification\",\"valueRequired\":true,\"valueName\":\"search_term_string\"}}],\"inLanguage\":\"en-US\"},{\"@type\":\"Person\",\"@id\":\"https:\\\/\\\/www.mzone.cz\\\/#\\\/schema\\\/person\\\/9bc20cc422a99cac4af6ff9297da32d4\",\"name\":\"Mzone\",\"image\":{\"@type\":\"ImageObject\",\"inLanguage\":\"en-US\",\"@id\":\"https:\\\/\\\/secure.gravatar.com\\\/avatar\\\/e780a8630f3182a3d06dd667ab6bea151a0d155b0951bc15fe22633acdac0676?s=96&d=mm&r=g\",\"url\":\"https:\\\/\\\/secure.gravatar.com\\\/avatar\\\/e780a8630f3182a3d06dd667ab6bea151a0d155b0951bc15fe22633acdac0676?s=96&d=mm&r=g\",\"contentUrl\":\"https:\\\/\\\/secure.gravatar.com\\\/avatar\\\/e780a8630f3182a3d06dd667ab6bea151a0d155b0951bc15fe22633acdac0676?s=96&d=mm&r=g\",\"caption\":\"Mzone\"},\"url\":\"https:\\\/\\\/www.mzone.cz\\\/en\\\/author\\\/jakub\\\/\"}]}<\/script>\n<!-- \/ Yoast SEO plugin. -->","yoast_head_json":{"title":"Guns N\u2019 Roses vystoup\u00ed v Hradci Kr\u00e1lov\u00e9 na speci\u00e1ln\u00edm narozeninov\u00e9m dnu ke 30. v\u00fdro\u010d\u00ed festivalu Rock for People - Mzone","description":"Festival Rock for People vyt\u00e1hl eso z ruk\u00e1vu k oslav\u00e1m sv\u00fdch 30. narozenin spole\u010dn\u011b s Live Nation CZ, kter\u00fd je tak mezi prvn\u00edmi jeho gratulanty. Na \u010dty\u0159denn\u00ed term\u00edn festivalu od 11. do 14. \u010dervna 2025 nav\u00e1\u017ee speci\u00e1ln\u00ed p\u0159idan\u00fd Narozeninov\u00fd den 15. 6. v hlavn\u00ed roli s legend\u00e1rn\u00edmi Guns N\u2019 Roses a dal\u0161\u00edmi kapelami.","robots":{"index":"index","follow":"follow","max-snippet":"max-snippet:-1","max-image-preview":"max-image-preview:large","max-video-preview":"max-video-preview:-1"},"canonical":"https:\/\/www.mzone.cz\/en\/guns-n-roses-vystoupi-v-hradci-kralove-na-specialnim-narozeninovem-dnu-ke-30-vyroci-festivalu-rock-for-people\/","og_locale":"en_US","og_type":"article","og_title":"Guns N\u2019 Roses vystoup\u00ed v Hradci Kr\u00e1lov\u00e9 na speci\u00e1ln\u00edm narozeninov\u00e9m dnu ke 30. v\u00fdro\u010d\u00ed festivalu Rock for People - Mzone","og_description":"Festival Rock for People vyt\u00e1hl eso z ruk\u00e1vu k oslav\u00e1m sv\u00fdch 30. narozenin spole\u010dn\u011b s Live Nation CZ, kter\u00fd je tak mezi prvn\u00edmi jeho gratulanty. Na \u010dty\u0159denn\u00ed term\u00edn festivalu od 11. do 14. \u010dervna 2025 nav\u00e1\u017ee speci\u00e1ln\u00ed p\u0159idan\u00fd Narozeninov\u00fd den 15. 6. v hlavn\u00ed roli s legend\u00e1rn\u00edmi Guns N\u2019 Roses a dal\u0161\u00edmi kapelami.","og_url":"https:\/\/www.mzone.cz\/en\/guns-n-roses-vystoupi-v-hradci-kralove-na-specialnim-narozeninovem-dnu-ke-30-vyroci-festivalu-rock-for-people\/","og_site_name":"Mzone","article_publisher":"https:\/\/www.facebook.com\/MzoneCZ\/","article_published_time":"2024-12-31T04:00:00+00:00","og_image":[{"width":2560,"height":1707,"url":"https:\/\/www.mzone.cz\/wp-content\/uploads\/2024\/12\/Guns-N-Roses-scaled.jpg","type":"image\/jpeg"}],"author":"Mzone","twitter_card":"summary_large_image","twitter_misc":{"Written by":"Mzone","Est. reading time":"3 minutes"},"schema":{"@context":"https:\/\/schema.org","@graph":[{"@type":"Article","@id":"https:\/\/www.mzone.cz\/guns-n-roses-vystoupi-v-hradci-kralove-na-specialnim-narozeninovem-dnu-ke-30-vyroci-festivalu-rock-for-people\/#article","isPartOf":{"@id":"https:\/\/www.mzone.cz\/guns-n-roses-vystoupi-v-hradci-kralove-na-specialnim-narozeninovem-dnu-ke-30-vyroci-festivalu-rock-for-people\/"},"author":{"name":"Mzone","@id":"https:\/\/www.mzone.cz\/#\/schema\/person\/9bc20cc422a99cac4af6ff9297da32d4"},"headline":"Guns N\u2019 Roses vystoup\u00ed v Hradci Kr\u00e1lov\u00e9 na speci\u00e1ln\u00edm narozeninov\u00e9m dnu ke 30. v\u00fdro\u010d\u00ed festivalu Rock for People","datePublished":"2024-12-31T04:00:00+00:00","mainEntityOfPage":{"@id":"https:\/\/www.mzone.cz\/guns-n-roses-vystoupi-v-hradci-kralove-na-specialnim-narozeninovem-dnu-ke-30-vyroci-festivalu-rock-for-people\/"},"wordCount":719,"commentCount":0,"image":{"@id":"https:\/\/www.mzone.cz\/guns-n-roses-vystoupi-v-hradci-kralove-na-specialnim-narozeninovem-dnu-ke-30-vyroci-festivalu-rock-for-people\/#primaryimage"},"thumbnailUrl":"https:\/\/www.mzone.cz\/wp-content\/uploads\/2024\/12\/Guns-N-Roses-scaled.jpg","keywords":["festival","Guns\u00a0N\u2019\u00a0Roses","Hradec Kr\u00e1lov\u00e9","hudba","kapela","koncert","Kultura","muzika","narozeniny","Rock for People","rockov\u00e1 hudba","skupina","v\u00fdro\u010d\u00ed","vystoupen\u00ed"],"articleSection":["Hudba","Kultura"],"inLanguage":"en-US","potentialAction":[{"@type":"CommentAction","name":"Comment","target":["https:\/\/www.mzone.cz\/guns-n-roses-vystoupi-v-hradci-kralove-na-specialnim-narozeninovem-dnu-ke-30-vyroci-festivalu-rock-for-people\/#respond"]}]},{"@type":"WebPage","@id":"https:\/\/www.mzone.cz\/guns-n-roses-vystoupi-v-hradci-kralove-na-specialnim-narozeninovem-dnu-ke-30-vyroci-festivalu-rock-for-people\/","url":"https:\/\/www.mzone.cz\/guns-n-roses-vystoupi-v-hradci-kralove-na-specialnim-narozeninovem-dnu-ke-30-vyroci-festivalu-rock-for-people\/","name":"Guns N\u2019 Roses vystoup\u00ed v Hradci Kr\u00e1lov\u00e9 na speci\u00e1ln\u00edm narozeninov\u00e9m dnu ke 30. v\u00fdro\u010d\u00ed festivalu Rock for People - Mzone","isPartOf":{"@id":"https:\/\/www.mzone.cz\/#website"},"primaryImageOfPage":{"@id":"https:\/\/www.mzone.cz\/guns-n-roses-vystoupi-v-hradci-kralove-na-specialnim-narozeninovem-dnu-ke-30-vyroci-festivalu-rock-for-people\/#primaryimage"},"image":{"@id":"https:\/\/www.mzone.cz\/guns-n-roses-vystoupi-v-hradci-kralove-na-specialnim-narozeninovem-dnu-ke-30-vyroci-festivalu-rock-for-people\/#primaryimage"},"thumbnailUrl":"https:\/\/www.mzone.cz\/wp-content\/uploads\/2024\/12\/Guns-N-Roses-scaled.jpg","datePublished":"2024-12-31T04:00:00+00:00","author":{"@id":"https:\/\/www.mzone.cz\/#\/schema\/person\/9bc20cc422a99cac4af6ff9297da32d4"},"description":"Festival Rock for People vyt\u00e1hl eso z ruk\u00e1vu k oslav\u00e1m sv\u00fdch 30. narozenin spole\u010dn\u011b s Live Nation CZ, kter\u00fd je tak mezi prvn\u00edmi jeho gratulanty. Na \u010dty\u0159denn\u00ed term\u00edn festivalu od 11. do 14. \u010dervna 2025 nav\u00e1\u017ee speci\u00e1ln\u00ed p\u0159idan\u00fd Narozeninov\u00fd den 15. 6. v hlavn\u00ed roli s legend\u00e1rn\u00edmi Guns N\u2019 Roses a dal\u0161\u00edmi kapelami.","breadcrumb":{"@id":"https:\/\/www.mzone.cz\/guns-n-roses-vystoupi-v-hradci-kralove-na-specialnim-narozeninovem-dnu-ke-30-vyroci-festivalu-rock-for-people\/#breadcrumb"},"inLanguage":"en-US","potentialAction":[{"@type":"ReadAction","target":["https:\/\/www.mzone.cz\/guns-n-roses-vystoupi-v-hradci-kralove-na-specialnim-narozeninovem-dnu-ke-30-vyroci-festivalu-rock-for-people\/"]}]},{"@type":"ImageObject","inLanguage":"en-US","@id":"https:\/\/www.mzone.cz\/guns-n-roses-vystoupi-v-hradci-kralove-na-specialnim-narozeninovem-dnu-ke-30-vyroci-festivalu-rock-for-people\/#primaryimage","url":"https:\/\/www.mzone.cz\/wp-content\/uploads\/2024\/12\/Guns-N-Roses-scaled.jpg","contentUrl":"https:\/\/www.mzone.cz\/wp-content\/uploads\/2024\/12\/Guns-N-Roses-scaled.jpg","width":2560,"height":1707,"caption":"Guns N\u2019 Roses"},{"@type":"BreadcrumbList","@id":"https:\/\/www.mzone.cz\/guns-n-roses-vystoupi-v-hradci-kralove-na-specialnim-narozeninovem-dnu-ke-30-vyroci-festivalu-rock-for-people\/#breadcrumb","itemListElement":[{"@type":"ListItem","position":1,"name":"Dom\u016f","item":"https:\/\/www.mzone.cz\/"},{"@type":"ListItem","position":2,"name":"Guns N\u2019 Roses vystoup\u00ed v Hradci Kr\u00e1lov\u00e9 na speci\u00e1ln\u00edm narozeninov\u00e9m dnu ke 30. v\u00fdro\u010d\u00ed festivalu Rock for People"}]},{"@type":"WebSite","@id":"https:\/\/www.mzone.cz\/#website","url":"https:\/\/www.mzone.cz\/","name":"Mzone","description":"Magaz\u00edn nejen pro mu\u017ee","potentialAction":[{"@type":"SearchAction","target":{"@type":"EntryPoint","urlTemplate":"https:\/\/www.mzone.cz\/?s={search_term_string}"},"query-input":{"@type":"PropertyValueSpecification","valueRequired":true,"valueName":"search_term_string"}}],"inLanguage":"en-US"},{"@type":"Person","@id":"https:\/\/www.mzone.cz\/#\/schema\/person\/9bc20cc422a99cac4af6ff9297da32d4","name":"Mzone","image":{"@type":"ImageObject","inLanguage":"en-US","@id":"https:\/\/secure.gravatar.com\/avatar\/e780a8630f3182a3d06dd667ab6bea151a0d155b0951bc15fe22633acdac0676?s=96&d=mm&r=g","url":"https:\/\/secure.gravatar.com\/avatar\/e780a8630f3182a3d06dd667ab6bea151a0d155b0951bc15fe22633acdac0676?s=96&d=mm&r=g","contentUrl":"https:\/\/secure.gravatar.com\/avatar\/e780a8630f3182a3d06dd667ab6bea151a0d155b0951bc15fe22633acdac0676?s=96&d=mm&r=g","caption":"Mzone"},"url":"https:\/\/www.mzone.cz\/en\/author\/jakub\/"}]}},"_links":{"self":[{"href":"https:\/\/www.mzone.cz\/en\/wp-json\/wp\/v2\/posts\/44593","targetHints":{"allow":["GET"]}}],"collection":[{"href":"https:\/\/www.mzone.cz\/en\/wp-json\/wp\/v2\/posts"}],"about":[{"href":"https:\/\/www.mzone.cz\/en\/wp-json\/wp\/v2\/types\/post"}],"author":[{"embeddable":true,"href":"https:\/\/www.mzone.cz\/en\/wp-json\/wp\/v2\/users\/4"}],"replies":[{"embeddable":true,"href":"https:\/\/www.mzone.cz\/en\/wp-json\/wp\/v2\/comments?post=44593"}],"version-history":[{"count":10,"href":"https:\/\/www.mzone.cz\/en\/wp-json\/wp\/v2\/posts\/44593\/revisions"}],"predecessor-version":[{"id":44611,"href":"https:\/\/www.mzone.cz\/en\/wp-json\/wp\/v2\/posts\/44593\/revisions\/44611"}],"wp:featuredmedia":[{"embeddable":true,"href":"https:\/\/www.mzone.cz\/en\/wp-json\/wp\/v2\/media\/44595"}],"wp:attachment":[{"href":"https:\/\/www.mzone.cz\/en\/wp-json\/wp\/v2\/media?parent=44593"}],"wp:term":[{"taxonomy":"category","embeddable":true,"href":"https:\/\/www.mzone.cz\/en\/wp-json\/wp\/v2\/categories?post=44593"},{"taxonomy":"post_tag","embeddable":true,"href":"https:\/\/www.mzone.cz\/en\/wp-json\/wp\/v2\/tags?post=44593"}],"curies":[{"name":"wp","href":"https:\/\/api.w.org\/{rel}","templated":true}]}}