{"id":44919,"date":"2025-02-23T12:15:38","date_gmt":"2025-02-23T11:15:38","guid":{"rendered":"https:\/\/www.mzone.cz\/?p=44919"},"modified":"2025-02-23T12:18:30","modified_gmt":"2025-02-23T11:18:30","slug":"bydleni-v-praze-se-meni-nastesti-k-lepsimu","status":"publish","type":"post","link":"https:\/\/www.mzone.cz\/en\/bydleni-v-praze-se-meni-nastesti-k-lepsimu\/","title":{"rendered":"Tv\u00e1\u0159 tradi\u010dn\u00edho bydlen\u00ed v Praze se m\u011bn\u00ed. Na\u0161t\u011bst\u00ed k lep\u0161\u00edmu"},"content":{"rendered":"<p><strong>Kdy\u017e star\u00e9 ustupuje nov\u00e9mu \u2013 a je to pr\u00e1v\u011b Praha, kter\u00e1 se v posledn\u00edch dek\u00e1d\u00e1ch m\u011bn\u00ed doslova p\u0159ed o\u010dima. Nevyu\u017eit\u00e9 pr\u016fmyslov\u00e9 are\u00e1ly a zanedban\u00e1 \u00fazem\u00ed se prom\u011b\u0148uj\u00ed v modern\u00ed m\u011bstsk\u00e9 \u010dtvrti. Ale samoz\u0159ejm\u011b nejde jen o nov\u00e9 budovy \u2013 jedn\u00e1 se o proces vytv\u00e1\u0159en\u00ed m\u00edst, kde lid\u00e9 skute\u010dn\u011b cht\u011bj\u00ed \u017e\u00edt.<\/strong><\/p><br>\n\n\n\n<h2 class=\"wp-block-heading\">\u017di\u017ekov &#8211; \u010dtvr\u0165 s charakterem<\/h2>\n\n\n\n<p>M\u00e1lokter\u00e1 pra\u017esk\u00e1 \u010dtvr\u0165 si zachovala tolik osobitosti jako pr\u00e1v\u011b \u017di\u017ekov. I kdy\u017e u\u017e se o n\u011bm d\u00e1vno nep\u00ed\u0161e jako o domovu legend\u00e1rn\u00ed &#8220;pra\u017esk\u00e9 gal\u00e9rky&#8221;, sv\u016fj specifick\u00fd charakter si udr\u017eel. Nach\u00e1z\u00ed se zde jak historick\u00e9 \u010din\u017e\u00e1ky, tak modern\u00ed bytov\u00e9 projekty. Mezi nimi pak vynik\u00e1 nap\u0159\u00edklad&nbsp;<strong>projekt Byty Na Vackov\u011b<\/strong>, kter\u00fd citliv\u011b dopl\u0148uje st\u00e1vaj\u00edc\u00ed z\u00e1stavbu v bl\u00edzkosti parku \u017didovsk\u00e9 pece.<\/p><br>\n\n\n\n<h2 class=\"wp-block-heading\">Modern\u00ed bydlen\u00ed se v\u0161\u00edm v\u0161udy<\/h2>\n\n\n\n<p>Dne\u0161n\u00ed kupuj\u00edc\u00ed jsou n\u00e1ro\u010dn\u00ed &#8211; a maj\u00ed na to pr\u00e1vo. Necht\u011bj\u00ed jen \u010dty\u0159i st\u011bny a st\u0159echu nad hlavou. Hledaj\u00ed&nbsp;<strong>skute\u010dn\u00fd domov s ve\u0161ker\u00fdm komfortem<\/strong>. Cht\u011bj\u00ed m\u00edt na dosah obchody, restaurace, \u0161koly, l\u00e9ka\u0159e i mo\u017enosti pro sport a relaxaci. A p\u0159esn\u011b to lze naj\u00edt na \u017di\u017ekov\u011b.<\/p><br>\n\n\n\n<h2 class=\"wp-block-heading\">Bl\u00edzko v\u0161emu d\u016fle\u017eit\u00e9mu<\/h2>\n\n\n\n<p>Kdo by necht\u011bl&nbsp;<strong>bydlet tam, kde je v\u0161e po ruce<\/strong>? Modern\u00ed projekty v zaveden\u00fdch \u010dtvrt\u00edch l\u00e1kaj\u00ed z\u00e1jemce pr\u00e1v\u011b na tuto kombinaci &#8211; v\u00fdbornou dostupnost do centra, a p\u0159itom klid pro \u017eivot. Nen\u00ed divu, \u017ee takov\u00e9 lokality pat\u0159\u00ed k t\u011bm nej\u017e\u00e1dan\u011bj\u0161\u00edm.<\/p><br>\n\n\n\n<h2 class=\"wp-block-heading\">V\u00edc ne\u017e jen st\u0159echa nad hlavou<\/h2>\n\n\n\n<p>Nov\u00e9 bytov\u00e9 projekty dnes nejsou jen o samotn\u00e9m bydlen\u00ed. C\u00edlem je \u010dasto&nbsp;<strong>vytv\u00e1\u0159en\u00ed komunit<\/strong>, a proto vznikaj\u00ed prostory pro setk\u00e1v\u00e1n\u00ed, se zelen\u00ed a m\u00edsty pro relaxaci. Develope\u0159i to v\u011bd\u00ed a projekty tomu p\u0159izp\u016fsobuj\u00ed. V\u00fdsledkem jsou p\u0159\u00edjemn\u00e9 \u010dtvrti, ve kter\u00fdch lid\u00e9 z\u016fst\u00e1vaj\u00ed i po cel\u00fd \u017eivot. Skv\u011bl\u00fdm p\u0159\u00edkladem m\u016f\u017ee b\u00fdt&nbsp;<a href=\"https:\/\/byty.navackove.cz\/cenik\/\" target=\"_blank\">nov\u00fd byt v Praze 3 na Vackov\u011b<\/a>.<\/p><br>\n\n\n\n<figure class=\"wp-block-image size-large\"><img loading=\"lazy\" decoding=\"async\" width=\"1024\" height=\"688\" src=\"https:\/\/www.mzone.cz\/wp-content\/uploads\/2025\/02\/mzone-cz-navackove-01-1024x688.jpg\" alt=\"Byty Na Vackov\u011b\" class=\"wp-image-44923\" srcset=\"https:\/\/www.mzone.cz\/wp-content\/uploads\/2025\/02\/mzone-cz-navackove-01-1024x688.jpg 1024w, https:\/\/www.mzone.cz\/wp-content\/uploads\/2025\/02\/mzone-cz-navackove-01-300x202.jpg 300w, https:\/\/www.mzone.cz\/wp-content\/uploads\/2025\/02\/mzone-cz-navackove-01-768x516.jpg 768w, https:\/\/www.mzone.cz\/wp-content\/uploads\/2025\/02\/mzone-cz-navackove-01-18x12.jpg 18w, https:\/\/www.mzone.cz\/wp-content\/uploads\/2025\/02\/mzone-cz-navackove-01-590x396.jpg 590w, https:\/\/www.mzone.cz\/wp-content\/uploads\/2025\/02\/mzone-cz-navackove-01.jpg 1200w\" sizes=\"auto, (max-width: 1024px) 100vw, 1024px\" \/><\/figure><br>\n\n\n\n<h2 class=\"wp-block-heading\">Investice do budoucnosti<\/h2>\n\n\n\n<p>Byt v dobr\u00e9 lokalit\u011b v\u017edy platil za chytrou investic\u00ed. A dvojn\u00e1sob u projekt\u016f, kter\u00e9 mysl\u00ed na budoucnost &#8211;&nbsp;<strong>kvalitn\u00ed materi\u00e1ly, promy\u0161len\u00e9 dispozice, energetick\u00e1 \u00faspornost<\/strong>. To v\u0161echno jsou faktory, kter\u00e9 rozhoduj\u00ed o dlouhodob\u00e9 hodnot\u011b nemovitosti.<\/p><br>\n\n\n\n<p>Mo\u017en\u00e1 tak\u00e9 p\u0159em\u00fd\u0161l\u00edte o nov\u00e9m bydlen\u00ed &#8211; anebo hled\u00e1te zaj\u00edmavou investi\u010dn\u00ed p\u0159\u00edle\u017eitost. V obou p\u0159\u00edpadech se vyplat\u00ed d\u00edvat se po zaveden\u00fdch lokalit\u00e1ch, kter\u00e9 proch\u00e1zej\u00ed citlivou prom\u011bnou. Proto\u017ee dobr\u00e9 bydlen\u00ed nen\u00ed jen o \u010dty\u0159ech st\u011bn\u00e1ch &#8211; je o m\u00edst\u011b, kde se budete c\u00edtit doma. O bydlen\u00ed na Vackov\u011b se dozv\u00edte v\u00edce na\u00a0<strong><a href=\"https:\/\/byty.navackove.cz\/\" target=\"_blank\">byty.navackove.cz<\/a><\/strong>.<\/p><br>\n\n\n\n<div class=\"wp-block-media-text is-stacked-on-mobile is-vertically-aligned-top\" style=\"grid-template-columns:35% auto\"><figure class=\"wp-block-media-text__media\"><a href=\"https:\/\/www.mzone.cz\/kladno-je-lokalita-na-vzestupu-bydleni-kousek-od-prahy-se-skvelym-dopravnim-spojenim-i-carsharingem\/\"><img loading=\"lazy\" decoding=\"async\" width=\"1024\" height=\"682\" src=\"https:\/\/www.mzone.cz\/wp-content\/uploads\/2022\/11\/Kladno-\u2013-vlak-1024x682.jpg\" alt=\"Kladno \u2013 vlak\" class=\"wp-image-38648 size-full\" srcset=\"https:\/\/www.mzone.cz\/wp-content\/uploads\/2022\/11\/Kladno-\u2013-vlak-1024x682.jpg 1024w, https:\/\/www.mzone.cz\/wp-content\/uploads\/2022\/11\/Kladno-\u2013-vlak-300x200.jpg 300w, https:\/\/www.mzone.cz\/wp-content\/uploads\/2022\/11\/Kladno-\u2013-vlak-768x512.jpg 768w, https:\/\/www.mzone.cz\/wp-content\/uploads\/2022\/11\/Kladno-\u2013-vlak-18x12.jpg 18w, https:\/\/www.mzone.cz\/wp-content\/uploads\/2022\/11\/Kladno-\u2013-vlak-800x533.jpg 800w, https:\/\/www.mzone.cz\/wp-content\/uploads\/2022\/11\/Kladno-\u2013-vlak-400x267.jpg 400w, https:\/\/www.mzone.cz\/wp-content\/uploads\/2022\/11\/Kladno-\u2013-vlak-500x333.jpg 500w, https:\/\/www.mzone.cz\/wp-content\/uploads\/2022\/11\/Kladno-\u2013-vlak-1170x780.jpg 1170w, https:\/\/www.mzone.cz\/wp-content\/uploads\/2022\/11\/Kladno-\u2013-vlak-590x393.jpg 590w, https:\/\/www.mzone.cz\/wp-content\/uploads\/2022\/11\/Kladno-\u2013-vlak.jpg 1172w\" sizes=\"auto, (max-width: 1024px) 100vw, 1024px\" \/><\/a><\/figure><div class=\"wp-block-media-text__content\">\n<h4 class=\"wp-block-heading\"><a href=\"https:\/\/www.mzone.cz\/kladno-je-lokalita-na-vzestupu-bydleni-kousek-od-prahy-se-skvelym-dopravnim-spojenim-i-carsharingem\/\">Kladno je lokalita na vzestupu. Bydlen\u00ed kousek od Prahy se skv\u011bl\u00fdm dopravn\u00edm spojen\u00edm i carsharingem<\/a><\/h4><br>\n<\/div><\/div>\n\n\n\n<p><\/p>\n\n\n\n<p><\/p>","protected":false},"excerpt":{"rendered":"<p>Kdy\u017e star\u00e9 ustupuje nov\u00e9mu \u2013 a je to pr\u00e1v\u011b Praha, kter\u00e1 se v posledn\u00edch dek\u00e1d\u00e1ch m\u011bn\u00ed doslova p\u0159ed o\u010dima. Nevyu\u017eit\u00e9 pr\u016fmyslov\u00e9 are\u00e1ly a zanedban\u00e1 \u00fazem\u00ed se prom\u011b\u0148uj\u00ed v modern\u00ed m\u011bstsk\u00e9 \u010dtvrti. Ale samoz\u0159ejm\u011b nejde jen o nov\u00e9 budovy \u2013 jedn\u00e1 se o proces vytv\u00e1\u0159en\u00ed m\u00edst, kde lid\u00e9 skute\u010dn\u011b cht\u011bj\u00ed \u017e\u00edt. \u017di\u017ekov &#8211; \u010dtvr\u0165 s charakterem [&hellip;]<\/p>\n","protected":false},"author":4,"featured_media":44921,"comment_status":"open","ping_status":"closed","sticky":false,"template":"","format":"standard","meta":{"kk_blocks_editor_width":"","_kiokenblocks_attr":"","_kiokenblocks_dimensions":"","footnotes":""},"categories":[4328,25,64],"tags":[2379,4008,6301,5657,363,6298,490,148,6300,2137,6299],"class_list":["post-44919","post","type-post","status-publish","format-standard","has-post-thumbnail","hentry","category-bydleni","category-style","category-trendy","tag-bydleni","tag-byty","tag-na-vackove","tag-nove-byty","tag-praha","tag-praha-3","tag-style","tag-trendy","tag-vackov","tag-vystavba","tag-zizkov"],"yoast_head":"<!-- This site is optimized with the Yoast SEO plugin v27.5 - https:\/\/yoast.com\/product\/yoast-seo-wordpress\/ -->\n<title>Tv\u00e1\u0159 tradi\u010dn\u00edho bydlen\u00ed v Praze se m\u011bn\u00ed. Na\u0161t\u011bst\u00ed k lep\u0161\u00edmu - Mzone<\/title>\n<meta name=\"description\" content=\"Kdy\u017e star\u00e9 ustupuje nov\u00e9mu \u2013 a je to pr\u00e1v\u011b Praha, kter\u00e1 se v posledn\u00edch dek\u00e1d\u00e1ch m\u011bn\u00ed doslova p\u0159ed o\u010dima. Nevyu\u017eit\u00e9 pr\u016fmyslov\u00e9 are\u00e1ly a zanedban\u00e1 \u00fazem\u00ed se prom\u011b\u0148uj\u00ed v modern\u00ed m\u011bstsk\u00e9 \u010dtvrti. Ale samoz\u0159ejm\u011b nejde jen o nov\u00e9 budovy \u2013 jedn\u00e1 se o proces vytv\u00e1\u0159en\u00ed m\u00edst, kde lid\u00e9 skute\u010dn\u011b cht\u011bj\u00ed \u017e\u00edt.\" \/>\n<meta name=\"robots\" content=\"index, follow, max-snippet:-1, max-image-preview:large, max-video-preview:-1\" \/>\n<link rel=\"canonical\" href=\"https:\/\/www.mzone.cz\/en\/bydleni-v-praze-se-meni-nastesti-k-lepsimu\/\" \/>\n<meta property=\"og:locale\" content=\"en_US\" \/>\n<meta property=\"og:type\" content=\"article\" \/>\n<meta property=\"og:title\" content=\"Tv\u00e1\u0159 tradi\u010dn\u00edho bydlen\u00ed v Praze se m\u011bn\u00ed. Na\u0161t\u011bst\u00ed k lep\u0161\u00edmu - Mzone\" \/>\n<meta property=\"og:description\" content=\"Kdy\u017e star\u00e9 ustupuje nov\u00e9mu \u2013 a je to pr\u00e1v\u011b Praha, kter\u00e1 se v posledn\u00edch dek\u00e1d\u00e1ch m\u011bn\u00ed doslova p\u0159ed o\u010dima. Nevyu\u017eit\u00e9 pr\u016fmyslov\u00e9 are\u00e1ly a zanedban\u00e1 \u00fazem\u00ed se prom\u011b\u0148uj\u00ed v modern\u00ed m\u011bstsk\u00e9 \u010dtvrti. Ale samoz\u0159ejm\u011b nejde jen o nov\u00e9 budovy \u2013 jedn\u00e1 se o proces vytv\u00e1\u0159en\u00ed m\u00edst, kde lid\u00e9 skute\u010dn\u011b cht\u011bj\u00ed \u017e\u00edt.\" \/>\n<meta property=\"og:url\" content=\"https:\/\/www.mzone.cz\/en\/bydleni-v-praze-se-meni-nastesti-k-lepsimu\/\" \/>\n<meta property=\"og:site_name\" content=\"Mzone\" \/>\n<meta property=\"article:publisher\" content=\"https:\/\/www.facebook.com\/MzoneCZ\/\" \/>\n<meta property=\"article:published_time\" content=\"2025-02-23T11:15:38+00:00\" \/>\n<meta property=\"article:modified_time\" content=\"2025-02-23T11:18:30+00:00\" \/>\n<meta property=\"og:image\" content=\"https:\/\/www.mzone.cz\/wp-content\/uploads\/2025\/02\/Bydleni-v-Praze-\u2013-Na-Vackove.jpg\" \/>\n\t<meta property=\"og:image:width\" content=\"1092\" \/>\n\t<meta property=\"og:image:height\" content=\"728\" \/>\n\t<meta property=\"og:image:type\" content=\"image\/jpeg\" \/>\n<meta name=\"author\" content=\"Mzone\" \/>\n<meta name=\"twitter:card\" content=\"summary_large_image\" \/>\n<meta name=\"twitter:label1\" content=\"Written by\" \/>\n\t<meta name=\"twitter:data1\" content=\"Mzone\" \/>\n\t<meta name=\"twitter:label2\" content=\"Est. reading time\" \/>\n\t<meta name=\"twitter:data2\" content=\"3 minutes\" \/>\n<script type=\"application\/ld+json\" class=\"yoast-schema-graph\">{\"@context\":\"https:\\\/\\\/schema.org\",\"@graph\":[{\"@type\":\"Article\",\"@id\":\"https:\\\/\\\/www.mzone.cz\\\/bydleni-v-praze-se-meni-nastesti-k-lepsimu\\\/#article\",\"isPartOf\":{\"@id\":\"https:\\\/\\\/www.mzone.cz\\\/bydleni-v-praze-se-meni-nastesti-k-lepsimu\\\/\"},\"author\":{\"name\":\"Mzone\",\"@id\":\"https:\\\/\\\/www.mzone.cz\\\/#\\\/schema\\\/person\\\/9bc20cc422a99cac4af6ff9297da32d4\"},\"headline\":\"Tv\u00e1\u0159 tradi\u010dn\u00edho bydlen\u00ed v Praze se m\u011bn\u00ed. Na\u0161t\u011bst\u00ed k lep\u0161\u00edmu\",\"datePublished\":\"2025-02-23T11:15:38+00:00\",\"dateModified\":\"2025-02-23T11:18:30+00:00\",\"mainEntityOfPage\":{\"@id\":\"https:\\\/\\\/www.mzone.cz\\\/bydleni-v-praze-se-meni-nastesti-k-lepsimu\\\/\"},\"wordCount\":527,\"commentCount\":0,\"image\":{\"@id\":\"https:\\\/\\\/www.mzone.cz\\\/bydleni-v-praze-se-meni-nastesti-k-lepsimu\\\/#primaryimage\"},\"thumbnailUrl\":\"https:\\\/\\\/www.mzone.cz\\\/wp-content\\\/uploads\\\/2025\\\/02\\\/Bydleni-v-Praze-\u2013-Na-Vackove.jpg\",\"keywords\":[\"bydlen\u00ed\",\"byty\",\"Na Vackov\u011b\",\"nov\u00e9 byty\",\"Praha\",\"Praha 3\",\"style\",\"trendy\",\"Vackov\",\"v\u00fdstavba\",\"\u017di\u017ekov\"],\"articleSection\":[\"Bydlen\u00ed\",\"Style\",\"Trendy\"],\"inLanguage\":\"en-US\",\"potentialAction\":[{\"@type\":\"CommentAction\",\"name\":\"Comment\",\"target\":[\"https:\\\/\\\/www.mzone.cz\\\/bydleni-v-praze-se-meni-nastesti-k-lepsimu\\\/#respond\"]}]},{\"@type\":\"WebPage\",\"@id\":\"https:\\\/\\\/www.mzone.cz\\\/bydleni-v-praze-se-meni-nastesti-k-lepsimu\\\/\",\"url\":\"https:\\\/\\\/www.mzone.cz\\\/bydleni-v-praze-se-meni-nastesti-k-lepsimu\\\/\",\"name\":\"Tv\u00e1\u0159 tradi\u010dn\u00edho bydlen\u00ed v Praze se m\u011bn\u00ed. Na\u0161t\u011bst\u00ed k lep\u0161\u00edmu - Mzone\",\"isPartOf\":{\"@id\":\"https:\\\/\\\/www.mzone.cz\\\/#website\"},\"primaryImageOfPage\":{\"@id\":\"https:\\\/\\\/www.mzone.cz\\\/bydleni-v-praze-se-meni-nastesti-k-lepsimu\\\/#primaryimage\"},\"image\":{\"@id\":\"https:\\\/\\\/www.mzone.cz\\\/bydleni-v-praze-se-meni-nastesti-k-lepsimu\\\/#primaryimage\"},\"thumbnailUrl\":\"https:\\\/\\\/www.mzone.cz\\\/wp-content\\\/uploads\\\/2025\\\/02\\\/Bydleni-v-Praze-\u2013-Na-Vackove.jpg\",\"datePublished\":\"2025-02-23T11:15:38+00:00\",\"dateModified\":\"2025-02-23T11:18:30+00:00\",\"author\":{\"@id\":\"https:\\\/\\\/www.mzone.cz\\\/#\\\/schema\\\/person\\\/9bc20cc422a99cac4af6ff9297da32d4\"},\"description\":\"Kdy\u017e star\u00e9 ustupuje nov\u00e9mu \u2013 a je to pr\u00e1v\u011b Praha, kter\u00e1 se v posledn\u00edch dek\u00e1d\u00e1ch m\u011bn\u00ed doslova p\u0159ed o\u010dima. Nevyu\u017eit\u00e9 pr\u016fmyslov\u00e9 are\u00e1ly a zanedban\u00e1 \u00fazem\u00ed se prom\u011b\u0148uj\u00ed v modern\u00ed m\u011bstsk\u00e9 \u010dtvrti. Ale samoz\u0159ejm\u011b nejde jen o nov\u00e9 budovy \u2013 jedn\u00e1 se o proces vytv\u00e1\u0159en\u00ed m\u00edst, kde lid\u00e9 skute\u010dn\u011b cht\u011bj\u00ed \u017e\u00edt.\",\"breadcrumb\":{\"@id\":\"https:\\\/\\\/www.mzone.cz\\\/bydleni-v-praze-se-meni-nastesti-k-lepsimu\\\/#breadcrumb\"},\"inLanguage\":\"en-US\",\"potentialAction\":[{\"@type\":\"ReadAction\",\"target\":[\"https:\\\/\\\/www.mzone.cz\\\/bydleni-v-praze-se-meni-nastesti-k-lepsimu\\\/\"]}]},{\"@type\":\"ImageObject\",\"inLanguage\":\"en-US\",\"@id\":\"https:\\\/\\\/www.mzone.cz\\\/bydleni-v-praze-se-meni-nastesti-k-lepsimu\\\/#primaryimage\",\"url\":\"https:\\\/\\\/www.mzone.cz\\\/wp-content\\\/uploads\\\/2025\\\/02\\\/Bydleni-v-Praze-\u2013-Na-Vackove.jpg\",\"contentUrl\":\"https:\\\/\\\/www.mzone.cz\\\/wp-content\\\/uploads\\\/2025\\\/02\\\/Bydleni-v-Praze-\u2013-Na-Vackove.jpg\",\"width\":1092,\"height\":728,\"caption\":\"Bydlen\u00ed v Praze \u2013 Na Vackov\u011b\"},{\"@type\":\"BreadcrumbList\",\"@id\":\"https:\\\/\\\/www.mzone.cz\\\/bydleni-v-praze-se-meni-nastesti-k-lepsimu\\\/#breadcrumb\",\"itemListElement\":[{\"@type\":\"ListItem\",\"position\":1,\"name\":\"Dom\u016f\",\"item\":\"https:\\\/\\\/www.mzone.cz\\\/\"},{\"@type\":\"ListItem\",\"position\":2,\"name\":\"Tv\u00e1\u0159 tradi\u010dn\u00edho bydlen\u00ed v Praze se m\u011bn\u00ed. Na\u0161t\u011bst\u00ed k lep\u0161\u00edmu\"}]},{\"@type\":\"WebSite\",\"@id\":\"https:\\\/\\\/www.mzone.cz\\\/#website\",\"url\":\"https:\\\/\\\/www.mzone.cz\\\/\",\"name\":\"Mzone\",\"description\":\"Magaz\u00edn nejen pro mu\u017ee\",\"potentialAction\":[{\"@type\":\"SearchAction\",\"target\":{\"@type\":\"EntryPoint\",\"urlTemplate\":\"https:\\\/\\\/www.mzone.cz\\\/?s={search_term_string}\"},\"query-input\":{\"@type\":\"PropertyValueSpecification\",\"valueRequired\":true,\"valueName\":\"search_term_string\"}}],\"inLanguage\":\"en-US\"},{\"@type\":\"Person\",\"@id\":\"https:\\\/\\\/www.mzone.cz\\\/#\\\/schema\\\/person\\\/9bc20cc422a99cac4af6ff9297da32d4\",\"name\":\"Mzone\",\"image\":{\"@type\":\"ImageObject\",\"inLanguage\":\"en-US\",\"@id\":\"https:\\\/\\\/secure.gravatar.com\\\/avatar\\\/e780a8630f3182a3d06dd667ab6bea151a0d155b0951bc15fe22633acdac0676?s=96&d=mm&r=g\",\"url\":\"https:\\\/\\\/secure.gravatar.com\\\/avatar\\\/e780a8630f3182a3d06dd667ab6bea151a0d155b0951bc15fe22633acdac0676?s=96&d=mm&r=g\",\"contentUrl\":\"https:\\\/\\\/secure.gravatar.com\\\/avatar\\\/e780a8630f3182a3d06dd667ab6bea151a0d155b0951bc15fe22633acdac0676?s=96&d=mm&r=g\",\"caption\":\"Mzone\"},\"url\":\"https:\\\/\\\/www.mzone.cz\\\/en\\\/author\\\/jakub\\\/\"}]}<\/script>\n<!-- \/ Yoast SEO plugin. -->","yoast_head_json":{"title":"Tv\u00e1\u0159 tradi\u010dn\u00edho bydlen\u00ed v Praze se m\u011bn\u00ed. Na\u0161t\u011bst\u00ed k lep\u0161\u00edmu - Mzone","description":"Kdy\u017e star\u00e9 ustupuje nov\u00e9mu \u2013 a je to pr\u00e1v\u011b Praha, kter\u00e1 se v posledn\u00edch dek\u00e1d\u00e1ch m\u011bn\u00ed doslova p\u0159ed o\u010dima. Nevyu\u017eit\u00e9 pr\u016fmyslov\u00e9 are\u00e1ly a zanedban\u00e1 \u00fazem\u00ed se prom\u011b\u0148uj\u00ed v modern\u00ed m\u011bstsk\u00e9 \u010dtvrti. Ale samoz\u0159ejm\u011b nejde jen o nov\u00e9 budovy \u2013 jedn\u00e1 se o proces vytv\u00e1\u0159en\u00ed m\u00edst, kde lid\u00e9 skute\u010dn\u011b cht\u011bj\u00ed \u017e\u00edt.","robots":{"index":"index","follow":"follow","max-snippet":"max-snippet:-1","max-image-preview":"max-image-preview:large","max-video-preview":"max-video-preview:-1"},"canonical":"https:\/\/www.mzone.cz\/en\/bydleni-v-praze-se-meni-nastesti-k-lepsimu\/","og_locale":"en_US","og_type":"article","og_title":"Tv\u00e1\u0159 tradi\u010dn\u00edho bydlen\u00ed v Praze se m\u011bn\u00ed. Na\u0161t\u011bst\u00ed k lep\u0161\u00edmu - Mzone","og_description":"Kdy\u017e star\u00e9 ustupuje nov\u00e9mu \u2013 a je to pr\u00e1v\u011b Praha, kter\u00e1 se v posledn\u00edch dek\u00e1d\u00e1ch m\u011bn\u00ed doslova p\u0159ed o\u010dima. Nevyu\u017eit\u00e9 pr\u016fmyslov\u00e9 are\u00e1ly a zanedban\u00e1 \u00fazem\u00ed se prom\u011b\u0148uj\u00ed v modern\u00ed m\u011bstsk\u00e9 \u010dtvrti. Ale samoz\u0159ejm\u011b nejde jen o nov\u00e9 budovy \u2013 jedn\u00e1 se o proces vytv\u00e1\u0159en\u00ed m\u00edst, kde lid\u00e9 skute\u010dn\u011b cht\u011bj\u00ed \u017e\u00edt.","og_url":"https:\/\/www.mzone.cz\/en\/bydleni-v-praze-se-meni-nastesti-k-lepsimu\/","og_site_name":"Mzone","article_publisher":"https:\/\/www.facebook.com\/MzoneCZ\/","article_published_time":"2025-02-23T11:15:38+00:00","article_modified_time":"2025-02-23T11:18:30+00:00","og_image":[{"width":1092,"height":728,"url":"https:\/\/www.mzone.cz\/wp-content\/uploads\/2025\/02\/Bydleni-v-Praze-\u2013-Na-Vackove.jpg","type":"image\/jpeg"}],"author":"Mzone","twitter_card":"summary_large_image","twitter_misc":{"Written by":"Mzone","Est. reading time":"3 minutes"},"schema":{"@context":"https:\/\/schema.org","@graph":[{"@type":"Article","@id":"https:\/\/www.mzone.cz\/bydleni-v-praze-se-meni-nastesti-k-lepsimu\/#article","isPartOf":{"@id":"https:\/\/www.mzone.cz\/bydleni-v-praze-se-meni-nastesti-k-lepsimu\/"},"author":{"name":"Mzone","@id":"https:\/\/www.mzone.cz\/#\/schema\/person\/9bc20cc422a99cac4af6ff9297da32d4"},"headline":"Tv\u00e1\u0159 tradi\u010dn\u00edho bydlen\u00ed v Praze se m\u011bn\u00ed. Na\u0161t\u011bst\u00ed k lep\u0161\u00edmu","datePublished":"2025-02-23T11:15:38+00:00","dateModified":"2025-02-23T11:18:30+00:00","mainEntityOfPage":{"@id":"https:\/\/www.mzone.cz\/bydleni-v-praze-se-meni-nastesti-k-lepsimu\/"},"wordCount":527,"commentCount":0,"image":{"@id":"https:\/\/www.mzone.cz\/bydleni-v-praze-se-meni-nastesti-k-lepsimu\/#primaryimage"},"thumbnailUrl":"https:\/\/www.mzone.cz\/wp-content\/uploads\/2025\/02\/Bydleni-v-Praze-\u2013-Na-Vackove.jpg","keywords":["bydlen\u00ed","byty","Na Vackov\u011b","nov\u00e9 byty","Praha","Praha 3","style","trendy","Vackov","v\u00fdstavba","\u017di\u017ekov"],"articleSection":["Bydlen\u00ed","Style","Trendy"],"inLanguage":"en-US","potentialAction":[{"@type":"CommentAction","name":"Comment","target":["https:\/\/www.mzone.cz\/bydleni-v-praze-se-meni-nastesti-k-lepsimu\/#respond"]}]},{"@type":"WebPage","@id":"https:\/\/www.mzone.cz\/bydleni-v-praze-se-meni-nastesti-k-lepsimu\/","url":"https:\/\/www.mzone.cz\/bydleni-v-praze-se-meni-nastesti-k-lepsimu\/","name":"Tv\u00e1\u0159 tradi\u010dn\u00edho bydlen\u00ed v Praze se m\u011bn\u00ed. Na\u0161t\u011bst\u00ed k lep\u0161\u00edmu - Mzone","isPartOf":{"@id":"https:\/\/www.mzone.cz\/#website"},"primaryImageOfPage":{"@id":"https:\/\/www.mzone.cz\/bydleni-v-praze-se-meni-nastesti-k-lepsimu\/#primaryimage"},"image":{"@id":"https:\/\/www.mzone.cz\/bydleni-v-praze-se-meni-nastesti-k-lepsimu\/#primaryimage"},"thumbnailUrl":"https:\/\/www.mzone.cz\/wp-content\/uploads\/2025\/02\/Bydleni-v-Praze-\u2013-Na-Vackove.jpg","datePublished":"2025-02-23T11:15:38+00:00","dateModified":"2025-02-23T11:18:30+00:00","author":{"@id":"https:\/\/www.mzone.cz\/#\/schema\/person\/9bc20cc422a99cac4af6ff9297da32d4"},"description":"Kdy\u017e star\u00e9 ustupuje nov\u00e9mu \u2013 a je to pr\u00e1v\u011b Praha, kter\u00e1 se v posledn\u00edch dek\u00e1d\u00e1ch m\u011bn\u00ed doslova p\u0159ed o\u010dima. Nevyu\u017eit\u00e9 pr\u016fmyslov\u00e9 are\u00e1ly a zanedban\u00e1 \u00fazem\u00ed se prom\u011b\u0148uj\u00ed v modern\u00ed m\u011bstsk\u00e9 \u010dtvrti. Ale samoz\u0159ejm\u011b nejde jen o nov\u00e9 budovy \u2013 jedn\u00e1 se o proces vytv\u00e1\u0159en\u00ed m\u00edst, kde lid\u00e9 skute\u010dn\u011b cht\u011bj\u00ed \u017e\u00edt.","breadcrumb":{"@id":"https:\/\/www.mzone.cz\/bydleni-v-praze-se-meni-nastesti-k-lepsimu\/#breadcrumb"},"inLanguage":"en-US","potentialAction":[{"@type":"ReadAction","target":["https:\/\/www.mzone.cz\/bydleni-v-praze-se-meni-nastesti-k-lepsimu\/"]}]},{"@type":"ImageObject","inLanguage":"en-US","@id":"https:\/\/www.mzone.cz\/bydleni-v-praze-se-meni-nastesti-k-lepsimu\/#primaryimage","url":"https:\/\/www.mzone.cz\/wp-content\/uploads\/2025\/02\/Bydleni-v-Praze-\u2013-Na-Vackove.jpg","contentUrl":"https:\/\/www.mzone.cz\/wp-content\/uploads\/2025\/02\/Bydleni-v-Praze-\u2013-Na-Vackove.jpg","width":1092,"height":728,"caption":"Bydlen\u00ed v Praze \u2013 Na Vackov\u011b"},{"@type":"BreadcrumbList","@id":"https:\/\/www.mzone.cz\/bydleni-v-praze-se-meni-nastesti-k-lepsimu\/#breadcrumb","itemListElement":[{"@type":"ListItem","position":1,"name":"Dom\u016f","item":"https:\/\/www.mzone.cz\/"},{"@type":"ListItem","position":2,"name":"Tv\u00e1\u0159 tradi\u010dn\u00edho bydlen\u00ed v Praze se m\u011bn\u00ed. Na\u0161t\u011bst\u00ed k lep\u0161\u00edmu"}]},{"@type":"WebSite","@id":"https:\/\/www.mzone.cz\/#website","url":"https:\/\/www.mzone.cz\/","name":"Mzone","description":"Magaz\u00edn nejen pro mu\u017ee","potentialAction":[{"@type":"SearchAction","target":{"@type":"EntryPoint","urlTemplate":"https:\/\/www.mzone.cz\/?s={search_term_string}"},"query-input":{"@type":"PropertyValueSpecification","valueRequired":true,"valueName":"search_term_string"}}],"inLanguage":"en-US"},{"@type":"Person","@id":"https:\/\/www.mzone.cz\/#\/schema\/person\/9bc20cc422a99cac4af6ff9297da32d4","name":"Mzone","image":{"@type":"ImageObject","inLanguage":"en-US","@id":"https:\/\/secure.gravatar.com\/avatar\/e780a8630f3182a3d06dd667ab6bea151a0d155b0951bc15fe22633acdac0676?s=96&d=mm&r=g","url":"https:\/\/secure.gravatar.com\/avatar\/e780a8630f3182a3d06dd667ab6bea151a0d155b0951bc15fe22633acdac0676?s=96&d=mm&r=g","contentUrl":"https:\/\/secure.gravatar.com\/avatar\/e780a8630f3182a3d06dd667ab6bea151a0d155b0951bc15fe22633acdac0676?s=96&d=mm&r=g","caption":"Mzone"},"url":"https:\/\/www.mzone.cz\/en\/author\/jakub\/"}]}},"_links":{"self":[{"href":"https:\/\/www.mzone.cz\/en\/wp-json\/wp\/v2\/posts\/44919","targetHints":{"allow":["GET"]}}],"collection":[{"href":"https:\/\/www.mzone.cz\/en\/wp-json\/wp\/v2\/posts"}],"about":[{"href":"https:\/\/www.mzone.cz\/en\/wp-json\/wp\/v2\/types\/post"}],"author":[{"embeddable":true,"href":"https:\/\/www.mzone.cz\/en\/wp-json\/wp\/v2\/users\/4"}],"replies":[{"embeddable":true,"href":"https:\/\/www.mzone.cz\/en\/wp-json\/wp\/v2\/comments?post=44919"}],"version-history":[{"count":6,"href":"https:\/\/www.mzone.cz\/en\/wp-json\/wp\/v2\/posts\/44919\/revisions"}],"predecessor-version":[{"id":44927,"href":"https:\/\/www.mzone.cz\/en\/wp-json\/wp\/v2\/posts\/44919\/revisions\/44927"}],"wp:featuredmedia":[{"embeddable":true,"href":"https:\/\/www.mzone.cz\/en\/wp-json\/wp\/v2\/media\/44921"}],"wp:attachment":[{"href":"https:\/\/www.mzone.cz\/en\/wp-json\/wp\/v2\/media?parent=44919"}],"wp:term":[{"taxonomy":"category","embeddable":true,"href":"https:\/\/www.mzone.cz\/en\/wp-json\/wp\/v2\/categories?post=44919"},{"taxonomy":"post_tag","embeddable":true,"href":"https:\/\/www.mzone.cz\/en\/wp-json\/wp\/v2\/tags?post=44919"}],"curies":[{"name":"wp","href":"https:\/\/api.w.org\/{rel}","templated":true}]}}