{"id":45489,"date":"2025-05-26T05:00:00","date_gmt":"2025-05-26T03:00:00","guid":{"rendered":"https:\/\/www.mzone.cz\/?p=45489"},"modified":"2025-05-25T09:53:15","modified_gmt":"2025-05-25T07:53:15","slug":"portugalsko-v-obytnaku-z-malagy-na-konec-evropy-a-zpet","status":"publish","type":"post","link":"https:\/\/www.mzone.cz\/en\/portugalsko-v-obytnaku-z-malagy-na-konec-evropy-a-zpet\/","title":{"rendered":"Portugalsko v obyt\u0148\u00e1ku: Z Malagy na konec Evropy a zp\u011bt"},"content":{"rendered":"<p><strong>Sn\u00edte o dovolen\u00e9 na Pyrenejsk\u00e9m poloostrov\u011b a p\u0159itom byste r\u00e1di i pl\u00e1\u017ee bez leh\u00e1tek, turistick\u00fdch atrakc\u00ed, ochutnali skv\u011bl\u00e9 j\u00eddlo a za\u017eili divokou kr\u00e1su a v\u016fni oce\u00e1nu? Nemus\u00edte se tr\u00e1pit na p\u0159epln\u011bn\u00fdch pl\u00e1\u017e\u00edch ani hledat st\u00edn ve vyprahl\u00e9m vnitrozem\u00ed \u0160pan\u011blska. Sta\u010d\u00ed nasednout do obytn\u00e9ho vozu a vydat se z jihu \u0160pan\u011blska a\u017e k oce\u00e1nu.<\/strong><\/p><br>\n\n\n\n<p>Portugalsk\u00e9 z\u00e1padn\u00ed pob\u0159e\u017e\u00ed nab\u00edz\u00ed nespoutanou svobodu, chl\u00e1dek od Atlantiku, span\u00ed na pl\u00e1\u017e\u00edch i, dechberouc\u00ed v\u00fdhledy a jedine\u010dnou atmosf\u00e9ru. A\u0165 u\u017e cestujete s d\u011btmi nebo ve dvou, vydejte se na roadtrip pod\u00e9l pob\u0159e\u017e\u00ed Atlantiku ze \u0160pan\u011blska a\u017e na z\u00e1padn\u00ed pl\u00e1\u017ee portugalsk\u00e9ho Algarve. Tahle cesta m\u00e1 v\u0161echno, co si m\u016f\u017eete od vysn\u011bn\u00e9ho roadtripu p\u0159\u00e1t&#8230;<\/p><br>\n\n\n\n<h2 class=\"wp-block-heading\">Ide\u00e1ln\u00ed start: Malaga a \u010desk\u00e1 stopa&nbsp;<\/h2>\n\n\n\n<p>Na jihu \u0160pan\u011blska najdete nejen ide\u00e1ln\u00ed podm\u00ednky pro cestov\u00e1n\u00ed obytn\u00fdm vozem, ale i kousek \u010ceska. V Malaze toti\u017e provozuje vlastn\u00ed <a href=\"https:\/\/www.naruby.life\/\" target=\"_blank\">p\u016fj\u010dovnu obytn\u00fdch aut<\/a> rodina Rychta\u0159\u00edkov\u00fdch. Cestovatel Honza Rychta\u0159\u00edk s man\u017eelkou Terezou, kte\u0159\u00ed se sv\u00fdmi \u010dty\u0159mi d\u011btmi n\u011bkolikr\u00e1t projeli \u0160pan\u011blsko i Portugalsko k\u0159\u00ed\u017eem kr\u00e1\u017eem, nab\u00edz\u00ed k pron\u00e1jmu hned n\u011bkolik obytn\u00fdch voz\u016f.\u00a0Pr\u00e1v\u011b s Honzou jsme dali dohromady trasu, kter\u00e1 se hod\u00ed pro prvn\u00ed obyt\u0148\u00e1kov\u00fd roadtrip \u2013 prakticky, p\u0159ehledn\u011b a z vlastn\u00ed zku\u0161enosti.<\/p><br>\n\n\n\n<h2 class=\"wp-block-heading\">Z Malagy p\u0159es kon\u011b a\u017e k oce\u00e1nu&nbsp;<\/h2>\n\n\n\n<p>Po p\u0159evzet\u00ed auta vyrazte z M\u00e1lagy p\u0159es Sevillu, jedno z nejkr\u00e1sn\u011bj\u0161\u00edch \u0161pan\u011blsk\u00fdch m\u011bst. Prvn\u00ed zast\u00e1vka: El Roc\u00edo, vesnice jako z Divok\u00e9ho z\u00e1padu, zn\u00e1m\u00e1 sv\u00fdmi ko\u0148mi, pra\u0161n\u00fdmi ulicemi a n\u00e1bo\u017eensk\u00fdmi pout\u011bmi. U\u017e tady se zpomaluje \u010das \u2013 p\u0159esn\u011b tak, jak se na dovolen\u00e9 o\u010dek\u00e1v\u00e1.<\/p><br>\n\n\n\n<figure class=\"wp-block-image size-large\"><img loading=\"lazy\" decoding=\"async\" width=\"1024\" height=\"682\" src=\"https:\/\/www.mzone.cz\/wp-content\/uploads\/2025\/05\/zdroj_tereza-rychtarikova2-1024x682.jpeg\" alt=\"Portugalsko\" class=\"wp-image-45499\" srcset=\"https:\/\/www.mzone.cz\/wp-content\/uploads\/2025\/05\/zdroj_tereza-rychtarikova2-1024x682.jpeg 1024w, https:\/\/www.mzone.cz\/wp-content\/uploads\/2025\/05\/zdroj_tereza-rychtarikova2-300x200.jpeg 300w, https:\/\/www.mzone.cz\/wp-content\/uploads\/2025\/05\/zdroj_tereza-rychtarikova2-768x512.jpeg 768w, https:\/\/www.mzone.cz\/wp-content\/uploads\/2025\/05\/zdroj_tereza-rychtarikova2-18x12.jpeg 18w, https:\/\/www.mzone.cz\/wp-content\/uploads\/2025\/05\/zdroj_tereza-rychtarikova2-800x533.jpeg 800w, https:\/\/www.mzone.cz\/wp-content\/uploads\/2025\/05\/zdroj_tereza-rychtarikova2-400x267.jpeg 400w, https:\/\/www.mzone.cz\/wp-content\/uploads\/2025\/05\/zdroj_tereza-rychtarikova2-500x333.jpeg 500w, https:\/\/www.mzone.cz\/wp-content\/uploads\/2025\/05\/zdroj_tereza-rychtarikova2-1170x780.jpeg 1170w, https:\/\/www.mzone.cz\/wp-content\/uploads\/2025\/05\/zdroj_tereza-rychtarikova2-590x393.jpeg 590w, https:\/\/www.mzone.cz\/wp-content\/uploads\/2025\/05\/zdroj_tereza-rychtarikova2.jpeg 1280w\" sizes=\"auto, (max-width: 1024px) 100vw, 1024px\" \/><\/figure><br>\n\n\n\n<p>Z El Roc\u00eda m\u00ed\u0159\u00edme d\u00e1l na z\u00e1pad, p\u0159ekra\u010dujeme hranice a vstupujeme do Portugalska. C\u00edlem je mys S\u00e3o Vicente, nejjihoz\u00e1padn\u011bj\u0161\u00ed bod Evropy. Maj\u00e1k, \u00fatesy a rozbou\u0159en\u00fd Atlantik \u2013 m\u00edsto, kde se d\u00e1 z\u016fstat jen tak, d\u00edvat se na vlny a d\u00fdchat.<\/p><br>\n\n\n\n<h2 class=\"wp-block-heading\">Divok\u00e9 pl\u00e1\u017ee a span\u00ed na pob\u0159e\u017e\u00ed&nbsp;<\/h2>\n\n\n\n<p>Od mysu pokra\u010dujte pod\u00e9l z\u00e1padn\u00edho pob\u0159e\u017e\u00ed Algarve \u2013 a tady p\u0159ich\u00e1z\u00ed to prav\u00e9 kouzlo. Praia da Bordeira, Praia do Amado, Praia da Arrifana \u2013 kr\u00e1sn\u00e9 divok\u00e9 pl\u00e1\u017ee, kter\u00e9 neznaj\u00ed leh\u00e1tka ani hotelov\u00e9 \u0159et\u011bzce. Obrovsk\u00e9 p\u00edse\u010dn\u00e9 z\u00e1livy, sk\u00e1ly, surfa\u0159i a k tomu jedine\u010dn\u00e1 atmosf\u00e9ra Portugalska, skv\u011bl\u00e9 j\u00eddlo a pohodov\u00ed lid\u00e9.&nbsp;<\/p>\n\n\n\n<blockquote class=\"wp-block-quote is-layout-flow wp-block-quote-is-layout-flow\">\n<p>Na n\u011bkter\u00fdch m\u00edstech lze p\u0159espat \u201ena divoko\u201c, jinde se vyplat\u00ed vyu\u017e\u00edt jednoduch\u00e9 ofici\u00e1ln\u00ed stellplatzy (parkovi\u0161t\u011b pro obytn\u00e1 auta). Kdy\u017e fouk\u00e1 v\u00edtr z od oce\u00e1nu, i v letn\u00edch m\u011bs\u00edc\u00edch je tu p\u0159\u00edjemn\u011b chladno.&nbsp;<\/p>\n<\/blockquote>\n\n\n\n<figure class=\"wp-block-image size-large\"><img loading=\"lazy\" decoding=\"async\" width=\"1024\" height=\"682\" src=\"https:\/\/www.mzone.cz\/wp-content\/uploads\/2025\/05\/zdroj_tereza-rychtarikova_5-1024x682.jpeg\" alt=\"Portugalsk\u00e9 pob\u0159e\u017e\u00ed\" class=\"wp-image-45504\" srcset=\"https:\/\/www.mzone.cz\/wp-content\/uploads\/2025\/05\/zdroj_tereza-rychtarikova_5-1024x682.jpeg 1024w, https:\/\/www.mzone.cz\/wp-content\/uploads\/2025\/05\/zdroj_tereza-rychtarikova_5-300x200.jpeg 300w, https:\/\/www.mzone.cz\/wp-content\/uploads\/2025\/05\/zdroj_tereza-rychtarikova_5-768x512.jpeg 768w, https:\/\/www.mzone.cz\/wp-content\/uploads\/2025\/05\/zdroj_tereza-rychtarikova_5-18x12.jpeg 18w, https:\/\/www.mzone.cz\/wp-content\/uploads\/2025\/05\/zdroj_tereza-rychtarikova_5-800x533.jpeg 800w, https:\/\/www.mzone.cz\/wp-content\/uploads\/2025\/05\/zdroj_tereza-rychtarikova_5-400x267.jpeg 400w, https:\/\/www.mzone.cz\/wp-content\/uploads\/2025\/05\/zdroj_tereza-rychtarikova_5-500x333.jpeg 500w, https:\/\/www.mzone.cz\/wp-content\/uploads\/2025\/05\/zdroj_tereza-rychtarikova_5-1170x780.jpeg 1170w, https:\/\/www.mzone.cz\/wp-content\/uploads\/2025\/05\/zdroj_tereza-rychtarikova_5-590x393.jpeg 590w, https:\/\/www.mzone.cz\/wp-content\/uploads\/2025\/05\/zdroj_tereza-rychtarikova_5.jpeg 1280w\" sizes=\"auto, (max-width: 1024px) 100vw, 1024px\" \/><\/figure><br>\n\n\n\n<h2 class=\"wp-block-heading\">Benagil, jeskyn\u011b a rezav\u00e9 sk\u00e1ly&nbsp;<\/h2>\n\n\n\n<p>Po p\u00e1r dnech na divok\u00e9m z\u00e1pad\u011b je \u010das vypravit se zp\u011bt p\u0159es ji\u017en\u00ed pob\u0159e\u017e\u00ed portugalsk\u00e9ho Algarve. M\u011bn\u00ed se krajina, i pob\u0159e\u017e\u00ed je v\u00edce turistick\u00e9. A nen\u00ed se \u010demu divit. Ji\u017en\u00ed pob\u0159e\u017e\u00ed je teplej\u0161\u00ed, oce\u00e1n klidn\u011bj\u0161\u00ed a \u00fatesy, kter\u00e9 najdete snad na ka\u017ed\u00e9 pohlednici z ji\u017en\u00edho Portugalska, jsou skute\u010dn\u011b\u00a0p\u0159ekr\u00e1sn\u00e9. Vydat se m\u016f\u017eete na t\u00faru po pob\u0159e\u017e\u00ed, organizovan\u00fdm v\u00fdletem se vydat do mo\u0159sk\u00e9 jeskyn\u011b Benagil, nebo se vydat k maj\u00e1ku na Ponta da Piedade u m\u011bsta Lagosu, cestou kolem nejkr\u00e1sn\u011bj\u0161\u00edch pl\u00e1\u017e\u00ed sv\u011bta.<\/p><br>\n\n\n\n<h2 class=\"wp-block-heading\">Zp\u00e1tky na v\u00fdchod, zp\u00e1tky do Malagy<\/h2>\n\n\n\n<p>Posledn\u00ed zast\u00e1vkou je m\u011bsto Tavira, kter\u00e9 si na rozd\u00edl od turistick\u00fdch letovisek st\u00e1le dr\u017e\u00ed klidn\u00e9 tempo a kouzlo portugalsk\u00e9ho venkova.\u00a0Do M\u00e1lagy pak zb\u00fdv\u00e1 posledn\u00edch p\u00e1r hodin za volantem. Krajina se pomalu prom\u011b\u0148uje zp\u011bt v tu andaluskou, kter\u00e1 v\u00e1s v\u00edtala na za\u010d\u00e1tku cesty \u2013 a i kdy\u017e je n\u00e1vrat nevyhnuteln\u00fd, nen\u00ed d\u016fvod k smutku. Alespo\u0148 m\u016f\u017eete za\u010d\u00edt pl\u00e1novat dal\u0161\u00ed roadtrip v poj\u00edzdn\u00e9m hotelu na \u010dty\u0159ech kolech.<\/p><br>\n\n\n\n<figure class=\"wp-block-image size-large\"><img loading=\"lazy\" decoding=\"async\" width=\"1024\" height=\"682\" src=\"https:\/\/www.mzone.cz\/wp-content\/uploads\/2025\/05\/zdroj_tereza-rychtarikova3-1024x682.jpeg\" alt=\"Cestov\u00e1n\u00ed obyt\u0148\u00e1kem\" class=\"wp-image-45510\" srcset=\"https:\/\/www.mzone.cz\/wp-content\/uploads\/2025\/05\/zdroj_tereza-rychtarikova3-1024x682.jpeg 1024w, https:\/\/www.mzone.cz\/wp-content\/uploads\/2025\/05\/zdroj_tereza-rychtarikova3-300x200.jpeg 300w, https:\/\/www.mzone.cz\/wp-content\/uploads\/2025\/05\/zdroj_tereza-rychtarikova3-768x512.jpeg 768w, https:\/\/www.mzone.cz\/wp-content\/uploads\/2025\/05\/zdroj_tereza-rychtarikova3-18x12.jpeg 18w, https:\/\/www.mzone.cz\/wp-content\/uploads\/2025\/05\/zdroj_tereza-rychtarikova3-800x533.jpeg 800w, https:\/\/www.mzone.cz\/wp-content\/uploads\/2025\/05\/zdroj_tereza-rychtarikova3-400x267.jpeg 400w, https:\/\/www.mzone.cz\/wp-content\/uploads\/2025\/05\/zdroj_tereza-rychtarikova3-500x333.jpeg 500w, https:\/\/www.mzone.cz\/wp-content\/uploads\/2025\/05\/zdroj_tereza-rychtarikova3-1170x780.jpeg 1170w, https:\/\/www.mzone.cz\/wp-content\/uploads\/2025\/05\/zdroj_tereza-rychtarikova3-590x393.jpeg 590w, https:\/\/www.mzone.cz\/wp-content\/uploads\/2025\/05\/zdroj_tereza-rychtarikova3.jpeg 1280w\" sizes=\"auto, (max-width: 1024px) 100vw, 1024px\" \/><\/figure><br>\n\n\n\n<h2 class=\"wp-block-heading\">Praktick\u00e9 informace na cestu&nbsp;<\/h2>\n\n\n\n<p><strong>D\u00e9lka trasy:<\/strong> P\u0159ibli\u017en\u011b 600\u2013700 km (z M\u00e1lagy p\u0159es El Roc\u00edo, a\u017e do Lagos, Cabo de S\u00e3o Vicente a na z\u00e1padn\u00ed pl\u00e1\u017ee Algarve, ide\u00e1ln\u00ed rozd\u011blit do 2\u20133 etap s p\u0159esp\u00e1n\u00edm.<\/p><br>\n\n\n\n<p><strong>Silnice:<\/strong> Trasa vede po dob\u0159e udr\u017eovan\u00fdch silnic\u00edch a d\u00e1lnic\u00edch. Ve \u0160pan\u011blsku bez poplatk\u016f, v Portugalsku je pot\u0159eba po\u010d\u00edtat s elektronick\u00fdmi m\u00fdtn\u00fdmi branami (funguj\u00ed pomoc\u00ed registra\u010dn\u00ed zna\u010dky, doporu\u010duje se registrace nebo za\u0159\u00edzen\u00ed EasyToll).<\/p><br>\n\n\n\n<h2 class=\"wp-block-heading\">Parkov\u00e1n\u00ed a p\u0159esp\u00e1n\u00ed<\/h2>\n\n\n\n<p>Span\u00ed u pl\u00e1\u017e\u00ed v obytn\u00e9m aut\u011b v Portugalsku je pom\u011brn\u011b \u010dasto omezen\u00e9, ale je zde st\u00e1le dostatek m\u00edst, kde se d\u00e1 n\u011bkde pobl\u00ed\u017e p\u0159espat, mo\u017enost\u00ed jsou tak\u00e9 ofici\u00e1ln\u00ed m\u00edsta pro p\u0159esp\u00e1n\u00ed (tzv. Stellplatzy), a\u0165 obecn\u00ed nebo budovan\u00e9 soukromn\u00edky a v neposledn\u00ed \u0159ad\u011b jsou mo\u017enost\u00ed i kempy, velmi \u010dasto p\u011bkn\u011b vybaven\u00e9 a ide\u00e1ln\u00ed pro odpo\u010dinek na cest\u011b.<\/p><br>\n\n\n\n<div class=\"wp-block-media-text is-stacked-on-mobile is-vertically-aligned-top\" style=\"grid-template-columns:23% auto\"><figure class=\"wp-block-media-text__media\"><a href=\"https:\/\/www.mzone.cz\/andalusie-vola-objevte-ji-na-ctyrech-kolech\/\"><img loading=\"lazy\" decoding=\"async\" width=\"1024\" height=\"683\" src=\"https:\/\/www.mzone.cz\/wp-content\/uploads\/2025\/04\/Andalusie-obytnakem-1024x683.jpeg\" alt=\"Andalusie obyt\u0148\u00e1kem\" class=\"wp-image-45182 size-full\" srcset=\"https:\/\/www.mzone.cz\/wp-content\/uploads\/2025\/04\/Andalusie-obytnakem-1024x683.jpeg 1024w, https:\/\/www.mzone.cz\/wp-content\/uploads\/2025\/04\/Andalusie-obytnakem-300x200.jpeg 300w, https:\/\/www.mzone.cz\/wp-content\/uploads\/2025\/04\/Andalusie-obytnakem-768x512.jpeg 768w, https:\/\/www.mzone.cz\/wp-content\/uploads\/2025\/04\/Andalusie-obytnakem-18x12.jpeg 18w, https:\/\/www.mzone.cz\/wp-content\/uploads\/2025\/04\/Andalusie-obytnakem-800x533.jpeg 800w, https:\/\/www.mzone.cz\/wp-content\/uploads\/2025\/04\/Andalusie-obytnakem-400x267.jpeg 400w, https:\/\/www.mzone.cz\/wp-content\/uploads\/2025\/04\/Andalusie-obytnakem-500x333.jpeg 500w, https:\/\/www.mzone.cz\/wp-content\/uploads\/2025\/04\/Andalusie-obytnakem-590x393.jpeg 590w, https:\/\/www.mzone.cz\/wp-content\/uploads\/2025\/04\/Andalusie-obytnakem.jpeg 1053w\" sizes=\"auto, (max-width: 1024px) 100vw, 1024px\" \/><\/a><\/figure><div class=\"wp-block-media-text__content\">\n<h4 class=\"wp-block-heading\"><a href=\"https:\/\/www.mzone.cz\/andalusie-vola-objevte-ji-na-ctyrech-kolech\/\">Slune\u010dn\u00e1 Andalusie vol\u00e1! Objevte ji na \u010dty\u0159ech kolech<\/a><\/h4><br>\n<\/div><\/div>\n\n\n\n<p><\/p>\n\n\n\n<p><\/p>","protected":false},"excerpt":{"rendered":"<p>Sn\u00edte o dovolen\u00e9 na Pyrenejsk\u00e9m poloostrov\u011b a p\u0159itom byste r\u00e1di i pl\u00e1\u017ee bez leh\u00e1tek, turistick\u00fdch atrakc\u00ed, ochutnali skv\u011bl\u00e9 j\u00eddlo a za\u017eili divokou kr\u00e1su a v\u016fni oce\u00e1nu? Nemus\u00edte se tr\u00e1pit na p\u0159epln\u011bn\u00fdch pl\u00e1\u017e\u00edch ani hledat st\u00edn ve vyprahl\u00e9m vnitrozem\u00ed \u0160pan\u011blska. Sta\u010d\u00ed nasednout do obytn\u00e9ho vozu a vydat se z jihu \u0160pan\u011blska a\u017e k oce\u00e1nu. Portugalsk\u00e9 z\u00e1padn\u00ed [&hellip;]<\/p>\n","protected":false},"author":4,"featured_media":45491,"comment_status":"open","ping_status":"closed","sticky":false,"template":"","format":"standard","meta":{"kk_blocks_editor_width":"","_kiokenblocks_attr":"","_kiokenblocks_dimensions":"","footnotes":""},"categories":[854,25],"tags":[512,2983,514,2122,6368,6369,4726,6182,392,6367,2773,490,572],"class_list":["post-45489","post","type-post","status-publish","format-standard","has-post-thumbnail","hentry","category-cestovani","category-style","tag-cestovani","tag-dobrodruzstvi","tag-dovolena","tag-evropa","tag-jih","tag-malaga","tag-obytnak","tag-obytny-vuz","tag-portugalsko","tag-pyrenejsky-poloostrov","tag-spanelsko","tag-style","tag-tipy"],"yoast_head":"<!-- This site is optimized with the Yoast SEO plugin v27.5 - https:\/\/yoast.com\/product\/yoast-seo-wordpress\/ -->\n<title>Portugalsko v obyt\u0148\u00e1ku: Z Malagy na konec Evropy a zp\u011bt - Mzone<\/title>\n<meta name=\"description\" content=\"Sn\u00edte o dovolen\u00e9 na Pyrenejsk\u00e9m poloostrov\u011b a p\u0159itom byste r\u00e1di i pl\u00e1\u017ee bez leh\u00e1tek, turistick\u00fdch atrakc\u00ed, ochutnali skv\u011bl\u00e9 j\u00eddlo a za\u017eili divokou kr\u00e1su a v\u016fni oce\u00e1nu? Nemus\u00edte se tr\u00e1pit na p\u0159epln\u011bn\u00fdch pl\u00e1\u017e\u00edch ani hledat st\u00edn ve vyprahl\u00e9m vnitrozem\u00ed \u0160pan\u011blska. Sta\u010d\u00ed nasednout do obytn\u00e9ho vozu a vydat se z jihu \u0160pan\u011blska a\u017e k oce\u00e1nu.\" \/>\n<meta name=\"robots\" content=\"index, follow, max-snippet:-1, max-image-preview:large, max-video-preview:-1\" \/>\n<link rel=\"canonical\" href=\"https:\/\/www.mzone.cz\/en\/portugalsko-v-obytnaku-z-malagy-na-konec-evropy-a-zpet\/\" \/>\n<meta property=\"og:locale\" content=\"en_US\" \/>\n<meta property=\"og:type\" content=\"article\" \/>\n<meta property=\"og:title\" content=\"Portugalsko v obyt\u0148\u00e1ku: Z Malagy na konec Evropy a zp\u011bt - Mzone\" \/>\n<meta property=\"og:description\" content=\"Sn\u00edte o dovolen\u00e9 na Pyrenejsk\u00e9m poloostrov\u011b a p\u0159itom byste r\u00e1di i pl\u00e1\u017ee bez leh\u00e1tek, turistick\u00fdch atrakc\u00ed, ochutnali skv\u011bl\u00e9 j\u00eddlo a za\u017eili divokou kr\u00e1su a v\u016fni oce\u00e1nu? Nemus\u00edte se tr\u00e1pit na p\u0159epln\u011bn\u00fdch pl\u00e1\u017e\u00edch ani hledat st\u00edn ve vyprahl\u00e9m vnitrozem\u00ed \u0160pan\u011blska. Sta\u010d\u00ed nasednout do obytn\u00e9ho vozu a vydat se z jihu \u0160pan\u011blska a\u017e k oce\u00e1nu.\" \/>\n<meta property=\"og:url\" content=\"https:\/\/www.mzone.cz\/en\/portugalsko-v-obytnaku-z-malagy-na-konec-evropy-a-zpet\/\" \/>\n<meta property=\"og:site_name\" content=\"Mzone\" \/>\n<meta property=\"article:publisher\" content=\"https:\/\/www.facebook.com\/MzoneCZ\/\" \/>\n<meta property=\"article:published_time\" content=\"2025-05-26T03:00:00+00:00\" \/>\n<meta property=\"og:image\" content=\"https:\/\/www.mzone.cz\/wp-content\/uploads\/2025\/05\/Portugalsko.jpeg\" \/>\n\t<meta property=\"og:image:width\" content=\"1400\" \/>\n\t<meta property=\"og:image:height\" content=\"933\" \/>\n\t<meta property=\"og:image:type\" content=\"image\/jpeg\" \/>\n<meta name=\"author\" content=\"Mzone\" \/>\n<meta name=\"twitter:card\" content=\"summary_large_image\" \/>\n<meta name=\"twitter:label1\" content=\"Written by\" \/>\n\t<meta name=\"twitter:data1\" content=\"Mzone\" \/>\n\t<meta name=\"twitter:label2\" content=\"Est. reading time\" \/>\n\t<meta name=\"twitter:data2\" content=\"5 minutes\" \/>\n<script type=\"application\/ld+json\" class=\"yoast-schema-graph\">{\"@context\":\"https:\\\/\\\/schema.org\",\"@graph\":[{\"@type\":\"Article\",\"@id\":\"https:\\\/\\\/www.mzone.cz\\\/portugalsko-v-obytnaku-z-malagy-na-konec-evropy-a-zpet\\\/#article\",\"isPartOf\":{\"@id\":\"https:\\\/\\\/www.mzone.cz\\\/portugalsko-v-obytnaku-z-malagy-na-konec-evropy-a-zpet\\\/\"},\"author\":{\"name\":\"Mzone\",\"@id\":\"https:\\\/\\\/www.mzone.cz\\\/#\\\/schema\\\/person\\\/9bc20cc422a99cac4af6ff9297da32d4\"},\"headline\":\"Portugalsko v obyt\u0148\u00e1ku: Z Malagy na konec Evropy a zp\u011bt\",\"datePublished\":\"2025-05-26T03:00:00+00:00\",\"mainEntityOfPage\":{\"@id\":\"https:\\\/\\\/www.mzone.cz\\\/portugalsko-v-obytnaku-z-malagy-na-konec-evropy-a-zpet\\\/\"},\"wordCount\":924,\"commentCount\":0,\"image\":{\"@id\":\"https:\\\/\\\/www.mzone.cz\\\/portugalsko-v-obytnaku-z-malagy-na-konec-evropy-a-zpet\\\/#primaryimage\"},\"thumbnailUrl\":\"https:\\\/\\\/www.mzone.cz\\\/wp-content\\\/uploads\\\/2025\\\/05\\\/Portugalsko.jpeg\",\"keywords\":[\"cestov\u00e1n\u00ed\",\"dobrodru\u017estv\u00ed\",\"dovolen\u00e1\",\"Evropa\",\"jih\",\"Malaga\",\"obyt\u0148\u00e1k\",\"obytn\u00fd v\u016fz\",\"Portugalsko\",\"Pyrenejsk\u00fd poloostrov\",\"\u0160pan\u011blsko\",\"style\",\"tipy\"],\"articleSection\":[\"Cestov\u00e1n\u00ed\",\"Style\"],\"inLanguage\":\"en-US\",\"potentialAction\":[{\"@type\":\"CommentAction\",\"name\":\"Comment\",\"target\":[\"https:\\\/\\\/www.mzone.cz\\\/portugalsko-v-obytnaku-z-malagy-na-konec-evropy-a-zpet\\\/#respond\"]}]},{\"@type\":\"WebPage\",\"@id\":\"https:\\\/\\\/www.mzone.cz\\\/portugalsko-v-obytnaku-z-malagy-na-konec-evropy-a-zpet\\\/\",\"url\":\"https:\\\/\\\/www.mzone.cz\\\/portugalsko-v-obytnaku-z-malagy-na-konec-evropy-a-zpet\\\/\",\"name\":\"Portugalsko v obyt\u0148\u00e1ku: Z Malagy na konec Evropy a zp\u011bt - Mzone\",\"isPartOf\":{\"@id\":\"https:\\\/\\\/www.mzone.cz\\\/#website\"},\"primaryImageOfPage\":{\"@id\":\"https:\\\/\\\/www.mzone.cz\\\/portugalsko-v-obytnaku-z-malagy-na-konec-evropy-a-zpet\\\/#primaryimage\"},\"image\":{\"@id\":\"https:\\\/\\\/www.mzone.cz\\\/portugalsko-v-obytnaku-z-malagy-na-konec-evropy-a-zpet\\\/#primaryimage\"},\"thumbnailUrl\":\"https:\\\/\\\/www.mzone.cz\\\/wp-content\\\/uploads\\\/2025\\\/05\\\/Portugalsko.jpeg\",\"datePublished\":\"2025-05-26T03:00:00+00:00\",\"author\":{\"@id\":\"https:\\\/\\\/www.mzone.cz\\\/#\\\/schema\\\/person\\\/9bc20cc422a99cac4af6ff9297da32d4\"},\"description\":\"Sn\u00edte o dovolen\u00e9 na Pyrenejsk\u00e9m poloostrov\u011b a p\u0159itom byste r\u00e1di i pl\u00e1\u017ee bez leh\u00e1tek, turistick\u00fdch atrakc\u00ed, ochutnali skv\u011bl\u00e9 j\u00eddlo a za\u017eili divokou kr\u00e1su a v\u016fni oce\u00e1nu? Nemus\u00edte se tr\u00e1pit na p\u0159epln\u011bn\u00fdch pl\u00e1\u017e\u00edch ani hledat st\u00edn ve vyprahl\u00e9m vnitrozem\u00ed \u0160pan\u011blska. Sta\u010d\u00ed nasednout do obytn\u00e9ho vozu a vydat se z jihu \u0160pan\u011blska a\u017e k oce\u00e1nu.\",\"breadcrumb\":{\"@id\":\"https:\\\/\\\/www.mzone.cz\\\/portugalsko-v-obytnaku-z-malagy-na-konec-evropy-a-zpet\\\/#breadcrumb\"},\"inLanguage\":\"en-US\",\"potentialAction\":[{\"@type\":\"ReadAction\",\"target\":[\"https:\\\/\\\/www.mzone.cz\\\/portugalsko-v-obytnaku-z-malagy-na-konec-evropy-a-zpet\\\/\"]}]},{\"@type\":\"ImageObject\",\"inLanguage\":\"en-US\",\"@id\":\"https:\\\/\\\/www.mzone.cz\\\/portugalsko-v-obytnaku-z-malagy-na-konec-evropy-a-zpet\\\/#primaryimage\",\"url\":\"https:\\\/\\\/www.mzone.cz\\\/wp-content\\\/uploads\\\/2025\\\/05\\\/Portugalsko.jpeg\",\"contentUrl\":\"https:\\\/\\\/www.mzone.cz\\\/wp-content\\\/uploads\\\/2025\\\/05\\\/Portugalsko.jpeg\",\"width\":1400,\"height\":933,\"caption\":\"Portugalsko\"},{\"@type\":\"BreadcrumbList\",\"@id\":\"https:\\\/\\\/www.mzone.cz\\\/portugalsko-v-obytnaku-z-malagy-na-konec-evropy-a-zpet\\\/#breadcrumb\",\"itemListElement\":[{\"@type\":\"ListItem\",\"position\":1,\"name\":\"Dom\u016f\",\"item\":\"https:\\\/\\\/www.mzone.cz\\\/\"},{\"@type\":\"ListItem\",\"position\":2,\"name\":\"Portugalsko v obyt\u0148\u00e1ku: Z Malagy na konec Evropy a zp\u011bt\"}]},{\"@type\":\"WebSite\",\"@id\":\"https:\\\/\\\/www.mzone.cz\\\/#website\",\"url\":\"https:\\\/\\\/www.mzone.cz\\\/\",\"name\":\"Mzone\",\"description\":\"Magaz\u00edn nejen pro mu\u017ee\",\"potentialAction\":[{\"@type\":\"SearchAction\",\"target\":{\"@type\":\"EntryPoint\",\"urlTemplate\":\"https:\\\/\\\/www.mzone.cz\\\/?s={search_term_string}\"},\"query-input\":{\"@type\":\"PropertyValueSpecification\",\"valueRequired\":true,\"valueName\":\"search_term_string\"}}],\"inLanguage\":\"en-US\"},{\"@type\":\"Person\",\"@id\":\"https:\\\/\\\/www.mzone.cz\\\/#\\\/schema\\\/person\\\/9bc20cc422a99cac4af6ff9297da32d4\",\"name\":\"Mzone\",\"image\":{\"@type\":\"ImageObject\",\"inLanguage\":\"en-US\",\"@id\":\"https:\\\/\\\/secure.gravatar.com\\\/avatar\\\/e780a8630f3182a3d06dd667ab6bea151a0d155b0951bc15fe22633acdac0676?s=96&d=mm&r=g\",\"url\":\"https:\\\/\\\/secure.gravatar.com\\\/avatar\\\/e780a8630f3182a3d06dd667ab6bea151a0d155b0951bc15fe22633acdac0676?s=96&d=mm&r=g\",\"contentUrl\":\"https:\\\/\\\/secure.gravatar.com\\\/avatar\\\/e780a8630f3182a3d06dd667ab6bea151a0d155b0951bc15fe22633acdac0676?s=96&d=mm&r=g\",\"caption\":\"Mzone\"},\"url\":\"https:\\\/\\\/www.mzone.cz\\\/en\\\/author\\\/jakub\\\/\"}]}<\/script>\n<!-- \/ Yoast SEO plugin. -->","yoast_head_json":{"title":"Portugalsko v obyt\u0148\u00e1ku: Z Malagy na konec Evropy a zp\u011bt - Mzone","description":"Sn\u00edte o dovolen\u00e9 na Pyrenejsk\u00e9m poloostrov\u011b a p\u0159itom byste r\u00e1di i pl\u00e1\u017ee bez leh\u00e1tek, turistick\u00fdch atrakc\u00ed, ochutnali skv\u011bl\u00e9 j\u00eddlo a za\u017eili divokou kr\u00e1su a v\u016fni oce\u00e1nu? Nemus\u00edte se tr\u00e1pit na p\u0159epln\u011bn\u00fdch pl\u00e1\u017e\u00edch ani hledat st\u00edn ve vyprahl\u00e9m vnitrozem\u00ed \u0160pan\u011blska. Sta\u010d\u00ed nasednout do obytn\u00e9ho vozu a vydat se z jihu \u0160pan\u011blska a\u017e k oce\u00e1nu.","robots":{"index":"index","follow":"follow","max-snippet":"max-snippet:-1","max-image-preview":"max-image-preview:large","max-video-preview":"max-video-preview:-1"},"canonical":"https:\/\/www.mzone.cz\/en\/portugalsko-v-obytnaku-z-malagy-na-konec-evropy-a-zpet\/","og_locale":"en_US","og_type":"article","og_title":"Portugalsko v obyt\u0148\u00e1ku: Z Malagy na konec Evropy a zp\u011bt - Mzone","og_description":"Sn\u00edte o dovolen\u00e9 na Pyrenejsk\u00e9m poloostrov\u011b a p\u0159itom byste r\u00e1di i pl\u00e1\u017ee bez leh\u00e1tek, turistick\u00fdch atrakc\u00ed, ochutnali skv\u011bl\u00e9 j\u00eddlo a za\u017eili divokou kr\u00e1su a v\u016fni oce\u00e1nu? Nemus\u00edte se tr\u00e1pit na p\u0159epln\u011bn\u00fdch pl\u00e1\u017e\u00edch ani hledat st\u00edn ve vyprahl\u00e9m vnitrozem\u00ed \u0160pan\u011blska. Sta\u010d\u00ed nasednout do obytn\u00e9ho vozu a vydat se z jihu \u0160pan\u011blska a\u017e k oce\u00e1nu.","og_url":"https:\/\/www.mzone.cz\/en\/portugalsko-v-obytnaku-z-malagy-na-konec-evropy-a-zpet\/","og_site_name":"Mzone","article_publisher":"https:\/\/www.facebook.com\/MzoneCZ\/","article_published_time":"2025-05-26T03:00:00+00:00","og_image":[{"width":1400,"height":933,"url":"https:\/\/www.mzone.cz\/wp-content\/uploads\/2025\/05\/Portugalsko.jpeg","type":"image\/jpeg"}],"author":"Mzone","twitter_card":"summary_large_image","twitter_misc":{"Written by":"Mzone","Est. reading time":"5 minutes"},"schema":{"@context":"https:\/\/schema.org","@graph":[{"@type":"Article","@id":"https:\/\/www.mzone.cz\/portugalsko-v-obytnaku-z-malagy-na-konec-evropy-a-zpet\/#article","isPartOf":{"@id":"https:\/\/www.mzone.cz\/portugalsko-v-obytnaku-z-malagy-na-konec-evropy-a-zpet\/"},"author":{"name":"Mzone","@id":"https:\/\/www.mzone.cz\/#\/schema\/person\/9bc20cc422a99cac4af6ff9297da32d4"},"headline":"Portugalsko v obyt\u0148\u00e1ku: Z Malagy na konec Evropy a zp\u011bt","datePublished":"2025-05-26T03:00:00+00:00","mainEntityOfPage":{"@id":"https:\/\/www.mzone.cz\/portugalsko-v-obytnaku-z-malagy-na-konec-evropy-a-zpet\/"},"wordCount":924,"commentCount":0,"image":{"@id":"https:\/\/www.mzone.cz\/portugalsko-v-obytnaku-z-malagy-na-konec-evropy-a-zpet\/#primaryimage"},"thumbnailUrl":"https:\/\/www.mzone.cz\/wp-content\/uploads\/2025\/05\/Portugalsko.jpeg","keywords":["cestov\u00e1n\u00ed","dobrodru\u017estv\u00ed","dovolen\u00e1","Evropa","jih","Malaga","obyt\u0148\u00e1k","obytn\u00fd v\u016fz","Portugalsko","Pyrenejsk\u00fd poloostrov","\u0160pan\u011blsko","style","tipy"],"articleSection":["Cestov\u00e1n\u00ed","Style"],"inLanguage":"en-US","potentialAction":[{"@type":"CommentAction","name":"Comment","target":["https:\/\/www.mzone.cz\/portugalsko-v-obytnaku-z-malagy-na-konec-evropy-a-zpet\/#respond"]}]},{"@type":"WebPage","@id":"https:\/\/www.mzone.cz\/portugalsko-v-obytnaku-z-malagy-na-konec-evropy-a-zpet\/","url":"https:\/\/www.mzone.cz\/portugalsko-v-obytnaku-z-malagy-na-konec-evropy-a-zpet\/","name":"Portugalsko v obyt\u0148\u00e1ku: Z Malagy na konec Evropy a zp\u011bt - Mzone","isPartOf":{"@id":"https:\/\/www.mzone.cz\/#website"},"primaryImageOfPage":{"@id":"https:\/\/www.mzone.cz\/portugalsko-v-obytnaku-z-malagy-na-konec-evropy-a-zpet\/#primaryimage"},"image":{"@id":"https:\/\/www.mzone.cz\/portugalsko-v-obytnaku-z-malagy-na-konec-evropy-a-zpet\/#primaryimage"},"thumbnailUrl":"https:\/\/www.mzone.cz\/wp-content\/uploads\/2025\/05\/Portugalsko.jpeg","datePublished":"2025-05-26T03:00:00+00:00","author":{"@id":"https:\/\/www.mzone.cz\/#\/schema\/person\/9bc20cc422a99cac4af6ff9297da32d4"},"description":"Sn\u00edte o dovolen\u00e9 na Pyrenejsk\u00e9m poloostrov\u011b a p\u0159itom byste r\u00e1di i pl\u00e1\u017ee bez leh\u00e1tek, turistick\u00fdch atrakc\u00ed, ochutnali skv\u011bl\u00e9 j\u00eddlo a za\u017eili divokou kr\u00e1su a v\u016fni oce\u00e1nu? Nemus\u00edte se tr\u00e1pit na p\u0159epln\u011bn\u00fdch pl\u00e1\u017e\u00edch ani hledat st\u00edn ve vyprahl\u00e9m vnitrozem\u00ed \u0160pan\u011blska. Sta\u010d\u00ed nasednout do obytn\u00e9ho vozu a vydat se z jihu \u0160pan\u011blska a\u017e k oce\u00e1nu.","breadcrumb":{"@id":"https:\/\/www.mzone.cz\/portugalsko-v-obytnaku-z-malagy-na-konec-evropy-a-zpet\/#breadcrumb"},"inLanguage":"en-US","potentialAction":[{"@type":"ReadAction","target":["https:\/\/www.mzone.cz\/portugalsko-v-obytnaku-z-malagy-na-konec-evropy-a-zpet\/"]}]},{"@type":"ImageObject","inLanguage":"en-US","@id":"https:\/\/www.mzone.cz\/portugalsko-v-obytnaku-z-malagy-na-konec-evropy-a-zpet\/#primaryimage","url":"https:\/\/www.mzone.cz\/wp-content\/uploads\/2025\/05\/Portugalsko.jpeg","contentUrl":"https:\/\/www.mzone.cz\/wp-content\/uploads\/2025\/05\/Portugalsko.jpeg","width":1400,"height":933,"caption":"Portugalsko"},{"@type":"BreadcrumbList","@id":"https:\/\/www.mzone.cz\/portugalsko-v-obytnaku-z-malagy-na-konec-evropy-a-zpet\/#breadcrumb","itemListElement":[{"@type":"ListItem","position":1,"name":"Dom\u016f","item":"https:\/\/www.mzone.cz\/"},{"@type":"ListItem","position":2,"name":"Portugalsko v obyt\u0148\u00e1ku: Z Malagy na konec Evropy a zp\u011bt"}]},{"@type":"WebSite","@id":"https:\/\/www.mzone.cz\/#website","url":"https:\/\/www.mzone.cz\/","name":"Mzone","description":"Magaz\u00edn nejen pro mu\u017ee","potentialAction":[{"@type":"SearchAction","target":{"@type":"EntryPoint","urlTemplate":"https:\/\/www.mzone.cz\/?s={search_term_string}"},"query-input":{"@type":"PropertyValueSpecification","valueRequired":true,"valueName":"search_term_string"}}],"inLanguage":"en-US"},{"@type":"Person","@id":"https:\/\/www.mzone.cz\/#\/schema\/person\/9bc20cc422a99cac4af6ff9297da32d4","name":"Mzone","image":{"@type":"ImageObject","inLanguage":"en-US","@id":"https:\/\/secure.gravatar.com\/avatar\/e780a8630f3182a3d06dd667ab6bea151a0d155b0951bc15fe22633acdac0676?s=96&d=mm&r=g","url":"https:\/\/secure.gravatar.com\/avatar\/e780a8630f3182a3d06dd667ab6bea151a0d155b0951bc15fe22633acdac0676?s=96&d=mm&r=g","contentUrl":"https:\/\/secure.gravatar.com\/avatar\/e780a8630f3182a3d06dd667ab6bea151a0d155b0951bc15fe22633acdac0676?s=96&d=mm&r=g","caption":"Mzone"},"url":"https:\/\/www.mzone.cz\/en\/author\/jakub\/"}]}},"_links":{"self":[{"href":"https:\/\/www.mzone.cz\/en\/wp-json\/wp\/v2\/posts\/45489","targetHints":{"allow":["GET"]}}],"collection":[{"href":"https:\/\/www.mzone.cz\/en\/wp-json\/wp\/v2\/posts"}],"about":[{"href":"https:\/\/www.mzone.cz\/en\/wp-json\/wp\/v2\/types\/post"}],"author":[{"embeddable":true,"href":"https:\/\/www.mzone.cz\/en\/wp-json\/wp\/v2\/users\/4"}],"replies":[{"embeddable":true,"href":"https:\/\/www.mzone.cz\/en\/wp-json\/wp\/v2\/comments?post=45489"}],"version-history":[{"count":18,"href":"https:\/\/www.mzone.cz\/en\/wp-json\/wp\/v2\/posts\/45489\/revisions"}],"predecessor-version":[{"id":45518,"href":"https:\/\/www.mzone.cz\/en\/wp-json\/wp\/v2\/posts\/45489\/revisions\/45518"}],"wp:featuredmedia":[{"embeddable":true,"href":"https:\/\/www.mzone.cz\/en\/wp-json\/wp\/v2\/media\/45491"}],"wp:attachment":[{"href":"https:\/\/www.mzone.cz\/en\/wp-json\/wp\/v2\/media?parent=45489"}],"wp:term":[{"taxonomy":"category","embeddable":true,"href":"https:\/\/www.mzone.cz\/en\/wp-json\/wp\/v2\/categories?post=45489"},{"taxonomy":"post_tag","embeddable":true,"href":"https:\/\/www.mzone.cz\/en\/wp-json\/wp\/v2\/tags?post=45489"}],"curies":[{"name":"wp","href":"https:\/\/api.w.org\/{rel}","templated":true}]}}