{"id":45606,"date":"2025-06-11T05:00:00","date_gmt":"2025-06-11T03:00:00","guid":{"rendered":"https:\/\/www.mzone.cz\/?p=45606"},"modified":"2025-06-09T19:03:18","modified_gmt":"2025-06-09T17:03:18","slug":"above-the-bike-experience-livigno-zahajuje-letni-cyklistickou-sezonu-festivalem","status":"publish","type":"post","link":"https:\/\/www.mzone.cz\/en\/above-the-bike-experience-livigno-zahajuje-letni-cyklistickou-sezonu-festivalem\/","title":{"rendered":"Livigno zahajuje letn\u00ed cyklistickou sez\u00f3nu festivalem Above The Bike Experience"},"content":{"rendered":"<p><strong>Livigno, p\u0159ezd\u00edvan\u00e9 jako Mal\u00fd Tibet, op\u011bt potvrzuje sv\u016fj status cyklistick\u00e9 mekky Evropy. Ve spolupr\u00e1ci s organiz\u00e1tory Italian Bike Festivalu tam od 20. do 22. \u010dervna 2025 prob\u011bhne Above The Bike Experience \u2013 akce, kter\u00e1 propoj\u00ed v\u00e1\u0161e\u0148 pro cyklistiku, inovace a nezapomenuteln\u00e9 z\u00e1\u017eitky.<\/strong><\/p><br>\n\n\n\n<p>Livigno je synonymem cyklistick\u00e9ho r\u00e1je \u2013 nekone\u010dn\u00e9 trasy, \u0161pi\u010dkov\u00e9 z\u00e1zem\u00ed a nadmo\u0159sk\u00e1 v\u00fd\u0161ka, kter\u00e1 l\u00e1k\u00e1 \u0161ampiony z n\u00e1rodn\u00edch t\u00fdm\u016f, profesion\u00e1ln\u00ed jezdce i nad\u0161en\u00e9 amat\u00e9ry. Te\u010f ale posouv\u00e1 hranice je\u0161t\u011b d\u00e1l! Spojen\u00ed s Italian Bike Festivalem d\u00e1v\u00e1 vzniknout nov\u00e9 presti\u017en\u00ed ud\u00e1losti, kter\u00e1 zah\u00e1j\u00ed letn\u00ed sez\u00f3nu ve velkolep\u00e9m stylu.\u00a0<\/p>\n\n\n\n<blockquote class=\"wp-block-quote is-layout-flow wp-block-quote-is-layout-flow\">\n<p>Above The Bike Experience nab\u00eddne jedine\u010dnou p\u0159\u00edle\u017eitost otestovat nejnov\u011bj\u0161\u00ed modely kol nap\u0159\u00ed\u010d kategoriemi \u2013 od silni\u010dn\u00edch a horsk\u00fdch po m\u011bstsk\u00e1, trekingov\u00e1 \u010di cargo kola. \u010cek\u00e1 v\u00e1s adrenalin, inovace a ryz\u00ed cyklistick\u00e9 dobrodru\u017estv\u00ed.\u00a0<\/p>\n<\/blockquote>\n\n\n\n<p>Profesion\u00e1ln\u00ed jezdci se pod\u011bl\u00ed o sv\u00e9 zku\u0161enosti v odborn\u00fdch klinik\u00e1ch, m\u00edstn\u00ed pr\u016fvodci v\u00e1s provedou nejkr\u00e1sn\u011bj\u0161\u00edmi trasami a v uvoln\u011bn\u00e9 atmosf\u00e9\u0159e si k tomu v\u0161emu u\u017eijete \u017eivou hudbu, podcasty a inspirativn\u00ed setk\u00e1n\u00ed s legendami cyklistiky.<\/p><br>\n\n\n\n<figure class=\"wp-block-image size-large\"><img loading=\"lazy\" decoding=\"async\" width=\"1024\" height=\"682\" src=\"https:\/\/www.mzone.cz\/wp-content\/uploads\/2025\/06\/Sebastian-Kienle-5152-ve-velke-velikosti-1024x682.jpeg\" alt=\"Above The Bike Experience\" class=\"wp-image-45613\" srcset=\"https:\/\/www.mzone.cz\/wp-content\/uploads\/2025\/06\/Sebastian-Kienle-5152-ve-velke-velikosti-1024x682.jpeg 1024w, https:\/\/www.mzone.cz\/wp-content\/uploads\/2025\/06\/Sebastian-Kienle-5152-ve-velke-velikosti-300x200.jpeg 300w, https:\/\/www.mzone.cz\/wp-content\/uploads\/2025\/06\/Sebastian-Kienle-5152-ve-velke-velikosti-768x512.jpeg 768w, https:\/\/www.mzone.cz\/wp-content\/uploads\/2025\/06\/Sebastian-Kienle-5152-ve-velke-velikosti-18x12.jpeg 18w, https:\/\/www.mzone.cz\/wp-content\/uploads\/2025\/06\/Sebastian-Kienle-5152-ve-velke-velikosti-800x533.jpeg 800w, https:\/\/www.mzone.cz\/wp-content\/uploads\/2025\/06\/Sebastian-Kienle-5152-ve-velke-velikosti-400x267.jpeg 400w, https:\/\/www.mzone.cz\/wp-content\/uploads\/2025\/06\/Sebastian-Kienle-5152-ve-velke-velikosti-500x333.jpeg 500w, https:\/\/www.mzone.cz\/wp-content\/uploads\/2025\/06\/Sebastian-Kienle-5152-ve-velke-velikosti-1170x780.jpeg 1170w, https:\/\/www.mzone.cz\/wp-content\/uploads\/2025\/06\/Sebastian-Kienle-5152-ve-velke-velikosti-590x393.jpeg 590w, https:\/\/www.mzone.cz\/wp-content\/uploads\/2025\/06\/Sebastian-Kienle-5152-ve-velke-velikosti.jpeg 1280w\" sizes=\"auto, (max-width: 1024px) 100vw, 1024px\" \/><\/figure><br>\n\n\n\n<p>Tohle nen\u00ed jen festival \u2013 je to <a href=\"https:\/\/www.livigno.eu\/en\/events\/above-the-bike-experience\" target=\"_blank\">oslava cyklistiky<\/a>, kde se spojuje sport, technologie a z\u00e1bava. A a\u0165 u\u017e jste z\u00e1vodn\u00edk, v\u00e1\u0161niv\u00fd cyklista nebo jen milovn\u00edk horsk\u00e9ho vzduchu, tyhle t\u0159i dny budou pat\u0159it jen v\u00e1m! Tak co, uvid\u00edme se na konci \u010dervna v Livignu?<\/p><br>\n\n\n\n<div class=\"wp-block-media-text is-stacked-on-mobile is-vertically-aligned-top\" style=\"grid-template-columns:35% auto\"><figure class=\"wp-block-media-text__media\"><a href=\"https:\/\/www.mzone.cz\/tiroler-zugspitz-arena-a-olympiaregion-seefeld-alpsky-vzduch-a-detska-hriste-i-tam-kde-hory-prechazeji-do-nebe\/\"><img loading=\"lazy\" decoding=\"async\" width=\"1024\" height=\"683\" src=\"https:\/\/www.mzone.cz\/wp-content\/uploads\/2023\/06\/Tiroler-Zugspitz-Arena-s-detmi-1024x683.jpg\" alt=\"Tiroler Zugspitz Arena s d\u011btmi\" class=\"wp-image-40922 size-full\" srcset=\"https:\/\/www.mzone.cz\/wp-content\/uploads\/2023\/06\/Tiroler-Zugspitz-Arena-s-detmi-1024x683.jpg 1024w, https:\/\/www.mzone.cz\/wp-content\/uploads\/2023\/06\/Tiroler-Zugspitz-Arena-s-detmi-300x200.jpg 300w, https:\/\/www.mzone.cz\/wp-content\/uploads\/2023\/06\/Tiroler-Zugspitz-Arena-s-detmi-768x512.jpg 768w, https:\/\/www.mzone.cz\/wp-content\/uploads\/2023\/06\/Tiroler-Zugspitz-Arena-s-detmi-1536x1024.jpg 1536w, https:\/\/www.mzone.cz\/wp-content\/uploads\/2023\/06\/Tiroler-Zugspitz-Arena-s-detmi-18x12.jpg 18w, https:\/\/www.mzone.cz\/wp-content\/uploads\/2023\/06\/Tiroler-Zugspitz-Arena-s-detmi-800x533.jpg 800w, https:\/\/www.mzone.cz\/wp-content\/uploads\/2023\/06\/Tiroler-Zugspitz-Arena-s-detmi-400x267.jpg 400w, https:\/\/www.mzone.cz\/wp-content\/uploads\/2023\/06\/Tiroler-Zugspitz-Arena-s-detmi-500x333.jpg 500w, https:\/\/www.mzone.cz\/wp-content\/uploads\/2023\/06\/Tiroler-Zugspitz-Arena-s-detmi-1170x780.jpg 1170w, https:\/\/www.mzone.cz\/wp-content\/uploads\/2023\/06\/Tiroler-Zugspitz-Arena-s-detmi-590x393.jpg 590w, https:\/\/www.mzone.cz\/wp-content\/uploads\/2023\/06\/Tiroler-Zugspitz-Arena-s-detmi.jpg 1972w\" sizes=\"auto, (max-width: 1024px) 100vw, 1024px\" \/><\/a><\/figure><div class=\"wp-block-media-text__content\">\n<h4 class=\"wp-block-heading\"><a href=\"https:\/\/www.mzone.cz\/tiroler-zugspitz-arena-a-olympiaregion-seefeld-alpsky-vzduch-a-detska-hriste-i-tam-kde-hory-prechazeji-do-nebe\/\">Tiroler Zugspitz Arena a Olympiaregion Seefeld: Alpsk\u00fd vzduch a d\u011btsk\u00e1 h\u0159i\u0161t\u011b, i tam kde hory p\u0159ech\u00e1zej\u00ed do nebe<\/a><\/h4><br>\n<\/div><\/div>\n\n\n\n<p><\/p>","protected":false},"excerpt":{"rendered":"<p>Livigno, p\u0159ezd\u00edvan\u00e9 jako Mal\u00fd Tibet, op\u011bt potvrzuje sv\u016fj status cyklistick\u00e9 mekky Evropy. Ve spolupr\u00e1ci s organiz\u00e1tory Italian Bike Festivalu tam od 20. do 22. \u010dervna 2025 prob\u011bhne Above The Bike Experience \u2013 akce, kter\u00e1 propoj\u00ed v\u00e1\u0161e\u0148 pro cyklistiku, inovace a nezapomenuteln\u00e9 z\u00e1\u017eitky. Livigno je synonymem cyklistick\u00e9ho r\u00e1je \u2013 nekone\u010dn\u00e9 trasy, \u0161pi\u010dkov\u00e9 z\u00e1zem\u00ed a nadmo\u0159sk\u00e1 v\u00fd\u0161ka, [&hellip;]<\/p>\n","protected":false},"author":4,"featured_media":45608,"comment_status":"open","ping_status":"closed","sticky":false,"template":"","format":"standard","meta":{"kk_blocks_editor_width":"","_kiokenblocks_attr":"","_kiokenblocks_dimensions":"","footnotes":""},"categories":[80],"tags":[6371,2578,1950,153,1943,4898,1953,6319,5877,2427,2429,42,3659],"class_list":["post-45606","post","type-post","status-publish","format-standard","has-post-thumbnail","hentry","category-sport","tag-above-the-bike-experience","tag-alpy","tag-cyklistika","tag-festival","tag-italie","tag-jizdni-kolo","tag-kolo","tag-livigno","tag-mountainbike","tag-mountainbiking","tag-mtb","tag-sport","tag-zahajeni-sezony"],"yoast_head":"<!-- This site is optimized with the Yoast SEO plugin v27.5 - https:\/\/yoast.com\/product\/yoast-seo-wordpress\/ -->\n<title>Livigno zahajuje letn\u00ed cyklistickou sez\u00f3nu festivalem Above The Bike Experience - Mzone<\/title>\n<meta name=\"description\" content=\"Livigno, p\u0159ezd\u00edvan\u00e9 jako Mal\u00fd Tibet, op\u011bt potvrzuje sv\u016fj status cyklistick\u00e9 mekky Evropy. Ve spolupr\u00e1ci s organiz\u00e1tory Italian Bike Festivalu tam od 20. do 22. \u010dervna 2025 prob\u011bhne Above The Bike Experience \u2013 akce, kter\u00e1 propoj\u00ed v\u00e1\u0161e\u0148 pro cyklistiku, inovace a nezapomenuteln\u00e9 z\u00e1\u017eitky.\" \/>\n<meta name=\"robots\" content=\"index, follow, max-snippet:-1, max-image-preview:large, max-video-preview:-1\" \/>\n<link rel=\"canonical\" href=\"https:\/\/www.mzone.cz\/en\/above-the-bike-experience-livigno-zahajuje-letni-cyklistickou-sezonu-festivalem\/\" \/>\n<meta property=\"og:locale\" content=\"en_US\" \/>\n<meta property=\"og:type\" content=\"article\" \/>\n<meta property=\"og:title\" content=\"Livigno zahajuje letn\u00ed cyklistickou sez\u00f3nu festivalem Above The Bike Experience - Mzone\" \/>\n<meta property=\"og:description\" content=\"Livigno, p\u0159ezd\u00edvan\u00e9 jako Mal\u00fd Tibet, op\u011bt potvrzuje sv\u016fj status cyklistick\u00e9 mekky Evropy. Ve spolupr\u00e1ci s organiz\u00e1tory Italian Bike Festivalu tam od 20. do 22. \u010dervna 2025 prob\u011bhne Above The Bike Experience \u2013 akce, kter\u00e1 propoj\u00ed v\u00e1\u0161e\u0148 pro cyklistiku, inovace a nezapomenuteln\u00e9 z\u00e1\u017eitky.\" \/>\n<meta property=\"og:url\" content=\"https:\/\/www.mzone.cz\/en\/above-the-bike-experience-livigno-zahajuje-letni-cyklistickou-sezonu-festivalem\/\" \/>\n<meta property=\"og:site_name\" content=\"Mzone\" \/>\n<meta property=\"article:publisher\" content=\"https:\/\/www.facebook.com\/MzoneCZ\/\" \/>\n<meta property=\"article:published_time\" content=\"2025-06-11T03:00:00+00:00\" \/>\n<meta property=\"og:image\" content=\"https:\/\/www.mzone.cz\/wp-content\/uploads\/2025\/06\/Above-The-Bike-Experience.jpeg\" \/>\n\t<meta property=\"og:image:width\" content=\"1600\" \/>\n\t<meta property=\"og:image:height\" content=\"1067\" \/>\n\t<meta property=\"og:image:type\" content=\"image\/jpeg\" \/>\n<meta name=\"author\" content=\"Mzone\" \/>\n<meta name=\"twitter:card\" content=\"summary_large_image\" \/>\n<meta name=\"twitter:label1\" content=\"Written by\" \/>\n\t<meta name=\"twitter:data1\" content=\"Mzone\" \/>\n\t<meta name=\"twitter:label2\" content=\"Est. reading time\" \/>\n\t<meta name=\"twitter:data2\" content=\"2 minutes\" \/>\n<script type=\"application\/ld+json\" class=\"yoast-schema-graph\">{\"@context\":\"https:\\\/\\\/schema.org\",\"@graph\":[{\"@type\":\"Article\",\"@id\":\"https:\\\/\\\/www.mzone.cz\\\/above-the-bike-experience-livigno-zahajuje-letni-cyklistickou-sezonu-festivalem\\\/#article\",\"isPartOf\":{\"@id\":\"https:\\\/\\\/www.mzone.cz\\\/above-the-bike-experience-livigno-zahajuje-letni-cyklistickou-sezonu-festivalem\\\/\"},\"author\":{\"name\":\"Mzone\",\"@id\":\"https:\\\/\\\/www.mzone.cz\\\/#\\\/schema\\\/person\\\/9bc20cc422a99cac4af6ff9297da32d4\"},\"headline\":\"Livigno zahajuje letn\u00ed cyklistickou sez\u00f3nu festivalem Above The Bike Experience\",\"datePublished\":\"2025-06-11T03:00:00+00:00\",\"mainEntityOfPage\":{\"@id\":\"https:\\\/\\\/www.mzone.cz\\\/above-the-bike-experience-livigno-zahajuje-letni-cyklistickou-sezonu-festivalem\\\/\"},\"wordCount\":294,\"commentCount\":0,\"image\":{\"@id\":\"https:\\\/\\\/www.mzone.cz\\\/above-the-bike-experience-livigno-zahajuje-letni-cyklistickou-sezonu-festivalem\\\/#primaryimage\"},\"thumbnailUrl\":\"https:\\\/\\\/www.mzone.cz\\\/wp-content\\\/uploads\\\/2025\\\/06\\\/Above-The-Bike-Experience.jpeg\",\"keywords\":[\"Above The Bike Experience\",\"Alpy\",\"cyklistika\",\"festival\",\"It\u00e1lie\",\"j\u00edzdn\u00ed kolo\",\"kolo\",\"Livigno\",\"mountainbike\",\"mountainbiking\",\"MTB\",\"Sport\",\"zah\u00e1jen\u00ed sez\u00f3ny\"],\"articleSection\":[\"Sport\"],\"inLanguage\":\"en-US\",\"potentialAction\":[{\"@type\":\"CommentAction\",\"name\":\"Comment\",\"target\":[\"https:\\\/\\\/www.mzone.cz\\\/above-the-bike-experience-livigno-zahajuje-letni-cyklistickou-sezonu-festivalem\\\/#respond\"]}]},{\"@type\":\"WebPage\",\"@id\":\"https:\\\/\\\/www.mzone.cz\\\/above-the-bike-experience-livigno-zahajuje-letni-cyklistickou-sezonu-festivalem\\\/\",\"url\":\"https:\\\/\\\/www.mzone.cz\\\/above-the-bike-experience-livigno-zahajuje-letni-cyklistickou-sezonu-festivalem\\\/\",\"name\":\"Livigno zahajuje letn\u00ed cyklistickou sez\u00f3nu festivalem Above The Bike Experience - Mzone\",\"isPartOf\":{\"@id\":\"https:\\\/\\\/www.mzone.cz\\\/#website\"},\"primaryImageOfPage\":{\"@id\":\"https:\\\/\\\/www.mzone.cz\\\/above-the-bike-experience-livigno-zahajuje-letni-cyklistickou-sezonu-festivalem\\\/#primaryimage\"},\"image\":{\"@id\":\"https:\\\/\\\/www.mzone.cz\\\/above-the-bike-experience-livigno-zahajuje-letni-cyklistickou-sezonu-festivalem\\\/#primaryimage\"},\"thumbnailUrl\":\"https:\\\/\\\/www.mzone.cz\\\/wp-content\\\/uploads\\\/2025\\\/06\\\/Above-The-Bike-Experience.jpeg\",\"datePublished\":\"2025-06-11T03:00:00+00:00\",\"author\":{\"@id\":\"https:\\\/\\\/www.mzone.cz\\\/#\\\/schema\\\/person\\\/9bc20cc422a99cac4af6ff9297da32d4\"},\"description\":\"Livigno, p\u0159ezd\u00edvan\u00e9 jako Mal\u00fd Tibet, op\u011bt potvrzuje sv\u016fj status cyklistick\u00e9 mekky Evropy. Ve spolupr\u00e1ci s organiz\u00e1tory Italian Bike Festivalu tam od 20. do 22. \u010dervna 2025 prob\u011bhne Above The Bike Experience \u2013 akce, kter\u00e1 propoj\u00ed v\u00e1\u0161e\u0148 pro cyklistiku, inovace a nezapomenuteln\u00e9 z\u00e1\u017eitky.\",\"breadcrumb\":{\"@id\":\"https:\\\/\\\/www.mzone.cz\\\/above-the-bike-experience-livigno-zahajuje-letni-cyklistickou-sezonu-festivalem\\\/#breadcrumb\"},\"inLanguage\":\"en-US\",\"potentialAction\":[{\"@type\":\"ReadAction\",\"target\":[\"https:\\\/\\\/www.mzone.cz\\\/above-the-bike-experience-livigno-zahajuje-letni-cyklistickou-sezonu-festivalem\\\/\"]}]},{\"@type\":\"ImageObject\",\"inLanguage\":\"en-US\",\"@id\":\"https:\\\/\\\/www.mzone.cz\\\/above-the-bike-experience-livigno-zahajuje-letni-cyklistickou-sezonu-festivalem\\\/#primaryimage\",\"url\":\"https:\\\/\\\/www.mzone.cz\\\/wp-content\\\/uploads\\\/2025\\\/06\\\/Above-The-Bike-Experience.jpeg\",\"contentUrl\":\"https:\\\/\\\/www.mzone.cz\\\/wp-content\\\/uploads\\\/2025\\\/06\\\/Above-The-Bike-Experience.jpeg\",\"width\":1600,\"height\":1067,\"caption\":\"Above The Bike Experience\"},{\"@type\":\"BreadcrumbList\",\"@id\":\"https:\\\/\\\/www.mzone.cz\\\/above-the-bike-experience-livigno-zahajuje-letni-cyklistickou-sezonu-festivalem\\\/#breadcrumb\",\"itemListElement\":[{\"@type\":\"ListItem\",\"position\":1,\"name\":\"Dom\u016f\",\"item\":\"https:\\\/\\\/www.mzone.cz\\\/\"},{\"@type\":\"ListItem\",\"position\":2,\"name\":\"Livigno zahajuje letn\u00ed cyklistickou sez\u00f3nu festivalem Above The Bike Experience\"}]},{\"@type\":\"WebSite\",\"@id\":\"https:\\\/\\\/www.mzone.cz\\\/#website\",\"url\":\"https:\\\/\\\/www.mzone.cz\\\/\",\"name\":\"Mzone\",\"description\":\"Magaz\u00edn nejen pro mu\u017ee\",\"potentialAction\":[{\"@type\":\"SearchAction\",\"target\":{\"@type\":\"EntryPoint\",\"urlTemplate\":\"https:\\\/\\\/www.mzone.cz\\\/?s={search_term_string}\"},\"query-input\":{\"@type\":\"PropertyValueSpecification\",\"valueRequired\":true,\"valueName\":\"search_term_string\"}}],\"inLanguage\":\"en-US\"},{\"@type\":\"Person\",\"@id\":\"https:\\\/\\\/www.mzone.cz\\\/#\\\/schema\\\/person\\\/9bc20cc422a99cac4af6ff9297da32d4\",\"name\":\"Mzone\",\"image\":{\"@type\":\"ImageObject\",\"inLanguage\":\"en-US\",\"@id\":\"https:\\\/\\\/secure.gravatar.com\\\/avatar\\\/e780a8630f3182a3d06dd667ab6bea151a0d155b0951bc15fe22633acdac0676?s=96&d=mm&r=g\",\"url\":\"https:\\\/\\\/secure.gravatar.com\\\/avatar\\\/e780a8630f3182a3d06dd667ab6bea151a0d155b0951bc15fe22633acdac0676?s=96&d=mm&r=g\",\"contentUrl\":\"https:\\\/\\\/secure.gravatar.com\\\/avatar\\\/e780a8630f3182a3d06dd667ab6bea151a0d155b0951bc15fe22633acdac0676?s=96&d=mm&r=g\",\"caption\":\"Mzone\"},\"url\":\"https:\\\/\\\/www.mzone.cz\\\/en\\\/author\\\/jakub\\\/\"}]}<\/script>\n<!-- \/ Yoast SEO plugin. -->","yoast_head_json":{"title":"Livigno zahajuje letn\u00ed cyklistickou sez\u00f3nu festivalem Above The Bike Experience - Mzone","description":"Livigno, p\u0159ezd\u00edvan\u00e9 jako Mal\u00fd Tibet, op\u011bt potvrzuje sv\u016fj status cyklistick\u00e9 mekky Evropy. Ve spolupr\u00e1ci s organiz\u00e1tory Italian Bike Festivalu tam od 20. do 22. \u010dervna 2025 prob\u011bhne Above The Bike Experience \u2013 akce, kter\u00e1 propoj\u00ed v\u00e1\u0161e\u0148 pro cyklistiku, inovace a nezapomenuteln\u00e9 z\u00e1\u017eitky.","robots":{"index":"index","follow":"follow","max-snippet":"max-snippet:-1","max-image-preview":"max-image-preview:large","max-video-preview":"max-video-preview:-1"},"canonical":"https:\/\/www.mzone.cz\/en\/above-the-bike-experience-livigno-zahajuje-letni-cyklistickou-sezonu-festivalem\/","og_locale":"en_US","og_type":"article","og_title":"Livigno zahajuje letn\u00ed cyklistickou sez\u00f3nu festivalem Above The Bike Experience - Mzone","og_description":"Livigno, p\u0159ezd\u00edvan\u00e9 jako Mal\u00fd Tibet, op\u011bt potvrzuje sv\u016fj status cyklistick\u00e9 mekky Evropy. Ve spolupr\u00e1ci s organiz\u00e1tory Italian Bike Festivalu tam od 20. do 22. \u010dervna 2025 prob\u011bhne Above The Bike Experience \u2013 akce, kter\u00e1 propoj\u00ed v\u00e1\u0161e\u0148 pro cyklistiku, inovace a nezapomenuteln\u00e9 z\u00e1\u017eitky.","og_url":"https:\/\/www.mzone.cz\/en\/above-the-bike-experience-livigno-zahajuje-letni-cyklistickou-sezonu-festivalem\/","og_site_name":"Mzone","article_publisher":"https:\/\/www.facebook.com\/MzoneCZ\/","article_published_time":"2025-06-11T03:00:00+00:00","og_image":[{"width":1600,"height":1067,"url":"https:\/\/www.mzone.cz\/wp-content\/uploads\/2025\/06\/Above-The-Bike-Experience.jpeg","type":"image\/jpeg"}],"author":"Mzone","twitter_card":"summary_large_image","twitter_misc":{"Written by":"Mzone","Est. reading time":"2 minutes"},"schema":{"@context":"https:\/\/schema.org","@graph":[{"@type":"Article","@id":"https:\/\/www.mzone.cz\/above-the-bike-experience-livigno-zahajuje-letni-cyklistickou-sezonu-festivalem\/#article","isPartOf":{"@id":"https:\/\/www.mzone.cz\/above-the-bike-experience-livigno-zahajuje-letni-cyklistickou-sezonu-festivalem\/"},"author":{"name":"Mzone","@id":"https:\/\/www.mzone.cz\/#\/schema\/person\/9bc20cc422a99cac4af6ff9297da32d4"},"headline":"Livigno zahajuje letn\u00ed cyklistickou sez\u00f3nu festivalem Above The Bike Experience","datePublished":"2025-06-11T03:00:00+00:00","mainEntityOfPage":{"@id":"https:\/\/www.mzone.cz\/above-the-bike-experience-livigno-zahajuje-letni-cyklistickou-sezonu-festivalem\/"},"wordCount":294,"commentCount":0,"image":{"@id":"https:\/\/www.mzone.cz\/above-the-bike-experience-livigno-zahajuje-letni-cyklistickou-sezonu-festivalem\/#primaryimage"},"thumbnailUrl":"https:\/\/www.mzone.cz\/wp-content\/uploads\/2025\/06\/Above-The-Bike-Experience.jpeg","keywords":["Above The Bike Experience","Alpy","cyklistika","festival","It\u00e1lie","j\u00edzdn\u00ed kolo","kolo","Livigno","mountainbike","mountainbiking","MTB","Sport","zah\u00e1jen\u00ed sez\u00f3ny"],"articleSection":["Sport"],"inLanguage":"en-US","potentialAction":[{"@type":"CommentAction","name":"Comment","target":["https:\/\/www.mzone.cz\/above-the-bike-experience-livigno-zahajuje-letni-cyklistickou-sezonu-festivalem\/#respond"]}]},{"@type":"WebPage","@id":"https:\/\/www.mzone.cz\/above-the-bike-experience-livigno-zahajuje-letni-cyklistickou-sezonu-festivalem\/","url":"https:\/\/www.mzone.cz\/above-the-bike-experience-livigno-zahajuje-letni-cyklistickou-sezonu-festivalem\/","name":"Livigno zahajuje letn\u00ed cyklistickou sez\u00f3nu festivalem Above The Bike Experience - Mzone","isPartOf":{"@id":"https:\/\/www.mzone.cz\/#website"},"primaryImageOfPage":{"@id":"https:\/\/www.mzone.cz\/above-the-bike-experience-livigno-zahajuje-letni-cyklistickou-sezonu-festivalem\/#primaryimage"},"image":{"@id":"https:\/\/www.mzone.cz\/above-the-bike-experience-livigno-zahajuje-letni-cyklistickou-sezonu-festivalem\/#primaryimage"},"thumbnailUrl":"https:\/\/www.mzone.cz\/wp-content\/uploads\/2025\/06\/Above-The-Bike-Experience.jpeg","datePublished":"2025-06-11T03:00:00+00:00","author":{"@id":"https:\/\/www.mzone.cz\/#\/schema\/person\/9bc20cc422a99cac4af6ff9297da32d4"},"description":"Livigno, p\u0159ezd\u00edvan\u00e9 jako Mal\u00fd Tibet, op\u011bt potvrzuje sv\u016fj status cyklistick\u00e9 mekky Evropy. Ve spolupr\u00e1ci s organiz\u00e1tory Italian Bike Festivalu tam od 20. do 22. \u010dervna 2025 prob\u011bhne Above The Bike Experience \u2013 akce, kter\u00e1 propoj\u00ed v\u00e1\u0161e\u0148 pro cyklistiku, inovace a nezapomenuteln\u00e9 z\u00e1\u017eitky.","breadcrumb":{"@id":"https:\/\/www.mzone.cz\/above-the-bike-experience-livigno-zahajuje-letni-cyklistickou-sezonu-festivalem\/#breadcrumb"},"inLanguage":"en-US","potentialAction":[{"@type":"ReadAction","target":["https:\/\/www.mzone.cz\/above-the-bike-experience-livigno-zahajuje-letni-cyklistickou-sezonu-festivalem\/"]}]},{"@type":"ImageObject","inLanguage":"en-US","@id":"https:\/\/www.mzone.cz\/above-the-bike-experience-livigno-zahajuje-letni-cyklistickou-sezonu-festivalem\/#primaryimage","url":"https:\/\/www.mzone.cz\/wp-content\/uploads\/2025\/06\/Above-The-Bike-Experience.jpeg","contentUrl":"https:\/\/www.mzone.cz\/wp-content\/uploads\/2025\/06\/Above-The-Bike-Experience.jpeg","width":1600,"height":1067,"caption":"Above The Bike Experience"},{"@type":"BreadcrumbList","@id":"https:\/\/www.mzone.cz\/above-the-bike-experience-livigno-zahajuje-letni-cyklistickou-sezonu-festivalem\/#breadcrumb","itemListElement":[{"@type":"ListItem","position":1,"name":"Dom\u016f","item":"https:\/\/www.mzone.cz\/"},{"@type":"ListItem","position":2,"name":"Livigno zahajuje letn\u00ed cyklistickou sez\u00f3nu festivalem Above The Bike Experience"}]},{"@type":"WebSite","@id":"https:\/\/www.mzone.cz\/#website","url":"https:\/\/www.mzone.cz\/","name":"Mzone","description":"Magaz\u00edn nejen pro mu\u017ee","potentialAction":[{"@type":"SearchAction","target":{"@type":"EntryPoint","urlTemplate":"https:\/\/www.mzone.cz\/?s={search_term_string}"},"query-input":{"@type":"PropertyValueSpecification","valueRequired":true,"valueName":"search_term_string"}}],"inLanguage":"en-US"},{"@type":"Person","@id":"https:\/\/www.mzone.cz\/#\/schema\/person\/9bc20cc422a99cac4af6ff9297da32d4","name":"Mzone","image":{"@type":"ImageObject","inLanguage":"en-US","@id":"https:\/\/secure.gravatar.com\/avatar\/e780a8630f3182a3d06dd667ab6bea151a0d155b0951bc15fe22633acdac0676?s=96&d=mm&r=g","url":"https:\/\/secure.gravatar.com\/avatar\/e780a8630f3182a3d06dd667ab6bea151a0d155b0951bc15fe22633acdac0676?s=96&d=mm&r=g","contentUrl":"https:\/\/secure.gravatar.com\/avatar\/e780a8630f3182a3d06dd667ab6bea151a0d155b0951bc15fe22633acdac0676?s=96&d=mm&r=g","caption":"Mzone"},"url":"https:\/\/www.mzone.cz\/en\/author\/jakub\/"}]}},"_links":{"self":[{"href":"https:\/\/www.mzone.cz\/en\/wp-json\/wp\/v2\/posts\/45606","targetHints":{"allow":["GET"]}}],"collection":[{"href":"https:\/\/www.mzone.cz\/en\/wp-json\/wp\/v2\/posts"}],"about":[{"href":"https:\/\/www.mzone.cz\/en\/wp-json\/wp\/v2\/types\/post"}],"author":[{"embeddable":true,"href":"https:\/\/www.mzone.cz\/en\/wp-json\/wp\/v2\/users\/4"}],"replies":[{"embeddable":true,"href":"https:\/\/www.mzone.cz\/en\/wp-json\/wp\/v2\/comments?post=45606"}],"version-history":[{"count":10,"href":"https:\/\/www.mzone.cz\/en\/wp-json\/wp\/v2\/posts\/45606\/revisions"}],"predecessor-version":[{"id":45622,"href":"https:\/\/www.mzone.cz\/en\/wp-json\/wp\/v2\/posts\/45606\/revisions\/45622"}],"wp:featuredmedia":[{"embeddable":true,"href":"https:\/\/www.mzone.cz\/en\/wp-json\/wp\/v2\/media\/45608"}],"wp:attachment":[{"href":"https:\/\/www.mzone.cz\/en\/wp-json\/wp\/v2\/media?parent=45606"}],"wp:term":[{"taxonomy":"category","embeddable":true,"href":"https:\/\/www.mzone.cz\/en\/wp-json\/wp\/v2\/categories?post=45606"},{"taxonomy":"post_tag","embeddable":true,"href":"https:\/\/www.mzone.cz\/en\/wp-json\/wp\/v2\/tags?post=45606"}],"curies":[{"name":"wp","href":"https:\/\/api.w.org\/{rel}","templated":true}]}}