{"id":45680,"date":"2025-06-17T05:00:00","date_gmt":"2025-06-17T03:00:00","guid":{"rendered":"https:\/\/www.mzone.cz\/?p=45680"},"modified":"2025-06-16T19:58:49","modified_gmt":"2025-06-16T17:58:49","slug":"rock-for-people-v-peti-dnech-ucaroval-50-tisicum-navstevniku","status":"publish","type":"post","link":"https:\/\/www.mzone.cz\/en\/rock-for-people-v-peti-dnech-ucaroval-50-tisicum-navstevniku\/","title":{"rendered":"30. ro\u010dn\u00edk festivalu Rock for People v p\u011bti dnech u\u010daroval 50 tis\u00edc\u016fm n\u00e1v\u0161t\u011bvn\u00edk\u016f"},"content":{"rendered":"<p><strong>Festival Rock for People dopsal dal\u0161\u00ed rok sv\u00e9, letos ji\u017e t\u0159icetilet\u00e9, historie. V\u00fdjime\u010dn\u00fd byl hned v n\u011bkolika ohledech a\u0165 u\u017e svou d\u00e9lkou \u010di rekordn\u00ed n\u00e1v\u0161t\u011bvnost\u00ed i rozpo\u010dtem. P\u011btidenn\u00ed program p\u0159inesl p\u0159es 200 koncert\u016f na 10 stage\u00edch a sledovalo ho p\u0159es 50 tis\u00edc n\u00e1v\u0161t\u011bvn\u00edk\u016f.<\/strong><\/p><br>\n\n\n\n<p>Cel\u00e9mu festivalu kralovalo sobotn\u00ed vystoupen\u00ed americk\u00fdch Linkin Park, kte\u0159\u00ed s novou zp\u011bva\u010dkou Emily Armstrong potvrdili, \u017ee se jedn\u00e1 o p\u0159elomovou kapelu formuj\u00edc\u00ed ji\u017e n\u011bkolik generac\u00ed. Publikem cloumaly siln\u00e9 emoce spojen\u00e9 s poveden\u00fdm comebackem kapely a nechyb\u011bly ani slzy. Prvn\u00edmu dni v\u00e9vodili rockov\u00e9 legendy Avenged Sevenfold, kte\u0159\u00ed uk\u00e1zali sv\u011btovou formu. Druh\u00fd den vyvrcholil neuv\u011b\u0159iteln\u011b energickou show metalov\u00fdch kr\u00e1l\u016f Slipknot, kter\u00e9 j\u00e1saj\u00edc\u00ed dav p\u0159ijal s obrovsk\u00fdm nad\u0161en\u00edm. V p\u00e1tek se o zlat\u00fd h\u0159eb ve\u010dera postarali pr\u016fkopn\u00edci punku Sex Pistols s nov\u00fdm zp\u011bv\u00e1kem Frankem Carterem, kter\u00fd se velmi rychle stal mil\u00e1\u010dkem publika. Festival p\u00e1t\u00fd den uzav\u0159ela v\u00fdpravn\u00e1 show Guns N&#8217; Roses v r\u00e1mci p\u0159idan\u00e9ho Narozeninov\u00e9ho dne k jubilejn\u00edm 30. narozenin\u00e1m festivalu.<\/p>\n\n\n\n<blockquote class=\"wp-block-quote is-layout-flow wp-block-quote-is-layout-flow\">\n<p>\u201cM\u00eds\u00ed se ve mn\u011b spousta emoc\u00ed, ale r\u00e1d bych vyp\u00edchnul vd\u011b\u010dnost, kterou pr\u00e1v\u011b c\u00edt\u00edm. 30. ro\u010dn\u00edk festivalu jsme p\u0159ipravovali s obrovsk\u00fdm nasazen\u00edm cel\u00e9ho t\u00fdmu, ale tak\u00e9 s velkou pokorou, aby v\u0161e klaplo p\u0159esn\u011b podle na\u0161ich p\u0159edstav,\u201d \u0159\u00edk\u00e1 zakladatel festivalu Michal Thomes, a dod\u00e1v\u00e1: J\u00e1 jsem si to stra\u0161n\u011b u\u017eil, op\u011bt se potvrdilo, \u017ee m\u00e1me to nejlep\u0161\u00ed publikum, kter\u00e9 m\u00e1 skv\u011bl\u00fd hudebn\u00ed vkus a um\u00ed si koncerty u\u017e\u00edt naplno. Festival p\u0159ekonal v\u0161echna m\u00e1 o\u010dek\u00e1v\u00e1n\u00ed a u\u017e te\u010f se t\u011b\u0161\u00edm, jak vkro\u010d\u00edme do nov\u00e9 dek\u00e1dy.\u201d\u00a0<\/p>\n<\/blockquote>\n\n\n\n<p>O ne\u010dekan\u00fd moment na festivalu se postara frontmanka Linkin Park, kter\u00e1 p\u0159\u00edmo na p\u00f3diu oholila hlavu jednoho z fanou\u0161k\u016f, kter\u00fd si o to s\u00e1m \u0159ekl na velk\u00e9m pap\u00edrov\u00e9m transparentu. Na Rock for People nechyb\u011blo precizn\u00ed vystoupen\u00ed skotsk\u00fdch Biffy Clyro, irsk\u00fdch rocker\u016f Fontaines D.C. nebo americk\u00fdch Skillet. O \u017e\u00e1nrov\u00e9 \u00fakroky se letos postaral nap\u0159\u00edklad elektro a drum &amp; bassov\u00fd hudebn\u00edk Venjent nebo vystoupen\u00ed Ewy Farn\u00e9, kter\u00e1 na hlavn\u00ed stagei p\u0159edvedla skv\u011blou show sv\u011btov\u00fdch rozm\u011br\u016f plnou tane\u010dn\u00edk\u016f.<\/p><br>\n\n\n\n<figure class=\"wp-block-image size-large\"><img loading=\"lazy\" decoding=\"async\" width=\"1024\" height=\"682\" src=\"https:\/\/www.mzone.cz\/wp-content\/uploads\/2025\/06\/RfP2025_VojtechMervart-1024x682.jpg\" alt=\"Rock for People 2025\" class=\"wp-image-45686\" srcset=\"https:\/\/www.mzone.cz\/wp-content\/uploads\/2025\/06\/RfP2025_VojtechMervart-1024x682.jpg 1024w, https:\/\/www.mzone.cz\/wp-content\/uploads\/2025\/06\/RfP2025_VojtechMervart-300x200.jpg 300w, https:\/\/www.mzone.cz\/wp-content\/uploads\/2025\/06\/RfP2025_VojtechMervart-768x512.jpg 768w, https:\/\/www.mzone.cz\/wp-content\/uploads\/2025\/06\/RfP2025_VojtechMervart-1536x1024.jpg 1536w, https:\/\/www.mzone.cz\/wp-content\/uploads\/2025\/06\/RfP2025_VojtechMervart-18x12.jpg 18w, https:\/\/www.mzone.cz\/wp-content\/uploads\/2025\/06\/RfP2025_VojtechMervart-800x533.jpg 800w, https:\/\/www.mzone.cz\/wp-content\/uploads\/2025\/06\/RfP2025_VojtechMervart-400x267.jpg 400w, https:\/\/www.mzone.cz\/wp-content\/uploads\/2025\/06\/RfP2025_VojtechMervart-500x333.jpg 500w, https:\/\/www.mzone.cz\/wp-content\/uploads\/2025\/06\/RfP2025_VojtechMervart-1170x780.jpg 1170w, https:\/\/www.mzone.cz\/wp-content\/uploads\/2025\/06\/RfP2025_VojtechMervart-590x393.jpg 590w, https:\/\/www.mzone.cz\/wp-content\/uploads\/2025\/06\/RfP2025_VojtechMervart.jpg 2000w\" sizes=\"auto, (max-width: 1024px) 100vw, 1024px\" \/><\/figure><br>\n\n\n\n<p>Obrovsk\u00fd z\u00e1jem v publiku byl tak\u00e9 o nehudebn\u00ed program na \u010cT art a Conference stage, kde \u0161apit\u00f3 stany praskaly ve \u0161vech. Daniel Stach si podmanil publikum v interaktivn\u00edm Hyde Parku Civilizace, kter\u00fd propojil v\u011bdu a muziku, a dokonce si s div\u00e1ky i zazp\u00edval.<\/p><br>\n\n\n\n<p>Po\u0159adatel\u00e9 si v\u017edy p\u0159iprav\u00ed pro n\u00e1v\u0161t\u011bvn\u00edky tak\u00e9 r\u016fzn\u00e1 p\u0159ekvapen\u00ed, o secret shows se letos postaral kanadsko-americk\u00fd zp\u011bv\u00e1k Grandson, brit\u0161t\u00ed The Hara nebo \u010desk\u00fd rapper Rohony. Festival byl pln\u00fd emoc\u00ed a jedine\u010dn\u00fdch z\u00e1\u017eitk\u016f, mezi kter\u00e9 se \u0159ad\u00ed nap\u0159\u00edklad vystoupen\u00ed Marie Rottrov\u00e9. To sledovalo v \u00fapln\u011b pln\u00e9m stanu p\u0159ibli\u017en\u011b 15 tis\u00edc lid\u00ed v\u010detn\u011b dvou set senior\u016f, kter\u00e9 na festival ka\u017ed\u00fdm rokem po\u0159adatel\u00e9 z Hradce Kr\u00e1lov\u00e9 p\u0159iv\u00e1\u017e\u00ed speci\u00e1ln\u00edmi autobusy, aby si festival tak\u00e9 mohli u\u017e\u00edt.<\/p>\n\n\n\n<blockquote class=\"wp-block-quote is-layout-flow wp-block-quote-is-layout-flow\">\n<p>Nad\u00a0hlavami fanou\u0161ci nosili nap\u0159\u00edklad um\u011blce Franti\u0161ka Sk\u00e1lu, kter\u00fd na festival p\u0159ivezl dechovku. B\u011bhem prvn\u00edch minut vystoupen\u00ed kapely Leoniden prob\u011bhla za obrovsk\u00e9ho j\u00e1sotu publika \u017e\u00e1dost o ruku. Nad hlavami n\u00e1v\u0161t\u011bvn\u00edk\u016f v are\u00e1lu se op\u011bt prol\u00edtli i \u010dty\u0159i akrobatick\u00e9 letouny Flying Bulls Aerobatics Team, kte\u0159\u00ed p\u0159edvedli dechberouc\u00ed leteckou show.\u00a0<\/p>\n<\/blockquote>\n\n\n\n<p>Are\u00e1l festivalu Park 360 se rozrostl a p\u0159izp\u016fsobil, aby mohl pojmout na 50 tis\u00edc n\u00e1v\u0161t\u011bvn\u00edk\u016f. Po\u0159adatel\u00e9 ho vy\u0161perkovali do \u00fapln\u00fdch detail\u016f \u2013\u2060\u2060\u2060\u2060\u2060\u2060 p\u0159ibyly nov\u00e9 um\u011bleck\u00e9 instalace, t\u00e9maticky vyzdoben\u00e9 stany a \u010di barevn\u00e1 sv\u011btla.<\/p><br>\n\n\n\n<figure class=\"wp-block-image size-large\"><img loading=\"lazy\" decoding=\"async\" width=\"1024\" height=\"660\" src=\"https:\/\/www.mzone.cz\/wp-content\/uploads\/2025\/06\/RfP25-0293_Awolnation_www.klapper.cz_-1024x660.jpg\" alt=\"Rock for People 2025\" class=\"wp-image-45690\" srcset=\"https:\/\/www.mzone.cz\/wp-content\/uploads\/2025\/06\/RfP25-0293_Awolnation_www.klapper.cz_-1024x660.jpg 1024w, https:\/\/www.mzone.cz\/wp-content\/uploads\/2025\/06\/RfP25-0293_Awolnation_www.klapper.cz_-300x194.jpg 300w, https:\/\/www.mzone.cz\/wp-content\/uploads\/2025\/06\/RfP25-0293_Awolnation_www.klapper.cz_-768x495.jpg 768w, https:\/\/www.mzone.cz\/wp-content\/uploads\/2025\/06\/RfP25-0293_Awolnation_www.klapper.cz_-1536x991.jpg 1536w, https:\/\/www.mzone.cz\/wp-content\/uploads\/2025\/06\/RfP25-0293_Awolnation_www.klapper.cz_-18x12.jpg 18w, https:\/\/www.mzone.cz\/wp-content\/uploads\/2025\/06\/RfP25-0293_Awolnation_www.klapper.cz_-590x381.jpg 590w, https:\/\/www.mzone.cz\/wp-content\/uploads\/2025\/06\/RfP25-0293_Awolnation_www.klapper.cz_.jpg 2000w\" sizes=\"auto, (max-width: 1024px) 100vw, 1024px\" \/><\/figure><br>\n\n\n\n<p>Rozpo\u010det <a href=\"https:\/\/www.rockforpeople.cz\/\" target=\"_blank\">festivalu<\/a> byl oproti lo\u0148sk\u00e9mu roku nav\u00fd\u0161en o t\u0159etinu a \u010dinil 300 milion\u016f. N\u00e1v\u0161t\u011bvn\u00edci velmi ocenili novinku v are\u00e1lu v podob\u011b Tesco prodejny v jednom z hang\u00e1r\u016f, kde si mohli nakoupit \u010derstv\u00e9 pe\u010divo, ovoce, zeleninu a dal\u0161\u00ed fresh produkty. Slu\u017ebou, kter\u00e1 tak\u00e9 uleh\u010d\u00ed \u017eivot na festivalu byl obchod s campingov\u00fdm vybaven\u00edm, kam si mohli n\u00e1v\u0161t\u011bvn\u00edci je\u0161t\u011b p\u0159ed akc\u00ed nechat doru\u010dit objednan\u00e9 v\u011bci.<\/p><br>\n\n\n\n<div class=\"wp-block-media-text is-stacked-on-mobile is-vertically-aligned-top\" style=\"grid-template-columns:34% auto\"><figure class=\"wp-block-media-text__media\"><a href=\"https:\/\/www.mzone.cz\/guns-n-roses-vystoupi-v-hradci-kralove-na-specialnim-narozeninovem-dnu-ke-30-vyroci-festivalu-rock-for-people\/\"><img loading=\"lazy\" decoding=\"async\" width=\"1024\" height=\"683\" src=\"https:\/\/www.mzone.cz\/wp-content\/uploads\/2024\/12\/Guns-N-Roses-1024x683.jpg\" alt=\"Guns N\u2019 Roses\" class=\"wp-image-44595 size-full\" srcset=\"https:\/\/www.mzone.cz\/wp-content\/uploads\/2024\/12\/Guns-N-Roses-1024x683.jpg 1024w, https:\/\/www.mzone.cz\/wp-content\/uploads\/2024\/12\/Guns-N-Roses-300x200.jpg 300w, https:\/\/www.mzone.cz\/wp-content\/uploads\/2024\/12\/Guns-N-Roses-768x512.jpg 768w, https:\/\/www.mzone.cz\/wp-content\/uploads\/2024\/12\/Guns-N-Roses-1536x1024.jpg 1536w, https:\/\/www.mzone.cz\/wp-content\/uploads\/2024\/12\/Guns-N-Roses-2048x1365.jpg 2048w, https:\/\/www.mzone.cz\/wp-content\/uploads\/2024\/12\/Guns-N-Roses-18x12.jpg 18w, https:\/\/www.mzone.cz\/wp-content\/uploads\/2024\/12\/Guns-N-Roses-800x533.jpg 800w, https:\/\/www.mzone.cz\/wp-content\/uploads\/2024\/12\/Guns-N-Roses-400x267.jpg 400w, https:\/\/www.mzone.cz\/wp-content\/uploads\/2024\/12\/Guns-N-Roses-500x333.jpg 500w, https:\/\/www.mzone.cz\/wp-content\/uploads\/2024\/12\/Guns-N-Roses-1170x780.jpg 1170w, https:\/\/www.mzone.cz\/wp-content\/uploads\/2024\/12\/Guns-N-Roses-590x393.jpg 590w\" sizes=\"auto, (max-width: 1024px) 100vw, 1024px\" \/><\/a><\/figure><div class=\"wp-block-media-text__content\">\n<h4 class=\"wp-block-heading\"><a href=\"https:\/\/www.mzone.cz\/guns-n-roses-vystoupi-v-hradci-kralove-na-specialnim-narozeninovem-dnu-ke-30-vyroci-festivalu-rock-for-people\/\">Guns N\u2019 Roses vystoup\u00ed v Hradci Kr\u00e1lov\u00e9 na speci\u00e1ln\u00edm narozeninov\u00e9m dnu ke 30. v\u00fdro\u010d\u00ed festivalu Rock for People<\/a><\/h4><br>\n<\/div><\/div>\n\n\n\n<p><\/p>","protected":false},"excerpt":{"rendered":"<p>Festival Rock for People dopsal dal\u0161\u00ed rok sv\u00e9, letos ji\u017e t\u0159icetilet\u00e9, historie. V\u00fdjime\u010dn\u00fd byl hned v n\u011bkolika ohledech a\u0165 u\u017e svou d\u00e9lkou \u010di rekordn\u00ed n\u00e1v\u0161t\u011bvnost\u00ed i rozpo\u010dtem. P\u011btidenn\u00ed program p\u0159inesl p\u0159es 200 koncert\u016f na 10 stage\u00edch a sledovalo ho p\u0159es 50 tis\u00edc n\u00e1v\u0161t\u011bvn\u00edk\u016f. Cel\u00e9mu festivalu kralovalo sobotn\u00ed vystoupen\u00ed americk\u00fdch Linkin Park, kte\u0159\u00ed s novou zp\u011bva\u010dkou [&hellip;]<\/p>\n","protected":false},"author":4,"featured_media":45684,"comment_status":"open","ping_status":"closed","sticky":false,"template":"","format":"standard","meta":{"kk_blocks_editor_width":"","_kiokenblocks_attr":"","_kiokenblocks_dimensions":"","footnotes":""},"categories":[76,71],"tags":[6377,153,2008,1147,31,1580,2055,1825,2871,920],"class_list":["post-45680","post","type-post","status-publish","format-standard","has-post-thumbnail","hentry","category-hudba","category-kultura","tag-6377","tag-festival","tag-hradec-kralove","tag-hudba","tag-kultura","tag-muzika","tag-rock","tag-rock-for-people","tag-rockova-hudba","tag-vyroci"],"yoast_head":"<!-- This site is optimized with the Yoast SEO plugin v27.5 - https:\/\/yoast.com\/product\/yoast-seo-wordpress\/ -->\n<title>30. ro\u010dn\u00edk festivalu Rock for People v p\u011bti dnech u\u010daroval 50 tis\u00edc\u016fm n\u00e1v\u0161t\u011bvn\u00edk\u016f - Mzone<\/title>\n<meta name=\"description\" content=\"Festival Rock for People dopsal dal\u0161\u00ed rok sv\u00e9, letos ji\u017e t\u0159icetilet\u00e9, historie. V\u00fdjime\u010dn\u00fd byl hned v n\u011bkolika ohledech a\u0165 u\u017e svou d\u00e9lkou \u010di rekordn\u00ed n\u00e1v\u0161t\u011bvnost\u00ed i rozpo\u010dtem. P\u011btidenn\u00ed program p\u0159inesl p\u0159es 200 koncert\u016f na 10 stage\u00edch a sledovalo ho p\u0159es 50 tis\u00edc n\u00e1v\u0161t\u011bvn\u00edk\u016f.\" \/>\n<meta name=\"robots\" content=\"index, follow, max-snippet:-1, max-image-preview:large, max-video-preview:-1\" \/>\n<link rel=\"canonical\" href=\"https:\/\/www.mzone.cz\/en\/rock-for-people-v-peti-dnech-ucaroval-50-tisicum-navstevniku\/\" \/>\n<meta property=\"og:locale\" content=\"en_US\" \/>\n<meta property=\"og:type\" content=\"article\" \/>\n<meta property=\"og:title\" content=\"30. ro\u010dn\u00edk festivalu Rock for People v p\u011bti dnech u\u010daroval 50 tis\u00edc\u016fm n\u00e1v\u0161t\u011bvn\u00edk\u016f - Mzone\" \/>\n<meta property=\"og:description\" content=\"Festival Rock for People dopsal dal\u0161\u00ed rok sv\u00e9, letos ji\u017e t\u0159icetilet\u00e9, historie. V\u00fdjime\u010dn\u00fd byl hned v n\u011bkolika ohledech a\u0165 u\u017e svou d\u00e9lkou \u010di rekordn\u00ed n\u00e1v\u0161t\u011bvnost\u00ed i rozpo\u010dtem. P\u011btidenn\u00ed program p\u0159inesl p\u0159es 200 koncert\u016f na 10 stage\u00edch a sledovalo ho p\u0159es 50 tis\u00edc n\u00e1v\u0161t\u011bvn\u00edk\u016f.\" \/>\n<meta property=\"og:url\" content=\"https:\/\/www.mzone.cz\/en\/rock-for-people-v-peti-dnech-ucaroval-50-tisicum-navstevniku\/\" \/>\n<meta property=\"og:site_name\" content=\"Mzone\" \/>\n<meta property=\"article:publisher\" content=\"https:\/\/www.facebook.com\/MzoneCZ\/\" \/>\n<meta property=\"article:published_time\" content=\"2025-06-17T03:00:00+00:00\" \/>\n<meta property=\"og:image\" content=\"https:\/\/www.mzone.cz\/wp-content\/uploads\/2025\/06\/Rock-for-People-2025-scaled.jpg\" \/>\n\t<meta property=\"og:image:width\" content=\"2560\" \/>\n\t<meta property=\"og:image:height\" content=\"1707\" \/>\n\t<meta property=\"og:image:type\" content=\"image\/jpeg\" \/>\n<meta name=\"author\" content=\"Mzone\" \/>\n<meta name=\"twitter:card\" content=\"summary_large_image\" \/>\n<meta name=\"twitter:label1\" content=\"Written by\" \/>\n\t<meta name=\"twitter:data1\" content=\"Mzone\" \/>\n\t<meta name=\"twitter:label2\" content=\"Est. reading time\" \/>\n\t<meta name=\"twitter:data2\" content=\"4 minutes\" \/>\n<script type=\"application\/ld+json\" class=\"yoast-schema-graph\">{\"@context\":\"https:\\\/\\\/schema.org\",\"@graph\":[{\"@type\":\"Article\",\"@id\":\"https:\\\/\\\/www.mzone.cz\\\/rock-for-people-v-peti-dnech-ucaroval-50-tisicum-navstevniku\\\/#article\",\"isPartOf\":{\"@id\":\"https:\\\/\\\/www.mzone.cz\\\/rock-for-people-v-peti-dnech-ucaroval-50-tisicum-navstevniku\\\/\"},\"author\":{\"name\":\"Mzone\",\"@id\":\"https:\\\/\\\/www.mzone.cz\\\/#\\\/schema\\\/person\\\/9bc20cc422a99cac4af6ff9297da32d4\"},\"headline\":\"30. ro\u010dn\u00edk festivalu Rock for People v p\u011bti dnech u\u010daroval 50 tis\u00edc\u016fm n\u00e1v\u0161t\u011bvn\u00edk\u016f\",\"datePublished\":\"2025-06-17T03:00:00+00:00\",\"mainEntityOfPage\":{\"@id\":\"https:\\\/\\\/www.mzone.cz\\\/rock-for-people-v-peti-dnech-ucaroval-50-tisicum-navstevniku\\\/\"},\"wordCount\":806,\"commentCount\":0,\"image\":{\"@id\":\"https:\\\/\\\/www.mzone.cz\\\/rock-for-people-v-peti-dnech-ucaroval-50-tisicum-navstevniku\\\/#primaryimage\"},\"thumbnailUrl\":\"https:\\\/\\\/www.mzone.cz\\\/wp-content\\\/uploads\\\/2025\\\/06\\\/Rock-for-People-2025-scaled.jpg\",\"keywords\":[\"2025\",\"festival\",\"Hradec Kr\u00e1lov\u00e9\",\"hudba\",\"Kultura\",\"muzika\",\"rock\",\"Rock for People\",\"rockov\u00e1 hudba\",\"v\u00fdro\u010d\u00ed\"],\"articleSection\":[\"Hudba\",\"Kultura\"],\"inLanguage\":\"en-US\",\"potentialAction\":[{\"@type\":\"CommentAction\",\"name\":\"Comment\",\"target\":[\"https:\\\/\\\/www.mzone.cz\\\/rock-for-people-v-peti-dnech-ucaroval-50-tisicum-navstevniku\\\/#respond\"]}]},{\"@type\":\"WebPage\",\"@id\":\"https:\\\/\\\/www.mzone.cz\\\/rock-for-people-v-peti-dnech-ucaroval-50-tisicum-navstevniku\\\/\",\"url\":\"https:\\\/\\\/www.mzone.cz\\\/rock-for-people-v-peti-dnech-ucaroval-50-tisicum-navstevniku\\\/\",\"name\":\"30. ro\u010dn\u00edk festivalu Rock for People v p\u011bti dnech u\u010daroval 50 tis\u00edc\u016fm n\u00e1v\u0161t\u011bvn\u00edk\u016f - Mzone\",\"isPartOf\":{\"@id\":\"https:\\\/\\\/www.mzone.cz\\\/#website\"},\"primaryImageOfPage\":{\"@id\":\"https:\\\/\\\/www.mzone.cz\\\/rock-for-people-v-peti-dnech-ucaroval-50-tisicum-navstevniku\\\/#primaryimage\"},\"image\":{\"@id\":\"https:\\\/\\\/www.mzone.cz\\\/rock-for-people-v-peti-dnech-ucaroval-50-tisicum-navstevniku\\\/#primaryimage\"},\"thumbnailUrl\":\"https:\\\/\\\/www.mzone.cz\\\/wp-content\\\/uploads\\\/2025\\\/06\\\/Rock-for-People-2025-scaled.jpg\",\"datePublished\":\"2025-06-17T03:00:00+00:00\",\"author\":{\"@id\":\"https:\\\/\\\/www.mzone.cz\\\/#\\\/schema\\\/person\\\/9bc20cc422a99cac4af6ff9297da32d4\"},\"description\":\"Festival Rock for People dopsal dal\u0161\u00ed rok sv\u00e9, letos ji\u017e t\u0159icetilet\u00e9, historie. V\u00fdjime\u010dn\u00fd byl hned v n\u011bkolika ohledech a\u0165 u\u017e svou d\u00e9lkou \u010di rekordn\u00ed n\u00e1v\u0161t\u011bvnost\u00ed i rozpo\u010dtem. P\u011btidenn\u00ed program p\u0159inesl p\u0159es 200 koncert\u016f na 10 stage\u00edch a sledovalo ho p\u0159es 50 tis\u00edc n\u00e1v\u0161t\u011bvn\u00edk\u016f.\",\"breadcrumb\":{\"@id\":\"https:\\\/\\\/www.mzone.cz\\\/rock-for-people-v-peti-dnech-ucaroval-50-tisicum-navstevniku\\\/#breadcrumb\"},\"inLanguage\":\"en-US\",\"potentialAction\":[{\"@type\":\"ReadAction\",\"target\":[\"https:\\\/\\\/www.mzone.cz\\\/rock-for-people-v-peti-dnech-ucaroval-50-tisicum-navstevniku\\\/\"]}]},{\"@type\":\"ImageObject\",\"inLanguage\":\"en-US\",\"@id\":\"https:\\\/\\\/www.mzone.cz\\\/rock-for-people-v-peti-dnech-ucaroval-50-tisicum-navstevniku\\\/#primaryimage\",\"url\":\"https:\\\/\\\/www.mzone.cz\\\/wp-content\\\/uploads\\\/2025\\\/06\\\/Rock-for-People-2025-scaled.jpg\",\"contentUrl\":\"https:\\\/\\\/www.mzone.cz\\\/wp-content\\\/uploads\\\/2025\\\/06\\\/Rock-for-People-2025-scaled.jpg\",\"width\":2560,\"height\":1707,\"caption\":\"Rock for People 2025\"},{\"@type\":\"BreadcrumbList\",\"@id\":\"https:\\\/\\\/www.mzone.cz\\\/rock-for-people-v-peti-dnech-ucaroval-50-tisicum-navstevniku\\\/#breadcrumb\",\"itemListElement\":[{\"@type\":\"ListItem\",\"position\":1,\"name\":\"Dom\u016f\",\"item\":\"https:\\\/\\\/www.mzone.cz\\\/\"},{\"@type\":\"ListItem\",\"position\":2,\"name\":\"30. ro\u010dn\u00edk festivalu Rock for People v p\u011bti dnech u\u010daroval 50 tis\u00edc\u016fm n\u00e1v\u0161t\u011bvn\u00edk\u016f\"}]},{\"@type\":\"WebSite\",\"@id\":\"https:\\\/\\\/www.mzone.cz\\\/#website\",\"url\":\"https:\\\/\\\/www.mzone.cz\\\/\",\"name\":\"Mzone\",\"description\":\"Magaz\u00edn nejen pro mu\u017ee\",\"potentialAction\":[{\"@type\":\"SearchAction\",\"target\":{\"@type\":\"EntryPoint\",\"urlTemplate\":\"https:\\\/\\\/www.mzone.cz\\\/?s={search_term_string}\"},\"query-input\":{\"@type\":\"PropertyValueSpecification\",\"valueRequired\":true,\"valueName\":\"search_term_string\"}}],\"inLanguage\":\"en-US\"},{\"@type\":\"Person\",\"@id\":\"https:\\\/\\\/www.mzone.cz\\\/#\\\/schema\\\/person\\\/9bc20cc422a99cac4af6ff9297da32d4\",\"name\":\"Mzone\",\"image\":{\"@type\":\"ImageObject\",\"inLanguage\":\"en-US\",\"@id\":\"https:\\\/\\\/secure.gravatar.com\\\/avatar\\\/e780a8630f3182a3d06dd667ab6bea151a0d155b0951bc15fe22633acdac0676?s=96&d=mm&r=g\",\"url\":\"https:\\\/\\\/secure.gravatar.com\\\/avatar\\\/e780a8630f3182a3d06dd667ab6bea151a0d155b0951bc15fe22633acdac0676?s=96&d=mm&r=g\",\"contentUrl\":\"https:\\\/\\\/secure.gravatar.com\\\/avatar\\\/e780a8630f3182a3d06dd667ab6bea151a0d155b0951bc15fe22633acdac0676?s=96&d=mm&r=g\",\"caption\":\"Mzone\"},\"url\":\"https:\\\/\\\/www.mzone.cz\\\/en\\\/author\\\/jakub\\\/\"}]}<\/script>\n<!-- \/ Yoast SEO plugin. -->","yoast_head_json":{"title":"30. ro\u010dn\u00edk festivalu Rock for People v p\u011bti dnech u\u010daroval 50 tis\u00edc\u016fm n\u00e1v\u0161t\u011bvn\u00edk\u016f - Mzone","description":"Festival Rock for People dopsal dal\u0161\u00ed rok sv\u00e9, letos ji\u017e t\u0159icetilet\u00e9, historie. V\u00fdjime\u010dn\u00fd byl hned v n\u011bkolika ohledech a\u0165 u\u017e svou d\u00e9lkou \u010di rekordn\u00ed n\u00e1v\u0161t\u011bvnost\u00ed i rozpo\u010dtem. P\u011btidenn\u00ed program p\u0159inesl p\u0159es 200 koncert\u016f na 10 stage\u00edch a sledovalo ho p\u0159es 50 tis\u00edc n\u00e1v\u0161t\u011bvn\u00edk\u016f.","robots":{"index":"index","follow":"follow","max-snippet":"max-snippet:-1","max-image-preview":"max-image-preview:large","max-video-preview":"max-video-preview:-1"},"canonical":"https:\/\/www.mzone.cz\/en\/rock-for-people-v-peti-dnech-ucaroval-50-tisicum-navstevniku\/","og_locale":"en_US","og_type":"article","og_title":"30. ro\u010dn\u00edk festivalu Rock for People v p\u011bti dnech u\u010daroval 50 tis\u00edc\u016fm n\u00e1v\u0161t\u011bvn\u00edk\u016f - Mzone","og_description":"Festival Rock for People dopsal dal\u0161\u00ed rok sv\u00e9, letos ji\u017e t\u0159icetilet\u00e9, historie. V\u00fdjime\u010dn\u00fd byl hned v n\u011bkolika ohledech a\u0165 u\u017e svou d\u00e9lkou \u010di rekordn\u00ed n\u00e1v\u0161t\u011bvnost\u00ed i rozpo\u010dtem. P\u011btidenn\u00ed program p\u0159inesl p\u0159es 200 koncert\u016f na 10 stage\u00edch a sledovalo ho p\u0159es 50 tis\u00edc n\u00e1v\u0161t\u011bvn\u00edk\u016f.","og_url":"https:\/\/www.mzone.cz\/en\/rock-for-people-v-peti-dnech-ucaroval-50-tisicum-navstevniku\/","og_site_name":"Mzone","article_publisher":"https:\/\/www.facebook.com\/MzoneCZ\/","article_published_time":"2025-06-17T03:00:00+00:00","og_image":[{"width":2560,"height":1707,"url":"https:\/\/www.mzone.cz\/wp-content\/uploads\/2025\/06\/Rock-for-People-2025-scaled.jpg","type":"image\/jpeg"}],"author":"Mzone","twitter_card":"summary_large_image","twitter_misc":{"Written by":"Mzone","Est. reading time":"4 minutes"},"schema":{"@context":"https:\/\/schema.org","@graph":[{"@type":"Article","@id":"https:\/\/www.mzone.cz\/rock-for-people-v-peti-dnech-ucaroval-50-tisicum-navstevniku\/#article","isPartOf":{"@id":"https:\/\/www.mzone.cz\/rock-for-people-v-peti-dnech-ucaroval-50-tisicum-navstevniku\/"},"author":{"name":"Mzone","@id":"https:\/\/www.mzone.cz\/#\/schema\/person\/9bc20cc422a99cac4af6ff9297da32d4"},"headline":"30. ro\u010dn\u00edk festivalu Rock for People v p\u011bti dnech u\u010daroval 50 tis\u00edc\u016fm n\u00e1v\u0161t\u011bvn\u00edk\u016f","datePublished":"2025-06-17T03:00:00+00:00","mainEntityOfPage":{"@id":"https:\/\/www.mzone.cz\/rock-for-people-v-peti-dnech-ucaroval-50-tisicum-navstevniku\/"},"wordCount":806,"commentCount":0,"image":{"@id":"https:\/\/www.mzone.cz\/rock-for-people-v-peti-dnech-ucaroval-50-tisicum-navstevniku\/#primaryimage"},"thumbnailUrl":"https:\/\/www.mzone.cz\/wp-content\/uploads\/2025\/06\/Rock-for-People-2025-scaled.jpg","keywords":["2025","festival","Hradec Kr\u00e1lov\u00e9","hudba","Kultura","muzika","rock","Rock for People","rockov\u00e1 hudba","v\u00fdro\u010d\u00ed"],"articleSection":["Hudba","Kultura"],"inLanguage":"en-US","potentialAction":[{"@type":"CommentAction","name":"Comment","target":["https:\/\/www.mzone.cz\/rock-for-people-v-peti-dnech-ucaroval-50-tisicum-navstevniku\/#respond"]}]},{"@type":"WebPage","@id":"https:\/\/www.mzone.cz\/rock-for-people-v-peti-dnech-ucaroval-50-tisicum-navstevniku\/","url":"https:\/\/www.mzone.cz\/rock-for-people-v-peti-dnech-ucaroval-50-tisicum-navstevniku\/","name":"30. ro\u010dn\u00edk festivalu Rock for People v p\u011bti dnech u\u010daroval 50 tis\u00edc\u016fm n\u00e1v\u0161t\u011bvn\u00edk\u016f - Mzone","isPartOf":{"@id":"https:\/\/www.mzone.cz\/#website"},"primaryImageOfPage":{"@id":"https:\/\/www.mzone.cz\/rock-for-people-v-peti-dnech-ucaroval-50-tisicum-navstevniku\/#primaryimage"},"image":{"@id":"https:\/\/www.mzone.cz\/rock-for-people-v-peti-dnech-ucaroval-50-tisicum-navstevniku\/#primaryimage"},"thumbnailUrl":"https:\/\/www.mzone.cz\/wp-content\/uploads\/2025\/06\/Rock-for-People-2025-scaled.jpg","datePublished":"2025-06-17T03:00:00+00:00","author":{"@id":"https:\/\/www.mzone.cz\/#\/schema\/person\/9bc20cc422a99cac4af6ff9297da32d4"},"description":"Festival Rock for People dopsal dal\u0161\u00ed rok sv\u00e9, letos ji\u017e t\u0159icetilet\u00e9, historie. V\u00fdjime\u010dn\u00fd byl hned v n\u011bkolika ohledech a\u0165 u\u017e svou d\u00e9lkou \u010di rekordn\u00ed n\u00e1v\u0161t\u011bvnost\u00ed i rozpo\u010dtem. P\u011btidenn\u00ed program p\u0159inesl p\u0159es 200 koncert\u016f na 10 stage\u00edch a sledovalo ho p\u0159es 50 tis\u00edc n\u00e1v\u0161t\u011bvn\u00edk\u016f.","breadcrumb":{"@id":"https:\/\/www.mzone.cz\/rock-for-people-v-peti-dnech-ucaroval-50-tisicum-navstevniku\/#breadcrumb"},"inLanguage":"en-US","potentialAction":[{"@type":"ReadAction","target":["https:\/\/www.mzone.cz\/rock-for-people-v-peti-dnech-ucaroval-50-tisicum-navstevniku\/"]}]},{"@type":"ImageObject","inLanguage":"en-US","@id":"https:\/\/www.mzone.cz\/rock-for-people-v-peti-dnech-ucaroval-50-tisicum-navstevniku\/#primaryimage","url":"https:\/\/www.mzone.cz\/wp-content\/uploads\/2025\/06\/Rock-for-People-2025-scaled.jpg","contentUrl":"https:\/\/www.mzone.cz\/wp-content\/uploads\/2025\/06\/Rock-for-People-2025-scaled.jpg","width":2560,"height":1707,"caption":"Rock for People 2025"},{"@type":"BreadcrumbList","@id":"https:\/\/www.mzone.cz\/rock-for-people-v-peti-dnech-ucaroval-50-tisicum-navstevniku\/#breadcrumb","itemListElement":[{"@type":"ListItem","position":1,"name":"Dom\u016f","item":"https:\/\/www.mzone.cz\/"},{"@type":"ListItem","position":2,"name":"30. ro\u010dn\u00edk festivalu Rock for People v p\u011bti dnech u\u010daroval 50 tis\u00edc\u016fm n\u00e1v\u0161t\u011bvn\u00edk\u016f"}]},{"@type":"WebSite","@id":"https:\/\/www.mzone.cz\/#website","url":"https:\/\/www.mzone.cz\/","name":"Mzone","description":"Magaz\u00edn nejen pro mu\u017ee","potentialAction":[{"@type":"SearchAction","target":{"@type":"EntryPoint","urlTemplate":"https:\/\/www.mzone.cz\/?s={search_term_string}"},"query-input":{"@type":"PropertyValueSpecification","valueRequired":true,"valueName":"search_term_string"}}],"inLanguage":"en-US"},{"@type":"Person","@id":"https:\/\/www.mzone.cz\/#\/schema\/person\/9bc20cc422a99cac4af6ff9297da32d4","name":"Mzone","image":{"@type":"ImageObject","inLanguage":"en-US","@id":"https:\/\/secure.gravatar.com\/avatar\/e780a8630f3182a3d06dd667ab6bea151a0d155b0951bc15fe22633acdac0676?s=96&d=mm&r=g","url":"https:\/\/secure.gravatar.com\/avatar\/e780a8630f3182a3d06dd667ab6bea151a0d155b0951bc15fe22633acdac0676?s=96&d=mm&r=g","contentUrl":"https:\/\/secure.gravatar.com\/avatar\/e780a8630f3182a3d06dd667ab6bea151a0d155b0951bc15fe22633acdac0676?s=96&d=mm&r=g","caption":"Mzone"},"url":"https:\/\/www.mzone.cz\/en\/author\/jakub\/"}]}},"_links":{"self":[{"href":"https:\/\/www.mzone.cz\/en\/wp-json\/wp\/v2\/posts\/45680","targetHints":{"allow":["GET"]}}],"collection":[{"href":"https:\/\/www.mzone.cz\/en\/wp-json\/wp\/v2\/posts"}],"about":[{"href":"https:\/\/www.mzone.cz\/en\/wp-json\/wp\/v2\/types\/post"}],"author":[{"embeddable":true,"href":"https:\/\/www.mzone.cz\/en\/wp-json\/wp\/v2\/users\/4"}],"replies":[{"embeddable":true,"href":"https:\/\/www.mzone.cz\/en\/wp-json\/wp\/v2\/comments?post=45680"}],"version-history":[{"count":10,"href":"https:\/\/www.mzone.cz\/en\/wp-json\/wp\/v2\/posts\/45680\/revisions"}],"predecessor-version":[{"id":45696,"href":"https:\/\/www.mzone.cz\/en\/wp-json\/wp\/v2\/posts\/45680\/revisions\/45696"}],"wp:featuredmedia":[{"embeddable":true,"href":"https:\/\/www.mzone.cz\/en\/wp-json\/wp\/v2\/media\/45684"}],"wp:attachment":[{"href":"https:\/\/www.mzone.cz\/en\/wp-json\/wp\/v2\/media?parent=45680"}],"wp:term":[{"taxonomy":"category","embeddable":true,"href":"https:\/\/www.mzone.cz\/en\/wp-json\/wp\/v2\/categories?post=45680"},{"taxonomy":"post_tag","embeddable":true,"href":"https:\/\/www.mzone.cz\/en\/wp-json\/wp\/v2\/tags?post=45680"}],"curies":[{"name":"wp","href":"https:\/\/api.w.org\/{rel}","templated":true}]}}