{"id":45840,"date":"2025-07-12T05:00:00","date_gmt":"2025-07-12T03:00:00","guid":{"rendered":"https:\/\/www.mzone.cz\/?p=45840"},"modified":"2025-07-09T19:48:20","modified_gmt":"2025-07-09T17:48:20","slug":"vymyslel-zpusob-jak-mohou-drony-letat-uvnitr-budov-mlady-cesky-vedec-za-to-ziskal-cenu-a-staz-ve-francii","status":"publish","type":"post","link":"https:\/\/www.mzone.cz\/en\/vymyslel-zpusob-jak-mohou-drony-letat-uvnitr-budov-mlady-cesky-vedec-za-to-ziskal-cenu-a-staz-ve-francii\/","title":{"rendered":"Vymyslel zp\u016fsob, jak mohou drony l\u00e9tat uvnit\u0159 budov. Mlad\u00fd \u010desk\u00fd v\u011bdec za to z\u00edskal cenu a st\u00e1\u017e ve Francii"},"content":{"rendered":"<p><strong>Ji\u017e popatn\u00e1ct\u00e9 v \u0159ad\u011b byly letos ud\u011bleny Ceny Josepha Fouriera, ur\u010den\u00e9 mlad\u00fdm v\u011bdc\u016fm z \u010cesk\u00e9 republiky, student\u016fm doktorsk\u00e9ho studia v oboru po\u010d\u00edta\u010dov\u00fdch v\u011bd. Sv\u00e9 ceny v\u00fdherci p\u0159evzali ve \u010dtvrtek 26. \u010dervna na p\u016fd\u011b Velvyslanectv\u00ed Francie v Praze, kter\u00e9 je spolu se spole\u010dnost\u00ed Eviden organiz\u00e1torem sout\u011b\u017ee. Prvn\u00ed m\u00edsto z\u00edskal Pavel Petr\u00e1\u010dek z \u010cesk\u00e9ho vysok\u00e9ho u\u010den\u00ed technick\u00e9ho v Praze za v\u00fdzkum a v\u00fdvoj mal\u00fdch bezpilotn\u00edch a autonomn\u00edch dron\u016f.<\/strong><\/p><br>\n\n\n\n<p>V\u00fdherci p\u0159evzali odm\u011bny v r\u00e1mci slavnostn\u00edho ceremoni\u00e1lu v s\u00eddle francouzsk\u00e9ho velvyslanectv\u00ed v Praze za \u00fa\u010dasti francouzsk\u00e9ho velvyslance St\u00e9phana Crouzata, laure\u00e1ta Nobelovy ceny za chemii Jean-Marie Lehna a sou\u010dasn\u00e9ho Head of Atos Czech Republic a \u0159editele \u010desk\u00e9 pobo\u010dky spole\u010dnosti Eviden Aleksandara Panteli\u010de.&nbsp;<\/p>\n\n\n\n<blockquote class=\"wp-block-quote is-layout-flow wp-block-quote-is-layout-flow\">\n<p>Prvn\u00ed m\u00edsto z\u00edskal Pavel Petr\u00e1\u010dek z \u010cesk\u00e9ho vysok\u00e9ho u\u010den\u00ed technick\u00e9ho v Praze za sv\u016fj v\u00fdzkum a v\u00fdvoj mal\u00fdch bezpilotn\u00edch a autonomn\u00edch dron\u016f schopn\u00fdch navigace v extr\u00e9mn\u00edch podm\u00ednk\u00e1ch, kde b\u011b\u017en\u00e9 syst\u00e9my selh\u00e1vaj\u00ed. T\u00edm m\u00e1 na mysli zejm\u00e9na prost\u0159ed\u00ed pln\u00e1 n\u00e1ro\u010dn\u00fdch p\u0159ek\u00e1\u017eek pro orientaci v prostoru \u2013 nap\u0159. pra\u0161n\u00e9 tunely nebo rozs\u00e1hl\u00e9 haly bez GNSS (Glob\u00e1ln\u00ed naviga\u010dn\u00ed satelitn\u00ed syst\u00e9m, d\u00edky kter\u00e9mu je mo\u017en\u00e9 ur\u010dit polohu kdekoliv na Zemi).<\/p>\n<\/blockquote>\n\n\n\n<p>\u201eC\u00edlem v\u00fdzkumu je zejm\u00e9na uleh\u010dit nasazen\u00ed autonomn\u00edch robot\u016f v prost\u0159ed\u00edch pro \u010dlov\u011bka nebezpe\u010dn\u00fdch nebo t\u011b\u017ece dostupn\u00fdch, a to nap\u0159\u00edklad pro p\u00e1trac\u00ed a z\u00e1chrann\u00e9 akce nebo pln\u011b automatizovan\u00e9 inspekce rozs\u00e1hl\u00fdch a slo\u017eit\u00fdch interi\u00e9r\u016f. T\u011b\u0161\u00ed m\u011b, \u017ee syst\u00e9m vyvinut\u00fd v r\u00e1mci v\u00fdzkumu sout\u011b\u017eil s nejlep\u0161\u00edmi univerzitami sv\u011bta a byl ji\u017e nasazen nap\u0159\u00edklad p\u0159i dokumentaci 18 historick\u00fdch pam\u00e1tek v\u010detn\u011b t\u011bch zapsan\u00fdch na seznam UNESCO, \u010d\u00edm\u017e z\u00edskal status ofici\u00e1ln\u00ed metodiky pro inspekci historick\u00fdch staveb Ministerstva kultury,\u201c popsal leto\u0161n\u00ed v\u00edt\u011bz Ceny Josepha Fouriera.<\/p><br>\n\n\n\n<figure class=\"wp-block-image size-full\"><img loading=\"lazy\" decoding=\"async\" width=\"865\" height=\"577\" src=\"https:\/\/www.mzone.cz\/wp-content\/uploads\/2025\/07\/Cena-Josepha-Fouriera-1.jpg\" alt=\"V\u00edt\u011bzov\u00e9 Cen Josepha Fouriera\" class=\"wp-image-45846\" srcset=\"https:\/\/www.mzone.cz\/wp-content\/uploads\/2025\/07\/Cena-Josepha-Fouriera-1.jpg 865w, https:\/\/www.mzone.cz\/wp-content\/uploads\/2025\/07\/Cena-Josepha-Fouriera-1-300x200.jpg 300w, https:\/\/www.mzone.cz\/wp-content\/uploads\/2025\/07\/Cena-Josepha-Fouriera-1-768x512.jpg 768w, https:\/\/www.mzone.cz\/wp-content\/uploads\/2025\/07\/Cena-Josepha-Fouriera-1-18x12.jpg 18w, https:\/\/www.mzone.cz\/wp-content\/uploads\/2025\/07\/Cena-Josepha-Fouriera-1-800x533.jpg 800w, https:\/\/www.mzone.cz\/wp-content\/uploads\/2025\/07\/Cena-Josepha-Fouriera-1-400x267.jpg 400w, https:\/\/www.mzone.cz\/wp-content\/uploads\/2025\/07\/Cena-Josepha-Fouriera-1-500x333.jpg 500w, https:\/\/www.mzone.cz\/wp-content\/uploads\/2025\/07\/Cena-Josepha-Fouriera-1-590x394.jpg 590w\" sizes=\"auto, (max-width: 865px) 100vw, 865px\" \/><\/figure><br>\n\n\n\n<p>Druh\u00e9 m\u00edsto obdr\u017eel Zden\u011bk Kasner z Univerzity Karlovy v Praze, kter\u00fd se zab\u00fdv\u00e1 generov\u00e1n\u00edm textu z dat s vyu\u017eit\u00edm neuronov\u00fdch jazykov\u00fdch model\u016f. Ve sv\u00e9m v\u00fdzkumu se zam\u011b\u0159uje na dv\u011b kl\u00ed\u010dov\u00e9 roviny: jednak na to, jak efektivn\u011b generovat srozumiteln\u00e9 texty ze strukturovan\u00fdch dat (tabulek, graf\u016f nebo z\u00e1znam\u016f m\u011b\u0159en\u00ed) pomoc\u00ed neuronov\u00fdch jazykov\u00fdch model\u016f, a z\u00e1rove\u0148 na to, jak automaticky vyhodnocovat kvalitu v\u00fdsledn\u00fdch text\u016f. Krom\u011b toho se sna\u017e\u00ed hledat zp\u016fsoby, jak nad v\u00fdstupy t\u011bchto model\u016f udr\u017eet kontrolu.<\/p>\n\n\n\n<blockquote class=\"wp-block-quote is-layout-flow wp-block-quote-is-layout-flow\">\n<p>\u201eJazykov\u00e9 modely dok\u00e1\u017eou generovat p\u0159ekvapiv\u011b kvalitn\u00ed texty, ale bez kontroly nad jejich chov\u00e1n\u00edm je t\u011b\u017ek\u00e9 jim pln\u011b d\u016fv\u011b\u0159ovat,\u201c \u0159\u00edk\u00e1 o sv\u00e9m zkoum\u00e1n\u00ed Zden\u011bk Kasner.\u00a0<\/p>\n<\/blockquote>\n\n\n\n<p>T\u0159et\u00ed m\u00edsto a z\u00e1rove\u0148 speci\u00e1ln\u00ed cena IT4Innovations n\u00e1le\u017e\u00ed Antonu Fircovi z Vysok\u00e9ho u\u010den\u00ed technick\u00e9ho v Brn\u011b, kter\u00fd zasv\u011btil svou pr\u00e1ci t\u00e9matu um\u011bl\u00e9 inteligence v po\u010d\u00edta\u010dov\u00e9 bezpe\u010dnosti. \u201eV r\u00e1mci v\u00fdzkumu se zam\u011b\u0159uji na anal\u00fdzu hrozeb spojen\u00fdch s audio deepfake technologiemi a jejich dopadem na\u00a0bezpe\u010dnost. C\u00edlem m\u00e9 pr\u00e1ce je porozum\u011bt tomu, jak \u00fatoky tohoto typu funguj\u00ed v re\u00e1ln\u00e9m sv\u011bt\u011b, jak\u00fdm zp\u016fsobem je lze detekovat \u010di jak postupovat p\u0159i navrhov\u00e1n\u00ed ochrann\u00fdch strategi\u00ed. Z\u00e1rove\u0148 zkoum\u00e1m vyu\u017e\u00edv\u00e1n\u00ed deepfakes \u00fato\u010dn\u00edky, testov\u00e1n\u00ed detek\u010dn\u00edch n\u00e1stroj\u016f a vn\u00edm\u00e1n\u00ed deepfakes lidmi, co\u017e m\u00e1 podstatn\u00fd vliv na ochranu proti t\u011bmto st\u00e1le sofistikovan\u011bj\u0161\u00edm kyberhrozb\u00e1m,\u201c popisuje Anton Firc.<\/p><br>\n\n\n\n<h2 class=\"wp-block-heading\">Cena podporuje mlad\u00e9 v\u011bdce v oblasti po\u010d\u00edta\u010dov\u00fdch v\u011bd\u00a0<\/h2>\n\n\n\n<p>\u201eU\u017e patn\u00e1ct\u00fdm rokem Eviden oce\u0148uje a podporuje talentovan\u00e9 mlad\u00e9 v\u011bdce zam\u011b\u0159uj\u00edc\u00ed se na nejr\u016fzn\u011bj\u0161\u00ed oblasti po\u010d\u00edta\u010dov\u00fdch v\u011bd. Poka\u017ed\u00e9 jsme mile p\u0159ekvapeni, kolik nadan\u00fdch v\u011bdc\u016f v na\u0161\u00ed zemi m\u00e1me a nesm\u00edrn\u011b si v\u00e1\u017e\u00edme toho, \u017ee je na cest\u011b ve v\u011bdeck\u00e9 dr\u00e1ze m\u016f\u017eeme podporovat pr\u00e1v\u011b my. V\u00fdherc\u016fm v\u017edy pom\u00e1h\u00e1me jejich projekty d\u00e1le rozpracovat \u2013 a\u0165 u\u017e prost\u0159ednictv\u00edm finan\u010dn\u00ed podpory na v\u00fdzkum, st\u00e1\u017ee na \u0161pi\u010dkov\u00fdch pracovi\u0161t\u00edch ve Francii \u010di zvl\u00e1\u0161tn\u00ed ceny zahrnuj\u00edc\u00ed a\u017e 250 000 v\u00fdpo\u010detn\u00edch hodin na superpo\u010d\u00edta\u010di v N\u00e1rodn\u00edm superpo\u010d\u00edta\u010dov\u00e9m centru IT4Innovations v Ostrav\u011b,\u201c komentuje Jaroslav Vojt\u011bch, vedouc\u00ed odd\u011blen\u00ed HPC &amp; Big Data ze spole\u010dnosti <a href=\"https:\/\/www.evidencz.com\/\" target=\"_blank\" rel=\"noreferrer noopener\">Eviden<\/a>.\u00a0<\/p>\n\n\n\n<blockquote class=\"wp-block-quote is-layout-flow wp-block-quote-is-layout-flow\">\n<p>C\u00edlem sout\u011b\u017ee je ocenit mimo\u0159\u00e1dn\u00e9 v\u011bdeck\u00e9 pr\u00e1ce se speci\u00e1ln\u00edm zam\u011b\u0159en\u00edm na um\u011blou inteligenci, po\u010d\u00edta\u010dov\u00e9 syst\u00e9my a s\u00edt\u011b, kyberbezpe\u010dnost, datab\u00e1zov\u00e9 syst\u00e9my, interakci \u010dlov\u011bk-po\u010d\u00edta\u010d, grafiku, numerickou anal\u00fdzu, programovac\u00ed jazyky, softwarov\u00e9 in\u017een\u00fdrstv\u00ed, bioinformatiku a po\u010d\u00edta\u010dovou teorii.&nbsp;<\/p>\n<\/blockquote>\n\n\n\n<p>Sout\u011b\u017e byla pojmenov\u00e1na po Josephu Fourierovi, francouzsk\u00e9m matematikovi a fyzikovi, jeho\u017e pr\u00e1ce na p\u0159elomu 18. a 19. stolet\u00ed z\u00e1sadn\u011b ovlivnila matematick\u00e9 modelov\u00e1n\u00ed fyzik\u00e1ln\u00edch jev\u016f.<\/p><br>\n\n\n\n<h2 class=\"wp-block-heading\">Odm\u011bny, kter\u00e9 \u010dekaj\u00ed na v\u00fdherce Ceny Josepha Fouriera 2025:&nbsp;<\/h2>\n\n\n\n<p><strong>1. m\u00edsto<\/strong> z\u00edskal Pavel Petr\u00e1\u010dek z \u010cesk\u00e9ho vysok\u00e9ho u\u010den\u00ed technick\u00e9ho v Praze (Fakulta elektrotechnick\u00e1). Um\u00edst\u011bn\u00ed je spojen\u00e9 s finan\u010dn\u00edm ocen\u011bn\u00edm ve v\u00fd\u0161i 65 000 K\u010d a m\u011bs\u00ed\u010dn\u00edm stipendiem na v\u00fdzkumnou st\u00e1\u017e ve Francii v laborato\u0159i Eviden.<\/p><br>\n\n\n\n<p><strong>2. m\u00edsto<\/strong> obdr\u017eel Zden\u011bk Kasner z Univerzity Karlovy v Praze (Matematicko-fyzik\u00e1ln\u00ed fakulta). Um\u00edst\u011bn\u00ed je spojen\u00e9 s finan\u010dn\u00edm ocen\u011bn\u00edm ve v\u00fd\u0161i 40 000 K\u010d a m\u011bs\u00ed\u010dn\u00edm stipendiem na v\u00fdzkumnou st\u00e1\u017e ve Francii tak\u00e9 v laborato\u0159i Eviden.<\/p><br>\n\n\n\n<p><strong>3. m\u00edsto<\/strong> z\u00edskal Anton Firc z Vysok\u00e9ho u\u010den\u00ed technick\u00e9ho v Brn\u011b (Fakulta informa\u010dn\u00edch technologi\u00ed). Um\u00edst\u011bn\u00ed je spojen\u00e9 s finan\u010dn\u00edm ocen\u011bn\u00edm ve v\u00fd\u0161i 25 000 K\u010d.<\/p><br>\n\n\n\n<p><strong>Zvl\u00e1\u0161tn\u00ed cena IT4Innovations:<\/strong> 250 000 v\u00fdpo\u010detn\u00edch hodin na superpo\u010d\u00edta\u010di v N\u00e1rodn\u00edm superpo\u010d\u00edta\u010dov\u00e9m centru IT4Innovations v Ostrav\u011b. Cena umo\u017en\u00ed v\u00fdherci zkoumat a \u0159e\u0161it slo\u017eit\u00e9 \u00fakoly v r\u00e1mci sv\u00e9ho v\u011bdeck\u00e9ho projektu, kter\u00e9 by b\u011b\u017en\u00e9 po\u010d\u00edta\u010de nezvl\u00e1dly, \u010d\u00edm\u017e dos\u00e1hne pot\u0159ebn\u00fdch v\u00fdsledk\u016f mnohem rychleji.<\/p><br>\n\n\n\n<div class=\"wp-block-media-text is-stacked-on-mobile is-vertically-aligned-top\" style=\"grid-template-columns:34% auto\"><figure class=\"wp-block-media-text__media\"><a href=\"https:\/\/www.mzone.cz\/drony-pomahaji-zemedelcum-v-boji-se-suchem-energetikum-s-nachazenim-poruch-vedeni-ale-i-v-prodeji-nemovitosti\/\"><img loading=\"lazy\" decoding=\"async\" width=\"1024\" height=\"683\" src=\"https:\/\/www.mzone.cz\/wp-content\/uploads\/2021\/08\/Dron-1024x683.jpg\" alt=\"Dron\" class=\"wp-image-33215 size-full\" srcset=\"https:\/\/www.mzone.cz\/wp-content\/uploads\/2021\/08\/Dron-1024x683.jpg 1024w, https:\/\/www.mzone.cz\/wp-content\/uploads\/2021\/08\/Dron-300x200.jpg 300w, https:\/\/www.mzone.cz\/wp-content\/uploads\/2021\/08\/Dron-768x512.jpg 768w, https:\/\/www.mzone.cz\/wp-content\/uploads\/2021\/08\/Dron-1536x1024.jpg 1536w, https:\/\/www.mzone.cz\/wp-content\/uploads\/2021\/08\/Dron-2048x1365.jpg 2048w, https:\/\/www.mzone.cz\/wp-content\/uploads\/2021\/08\/Dron-18x12.jpg 18w, https:\/\/www.mzone.cz\/wp-content\/uploads\/2021\/08\/Dron-800x533.jpg 800w, https:\/\/www.mzone.cz\/wp-content\/uploads\/2021\/08\/Dron-400x267.jpg 400w, https:\/\/www.mzone.cz\/wp-content\/uploads\/2021\/08\/Dron-500x333.jpg 500w, https:\/\/www.mzone.cz\/wp-content\/uploads\/2021\/08\/Dron-1170x780.jpg 1170w, https:\/\/www.mzone.cz\/wp-content\/uploads\/2021\/08\/Dron-590x393.jpg 590w\" sizes=\"auto, (max-width: 1024px) 100vw, 1024px\" \/><\/a><\/figure><div class=\"wp-block-media-text__content\">\n<h4 class=\"wp-block-heading\"><a href=\"https:\/\/www.mzone.cz\/drony-pomahaji-zemedelcum-v-boji-se-suchem-energetikum-s-nachazenim-poruch-vedeni-ale-i-v-prodeji-nemovitosti\/\">Drony pom\u00e1haj\u00ed zem\u011bd\u011blc\u016fm v boji se suchem, energetik\u016fm s nach\u00e1zen\u00edm poruch veden\u00ed, ale i v prodeji nemovitost\u00ed<\/a><\/h4><br>\n<\/div><\/div>\n\n\n\n<p><\/p>","protected":false},"excerpt":{"rendered":"<p>Ji\u017e popatn\u00e1ct\u00e9 v \u0159ad\u011b byly letos ud\u011bleny Ceny Josepha Fouriera, ur\u010den\u00e9 mlad\u00fdm v\u011bdc\u016fm z \u010cesk\u00e9 republiky, student\u016fm doktorsk\u00e9ho studia v oboru po\u010d\u00edta\u010dov\u00fdch v\u011bd. Sv\u00e9 ceny v\u00fdherci p\u0159evzali ve \u010dtvrtek 26. \u010dervna na p\u016fd\u011b Velvyslanectv\u00ed Francie v Praze, kter\u00e9 je spolu se spole\u010dnost\u00ed Eviden organiz\u00e1torem sout\u011b\u017ee. Prvn\u00ed m\u00edsto z\u00edskal Pavel Petr\u00e1\u010dek z \u010cesk\u00e9ho vysok\u00e9ho u\u010den\u00ed technick\u00e9ho [&hellip;]<\/p>\n","protected":false},"author":4,"featured_media":45842,"comment_status":"open","ping_status":"closed","sticky":false,"template":"","format":"standard","meta":{"kk_blocks_editor_width":"","_kiokenblocks_attr":"","_kiokenblocks_dimensions":"","footnotes":""},"categories":[65,67],"tags":[84,6391,6393,1830,1826,1347,6394,6392,434,19,424,35,1103,250],"class_list":["post-45840","post","type-post","status-publish","format-standard","has-post-thumbnail","hentry","category-technika","category-veda","tag-cena","tag-cena-josepha-fouriera","tag-cvut","tag-dron","tag-drony","tag-oceneni","tag-pavel-petracek","tag-student","tag-technika","tag-technologie","tag-uspech","tag-veda","tag-vyvoj","tag-vyzkum"],"yoast_head":"<!-- This site is optimized with the Yoast SEO plugin v27.5 - https:\/\/yoast.com\/product\/yoast-seo-wordpress\/ -->\n<title>Vymyslel zp\u016fsob, jak mohou drony l\u00e9tat uvnit\u0159 budov. Mlad\u00fd \u010desk\u00fd v\u011bdec za to z\u00edskal cenu a st\u00e1\u017e ve Francii - Mzone<\/title>\n<meta name=\"description\" content=\"Ji\u017e popatn\u00e1ct\u00e9 v \u0159ad\u011b byly letos ud\u011bleny Ceny Josepha Fouriera, ur\u010den\u00e9 mlad\u00fdm v\u011bdc\u016fm z \u010cesk\u00e9 republiky, student\u016fm doktorsk\u00e9ho studia v oboru po\u010d\u00edta\u010dov\u00fdch v\u011bd. Sv\u00e9 ceny v\u00fdherci p\u0159evzali ve \u010dtvrtek 26. \u010dervna na p\u016fd\u011b Velvyslanectv\u00ed Francie v Praze, kter\u00e9 je spolu se spole\u010dnost\u00ed Eviden organiz\u00e1torem sout\u011b\u017ee. Prvn\u00ed m\u00edsto z\u00edskal Pavel Petr\u00e1\u010dek z \u010cesk\u00e9ho vysok\u00e9ho u\u010den\u00ed technick\u00e9ho v Praze za v\u00fdzkum a v\u00fdvoj mal\u00fdch bezpilotn\u00edch a autonomn\u00edch dron\u016f.\" \/>\n<meta name=\"robots\" content=\"index, follow, max-snippet:-1, max-image-preview:large, max-video-preview:-1\" \/>\n<link rel=\"canonical\" href=\"https:\/\/www.mzone.cz\/en\/vymyslel-zpusob-jak-mohou-drony-letat-uvnitr-budov-mlady-cesky-vedec-za-to-ziskal-cenu-a-staz-ve-francii\/\" \/>\n<meta property=\"og:locale\" content=\"en_US\" \/>\n<meta property=\"og:type\" content=\"article\" \/>\n<meta property=\"og:title\" content=\"Vymyslel zp\u016fsob, jak mohou drony l\u00e9tat uvnit\u0159 budov. Mlad\u00fd \u010desk\u00fd v\u011bdec za to z\u00edskal cenu a st\u00e1\u017e ve Francii - Mzone\" \/>\n<meta property=\"og:description\" content=\"Ji\u017e popatn\u00e1ct\u00e9 v \u0159ad\u011b byly letos ud\u011bleny Ceny Josepha Fouriera, ur\u010den\u00e9 mlad\u00fdm v\u011bdc\u016fm z \u010cesk\u00e9 republiky, student\u016fm doktorsk\u00e9ho studia v oboru po\u010d\u00edta\u010dov\u00fdch v\u011bd. Sv\u00e9 ceny v\u00fdherci p\u0159evzali ve \u010dtvrtek 26. \u010dervna na p\u016fd\u011b Velvyslanectv\u00ed Francie v Praze, kter\u00e9 je spolu se spole\u010dnost\u00ed Eviden organiz\u00e1torem sout\u011b\u017ee. Prvn\u00ed m\u00edsto z\u00edskal Pavel Petr\u00e1\u010dek z \u010cesk\u00e9ho vysok\u00e9ho u\u010den\u00ed technick\u00e9ho v Praze za v\u00fdzkum a v\u00fdvoj mal\u00fdch bezpilotn\u00edch a autonomn\u00edch dron\u016f.\" \/>\n<meta property=\"og:url\" content=\"https:\/\/www.mzone.cz\/en\/vymyslel-zpusob-jak-mohou-drony-letat-uvnitr-budov-mlady-cesky-vedec-za-to-ziskal-cenu-a-staz-ve-francii\/\" \/>\n<meta property=\"og:site_name\" content=\"Mzone\" \/>\n<meta property=\"article:publisher\" content=\"https:\/\/www.facebook.com\/MzoneCZ\/\" \/>\n<meta property=\"article:published_time\" content=\"2025-07-12T03:00:00+00:00\" \/>\n<meta property=\"og:image\" content=\"https:\/\/www.mzone.cz\/wp-content\/uploads\/2025\/07\/Cena-Josepha-Fouriera.jpg\" \/>\n\t<meta property=\"og:image:width\" content=\"1616\" \/>\n\t<meta property=\"og:image:height\" content=\"1077\" \/>\n\t<meta property=\"og:image:type\" content=\"image\/jpeg\" \/>\n<meta name=\"author\" content=\"Mzone\" \/>\n<meta name=\"twitter:card\" content=\"summary_large_image\" \/>\n<meta name=\"twitter:label1\" content=\"Written by\" \/>\n\t<meta name=\"twitter:data1\" content=\"Mzone\" \/>\n\t<meta name=\"twitter:label2\" content=\"Est. reading time\" \/>\n\t<meta name=\"twitter:data2\" content=\"5 minutes\" \/>\n<script type=\"application\/ld+json\" class=\"yoast-schema-graph\">{\"@context\":\"https:\\\/\\\/schema.org\",\"@graph\":[{\"@type\":\"Article\",\"@id\":\"https:\\\/\\\/www.mzone.cz\\\/vymyslel-zpusob-jak-mohou-drony-letat-uvnitr-budov-mlady-cesky-vedec-za-to-ziskal-cenu-a-staz-ve-francii\\\/#article\",\"isPartOf\":{\"@id\":\"https:\\\/\\\/www.mzone.cz\\\/vymyslel-zpusob-jak-mohou-drony-letat-uvnitr-budov-mlady-cesky-vedec-za-to-ziskal-cenu-a-staz-ve-francii\\\/\"},\"author\":{\"name\":\"Mzone\",\"@id\":\"https:\\\/\\\/www.mzone.cz\\\/#\\\/schema\\\/person\\\/9bc20cc422a99cac4af6ff9297da32d4\"},\"headline\":\"Vymyslel zp\u016fsob, jak mohou drony l\u00e9tat uvnit\u0159 budov. Mlad\u00fd \u010desk\u00fd v\u011bdec za to z\u00edskal cenu a st\u00e1\u017e ve Francii\",\"datePublished\":\"2025-07-12T03:00:00+00:00\",\"mainEntityOfPage\":{\"@id\":\"https:\\\/\\\/www.mzone.cz\\\/vymyslel-zpusob-jak-mohou-drony-letat-uvnitr-budov-mlady-cesky-vedec-za-to-ziskal-cenu-a-staz-ve-francii\\\/\"},\"wordCount\":1160,\"commentCount\":0,\"image\":{\"@id\":\"https:\\\/\\\/www.mzone.cz\\\/vymyslel-zpusob-jak-mohou-drony-letat-uvnitr-budov-mlady-cesky-vedec-za-to-ziskal-cenu-a-staz-ve-francii\\\/#primaryimage\"},\"thumbnailUrl\":\"https:\\\/\\\/www.mzone.cz\\\/wp-content\\\/uploads\\\/2025\\\/07\\\/Cena-Josepha-Fouriera.jpg\",\"keywords\":[\"cena\",\"Cena Josepha Fouriera\",\"\u010cVUT\",\"dron\",\"drony\",\"ocen\u011bn\u00ed\",\"Pavel Petr\u00e1\u010dek\",\"student\",\"technika\",\"Technologie\",\"\u00fasp\u011bch\",\"V\u011bda\",\"v\u00fdvoj\",\"v\u00fdzkum\"],\"articleSection\":[\"Technika\",\"V\u011bda\"],\"inLanguage\":\"en-US\",\"potentialAction\":[{\"@type\":\"CommentAction\",\"name\":\"Comment\",\"target\":[\"https:\\\/\\\/www.mzone.cz\\\/vymyslel-zpusob-jak-mohou-drony-letat-uvnitr-budov-mlady-cesky-vedec-za-to-ziskal-cenu-a-staz-ve-francii\\\/#respond\"]}]},{\"@type\":\"WebPage\",\"@id\":\"https:\\\/\\\/www.mzone.cz\\\/vymyslel-zpusob-jak-mohou-drony-letat-uvnitr-budov-mlady-cesky-vedec-za-to-ziskal-cenu-a-staz-ve-francii\\\/\",\"url\":\"https:\\\/\\\/www.mzone.cz\\\/vymyslel-zpusob-jak-mohou-drony-letat-uvnitr-budov-mlady-cesky-vedec-za-to-ziskal-cenu-a-staz-ve-francii\\\/\",\"name\":\"Vymyslel zp\u016fsob, jak mohou drony l\u00e9tat uvnit\u0159 budov. Mlad\u00fd \u010desk\u00fd v\u011bdec za to z\u00edskal cenu a st\u00e1\u017e ve Francii - Mzone\",\"isPartOf\":{\"@id\":\"https:\\\/\\\/www.mzone.cz\\\/#website\"},\"primaryImageOfPage\":{\"@id\":\"https:\\\/\\\/www.mzone.cz\\\/vymyslel-zpusob-jak-mohou-drony-letat-uvnitr-budov-mlady-cesky-vedec-za-to-ziskal-cenu-a-staz-ve-francii\\\/#primaryimage\"},\"image\":{\"@id\":\"https:\\\/\\\/www.mzone.cz\\\/vymyslel-zpusob-jak-mohou-drony-letat-uvnitr-budov-mlady-cesky-vedec-za-to-ziskal-cenu-a-staz-ve-francii\\\/#primaryimage\"},\"thumbnailUrl\":\"https:\\\/\\\/www.mzone.cz\\\/wp-content\\\/uploads\\\/2025\\\/07\\\/Cena-Josepha-Fouriera.jpg\",\"datePublished\":\"2025-07-12T03:00:00+00:00\",\"author\":{\"@id\":\"https:\\\/\\\/www.mzone.cz\\\/#\\\/schema\\\/person\\\/9bc20cc422a99cac4af6ff9297da32d4\"},\"description\":\"Ji\u017e popatn\u00e1ct\u00e9 v \u0159ad\u011b byly letos ud\u011bleny Ceny Josepha Fouriera, ur\u010den\u00e9 mlad\u00fdm v\u011bdc\u016fm z \u010cesk\u00e9 republiky, student\u016fm doktorsk\u00e9ho studia v oboru po\u010d\u00edta\u010dov\u00fdch v\u011bd. Sv\u00e9 ceny v\u00fdherci p\u0159evzali ve \u010dtvrtek 26. \u010dervna na p\u016fd\u011b Velvyslanectv\u00ed Francie v Praze, kter\u00e9 je spolu se spole\u010dnost\u00ed Eviden organiz\u00e1torem sout\u011b\u017ee. Prvn\u00ed m\u00edsto z\u00edskal Pavel Petr\u00e1\u010dek z \u010cesk\u00e9ho vysok\u00e9ho u\u010den\u00ed technick\u00e9ho v Praze za v\u00fdzkum a v\u00fdvoj mal\u00fdch bezpilotn\u00edch a autonomn\u00edch dron\u016f.\",\"breadcrumb\":{\"@id\":\"https:\\\/\\\/www.mzone.cz\\\/vymyslel-zpusob-jak-mohou-drony-letat-uvnitr-budov-mlady-cesky-vedec-za-to-ziskal-cenu-a-staz-ve-francii\\\/#breadcrumb\"},\"inLanguage\":\"en-US\",\"potentialAction\":[{\"@type\":\"ReadAction\",\"target\":[\"https:\\\/\\\/www.mzone.cz\\\/vymyslel-zpusob-jak-mohou-drony-letat-uvnitr-budov-mlady-cesky-vedec-za-to-ziskal-cenu-a-staz-ve-francii\\\/\"]}]},{\"@type\":\"ImageObject\",\"inLanguage\":\"en-US\",\"@id\":\"https:\\\/\\\/www.mzone.cz\\\/vymyslel-zpusob-jak-mohou-drony-letat-uvnitr-budov-mlady-cesky-vedec-za-to-ziskal-cenu-a-staz-ve-francii\\\/#primaryimage\",\"url\":\"https:\\\/\\\/www.mzone.cz\\\/wp-content\\\/uploads\\\/2025\\\/07\\\/Cena-Josepha-Fouriera.jpg\",\"contentUrl\":\"https:\\\/\\\/www.mzone.cz\\\/wp-content\\\/uploads\\\/2025\\\/07\\\/Cena-Josepha-Fouriera.jpg\",\"width\":1616,\"height\":1077,\"caption\":\"Cena Josepha Fouriera\"},{\"@type\":\"BreadcrumbList\",\"@id\":\"https:\\\/\\\/www.mzone.cz\\\/vymyslel-zpusob-jak-mohou-drony-letat-uvnitr-budov-mlady-cesky-vedec-za-to-ziskal-cenu-a-staz-ve-francii\\\/#breadcrumb\",\"itemListElement\":[{\"@type\":\"ListItem\",\"position\":1,\"name\":\"Dom\u016f\",\"item\":\"https:\\\/\\\/www.mzone.cz\\\/\"},{\"@type\":\"ListItem\",\"position\":2,\"name\":\"Vymyslel zp\u016fsob, jak mohou drony l\u00e9tat uvnit\u0159 budov. Mlad\u00fd \u010desk\u00fd v\u011bdec za to z\u00edskal cenu a st\u00e1\u017e ve Francii\"}]},{\"@type\":\"WebSite\",\"@id\":\"https:\\\/\\\/www.mzone.cz\\\/#website\",\"url\":\"https:\\\/\\\/www.mzone.cz\\\/\",\"name\":\"Mzone\",\"description\":\"Magaz\u00edn nejen pro mu\u017ee\",\"potentialAction\":[{\"@type\":\"SearchAction\",\"target\":{\"@type\":\"EntryPoint\",\"urlTemplate\":\"https:\\\/\\\/www.mzone.cz\\\/?s={search_term_string}\"},\"query-input\":{\"@type\":\"PropertyValueSpecification\",\"valueRequired\":true,\"valueName\":\"search_term_string\"}}],\"inLanguage\":\"en-US\"},{\"@type\":\"Person\",\"@id\":\"https:\\\/\\\/www.mzone.cz\\\/#\\\/schema\\\/person\\\/9bc20cc422a99cac4af6ff9297da32d4\",\"name\":\"Mzone\",\"image\":{\"@type\":\"ImageObject\",\"inLanguage\":\"en-US\",\"@id\":\"https:\\\/\\\/secure.gravatar.com\\\/avatar\\\/e780a8630f3182a3d06dd667ab6bea151a0d155b0951bc15fe22633acdac0676?s=96&d=mm&r=g\",\"url\":\"https:\\\/\\\/secure.gravatar.com\\\/avatar\\\/e780a8630f3182a3d06dd667ab6bea151a0d155b0951bc15fe22633acdac0676?s=96&d=mm&r=g\",\"contentUrl\":\"https:\\\/\\\/secure.gravatar.com\\\/avatar\\\/e780a8630f3182a3d06dd667ab6bea151a0d155b0951bc15fe22633acdac0676?s=96&d=mm&r=g\",\"caption\":\"Mzone\"},\"url\":\"https:\\\/\\\/www.mzone.cz\\\/en\\\/author\\\/jakub\\\/\"}]}<\/script>\n<!-- \/ Yoast SEO plugin. -->","yoast_head_json":{"title":"Vymyslel zp\u016fsob, jak mohou drony l\u00e9tat uvnit\u0159 budov. Mlad\u00fd \u010desk\u00fd v\u011bdec za to z\u00edskal cenu a st\u00e1\u017e ve Francii - Mzone","description":"Ji\u017e popatn\u00e1ct\u00e9 v \u0159ad\u011b byly letos ud\u011bleny Ceny Josepha Fouriera, ur\u010den\u00e9 mlad\u00fdm v\u011bdc\u016fm z \u010cesk\u00e9 republiky, student\u016fm doktorsk\u00e9ho studia v oboru po\u010d\u00edta\u010dov\u00fdch v\u011bd. Sv\u00e9 ceny v\u00fdherci p\u0159evzali ve \u010dtvrtek 26. \u010dervna na p\u016fd\u011b Velvyslanectv\u00ed Francie v Praze, kter\u00e9 je spolu se spole\u010dnost\u00ed Eviden organiz\u00e1torem sout\u011b\u017ee. Prvn\u00ed m\u00edsto z\u00edskal Pavel Petr\u00e1\u010dek z \u010cesk\u00e9ho vysok\u00e9ho u\u010den\u00ed technick\u00e9ho v Praze za v\u00fdzkum a v\u00fdvoj mal\u00fdch bezpilotn\u00edch a autonomn\u00edch dron\u016f.","robots":{"index":"index","follow":"follow","max-snippet":"max-snippet:-1","max-image-preview":"max-image-preview:large","max-video-preview":"max-video-preview:-1"},"canonical":"https:\/\/www.mzone.cz\/en\/vymyslel-zpusob-jak-mohou-drony-letat-uvnitr-budov-mlady-cesky-vedec-za-to-ziskal-cenu-a-staz-ve-francii\/","og_locale":"en_US","og_type":"article","og_title":"Vymyslel zp\u016fsob, jak mohou drony l\u00e9tat uvnit\u0159 budov. Mlad\u00fd \u010desk\u00fd v\u011bdec za to z\u00edskal cenu a st\u00e1\u017e ve Francii - Mzone","og_description":"Ji\u017e popatn\u00e1ct\u00e9 v \u0159ad\u011b byly letos ud\u011bleny Ceny Josepha Fouriera, ur\u010den\u00e9 mlad\u00fdm v\u011bdc\u016fm z \u010cesk\u00e9 republiky, student\u016fm doktorsk\u00e9ho studia v oboru po\u010d\u00edta\u010dov\u00fdch v\u011bd. Sv\u00e9 ceny v\u00fdherci p\u0159evzali ve \u010dtvrtek 26. \u010dervna na p\u016fd\u011b Velvyslanectv\u00ed Francie v Praze, kter\u00e9 je spolu se spole\u010dnost\u00ed Eviden organiz\u00e1torem sout\u011b\u017ee. Prvn\u00ed m\u00edsto z\u00edskal Pavel Petr\u00e1\u010dek z \u010cesk\u00e9ho vysok\u00e9ho u\u010den\u00ed technick\u00e9ho v Praze za v\u00fdzkum a v\u00fdvoj mal\u00fdch bezpilotn\u00edch a autonomn\u00edch dron\u016f.","og_url":"https:\/\/www.mzone.cz\/en\/vymyslel-zpusob-jak-mohou-drony-letat-uvnitr-budov-mlady-cesky-vedec-za-to-ziskal-cenu-a-staz-ve-francii\/","og_site_name":"Mzone","article_publisher":"https:\/\/www.facebook.com\/MzoneCZ\/","article_published_time":"2025-07-12T03:00:00+00:00","og_image":[{"width":1616,"height":1077,"url":"https:\/\/www.mzone.cz\/wp-content\/uploads\/2025\/07\/Cena-Josepha-Fouriera.jpg","type":"image\/jpeg"}],"author":"Mzone","twitter_card":"summary_large_image","twitter_misc":{"Written by":"Mzone","Est. reading time":"5 minutes"},"schema":{"@context":"https:\/\/schema.org","@graph":[{"@type":"Article","@id":"https:\/\/www.mzone.cz\/vymyslel-zpusob-jak-mohou-drony-letat-uvnitr-budov-mlady-cesky-vedec-za-to-ziskal-cenu-a-staz-ve-francii\/#article","isPartOf":{"@id":"https:\/\/www.mzone.cz\/vymyslel-zpusob-jak-mohou-drony-letat-uvnitr-budov-mlady-cesky-vedec-za-to-ziskal-cenu-a-staz-ve-francii\/"},"author":{"name":"Mzone","@id":"https:\/\/www.mzone.cz\/#\/schema\/person\/9bc20cc422a99cac4af6ff9297da32d4"},"headline":"Vymyslel zp\u016fsob, jak mohou drony l\u00e9tat uvnit\u0159 budov. Mlad\u00fd \u010desk\u00fd v\u011bdec za to z\u00edskal cenu a st\u00e1\u017e ve Francii","datePublished":"2025-07-12T03:00:00+00:00","mainEntityOfPage":{"@id":"https:\/\/www.mzone.cz\/vymyslel-zpusob-jak-mohou-drony-letat-uvnitr-budov-mlady-cesky-vedec-za-to-ziskal-cenu-a-staz-ve-francii\/"},"wordCount":1160,"commentCount":0,"image":{"@id":"https:\/\/www.mzone.cz\/vymyslel-zpusob-jak-mohou-drony-letat-uvnitr-budov-mlady-cesky-vedec-za-to-ziskal-cenu-a-staz-ve-francii\/#primaryimage"},"thumbnailUrl":"https:\/\/www.mzone.cz\/wp-content\/uploads\/2025\/07\/Cena-Josepha-Fouriera.jpg","keywords":["cena","Cena Josepha Fouriera","\u010cVUT","dron","drony","ocen\u011bn\u00ed","Pavel Petr\u00e1\u010dek","student","technika","Technologie","\u00fasp\u011bch","V\u011bda","v\u00fdvoj","v\u00fdzkum"],"articleSection":["Technika","V\u011bda"],"inLanguage":"en-US","potentialAction":[{"@type":"CommentAction","name":"Comment","target":["https:\/\/www.mzone.cz\/vymyslel-zpusob-jak-mohou-drony-letat-uvnitr-budov-mlady-cesky-vedec-za-to-ziskal-cenu-a-staz-ve-francii\/#respond"]}]},{"@type":"WebPage","@id":"https:\/\/www.mzone.cz\/vymyslel-zpusob-jak-mohou-drony-letat-uvnitr-budov-mlady-cesky-vedec-za-to-ziskal-cenu-a-staz-ve-francii\/","url":"https:\/\/www.mzone.cz\/vymyslel-zpusob-jak-mohou-drony-letat-uvnitr-budov-mlady-cesky-vedec-za-to-ziskal-cenu-a-staz-ve-francii\/","name":"Vymyslel zp\u016fsob, jak mohou drony l\u00e9tat uvnit\u0159 budov. Mlad\u00fd \u010desk\u00fd v\u011bdec za to z\u00edskal cenu a st\u00e1\u017e ve Francii - Mzone","isPartOf":{"@id":"https:\/\/www.mzone.cz\/#website"},"primaryImageOfPage":{"@id":"https:\/\/www.mzone.cz\/vymyslel-zpusob-jak-mohou-drony-letat-uvnitr-budov-mlady-cesky-vedec-za-to-ziskal-cenu-a-staz-ve-francii\/#primaryimage"},"image":{"@id":"https:\/\/www.mzone.cz\/vymyslel-zpusob-jak-mohou-drony-letat-uvnitr-budov-mlady-cesky-vedec-za-to-ziskal-cenu-a-staz-ve-francii\/#primaryimage"},"thumbnailUrl":"https:\/\/www.mzone.cz\/wp-content\/uploads\/2025\/07\/Cena-Josepha-Fouriera.jpg","datePublished":"2025-07-12T03:00:00+00:00","author":{"@id":"https:\/\/www.mzone.cz\/#\/schema\/person\/9bc20cc422a99cac4af6ff9297da32d4"},"description":"Ji\u017e popatn\u00e1ct\u00e9 v \u0159ad\u011b byly letos ud\u011bleny Ceny Josepha Fouriera, ur\u010den\u00e9 mlad\u00fdm v\u011bdc\u016fm z \u010cesk\u00e9 republiky, student\u016fm doktorsk\u00e9ho studia v oboru po\u010d\u00edta\u010dov\u00fdch v\u011bd. Sv\u00e9 ceny v\u00fdherci p\u0159evzali ve \u010dtvrtek 26. \u010dervna na p\u016fd\u011b Velvyslanectv\u00ed Francie v Praze, kter\u00e9 je spolu se spole\u010dnost\u00ed Eviden organiz\u00e1torem sout\u011b\u017ee. Prvn\u00ed m\u00edsto z\u00edskal Pavel Petr\u00e1\u010dek z \u010cesk\u00e9ho vysok\u00e9ho u\u010den\u00ed technick\u00e9ho v Praze za v\u00fdzkum a v\u00fdvoj mal\u00fdch bezpilotn\u00edch a autonomn\u00edch dron\u016f.","breadcrumb":{"@id":"https:\/\/www.mzone.cz\/vymyslel-zpusob-jak-mohou-drony-letat-uvnitr-budov-mlady-cesky-vedec-za-to-ziskal-cenu-a-staz-ve-francii\/#breadcrumb"},"inLanguage":"en-US","potentialAction":[{"@type":"ReadAction","target":["https:\/\/www.mzone.cz\/vymyslel-zpusob-jak-mohou-drony-letat-uvnitr-budov-mlady-cesky-vedec-za-to-ziskal-cenu-a-staz-ve-francii\/"]}]},{"@type":"ImageObject","inLanguage":"en-US","@id":"https:\/\/www.mzone.cz\/vymyslel-zpusob-jak-mohou-drony-letat-uvnitr-budov-mlady-cesky-vedec-za-to-ziskal-cenu-a-staz-ve-francii\/#primaryimage","url":"https:\/\/www.mzone.cz\/wp-content\/uploads\/2025\/07\/Cena-Josepha-Fouriera.jpg","contentUrl":"https:\/\/www.mzone.cz\/wp-content\/uploads\/2025\/07\/Cena-Josepha-Fouriera.jpg","width":1616,"height":1077,"caption":"Cena Josepha Fouriera"},{"@type":"BreadcrumbList","@id":"https:\/\/www.mzone.cz\/vymyslel-zpusob-jak-mohou-drony-letat-uvnitr-budov-mlady-cesky-vedec-za-to-ziskal-cenu-a-staz-ve-francii\/#breadcrumb","itemListElement":[{"@type":"ListItem","position":1,"name":"Dom\u016f","item":"https:\/\/www.mzone.cz\/"},{"@type":"ListItem","position":2,"name":"Vymyslel zp\u016fsob, jak mohou drony l\u00e9tat uvnit\u0159 budov. Mlad\u00fd \u010desk\u00fd v\u011bdec za to z\u00edskal cenu a st\u00e1\u017e ve Francii"}]},{"@type":"WebSite","@id":"https:\/\/www.mzone.cz\/#website","url":"https:\/\/www.mzone.cz\/","name":"Mzone","description":"Magaz\u00edn nejen pro mu\u017ee","potentialAction":[{"@type":"SearchAction","target":{"@type":"EntryPoint","urlTemplate":"https:\/\/www.mzone.cz\/?s={search_term_string}"},"query-input":{"@type":"PropertyValueSpecification","valueRequired":true,"valueName":"search_term_string"}}],"inLanguage":"en-US"},{"@type":"Person","@id":"https:\/\/www.mzone.cz\/#\/schema\/person\/9bc20cc422a99cac4af6ff9297da32d4","name":"Mzone","image":{"@type":"ImageObject","inLanguage":"en-US","@id":"https:\/\/secure.gravatar.com\/avatar\/e780a8630f3182a3d06dd667ab6bea151a0d155b0951bc15fe22633acdac0676?s=96&d=mm&r=g","url":"https:\/\/secure.gravatar.com\/avatar\/e780a8630f3182a3d06dd667ab6bea151a0d155b0951bc15fe22633acdac0676?s=96&d=mm&r=g","contentUrl":"https:\/\/secure.gravatar.com\/avatar\/e780a8630f3182a3d06dd667ab6bea151a0d155b0951bc15fe22633acdac0676?s=96&d=mm&r=g","caption":"Mzone"},"url":"https:\/\/www.mzone.cz\/en\/author\/jakub\/"}]}},"_links":{"self":[{"href":"https:\/\/www.mzone.cz\/en\/wp-json\/wp\/v2\/posts\/45840","targetHints":{"allow":["GET"]}}],"collection":[{"href":"https:\/\/www.mzone.cz\/en\/wp-json\/wp\/v2\/posts"}],"about":[{"href":"https:\/\/www.mzone.cz\/en\/wp-json\/wp\/v2\/types\/post"}],"author":[{"embeddable":true,"href":"https:\/\/www.mzone.cz\/en\/wp-json\/wp\/v2\/users\/4"}],"replies":[{"embeddable":true,"href":"https:\/\/www.mzone.cz\/en\/wp-json\/wp\/v2\/comments?post=45840"}],"version-history":[{"count":13,"href":"https:\/\/www.mzone.cz\/en\/wp-json\/wp\/v2\/posts\/45840\/revisions"}],"predecessor-version":[{"id":45857,"href":"https:\/\/www.mzone.cz\/en\/wp-json\/wp\/v2\/posts\/45840\/revisions\/45857"}],"wp:featuredmedia":[{"embeddable":true,"href":"https:\/\/www.mzone.cz\/en\/wp-json\/wp\/v2\/media\/45842"}],"wp:attachment":[{"href":"https:\/\/www.mzone.cz\/en\/wp-json\/wp\/v2\/media?parent=45840"}],"wp:term":[{"taxonomy":"category","embeddable":true,"href":"https:\/\/www.mzone.cz\/en\/wp-json\/wp\/v2\/categories?post=45840"},{"taxonomy":"post_tag","embeddable":true,"href":"https:\/\/www.mzone.cz\/en\/wp-json\/wp\/v2\/tags?post=45840"}],"curies":[{"name":"wp","href":"https:\/\/api.w.org\/{rel}","templated":true}]}}