{"id":46289,"date":"2025-09-07T05:00:00","date_gmt":"2025-09-07T03:00:00","guid":{"rendered":"https:\/\/www.mzone.cz\/?p=46289"},"modified":"2025-09-05T12:09:37","modified_gmt":"2025-09-05T10:09:37","slug":"babi-leto-livigno-vas-okouzli-barvami-klidem-i-chutemi-valtelliny","status":"publish","type":"post","link":"https:\/\/www.mzone.cz\/en\/babi-leto-livigno-vas-okouzli-barvami-klidem-i-chutemi-valtelliny\/","title":{"rendered":"Bab\u00ed l\u00e9to po italsku: Livigno v\u00e1s okouzl\u00ed barvami, klidem i chut\u011bmi Valtelliny"},"content":{"rendered":"<p><strong>Jak l\u00e9to pomalu dozn\u00edv\u00e1 a prvn\u00ed sn\u011bhov\u00fd popra\u0161ek se usazuje na vrcholc\u00edch hor, Livigno odhaluje svou ti\u0161\u0161\u00ed, zamy\u0161len\u011bj\u0161\u00ed tv\u00e1\u0159. V srdci horn\u00ed Valtelliny, v nadmo\u0159sk\u00e9 v\u00fd\u0161ce 1 816 metr\u016f, o\u017e\u00edv\u00e1 m\u011bsto v podzimn\u00edch barv\u00e1ch \u2013 ide\u00e1ln\u00edm \u010dase pro proch\u00e1zky v p\u0159\u00edrod\u011b, ochutn\u00e1vku m\u00edstn\u00edch tradic i relaxaci ve stylu alpsk\u00e9ho wellness.<\/strong><\/p><br>\n\n\n\n<h2 class=\"wp-block-heading\">Barvy podzimu a klidn\u00e9 stezky<\/h2>\n\n\n\n<p>Zat\u00edmco letn\u00ed ruch utich\u00e1, z\u00e1\u0159\u00ed a \u0159\u00edjen p\u0159in\u00e1\u0161\u00ed do Livigna paletu zlat\u00fdch mod\u0159\u00edn\u016f, jisk\u0159iv\u00fd vzduch a cestu k vnit\u0159n\u00edmu klidu. Louky pomalu blednou do jinovatky a p\u0159\u00edroda zve k objevov\u00e1n\u00ed, a\u0165 u\u017e na kole, nebo jen tak &#8211; po sv\u00fdch.<\/p><br>\n\n\n\n<h2 class=\"wp-block-heading\">Objevte Livigno jinak: podzimn\u00ed trasy p\u011b\u0161ky i na kole<\/h2>\n\n\n\n<p>M\u00edrn\u00e9 podzimn\u00ed klima a zna\u010den\u00e9 stezky d\u011blaj\u00ed z tohoto obdob\u00ed ide\u00e1ln\u00ed \u010das pro aktivn\u00ed odpo\u010dinek. Mezi doporu\u010den\u00e9 trasy pat\u0159\u00ed:<\/p><br>\n\n\n\n<ul class=\"wp-block-list\">\n<li><strong>Sentiero Tr\u00f6i da li T\u00e9a<\/strong> \u2013 Lehk\u00e1 trasa mod\u0159\u00ednov\u00fdm lesem s odpo\u010dinkem v tradi\u010dn\u00edch sala\u0161\u00edch (tees) a v\u00fdhledy na Val Federia.\u00a0<\/li>\n\n\n\n<li><strong>Art Trail u Larix Parku<\/strong> \u2013 Kr\u00e1tk\u00e1 a poutav\u00e1 cesta kombinuj\u00edc\u00ed p\u0159\u00edrodu, d\u0159evo\u0159ezby a otev\u0159en\u00e9 scen\u00e9rie nad \u00fadol\u00edm Livigna.\u00a0<\/li>\n\n\n\n<li><strong>Baitel da Plascianet<\/strong> \u2013 Klidn\u00e1 lesn\u00ed stezka k malebn\u00e9 m\u00fdtin\u011b a bivaku s v\u00fdhledem na \u201eMal\u00fd Tibet\u201c.\u00a0<\/li>\n\n\n\n<li><strong>Baitel di Sc&#8217;taur<\/strong> \u2013 V\u00fdstup pro zku\u0161en\u011bj\u0161\u00ed turisty a\u017e do 2 150 metr\u016f po h\u0159ebeni Monte Motto.\u00a0<\/li>\n\n\n\n<li><strong>Livigno \u2013 jezera Cancano<\/strong> \u2013 Sm\u00ed\u0161en\u00e1 trasa pro p\u011b\u0161\u00ed i cyklisty spojuj\u00edc\u00ed Livigno s N\u00e1rodn\u00edm parkem Stelvio. Vede p\u0159es pr\u016fsmyk Trela a nab\u00edz\u00ed n\u00e1ro\u010dn\u011bj\u0161\u00ed \u00faseky.\u00a0<\/li>\n\n\n\n<li><strong>Tutti Frutti Epic Trail<\/strong> \u2013 50km cyklistick\u00e1 smy\u010dka, kter\u00e1 propojuje historick\u00e9 cesty s bike parkem Carosello 3000. Vhodn\u00e1 pro enduro, XC i all-mountain styl.\u00a0<\/li>\n<\/ul>\n\n\n\n<figure class=\"wp-block-image size-large\"><img loading=\"lazy\" decoding=\"async\" width=\"1024\" height=\"683\" src=\"https:\/\/www.mzone.cz\/wp-content\/uploads\/2025\/09\/AnnapurnaMedia_LIVIGNO_TREKKING_AUTUNNO_2024_2jpeg-1024x683.jpeg\" alt=\"Livigno na podzim\" class=\"wp-image-46298\" srcset=\"https:\/\/www.mzone.cz\/wp-content\/uploads\/2025\/09\/AnnapurnaMedia_LIVIGNO_TREKKING_AUTUNNO_2024_2jpeg-1024x683.jpeg 1024w, https:\/\/www.mzone.cz\/wp-content\/uploads\/2025\/09\/AnnapurnaMedia_LIVIGNO_TREKKING_AUTUNNO_2024_2jpeg-300x200.jpeg 300w, https:\/\/www.mzone.cz\/wp-content\/uploads\/2025\/09\/AnnapurnaMedia_LIVIGNO_TREKKING_AUTUNNO_2024_2jpeg-768x512.jpeg 768w, https:\/\/www.mzone.cz\/wp-content\/uploads\/2025\/09\/AnnapurnaMedia_LIVIGNO_TREKKING_AUTUNNO_2024_2jpeg-18x12.jpeg 18w, https:\/\/www.mzone.cz\/wp-content\/uploads\/2025\/09\/AnnapurnaMedia_LIVIGNO_TREKKING_AUTUNNO_2024_2jpeg-800x533.jpeg 800w, https:\/\/www.mzone.cz\/wp-content\/uploads\/2025\/09\/AnnapurnaMedia_LIVIGNO_TREKKING_AUTUNNO_2024_2jpeg-400x267.jpeg 400w, https:\/\/www.mzone.cz\/wp-content\/uploads\/2025\/09\/AnnapurnaMedia_LIVIGNO_TREKKING_AUTUNNO_2024_2jpeg-500x333.jpeg 500w, https:\/\/www.mzone.cz\/wp-content\/uploads\/2025\/09\/AnnapurnaMedia_LIVIGNO_TREKKING_AUTUNNO_2024_2jpeg-1170x780.jpeg 1170w, https:\/\/www.mzone.cz\/wp-content\/uploads\/2025\/09\/AnnapurnaMedia_LIVIGNO_TREKKING_AUTUNNO_2024_2jpeg-590x394.jpeg 590w, https:\/\/www.mzone.cz\/wp-content\/uploads\/2025\/09\/AnnapurnaMedia_LIVIGNO_TREKKING_AUTUNNO_2024_2jpeg.jpeg 1280w\" sizes=\"auto, (max-width: 1024px) 100vw, 1024px\" \/><\/figure><br>\n\n\n\n<h2 class=\"wp-block-heading\">Alpen Fest: Podzimn\u00ed slavnost tradic<\/h2>\n\n\n\n<p>Ve dnech 27. a 28. z\u00e1\u0159\u00ed 2025 se Livigno pono\u0159\u00ed do oslav n\u00e1vratu st\u00e1d z letn\u00edch pastvin. Alpen Fest nab\u00eddne slavnostn\u00ed pr\u016fvody ov\u011bn\u010den\u00fdch zv\u00ed\u0159at a past\u00fd\u0159\u016f, ochutn\u00e1vky m\u00edstn\u00edch specialit od kucha\u0159\u016f a cukr\u00e1\u0159\u016f, sout\u011b\u017ee v dojen\u00ed \u010di z\u00e1vod \u201cPezzon\u201d s tradi\u010dn\u00edmi nosi\u010di ml\u00e9ka.<\/p>\n\n\n\n<blockquote class=\"wp-block-quote is-layout-flow wp-block-quote-is-layout-flow\">\n<p>Hudba, \u0159emesln\u00e9 uk\u00e1zky a ve\u010dern\u00ed past\u00fd\u0159sk\u00fd pochod se sv\u00edcemi uzav\u00edraj\u00ed program v muzeu MUS!\u00a0<\/p>\n<\/blockquote>\n\n\n\n<p>\u201ePodzim v Livignu nab\u00edz\u00ed jedine\u010dn\u00e9 spojen\u00ed ohromuj\u00edc\u00ed p\u0159\u00edrodn\u00ed kr\u00e1sy a hlubok\u00e9ho klidu,\u201c \u0159\u00edk\u00e1 Luca Moretti, prezident Livigno NEXT. \u201eZ\u00e1\u0159iv\u00e9 barvy mod\u0159\u00edn\u016f, minimum turist\u016f a sv\u011b\u017e\u00ed horsk\u00fd vzduch vytv\u00e1\u0159ej\u00ed ide\u00e1ln\u00ed prost\u0159ed\u00ed pro aktivn\u00ed odpo\u010dinek i rozj\u00edm\u00e1n\u00ed,\u201c dod\u00e1v\u00e1.<\/p><br>\n\n\n\n<figure class=\"wp-block-image size-large\"><img loading=\"lazy\" decoding=\"async\" width=\"1024\" height=\"683\" src=\"https:\/\/www.mzone.cz\/wp-content\/uploads\/2025\/09\/AnnapurnaMedia_LIVIGNO_TREKKING_AUTUNNO_2024_24i-1024x683.jpeg\" alt=\"Livigno a podzimn\u00ed p\u0159\u00edroda\" class=\"wp-image-46302\" srcset=\"https:\/\/www.mzone.cz\/wp-content\/uploads\/2025\/09\/AnnapurnaMedia_LIVIGNO_TREKKING_AUTUNNO_2024_24i-1024x683.jpeg 1024w, https:\/\/www.mzone.cz\/wp-content\/uploads\/2025\/09\/AnnapurnaMedia_LIVIGNO_TREKKING_AUTUNNO_2024_24i-300x200.jpeg 300w, https:\/\/www.mzone.cz\/wp-content\/uploads\/2025\/09\/AnnapurnaMedia_LIVIGNO_TREKKING_AUTUNNO_2024_24i-768x512.jpeg 768w, https:\/\/www.mzone.cz\/wp-content\/uploads\/2025\/09\/AnnapurnaMedia_LIVIGNO_TREKKING_AUTUNNO_2024_24i-18x12.jpeg 18w, https:\/\/www.mzone.cz\/wp-content\/uploads\/2025\/09\/AnnapurnaMedia_LIVIGNO_TREKKING_AUTUNNO_2024_24i-800x533.jpeg 800w, https:\/\/www.mzone.cz\/wp-content\/uploads\/2025\/09\/AnnapurnaMedia_LIVIGNO_TREKKING_AUTUNNO_2024_24i-400x267.jpeg 400w, https:\/\/www.mzone.cz\/wp-content\/uploads\/2025\/09\/AnnapurnaMedia_LIVIGNO_TREKKING_AUTUNNO_2024_24i-500x333.jpeg 500w, https:\/\/www.mzone.cz\/wp-content\/uploads\/2025\/09\/AnnapurnaMedia_LIVIGNO_TREKKING_AUTUNNO_2024_24i-1170x780.jpeg 1170w, https:\/\/www.mzone.cz\/wp-content\/uploads\/2025\/09\/AnnapurnaMedia_LIVIGNO_TREKKING_AUTUNNO_2024_24i-590x394.jpeg 590w, https:\/\/www.mzone.cz\/wp-content\/uploads\/2025\/09\/AnnapurnaMedia_LIVIGNO_TREKKING_AUTUNNO_2024_24i.jpeg 1280w\" sizes=\"auto, (max-width: 1024px) 100vw, 1024px\" \/><\/figure><br>\n\n\n\n<h2 class=\"wp-block-heading\">Za horizontem: Livignsk\u00e1 gastronomie, atmosf\u00e9ra a wellness<\/h2>\n\n\n\n<p>Livigno nen\u00ed jen o pohybu. M\u00edstn\u00ed kuchyn\u011b vypr\u00e1v\u00ed p\u0159\u00edb\u011bh \u00fadol\u00ed Valtellina \u2013 pizzoccheri, sciatt, bresaola a region\u00e1ln\u00ed s\u00fdry doprov\u00e1zen\u00e9 severoitalsk\u00fdmi v\u00edny tvo\u0159\u00ed j\u00e1dro zdej\u0161\u00ed gastronomie.<\/p><br>\n\n\n\n<p>Dnes se v\u0161ak klasika snoub\u00ed s inovac\u00ed: jemn\u00e9 porce pizzoccheri v nov\u00fdch textur\u00e1ch, k\u0159upav\u00e9 sciatt s bylinkami a nakl\u00e1danou zeleninou, rustik\u00e1ln\u00ed recepty p\u0159etvo\u0159en\u00e9 do rafinovan\u00fdch menu. A\u0165 u\u017e zav\u00edt\u00e1te do fine dining restaurace nebo \u00fatuln\u00e9 trattorie, ka\u017ed\u00e9 j\u00eddlo v Livignu se st\u00e1v\u00e1 sou\u010d\u00e1st\u00ed p\u0159\u00edb\u011bhu &#8211; oslavou chuti hor, kreativity a tradice.&nbsp;<\/p>\n\n\n\n<blockquote class=\"wp-block-quote is-layout-flow wp-block-quote-is-layout-flow\">\n<p>Livigno je rovn\u011b\u017e r\u00e1jem pro n\u00e1kupy. Bezceln\u00ed z\u00f3na zde nab\u00edz\u00ed sportovn\u00ed vybaven\u00ed, design, lok\u00e1ln\u00ed \u0159emesla i zna\u010dkov\u00e9 zbo\u017e\u00ed za p\u0159\u00edzniv\u011bj\u0161\u00ed ceny ne\u017e ve v\u011bt\u0161in\u011b alpsk\u00fdch st\u0159edisek.&nbsp;<\/p>\n<\/blockquote>\n\n\n\n<p>A pro odpo\u010dinek? Aquagranda, jeden z nejv\u00fd\u0161e polo\u017een\u00fdch a nejkomplexn\u011bj\u0161\u00edch wellness center Evropy. Nab\u00edz\u00ed sauny s v\u00fdhledem, parn\u00ed l\u00e1zn\u011b, chladic\u00ed baz\u00e9ny i regenera\u010dn\u00ed z\u00f3ny pro sportovce. Pro rodiny je zde vodn\u00ed sv\u011bt se skluzavkami a atrakcemi.<\/p><br>\n\n\n\n<div class=\"wp-block-media-text is-stacked-on-mobile is-vertically-aligned-top\" style=\"grid-template-columns:29% auto\"><figure class=\"wp-block-media-text__media\"><a href=\"https:\/\/www.mzone.cz\/livigno-na-vlastni-nohy-1-500-kilometru-horskych-tras-plnych-pribehu-a-nekonecnych-vyhledu\/\"><img loading=\"lazy\" decoding=\"async\" width=\"1024\" height=\"682\" src=\"https:\/\/www.mzone.cz\/wp-content\/uploads\/2025\/08\/Livigno-1024x682.jpeg\" alt=\"Livigno\" class=\"wp-image-46049 size-full\" srcset=\"https:\/\/www.mzone.cz\/wp-content\/uploads\/2025\/08\/Livigno-1024x682.jpeg 1024w, https:\/\/www.mzone.cz\/wp-content\/uploads\/2025\/08\/Livigno-300x200.jpeg 300w, https:\/\/www.mzone.cz\/wp-content\/uploads\/2025\/08\/Livigno-768x512.jpeg 768w, https:\/\/www.mzone.cz\/wp-content\/uploads\/2025\/08\/Livigno-18x12.jpeg 18w, https:\/\/www.mzone.cz\/wp-content\/uploads\/2025\/08\/Livigno-800x533.jpeg 800w, https:\/\/www.mzone.cz\/wp-content\/uploads\/2025\/08\/Livigno-400x267.jpeg 400w, https:\/\/www.mzone.cz\/wp-content\/uploads\/2025\/08\/Livigno-500x333.jpeg 500w, https:\/\/www.mzone.cz\/wp-content\/uploads\/2025\/08\/Livigno-1170x780.jpeg 1170w, https:\/\/www.mzone.cz\/wp-content\/uploads\/2025\/08\/Livigno-590x393.jpeg 590w, https:\/\/www.mzone.cz\/wp-content\/uploads\/2025\/08\/Livigno.jpeg 1280w\" sizes=\"auto, (max-width: 1024px) 100vw, 1024px\" \/><\/a><\/figure><div class=\"wp-block-media-text__content\">\n<h4 class=\"wp-block-heading\"><a href=\"https:\/\/www.mzone.cz\/livigno-na-vlastni-nohy-1-500-kilometru-horskych-tras-plnych-pribehu-a-nekonecnych-vyhledu\/\">Livigno na vlastn\u00ed nohy: 1 500 kilometr\u016f horsk\u00fdch tras pln\u00fdch p\u0159\u00edb\u011bh\u016f a nekone\u010dn\u00fdch v\u00fdhled\u016f<\/a><\/h4><br>\n<\/div><\/div>\n\n\n\n<p><\/p>","protected":false},"excerpt":{"rendered":"<p>Jak l\u00e9to pomalu dozn\u00edv\u00e1 a prvn\u00ed sn\u011bhov\u00fd popra\u0161ek se usazuje na vrcholc\u00edch hor, Livigno odhaluje svou ti\u0161\u0161\u00ed, zamy\u0161len\u011bj\u0161\u00ed tv\u00e1\u0159. V srdci horn\u00ed Valtelliny, v nadmo\u0159sk\u00e9 v\u00fd\u0161ce 1 816 metr\u016f, o\u017e\u00edv\u00e1 m\u011bsto v podzimn\u00edch barv\u00e1ch \u2013 ide\u00e1ln\u00edm \u010dase pro proch\u00e1zky v p\u0159\u00edrod\u011b, ochutn\u00e1vku m\u00edstn\u00edch tradic i relaxaci ve stylu alpsk\u00e9ho wellness. Barvy podzimu a klidn\u00e9 stezky [&hellip;]<\/p>\n","protected":false},"author":4,"featured_media":46292,"comment_status":"open","ping_status":"closed","sticky":false,"template":"","format":"standard","meta":{"kk_blocks_editor_width":"","_kiokenblocks_attr":"","_kiokenblocks_dimensions":"","footnotes":""},"categories":[854,25],"tags":[2578,5553,512,2122,6410,2823,1943,6319,486,490,572,2546,6426,2694],"class_list":["post-46289","post","type-post","status-publish","format-standard","has-post-thumbnail","hentry","category-cestovani","category-style","tag-alpy","tag-babi-leto","tag-cestovani","tag-evropa","tag-horska-turistika","tag-hory","tag-italie","tag-livigno","tag-podzim","tag-style","tag-tipy","tag-turistika","tag-valtellina","tag-vylety"],"yoast_head":"<!-- This site is optimized with the Yoast SEO plugin v27.5 - https:\/\/yoast.com\/product\/yoast-seo-wordpress\/ -->\n<title>Bab\u00ed l\u00e9to po italsku: Livigno v\u00e1s okouzl\u00ed barvami, klidem i chut\u011bmi Valtelliny - Mzone<\/title>\n<meta name=\"description\" content=\"Jak l\u00e9to pomalu dozn\u00edv\u00e1 a prvn\u00ed sn\u011bhov\u00fd popra\u0161ek se usazuje na vrcholc\u00edch hor, Livigno odhaluje svou ti\u0161\u0161\u00ed, zamy\u0161len\u011bj\u0161\u00ed tv\u00e1\u0159. V srdci horn\u00ed Valtelliny, v nadmo\u0159sk\u00e9 v\u00fd\u0161ce 1 816 metr\u016f, o\u017e\u00edv\u00e1 m\u011bsto v podzimn\u00edch barv\u00e1ch \u2013 ide\u00e1ln\u00edm \u010dase pro proch\u00e1zky v p\u0159\u00edrod\u011b, ochutn\u00e1vku m\u00edstn\u00edch tradic i relaxaci ve stylu alpsk\u00e9ho wellness.\" \/>\n<meta name=\"robots\" content=\"index, follow, max-snippet:-1, max-image-preview:large, max-video-preview:-1\" \/>\n<link rel=\"canonical\" href=\"https:\/\/www.mzone.cz\/en\/babi-leto-livigno-vas-okouzli-barvami-klidem-i-chutemi-valtelliny\/\" \/>\n<meta property=\"og:locale\" content=\"en_US\" \/>\n<meta property=\"og:type\" content=\"article\" \/>\n<meta property=\"og:title\" content=\"Bab\u00ed l\u00e9to po italsku: Livigno v\u00e1s okouzl\u00ed barvami, klidem i chut\u011bmi Valtelliny - Mzone\" \/>\n<meta property=\"og:description\" content=\"Jak l\u00e9to pomalu dozn\u00edv\u00e1 a prvn\u00ed sn\u011bhov\u00fd popra\u0161ek se usazuje na vrcholc\u00edch hor, Livigno odhaluje svou ti\u0161\u0161\u00ed, zamy\u0161len\u011bj\u0161\u00ed tv\u00e1\u0159. V srdci horn\u00ed Valtelliny, v nadmo\u0159sk\u00e9 v\u00fd\u0161ce 1 816 metr\u016f, o\u017e\u00edv\u00e1 m\u011bsto v podzimn\u00edch barv\u00e1ch \u2013 ide\u00e1ln\u00edm \u010dase pro proch\u00e1zky v p\u0159\u00edrod\u011b, ochutn\u00e1vku m\u00edstn\u00edch tradic i relaxaci ve stylu alpsk\u00e9ho wellness.\" \/>\n<meta property=\"og:url\" content=\"https:\/\/www.mzone.cz\/en\/babi-leto-livigno-vas-okouzli-barvami-klidem-i-chutemi-valtelliny\/\" \/>\n<meta property=\"og:site_name\" content=\"Mzone\" \/>\n<meta property=\"article:publisher\" content=\"https:\/\/www.facebook.com\/MzoneCZ\/\" \/>\n<meta property=\"article:published_time\" content=\"2025-09-07T03:00:00+00:00\" \/>\n<meta property=\"og:image\" content=\"https:\/\/www.mzone.cz\/wp-content\/uploads\/2025\/09\/Livigno-na-podzim.jpeg\" \/>\n\t<meta property=\"og:image:width\" content=\"1600\" \/>\n\t<meta property=\"og:image:height\" content=\"1068\" \/>\n\t<meta property=\"og:image:type\" content=\"image\/jpeg\" \/>\n<meta name=\"author\" content=\"Mzone\" \/>\n<meta name=\"twitter:card\" content=\"summary_large_image\" \/>\n<meta name=\"twitter:label1\" content=\"Written by\" \/>\n\t<meta name=\"twitter:data1\" content=\"Mzone\" \/>\n\t<meta name=\"twitter:label2\" content=\"Est. reading time\" \/>\n\t<meta name=\"twitter:data2\" content=\"4 minutes\" \/>\n<script type=\"application\/ld+json\" class=\"yoast-schema-graph\">{\"@context\":\"https:\\\/\\\/schema.org\",\"@graph\":[{\"@type\":\"Article\",\"@id\":\"https:\\\/\\\/www.mzone.cz\\\/babi-leto-livigno-vas-okouzli-barvami-klidem-i-chutemi-valtelliny\\\/#article\",\"isPartOf\":{\"@id\":\"https:\\\/\\\/www.mzone.cz\\\/babi-leto-livigno-vas-okouzli-barvami-klidem-i-chutemi-valtelliny\\\/\"},\"author\":{\"name\":\"Mzone\",\"@id\":\"https:\\\/\\\/www.mzone.cz\\\/#\\\/schema\\\/person\\\/9bc20cc422a99cac4af6ff9297da32d4\"},\"headline\":\"Bab\u00ed l\u00e9to po italsku: Livigno v\u00e1s okouzl\u00ed barvami, klidem i chut\u011bmi Valtelliny\",\"datePublished\":\"2025-09-07T03:00:00+00:00\",\"mainEntityOfPage\":{\"@id\":\"https:\\\/\\\/www.mzone.cz\\\/babi-leto-livigno-vas-okouzli-barvami-klidem-i-chutemi-valtelliny\\\/\"},\"wordCount\":671,\"commentCount\":0,\"image\":{\"@id\":\"https:\\\/\\\/www.mzone.cz\\\/babi-leto-livigno-vas-okouzli-barvami-klidem-i-chutemi-valtelliny\\\/#primaryimage\"},\"thumbnailUrl\":\"https:\\\/\\\/www.mzone.cz\\\/wp-content\\\/uploads\\\/2025\\\/09\\\/Livigno-na-podzim.jpeg\",\"keywords\":[\"Alpy\",\"bab\u00ed l\u00e9to\",\"cestov\u00e1n\u00ed\",\"Evropa\",\"horsk\u00e1 turistika\",\"hory\",\"It\u00e1lie\",\"Livigno\",\"podzim\",\"style\",\"tipy\",\"turistika\",\"Valtellina\",\"v\u00fdlety\"],\"articleSection\":[\"Cestov\u00e1n\u00ed\",\"Style\"],\"inLanguage\":\"en-US\",\"potentialAction\":[{\"@type\":\"CommentAction\",\"name\":\"Comment\",\"target\":[\"https:\\\/\\\/www.mzone.cz\\\/babi-leto-livigno-vas-okouzli-barvami-klidem-i-chutemi-valtelliny\\\/#respond\"]}]},{\"@type\":\"WebPage\",\"@id\":\"https:\\\/\\\/www.mzone.cz\\\/babi-leto-livigno-vas-okouzli-barvami-klidem-i-chutemi-valtelliny\\\/\",\"url\":\"https:\\\/\\\/www.mzone.cz\\\/babi-leto-livigno-vas-okouzli-barvami-klidem-i-chutemi-valtelliny\\\/\",\"name\":\"Bab\u00ed l\u00e9to po italsku: Livigno v\u00e1s okouzl\u00ed barvami, klidem i chut\u011bmi Valtelliny - Mzone\",\"isPartOf\":{\"@id\":\"https:\\\/\\\/www.mzone.cz\\\/#website\"},\"primaryImageOfPage\":{\"@id\":\"https:\\\/\\\/www.mzone.cz\\\/babi-leto-livigno-vas-okouzli-barvami-klidem-i-chutemi-valtelliny\\\/#primaryimage\"},\"image\":{\"@id\":\"https:\\\/\\\/www.mzone.cz\\\/babi-leto-livigno-vas-okouzli-barvami-klidem-i-chutemi-valtelliny\\\/#primaryimage\"},\"thumbnailUrl\":\"https:\\\/\\\/www.mzone.cz\\\/wp-content\\\/uploads\\\/2025\\\/09\\\/Livigno-na-podzim.jpeg\",\"datePublished\":\"2025-09-07T03:00:00+00:00\",\"author\":{\"@id\":\"https:\\\/\\\/www.mzone.cz\\\/#\\\/schema\\\/person\\\/9bc20cc422a99cac4af6ff9297da32d4\"},\"description\":\"Jak l\u00e9to pomalu dozn\u00edv\u00e1 a prvn\u00ed sn\u011bhov\u00fd popra\u0161ek se usazuje na vrcholc\u00edch hor, Livigno odhaluje svou ti\u0161\u0161\u00ed, zamy\u0161len\u011bj\u0161\u00ed tv\u00e1\u0159. V srdci horn\u00ed Valtelliny, v nadmo\u0159sk\u00e9 v\u00fd\u0161ce 1 816 metr\u016f, o\u017e\u00edv\u00e1 m\u011bsto v podzimn\u00edch barv\u00e1ch \u2013 ide\u00e1ln\u00edm \u010dase pro proch\u00e1zky v p\u0159\u00edrod\u011b, ochutn\u00e1vku m\u00edstn\u00edch tradic i relaxaci ve stylu alpsk\u00e9ho wellness.\",\"breadcrumb\":{\"@id\":\"https:\\\/\\\/www.mzone.cz\\\/babi-leto-livigno-vas-okouzli-barvami-klidem-i-chutemi-valtelliny\\\/#breadcrumb\"},\"inLanguage\":\"en-US\",\"potentialAction\":[{\"@type\":\"ReadAction\",\"target\":[\"https:\\\/\\\/www.mzone.cz\\\/babi-leto-livigno-vas-okouzli-barvami-klidem-i-chutemi-valtelliny\\\/\"]}]},{\"@type\":\"ImageObject\",\"inLanguage\":\"en-US\",\"@id\":\"https:\\\/\\\/www.mzone.cz\\\/babi-leto-livigno-vas-okouzli-barvami-klidem-i-chutemi-valtelliny\\\/#primaryimage\",\"url\":\"https:\\\/\\\/www.mzone.cz\\\/wp-content\\\/uploads\\\/2025\\\/09\\\/Livigno-na-podzim.jpeg\",\"contentUrl\":\"https:\\\/\\\/www.mzone.cz\\\/wp-content\\\/uploads\\\/2025\\\/09\\\/Livigno-na-podzim.jpeg\",\"width\":1600,\"height\":1068,\"caption\":\"Livigno na podzim\"},{\"@type\":\"BreadcrumbList\",\"@id\":\"https:\\\/\\\/www.mzone.cz\\\/babi-leto-livigno-vas-okouzli-barvami-klidem-i-chutemi-valtelliny\\\/#breadcrumb\",\"itemListElement\":[{\"@type\":\"ListItem\",\"position\":1,\"name\":\"Dom\u016f\",\"item\":\"https:\\\/\\\/www.mzone.cz\\\/\"},{\"@type\":\"ListItem\",\"position\":2,\"name\":\"Bab\u00ed l\u00e9to po italsku: Livigno v\u00e1s okouzl\u00ed barvami, klidem i chut\u011bmi Valtelliny\"}]},{\"@type\":\"WebSite\",\"@id\":\"https:\\\/\\\/www.mzone.cz\\\/#website\",\"url\":\"https:\\\/\\\/www.mzone.cz\\\/\",\"name\":\"Mzone\",\"description\":\"Magaz\u00edn nejen pro mu\u017ee\",\"potentialAction\":[{\"@type\":\"SearchAction\",\"target\":{\"@type\":\"EntryPoint\",\"urlTemplate\":\"https:\\\/\\\/www.mzone.cz\\\/?s={search_term_string}\"},\"query-input\":{\"@type\":\"PropertyValueSpecification\",\"valueRequired\":true,\"valueName\":\"search_term_string\"}}],\"inLanguage\":\"en-US\"},{\"@type\":\"Person\",\"@id\":\"https:\\\/\\\/www.mzone.cz\\\/#\\\/schema\\\/person\\\/9bc20cc422a99cac4af6ff9297da32d4\",\"name\":\"Mzone\",\"image\":{\"@type\":\"ImageObject\",\"inLanguage\":\"en-US\",\"@id\":\"https:\\\/\\\/secure.gravatar.com\\\/avatar\\\/e780a8630f3182a3d06dd667ab6bea151a0d155b0951bc15fe22633acdac0676?s=96&d=mm&r=g\",\"url\":\"https:\\\/\\\/secure.gravatar.com\\\/avatar\\\/e780a8630f3182a3d06dd667ab6bea151a0d155b0951bc15fe22633acdac0676?s=96&d=mm&r=g\",\"contentUrl\":\"https:\\\/\\\/secure.gravatar.com\\\/avatar\\\/e780a8630f3182a3d06dd667ab6bea151a0d155b0951bc15fe22633acdac0676?s=96&d=mm&r=g\",\"caption\":\"Mzone\"},\"url\":\"https:\\\/\\\/www.mzone.cz\\\/en\\\/author\\\/jakub\\\/\"}]}<\/script>\n<!-- \/ Yoast SEO plugin. -->","yoast_head_json":{"title":"Bab\u00ed l\u00e9to po italsku: Livigno v\u00e1s okouzl\u00ed barvami, klidem i chut\u011bmi Valtelliny - Mzone","description":"Jak l\u00e9to pomalu dozn\u00edv\u00e1 a prvn\u00ed sn\u011bhov\u00fd popra\u0161ek se usazuje na vrcholc\u00edch hor, Livigno odhaluje svou ti\u0161\u0161\u00ed, zamy\u0161len\u011bj\u0161\u00ed tv\u00e1\u0159. V srdci horn\u00ed Valtelliny, v nadmo\u0159sk\u00e9 v\u00fd\u0161ce 1 816 metr\u016f, o\u017e\u00edv\u00e1 m\u011bsto v podzimn\u00edch barv\u00e1ch \u2013 ide\u00e1ln\u00edm \u010dase pro proch\u00e1zky v p\u0159\u00edrod\u011b, ochutn\u00e1vku m\u00edstn\u00edch tradic i relaxaci ve stylu alpsk\u00e9ho wellness.","robots":{"index":"index","follow":"follow","max-snippet":"max-snippet:-1","max-image-preview":"max-image-preview:large","max-video-preview":"max-video-preview:-1"},"canonical":"https:\/\/www.mzone.cz\/en\/babi-leto-livigno-vas-okouzli-barvami-klidem-i-chutemi-valtelliny\/","og_locale":"en_US","og_type":"article","og_title":"Bab\u00ed l\u00e9to po italsku: Livigno v\u00e1s okouzl\u00ed barvami, klidem i chut\u011bmi Valtelliny - Mzone","og_description":"Jak l\u00e9to pomalu dozn\u00edv\u00e1 a prvn\u00ed sn\u011bhov\u00fd popra\u0161ek se usazuje na vrcholc\u00edch hor, Livigno odhaluje svou ti\u0161\u0161\u00ed, zamy\u0161len\u011bj\u0161\u00ed tv\u00e1\u0159. V srdci horn\u00ed Valtelliny, v nadmo\u0159sk\u00e9 v\u00fd\u0161ce 1 816 metr\u016f, o\u017e\u00edv\u00e1 m\u011bsto v podzimn\u00edch barv\u00e1ch \u2013 ide\u00e1ln\u00edm \u010dase pro proch\u00e1zky v p\u0159\u00edrod\u011b, ochutn\u00e1vku m\u00edstn\u00edch tradic i relaxaci ve stylu alpsk\u00e9ho wellness.","og_url":"https:\/\/www.mzone.cz\/en\/babi-leto-livigno-vas-okouzli-barvami-klidem-i-chutemi-valtelliny\/","og_site_name":"Mzone","article_publisher":"https:\/\/www.facebook.com\/MzoneCZ\/","article_published_time":"2025-09-07T03:00:00+00:00","og_image":[{"width":1600,"height":1068,"url":"https:\/\/www.mzone.cz\/wp-content\/uploads\/2025\/09\/Livigno-na-podzim.jpeg","type":"image\/jpeg"}],"author":"Mzone","twitter_card":"summary_large_image","twitter_misc":{"Written by":"Mzone","Est. reading time":"4 minutes"},"schema":{"@context":"https:\/\/schema.org","@graph":[{"@type":"Article","@id":"https:\/\/www.mzone.cz\/babi-leto-livigno-vas-okouzli-barvami-klidem-i-chutemi-valtelliny\/#article","isPartOf":{"@id":"https:\/\/www.mzone.cz\/babi-leto-livigno-vas-okouzli-barvami-klidem-i-chutemi-valtelliny\/"},"author":{"name":"Mzone","@id":"https:\/\/www.mzone.cz\/#\/schema\/person\/9bc20cc422a99cac4af6ff9297da32d4"},"headline":"Bab\u00ed l\u00e9to po italsku: Livigno v\u00e1s okouzl\u00ed barvami, klidem i chut\u011bmi Valtelliny","datePublished":"2025-09-07T03:00:00+00:00","mainEntityOfPage":{"@id":"https:\/\/www.mzone.cz\/babi-leto-livigno-vas-okouzli-barvami-klidem-i-chutemi-valtelliny\/"},"wordCount":671,"commentCount":0,"image":{"@id":"https:\/\/www.mzone.cz\/babi-leto-livigno-vas-okouzli-barvami-klidem-i-chutemi-valtelliny\/#primaryimage"},"thumbnailUrl":"https:\/\/www.mzone.cz\/wp-content\/uploads\/2025\/09\/Livigno-na-podzim.jpeg","keywords":["Alpy","bab\u00ed l\u00e9to","cestov\u00e1n\u00ed","Evropa","horsk\u00e1 turistika","hory","It\u00e1lie","Livigno","podzim","style","tipy","turistika","Valtellina","v\u00fdlety"],"articleSection":["Cestov\u00e1n\u00ed","Style"],"inLanguage":"en-US","potentialAction":[{"@type":"CommentAction","name":"Comment","target":["https:\/\/www.mzone.cz\/babi-leto-livigno-vas-okouzli-barvami-klidem-i-chutemi-valtelliny\/#respond"]}]},{"@type":"WebPage","@id":"https:\/\/www.mzone.cz\/babi-leto-livigno-vas-okouzli-barvami-klidem-i-chutemi-valtelliny\/","url":"https:\/\/www.mzone.cz\/babi-leto-livigno-vas-okouzli-barvami-klidem-i-chutemi-valtelliny\/","name":"Bab\u00ed l\u00e9to po italsku: Livigno v\u00e1s okouzl\u00ed barvami, klidem i chut\u011bmi Valtelliny - Mzone","isPartOf":{"@id":"https:\/\/www.mzone.cz\/#website"},"primaryImageOfPage":{"@id":"https:\/\/www.mzone.cz\/babi-leto-livigno-vas-okouzli-barvami-klidem-i-chutemi-valtelliny\/#primaryimage"},"image":{"@id":"https:\/\/www.mzone.cz\/babi-leto-livigno-vas-okouzli-barvami-klidem-i-chutemi-valtelliny\/#primaryimage"},"thumbnailUrl":"https:\/\/www.mzone.cz\/wp-content\/uploads\/2025\/09\/Livigno-na-podzim.jpeg","datePublished":"2025-09-07T03:00:00+00:00","author":{"@id":"https:\/\/www.mzone.cz\/#\/schema\/person\/9bc20cc422a99cac4af6ff9297da32d4"},"description":"Jak l\u00e9to pomalu dozn\u00edv\u00e1 a prvn\u00ed sn\u011bhov\u00fd popra\u0161ek se usazuje na vrcholc\u00edch hor, Livigno odhaluje svou ti\u0161\u0161\u00ed, zamy\u0161len\u011bj\u0161\u00ed tv\u00e1\u0159. V srdci horn\u00ed Valtelliny, v nadmo\u0159sk\u00e9 v\u00fd\u0161ce 1 816 metr\u016f, o\u017e\u00edv\u00e1 m\u011bsto v podzimn\u00edch barv\u00e1ch \u2013 ide\u00e1ln\u00edm \u010dase pro proch\u00e1zky v p\u0159\u00edrod\u011b, ochutn\u00e1vku m\u00edstn\u00edch tradic i relaxaci ve stylu alpsk\u00e9ho wellness.","breadcrumb":{"@id":"https:\/\/www.mzone.cz\/babi-leto-livigno-vas-okouzli-barvami-klidem-i-chutemi-valtelliny\/#breadcrumb"},"inLanguage":"en-US","potentialAction":[{"@type":"ReadAction","target":["https:\/\/www.mzone.cz\/babi-leto-livigno-vas-okouzli-barvami-klidem-i-chutemi-valtelliny\/"]}]},{"@type":"ImageObject","inLanguage":"en-US","@id":"https:\/\/www.mzone.cz\/babi-leto-livigno-vas-okouzli-barvami-klidem-i-chutemi-valtelliny\/#primaryimage","url":"https:\/\/www.mzone.cz\/wp-content\/uploads\/2025\/09\/Livigno-na-podzim.jpeg","contentUrl":"https:\/\/www.mzone.cz\/wp-content\/uploads\/2025\/09\/Livigno-na-podzim.jpeg","width":1600,"height":1068,"caption":"Livigno na podzim"},{"@type":"BreadcrumbList","@id":"https:\/\/www.mzone.cz\/babi-leto-livigno-vas-okouzli-barvami-klidem-i-chutemi-valtelliny\/#breadcrumb","itemListElement":[{"@type":"ListItem","position":1,"name":"Dom\u016f","item":"https:\/\/www.mzone.cz\/"},{"@type":"ListItem","position":2,"name":"Bab\u00ed l\u00e9to po italsku: Livigno v\u00e1s okouzl\u00ed barvami, klidem i chut\u011bmi Valtelliny"}]},{"@type":"WebSite","@id":"https:\/\/www.mzone.cz\/#website","url":"https:\/\/www.mzone.cz\/","name":"Mzone","description":"Magaz\u00edn nejen pro mu\u017ee","potentialAction":[{"@type":"SearchAction","target":{"@type":"EntryPoint","urlTemplate":"https:\/\/www.mzone.cz\/?s={search_term_string}"},"query-input":{"@type":"PropertyValueSpecification","valueRequired":true,"valueName":"search_term_string"}}],"inLanguage":"en-US"},{"@type":"Person","@id":"https:\/\/www.mzone.cz\/#\/schema\/person\/9bc20cc422a99cac4af6ff9297da32d4","name":"Mzone","image":{"@type":"ImageObject","inLanguage":"en-US","@id":"https:\/\/secure.gravatar.com\/avatar\/e780a8630f3182a3d06dd667ab6bea151a0d155b0951bc15fe22633acdac0676?s=96&d=mm&r=g","url":"https:\/\/secure.gravatar.com\/avatar\/e780a8630f3182a3d06dd667ab6bea151a0d155b0951bc15fe22633acdac0676?s=96&d=mm&r=g","contentUrl":"https:\/\/secure.gravatar.com\/avatar\/e780a8630f3182a3d06dd667ab6bea151a0d155b0951bc15fe22633acdac0676?s=96&d=mm&r=g","caption":"Mzone"},"url":"https:\/\/www.mzone.cz\/en\/author\/jakub\/"}]}},"_links":{"self":[{"href":"https:\/\/www.mzone.cz\/en\/wp-json\/wp\/v2\/posts\/46289","targetHints":{"allow":["GET"]}}],"collection":[{"href":"https:\/\/www.mzone.cz\/en\/wp-json\/wp\/v2\/posts"}],"about":[{"href":"https:\/\/www.mzone.cz\/en\/wp-json\/wp\/v2\/types\/post"}],"author":[{"embeddable":true,"href":"https:\/\/www.mzone.cz\/en\/wp-json\/wp\/v2\/users\/4"}],"replies":[{"embeddable":true,"href":"https:\/\/www.mzone.cz\/en\/wp-json\/wp\/v2\/comments?post=46289"}],"version-history":[{"count":13,"href":"https:\/\/www.mzone.cz\/en\/wp-json\/wp\/v2\/posts\/46289\/revisions"}],"predecessor-version":[{"id":46310,"href":"https:\/\/www.mzone.cz\/en\/wp-json\/wp\/v2\/posts\/46289\/revisions\/46310"}],"wp:featuredmedia":[{"embeddable":true,"href":"https:\/\/www.mzone.cz\/en\/wp-json\/wp\/v2\/media\/46292"}],"wp:attachment":[{"href":"https:\/\/www.mzone.cz\/en\/wp-json\/wp\/v2\/media?parent=46289"}],"wp:term":[{"taxonomy":"category","embeddable":true,"href":"https:\/\/www.mzone.cz\/en\/wp-json\/wp\/v2\/categories?post=46289"},{"taxonomy":"post_tag","embeddable":true,"href":"https:\/\/www.mzone.cz\/en\/wp-json\/wp\/v2\/tags?post=46289"}],"curies":[{"name":"wp","href":"https:\/\/api.w.org\/{rel}","templated":true}]}}