{"id":46535,"date":"2025-10-29T05:00:00","date_gmt":"2025-10-29T04:00:00","guid":{"rendered":"https:\/\/www.mzone.cz\/?p=46535"},"modified":"2025-10-28T13:35:14","modified_gmt":"2025-10-28T12:35:14","slug":"lynk-co-otevira-u-prahy-prvni-cesky-showroom-zverejnen-byl-take-cesky-cenik","status":"publish","type":"post","link":"https:\/\/www.mzone.cz\/en\/lynk-co-otevira-u-prahy-prvni-cesky-showroom-zverejnen-byl-take-cesky-cenik\/","title":{"rendered":"Automobilka Lynk &amp; Co otev\u00edr\u00e1 u Prahy prvn\u00ed \u010desk\u00fd showroom, zve\u0159ejnila tak\u00e9 \u010desk\u00fd cen\u00edk"},"content":{"rendered":"<p><strong>P\u016fvodem \u0161v\u00e9dsk\u00e1 automobilka Lynk &amp; Co otev\u00edr\u00e1 za\u010d\u00e1tkem listopadu sv\u016fj prvn\u00ed tuzemsk\u00fd showroom. V\u00fdhradn\u00edm \u010desk\u00fdm prodejcem t\u011bchto pr\u00e9miov\u00fdch elektro a hybridn\u00edch voz\u016f je spole\u010dnost Orbion Cars, spadaj\u00edc\u00ed do skupiny Autorion, prod\u00e1vaj\u00edc\u00ed na \u010desk\u00e9m trhu vedle \u0161v\u00e9dsk\u00e9ho Volva tak\u00e9 nap\u0159\u00edklad zna\u010dky Land Rover \u010di Jaguar. Kr\u00e1tce p\u0159ed spu\u0161t\u011bn\u00edm provozu showroomu byl p\u0159edstaven tak\u00e9 ofici\u00e1ln\u00ed cen\u00edk voz\u016f Lynk &amp; Co pro \u010desk\u00e9 z\u00e1kazn\u00edky.<\/strong><\/p><br>\n\n\n\n<p>Automobilka Lynk &amp; Co ozn\u00e1mila vstup na \u010desk\u00fd trh po\u010d\u00e1tkem z\u00e1\u0159\u00ed b\u011bhem kon\u00e1n\u00ed autosalonu IAA Mobility v n\u011bmeck\u00e9m Mnichov\u011b. Nyn\u00ed ve spolupr\u00e1ci se skupinou Autorion otev\u00edr\u00e1 prodejn\u00ed prostory, kam se z\u00e1jemci mohou p\u0159ij\u00edt na vybran\u00e9 modely t\u00e9to progresivn\u00ed, technologiemi Volvo podporovan\u00e9 zna\u010dky osobn\u011b pod\u00edvat a vozy otestovat. Prvn\u00ed showroom Lynk &amp; Co najdou z\u00e1kazn\u00edci v s\u00eddle skupiny v \u010cestlic\u00edch u Prahy.<\/p>\n\n\n\n<blockquote class=\"wp-block-quote is-layout-flow wp-block-quote-is-layout-flow\">\n<p>Zna\u010dka Lynk &amp; Co se ve sv\u011bt\u011b profiluje jako dynamick\u00e1, drav\u00e1 a z\u00e1rove\u0148 stylov\u011b \u010dist\u00e1 a minimalistick\u00e1. A tomu odpov\u00edd\u00e1 i podoba prodejn\u00edch prostor, kter\u00e9 v\u00edce ne\u017e automobilov\u00fd showroom p\u0159ipom\u00ednaj\u00ed v\u00fdstavn\u00ed designov\u00fd ateli\u00e9r. Ten v \u010cestlic\u00edch nab\u00eddne klient\u016fm hned 460 m\u00b2 prodejn\u00ed plochy.<\/p>\n<\/blockquote>\n\n\n\n<p>\u201eSpole\u010dn\u011b s Orbion Cars jsme nad\u0161en\u00ed, \u017ee m\u016f\u017eeme p\u0159iv\u00e9st Lynk &amp; Co do \u010cesk\u00e9 republiky a propojit se s novou komunitou \u0159idi\u010d\u016f, \u201c uvedl u p\u0159\u00edle\u017eitosti uveden\u00ed zna\u010dky na \u010desk\u00fd trh Keith Sch\u00e4fer, viceprezident pro obchodn\u00ed operace ve spole\u010dnosti Lynk &amp; Co International. \u201eNejde jen o vstup na trh \u2013 je to pozv\u00e1n\u00ed pro \u010desk\u00e9 \u0159idi\u010de, aby za\u017eili nov\u00fd odv\u00e1\u017en\u00fd p\u0159\u00edstup k mobilit\u011b, \u201c dodal.<\/p><br>\n\n\n\n<figure class=\"wp-block-image size-large\"><img loading=\"lazy\" decoding=\"async\" width=\"1024\" height=\"683\" src=\"https:\/\/www.mzone.cz\/wp-content\/uploads\/2025\/10\/DSC07995-1024x683.jpg\" alt=\"Nov\u00fd showroom Lynk &#038; Co v \u010cestlic\u00edch u Prahy\" class=\"wp-image-46542\" srcset=\"https:\/\/www.mzone.cz\/wp-content\/uploads\/2025\/10\/DSC07995-1024x683.jpg 1024w, https:\/\/www.mzone.cz\/wp-content\/uploads\/2025\/10\/DSC07995-300x200.jpg 300w, https:\/\/www.mzone.cz\/wp-content\/uploads\/2025\/10\/DSC07995-768x512.jpg 768w, https:\/\/www.mzone.cz\/wp-content\/uploads\/2025\/10\/DSC07995-1536x1024.jpg 1536w, https:\/\/www.mzone.cz\/wp-content\/uploads\/2025\/10\/DSC07995-2048x1365.jpg 2048w, https:\/\/www.mzone.cz\/wp-content\/uploads\/2025\/10\/DSC07995-18x12.jpg 18w, https:\/\/www.mzone.cz\/wp-content\/uploads\/2025\/10\/DSC07995-800x533.jpg 800w, https:\/\/www.mzone.cz\/wp-content\/uploads\/2025\/10\/DSC07995-400x267.jpg 400w, https:\/\/www.mzone.cz\/wp-content\/uploads\/2025\/10\/DSC07995-500x333.jpg 500w, https:\/\/www.mzone.cz\/wp-content\/uploads\/2025\/10\/DSC07995-1170x780.jpg 1170w, https:\/\/www.mzone.cz\/wp-content\/uploads\/2025\/10\/DSC07995-590x393.jpg 590w\" sizes=\"auto, (max-width: 1024px) 100vw, 1024px\" \/><\/figure><br>\n\n\n\n<p>\u201eJsem r\u00e1d, \u017ee d\u00edky Lynk &amp; Co m\u00e1me v na\u0161em portfoliu u\u017e druhou automobilku se \u0161v\u00e9dsk\u00fdmi ko\u0159eny, \u201c \u0159\u00edk\u00e1 Du\u0161an Chlad, v\u00fdkonn\u00fd \u0159editel skupiny Autorion, a dod\u00e1v\u00e1: \u201eDo budoucna pl\u00e1nujeme otev\u0159en\u00ed dal\u0161\u00edch prodejn\u00edch m\u00edst zna\u010dky v Praze i Brn\u011b.\u201c<\/p><br>\n\n\n\n<p><strong>Lynk &amp; Co nab\u00edz\u00ed v sou\u010dasnosti na \u010desk\u00e9m trhu t\u0159i modely:<\/strong><\/p><br>\n\n\n\n<ul class=\"wp-block-list\">\n<li>univerz\u00e1ln\u00ed plug-in hybridn\u00ed SUV 01,<\/li>\n\n\n\n<li>sportovn\u00ed elektrick\u00e9 crossover-coup\u00e9 02,<\/li>\n\n\n\n<li>plug-in hybridn\u00ed vlajkovou lo\u010f 08 s kombinovan\u00fdm dojezdem a\u017e 1100 kilometr\u016f, p\u0159i\u010dem\u017e 200 kilometr\u016f zvl\u00e1dne toto rodinn\u00e9 SUV \u010dist\u011b na elekt\u0159inu. Takov\u00fdch hodnot zat\u00edm nedosahuje \u017e\u00e1dn\u00fd jin\u00fd v\u016fz na \u010desk\u00e9m trhu.<\/li>\n<\/ul>\n\n\n\n<p>Zna\u010dka nyn\u00ed odhalila kompletn\u00ed \u010desk\u00fd cen\u00edk, kter\u00fd za\u010d\u00edn\u00e1 pro \u010desk\u00e9 \u0159idi\u010de na dostupn\u00e9 \u010d\u00e1stce 899 995 K\u010d s DPH za model 02 ve v\u00fdbav\u011b Core a kon\u010d\u00ed na \u010d\u00e1stce 1 449 995 K\u010d s DPH za nejvy\u0161\u0161\u00ed model 08 ve v\u00fdbav\u011b More. V nab\u00eddce jsou v\u017edy dva v\u00fdbavov\u00e9 stupn\u011b a rozd\u00edl mezi nimi \u010din\u00ed u v\u0161ech model\u016f 100 tis\u00edc korun.<\/p><br>\n\n\n\n<p><strong>Kompletn\u00ed \u010desk\u00fd cen\u00edk model\u016f Lynk &amp; Co:<\/strong><\/p><br>\n\n\n\n<figure class=\"wp-block-table\"><table class=\"has-fixed-layout\"><tbody><tr><td><strong>Model<\/strong><\/td><td><strong>Motorizace<\/strong><\/td><td><strong>Stupe\u0148 v\u00fdbavy<\/strong><\/td><td><strong>Cena v K\u010d s DPH<\/strong><\/td><\/tr><tr><td>01<\/td><td>plug-in hybrid, benz\u00ednov\u00fd motor 1.5TD + elektromotor, celkem 276 kon\u00ed<\/td><td>Core<\/td><td>999 995,-<\/td><\/tr><tr><td>01<\/td><td>plug-in hybrid, benz\u00ednov\u00fd motor 1.5TD + elektromotor, celkem 276 kon\u00ed<\/td><td>More<\/td><td>1 099 995,-<\/td><\/tr><tr><td>02<\/td><td>elektromotor o v\u00fdkonu 272 kon\u00ed<\/td><td>Core<\/td><td>899 995,-<\/td><\/tr><tr><td>02<\/td><td>elektromotor o v\u00fdkonu 272 kon\u00ed<\/td><td>More<\/td><td>999 995,-<\/td><\/tr><tr><td>08<\/td><td>plug-in hybrid, benz\u00ednov\u00fd motor 1.5TD + elektromotor, celkem 345 kon\u00ed<\/td><td>Core<\/td><td>1 349 995,-<\/td><\/tr><tr><td>08<\/td><td>plug-in hybrid, benz\u00ednov\u00fd motor 1.5TD + elektromotor, celkem 345 kon\u00ed<\/td><td>More<\/td><td>1 449 995,-<\/td><\/tr><\/tbody><\/table><\/figure><br>\n\n\n\n<p>Spole\u010dnost Orbion Cars tak\u00e9 ozn\u00e1mila prvn\u00edho z ambasador\u016f, kter\u00fd bude v \u010cesku zna\u010dku Lynk &amp; Co reprezentovat. Jedn\u00e1 se o design\u00e9ra Vratislava Pecku vystupuj\u00edc\u00edho pod pseudonymem <a href=\"https:\/\/www.instagram.com\/posterlad\" target=\"_blank\" rel=\"noreferrer noopener\">PosterLad<\/a>. Specializuje se na tvorbu origin\u00e1ln\u00edch geometrick\u00fdch a minimalistick\u00fdch plak\u00e1t\u016f, kter\u00fdmi si vydobyl renom\u00e9 v \u010cesku i po cel\u00e9m sv\u011bt\u011b.<\/p>\n\n\n\n<blockquote class=\"wp-block-quote is-layout-flow wp-block-quote-is-layout-flow\">\n<p>\u201eJako \u010dlov\u011bk \u017eij\u00edc\u00ed v centru m\u011bsta jsem auto nikdy nepot\u0159eboval. Dnes ale \u010dasto pendluji mezi studiem, tisk\u00e1rnami, \u0161kolkami a domovem, tak\u017ee naplno oce\u0148uji flexibilitu a komfort nov\u00e9ho Lynk &amp; Co 08, kter\u00e9 skv\u011ble vyhovuje cel\u00e9 moj\u00ed rodin\u011b, \u201c \u0159\u00edk\u00e1 Vratislav Pecka alias PosterLad a dod\u00e1v\u00e1: \u201eL\u00edb\u00ed se mi filozofie zna\u010dky zam\u011b\u0159en\u00e1 na udr\u017eitelnost, elektrifikaci a n\u00edzk\u00e9 emise. A taky v\u00fdrazn\u00fd design, kter\u00fd na silnici opravdu zaujme.\u201c<\/p>\n<\/blockquote>\n\n\n\n<p>Nov\u00fd showroom Lynk &amp; Co si m\u011bli ji\u017e mo\u017enost prohl\u00e9dnout prvn\u00ed n\u00e1v\u0161t\u011bvn\u00edci, a to b\u011bhem ofici\u00e1ln\u00edho grand openingu 23. \u0159\u00edjna. Slavnostn\u00edho ve\u010dera, kter\u00fd pro Orbion Cars p\u0159ipravili Lidi z Baru \u2013 auto\u0159i mimo jin\u00e9 i alternativn\u00edho plesu Neb\u00e1l \u2013 se z\u00fa\u010dastnilo p\u0159es 200 host\u016f. Modelov\u00e9 \u0159ady zna\u010dky jim byly p\u0159edstaveny formou z\u00e1\u017eitkov\u00e9 instalace dopln\u011bn\u00e9 o interaktivn\u00ed \u017eiv\u00e1 vystoupen\u00ed, kreativn\u00ed gastronomii a origin\u00e1ln\u00ed drinky.<\/p><br>\n\n\n\n<figure class=\"wp-block-image size-large\"><img loading=\"lazy\" decoding=\"async\" width=\"1024\" height=\"683\" src=\"https:\/\/www.mzone.cz\/wp-content\/uploads\/2025\/10\/DSC08119-1024x683.jpg\" alt=\"Slavnostn\u00ed otev\u00edra\u010dka nov\u00e9ho showroomu Lynk &#038; Co\" class=\"wp-image-46555\" srcset=\"https:\/\/www.mzone.cz\/wp-content\/uploads\/2025\/10\/DSC08119-1024x683.jpg 1024w, https:\/\/www.mzone.cz\/wp-content\/uploads\/2025\/10\/DSC08119-300x200.jpg 300w, https:\/\/www.mzone.cz\/wp-content\/uploads\/2025\/10\/DSC08119-768x512.jpg 768w, https:\/\/www.mzone.cz\/wp-content\/uploads\/2025\/10\/DSC08119-1536x1024.jpg 1536w, https:\/\/www.mzone.cz\/wp-content\/uploads\/2025\/10\/DSC08119-2048x1365.jpg 2048w, https:\/\/www.mzone.cz\/wp-content\/uploads\/2025\/10\/DSC08119-18x12.jpg 18w, https:\/\/www.mzone.cz\/wp-content\/uploads\/2025\/10\/DSC08119-800x533.jpg 800w, https:\/\/www.mzone.cz\/wp-content\/uploads\/2025\/10\/DSC08119-400x267.jpg 400w, https:\/\/www.mzone.cz\/wp-content\/uploads\/2025\/10\/DSC08119-500x333.jpg 500w, https:\/\/www.mzone.cz\/wp-content\/uploads\/2025\/10\/DSC08119-1170x780.jpg 1170w, https:\/\/www.mzone.cz\/wp-content\/uploads\/2025\/10\/DSC08119-590x393.jpg 590w\" sizes=\"auto, (max-width: 1024px) 100vw, 1024px\" \/><\/figure><br>\n\n\n\n<h2 class=\"wp-block-heading\">O automobilce Lynk &amp; Co<\/h2>\n\n\n\n<p>Lynk &amp; Co je v\u00edc ne\u017e automobilov\u00e1 spole\u010dnost; je to inov\u00e1tor v oblasti mobility. Nab\u00edz\u00ed \u0161irokou \u0161k\u00e1lu elektrifikovan\u00fdch voz\u016f \u2013 od plug-in hybridu s dlouh\u00fdm dojezdem 08, p\u0159es pln\u011b elektrick\u00fd model 02 a\u017e po obl\u00edben\u00fd plug-in hybrid 01.<\/p>\n\n\n\n<blockquote class=\"wp-block-quote is-layout-flow wp-block-quote-is-layout-flow\">\n<p>Zna\u010dka spojuje v\u00fdrazn\u00fd, modern\u00ed design s pr\u016fkopnick\u00fdmi \u0159e\u0161en\u00edmi konektivity, aby poskytla pokrokov\u00fd z\u00e1\u017eitek z j\u00edzdy. Zalo\u017eena byla v roce 2016 se s\u00eddlem v G\u00f6teborgu ve \u0160v\u00e9dsku, dnes p\u016fsob\u00ed na 25 trz\u00edch po cel\u00e9 Evrop\u011b a nach\u00e1z\u00ed se na ambici\u00f3zn\u00ed cest\u011b expanze, kter\u00e1 znovu definuje, co znamen\u00e1 modern\u00ed mobilita.<\/p>\n<\/blockquote>\n\n\n\n<p>Jak Lynk &amp; Co pokra\u010duje ve sv\u00e9 odv\u00e1\u017en\u00e9 cest\u011b roz\u0161i\u0159ov\u00e1n\u00ed do maloobchodn\u00edch prodejn\u00edch kan\u00e1l\u016f prost\u0159ednictv\u00edm partnerstv\u00ed s m\u00edstn\u00edmi prodejci, funguje ji\u017e zhruba 100 partnersky provozovan\u00fdch prodejn\u00edch m\u00edst po cel\u00e9 Evrop\u011b. Zna\u010dka sm\u011b\u0159uje k dosa\u017een\u00ed 150 m\u00edst do konce roku 2025. Tato rostouc\u00ed s\u00ed\u0165 p\u0159ibli\u017euje Lynk &amp; Co je\u0161t\u011b v\u00edce z\u00e1kazn\u00edk\u016fm, a p\u0159itom z\u016fst\u00e1v\u00e1 v\u011brn\u00e1 sv\u00e9mu posl\u00e1n\u00ed: m\u011bnit budoucnost mobility \u2013 pro lidi, pro pokrok a pro pozitivn\u00ed dopad.<\/p><br>\n\n\n\n<div class=\"wp-block-media-text is-stacked-on-mobile is-vertically-aligned-top\" style=\"grid-template-columns:23% auto\"><figure class=\"wp-block-media-text__media\"><a href=\"https:\/\/www.mzone.cz\/lynk-co-prijizdi-na-ceske-silnice\/\"><img loading=\"lazy\" decoding=\"async\" width=\"1024\" height=\"683\" src=\"https:\/\/www.mzone.cz\/wp-content\/uploads\/2025\/09\/Lynk-Co-08-1024x683.jpg\" alt=\"Lynk &amp; Co 08\" class=\"wp-image-46255 size-full\" srcset=\"https:\/\/www.mzone.cz\/wp-content\/uploads\/2025\/09\/Lynk-Co-08-1024x683.jpg 1024w, https:\/\/www.mzone.cz\/wp-content\/uploads\/2025\/09\/Lynk-Co-08-300x200.jpg 300w, https:\/\/www.mzone.cz\/wp-content\/uploads\/2025\/09\/Lynk-Co-08-768x512.jpg 768w, https:\/\/www.mzone.cz\/wp-content\/uploads\/2025\/09\/Lynk-Co-08-1536x1024.jpg 1536w, https:\/\/www.mzone.cz\/wp-content\/uploads\/2025\/09\/Lynk-Co-08-2048x1366.jpg 2048w, https:\/\/www.mzone.cz\/wp-content\/uploads\/2025\/09\/Lynk-Co-08-18x12.jpg 18w, https:\/\/www.mzone.cz\/wp-content\/uploads\/2025\/09\/Lynk-Co-08-800x533.jpg 800w, https:\/\/www.mzone.cz\/wp-content\/uploads\/2025\/09\/Lynk-Co-08-400x267.jpg 400w, https:\/\/www.mzone.cz\/wp-content\/uploads\/2025\/09\/Lynk-Co-08-500x333.jpg 500w, https:\/\/www.mzone.cz\/wp-content\/uploads\/2025\/09\/Lynk-Co-08-1170x780.jpg 1170w, https:\/\/www.mzone.cz\/wp-content\/uploads\/2025\/09\/Lynk-Co-08-590x393.jpg 590w\" sizes=\"auto, (max-width: 1024px) 100vw, 1024px\" \/><\/a><\/figure><div class=\"wp-block-media-text__content\">\n<h4 class=\"wp-block-heading\"><a href=\"https:\/\/www.mzone.cz\/lynk-co-prijizdi-na-ceske-silnice\/\">Dal\u0161\u00ed nov\u00e1 zna\u010dka! Lynk &amp; Co p\u0159ij\u00ed\u017ed\u00ed na \u010desk\u00e9 silnice<\/a><\/h4><br>\n<\/div><\/div>\n\n\n\n<p><\/p>","protected":false},"excerpt":{"rendered":"<p>P\u016fvodem \u0161v\u00e9dsk\u00e1 automobilka Lynk &amp; Co otev\u00edr\u00e1 za\u010d\u00e1tkem listopadu sv\u016fj prvn\u00ed tuzemsk\u00fd showroom. V\u00fdhradn\u00edm \u010desk\u00fdm prodejcem t\u011bchto pr\u00e9miov\u00fdch elektro a hybridn\u00edch voz\u016f je spole\u010dnost Orbion Cars, spadaj\u00edc\u00ed do skupiny Autorion, prod\u00e1vaj\u00edc\u00ed na \u010desk\u00e9m trhu vedle \u0161v\u00e9dsk\u00e9ho Volva tak\u00e9 nap\u0159\u00edklad zna\u010dky Land Rover \u010di Jaguar. Kr\u00e1tce p\u0159ed spu\u0161t\u011bn\u00edm provozu showroomu byl p\u0159edstaven tak\u00e9 ofici\u00e1ln\u00ed cen\u00edk voz\u016f [&hellip;]<\/p>\n","protected":false},"author":4,"featured_media":46537,"comment_status":"open","ping_status":"closed","sticky":false,"template":"","format":"standard","meta":{"kk_blocks_editor_width":"","_kiokenblocks_attr":"","_kiokenblocks_dimensions":"","footnotes":""},"categories":[69],"tags":[585,82,462,552,6455,4032,4984,6454,5999,16,6151,6069,6068],"class_list":["post-46535","post","type-post","status-publish","format-standard","has-post-thumbnail","hentry","category-auto-moto","tag-auta","tag-auto","tag-auto-moto","tag-automobily","tag-autorion","tag-cenik","tag-cesky-trh","tag-cestlice","tag-lynk-co","tag-novinka","tag-orbion-cars","tag-oteviracka","tag-showroom"],"yoast_head":"<!-- This site is optimized with the Yoast SEO plugin v27.5 - https:\/\/yoast.com\/product\/yoast-seo-wordpress\/ -->\n<title>Automobilka Lynk &amp; Co otev\u00edr\u00e1 u Prahy prvn\u00ed \u010desk\u00fd showroom, zve\u0159ejnila tak\u00e9 \u010desk\u00fd cen\u00edk - Mzone<\/title>\n<meta name=\"description\" content=\"P\u016fvodem \u0161v\u00e9dsk\u00e1 automobilka Lynk &amp; Co otev\u00edr\u00e1 za\u010d\u00e1tkem listopadu sv\u016fj prvn\u00ed tuzemsk\u00fd showroom. V\u00fdhradn\u00edm \u010desk\u00fdm prodejcem t\u011bchto pr\u00e9miov\u00fdch elektro a hybridn\u00edch voz\u016f je spole\u010dnost Orbion Cars, spadaj\u00edc\u00ed do skupiny Autorion, prod\u00e1vaj\u00edc\u00ed na \u010desk\u00e9m trhu vedle \u0161v\u00e9dsk\u00e9ho Volva tak\u00e9 nap\u0159\u00edklad zna\u010dky Land Rover \u010di Jaguar. Kr\u00e1tce p\u0159ed spu\u0161t\u011bn\u00edm provozu showroomu byl p\u0159edstaven tak\u00e9 ofici\u00e1ln\u00ed cen\u00edk voz\u016f Lynk &amp; Co pro \u010desk\u00e9 z\u00e1kazn\u00edky.\" \/>\n<meta name=\"robots\" content=\"index, follow, max-snippet:-1, max-image-preview:large, max-video-preview:-1\" \/>\n<link rel=\"canonical\" href=\"https:\/\/www.mzone.cz\/en\/lynk-co-otevira-u-prahy-prvni-cesky-showroom-zverejnen-byl-take-cesky-cenik\/\" \/>\n<meta property=\"og:locale\" content=\"en_US\" \/>\n<meta property=\"og:type\" content=\"article\" \/>\n<meta property=\"og:title\" content=\"Automobilka Lynk &amp; Co otev\u00edr\u00e1 u Prahy prvn\u00ed \u010desk\u00fd showroom, zve\u0159ejnila tak\u00e9 \u010desk\u00fd cen\u00edk - Mzone\" \/>\n<meta property=\"og:description\" content=\"P\u016fvodem \u0161v\u00e9dsk\u00e1 automobilka Lynk &amp; Co otev\u00edr\u00e1 za\u010d\u00e1tkem listopadu sv\u016fj prvn\u00ed tuzemsk\u00fd showroom. V\u00fdhradn\u00edm \u010desk\u00fdm prodejcem t\u011bchto pr\u00e9miov\u00fdch elektro a hybridn\u00edch voz\u016f je spole\u010dnost Orbion Cars, spadaj\u00edc\u00ed do skupiny Autorion, prod\u00e1vaj\u00edc\u00ed na \u010desk\u00e9m trhu vedle \u0161v\u00e9dsk\u00e9ho Volva tak\u00e9 nap\u0159\u00edklad zna\u010dky Land Rover \u010di Jaguar. Kr\u00e1tce p\u0159ed spu\u0161t\u011bn\u00edm provozu showroomu byl p\u0159edstaven tak\u00e9 ofici\u00e1ln\u00ed cen\u00edk voz\u016f Lynk &amp; Co pro \u010desk\u00e9 z\u00e1kazn\u00edky.\" \/>\n<meta property=\"og:url\" content=\"https:\/\/www.mzone.cz\/en\/lynk-co-otevira-u-prahy-prvni-cesky-showroom-zverejnen-byl-take-cesky-cenik\/\" \/>\n<meta property=\"og:site_name\" content=\"Mzone\" \/>\n<meta property=\"article:publisher\" content=\"https:\/\/www.facebook.com\/MzoneCZ\/\" \/>\n<meta property=\"article:published_time\" content=\"2025-10-29T04:00:00+00:00\" \/>\n<meta property=\"og:image\" content=\"https:\/\/www.mzone.cz\/wp-content\/uploads\/2025\/10\/Showroom-Lynk-Co-v-Cestlicich-scaled.jpg\" \/>\n\t<meta property=\"og:image:width\" content=\"2560\" \/>\n\t<meta property=\"og:image:height\" content=\"1707\" \/>\n\t<meta property=\"og:image:type\" content=\"image\/jpeg\" \/>\n<meta name=\"author\" content=\"Mzone\" \/>\n<meta name=\"twitter:card\" content=\"summary_large_image\" \/>\n<meta name=\"twitter:label1\" content=\"Written by\" \/>\n\t<meta name=\"twitter:data1\" content=\"Mzone\" \/>\n\t<meta name=\"twitter:label2\" content=\"Est. reading time\" \/>\n\t<meta name=\"twitter:data2\" content=\"5 minutes\" \/>\n<script type=\"application\/ld+json\" class=\"yoast-schema-graph\">{\"@context\":\"https:\\\/\\\/schema.org\",\"@graph\":[{\"@type\":\"Article\",\"@id\":\"https:\\\/\\\/www.mzone.cz\\\/lynk-co-otevira-u-prahy-prvni-cesky-showroom-zverejnen-byl-take-cesky-cenik\\\/#article\",\"isPartOf\":{\"@id\":\"https:\\\/\\\/www.mzone.cz\\\/lynk-co-otevira-u-prahy-prvni-cesky-showroom-zverejnen-byl-take-cesky-cenik\\\/\"},\"author\":{\"name\":\"Mzone\",\"@id\":\"https:\\\/\\\/www.mzone.cz\\\/#\\\/schema\\\/person\\\/9bc20cc422a99cac4af6ff9297da32d4\"},\"headline\":\"Automobilka Lynk &amp; Co otev\u00edr\u00e1 u Prahy prvn\u00ed \u010desk\u00fd showroom, zve\u0159ejnila tak\u00e9 \u010desk\u00fd cen\u00edk\",\"datePublished\":\"2025-10-29T04:00:00+00:00\",\"mainEntityOfPage\":{\"@id\":\"https:\\\/\\\/www.mzone.cz\\\/lynk-co-otevira-u-prahy-prvni-cesky-showroom-zverejnen-byl-take-cesky-cenik\\\/\"},\"wordCount\":1017,\"commentCount\":0,\"image\":{\"@id\":\"https:\\\/\\\/www.mzone.cz\\\/lynk-co-otevira-u-prahy-prvni-cesky-showroom-zverejnen-byl-take-cesky-cenik\\\/#primaryimage\"},\"thumbnailUrl\":\"https:\\\/\\\/www.mzone.cz\\\/wp-content\\\/uploads\\\/2025\\\/10\\\/Showroom-Lynk-Co-v-Cestlicich-scaled.jpg\",\"keywords\":[\"auta\",\"Auto\",\"auto-moto\",\"automobily\",\"Autorion\",\"cen\u00edk\",\"\u010desk\u00fd trh\",\"\u010cestlice\",\"Lynk &amp; Co\",\"Novinka\",\"Orbion Cars\",\"otev\u00edra\u010dka\",\"showroom\"],\"articleSection\":[\"Auto-moto\"],\"inLanguage\":\"en-US\",\"potentialAction\":[{\"@type\":\"CommentAction\",\"name\":\"Comment\",\"target\":[\"https:\\\/\\\/www.mzone.cz\\\/lynk-co-otevira-u-prahy-prvni-cesky-showroom-zverejnen-byl-take-cesky-cenik\\\/#respond\"]}]},{\"@type\":\"WebPage\",\"@id\":\"https:\\\/\\\/www.mzone.cz\\\/lynk-co-otevira-u-prahy-prvni-cesky-showroom-zverejnen-byl-take-cesky-cenik\\\/\",\"url\":\"https:\\\/\\\/www.mzone.cz\\\/lynk-co-otevira-u-prahy-prvni-cesky-showroom-zverejnen-byl-take-cesky-cenik\\\/\",\"name\":\"Automobilka Lynk &amp; Co otev\u00edr\u00e1 u Prahy prvn\u00ed \u010desk\u00fd showroom, zve\u0159ejnila tak\u00e9 \u010desk\u00fd cen\u00edk - Mzone\",\"isPartOf\":{\"@id\":\"https:\\\/\\\/www.mzone.cz\\\/#website\"},\"primaryImageOfPage\":{\"@id\":\"https:\\\/\\\/www.mzone.cz\\\/lynk-co-otevira-u-prahy-prvni-cesky-showroom-zverejnen-byl-take-cesky-cenik\\\/#primaryimage\"},\"image\":{\"@id\":\"https:\\\/\\\/www.mzone.cz\\\/lynk-co-otevira-u-prahy-prvni-cesky-showroom-zverejnen-byl-take-cesky-cenik\\\/#primaryimage\"},\"thumbnailUrl\":\"https:\\\/\\\/www.mzone.cz\\\/wp-content\\\/uploads\\\/2025\\\/10\\\/Showroom-Lynk-Co-v-Cestlicich-scaled.jpg\",\"datePublished\":\"2025-10-29T04:00:00+00:00\",\"author\":{\"@id\":\"https:\\\/\\\/www.mzone.cz\\\/#\\\/schema\\\/person\\\/9bc20cc422a99cac4af6ff9297da32d4\"},\"description\":\"P\u016fvodem \u0161v\u00e9dsk\u00e1 automobilka Lynk & Co otev\u00edr\u00e1 za\u010d\u00e1tkem listopadu sv\u016fj prvn\u00ed tuzemsk\u00fd showroom. V\u00fdhradn\u00edm \u010desk\u00fdm prodejcem t\u011bchto pr\u00e9miov\u00fdch elektro a hybridn\u00edch voz\u016f je spole\u010dnost Orbion Cars, spadaj\u00edc\u00ed do skupiny Autorion, prod\u00e1vaj\u00edc\u00ed na \u010desk\u00e9m trhu vedle \u0161v\u00e9dsk\u00e9ho Volva tak\u00e9 nap\u0159\u00edklad zna\u010dky Land Rover \u010di Jaguar. Kr\u00e1tce p\u0159ed spu\u0161t\u011bn\u00edm provozu showroomu byl p\u0159edstaven tak\u00e9 ofici\u00e1ln\u00ed cen\u00edk voz\u016f Lynk & Co pro \u010desk\u00e9 z\u00e1kazn\u00edky.\",\"breadcrumb\":{\"@id\":\"https:\\\/\\\/www.mzone.cz\\\/lynk-co-otevira-u-prahy-prvni-cesky-showroom-zverejnen-byl-take-cesky-cenik\\\/#breadcrumb\"},\"inLanguage\":\"en-US\",\"potentialAction\":[{\"@type\":\"ReadAction\",\"target\":[\"https:\\\/\\\/www.mzone.cz\\\/lynk-co-otevira-u-prahy-prvni-cesky-showroom-zverejnen-byl-take-cesky-cenik\\\/\"]}]},{\"@type\":\"ImageObject\",\"inLanguage\":\"en-US\",\"@id\":\"https:\\\/\\\/www.mzone.cz\\\/lynk-co-otevira-u-prahy-prvni-cesky-showroom-zverejnen-byl-take-cesky-cenik\\\/#primaryimage\",\"url\":\"https:\\\/\\\/www.mzone.cz\\\/wp-content\\\/uploads\\\/2025\\\/10\\\/Showroom-Lynk-Co-v-Cestlicich-scaled.jpg\",\"contentUrl\":\"https:\\\/\\\/www.mzone.cz\\\/wp-content\\\/uploads\\\/2025\\\/10\\\/Showroom-Lynk-Co-v-Cestlicich-scaled.jpg\",\"width\":2560,\"height\":1707,\"caption\":\"Showroom Lynk & Co v \u010cestlic\u00edch\"},{\"@type\":\"BreadcrumbList\",\"@id\":\"https:\\\/\\\/www.mzone.cz\\\/lynk-co-otevira-u-prahy-prvni-cesky-showroom-zverejnen-byl-take-cesky-cenik\\\/#breadcrumb\",\"itemListElement\":[{\"@type\":\"ListItem\",\"position\":1,\"name\":\"Dom\u016f\",\"item\":\"https:\\\/\\\/www.mzone.cz\\\/\"},{\"@type\":\"ListItem\",\"position\":2,\"name\":\"Automobilka Lynk &amp; Co otev\u00edr\u00e1 u Prahy prvn\u00ed \u010desk\u00fd showroom, zve\u0159ejnila tak\u00e9 \u010desk\u00fd cen\u00edk\"}]},{\"@type\":\"WebSite\",\"@id\":\"https:\\\/\\\/www.mzone.cz\\\/#website\",\"url\":\"https:\\\/\\\/www.mzone.cz\\\/\",\"name\":\"Mzone\",\"description\":\"Magaz\u00edn nejen pro mu\u017ee\",\"potentialAction\":[{\"@type\":\"SearchAction\",\"target\":{\"@type\":\"EntryPoint\",\"urlTemplate\":\"https:\\\/\\\/www.mzone.cz\\\/?s={search_term_string}\"},\"query-input\":{\"@type\":\"PropertyValueSpecification\",\"valueRequired\":true,\"valueName\":\"search_term_string\"}}],\"inLanguage\":\"en-US\"},{\"@type\":\"Person\",\"@id\":\"https:\\\/\\\/www.mzone.cz\\\/#\\\/schema\\\/person\\\/9bc20cc422a99cac4af6ff9297da32d4\",\"name\":\"Mzone\",\"image\":{\"@type\":\"ImageObject\",\"inLanguage\":\"en-US\",\"@id\":\"https:\\\/\\\/secure.gravatar.com\\\/avatar\\\/e780a8630f3182a3d06dd667ab6bea151a0d155b0951bc15fe22633acdac0676?s=96&d=mm&r=g\",\"url\":\"https:\\\/\\\/secure.gravatar.com\\\/avatar\\\/e780a8630f3182a3d06dd667ab6bea151a0d155b0951bc15fe22633acdac0676?s=96&d=mm&r=g\",\"contentUrl\":\"https:\\\/\\\/secure.gravatar.com\\\/avatar\\\/e780a8630f3182a3d06dd667ab6bea151a0d155b0951bc15fe22633acdac0676?s=96&d=mm&r=g\",\"caption\":\"Mzone\"},\"url\":\"https:\\\/\\\/www.mzone.cz\\\/en\\\/author\\\/jakub\\\/\"}]}<\/script>\n<!-- \/ Yoast SEO plugin. -->","yoast_head_json":{"title":"Automobilka Lynk &amp; Co otev\u00edr\u00e1 u Prahy prvn\u00ed \u010desk\u00fd showroom, zve\u0159ejnila tak\u00e9 \u010desk\u00fd cen\u00edk - Mzone","description":"P\u016fvodem \u0161v\u00e9dsk\u00e1 automobilka Lynk & Co otev\u00edr\u00e1 za\u010d\u00e1tkem listopadu sv\u016fj prvn\u00ed tuzemsk\u00fd showroom. V\u00fdhradn\u00edm \u010desk\u00fdm prodejcem t\u011bchto pr\u00e9miov\u00fdch elektro a hybridn\u00edch voz\u016f je spole\u010dnost Orbion Cars, spadaj\u00edc\u00ed do skupiny Autorion, prod\u00e1vaj\u00edc\u00ed na \u010desk\u00e9m trhu vedle \u0161v\u00e9dsk\u00e9ho Volva tak\u00e9 nap\u0159\u00edklad zna\u010dky Land Rover \u010di Jaguar. Kr\u00e1tce p\u0159ed spu\u0161t\u011bn\u00edm provozu showroomu byl p\u0159edstaven tak\u00e9 ofici\u00e1ln\u00ed cen\u00edk voz\u016f Lynk & Co pro \u010desk\u00e9 z\u00e1kazn\u00edky.","robots":{"index":"index","follow":"follow","max-snippet":"max-snippet:-1","max-image-preview":"max-image-preview:large","max-video-preview":"max-video-preview:-1"},"canonical":"https:\/\/www.mzone.cz\/en\/lynk-co-otevira-u-prahy-prvni-cesky-showroom-zverejnen-byl-take-cesky-cenik\/","og_locale":"en_US","og_type":"article","og_title":"Automobilka Lynk &amp; Co otev\u00edr\u00e1 u Prahy prvn\u00ed \u010desk\u00fd showroom, zve\u0159ejnila tak\u00e9 \u010desk\u00fd cen\u00edk - Mzone","og_description":"P\u016fvodem \u0161v\u00e9dsk\u00e1 automobilka Lynk & Co otev\u00edr\u00e1 za\u010d\u00e1tkem listopadu sv\u016fj prvn\u00ed tuzemsk\u00fd showroom. V\u00fdhradn\u00edm \u010desk\u00fdm prodejcem t\u011bchto pr\u00e9miov\u00fdch elektro a hybridn\u00edch voz\u016f je spole\u010dnost Orbion Cars, spadaj\u00edc\u00ed do skupiny Autorion, prod\u00e1vaj\u00edc\u00ed na \u010desk\u00e9m trhu vedle \u0161v\u00e9dsk\u00e9ho Volva tak\u00e9 nap\u0159\u00edklad zna\u010dky Land Rover \u010di Jaguar. Kr\u00e1tce p\u0159ed spu\u0161t\u011bn\u00edm provozu showroomu byl p\u0159edstaven tak\u00e9 ofici\u00e1ln\u00ed cen\u00edk voz\u016f Lynk & Co pro \u010desk\u00e9 z\u00e1kazn\u00edky.","og_url":"https:\/\/www.mzone.cz\/en\/lynk-co-otevira-u-prahy-prvni-cesky-showroom-zverejnen-byl-take-cesky-cenik\/","og_site_name":"Mzone","article_publisher":"https:\/\/www.facebook.com\/MzoneCZ\/","article_published_time":"2025-10-29T04:00:00+00:00","og_image":[{"width":2560,"height":1707,"url":"https:\/\/www.mzone.cz\/wp-content\/uploads\/2025\/10\/Showroom-Lynk-Co-v-Cestlicich-scaled.jpg","type":"image\/jpeg"}],"author":"Mzone","twitter_card":"summary_large_image","twitter_misc":{"Written by":"Mzone","Est. reading time":"5 minutes"},"schema":{"@context":"https:\/\/schema.org","@graph":[{"@type":"Article","@id":"https:\/\/www.mzone.cz\/lynk-co-otevira-u-prahy-prvni-cesky-showroom-zverejnen-byl-take-cesky-cenik\/#article","isPartOf":{"@id":"https:\/\/www.mzone.cz\/lynk-co-otevira-u-prahy-prvni-cesky-showroom-zverejnen-byl-take-cesky-cenik\/"},"author":{"name":"Mzone","@id":"https:\/\/www.mzone.cz\/#\/schema\/person\/9bc20cc422a99cac4af6ff9297da32d4"},"headline":"Automobilka Lynk &amp; Co otev\u00edr\u00e1 u Prahy prvn\u00ed \u010desk\u00fd showroom, zve\u0159ejnila tak\u00e9 \u010desk\u00fd cen\u00edk","datePublished":"2025-10-29T04:00:00+00:00","mainEntityOfPage":{"@id":"https:\/\/www.mzone.cz\/lynk-co-otevira-u-prahy-prvni-cesky-showroom-zverejnen-byl-take-cesky-cenik\/"},"wordCount":1017,"commentCount":0,"image":{"@id":"https:\/\/www.mzone.cz\/lynk-co-otevira-u-prahy-prvni-cesky-showroom-zverejnen-byl-take-cesky-cenik\/#primaryimage"},"thumbnailUrl":"https:\/\/www.mzone.cz\/wp-content\/uploads\/2025\/10\/Showroom-Lynk-Co-v-Cestlicich-scaled.jpg","keywords":["auta","Auto","auto-moto","automobily","Autorion","cen\u00edk","\u010desk\u00fd trh","\u010cestlice","Lynk &amp; Co","Novinka","Orbion Cars","otev\u00edra\u010dka","showroom"],"articleSection":["Auto-moto"],"inLanguage":"en-US","potentialAction":[{"@type":"CommentAction","name":"Comment","target":["https:\/\/www.mzone.cz\/lynk-co-otevira-u-prahy-prvni-cesky-showroom-zverejnen-byl-take-cesky-cenik\/#respond"]}]},{"@type":"WebPage","@id":"https:\/\/www.mzone.cz\/lynk-co-otevira-u-prahy-prvni-cesky-showroom-zverejnen-byl-take-cesky-cenik\/","url":"https:\/\/www.mzone.cz\/lynk-co-otevira-u-prahy-prvni-cesky-showroom-zverejnen-byl-take-cesky-cenik\/","name":"Automobilka Lynk &amp; Co otev\u00edr\u00e1 u Prahy prvn\u00ed \u010desk\u00fd showroom, zve\u0159ejnila tak\u00e9 \u010desk\u00fd cen\u00edk - Mzone","isPartOf":{"@id":"https:\/\/www.mzone.cz\/#website"},"primaryImageOfPage":{"@id":"https:\/\/www.mzone.cz\/lynk-co-otevira-u-prahy-prvni-cesky-showroom-zverejnen-byl-take-cesky-cenik\/#primaryimage"},"image":{"@id":"https:\/\/www.mzone.cz\/lynk-co-otevira-u-prahy-prvni-cesky-showroom-zverejnen-byl-take-cesky-cenik\/#primaryimage"},"thumbnailUrl":"https:\/\/www.mzone.cz\/wp-content\/uploads\/2025\/10\/Showroom-Lynk-Co-v-Cestlicich-scaled.jpg","datePublished":"2025-10-29T04:00:00+00:00","author":{"@id":"https:\/\/www.mzone.cz\/#\/schema\/person\/9bc20cc422a99cac4af6ff9297da32d4"},"description":"P\u016fvodem \u0161v\u00e9dsk\u00e1 automobilka Lynk & Co otev\u00edr\u00e1 za\u010d\u00e1tkem listopadu sv\u016fj prvn\u00ed tuzemsk\u00fd showroom. V\u00fdhradn\u00edm \u010desk\u00fdm prodejcem t\u011bchto pr\u00e9miov\u00fdch elektro a hybridn\u00edch voz\u016f je spole\u010dnost Orbion Cars, spadaj\u00edc\u00ed do skupiny Autorion, prod\u00e1vaj\u00edc\u00ed na \u010desk\u00e9m trhu vedle \u0161v\u00e9dsk\u00e9ho Volva tak\u00e9 nap\u0159\u00edklad zna\u010dky Land Rover \u010di Jaguar. Kr\u00e1tce p\u0159ed spu\u0161t\u011bn\u00edm provozu showroomu byl p\u0159edstaven tak\u00e9 ofici\u00e1ln\u00ed cen\u00edk voz\u016f Lynk & Co pro \u010desk\u00e9 z\u00e1kazn\u00edky.","breadcrumb":{"@id":"https:\/\/www.mzone.cz\/lynk-co-otevira-u-prahy-prvni-cesky-showroom-zverejnen-byl-take-cesky-cenik\/#breadcrumb"},"inLanguage":"en-US","potentialAction":[{"@type":"ReadAction","target":["https:\/\/www.mzone.cz\/lynk-co-otevira-u-prahy-prvni-cesky-showroom-zverejnen-byl-take-cesky-cenik\/"]}]},{"@type":"ImageObject","inLanguage":"en-US","@id":"https:\/\/www.mzone.cz\/lynk-co-otevira-u-prahy-prvni-cesky-showroom-zverejnen-byl-take-cesky-cenik\/#primaryimage","url":"https:\/\/www.mzone.cz\/wp-content\/uploads\/2025\/10\/Showroom-Lynk-Co-v-Cestlicich-scaled.jpg","contentUrl":"https:\/\/www.mzone.cz\/wp-content\/uploads\/2025\/10\/Showroom-Lynk-Co-v-Cestlicich-scaled.jpg","width":2560,"height":1707,"caption":"Showroom Lynk & Co v \u010cestlic\u00edch"},{"@type":"BreadcrumbList","@id":"https:\/\/www.mzone.cz\/lynk-co-otevira-u-prahy-prvni-cesky-showroom-zverejnen-byl-take-cesky-cenik\/#breadcrumb","itemListElement":[{"@type":"ListItem","position":1,"name":"Dom\u016f","item":"https:\/\/www.mzone.cz\/"},{"@type":"ListItem","position":2,"name":"Automobilka Lynk &amp; Co otev\u00edr\u00e1 u Prahy prvn\u00ed \u010desk\u00fd showroom, zve\u0159ejnila tak\u00e9 \u010desk\u00fd cen\u00edk"}]},{"@type":"WebSite","@id":"https:\/\/www.mzone.cz\/#website","url":"https:\/\/www.mzone.cz\/","name":"Mzone","description":"Magaz\u00edn nejen pro mu\u017ee","potentialAction":[{"@type":"SearchAction","target":{"@type":"EntryPoint","urlTemplate":"https:\/\/www.mzone.cz\/?s={search_term_string}"},"query-input":{"@type":"PropertyValueSpecification","valueRequired":true,"valueName":"search_term_string"}}],"inLanguage":"en-US"},{"@type":"Person","@id":"https:\/\/www.mzone.cz\/#\/schema\/person\/9bc20cc422a99cac4af6ff9297da32d4","name":"Mzone","image":{"@type":"ImageObject","inLanguage":"en-US","@id":"https:\/\/secure.gravatar.com\/avatar\/e780a8630f3182a3d06dd667ab6bea151a0d155b0951bc15fe22633acdac0676?s=96&d=mm&r=g","url":"https:\/\/secure.gravatar.com\/avatar\/e780a8630f3182a3d06dd667ab6bea151a0d155b0951bc15fe22633acdac0676?s=96&d=mm&r=g","contentUrl":"https:\/\/secure.gravatar.com\/avatar\/e780a8630f3182a3d06dd667ab6bea151a0d155b0951bc15fe22633acdac0676?s=96&d=mm&r=g","caption":"Mzone"},"url":"https:\/\/www.mzone.cz\/en\/author\/jakub\/"}]}},"_links":{"self":[{"href":"https:\/\/www.mzone.cz\/en\/wp-json\/wp\/v2\/posts\/46535","targetHints":{"allow":["GET"]}}],"collection":[{"href":"https:\/\/www.mzone.cz\/en\/wp-json\/wp\/v2\/posts"}],"about":[{"href":"https:\/\/www.mzone.cz\/en\/wp-json\/wp\/v2\/types\/post"}],"author":[{"embeddable":true,"href":"https:\/\/www.mzone.cz\/en\/wp-json\/wp\/v2\/users\/4"}],"replies":[{"embeddable":true,"href":"https:\/\/www.mzone.cz\/en\/wp-json\/wp\/v2\/comments?post=46535"}],"version-history":[{"count":19,"href":"https:\/\/www.mzone.cz\/en\/wp-json\/wp\/v2\/posts\/46535\/revisions"}],"predecessor-version":[{"id":46565,"href":"https:\/\/www.mzone.cz\/en\/wp-json\/wp\/v2\/posts\/46535\/revisions\/46565"}],"wp:featuredmedia":[{"embeddable":true,"href":"https:\/\/www.mzone.cz\/en\/wp-json\/wp\/v2\/media\/46537"}],"wp:attachment":[{"href":"https:\/\/www.mzone.cz\/en\/wp-json\/wp\/v2\/media?parent=46535"}],"wp:term":[{"taxonomy":"category","embeddable":true,"href":"https:\/\/www.mzone.cz\/en\/wp-json\/wp\/v2\/categories?post=46535"},{"taxonomy":"post_tag","embeddable":true,"href":"https:\/\/www.mzone.cz\/en\/wp-json\/wp\/v2\/tags?post=46535"}],"curies":[{"name":"wp","href":"https:\/\/api.w.org\/{rel}","templated":true}]}}