{"id":46689,"date":"2025-11-21T05:00:00","date_gmt":"2025-11-21T04:00:00","guid":{"rendered":"https:\/\/www.mzone.cz\/?p=46689"},"modified":"2025-11-19T17:29:33","modified_gmt":"2025-11-19T16:29:33","slug":"vanoce-ve-spanelsku-zapomente-na-svarak-a-adventni-trhy-ceka-vas-vino-dulce-flamenco-i-betlemy","status":"publish","type":"post","link":"https:\/\/www.mzone.cz\/en\/vanoce-ve-spanelsku-zapomente-na-svarak-a-adventni-trhy-ceka-vas-vino-dulce-flamenco-i-betlemy\/","title":{"rendered":"Jak vypadaj\u00ed V\u00e1noce ve \u0160pan\u011blsku? Zapome\u0148te na sva\u0159\u00e1k a adventn\u00ed trhy, \u010dek\u00e1 v\u00e1s vino dulce, flamenco i betl\u00e9my!"},"content":{"rendered":"<p><strong>V\u00e1noce nemus\u00ed b\u00fdt jen o sn\u011bhu, mrazu, nebo cest\u011b za teplem p\u0159es p\u016fl sv\u011bta. Ve \u0160pan\u011blsku tyto sv\u00e1tky von\u00ed po slunci, mo\u0159i a pomeran\u010d\u00edch a nab\u00edz\u00ed neopakovatelnou atmosf\u00e9ru, kterou nikde jinde neza\u017eijete.<\/strong><\/p><br>\n\n\n\n<p>Pokud v\u00e1s l\u00e1k\u00e1 pro\u017e\u00edt V\u00e1noce v tri\u010dku a s nohama v p\u00edsku, Andalusie je ide\u00e1ln\u00ed volba. Z \u010ceska jste tam za t\u0159i hodiny a \u010dek\u00e1 v\u00e1s zcela jin\u00e9 klima &#8211; klidn\u00e9, slune\u010dn\u00e9 a pln\u00e9 \u017eivota. Denn\u00ed teploty se pohybuj\u00ed kolem p\u0159\u00edjemn\u00fdch 18\u201320\u202f\u00b0C, tak\u017ee advent, V\u00e1noce i Silvestr si u\u017eijete s pohodou, energi\u00ed a sluncem nad hlavou.<\/p><br>\n\n\n\n<h2 class=\"wp-block-heading\">Advent v Andalusii: sv\u011bt\u00fdlka, flamenco a sladk\u00e9 dobroty&nbsp;<\/h2>\n\n\n\n<p>Ve \u0160pan\u011blsku advent za\u010d\u00edn\u00e1 koncem listopadu, kdy se m\u011bsta rozsv\u011bcuj\u00ed tis\u00edci sv\u011bt\u00fdlek. Nejzn\u00e1m\u011bj\u0161\u00ed show najdete v M\u00e1laze na t\u0159\u00edd\u011b Calle Larios. Betl\u00e9my, kter\u00fdm se ve \u0160pan\u011blsku ne\u0159ekne jinak ne\u017e Belenes, jsou pro \u0160pan\u011bly velmi d\u016fle\u017eit\u00e9. Najdete je v kostel\u00edch, m\u011bstsk\u00fdch v\u00fdstav\u00e1ch i soukrom\u00fdch zahrad\u00e1ch. N\u011bkter\u00e9 jsou nav\u00edc tak detailn\u011b zpracovan\u00e9, \u017ee zobrazuj\u00ed cel\u00e9 vesnice, \u0159emesln\u00edky p\u0159i pr\u00e1ci \u010di biblick\u00e9 p\u0159\u00edb\u011bhy.&nbsp;<\/p>\n\n\n\n<blockquote class=\"wp-block-quote is-layout-flow wp-block-quote-is-layout-flow\">\n<p>M\u00edstn\u00ed adventn\u00ed atmosf\u00e9ru dopl\u0148uje hudba a tanec. Villancicos, tradi\u010dn\u00ed koledy, zde z\u00edsk\u00e1vaj\u00ed flamencov\u00fd rytmus, energick\u00e9 kytarov\u00e9 riffy a rytmick\u00e9 tlesk\u00e1n\u00ed, kter\u00e9 v\u00e1s snadno p\u0159im\u011bje tan\u010dit.<\/p>\n<\/blockquote>\n\n\n\n<p>Vyvrcholen\u00edm jsou spont\u00e1nn\u00ed oslavy Zambomb\u00e1, tradi\u010dn\u00ed slavnost v Andalusii, kter\u00e1 spojuje zp\u011bv, tanec a hru na zambombu, d\u0159ev\u011bn\u00fd buben vyd\u00e1vaj\u00edc\u00ed charakteristick\u00fd duniv\u00fd zvuk. Kon\u00e1 se v men\u0161\u00edch vesnic\u00edch i ve velk\u00fdch m\u011bstech, nap\u0159\u00edklad v Jerez de la Frontera, a je podstatnou sou\u010d\u00e1st\u00ed adventu.<\/p><br>\n\n\n\n<figure class=\"wp-block-image size-large\"><img loading=\"lazy\" decoding=\"async\" width=\"1024\" height=\"683\" src=\"https:\/\/www.mzone.cz\/wp-content\/uploads\/2025\/11\/christmas-malaga_pixabay_-1024x683.jpg\" alt=\"Advent ve \u0160pan\u011blsku\" class=\"wp-image-46694\" srcset=\"https:\/\/www.mzone.cz\/wp-content\/uploads\/2025\/11\/christmas-malaga_pixabay_-1024x683.jpg 1024w, https:\/\/www.mzone.cz\/wp-content\/uploads\/2025\/11\/christmas-malaga_pixabay_-300x200.jpg 300w, https:\/\/www.mzone.cz\/wp-content\/uploads\/2025\/11\/christmas-malaga_pixabay_-768x512.jpg 768w, https:\/\/www.mzone.cz\/wp-content\/uploads\/2025\/11\/christmas-malaga_pixabay_-1536x1024.jpg 1536w, https:\/\/www.mzone.cz\/wp-content\/uploads\/2025\/11\/christmas-malaga_pixabay_-2048x1365.jpg 2048w, https:\/\/www.mzone.cz\/wp-content\/uploads\/2025\/11\/christmas-malaga_pixabay_-18x12.jpg 18w, https:\/\/www.mzone.cz\/wp-content\/uploads\/2025\/11\/christmas-malaga_pixabay_-800x533.jpg 800w, https:\/\/www.mzone.cz\/wp-content\/uploads\/2025\/11\/christmas-malaga_pixabay_-400x267.jpg 400w, https:\/\/www.mzone.cz\/wp-content\/uploads\/2025\/11\/christmas-malaga_pixabay_-500x333.jpg 500w, https:\/\/www.mzone.cz\/wp-content\/uploads\/2025\/11\/christmas-malaga_pixabay_-1170x780.jpg 1170w, https:\/\/www.mzone.cz\/wp-content\/uploads\/2025\/11\/christmas-malaga_pixabay_-590x393.jpg 590w\" sizes=\"auto, (max-width: 1024px) 100vw, 1024px\" \/><\/figure><br>\n\n\n\n<p>M\u00edsto tradi\u010dn\u00edho sva\u0159en\u00e9ho v\u00edna si ve \u0160pan\u011blsku dop\u0159ejete vino dulce, tedy sladk\u00e9 v\u00edno, a k n\u011bmu mandlov\u00fd nug\u00e1t turr\u00f3n nebo m\u00e1slov\u00e9 su\u0161enky polvorones. Obl\u00edben\u00e9 jsou i modern\u00ed varianty s p\u0159\u00edchut\u00ed \u010dokol\u00e1dy \u010di citrus\u016f. Advent v Andalusii je tak lahodn\u00fd pro v\u0161echny smysly.<\/p><br>\n\n\n\n<h2 class=\"wp-block-heading\">V\u00e1noce a Silvestr s netradi\u010dn\u00edmi zvyklostmi&nbsp;<\/h2>\n\n\n\n<p>A jak slav\u00ed V\u00e1noce samotn\u00ed \u0160pan\u011bl\u00e9? \u201eHlavn\u00ed sv\u00e1te\u010dn\u00ed den je 24. prosince, Nochebuena, kdy se rodiny sch\u00e1zej\u00ed u ve\u010de\u0159e, \u010dasto s rybami, mo\u0159sk\u00fdmi plody nebo pe\u010den\u00fdm jehn\u011b\u010d\u00edm \u010di kr\u016ftou. N\u00e1sleduje 25. prosince, Navidad, kter\u00fd je dnem setk\u00e1n\u00ed s p\u0159\u00e1teli a \u0161ir\u0161\u00ed rodinou. Vrcholem sv\u00e1tk\u016f je 6. ledna, D\u00eda de los Reyes Magos, hlavn\u00ed den obdarov\u00e1v\u00e1n\u00ed, kdy m\u011bsty proj\u00ed\u017ed\u00ed pr\u016fvod t\u0159\u00ed kr\u00e1l\u016f,\u201c vysv\u011btluje v\u00e1\u0161niv\u00fd cestovatel Honza Rychta\u0159\u00edk z <a href=\"https:\/\/www.naruby.life\/\" target=\"_blank\">NARUBY.life<\/a>, kter\u00fd v Malaze provozuje vlastn\u00ed p\u016fj\u010dovnu obyt\u0148\u00e1k\u016f.<\/p><br>\n\n\n\n<figure class=\"wp-block-image size-large\"><img loading=\"lazy\" decoding=\"async\" width=\"1024\" height=\"683\" src=\"https:\/\/www.mzone.cz\/wp-content\/uploads\/2025\/11\/sevilla_pexels-1024x683.jpg\" alt=\"V\u00e1noce ve \u0160pan\u011blsku\" class=\"wp-image-46703\" srcset=\"https:\/\/www.mzone.cz\/wp-content\/uploads\/2025\/11\/sevilla_pexels-1024x683.jpg 1024w, https:\/\/www.mzone.cz\/wp-content\/uploads\/2025\/11\/sevilla_pexels-300x200.jpg 300w, https:\/\/www.mzone.cz\/wp-content\/uploads\/2025\/11\/sevilla_pexels-768x512.jpg 768w, https:\/\/www.mzone.cz\/wp-content\/uploads\/2025\/11\/sevilla_pexels-1536x1024.jpg 1536w, https:\/\/www.mzone.cz\/wp-content\/uploads\/2025\/11\/sevilla_pexels-2048x1366.jpg 2048w, https:\/\/www.mzone.cz\/wp-content\/uploads\/2025\/11\/sevilla_pexels-18x12.jpg 18w, https:\/\/www.mzone.cz\/wp-content\/uploads\/2025\/11\/sevilla_pexels-800x533.jpg 800w, https:\/\/www.mzone.cz\/wp-content\/uploads\/2025\/11\/sevilla_pexels-400x267.jpg 400w, https:\/\/www.mzone.cz\/wp-content\/uploads\/2025\/11\/sevilla_pexels-500x333.jpg 500w, https:\/\/www.mzone.cz\/wp-content\/uploads\/2025\/11\/sevilla_pexels-1170x780.jpg 1170w, https:\/\/www.mzone.cz\/wp-content\/uploads\/2025\/11\/sevilla_pexels-590x393.jpg 590w\" sizes=\"auto, (max-width: 1024px) 100vw, 1024px\" \/><\/figure><br>\n\n\n\n<h2 class=\"wp-block-heading\">Pam\u00e1tky bez turist\u016f&nbsp;<\/h2>\n\n\n\n<p>Nejkr\u00e1sn\u011bj\u0161\u00ed zp\u016fsob, jak si sv\u00e1tky ve \u0160pan\u011blsku u\u017e\u00edt, je vyrazit na zimn\u00ed roadtrip obytn\u00fdm autem. R\u00e1no se probouzet u mo\u0159e, p\u0159es den objevovat pam\u00e1tky \u010di hory a ve\u010der us\u00ednat pod hv\u011bzdnou oblohou \u2013 to v\u0161e nab\u00edz\u00ed Andalusie, ide\u00e1ln\u00ed pro zimn\u00ed cestov\u00e1n\u00ed d\u00edky klidn\u00e9mu provozu, p\u0159\u00edjemn\u00fdm teplot\u00e1m a spoust\u011b m\u00edst, kde se d\u00e1 pohodln\u011b p\u0159espat nebo zaparkovat. B\u011bhem p\u00e1r dn\u00ed m\u016f\u017eete za\u017e\u00edt v\u0161echny kontrasty: koupat se v mo\u0159i, proj\u00edt hory Sierry Nevady, leno\u0161it pod palmami i vyrazit do v\u00edru velk\u00fdch m\u011bst.<\/p>\n\n\n\n<blockquote class=\"wp-block-quote is-layout-flow wp-block-quote-is-layout-flow\">\n<p>V prosinci si nav\u00edc m\u016f\u017eete u\u017e\u00edt nejen v\u00e1no\u010dn\u00ed atmosf\u00e9ru, ale i proslul\u00e9 andalusk\u00e9\u00a0pam\u00e1tky bez dav\u016f turist\u016f, nap\u0159\u00edklad Alhambru v Granad\u011b, Mezquitu v C\u00f3rdob\u011b nebo klidn\u00e9 proch\u00e1zky po pob\u0159e\u017e\u00ed Costa del Sol.<\/p>\n<\/blockquote>\n\n\n\n<p>Sv\u00e1tky v obytn\u00e9m aut\u011b v\u00e1m p\u0159inesou svobodu i komfort domova na kolech, a nav\u00edc spole\u010dn\u00e9 vzpom\u00ednky, kter\u00e9 v\u00e1m z\u016fstanou na cel\u00fd \u017eivot.\u00a0Tento typ cestov\u00e1n\u00ed si zamilovala i \u010desk\u00e1 rodina Rychta\u0159\u00edk\u016f. Man\u017eel\u00e9 Honza a Terka spolu procestovali obytn\u00fdm vozem p\u0159es 12 zem\u00ed, ov\u0161em nejv\u00edc je zaujala pr\u00e1v\u011b Andalusie. V Malaze proto provozuj\u00ed p\u016fj\u010dovnu obytn\u00fdch voz\u016f, kde auta p\u0159iprav\u00ed do posledn\u00edho detailu, p\u0159edaj\u00ed kousek od leti\u0161t\u011b a porad\u00ed, kam vyrazit, kde zaparkovat i kde nejl\u00e9pe p\u0159espat. V\u0161e v \u010de\u0161tin\u011b a s dostupnost\u00ed 24\/7.<\/p><br>\n\n\n\n<div class=\"wp-block-media-text is-stacked-on-mobile is-vertically-aligned-top\" style=\"grid-template-columns:29% auto\"><figure class=\"wp-block-media-text__media\"><a href=\"https:\/\/www.mzone.cz\/podzimni-andalusie-cestovatel-radi-jak-si-jizni-spanelsko-vychutnat-na-podzim\/\"><img loading=\"lazy\" decoding=\"async\" width=\"1024\" height=\"682\" src=\"https:\/\/www.mzone.cz\/wp-content\/uploads\/2025\/10\/Podzimni-Andalusie-1024x682.jpeg\" alt=\"Podzimn\u00ed Andalusie\" class=\"wp-image-46488 size-full\" srcset=\"https:\/\/www.mzone.cz\/wp-content\/uploads\/2025\/10\/Podzimni-Andalusie-1024x682.jpeg 1024w, https:\/\/www.mzone.cz\/wp-content\/uploads\/2025\/10\/Podzimni-Andalusie-300x200.jpeg 300w, https:\/\/www.mzone.cz\/wp-content\/uploads\/2025\/10\/Podzimni-Andalusie-768x512.jpeg 768w, https:\/\/www.mzone.cz\/wp-content\/uploads\/2025\/10\/Podzimni-Andalusie-18x12.jpeg 18w, https:\/\/www.mzone.cz\/wp-content\/uploads\/2025\/10\/Podzimni-Andalusie-800x533.jpeg 800w, https:\/\/www.mzone.cz\/wp-content\/uploads\/2025\/10\/Podzimni-Andalusie-400x267.jpeg 400w, https:\/\/www.mzone.cz\/wp-content\/uploads\/2025\/10\/Podzimni-Andalusie-500x333.jpeg 500w, https:\/\/www.mzone.cz\/wp-content\/uploads\/2025\/10\/Podzimni-Andalusie-1170x780.jpeg 1170w, https:\/\/www.mzone.cz\/wp-content\/uploads\/2025\/10\/Podzimni-Andalusie-590x393.jpeg 590w, https:\/\/www.mzone.cz\/wp-content\/uploads\/2025\/10\/Podzimni-Andalusie.jpeg 1400w\" sizes=\"auto, (max-width: 1024px) 100vw, 1024px\" \/><\/a><\/figure><div class=\"wp-block-media-text__content\">\n<h4 class=\"wp-block-heading\"><a href=\"https:\/\/www.mzone.cz\/podzimni-andalusie-cestovatel-radi-jak-si-jizni-spanelsko-vychutnat-na-podzim\/\">Andalusie mimo hlavn\u00ed sez\u00f3nu? Cestovatel rad\u00ed, jak si ji\u017en\u00ed \u0160pan\u011blsko vychutnat na podzim<\/a><\/h4><br>\n<\/div><\/div>\n\n\n\n<p><\/p>","protected":false},"excerpt":{"rendered":"<p>V\u00e1noce nemus\u00ed b\u00fdt jen o sn\u011bhu, mrazu, nebo cest\u011b za teplem p\u0159es p\u016fl sv\u011bta. Ve \u0160pan\u011blsku tyto sv\u00e1tky von\u00ed po slunci, mo\u0159i a pomeran\u010d\u00edch a nab\u00edz\u00ed neopakovatelnou atmosf\u00e9ru, kterou nikde jinde neza\u017eijete. Pokud v\u00e1s l\u00e1k\u00e1 pro\u017e\u00edt V\u00e1noce v tri\u010dku a s nohama v p\u00edsku, Andalusie je ide\u00e1ln\u00ed volba. Z \u010ceska jste tam za t\u0159i hodiny [&hellip;]<\/p>\n","protected":false},"author":4,"featured_media":46691,"comment_status":"open","ping_status":"closed","sticky":false,"template":"","format":"standard","meta":{"kk_blocks_editor_width":"","_kiokenblocks_attr":"","_kiokenblocks_dimensions":"","footnotes":""},"categories":[854,25],"tags":[762,512,2122,2773,490,4857,804],"class_list":["post-46689","post","type-post","status-publish","format-standard","has-post-thumbnail","hentry","category-cestovani","category-style","tag-advent","tag-cestovani","tag-evropa","tag-spanelsko","tag-style","tag-svatky","tag-vanoce"],"yoast_head":"<!-- This site is optimized with the Yoast SEO plugin v27.5 - https:\/\/yoast.com\/product\/yoast-seo-wordpress\/ -->\n<title>Jak vypadaj\u00ed V\u00e1noce ve \u0160pan\u011blsku? Zapome\u0148te na sva\u0159\u00e1k a adventn\u00ed trhy, \u010dek\u00e1 v\u00e1s vino dulce, flamenco i betl\u00e9my! - Mzone<\/title>\n<meta name=\"description\" content=\"V\u00e1noce nemus\u00ed b\u00fdt jen o sn\u011bhu, mrazu, nebo cest\u011b za teplem p\u0159es p\u016fl sv\u011bta. Ve \u0160pan\u011blsku tyto sv\u00e1tky von\u00ed po slunci, mo\u0159i a pomeran\u010d\u00edch a nab\u00edz\u00ed neopakovatelnou atmosf\u00e9ru, kterou nikde jinde neza\u017eijete.\" \/>\n<meta name=\"robots\" content=\"index, follow, max-snippet:-1, max-image-preview:large, max-video-preview:-1\" \/>\n<link rel=\"canonical\" href=\"https:\/\/www.mzone.cz\/en\/vanoce-ve-spanelsku-zapomente-na-svarak-a-adventni-trhy-ceka-vas-vino-dulce-flamenco-i-betlemy\/\" \/>\n<meta property=\"og:locale\" content=\"en_US\" \/>\n<meta property=\"og:type\" content=\"article\" \/>\n<meta property=\"og:title\" content=\"Jak vypadaj\u00ed V\u00e1noce ve \u0160pan\u011blsku? Zapome\u0148te na sva\u0159\u00e1k a adventn\u00ed trhy, \u010dek\u00e1 v\u00e1s vino dulce, flamenco i betl\u00e9my! - Mzone\" \/>\n<meta property=\"og:description\" content=\"V\u00e1noce nemus\u00ed b\u00fdt jen o sn\u011bhu, mrazu, nebo cest\u011b za teplem p\u0159es p\u016fl sv\u011bta. Ve \u0160pan\u011blsku tyto sv\u00e1tky von\u00ed po slunci, mo\u0159i a pomeran\u010d\u00edch a nab\u00edz\u00ed neopakovatelnou atmosf\u00e9ru, kterou nikde jinde neza\u017eijete.\" \/>\n<meta property=\"og:url\" content=\"https:\/\/www.mzone.cz\/en\/vanoce-ve-spanelsku-zapomente-na-svarak-a-adventni-trhy-ceka-vas-vino-dulce-flamenco-i-betlemy\/\" \/>\n<meta property=\"og:site_name\" content=\"Mzone\" \/>\n<meta property=\"article:publisher\" content=\"https:\/\/www.facebook.com\/MzoneCZ\/\" \/>\n<meta property=\"article:published_time\" content=\"2025-11-21T04:00:00+00:00\" \/>\n<meta property=\"og:image\" content=\"https:\/\/www.mzone.cz\/wp-content\/uploads\/2025\/11\/christmas-4557827_1920.jpg\" \/>\n\t<meta property=\"og:image:width\" content=\"1920\" \/>\n\t<meta property=\"og:image:height\" content=\"1280\" \/>\n\t<meta property=\"og:image:type\" content=\"image\/jpeg\" \/>\n<meta name=\"author\" content=\"Mzone\" \/>\n<meta name=\"twitter:card\" content=\"summary_large_image\" \/>\n<meta name=\"twitter:label1\" content=\"Written by\" \/>\n\t<meta name=\"twitter:data1\" content=\"Mzone\" \/>\n\t<meta name=\"twitter:label2\" content=\"Est. reading time\" \/>\n\t<meta name=\"twitter:data2\" content=\"4 minutes\" \/>\n<script type=\"application\/ld+json\" class=\"yoast-schema-graph\">{\"@context\":\"https:\\\/\\\/schema.org\",\"@graph\":[{\"@type\":\"Article\",\"@id\":\"https:\\\/\\\/www.mzone.cz\\\/vanoce-ve-spanelsku-zapomente-na-svarak-a-adventni-trhy-ceka-vas-vino-dulce-flamenco-i-betlemy\\\/#article\",\"isPartOf\":{\"@id\":\"https:\\\/\\\/www.mzone.cz\\\/vanoce-ve-spanelsku-zapomente-na-svarak-a-adventni-trhy-ceka-vas-vino-dulce-flamenco-i-betlemy\\\/\"},\"author\":{\"name\":\"Mzone\",\"@id\":\"https:\\\/\\\/www.mzone.cz\\\/#\\\/schema\\\/person\\\/9bc20cc422a99cac4af6ff9297da32d4\"},\"headline\":\"Jak vypadaj\u00ed V\u00e1noce ve \u0160pan\u011blsku? Zapome\u0148te na sva\u0159\u00e1k a adventn\u00ed trhy, \u010dek\u00e1 v\u00e1s vino dulce, flamenco i betl\u00e9my!\",\"datePublished\":\"2025-11-21T04:00:00+00:00\",\"mainEntityOfPage\":{\"@id\":\"https:\\\/\\\/www.mzone.cz\\\/vanoce-ve-spanelsku-zapomente-na-svarak-a-adventni-trhy-ceka-vas-vino-dulce-flamenco-i-betlemy\\\/\"},\"wordCount\":797,\"commentCount\":0,\"image\":{\"@id\":\"https:\\\/\\\/www.mzone.cz\\\/vanoce-ve-spanelsku-zapomente-na-svarak-a-adventni-trhy-ceka-vas-vino-dulce-flamenco-i-betlemy\\\/#primaryimage\"},\"thumbnailUrl\":\"https:\\\/\\\/www.mzone.cz\\\/wp-content\\\/uploads\\\/2025\\\/11\\\/christmas-4557827_1920.jpg\",\"keywords\":[\"advent\",\"cestov\u00e1n\u00ed\",\"Evropa\",\"\u0160pan\u011blsko\",\"style\",\"sv\u00e1tky\",\"V\u00e1noce\"],\"articleSection\":[\"Cestov\u00e1n\u00ed\",\"Style\"],\"inLanguage\":\"en-US\",\"potentialAction\":[{\"@type\":\"CommentAction\",\"name\":\"Comment\",\"target\":[\"https:\\\/\\\/www.mzone.cz\\\/vanoce-ve-spanelsku-zapomente-na-svarak-a-adventni-trhy-ceka-vas-vino-dulce-flamenco-i-betlemy\\\/#respond\"]}]},{\"@type\":\"WebPage\",\"@id\":\"https:\\\/\\\/www.mzone.cz\\\/vanoce-ve-spanelsku-zapomente-na-svarak-a-adventni-trhy-ceka-vas-vino-dulce-flamenco-i-betlemy\\\/\",\"url\":\"https:\\\/\\\/www.mzone.cz\\\/vanoce-ve-spanelsku-zapomente-na-svarak-a-adventni-trhy-ceka-vas-vino-dulce-flamenco-i-betlemy\\\/\",\"name\":\"Jak vypadaj\u00ed V\u00e1noce ve \u0160pan\u011blsku? Zapome\u0148te na sva\u0159\u00e1k a adventn\u00ed trhy, \u010dek\u00e1 v\u00e1s vino dulce, flamenco i betl\u00e9my! - Mzone\",\"isPartOf\":{\"@id\":\"https:\\\/\\\/www.mzone.cz\\\/#website\"},\"primaryImageOfPage\":{\"@id\":\"https:\\\/\\\/www.mzone.cz\\\/vanoce-ve-spanelsku-zapomente-na-svarak-a-adventni-trhy-ceka-vas-vino-dulce-flamenco-i-betlemy\\\/#primaryimage\"},\"image\":{\"@id\":\"https:\\\/\\\/www.mzone.cz\\\/vanoce-ve-spanelsku-zapomente-na-svarak-a-adventni-trhy-ceka-vas-vino-dulce-flamenco-i-betlemy\\\/#primaryimage\"},\"thumbnailUrl\":\"https:\\\/\\\/www.mzone.cz\\\/wp-content\\\/uploads\\\/2025\\\/11\\\/christmas-4557827_1920.jpg\",\"datePublished\":\"2025-11-21T04:00:00+00:00\",\"author\":{\"@id\":\"https:\\\/\\\/www.mzone.cz\\\/#\\\/schema\\\/person\\\/9bc20cc422a99cac4af6ff9297da32d4\"},\"description\":\"V\u00e1noce nemus\u00ed b\u00fdt jen o sn\u011bhu, mrazu, nebo cest\u011b za teplem p\u0159es p\u016fl sv\u011bta. Ve \u0160pan\u011blsku tyto sv\u00e1tky von\u00ed po slunci, mo\u0159i a pomeran\u010d\u00edch a nab\u00edz\u00ed neopakovatelnou atmosf\u00e9ru, kterou nikde jinde neza\u017eijete.\",\"breadcrumb\":{\"@id\":\"https:\\\/\\\/www.mzone.cz\\\/vanoce-ve-spanelsku-zapomente-na-svarak-a-adventni-trhy-ceka-vas-vino-dulce-flamenco-i-betlemy\\\/#breadcrumb\"},\"inLanguage\":\"en-US\",\"potentialAction\":[{\"@type\":\"ReadAction\",\"target\":[\"https:\\\/\\\/www.mzone.cz\\\/vanoce-ve-spanelsku-zapomente-na-svarak-a-adventni-trhy-ceka-vas-vino-dulce-flamenco-i-betlemy\\\/\"]}]},{\"@type\":\"ImageObject\",\"inLanguage\":\"en-US\",\"@id\":\"https:\\\/\\\/www.mzone.cz\\\/vanoce-ve-spanelsku-zapomente-na-svarak-a-adventni-trhy-ceka-vas-vino-dulce-flamenco-i-betlemy\\\/#primaryimage\",\"url\":\"https:\\\/\\\/www.mzone.cz\\\/wp-content\\\/uploads\\\/2025\\\/11\\\/christmas-4557827_1920.jpg\",\"contentUrl\":\"https:\\\/\\\/www.mzone.cz\\\/wp-content\\\/uploads\\\/2025\\\/11\\\/christmas-4557827_1920.jpg\",\"width\":1920,\"height\":1280,\"caption\":\"V\u00e1noce ve \u0160pan\u011blsku\"},{\"@type\":\"BreadcrumbList\",\"@id\":\"https:\\\/\\\/www.mzone.cz\\\/vanoce-ve-spanelsku-zapomente-na-svarak-a-adventni-trhy-ceka-vas-vino-dulce-flamenco-i-betlemy\\\/#breadcrumb\",\"itemListElement\":[{\"@type\":\"ListItem\",\"position\":1,\"name\":\"Dom\u016f\",\"item\":\"https:\\\/\\\/www.mzone.cz\\\/\"},{\"@type\":\"ListItem\",\"position\":2,\"name\":\"Jak vypadaj\u00ed V\u00e1noce ve \u0160pan\u011blsku? Zapome\u0148te na sva\u0159\u00e1k a adventn\u00ed trhy, \u010dek\u00e1 v\u00e1s vino dulce, flamenco i betl\u00e9my!\"}]},{\"@type\":\"WebSite\",\"@id\":\"https:\\\/\\\/www.mzone.cz\\\/#website\",\"url\":\"https:\\\/\\\/www.mzone.cz\\\/\",\"name\":\"Mzone\",\"description\":\"Magaz\u00edn nejen pro mu\u017ee\",\"potentialAction\":[{\"@type\":\"SearchAction\",\"target\":{\"@type\":\"EntryPoint\",\"urlTemplate\":\"https:\\\/\\\/www.mzone.cz\\\/?s={search_term_string}\"},\"query-input\":{\"@type\":\"PropertyValueSpecification\",\"valueRequired\":true,\"valueName\":\"search_term_string\"}}],\"inLanguage\":\"en-US\"},{\"@type\":\"Person\",\"@id\":\"https:\\\/\\\/www.mzone.cz\\\/#\\\/schema\\\/person\\\/9bc20cc422a99cac4af6ff9297da32d4\",\"name\":\"Mzone\",\"image\":{\"@type\":\"ImageObject\",\"inLanguage\":\"en-US\",\"@id\":\"https:\\\/\\\/secure.gravatar.com\\\/avatar\\\/e780a8630f3182a3d06dd667ab6bea151a0d155b0951bc15fe22633acdac0676?s=96&d=mm&r=g\",\"url\":\"https:\\\/\\\/secure.gravatar.com\\\/avatar\\\/e780a8630f3182a3d06dd667ab6bea151a0d155b0951bc15fe22633acdac0676?s=96&d=mm&r=g\",\"contentUrl\":\"https:\\\/\\\/secure.gravatar.com\\\/avatar\\\/e780a8630f3182a3d06dd667ab6bea151a0d155b0951bc15fe22633acdac0676?s=96&d=mm&r=g\",\"caption\":\"Mzone\"},\"url\":\"https:\\\/\\\/www.mzone.cz\\\/en\\\/author\\\/jakub\\\/\"}]}<\/script>\n<!-- \/ Yoast SEO plugin. -->","yoast_head_json":{"title":"Jak vypadaj\u00ed V\u00e1noce ve \u0160pan\u011blsku? Zapome\u0148te na sva\u0159\u00e1k a adventn\u00ed trhy, \u010dek\u00e1 v\u00e1s vino dulce, flamenco i betl\u00e9my! - Mzone","description":"V\u00e1noce nemus\u00ed b\u00fdt jen o sn\u011bhu, mrazu, nebo cest\u011b za teplem p\u0159es p\u016fl sv\u011bta. Ve \u0160pan\u011blsku tyto sv\u00e1tky von\u00ed po slunci, mo\u0159i a pomeran\u010d\u00edch a nab\u00edz\u00ed neopakovatelnou atmosf\u00e9ru, kterou nikde jinde neza\u017eijete.","robots":{"index":"index","follow":"follow","max-snippet":"max-snippet:-1","max-image-preview":"max-image-preview:large","max-video-preview":"max-video-preview:-1"},"canonical":"https:\/\/www.mzone.cz\/en\/vanoce-ve-spanelsku-zapomente-na-svarak-a-adventni-trhy-ceka-vas-vino-dulce-flamenco-i-betlemy\/","og_locale":"en_US","og_type":"article","og_title":"Jak vypadaj\u00ed V\u00e1noce ve \u0160pan\u011blsku? Zapome\u0148te na sva\u0159\u00e1k a adventn\u00ed trhy, \u010dek\u00e1 v\u00e1s vino dulce, flamenco i betl\u00e9my! - Mzone","og_description":"V\u00e1noce nemus\u00ed b\u00fdt jen o sn\u011bhu, mrazu, nebo cest\u011b za teplem p\u0159es p\u016fl sv\u011bta. Ve \u0160pan\u011blsku tyto sv\u00e1tky von\u00ed po slunci, mo\u0159i a pomeran\u010d\u00edch a nab\u00edz\u00ed neopakovatelnou atmosf\u00e9ru, kterou nikde jinde neza\u017eijete.","og_url":"https:\/\/www.mzone.cz\/en\/vanoce-ve-spanelsku-zapomente-na-svarak-a-adventni-trhy-ceka-vas-vino-dulce-flamenco-i-betlemy\/","og_site_name":"Mzone","article_publisher":"https:\/\/www.facebook.com\/MzoneCZ\/","article_published_time":"2025-11-21T04:00:00+00:00","og_image":[{"width":1920,"height":1280,"url":"https:\/\/www.mzone.cz\/wp-content\/uploads\/2025\/11\/christmas-4557827_1920.jpg","type":"image\/jpeg"}],"author":"Mzone","twitter_card":"summary_large_image","twitter_misc":{"Written by":"Mzone","Est. reading time":"4 minutes"},"schema":{"@context":"https:\/\/schema.org","@graph":[{"@type":"Article","@id":"https:\/\/www.mzone.cz\/vanoce-ve-spanelsku-zapomente-na-svarak-a-adventni-trhy-ceka-vas-vino-dulce-flamenco-i-betlemy\/#article","isPartOf":{"@id":"https:\/\/www.mzone.cz\/vanoce-ve-spanelsku-zapomente-na-svarak-a-adventni-trhy-ceka-vas-vino-dulce-flamenco-i-betlemy\/"},"author":{"name":"Mzone","@id":"https:\/\/www.mzone.cz\/#\/schema\/person\/9bc20cc422a99cac4af6ff9297da32d4"},"headline":"Jak vypadaj\u00ed V\u00e1noce ve \u0160pan\u011blsku? Zapome\u0148te na sva\u0159\u00e1k a adventn\u00ed trhy, \u010dek\u00e1 v\u00e1s vino dulce, flamenco i betl\u00e9my!","datePublished":"2025-11-21T04:00:00+00:00","mainEntityOfPage":{"@id":"https:\/\/www.mzone.cz\/vanoce-ve-spanelsku-zapomente-na-svarak-a-adventni-trhy-ceka-vas-vino-dulce-flamenco-i-betlemy\/"},"wordCount":797,"commentCount":0,"image":{"@id":"https:\/\/www.mzone.cz\/vanoce-ve-spanelsku-zapomente-na-svarak-a-adventni-trhy-ceka-vas-vino-dulce-flamenco-i-betlemy\/#primaryimage"},"thumbnailUrl":"https:\/\/www.mzone.cz\/wp-content\/uploads\/2025\/11\/christmas-4557827_1920.jpg","keywords":["advent","cestov\u00e1n\u00ed","Evropa","\u0160pan\u011blsko","style","sv\u00e1tky","V\u00e1noce"],"articleSection":["Cestov\u00e1n\u00ed","Style"],"inLanguage":"en-US","potentialAction":[{"@type":"CommentAction","name":"Comment","target":["https:\/\/www.mzone.cz\/vanoce-ve-spanelsku-zapomente-na-svarak-a-adventni-trhy-ceka-vas-vino-dulce-flamenco-i-betlemy\/#respond"]}]},{"@type":"WebPage","@id":"https:\/\/www.mzone.cz\/vanoce-ve-spanelsku-zapomente-na-svarak-a-adventni-trhy-ceka-vas-vino-dulce-flamenco-i-betlemy\/","url":"https:\/\/www.mzone.cz\/vanoce-ve-spanelsku-zapomente-na-svarak-a-adventni-trhy-ceka-vas-vino-dulce-flamenco-i-betlemy\/","name":"Jak vypadaj\u00ed V\u00e1noce ve \u0160pan\u011blsku? Zapome\u0148te na sva\u0159\u00e1k a adventn\u00ed trhy, \u010dek\u00e1 v\u00e1s vino dulce, flamenco i betl\u00e9my! - Mzone","isPartOf":{"@id":"https:\/\/www.mzone.cz\/#website"},"primaryImageOfPage":{"@id":"https:\/\/www.mzone.cz\/vanoce-ve-spanelsku-zapomente-na-svarak-a-adventni-trhy-ceka-vas-vino-dulce-flamenco-i-betlemy\/#primaryimage"},"image":{"@id":"https:\/\/www.mzone.cz\/vanoce-ve-spanelsku-zapomente-na-svarak-a-adventni-trhy-ceka-vas-vino-dulce-flamenco-i-betlemy\/#primaryimage"},"thumbnailUrl":"https:\/\/www.mzone.cz\/wp-content\/uploads\/2025\/11\/christmas-4557827_1920.jpg","datePublished":"2025-11-21T04:00:00+00:00","author":{"@id":"https:\/\/www.mzone.cz\/#\/schema\/person\/9bc20cc422a99cac4af6ff9297da32d4"},"description":"V\u00e1noce nemus\u00ed b\u00fdt jen o sn\u011bhu, mrazu, nebo cest\u011b za teplem p\u0159es p\u016fl sv\u011bta. Ve \u0160pan\u011blsku tyto sv\u00e1tky von\u00ed po slunci, mo\u0159i a pomeran\u010d\u00edch a nab\u00edz\u00ed neopakovatelnou atmosf\u00e9ru, kterou nikde jinde neza\u017eijete.","breadcrumb":{"@id":"https:\/\/www.mzone.cz\/vanoce-ve-spanelsku-zapomente-na-svarak-a-adventni-trhy-ceka-vas-vino-dulce-flamenco-i-betlemy\/#breadcrumb"},"inLanguage":"en-US","potentialAction":[{"@type":"ReadAction","target":["https:\/\/www.mzone.cz\/vanoce-ve-spanelsku-zapomente-na-svarak-a-adventni-trhy-ceka-vas-vino-dulce-flamenco-i-betlemy\/"]}]},{"@type":"ImageObject","inLanguage":"en-US","@id":"https:\/\/www.mzone.cz\/vanoce-ve-spanelsku-zapomente-na-svarak-a-adventni-trhy-ceka-vas-vino-dulce-flamenco-i-betlemy\/#primaryimage","url":"https:\/\/www.mzone.cz\/wp-content\/uploads\/2025\/11\/christmas-4557827_1920.jpg","contentUrl":"https:\/\/www.mzone.cz\/wp-content\/uploads\/2025\/11\/christmas-4557827_1920.jpg","width":1920,"height":1280,"caption":"V\u00e1noce ve \u0160pan\u011blsku"},{"@type":"BreadcrumbList","@id":"https:\/\/www.mzone.cz\/vanoce-ve-spanelsku-zapomente-na-svarak-a-adventni-trhy-ceka-vas-vino-dulce-flamenco-i-betlemy\/#breadcrumb","itemListElement":[{"@type":"ListItem","position":1,"name":"Dom\u016f","item":"https:\/\/www.mzone.cz\/"},{"@type":"ListItem","position":2,"name":"Jak vypadaj\u00ed V\u00e1noce ve \u0160pan\u011blsku? Zapome\u0148te na sva\u0159\u00e1k a adventn\u00ed trhy, \u010dek\u00e1 v\u00e1s vino dulce, flamenco i betl\u00e9my!"}]},{"@type":"WebSite","@id":"https:\/\/www.mzone.cz\/#website","url":"https:\/\/www.mzone.cz\/","name":"Mzone","description":"Magaz\u00edn nejen pro mu\u017ee","potentialAction":[{"@type":"SearchAction","target":{"@type":"EntryPoint","urlTemplate":"https:\/\/www.mzone.cz\/?s={search_term_string}"},"query-input":{"@type":"PropertyValueSpecification","valueRequired":true,"valueName":"search_term_string"}}],"inLanguage":"en-US"},{"@type":"Person","@id":"https:\/\/www.mzone.cz\/#\/schema\/person\/9bc20cc422a99cac4af6ff9297da32d4","name":"Mzone","image":{"@type":"ImageObject","inLanguage":"en-US","@id":"https:\/\/secure.gravatar.com\/avatar\/e780a8630f3182a3d06dd667ab6bea151a0d155b0951bc15fe22633acdac0676?s=96&d=mm&r=g","url":"https:\/\/secure.gravatar.com\/avatar\/e780a8630f3182a3d06dd667ab6bea151a0d155b0951bc15fe22633acdac0676?s=96&d=mm&r=g","contentUrl":"https:\/\/secure.gravatar.com\/avatar\/e780a8630f3182a3d06dd667ab6bea151a0d155b0951bc15fe22633acdac0676?s=96&d=mm&r=g","caption":"Mzone"},"url":"https:\/\/www.mzone.cz\/en\/author\/jakub\/"}]}},"_links":{"self":[{"href":"https:\/\/www.mzone.cz\/en\/wp-json\/wp\/v2\/posts\/46689","targetHints":{"allow":["GET"]}}],"collection":[{"href":"https:\/\/www.mzone.cz\/en\/wp-json\/wp\/v2\/posts"}],"about":[{"href":"https:\/\/www.mzone.cz\/en\/wp-json\/wp\/v2\/types\/post"}],"author":[{"embeddable":true,"href":"https:\/\/www.mzone.cz\/en\/wp-json\/wp\/v2\/users\/4"}],"replies":[{"embeddable":true,"href":"https:\/\/www.mzone.cz\/en\/wp-json\/wp\/v2\/comments?post=46689"}],"version-history":[{"count":13,"href":"https:\/\/www.mzone.cz\/en\/wp-json\/wp\/v2\/posts\/46689\/revisions"}],"predecessor-version":[{"id":46708,"href":"https:\/\/www.mzone.cz\/en\/wp-json\/wp\/v2\/posts\/46689\/revisions\/46708"}],"wp:featuredmedia":[{"embeddable":true,"href":"https:\/\/www.mzone.cz\/en\/wp-json\/wp\/v2\/media\/46691"}],"wp:attachment":[{"href":"https:\/\/www.mzone.cz\/en\/wp-json\/wp\/v2\/media?parent=46689"}],"wp:term":[{"taxonomy":"category","embeddable":true,"href":"https:\/\/www.mzone.cz\/en\/wp-json\/wp\/v2\/categories?post=46689"},{"taxonomy":"post_tag","embeddable":true,"href":"https:\/\/www.mzone.cz\/en\/wp-json\/wp\/v2\/tags?post=46689"}],"curies":[{"name":"wp","href":"https:\/\/api.w.org\/{rel}","templated":true}]}}