{"id":46831,"date":"2025-12-10T05:00:00","date_gmt":"2025-12-10T04:00:00","guid":{"rendered":"https:\/\/www.mzone.cz\/?p=46831"},"modified":"2025-12-08T22:00:05","modified_gmt":"2025-12-08T21:00:05","slug":"na-e-biku-na-pico-do-fogo-az-na-vrchol-sopky-a-zase-zpatky","status":"publish","type":"post","link":"https:\/\/www.mzone.cz\/en\/na-e-biku-na-pico-do-fogo-az-na-vrchol-sopky-a-zase-zpatky\/","title":{"rendered":"Na e-biku na Pico do Fogo: A\u017e na vrchol sopky a zase zp\u00e1tky"},"content":{"rendered":"<p><strong>Co d\u011bl\u00e1te, nemus\u00ed d\u00e1vat smysl. M\u016f\u017ee to b\u00fdt u\u010din\u011bn\u00e1 hloupost. D\u016fle\u017eit\u00e9 je, jestli si to lid\u00e9 budou pamatovat. Jak moc si budou pamatovat Gaspiho v\u00fdstup na \u010dinnou sopku Pico do Fogo, uk\u00e1\u017ee a\u017e \u010das. Ale u\u017e te\u010f je jist\u00e9, \u017ee chyb\u011blo opravdu m\u00e1lo, aby se to nikdy nestalo.<\/strong><\/p><br>\n\n\n\n<p>Stoup\u00e1 vzh\u016fru. Nem\u016f\u017ee to vzd\u00e1t. \u0160lape, zhluboka d\u00fdch\u00e1 a c\u00edt\u00ed, jak mu hork\u00fd vzduch vypl\u0148uje plicn\u00ed skl\u00edpky \u2013 jako by vdechoval roztaven\u00fd asfalt. Rovn\u00edkov\u00e9 slunce ho spaluje, ale v\u00edtr klame smysly. Je\u0161t\u011b nec\u00edt\u00ed, \u017ee mu voda z p\u00edtka smyla opalovac\u00ed kr\u00e9m.<\/p>\n\n\n\n<blockquote class=\"wp-block-quote is-layout-flow wp-block-quote-is-layout-flow\">\n<p>Netu\u0161\u00ed, \u017ee mu slune\u010dn\u00ed \u017e\u00e1r zra\u0148uje rty do masa. Kdyby se zeptal m\u00edstn\u00edch, pro\u010d se schov\u00e1vaj\u00ed pod \u0161irok\u00e9 klobouky, \u0159ekli by mu to. Ale on vid\u00ed jen sv\u016fj c\u00edl. S ka\u017ed\u00fdm v\u00fddechem je mu bl\u00ed\u017e. Vrchol sopky Pico do Fogo je na dohled. Te\u010f u\u017e to nem\u016f\u017ee oto\u010dit.<\/p>\n<\/blockquote>\n\n\n\n<p>Ne potom v\u0161em, co musel absolvovat, aby na Kapverdy dostal elektrokolo \u2013 stroj, kter\u00fd kv\u016fli akumul\u00e1toru nevezmou ani do letadla, ani na trajekt. Zb\u00fdvala jedin\u00e1 mo\u017enost: naj\u00edt a domluvit p\u0159epravu s logistickou spole\u010dnost\u00ed, kter\u00e1 by projekt vzala na sv\u00e1 bedra a elektrokolo s bateri\u00ed tam dot\u00e1hla vlastn\u00ed cestou.<\/p><br>\n\n\n\n<figure class=\"wp-block-image size-large\"><img loading=\"lazy\" decoding=\"async\" width=\"1024\" height=\"683\" src=\"https:\/\/www.mzone.cz\/wp-content\/uploads\/2025\/12\/M_S-FIIV-28-1024x683.jpg\" alt=\"V\u00fdstup na Pico do Fogo\" class=\"wp-image-46837\" srcset=\"https:\/\/www.mzone.cz\/wp-content\/uploads\/2025\/12\/M_S-FIIV-28-1024x683.jpg 1024w, https:\/\/www.mzone.cz\/wp-content\/uploads\/2025\/12\/M_S-FIIV-28-300x200.jpg 300w, https:\/\/www.mzone.cz\/wp-content\/uploads\/2025\/12\/M_S-FIIV-28-768x512.jpg 768w, https:\/\/www.mzone.cz\/wp-content\/uploads\/2025\/12\/M_S-FIIV-28-1536x1024.jpg 1536w, https:\/\/www.mzone.cz\/wp-content\/uploads\/2025\/12\/M_S-FIIV-28-2048x1366.jpg 2048w, https:\/\/www.mzone.cz\/wp-content\/uploads\/2025\/12\/M_S-FIIV-28-18x12.jpg 18w, https:\/\/www.mzone.cz\/wp-content\/uploads\/2025\/12\/M_S-FIIV-28-800x533.jpg 800w, https:\/\/www.mzone.cz\/wp-content\/uploads\/2025\/12\/M_S-FIIV-28-400x267.jpg 400w, https:\/\/www.mzone.cz\/wp-content\/uploads\/2025\/12\/M_S-FIIV-28-500x333.jpg 500w, https:\/\/www.mzone.cz\/wp-content\/uploads\/2025\/12\/M_S-FIIV-28-1170x780.jpg 1170w, https:\/\/www.mzone.cz\/wp-content\/uploads\/2025\/12\/M_S-FIIV-28-590x393.jpg 590w\" sizes=\"auto, (max-width: 1024px) 100vw, 1024px\" \/><\/figure><br>\n\n\n\n<h2 class=\"wp-block-heading\"><strong>Dostat e-bike na Kapverdy<\/strong><strong><\/strong><\/h2>\n\n\n\n<p>St\u00e1lo to hodn\u011b \u00fasil\u00ed, \u010dasu i pen\u011bz. \u201e\u00dakolu se nakonec chopila spole\u010dnost Rangel Logistic Solutions a j\u00e1 p\u0159ed nimi t\u00edmto smek\u00e1m, proto\u017ee to byl stejn\u011b n\u00e1ro\u010dn\u00fd v\u00fdkon jako vyjet a sjet samotnou sopku,\u201d \u0159\u00edk\u00e1 Gaspi. Celou operaci pomohl dov\u00e9st do zd\u00e1rn\u00e9ho konce Mustafa Kerim Eren, kter\u00e9ho Gaspi p\u0159ed odletem kontaktoval p\u0159es soci\u00e1ln\u00ed s\u00edt\u011b. \u201eV\u011b\u0159\u00edm, \u017ee na dobr\u00e9 lidi naraz\u00edte kdekoli na sv\u011bt\u011b. Sta\u010d\u00ed m\u00edt otev\u0159en\u00e9 o\u010di a pozorn\u011b se d\u00edvat,\u201d dod\u00e1v\u00e1.<\/p><br>\n\n\n\n<p>Profesion\u00e1ln\u00ed horolezec p\u016fvodem z Karakoramu v P\u00e1kist\u00e1nu si p\u0159ed osmn\u00e1cti lety na\u0161el na Kapverd\u00e1ch \u017eenu Marisu a usadil se s n\u00ed na ostrov\u011b Fogo. Krom\u011b lezen\u00ed \u2013 kde se jako profesion\u00e1l probojoval a\u017e na samotn\u00fd vrchol a \u00fa\u010dastnil se sout\u011b\u017e\u00ed nap\u0159\u00edklad s Adamem Ondrou \u2013 provozuje penzion Casa Marisa. Ka\u017ed\u00fd den leze nebo boulderuje, stav\u00ed nov\u00e9 cesty na skaln\u00ed st\u011bn\u011b za domem, kter\u00e1 svou n\u00e1ro\u010dnost\u00ed nezaost\u00e1v\u00e1 za proslul\u00fdm El Capitanem v Yosemitech.<\/p>\n\n\n\n<blockquote class=\"wp-block-quote is-layout-flow wp-block-quote-is-layout-flow\">\n<p>\u201eMusti byl tak hodn\u00fd, \u017ee se ujal vyzvednut\u00ed na\u0161eho kola na leti\u0161ti,\u201d vzpom\u00edn\u00e1 Gaspi. Kolo bylo nutn\u00e9 p\u0159evz\u00edt slo\u017eit\u00fdm administrativn\u00edm procesem o \u010dty\u0159ech d\u011bjstv\u00edch, na jejich\u017e konci \u00fa\u0159edn\u00edci Mustimu vystavili \u00fa\u010det za clo ve v\u00fd\u0161i neuv\u011b\u0159iteln\u00fdch 85 %, co\u017e je v ostr\u00e9m kontrastu s elektromobily a elektromotorkami, kter\u00e9 jsou z ekologick\u00fdch d\u016fvod\u016f od cla osvobozeny.<\/p>\n<\/blockquote>\n\n\n\n<p>\u201eN\u00e1\u0161 pion\u00fdrsk\u00fd dovoz elektrokola \u2013 podle v\u0161eho prvn\u00edho na ostrovech \u2013 mo\u017en\u00e1 povede ke zru\u0161en\u00ed cel i na n\u011b. To by byl kr\u00e1sn\u00fd vedlej\u0161\u00ed v\u00fdsledek na\u0161\u00ed cesty\u201d douf\u00e1 Gaspi, kter\u00fd po v\u0161ech peripeti\u00edch kone\u010dn\u011b stanul na pl\u00e1\u017ei, odkud se cht\u011bl vydat k nejvy\u0161\u0161\u00ed ho\u0159e ostrova, ty\u010d\u00edc\u00ed se t\u00e9m\u011b\u0159 t\u0159i tis\u00edce metr\u016f nad mo\u0159em.<\/p><br>\n\n\n\n<figure class=\"wp-block-image size-large\"><img loading=\"lazy\" decoding=\"async\" width=\"1024\" height=\"683\" src=\"https:\/\/www.mzone.cz\/wp-content\/uploads\/2025\/12\/M_S-FVI-100-1024x683.jpg\" alt=\"Gaspi na Kapverd\u00e1ch\" class=\"wp-image-46844\" srcset=\"https:\/\/www.mzone.cz\/wp-content\/uploads\/2025\/12\/M_S-FVI-100-1024x683.jpg 1024w, https:\/\/www.mzone.cz\/wp-content\/uploads\/2025\/12\/M_S-FVI-100-300x200.jpg 300w, https:\/\/www.mzone.cz\/wp-content\/uploads\/2025\/12\/M_S-FVI-100-768x512.jpg 768w, https:\/\/www.mzone.cz\/wp-content\/uploads\/2025\/12\/M_S-FVI-100-1536x1024.jpg 1536w, https:\/\/www.mzone.cz\/wp-content\/uploads\/2025\/12\/M_S-FVI-100-2048x1366.jpg 2048w, https:\/\/www.mzone.cz\/wp-content\/uploads\/2025\/12\/M_S-FVI-100-18x12.jpg 18w, https:\/\/www.mzone.cz\/wp-content\/uploads\/2025\/12\/M_S-FVI-100-800x533.jpg 800w, https:\/\/www.mzone.cz\/wp-content\/uploads\/2025\/12\/M_S-FVI-100-400x267.jpg 400w, https:\/\/www.mzone.cz\/wp-content\/uploads\/2025\/12\/M_S-FVI-100-500x333.jpg 500w, https:\/\/www.mzone.cz\/wp-content\/uploads\/2025\/12\/M_S-FVI-100-1170x780.jpg 1170w, https:\/\/www.mzone.cz\/wp-content\/uploads\/2025\/12\/M_S-FVI-100-590x393.jpg 590w\" sizes=\"auto, (max-width: 1024px) 100vw, 1024px\" \/><\/figure><br>\n\n\n\n<h2 class=\"wp-block-heading\"><strong>V\u00fdstup pod rovn\u00edkov\u00fdm sluncem<\/strong><\/h2>\n\n\n\n<p>\u201eV\u00fdjezd od oce\u00e1nu nen\u00ed snadn\u00fd. R\u00e1no je chladno, fouk\u00e1. Atlantik je studen\u00fd. Pak se nad obzor vyhoupne slunce \u2013 a jeho paprsky jsou p\u0159\u00edjemn\u00e9 jen p\u00e1r minut, ne\u017e za\u010dnou p\u00e1lit jako ohe\u0148. V hlav\u011b se jako mantra vrac\u00ed ot\u00e1zka: vydr\u017e\u00ed baterie a\u017e na vrchol? Kdo v\u00ed? Nikdo to zat\u00edm nezkusil.\u201d Stoup\u00e1n\u00ed vede po kamenit\u00fdch svaz\u00edch, po seschl\u00e9 tr\u00e1v\u011b, z n\u00ed\u017e tu a tam vy\u010dn\u00edvaj\u00ed ostr\u00e9 l\u00e1vov\u00e9 kameny. M\u00edstn\u00ed se d\u00edvaj\u00ed a div\u00ed. D\u011bti b\u011b\u017e\u00ed a sleduj\u00ed nev\u00eddan\u00fd \u00fakaz \u2013 elektrocyklistu m\u00ed\u0159\u00edc\u00edho do \u00fabo\u010d\u00ed temn\u00e9, ob\u00e1van\u00e9 hory. \u201eD\u011bti za mnou chv\u00edli b\u011b\u017e\u00ed a pak se vr\u00e1t\u00ed,\u201d usm\u00edv\u00e1 se Gaspi.<\/p>\n\n\n\n<blockquote class=\"wp-block-quote is-layout-flow wp-block-quote-is-layout-flow\">\n<p>Prvn\u00edch tis\u00edc v\u00fd\u0161kov\u00fdch metr\u016f se d\u00e1 zvl\u00e1dnout za hodinu a p\u016fl, ale tak\u00e9 za \u010dty\u0159i \u2013 z\u00e1le\u017e\u00ed na zdatnosti a \u010d\u00e1ste\u010dn\u011b i na odvaze. Ku\u017eel sopky je prudk\u00fd a jak u\u017e to u sopek b\u00fdv\u00e1, ke konci se je\u0161t\u011b v\u00edce zprud\u010duje.<\/p>\n<\/blockquote>\n\n\n\n<p>\u201eJedete bu\u0161\u00ed a pak u\u017e je jen l\u00e1va. L\u00e1va pod nohama prask\u00e1 a n\u011bkdy se mi propad\u00e1 zadn\u00ed kolo. Pak u\u017e je to jen \u0161t\u011brk a pop\u00edlek,\u201d popisuje Gaspi.<\/p><br>\n\n\n\n<figure class=\"wp-block-image size-large\"><img loading=\"lazy\" decoding=\"async\" width=\"1024\" height=\"683\" src=\"https:\/\/www.mzone.cz\/wp-content\/uploads\/2025\/12\/M_S-FVI-48-1024x683.jpg\" alt=\"Ter\u00e9n na Kapverd\u00e1ch\" class=\"wp-image-46847\" srcset=\"https:\/\/www.mzone.cz\/wp-content\/uploads\/2025\/12\/M_S-FVI-48-1024x683.jpg 1024w, https:\/\/www.mzone.cz\/wp-content\/uploads\/2025\/12\/M_S-FVI-48-300x200.jpg 300w, https:\/\/www.mzone.cz\/wp-content\/uploads\/2025\/12\/M_S-FVI-48-768x512.jpg 768w, https:\/\/www.mzone.cz\/wp-content\/uploads\/2025\/12\/M_S-FVI-48-1536x1024.jpg 1536w, https:\/\/www.mzone.cz\/wp-content\/uploads\/2025\/12\/M_S-FVI-48-2048x1366.jpg 2048w, https:\/\/www.mzone.cz\/wp-content\/uploads\/2025\/12\/M_S-FVI-48-18x12.jpg 18w, https:\/\/www.mzone.cz\/wp-content\/uploads\/2025\/12\/M_S-FVI-48-800x533.jpg 800w, https:\/\/www.mzone.cz\/wp-content\/uploads\/2025\/12\/M_S-FVI-48-400x267.jpg 400w, https:\/\/www.mzone.cz\/wp-content\/uploads\/2025\/12\/M_S-FVI-48-500x333.jpg 500w, https:\/\/www.mzone.cz\/wp-content\/uploads\/2025\/12\/M_S-FVI-48-1170x780.jpg 1170w, https:\/\/www.mzone.cz\/wp-content\/uploads\/2025\/12\/M_S-FVI-48-590x393.jpg 590w\" sizes=\"auto, (max-width: 1024px) 100vw, 1024px\" \/><\/figure><br>\n\n\n\n<p>Do v\u00fd\u0161ky 2 100 metr\u016f je tu a tam je\u0161t\u011b schopen \u0161lapat, ale \u010d\u00edm d\u00e1l \u010dast\u011bji sesed\u00e1 a m\u00edsty pou\u017e\u00edv\u00e1 walk-assistant \u2013 funkci, kdy motor pom\u00e1h\u00e1 p\u0159i tla\u010den\u00ed do prudk\u00e9ho kopce. Pak u\u017e kolo nakl\u00e1d\u00e1 na z\u00e1da a s\u00e1pe se d\u00e1l po sv\u00fdch.<\/p><br>\n\n\n\n<p>D\u00edv\u00e1 se na sv\u00e9 kroky jako kosmonaut, kter\u00fd p\u0159ist\u00e1l na ciz\u00ed planet\u011b.<\/p>\n\n\n\n<p>\u017delezo obsa\u017een\u00e9 v p\u016fd\u011b oxiduje a barv\u00ed \u0161t\u011brk do \u010derveno\u017eluta.<\/p>\n\n\n\n<p>P\u0159i \u017eivot\u011b ho dr\u017e\u00ed voda v hydrapaku na z\u00e1dech. Ka\u017ed\u00e1 kapka je jako \u017eiv\u00e1 voda uprost\u0159ed \u010dern\u00e9, mrtv\u00e9 pou\u0161t\u011b.<\/p>\n\n\n\n<p>Kdy\u017e kone\u010dn\u011b dos\u00e1hne vrcholu, nech\u00e1 se sv\u00e9st poku\u0161en\u00edm sjet dovnit\u0159 kr\u00e1teru. \u201eKdo by odolal, \u017ee?\u201d usm\u00edv\u00e1 se.<\/p><br>\n\n\n\n<h2 class=\"wp-block-heading\"><strong>\u017divotn\u00ed sjezd<\/strong><strong><\/strong><\/h2>\n\n\n\n<p>\u201ePo kr\u00e1tk\u00e9 mezih\u0159e jsem musel znovu vystoupat na vrchol a p\u0159el\u00e9zt p\u0159es hranu, p\u0159ipraven\u00fd na fin\u00e1ln\u00ed sjezd.<\/p>\n\n\n\n<blockquote class=\"wp-block-quote is-layout-flow wp-block-quote-is-layout-flow\">\n<p>Z velk\u00fdch kamen\u016f se stal pop\u00edlek a za\u010dal surf v l\u00e1vov\u00e9m prachu \u2013 p\u0159i rychlosti a\u017e 80 km\/h.<br>Dun\u011bn\u00ed ve sp\u00e1nc\u00edch, p\u0159et\u00ed\u017een\u00ed, hran\u00ed si s gravitac\u00ed ze strany na stranu \u2013 jako kdy\u017e pad\u00e1te nekone\u010dnou \u010dernou pustinou. Nejlep\u0161\u00ed sjezd m\u00e9ho \u017eivota,\u201d vzpom\u00edn\u00e1 Gaspi.<\/p>\n<\/blockquote>\n\n\n\n<p>Jak velk\u00fdm sil\u00e1m musel odolat, nejl\u00e9pe vypov\u00edd\u00e1 stav jeho brzdov\u00fdch kotou\u010d\u016f, kter\u00e9 se cestou dol\u016f p\u0159eh\u0159\u00e1ly a byly po j\u00edzd\u011b na odpis. \u201eNa p\u0159edn\u00edm i zadn\u00edm kole byly po sjezdu p\u0159ekalen\u00e9,\u201d dod\u00e1v\u00e1.<\/p><br>\n\n\n\n<figure class=\"wp-block-image size-large\"><img loading=\"lazy\" decoding=\"async\" width=\"1024\" height=\"683\" src=\"https:\/\/www.mzone.cz\/wp-content\/uploads\/2025\/12\/M_S-FVI-35-1024x683.jpg\" alt=\"\u017divotn\u00ed sjezd z Pico do Fogo\" class=\"wp-image-46852\" srcset=\"https:\/\/www.mzone.cz\/wp-content\/uploads\/2025\/12\/M_S-FVI-35-1024x683.jpg 1024w, https:\/\/www.mzone.cz\/wp-content\/uploads\/2025\/12\/M_S-FVI-35-300x200.jpg 300w, https:\/\/www.mzone.cz\/wp-content\/uploads\/2025\/12\/M_S-FVI-35-768x512.jpg 768w, https:\/\/www.mzone.cz\/wp-content\/uploads\/2025\/12\/M_S-FVI-35-1536x1024.jpg 1536w, https:\/\/www.mzone.cz\/wp-content\/uploads\/2025\/12\/M_S-FVI-35-2048x1366.jpg 2048w, https:\/\/www.mzone.cz\/wp-content\/uploads\/2025\/12\/M_S-FVI-35-18x12.jpg 18w, https:\/\/www.mzone.cz\/wp-content\/uploads\/2025\/12\/M_S-FVI-35-800x533.jpg 800w, https:\/\/www.mzone.cz\/wp-content\/uploads\/2025\/12\/M_S-FVI-35-400x267.jpg 400w, https:\/\/www.mzone.cz\/wp-content\/uploads\/2025\/12\/M_S-FVI-35-500x333.jpg 500w, https:\/\/www.mzone.cz\/wp-content\/uploads\/2025\/12\/M_S-FVI-35-1170x780.jpg 1170w, https:\/\/www.mzone.cz\/wp-content\/uploads\/2025\/12\/M_S-FVI-35-590x393.jpg 590w\" sizes=\"auto, (max-width: 1024px) 100vw, 1024px\" \/><\/figure><br>\n\n\n\n<p>\u201eSpousta lid\u00ed si klepala na \u010delo. Ale vzhledem k tomu, \u017ee jsem pro\u0161el nepr\u016fst\u0159elnou logistikou, a na z\u00e1klad\u011b moj\u00ed cesty a zku\u0161enosti se moment\u00e1ln\u011b p\u0159episuj\u00ed m\u00edstn\u00ed z\u00e1kony \u2013 elektrokolo se dost\u00e1v\u00e1 na \u00farove\u0148 elektromobil\u016f, elektromotorek, sol\u00e1rn\u00edch panel\u016f a bateri\u00ed, na kter\u00e9 je clo nulov\u00e9. Mo\u017en\u00e1 to p\u0159eci jen m\u011blo n\u011bjak\u00fd smysl. P\u0159eci jen to nebyla \u00fapln\u00e1 po\u0161etilost,\u201d uzav\u00edr\u00e1 Gaspi.<\/p><br>\n\n\n\n<h2 class=\"wp-block-heading\"><strong>Um\u011bn\u00ed z&nbsp;popela pom\u016f\u017ee d\u011btem<\/strong><\/h2>\n\n\n\n<p>Spolu s nezapomenuteln\u00fdmi vzpom\u00ednkami si Gaspi z cesty p\u0159ivezl neobvykl\u00fd suven\u00fdr: pytl\u00edk se sope\u010dn\u00fdm popelem. Tento syrov\u00fd d\u016fkaz d\u00e1vn\u00fdch erupc\u00ed se stal inspirac\u00ed i z\u00e1kladn\u00edm prvkem nov\u00e9ho um\u011bleck\u00e9ho d\u00edla. Sope\u010dn\u00fd popel putoval do rukou \u010desk\u00e9ho um\u011blce Martina Hirtha, zn\u00e1m\u011bj\u0161\u00edho pod pseudonymem <a href=\"https:\/\/www.instagram.com\/kafes33\/\" target=\"_blank\" rel=\"noreferrer noopener\">Kafes33<\/a>. Tento vizu\u00e1ln\u00ed um\u011blec, spisovatel a mal\u00ed\u0159 pat\u0159\u00ed k pr\u016fkopn\u00edk\u016fm pra\u017esk\u00e9 graffiti sc\u00e9ny.<\/p>\n\n\n\n<blockquote class=\"wp-block-quote is-layout-flow wp-block-quote-is-layout-flow\">\n<p>\u201eM\u00e1 sv\u016fj vlastn\u00ed rukopis, typick\u00e9 k\u0159ivky, tahy \u0161t\u011btcem. Kdykoli chci, aby n\u011bco skute\u010dn\u011b zaz\u00e1\u0159ilo, sv\u011b\u0159\u00edm to jemu,\u201c \u0159\u00edk\u00e1 Richard o spolupr\u00e1ci se sv\u00fdm dlouholet\u00fdm p\u0159\u00edtelem a kolegou.<\/p>\n<\/blockquote>\n\n\n\n<p>Obraz vytvo\u0159en\u00fd ze sope\u010dn\u00e9ho popela bude nyn\u00ed vydra\u017een a v\u00fdt\u011b\u017eek z aukce poputuje d\u011btem \u017eij\u00edc\u00edm v nuzn\u00fdch podm\u00ednk\u00e1ch ve st\u00ednu Pico do Fogo. Kruh se tak uzav\u0159e a sportovn\u00ed v\u00fdkon spojen\u00fd s um\u011bn\u00edm dostanou nov\u00fd rozm\u011br.<\/p><br>\n\n\n\n<p><strong>Na video z Gaspiho v\u00fdletu na sopku se m\u016f\u017eete pod\u00edvat zde:<\/strong><\/p><br>\n\n\n\n<figure class=\"wp-block-embed is-type-video is-provider-youtube wp-block-embed-youtube wp-embed-aspect-16-9 wp-has-aspect-ratio\"><div class=\"wp-block-embed__wrapper\">\n<iframe loading=\"lazy\" title=\"PICO DO FOGO: HOW TO CONQUER A VOLCANO by GASPI\" width=\"600\" height=\"338\" src=\"https:\/\/www.youtube.com\/embed\/4eDzY2Ez0Wg?feature=oembed\" frameborder=\"0\" allow=\"accelerometer; autoplay; clipboard-write; encrypted-media; gyroscope; picture-in-picture; web-share\" referrerpolicy=\"strict-origin-when-cross-origin\" allowfullscreen><\/iframe>\n<\/div><\/figure><br>\n\n\n\n<div class=\"wp-block-media-text is-stacked-on-mobile is-vertically-aligned-top\" style=\"grid-template-columns:23% auto\"><figure class=\"wp-block-media-text__media\"><a href=\"https:\/\/www.mzone.cz\/gasperotti-sjel-na-kole-jako-prvni-250-metru-hluboky-lom\/\"><img loading=\"lazy\" decoding=\"async\" width=\"1024\" height=\"683\" src=\"https:\/\/www.mzone.cz\/wp-content\/uploads\/2021\/12\/Gaspi-jizda-v-lomu-1024x683.jpg\" alt=\"Gaspi - j\u00edzda v lomu\" class=\"wp-image-34900 size-full\" srcset=\"https:\/\/www.mzone.cz\/wp-content\/uploads\/2021\/12\/Gaspi-jizda-v-lomu-1024x683.jpg 1024w, https:\/\/www.mzone.cz\/wp-content\/uploads\/2021\/12\/Gaspi-jizda-v-lomu-300x200.jpg 300w, https:\/\/www.mzone.cz\/wp-content\/uploads\/2021\/12\/Gaspi-jizda-v-lomu-768x512.jpg 768w, https:\/\/www.mzone.cz\/wp-content\/uploads\/2021\/12\/Gaspi-jizda-v-lomu-1536x1024.jpg 1536w, https:\/\/www.mzone.cz\/wp-content\/uploads\/2021\/12\/Gaspi-jizda-v-lomu-2048x1366.jpg 2048w, https:\/\/www.mzone.cz\/wp-content\/uploads\/2021\/12\/Gaspi-jizda-v-lomu-18x12.jpg 18w, https:\/\/www.mzone.cz\/wp-content\/uploads\/2021\/12\/Gaspi-jizda-v-lomu-800x533.jpg 800w, https:\/\/www.mzone.cz\/wp-content\/uploads\/2021\/12\/Gaspi-jizda-v-lomu-400x267.jpg 400w, https:\/\/www.mzone.cz\/wp-content\/uploads\/2021\/12\/Gaspi-jizda-v-lomu-500x333.jpg 500w, https:\/\/www.mzone.cz\/wp-content\/uploads\/2021\/12\/Gaspi-jizda-v-lomu-1170x780.jpg 1170w, https:\/\/www.mzone.cz\/wp-content\/uploads\/2021\/12\/Gaspi-jizda-v-lomu-590x393.jpg 590w\" sizes=\"auto, (max-width: 1024px) 100vw, 1024px\" \/><\/a><\/figure><div class=\"wp-block-media-text__content\">\n<h4 class=\"wp-block-heading\"><a href=\"https:\/\/www.mzone.cz\/gasperotti-sjel-na-kole-jako-prvni-250-metru-hluboky-lom\/\">VIDEO: Gasperotti sjel na kole jako prvn\u00ed 250 metr\u016f hlubok\u00fd lom<\/a><\/h4><br>\n<\/div><\/div>","protected":false},"excerpt":{"rendered":"<p>Co d\u011bl\u00e1te, nemus\u00ed d\u00e1vat smysl. M\u016f\u017ee to b\u00fdt u\u010din\u011bn\u00e1 hloupost. D\u016fle\u017eit\u00e9 je, jestli si to lid\u00e9 budou pamatovat. Jak moc si budou pamatovat Gaspiho v\u00fdstup na \u010dinnou sopku Pico do Fogo, uk\u00e1\u017ee a\u017e \u010das. Ale u\u017e te\u010f je jist\u00e9, \u017ee chyb\u011blo opravdu m\u00e1lo, aby se to nikdy nestalo. Stoup\u00e1 vzh\u016fru. Nem\u016f\u017ee to vzd\u00e1t. \u0160lape, zhluboka [&hellip;]<\/p>\n","protected":false},"author":4,"featured_media":46833,"comment_status":"open","ping_status":"closed","sticky":false,"template":"","format":"standard","meta":{"kk_blocks_editor_width":"","_kiokenblocks_attr":"","_kiokenblocks_dimensions":"","footnotes":""},"categories":[80],"tags":[18,3101,5917,1950,6489,2428,2430,6491,1953,2427,2429,6490,2432,530,42],"class_list":["post-46831","post","type-post","status-publish","format-standard","has-post-thumbnail","hentry","category-sport","tag-adrenalin","tag-bike","tag-biking","tag-cyklistika","tag-extremely","tag-freeride","tag-gaspi","tag-kapverdy","tag-kolo","tag-mountainbiking","tag-mtb","tag-pico-do-fogo","tag-richard-gasperotti","tag-sopka","tag-sport"],"yoast_head":"<!-- This site is optimized with the Yoast SEO plugin v27.5 - https:\/\/yoast.com\/product\/yoast-seo-wordpress\/ -->\n<title>Na e-biku na Pico do Fogo: A\u017e na vrchol sopky a zase zp\u00e1tky - Mzone<\/title>\n<meta name=\"description\" content=\"Co d\u011bl\u00e1te, nemus\u00ed d\u00e1vat smysl. M\u016f\u017ee to b\u00fdt u\u010din\u011bn\u00e1 hloupost. D\u016fle\u017eit\u00e9 je, jestli si to lid\u00e9 budou pamatovat. Jak moc si budou pamatovat Gaspiho v\u00fdstup na \u010dinnou sopku Pico do Fogo, uk\u00e1\u017ee a\u017e \u010das. Ale u\u017e te\u010f je jist\u00e9, \u017ee chyb\u011blo opravdu m\u00e1lo, aby se to nikdy nestalo.\" \/>\n<meta name=\"robots\" content=\"index, follow, max-snippet:-1, max-image-preview:large, max-video-preview:-1\" \/>\n<link rel=\"canonical\" href=\"https:\/\/www.mzone.cz\/en\/na-e-biku-na-pico-do-fogo-az-na-vrchol-sopky-a-zase-zpatky\/\" \/>\n<meta property=\"og:locale\" content=\"en_US\" \/>\n<meta property=\"og:type\" content=\"article\" \/>\n<meta property=\"og:title\" content=\"Na e-biku na Pico do Fogo: A\u017e na vrchol sopky a zase zp\u00e1tky - Mzone\" \/>\n<meta property=\"og:description\" content=\"Co d\u011bl\u00e1te, nemus\u00ed d\u00e1vat smysl. M\u016f\u017ee to b\u00fdt u\u010din\u011bn\u00e1 hloupost. D\u016fle\u017eit\u00e9 je, jestli si to lid\u00e9 budou pamatovat. Jak moc si budou pamatovat Gaspiho v\u00fdstup na \u010dinnou sopku Pico do Fogo, uk\u00e1\u017ee a\u017e \u010das. Ale u\u017e te\u010f je jist\u00e9, \u017ee chyb\u011blo opravdu m\u00e1lo, aby se to nikdy nestalo.\" \/>\n<meta property=\"og:url\" content=\"https:\/\/www.mzone.cz\/en\/na-e-biku-na-pico-do-fogo-az-na-vrchol-sopky-a-zase-zpatky\/\" \/>\n<meta property=\"og:site_name\" content=\"Mzone\" \/>\n<meta property=\"article:publisher\" content=\"https:\/\/www.facebook.com\/MzoneCZ\/\" \/>\n<meta property=\"article:published_time\" content=\"2025-12-10T04:00:00+00:00\" \/>\n<meta property=\"og:image\" content=\"https:\/\/www.mzone.cz\/wp-content\/uploads\/2025\/12\/Gaspi-na-Pico-do-Fogo-1024x682.jpg\" \/>\n\t<meta property=\"og:image:width\" content=\"1024\" \/>\n\t<meta property=\"og:image:height\" content=\"682\" \/>\n\t<meta property=\"og:image:type\" content=\"image\/jpeg\" \/>\n<meta name=\"author\" content=\"Mzone\" \/>\n<meta name=\"twitter:card\" content=\"summary_large_image\" \/>\n<meta name=\"twitter:label1\" content=\"Written by\" \/>\n\t<meta name=\"twitter:data1\" content=\"Mzone\" \/>\n\t<meta name=\"twitter:label2\" content=\"Est. reading time\" \/>\n\t<meta name=\"twitter:data2\" content=\"6 minutes\" \/>\n<script type=\"application\/ld+json\" class=\"yoast-schema-graph\">{\"@context\":\"https:\\\/\\\/schema.org\",\"@graph\":[{\"@type\":\"Article\",\"@id\":\"https:\\\/\\\/www.mzone.cz\\\/na-e-biku-na-pico-do-fogo-az-na-vrchol-sopky-a-zase-zpatky\\\/#article\",\"isPartOf\":{\"@id\":\"https:\\\/\\\/www.mzone.cz\\\/na-e-biku-na-pico-do-fogo-az-na-vrchol-sopky-a-zase-zpatky\\\/\"},\"author\":{\"name\":\"Mzone\",\"@id\":\"https:\\\/\\\/www.mzone.cz\\\/#\\\/schema\\\/person\\\/9bc20cc422a99cac4af6ff9297da32d4\"},\"headline\":\"Na e-biku na Pico do Fogo: A\u017e na vrchol sopky a zase zp\u00e1tky\",\"datePublished\":\"2025-12-10T04:00:00+00:00\",\"mainEntityOfPage\":{\"@id\":\"https:\\\/\\\/www.mzone.cz\\\/na-e-biku-na-pico-do-fogo-az-na-vrchol-sopky-a-zase-zpatky\\\/\"},\"wordCount\":1342,\"commentCount\":0,\"image\":{\"@id\":\"https:\\\/\\\/www.mzone.cz\\\/na-e-biku-na-pico-do-fogo-az-na-vrchol-sopky-a-zase-zpatky\\\/#primaryimage\"},\"thumbnailUrl\":\"https:\\\/\\\/www.mzone.cz\\\/wp-content\\\/uploads\\\/2025\\\/12\\\/Gaspi-na-Pico-do-Fogo.jpg\",\"keywords\":[\"Adrenalin\",\"bike\",\"biking\",\"cyklistika\",\"extr\u00e9mely\",\"freeride\",\"Gaspi\",\"Kapverdy\",\"kolo\",\"mountainbiking\",\"MTB\",\"Pico do Fogo\",\"Richard Gasperotti\",\"sopka\",\"Sport\"],\"articleSection\":[\"Sport\"],\"inLanguage\":\"en-US\",\"potentialAction\":[{\"@type\":\"CommentAction\",\"name\":\"Comment\",\"target\":[\"https:\\\/\\\/www.mzone.cz\\\/na-e-biku-na-pico-do-fogo-az-na-vrchol-sopky-a-zase-zpatky\\\/#respond\"]}]},{\"@type\":\"WebPage\",\"@id\":\"https:\\\/\\\/www.mzone.cz\\\/na-e-biku-na-pico-do-fogo-az-na-vrchol-sopky-a-zase-zpatky\\\/\",\"url\":\"https:\\\/\\\/www.mzone.cz\\\/na-e-biku-na-pico-do-fogo-az-na-vrchol-sopky-a-zase-zpatky\\\/\",\"name\":\"Na e-biku na Pico do Fogo: A\u017e na vrchol sopky a zase zp\u00e1tky - Mzone\",\"isPartOf\":{\"@id\":\"https:\\\/\\\/www.mzone.cz\\\/#website\"},\"primaryImageOfPage\":{\"@id\":\"https:\\\/\\\/www.mzone.cz\\\/na-e-biku-na-pico-do-fogo-az-na-vrchol-sopky-a-zase-zpatky\\\/#primaryimage\"},\"image\":{\"@id\":\"https:\\\/\\\/www.mzone.cz\\\/na-e-biku-na-pico-do-fogo-az-na-vrchol-sopky-a-zase-zpatky\\\/#primaryimage\"},\"thumbnailUrl\":\"https:\\\/\\\/www.mzone.cz\\\/wp-content\\\/uploads\\\/2025\\\/12\\\/Gaspi-na-Pico-do-Fogo.jpg\",\"datePublished\":\"2025-12-10T04:00:00+00:00\",\"author\":{\"@id\":\"https:\\\/\\\/www.mzone.cz\\\/#\\\/schema\\\/person\\\/9bc20cc422a99cac4af6ff9297da32d4\"},\"description\":\"Co d\u011bl\u00e1te, nemus\u00ed d\u00e1vat smysl. M\u016f\u017ee to b\u00fdt u\u010din\u011bn\u00e1 hloupost. D\u016fle\u017eit\u00e9 je, jestli si to lid\u00e9 budou pamatovat. Jak moc si budou pamatovat Gaspiho v\u00fdstup na \u010dinnou sopku Pico do Fogo, uk\u00e1\u017ee a\u017e \u010das. Ale u\u017e te\u010f je jist\u00e9, \u017ee chyb\u011blo opravdu m\u00e1lo, aby se to nikdy nestalo.\",\"breadcrumb\":{\"@id\":\"https:\\\/\\\/www.mzone.cz\\\/na-e-biku-na-pico-do-fogo-az-na-vrchol-sopky-a-zase-zpatky\\\/#breadcrumb\"},\"inLanguage\":\"en-US\",\"potentialAction\":[{\"@type\":\"ReadAction\",\"target\":[\"https:\\\/\\\/www.mzone.cz\\\/na-e-biku-na-pico-do-fogo-az-na-vrchol-sopky-a-zase-zpatky\\\/\"]}]},{\"@type\":\"ImageObject\",\"inLanguage\":\"en-US\",\"@id\":\"https:\\\/\\\/www.mzone.cz\\\/na-e-biku-na-pico-do-fogo-az-na-vrchol-sopky-a-zase-zpatky\\\/#primaryimage\",\"url\":\"https:\\\/\\\/www.mzone.cz\\\/wp-content\\\/uploads\\\/2025\\\/12\\\/Gaspi-na-Pico-do-Fogo.jpg\",\"contentUrl\":\"https:\\\/\\\/www.mzone.cz\\\/wp-content\\\/uploads\\\/2025\\\/12\\\/Gaspi-na-Pico-do-Fogo.jpg\",\"width\":1673,\"height\":1115,\"caption\":\"Gaspi na Pico do Fogo\"},{\"@type\":\"BreadcrumbList\",\"@id\":\"https:\\\/\\\/www.mzone.cz\\\/na-e-biku-na-pico-do-fogo-az-na-vrchol-sopky-a-zase-zpatky\\\/#breadcrumb\",\"itemListElement\":[{\"@type\":\"ListItem\",\"position\":1,\"name\":\"Dom\u016f\",\"item\":\"https:\\\/\\\/www.mzone.cz\\\/\"},{\"@type\":\"ListItem\",\"position\":2,\"name\":\"Na e-biku na Pico do Fogo: A\u017e na vrchol sopky a zase zp\u00e1tky\"}]},{\"@type\":\"WebSite\",\"@id\":\"https:\\\/\\\/www.mzone.cz\\\/#website\",\"url\":\"https:\\\/\\\/www.mzone.cz\\\/\",\"name\":\"Mzone\",\"description\":\"Magaz\u00edn nejen pro mu\u017ee\",\"potentialAction\":[{\"@type\":\"SearchAction\",\"target\":{\"@type\":\"EntryPoint\",\"urlTemplate\":\"https:\\\/\\\/www.mzone.cz\\\/?s={search_term_string}\"},\"query-input\":{\"@type\":\"PropertyValueSpecification\",\"valueRequired\":true,\"valueName\":\"search_term_string\"}}],\"inLanguage\":\"en-US\"},{\"@type\":\"Person\",\"@id\":\"https:\\\/\\\/www.mzone.cz\\\/#\\\/schema\\\/person\\\/9bc20cc422a99cac4af6ff9297da32d4\",\"name\":\"Mzone\",\"image\":{\"@type\":\"ImageObject\",\"inLanguage\":\"en-US\",\"@id\":\"https:\\\/\\\/secure.gravatar.com\\\/avatar\\\/e780a8630f3182a3d06dd667ab6bea151a0d155b0951bc15fe22633acdac0676?s=96&d=mm&r=g\",\"url\":\"https:\\\/\\\/secure.gravatar.com\\\/avatar\\\/e780a8630f3182a3d06dd667ab6bea151a0d155b0951bc15fe22633acdac0676?s=96&d=mm&r=g\",\"contentUrl\":\"https:\\\/\\\/secure.gravatar.com\\\/avatar\\\/e780a8630f3182a3d06dd667ab6bea151a0d155b0951bc15fe22633acdac0676?s=96&d=mm&r=g\",\"caption\":\"Mzone\"},\"url\":\"https:\\\/\\\/www.mzone.cz\\\/en\\\/author\\\/jakub\\\/\"}]}<\/script>\n<!-- \/ Yoast SEO plugin. -->","yoast_head_json":{"title":"Na e-biku na Pico do Fogo: A\u017e na vrchol sopky a zase zp\u00e1tky - Mzone","description":"Co d\u011bl\u00e1te, nemus\u00ed d\u00e1vat smysl. M\u016f\u017ee to b\u00fdt u\u010din\u011bn\u00e1 hloupost. D\u016fle\u017eit\u00e9 je, jestli si to lid\u00e9 budou pamatovat. Jak moc si budou pamatovat Gaspiho v\u00fdstup na \u010dinnou sopku Pico do Fogo, uk\u00e1\u017ee a\u017e \u010das. Ale u\u017e te\u010f je jist\u00e9, \u017ee chyb\u011blo opravdu m\u00e1lo, aby se to nikdy nestalo.","robots":{"index":"index","follow":"follow","max-snippet":"max-snippet:-1","max-image-preview":"max-image-preview:large","max-video-preview":"max-video-preview:-1"},"canonical":"https:\/\/www.mzone.cz\/en\/na-e-biku-na-pico-do-fogo-az-na-vrchol-sopky-a-zase-zpatky\/","og_locale":"en_US","og_type":"article","og_title":"Na e-biku na Pico do Fogo: A\u017e na vrchol sopky a zase zp\u00e1tky - Mzone","og_description":"Co d\u011bl\u00e1te, nemus\u00ed d\u00e1vat smysl. M\u016f\u017ee to b\u00fdt u\u010din\u011bn\u00e1 hloupost. D\u016fle\u017eit\u00e9 je, jestli si to lid\u00e9 budou pamatovat. Jak moc si budou pamatovat Gaspiho v\u00fdstup na \u010dinnou sopku Pico do Fogo, uk\u00e1\u017ee a\u017e \u010das. Ale u\u017e te\u010f je jist\u00e9, \u017ee chyb\u011blo opravdu m\u00e1lo, aby se to nikdy nestalo.","og_url":"https:\/\/www.mzone.cz\/en\/na-e-biku-na-pico-do-fogo-az-na-vrchol-sopky-a-zase-zpatky\/","og_site_name":"Mzone","article_publisher":"https:\/\/www.facebook.com\/MzoneCZ\/","article_published_time":"2025-12-10T04:00:00+00:00","og_image":[{"width":1024,"height":682,"url":"https:\/\/www.mzone.cz\/wp-content\/uploads\/2025\/12\/Gaspi-na-Pico-do-Fogo-1024x682.jpg","type":"image\/jpeg"}],"author":"Mzone","twitter_card":"summary_large_image","twitter_misc":{"Written by":"Mzone","Est. reading time":"6 minutes"},"schema":{"@context":"https:\/\/schema.org","@graph":[{"@type":"Article","@id":"https:\/\/www.mzone.cz\/na-e-biku-na-pico-do-fogo-az-na-vrchol-sopky-a-zase-zpatky\/#article","isPartOf":{"@id":"https:\/\/www.mzone.cz\/na-e-biku-na-pico-do-fogo-az-na-vrchol-sopky-a-zase-zpatky\/"},"author":{"name":"Mzone","@id":"https:\/\/www.mzone.cz\/#\/schema\/person\/9bc20cc422a99cac4af6ff9297da32d4"},"headline":"Na e-biku na Pico do Fogo: A\u017e na vrchol sopky a zase zp\u00e1tky","datePublished":"2025-12-10T04:00:00+00:00","mainEntityOfPage":{"@id":"https:\/\/www.mzone.cz\/na-e-biku-na-pico-do-fogo-az-na-vrchol-sopky-a-zase-zpatky\/"},"wordCount":1342,"commentCount":0,"image":{"@id":"https:\/\/www.mzone.cz\/na-e-biku-na-pico-do-fogo-az-na-vrchol-sopky-a-zase-zpatky\/#primaryimage"},"thumbnailUrl":"https:\/\/www.mzone.cz\/wp-content\/uploads\/2025\/12\/Gaspi-na-Pico-do-Fogo.jpg","keywords":["Adrenalin","bike","biking","cyklistika","extr\u00e9mely","freeride","Gaspi","Kapverdy","kolo","mountainbiking","MTB","Pico do Fogo","Richard Gasperotti","sopka","Sport"],"articleSection":["Sport"],"inLanguage":"en-US","potentialAction":[{"@type":"CommentAction","name":"Comment","target":["https:\/\/www.mzone.cz\/na-e-biku-na-pico-do-fogo-az-na-vrchol-sopky-a-zase-zpatky\/#respond"]}]},{"@type":"WebPage","@id":"https:\/\/www.mzone.cz\/na-e-biku-na-pico-do-fogo-az-na-vrchol-sopky-a-zase-zpatky\/","url":"https:\/\/www.mzone.cz\/na-e-biku-na-pico-do-fogo-az-na-vrchol-sopky-a-zase-zpatky\/","name":"Na e-biku na Pico do Fogo: A\u017e na vrchol sopky a zase zp\u00e1tky - Mzone","isPartOf":{"@id":"https:\/\/www.mzone.cz\/#website"},"primaryImageOfPage":{"@id":"https:\/\/www.mzone.cz\/na-e-biku-na-pico-do-fogo-az-na-vrchol-sopky-a-zase-zpatky\/#primaryimage"},"image":{"@id":"https:\/\/www.mzone.cz\/na-e-biku-na-pico-do-fogo-az-na-vrchol-sopky-a-zase-zpatky\/#primaryimage"},"thumbnailUrl":"https:\/\/www.mzone.cz\/wp-content\/uploads\/2025\/12\/Gaspi-na-Pico-do-Fogo.jpg","datePublished":"2025-12-10T04:00:00+00:00","author":{"@id":"https:\/\/www.mzone.cz\/#\/schema\/person\/9bc20cc422a99cac4af6ff9297da32d4"},"description":"Co d\u011bl\u00e1te, nemus\u00ed d\u00e1vat smysl. M\u016f\u017ee to b\u00fdt u\u010din\u011bn\u00e1 hloupost. D\u016fle\u017eit\u00e9 je, jestli si to lid\u00e9 budou pamatovat. Jak moc si budou pamatovat Gaspiho v\u00fdstup na \u010dinnou sopku Pico do Fogo, uk\u00e1\u017ee a\u017e \u010das. Ale u\u017e te\u010f je jist\u00e9, \u017ee chyb\u011blo opravdu m\u00e1lo, aby se to nikdy nestalo.","breadcrumb":{"@id":"https:\/\/www.mzone.cz\/na-e-biku-na-pico-do-fogo-az-na-vrchol-sopky-a-zase-zpatky\/#breadcrumb"},"inLanguage":"en-US","potentialAction":[{"@type":"ReadAction","target":["https:\/\/www.mzone.cz\/na-e-biku-na-pico-do-fogo-az-na-vrchol-sopky-a-zase-zpatky\/"]}]},{"@type":"ImageObject","inLanguage":"en-US","@id":"https:\/\/www.mzone.cz\/na-e-biku-na-pico-do-fogo-az-na-vrchol-sopky-a-zase-zpatky\/#primaryimage","url":"https:\/\/www.mzone.cz\/wp-content\/uploads\/2025\/12\/Gaspi-na-Pico-do-Fogo.jpg","contentUrl":"https:\/\/www.mzone.cz\/wp-content\/uploads\/2025\/12\/Gaspi-na-Pico-do-Fogo.jpg","width":1673,"height":1115,"caption":"Gaspi na Pico do Fogo"},{"@type":"BreadcrumbList","@id":"https:\/\/www.mzone.cz\/na-e-biku-na-pico-do-fogo-az-na-vrchol-sopky-a-zase-zpatky\/#breadcrumb","itemListElement":[{"@type":"ListItem","position":1,"name":"Dom\u016f","item":"https:\/\/www.mzone.cz\/"},{"@type":"ListItem","position":2,"name":"Na e-biku na Pico do Fogo: A\u017e na vrchol sopky a zase zp\u00e1tky"}]},{"@type":"WebSite","@id":"https:\/\/www.mzone.cz\/#website","url":"https:\/\/www.mzone.cz\/","name":"Mzone","description":"Magaz\u00edn nejen pro mu\u017ee","potentialAction":[{"@type":"SearchAction","target":{"@type":"EntryPoint","urlTemplate":"https:\/\/www.mzone.cz\/?s={search_term_string}"},"query-input":{"@type":"PropertyValueSpecification","valueRequired":true,"valueName":"search_term_string"}}],"inLanguage":"en-US"},{"@type":"Person","@id":"https:\/\/www.mzone.cz\/#\/schema\/person\/9bc20cc422a99cac4af6ff9297da32d4","name":"Mzone","image":{"@type":"ImageObject","inLanguage":"en-US","@id":"https:\/\/secure.gravatar.com\/avatar\/e780a8630f3182a3d06dd667ab6bea151a0d155b0951bc15fe22633acdac0676?s=96&d=mm&r=g","url":"https:\/\/secure.gravatar.com\/avatar\/e780a8630f3182a3d06dd667ab6bea151a0d155b0951bc15fe22633acdac0676?s=96&d=mm&r=g","contentUrl":"https:\/\/secure.gravatar.com\/avatar\/e780a8630f3182a3d06dd667ab6bea151a0d155b0951bc15fe22633acdac0676?s=96&d=mm&r=g","caption":"Mzone"},"url":"https:\/\/www.mzone.cz\/en\/author\/jakub\/"}]}},"_links":{"self":[{"href":"https:\/\/www.mzone.cz\/en\/wp-json\/wp\/v2\/posts\/46831","targetHints":{"allow":["GET"]}}],"collection":[{"href":"https:\/\/www.mzone.cz\/en\/wp-json\/wp\/v2\/posts"}],"about":[{"href":"https:\/\/www.mzone.cz\/en\/wp-json\/wp\/v2\/types\/post"}],"author":[{"embeddable":true,"href":"https:\/\/www.mzone.cz\/en\/wp-json\/wp\/v2\/users\/4"}],"replies":[{"embeddable":true,"href":"https:\/\/www.mzone.cz\/en\/wp-json\/wp\/v2\/comments?post=46831"}],"version-history":[{"count":18,"href":"https:\/\/www.mzone.cz\/en\/wp-json\/wp\/v2\/posts\/46831\/revisions"}],"predecessor-version":[{"id":46860,"href":"https:\/\/www.mzone.cz\/en\/wp-json\/wp\/v2\/posts\/46831\/revisions\/46860"}],"wp:featuredmedia":[{"embeddable":true,"href":"https:\/\/www.mzone.cz\/en\/wp-json\/wp\/v2\/media\/46833"}],"wp:attachment":[{"href":"https:\/\/www.mzone.cz\/en\/wp-json\/wp\/v2\/media?parent=46831"}],"wp:term":[{"taxonomy":"category","embeddable":true,"href":"https:\/\/www.mzone.cz\/en\/wp-json\/wp\/v2\/categories?post=46831"},{"taxonomy":"post_tag","embeddable":true,"href":"https:\/\/www.mzone.cz\/en\/wp-json\/wp\/v2\/tags?post=46831"}],"curies":[{"name":"wp","href":"https:\/\/api.w.org\/{rel}","templated":true}]}}