{"id":47147,"date":"2026-03-11T05:00:00","date_gmt":"2026-03-11T04:00:00","guid":{"rendered":"https:\/\/www.mzone.cz\/?p=47147"},"modified":"2026-03-08T13:28:33","modified_gmt":"2026-03-08T12:28:33","slug":"dovolena-v-obytnaku-tohle-jsou-tri-evropske-destinace-kde-zacit","status":"publish","type":"post","link":"https:\/\/www.mzone.cz\/en\/dovolena-v-obytnaku-tohle-jsou-tri-evropske-destinace-kde-zacit\/","title":{"rendered":"Prvn\u00ed dovolen\u00e1 v obyt\u0148\u00e1ku? Tohle jsou t\u0159i evropsk\u00e9 destinace, kde za\u010d\u00edt"},"content":{"rendered":"<p><strong>Cestov\u00e1n\u00ed obytn\u00fdm vozem v posledn\u00edch letech v\u00fdrazn\u011b roste. Nab\u00edz\u00ed flexibilitu, svobodu m\u011bnit pl\u00e1ny ze dne na den, kombinovat p\u0159\u00edrodu s m\u011bsty i mo\u017enost m\u00edt sv\u00e9 z\u00e1zem\u00ed kdykoliv po ruce. Prvn\u00ed cesta ale \u010dasto rozhodne o tom, zda se z caravaningu stane dlouhodob\u00e1 v\u00e1\u0161e\u0148, nebo jednor\u00e1zov\u00e1 zku\u0161enost. Kl\u00ed\u010dov\u00e1 je volba destinace.<\/strong><\/p><br>\n\n\n\n<p>\u201eZa\u010d\u00e1te\u010dn\u00edci \u010dasto podcen\u00ed infrastrukturu. Nejde jen o kr\u00e1snou krajinu, ale o to, jestli m\u00e1te kde pohodln\u011b zaparkovat, doplnit vodu a bezpe\u010dn\u011b p\u0159espat,\u201c \u0159\u00edk\u00e1 Honza Rychta\u0159\u00edk, kter\u00fd se svou rodinou projel obytn\u00fdm vozem u\u017e 12 evropsk\u00fdch zem\u00ed. Na z\u00e1klad\u011b sv\u00fdch zku\u0161enost\u00ed vybral t\u0159i destinace, kter\u00e9 jsou vhodn\u00e9 pr\u00e1v\u011b pro nov\u00e1\u010dky.\u00a0Tady jsou!<\/p><br>\n\n\n\n<h2 class=\"wp-block-heading\">Dolomity: koncentrovan\u00e1 kr\u00e1sa a jistota z\u00e1zem\u00ed&nbsp;<\/h2>\n\n\n\n<p>Sever It\u00e1lie nab\u00edz\u00ed ide\u00e1ln\u00ed kombinaci dostupnosti a vysok\u00e9ho standardu slu\u017eeb. Na relativn\u011b mal\u00e9m \u00fazem\u00ed se st\u0159\u00eddaj\u00ed horsk\u00e9 pr\u016fsmyky, jezera i mal\u00e1 m\u011bsta. V\u00fdhodou je i dobr\u00e1 dojezdov\u00e1 vzd\u00e1lenost z \u010ceska \u2013 v\u011bt\u0161ina tras vede po kvalitn\u00edch d\u00e1lnic\u00edch a cesta zabere zhruba \u0161est a\u017e osm hodin podle v\u00fdchoz\u00edho m\u00edsta.&nbsp;<\/p>\n\n\n\n<blockquote class=\"wp-block-quote is-layout-flow wp-block-quote-is-layout-flow\">\n<p>\u201eDolomity doporu\u010duji t\u011bm, kdo cht\u011bj\u00ed intenzivn\u00ed z\u00e1\u017eitek bez dlouh\u00fdch p\u0159ejezd\u016f. B\u011bhem t\u00fddne zvl\u00e1dnete n\u011bkolik ikonick\u00fdch m\u00edst a v\u011bt\u0161ina tras je pro obytn\u00e9 vozy bez probl\u00e9m\u016f sj\u00edzdn\u00e1,\u201c vysv\u011btluje Rychta\u0159\u00edk.&nbsp;<\/p>\n<\/blockquote>\n\n\n\n<p>Prakticky to znamen\u00e1 pl\u00e1novat krat\u0161\u00ed etapy \u2013 nap\u0159\u00edklad trasu Bolzano, Lago di Carezza, Passo Sella, Val Gardena a Cortinu d\u2019Ampezzo. Podle n\u011bj by v itiner\u00e1\u0159i nem\u011bl chyb\u011bt ani panoramatick\u00fd pr\u016fsmyk Passo Giau, odkud jsou jedny z nejp\u016fsobiv\u011bj\u0161\u00edch v\u00fdhled\u016f v cel\u00fdch Dolomitech. Klidn\u011bj\u0161\u00ed zast\u00e1vku nab\u00edz\u00ed Toblacher See (Lago di Dobbiaco), ide\u00e1ln\u00ed na p\u0159enocov\u00e1n\u00ed u vody, a fotogenick\u00e9 Lago di Misurina s v\u00fdhledem na masiv Tre Cime. Oblast z\u00e1rove\u0148 nab\u00edz\u00ed hustou s\u00ed\u0165 ofici\u00e1ln\u00edch stellplatz\u016f s mo\u017enost\u00ed dopln\u011bn\u00ed vody i v\u00fdlevky, tak\u017ee i za\u010d\u00e1te\u010dn\u00edci maj\u00ed jistotu komfortn\u00edho z\u00e1zem\u00ed bez slo\u017eit\u00e9 logistiky.<\/p><br>\n\n\n\n<figure class=\"wp-block-image size-large\"><img loading=\"lazy\" decoding=\"async\" width=\"1024\" height=\"683\" src=\"https:\/\/www.mzone.cz\/wp-content\/uploads\/2026\/03\/pexels-chavdar-lungov-2332494-3996363-1024x683.jpg\" alt=\"Dolomity\" class=\"wp-image-47154\" srcset=\"https:\/\/www.mzone.cz\/wp-content\/uploads\/2026\/03\/pexels-chavdar-lungov-2332494-3996363-1024x683.jpg 1024w, https:\/\/www.mzone.cz\/wp-content\/uploads\/2026\/03\/pexels-chavdar-lungov-2332494-3996363-300x200.jpg 300w, https:\/\/www.mzone.cz\/wp-content\/uploads\/2026\/03\/pexels-chavdar-lungov-2332494-3996363-768x512.jpg 768w, https:\/\/www.mzone.cz\/wp-content\/uploads\/2026\/03\/pexels-chavdar-lungov-2332494-3996363-1536x1024.jpg 1536w, https:\/\/www.mzone.cz\/wp-content\/uploads\/2026\/03\/pexels-chavdar-lungov-2332494-3996363-18x12.jpg 18w, https:\/\/www.mzone.cz\/wp-content\/uploads\/2026\/03\/pexels-chavdar-lungov-2332494-3996363-800x533.jpg 800w, https:\/\/www.mzone.cz\/wp-content\/uploads\/2026\/03\/pexels-chavdar-lungov-2332494-3996363-400x267.jpg 400w, https:\/\/www.mzone.cz\/wp-content\/uploads\/2026\/03\/pexels-chavdar-lungov-2332494-3996363-500x333.jpg 500w, https:\/\/www.mzone.cz\/wp-content\/uploads\/2026\/03\/pexels-chavdar-lungov-2332494-3996363-1170x780.jpg 1170w, https:\/\/www.mzone.cz\/wp-content\/uploads\/2026\/03\/pexels-chavdar-lungov-2332494-3996363-590x393.jpg 590w, https:\/\/www.mzone.cz\/wp-content\/uploads\/2026\/03\/pexels-chavdar-lungov-2332494-3996363.jpg 1920w\" sizes=\"auto, (max-width: 1024px) 100vw, 1024px\" \/><\/figure><br>\n\n\n\n<p>Co se term\u00edn\u016f t\u00fd\u010de, je lep\u0161\u00ed vyrazit mimo hlavn\u00ed turistickou sezonu. V\u00fdhodn\u011bj\u0161\u00ed b\u00fdv\u00e1 m\u011bs\u00edce, jako je \u010derven nebo z\u00e1\u0159\u00ed, kdy je provoz klidn\u011bj\u0161\u00ed a teploty p\u0159\u00edjemn\u011bj\u0161\u00ed.<\/p><br>\n\n\n\n<h2 class=\"wp-block-heading\">Andalusie: jednoduch\u00fd start bez tis\u00edc\u016f kilometr\u016f&nbsp;<\/h2>\n\n\n\n<p>Pro ty, kdo necht\u011bj\u00ed absolvovat dlouhou cestu nap\u0159\u00ed\u010d Evropou, je jih \u0160pan\u011blska praktickou alternativou. P\u0159ilet\u00edte do Malagy, p\u0159evezmete v\u016fz a b\u011bhem hodiny jste u mo\u0159e nebo v hor\u00e1ch.&nbsp;<\/p>\n\n\n\n<blockquote class=\"wp-block-quote is-layout-flow wp-block-quote-is-layout-flow\">\n<p>\u201eAndalusie je ide\u00e1ln\u00ed pro prvn\u00ed zku\u0161enost. Silnice jsou \u0161irok\u00e9, po\u010das\u00ed stabiln\u00ed a ofici\u00e1ln\u00edch m\u00edst pro obytn\u00e9 vozy je dostatek. Nav\u00edc kombinujete pl\u00e1\u017ee, hory i historick\u00e1 m\u011bsta,\u201c popisuje Rychta\u0159\u00edk.\u00a0<\/p>\n<\/blockquote>\n\n\n\n<p>\u201eTrasa m\u016f\u017ee za\u010d\u00edt v Malaze, pokra\u010dovat p\u0159es dramatickou Rondou k Atlantiku do C\u00e1dizu a Tarify, odkud je to jen kousek na Gibraltar. Odtud se nab\u00edz\u00ed p\u0159esun do Sevilly s monument\u00e1ln\u00ed katedr\u00e1lou a pal\u00e1cem Alc\u00e1zar a p\u0159\u00edpadn\u011b tak\u00e9 do Granady. Z\u00e1v\u011br m\u016f\u017ee pat\u0159it odpo\u010dinku na pl\u00e1\u017e\u00edch Costa del Sol\u00a0nebo v okol\u00ed Nerji. Pokud se chyst\u00e1te nav\u0161t\u00edvit historick\u00e1 centra, je prakti\u010dt\u011bj\u0161\u00ed zaparkovat na okraji m\u011bst a vyu\u017e\u00edt m\u00edstn\u00ed dopravu,&#8221; dod\u00e1v\u00e1.<\/p><br>\n\n\n\n<figure class=\"wp-block-image size-large\"><img loading=\"lazy\" decoding=\"async\" width=\"1024\" height=\"682\" src=\"https:\/\/www.mzone.cz\/wp-content\/uploads\/2026\/03\/Gibraltar_Honza-Rychtarikjpeg-min-1024x682.jpeg\" alt=\"Gibraltar\" class=\"wp-image-47157\" srcset=\"https:\/\/www.mzone.cz\/wp-content\/uploads\/2026\/03\/Gibraltar_Honza-Rychtarikjpeg-min-1024x682.jpeg 1024w, https:\/\/www.mzone.cz\/wp-content\/uploads\/2026\/03\/Gibraltar_Honza-Rychtarikjpeg-min-300x200.jpeg 300w, https:\/\/www.mzone.cz\/wp-content\/uploads\/2026\/03\/Gibraltar_Honza-Rychtarikjpeg-min-768x512.jpeg 768w, https:\/\/www.mzone.cz\/wp-content\/uploads\/2026\/03\/Gibraltar_Honza-Rychtarikjpeg-min-18x12.jpeg 18w, https:\/\/www.mzone.cz\/wp-content\/uploads\/2026\/03\/Gibraltar_Honza-Rychtarikjpeg-min-800x533.jpeg 800w, https:\/\/www.mzone.cz\/wp-content\/uploads\/2026\/03\/Gibraltar_Honza-Rychtarikjpeg-min-400x267.jpeg 400w, https:\/\/www.mzone.cz\/wp-content\/uploads\/2026\/03\/Gibraltar_Honza-Rychtarikjpeg-min-500x333.jpeg 500w, https:\/\/www.mzone.cz\/wp-content\/uploads\/2026\/03\/Gibraltar_Honza-Rychtarikjpeg-min-1170x780.jpeg 1170w, https:\/\/www.mzone.cz\/wp-content\/uploads\/2026\/03\/Gibraltar_Honza-Rychtarikjpeg-min-590x393.jpeg 590w, https:\/\/www.mzone.cz\/wp-content\/uploads\/2026\/03\/Gibraltar_Honza-Rychtarikjpeg-min.jpeg 1280w\" sizes=\"auto, (max-width: 1024px) 100vw, 1024px\" \/><\/figure><br>\n\n\n\n<p>Pr\u00e1v\u011b v Malaze provozuje Honza Rychta\u0159\u00edk se svou \u017eenou Terezou p\u016fj\u010dovnu obytn\u00fdch voz\u016f <a href=\"https:\/\/www.naruby.life\/\" target=\"_blank\">NARUBY.life<\/a>. Vozy p\u0159ed\u00e1vaj\u00ed p\u00e1r minut od leti\u0161t\u011b a podle d\u00e9lky pobytu i osobn\u00edm preferenc\u00edm doporu\u010d\u00ed konkr\u00e9tn\u00ed itiner\u00e1\u0159. \u201eNa\u0161\u00ed rol\u00ed nen\u00ed jen p\u0159edat kl\u00ed\u010dky. Lidem vysv\u011btl\u00edme, jak funguj\u00ed n\u00e1dr\u017ee, kde bezpe\u010dn\u011b p\u0159espat a na co si d\u00e1t pozor. Kdy\u017e si nejsou jist\u00ed, zavolaj\u00ed a \u0159e\u0161\u00edme to hned. Pro nov\u00e1\u010dky je d\u016fle\u017eit\u00e9 v\u011bd\u011bt, \u017ee na to nejsou sami,\u201c dopl\u0148uje Tereza Rychta\u0159\u00edkov\u00e1.<\/p><br>\n\n\n\n<h2 class=\"wp-block-heading\">Norsko: svoboda, kter\u00e1 m\u00e1 jasn\u00e1 pravidla&nbsp;<\/h2>\n\n\n\n<p>Norsko je symbolem roadtripu. Kvalitn\u00ed silnice, minim\u00e1ln\u00ed provoz a dramatick\u00e1 p\u0159\u00edroda vytv\u00e1\u0159ej\u00ed ide\u00e1ln\u00ed podm\u00ednky pro cestov\u00e1n\u00ed obytn\u00fdm vozem. \u201eLid\u00e9 maj\u00ed pocit, \u017ee Norsko je divok\u00e9 a n\u00e1ro\u010dn\u00e9. Ve skute\u010dnosti je velmi systematick\u00e9. Pravidla jsou jasn\u00e1 a infrastruktura funguje perfektn\u011b,\u201c vysv\u011btluje Rychta\u0159\u00edk.&nbsp;<\/p>\n\n\n\n<blockquote class=\"wp-block-quote is-layout-flow wp-block-quote-is-layout-flow\">\n<p>V\u00fdhodou je mo\u017enost p\u0159enocov\u00e1n\u00ed mimo kempy p\u0159i dodr\u017een\u00ed z\u00e1konn\u00fdch podm\u00ednek \u2013 mimo zastav\u011bn\u00e1 \u00fazem\u00ed a v dostate\u010dn\u00e9 vzd\u00e1lenosti od soukrom\u00fdch dom\u016f.<\/p>\n<\/blockquote>\n\n\n\n<p>Pokud si pronajmete obytn\u00fd v\u016fz v Norsku na t\u00fdden v hlavn\u00ed sez\u00f3n\u011b, orienta\u010dn\u00ed cena pron\u00e1jmu se m\u016f\u017ee pohybovat zhruba mezi 1 500 a 2 500 NOK denn\u011b (cca 3 400\u20135 400 K\u010d\/den) v z\u00e1vislosti na velikosti vozu a v\u00fdbav\u011b. Z\u00e1rove\u0148 je pot\u0159eba po\u010d\u00edtat s vy\u0161\u0161\u00edmi n\u00e1klady, zejm\u00e9na na m\u00fdtn\u00e9, trajekty a pohonn\u00e9 hmoty.<\/p><br>\n\n\n\n<figure class=\"wp-block-image size-large\"><img loading=\"lazy\" decoding=\"async\" width=\"1024\" height=\"683\" src=\"https:\/\/www.mzone.cz\/wp-content\/uploads\/2026\/03\/pexels-Bergen-Vestland-Norway-1024x683.jpg\" alt=\"Norsko \u2013 Bergen\" class=\"wp-image-47164\" srcset=\"https:\/\/www.mzone.cz\/wp-content\/uploads\/2026\/03\/pexels-Bergen-Vestland-Norway-1024x683.jpg 1024w, https:\/\/www.mzone.cz\/wp-content\/uploads\/2026\/03\/pexels-Bergen-Vestland-Norway-300x200.jpg 300w, https:\/\/www.mzone.cz\/wp-content\/uploads\/2026\/03\/pexels-Bergen-Vestland-Norway-768x512.jpg 768w, https:\/\/www.mzone.cz\/wp-content\/uploads\/2026\/03\/pexels-Bergen-Vestland-Norway-1536x1024.jpg 1536w, https:\/\/www.mzone.cz\/wp-content\/uploads\/2026\/03\/pexels-Bergen-Vestland-Norway-2048x1365.jpg 2048w, https:\/\/www.mzone.cz\/wp-content\/uploads\/2026\/03\/pexels-Bergen-Vestland-Norway-18x12.jpg 18w, https:\/\/www.mzone.cz\/wp-content\/uploads\/2026\/03\/pexels-Bergen-Vestland-Norway-800x533.jpg 800w, https:\/\/www.mzone.cz\/wp-content\/uploads\/2026\/03\/pexels-Bergen-Vestland-Norway-400x267.jpg 400w, https:\/\/www.mzone.cz\/wp-content\/uploads\/2026\/03\/pexels-Bergen-Vestland-Norway-500x333.jpg 500w, https:\/\/www.mzone.cz\/wp-content\/uploads\/2026\/03\/pexels-Bergen-Vestland-Norway-1170x780.jpg 1170w, https:\/\/www.mzone.cz\/wp-content\/uploads\/2026\/03\/pexels-Bergen-Vestland-Norway-590x393.jpg 590w\" sizes=\"auto, (max-width: 1024px) 100vw, 1024px\" \/><\/figure><br>\n\n\n\n<p>Osv\u011bd\u010den\u00e1 trasa pro prvn\u00ed n\u00e1v\u0161t\u011bvu vede z Bergenu p\u0159es Hardangerfjord a Geirangerfjord do \u00c5lesundu. Cestov\u00e1n\u00ed je plynul\u00e9, ale vzd\u00e1lenosti jsou v\u011bt\u0161\u00ed, proto je vhodn\u00e9 pl\u00e1novat dostate\u010dn\u00e9 \u010dasov\u00e9 rezervy.<\/p><br>\n\n\n\n<h2 class=\"wp-block-heading\">Co rozhodne o \u00fasp\u011b\u0161n\u00e9 prvn\u00ed cest\u011b?&nbsp;<\/h2>\n\n\n\n<p>Zku\u0161enosti z praxe ukazuj\u00ed, \u017ee prvn\u00ed dovolen\u00e1 v obyt\u0148\u00e1ku by nem\u011bla b\u00fdt o extr\u00e9mn\u00edch v\u00fdzv\u00e1ch, ale o plynul\u00e9m rytmu. Krat\u0161\u00ed p\u0159ejezdy, ofici\u00e1ln\u00ed st\u00e1n\u00ed a realistick\u00fd pl\u00e1n jsou d\u016fle\u017eit\u011bj\u0161\u00ed ne\u017e ambici\u00f3zn\u00ed seznam m\u00edst. \u201eNej\u010dast\u011bj\u0161\u00ed chybou je snaha stihnout v\u0161echno. Obytn\u00fd v\u016fz v\u00e1m d\u00e1v\u00e1 svobodu jet vlastn\u00edm tempem, zastavit tam, kde v\u00e1s to opravdu bav\u00ed, a z\u016fstat klidn\u011b o den d\u00e9le, ani\u017e byste museli cokoli ru\u0161it nebo p\u0159esouvat,\u201c uzav\u00edr\u00e1 Rychta\u0159\u00edk. Tak \u0161\u0165astnou cestu!<\/p><br>\n\n\n\n<div class=\"wp-block-media-text is-stacked-on-mobile is-vertically-aligned-top\" style=\"grid-template-columns:23% auto\"><figure class=\"wp-block-media-text__media\"><a href=\"https:\/\/www.mzone.cz\/mazlicek-na-cestach-uzitecne-tipy-na-letni-dovolenou\/\"><img loading=\"lazy\" decoding=\"async\" width=\"1024\" height=\"683\" src=\"https:\/\/www.mzone.cz\/wp-content\/uploads\/2025\/07\/Cestovani-se-zviretem-1024x683.jpeg\" alt=\"Cestov\u00e1n\u00ed se zv\u00ed\u0159etem\" class=\"wp-image-45924 size-full\" srcset=\"https:\/\/www.mzone.cz\/wp-content\/uploads\/2025\/07\/Cestovani-se-zviretem-1024x683.jpeg 1024w, https:\/\/www.mzone.cz\/wp-content\/uploads\/2025\/07\/Cestovani-se-zviretem-300x200.jpeg 300w, https:\/\/www.mzone.cz\/wp-content\/uploads\/2025\/07\/Cestovani-se-zviretem-768x512.jpeg 768w, https:\/\/www.mzone.cz\/wp-content\/uploads\/2025\/07\/Cestovani-se-zviretem-1536x1024.jpeg 1536w, https:\/\/www.mzone.cz\/wp-content\/uploads\/2025\/07\/Cestovani-se-zviretem-2048x1365.jpeg 2048w, https:\/\/www.mzone.cz\/wp-content\/uploads\/2025\/07\/Cestovani-se-zviretem-18x12.jpeg 18w, https:\/\/www.mzone.cz\/wp-content\/uploads\/2025\/07\/Cestovani-se-zviretem-800x533.jpeg 800w, https:\/\/www.mzone.cz\/wp-content\/uploads\/2025\/07\/Cestovani-se-zviretem-400x267.jpeg 400w, https:\/\/www.mzone.cz\/wp-content\/uploads\/2025\/07\/Cestovani-se-zviretem-500x333.jpeg 500w, https:\/\/www.mzone.cz\/wp-content\/uploads\/2025\/07\/Cestovani-se-zviretem-1170x780.jpeg 1170w, https:\/\/www.mzone.cz\/wp-content\/uploads\/2025\/07\/Cestovani-se-zviretem-590x393.jpeg 590w\" sizes=\"auto, (max-width: 1024px) 100vw, 1024px\" \/><\/a><\/figure><div class=\"wp-block-media-text__content\">\n<h4 class=\"wp-block-heading\"><a href=\"https:\/\/www.mzone.cz\/mazlicek-na-cestach-uzitecne-tipy-na-letni-dovolenou\/\">Mazl\u00ed\u010dek na cest\u00e1ch: U\u017eite\u010dn\u00e9 tipy na letn\u00ed dovolenou<\/a><\/h4><br>\n<\/div><\/div>\n\n\n\n<p><\/p>","protected":false},"excerpt":{"rendered":"<p>Cestov\u00e1n\u00ed obytn\u00fdm vozem v posledn\u00edch letech v\u00fdrazn\u011b roste. Nab\u00edz\u00ed flexibilitu, svobodu m\u011bnit pl\u00e1ny ze dne na den, kombinovat p\u0159\u00edrodu s m\u011bsty i mo\u017enost m\u00edt sv\u00e9 z\u00e1zem\u00ed kdykoliv po ruce. Prvn\u00ed cesta ale \u010dasto rozhodne o tom, zda se z caravaningu stane dlouhodob\u00e1 v\u00e1\u0161e\u0148, nebo jednor\u00e1zov\u00e1 zku\u0161enost. Kl\u00ed\u010dov\u00e1 je volba destinace. \u201eZa\u010d\u00e1te\u010dn\u00edci \u010dasto podcen\u00ed infrastrukturu. Nejde [&hellip;]<\/p>\n","protected":false},"author":4,"featured_media":47149,"comment_status":"open","ping_status":"closed","sticky":false,"template":"","format":"standard","meta":{"kk_blocks_editor_width":"","_kiokenblocks_attr":"","_kiokenblocks_dimensions":"","footnotes":""},"categories":[854,25],"tags":[6528,512,988,514,2122,5014,4726,6182,490,572],"class_list":["post-47147","post","type-post","status-publish","format-standard","has-post-thumbnail","hentry","category-cestovani","category-style","tag-caravaning","tag-cestovani","tag-destinace","tag-dovolena","tag-evropa","tag-karavan","tag-obytnak","tag-obytny-vuz","tag-style","tag-tipy"],"yoast_head":"<!-- This site is optimized with the Yoast SEO plugin v27.4 - https:\/\/yoast.com\/product\/yoast-seo-wordpress\/ -->\n<title>Prvn\u00ed dovolen\u00e1 v obyt\u0148\u00e1ku? Tohle jsou t\u0159i evropsk\u00e9 destinace, kde za\u010d\u00edt - Mzone<\/title>\n<meta name=\"description\" content=\"Cestov\u00e1n\u00ed obytn\u00fdm vozem v posledn\u00edch letech v\u00fdrazn\u011b roste. Nab\u00edz\u00ed flexibilitu, svobodu m\u011bnit pl\u00e1ny ze dne na den, kombinovat p\u0159\u00edrodu s m\u011bsty i mo\u017enost m\u00edt sv\u00e9 z\u00e1zem\u00ed kdykoliv po ruce. Prvn\u00ed cesta ale \u010dasto rozhodne o tom, zda se z caravaningu stane dlouhodob\u00e1 v\u00e1\u0161e\u0148, nebo jednor\u00e1zov\u00e1 zku\u0161enost. Kl\u00ed\u010dov\u00e1 je volba destinace.\" \/>\n<meta name=\"robots\" content=\"index, follow, max-snippet:-1, max-image-preview:large, max-video-preview:-1\" \/>\n<link rel=\"canonical\" href=\"https:\/\/www.mzone.cz\/en\/dovolena-v-obytnaku-tohle-jsou-tri-evropske-destinace-kde-zacit\/\" \/>\n<meta property=\"og:locale\" content=\"en_US\" \/>\n<meta property=\"og:type\" content=\"article\" \/>\n<meta property=\"og:title\" content=\"Prvn\u00ed dovolen\u00e1 v obyt\u0148\u00e1ku? Tohle jsou t\u0159i evropsk\u00e9 destinace, kde za\u010d\u00edt - Mzone\" \/>\n<meta property=\"og:description\" content=\"Cestov\u00e1n\u00ed obytn\u00fdm vozem v posledn\u00edch letech v\u00fdrazn\u011b roste. Nab\u00edz\u00ed flexibilitu, svobodu m\u011bnit pl\u00e1ny ze dne na den, kombinovat p\u0159\u00edrodu s m\u011bsty i mo\u017enost m\u00edt sv\u00e9 z\u00e1zem\u00ed kdykoliv po ruce. Prvn\u00ed cesta ale \u010dasto rozhodne o tom, zda se z caravaningu stane dlouhodob\u00e1 v\u00e1\u0161e\u0148, nebo jednor\u00e1zov\u00e1 zku\u0161enost. Kl\u00ed\u010dov\u00e1 je volba destinace.\" \/>\n<meta property=\"og:url\" content=\"https:\/\/www.mzone.cz\/en\/dovolena-v-obytnaku-tohle-jsou-tri-evropske-destinace-kde-zacit\/\" \/>\n<meta property=\"og:site_name\" content=\"Mzone\" \/>\n<meta property=\"article:publisher\" content=\"https:\/\/www.facebook.com\/MzoneCZ\/\" \/>\n<meta property=\"article:published_time\" content=\"2026-03-11T04:00:00+00:00\" \/>\n<meta property=\"og:image\" content=\"https:\/\/www.mzone.cz\/wp-content\/uploads\/2026\/03\/Dovolena-v-obytnaku.jpeg\" \/>\n\t<meta property=\"og:image:width\" content=\"1400\" \/>\n\t<meta property=\"og:image:height\" content=\"933\" \/>\n\t<meta property=\"og:image:type\" content=\"image\/jpeg\" \/>\n<meta name=\"author\" content=\"Mzone\" \/>\n<meta name=\"twitter:card\" content=\"summary_large_image\" \/>\n<meta name=\"twitter:label1\" content=\"Written by\" \/>\n\t<meta name=\"twitter:data1\" content=\"Mzone\" \/>\n\t<meta name=\"twitter:label2\" content=\"Est. reading time\" \/>\n\t<meta name=\"twitter:data2\" content=\"5 minutes\" \/>\n<script type=\"application\/ld+json\" class=\"yoast-schema-graph\">{\"@context\":\"https:\\\/\\\/schema.org\",\"@graph\":[{\"@type\":\"Article\",\"@id\":\"https:\\\/\\\/www.mzone.cz\\\/dovolena-v-obytnaku-tohle-jsou-tri-evropske-destinace-kde-zacit\\\/#article\",\"isPartOf\":{\"@id\":\"https:\\\/\\\/www.mzone.cz\\\/dovolena-v-obytnaku-tohle-jsou-tri-evropske-destinace-kde-zacit\\\/\"},\"author\":{\"name\":\"Mzone\",\"@id\":\"https:\\\/\\\/www.mzone.cz\\\/#\\\/schema\\\/person\\\/9bc20cc422a99cac4af6ff9297da32d4\"},\"headline\":\"Prvn\u00ed dovolen\u00e1 v obyt\u0148\u00e1ku? Tohle jsou t\u0159i evropsk\u00e9 destinace, kde za\u010d\u00edt\",\"datePublished\":\"2026-03-11T04:00:00+00:00\",\"mainEntityOfPage\":{\"@id\":\"https:\\\/\\\/www.mzone.cz\\\/dovolena-v-obytnaku-tohle-jsou-tri-evropske-destinace-kde-zacit\\\/\"},\"wordCount\":1027,\"commentCount\":0,\"image\":{\"@id\":\"https:\\\/\\\/www.mzone.cz\\\/dovolena-v-obytnaku-tohle-jsou-tri-evropske-destinace-kde-zacit\\\/#primaryimage\"},\"thumbnailUrl\":\"https:\\\/\\\/www.mzone.cz\\\/wp-content\\\/uploads\\\/2026\\\/03\\\/Dovolena-v-obytnaku.jpeg\",\"keywords\":[\"caravaning\",\"cestov\u00e1n\u00ed\",\"destinace\",\"dovolen\u00e1\",\"Evropa\",\"karavan\",\"obyt\u0148\u00e1k\",\"obytn\u00fd v\u016fz\",\"style\",\"tipy\"],\"articleSection\":[\"Cestov\u00e1n\u00ed\",\"Style\"],\"inLanguage\":\"en-US\",\"potentialAction\":[{\"@type\":\"CommentAction\",\"name\":\"Comment\",\"target\":[\"https:\\\/\\\/www.mzone.cz\\\/dovolena-v-obytnaku-tohle-jsou-tri-evropske-destinace-kde-zacit\\\/#respond\"]}]},{\"@type\":\"WebPage\",\"@id\":\"https:\\\/\\\/www.mzone.cz\\\/dovolena-v-obytnaku-tohle-jsou-tri-evropske-destinace-kde-zacit\\\/\",\"url\":\"https:\\\/\\\/www.mzone.cz\\\/dovolena-v-obytnaku-tohle-jsou-tri-evropske-destinace-kde-zacit\\\/\",\"name\":\"Prvn\u00ed dovolen\u00e1 v obyt\u0148\u00e1ku? Tohle jsou t\u0159i evropsk\u00e9 destinace, kde za\u010d\u00edt - Mzone\",\"isPartOf\":{\"@id\":\"https:\\\/\\\/www.mzone.cz\\\/#website\"},\"primaryImageOfPage\":{\"@id\":\"https:\\\/\\\/www.mzone.cz\\\/dovolena-v-obytnaku-tohle-jsou-tri-evropske-destinace-kde-zacit\\\/#primaryimage\"},\"image\":{\"@id\":\"https:\\\/\\\/www.mzone.cz\\\/dovolena-v-obytnaku-tohle-jsou-tri-evropske-destinace-kde-zacit\\\/#primaryimage\"},\"thumbnailUrl\":\"https:\\\/\\\/www.mzone.cz\\\/wp-content\\\/uploads\\\/2026\\\/03\\\/Dovolena-v-obytnaku.jpeg\",\"datePublished\":\"2026-03-11T04:00:00+00:00\",\"author\":{\"@id\":\"https:\\\/\\\/www.mzone.cz\\\/#\\\/schema\\\/person\\\/9bc20cc422a99cac4af6ff9297da32d4\"},\"description\":\"Cestov\u00e1n\u00ed obytn\u00fdm vozem v posledn\u00edch letech v\u00fdrazn\u011b roste. Nab\u00edz\u00ed flexibilitu, svobodu m\u011bnit pl\u00e1ny ze dne na den, kombinovat p\u0159\u00edrodu s m\u011bsty i mo\u017enost m\u00edt sv\u00e9 z\u00e1zem\u00ed kdykoliv po ruce. Prvn\u00ed cesta ale \u010dasto rozhodne o tom, zda se z caravaningu stane dlouhodob\u00e1 v\u00e1\u0161e\u0148, nebo jednor\u00e1zov\u00e1 zku\u0161enost. Kl\u00ed\u010dov\u00e1 je volba destinace.\",\"breadcrumb\":{\"@id\":\"https:\\\/\\\/www.mzone.cz\\\/dovolena-v-obytnaku-tohle-jsou-tri-evropske-destinace-kde-zacit\\\/#breadcrumb\"},\"inLanguage\":\"en-US\",\"potentialAction\":[{\"@type\":\"ReadAction\",\"target\":[\"https:\\\/\\\/www.mzone.cz\\\/dovolena-v-obytnaku-tohle-jsou-tri-evropske-destinace-kde-zacit\\\/\"]}]},{\"@type\":\"ImageObject\",\"inLanguage\":\"en-US\",\"@id\":\"https:\\\/\\\/www.mzone.cz\\\/dovolena-v-obytnaku-tohle-jsou-tri-evropske-destinace-kde-zacit\\\/#primaryimage\",\"url\":\"https:\\\/\\\/www.mzone.cz\\\/wp-content\\\/uploads\\\/2026\\\/03\\\/Dovolena-v-obytnaku.jpeg\",\"contentUrl\":\"https:\\\/\\\/www.mzone.cz\\\/wp-content\\\/uploads\\\/2026\\\/03\\\/Dovolena-v-obytnaku.jpeg\",\"width\":1400,\"height\":933,\"caption\":\"Dovolen\u00e1 v obyt\u0148\u00e1ku\"},{\"@type\":\"BreadcrumbList\",\"@id\":\"https:\\\/\\\/www.mzone.cz\\\/dovolena-v-obytnaku-tohle-jsou-tri-evropske-destinace-kde-zacit\\\/#breadcrumb\",\"itemListElement\":[{\"@type\":\"ListItem\",\"position\":1,\"name\":\"Dom\u016f\",\"item\":\"https:\\\/\\\/www.mzone.cz\\\/\"},{\"@type\":\"ListItem\",\"position\":2,\"name\":\"Prvn\u00ed dovolen\u00e1 v obyt\u0148\u00e1ku? Tohle jsou t\u0159i evropsk\u00e9 destinace, kde za\u010d\u00edt\"}]},{\"@type\":\"WebSite\",\"@id\":\"https:\\\/\\\/www.mzone.cz\\\/#website\",\"url\":\"https:\\\/\\\/www.mzone.cz\\\/\",\"name\":\"Mzone\",\"description\":\"Magaz\u00edn nejen pro mu\u017ee\",\"potentialAction\":[{\"@type\":\"SearchAction\",\"target\":{\"@type\":\"EntryPoint\",\"urlTemplate\":\"https:\\\/\\\/www.mzone.cz\\\/?s={search_term_string}\"},\"query-input\":{\"@type\":\"PropertyValueSpecification\",\"valueRequired\":true,\"valueName\":\"search_term_string\"}}],\"inLanguage\":\"en-US\"},{\"@type\":\"Person\",\"@id\":\"https:\\\/\\\/www.mzone.cz\\\/#\\\/schema\\\/person\\\/9bc20cc422a99cac4af6ff9297da32d4\",\"name\":\"Mzone\",\"image\":{\"@type\":\"ImageObject\",\"inLanguage\":\"en-US\",\"@id\":\"https:\\\/\\\/secure.gravatar.com\\\/avatar\\\/e780a8630f3182a3d06dd667ab6bea151a0d155b0951bc15fe22633acdac0676?s=96&d=mm&r=g\",\"url\":\"https:\\\/\\\/secure.gravatar.com\\\/avatar\\\/e780a8630f3182a3d06dd667ab6bea151a0d155b0951bc15fe22633acdac0676?s=96&d=mm&r=g\",\"contentUrl\":\"https:\\\/\\\/secure.gravatar.com\\\/avatar\\\/e780a8630f3182a3d06dd667ab6bea151a0d155b0951bc15fe22633acdac0676?s=96&d=mm&r=g\",\"caption\":\"Mzone\"},\"url\":\"https:\\\/\\\/www.mzone.cz\\\/en\\\/author\\\/jakub\\\/\"}]}<\/script>\n<!-- \/ Yoast SEO plugin. -->","yoast_head_json":{"title":"Prvn\u00ed dovolen\u00e1 v obyt\u0148\u00e1ku? Tohle jsou t\u0159i evropsk\u00e9 destinace, kde za\u010d\u00edt - Mzone","description":"Cestov\u00e1n\u00ed obytn\u00fdm vozem v posledn\u00edch letech v\u00fdrazn\u011b roste. Nab\u00edz\u00ed flexibilitu, svobodu m\u011bnit pl\u00e1ny ze dne na den, kombinovat p\u0159\u00edrodu s m\u011bsty i mo\u017enost m\u00edt sv\u00e9 z\u00e1zem\u00ed kdykoliv po ruce. Prvn\u00ed cesta ale \u010dasto rozhodne o tom, zda se z caravaningu stane dlouhodob\u00e1 v\u00e1\u0161e\u0148, nebo jednor\u00e1zov\u00e1 zku\u0161enost. Kl\u00ed\u010dov\u00e1 je volba destinace.","robots":{"index":"index","follow":"follow","max-snippet":"max-snippet:-1","max-image-preview":"max-image-preview:large","max-video-preview":"max-video-preview:-1"},"canonical":"https:\/\/www.mzone.cz\/en\/dovolena-v-obytnaku-tohle-jsou-tri-evropske-destinace-kde-zacit\/","og_locale":"en_US","og_type":"article","og_title":"Prvn\u00ed dovolen\u00e1 v obyt\u0148\u00e1ku? Tohle jsou t\u0159i evropsk\u00e9 destinace, kde za\u010d\u00edt - Mzone","og_description":"Cestov\u00e1n\u00ed obytn\u00fdm vozem v posledn\u00edch letech v\u00fdrazn\u011b roste. Nab\u00edz\u00ed flexibilitu, svobodu m\u011bnit pl\u00e1ny ze dne na den, kombinovat p\u0159\u00edrodu s m\u011bsty i mo\u017enost m\u00edt sv\u00e9 z\u00e1zem\u00ed kdykoliv po ruce. Prvn\u00ed cesta ale \u010dasto rozhodne o tom, zda se z caravaningu stane dlouhodob\u00e1 v\u00e1\u0161e\u0148, nebo jednor\u00e1zov\u00e1 zku\u0161enost. Kl\u00ed\u010dov\u00e1 je volba destinace.","og_url":"https:\/\/www.mzone.cz\/en\/dovolena-v-obytnaku-tohle-jsou-tri-evropske-destinace-kde-zacit\/","og_site_name":"Mzone","article_publisher":"https:\/\/www.facebook.com\/MzoneCZ\/","article_published_time":"2026-03-11T04:00:00+00:00","og_image":[{"width":1400,"height":933,"url":"https:\/\/www.mzone.cz\/wp-content\/uploads\/2026\/03\/Dovolena-v-obytnaku.jpeg","type":"image\/jpeg"}],"author":"Mzone","twitter_card":"summary_large_image","twitter_misc":{"Written by":"Mzone","Est. reading time":"5 minutes"},"schema":{"@context":"https:\/\/schema.org","@graph":[{"@type":"Article","@id":"https:\/\/www.mzone.cz\/dovolena-v-obytnaku-tohle-jsou-tri-evropske-destinace-kde-zacit\/#article","isPartOf":{"@id":"https:\/\/www.mzone.cz\/dovolena-v-obytnaku-tohle-jsou-tri-evropske-destinace-kde-zacit\/"},"author":{"name":"Mzone","@id":"https:\/\/www.mzone.cz\/#\/schema\/person\/9bc20cc422a99cac4af6ff9297da32d4"},"headline":"Prvn\u00ed dovolen\u00e1 v obyt\u0148\u00e1ku? Tohle jsou t\u0159i evropsk\u00e9 destinace, kde za\u010d\u00edt","datePublished":"2026-03-11T04:00:00+00:00","mainEntityOfPage":{"@id":"https:\/\/www.mzone.cz\/dovolena-v-obytnaku-tohle-jsou-tri-evropske-destinace-kde-zacit\/"},"wordCount":1027,"commentCount":0,"image":{"@id":"https:\/\/www.mzone.cz\/dovolena-v-obytnaku-tohle-jsou-tri-evropske-destinace-kde-zacit\/#primaryimage"},"thumbnailUrl":"https:\/\/www.mzone.cz\/wp-content\/uploads\/2026\/03\/Dovolena-v-obytnaku.jpeg","keywords":["caravaning","cestov\u00e1n\u00ed","destinace","dovolen\u00e1","Evropa","karavan","obyt\u0148\u00e1k","obytn\u00fd v\u016fz","style","tipy"],"articleSection":["Cestov\u00e1n\u00ed","Style"],"inLanguage":"en-US","potentialAction":[{"@type":"CommentAction","name":"Comment","target":["https:\/\/www.mzone.cz\/dovolena-v-obytnaku-tohle-jsou-tri-evropske-destinace-kde-zacit\/#respond"]}]},{"@type":"WebPage","@id":"https:\/\/www.mzone.cz\/dovolena-v-obytnaku-tohle-jsou-tri-evropske-destinace-kde-zacit\/","url":"https:\/\/www.mzone.cz\/dovolena-v-obytnaku-tohle-jsou-tri-evropske-destinace-kde-zacit\/","name":"Prvn\u00ed dovolen\u00e1 v obyt\u0148\u00e1ku? Tohle jsou t\u0159i evropsk\u00e9 destinace, kde za\u010d\u00edt - Mzone","isPartOf":{"@id":"https:\/\/www.mzone.cz\/#website"},"primaryImageOfPage":{"@id":"https:\/\/www.mzone.cz\/dovolena-v-obytnaku-tohle-jsou-tri-evropske-destinace-kde-zacit\/#primaryimage"},"image":{"@id":"https:\/\/www.mzone.cz\/dovolena-v-obytnaku-tohle-jsou-tri-evropske-destinace-kde-zacit\/#primaryimage"},"thumbnailUrl":"https:\/\/www.mzone.cz\/wp-content\/uploads\/2026\/03\/Dovolena-v-obytnaku.jpeg","datePublished":"2026-03-11T04:00:00+00:00","author":{"@id":"https:\/\/www.mzone.cz\/#\/schema\/person\/9bc20cc422a99cac4af6ff9297da32d4"},"description":"Cestov\u00e1n\u00ed obytn\u00fdm vozem v posledn\u00edch letech v\u00fdrazn\u011b roste. Nab\u00edz\u00ed flexibilitu, svobodu m\u011bnit pl\u00e1ny ze dne na den, kombinovat p\u0159\u00edrodu s m\u011bsty i mo\u017enost m\u00edt sv\u00e9 z\u00e1zem\u00ed kdykoliv po ruce. Prvn\u00ed cesta ale \u010dasto rozhodne o tom, zda se z caravaningu stane dlouhodob\u00e1 v\u00e1\u0161e\u0148, nebo jednor\u00e1zov\u00e1 zku\u0161enost. Kl\u00ed\u010dov\u00e1 je volba destinace.","breadcrumb":{"@id":"https:\/\/www.mzone.cz\/dovolena-v-obytnaku-tohle-jsou-tri-evropske-destinace-kde-zacit\/#breadcrumb"},"inLanguage":"en-US","potentialAction":[{"@type":"ReadAction","target":["https:\/\/www.mzone.cz\/dovolena-v-obytnaku-tohle-jsou-tri-evropske-destinace-kde-zacit\/"]}]},{"@type":"ImageObject","inLanguage":"en-US","@id":"https:\/\/www.mzone.cz\/dovolena-v-obytnaku-tohle-jsou-tri-evropske-destinace-kde-zacit\/#primaryimage","url":"https:\/\/www.mzone.cz\/wp-content\/uploads\/2026\/03\/Dovolena-v-obytnaku.jpeg","contentUrl":"https:\/\/www.mzone.cz\/wp-content\/uploads\/2026\/03\/Dovolena-v-obytnaku.jpeg","width":1400,"height":933,"caption":"Dovolen\u00e1 v obyt\u0148\u00e1ku"},{"@type":"BreadcrumbList","@id":"https:\/\/www.mzone.cz\/dovolena-v-obytnaku-tohle-jsou-tri-evropske-destinace-kde-zacit\/#breadcrumb","itemListElement":[{"@type":"ListItem","position":1,"name":"Dom\u016f","item":"https:\/\/www.mzone.cz\/"},{"@type":"ListItem","position":2,"name":"Prvn\u00ed dovolen\u00e1 v obyt\u0148\u00e1ku? Tohle jsou t\u0159i evropsk\u00e9 destinace, kde za\u010d\u00edt"}]},{"@type":"WebSite","@id":"https:\/\/www.mzone.cz\/#website","url":"https:\/\/www.mzone.cz\/","name":"Mzone","description":"Magaz\u00edn nejen pro mu\u017ee","potentialAction":[{"@type":"SearchAction","target":{"@type":"EntryPoint","urlTemplate":"https:\/\/www.mzone.cz\/?s={search_term_string}"},"query-input":{"@type":"PropertyValueSpecification","valueRequired":true,"valueName":"search_term_string"}}],"inLanguage":"en-US"},{"@type":"Person","@id":"https:\/\/www.mzone.cz\/#\/schema\/person\/9bc20cc422a99cac4af6ff9297da32d4","name":"Mzone","image":{"@type":"ImageObject","inLanguage":"en-US","@id":"https:\/\/secure.gravatar.com\/avatar\/e780a8630f3182a3d06dd667ab6bea151a0d155b0951bc15fe22633acdac0676?s=96&d=mm&r=g","url":"https:\/\/secure.gravatar.com\/avatar\/e780a8630f3182a3d06dd667ab6bea151a0d155b0951bc15fe22633acdac0676?s=96&d=mm&r=g","contentUrl":"https:\/\/secure.gravatar.com\/avatar\/e780a8630f3182a3d06dd667ab6bea151a0d155b0951bc15fe22633acdac0676?s=96&d=mm&r=g","caption":"Mzone"},"url":"https:\/\/www.mzone.cz\/en\/author\/jakub\/"}]}},"_links":{"self":[{"href":"https:\/\/www.mzone.cz\/en\/wp-json\/wp\/v2\/posts\/47147","targetHints":{"allow":["GET"]}}],"collection":[{"href":"https:\/\/www.mzone.cz\/en\/wp-json\/wp\/v2\/posts"}],"about":[{"href":"https:\/\/www.mzone.cz\/en\/wp-json\/wp\/v2\/types\/post"}],"author":[{"embeddable":true,"href":"https:\/\/www.mzone.cz\/en\/wp-json\/wp\/v2\/users\/4"}],"replies":[{"embeddable":true,"href":"https:\/\/www.mzone.cz\/en\/wp-json\/wp\/v2\/comments?post=47147"}],"version-history":[{"count":15,"href":"https:\/\/www.mzone.cz\/en\/wp-json\/wp\/v2\/posts\/47147\/revisions"}],"predecessor-version":[{"id":47171,"href":"https:\/\/www.mzone.cz\/en\/wp-json\/wp\/v2\/posts\/47147\/revisions\/47171"}],"wp:featuredmedia":[{"embeddable":true,"href":"https:\/\/www.mzone.cz\/en\/wp-json\/wp\/v2\/media\/47149"}],"wp:attachment":[{"href":"https:\/\/www.mzone.cz\/en\/wp-json\/wp\/v2\/media?parent=47147"}],"wp:term":[{"taxonomy":"category","embeddable":true,"href":"https:\/\/www.mzone.cz\/en\/wp-json\/wp\/v2\/categories?post=47147"},{"taxonomy":"post_tag","embeddable":true,"href":"https:\/\/www.mzone.cz\/en\/wp-json\/wp\/v2\/tags?post=47147"}],"curies":[{"name":"wp","href":"https:\/\/api.w.org\/{rel}","templated":true}]}}