{"id":47188,"date":"2026-03-19T05:00:00","date_gmt":"2026-03-19T04:00:00","guid":{"rendered":"https:\/\/www.mzone.cz\/?p=47188"},"modified":"2026-03-17T20:12:34","modified_gmt":"2026-03-17T19:12:34","slug":"recyklacni-tovarna-na-stara-auta-polsko","status":"publish","type":"post","link":"https:\/\/www.mzone.cz\/en\/recyklacni-tovarna-na-stara-auta-polsko\/","title":{"rendered":"V Polsku vznik\u00e1 ob\u0159\u00ed recykla\u010dn\u00ed tov\u00e1rna na star\u00e1 auta"},"content":{"rendered":"<p><strong>Toyota zakl\u00e1d\u00e1 novou cirkul\u00e1rn\u00ed tov\u00e1rnu pro auta na konci jejich \u017eivotn\u00edho cyklu v polsk\u00e9m Valb\u0159ichu (Wa\u0142brzych). Recykla\u010dn\u00ed a v\u00fdrobn\u00ed z\u00e1vod se bude rozkl\u00e1dat na plo\u0161e 25 000 metr\u016f \u010dtvere\u010dn\u00edch a ka\u017ed\u00fd rok zpracuje bezm\u00e1la 20 000 vozidel s ukon\u010denou \u017eivotnost\u00ed.<\/strong><\/p><br>\n\n\n\n<p>Tov\u00e1rna rozv\u00edj\u00ed model ob\u011bhov\u00e9ho hospod\u00e1\u0159stv\u00ed s c\u00edlem znovu pou\u017e\u00edt a recyklovat materi\u00e1ly z aut a omezit jejich pl\u00fdtv\u00e1n\u00ed. Z\u00e1vod bude z\u00edsk\u00e1vat nejen op\u011btovn\u011b vyu\u017eiteln\u00e9 komponenty, ale i suroviny.<\/p>\n\n\n\n<blockquote class=\"wp-block-quote is-layout-flow wp-block-quote-is-layout-flow\">\n<p>Vybran\u00e9 prvky jako automobilov\u00e9 baterie a kola budou posuzov\u00e1ny z hlediska jejich potenci\u00e1lu pro repasi, druhotn\u00e9 vyu\u017eit\u00ed nebo recyklaci. Automobilka m\u00e1 d\u00e1le v \u00famyslu zp\u011btn\u011b z\u00edsk\u00e1vat \u0159adu materi\u00e1l\u016f v\u010detn\u011b m\u011bdi, oceli, hlin\u00edku a plast\u016f za \u00fa\u010delem jejich vyu\u017eit\u00ed v r\u00e1mci v\u00fdroby nov\u00fdch vozidel.<\/p>\n<\/blockquote>\n\n\n\n<p>Cirkul\u00e1rn\u00ed tov\u00e1rna roz\u0161\u00ed\u0159\u00ed aktivity st\u00e1vaj\u00edc\u00edho z\u00e1vodu ve Valb\u0159ichu, kter\u00fd ji\u017e dnes vyr\u00e1b\u00ed kl\u00ed\u010dov\u00e9 komponenty pro hybridn\u00ed i konven\u010dn\u00ed pohonn\u00e1 \u00fastroj\u00ed voz\u016f Toyota.<\/p><br>\n\n\n\n<figure class=\"wp-block-image size-large\"><img loading=\"lazy\" decoding=\"async\" width=\"1024\" height=\"576\" src=\"https:\/\/www.mzone.cz\/wp-content\/uploads\/2026\/03\/toyota_circular_model_scheme-1024x576.jpg\" alt=\"Sch\u00e9ma recykla\u010dn\u00ed tov\u00e1rny\" class=\"wp-image-47193\" srcset=\"https:\/\/www.mzone.cz\/wp-content\/uploads\/2026\/03\/toyota_circular_model_scheme-1024x576.jpg 1024w, https:\/\/www.mzone.cz\/wp-content\/uploads\/2026\/03\/toyota_circular_model_scheme-300x169.jpg 300w, https:\/\/www.mzone.cz\/wp-content\/uploads\/2026\/03\/toyota_circular_model_scheme-768x432.jpg 768w, https:\/\/www.mzone.cz\/wp-content\/uploads\/2026\/03\/toyota_circular_model_scheme-18x10.jpg 18w, https:\/\/www.mzone.cz\/wp-content\/uploads\/2026\/03\/toyota_circular_model_scheme-590x332.jpg 590w, https:\/\/www.mzone.cz\/wp-content\/uploads\/2026\/03\/toyota_circular_model_scheme.jpg 1280w\" sizes=\"auto, (max-width: 1024px) 100vw, 1024px\" \/><\/figure><br>\n\n\n\n<p>\u201eToto je na\u0161e druh\u00e1 cirkul\u00e1rn\u00ed tov\u00e1rna v Evrop\u011b. <a href=\"https:\/\/www.automotivemanufacturingsolutions.com\/editors-pick\/toyota-burnaston-brings-circular-production-to-life\/666580\" target=\"_blank\" rel=\"noreferrer noopener\">Prvn\u00ed<\/a>, kterou jsme otev\u0159eli v roce 2025 v britsk\u00e9m Burnastonu, se stala na\u0161\u00edm srovn\u00e1vac\u00edm m\u011b\u0159\u00edtkem pro rozvoj aktivit na poli ob\u011bhov\u00e9ho hospod\u00e1\u0159stv\u00ed,\u201c uvedl Leon van der Merwe, viceprezident pro ob\u011bhov\u00e9 hospod\u00e1\u0159stv\u00ed ve spole\u010dnosti Toyota Motor Europe.<\/p>\n\n\n\n<blockquote class=\"wp-block-quote is-layout-flow wp-block-quote-is-layout-flow\">\n<p>\u201ePolsko jsme zvolili kv\u016fli siln\u00e9mu tr\u017en\u00edmu potenci\u00e1lu v oblasti vozidel na konci \u017eivotnosti, mo\u017enostem recyklace v cel\u00e9m dodavatelsk\u00e9m i odb\u011bratelsk\u00e9m \u0159et\u011bzci a p\u0159\u00edtomnosti na\u0161\u00ed zaveden\u00e9 v\u00fdrobn\u00ed infrastruktury. V nadch\u00e1zej\u00edc\u00edch letech pl\u00e1nujeme podobn\u00e9 investice uskute\u010dnit i na dal\u0161\u00edch evropsk\u00fdch trz\u00edch,\u201c dodal van der Merwe.<\/p>\n<\/blockquote>\n\n\n\n<p>Cirkularita je nejen cestou k uhl\u00edkov\u00e9 neutralit\u011b, ale tak\u00e9 jej\u00edm umo\u017e\u0148uj\u00edc\u00edm faktorem. Sni\u017euje popt\u00e1vku po surovin\u00e1ch s vysokou uhl\u00edkovou stopou a posiluje dodavatelsk\u00e9 \u0159et\u011bzce. D\u00edky navrhov\u00e1n\u00ed vozidel s ohledem na op\u011btovn\u00e9 vyu\u017eit\u00ed, repasov\u00e1n\u00ed, recyklaci a materi\u00e1lovou efektivitu m\u016f\u017ee cirkularita p\u0159isp\u011bt ke sni\u017eov\u00e1n\u00ed emis\u00ed v cel\u00e9m hodnotov\u00e9m \u0159et\u011bzci.<\/p><br>\n\n\n\n<div class=\"wp-block-media-text is-stacked-on-mobile is-vertically-aligned-top\" style=\"grid-template-columns:29% auto\"><figure class=\"wp-block-media-text__media\"><a href=\"https:\/\/www.mzone.cz\/nejnizsi-emise-na-automobilovem-trhu-vysledky-vas-prekvapi\/\"><img loading=\"lazy\" decoding=\"async\" width=\"1024\" height=\"682\" src=\"https:\/\/www.mzone.cz\/wp-content\/uploads\/2019\/10\/Depositphotos_54059313_l-2015-1024x682.jpg\" alt=\"\" class=\"wp-image-11663 size-full\" srcset=\"https:\/\/www.mzone.cz\/wp-content\/uploads\/2019\/10\/Depositphotos_54059313_l-2015-1024x682.jpg 1024w, https:\/\/www.mzone.cz\/wp-content\/uploads\/2019\/10\/Depositphotos_54059313_l-2015-300x200.jpg 300w, https:\/\/www.mzone.cz\/wp-content\/uploads\/2019\/10\/Depositphotos_54059313_l-2015-768x512.jpg 768w, https:\/\/www.mzone.cz\/wp-content\/uploads\/2019\/10\/Depositphotos_54059313_l-2015-800x533.jpg 800w, https:\/\/www.mzone.cz\/wp-content\/uploads\/2019\/10\/Depositphotos_54059313_l-2015-400x267.jpg 400w, https:\/\/www.mzone.cz\/wp-content\/uploads\/2019\/10\/Depositphotos_54059313_l-2015-500x333.jpg 500w, https:\/\/www.mzone.cz\/wp-content\/uploads\/2019\/10\/Depositphotos_54059313_l-2015-1170x780.jpg 1170w, https:\/\/www.mzone.cz\/wp-content\/uploads\/2019\/10\/Depositphotos_54059313_l-2015-590x393.jpg 590w, https:\/\/www.mzone.cz\/wp-content\/uploads\/2019\/10\/Depositphotos_54059313_l-2015.jpg 2000w\" sizes=\"auto, (max-width: 1024px) 100vw, 1024px\" \/><\/a><\/figure><div class=\"wp-block-media-text__content\">\n<h4 class=\"wp-block-heading\"><a href=\"https:\/\/www.mzone.cz\/nejnizsi-emise-na-automobilovem-trhu-vysledky-vas-prekvapi\/\">Kdo m\u011bl loni nejni\u017e\u0161\u00ed emise na automobilov\u00e9m trhu? V\u00fdsledky v\u00e1s p\u0159ekvap\u00ed!<\/a><\/h4><br>\n<\/div><\/div>\n\n\n\n<p><\/p>","protected":false},"excerpt":{"rendered":"<p>Toyota zakl\u00e1d\u00e1 novou cirkul\u00e1rn\u00ed tov\u00e1rnu pro auta na konci jejich \u017eivotn\u00edho cyklu v polsk\u00e9m Valb\u0159ichu (Wa\u0142brzych). Recykla\u010dn\u00ed a v\u00fdrobn\u00ed z\u00e1vod se bude rozkl\u00e1dat na plo\u0161e 25 000 metr\u016f \u010dtvere\u010dn\u00edch a ka\u017ed\u00fd rok zpracuje bezm\u00e1la 20 000 vozidel s ukon\u010denou \u017eivotnost\u00ed. Tov\u00e1rna rozv\u00edj\u00ed model ob\u011bhov\u00e9ho hospod\u00e1\u0159stv\u00ed s c\u00edlem znovu pou\u017e\u00edt a recyklovat materi\u00e1ly z aut a [&hellip;]<\/p>\n","protected":false},"author":4,"featured_media":47190,"comment_status":"open","ping_status":"closed","sticky":false,"template":"","format":"standard","meta":{"kk_blocks_editor_width":"","_kiokenblocks_attr":"","_kiokenblocks_dimensions":"","footnotes":""},"categories":[69,65],"tags":[585,82,462,1094,552,6535,2610,3069,1095,456,6532,434,19,3379,687,6533,6534,1102],"class_list":["post-47188","post","type-post","status-publish","format-standard","has-post-thumbnail","hentry","category-auto-moto","category-technika","tag-auta","tag-auto","tag-auto-moto","tag-automobilovy-prumysl","tag-automobily","tag-cirkularita","tag-ekologie","tag-polsko","tag-prumysl","tag-recyklace","tag-recyklacni-tovarna","tag-technika","tag-technologie","tag-tovarna","tag-toyota","tag-valbrich","tag-walbrzych","tag-zivotnost"],"yoast_head":"<!-- This site is optimized with the Yoast SEO plugin v27.5 - https:\/\/yoast.com\/product\/yoast-seo-wordpress\/ -->\n<title>V Polsku vznik\u00e1 ob\u0159\u00ed recykla\u010dn\u00ed tov\u00e1rna na star\u00e1 auta - Mzone<\/title>\n<meta name=\"description\" content=\"Toyota zakl\u00e1d\u00e1 novou cirkul\u00e1rn\u00ed tov\u00e1rnu pro auta na konci jejich \u017eivotn\u00edho cyklu v polsk\u00e9m Valb\u0159ichu (Wa\u0142brzych). Recykla\u010dn\u00ed a v\u00fdrobn\u00ed z\u00e1vod se bude rozkl\u00e1dat na plo\u0161e 25 000 metr\u016f \u010dtvere\u010dn\u00edch a ka\u017ed\u00fd rok zpracuje bezm\u00e1la 20 000 vozidel s ukon\u010denou \u017eivotnost\u00ed.\" \/>\n<meta name=\"robots\" content=\"index, follow, max-snippet:-1, max-image-preview:large, max-video-preview:-1\" \/>\n<link rel=\"canonical\" href=\"https:\/\/www.mzone.cz\/en\/recyklacni-tovarna-na-stara-auta-polsko\/\" \/>\n<meta property=\"og:locale\" content=\"en_US\" \/>\n<meta property=\"og:type\" content=\"article\" \/>\n<meta property=\"og:title\" content=\"V Polsku vznik\u00e1 ob\u0159\u00ed recykla\u010dn\u00ed tov\u00e1rna na star\u00e1 auta - Mzone\" \/>\n<meta property=\"og:description\" content=\"Toyota zakl\u00e1d\u00e1 novou cirkul\u00e1rn\u00ed tov\u00e1rnu pro auta na konci jejich \u017eivotn\u00edho cyklu v polsk\u00e9m Valb\u0159ichu (Wa\u0142brzych). Recykla\u010dn\u00ed a v\u00fdrobn\u00ed z\u00e1vod se bude rozkl\u00e1dat na plo\u0161e 25 000 metr\u016f \u010dtvere\u010dn\u00edch a ka\u017ed\u00fd rok zpracuje bezm\u00e1la 20 000 vozidel s ukon\u010denou \u017eivotnost\u00ed.\" \/>\n<meta property=\"og:url\" content=\"https:\/\/www.mzone.cz\/en\/recyklacni-tovarna-na-stara-auta-polsko\/\" \/>\n<meta property=\"og:site_name\" content=\"Mzone\" \/>\n<meta property=\"article:publisher\" content=\"https:\/\/www.facebook.com\/MzoneCZ\/\" \/>\n<meta property=\"article:published_time\" content=\"2026-03-19T04:00:00+00:00\" \/>\n<meta property=\"og:image\" content=\"https:\/\/www.mzone.cz\/wp-content\/uploads\/2026\/03\/Recyklacni-tovarna-Toyoty-v-Polsku.jpg\" \/>\n\t<meta property=\"og:image:width\" content=\"2000\" \/>\n\t<meta property=\"og:image:height\" content=\"1333\" \/>\n\t<meta property=\"og:image:type\" content=\"image\/jpeg\" \/>\n<meta name=\"author\" content=\"Mzone\" \/>\n<meta name=\"twitter:card\" content=\"summary_large_image\" \/>\n<meta name=\"twitter:label1\" content=\"Written by\" \/>\n\t<meta name=\"twitter:data1\" content=\"Mzone\" \/>\n\t<meta name=\"twitter:label2\" content=\"Est. reading time\" \/>\n\t<meta name=\"twitter:data2\" content=\"2 minutes\" \/>\n<script type=\"application\/ld+json\" class=\"yoast-schema-graph\">{\"@context\":\"https:\\\/\\\/schema.org\",\"@graph\":[{\"@type\":\"Article\",\"@id\":\"https:\\\/\\\/www.mzone.cz\\\/recyklacni-tovarna-na-stara-auta-polsko\\\/#article\",\"isPartOf\":{\"@id\":\"https:\\\/\\\/www.mzone.cz\\\/recyklacni-tovarna-na-stara-auta-polsko\\\/\"},\"author\":{\"name\":\"Mzone\",\"@id\":\"https:\\\/\\\/www.mzone.cz\\\/#\\\/schema\\\/person\\\/9bc20cc422a99cac4af6ff9297da32d4\"},\"headline\":\"V Polsku vznik\u00e1 ob\u0159\u00ed recykla\u010dn\u00ed tov\u00e1rna na star\u00e1 auta\",\"datePublished\":\"2026-03-19T04:00:00+00:00\",\"mainEntityOfPage\":{\"@id\":\"https:\\\/\\\/www.mzone.cz\\\/recyklacni-tovarna-na-stara-auta-polsko\\\/\"},\"wordCount\":406,\"commentCount\":0,\"image\":{\"@id\":\"https:\\\/\\\/www.mzone.cz\\\/recyklacni-tovarna-na-stara-auta-polsko\\\/#primaryimage\"},\"thumbnailUrl\":\"https:\\\/\\\/www.mzone.cz\\\/wp-content\\\/uploads\\\/2026\\\/03\\\/Recyklacni-tovarna-Toyoty-v-Polsku.jpg\",\"keywords\":[\"auta\",\"Auto\",\"auto-moto\",\"automobilov\u00fd pr\u016fmysl\",\"automobily\",\"cirkularita\",\"ekologie\",\"Polsko\",\"pr\u016fmysl\",\"recyklace\",\"recykla\u010dn\u00ed tov\u00e1rna\",\"technika\",\"Technologie\",\"tov\u00e1rna\",\"Toyota\",\"Valb\u0159ich\",\"Walbrzych\",\"\u017eivotnost\"],\"articleSection\":[\"Auto-moto\",\"Technika\"],\"inLanguage\":\"en-US\",\"potentialAction\":[{\"@type\":\"CommentAction\",\"name\":\"Comment\",\"target\":[\"https:\\\/\\\/www.mzone.cz\\\/recyklacni-tovarna-na-stara-auta-polsko\\\/#respond\"]}]},{\"@type\":\"WebPage\",\"@id\":\"https:\\\/\\\/www.mzone.cz\\\/recyklacni-tovarna-na-stara-auta-polsko\\\/\",\"url\":\"https:\\\/\\\/www.mzone.cz\\\/recyklacni-tovarna-na-stara-auta-polsko\\\/\",\"name\":\"V Polsku vznik\u00e1 ob\u0159\u00ed recykla\u010dn\u00ed tov\u00e1rna na star\u00e1 auta - Mzone\",\"isPartOf\":{\"@id\":\"https:\\\/\\\/www.mzone.cz\\\/#website\"},\"primaryImageOfPage\":{\"@id\":\"https:\\\/\\\/www.mzone.cz\\\/recyklacni-tovarna-na-stara-auta-polsko\\\/#primaryimage\"},\"image\":{\"@id\":\"https:\\\/\\\/www.mzone.cz\\\/recyklacni-tovarna-na-stara-auta-polsko\\\/#primaryimage\"},\"thumbnailUrl\":\"https:\\\/\\\/www.mzone.cz\\\/wp-content\\\/uploads\\\/2026\\\/03\\\/Recyklacni-tovarna-Toyoty-v-Polsku.jpg\",\"datePublished\":\"2026-03-19T04:00:00+00:00\",\"author\":{\"@id\":\"https:\\\/\\\/www.mzone.cz\\\/#\\\/schema\\\/person\\\/9bc20cc422a99cac4af6ff9297da32d4\"},\"description\":\"Toyota zakl\u00e1d\u00e1 novou cirkul\u00e1rn\u00ed tov\u00e1rnu pro auta na konci jejich \u017eivotn\u00edho cyklu v polsk\u00e9m Valb\u0159ichu (Wa\u0142brzych). Recykla\u010dn\u00ed a v\u00fdrobn\u00ed z\u00e1vod se bude rozkl\u00e1dat na plo\u0161e 25 000 metr\u016f \u010dtvere\u010dn\u00edch a ka\u017ed\u00fd rok zpracuje bezm\u00e1la 20 000 vozidel s ukon\u010denou \u017eivotnost\u00ed.\",\"breadcrumb\":{\"@id\":\"https:\\\/\\\/www.mzone.cz\\\/recyklacni-tovarna-na-stara-auta-polsko\\\/#breadcrumb\"},\"inLanguage\":\"en-US\",\"potentialAction\":[{\"@type\":\"ReadAction\",\"target\":[\"https:\\\/\\\/www.mzone.cz\\\/recyklacni-tovarna-na-stara-auta-polsko\\\/\"]}]},{\"@type\":\"ImageObject\",\"inLanguage\":\"en-US\",\"@id\":\"https:\\\/\\\/www.mzone.cz\\\/recyklacni-tovarna-na-stara-auta-polsko\\\/#primaryimage\",\"url\":\"https:\\\/\\\/www.mzone.cz\\\/wp-content\\\/uploads\\\/2026\\\/03\\\/Recyklacni-tovarna-Toyoty-v-Polsku.jpg\",\"contentUrl\":\"https:\\\/\\\/www.mzone.cz\\\/wp-content\\\/uploads\\\/2026\\\/03\\\/Recyklacni-tovarna-Toyoty-v-Polsku.jpg\",\"width\":2000,\"height\":1333,\"caption\":\"Recykla\u010dn\u00ed tov\u00e1rna Toyoty v Polsku\"},{\"@type\":\"BreadcrumbList\",\"@id\":\"https:\\\/\\\/www.mzone.cz\\\/recyklacni-tovarna-na-stara-auta-polsko\\\/#breadcrumb\",\"itemListElement\":[{\"@type\":\"ListItem\",\"position\":1,\"name\":\"Dom\u016f\",\"item\":\"https:\\\/\\\/www.mzone.cz\\\/\"},{\"@type\":\"ListItem\",\"position\":2,\"name\":\"V Polsku vznik\u00e1 ob\u0159\u00ed recykla\u010dn\u00ed tov\u00e1rna na star\u00e1 auta\"}]},{\"@type\":\"WebSite\",\"@id\":\"https:\\\/\\\/www.mzone.cz\\\/#website\",\"url\":\"https:\\\/\\\/www.mzone.cz\\\/\",\"name\":\"Mzone\",\"description\":\"Magaz\u00edn nejen pro mu\u017ee\",\"potentialAction\":[{\"@type\":\"SearchAction\",\"target\":{\"@type\":\"EntryPoint\",\"urlTemplate\":\"https:\\\/\\\/www.mzone.cz\\\/?s={search_term_string}\"},\"query-input\":{\"@type\":\"PropertyValueSpecification\",\"valueRequired\":true,\"valueName\":\"search_term_string\"}}],\"inLanguage\":\"en-US\"},{\"@type\":\"Person\",\"@id\":\"https:\\\/\\\/www.mzone.cz\\\/#\\\/schema\\\/person\\\/9bc20cc422a99cac4af6ff9297da32d4\",\"name\":\"Mzone\",\"image\":{\"@type\":\"ImageObject\",\"inLanguage\":\"en-US\",\"@id\":\"https:\\\/\\\/secure.gravatar.com\\\/avatar\\\/e780a8630f3182a3d06dd667ab6bea151a0d155b0951bc15fe22633acdac0676?s=96&d=mm&r=g\",\"url\":\"https:\\\/\\\/secure.gravatar.com\\\/avatar\\\/e780a8630f3182a3d06dd667ab6bea151a0d155b0951bc15fe22633acdac0676?s=96&d=mm&r=g\",\"contentUrl\":\"https:\\\/\\\/secure.gravatar.com\\\/avatar\\\/e780a8630f3182a3d06dd667ab6bea151a0d155b0951bc15fe22633acdac0676?s=96&d=mm&r=g\",\"caption\":\"Mzone\"},\"url\":\"https:\\\/\\\/www.mzone.cz\\\/en\\\/author\\\/jakub\\\/\"}]}<\/script>\n<!-- \/ Yoast SEO plugin. -->","yoast_head_json":{"title":"V Polsku vznik\u00e1 ob\u0159\u00ed recykla\u010dn\u00ed tov\u00e1rna na star\u00e1 auta - Mzone","description":"Toyota zakl\u00e1d\u00e1 novou cirkul\u00e1rn\u00ed tov\u00e1rnu pro auta na konci jejich \u017eivotn\u00edho cyklu v polsk\u00e9m Valb\u0159ichu (Wa\u0142brzych). Recykla\u010dn\u00ed a v\u00fdrobn\u00ed z\u00e1vod se bude rozkl\u00e1dat na plo\u0161e 25 000 metr\u016f \u010dtvere\u010dn\u00edch a ka\u017ed\u00fd rok zpracuje bezm\u00e1la 20 000 vozidel s ukon\u010denou \u017eivotnost\u00ed.","robots":{"index":"index","follow":"follow","max-snippet":"max-snippet:-1","max-image-preview":"max-image-preview:large","max-video-preview":"max-video-preview:-1"},"canonical":"https:\/\/www.mzone.cz\/en\/recyklacni-tovarna-na-stara-auta-polsko\/","og_locale":"en_US","og_type":"article","og_title":"V Polsku vznik\u00e1 ob\u0159\u00ed recykla\u010dn\u00ed tov\u00e1rna na star\u00e1 auta - Mzone","og_description":"Toyota zakl\u00e1d\u00e1 novou cirkul\u00e1rn\u00ed tov\u00e1rnu pro auta na konci jejich \u017eivotn\u00edho cyklu v polsk\u00e9m Valb\u0159ichu (Wa\u0142brzych). Recykla\u010dn\u00ed a v\u00fdrobn\u00ed z\u00e1vod se bude rozkl\u00e1dat na plo\u0161e 25 000 metr\u016f \u010dtvere\u010dn\u00edch a ka\u017ed\u00fd rok zpracuje bezm\u00e1la 20 000 vozidel s ukon\u010denou \u017eivotnost\u00ed.","og_url":"https:\/\/www.mzone.cz\/en\/recyklacni-tovarna-na-stara-auta-polsko\/","og_site_name":"Mzone","article_publisher":"https:\/\/www.facebook.com\/MzoneCZ\/","article_published_time":"2026-03-19T04:00:00+00:00","og_image":[{"width":2000,"height":1333,"url":"https:\/\/www.mzone.cz\/wp-content\/uploads\/2026\/03\/Recyklacni-tovarna-Toyoty-v-Polsku.jpg","type":"image\/jpeg"}],"author":"Mzone","twitter_card":"summary_large_image","twitter_misc":{"Written by":"Mzone","Est. reading time":"2 minutes"},"schema":{"@context":"https:\/\/schema.org","@graph":[{"@type":"Article","@id":"https:\/\/www.mzone.cz\/recyklacni-tovarna-na-stara-auta-polsko\/#article","isPartOf":{"@id":"https:\/\/www.mzone.cz\/recyklacni-tovarna-na-stara-auta-polsko\/"},"author":{"name":"Mzone","@id":"https:\/\/www.mzone.cz\/#\/schema\/person\/9bc20cc422a99cac4af6ff9297da32d4"},"headline":"V Polsku vznik\u00e1 ob\u0159\u00ed recykla\u010dn\u00ed tov\u00e1rna na star\u00e1 auta","datePublished":"2026-03-19T04:00:00+00:00","mainEntityOfPage":{"@id":"https:\/\/www.mzone.cz\/recyklacni-tovarna-na-stara-auta-polsko\/"},"wordCount":406,"commentCount":0,"image":{"@id":"https:\/\/www.mzone.cz\/recyklacni-tovarna-na-stara-auta-polsko\/#primaryimage"},"thumbnailUrl":"https:\/\/www.mzone.cz\/wp-content\/uploads\/2026\/03\/Recyklacni-tovarna-Toyoty-v-Polsku.jpg","keywords":["auta","Auto","auto-moto","automobilov\u00fd pr\u016fmysl","automobily","cirkularita","ekologie","Polsko","pr\u016fmysl","recyklace","recykla\u010dn\u00ed tov\u00e1rna","technika","Technologie","tov\u00e1rna","Toyota","Valb\u0159ich","Walbrzych","\u017eivotnost"],"articleSection":["Auto-moto","Technika"],"inLanguage":"en-US","potentialAction":[{"@type":"CommentAction","name":"Comment","target":["https:\/\/www.mzone.cz\/recyklacni-tovarna-na-stara-auta-polsko\/#respond"]}]},{"@type":"WebPage","@id":"https:\/\/www.mzone.cz\/recyklacni-tovarna-na-stara-auta-polsko\/","url":"https:\/\/www.mzone.cz\/recyklacni-tovarna-na-stara-auta-polsko\/","name":"V Polsku vznik\u00e1 ob\u0159\u00ed recykla\u010dn\u00ed tov\u00e1rna na star\u00e1 auta - Mzone","isPartOf":{"@id":"https:\/\/www.mzone.cz\/#website"},"primaryImageOfPage":{"@id":"https:\/\/www.mzone.cz\/recyklacni-tovarna-na-stara-auta-polsko\/#primaryimage"},"image":{"@id":"https:\/\/www.mzone.cz\/recyklacni-tovarna-na-stara-auta-polsko\/#primaryimage"},"thumbnailUrl":"https:\/\/www.mzone.cz\/wp-content\/uploads\/2026\/03\/Recyklacni-tovarna-Toyoty-v-Polsku.jpg","datePublished":"2026-03-19T04:00:00+00:00","author":{"@id":"https:\/\/www.mzone.cz\/#\/schema\/person\/9bc20cc422a99cac4af6ff9297da32d4"},"description":"Toyota zakl\u00e1d\u00e1 novou cirkul\u00e1rn\u00ed tov\u00e1rnu pro auta na konci jejich \u017eivotn\u00edho cyklu v polsk\u00e9m Valb\u0159ichu (Wa\u0142brzych). Recykla\u010dn\u00ed a v\u00fdrobn\u00ed z\u00e1vod se bude rozkl\u00e1dat na plo\u0161e 25 000 metr\u016f \u010dtvere\u010dn\u00edch a ka\u017ed\u00fd rok zpracuje bezm\u00e1la 20 000 vozidel s ukon\u010denou \u017eivotnost\u00ed.","breadcrumb":{"@id":"https:\/\/www.mzone.cz\/recyklacni-tovarna-na-stara-auta-polsko\/#breadcrumb"},"inLanguage":"en-US","potentialAction":[{"@type":"ReadAction","target":["https:\/\/www.mzone.cz\/recyklacni-tovarna-na-stara-auta-polsko\/"]}]},{"@type":"ImageObject","inLanguage":"en-US","@id":"https:\/\/www.mzone.cz\/recyklacni-tovarna-na-stara-auta-polsko\/#primaryimage","url":"https:\/\/www.mzone.cz\/wp-content\/uploads\/2026\/03\/Recyklacni-tovarna-Toyoty-v-Polsku.jpg","contentUrl":"https:\/\/www.mzone.cz\/wp-content\/uploads\/2026\/03\/Recyklacni-tovarna-Toyoty-v-Polsku.jpg","width":2000,"height":1333,"caption":"Recykla\u010dn\u00ed tov\u00e1rna Toyoty v Polsku"},{"@type":"BreadcrumbList","@id":"https:\/\/www.mzone.cz\/recyklacni-tovarna-na-stara-auta-polsko\/#breadcrumb","itemListElement":[{"@type":"ListItem","position":1,"name":"Dom\u016f","item":"https:\/\/www.mzone.cz\/"},{"@type":"ListItem","position":2,"name":"V Polsku vznik\u00e1 ob\u0159\u00ed recykla\u010dn\u00ed tov\u00e1rna na star\u00e1 auta"}]},{"@type":"WebSite","@id":"https:\/\/www.mzone.cz\/#website","url":"https:\/\/www.mzone.cz\/","name":"Mzone","description":"Magaz\u00edn nejen pro mu\u017ee","potentialAction":[{"@type":"SearchAction","target":{"@type":"EntryPoint","urlTemplate":"https:\/\/www.mzone.cz\/?s={search_term_string}"},"query-input":{"@type":"PropertyValueSpecification","valueRequired":true,"valueName":"search_term_string"}}],"inLanguage":"en-US"},{"@type":"Person","@id":"https:\/\/www.mzone.cz\/#\/schema\/person\/9bc20cc422a99cac4af6ff9297da32d4","name":"Mzone","image":{"@type":"ImageObject","inLanguage":"en-US","@id":"https:\/\/secure.gravatar.com\/avatar\/e780a8630f3182a3d06dd667ab6bea151a0d155b0951bc15fe22633acdac0676?s=96&d=mm&r=g","url":"https:\/\/secure.gravatar.com\/avatar\/e780a8630f3182a3d06dd667ab6bea151a0d155b0951bc15fe22633acdac0676?s=96&d=mm&r=g","contentUrl":"https:\/\/secure.gravatar.com\/avatar\/e780a8630f3182a3d06dd667ab6bea151a0d155b0951bc15fe22633acdac0676?s=96&d=mm&r=g","caption":"Mzone"},"url":"https:\/\/www.mzone.cz\/en\/author\/jakub\/"}]}},"_links":{"self":[{"href":"https:\/\/www.mzone.cz\/en\/wp-json\/wp\/v2\/posts\/47188","targetHints":{"allow":["GET"]}}],"collection":[{"href":"https:\/\/www.mzone.cz\/en\/wp-json\/wp\/v2\/posts"}],"about":[{"href":"https:\/\/www.mzone.cz\/en\/wp-json\/wp\/v2\/types\/post"}],"author":[{"embeddable":true,"href":"https:\/\/www.mzone.cz\/en\/wp-json\/wp\/v2\/users\/4"}],"replies":[{"embeddable":true,"href":"https:\/\/www.mzone.cz\/en\/wp-json\/wp\/v2\/comments?post=47188"}],"version-history":[{"count":8,"href":"https:\/\/www.mzone.cz\/en\/wp-json\/wp\/v2\/posts\/47188\/revisions"}],"predecessor-version":[{"id":47201,"href":"https:\/\/www.mzone.cz\/en\/wp-json\/wp\/v2\/posts\/47188\/revisions\/47201"}],"wp:featuredmedia":[{"embeddable":true,"href":"https:\/\/www.mzone.cz\/en\/wp-json\/wp\/v2\/media\/47190"}],"wp:attachment":[{"href":"https:\/\/www.mzone.cz\/en\/wp-json\/wp\/v2\/media?parent=47188"}],"wp:term":[{"taxonomy":"category","embeddable":true,"href":"https:\/\/www.mzone.cz\/en\/wp-json\/wp\/v2\/categories?post=47188"},{"taxonomy":"post_tag","embeddable":true,"href":"https:\/\/www.mzone.cz\/en\/wp-json\/wp\/v2\/tags?post=47188"}],"curies":[{"name":"wp","href":"https:\/\/api.w.org\/{rel}","templated":true}]}}