{"id":47401,"date":"2026-04-27T22:54:59","date_gmt":"2026-04-27T20:54:59","guid":{"rendered":"https:\/\/www.mzone.cz\/?p=47401"},"modified":"2026-04-27T22:55:00","modified_gmt":"2026-04-27T20:55:00","slug":"rallye-sumava-klatovy-ovladl-filip-mares-se-svou-toyotou","status":"publish","type":"post","link":"https:\/\/www.mzone.cz\/en\/rallye-sumava-klatovy-ovladl-filip-mares-se-svou-toyotou\/","title":{"rendered":"Rallye \u0160umava Klatovy ovl\u00e1dl Filip Mare\u0161 se svou Toyotou"},"content":{"rendered":"<p><strong>Toyota vstoupila do nov\u00e9 sezony Mistrovstv\u00ed \u010cesk\u00e9 republiky v automobilov\u00fdch sout\u011b\u017e\u00edch ve velk\u00e9m stylu. Jezdec Filip Mare\u0161 z Toyota Dol\u00e1k Rally Teamu ovl\u00e1dl 60. ro\u010dn\u00edk Rallye \u0160umava Klatovy a p\u0159ipsal si druh\u00e9 v\u00edt\u011bzstv\u00ed v kari\u00e9\u0159e v r\u00e1mci M\u010cR.<\/strong><\/p><br>\n\n\n\n<p>Mare\u0161 se sv\u00fdm vozem Toyota GR Yaris Rally2 p\u0159evzal veden\u00ed ji\u017e po druh\u00e9 rychlostn\u00ed zkou\u0161ce a po zbytek sout\u011b\u017ee jej nepustil. V c\u00edli porazil obh\u00e1jce titulu Jana Kopeck\u00e9ho o 28 sekund, t\u0159et\u00ed m\u00edsto obsadil Dominik St\u0159\u00edtesk\u00fd se ztr\u00e1tou dal\u0161\u00edch 7,7 sekundy.<\/p>\n\n\n\n<blockquote class=\"wp-block-quote is-layout-flow wp-block-quote-is-layout-flow\">\n<p>Z\u00e1vod m\u011bl dramatick\u00fd pr\u016fb\u011bh. Mare\u0161 si vybudoval n\u00e1skok u\u017e v sobotn\u00ed etap\u011b, kdy vedl o 16 sekund, a v ned\u011bli jej je\u0161t\u011b nav\u00fd\u0161il. V hodnocen\u00ed druh\u00e9 etapy byl sice nejrychlej\u0161\u00ed Simon Wagner, ten v\u0161ak kv\u016fli technick\u00fdm probl\u00e9m\u016fm nedokon\u010dil prvn\u00ed \u010d\u00e1st sout\u011b\u017ee.<\/p>\n<\/blockquote>\n\n\n\n<p>\u201eCel\u00fd v\u00edkend se n\u00e1m da\u0159ilo z\u00e1vodit bez v\u011bt\u0161\u00edch chyb a od za\u010d\u00e1tku jsme na\u0161t\u011bst\u00ed chytili dobr\u00e9 tempo. V\u0161echno sedlo, cel\u00fd t\u00fdm, my s Radkem i na\u0161e Toyota GR Yaris Rally2, kter\u00e1 fungovala na v\u00fdbornou. Po\u0159adatel p\u0159ipravil kr\u00e1sn\u00e9 trat\u011b a dop\u0159edu n\u00e1s hnaly i davy fanou\u0161k\u016f. Te\u010f je pot\u0159eba pracovat d\u00e1l a p\u0159ipravit se na Rallye \u010cesk\u00fd Krumlov, kter\u00e1 n\u00e1s \u010dek\u00e1 za m\u011bs\u00edc,\u201c popsal sv\u00e9 dojmy Filip Mare\u0161.<\/p><br>\n\n\n\n<figure class=\"wp-block-image size-large\"><img loading=\"lazy\" decoding=\"async\" width=\"1024\" height=\"682\" src=\"https:\/\/www.mzone.cz\/wp-content\/uploads\/2026\/04\/OBZ_8238-1024x682.jpg\" alt=\"Filip Mare\u0161 na Rallye \u0160umava Klatovy\" class=\"wp-image-47405\" srcset=\"https:\/\/www.mzone.cz\/wp-content\/uploads\/2026\/04\/OBZ_8238-1024x682.jpg 1024w, https:\/\/www.mzone.cz\/wp-content\/uploads\/2026\/04\/OBZ_8238-300x200.jpg 300w, https:\/\/www.mzone.cz\/wp-content\/uploads\/2026\/04\/OBZ_8238-768x512.jpg 768w, https:\/\/www.mzone.cz\/wp-content\/uploads\/2026\/04\/OBZ_8238-18x12.jpg 18w, https:\/\/www.mzone.cz\/wp-content\/uploads\/2026\/04\/OBZ_8238-800x533.jpg 800w, https:\/\/www.mzone.cz\/wp-content\/uploads\/2026\/04\/OBZ_8238-400x267.jpg 400w, https:\/\/www.mzone.cz\/wp-content\/uploads\/2026\/04\/OBZ_8238-500x333.jpg 500w, https:\/\/www.mzone.cz\/wp-content\/uploads\/2026\/04\/OBZ_8238-1170x780.jpg 1170w, https:\/\/www.mzone.cz\/wp-content\/uploads\/2026\/04\/OBZ_8238-590x393.jpg 590w, https:\/\/www.mzone.cz\/wp-content\/uploads\/2026\/04\/OBZ_8238.jpg 1280w\" sizes=\"auto, (max-width: 1024px) 100vw, 1024px\" \/><\/figure><br>\n\n\n\n<p>\u201eM\u00e1m obrovskou radost, \u017ee to kluci takhle mistrovsky zvl\u00e1dli, cel\u00fd t\u00fdm si to zaslou\u017eil za ten profi p\u0159\u00edstup. A nav\u00edc t\u00edm otev\u0159eli \u0161anci, \u017ee a\u017e se na \u0160umavu vr\u00e1t\u00edme p\u0159\u00ed\u0161t\u00ed rok a kluk\u016fm se poda\u0159\u00ed zase vyhr\u00e1t, bude to po v\u00edce ne\u017e 25 letech, kdy s Toyotou n\u011bkdo obh\u00e1j\u00ed v\u00edt\u011bzstv\u00ed, tak jako se to povedlo t\u00e1tovi,\u201d doplnil Milan Dol\u00e1k, spolumajitel dealerstv\u00ed Toyota Dol\u00e1k.<\/p>\n\n\n\n<blockquote class=\"wp-block-quote is-layout-flow wp-block-quote-is-layout-flow\">\n<p>\u201eV\u00edt\u011bzstv\u00ed Filipa Mare\u0161e na Rallye \u0160umava Klatovy je skv\u011bl\u00fdm potvrzen\u00edm konkurenceschopnosti vozu Toyota GR Yaris Rally2 i pr\u00e1ce cel\u00e9ho Toyota Dol\u00e1k Rally Teamu. M\u00e1me radost, \u017ee se n\u00e1m da\u0159\u00ed navazovat na \u00fasp\u011bchy zna\u010dky Toyota v rallye sportu i na dom\u00e1c\u00ed sc\u00e9n\u011b. Do nov\u00e9 sezony jsme vstoupili t\u00edm nejlep\u0161\u00edm mo\u017en\u00fdm zp\u016fsobem a v\u011b\u0159\u00edme, \u017ee na tento v\u00fdsledek nav\u00e1\u017eeme i v dal\u0161\u00edch sout\u011b\u017e\u00edch,\u201c uvedl Martin Pele\u0161ka, \u0161\u00e9f \u010desk\u00e9ho zastoupen\u00ed zna\u010dek Toyota a Lexus.<\/p>\n<\/blockquote>\n\n\n\n<p>Pro zna\u010dku Toyota jde o d\u016fle\u017eit\u00fd vstup do nov\u00e9 sezony. Po \u00favodn\u00edm podniku vede Mare\u0161 pr\u016fb\u011b\u017en\u00e9 po\u0159ad\u00ed M\u010cR se ziskem 57 bod\u016f, zat\u00edmco Kopeck\u00fd a St\u0159\u00edtesk\u00fd se d\u011bl\u00ed o druh\u00e9 m\u00edsto.<\/p><br>\n\n\n\n<figure class=\"wp-block-image size-large\"><img loading=\"lazy\" decoding=\"async\" width=\"1024\" height=\"682\" src=\"https:\/\/www.mzone.cz\/wp-content\/uploads\/2026\/04\/OBZ_8895-1024x682.jpg\" alt=\"Rallye \u0160umava Klatovy\" class=\"wp-image-47406\" srcset=\"https:\/\/www.mzone.cz\/wp-content\/uploads\/2026\/04\/OBZ_8895-1024x682.jpg 1024w, https:\/\/www.mzone.cz\/wp-content\/uploads\/2026\/04\/OBZ_8895-300x200.jpg 300w, https:\/\/www.mzone.cz\/wp-content\/uploads\/2026\/04\/OBZ_8895-768x512.jpg 768w, https:\/\/www.mzone.cz\/wp-content\/uploads\/2026\/04\/OBZ_8895-18x12.jpg 18w, https:\/\/www.mzone.cz\/wp-content\/uploads\/2026\/04\/OBZ_8895-800x533.jpg 800w, https:\/\/www.mzone.cz\/wp-content\/uploads\/2026\/04\/OBZ_8895-400x267.jpg 400w, https:\/\/www.mzone.cz\/wp-content\/uploads\/2026\/04\/OBZ_8895-500x333.jpg 500w, https:\/\/www.mzone.cz\/wp-content\/uploads\/2026\/04\/OBZ_8895-1170x780.jpg 1170w, https:\/\/www.mzone.cz\/wp-content\/uploads\/2026\/04\/OBZ_8895-590x393.jpg 590w, https:\/\/www.mzone.cz\/wp-content\/uploads\/2026\/04\/OBZ_8895.jpg 1280w\" sizes=\"auto, (max-width: 1024px) 100vw, 1024px\" \/><\/figure><br>\n\n\n\n<p>Dal\u0161\u00edm podnikem dom\u00e1c\u00edho \u0161ampion\u00e1tu bude <a href=\"https:\/\/rallyekrumlov.cz\/\" target=\"_blank\">Rallye \u010cesk\u00fd Krumlov<\/a>, kter\u00e1 se uskute\u010dn\u00ed 22. a 23. kv\u011btna. U\u017e te\u010f jsme zv\u011bdav\u00ed, kdo bude nejrychlej\u0161\u00ed tentokr\u00e1t!<\/p><br>\n\n\n\n<div class=\"wp-block-media-text is-stacked-on-mobile is-vertically-aligned-top\" style=\"grid-template-columns:29% auto\"><figure class=\"wp-block-media-text__media\"><img loading=\"lazy\" decoding=\"async\" width=\"1024\" height=\"683\" src=\"https:\/\/www.mzone.cz\/wp-content\/uploads\/2024\/02\/GR_YARIS_Special_Editions_0001-1024x683.jpg\" alt=\"GR Yaris Special Editions\" class=\"wp-image-42995 size-full\" srcset=\"https:\/\/www.mzone.cz\/wp-content\/uploads\/2024\/02\/GR_YARIS_Special_Editions_0001-1024x683.jpg 1024w, https:\/\/www.mzone.cz\/wp-content\/uploads\/2024\/02\/GR_YARIS_Special_Editions_0001-300x200.jpg 300w, https:\/\/www.mzone.cz\/wp-content\/uploads\/2024\/02\/GR_YARIS_Special_Editions_0001-768x512.jpg 768w, https:\/\/www.mzone.cz\/wp-content\/uploads\/2024\/02\/GR_YARIS_Special_Editions_0001-18x12.jpg 18w, https:\/\/www.mzone.cz\/wp-content\/uploads\/2024\/02\/GR_YARIS_Special_Editions_0001-800x533.jpg 800w, https:\/\/www.mzone.cz\/wp-content\/uploads\/2024\/02\/GR_YARIS_Special_Editions_0001-400x267.jpg 400w, https:\/\/www.mzone.cz\/wp-content\/uploads\/2024\/02\/GR_YARIS_Special_Editions_0001-500x333.jpg 500w, https:\/\/www.mzone.cz\/wp-content\/uploads\/2024\/02\/GR_YARIS_Special_Editions_0001-1170x780.jpg 1170w, https:\/\/www.mzone.cz\/wp-content\/uploads\/2024\/02\/GR_YARIS_Special_Editions_0001-590x394.jpg 590w, https:\/\/www.mzone.cz\/wp-content\/uploads\/2024\/02\/GR_YARIS_Special_Editions_0001.jpg 1180w\" sizes=\"auto, (max-width: 1024px) 100vw, 1024px\" \/><\/figure><div class=\"wp-block-media-text__content\">\n<h4 class=\"wp-block-heading\"><a href=\"https:\/\/www.mzone.cz\/limitovane-edice-gr-yaris-navrzene-s-ogierem-a-rovanperou\/\">Toyota odhalila dv\u011b limitovan\u00e9 edice modelu GR Yaris navr\u017een\u00e9 s Ogierem a Rovanperou<\/a><\/h4><br>\n<\/div><\/div>\n\n\n\n<p><\/p>","protected":false},"excerpt":{"rendered":"<p>Toyota vstoupila do nov\u00e9 sezony Mistrovstv\u00ed \u010cesk\u00e9 republiky v automobilov\u00fdch sout\u011b\u017e\u00edch ve velk\u00e9m stylu. Jezdec Filip Mare\u0161 z Toyota Dol\u00e1k Rally Teamu ovl\u00e1dl 60. ro\u010dn\u00edk Rallye \u0160umava Klatovy a p\u0159ipsal si druh\u00e9 v\u00edt\u011bzstv\u00ed v kari\u00e9\u0159e v r\u00e1mci M\u010cR. Mare\u0161 se sv\u00fdm vozem Toyota GR Yaris Rally2 p\u0159evzal veden\u00ed ji\u017e po druh\u00e9 rychlostn\u00ed zkou\u0161ce a po [&hellip;]<\/p>\n","protected":false},"author":4,"featured_media":47403,"comment_status":"open","ping_status":"closed","sticky":false,"template":"","format":"standard","meta":{"kk_blocks_editor_width":"","_kiokenblocks_attr":"","_kiokenblocks_dimensions":"","footnotes":""},"categories":[69,80],"tags":[585,82,462,6555,6554,6556,636,2085,2083,42,5566,687,1085,1136,735,2907],"class_list":["post-47401","post","type-post","status-publish","format-standard","has-post-thumbnail","hentry","category-auto-moto","category-sport","tag-auta","tag-auto","tag-auto-moto","tag-filip-mares","tag-klatovy","tag-mcr","tag-motorsport","tag-rally","tag-rallye","tag-sport","tag-sumava","tag-toyota","tag-vitez","tag-vitezstvi","tag-zavod","tag-zavodni-vozy"],"yoast_head":"<!-- This site is optimized with the Yoast SEO plugin v27.4 - https:\/\/yoast.com\/product\/yoast-seo-wordpress\/ -->\n<title>Rallye \u0160umava Klatovy ovl\u00e1dl Filip Mare\u0161 se svou Toyotou - Mzone<\/title>\n<meta name=\"description\" content=\"Toyota vstoupila do nov\u00e9 sezony Mistrovstv\u00ed \u010cesk\u00e9 republiky v automobilov\u00fdch sout\u011b\u017e\u00edch ve velk\u00e9m stylu. Jezdec Filip Mare\u0161 z Toyota Dol\u00e1k Rally Teamu ovl\u00e1dl 60. ro\u010dn\u00edk Rallye \u0160umava Klatovy a p\u0159ipsal si druh\u00e9 v\u00edt\u011bzstv\u00ed v kari\u00e9\u0159e v r\u00e1mci M\u010cR.\" \/>\n<meta name=\"robots\" content=\"index, follow, max-snippet:-1, max-image-preview:large, max-video-preview:-1\" \/>\n<link rel=\"canonical\" href=\"https:\/\/www.mzone.cz\/en\/rallye-sumava-klatovy-ovladl-filip-mares-se-svou-toyotou\/\" \/>\n<meta property=\"og:locale\" content=\"en_US\" \/>\n<meta property=\"og:type\" content=\"article\" \/>\n<meta property=\"og:title\" content=\"Rallye \u0160umava Klatovy ovl\u00e1dl Filip Mare\u0161 se svou Toyotou - Mzone\" \/>\n<meta property=\"og:description\" content=\"Toyota vstoupila do nov\u00e9 sezony Mistrovstv\u00ed \u010cesk\u00e9 republiky v automobilov\u00fdch sout\u011b\u017e\u00edch ve velk\u00e9m stylu. Jezdec Filip Mare\u0161 z Toyota Dol\u00e1k Rally Teamu ovl\u00e1dl 60. ro\u010dn\u00edk Rallye \u0160umava Klatovy a p\u0159ipsal si druh\u00e9 v\u00edt\u011bzstv\u00ed v kari\u00e9\u0159e v r\u00e1mci M\u010cR.\" \/>\n<meta property=\"og:url\" content=\"https:\/\/www.mzone.cz\/en\/rallye-sumava-klatovy-ovladl-filip-mares-se-svou-toyotou\/\" \/>\n<meta property=\"og:site_name\" content=\"Mzone\" \/>\n<meta property=\"article:publisher\" content=\"https:\/\/www.facebook.com\/MzoneCZ\/\" \/>\n<meta property=\"article:published_time\" content=\"2026-04-27T20:54:59+00:00\" \/>\n<meta property=\"article:modified_time\" content=\"2026-04-27T20:55:00+00:00\" \/>\n<meta property=\"og:image\" content=\"https:\/\/www.mzone.cz\/wp-content\/uploads\/2026\/04\/Filip-Mares-na-Rallye-Sumava-Klatovy.jpg\" \/>\n\t<meta property=\"og:image:width\" content=\"2200\" \/>\n\t<meta property=\"og:image:height\" content=\"1467\" \/>\n\t<meta property=\"og:image:type\" content=\"image\/jpeg\" \/>\n<meta name=\"author\" content=\"Mzone\" \/>\n<meta name=\"twitter:card\" content=\"summary_large_image\" \/>\n<meta name=\"twitter:label1\" content=\"Written by\" \/>\n\t<meta name=\"twitter:data1\" content=\"Mzone\" \/>\n\t<meta name=\"twitter:label2\" content=\"Est. reading time\" \/>\n\t<meta name=\"twitter:data2\" content=\"3 minutes\" \/>\n<script type=\"application\/ld+json\" class=\"yoast-schema-graph\">{\"@context\":\"https:\\\/\\\/schema.org\",\"@graph\":[{\"@type\":\"Article\",\"@id\":\"https:\\\/\\\/www.mzone.cz\\\/rallye-sumava-klatovy-ovladl-filip-mares-se-svou-toyotou\\\/#article\",\"isPartOf\":{\"@id\":\"https:\\\/\\\/www.mzone.cz\\\/rallye-sumava-klatovy-ovladl-filip-mares-se-svou-toyotou\\\/\"},\"author\":{\"name\":\"Mzone\",\"@id\":\"https:\\\/\\\/www.mzone.cz\\\/#\\\/schema\\\/person\\\/9bc20cc422a99cac4af6ff9297da32d4\"},\"headline\":\"Rallye \u0160umava Klatovy ovl\u00e1dl Filip Mare\u0161 se svou Toyotou\",\"datePublished\":\"2026-04-27T20:54:59+00:00\",\"dateModified\":\"2026-04-27T20:55:00+00:00\",\"mainEntityOfPage\":{\"@id\":\"https:\\\/\\\/www.mzone.cz\\\/rallye-sumava-klatovy-ovladl-filip-mares-se-svou-toyotou\\\/\"},\"wordCount\":525,\"commentCount\":0,\"image\":{\"@id\":\"https:\\\/\\\/www.mzone.cz\\\/rallye-sumava-klatovy-ovladl-filip-mares-se-svou-toyotou\\\/#primaryimage\"},\"thumbnailUrl\":\"https:\\\/\\\/www.mzone.cz\\\/wp-content\\\/uploads\\\/2026\\\/04\\\/Filip-Mares-na-Rallye-Sumava-Klatovy.jpg\",\"keywords\":[\"auta\",\"Auto\",\"auto-moto\",\"Filip Mare\u0161\",\"Klatovy\",\"M\u010cR\",\"motorsport\",\"rally\",\"rallye\",\"Sport\",\"\u0160umava\",\"Toyota\",\"v\u00edt\u011bz\",\"v\u00edt\u011bzstv\u00ed\",\"z\u00e1vod\",\"z\u00e1vodn\u00ed vozy\"],\"articleSection\":[\"Auto-moto\",\"Sport\"],\"inLanguage\":\"en-US\",\"potentialAction\":[{\"@type\":\"CommentAction\",\"name\":\"Comment\",\"target\":[\"https:\\\/\\\/www.mzone.cz\\\/rallye-sumava-klatovy-ovladl-filip-mares-se-svou-toyotou\\\/#respond\"]}]},{\"@type\":\"WebPage\",\"@id\":\"https:\\\/\\\/www.mzone.cz\\\/rallye-sumava-klatovy-ovladl-filip-mares-se-svou-toyotou\\\/\",\"url\":\"https:\\\/\\\/www.mzone.cz\\\/rallye-sumava-klatovy-ovladl-filip-mares-se-svou-toyotou\\\/\",\"name\":\"Rallye \u0160umava Klatovy ovl\u00e1dl Filip Mare\u0161 se svou Toyotou - Mzone\",\"isPartOf\":{\"@id\":\"https:\\\/\\\/www.mzone.cz\\\/#website\"},\"primaryImageOfPage\":{\"@id\":\"https:\\\/\\\/www.mzone.cz\\\/rallye-sumava-klatovy-ovladl-filip-mares-se-svou-toyotou\\\/#primaryimage\"},\"image\":{\"@id\":\"https:\\\/\\\/www.mzone.cz\\\/rallye-sumava-klatovy-ovladl-filip-mares-se-svou-toyotou\\\/#primaryimage\"},\"thumbnailUrl\":\"https:\\\/\\\/www.mzone.cz\\\/wp-content\\\/uploads\\\/2026\\\/04\\\/Filip-Mares-na-Rallye-Sumava-Klatovy.jpg\",\"datePublished\":\"2026-04-27T20:54:59+00:00\",\"dateModified\":\"2026-04-27T20:55:00+00:00\",\"author\":{\"@id\":\"https:\\\/\\\/www.mzone.cz\\\/#\\\/schema\\\/person\\\/9bc20cc422a99cac4af6ff9297da32d4\"},\"description\":\"Toyota vstoupila do nov\u00e9 sezony Mistrovstv\u00ed \u010cesk\u00e9 republiky v automobilov\u00fdch sout\u011b\u017e\u00edch ve velk\u00e9m stylu. Jezdec Filip Mare\u0161 z Toyota Dol\u00e1k Rally Teamu ovl\u00e1dl 60. ro\u010dn\u00edk Rallye \u0160umava Klatovy a p\u0159ipsal si druh\u00e9 v\u00edt\u011bzstv\u00ed v kari\u00e9\u0159e v r\u00e1mci M\u010cR.\",\"breadcrumb\":{\"@id\":\"https:\\\/\\\/www.mzone.cz\\\/rallye-sumava-klatovy-ovladl-filip-mares-se-svou-toyotou\\\/#breadcrumb\"},\"inLanguage\":\"en-US\",\"potentialAction\":[{\"@type\":\"ReadAction\",\"target\":[\"https:\\\/\\\/www.mzone.cz\\\/rallye-sumava-klatovy-ovladl-filip-mares-se-svou-toyotou\\\/\"]}]},{\"@type\":\"ImageObject\",\"inLanguage\":\"en-US\",\"@id\":\"https:\\\/\\\/www.mzone.cz\\\/rallye-sumava-klatovy-ovladl-filip-mares-se-svou-toyotou\\\/#primaryimage\",\"url\":\"https:\\\/\\\/www.mzone.cz\\\/wp-content\\\/uploads\\\/2026\\\/04\\\/Filip-Mares-na-Rallye-Sumava-Klatovy.jpg\",\"contentUrl\":\"https:\\\/\\\/www.mzone.cz\\\/wp-content\\\/uploads\\\/2026\\\/04\\\/Filip-Mares-na-Rallye-Sumava-Klatovy.jpg\",\"width\":2200,\"height\":1467,\"caption\":\"Filip Mare\u0161 na Rallye \u0160umava Klatovy\"},{\"@type\":\"BreadcrumbList\",\"@id\":\"https:\\\/\\\/www.mzone.cz\\\/rallye-sumava-klatovy-ovladl-filip-mares-se-svou-toyotou\\\/#breadcrumb\",\"itemListElement\":[{\"@type\":\"ListItem\",\"position\":1,\"name\":\"Dom\u016f\",\"item\":\"https:\\\/\\\/www.mzone.cz\\\/\"},{\"@type\":\"ListItem\",\"position\":2,\"name\":\"Rallye \u0160umava Klatovy ovl\u00e1dl Filip Mare\u0161 se svou Toyotou\"}]},{\"@type\":\"WebSite\",\"@id\":\"https:\\\/\\\/www.mzone.cz\\\/#website\",\"url\":\"https:\\\/\\\/www.mzone.cz\\\/\",\"name\":\"Mzone\",\"description\":\"Magaz\u00edn nejen pro mu\u017ee\",\"potentialAction\":[{\"@type\":\"SearchAction\",\"target\":{\"@type\":\"EntryPoint\",\"urlTemplate\":\"https:\\\/\\\/www.mzone.cz\\\/?s={search_term_string}\"},\"query-input\":{\"@type\":\"PropertyValueSpecification\",\"valueRequired\":true,\"valueName\":\"search_term_string\"}}],\"inLanguage\":\"en-US\"},{\"@type\":\"Person\",\"@id\":\"https:\\\/\\\/www.mzone.cz\\\/#\\\/schema\\\/person\\\/9bc20cc422a99cac4af6ff9297da32d4\",\"name\":\"Mzone\",\"image\":{\"@type\":\"ImageObject\",\"inLanguage\":\"en-US\",\"@id\":\"https:\\\/\\\/secure.gravatar.com\\\/avatar\\\/e780a8630f3182a3d06dd667ab6bea151a0d155b0951bc15fe22633acdac0676?s=96&d=mm&r=g\",\"url\":\"https:\\\/\\\/secure.gravatar.com\\\/avatar\\\/e780a8630f3182a3d06dd667ab6bea151a0d155b0951bc15fe22633acdac0676?s=96&d=mm&r=g\",\"contentUrl\":\"https:\\\/\\\/secure.gravatar.com\\\/avatar\\\/e780a8630f3182a3d06dd667ab6bea151a0d155b0951bc15fe22633acdac0676?s=96&d=mm&r=g\",\"caption\":\"Mzone\"},\"url\":\"https:\\\/\\\/www.mzone.cz\\\/en\\\/author\\\/jakub\\\/\"}]}<\/script>\n<!-- \/ Yoast SEO plugin. -->","yoast_head_json":{"title":"Rallye \u0160umava Klatovy ovl\u00e1dl Filip Mare\u0161 se svou Toyotou - Mzone","description":"Toyota vstoupila do nov\u00e9 sezony Mistrovstv\u00ed \u010cesk\u00e9 republiky v automobilov\u00fdch sout\u011b\u017e\u00edch ve velk\u00e9m stylu. Jezdec Filip Mare\u0161 z Toyota Dol\u00e1k Rally Teamu ovl\u00e1dl 60. ro\u010dn\u00edk Rallye \u0160umava Klatovy a p\u0159ipsal si druh\u00e9 v\u00edt\u011bzstv\u00ed v kari\u00e9\u0159e v r\u00e1mci M\u010cR.","robots":{"index":"index","follow":"follow","max-snippet":"max-snippet:-1","max-image-preview":"max-image-preview:large","max-video-preview":"max-video-preview:-1"},"canonical":"https:\/\/www.mzone.cz\/en\/rallye-sumava-klatovy-ovladl-filip-mares-se-svou-toyotou\/","og_locale":"en_US","og_type":"article","og_title":"Rallye \u0160umava Klatovy ovl\u00e1dl Filip Mare\u0161 se svou Toyotou - Mzone","og_description":"Toyota vstoupila do nov\u00e9 sezony Mistrovstv\u00ed \u010cesk\u00e9 republiky v automobilov\u00fdch sout\u011b\u017e\u00edch ve velk\u00e9m stylu. Jezdec Filip Mare\u0161 z Toyota Dol\u00e1k Rally Teamu ovl\u00e1dl 60. ro\u010dn\u00edk Rallye \u0160umava Klatovy a p\u0159ipsal si druh\u00e9 v\u00edt\u011bzstv\u00ed v kari\u00e9\u0159e v r\u00e1mci M\u010cR.","og_url":"https:\/\/www.mzone.cz\/en\/rallye-sumava-klatovy-ovladl-filip-mares-se-svou-toyotou\/","og_site_name":"Mzone","article_publisher":"https:\/\/www.facebook.com\/MzoneCZ\/","article_published_time":"2026-04-27T20:54:59+00:00","article_modified_time":"2026-04-27T20:55:00+00:00","og_image":[{"width":2200,"height":1467,"url":"https:\/\/www.mzone.cz\/wp-content\/uploads\/2026\/04\/Filip-Mares-na-Rallye-Sumava-Klatovy.jpg","type":"image\/jpeg"}],"author":"Mzone","twitter_card":"summary_large_image","twitter_misc":{"Written by":"Mzone","Est. reading time":"3 minutes"},"schema":{"@context":"https:\/\/schema.org","@graph":[{"@type":"Article","@id":"https:\/\/www.mzone.cz\/rallye-sumava-klatovy-ovladl-filip-mares-se-svou-toyotou\/#article","isPartOf":{"@id":"https:\/\/www.mzone.cz\/rallye-sumava-klatovy-ovladl-filip-mares-se-svou-toyotou\/"},"author":{"name":"Mzone","@id":"https:\/\/www.mzone.cz\/#\/schema\/person\/9bc20cc422a99cac4af6ff9297da32d4"},"headline":"Rallye \u0160umava Klatovy ovl\u00e1dl Filip Mare\u0161 se svou Toyotou","datePublished":"2026-04-27T20:54:59+00:00","dateModified":"2026-04-27T20:55:00+00:00","mainEntityOfPage":{"@id":"https:\/\/www.mzone.cz\/rallye-sumava-klatovy-ovladl-filip-mares-se-svou-toyotou\/"},"wordCount":525,"commentCount":0,"image":{"@id":"https:\/\/www.mzone.cz\/rallye-sumava-klatovy-ovladl-filip-mares-se-svou-toyotou\/#primaryimage"},"thumbnailUrl":"https:\/\/www.mzone.cz\/wp-content\/uploads\/2026\/04\/Filip-Mares-na-Rallye-Sumava-Klatovy.jpg","keywords":["auta","Auto","auto-moto","Filip Mare\u0161","Klatovy","M\u010cR","motorsport","rally","rallye","Sport","\u0160umava","Toyota","v\u00edt\u011bz","v\u00edt\u011bzstv\u00ed","z\u00e1vod","z\u00e1vodn\u00ed vozy"],"articleSection":["Auto-moto","Sport"],"inLanguage":"en-US","potentialAction":[{"@type":"CommentAction","name":"Comment","target":["https:\/\/www.mzone.cz\/rallye-sumava-klatovy-ovladl-filip-mares-se-svou-toyotou\/#respond"]}]},{"@type":"WebPage","@id":"https:\/\/www.mzone.cz\/rallye-sumava-klatovy-ovladl-filip-mares-se-svou-toyotou\/","url":"https:\/\/www.mzone.cz\/rallye-sumava-klatovy-ovladl-filip-mares-se-svou-toyotou\/","name":"Rallye \u0160umava Klatovy ovl\u00e1dl Filip Mare\u0161 se svou Toyotou - Mzone","isPartOf":{"@id":"https:\/\/www.mzone.cz\/#website"},"primaryImageOfPage":{"@id":"https:\/\/www.mzone.cz\/rallye-sumava-klatovy-ovladl-filip-mares-se-svou-toyotou\/#primaryimage"},"image":{"@id":"https:\/\/www.mzone.cz\/rallye-sumava-klatovy-ovladl-filip-mares-se-svou-toyotou\/#primaryimage"},"thumbnailUrl":"https:\/\/www.mzone.cz\/wp-content\/uploads\/2026\/04\/Filip-Mares-na-Rallye-Sumava-Klatovy.jpg","datePublished":"2026-04-27T20:54:59+00:00","dateModified":"2026-04-27T20:55:00+00:00","author":{"@id":"https:\/\/www.mzone.cz\/#\/schema\/person\/9bc20cc422a99cac4af6ff9297da32d4"},"description":"Toyota vstoupila do nov\u00e9 sezony Mistrovstv\u00ed \u010cesk\u00e9 republiky v automobilov\u00fdch sout\u011b\u017e\u00edch ve velk\u00e9m stylu. Jezdec Filip Mare\u0161 z Toyota Dol\u00e1k Rally Teamu ovl\u00e1dl 60. ro\u010dn\u00edk Rallye \u0160umava Klatovy a p\u0159ipsal si druh\u00e9 v\u00edt\u011bzstv\u00ed v kari\u00e9\u0159e v r\u00e1mci M\u010cR.","breadcrumb":{"@id":"https:\/\/www.mzone.cz\/rallye-sumava-klatovy-ovladl-filip-mares-se-svou-toyotou\/#breadcrumb"},"inLanguage":"en-US","potentialAction":[{"@type":"ReadAction","target":["https:\/\/www.mzone.cz\/rallye-sumava-klatovy-ovladl-filip-mares-se-svou-toyotou\/"]}]},{"@type":"ImageObject","inLanguage":"en-US","@id":"https:\/\/www.mzone.cz\/rallye-sumava-klatovy-ovladl-filip-mares-se-svou-toyotou\/#primaryimage","url":"https:\/\/www.mzone.cz\/wp-content\/uploads\/2026\/04\/Filip-Mares-na-Rallye-Sumava-Klatovy.jpg","contentUrl":"https:\/\/www.mzone.cz\/wp-content\/uploads\/2026\/04\/Filip-Mares-na-Rallye-Sumava-Klatovy.jpg","width":2200,"height":1467,"caption":"Filip Mare\u0161 na Rallye \u0160umava Klatovy"},{"@type":"BreadcrumbList","@id":"https:\/\/www.mzone.cz\/rallye-sumava-klatovy-ovladl-filip-mares-se-svou-toyotou\/#breadcrumb","itemListElement":[{"@type":"ListItem","position":1,"name":"Dom\u016f","item":"https:\/\/www.mzone.cz\/"},{"@type":"ListItem","position":2,"name":"Rallye \u0160umava Klatovy ovl\u00e1dl Filip Mare\u0161 se svou Toyotou"}]},{"@type":"WebSite","@id":"https:\/\/www.mzone.cz\/#website","url":"https:\/\/www.mzone.cz\/","name":"Mzone","description":"Magaz\u00edn nejen pro mu\u017ee","potentialAction":[{"@type":"SearchAction","target":{"@type":"EntryPoint","urlTemplate":"https:\/\/www.mzone.cz\/?s={search_term_string}"},"query-input":{"@type":"PropertyValueSpecification","valueRequired":true,"valueName":"search_term_string"}}],"inLanguage":"en-US"},{"@type":"Person","@id":"https:\/\/www.mzone.cz\/#\/schema\/person\/9bc20cc422a99cac4af6ff9297da32d4","name":"Mzone","image":{"@type":"ImageObject","inLanguage":"en-US","@id":"https:\/\/secure.gravatar.com\/avatar\/e780a8630f3182a3d06dd667ab6bea151a0d155b0951bc15fe22633acdac0676?s=96&d=mm&r=g","url":"https:\/\/secure.gravatar.com\/avatar\/e780a8630f3182a3d06dd667ab6bea151a0d155b0951bc15fe22633acdac0676?s=96&d=mm&r=g","contentUrl":"https:\/\/secure.gravatar.com\/avatar\/e780a8630f3182a3d06dd667ab6bea151a0d155b0951bc15fe22633acdac0676?s=96&d=mm&r=g","caption":"Mzone"},"url":"https:\/\/www.mzone.cz\/en\/author\/jakub\/"}]}},"_links":{"self":[{"href":"https:\/\/www.mzone.cz\/en\/wp-json\/wp\/v2\/posts\/47401","targetHints":{"allow":["GET"]}}],"collection":[{"href":"https:\/\/www.mzone.cz\/en\/wp-json\/wp\/v2\/posts"}],"about":[{"href":"https:\/\/www.mzone.cz\/en\/wp-json\/wp\/v2\/types\/post"}],"author":[{"embeddable":true,"href":"https:\/\/www.mzone.cz\/en\/wp-json\/wp\/v2\/users\/4"}],"replies":[{"embeddable":true,"href":"https:\/\/www.mzone.cz\/en\/wp-json\/wp\/v2\/comments?post=47401"}],"version-history":[{"count":6,"href":"https:\/\/www.mzone.cz\/en\/wp-json\/wp\/v2\/posts\/47401\/revisions"}],"predecessor-version":[{"id":47410,"href":"https:\/\/www.mzone.cz\/en\/wp-json\/wp\/v2\/posts\/47401\/revisions\/47410"}],"wp:featuredmedia":[{"embeddable":true,"href":"https:\/\/www.mzone.cz\/en\/wp-json\/wp\/v2\/media\/47403"}],"wp:attachment":[{"href":"https:\/\/www.mzone.cz\/en\/wp-json\/wp\/v2\/media?parent=47401"}],"wp:term":[{"taxonomy":"category","embeddable":true,"href":"https:\/\/www.mzone.cz\/en\/wp-json\/wp\/v2\/categories?post=47401"},{"taxonomy":"post_tag","embeddable":true,"href":"https:\/\/www.mzone.cz\/en\/wp-json\/wp\/v2\/tags?post=47401"}],"curies":[{"name":"wp","href":"https:\/\/api.w.org\/{rel}","templated":true}]}}