{"id":47411,"date":"2026-05-01T05:00:00","date_gmt":"2026-05-01T03:00:00","guid":{"rendered":"https:\/\/www.mzone.cz\/?p=47411"},"modified":"2026-04-28T16:39:52","modified_gmt":"2026-04-28T14:39:52","slug":"volvo-zahajilo-vyrobu-elektrickeho-suv-ex60-zajem-o-nej-je-enormni","status":"publish","type":"post","link":"https:\/\/www.mzone.cz\/en\/volvo-zahajilo-vyrobu-elektrickeho-suv-ex60-zajem-o-nej-je-enormni\/","title":{"rendered":"Volvo zah\u00e1jilo v\u00fdrobu sv\u00e9ho elektrick\u00e9ho SUV EX60, z\u00e1jem o n\u011bj je enormn\u00ed"},"content":{"rendered":"<p><strong>Zd\u00e1 se, \u017ee slibovan\u00e1 revoluce se d\u00e1v\u00e1 do pohybu: automobilka Volvo zah\u00e1jila v\u00fdrobu nov\u00e9ho pln\u011b elektrick\u00e9ho modelu Volvo EX60, jeho\u017e distribuce za\u010dne ve druh\u00e9 polovin\u011b leto\u0161n\u00edho roku. A z\u00e1jem o n\u011bj p\u0159ed\u010dil o\u010dek\u00e1v\u00e1n\u00ed!<\/strong><\/p><br>\n\n\n\n<p>Toto pln\u011b elektrick\u00e9 st\u0159edn\u011b velk\u00e9 SUV se vyr\u00e1b\u00ed v z\u00e1vod\u011b spole\u010dnosti Volvo Cars v Torsland\u011b nedaleko \u0159editelstv\u00ed firmy ve \u0161v\u00e9dsk\u00e9m G\u00f6teborgu. Spole\u010dnost Volvo Cars v reakci na silnou popt\u00e1vku ji\u017e minul\u00fd m\u011bs\u00edc ozn\u00e1mila, \u017ee v roce 2026 nav\u00fd\u0161\u00ed v\u00fdrobn\u00ed kapacity modelu EX60.<\/p>\n\n\n\n<blockquote class=\"wp-block-quote is-layout-flow wp-block-quote-is-layout-flow\">\n<p>Jako prvn\u00ed pln\u011b elektrick\u00fd v\u016fz navr\u017een\u00fd, vyvinut\u00fd a vyroben\u00fd ve \u0160v\u00e9dsku podtrhuje EX60 dlouhodob\u00fd z\u00e1vazek spole\u010dnosti Volvo Cars v\u016f\u010di sv\u00e9 domovsk\u00e9 zemi jako centru v\u00fdvoje a v\u00fdroby pr\u00e9miov\u00fdch elektrick\u00fdch voz\u016f.<\/p>\n<\/blockquote>\n\n\n\n<p>Model EX60 z\u00e1rove\u0148 p\u0159isp\u011bje k pos\u00edlen\u00ed ekonomiky G\u00f6teborgu i cel\u00e9ho \u0160v\u00e9dska, jeliko\u017e z n\u011bj z hlediska hodnoty ambice spole\u010dnosti Volvo Cars v oblasti v\u00fdrobn\u00edch objem\u016f \u010din\u00ed jeden z nejv\u00fdznamn\u011bj\u0161\u00edch exportn\u00edch artikl\u016f zem\u011b. Volvo EX60 tak podporuje hospod\u00e1\u0159sk\u00fd r\u016fst a upev\u0148uje pozici z\u00e1pado\u0161v\u00e9dsk\u00e9ho regionu jako centra automobilov\u00e9ho v\u00fdvoje a v\u00fdroby.<\/p><br>\n\n\n\n<figure class=\"wp-block-image size-large\"><img loading=\"lazy\" decoding=\"async\" width=\"1024\" height=\"683\" src=\"https:\/\/www.mzone.cz\/wp-content\/uploads\/2026\/05\/AKQA0130_EX60CC_PR_Front_3-4_Nature-1024x683.jpg\" alt=\"Volvo EX60 Cross Country\" class=\"wp-image-47416\" srcset=\"https:\/\/www.mzone.cz\/wp-content\/uploads\/2026\/05\/AKQA0130_EX60CC_PR_Front_3-4_Nature-1024x683.jpg 1024w, https:\/\/www.mzone.cz\/wp-content\/uploads\/2026\/05\/AKQA0130_EX60CC_PR_Front_3-4_Nature-300x200.jpg 300w, https:\/\/www.mzone.cz\/wp-content\/uploads\/2026\/05\/AKQA0130_EX60CC_PR_Front_3-4_Nature-768x512.jpg 768w, https:\/\/www.mzone.cz\/wp-content\/uploads\/2026\/05\/AKQA0130_EX60CC_PR_Front_3-4_Nature-1536x1024.jpg 1536w, https:\/\/www.mzone.cz\/wp-content\/uploads\/2026\/05\/AKQA0130_EX60CC_PR_Front_3-4_Nature-2048x1365.jpg 2048w, https:\/\/www.mzone.cz\/wp-content\/uploads\/2026\/05\/AKQA0130_EX60CC_PR_Front_3-4_Nature-18x12.jpg 18w, https:\/\/www.mzone.cz\/wp-content\/uploads\/2026\/05\/AKQA0130_EX60CC_PR_Front_3-4_Nature-800x533.jpg 800w, https:\/\/www.mzone.cz\/wp-content\/uploads\/2026\/05\/AKQA0130_EX60CC_PR_Front_3-4_Nature-400x267.jpg 400w, https:\/\/www.mzone.cz\/wp-content\/uploads\/2026\/05\/AKQA0130_EX60CC_PR_Front_3-4_Nature-500x333.jpg 500w, https:\/\/www.mzone.cz\/wp-content\/uploads\/2026\/05\/AKQA0130_EX60CC_PR_Front_3-4_Nature-1170x780.jpg 1170w, https:\/\/www.mzone.cz\/wp-content\/uploads\/2026\/05\/AKQA0130_EX60CC_PR_Front_3-4_Nature-590x393.jpg 590w\" sizes=\"auto, (max-width: 1024px) 100vw, 1024px\" \/><\/figure><br>\n\n\n\n<p>\u201eDne\u0161ek p\u0159edstavuje pro na\u0161i spole\u010dnost i pro cel\u00e9 \u0160v\u00e9dsko d\u016fle\u017eit\u00fd miln\u00edk, proto\u017ee zahajujeme v\u00fdrobu prvn\u00edch voz\u016f EX60 ur\u010den\u00fdch pro z\u00e1kazn\u00edky,\u201c uvedl H\u00e5kan Samuelsson, gener\u00e1ln\u00ed \u0159editel spole\u010dnosti Volvo Cars. \u201eNyn\u00ed se soust\u0159ed\u00edme na postupn\u00e9 navy\u0161ov\u00e1n\u00ed v\u00fdroby modelu EX60 p\u0159i sou\u010dasn\u00e9m zachov\u00e1n\u00ed jeho nejvy\u0161\u0161\u00ed kvality, aby se tento pr\u016flomov\u00fd v\u016fz stal v nadch\u00e1zej\u00edc\u00edch letech kl\u00ed\u010dov\u00fdm tahounem ziskov\u00e9ho r\u016fstu,\u201c dodal Samuelsson.<\/p>\n\n\n\n<blockquote class=\"wp-block-quote is-layout-flow wp-block-quote-is-layout-flow\">\n<p>Rozhodnut\u00ed nav\u00fd\u0161it v\u00fdrobn\u00ed objemy pro rok 2026 n\u00e1sledovalo po siln\u00e9 po\u010d\u00e1te\u010dn\u00ed popt\u00e1vce z\u00e1kazn\u00edk\u016f na kl\u00ed\u010dov\u00fdch trz\u00edch, jako jsou \u0160v\u00e9dsko a N\u011bmecko, a sou\u010dasn\u011b po v\u00fdrazn\u011b vy\u0161\u0161\u00edm po\u010dtu objedn\u00e1vek oproti intern\u00edm progn\u00f3z\u00e1m t\u00e9m\u011b\u0159 na v\u0161ech hlavn\u00edch evropsk\u00fdch trz\u00edch.<\/p>\n<\/blockquote>\n\n\n\n<p>V reakci na tuto silnou popt\u00e1vku v Evrop\u011b \u2013 a s otev\u0159en\u00edm objedn\u00e1vkov\u00fdch knih pro trhy USA a Asie pozd\u011bji na ja\u0159e \u2013 se spole\u010dnost Volvo Cars rozhodla pro rok 2026 nav\u00fd\u0161it v\u00fdrobn\u00ed kapacitu modelu EX60. Za t\u00edmto \u00fa\u010delem pl\u00e1nuje prodlou\u017eit provoz z\u00e1vodu v Torsland\u011b o jeden t\u00fdden b\u011bhem l\u00e9ta, co\u017e by se stalo v\u016fbec poprv\u00e9 v historii.<\/p><br>\n\n\n\n<figure class=\"wp-block-image size-large\"><img loading=\"lazy\" decoding=\"async\" width=\"1024\" height=\"683\" src=\"https:\/\/www.mzone.cz\/wp-content\/uploads\/2026\/05\/Volvo-EX60-Start-of-Production-1024x683.jpg\" alt=\"Volvo EX60 v tov\u00e1rn\u011b Torslanda ve \u0160v\u00e9dsku\" class=\"wp-image-47419\" srcset=\"https:\/\/www.mzone.cz\/wp-content\/uploads\/2026\/05\/Volvo-EX60-Start-of-Production-1024x683.jpg 1024w, https:\/\/www.mzone.cz\/wp-content\/uploads\/2026\/05\/Volvo-EX60-Start-of-Production-300x200.jpg 300w, https:\/\/www.mzone.cz\/wp-content\/uploads\/2026\/05\/Volvo-EX60-Start-of-Production-768x512.jpg 768w, https:\/\/www.mzone.cz\/wp-content\/uploads\/2026\/05\/Volvo-EX60-Start-of-Production-1536x1024.jpg 1536w, https:\/\/www.mzone.cz\/wp-content\/uploads\/2026\/05\/Volvo-EX60-Start-of-Production-2048x1365.jpg 2048w, https:\/\/www.mzone.cz\/wp-content\/uploads\/2026\/05\/Volvo-EX60-Start-of-Production-18x12.jpg 18w, https:\/\/www.mzone.cz\/wp-content\/uploads\/2026\/05\/Volvo-EX60-Start-of-Production-800x533.jpg 800w, https:\/\/www.mzone.cz\/wp-content\/uploads\/2026\/05\/Volvo-EX60-Start-of-Production-400x267.jpg 400w, https:\/\/www.mzone.cz\/wp-content\/uploads\/2026\/05\/Volvo-EX60-Start-of-Production-500x333.jpg 500w, https:\/\/www.mzone.cz\/wp-content\/uploads\/2026\/05\/Volvo-EX60-Start-of-Production-1170x780.jpg 1170w, https:\/\/www.mzone.cz\/wp-content\/uploads\/2026\/05\/Volvo-EX60-Start-of-Production-590x393.jpg 590w\" sizes=\"auto, (max-width: 1024px) 100vw, 1024px\" \/><\/figure><br>\n\n\n\n<p>Model EX60, kter\u00fd byl v lednu p\u0159edstaven s mimo\u0159\u00e1dn\u011b pozitivn\u00edm ohlasem, je navr\u017een tak, aby znamenal z\u00e1sadn\u00ed posun nejen pro Volvo, ale i pro jeho z\u00e1kazn\u00edky. Nab\u00edz\u00ed dojezd a\u017e 810 km na jedno nabit\u00ed, umo\u017e\u0148uje nabit\u00ed z 10 na 80 % za 16 minut a jeho cena je nastavena na \u00farove\u0148 nejprod\u00e1van\u011bj\u0161\u00edho plug-in hybridn\u00edho modelu XC60.<\/p><br>\n\n\n\n<p>Z\u00e1vod v Torsland\u011b pro\u0161el v r\u00e1mci p\u0159\u00edprav na v\u00fdrobu modelu EX60 a dal\u0161\u00edch elektrick\u00fdch voz\u016f nov\u00e9 generace v posledn\u00edch letech rozs\u00e1hlou modernizac\u00ed. V r\u00e1mci v\u00fdznamn\u00e9 investice ve v\u00fd\u0161i p\u0159ibli\u017en\u011b 10 miliard \u0161v\u00e9dsk\u00fdch korun spole\u010dnost Volvo Cars zavedla technologii odl\u00e9v\u00e1n\u00ed velk\u00fdch d\u00edl\u016f (megacasting), vybudovala novou mont\u00e1\u017en\u00ed linku pro baterie a kompletn\u011b zmodernizovala lakovnu i fin\u00e1ln\u00ed mont\u00e1\u017en\u00ed linku.<\/p><br>\n\n\n\n<div class=\"wp-block-media-text is-stacked-on-mobile is-vertically-aligned-top\" style=\"grid-template-columns:23% auto\"><figure class=\"wp-block-media-text__media\"><a href=\"https:\/\/www.mzone.cz\/lynk-co-08-plug-in-hybrid-ktery-meni-pravidla-hry-na-ceskem-trhu\/\"><img loading=\"lazy\" decoding=\"async\" width=\"1024\" height=\"683\" src=\"https:\/\/www.mzone.cz\/wp-content\/uploads\/2026\/04\/01-1024x683.jpg\" alt=\"Lynk &amp; Co 08\" class=\"wp-image-47306 size-full\" srcset=\"https:\/\/www.mzone.cz\/wp-content\/uploads\/2026\/04\/01-1024x683.jpg 1024w, https:\/\/www.mzone.cz\/wp-content\/uploads\/2026\/04\/01-300x200.jpg 300w, https:\/\/www.mzone.cz\/wp-content\/uploads\/2026\/04\/01-768x512.jpg 768w, https:\/\/www.mzone.cz\/wp-content\/uploads\/2026\/04\/01-1536x1024.jpg 1536w, https:\/\/www.mzone.cz\/wp-content\/uploads\/2026\/04\/01-2048x1365.jpg 2048w, https:\/\/www.mzone.cz\/wp-content\/uploads\/2026\/04\/01-18x12.jpg 18w, https:\/\/www.mzone.cz\/wp-content\/uploads\/2026\/04\/01-800x533.jpg 800w, https:\/\/www.mzone.cz\/wp-content\/uploads\/2026\/04\/01-400x267.jpg 400w, https:\/\/www.mzone.cz\/wp-content\/uploads\/2026\/04\/01-500x333.jpg 500w, https:\/\/www.mzone.cz\/wp-content\/uploads\/2026\/04\/01-1170x780.jpg 1170w, https:\/\/www.mzone.cz\/wp-content\/uploads\/2026\/04\/01-590x393.jpg 590w\" sizes=\"auto, (max-width: 1024px) 100vw, 1024px\" \/><\/a><\/figure><div class=\"wp-block-media-text__content\">\n<h4 class=\"wp-block-heading\"><a href=\"https:\/\/www.mzone.cz\/lynk-co-08-plug-in-hybrid-ktery-meni-pravidla-hry-na-ceskem-trhu\/\">Lynk &amp; Co 08: Plug-in hybrid, kter\u00fd m\u011bn\u00ed pravidla hry na \u010desk\u00e9m trhu<\/a><\/h4><br>\n<\/div><\/div>\n\n\n\n<p><\/p>","protected":false},"excerpt":{"rendered":"<p>Zd\u00e1 se, \u017ee slibovan\u00e1 revoluce se d\u00e1v\u00e1 do pohybu: automobilka Volvo zah\u00e1jila v\u00fdrobu nov\u00e9ho pln\u011b elektrick\u00e9ho modelu Volvo EX60, jeho\u017e distribuce za\u010dne ve druh\u00e9 polovin\u011b leto\u0161n\u00edho roku. A z\u00e1jem o n\u011bj p\u0159ed\u010dil o\u010dek\u00e1v\u00e1n\u00ed! Toto pln\u011b elektrick\u00e9 st\u0159edn\u011b velk\u00e9 SUV se vyr\u00e1b\u00ed v z\u00e1vod\u011b spole\u010dnosti Volvo Cars v Torsland\u011b nedaleko \u0159editelstv\u00ed firmy ve \u0161v\u00e9dsk\u00e9m G\u00f6teborgu. Spole\u010dnost [&hellip;]<\/p>\n","protected":false},"author":4,"featured_media":47414,"comment_status":"open","ping_status":"closed","sticky":false,"template":"","format":"standard","meta":{"kk_blocks_editor_width":"","_kiokenblocks_attr":"","_kiokenblocks_dimensions":"","footnotes":""},"categories":[69],"tags":[585,82,462,724,6250,5664,1159,16,688,5717,6557,622],"class_list":["post-47411","post","type-post","status-publish","format-standard","has-post-thumbnail","hentry","category-auto-moto","tag-auta","tag-auto","tag-auto-moto","tag-automobil","tag-bev","tag-elektricke-vozy","tag-elektromobil","tag-novinka","tag-suv","tag-volvo","tag-volvo-ex60","tag-vyroba"],"yoast_head":"<!-- This site is optimized with the Yoast SEO plugin v27.5 - https:\/\/yoast.com\/product\/yoast-seo-wordpress\/ -->\n<title>Volvo zah\u00e1jilo v\u00fdrobu sv\u00e9ho elektrick\u00e9ho SUV EX60, z\u00e1jem o n\u011bj je enormn\u00ed - Mzone<\/title>\n<meta name=\"description\" content=\"Zd\u00e1 se, \u017ee slibovan\u00e1 revoluce se d\u00e1v\u00e1 do pohybu: automobilka Volvo zah\u00e1jila v\u00fdrobu nov\u00e9ho pln\u011b elektrick\u00e9ho modelu Volvo EX60, jeho\u017e distribuce za\u010dne ve druh\u00e9 polovin\u011b leto\u0161n\u00edho roku. A z\u00e1jem o n\u011bj p\u0159ed\u010dil o\u010dek\u00e1v\u00e1n\u00ed!\" \/>\n<meta name=\"robots\" content=\"index, follow, max-snippet:-1, max-image-preview:large, max-video-preview:-1\" \/>\n<link rel=\"canonical\" href=\"https:\/\/www.mzone.cz\/en\/volvo-zahajilo-vyrobu-elektrickeho-suv-ex60-zajem-o-nej-je-enormni\/\" \/>\n<meta property=\"og:locale\" content=\"en_US\" \/>\n<meta property=\"og:type\" content=\"article\" \/>\n<meta property=\"og:title\" content=\"Volvo zah\u00e1jilo v\u00fdrobu sv\u00e9ho elektrick\u00e9ho SUV EX60, z\u00e1jem o n\u011bj je enormn\u00ed - Mzone\" \/>\n<meta property=\"og:description\" content=\"Zd\u00e1 se, \u017ee slibovan\u00e1 revoluce se d\u00e1v\u00e1 do pohybu: automobilka Volvo zah\u00e1jila v\u00fdrobu nov\u00e9ho pln\u011b elektrick\u00e9ho modelu Volvo EX60, jeho\u017e distribuce za\u010dne ve druh\u00e9 polovin\u011b leto\u0161n\u00edho roku. A z\u00e1jem o n\u011bj p\u0159ed\u010dil o\u010dek\u00e1v\u00e1n\u00ed!\" \/>\n<meta property=\"og:url\" content=\"https:\/\/www.mzone.cz\/en\/volvo-zahajilo-vyrobu-elektrickeho-suv-ex60-zajem-o-nej-je-enormni\/\" \/>\n<meta property=\"og:site_name\" content=\"Mzone\" \/>\n<meta property=\"article:publisher\" content=\"https:\/\/www.facebook.com\/MzoneCZ\/\" \/>\n<meta property=\"article:published_time\" content=\"2026-05-01T03:00:00+00:00\" \/>\n<meta property=\"og:image\" content=\"https:\/\/www.mzone.cz\/wp-content\/uploads\/2026\/05\/Volvo-EX60-scaled.jpg\" \/>\n\t<meta property=\"og:image:width\" content=\"2560\" \/>\n\t<meta property=\"og:image:height\" content=\"1707\" \/>\n\t<meta property=\"og:image:type\" content=\"image\/jpeg\" \/>\n<meta name=\"author\" content=\"Mzone\" \/>\n<meta name=\"twitter:card\" content=\"summary_large_image\" \/>\n<meta name=\"twitter:label1\" content=\"Written by\" \/>\n\t<meta name=\"twitter:data1\" content=\"Mzone\" \/>\n\t<meta name=\"twitter:label2\" content=\"Est. reading time\" \/>\n\t<meta name=\"twitter:data2\" content=\"3 minutes\" \/>\n<script type=\"application\/ld+json\" class=\"yoast-schema-graph\">{\"@context\":\"https:\\\/\\\/schema.org\",\"@graph\":[{\"@type\":\"Article\",\"@id\":\"https:\\\/\\\/www.mzone.cz\\\/volvo-zahajilo-vyrobu-elektrickeho-suv-ex60-zajem-o-nej-je-enormni\\\/#article\",\"isPartOf\":{\"@id\":\"https:\\\/\\\/www.mzone.cz\\\/volvo-zahajilo-vyrobu-elektrickeho-suv-ex60-zajem-o-nej-je-enormni\\\/\"},\"author\":{\"name\":\"Mzone\",\"@id\":\"https:\\\/\\\/www.mzone.cz\\\/#\\\/schema\\\/person\\\/9bc20cc422a99cac4af6ff9297da32d4\"},\"headline\":\"Volvo zah\u00e1jilo v\u00fdrobu sv\u00e9ho elektrick\u00e9ho SUV EX60, z\u00e1jem o n\u011bj je enormn\u00ed\",\"datePublished\":\"2026-05-01T03:00:00+00:00\",\"mainEntityOfPage\":{\"@id\":\"https:\\\/\\\/www.mzone.cz\\\/volvo-zahajilo-vyrobu-elektrickeho-suv-ex60-zajem-o-nej-je-enormni\\\/\"},\"wordCount\":621,\"commentCount\":0,\"image\":{\"@id\":\"https:\\\/\\\/www.mzone.cz\\\/volvo-zahajilo-vyrobu-elektrickeho-suv-ex60-zajem-o-nej-je-enormni\\\/#primaryimage\"},\"thumbnailUrl\":\"https:\\\/\\\/www.mzone.cz\\\/wp-content\\\/uploads\\\/2026\\\/05\\\/Volvo-EX60-scaled.jpg\",\"keywords\":[\"auta\",\"Auto\",\"auto-moto\",\"automobil\",\"BEV\",\"elektrick\u00e9 vozy\",\"elektromobil\",\"Novinka\",\"SUV\",\"Volvo\",\"Volvo EX60\",\"v\u00fdroba\"],\"articleSection\":[\"Auto-moto\"],\"inLanguage\":\"en-US\",\"potentialAction\":[{\"@type\":\"CommentAction\",\"name\":\"Comment\",\"target\":[\"https:\\\/\\\/www.mzone.cz\\\/volvo-zahajilo-vyrobu-elektrickeho-suv-ex60-zajem-o-nej-je-enormni\\\/#respond\"]}]},{\"@type\":\"WebPage\",\"@id\":\"https:\\\/\\\/www.mzone.cz\\\/volvo-zahajilo-vyrobu-elektrickeho-suv-ex60-zajem-o-nej-je-enormni\\\/\",\"url\":\"https:\\\/\\\/www.mzone.cz\\\/volvo-zahajilo-vyrobu-elektrickeho-suv-ex60-zajem-o-nej-je-enormni\\\/\",\"name\":\"Volvo zah\u00e1jilo v\u00fdrobu sv\u00e9ho elektrick\u00e9ho SUV EX60, z\u00e1jem o n\u011bj je enormn\u00ed - Mzone\",\"isPartOf\":{\"@id\":\"https:\\\/\\\/www.mzone.cz\\\/#website\"},\"primaryImageOfPage\":{\"@id\":\"https:\\\/\\\/www.mzone.cz\\\/volvo-zahajilo-vyrobu-elektrickeho-suv-ex60-zajem-o-nej-je-enormni\\\/#primaryimage\"},\"image\":{\"@id\":\"https:\\\/\\\/www.mzone.cz\\\/volvo-zahajilo-vyrobu-elektrickeho-suv-ex60-zajem-o-nej-je-enormni\\\/#primaryimage\"},\"thumbnailUrl\":\"https:\\\/\\\/www.mzone.cz\\\/wp-content\\\/uploads\\\/2026\\\/05\\\/Volvo-EX60-scaled.jpg\",\"datePublished\":\"2026-05-01T03:00:00+00:00\",\"author\":{\"@id\":\"https:\\\/\\\/www.mzone.cz\\\/#\\\/schema\\\/person\\\/9bc20cc422a99cac4af6ff9297da32d4\"},\"description\":\"Zd\u00e1 se, \u017ee slibovan\u00e1 revoluce se d\u00e1v\u00e1 do pohybu: automobilka Volvo zah\u00e1jila v\u00fdrobu nov\u00e9ho pln\u011b elektrick\u00e9ho modelu Volvo EX60, jeho\u017e distribuce za\u010dne ve druh\u00e9 polovin\u011b leto\u0161n\u00edho roku. A z\u00e1jem o n\u011bj p\u0159ed\u010dil o\u010dek\u00e1v\u00e1n\u00ed!\",\"breadcrumb\":{\"@id\":\"https:\\\/\\\/www.mzone.cz\\\/volvo-zahajilo-vyrobu-elektrickeho-suv-ex60-zajem-o-nej-je-enormni\\\/#breadcrumb\"},\"inLanguage\":\"en-US\",\"potentialAction\":[{\"@type\":\"ReadAction\",\"target\":[\"https:\\\/\\\/www.mzone.cz\\\/volvo-zahajilo-vyrobu-elektrickeho-suv-ex60-zajem-o-nej-je-enormni\\\/\"]}]},{\"@type\":\"ImageObject\",\"inLanguage\":\"en-US\",\"@id\":\"https:\\\/\\\/www.mzone.cz\\\/volvo-zahajilo-vyrobu-elektrickeho-suv-ex60-zajem-o-nej-je-enormni\\\/#primaryimage\",\"url\":\"https:\\\/\\\/www.mzone.cz\\\/wp-content\\\/uploads\\\/2026\\\/05\\\/Volvo-EX60-scaled.jpg\",\"contentUrl\":\"https:\\\/\\\/www.mzone.cz\\\/wp-content\\\/uploads\\\/2026\\\/05\\\/Volvo-EX60-scaled.jpg\",\"width\":2560,\"height\":1707,\"caption\":\"Volvo EX60\"},{\"@type\":\"BreadcrumbList\",\"@id\":\"https:\\\/\\\/www.mzone.cz\\\/volvo-zahajilo-vyrobu-elektrickeho-suv-ex60-zajem-o-nej-je-enormni\\\/#breadcrumb\",\"itemListElement\":[{\"@type\":\"ListItem\",\"position\":1,\"name\":\"Dom\u016f\",\"item\":\"https:\\\/\\\/www.mzone.cz\\\/\"},{\"@type\":\"ListItem\",\"position\":2,\"name\":\"Volvo zah\u00e1jilo v\u00fdrobu sv\u00e9ho elektrick\u00e9ho SUV EX60, z\u00e1jem o n\u011bj je enormn\u00ed\"}]},{\"@type\":\"WebSite\",\"@id\":\"https:\\\/\\\/www.mzone.cz\\\/#website\",\"url\":\"https:\\\/\\\/www.mzone.cz\\\/\",\"name\":\"Mzone\",\"description\":\"Magaz\u00edn nejen pro mu\u017ee\",\"potentialAction\":[{\"@type\":\"SearchAction\",\"target\":{\"@type\":\"EntryPoint\",\"urlTemplate\":\"https:\\\/\\\/www.mzone.cz\\\/?s={search_term_string}\"},\"query-input\":{\"@type\":\"PropertyValueSpecification\",\"valueRequired\":true,\"valueName\":\"search_term_string\"}}],\"inLanguage\":\"en-US\"},{\"@type\":\"Person\",\"@id\":\"https:\\\/\\\/www.mzone.cz\\\/#\\\/schema\\\/person\\\/9bc20cc422a99cac4af6ff9297da32d4\",\"name\":\"Mzone\",\"image\":{\"@type\":\"ImageObject\",\"inLanguage\":\"en-US\",\"@id\":\"https:\\\/\\\/secure.gravatar.com\\\/avatar\\\/e780a8630f3182a3d06dd667ab6bea151a0d155b0951bc15fe22633acdac0676?s=96&d=mm&r=g\",\"url\":\"https:\\\/\\\/secure.gravatar.com\\\/avatar\\\/e780a8630f3182a3d06dd667ab6bea151a0d155b0951bc15fe22633acdac0676?s=96&d=mm&r=g\",\"contentUrl\":\"https:\\\/\\\/secure.gravatar.com\\\/avatar\\\/e780a8630f3182a3d06dd667ab6bea151a0d155b0951bc15fe22633acdac0676?s=96&d=mm&r=g\",\"caption\":\"Mzone\"},\"url\":\"https:\\\/\\\/www.mzone.cz\\\/en\\\/author\\\/jakub\\\/\"}]}<\/script>\n<!-- \/ Yoast SEO plugin. -->","yoast_head_json":{"title":"Volvo zah\u00e1jilo v\u00fdrobu sv\u00e9ho elektrick\u00e9ho SUV EX60, z\u00e1jem o n\u011bj je enormn\u00ed - Mzone","description":"Zd\u00e1 se, \u017ee slibovan\u00e1 revoluce se d\u00e1v\u00e1 do pohybu: automobilka Volvo zah\u00e1jila v\u00fdrobu nov\u00e9ho pln\u011b elektrick\u00e9ho modelu Volvo EX60, jeho\u017e distribuce za\u010dne ve druh\u00e9 polovin\u011b leto\u0161n\u00edho roku. A z\u00e1jem o n\u011bj p\u0159ed\u010dil o\u010dek\u00e1v\u00e1n\u00ed!","robots":{"index":"index","follow":"follow","max-snippet":"max-snippet:-1","max-image-preview":"max-image-preview:large","max-video-preview":"max-video-preview:-1"},"canonical":"https:\/\/www.mzone.cz\/en\/volvo-zahajilo-vyrobu-elektrickeho-suv-ex60-zajem-o-nej-je-enormni\/","og_locale":"en_US","og_type":"article","og_title":"Volvo zah\u00e1jilo v\u00fdrobu sv\u00e9ho elektrick\u00e9ho SUV EX60, z\u00e1jem o n\u011bj je enormn\u00ed - Mzone","og_description":"Zd\u00e1 se, \u017ee slibovan\u00e1 revoluce se d\u00e1v\u00e1 do pohybu: automobilka Volvo zah\u00e1jila v\u00fdrobu nov\u00e9ho pln\u011b elektrick\u00e9ho modelu Volvo EX60, jeho\u017e distribuce za\u010dne ve druh\u00e9 polovin\u011b leto\u0161n\u00edho roku. A z\u00e1jem o n\u011bj p\u0159ed\u010dil o\u010dek\u00e1v\u00e1n\u00ed!","og_url":"https:\/\/www.mzone.cz\/en\/volvo-zahajilo-vyrobu-elektrickeho-suv-ex60-zajem-o-nej-je-enormni\/","og_site_name":"Mzone","article_publisher":"https:\/\/www.facebook.com\/MzoneCZ\/","article_published_time":"2026-05-01T03:00:00+00:00","og_image":[{"width":2560,"height":1707,"url":"https:\/\/www.mzone.cz\/wp-content\/uploads\/2026\/05\/Volvo-EX60-scaled.jpg","type":"image\/jpeg"}],"author":"Mzone","twitter_card":"summary_large_image","twitter_misc":{"Written by":"Mzone","Est. reading time":"3 minutes"},"schema":{"@context":"https:\/\/schema.org","@graph":[{"@type":"Article","@id":"https:\/\/www.mzone.cz\/volvo-zahajilo-vyrobu-elektrickeho-suv-ex60-zajem-o-nej-je-enormni\/#article","isPartOf":{"@id":"https:\/\/www.mzone.cz\/volvo-zahajilo-vyrobu-elektrickeho-suv-ex60-zajem-o-nej-je-enormni\/"},"author":{"name":"Mzone","@id":"https:\/\/www.mzone.cz\/#\/schema\/person\/9bc20cc422a99cac4af6ff9297da32d4"},"headline":"Volvo zah\u00e1jilo v\u00fdrobu sv\u00e9ho elektrick\u00e9ho SUV EX60, z\u00e1jem o n\u011bj je enormn\u00ed","datePublished":"2026-05-01T03:00:00+00:00","mainEntityOfPage":{"@id":"https:\/\/www.mzone.cz\/volvo-zahajilo-vyrobu-elektrickeho-suv-ex60-zajem-o-nej-je-enormni\/"},"wordCount":621,"commentCount":0,"image":{"@id":"https:\/\/www.mzone.cz\/volvo-zahajilo-vyrobu-elektrickeho-suv-ex60-zajem-o-nej-je-enormni\/#primaryimage"},"thumbnailUrl":"https:\/\/www.mzone.cz\/wp-content\/uploads\/2026\/05\/Volvo-EX60-scaled.jpg","keywords":["auta","Auto","auto-moto","automobil","BEV","elektrick\u00e9 vozy","elektromobil","Novinka","SUV","Volvo","Volvo EX60","v\u00fdroba"],"articleSection":["Auto-moto"],"inLanguage":"en-US","potentialAction":[{"@type":"CommentAction","name":"Comment","target":["https:\/\/www.mzone.cz\/volvo-zahajilo-vyrobu-elektrickeho-suv-ex60-zajem-o-nej-je-enormni\/#respond"]}]},{"@type":"WebPage","@id":"https:\/\/www.mzone.cz\/volvo-zahajilo-vyrobu-elektrickeho-suv-ex60-zajem-o-nej-je-enormni\/","url":"https:\/\/www.mzone.cz\/volvo-zahajilo-vyrobu-elektrickeho-suv-ex60-zajem-o-nej-je-enormni\/","name":"Volvo zah\u00e1jilo v\u00fdrobu sv\u00e9ho elektrick\u00e9ho SUV EX60, z\u00e1jem o n\u011bj je enormn\u00ed - Mzone","isPartOf":{"@id":"https:\/\/www.mzone.cz\/#website"},"primaryImageOfPage":{"@id":"https:\/\/www.mzone.cz\/volvo-zahajilo-vyrobu-elektrickeho-suv-ex60-zajem-o-nej-je-enormni\/#primaryimage"},"image":{"@id":"https:\/\/www.mzone.cz\/volvo-zahajilo-vyrobu-elektrickeho-suv-ex60-zajem-o-nej-je-enormni\/#primaryimage"},"thumbnailUrl":"https:\/\/www.mzone.cz\/wp-content\/uploads\/2026\/05\/Volvo-EX60-scaled.jpg","datePublished":"2026-05-01T03:00:00+00:00","author":{"@id":"https:\/\/www.mzone.cz\/#\/schema\/person\/9bc20cc422a99cac4af6ff9297da32d4"},"description":"Zd\u00e1 se, \u017ee slibovan\u00e1 revoluce se d\u00e1v\u00e1 do pohybu: automobilka Volvo zah\u00e1jila v\u00fdrobu nov\u00e9ho pln\u011b elektrick\u00e9ho modelu Volvo EX60, jeho\u017e distribuce za\u010dne ve druh\u00e9 polovin\u011b leto\u0161n\u00edho roku. A z\u00e1jem o n\u011bj p\u0159ed\u010dil o\u010dek\u00e1v\u00e1n\u00ed!","breadcrumb":{"@id":"https:\/\/www.mzone.cz\/volvo-zahajilo-vyrobu-elektrickeho-suv-ex60-zajem-o-nej-je-enormni\/#breadcrumb"},"inLanguage":"en-US","potentialAction":[{"@type":"ReadAction","target":["https:\/\/www.mzone.cz\/volvo-zahajilo-vyrobu-elektrickeho-suv-ex60-zajem-o-nej-je-enormni\/"]}]},{"@type":"ImageObject","inLanguage":"en-US","@id":"https:\/\/www.mzone.cz\/volvo-zahajilo-vyrobu-elektrickeho-suv-ex60-zajem-o-nej-je-enormni\/#primaryimage","url":"https:\/\/www.mzone.cz\/wp-content\/uploads\/2026\/05\/Volvo-EX60-scaled.jpg","contentUrl":"https:\/\/www.mzone.cz\/wp-content\/uploads\/2026\/05\/Volvo-EX60-scaled.jpg","width":2560,"height":1707,"caption":"Volvo EX60"},{"@type":"BreadcrumbList","@id":"https:\/\/www.mzone.cz\/volvo-zahajilo-vyrobu-elektrickeho-suv-ex60-zajem-o-nej-je-enormni\/#breadcrumb","itemListElement":[{"@type":"ListItem","position":1,"name":"Dom\u016f","item":"https:\/\/www.mzone.cz\/"},{"@type":"ListItem","position":2,"name":"Volvo zah\u00e1jilo v\u00fdrobu sv\u00e9ho elektrick\u00e9ho SUV EX60, z\u00e1jem o n\u011bj je enormn\u00ed"}]},{"@type":"WebSite","@id":"https:\/\/www.mzone.cz\/#website","url":"https:\/\/www.mzone.cz\/","name":"Mzone","description":"Magaz\u00edn nejen pro mu\u017ee","potentialAction":[{"@type":"SearchAction","target":{"@type":"EntryPoint","urlTemplate":"https:\/\/www.mzone.cz\/?s={search_term_string}"},"query-input":{"@type":"PropertyValueSpecification","valueRequired":true,"valueName":"search_term_string"}}],"inLanguage":"en-US"},{"@type":"Person","@id":"https:\/\/www.mzone.cz\/#\/schema\/person\/9bc20cc422a99cac4af6ff9297da32d4","name":"Mzone","image":{"@type":"ImageObject","inLanguage":"en-US","@id":"https:\/\/secure.gravatar.com\/avatar\/e780a8630f3182a3d06dd667ab6bea151a0d155b0951bc15fe22633acdac0676?s=96&d=mm&r=g","url":"https:\/\/secure.gravatar.com\/avatar\/e780a8630f3182a3d06dd667ab6bea151a0d155b0951bc15fe22633acdac0676?s=96&d=mm&r=g","contentUrl":"https:\/\/secure.gravatar.com\/avatar\/e780a8630f3182a3d06dd667ab6bea151a0d155b0951bc15fe22633acdac0676?s=96&d=mm&r=g","caption":"Mzone"},"url":"https:\/\/www.mzone.cz\/en\/author\/jakub\/"}]}},"_links":{"self":[{"href":"https:\/\/www.mzone.cz\/en\/wp-json\/wp\/v2\/posts\/47411","targetHints":{"allow":["GET"]}}],"collection":[{"href":"https:\/\/www.mzone.cz\/en\/wp-json\/wp\/v2\/posts"}],"about":[{"href":"https:\/\/www.mzone.cz\/en\/wp-json\/wp\/v2\/types\/post"}],"author":[{"embeddable":true,"href":"https:\/\/www.mzone.cz\/en\/wp-json\/wp\/v2\/users\/4"}],"replies":[{"embeddable":true,"href":"https:\/\/www.mzone.cz\/en\/wp-json\/wp\/v2\/comments?post=47411"}],"version-history":[{"count":7,"href":"https:\/\/www.mzone.cz\/en\/wp-json\/wp\/v2\/posts\/47411\/revisions"}],"predecessor-version":[{"id":47424,"href":"https:\/\/www.mzone.cz\/en\/wp-json\/wp\/v2\/posts\/47411\/revisions\/47424"}],"wp:featuredmedia":[{"embeddable":true,"href":"https:\/\/www.mzone.cz\/en\/wp-json\/wp\/v2\/media\/47414"}],"wp:attachment":[{"href":"https:\/\/www.mzone.cz\/en\/wp-json\/wp\/v2\/media?parent=47411"}],"wp:term":[{"taxonomy":"category","embeddable":true,"href":"https:\/\/www.mzone.cz\/en\/wp-json\/wp\/v2\/categories?post=47411"},{"taxonomy":"post_tag","embeddable":true,"href":"https:\/\/www.mzone.cz\/en\/wp-json\/wp\/v2\/tags?post=47411"}],"curies":[{"name":"wp","href":"https:\/\/api.w.org\/{rel}","templated":true}]}}