{"id":5110,"date":"2024-03-13T10:00:03","date_gmt":"2024-03-13T09:00:03","guid":{"rendered":"http:\/\/www.mzone.cz\/?p=5110"},"modified":"2024-03-13T10:54:39","modified_gmt":"2024-03-13T09:54:39","slug":"fotbalova-valka-aneb-kdyz-se-zapas-zvrhne-ve-stohodinovy-boj-o-zivot","status":"publish","type":"post","link":"https:\/\/www.mzone.cz\/en\/fotbalova-valka-aneb-kdyz-se-zapas-zvrhne-ve-stohodinovy-boj-o-zivot\/","title":{"rendered":"Fotbalov\u00e1 v\u00e1lka aneb kdy\u017e se z\u00e1pas zvrhne ve stohodinov\u00fd boj o \u017eivot"},"content":{"rendered":"<p><strong>\u010clov\u011bk by si \u0159ekl, \u017ee sport m\u00e1 lidi spojovat. To, co se stalo po kvalifika\u010dn\u00edm z\u00e1pase na Mistrovstv\u00ed sv\u011bta v roce 1969, v\u0161ak hovo\u0159\u00ed o opaku.<\/strong><\/p><br>\n\n\n\n<p>Nap\u011bt\u00ed mezi Hondurasem a Salvadorem bujilo ji\u017e n\u011bjakou dobu, p\u0159elidn\u011bn\u00e9mu Salvadoru p\u0159estalo jejich mal\u00e9 \u00fazem\u00ed sta\u010dit, statis\u00edce Salvado\u0159an\u016f za\u010dalo proudit do Hondurasu a zab\u00edrat pohrani\u010dn\u00ed \u00fazem\u00ed. Co\u017e se Hondurasu pochopiteln\u011b nel\u00edbilo, vl\u00e1da tak vyhl\u00e1sila pozemkovou reformu, kdy p\u016fdu okupovanou Salvadorci zest\u00e1tnila a rozdala vlastn\u00edm obyvatel\u016fm. Salvadorci tak museli pozemky opustit, v\u010detn\u011b t\u011bch, kte\u0159\u00ed za prostor zaplatili. Nucen\u00e9 st\u011bhov\u00e1n\u00ed nevra\u017eivost mezi ob\u011bma st\u00e1ty je\u0161t\u011b prohloubilo.<\/p>\n\n\n\n<p><br>Rozbu\u0161kou pro vyvol\u00e1n\u00ed mezin\u00e1rodn\u00edho konfliktu se nakonec stala kvalifikace na Mistrovstv\u00ed sv\u011bta ve fotbale v Mexiku. Oba n\u00e1rodn\u00ed t\u00fdmy proti sob\u011b nastoupily ve vy\u0159azovac\u00edm dvojz\u00e1pase. Prvn\u00ed z\u00e1pas prob\u011bhl 8. \u010dervna 1969 v Hondurasu, ov\u0161em pro hondurask\u00e9 radik\u00e1ly za\u010dal boj u\u017e v p\u0159edve\u010der z\u00e1pasu.<\/p>\n\n\n\n<blockquote class=\"wp-block-quote is-layout-flow wp-block-quote-is-layout-flow\"><p>Rozhodli se, \u017ee salvadorskou reprezentaci zni\u010d\u00ed, obkl\u00ed\u010dili hotel, ve kter\u00e9m byli fotbalist\u00e9 ubytovan\u00ed, troubili auty, k\u0159i\u010deli, odpalovali petardy, h\u00e1zeli kamen\u00ed do oken, bu\u0161ili ty\u010demi do barel\u016f, zkr\u00e1tka d\u011blali v\u0161echno pro to, aby se sportovci nevyspali. A povedlo se, nevyspal\u00fd t\u00fdm Salvadoru prohr\u00e1l 1:0.<\/p><\/blockquote>\n\n\n\n<p>A to nebylo bohu\u017eel v\u0161echno, prohru n\u00e1rodn\u00edho t\u00fdmu neusnesla osmn\u00e1ctilet\u00e1 Amelia Bolanisov\u00e1, kter\u00e1 se p\u0159\u00edmo p\u0159ed televiz\u00ed a zraky sv\u00e9ho otce st\u0159elila rovnou do srdce. Sebevra\u017eedn\u00fd akt mlad\u00e9 d\u00edvky rozpoutal v Salvadoru obrovskou vlnu nacionalismu, Salvado\u0159an\u00e9 se rozhodli nenechat v\u011bc bez odplaty.<\/p><br>\n\n\n\n<figure class=\"wp-block-embed-youtube wp-block-embed is-type-video is-provider-youtube wp-embed-aspect-4-3 wp-has-aspect-ratio\"><div class=\"wp-block-embed__wrapper\">\n<iframe loading=\"lazy\" title=\"El Salvador-Honduras 1969 Football War\" width=\"600\" height=\"450\" src=\"https:\/\/www.youtube.com\/embed\/FVshtHUysBc?feature=oembed\" frameborder=\"0\" allow=\"accelerometer; autoplay; clipboard-write; encrypted-media; gyroscope; picture-in-picture; web-share\" referrerpolicy=\"strict-origin-when-cross-origin\" allowfullscreen><\/iframe>\n<\/div><\/figure>\n\n\n\n<p>V noci ze 14. na 15. \u010dervna obklopili tentokr\u00e1t oni hotel s hondurask\u00fdmi fotbalisty. Veden\u00ed arm\u00e1dn\u00edm gener\u00e1lem Jose Albertem Medranem rozbili okna, do hotelu nah\u00e1zeli mrtv\u00e9 krysy a shnil\u00e1 vejce, petardy putovaly p\u0159\u00edmo do pokoj\u016f hr\u00e1\u010d\u016f, ti nakonec museli v noci ut\u00e9ct na ambas\u00e1du. Z t\u00e9 je pak na stadion v den z\u00e1pasu museli p\u0159ev\u00e9zt panc\u00e9\u0159ov\u00e9 vozy, m\u00edsto Hondurask\u00e9 vlajky vl\u00e1l na sto\u017e\u00e1ru \u0161pinav\u00fd hadr na n\u00e1dob\u00ed.<\/p>\n\n\n\n<blockquote class=\"wp-block-quote is-layout-flow wp-block-quote-is-layout-flow\"><p>\u017divoty fotbalist\u016f chr\u00e1nil kordon policist\u016f se zbran\u011bmi, v t\u011bchto podm\u00ednk\u00e1ch nakonec vy\u010derpan\u00ed fotbalist\u00e9 Hondurasu prohr\u00e1li 3:1, co\u017e tren\u00e9r host\u016f okomentoval slovy: &#8220;M\u011bli jsme zatracen\u00e9 \u0161t\u011bst\u00ed, \u017ee jsme prohr\u00e1li.&#8221; Bylo mu jasn\u00e9, \u017ee v\u00fdhru by nikdo z nich nep\u0159e\u017eil.<\/p><\/blockquote>\n\n\n\n<p>Rozhoduj\u00edc\u00ed z\u00e1pas se z pochopiteln\u00fdch d\u016fvod\u016f musel konat na neutr\u00e1ln\u00ed p\u016fd\u011b, p\u0159\u00edmo v hostitelsk\u00e9m Mexiku. V obou znep\u0159\u00e1telen\u00fdch zem\u00edch vypukly obrovsk\u00e9 nepokoje, zapalovaly se obchody a vedly se nen\u00e1vistn\u00e9 kampan\u011b pln\u00e9 pomluv. Salvador nakonec vyhr\u00e1l 3:2 v prodlou\u017een\u00ed.<\/p>\n\n\n\n<figure class=\"wp-block-image is-resized\"><img loading=\"lazy\" decoding=\"async\" src=\"http:\/\/www.mzone.cz\/wp-content\/uploads\/2019\/02\/pinterest-d28e02d236ba3394944a77d6360af4a8.jpg\" alt=\"\" class=\"wp-image-5125\" width=\"583\" height=\"314\" srcset=\"https:\/\/www.mzone.cz\/wp-content\/uploads\/2019\/02\/pinterest-d28e02d236ba3394944a77d6360af4a8.jpg 512w, https:\/\/www.mzone.cz\/wp-content\/uploads\/2019\/02\/pinterest-d28e02d236ba3394944a77d6360af4a8-300x162.jpg 300w\" sizes=\"auto, (max-width: 583px) 100vw, 583px\" \/><\/figure><br>\n\n\n\n<p>Hned po z\u00e1pase byly ob\u011bma zem\u011bmi vypov\u011bzeny ve\u0161ker\u00e9 diplomatick\u00e9 styky a vypukla &#8220;Fotbalov\u00e1 v\u00e1lka&#8221;, kter\u00e1 za sebou zanechala velk\u00e9 ztr\u00e1ty, a\u010d trvala pouh\u00fdch 100 hodin. 14. \u010dervence se nad Hondurasem objevila prvn\u00ed salvadorsk\u00e1 vojensk\u00e1 letadla. 18. \u010dervence se, i kv\u016fli nedostatku munice, oba st\u00e1ty dohodly na ukon\u010den\u00ed v\u00e1le\u010dn\u00e9ho konfliktu. Na konci stohodinov\u00e9 v\u00e1lky bylo na salvadorsk\u00e9 stran\u011b 900 mrtv\u00fdch, na stran\u011b Hondurasu kolem 2.000, t\u00e9m\u011b\u0159 v\u0161echno byli civilist\u00e9. Nevinn\u00e1 sportovn\u00ed z\u00e1bava se tak zvrhla v brut\u00e1ln\u00ed krveprolit\u00ed.<\/p><br>\n\n\n\n<div class=\"wp-block-image\"><figure class=\"alignleft is-resized\"><img loading=\"lazy\" decoding=\"async\" src=\"http:\/\/www.mzone.cz\/wp-content\/uploads\/2019\/02\/4_web.jpg\" alt=\"\" class=\"wp-image-5133\" width=\"118\" height=\"79\" srcset=\"https:\/\/www.mzone.cz\/wp-content\/uploads\/2019\/02\/4_web.jpg 507w, https:\/\/www.mzone.cz\/wp-content\/uploads\/2019\/02\/4_web-300x200.jpg 300w, https:\/\/www.mzone.cz\/wp-content\/uploads\/2019\/02\/4_web-400x267.jpg 400w, https:\/\/www.mzone.cz\/wp-content\/uploads\/2019\/02\/4_web-500x333.jpg 500w\" sizes=\"auto, (max-width: 118px) 100vw, 118px\" \/><\/figure><\/div>\n\n\n\n<h4><a href=\"http:\/\/www.mzone.cz\/sportovani-v-zemich-ceskych-jaci-byli-cesti-sportsmeni\/\">Sportov\u00e1n\u00ed v zem\u00edch \u010desk\u00fdch: Jac\u00ed byli \u010de\u0161t\u00ed \u201esportsmeni\u201c?<\/a><\/h4><br>","protected":false},"excerpt":{"rendered":"<p>\u010clov\u011bk by si \u0159ekl, \u017ee sport m\u00e1 lidi spojovat. To, co se stalo po kvalifika\u010dn\u00edm z\u00e1pase na Mistrovstv\u00ed sv\u011bta v roce 1969, v\u0161ak hovo\u0159\u00ed o opaku. Nap\u011bt\u00ed mezi Hondurasem a Salvadorem bujilo ji\u017e n\u011bjakou dobu, p\u0159elidn\u011bn\u00e9mu Salvadoru p\u0159estalo jejich mal\u00e9 \u00fazem\u00ed sta\u010dit, statis\u00edce Salvado\u0159an\u016f za\u010dalo proudit do Hondurasu a zab\u00edrat pohrani\u010dn\u00ed \u00fazem\u00ed. Co\u017e se Hondurasu [&hellip;]<\/p>\n","protected":false},"author":4,"featured_media":5111,"comment_status":"open","ping_status":"open","sticky":false,"template":"","format":"standard","meta":{"kk_blocks_editor_width":"","_kiokenblocks_attr":"","_kiokenblocks_dimensions":"","footnotes":""},"categories":[387,80],"tags":[116,498,390,1492,87,1494,1495,1493,42,1491,119,776],"class_list":["post-5110","post","type-post","status-publish","format-standard","has-post-thumbnail","hentry","category-historie","category-sport","tag-boj","tag-boje","tag-fotbal","tag-fotbalova-valka","tag-historie","tag-honduras","tag-krveproliti","tag-salvador","tag-sport","tag-stohodinova-valka","tag-valka","tag-zapas"],"yoast_head":"<!-- This site is optimized with the Yoast SEO plugin v27.5 - https:\/\/yoast.com\/product\/yoast-seo-wordpress\/ -->\n<title>Fotbalov\u00e1 v\u00e1lka aneb kdy\u017e se z\u00e1pas zvrhne ve stohodinov\u00fd boj o \u017eivot - Mzone<\/title>\n<meta name=\"description\" content=\"\u010clov\u011bk by si \u0159ekl, \u017ee sport m\u00e1 lidi spojovat. To, co se stalo po kvalifika\u010dn\u00edm z\u00e1pase na Mistrovstv\u00ed sv\u011bta v roce 1969, v\u0161ak hovo\u0159\u00ed o opaku.\" \/>\n<meta name=\"robots\" content=\"index, follow, max-snippet:-1, max-image-preview:large, max-video-preview:-1\" \/>\n<link rel=\"canonical\" href=\"https:\/\/www.mzone.cz\/en\/fotbalova-valka-aneb-kdyz-se-zapas-zvrhne-ve-stohodinovy-boj-o-zivot\/\" \/>\n<meta property=\"og:locale\" content=\"en_US\" \/>\n<meta property=\"og:type\" content=\"article\" \/>\n<meta property=\"og:title\" content=\"Fotbalov\u00e1 v\u00e1lka aneb kdy\u017e se z\u00e1pas zvrhne ve stohodinov\u00fd boj o \u017eivot - Mzone\" \/>\n<meta property=\"og:description\" content=\"\u010clov\u011bk by si \u0159ekl, \u017ee sport m\u00e1 lidi spojovat. To, co se stalo po kvalifika\u010dn\u00edm z\u00e1pase na Mistrovstv\u00ed sv\u011bta v roce 1969, v\u0161ak hovo\u0159\u00ed o opaku.\" \/>\n<meta property=\"og:url\" content=\"https:\/\/www.mzone.cz\/en\/fotbalova-valka-aneb-kdyz-se-zapas-zvrhne-ve-stohodinovy-boj-o-zivot\/\" \/>\n<meta property=\"og:site_name\" content=\"Mzone\" \/>\n<meta property=\"article:publisher\" content=\"https:\/\/www.facebook.com\/MzoneCZ\/\" \/>\n<meta property=\"article:published_time\" content=\"2024-03-13T09:00:03+00:00\" \/>\n<meta property=\"article:modified_time\" content=\"2024-03-13T09:54:39+00:00\" \/>\n<meta property=\"og:image\" content=\"https:\/\/www.mzone.cz\/wp-content\/uploads\/2019\/02\/fotbalova-valka.jpg\" \/>\n\t<meta property=\"og:image:width\" content=\"1500\" \/>\n\t<meta property=\"og:image:height\" content=\"1000\" \/>\n\t<meta property=\"og:image:type\" content=\"image\/jpeg\" \/>\n<meta name=\"author\" content=\"Mzone\" \/>\n<meta name=\"twitter:card\" content=\"summary_large_image\" \/>\n<meta name=\"twitter:label1\" content=\"Written by\" \/>\n\t<meta name=\"twitter:data1\" content=\"Mzone\" \/>\n\t<meta name=\"twitter:label2\" content=\"Est. reading time\" \/>\n\t<meta name=\"twitter:data2\" content=\"3 minutes\" \/>\n<script type=\"application\/ld+json\" class=\"yoast-schema-graph\">{\"@context\":\"https:\\\/\\\/schema.org\",\"@graph\":[{\"@type\":\"Article\",\"@id\":\"https:\\\/\\\/www.mzone.cz\\\/fotbalova-valka-aneb-kdyz-se-zapas-zvrhne-ve-stohodinovy-boj-o-zivot\\\/#article\",\"isPartOf\":{\"@id\":\"https:\\\/\\\/www.mzone.cz\\\/fotbalova-valka-aneb-kdyz-se-zapas-zvrhne-ve-stohodinovy-boj-o-zivot\\\/\"},\"author\":{\"name\":\"Mzone\",\"@id\":\"https:\\\/\\\/www.mzone.cz\\\/#\\\/schema\\\/person\\\/9bc20cc422a99cac4af6ff9297da32d4\"},\"headline\":\"Fotbalov\u00e1 v\u00e1lka aneb kdy\u017e se z\u00e1pas zvrhne ve stohodinov\u00fd boj o \u017eivot\",\"datePublished\":\"2024-03-13T09:00:03+00:00\",\"dateModified\":\"2024-03-13T09:54:39+00:00\",\"mainEntityOfPage\":{\"@id\":\"https:\\\/\\\/www.mzone.cz\\\/fotbalova-valka-aneb-kdyz-se-zapas-zvrhne-ve-stohodinovy-boj-o-zivot\\\/\"},\"wordCount\":597,\"commentCount\":0,\"image\":{\"@id\":\"https:\\\/\\\/www.mzone.cz\\\/fotbalova-valka-aneb-kdyz-se-zapas-zvrhne-ve-stohodinovy-boj-o-zivot\\\/#primaryimage\"},\"thumbnailUrl\":\"https:\\\/\\\/www.mzone.cz\\\/wp-content\\\/uploads\\\/2019\\\/02\\\/fotbalova-valka.jpg\",\"keywords\":[\"boj\",\"boje\",\"fotbal\",\"Fotbalov\u00e1 v\u00e1lka\",\"Historie\",\"Honduras\",\"krveprolit\u00ed\",\"Salvador\",\"Sport\",\"Stohodinov\u00e1 v\u00e1lka\",\"v\u00e1lka\",\"z\u00e1pas\"],\"articleSection\":[\"Historie\",\"Sport\"],\"inLanguage\":\"en-US\",\"potentialAction\":[{\"@type\":\"CommentAction\",\"name\":\"Comment\",\"target\":[\"https:\\\/\\\/www.mzone.cz\\\/fotbalova-valka-aneb-kdyz-se-zapas-zvrhne-ve-stohodinovy-boj-o-zivot\\\/#respond\"]}]},{\"@type\":\"WebPage\",\"@id\":\"https:\\\/\\\/www.mzone.cz\\\/fotbalova-valka-aneb-kdyz-se-zapas-zvrhne-ve-stohodinovy-boj-o-zivot\\\/\",\"url\":\"https:\\\/\\\/www.mzone.cz\\\/fotbalova-valka-aneb-kdyz-se-zapas-zvrhne-ve-stohodinovy-boj-o-zivot\\\/\",\"name\":\"Fotbalov\u00e1 v\u00e1lka aneb kdy\u017e se z\u00e1pas zvrhne ve stohodinov\u00fd boj o \u017eivot - Mzone\",\"isPartOf\":{\"@id\":\"https:\\\/\\\/www.mzone.cz\\\/#website\"},\"primaryImageOfPage\":{\"@id\":\"https:\\\/\\\/www.mzone.cz\\\/fotbalova-valka-aneb-kdyz-se-zapas-zvrhne-ve-stohodinovy-boj-o-zivot\\\/#primaryimage\"},\"image\":{\"@id\":\"https:\\\/\\\/www.mzone.cz\\\/fotbalova-valka-aneb-kdyz-se-zapas-zvrhne-ve-stohodinovy-boj-o-zivot\\\/#primaryimage\"},\"thumbnailUrl\":\"https:\\\/\\\/www.mzone.cz\\\/wp-content\\\/uploads\\\/2019\\\/02\\\/fotbalova-valka.jpg\",\"datePublished\":\"2024-03-13T09:00:03+00:00\",\"dateModified\":\"2024-03-13T09:54:39+00:00\",\"author\":{\"@id\":\"https:\\\/\\\/www.mzone.cz\\\/#\\\/schema\\\/person\\\/9bc20cc422a99cac4af6ff9297da32d4\"},\"description\":\"\u010clov\u011bk by si \u0159ekl, \u017ee sport m\u00e1 lidi spojovat. To, co se stalo po kvalifika\u010dn\u00edm z\u00e1pase na Mistrovstv\u00ed sv\u011bta v roce 1969, v\u0161ak hovo\u0159\u00ed o opaku.\",\"breadcrumb\":{\"@id\":\"https:\\\/\\\/www.mzone.cz\\\/fotbalova-valka-aneb-kdyz-se-zapas-zvrhne-ve-stohodinovy-boj-o-zivot\\\/#breadcrumb\"},\"inLanguage\":\"en-US\",\"potentialAction\":[{\"@type\":\"ReadAction\",\"target\":[\"https:\\\/\\\/www.mzone.cz\\\/fotbalova-valka-aneb-kdyz-se-zapas-zvrhne-ve-stohodinovy-boj-o-zivot\\\/\"]}]},{\"@type\":\"ImageObject\",\"inLanguage\":\"en-US\",\"@id\":\"https:\\\/\\\/www.mzone.cz\\\/fotbalova-valka-aneb-kdyz-se-zapas-zvrhne-ve-stohodinovy-boj-o-zivot\\\/#primaryimage\",\"url\":\"https:\\\/\\\/www.mzone.cz\\\/wp-content\\\/uploads\\\/2019\\\/02\\\/fotbalova-valka.jpg\",\"contentUrl\":\"https:\\\/\\\/www.mzone.cz\\\/wp-content\\\/uploads\\\/2019\\\/02\\\/fotbalova-valka.jpg\",\"width\":1500,\"height\":1000},{\"@type\":\"BreadcrumbList\",\"@id\":\"https:\\\/\\\/www.mzone.cz\\\/fotbalova-valka-aneb-kdyz-se-zapas-zvrhne-ve-stohodinovy-boj-o-zivot\\\/#breadcrumb\",\"itemListElement\":[{\"@type\":\"ListItem\",\"position\":1,\"name\":\"Dom\u016f\",\"item\":\"https:\\\/\\\/www.mzone.cz\\\/\"},{\"@type\":\"ListItem\",\"position\":2,\"name\":\"Fotbalov\u00e1 v\u00e1lka aneb kdy\u017e se z\u00e1pas zvrhne ve stohodinov\u00fd boj o \u017eivot\"}]},{\"@type\":\"WebSite\",\"@id\":\"https:\\\/\\\/www.mzone.cz\\\/#website\",\"url\":\"https:\\\/\\\/www.mzone.cz\\\/\",\"name\":\"Mzone\",\"description\":\"Magaz\u00edn nejen pro mu\u017ee\",\"potentialAction\":[{\"@type\":\"SearchAction\",\"target\":{\"@type\":\"EntryPoint\",\"urlTemplate\":\"https:\\\/\\\/www.mzone.cz\\\/?s={search_term_string}\"},\"query-input\":{\"@type\":\"PropertyValueSpecification\",\"valueRequired\":true,\"valueName\":\"search_term_string\"}}],\"inLanguage\":\"en-US\"},{\"@type\":\"Person\",\"@id\":\"https:\\\/\\\/www.mzone.cz\\\/#\\\/schema\\\/person\\\/9bc20cc422a99cac4af6ff9297da32d4\",\"name\":\"Mzone\",\"image\":{\"@type\":\"ImageObject\",\"inLanguage\":\"en-US\",\"@id\":\"https:\\\/\\\/secure.gravatar.com\\\/avatar\\\/e780a8630f3182a3d06dd667ab6bea151a0d155b0951bc15fe22633acdac0676?s=96&d=mm&r=g\",\"url\":\"https:\\\/\\\/secure.gravatar.com\\\/avatar\\\/e780a8630f3182a3d06dd667ab6bea151a0d155b0951bc15fe22633acdac0676?s=96&d=mm&r=g\",\"contentUrl\":\"https:\\\/\\\/secure.gravatar.com\\\/avatar\\\/e780a8630f3182a3d06dd667ab6bea151a0d155b0951bc15fe22633acdac0676?s=96&d=mm&r=g\",\"caption\":\"Mzone\"},\"url\":\"https:\\\/\\\/www.mzone.cz\\\/en\\\/author\\\/jakub\\\/\"}]}<\/script>\n<!-- \/ Yoast SEO plugin. -->","yoast_head_json":{"title":"Fotbalov\u00e1 v\u00e1lka aneb kdy\u017e se z\u00e1pas zvrhne ve stohodinov\u00fd boj o \u017eivot - Mzone","description":"\u010clov\u011bk by si \u0159ekl, \u017ee sport m\u00e1 lidi spojovat. To, co se stalo po kvalifika\u010dn\u00edm z\u00e1pase na Mistrovstv\u00ed sv\u011bta v roce 1969, v\u0161ak hovo\u0159\u00ed o opaku.","robots":{"index":"index","follow":"follow","max-snippet":"max-snippet:-1","max-image-preview":"max-image-preview:large","max-video-preview":"max-video-preview:-1"},"canonical":"https:\/\/www.mzone.cz\/en\/fotbalova-valka-aneb-kdyz-se-zapas-zvrhne-ve-stohodinovy-boj-o-zivot\/","og_locale":"en_US","og_type":"article","og_title":"Fotbalov\u00e1 v\u00e1lka aneb kdy\u017e se z\u00e1pas zvrhne ve stohodinov\u00fd boj o \u017eivot - Mzone","og_description":"\u010clov\u011bk by si \u0159ekl, \u017ee sport m\u00e1 lidi spojovat. To, co se stalo po kvalifika\u010dn\u00edm z\u00e1pase na Mistrovstv\u00ed sv\u011bta v roce 1969, v\u0161ak hovo\u0159\u00ed o opaku.","og_url":"https:\/\/www.mzone.cz\/en\/fotbalova-valka-aneb-kdyz-se-zapas-zvrhne-ve-stohodinovy-boj-o-zivot\/","og_site_name":"Mzone","article_publisher":"https:\/\/www.facebook.com\/MzoneCZ\/","article_published_time":"2024-03-13T09:00:03+00:00","article_modified_time":"2024-03-13T09:54:39+00:00","og_image":[{"width":1500,"height":1000,"url":"https:\/\/www.mzone.cz\/wp-content\/uploads\/2019\/02\/fotbalova-valka.jpg","type":"image\/jpeg"}],"author":"Mzone","twitter_card":"summary_large_image","twitter_misc":{"Written by":"Mzone","Est. reading time":"3 minutes"},"schema":{"@context":"https:\/\/schema.org","@graph":[{"@type":"Article","@id":"https:\/\/www.mzone.cz\/fotbalova-valka-aneb-kdyz-se-zapas-zvrhne-ve-stohodinovy-boj-o-zivot\/#article","isPartOf":{"@id":"https:\/\/www.mzone.cz\/fotbalova-valka-aneb-kdyz-se-zapas-zvrhne-ve-stohodinovy-boj-o-zivot\/"},"author":{"name":"Mzone","@id":"https:\/\/www.mzone.cz\/#\/schema\/person\/9bc20cc422a99cac4af6ff9297da32d4"},"headline":"Fotbalov\u00e1 v\u00e1lka aneb kdy\u017e se z\u00e1pas zvrhne ve stohodinov\u00fd boj o \u017eivot","datePublished":"2024-03-13T09:00:03+00:00","dateModified":"2024-03-13T09:54:39+00:00","mainEntityOfPage":{"@id":"https:\/\/www.mzone.cz\/fotbalova-valka-aneb-kdyz-se-zapas-zvrhne-ve-stohodinovy-boj-o-zivot\/"},"wordCount":597,"commentCount":0,"image":{"@id":"https:\/\/www.mzone.cz\/fotbalova-valka-aneb-kdyz-se-zapas-zvrhne-ve-stohodinovy-boj-o-zivot\/#primaryimage"},"thumbnailUrl":"https:\/\/www.mzone.cz\/wp-content\/uploads\/2019\/02\/fotbalova-valka.jpg","keywords":["boj","boje","fotbal","Fotbalov\u00e1 v\u00e1lka","Historie","Honduras","krveprolit\u00ed","Salvador","Sport","Stohodinov\u00e1 v\u00e1lka","v\u00e1lka","z\u00e1pas"],"articleSection":["Historie","Sport"],"inLanguage":"en-US","potentialAction":[{"@type":"CommentAction","name":"Comment","target":["https:\/\/www.mzone.cz\/fotbalova-valka-aneb-kdyz-se-zapas-zvrhne-ve-stohodinovy-boj-o-zivot\/#respond"]}]},{"@type":"WebPage","@id":"https:\/\/www.mzone.cz\/fotbalova-valka-aneb-kdyz-se-zapas-zvrhne-ve-stohodinovy-boj-o-zivot\/","url":"https:\/\/www.mzone.cz\/fotbalova-valka-aneb-kdyz-se-zapas-zvrhne-ve-stohodinovy-boj-o-zivot\/","name":"Fotbalov\u00e1 v\u00e1lka aneb kdy\u017e se z\u00e1pas zvrhne ve stohodinov\u00fd boj o \u017eivot - Mzone","isPartOf":{"@id":"https:\/\/www.mzone.cz\/#website"},"primaryImageOfPage":{"@id":"https:\/\/www.mzone.cz\/fotbalova-valka-aneb-kdyz-se-zapas-zvrhne-ve-stohodinovy-boj-o-zivot\/#primaryimage"},"image":{"@id":"https:\/\/www.mzone.cz\/fotbalova-valka-aneb-kdyz-se-zapas-zvrhne-ve-stohodinovy-boj-o-zivot\/#primaryimage"},"thumbnailUrl":"https:\/\/www.mzone.cz\/wp-content\/uploads\/2019\/02\/fotbalova-valka.jpg","datePublished":"2024-03-13T09:00:03+00:00","dateModified":"2024-03-13T09:54:39+00:00","author":{"@id":"https:\/\/www.mzone.cz\/#\/schema\/person\/9bc20cc422a99cac4af6ff9297da32d4"},"description":"\u010clov\u011bk by si \u0159ekl, \u017ee sport m\u00e1 lidi spojovat. To, co se stalo po kvalifika\u010dn\u00edm z\u00e1pase na Mistrovstv\u00ed sv\u011bta v roce 1969, v\u0161ak hovo\u0159\u00ed o opaku.","breadcrumb":{"@id":"https:\/\/www.mzone.cz\/fotbalova-valka-aneb-kdyz-se-zapas-zvrhne-ve-stohodinovy-boj-o-zivot\/#breadcrumb"},"inLanguage":"en-US","potentialAction":[{"@type":"ReadAction","target":["https:\/\/www.mzone.cz\/fotbalova-valka-aneb-kdyz-se-zapas-zvrhne-ve-stohodinovy-boj-o-zivot\/"]}]},{"@type":"ImageObject","inLanguage":"en-US","@id":"https:\/\/www.mzone.cz\/fotbalova-valka-aneb-kdyz-se-zapas-zvrhne-ve-stohodinovy-boj-o-zivot\/#primaryimage","url":"https:\/\/www.mzone.cz\/wp-content\/uploads\/2019\/02\/fotbalova-valka.jpg","contentUrl":"https:\/\/www.mzone.cz\/wp-content\/uploads\/2019\/02\/fotbalova-valka.jpg","width":1500,"height":1000},{"@type":"BreadcrumbList","@id":"https:\/\/www.mzone.cz\/fotbalova-valka-aneb-kdyz-se-zapas-zvrhne-ve-stohodinovy-boj-o-zivot\/#breadcrumb","itemListElement":[{"@type":"ListItem","position":1,"name":"Dom\u016f","item":"https:\/\/www.mzone.cz\/"},{"@type":"ListItem","position":2,"name":"Fotbalov\u00e1 v\u00e1lka aneb kdy\u017e se z\u00e1pas zvrhne ve stohodinov\u00fd boj o \u017eivot"}]},{"@type":"WebSite","@id":"https:\/\/www.mzone.cz\/#website","url":"https:\/\/www.mzone.cz\/","name":"Mzone","description":"Magaz\u00edn nejen pro mu\u017ee","potentialAction":[{"@type":"SearchAction","target":{"@type":"EntryPoint","urlTemplate":"https:\/\/www.mzone.cz\/?s={search_term_string}"},"query-input":{"@type":"PropertyValueSpecification","valueRequired":true,"valueName":"search_term_string"}}],"inLanguage":"en-US"},{"@type":"Person","@id":"https:\/\/www.mzone.cz\/#\/schema\/person\/9bc20cc422a99cac4af6ff9297da32d4","name":"Mzone","image":{"@type":"ImageObject","inLanguage":"en-US","@id":"https:\/\/secure.gravatar.com\/avatar\/e780a8630f3182a3d06dd667ab6bea151a0d155b0951bc15fe22633acdac0676?s=96&d=mm&r=g","url":"https:\/\/secure.gravatar.com\/avatar\/e780a8630f3182a3d06dd667ab6bea151a0d155b0951bc15fe22633acdac0676?s=96&d=mm&r=g","contentUrl":"https:\/\/secure.gravatar.com\/avatar\/e780a8630f3182a3d06dd667ab6bea151a0d155b0951bc15fe22633acdac0676?s=96&d=mm&r=g","caption":"Mzone"},"url":"https:\/\/www.mzone.cz\/en\/author\/jakub\/"}]}},"_links":{"self":[{"href":"https:\/\/www.mzone.cz\/en\/wp-json\/wp\/v2\/posts\/5110","targetHints":{"allow":["GET"]}}],"collection":[{"href":"https:\/\/www.mzone.cz\/en\/wp-json\/wp\/v2\/posts"}],"about":[{"href":"https:\/\/www.mzone.cz\/en\/wp-json\/wp\/v2\/types\/post"}],"author":[{"embeddable":true,"href":"https:\/\/www.mzone.cz\/en\/wp-json\/wp\/v2\/users\/4"}],"replies":[{"embeddable":true,"href":"https:\/\/www.mzone.cz\/en\/wp-json\/wp\/v2\/comments?post=5110"}],"version-history":[{"count":1,"href":"https:\/\/www.mzone.cz\/en\/wp-json\/wp\/v2\/posts\/5110\/revisions"}],"predecessor-version":[{"id":9663,"href":"https:\/\/www.mzone.cz\/en\/wp-json\/wp\/v2\/posts\/5110\/revisions\/9663"}],"wp:featuredmedia":[{"embeddable":true,"href":"https:\/\/www.mzone.cz\/en\/wp-json\/wp\/v2\/media\/5111"}],"wp:attachment":[{"href":"https:\/\/www.mzone.cz\/en\/wp-json\/wp\/v2\/media?parent=5110"}],"wp:term":[{"taxonomy":"category","embeddable":true,"href":"https:\/\/www.mzone.cz\/en\/wp-json\/wp\/v2\/categories?post=5110"},{"taxonomy":"post_tag","embeddable":true,"href":"https:\/\/www.mzone.cz\/en\/wp-json\/wp\/v2\/tags?post=5110"}],"curies":[{"name":"wp","href":"https:\/\/api.w.org\/{rel}","templated":true}]}}