{"id":5469,"date":"2025-03-09T17:00:00","date_gmt":"2025-03-09T16:00:00","guid":{"rendered":"http:\/\/www.mzone.cz\/?p=5469"},"modified":"2025-03-09T17:20:18","modified_gmt":"2025-03-09T16:20:18","slug":"kdo-byl-doktor-josef-mengele-nemilosrdna-lidska-bestie","status":"publish","type":"post","link":"https:\/\/www.mzone.cz\/en\/kdo-byl-doktor-josef-mengele-nemilosrdna-lidska-bestie\/","title":{"rendered":"Kdo byl doktor Josef Mengele? Nemilosrdn\u00e1 lidsk\u00e1 bestie"},"content":{"rendered":"<p><strong>Sv\u011bdkov\u00e9, kte\u0159\u00ed p\u0159e\u017eili Osv\u011btim, uv\u00e1d\u011bli stovky p\u0159\u00edpad\u016f besti\u00e1ln\u00edch a krut\u00fdch experiment\u016f na v\u011bzn\u00edch, jejich\u017e vykonavatelem byl l\u00e9ka\u0159 SS Josef Mengele. N\u011bkdy pr\u00fd projevoval zn\u00e1mku laskavosti, aby vz\u00e1p\u011bt\u00ed ve jm\u00e9nu v\u011bdy d\u00edt\u011b podrobil krut\u00fdm pokus\u016fm.<\/strong><\/p><br>\n\n\n\n<p>Pro sv\u00e9 kolegy byl zt\u011blesn\u011bn\u00edm ide\u00e1ln\u00edho oddan\u00e9ho d\u016fstojn\u00edka, kter\u00fd se nikdy nezmi\u0148oval o sv\u00e9m osobn\u00edm \u017eivot\u011b. Jeho man\u017eelka Irene tvrdila, \u017ee Osv\u011btim jej\u00edho mu\u017ee zm\u011bnila. Trp\u011bl pr\u00fd depresemi a c\u00edtil se zajatcem rozkaz\u016f, kter\u00e9 musel plnit.<\/p><br>\n\n\n\n<p>Narodil se do spo\u0159\u00e1dan\u00e9 n\u011bmeck\u00e9 rodiny jako nejstar\u0161\u00ed ze t\u0159\u00ed syn\u016f \u00fasp\u011b\u0161n\u00e9ho tov\u00e1rn\u00edka. Studoval medic\u00ednu a antropologii na univerzit\u011b v Mnichov\u011b, v\u00edde\u0148sk\u00e9 univerzit\u011b a univerzit\u011b v Bonnu. V Mnichov\u011b z\u00edskal doktor\u00e1t za pr\u00e1ci o rasov\u00fdch rozd\u00edlech ve struktu\u0159e spodn\u00ed d\u00e1sn\u011b. Po zkou\u0161k\u00e1ch ode\u0161el do Frankfurtu, kde pracoval jako asistent Otmara von Verschuera na&nbsp;frankfurtstk\u00e9m univerzitn\u00edm institutu d\u011bdi\u010dn\u00e9 biologie a rasov\u00e9 hygieny.<\/p>\n\n\n\n<blockquote class=\"wp-block-quote is-layout-flow wp-block-quote-is-layout-flow\"><p>V 21 letech, vstoupil do Svazu frontov\u00fdch voj\u00e1k\u016f. Tato organizace byla v\u010dlen\u011bna do SA roku 1939, ale vystoupil z n\u00ed, aby se p\u0159idal k jednotk\u00e1m SS.<\/p><\/blockquote>\n\n\n\n<p>Jeho nejzn\u00e1m\u011bj\u0161\u00edm p\u016fsobi\u0161t\u011bm byla Osv\u011btim, kde vyst\u0159\u00eddal jin\u00e9ho doktora, kter\u00fd onemocn\u011bl. V kv\u011btnu 1943 se stal vedouc\u00edm doktorem v romsk\u00e9m \u00faseku koncentra\u010dn\u00edho t\u00e1bora Auschwitz-Birkenau. Dostal p\u0159\u00edkaz, aby se zab\u00fdval mo\u017enost\u00ed, jak um\u011ble zv\u00fd\u0161it pravd\u011bpodobnost, \u017ee \u017eena porod\u00ed dvoj\u010data, p\u0159\u00edpadn\u011b v\u00edcer\u010data. U\u017e na za\u010d\u00e1tku druh\u00e9 sv\u011btov\u00e9 v\u00e1lky bylo toti\u017e Hitlerovi a jeho poradc\u016fm jasn\u00e9, \u017ee&nbsp;i n\u011bmeck\u00e1 \u017eena je t\u011bhotn\u00e1 dev\u011bt m\u011bs\u00edc\u016f a tak brzy nebude dostatek N\u011bmc\u016f pro ovl\u00e1dnut\u00ed cel\u00e9ho sv\u011bta. Ve\u0161ker\u00fd jeho v\u00fdzkum se skl\u00e1dal z hrub\u00fdch operac\u00ed a zna\u010dn\u011b bolestiv\u00fdch test\u016f prov\u00e1d\u011bn\u00fdch t\u00e9m\u011b\u0159 v\u017edy bez nark\u00f3zy.<\/p><br>\n\n\n\n<p>V\u011bt\u0161ina d\u011bt\u00ed, vybran\u00fdch na jeho experimenty byla z Rom\u016f dr\u017een\u00fdch v Auschwitzu.<\/p>\n\n\n\n<blockquote class=\"wp-block-quote is-layout-flow wp-block-quote-is-layout-flow\"><p>Nejm\u00e9n\u011b jednou se pokusil um\u011ble spojit dvoj\u010data se\u0161it\u00edm jejich tepen dohromady. Tento pokus se nezda\u0159il a zp\u016fsobil v\u00e1\u017en\u00e9 zan\u00edcen\u00ed rukou obou d\u011bt\u00ed.<\/p><\/blockquote>\n\n\n\n<p>Mezi jeho dal\u0161\u00ed \u00fadajn\u00e9 experimenty pat\u0159\u00ed&nbsp;pono\u0159ov\u00e1n\u00ed lid\u00ed do kotl\u016f s va\u0159\u00edc\u00ed vodou, aby vid\u011bl, jak velkou teplotu m\u016f\u017ee lidsk\u00e9 t\u011blo vydr\u017eet p\u0159ed smrt\u00ed. V\u011bzni, kte\u0159\u00ed experimenty p\u0159e\u017eili, byli kr\u00e1tce potom zavra\u017ed\u011bni kv\u016fli pitv\u011b.&nbsp;N\u011bkte\u0159\u00ed byli pitv\u00e1ni za\u017eiva.<\/p><br>\n\n\n\n<figure class=\"wp-block-image\"><img loading=\"lazy\" decoding=\"async\" width=\"897\" height=\"639\" src=\"http:\/\/www.mzone.cz\/wp-content\/uploads\/2019\/02\/Selection_Birkenau_ramp.jpg\" alt=\"\" class=\"wp-image-5483\" srcset=\"https:\/\/www.mzone.cz\/wp-content\/uploads\/2019\/02\/Selection_Birkenau_ramp.jpg 897w, https:\/\/www.mzone.cz\/wp-content\/uploads\/2019\/02\/Selection_Birkenau_ramp-300x214.jpg 300w, https:\/\/www.mzone.cz\/wp-content\/uploads\/2019\/02\/Selection_Birkenau_ramp-768x547.jpg 768w, https:\/\/www.mzone.cz\/wp-content\/uploads\/2019\/02\/Selection_Birkenau_ramp-590x420.jpg 590w\" sizes=\"auto, (max-width: 897px) 100vw, 897px\" \/><\/figure><br>\n\n\n\n<p>Zaj\u00edmal se tak\u00e9 o trpasl\u00edky. Nalezl liliput\u00e1nskou hereckou spole\u010dnost, ve kter\u00e9 7 z 10 \u010dlen\u016f byli trpasl\u00edci. \u010casto je naz\u00fdval&nbsp;\u201eSvoj\u00ed trpasli\u010d\u00ed rodinou\u201c a \u010dasto na nich tak\u00e9 prov\u00e1d\u011bl sv\u00e9 experimenty. Byl fascinov\u00e1n jejich strukturou, men\u0161\u00edmi kon\u010detinami a norm\u00e1ln\u00edm trupem. Mengeleho z\u00e1jem o znetvo\u0159en\u00e9 lidi byl v\u0161eobecn\u011b zn\u00e1m\u00fd. Fascinovaly ho zejm\u00e9na anom\u00e1lie lidsk\u00e9 kostry.<\/p>\n\n\n\n<blockquote class=\"wp-block-quote is-layout-flow wp-block-quote-is-layout-flow\"><p>Ty chud\u00e1ky, kte\u0159\u00ed pro n\u011bj byli z anatomick\u00e9ho hlediska zaj\u00edmav\u00ed, nechal&nbsp;vyva\u0159it v louhu, aby se zbavil masa a dokonale vypreparoval kostru.<\/p><\/blockquote>\n\n\n\n<p>Sv\u00e9 ob\u011bti si vyhl\u00e9dl u\u017e na osv\u011btimsk\u00e9 p\u0159\u00edjezdov\u00e9 ramp\u011b b\u011bhem selekce. Jednou ho&nbsp;zaujal \u017eidovsk\u00fd l\u00e9ka\u0159, kter\u00fd m\u011bl n\u00e1padn\u011b velkou hlavu. Nechal si ho zavolat a zjistil, \u017ee se jedn\u00e1 o velmi v\u00e1\u017een\u00e9ho v\u00edde\u0148sk\u00e9ho profesora medic\u00edny. Velmi vl\u00eddn\u011b spolu rozmlouvali o odborn\u00fdch z\u00e1le\u017eitostech a&nbsp;Mengele se k n\u011bmu choval s respektem a \u00factou. Na druh\u00fd den se na jeho stole objevila lidsk\u00e1 lebka, kter\u00e1 vynikala svou velikost\u00ed.<\/p><br>\n\n\n\n<p>Ot\u0159esn\u00fd je tak\u00e9 p\u0159\u00edpad t\u011bhotn\u00e9 Ruth Eliasov\u00e9, kterou nechal porodit d\u00edt\u011b, ale m\u011bl s n\u00ed vlastn\u00ed pl\u00e1ny. Choval se k n\u00ed vl\u00eddn\u011b,&nbsp;ona sama jej popsala jako atraktivn\u00edho a zdvo\u0159il\u00e9ho mu\u017ee. A tento atraktivn\u00ed a zdvo\u0159il\u00fd mu\u017e j\u00ed po porodu nechal obv\u00e1zat prsa, aby nesm\u011bla d\u00edt\u011b kojit. Prohl\u00e1sil, \u017ee je to pokus, jak dlouho vydr\u017e\u00ed novorozenec bez j\u00eddla.<\/p><br>\n\n\n\n<div class=\"wp-block-image\"><figure class=\"alignleft is-resized\"><img loading=\"lazy\" decoding=\"async\" src=\"http:\/\/www.mzone.cz\/wp-content\/uploads\/2018\/01\/Sturmabteilung-SA.png\" alt=\"Adolf Hitler\" class=\"wp-image-470\" width=\"120\" height=\"75\" srcset=\"https:\/\/www.mzone.cz\/wp-content\/uploads\/2018\/01\/Sturmabteilung-SA.png 1006w, https:\/\/www.mzone.cz\/wp-content\/uploads\/2018\/01\/Sturmabteilung-SA-300x190.png 300w, https:\/\/www.mzone.cz\/wp-content\/uploads\/2018\/01\/Sturmabteilung-SA-768x487.png 768w, https:\/\/www.mzone.cz\/wp-content\/uploads\/2018\/01\/Sturmabteilung-SA-590x374.png 590w\" sizes=\"auto, (max-width: 120px) 100vw, 120px\" \/><\/figure><\/div>\n\n\n\n<h4><a href=\"http:\/\/www.mzone.cz\/jednotky-sa-teror-musi-byt-zlomen-zase-jen-terorem\/\">Jednotky SA \u2013 \u201eTeror mus\u00ed b\u00fdt zlomen zase jen terorem\u201c<\/a><\/h4><br>\n\n\n\n<p>Ruth dostala ml\u00e9\u010dnou hore\u010dku, to\u010dila se j\u00ed hlava a ot\u00e9kala.&nbsp;D\u00edt\u011b plakalo a k\u0159i\u010delo, a\u017e modralo. Marn\u011b. Nakonec u\u017e jen chropt\u011blo. Mengeleho asistentka Maca Steinbergov\u00e1 se na hr\u016fzn\u00fd experiment nemohla u\u017e d\u00edvat. P\u0159inesla Ruth injek\u010dn\u00ed st\u0159\u00edka\u010dku s morfiem s t\u00edm, \u017ee je mlad\u00e1 a mus\u00ed \u017e\u00edt, ale d\u00edt\u011b u\u017e nen\u00ed \u017eivotaschopn\u00e9 a za n\u011bkolik hodin zem\u0159e. Maca argumentovala t\u00edm, \u017ee slo\u017eila Hippokratovu p\u0159\u00edsahu a mus\u00ed chr\u00e1nit lidsk\u00fd \u017eivot, tud\u00ed\u017e nesm\u00ed zab\u00edjet.&nbsp;Zoufal\u00e1 Ruth tedy zabila sv\u00e9 d\u00edt\u011b sama.<\/p><br>\n\n\n\n<p>I v\u011bt\u0161\u00ed operace byly prov\u00e1d\u011bny bez umrtven\u00ed.&nbsp;Nap\u0159\u00edklad odstra\u0148oval kusy z \u017ealudku, jindy to bylo srdce, kter\u00e9 bylo odstran\u011bno, op\u011bt bez anestezie.<\/p>\n\n\n\n<blockquote class=\"wp-block-quote is-layout-flow wp-block-quote-is-layout-flow\"><p>Mengele byl doktor, kter\u00fd se zbl\u00e1znil kv\u016fli moci, kterou dostal. Nikdo se ho nikdy nezeptal. Pro\u010d tenhle zem\u0159el? Pro\u010d tenhle zahynul? Nemocn\u00e9 nepo\u010d\u00edtal.<\/p><\/blockquote>\n\n\n\n<div class=\"wp-block-image\"><figure class=\"alignleft is-resized\"><img loading=\"lazy\" decoding=\"async\" src=\"http:\/\/www.mzone.cz\/wp-content\/uploads\/2019\/02\/Josef_Mengele_Auschwitz._Album_H\u00f6cker_cropped.jpg\" alt=\"\" class=\"wp-image-5492\" width=\"222\" height=\"307\" srcset=\"https:\/\/www.mzone.cz\/wp-content\/uploads\/2019\/02\/Josef_Mengele_Auschwitz._Album_H\u00f6cker_cropped.jpg 605w, https:\/\/www.mzone.cz\/wp-content\/uploads\/2019\/02\/Josef_Mengele_Auschwitz._Album_H\u00f6cker_cropped-217x300.jpg 217w, https:\/\/www.mzone.cz\/wp-content\/uploads\/2019\/02\/Josef_Mengele_Auschwitz._Album_H\u00f6cker_cropped-590x817.jpg 590w\" sizes=\"auto, (max-width: 222px) 100vw, 222px\" \/><\/figure><\/div>\n\n\n\n<p>V dubnu 1945 uprchl na z\u00e1pad jako \u0159adov\u00fd n\u011bmeck\u00fd voj\u00e1k. Byl zadr\u017een jako v\u00e1le\u010dn\u00fd zajatec a dr\u017een nedaleko Norimberku.&nbsp;A\u010dkoliv byl v zajateck\u00e9m t\u00e1bo\u0159e zaps\u00e1n pod sv\u00fdm jm\u00e9nem, spojenci v\u016fbec netu\u0161ili kdo je, a tak byl nakonec propu\u0161t\u011bn. K tomu mu velkou m\u011brou pomohl fakt, \u017ee si nenechal pod pa\u017e\u00ed vytetovat svoji krevn\u00ed skupinu, co\u017e byla pro p\u0159\u00edslu\u0161n\u00edky SS povinnost a po v\u00e1lce pak bylo d\u00edky tomuto mo\u017eno p\u0159\u00edslu\u0161n\u00edky SS snadno odhalit. Mengelemu nah\u00e1n\u011bly strach procesy s v\u00e1le\u010dn\u00fdmi zlo\u010dinci.&nbsp;Jeho jm\u00e9no tak\u00e9 padlo p\u0159i Norimbersk\u00e9m procesu a pozd\u011bji byli n\u011bkte\u0159\u00ed l\u00e9ka\u0159i za podobn\u00e9 pokusy odsouzeni a popraveni.&nbsp;Mengele se proto rozhodl N\u011bmecko opustit.<\/p><br>\n\n\n\n<p>Pomoc\u00ed sv\u00e9 rodiny a organiza\u010dn\u00ed pomoci b\u00fdval\u00fdch \u010dlen\u016f SS si Mengele opat\u0159il fale\u0161n\u00e9 cestovn\u00ed doklady a byl p\u0159eveden p\u0159es Alpy do It\u00e1lie. Zde byl sice zadr\u017een janovskou polici\u00ed pro pad\u011blan\u00e9 doklady, ale podplatil vel\u00edc\u00edho d\u016fstojn\u00edka p\u011bti sty dolary. Odtud odplul do Ji\u017en\u00ed Ameriky a v polovin\u011b \u010dervence se dostal do Argentiny.&nbsp;Se \u017eenou Irenou se rozvedl a roku 1958 si vzal vdovu po sv\u00e9m bratru, Martu.&nbsp;Ona i jej\u00ed syn se p\u0159est\u011bhovali do Argentiny, kde se na \u010das k n\u011bmu p\u0159ipojili a o p\u00e1r let pozd\u011bji se v\u0161ichni vr\u00e1tili do Evropy.<\/p><br>\n\n\n\n<div class=\"wp-block-image\"><figure class=\"alignleft is-resized\"><img loading=\"lazy\" decoding=\"async\" src=\"http:\/\/www.mzone.cz\/wp-content\/uploads\/2018\/04\/The_German_Spring_Offensive_March-july_1918_Q70017.jpg\" alt=\"\" class=\"wp-image-907\" width=\"116\" height=\"81\" srcset=\"https:\/\/www.mzone.cz\/wp-content\/uploads\/2018\/04\/The_German_Spring_Offensive_March-july_1918_Q70017.jpg 800w, https:\/\/www.mzone.cz\/wp-content\/uploads\/2018\/04\/The_German_Spring_Offensive_March-july_1918_Q70017-300x209.jpg 300w, https:\/\/www.mzone.cz\/wp-content\/uploads\/2018\/04\/The_German_Spring_Offensive_March-july_1918_Q70017-768x534.jpg 768w, https:\/\/www.mzone.cz\/wp-content\/uploads\/2018\/04\/The_German_Spring_Offensive_March-july_1918_Q70017-590x410.jpg 590w\" sizes=\"auto, (max-width: 116px) 100vw, 116px\" \/><\/figure><\/div>\n\n\n\n<h4><a href=\"http:\/\/www.mzone.cz\/tank-se-zrodil-za-1-svetove-valky-tady-jsou-prvni-z-nich\/\">Tank se zrodil za 1. sv\u011btov\u00e9 v\u00e1lky \u2013 tady jsou prvn\u00ed z nich<\/a><\/h4><br>\n\n\n\n<p>Jeho rodina se o n\u011bj doma finan\u010dn\u011b postarala a v 50. letech pracoval v prosperuj\u00edc\u00ed farmaceutick\u00e9 spole\u010dnosti. Po tomto kr\u00e1tk\u00e9m obdob\u00ed \u017eil sp\u00ed\u0161e chud\u011b.&nbsp;Roku 1959 uprchl do Altosu v Paraguayi, pot\u00e9 co byl varov\u00e1n, \u017ee ho objevili lovci nacist\u016f. Marta se nikdy nesm\u00ed\u0159ila s nov\u00fdm \u017eivotem a opustila ho. Josef Mengele se pozd\u011bji p\u0159esunul o n\u011bco ji\u017en\u011bji do paraguaysk\u00e9ho Hohenau a pot\u00e9, od konce 60. let, \u017eil nedaleko Sao Paula v Braz\u00edlii a\u017e do sv\u00e9 smrti roku 1979, kdy dostal infarkt \u010di ho zas\u00e1hla k\u0159e\u010d p\u0159i plav\u00e1n\u00ed v pl\u00e1\u017eov\u00e9m m\u011bst\u011b Bertioga a utopil se.<\/p>\n\n\n\n<blockquote class=\"wp-block-quote is-layout-flow wp-block-quote-is-layout-flow\"><p>Byl poh\u0159ben jako Wolfgang Gerhard na h\u0159bitov\u011b Panny Marie R\u016f\u017eencov\u00e9 v Embu.<\/p><\/blockquote>\n\n\n\n<p>P\u0159es mezin\u00e1rodn\u00ed snahu chytit jej, nebyl nikdy objeven a \u017eil 35 let skryt pod fale\u0161n\u00fdmi jm\u00e9ny. Chycen\u00ed Adolfa Eichmanna a jeho soud v Izraeli Josefa Mengeleho vystra\u0161il a donutil k \u010dast\u00e9mu st\u011bhov\u00e1n\u00ed. Mosad Josefa Mengeleho na n\u011bjak\u00fd \u010das vystopoval, ale Izrael na\u0159\u00eddil, vzhledem k navazov\u00e1n\u00ed p\u0159\u00e1telsk\u00fdch vztah\u016f s Paraguay\u00ed, hledat nep\u0159\u00e1tele bl\u00ed\u017ee k domovu. Nebyl objeven lovci nacist\u016f a\u017e do 6. \u010dervna 1985, kdy bylo nalezeno jeho t\u011blo a d\u00edky DNA identifikov\u00e1no v roce 1992.<\/p><br>\n\n\n\n<p>Jeho syn Rolf Mengele si v roce 1987 nechal kv\u016fli sv\u00fdm d\u011btem zm\u011bnit p\u0159\u00edjmen\u00ed, proto\u017ee si podle jeho n\u00e1zoru zaslou\u017e\u00ed vyr\u016fstat, ani\u017e by neust\u00e1le musely odpov\u00eddat, co d\u011blal jejich d\u011bde\u010dek. Rolf Mengele \u0159\u00edk\u00e1, \u017ee sice jeho otec ji\u017e ode\u0161el, ale on st\u00e1le mus\u00ed n\u00e9st b\u0159\u00edm\u011b jeho \u010din\u016f.<\/p>","protected":false},"excerpt":{"rendered":"<p>Sv\u011bdkov\u00e9, kte\u0159\u00ed p\u0159e\u017eili Osv\u011btim, uv\u00e1d\u011bli stovky p\u0159\u00edpad\u016f besti\u00e1ln\u00edch a krut\u00fdch experiment\u016f na v\u011bzn\u00edch, jejich\u017e vykonavatelem byl l\u00e9ka\u0159 SS Josef Mengele. N\u011bkdy pr\u00fd projevoval zn\u00e1mku laskavosti, aby vz\u00e1p\u011bt\u00ed ve jm\u00e9nu v\u011bdy d\u00edt\u011b podrobil krut\u00fdm pokus\u016fm. Pro sv\u00e9 kolegy byl zt\u011blesn\u011bn\u00edm ide\u00e1ln\u00edho oddan\u00e9ho d\u016fstojn\u00edka, kter\u00fd se nikdy nezmi\u0148oval o sv\u00e9m osobn\u00edm \u017eivot\u011b. Jeho man\u017eelka Irene tvrdila, \u017ee [&hellip;]<\/p>\n","protected":false},"author":4,"featured_media":5471,"comment_status":"open","ping_status":"open","sticky":false,"template":"","format":"standard","meta":{"kk_blocks_editor_width":"","_kiokenblocks_attr":"","_kiokenblocks_dimensions":"","footnotes":""},"categories":[387],"tags":[1484,87,1558,1552,1550,1553,1554,1556,1557,1555,1481,1551,119],"class_list":["post-5469","post","type-post","status-publish","format-standard","has-post-thumbnail","hentry","category-historie","tag-experimenty","tag-historie","tag-holokaust","tag-josef-mengele","tag-koncentracni-tabory","tag-krutost","tag-lekar","tag-nacismus","tag-nacista","tag-osvetim","tag-pokusy","tag-ss","tag-valka"],"yoast_head":"<!-- This site is optimized with the Yoast SEO plugin v27.5 - https:\/\/yoast.com\/product\/yoast-seo-wordpress\/ -->\n<title>Kdo byl doktor Josef Mengele? Nemilosrdn\u00e1 lidsk\u00e1 bestie - Mzone<\/title>\n<meta name=\"description\" content=\"Sv\u011bdkov\u00e9, kte\u0159\u00ed p\u0159e\u017eili Osv\u011btim, uv\u00e1d\u011bli stovky p\u0159\u00edpad\u016f besti\u00e1ln\u00edch a krut\u00fdch experiment\u016f na v\u011bzn\u00edch, jejich\u017e vykonavatelem byl l\u00e9ka\u0159 SS Josef Mengele.\" \/>\n<meta name=\"robots\" content=\"index, follow, max-snippet:-1, max-image-preview:large, max-video-preview:-1\" \/>\n<link rel=\"canonical\" href=\"https:\/\/www.mzone.cz\/en\/kdo-byl-doktor-josef-mengele-nemilosrdna-lidska-bestie\/\" \/>\n<meta property=\"og:locale\" content=\"en_US\" \/>\n<meta property=\"og:type\" content=\"article\" \/>\n<meta property=\"og:title\" content=\"Kdo byl doktor Josef Mengele? Nemilosrdn\u00e1 lidsk\u00e1 bestie - Mzone\" \/>\n<meta property=\"og:description\" content=\"Sv\u011bdkov\u00e9, kte\u0159\u00ed p\u0159e\u017eili Osv\u011btim, uv\u00e1d\u011bli stovky p\u0159\u00edpad\u016f besti\u00e1ln\u00edch a krut\u00fdch experiment\u016f na v\u011bzn\u00edch, jejich\u017e vykonavatelem byl l\u00e9ka\u0159 SS Josef Mengele.\" \/>\n<meta property=\"og:url\" content=\"https:\/\/www.mzone.cz\/en\/kdo-byl-doktor-josef-mengele-nemilosrdna-lidska-bestie\/\" \/>\n<meta property=\"og:site_name\" content=\"Mzone\" \/>\n<meta property=\"article:publisher\" content=\"https:\/\/www.facebook.com\/MzoneCZ\/\" \/>\n<meta property=\"article:published_time\" content=\"2025-03-09T16:00:00+00:00\" \/>\n<meta property=\"article:modified_time\" content=\"2025-03-09T16:20:18+00:00\" \/>\n<meta property=\"og:image\" content=\"https:\/\/www.mzone.cz\/wp-content\/uploads\/2019\/04\/1599px-Josef_Mengele_Richard_Baer_Rudolf_Hoess_Auschwitz._Album_H\u00f6cker.jpg\" \/>\n\t<meta property=\"og:image:width\" content=\"1599\" \/>\n\t<meta property=\"og:image:height\" content=\"1086\" \/>\n\t<meta property=\"og:image:type\" content=\"image\/jpeg\" \/>\n<meta name=\"author\" content=\"Mzone\" \/>\n<meta name=\"twitter:card\" content=\"summary_large_image\" \/>\n<meta name=\"twitter:label1\" content=\"Written by\" \/>\n\t<meta name=\"twitter:data1\" content=\"Mzone\" \/>\n\t<meta name=\"twitter:label2\" content=\"Est. reading time\" \/>\n\t<meta name=\"twitter:data2\" content=\"7 minutes\" \/>\n<script type=\"application\/ld+json\" class=\"yoast-schema-graph\">{\"@context\":\"https:\\\/\\\/schema.org\",\"@graph\":[{\"@type\":\"Article\",\"@id\":\"https:\\\/\\\/www.mzone.cz\\\/kdo-byl-doktor-josef-mengele-nemilosrdna-lidska-bestie\\\/#article\",\"isPartOf\":{\"@id\":\"https:\\\/\\\/www.mzone.cz\\\/kdo-byl-doktor-josef-mengele-nemilosrdna-lidska-bestie\\\/\"},\"author\":{\"name\":\"Mzone\",\"@id\":\"https:\\\/\\\/www.mzone.cz\\\/#\\\/schema\\\/person\\\/9bc20cc422a99cac4af6ff9297da32d4\"},\"headline\":\"Kdo byl doktor Josef Mengele? Nemilosrdn\u00e1 lidsk\u00e1 bestie\",\"datePublished\":\"2025-03-09T16:00:00+00:00\",\"dateModified\":\"2025-03-09T16:20:18+00:00\",\"mainEntityOfPage\":{\"@id\":\"https:\\\/\\\/www.mzone.cz\\\/kdo-byl-doktor-josef-mengele-nemilosrdna-lidska-bestie\\\/\"},\"wordCount\":1476,\"commentCount\":0,\"image\":{\"@id\":\"https:\\\/\\\/www.mzone.cz\\\/kdo-byl-doktor-josef-mengele-nemilosrdna-lidska-bestie\\\/#primaryimage\"},\"thumbnailUrl\":\"https:\\\/\\\/www.mzone.cz\\\/wp-content\\\/uploads\\\/2019\\\/04\\\/1599px-Josef_Mengele_Richard_Baer_Rudolf_Hoess_Auschwitz._Album_H\u00f6cker.jpg\",\"keywords\":[\"experimenty\",\"Historie\",\"holokaust\",\"Josef Mengele\",\"koncentra\u010dn\u00ed t\u00e1bory\",\"krutost\",\"l\u00e9ka\u0159\",\"nacismus\",\"nacista\",\"Osv\u011btim\",\"pokusy\",\"SS\",\"v\u00e1lka\"],\"articleSection\":[\"Historie\"],\"inLanguage\":\"en-US\",\"potentialAction\":[{\"@type\":\"CommentAction\",\"name\":\"Comment\",\"target\":[\"https:\\\/\\\/www.mzone.cz\\\/kdo-byl-doktor-josef-mengele-nemilosrdna-lidska-bestie\\\/#respond\"]}]},{\"@type\":\"WebPage\",\"@id\":\"https:\\\/\\\/www.mzone.cz\\\/kdo-byl-doktor-josef-mengele-nemilosrdna-lidska-bestie\\\/\",\"url\":\"https:\\\/\\\/www.mzone.cz\\\/kdo-byl-doktor-josef-mengele-nemilosrdna-lidska-bestie\\\/\",\"name\":\"Kdo byl doktor Josef Mengele? Nemilosrdn\u00e1 lidsk\u00e1 bestie - Mzone\",\"isPartOf\":{\"@id\":\"https:\\\/\\\/www.mzone.cz\\\/#website\"},\"primaryImageOfPage\":{\"@id\":\"https:\\\/\\\/www.mzone.cz\\\/kdo-byl-doktor-josef-mengele-nemilosrdna-lidska-bestie\\\/#primaryimage\"},\"image\":{\"@id\":\"https:\\\/\\\/www.mzone.cz\\\/kdo-byl-doktor-josef-mengele-nemilosrdna-lidska-bestie\\\/#primaryimage\"},\"thumbnailUrl\":\"https:\\\/\\\/www.mzone.cz\\\/wp-content\\\/uploads\\\/2019\\\/04\\\/1599px-Josef_Mengele_Richard_Baer_Rudolf_Hoess_Auschwitz._Album_H\u00f6cker.jpg\",\"datePublished\":\"2025-03-09T16:00:00+00:00\",\"dateModified\":\"2025-03-09T16:20:18+00:00\",\"author\":{\"@id\":\"https:\\\/\\\/www.mzone.cz\\\/#\\\/schema\\\/person\\\/9bc20cc422a99cac4af6ff9297da32d4\"},\"description\":\"Sv\u011bdkov\u00e9, kte\u0159\u00ed p\u0159e\u017eili Osv\u011btim, uv\u00e1d\u011bli stovky p\u0159\u00edpad\u016f besti\u00e1ln\u00edch a krut\u00fdch experiment\u016f na v\u011bzn\u00edch, jejich\u017e vykonavatelem byl l\u00e9ka\u0159 SS Josef Mengele.\",\"breadcrumb\":{\"@id\":\"https:\\\/\\\/www.mzone.cz\\\/kdo-byl-doktor-josef-mengele-nemilosrdna-lidska-bestie\\\/#breadcrumb\"},\"inLanguage\":\"en-US\",\"potentialAction\":[{\"@type\":\"ReadAction\",\"target\":[\"https:\\\/\\\/www.mzone.cz\\\/kdo-byl-doktor-josef-mengele-nemilosrdna-lidska-bestie\\\/\"]}]},{\"@type\":\"ImageObject\",\"inLanguage\":\"en-US\",\"@id\":\"https:\\\/\\\/www.mzone.cz\\\/kdo-byl-doktor-josef-mengele-nemilosrdna-lidska-bestie\\\/#primaryimage\",\"url\":\"https:\\\/\\\/www.mzone.cz\\\/wp-content\\\/uploads\\\/2019\\\/04\\\/1599px-Josef_Mengele_Richard_Baer_Rudolf_Hoess_Auschwitz._Album_H\u00f6cker.jpg\",\"contentUrl\":\"https:\\\/\\\/www.mzone.cz\\\/wp-content\\\/uploads\\\/2019\\\/04\\\/1599px-Josef_Mengele_Richard_Baer_Rudolf_Hoess_Auschwitz._Album_H\u00f6cker.jpg\",\"width\":1599,\"height\":1086},{\"@type\":\"BreadcrumbList\",\"@id\":\"https:\\\/\\\/www.mzone.cz\\\/kdo-byl-doktor-josef-mengele-nemilosrdna-lidska-bestie\\\/#breadcrumb\",\"itemListElement\":[{\"@type\":\"ListItem\",\"position\":1,\"name\":\"Dom\u016f\",\"item\":\"https:\\\/\\\/www.mzone.cz\\\/\"},{\"@type\":\"ListItem\",\"position\":2,\"name\":\"Kdo byl doktor Josef Mengele? Nemilosrdn\u00e1 lidsk\u00e1 bestie\"}]},{\"@type\":\"WebSite\",\"@id\":\"https:\\\/\\\/www.mzone.cz\\\/#website\",\"url\":\"https:\\\/\\\/www.mzone.cz\\\/\",\"name\":\"Mzone\",\"description\":\"Magaz\u00edn nejen pro mu\u017ee\",\"potentialAction\":[{\"@type\":\"SearchAction\",\"target\":{\"@type\":\"EntryPoint\",\"urlTemplate\":\"https:\\\/\\\/www.mzone.cz\\\/?s={search_term_string}\"},\"query-input\":{\"@type\":\"PropertyValueSpecification\",\"valueRequired\":true,\"valueName\":\"search_term_string\"}}],\"inLanguage\":\"en-US\"},{\"@type\":\"Person\",\"@id\":\"https:\\\/\\\/www.mzone.cz\\\/#\\\/schema\\\/person\\\/9bc20cc422a99cac4af6ff9297da32d4\",\"name\":\"Mzone\",\"image\":{\"@type\":\"ImageObject\",\"inLanguage\":\"en-US\",\"@id\":\"https:\\\/\\\/secure.gravatar.com\\\/avatar\\\/e780a8630f3182a3d06dd667ab6bea151a0d155b0951bc15fe22633acdac0676?s=96&d=mm&r=g\",\"url\":\"https:\\\/\\\/secure.gravatar.com\\\/avatar\\\/e780a8630f3182a3d06dd667ab6bea151a0d155b0951bc15fe22633acdac0676?s=96&d=mm&r=g\",\"contentUrl\":\"https:\\\/\\\/secure.gravatar.com\\\/avatar\\\/e780a8630f3182a3d06dd667ab6bea151a0d155b0951bc15fe22633acdac0676?s=96&d=mm&r=g\",\"caption\":\"Mzone\"},\"url\":\"https:\\\/\\\/www.mzone.cz\\\/en\\\/author\\\/jakub\\\/\"}]}<\/script>\n<!-- \/ Yoast SEO plugin. -->","yoast_head_json":{"title":"Kdo byl doktor Josef Mengele? Nemilosrdn\u00e1 lidsk\u00e1 bestie - Mzone","description":"Sv\u011bdkov\u00e9, kte\u0159\u00ed p\u0159e\u017eili Osv\u011btim, uv\u00e1d\u011bli stovky p\u0159\u00edpad\u016f besti\u00e1ln\u00edch a krut\u00fdch experiment\u016f na v\u011bzn\u00edch, jejich\u017e vykonavatelem byl l\u00e9ka\u0159 SS Josef Mengele.","robots":{"index":"index","follow":"follow","max-snippet":"max-snippet:-1","max-image-preview":"max-image-preview:large","max-video-preview":"max-video-preview:-1"},"canonical":"https:\/\/www.mzone.cz\/en\/kdo-byl-doktor-josef-mengele-nemilosrdna-lidska-bestie\/","og_locale":"en_US","og_type":"article","og_title":"Kdo byl doktor Josef Mengele? Nemilosrdn\u00e1 lidsk\u00e1 bestie - Mzone","og_description":"Sv\u011bdkov\u00e9, kte\u0159\u00ed p\u0159e\u017eili Osv\u011btim, uv\u00e1d\u011bli stovky p\u0159\u00edpad\u016f besti\u00e1ln\u00edch a krut\u00fdch experiment\u016f na v\u011bzn\u00edch, jejich\u017e vykonavatelem byl l\u00e9ka\u0159 SS Josef Mengele.","og_url":"https:\/\/www.mzone.cz\/en\/kdo-byl-doktor-josef-mengele-nemilosrdna-lidska-bestie\/","og_site_name":"Mzone","article_publisher":"https:\/\/www.facebook.com\/MzoneCZ\/","article_published_time":"2025-03-09T16:00:00+00:00","article_modified_time":"2025-03-09T16:20:18+00:00","og_image":[{"width":1599,"height":1086,"url":"https:\/\/www.mzone.cz\/wp-content\/uploads\/2019\/04\/1599px-Josef_Mengele_Richard_Baer_Rudolf_Hoess_Auschwitz._Album_H\u00f6cker.jpg","type":"image\/jpeg"}],"author":"Mzone","twitter_card":"summary_large_image","twitter_misc":{"Written by":"Mzone","Est. reading time":"7 minutes"},"schema":{"@context":"https:\/\/schema.org","@graph":[{"@type":"Article","@id":"https:\/\/www.mzone.cz\/kdo-byl-doktor-josef-mengele-nemilosrdna-lidska-bestie\/#article","isPartOf":{"@id":"https:\/\/www.mzone.cz\/kdo-byl-doktor-josef-mengele-nemilosrdna-lidska-bestie\/"},"author":{"name":"Mzone","@id":"https:\/\/www.mzone.cz\/#\/schema\/person\/9bc20cc422a99cac4af6ff9297da32d4"},"headline":"Kdo byl doktor Josef Mengele? Nemilosrdn\u00e1 lidsk\u00e1 bestie","datePublished":"2025-03-09T16:00:00+00:00","dateModified":"2025-03-09T16:20:18+00:00","mainEntityOfPage":{"@id":"https:\/\/www.mzone.cz\/kdo-byl-doktor-josef-mengele-nemilosrdna-lidska-bestie\/"},"wordCount":1476,"commentCount":0,"image":{"@id":"https:\/\/www.mzone.cz\/kdo-byl-doktor-josef-mengele-nemilosrdna-lidska-bestie\/#primaryimage"},"thumbnailUrl":"https:\/\/www.mzone.cz\/wp-content\/uploads\/2019\/04\/1599px-Josef_Mengele_Richard_Baer_Rudolf_Hoess_Auschwitz._Album_H\u00f6cker.jpg","keywords":["experimenty","Historie","holokaust","Josef Mengele","koncentra\u010dn\u00ed t\u00e1bory","krutost","l\u00e9ka\u0159","nacismus","nacista","Osv\u011btim","pokusy","SS","v\u00e1lka"],"articleSection":["Historie"],"inLanguage":"en-US","potentialAction":[{"@type":"CommentAction","name":"Comment","target":["https:\/\/www.mzone.cz\/kdo-byl-doktor-josef-mengele-nemilosrdna-lidska-bestie\/#respond"]}]},{"@type":"WebPage","@id":"https:\/\/www.mzone.cz\/kdo-byl-doktor-josef-mengele-nemilosrdna-lidska-bestie\/","url":"https:\/\/www.mzone.cz\/kdo-byl-doktor-josef-mengele-nemilosrdna-lidska-bestie\/","name":"Kdo byl doktor Josef Mengele? Nemilosrdn\u00e1 lidsk\u00e1 bestie - Mzone","isPartOf":{"@id":"https:\/\/www.mzone.cz\/#website"},"primaryImageOfPage":{"@id":"https:\/\/www.mzone.cz\/kdo-byl-doktor-josef-mengele-nemilosrdna-lidska-bestie\/#primaryimage"},"image":{"@id":"https:\/\/www.mzone.cz\/kdo-byl-doktor-josef-mengele-nemilosrdna-lidska-bestie\/#primaryimage"},"thumbnailUrl":"https:\/\/www.mzone.cz\/wp-content\/uploads\/2019\/04\/1599px-Josef_Mengele_Richard_Baer_Rudolf_Hoess_Auschwitz._Album_H\u00f6cker.jpg","datePublished":"2025-03-09T16:00:00+00:00","dateModified":"2025-03-09T16:20:18+00:00","author":{"@id":"https:\/\/www.mzone.cz\/#\/schema\/person\/9bc20cc422a99cac4af6ff9297da32d4"},"description":"Sv\u011bdkov\u00e9, kte\u0159\u00ed p\u0159e\u017eili Osv\u011btim, uv\u00e1d\u011bli stovky p\u0159\u00edpad\u016f besti\u00e1ln\u00edch a krut\u00fdch experiment\u016f na v\u011bzn\u00edch, jejich\u017e vykonavatelem byl l\u00e9ka\u0159 SS Josef Mengele.","breadcrumb":{"@id":"https:\/\/www.mzone.cz\/kdo-byl-doktor-josef-mengele-nemilosrdna-lidska-bestie\/#breadcrumb"},"inLanguage":"en-US","potentialAction":[{"@type":"ReadAction","target":["https:\/\/www.mzone.cz\/kdo-byl-doktor-josef-mengele-nemilosrdna-lidska-bestie\/"]}]},{"@type":"ImageObject","inLanguage":"en-US","@id":"https:\/\/www.mzone.cz\/kdo-byl-doktor-josef-mengele-nemilosrdna-lidska-bestie\/#primaryimage","url":"https:\/\/www.mzone.cz\/wp-content\/uploads\/2019\/04\/1599px-Josef_Mengele_Richard_Baer_Rudolf_Hoess_Auschwitz._Album_H\u00f6cker.jpg","contentUrl":"https:\/\/www.mzone.cz\/wp-content\/uploads\/2019\/04\/1599px-Josef_Mengele_Richard_Baer_Rudolf_Hoess_Auschwitz._Album_H\u00f6cker.jpg","width":1599,"height":1086},{"@type":"BreadcrumbList","@id":"https:\/\/www.mzone.cz\/kdo-byl-doktor-josef-mengele-nemilosrdna-lidska-bestie\/#breadcrumb","itemListElement":[{"@type":"ListItem","position":1,"name":"Dom\u016f","item":"https:\/\/www.mzone.cz\/"},{"@type":"ListItem","position":2,"name":"Kdo byl doktor Josef Mengele? Nemilosrdn\u00e1 lidsk\u00e1 bestie"}]},{"@type":"WebSite","@id":"https:\/\/www.mzone.cz\/#website","url":"https:\/\/www.mzone.cz\/","name":"Mzone","description":"Magaz\u00edn nejen pro mu\u017ee","potentialAction":[{"@type":"SearchAction","target":{"@type":"EntryPoint","urlTemplate":"https:\/\/www.mzone.cz\/?s={search_term_string}"},"query-input":{"@type":"PropertyValueSpecification","valueRequired":true,"valueName":"search_term_string"}}],"inLanguage":"en-US"},{"@type":"Person","@id":"https:\/\/www.mzone.cz\/#\/schema\/person\/9bc20cc422a99cac4af6ff9297da32d4","name":"Mzone","image":{"@type":"ImageObject","inLanguage":"en-US","@id":"https:\/\/secure.gravatar.com\/avatar\/e780a8630f3182a3d06dd667ab6bea151a0d155b0951bc15fe22633acdac0676?s=96&d=mm&r=g","url":"https:\/\/secure.gravatar.com\/avatar\/e780a8630f3182a3d06dd667ab6bea151a0d155b0951bc15fe22633acdac0676?s=96&d=mm&r=g","contentUrl":"https:\/\/secure.gravatar.com\/avatar\/e780a8630f3182a3d06dd667ab6bea151a0d155b0951bc15fe22633acdac0676?s=96&d=mm&r=g","caption":"Mzone"},"url":"https:\/\/www.mzone.cz\/en\/author\/jakub\/"}]}},"_links":{"self":[{"href":"https:\/\/www.mzone.cz\/en\/wp-json\/wp\/v2\/posts\/5469","targetHints":{"allow":["GET"]}}],"collection":[{"href":"https:\/\/www.mzone.cz\/en\/wp-json\/wp\/v2\/posts"}],"about":[{"href":"https:\/\/www.mzone.cz\/en\/wp-json\/wp\/v2\/types\/post"}],"author":[{"embeddable":true,"href":"https:\/\/www.mzone.cz\/en\/wp-json\/wp\/v2\/users\/4"}],"replies":[{"embeddable":true,"href":"https:\/\/www.mzone.cz\/en\/wp-json\/wp\/v2\/comments?post=5469"}],"version-history":[{"count":1,"href":"https:\/\/www.mzone.cz\/en\/wp-json\/wp\/v2\/posts\/5469\/revisions"}],"predecessor-version":[{"id":9158,"href":"https:\/\/www.mzone.cz\/en\/wp-json\/wp\/v2\/posts\/5469\/revisions\/9158"}],"wp:featuredmedia":[{"embeddable":true,"href":"https:\/\/www.mzone.cz\/en\/wp-json\/wp\/v2\/media\/5471"}],"wp:attachment":[{"href":"https:\/\/www.mzone.cz\/en\/wp-json\/wp\/v2\/media?parent=5469"}],"wp:term":[{"taxonomy":"category","embeddable":true,"href":"https:\/\/www.mzone.cz\/en\/wp-json\/wp\/v2\/categories?post=5469"},{"taxonomy":"post_tag","embeddable":true,"href":"https:\/\/www.mzone.cz\/en\/wp-json\/wp\/v2\/tags?post=5469"}],"curies":[{"name":"wp","href":"https:\/\/api.w.org\/{rel}","templated":true}]}}