{"id":5508,"date":"2019-02-24T16:30:37","date_gmt":"2019-02-24T15:30:37","guid":{"rendered":"http:\/\/www.mzone.cz\/?p=5508"},"modified":"2019-08-13T12:23:27","modified_gmt":"2019-08-13T10:23:27","slug":"ceska-mlaticka-v-ufc-prohrala-pudilova-v-praze-nestacila-na-valecnou-veteranku","status":"publish","type":"post","link":"https:\/\/www.mzone.cz\/en\/ceska-mlaticka-v-ufc-prohrala-pudilova-v-praze-nestacila-na-valecnou-veteranku\/","title":{"rendered":"\u010cesk\u00e1 ml\u00e1ti\u010dka v\u00a0UFC prohr\u00e1la! Pudilov\u00e1 v\u00a0Praze nesta\u010dila na v\u00e1le\u010dnou veter\u00e1nku"},"content":{"rendered":"<p><strong>Slavn\u00e1 UFC zav\u00edtala v&nbsp;sobotu 23. \u00fanora do Prahy, kde se b\u011bhem galave\u010dera Fight Night p\u0159edstavila tak\u00e9 jedin\u00e1 \u010desk\u00e1 z\u00e1stupkyn\u011b v&nbsp;nejpresti\u017en\u011bj\u0161\u00ed MMA organizaci sv\u011bta Lucie Pudilov\u00e1. \u010cty\u0159iadvacetilet\u00e1 roda\u010dka z&nbsp;P\u0159\u00edbrami souboj s&nbsp;Ameri\u010dankou Liz Carmouche prohr\u00e1la na body.<\/strong><\/p><br>\n\n\n\n<p>Zapln\u011bn\u00e1 O2 Arena v&nbsp;pra\u017esk\u00fdch Vyso\u010danech p\u0159iv\u00edtala sv\u011btov\u00e9 hv\u011bzdy UFC. Krom\u011b hlavn\u00edho tah\u00e1ku ve\u010dera, kter\u00fd obstaral souboj v&nbsp;polot\u011b\u017ek\u00e9 v\u00e1ze mezi Pol\u00e1kem Janem Blachowiczem a Brazilcem Thiagem Santosem, se div\u00e1ci t\u011b\u0161ili hlavn\u011b na \u010deskou z\u00e1pasnici.<\/p><br>\n\n\n\n<p>Ta svedla nap\u00ednav\u00fd souboj v\u00e1le\u010dnou veter\u00e1nkou Carmouche, kter\u00e1 je dr\u017eitelkou \u010dern\u00e9ho p\u00e1sku z&nbsp;Jiu-jitsu a v&nbsp;z\u00e1pase \u010dasto Pudilovou dr\u017eela v&nbsp;nep\u0159\u00edjemn\u00fdch chvatech.<\/p>\n\n\n\n<blockquote class=\"wp-block-quote is-layout-flow wp-block-quote-is-layout-flow\"><p>Jejich vz\u00e1jemn\u00fd souboj byl u\u017e od prvn\u00edho kola poznamenan\u00fd krvav\u00fdmi zran\u011bn\u00edmi, kter\u00e9 z\u00e1pasu p\u0159idaly na dramati\u010dnosti.<\/p><\/blockquote>\n\n\n\n<figure class=\"wp-block-embed-youtube wp-block-embed is-type-video is-provider-youtube wp-embed-aspect-16-9 wp-has-aspect-ratio\"><div class=\"wp-block-embed__wrapper\">\nhttps:\/\/youtu.be\/8QQt3mePejc\n<\/div><\/figure><br>\n\n\n\n<p>\u010cesk\u00e1 bojovnice byla jednozna\u010dn\u011b lep\u0161\u00ed v&nbsp;postoji, ale jakmile se ob\u011b sokyn\u011b dostaly na zem, dominovala \u010dty\u0159iat\u0159icetilet\u00e1 Ameri\u010danka. Po vypjat\u00e9m souboji v&nbsp;posledn\u00edm kole pak rozhod\u010d\u00ed vyhl\u00e1sil jako v\u00edt\u011bzku pr\u00e1v\u011b Carmouche a to \u010de\u0161t\u00ed fanou\u0161ci velmi t\u011b\u017ece nesli a hlasit\u011b p\u00edskali.<\/p><br>\n\n\n\n<div class=\"wp-block-image\"><figure class=\"alignleft is-resized\"><img loading=\"lazy\" decoding=\"async\" src=\"http:\/\/www.mzone.cz\/wp-content\/uploads\/2019\/01\/Sn\u00edmek-obrazovky-2019-01-07-v-22.08.14-1024x683.png\" alt=\"\" class=\"wp-image-3016\" width=\"126\" height=\"83\" srcset=\"https:\/\/www.mzone.cz\/wp-content\/uploads\/2019\/01\/Sn\u00edmek-obrazovky-2019-01-07-v-22.08.14-1024x683.png 1024w, https:\/\/www.mzone.cz\/wp-content\/uploads\/2019\/01\/Sn\u00edmek-obrazovky-2019-01-07-v-22.08.14-300x200.png 300w, https:\/\/www.mzone.cz\/wp-content\/uploads\/2019\/01\/Sn\u00edmek-obrazovky-2019-01-07-v-22.08.14-768x512.png 768w, https:\/\/www.mzone.cz\/wp-content\/uploads\/2019\/01\/Sn\u00edmek-obrazovky-2019-01-07-v-22.08.14-800x533.png 800w, https:\/\/www.mzone.cz\/wp-content\/uploads\/2019\/01\/Sn\u00edmek-obrazovky-2019-01-07-v-22.08.14-400x267.png 400w, https:\/\/www.mzone.cz\/wp-content\/uploads\/2019\/01\/Sn\u00edmek-obrazovky-2019-01-07-v-22.08.14-500x333.png 500w, https:\/\/www.mzone.cz\/wp-content\/uploads\/2019\/01\/Sn\u00edmek-obrazovky-2019-01-07-v-22.08.14-1170x780.png 1170w, https:\/\/www.mzone.cz\/wp-content\/uploads\/2019\/01\/Sn\u00edmek-obrazovky-2019-01-07-v-22.08.14-590x393.png 590w, https:\/\/www.mzone.cz\/wp-content\/uploads\/2019\/01\/Sn\u00edmek-obrazovky-2019-01-07-v-22.08.14.png 1930w\" sizes=\"auto, (max-width: 126px) 100vw, 126px\" \/><\/figure><\/div>\n\n\n\n<h4><a href=\"http:\/\/www.mzone.cz\/gauner-prepadl-krasku-na-ulici-zle-se-ale-prepocital-zapasnice-z-ufc-ho-poradne-zridila\/\">Gauner p\u0159epadl kr\u00e1sku na ulici, zle se ale p\u0159epo\u010d\u00edtal! Z\u00e1pasnice z&nbsp;UFC ho po\u0159\u00e1dn\u011b z\u0159\u00eddila<\/a><\/h4><br>","protected":false},"excerpt":{"rendered":"<p>Slavn\u00e1 UFC zav\u00edtala v&nbsp;sobotu 23. \u00fanora do Prahy, kde se b\u011bhem galave\u010dera Fight Night p\u0159edstavila tak\u00e9 jedin\u00e1 \u010desk\u00e1 z\u00e1stupkyn\u011b v&nbsp;nejpresti\u017en\u011bj\u0161\u00ed MMA organizaci sv\u011bta Lucie Pudilov\u00e1. \u010cty\u0159iadvacetilet\u00e1 roda\u010dka z&nbsp;P\u0159\u00edbrami souboj s&nbsp;Ameri\u010dankou Liz Carmouche prohr\u00e1la na body. Zapln\u011bn\u00e1 O2 Arena v&nbsp;pra\u017esk\u00fdch Vyso\u010danech p\u0159iv\u00edtala sv\u011btov\u00e9 hv\u011bzdy UFC. Krom\u011b hlavn\u00edho tah\u00e1ku ve\u010dera, kter\u00fd obstaral souboj v&nbsp;polot\u011b\u017ek\u00e9 v\u00e1ze mezi Pol\u00e1kem [&hellip;]<\/p>\n","protected":false},"author":4,"featured_media":5509,"comment_status":"open","ping_status":"open","sticky":false,"template":"","format":"standard","meta":{"kk_blocks_editor_width":"","_kiokenblocks_attr":"","_kiokenblocks_dimensions":"","footnotes":""},"categories":[80,30],"tags":[1005,1560,1195,1562,1559,118,363,1561,42,447,113,36,776,1065],"class_list":["post-5508","post","type-post","status-publish","format-standard","has-post-thumbnail","hentry","category-sport","category-video","tag-bojove-sporty","tag-fight-night","tag-galavecer","tag-liz-carmouche","tag-lucie-pudilova","tag-mma","tag-praha","tag-prohra","tag-sport","tag-sportovkyne","tag-ufc","tag-video","tag-zapas","tag-zapasnice"],"yoast_head":"<!-- This site is optimized with the Yoast SEO plugin v27.5 - https:\/\/yoast.com\/product\/yoast-seo-wordpress\/ -->\n<title>\u010cesk\u00e1 ml\u00e1ti\u010dka v\u00a0UFC prohr\u00e1la! Pudilov\u00e1 v\u00a0Praze nesta\u010dila na v\u00e1le\u010dnou veter\u00e1nku - Mzone<\/title>\n<meta name=\"description\" content=\"Slavn\u00e1 UFC zav\u00edtala v\u00a0sobotu 23. \u00fanora do Prahy, kde se b\u011bhem galave\u010dera Fight Night p\u0159edstavila tak\u00e9 jedin\u00e1 \u010desk\u00e1 z\u00e1stupkyn\u011b v\u00a0nejpresti\u017en\u011bj\u0161\u00ed MMA organizaci sv\u011bta Lucie Pudilov\u00e1. \u010cty\u0159iadvacetilet\u00e1 roda\u010dka z\u00a0P\u0159\u00edbrami souboj s\u00a0Ameri\u010dankou Liz Carmouche prohr\u00e1la na body.\" \/>\n<meta name=\"robots\" content=\"index, follow, max-snippet:-1, max-image-preview:large, max-video-preview:-1\" \/>\n<link rel=\"canonical\" href=\"https:\/\/www.mzone.cz\/en\/ceska-mlaticka-v-ufc-prohrala-pudilova-v-praze-nestacila-na-valecnou-veteranku\/\" \/>\n<meta property=\"og:locale\" content=\"en_US\" \/>\n<meta property=\"og:type\" content=\"article\" \/>\n<meta property=\"og:title\" content=\"\u010cesk\u00e1 ml\u00e1ti\u010dka v\u00a0UFC prohr\u00e1la! Pudilov\u00e1 v\u00a0Praze nesta\u010dila na v\u00e1le\u010dnou veter\u00e1nku - Mzone\" \/>\n<meta property=\"og:description\" content=\"Slavn\u00e1 UFC zav\u00edtala v\u00a0sobotu 23. \u00fanora do Prahy, kde se b\u011bhem galave\u010dera Fight Night p\u0159edstavila tak\u00e9 jedin\u00e1 \u010desk\u00e1 z\u00e1stupkyn\u011b v\u00a0nejpresti\u017en\u011bj\u0161\u00ed MMA organizaci sv\u011bta Lucie Pudilov\u00e1. \u010cty\u0159iadvacetilet\u00e1 roda\u010dka z\u00a0P\u0159\u00edbrami souboj s\u00a0Ameri\u010dankou Liz Carmouche prohr\u00e1la na body.\" \/>\n<meta property=\"og:url\" content=\"https:\/\/www.mzone.cz\/en\/ceska-mlaticka-v-ufc-prohrala-pudilova-v-praze-nestacila-na-valecnou-veteranku\/\" \/>\n<meta property=\"og:site_name\" content=\"Mzone\" \/>\n<meta property=\"article:publisher\" content=\"https:\/\/www.facebook.com\/MzoneCZ\/\" \/>\n<meta property=\"article:published_time\" content=\"2019-02-24T15:30:37+00:00\" \/>\n<meta property=\"article:modified_time\" content=\"2019-08-13T10:23:27+00:00\" \/>\n<meta property=\"og:image\" content=\"https:\/\/www.mzone.cz\/wp-content\/uploads\/2019\/02\/Sn\u00edmek-obrazovky-2019-02-24-v-11.41.47-1024x683.png\" \/>\n\t<meta property=\"og:image:width\" content=\"1024\" \/>\n\t<meta property=\"og:image:height\" content=\"683\" \/>\n\t<meta property=\"og:image:type\" content=\"image\/png\" \/>\n<meta name=\"author\" content=\"Mzone\" \/>\n<meta name=\"twitter:card\" content=\"summary_large_image\" \/>\n<meta name=\"twitter:label1\" content=\"Written by\" \/>\n\t<meta name=\"twitter:data1\" content=\"Mzone\" \/>\n\t<meta name=\"twitter:label2\" content=\"Est. reading time\" \/>\n\t<meta name=\"twitter:data2\" content=\"1 minute\" \/>\n<script type=\"application\/ld+json\" class=\"yoast-schema-graph\">{\"@context\":\"https:\\\/\\\/schema.org\",\"@graph\":[{\"@type\":\"Article\",\"@id\":\"https:\\\/\\\/www.mzone.cz\\\/ceska-mlaticka-v-ufc-prohrala-pudilova-v-praze-nestacila-na-valecnou-veteranku\\\/#article\",\"isPartOf\":{\"@id\":\"https:\\\/\\\/www.mzone.cz\\\/ceska-mlaticka-v-ufc-prohrala-pudilova-v-praze-nestacila-na-valecnou-veteranku\\\/\"},\"author\":{\"name\":\"Mzone\",\"@id\":\"https:\\\/\\\/www.mzone.cz\\\/#\\\/schema\\\/person\\\/9bc20cc422a99cac4af6ff9297da32d4\"},\"headline\":\"\u010cesk\u00e1 ml\u00e1ti\u010dka v\u00a0UFC prohr\u00e1la! Pudilov\u00e1 v\u00a0Praze nesta\u010dila na v\u00e1le\u010dnou veter\u00e1nku\",\"datePublished\":\"2019-02-24T15:30:37+00:00\",\"dateModified\":\"2019-08-13T10:23:27+00:00\",\"mainEntityOfPage\":{\"@id\":\"https:\\\/\\\/www.mzone.cz\\\/ceska-mlaticka-v-ufc-prohrala-pudilova-v-praze-nestacila-na-valecnou-veteranku\\\/\"},\"wordCount\":274,\"commentCount\":0,\"image\":{\"@id\":\"https:\\\/\\\/www.mzone.cz\\\/ceska-mlaticka-v-ufc-prohrala-pudilova-v-praze-nestacila-na-valecnou-veteranku\\\/#primaryimage\"},\"thumbnailUrl\":\"https:\\\/\\\/www.mzone.cz\\\/wp-content\\\/uploads\\\/2019\\\/02\\\/Sn\u00edmek-obrazovky-2019-02-24-v-11.41.47.png\",\"keywords\":[\"bojov\u00e9 sporty\",\"Fight Night\",\"galave\u010der\",\"Liz Carmouche\",\"Lucie Pudilov\u00e1\",\"MMA\",\"Praha\",\"prohra\",\"Sport\",\"sportovkyn\u011b\",\"UFC\",\"Video\",\"z\u00e1pas\",\"z\u00e1pasnice\"],\"articleSection\":[\"Sport\",\"Video\"],\"inLanguage\":\"en-US\",\"potentialAction\":[{\"@type\":\"CommentAction\",\"name\":\"Comment\",\"target\":[\"https:\\\/\\\/www.mzone.cz\\\/ceska-mlaticka-v-ufc-prohrala-pudilova-v-praze-nestacila-na-valecnou-veteranku\\\/#respond\"]}]},{\"@type\":\"WebPage\",\"@id\":\"https:\\\/\\\/www.mzone.cz\\\/ceska-mlaticka-v-ufc-prohrala-pudilova-v-praze-nestacila-na-valecnou-veteranku\\\/\",\"url\":\"https:\\\/\\\/www.mzone.cz\\\/ceska-mlaticka-v-ufc-prohrala-pudilova-v-praze-nestacila-na-valecnou-veteranku\\\/\",\"name\":\"\u010cesk\u00e1 ml\u00e1ti\u010dka v\u00a0UFC prohr\u00e1la! Pudilov\u00e1 v\u00a0Praze nesta\u010dila na v\u00e1le\u010dnou veter\u00e1nku - Mzone\",\"isPartOf\":{\"@id\":\"https:\\\/\\\/www.mzone.cz\\\/#website\"},\"primaryImageOfPage\":{\"@id\":\"https:\\\/\\\/www.mzone.cz\\\/ceska-mlaticka-v-ufc-prohrala-pudilova-v-praze-nestacila-na-valecnou-veteranku\\\/#primaryimage\"},\"image\":{\"@id\":\"https:\\\/\\\/www.mzone.cz\\\/ceska-mlaticka-v-ufc-prohrala-pudilova-v-praze-nestacila-na-valecnou-veteranku\\\/#primaryimage\"},\"thumbnailUrl\":\"https:\\\/\\\/www.mzone.cz\\\/wp-content\\\/uploads\\\/2019\\\/02\\\/Sn\u00edmek-obrazovky-2019-02-24-v-11.41.47.png\",\"datePublished\":\"2019-02-24T15:30:37+00:00\",\"dateModified\":\"2019-08-13T10:23:27+00:00\",\"author\":{\"@id\":\"https:\\\/\\\/www.mzone.cz\\\/#\\\/schema\\\/person\\\/9bc20cc422a99cac4af6ff9297da32d4\"},\"description\":\"Slavn\u00e1 UFC zav\u00edtala v\u00a0sobotu 23. \u00fanora do Prahy, kde se b\u011bhem galave\u010dera Fight Night p\u0159edstavila tak\u00e9 jedin\u00e1 \u010desk\u00e1 z\u00e1stupkyn\u011b v\u00a0nejpresti\u017en\u011bj\u0161\u00ed MMA organizaci sv\u011bta Lucie Pudilov\u00e1. \u010cty\u0159iadvacetilet\u00e1 roda\u010dka z\u00a0P\u0159\u00edbrami souboj s\u00a0Ameri\u010dankou Liz Carmouche prohr\u00e1la na body.\",\"breadcrumb\":{\"@id\":\"https:\\\/\\\/www.mzone.cz\\\/ceska-mlaticka-v-ufc-prohrala-pudilova-v-praze-nestacila-na-valecnou-veteranku\\\/#breadcrumb\"},\"inLanguage\":\"en-US\",\"potentialAction\":[{\"@type\":\"ReadAction\",\"target\":[\"https:\\\/\\\/www.mzone.cz\\\/ceska-mlaticka-v-ufc-prohrala-pudilova-v-praze-nestacila-na-valecnou-veteranku\\\/\"]}]},{\"@type\":\"ImageObject\",\"inLanguage\":\"en-US\",\"@id\":\"https:\\\/\\\/www.mzone.cz\\\/ceska-mlaticka-v-ufc-prohrala-pudilova-v-praze-nestacila-na-valecnou-veteranku\\\/#primaryimage\",\"url\":\"https:\\\/\\\/www.mzone.cz\\\/wp-content\\\/uploads\\\/2019\\\/02\\\/Sn\u00edmek-obrazovky-2019-02-24-v-11.41.47.png\",\"contentUrl\":\"https:\\\/\\\/www.mzone.cz\\\/wp-content\\\/uploads\\\/2019\\\/02\\\/Sn\u00edmek-obrazovky-2019-02-24-v-11.41.47.png\",\"width\":2379,\"height\":1586},{\"@type\":\"BreadcrumbList\",\"@id\":\"https:\\\/\\\/www.mzone.cz\\\/ceska-mlaticka-v-ufc-prohrala-pudilova-v-praze-nestacila-na-valecnou-veteranku\\\/#breadcrumb\",\"itemListElement\":[{\"@type\":\"ListItem\",\"position\":1,\"name\":\"Dom\u016f\",\"item\":\"https:\\\/\\\/www.mzone.cz\\\/\"},{\"@type\":\"ListItem\",\"position\":2,\"name\":\"\u010cesk\u00e1 ml\u00e1ti\u010dka v\u00a0UFC prohr\u00e1la! Pudilov\u00e1 v\u00a0Praze nesta\u010dila na v\u00e1le\u010dnou veter\u00e1nku\"}]},{\"@type\":\"WebSite\",\"@id\":\"https:\\\/\\\/www.mzone.cz\\\/#website\",\"url\":\"https:\\\/\\\/www.mzone.cz\\\/\",\"name\":\"Mzone\",\"description\":\"Magaz\u00edn nejen pro mu\u017ee\",\"potentialAction\":[{\"@type\":\"SearchAction\",\"target\":{\"@type\":\"EntryPoint\",\"urlTemplate\":\"https:\\\/\\\/www.mzone.cz\\\/?s={search_term_string}\"},\"query-input\":{\"@type\":\"PropertyValueSpecification\",\"valueRequired\":true,\"valueName\":\"search_term_string\"}}],\"inLanguage\":\"en-US\"},{\"@type\":\"Person\",\"@id\":\"https:\\\/\\\/www.mzone.cz\\\/#\\\/schema\\\/person\\\/9bc20cc422a99cac4af6ff9297da32d4\",\"name\":\"Mzone\",\"image\":{\"@type\":\"ImageObject\",\"inLanguage\":\"en-US\",\"@id\":\"https:\\\/\\\/secure.gravatar.com\\\/avatar\\\/e780a8630f3182a3d06dd667ab6bea151a0d155b0951bc15fe22633acdac0676?s=96&d=mm&r=g\",\"url\":\"https:\\\/\\\/secure.gravatar.com\\\/avatar\\\/e780a8630f3182a3d06dd667ab6bea151a0d155b0951bc15fe22633acdac0676?s=96&d=mm&r=g\",\"contentUrl\":\"https:\\\/\\\/secure.gravatar.com\\\/avatar\\\/e780a8630f3182a3d06dd667ab6bea151a0d155b0951bc15fe22633acdac0676?s=96&d=mm&r=g\",\"caption\":\"Mzone\"},\"url\":\"https:\\\/\\\/www.mzone.cz\\\/en\\\/author\\\/jakub\\\/\"}]}<\/script>\n<!-- \/ Yoast SEO plugin. -->","yoast_head_json":{"title":"\u010cesk\u00e1 ml\u00e1ti\u010dka v\u00a0UFC prohr\u00e1la! Pudilov\u00e1 v\u00a0Praze nesta\u010dila na v\u00e1le\u010dnou veter\u00e1nku - Mzone","description":"Slavn\u00e1 UFC zav\u00edtala v\u00a0sobotu 23. \u00fanora do Prahy, kde se b\u011bhem galave\u010dera Fight Night p\u0159edstavila tak\u00e9 jedin\u00e1 \u010desk\u00e1 z\u00e1stupkyn\u011b v\u00a0nejpresti\u017en\u011bj\u0161\u00ed MMA organizaci sv\u011bta Lucie Pudilov\u00e1. \u010cty\u0159iadvacetilet\u00e1 roda\u010dka z\u00a0P\u0159\u00edbrami souboj s\u00a0Ameri\u010dankou Liz Carmouche prohr\u00e1la na body.","robots":{"index":"index","follow":"follow","max-snippet":"max-snippet:-1","max-image-preview":"max-image-preview:large","max-video-preview":"max-video-preview:-1"},"canonical":"https:\/\/www.mzone.cz\/en\/ceska-mlaticka-v-ufc-prohrala-pudilova-v-praze-nestacila-na-valecnou-veteranku\/","og_locale":"en_US","og_type":"article","og_title":"\u010cesk\u00e1 ml\u00e1ti\u010dka v\u00a0UFC prohr\u00e1la! Pudilov\u00e1 v\u00a0Praze nesta\u010dila na v\u00e1le\u010dnou veter\u00e1nku - Mzone","og_description":"Slavn\u00e1 UFC zav\u00edtala v\u00a0sobotu 23. \u00fanora do Prahy, kde se b\u011bhem galave\u010dera Fight Night p\u0159edstavila tak\u00e9 jedin\u00e1 \u010desk\u00e1 z\u00e1stupkyn\u011b v\u00a0nejpresti\u017en\u011bj\u0161\u00ed MMA organizaci sv\u011bta Lucie Pudilov\u00e1. \u010cty\u0159iadvacetilet\u00e1 roda\u010dka z\u00a0P\u0159\u00edbrami souboj s\u00a0Ameri\u010dankou Liz Carmouche prohr\u00e1la na body.","og_url":"https:\/\/www.mzone.cz\/en\/ceska-mlaticka-v-ufc-prohrala-pudilova-v-praze-nestacila-na-valecnou-veteranku\/","og_site_name":"Mzone","article_publisher":"https:\/\/www.facebook.com\/MzoneCZ\/","article_published_time":"2019-02-24T15:30:37+00:00","article_modified_time":"2019-08-13T10:23:27+00:00","og_image":[{"width":1024,"height":683,"url":"https:\/\/www.mzone.cz\/wp-content\/uploads\/2019\/02\/Sn\u00edmek-obrazovky-2019-02-24-v-11.41.47-1024x683.png","type":"image\/png"}],"author":"Mzone","twitter_card":"summary_large_image","twitter_misc":{"Written by":"Mzone","Est. reading time":"1 minute"},"schema":{"@context":"https:\/\/schema.org","@graph":[{"@type":"Article","@id":"https:\/\/www.mzone.cz\/ceska-mlaticka-v-ufc-prohrala-pudilova-v-praze-nestacila-na-valecnou-veteranku\/#article","isPartOf":{"@id":"https:\/\/www.mzone.cz\/ceska-mlaticka-v-ufc-prohrala-pudilova-v-praze-nestacila-na-valecnou-veteranku\/"},"author":{"name":"Mzone","@id":"https:\/\/www.mzone.cz\/#\/schema\/person\/9bc20cc422a99cac4af6ff9297da32d4"},"headline":"\u010cesk\u00e1 ml\u00e1ti\u010dka v\u00a0UFC prohr\u00e1la! Pudilov\u00e1 v\u00a0Praze nesta\u010dila na v\u00e1le\u010dnou veter\u00e1nku","datePublished":"2019-02-24T15:30:37+00:00","dateModified":"2019-08-13T10:23:27+00:00","mainEntityOfPage":{"@id":"https:\/\/www.mzone.cz\/ceska-mlaticka-v-ufc-prohrala-pudilova-v-praze-nestacila-na-valecnou-veteranku\/"},"wordCount":274,"commentCount":0,"image":{"@id":"https:\/\/www.mzone.cz\/ceska-mlaticka-v-ufc-prohrala-pudilova-v-praze-nestacila-na-valecnou-veteranku\/#primaryimage"},"thumbnailUrl":"https:\/\/www.mzone.cz\/wp-content\/uploads\/2019\/02\/Sn\u00edmek-obrazovky-2019-02-24-v-11.41.47.png","keywords":["bojov\u00e9 sporty","Fight Night","galave\u010der","Liz Carmouche","Lucie Pudilov\u00e1","MMA","Praha","prohra","Sport","sportovkyn\u011b","UFC","Video","z\u00e1pas","z\u00e1pasnice"],"articleSection":["Sport","Video"],"inLanguage":"en-US","potentialAction":[{"@type":"CommentAction","name":"Comment","target":["https:\/\/www.mzone.cz\/ceska-mlaticka-v-ufc-prohrala-pudilova-v-praze-nestacila-na-valecnou-veteranku\/#respond"]}]},{"@type":"WebPage","@id":"https:\/\/www.mzone.cz\/ceska-mlaticka-v-ufc-prohrala-pudilova-v-praze-nestacila-na-valecnou-veteranku\/","url":"https:\/\/www.mzone.cz\/ceska-mlaticka-v-ufc-prohrala-pudilova-v-praze-nestacila-na-valecnou-veteranku\/","name":"\u010cesk\u00e1 ml\u00e1ti\u010dka v\u00a0UFC prohr\u00e1la! Pudilov\u00e1 v\u00a0Praze nesta\u010dila na v\u00e1le\u010dnou veter\u00e1nku - Mzone","isPartOf":{"@id":"https:\/\/www.mzone.cz\/#website"},"primaryImageOfPage":{"@id":"https:\/\/www.mzone.cz\/ceska-mlaticka-v-ufc-prohrala-pudilova-v-praze-nestacila-na-valecnou-veteranku\/#primaryimage"},"image":{"@id":"https:\/\/www.mzone.cz\/ceska-mlaticka-v-ufc-prohrala-pudilova-v-praze-nestacila-na-valecnou-veteranku\/#primaryimage"},"thumbnailUrl":"https:\/\/www.mzone.cz\/wp-content\/uploads\/2019\/02\/Sn\u00edmek-obrazovky-2019-02-24-v-11.41.47.png","datePublished":"2019-02-24T15:30:37+00:00","dateModified":"2019-08-13T10:23:27+00:00","author":{"@id":"https:\/\/www.mzone.cz\/#\/schema\/person\/9bc20cc422a99cac4af6ff9297da32d4"},"description":"Slavn\u00e1 UFC zav\u00edtala v\u00a0sobotu 23. \u00fanora do Prahy, kde se b\u011bhem galave\u010dera Fight Night p\u0159edstavila tak\u00e9 jedin\u00e1 \u010desk\u00e1 z\u00e1stupkyn\u011b v\u00a0nejpresti\u017en\u011bj\u0161\u00ed MMA organizaci sv\u011bta Lucie Pudilov\u00e1. \u010cty\u0159iadvacetilet\u00e1 roda\u010dka z\u00a0P\u0159\u00edbrami souboj s\u00a0Ameri\u010dankou Liz Carmouche prohr\u00e1la na body.","breadcrumb":{"@id":"https:\/\/www.mzone.cz\/ceska-mlaticka-v-ufc-prohrala-pudilova-v-praze-nestacila-na-valecnou-veteranku\/#breadcrumb"},"inLanguage":"en-US","potentialAction":[{"@type":"ReadAction","target":["https:\/\/www.mzone.cz\/ceska-mlaticka-v-ufc-prohrala-pudilova-v-praze-nestacila-na-valecnou-veteranku\/"]}]},{"@type":"ImageObject","inLanguage":"en-US","@id":"https:\/\/www.mzone.cz\/ceska-mlaticka-v-ufc-prohrala-pudilova-v-praze-nestacila-na-valecnou-veteranku\/#primaryimage","url":"https:\/\/www.mzone.cz\/wp-content\/uploads\/2019\/02\/Sn\u00edmek-obrazovky-2019-02-24-v-11.41.47.png","contentUrl":"https:\/\/www.mzone.cz\/wp-content\/uploads\/2019\/02\/Sn\u00edmek-obrazovky-2019-02-24-v-11.41.47.png","width":2379,"height":1586},{"@type":"BreadcrumbList","@id":"https:\/\/www.mzone.cz\/ceska-mlaticka-v-ufc-prohrala-pudilova-v-praze-nestacila-na-valecnou-veteranku\/#breadcrumb","itemListElement":[{"@type":"ListItem","position":1,"name":"Dom\u016f","item":"https:\/\/www.mzone.cz\/"},{"@type":"ListItem","position":2,"name":"\u010cesk\u00e1 ml\u00e1ti\u010dka v\u00a0UFC prohr\u00e1la! Pudilov\u00e1 v\u00a0Praze nesta\u010dila na v\u00e1le\u010dnou veter\u00e1nku"}]},{"@type":"WebSite","@id":"https:\/\/www.mzone.cz\/#website","url":"https:\/\/www.mzone.cz\/","name":"Mzone","description":"Magaz\u00edn nejen pro mu\u017ee","potentialAction":[{"@type":"SearchAction","target":{"@type":"EntryPoint","urlTemplate":"https:\/\/www.mzone.cz\/?s={search_term_string}"},"query-input":{"@type":"PropertyValueSpecification","valueRequired":true,"valueName":"search_term_string"}}],"inLanguage":"en-US"},{"@type":"Person","@id":"https:\/\/www.mzone.cz\/#\/schema\/person\/9bc20cc422a99cac4af6ff9297da32d4","name":"Mzone","image":{"@type":"ImageObject","inLanguage":"en-US","@id":"https:\/\/secure.gravatar.com\/avatar\/e780a8630f3182a3d06dd667ab6bea151a0d155b0951bc15fe22633acdac0676?s=96&d=mm&r=g","url":"https:\/\/secure.gravatar.com\/avatar\/e780a8630f3182a3d06dd667ab6bea151a0d155b0951bc15fe22633acdac0676?s=96&d=mm&r=g","contentUrl":"https:\/\/secure.gravatar.com\/avatar\/e780a8630f3182a3d06dd667ab6bea151a0d155b0951bc15fe22633acdac0676?s=96&d=mm&r=g","caption":"Mzone"},"url":"https:\/\/www.mzone.cz\/en\/author\/jakub\/"}]}},"_links":{"self":[{"href":"https:\/\/www.mzone.cz\/en\/wp-json\/wp\/v2\/posts\/5508","targetHints":{"allow":["GET"]}}],"collection":[{"href":"https:\/\/www.mzone.cz\/en\/wp-json\/wp\/v2\/posts"}],"about":[{"href":"https:\/\/www.mzone.cz\/en\/wp-json\/wp\/v2\/types\/post"}],"author":[{"embeddable":true,"href":"https:\/\/www.mzone.cz\/en\/wp-json\/wp\/v2\/users\/4"}],"replies":[{"embeddable":true,"href":"https:\/\/www.mzone.cz\/en\/wp-json\/wp\/v2\/comments?post=5508"}],"version-history":[{"count":1,"href":"https:\/\/www.mzone.cz\/en\/wp-json\/wp\/v2\/posts\/5508\/revisions"}],"predecessor-version":[{"id":12010,"href":"https:\/\/www.mzone.cz\/en\/wp-json\/wp\/v2\/posts\/5508\/revisions\/12010"}],"wp:featuredmedia":[{"embeddable":true,"href":"https:\/\/www.mzone.cz\/en\/wp-json\/wp\/v2\/media\/5509"}],"wp:attachment":[{"href":"https:\/\/www.mzone.cz\/en\/wp-json\/wp\/v2\/media?parent=5508"}],"wp:term":[{"taxonomy":"category","embeddable":true,"href":"https:\/\/www.mzone.cz\/en\/wp-json\/wp\/v2\/categories?post=5508"},{"taxonomy":"post_tag","embeddable":true,"href":"https:\/\/www.mzone.cz\/en\/wp-json\/wp\/v2\/tags?post=5508"}],"curies":[{"name":"wp","href":"https:\/\/api.w.org\/{rel}","templated":true}]}}