{"id":5640,"date":"2019-03-02T06:00:43","date_gmt":"2019-03-02T05:00:43","guid":{"rendered":"http:\/\/www.mzone.cz\/?p=5640"},"modified":"2019-08-13T12:21:09","modified_gmt":"2019-08-13T10:21:09","slug":"autosalon-v-zeneve-co-tam-uvidite-jak-se-tam-dostanete-a-kolik-vas-to-bude-stat","status":"publish","type":"post","link":"https:\/\/www.mzone.cz\/en\/autosalon-v-zeneve-co-tam-uvidite-jak-se-tam-dostanete-a-kolik-vas-to-bude-stat\/","title":{"rendered":"Autosalon v \u017denev\u011b: Co tam uvid\u00edte, jak se tam dostanete a kolik v\u00e1s to bude st\u00e1t?"},"content":{"rendered":"<p><strong>Na rozd\u00edl od dal\u0161\u00edch evropsk\u00fdch autosalon\u016f se ten \u017eenevsk\u00fd t\u011b\u0161\u00ed st\u00e1l\u00e9 p\u0159\u00edzni automobilek i n\u00e1v\u0161t\u011bvn\u00edk\u016f. V neutr\u00e1ln\u00edm \u0160v\u00fdcarsku jsou ka\u017ed\u00fd rok k vid\u011bn\u00ed novinky a koncepty, a proto\u017ee je v\u00fdstavi\u0161t\u011b v \u017denev\u011b pom\u011brn\u011b mal\u00e9, bez probl\u00e9m\u016f ho projdete za jeden den. A leto\u0161n\u00ed ro\u010dn\u00edk bude nejen o elektromobilech a SUV, ale k vid\u011bn\u00ed bude i p\u00e1r velmi zaj\u00edmav\u00fdch supersport\u016f!<\/strong><\/p><br>\n\n\n\n<p>Leto\u0161n\u00ed \u017eenevsk\u00fd autosalon je ji\u017e 89. v po\u0159ad\u00ed a na rozd\u00edl od autosalon\u016f v Pa\u0159\u00ed\u017ei \u010di Frankfurtu rozhodn\u011b netrp\u00ed dramatick\u00fdm odlivem vystavuj\u00edc\u00edch. V\u00fdstavi\u0161t\u011b hned vedle leti\u0161t\u011b je ka\u017ed\u00fd rok zapln\u011bn\u00e9 k prasknut\u00ed a ka\u017ed\u00fd v\u00e1m \u0159ekne, \u017ee rozhodn\u011b stoj\u00ed za n\u00e1v\u0161t\u011bvu. Leto\u0161n\u00ed ro\u010dn\u00edk se kon\u00e1 od&nbsp;5. do 17. b\u0159ezna 2019, prvn\u00ed dva dny jsou pro odbornou ve\u0159ejnost, pro b\u011b\u017en\u00e9 n\u00e1v\u0161t\u011bvn\u00edky je otev\u0159eno od \u010dtvrtka 7. b\u0159ezna.<\/p>\n\n\n\n<blockquote class=\"wp-block-quote is-layout-flow wp-block-quote-is-layout-flow\"><p>Br\u00e1ny se od pond\u011bl\u00ed do p\u00e1tku otev\u00edraj\u00ed v deset hodin a zav\u00edr\u00e1 se v osm ve\u010der, o v\u00edkendu je pak otev\u0159eno od dev\u00edti do sedmi. Celodenn\u00ed vstup je 16 frank\u016f, tedy cca 370 korun, a po \u010dtvrt\u00e9 hodin\u011b je zlevn\u011bno na polovinu.<\/p><\/blockquote>\n\n\n\n<p>Na autosalon se dostanete jak autem, p\u0159i\u010dem\u017e skoro cel\u00e1 cesta je po d\u00e1lnici a z Prahy je to 950 a z Brna 1160 kilometr\u016f, tak letadlem, kdy z leti\u0161t\u011b na v\u00fdstavi\u0161t\u011b jednodu\u0161e dojdete &#8211; sta\u010d\u00ed jen p\u0159ej\u00edt nadchodem p\u0159es silnici. Na internetu pak najdete p\u0159ekvapiv\u011b mnoho z\u00e1jezd\u016f na autosalon, kdy v\u00e1s cel\u00fd v\u00fdlet (cesta autobusem + vstup) p\u0159ijde na cca 1800 K\u010d. V\u00fdstavi\u0161t\u011b Palexpo je pom\u011brn\u011b kompaktn\u00ed, tak\u017ee v\u00e1m k n\u00e1v\u0161t\u011bv\u011b autosalonu opravdu sta\u010d\u00ed jen jeden den. Soud\u011b podle minul\u00fdch ro\u010dn\u00edk\u016f, tak v\u011bt\u0161ina expon\u00e1t\u016f je otev\u0159en\u00e1 a do aut se tedy m\u016f\u017eete posadit.<\/p>\n\n\n\n<h2><br>5 aut, kv\u016fli kter\u00fdm byste se na \u017eenevsk\u00fd autosalon m\u011bli vypravit:<\/h2><br>\n\n\n\n<h3 class=\"wp-block-heading\">Ferrari F8 Tributo<\/h3>\n\n\n\n<figure class=\"wp-block-image\"><img loading=\"lazy\" decoding=\"async\" width=\"1024\" height=\"576\" src=\"http:\/\/www.mzone.cz\/wp-content\/uploads\/2019\/03\/ferrari-f8-tributo-1024x576.jpg\" alt=\"\" class=\"wp-image-5650\" srcset=\"https:\/\/www.mzone.cz\/wp-content\/uploads\/2019\/03\/ferrari-f8-tributo-1024x576.jpg 1024w, https:\/\/www.mzone.cz\/wp-content\/uploads\/2019\/03\/ferrari-f8-tributo-300x169.jpg 300w, https:\/\/www.mzone.cz\/wp-content\/uploads\/2019\/03\/ferrari-f8-tributo-768x432.jpg 768w, https:\/\/www.mzone.cz\/wp-content\/uploads\/2019\/03\/ferrari-f8-tributo-590x332.jpg 590w, https:\/\/www.mzone.cz\/wp-content\/uploads\/2019\/03\/ferrari-f8-tributo.jpg 1920w\" sizes=\"auto, (max-width: 1024px) 100vw, 1024px\" \/><\/figure>\n\n\n\n<p>Nov\u00fd osmiv\u00e1lcov\u00fd supersport od Ferrari nahrazuje model 488 GTB, kter\u00fd byl ve v\u00fdrob\u011b pouh\u00e9 \u010dty\u0159i roky. F8 Tributo je jeho p\u0159\u00edm\u00fdm pokra\u010dov\u00e1n\u00edm, ale jak u\u017e je ve sv\u011bt\u011b supersport\u016f zvykem, tak je leh\u010d\u00ed, siln\u011bj\u0161\u00ed a rychlej\u0161\u00ed. A ty parametry v\u00e1\u017en\u011b berou dech\u2026<\/p>\n\n\n\n<blockquote class=\"wp-block-quote is-layout-flow wp-block-quote-is-layout-flow\"><p>P\u0159epl\u0148ovan\u00fd osmiv\u00e1lec 3902 cm3 m\u00e1 v\u00fdkon 720 kon\u00ed a to\u010div\u00fd moment je 770 Nm, co\u017e p\u0159i such\u00e9 v\u00e1ze 1330 kg sta\u010d\u00ed pro zrychlen\u00ed na stovku za 2,9 s a maxim\u00e1ln\u00ed rychlost 340 km\/h!<\/p><\/blockquote>\n\n\n\n<h3 class=\"wp-block-heading\"><br>Honda E Prototype<\/h3>\n\n\n\n<figure class=\"wp-block-image\"><img loading=\"lazy\" decoding=\"async\" width=\"910\" height=\"455\" src=\"http:\/\/www.mzone.cz\/wp-content\/uploads\/2019\/03\/Honda-E-prototype.jpg\" alt=\"\" class=\"wp-image-5655\" srcset=\"https:\/\/www.mzone.cz\/wp-content\/uploads\/2019\/03\/Honda-E-prototype.jpg 910w, https:\/\/www.mzone.cz\/wp-content\/uploads\/2019\/03\/Honda-E-prototype-300x150.jpg 300w, https:\/\/www.mzone.cz\/wp-content\/uploads\/2019\/03\/Honda-E-prototype-768x384.jpg 768w, https:\/\/www.mzone.cz\/wp-content\/uploads\/2019\/03\/Honda-E-prototype-590x295.jpg 590w\" sizes=\"auto, (max-width: 910px) 100vw, 910px\" \/><\/figure>\n\n\n\n<p>Na druh\u00e9m konci spektra je kr\u00e1sn\u00fd retro elektromobil od Hondy, kter\u00fd m\u00e1 pohon zadn\u00edch kol a v\u00fdrobce slibuje, \u017ee nejen kv\u016fli tomu bude m\u00edt velmi dobr\u00e9 j\u00edzdn\u00ed vlastnosti. Jde zat\u00edm jen o koncept, ale je\u0161t\u011b v leto\u0161n\u00edm roce by m\u011bla automobilka spustit jeho v\u00fdrobu.<\/p>\n\n\n\n<h3 class=\"wp-block-heading\"><br>Peugeot 208<\/h3>\n\n\n\n<figure class=\"wp-block-image\"><img loading=\"lazy\" decoding=\"async\" width=\"1024\" height=\"683\" src=\"http:\/\/www.mzone.cz\/wp-content\/uploads\/2019\/03\/01_48-1024x683.jpg\" alt=\"\" class=\"wp-image-5658\" srcset=\"https:\/\/www.mzone.cz\/wp-content\/uploads\/2019\/03\/01_48-1024x683.jpg 1024w, https:\/\/www.mzone.cz\/wp-content\/uploads\/2019\/03\/01_48-300x200.jpg 300w, https:\/\/www.mzone.cz\/wp-content\/uploads\/2019\/03\/01_48-768x512.jpg 768w, https:\/\/www.mzone.cz\/wp-content\/uploads\/2019\/03\/01_48-800x533.jpg 800w, https:\/\/www.mzone.cz\/wp-content\/uploads\/2019\/03\/01_48-400x267.jpg 400w, https:\/\/www.mzone.cz\/wp-content\/uploads\/2019\/03\/01_48-500x333.jpg 500w, https:\/\/www.mzone.cz\/wp-content\/uploads\/2019\/03\/01_48-1170x780.jpg 1170w, https:\/\/www.mzone.cz\/wp-content\/uploads\/2019\/03\/01_48-590x393.jpg 590w\" sizes=\"auto, (max-width: 1024px) 100vw, 1024px\" \/><\/figure>\n\n\n\n<p>Tato francouzsk\u00e1 automobilka doslova vst\u00e1v\u00e1 z popela a po hezk\u00e9m a dob\u0159e jezd\u00edc\u00edm v\u011bt\u0161\u00edm modelu 508 p\u0159edstav\u00ed v \u017denev\u011b hatchback 208. P\u011bkn\u00e1 karoserie stoj\u00ed na \u00fapln\u011b nov\u00e9 podvozkov\u00e9 platform\u011b a k m\u00e1n\u00ed budou jak benz\u00ednov\u00e9, tak naftov\u00e9 i elektrick\u00e9 verze.<\/p>\n\n\n\n<h3 class=\"wp-block-heading\"><br>2x RUF<\/h3>\n\n\n\n<figure class=\"wp-block-image\"><img loading=\"lazy\" decoding=\"async\" width=\"1024\" height=\"576\" src=\"http:\/\/www.mzone.cz\/wp-content\/uploads\/2019\/03\/ruf-ctr-anniversary-production-version-1024x576.jpg\" alt=\"\" class=\"wp-image-5662\" srcset=\"https:\/\/www.mzone.cz\/wp-content\/uploads\/2019\/03\/ruf-ctr-anniversary-production-version-1024x576.jpg 1024w, https:\/\/www.mzone.cz\/wp-content\/uploads\/2019\/03\/ruf-ctr-anniversary-production-version-300x169.jpg 300w, https:\/\/www.mzone.cz\/wp-content\/uploads\/2019\/03\/ruf-ctr-anniversary-production-version-768x432.jpg 768w, https:\/\/www.mzone.cz\/wp-content\/uploads\/2019\/03\/ruf-ctr-anniversary-production-version-590x332.jpg 590w, https:\/\/www.mzone.cz\/wp-content\/uploads\/2019\/03\/ruf-ctr-anniversary-production-version.jpg 1920w\" sizes=\"auto, (max-width: 1024px) 100vw, 1024px\" \/><\/figure>\n\n\n\n<p>N\u011bmeck\u00e1 malos\u00e9riov\u00e1 autmobilka p\u0159iveze hned dv\u011b zaj\u00edmav\u00e1 auta, ob\u011b jsou reinkarnacemi Porsche 911. Proveden\u00ed CTR Anniversary navazuje na dva roky star\u00fd prototyp CTR a jde o skute\u010dn\u00fd unik\u00e1t. Karbonov\u00e1 karoserie, p\u0159epl\u0148ovan\u00fd boxer s v\u00fdkonem 710 kon\u00ed, v\u00e1ha cca 1200 kg a topspeed okolo 360 km\/h. Druh\u00e9 auto je pak RUF GT, co\u017e je modifikace generace 991 s v\u00fdkonem 522 kon\u00ed, kter\u00e9 m\u00e1 d\u00e1l rozv\u00edjet charakteristick\u00e9 znaky Porsche i spole\u010dnosti RUF.<\/p>\n\n\n\n<h3 class=\"wp-block-heading\"><br>\u0160koda Kamiq<\/h3>\n\n\n\n<figure class=\"wp-block-image\"><img loading=\"lazy\" decoding=\"async\" width=\"1024\" height=\"576\" src=\"http:\/\/www.mzone.cz\/wp-content\/uploads\/2019\/03\/jarvis_5c744172498e4c328ec737b3-1024x576.jpeg\" alt=\"\" class=\"wp-image-5664\" srcset=\"https:\/\/www.mzone.cz\/wp-content\/uploads\/2019\/03\/jarvis_5c744172498e4c328ec737b3-1024x576.jpeg 1024w, https:\/\/www.mzone.cz\/wp-content\/uploads\/2019\/03\/jarvis_5c744172498e4c328ec737b3-300x169.jpeg 300w, https:\/\/www.mzone.cz\/wp-content\/uploads\/2019\/03\/jarvis_5c744172498e4c328ec737b3-768x432.jpeg 768w, https:\/\/www.mzone.cz\/wp-content\/uploads\/2019\/03\/jarvis_5c744172498e4c328ec737b3-590x332.jpeg 590w, https:\/\/www.mzone.cz\/wp-content\/uploads\/2019\/03\/jarvis_5c744172498e4c328ec737b3.jpeg 1280w\" sizes=\"auto, (max-width: 1024px) 100vw, 1024px\" \/><\/figure>\n\n\n\n<p>Na\u0161inec nejsp\u00ed\u0161 ocen\u00ed, \u017ee \u0160kodovka uk\u00e1\u017ee ve sv\u011btov\u00e9 premi\u00e9\u0159e svoje nejmen\u0161\u00ed SUV. M\u011bstsk\u00e9 SUV, kter\u00e9 vych\u00e1z\u00ed z designov\u00e9 studie Vision X, je p\u0159\u00edm\u00fd p\u0159\u00edbuzn\u00fd se \u0160kodou Scala, nebo t\u0159eba s&nbsp;Volkswagenem T-Cross \u010di Audi A1. Sd\u00edl\u00ed s nimi toti\u017e podvozkovou platformu (Kamiq m\u00e1 ze v\u0161ech aut v\u016fbec nejdel\u0161\u00ed rozvor), ale taky motory a p\u0159evodovky.&nbsp;V nab\u00eddce budou verze s pohonem p\u0159edn\u00edch i v\u0161ech kol, a krom\u011b benz\u00ednov\u00fdch a naftov\u00fdch motor\u016f se do\u010dk\u00e1me i verze CNG.<\/p><br>\n\n\n\n<div class=\"wp-block-image\"><figure class=\"alignleft is-resized\"><img loading=\"lazy\" decoding=\"async\" src=\"http:\/\/www.mzone.cz\/wp-content\/uploads\/2019\/01\/2007-Mercedes-Benz-CL-Class-Dr-Dieter-Zetsche-2-1600x1200-1024x683.jpg\" alt=\"\" class=\"wp-image-3842\" width=\"135\" height=\"89\" srcset=\"https:\/\/www.mzone.cz\/wp-content\/uploads\/2019\/01\/2007-Mercedes-Benz-CL-Class-Dr-Dieter-Zetsche-2-1600x1200-1024x683.jpg 1024w, https:\/\/www.mzone.cz\/wp-content\/uploads\/2019\/01\/2007-Mercedes-Benz-CL-Class-Dr-Dieter-Zetsche-2-1600x1200-300x200.jpg 300w, https:\/\/www.mzone.cz\/wp-content\/uploads\/2019\/01\/2007-Mercedes-Benz-CL-Class-Dr-Dieter-Zetsche-2-1600x1200-768x512.jpg 768w, https:\/\/www.mzone.cz\/wp-content\/uploads\/2019\/01\/2007-Mercedes-Benz-CL-Class-Dr-Dieter-Zetsche-2-1600x1200-800x533.jpg 800w, https:\/\/www.mzone.cz\/wp-content\/uploads\/2019\/01\/2007-Mercedes-Benz-CL-Class-Dr-Dieter-Zetsche-2-1600x1200-400x267.jpg 400w, https:\/\/www.mzone.cz\/wp-content\/uploads\/2019\/01\/2007-Mercedes-Benz-CL-Class-Dr-Dieter-Zetsche-2-1600x1200-500x333.jpg 500w, https:\/\/www.mzone.cz\/wp-content\/uploads\/2019\/01\/2007-Mercedes-Benz-CL-Class-Dr-Dieter-Zetsche-2-1600x1200-1170x780.jpg 1170w, https:\/\/www.mzone.cz\/wp-content\/uploads\/2019\/01\/2007-Mercedes-Benz-CL-Class-Dr-Dieter-Zetsche-2-1600x1200-590x393.jpg 590w, https:\/\/www.mzone.cz\/wp-content\/uploads\/2019\/01\/2007-Mercedes-Benz-CL-Class-Dr-Dieter-Zetsche-2-1600x1200.jpg 1429w\" sizes=\"auto, (max-width: 135px) 100vw, 135px\" \/><\/figure><\/div>\n\n\n\n<h4><a href=\"http:\/\/www.mzone.cz\/duchod-vic-jak-100-tisic-denne-to-neni-vtip-to-je-realita-mercedes-se-se-svym-sefem-louci-ve-velkem-stylu\/\">D\u016fchod v\u00edc jak 100 tis\u00edc denn\u011b? To nen\u00ed vtip, to je realita! Mercedes se se sv\u00fdm \u0161\u00e9fem lou\u010d\u00ed ve velk\u00e9m stylu<\/a><\/h4><br>","protected":false},"excerpt":{"rendered":"<p>Na rozd\u00edl od dal\u0161\u00edch evropsk\u00fdch autosalon\u016f se ten \u017eenevsk\u00fd t\u011b\u0161\u00ed st\u00e1l\u00e9 p\u0159\u00edzni automobilek i n\u00e1v\u0161t\u011bvn\u00edk\u016f. V neutr\u00e1ln\u00edm \u0160v\u00fdcarsku jsou ka\u017ed\u00fd rok k vid\u011bn\u00ed novinky a koncepty, a proto\u017ee je v\u00fdstavi\u0161t\u011b v \u017denev\u011b pom\u011brn\u011b mal\u00e9, bez probl\u00e9m\u016f ho projdete za jeden den. A leto\u0161n\u00ed ro\u010dn\u00edk bude nejen o elektromobilech a SUV, ale k vid\u011bn\u00ed bude i [&hellip;]<\/p>\n","protected":false},"author":4,"featured_media":5641,"comment_status":"open","ping_status":"open","sticky":false,"template":"","format":"standard","meta":{"kk_blocks_editor_width":"","_kiokenblocks_attr":"","_kiokenblocks_dimensions":"","footnotes":""},"categories":[69],"tags":[585,82,462,793,1541,1141,922,1576,317,1578,1577,1540,1542],"class_list":["post-5640","post","type-post","status-publish","format-standard","has-post-thumbnail","hentry","category-auto-moto","tag-auta","tag-auto","tag-auto-moto","tag-automobilky","tag-autosalon","tag-cesta","tag-informace","tag-koncepty","tag-novinky","tag-prezentace","tag-vydaje","tag-zeneva","tag-zenevsky-autosalon"],"yoast_head":"<!-- This site is optimized with the Yoast SEO plugin v27.5 - https:\/\/yoast.com\/product\/yoast-seo-wordpress\/ -->\n<title>Autosalon v \u017denev\u011b: Co tam uvid\u00edte, jak se tam dostanete a kolik v\u00e1s to bude st\u00e1t? - Mzone<\/title>\n<meta name=\"description\" content=\"Na rozd\u00edl od dal\u0161\u00edch evropsk\u00fdch autosalon\u016f se ten \u017eenevsk\u00fd t\u011b\u0161\u00ed st\u00e1l\u00e9 p\u0159\u00edzni automobilek i n\u00e1v\u0161t\u011bvn\u00edk\u016f. V neutr\u00e1ln\u00edm \u0160v\u00fdcarsku jsou ka\u017ed\u00fd rok k vid\u011bn\u00ed novinky a koncepty, a proto\u017ee je v\u00fdstavi\u0161t\u011b v \u017denev\u011b pom\u011brn\u011b mal\u00e9, bez probl\u00e9m\u016f ho projdete za jeden den. A leto\u0161n\u00ed ro\u010dn\u00edk bude nejen o elektromobilech a SUV, ale k vid\u011bn\u00ed bude i p\u00e1r velmi zaj\u00edmav\u00fdch supersport\u016f!\" \/>\n<meta name=\"robots\" content=\"index, follow, max-snippet:-1, max-image-preview:large, max-video-preview:-1\" \/>\n<link rel=\"canonical\" href=\"https:\/\/www.mzone.cz\/en\/autosalon-v-zeneve-co-tam-uvidite-jak-se-tam-dostanete-a-kolik-vas-to-bude-stat\/\" \/>\n<meta property=\"og:locale\" content=\"en_US\" \/>\n<meta property=\"og:type\" content=\"article\" \/>\n<meta property=\"og:title\" content=\"Autosalon v \u017denev\u011b: Co tam uvid\u00edte, jak se tam dostanete a kolik v\u00e1s to bude st\u00e1t? - Mzone\" \/>\n<meta property=\"og:description\" content=\"Na rozd\u00edl od dal\u0161\u00edch evropsk\u00fdch autosalon\u016f se ten \u017eenevsk\u00fd t\u011b\u0161\u00ed st\u00e1l\u00e9 p\u0159\u00edzni automobilek i n\u00e1v\u0161t\u011bvn\u00edk\u016f. V neutr\u00e1ln\u00edm \u0160v\u00fdcarsku jsou ka\u017ed\u00fd rok k vid\u011bn\u00ed novinky a koncepty, a proto\u017ee je v\u00fdstavi\u0161t\u011b v \u017denev\u011b pom\u011brn\u011b mal\u00e9, bez probl\u00e9m\u016f ho projdete za jeden den. A leto\u0161n\u00ed ro\u010dn\u00edk bude nejen o elektromobilech a SUV, ale k vid\u011bn\u00ed bude i p\u00e1r velmi zaj\u00edmav\u00fdch supersport\u016f!\" \/>\n<meta property=\"og:url\" content=\"https:\/\/www.mzone.cz\/en\/autosalon-v-zeneve-co-tam-uvidite-jak-se-tam-dostanete-a-kolik-vas-to-bude-stat\/\" \/>\n<meta property=\"og:site_name\" content=\"Mzone\" \/>\n<meta property=\"article:publisher\" content=\"https:\/\/www.facebook.com\/MzoneCZ\/\" \/>\n<meta property=\"article:published_time\" content=\"2019-03-02T05:00:43+00:00\" \/>\n<meta property=\"article:modified_time\" content=\"2019-08-13T10:21:09+00:00\" \/>\n<meta property=\"og:image\" content=\"https:\/\/www.mzone.cz\/wp-content\/uploads\/2019\/03\/IntAutoSalonGenf08-1024x683.jpg\" \/>\n\t<meta property=\"og:image:width\" content=\"1024\" \/>\n\t<meta property=\"og:image:height\" content=\"683\" \/>\n\t<meta property=\"og:image:type\" content=\"image\/jpeg\" \/>\n<meta name=\"author\" content=\"Mzone\" \/>\n<meta name=\"twitter:card\" content=\"summary_large_image\" \/>\n<meta name=\"twitter:label1\" content=\"Written by\" \/>\n\t<meta name=\"twitter:data1\" content=\"Mzone\" \/>\n\t<meta name=\"twitter:label2\" content=\"Est. reading time\" \/>\n\t<meta name=\"twitter:data2\" content=\"4 minutes\" \/>\n<script type=\"application\/ld+json\" class=\"yoast-schema-graph\">{\"@context\":\"https:\\\/\\\/schema.org\",\"@graph\":[{\"@type\":\"Article\",\"@id\":\"https:\\\/\\\/www.mzone.cz\\\/autosalon-v-zeneve-co-tam-uvidite-jak-se-tam-dostanete-a-kolik-vas-to-bude-stat\\\/#article\",\"isPartOf\":{\"@id\":\"https:\\\/\\\/www.mzone.cz\\\/autosalon-v-zeneve-co-tam-uvidite-jak-se-tam-dostanete-a-kolik-vas-to-bude-stat\\\/\"},\"author\":{\"name\":\"Mzone\",\"@id\":\"https:\\\/\\\/www.mzone.cz\\\/#\\\/schema\\\/person\\\/9bc20cc422a99cac4af6ff9297da32d4\"},\"headline\":\"Autosalon v \u017denev\u011b: Co tam uvid\u00edte, jak se tam dostanete a kolik v\u00e1s to bude st\u00e1t?\",\"datePublished\":\"2019-03-02T05:00:43+00:00\",\"dateModified\":\"2019-08-13T10:21:09+00:00\",\"mainEntityOfPage\":{\"@id\":\"https:\\\/\\\/www.mzone.cz\\\/autosalon-v-zeneve-co-tam-uvidite-jak-se-tam-dostanete-a-kolik-vas-to-bude-stat\\\/\"},\"wordCount\":787,\"commentCount\":0,\"image\":{\"@id\":\"https:\\\/\\\/www.mzone.cz\\\/autosalon-v-zeneve-co-tam-uvidite-jak-se-tam-dostanete-a-kolik-vas-to-bude-stat\\\/#primaryimage\"},\"thumbnailUrl\":\"https:\\\/\\\/www.mzone.cz\\\/wp-content\\\/uploads\\\/2019\\\/03\\\/IntAutoSalonGenf08.jpg\",\"keywords\":[\"auta\",\"Auto\",\"auto-moto\",\"automobilky\",\"autosalon\",\"cesta\",\"informace\",\"koncepty\",\"novinky\",\"prezentace\",\"v\u00fddaje\",\"\u017deneva\",\"\u017denevsk\u00fd autosalon\"],\"articleSection\":[\"Auto-moto\"],\"inLanguage\":\"en-US\",\"potentialAction\":[{\"@type\":\"CommentAction\",\"name\":\"Comment\",\"target\":[\"https:\\\/\\\/www.mzone.cz\\\/autosalon-v-zeneve-co-tam-uvidite-jak-se-tam-dostanete-a-kolik-vas-to-bude-stat\\\/#respond\"]}]},{\"@type\":\"WebPage\",\"@id\":\"https:\\\/\\\/www.mzone.cz\\\/autosalon-v-zeneve-co-tam-uvidite-jak-se-tam-dostanete-a-kolik-vas-to-bude-stat\\\/\",\"url\":\"https:\\\/\\\/www.mzone.cz\\\/autosalon-v-zeneve-co-tam-uvidite-jak-se-tam-dostanete-a-kolik-vas-to-bude-stat\\\/\",\"name\":\"Autosalon v \u017denev\u011b: Co tam uvid\u00edte, jak se tam dostanete a kolik v\u00e1s to bude st\u00e1t? - Mzone\",\"isPartOf\":{\"@id\":\"https:\\\/\\\/www.mzone.cz\\\/#website\"},\"primaryImageOfPage\":{\"@id\":\"https:\\\/\\\/www.mzone.cz\\\/autosalon-v-zeneve-co-tam-uvidite-jak-se-tam-dostanete-a-kolik-vas-to-bude-stat\\\/#primaryimage\"},\"image\":{\"@id\":\"https:\\\/\\\/www.mzone.cz\\\/autosalon-v-zeneve-co-tam-uvidite-jak-se-tam-dostanete-a-kolik-vas-to-bude-stat\\\/#primaryimage\"},\"thumbnailUrl\":\"https:\\\/\\\/www.mzone.cz\\\/wp-content\\\/uploads\\\/2019\\\/03\\\/IntAutoSalonGenf08.jpg\",\"datePublished\":\"2019-03-02T05:00:43+00:00\",\"dateModified\":\"2019-08-13T10:21:09+00:00\",\"author\":{\"@id\":\"https:\\\/\\\/www.mzone.cz\\\/#\\\/schema\\\/person\\\/9bc20cc422a99cac4af6ff9297da32d4\"},\"description\":\"Na rozd\u00edl od dal\u0161\u00edch evropsk\u00fdch autosalon\u016f se ten \u017eenevsk\u00fd t\u011b\u0161\u00ed st\u00e1l\u00e9 p\u0159\u00edzni automobilek i n\u00e1v\u0161t\u011bvn\u00edk\u016f. V neutr\u00e1ln\u00edm \u0160v\u00fdcarsku jsou ka\u017ed\u00fd rok k vid\u011bn\u00ed novinky a koncepty, a proto\u017ee je v\u00fdstavi\u0161t\u011b v \u017denev\u011b pom\u011brn\u011b mal\u00e9, bez probl\u00e9m\u016f ho projdete za jeden den. A leto\u0161n\u00ed ro\u010dn\u00edk bude nejen o elektromobilech a SUV, ale k vid\u011bn\u00ed bude i p\u00e1r velmi zaj\u00edmav\u00fdch supersport\u016f!\",\"breadcrumb\":{\"@id\":\"https:\\\/\\\/www.mzone.cz\\\/autosalon-v-zeneve-co-tam-uvidite-jak-se-tam-dostanete-a-kolik-vas-to-bude-stat\\\/#breadcrumb\"},\"inLanguage\":\"en-US\",\"potentialAction\":[{\"@type\":\"ReadAction\",\"target\":[\"https:\\\/\\\/www.mzone.cz\\\/autosalon-v-zeneve-co-tam-uvidite-jak-se-tam-dostanete-a-kolik-vas-to-bude-stat\\\/\"]}]},{\"@type\":\"ImageObject\",\"inLanguage\":\"en-US\",\"@id\":\"https:\\\/\\\/www.mzone.cz\\\/autosalon-v-zeneve-co-tam-uvidite-jak-se-tam-dostanete-a-kolik-vas-to-bude-stat\\\/#primaryimage\",\"url\":\"https:\\\/\\\/www.mzone.cz\\\/wp-content\\\/uploads\\\/2019\\\/03\\\/IntAutoSalonGenf08.jpg\",\"contentUrl\":\"https:\\\/\\\/www.mzone.cz\\\/wp-content\\\/uploads\\\/2019\\\/03\\\/IntAutoSalonGenf08.jpg\",\"width\":3099,\"height\":2066},{\"@type\":\"BreadcrumbList\",\"@id\":\"https:\\\/\\\/www.mzone.cz\\\/autosalon-v-zeneve-co-tam-uvidite-jak-se-tam-dostanete-a-kolik-vas-to-bude-stat\\\/#breadcrumb\",\"itemListElement\":[{\"@type\":\"ListItem\",\"position\":1,\"name\":\"Dom\u016f\",\"item\":\"https:\\\/\\\/www.mzone.cz\\\/\"},{\"@type\":\"ListItem\",\"position\":2,\"name\":\"Autosalon v \u017denev\u011b: Co tam uvid\u00edte, jak se tam dostanete a kolik v\u00e1s to bude st\u00e1t?\"}]},{\"@type\":\"WebSite\",\"@id\":\"https:\\\/\\\/www.mzone.cz\\\/#website\",\"url\":\"https:\\\/\\\/www.mzone.cz\\\/\",\"name\":\"Mzone\",\"description\":\"Magaz\u00edn nejen pro mu\u017ee\",\"potentialAction\":[{\"@type\":\"SearchAction\",\"target\":{\"@type\":\"EntryPoint\",\"urlTemplate\":\"https:\\\/\\\/www.mzone.cz\\\/?s={search_term_string}\"},\"query-input\":{\"@type\":\"PropertyValueSpecification\",\"valueRequired\":true,\"valueName\":\"search_term_string\"}}],\"inLanguage\":\"en-US\"},{\"@type\":\"Person\",\"@id\":\"https:\\\/\\\/www.mzone.cz\\\/#\\\/schema\\\/person\\\/9bc20cc422a99cac4af6ff9297da32d4\",\"name\":\"Mzone\",\"image\":{\"@type\":\"ImageObject\",\"inLanguage\":\"en-US\",\"@id\":\"https:\\\/\\\/secure.gravatar.com\\\/avatar\\\/e780a8630f3182a3d06dd667ab6bea151a0d155b0951bc15fe22633acdac0676?s=96&d=mm&r=g\",\"url\":\"https:\\\/\\\/secure.gravatar.com\\\/avatar\\\/e780a8630f3182a3d06dd667ab6bea151a0d155b0951bc15fe22633acdac0676?s=96&d=mm&r=g\",\"contentUrl\":\"https:\\\/\\\/secure.gravatar.com\\\/avatar\\\/e780a8630f3182a3d06dd667ab6bea151a0d155b0951bc15fe22633acdac0676?s=96&d=mm&r=g\",\"caption\":\"Mzone\"},\"url\":\"https:\\\/\\\/www.mzone.cz\\\/en\\\/author\\\/jakub\\\/\"}]}<\/script>\n<!-- \/ Yoast SEO plugin. -->","yoast_head_json":{"title":"Autosalon v \u017denev\u011b: Co tam uvid\u00edte, jak se tam dostanete a kolik v\u00e1s to bude st\u00e1t? - Mzone","description":"Na rozd\u00edl od dal\u0161\u00edch evropsk\u00fdch autosalon\u016f se ten \u017eenevsk\u00fd t\u011b\u0161\u00ed st\u00e1l\u00e9 p\u0159\u00edzni automobilek i n\u00e1v\u0161t\u011bvn\u00edk\u016f. V neutr\u00e1ln\u00edm \u0160v\u00fdcarsku jsou ka\u017ed\u00fd rok k vid\u011bn\u00ed novinky a koncepty, a proto\u017ee je v\u00fdstavi\u0161t\u011b v \u017denev\u011b pom\u011brn\u011b mal\u00e9, bez probl\u00e9m\u016f ho projdete za jeden den. A leto\u0161n\u00ed ro\u010dn\u00edk bude nejen o elektromobilech a SUV, ale k vid\u011bn\u00ed bude i p\u00e1r velmi zaj\u00edmav\u00fdch supersport\u016f!","robots":{"index":"index","follow":"follow","max-snippet":"max-snippet:-1","max-image-preview":"max-image-preview:large","max-video-preview":"max-video-preview:-1"},"canonical":"https:\/\/www.mzone.cz\/en\/autosalon-v-zeneve-co-tam-uvidite-jak-se-tam-dostanete-a-kolik-vas-to-bude-stat\/","og_locale":"en_US","og_type":"article","og_title":"Autosalon v \u017denev\u011b: Co tam uvid\u00edte, jak se tam dostanete a kolik v\u00e1s to bude st\u00e1t? - Mzone","og_description":"Na rozd\u00edl od dal\u0161\u00edch evropsk\u00fdch autosalon\u016f se ten \u017eenevsk\u00fd t\u011b\u0161\u00ed st\u00e1l\u00e9 p\u0159\u00edzni automobilek i n\u00e1v\u0161t\u011bvn\u00edk\u016f. V neutr\u00e1ln\u00edm \u0160v\u00fdcarsku jsou ka\u017ed\u00fd rok k vid\u011bn\u00ed novinky a koncepty, a proto\u017ee je v\u00fdstavi\u0161t\u011b v \u017denev\u011b pom\u011brn\u011b mal\u00e9, bez probl\u00e9m\u016f ho projdete za jeden den. A leto\u0161n\u00ed ro\u010dn\u00edk bude nejen o elektromobilech a SUV, ale k vid\u011bn\u00ed bude i p\u00e1r velmi zaj\u00edmav\u00fdch supersport\u016f!","og_url":"https:\/\/www.mzone.cz\/en\/autosalon-v-zeneve-co-tam-uvidite-jak-se-tam-dostanete-a-kolik-vas-to-bude-stat\/","og_site_name":"Mzone","article_publisher":"https:\/\/www.facebook.com\/MzoneCZ\/","article_published_time":"2019-03-02T05:00:43+00:00","article_modified_time":"2019-08-13T10:21:09+00:00","og_image":[{"width":1024,"height":683,"url":"https:\/\/www.mzone.cz\/wp-content\/uploads\/2019\/03\/IntAutoSalonGenf08-1024x683.jpg","type":"image\/jpeg"}],"author":"Mzone","twitter_card":"summary_large_image","twitter_misc":{"Written by":"Mzone","Est. reading time":"4 minutes"},"schema":{"@context":"https:\/\/schema.org","@graph":[{"@type":"Article","@id":"https:\/\/www.mzone.cz\/autosalon-v-zeneve-co-tam-uvidite-jak-se-tam-dostanete-a-kolik-vas-to-bude-stat\/#article","isPartOf":{"@id":"https:\/\/www.mzone.cz\/autosalon-v-zeneve-co-tam-uvidite-jak-se-tam-dostanete-a-kolik-vas-to-bude-stat\/"},"author":{"name":"Mzone","@id":"https:\/\/www.mzone.cz\/#\/schema\/person\/9bc20cc422a99cac4af6ff9297da32d4"},"headline":"Autosalon v \u017denev\u011b: Co tam uvid\u00edte, jak se tam dostanete a kolik v\u00e1s to bude st\u00e1t?","datePublished":"2019-03-02T05:00:43+00:00","dateModified":"2019-08-13T10:21:09+00:00","mainEntityOfPage":{"@id":"https:\/\/www.mzone.cz\/autosalon-v-zeneve-co-tam-uvidite-jak-se-tam-dostanete-a-kolik-vas-to-bude-stat\/"},"wordCount":787,"commentCount":0,"image":{"@id":"https:\/\/www.mzone.cz\/autosalon-v-zeneve-co-tam-uvidite-jak-se-tam-dostanete-a-kolik-vas-to-bude-stat\/#primaryimage"},"thumbnailUrl":"https:\/\/www.mzone.cz\/wp-content\/uploads\/2019\/03\/IntAutoSalonGenf08.jpg","keywords":["auta","Auto","auto-moto","automobilky","autosalon","cesta","informace","koncepty","novinky","prezentace","v\u00fddaje","\u017deneva","\u017denevsk\u00fd autosalon"],"articleSection":["Auto-moto"],"inLanguage":"en-US","potentialAction":[{"@type":"CommentAction","name":"Comment","target":["https:\/\/www.mzone.cz\/autosalon-v-zeneve-co-tam-uvidite-jak-se-tam-dostanete-a-kolik-vas-to-bude-stat\/#respond"]}]},{"@type":"WebPage","@id":"https:\/\/www.mzone.cz\/autosalon-v-zeneve-co-tam-uvidite-jak-se-tam-dostanete-a-kolik-vas-to-bude-stat\/","url":"https:\/\/www.mzone.cz\/autosalon-v-zeneve-co-tam-uvidite-jak-se-tam-dostanete-a-kolik-vas-to-bude-stat\/","name":"Autosalon v \u017denev\u011b: Co tam uvid\u00edte, jak se tam dostanete a kolik v\u00e1s to bude st\u00e1t? - Mzone","isPartOf":{"@id":"https:\/\/www.mzone.cz\/#website"},"primaryImageOfPage":{"@id":"https:\/\/www.mzone.cz\/autosalon-v-zeneve-co-tam-uvidite-jak-se-tam-dostanete-a-kolik-vas-to-bude-stat\/#primaryimage"},"image":{"@id":"https:\/\/www.mzone.cz\/autosalon-v-zeneve-co-tam-uvidite-jak-se-tam-dostanete-a-kolik-vas-to-bude-stat\/#primaryimage"},"thumbnailUrl":"https:\/\/www.mzone.cz\/wp-content\/uploads\/2019\/03\/IntAutoSalonGenf08.jpg","datePublished":"2019-03-02T05:00:43+00:00","dateModified":"2019-08-13T10:21:09+00:00","author":{"@id":"https:\/\/www.mzone.cz\/#\/schema\/person\/9bc20cc422a99cac4af6ff9297da32d4"},"description":"Na rozd\u00edl od dal\u0161\u00edch evropsk\u00fdch autosalon\u016f se ten \u017eenevsk\u00fd t\u011b\u0161\u00ed st\u00e1l\u00e9 p\u0159\u00edzni automobilek i n\u00e1v\u0161t\u011bvn\u00edk\u016f. V neutr\u00e1ln\u00edm \u0160v\u00fdcarsku jsou ka\u017ed\u00fd rok k vid\u011bn\u00ed novinky a koncepty, a proto\u017ee je v\u00fdstavi\u0161t\u011b v \u017denev\u011b pom\u011brn\u011b mal\u00e9, bez probl\u00e9m\u016f ho projdete za jeden den. A leto\u0161n\u00ed ro\u010dn\u00edk bude nejen o elektromobilech a SUV, ale k vid\u011bn\u00ed bude i p\u00e1r velmi zaj\u00edmav\u00fdch supersport\u016f!","breadcrumb":{"@id":"https:\/\/www.mzone.cz\/autosalon-v-zeneve-co-tam-uvidite-jak-se-tam-dostanete-a-kolik-vas-to-bude-stat\/#breadcrumb"},"inLanguage":"en-US","potentialAction":[{"@type":"ReadAction","target":["https:\/\/www.mzone.cz\/autosalon-v-zeneve-co-tam-uvidite-jak-se-tam-dostanete-a-kolik-vas-to-bude-stat\/"]}]},{"@type":"ImageObject","inLanguage":"en-US","@id":"https:\/\/www.mzone.cz\/autosalon-v-zeneve-co-tam-uvidite-jak-se-tam-dostanete-a-kolik-vas-to-bude-stat\/#primaryimage","url":"https:\/\/www.mzone.cz\/wp-content\/uploads\/2019\/03\/IntAutoSalonGenf08.jpg","contentUrl":"https:\/\/www.mzone.cz\/wp-content\/uploads\/2019\/03\/IntAutoSalonGenf08.jpg","width":3099,"height":2066},{"@type":"BreadcrumbList","@id":"https:\/\/www.mzone.cz\/autosalon-v-zeneve-co-tam-uvidite-jak-se-tam-dostanete-a-kolik-vas-to-bude-stat\/#breadcrumb","itemListElement":[{"@type":"ListItem","position":1,"name":"Dom\u016f","item":"https:\/\/www.mzone.cz\/"},{"@type":"ListItem","position":2,"name":"Autosalon v \u017denev\u011b: Co tam uvid\u00edte, jak se tam dostanete a kolik v\u00e1s to bude st\u00e1t?"}]},{"@type":"WebSite","@id":"https:\/\/www.mzone.cz\/#website","url":"https:\/\/www.mzone.cz\/","name":"Mzone","description":"Magaz\u00edn nejen pro mu\u017ee","potentialAction":[{"@type":"SearchAction","target":{"@type":"EntryPoint","urlTemplate":"https:\/\/www.mzone.cz\/?s={search_term_string}"},"query-input":{"@type":"PropertyValueSpecification","valueRequired":true,"valueName":"search_term_string"}}],"inLanguage":"en-US"},{"@type":"Person","@id":"https:\/\/www.mzone.cz\/#\/schema\/person\/9bc20cc422a99cac4af6ff9297da32d4","name":"Mzone","image":{"@type":"ImageObject","inLanguage":"en-US","@id":"https:\/\/secure.gravatar.com\/avatar\/e780a8630f3182a3d06dd667ab6bea151a0d155b0951bc15fe22633acdac0676?s=96&d=mm&r=g","url":"https:\/\/secure.gravatar.com\/avatar\/e780a8630f3182a3d06dd667ab6bea151a0d155b0951bc15fe22633acdac0676?s=96&d=mm&r=g","contentUrl":"https:\/\/secure.gravatar.com\/avatar\/e780a8630f3182a3d06dd667ab6bea151a0d155b0951bc15fe22633acdac0676?s=96&d=mm&r=g","caption":"Mzone"},"url":"https:\/\/www.mzone.cz\/en\/author\/jakub\/"}]}},"_links":{"self":[{"href":"https:\/\/www.mzone.cz\/en\/wp-json\/wp\/v2\/posts\/5640","targetHints":{"allow":["GET"]}}],"collection":[{"href":"https:\/\/www.mzone.cz\/en\/wp-json\/wp\/v2\/posts"}],"about":[{"href":"https:\/\/www.mzone.cz\/en\/wp-json\/wp\/v2\/types\/post"}],"author":[{"embeddable":true,"href":"https:\/\/www.mzone.cz\/en\/wp-json\/wp\/v2\/users\/4"}],"replies":[{"embeddable":true,"href":"https:\/\/www.mzone.cz\/en\/wp-json\/wp\/v2\/comments?post=5640"}],"version-history":[{"count":1,"href":"https:\/\/www.mzone.cz\/en\/wp-json\/wp\/v2\/posts\/5640\/revisions"}],"predecessor-version":[{"id":12005,"href":"https:\/\/www.mzone.cz\/en\/wp-json\/wp\/v2\/posts\/5640\/revisions\/12005"}],"wp:featuredmedia":[{"embeddable":true,"href":"https:\/\/www.mzone.cz\/en\/wp-json\/wp\/v2\/media\/5641"}],"wp:attachment":[{"href":"https:\/\/www.mzone.cz\/en\/wp-json\/wp\/v2\/media?parent=5640"}],"wp:term":[{"taxonomy":"category","embeddable":true,"href":"https:\/\/www.mzone.cz\/en\/wp-json\/wp\/v2\/categories?post=5640"},{"taxonomy":"post_tag","embeddable":true,"href":"https:\/\/www.mzone.cz\/en\/wp-json\/wp\/v2\/tags?post=5640"}],"curies":[{"name":"wp","href":"https:\/\/api.w.org\/{rel}","templated":true}]}}