{"id":5695,"date":"2024-04-22T20:00:29","date_gmt":"2024-04-22T18:00:29","guid":{"rendered":"http:\/\/www.mzone.cz\/?p=5695"},"modified":"2024-04-22T20:22:37","modified_gmt":"2024-04-22T18:22:37","slug":"z-historie-jezdectvi-aneb-kdyz-to-zeny-v-sedlech-koni-natrou-muzum","status":"publish","type":"post","link":"https:\/\/www.mzone.cz\/en\/z-historie-jezdectvi-aneb-kdyz-to-zeny-v-sedlech-koni-natrou-muzum\/","title":{"rendered":"Z historie jezdectv\u00ed aneb kdy\u017e to \u017eeny v\u00a0sedlech kon\u00ed nat\u0159ou mu\u017e\u016fm"},"content":{"rendered":"<p><strong>Doby, kdy jezdeck\u00e9mu sportu dominovali mu\u017ei, jsou minulost\u00ed. Dne\u0161n\u00ed d\u00edvky maj\u00ed dokonce o&nbsp;jezdectv\u00ed v\u011bt\u0161\u00ed z\u00e1jem, ne\u017e chlapci, o \u010dem\u017e vypov\u00eddaj\u00ed \u010d\u00edsla z jezdeck\u00fdch \u0161kol a u\u010dili\u0161\u0165, ve kter\u00fdch se budouc\u00ed jezdci, tren\u00e9\u0159i a chovatel\u00e9 kon\u00ed p\u0159ipravuj\u00ed na svou profesion\u00e1ln\u00ed budoucnost.<\/strong><\/p><br>\n\n\n\n<p>P\u0159edstavme si n\u011bkolik slavn\u00fdch \u017een, kter\u00e9 sv\u016fj \u017eivot spojily s&nbsp;u\u0161lechtil\u00fdmi ko\u0148mi a na z\u00e1vodn\u00edch drah\u00e1ch to mu\u017e\u016fm mnohdy doslova \u201enat\u0159ely\u201c. Je jen t\u0159eba podotknout, \u017ee zdaleka to nejsou v\u0161echny, kter\u00e9 se d\u00edky sv\u00fdm v\u00fdkon\u016fm nav\u017edy zapsaly do historie jezdectv\u00ed a dostihov\u00e9ho sportu.<br><\/p><br>\n\n\n\n<h2 class=\"wp-block-heading\">LATA BRANDISOV\u00c1 \u2013 prvn\u00ed d\u00e1ma na trati Velk\u00e9 pardubick\u00e9<\/h2>\n\n\n\n<figure class=\"wp-block-image is-resized\"><img loading=\"lazy\" decoding=\"async\" src=\"http:\/\/www.mzone.cz\/wp-content\/uploads\/2019\/03\/Lata_Brandisov\u00e1_1938.jpg\" alt=\"\" class=\"wp-image-5706\" width=\"551\" height=\"604\"\/><\/figure>\n\n\n\n<p>Kdy\u017e se \u0159ekne Velk\u00e1 pardubick\u00e1 steeplechase, v\u011bt\u0161in\u011b lid\u00ed se vybav\u00ed zejm\u00e9na jm\u00e9no legend\u00e1rn\u00edho \u017eokeje Josefa V\u00e1ni. Na dr\u00e1ze dlouh\u00e9 na 6900 m, jej\u00ed\u017e \u010dtvrtou p\u0159ek\u00e1\u017ekou je ob\u00e1van\u00fd Taxis\u016fv p\u0159\u00edkop, v&nbsp;historii tohoto dostihu zv\u00edt\u011bzila i \u017eena. Bylo to v&nbsp;roce 1937 a tou, kter\u00e1 projela v\u00edt\u011bzn\u011b c\u00edlem, byla \u010deskoslovensk\u00e1 jezdkyn\u011b Marie Immaculata Brandisov\u00e1, zn\u00e1m\u00e1 jako Lata, se svou milovanou klisnou Normou. Pan\u00ed Lata se narodila v&nbsp;roce 1895 a od d\u011btsk\u00fdch let byl jej\u00ed \u017eivot spjat s&nbsp;ko\u0148mi. Nic se na tom nezm\u011bnilo, ani kdy\u017e dosp\u011bla. Jej\u00ed cesta pomalu, ale jist\u011b sm\u011b\u0159ovala na dr\u00e1hu Velk\u00e9 pardubick\u00e9, ve kter\u00e9 od sv\u00e9ho prvn\u00edho startu v roce 1927 opakovan\u011b sb\u00edrala velmi slu\u0161n\u00e1 um\u00edst\u011bn\u00ed a o deset let pozd\u011bji zaslou\u017een\u011b zv\u00edt\u011bzila. Jej\u00ed profesion\u00e1ln\u00ed kari\u00e9ru nemilosrdn\u011b ukon\u010dil p\u00e1d ve Velk\u00e9 v&nbsp;roce 1949, kdy utrp\u011bla \u0159adu v\u00e1\u017en\u00fdch zran\u011bn\u00ed, kter\u00e9 j\u00ed nadobro znemo\u017enily vr\u00e1tit se do sedla.<\/p>\n\n\n\n<h2 class=\"wp-block-heading\"><br>EVA PALYZOV\u00c1 \u2013 \u201enezv\u00edt\u011bziv\u0161\u00ed v\u00edt\u011bz\u201c<\/h2>\n\n\n\n<p>Popul\u00e1rn\u00ed Eva Palyzov\u00e1 byla \u017eenou zn\u00e1m\u00e9ho dostihov\u00e9ho jezdce Ferdinanda Palyzy, matadora pardubick\u00e9ho z\u00e1vodi\u0161t\u011b, ale zn\u00e1mou v&nbsp;dostihov\u00e9m sportu se stala ji\u017e d\u0159\u00edve, pod sv\u00fdm rodn\u00fdm p\u0159\u00edjmen\u00edm V\u00edtov\u00e1. Steeplechase pro ni byla t\u00edm, co pro rybu voda. Dokazuj\u00ed to mnoh\u00e1 v\u00edt\u011bzstv\u00ed v presti\u017en\u00edch dostiz\u00edch, a\u0165 u\u017e opakovan\u00e9 ve Velk\u00e9 bene\u0161ovsk\u00e9 steeplechase, \u010di \u201eprvn\u00ed na bedn\u011b\u201c na z\u00e1vodi\u0161ti v&nbsp;Lys\u00e9 nad Labem, Pod\u011bbradech, Karlov\u00fdch Varech a dal\u0161\u00edch.<\/p>\n\n\n\n<blockquote class=\"wp-block-quote is-layout-flow wp-block-quote-is-layout-flow\"><p>Sama hovo\u0159ila o tom, \u017ee z\u00edskat si respekt mezi mu\u017ei, nav\u00edc v&nbsp;kategorii p\u0159ek\u00e1\u017ekov\u00fdch dostih\u016f, nebylo v\u016fbec snadn\u00e9. \u201eRaj\u0165\u00e1ci\u201c ale dob\u0159e v\u011bd\u00ed, kolik d\u0159iny, potu a odhodl\u00e1n\u00ed \u010dlov\u011bka \u00fasp\u011bch na dr\u00e1ze stoj\u00ed, a tak ji nakonec vzali jako rovnocenn\u00e9ho partnera.<\/p><\/blockquote>\n\n\n\n<p>Stala se druhou \u017eenou v&nbsp;historii Velk\u00e9 pardubick\u00e9, kter\u00e1 se postavila na start t\u00e9to obt\u00ed\u017en\u00e9 steeplechase. Nikdy se j\u00ed sice nepoda\u0159ilo zv\u00edt\u011bzit, ale d\u00edky sv\u00e9 odhodlanosti a hou\u017eevnatosti z\u00edskala uzn\u00e1n\u00ed sv\u00fdch mu\u017esk\u00fdch koleg\u016f. V\u017edy\u0165 komu se poda\u0159\u00ed, aby mu v\u00edt\u011bzstv\u00ed opakovan\u011b uniklo jen o vl\u00e1sek a nechal za sebou \u0159adu ost\u0159\u00edlen\u00fdch borc\u016f? J\u00ed se to ve Velk\u00e9 pardubick\u00e9 povedlo dvakr\u00e1t, jednou s&nbsp;kon\u011bm Cavalet, podruh\u00e9 s&nbsp;Met\u00e1lem. Eva Palyzov\u00e1, kter\u00e1 si pr\u00e1vem vydobyla mezi jezdci sv\u00e9 m\u00edsto na slunci a z\u00edskala p\u0159ezd\u00edvku \u201enezv\u00edt\u011bziv\u0161\u00ed v\u00edt\u011bz\u201c, zem\u0159ela v&nbsp;roce 2011.<\/p>\n\n\n\n<h2 class=\"wp-block-heading\"> <br>M\u00cdLA HERMANSDORFEROV\u00c1-SCHULZOV\u00c1 \u2013 prvn\u00ed d\u00e1ma v&nbsp;c\u00edli \u010ceskoslovensk\u00e9ho Derby<\/h2>\n\n\n\n<figure class=\"wp-block-image\"><img loading=\"lazy\" decoding=\"async\" width=\"614\" height=\"469\" src=\"http:\/\/www.mzone.cz\/wp-content\/uploads\/2019\/03\/FOTO2.jpg\" alt=\"\" class=\"wp-image-5710\" srcset=\"https:\/\/www.mzone.cz\/wp-content\/uploads\/2019\/03\/FOTO2.jpg 614w, https:\/\/www.mzone.cz\/wp-content\/uploads\/2019\/03\/FOTO2-300x229.jpg 300w, https:\/\/www.mzone.cz\/wp-content\/uploads\/2019\/03\/FOTO2-590x451.jpg 590w\" sizes=\"auto, (max-width: 614px) 100vw, 614px\" \/><\/figure>\n\n\n\n<p>Pan\u00ed M\u00edla Hermansdorferov\u00e1- Schulzov\u00e1, se zapsala do historie dostihov\u00e9ho sportu t\u00e9m\u011b\u0159 dv\u011bma stovkami v\u00edt\u011bzstv\u00ed. A byla prvn\u00ed \u017eenou u n\u00e1s a druhou na sv\u011bt\u011b, kter\u00e1 v derby v\u00edt\u011bzn\u011b projela c\u00edlem. Psal se tehdy rok 1972 a sed\u011bla v&nbsp;sedle kon\u011b jm\u00e9nem Crapom.<\/p>\n\n\n\n<blockquote class=\"wp-block-quote is-layout-flow wp-block-quote-is-layout-flow\"><p>Pan\u00ed M\u00edla byla ozdobou z\u00e1vodi\u0161t\u011b. Kdo ji neznal a nev\u011bd\u011bl, co d\u011bl\u00e1, t\u011b\u017eko by uv\u011b\u0159il, \u017ee bytost \u00e9terick\u00e9ho vzhledu a tv\u00e1\u0159e manek\u00fdnky pevn\u011b dr\u017e\u00ed v&nbsp;rukou ot\u011b\u017ee dostihov\u00fdch kon\u00ed a sb\u00edrku v\u00edt\u011bzstv\u00ed j\u00ed m\u016f\u017ee z\u00e1vid\u011bt mnoh\u00fd kolega.<\/p><\/blockquote>\n\n\n\n<p>Jej\u00ed srdcovkou byl k\u016f\u0148 Relief, s n\u00edm\u017e m\u011bla nad\u011bji na \u201ezlato\u201c, ale d\u00edky ne\u0161\u0165astn\u00e9mu zran\u011bn\u00ed mohla jeho v\u00edt\u011bzstv\u00ed sledovat jen ze zem\u011b. S Reliefem ji v\u00e1zalo zvl\u00e1\u0161tn\u00ed pouto, a dodnes na n\u011bho vzpom\u00edn\u00e1. Byl to nav\u00edc k\u016f\u0148, se kter\u00fdm z\u00edskala sv\u00e9 jubilejn\u00ed pades\u00e1t\u00e9 v\u00edt\u011bzstv\u00ed.<\/p>\n\n\n\n<h2 class=\"wp-block-heading\"><br>VLASTA KADLECOV\u00c1 \u2013 kdy\u017e k\u016f\u0148 pod \u017eenou tan\u010d\u00ed<\/h2>\n\n\n\n<p>Zvl\u00e1\u0161tn\u00ed jezdeckou discipl\u00ednou je drezura, kter\u00e1 vy\u017eaduje velkou d\u00e1vku citu. Souzn\u011bn\u00ed jezdce a kon\u011b na prvn\u00ed pohled vypad\u00e1 naprosto p\u0159irozen\u011b a laik ani nepozn\u00e1, na jak\u00fd povel k\u016f\u0148 reaguje. Dlouh\u00e9 roky byly sout\u011b\u017ee v&nbsp;drezu\u0159e pro mu\u017ee a \u017eeny odd\u011blen\u00e9. Proto se drezurn\u00ed jezdkyn\u011b Vlasta Kadlecov\u00e1 mohla s&nbsp;mu\u017ei utkat ve spole\u010dn\u00e9 sout\u011b\u017ei a\u017e v&nbsp;roce 1995 a stala se tak prvn\u00ed v\u00edt\u011bzkou Mistrovstv\u00ed \u010cesk\u00e9 republiky v drezu\u0159e. Vlasta Kadlecov\u00e1 m\u00e1 na sv\u00e9m kont\u011b p\u0159es dv\u011b des\u00edtky zlat\u00fdch medail\u00ed jako mistryn\u011b \u010cR, stejn\u00fd po\u010det st\u0159\u00edbrn\u00fdch medail\u00ed jako vicemistryn\u011b, jen o n\u011bco m\u00e9n\u011b bronzov\u00fdch medail\u00ed, a nechyb\u00ed j\u00ed ani sb\u00edrka zlat\u00fdch medail\u00ed v&nbsp;kategorii dru\u017estev na M\u010cR.<\/p><br>\n\n\n\n<div class=\"wp-block-image\"><figure class=\"alignleft is-resized\"><img loading=\"lazy\" decoding=\"async\" src=\"http:\/\/www.mzone.cz\/wp-content\/uploads\/2019\/01\/eye-1-1024x683.jpg\" alt=\"\" class=\"wp-image-2924\" width=\"122\" height=\"81\" srcset=\"https:\/\/www.mzone.cz\/wp-content\/uploads\/2019\/01\/eye-1-1024x683.jpg 1024w, https:\/\/www.mzone.cz\/wp-content\/uploads\/2019\/01\/eye-1-300x200.jpg 300w, https:\/\/www.mzone.cz\/wp-content\/uploads\/2019\/01\/eye-1-768x512.jpg 768w, https:\/\/www.mzone.cz\/wp-content\/uploads\/2019\/01\/eye-1-800x533.jpg 800w, https:\/\/www.mzone.cz\/wp-content\/uploads\/2019\/01\/eye-1-400x267.jpg 400w, https:\/\/www.mzone.cz\/wp-content\/uploads\/2019\/01\/eye-1-500x333.jpg 500w, https:\/\/www.mzone.cz\/wp-content\/uploads\/2019\/01\/eye-1-1170x780.jpg 1170w, https:\/\/www.mzone.cz\/wp-content\/uploads\/2019\/01\/eye-1-590x393.jpg 590w, https:\/\/www.mzone.cz\/wp-content\/uploads\/2019\/01\/eye-1.jpg 1500w\" sizes=\"auto, (max-width: 122px) 100vw, 122px\" \/><\/figure><\/div>\n\n\n\n<h4><a href=\"http:\/\/www.mzone.cz\/sportovani-v-zemich-ceskych-jaci-byli-cesti-sportsmeni\/\">Sportov\u00e1n\u00ed v zem\u00edch \u010desk\u00fdch: Jac\u00ed byli \u010de\u0161t\u00ed \u201esportsmeni\u201c?<\/a><\/h4><br>\n\n\n\n<p>Dnes jsou \u017eeny zdatn\u00fdmi soupe\u0159kami mu\u017e\u016f tak\u00e9 ve skokov\u00fdch sout\u011b\u017e\u00edch a dokonce i v&nbsp;z\u00e1vodech sp\u0159e\u017een\u00ed. Tak\u017ee p\u00e1nov\u00e9, \u017eena v&nbsp;sedle kon\u011b \u010di na kozl\u00edku, to je v\u00fdzva. Nev\u00e1hejte si na ni vsadit!<\/p>","protected":false},"excerpt":{"rendered":"<p>Doby, kdy jezdeck\u00e9mu sportu dominovali mu\u017ei, jsou minulost\u00ed. Dne\u0161n\u00ed d\u00edvky maj\u00ed dokonce o&nbsp;jezdectv\u00ed v\u011bt\u0161\u00ed z\u00e1jem, ne\u017e chlapci, o \u010dem\u017e vypov\u00eddaj\u00ed \u010d\u00edsla z jezdeck\u00fdch \u0161kol a u\u010dili\u0161\u0165, ve kter\u00fdch se budouc\u00ed jezdci, tren\u00e9\u0159i a chovatel\u00e9 kon\u00ed p\u0159ipravuj\u00ed na svou profesion\u00e1ln\u00ed budoucnost. P\u0159edstavme si n\u011bkolik slavn\u00fdch \u017een, kter\u00e9 sv\u016fj \u017eivot spojily s&nbsp;u\u0161lechtil\u00fdmi ko\u0148mi a na z\u00e1vodn\u00edch drah\u00e1ch [&hellip;]<\/p>\n","protected":false},"author":4,"featured_media":5696,"comment_status":"open","ping_status":"open","sticky":false,"template":"","format":"standard","meta":{"kk_blocks_editor_width":"","_kiokenblocks_attr":"","_kiokenblocks_dimensions":"","footnotes":""},"categories":[387,80,24],"tags":[1589,87,1588,1587,736,42,447,424,131],"class_list":["post-5695","post","type-post","status-publish","format-standard","has-post-thumbnail","hentry","category-historie","category-sport","category-zeny","tag-dostihy","tag-historie","tag-jezdectvi","tag-kone","tag-kun","tag-sport","tag-sportovkyne","tag-uspech","tag-zeny"],"yoast_head":"<!-- This site is optimized with the Yoast SEO plugin v27.5 - https:\/\/yoast.com\/product\/yoast-seo-wordpress\/ -->\n<title>Z historie jezdectv\u00ed aneb kdy\u017e to \u017eeny v\u00a0sedlech kon\u00ed nat\u0159ou mu\u017e\u016fm - Mzone<\/title>\n<meta name=\"description\" content=\"Doby, kdy jezdeck\u00e9mu sportu dominovali mu\u017ei, jsou minulost\u00ed. Dne\u0161n\u00ed d\u00edvky maj\u00ed dokonce o\u00a0jezdectv\u00ed v\u011bt\u0161\u00ed z\u00e1jem, ne\u017e chlapci, o \u010dem\u017e vypov\u00eddaj\u00ed \u010d\u00edsla z jezdeck\u00fdch \u0161kol a u\u010dili\u0161\u0165, ve kter\u00fdch se budouc\u00ed jezdci, tren\u00e9\u0159i a chovatel\u00e9 kon\u00ed p\u0159ipravuj\u00ed na svou profesion\u00e1ln\u00ed budoucnost.\" \/>\n<meta name=\"robots\" content=\"index, follow, max-snippet:-1, max-image-preview:large, max-video-preview:-1\" \/>\n<link rel=\"canonical\" href=\"https:\/\/www.mzone.cz\/en\/z-historie-jezdectvi-aneb-kdyz-to-zeny-v-sedlech-koni-natrou-muzum\/\" \/>\n<meta property=\"og:locale\" content=\"en_US\" \/>\n<meta property=\"og:type\" content=\"article\" \/>\n<meta property=\"og:title\" content=\"Z historie jezdectv\u00ed aneb kdy\u017e to \u017eeny v\u00a0sedlech kon\u00ed nat\u0159ou mu\u017e\u016fm - Mzone\" \/>\n<meta property=\"og:description\" content=\"Doby, kdy jezdeck\u00e9mu sportu dominovali mu\u017ei, jsou minulost\u00ed. Dne\u0161n\u00ed d\u00edvky maj\u00ed dokonce o\u00a0jezdectv\u00ed v\u011bt\u0161\u00ed z\u00e1jem, ne\u017e chlapci, o \u010dem\u017e vypov\u00eddaj\u00ed \u010d\u00edsla z jezdeck\u00fdch \u0161kol a u\u010dili\u0161\u0165, ve kter\u00fdch se budouc\u00ed jezdci, tren\u00e9\u0159i a chovatel\u00e9 kon\u00ed p\u0159ipravuj\u00ed na svou profesion\u00e1ln\u00ed budoucnost.\" \/>\n<meta property=\"og:url\" content=\"https:\/\/www.mzone.cz\/en\/z-historie-jezdectvi-aneb-kdyz-to-zeny-v-sedlech-koni-natrou-muzum\/\" \/>\n<meta property=\"og:site_name\" content=\"Mzone\" \/>\n<meta property=\"article:publisher\" content=\"https:\/\/www.facebook.com\/MzoneCZ\/\" \/>\n<meta property=\"article:published_time\" content=\"2024-04-22T18:00:29+00:00\" \/>\n<meta property=\"article:modified_time\" content=\"2024-04-22T18:22:37+00:00\" \/>\n<meta property=\"og:image\" content=\"https:\/\/www.mzone.cz\/wp-content\/uploads\/2019\/03\/FOTO3.jpg\" \/>\n\t<meta property=\"og:image:width\" content=\"640\" \/>\n\t<meta property=\"og:image:height\" content=\"427\" \/>\n\t<meta property=\"og:image:type\" content=\"image\/jpeg\" \/>\n<meta name=\"author\" content=\"Mzone\" \/>\n<meta name=\"twitter:card\" content=\"summary_large_image\" \/>\n<meta name=\"twitter:label1\" content=\"Written by\" \/>\n\t<meta name=\"twitter:data1\" content=\"Mzone\" \/>\n\t<meta name=\"twitter:label2\" content=\"Est. reading time\" \/>\n\t<meta name=\"twitter:data2\" content=\"5 minutes\" \/>\n<script type=\"application\/ld+json\" class=\"yoast-schema-graph\">{\"@context\":\"https:\\\/\\\/schema.org\",\"@graph\":[{\"@type\":\"Article\",\"@id\":\"https:\\\/\\\/www.mzone.cz\\\/z-historie-jezdectvi-aneb-kdyz-to-zeny-v-sedlech-koni-natrou-muzum\\\/#article\",\"isPartOf\":{\"@id\":\"https:\\\/\\\/www.mzone.cz\\\/z-historie-jezdectvi-aneb-kdyz-to-zeny-v-sedlech-koni-natrou-muzum\\\/\"},\"author\":{\"name\":\"Mzone\",\"@id\":\"https:\\\/\\\/www.mzone.cz\\\/#\\\/schema\\\/person\\\/9bc20cc422a99cac4af6ff9297da32d4\"},\"headline\":\"Z historie jezdectv\u00ed aneb kdy\u017e to \u017eeny v\u00a0sedlech kon\u00ed nat\u0159ou mu\u017e\u016fm\",\"datePublished\":\"2024-04-22T18:00:29+00:00\",\"dateModified\":\"2024-04-22T18:22:37+00:00\",\"mainEntityOfPage\":{\"@id\":\"https:\\\/\\\/www.mzone.cz\\\/z-historie-jezdectvi-aneb-kdyz-to-zeny-v-sedlech-koni-natrou-muzum\\\/\"},\"wordCount\":1006,\"commentCount\":0,\"image\":{\"@id\":\"https:\\\/\\\/www.mzone.cz\\\/z-historie-jezdectvi-aneb-kdyz-to-zeny-v-sedlech-koni-natrou-muzum\\\/#primaryimage\"},\"thumbnailUrl\":\"https:\\\/\\\/www.mzone.cz\\\/wp-content\\\/uploads\\\/2019\\\/03\\\/FOTO3.jpg\",\"keywords\":[\"dostihy\",\"Historie\",\"jezdectv\u00ed\",\"kon\u011b\",\"k\u016f\u0148\",\"Sport\",\"sportovkyn\u011b\",\"\u00fasp\u011bch\",\"\u017eeny\"],\"articleSection\":[\"Historie\",\"Sport\",\"\u017deny\"],\"inLanguage\":\"en-US\",\"potentialAction\":[{\"@type\":\"CommentAction\",\"name\":\"Comment\",\"target\":[\"https:\\\/\\\/www.mzone.cz\\\/z-historie-jezdectvi-aneb-kdyz-to-zeny-v-sedlech-koni-natrou-muzum\\\/#respond\"]}]},{\"@type\":\"WebPage\",\"@id\":\"https:\\\/\\\/www.mzone.cz\\\/z-historie-jezdectvi-aneb-kdyz-to-zeny-v-sedlech-koni-natrou-muzum\\\/\",\"url\":\"https:\\\/\\\/www.mzone.cz\\\/z-historie-jezdectvi-aneb-kdyz-to-zeny-v-sedlech-koni-natrou-muzum\\\/\",\"name\":\"Z historie jezdectv\u00ed aneb kdy\u017e to \u017eeny v\u00a0sedlech kon\u00ed nat\u0159ou mu\u017e\u016fm - Mzone\",\"isPartOf\":{\"@id\":\"https:\\\/\\\/www.mzone.cz\\\/#website\"},\"primaryImageOfPage\":{\"@id\":\"https:\\\/\\\/www.mzone.cz\\\/z-historie-jezdectvi-aneb-kdyz-to-zeny-v-sedlech-koni-natrou-muzum\\\/#primaryimage\"},\"image\":{\"@id\":\"https:\\\/\\\/www.mzone.cz\\\/z-historie-jezdectvi-aneb-kdyz-to-zeny-v-sedlech-koni-natrou-muzum\\\/#primaryimage\"},\"thumbnailUrl\":\"https:\\\/\\\/www.mzone.cz\\\/wp-content\\\/uploads\\\/2019\\\/03\\\/FOTO3.jpg\",\"datePublished\":\"2024-04-22T18:00:29+00:00\",\"dateModified\":\"2024-04-22T18:22:37+00:00\",\"author\":{\"@id\":\"https:\\\/\\\/www.mzone.cz\\\/#\\\/schema\\\/person\\\/9bc20cc422a99cac4af6ff9297da32d4\"},\"description\":\"Doby, kdy jezdeck\u00e9mu sportu dominovali mu\u017ei, jsou minulost\u00ed. Dne\u0161n\u00ed d\u00edvky maj\u00ed dokonce o\u00a0jezdectv\u00ed v\u011bt\u0161\u00ed z\u00e1jem, ne\u017e chlapci, o \u010dem\u017e vypov\u00eddaj\u00ed \u010d\u00edsla z jezdeck\u00fdch \u0161kol a u\u010dili\u0161\u0165, ve kter\u00fdch se budouc\u00ed jezdci, tren\u00e9\u0159i a chovatel\u00e9 kon\u00ed p\u0159ipravuj\u00ed na svou profesion\u00e1ln\u00ed budoucnost.\",\"breadcrumb\":{\"@id\":\"https:\\\/\\\/www.mzone.cz\\\/z-historie-jezdectvi-aneb-kdyz-to-zeny-v-sedlech-koni-natrou-muzum\\\/#breadcrumb\"},\"inLanguage\":\"en-US\",\"potentialAction\":[{\"@type\":\"ReadAction\",\"target\":[\"https:\\\/\\\/www.mzone.cz\\\/z-historie-jezdectvi-aneb-kdyz-to-zeny-v-sedlech-koni-natrou-muzum\\\/\"]}]},{\"@type\":\"ImageObject\",\"inLanguage\":\"en-US\",\"@id\":\"https:\\\/\\\/www.mzone.cz\\\/z-historie-jezdectvi-aneb-kdyz-to-zeny-v-sedlech-koni-natrou-muzum\\\/#primaryimage\",\"url\":\"https:\\\/\\\/www.mzone.cz\\\/wp-content\\\/uploads\\\/2019\\\/03\\\/FOTO3.jpg\",\"contentUrl\":\"https:\\\/\\\/www.mzone.cz\\\/wp-content\\\/uploads\\\/2019\\\/03\\\/FOTO3.jpg\",\"width\":640,\"height\":427},{\"@type\":\"BreadcrumbList\",\"@id\":\"https:\\\/\\\/www.mzone.cz\\\/z-historie-jezdectvi-aneb-kdyz-to-zeny-v-sedlech-koni-natrou-muzum\\\/#breadcrumb\",\"itemListElement\":[{\"@type\":\"ListItem\",\"position\":1,\"name\":\"Dom\u016f\",\"item\":\"https:\\\/\\\/www.mzone.cz\\\/\"},{\"@type\":\"ListItem\",\"position\":2,\"name\":\"Z historie jezdectv\u00ed aneb kdy\u017e to \u017eeny v\u00a0sedlech kon\u00ed nat\u0159ou mu\u017e\u016fm\"}]},{\"@type\":\"WebSite\",\"@id\":\"https:\\\/\\\/www.mzone.cz\\\/#website\",\"url\":\"https:\\\/\\\/www.mzone.cz\\\/\",\"name\":\"Mzone\",\"description\":\"Magaz\u00edn nejen pro mu\u017ee\",\"potentialAction\":[{\"@type\":\"SearchAction\",\"target\":{\"@type\":\"EntryPoint\",\"urlTemplate\":\"https:\\\/\\\/www.mzone.cz\\\/?s={search_term_string}\"},\"query-input\":{\"@type\":\"PropertyValueSpecification\",\"valueRequired\":true,\"valueName\":\"search_term_string\"}}],\"inLanguage\":\"en-US\"},{\"@type\":\"Person\",\"@id\":\"https:\\\/\\\/www.mzone.cz\\\/#\\\/schema\\\/person\\\/9bc20cc422a99cac4af6ff9297da32d4\",\"name\":\"Mzone\",\"image\":{\"@type\":\"ImageObject\",\"inLanguage\":\"en-US\",\"@id\":\"https:\\\/\\\/secure.gravatar.com\\\/avatar\\\/e780a8630f3182a3d06dd667ab6bea151a0d155b0951bc15fe22633acdac0676?s=96&d=mm&r=g\",\"url\":\"https:\\\/\\\/secure.gravatar.com\\\/avatar\\\/e780a8630f3182a3d06dd667ab6bea151a0d155b0951bc15fe22633acdac0676?s=96&d=mm&r=g\",\"contentUrl\":\"https:\\\/\\\/secure.gravatar.com\\\/avatar\\\/e780a8630f3182a3d06dd667ab6bea151a0d155b0951bc15fe22633acdac0676?s=96&d=mm&r=g\",\"caption\":\"Mzone\"},\"url\":\"https:\\\/\\\/www.mzone.cz\\\/en\\\/author\\\/jakub\\\/\"}]}<\/script>\n<!-- \/ Yoast SEO plugin. -->","yoast_head_json":{"title":"Z historie jezdectv\u00ed aneb kdy\u017e to \u017eeny v\u00a0sedlech kon\u00ed nat\u0159ou mu\u017e\u016fm - Mzone","description":"Doby, kdy jezdeck\u00e9mu sportu dominovali mu\u017ei, jsou minulost\u00ed. Dne\u0161n\u00ed d\u00edvky maj\u00ed dokonce o\u00a0jezdectv\u00ed v\u011bt\u0161\u00ed z\u00e1jem, ne\u017e chlapci, o \u010dem\u017e vypov\u00eddaj\u00ed \u010d\u00edsla z jezdeck\u00fdch \u0161kol a u\u010dili\u0161\u0165, ve kter\u00fdch se budouc\u00ed jezdci, tren\u00e9\u0159i a chovatel\u00e9 kon\u00ed p\u0159ipravuj\u00ed na svou profesion\u00e1ln\u00ed budoucnost.","robots":{"index":"index","follow":"follow","max-snippet":"max-snippet:-1","max-image-preview":"max-image-preview:large","max-video-preview":"max-video-preview:-1"},"canonical":"https:\/\/www.mzone.cz\/en\/z-historie-jezdectvi-aneb-kdyz-to-zeny-v-sedlech-koni-natrou-muzum\/","og_locale":"en_US","og_type":"article","og_title":"Z historie jezdectv\u00ed aneb kdy\u017e to \u017eeny v\u00a0sedlech kon\u00ed nat\u0159ou mu\u017e\u016fm - Mzone","og_description":"Doby, kdy jezdeck\u00e9mu sportu dominovali mu\u017ei, jsou minulost\u00ed. Dne\u0161n\u00ed d\u00edvky maj\u00ed dokonce o\u00a0jezdectv\u00ed v\u011bt\u0161\u00ed z\u00e1jem, ne\u017e chlapci, o \u010dem\u017e vypov\u00eddaj\u00ed \u010d\u00edsla z jezdeck\u00fdch \u0161kol a u\u010dili\u0161\u0165, ve kter\u00fdch se budouc\u00ed jezdci, tren\u00e9\u0159i a chovatel\u00e9 kon\u00ed p\u0159ipravuj\u00ed na svou profesion\u00e1ln\u00ed budoucnost.","og_url":"https:\/\/www.mzone.cz\/en\/z-historie-jezdectvi-aneb-kdyz-to-zeny-v-sedlech-koni-natrou-muzum\/","og_site_name":"Mzone","article_publisher":"https:\/\/www.facebook.com\/MzoneCZ\/","article_published_time":"2024-04-22T18:00:29+00:00","article_modified_time":"2024-04-22T18:22:37+00:00","og_image":[{"width":640,"height":427,"url":"https:\/\/www.mzone.cz\/wp-content\/uploads\/2019\/03\/FOTO3.jpg","type":"image\/jpeg"}],"author":"Mzone","twitter_card":"summary_large_image","twitter_misc":{"Written by":"Mzone","Est. reading time":"5 minutes"},"schema":{"@context":"https:\/\/schema.org","@graph":[{"@type":"Article","@id":"https:\/\/www.mzone.cz\/z-historie-jezdectvi-aneb-kdyz-to-zeny-v-sedlech-koni-natrou-muzum\/#article","isPartOf":{"@id":"https:\/\/www.mzone.cz\/z-historie-jezdectvi-aneb-kdyz-to-zeny-v-sedlech-koni-natrou-muzum\/"},"author":{"name":"Mzone","@id":"https:\/\/www.mzone.cz\/#\/schema\/person\/9bc20cc422a99cac4af6ff9297da32d4"},"headline":"Z historie jezdectv\u00ed aneb kdy\u017e to \u017eeny v\u00a0sedlech kon\u00ed nat\u0159ou mu\u017e\u016fm","datePublished":"2024-04-22T18:00:29+00:00","dateModified":"2024-04-22T18:22:37+00:00","mainEntityOfPage":{"@id":"https:\/\/www.mzone.cz\/z-historie-jezdectvi-aneb-kdyz-to-zeny-v-sedlech-koni-natrou-muzum\/"},"wordCount":1006,"commentCount":0,"image":{"@id":"https:\/\/www.mzone.cz\/z-historie-jezdectvi-aneb-kdyz-to-zeny-v-sedlech-koni-natrou-muzum\/#primaryimage"},"thumbnailUrl":"https:\/\/www.mzone.cz\/wp-content\/uploads\/2019\/03\/FOTO3.jpg","keywords":["dostihy","Historie","jezdectv\u00ed","kon\u011b","k\u016f\u0148","Sport","sportovkyn\u011b","\u00fasp\u011bch","\u017eeny"],"articleSection":["Historie","Sport","\u017deny"],"inLanguage":"en-US","potentialAction":[{"@type":"CommentAction","name":"Comment","target":["https:\/\/www.mzone.cz\/z-historie-jezdectvi-aneb-kdyz-to-zeny-v-sedlech-koni-natrou-muzum\/#respond"]}]},{"@type":"WebPage","@id":"https:\/\/www.mzone.cz\/z-historie-jezdectvi-aneb-kdyz-to-zeny-v-sedlech-koni-natrou-muzum\/","url":"https:\/\/www.mzone.cz\/z-historie-jezdectvi-aneb-kdyz-to-zeny-v-sedlech-koni-natrou-muzum\/","name":"Z historie jezdectv\u00ed aneb kdy\u017e to \u017eeny v\u00a0sedlech kon\u00ed nat\u0159ou mu\u017e\u016fm - Mzone","isPartOf":{"@id":"https:\/\/www.mzone.cz\/#website"},"primaryImageOfPage":{"@id":"https:\/\/www.mzone.cz\/z-historie-jezdectvi-aneb-kdyz-to-zeny-v-sedlech-koni-natrou-muzum\/#primaryimage"},"image":{"@id":"https:\/\/www.mzone.cz\/z-historie-jezdectvi-aneb-kdyz-to-zeny-v-sedlech-koni-natrou-muzum\/#primaryimage"},"thumbnailUrl":"https:\/\/www.mzone.cz\/wp-content\/uploads\/2019\/03\/FOTO3.jpg","datePublished":"2024-04-22T18:00:29+00:00","dateModified":"2024-04-22T18:22:37+00:00","author":{"@id":"https:\/\/www.mzone.cz\/#\/schema\/person\/9bc20cc422a99cac4af6ff9297da32d4"},"description":"Doby, kdy jezdeck\u00e9mu sportu dominovali mu\u017ei, jsou minulost\u00ed. Dne\u0161n\u00ed d\u00edvky maj\u00ed dokonce o\u00a0jezdectv\u00ed v\u011bt\u0161\u00ed z\u00e1jem, ne\u017e chlapci, o \u010dem\u017e vypov\u00eddaj\u00ed \u010d\u00edsla z jezdeck\u00fdch \u0161kol a u\u010dili\u0161\u0165, ve kter\u00fdch se budouc\u00ed jezdci, tren\u00e9\u0159i a chovatel\u00e9 kon\u00ed p\u0159ipravuj\u00ed na svou profesion\u00e1ln\u00ed budoucnost.","breadcrumb":{"@id":"https:\/\/www.mzone.cz\/z-historie-jezdectvi-aneb-kdyz-to-zeny-v-sedlech-koni-natrou-muzum\/#breadcrumb"},"inLanguage":"en-US","potentialAction":[{"@type":"ReadAction","target":["https:\/\/www.mzone.cz\/z-historie-jezdectvi-aneb-kdyz-to-zeny-v-sedlech-koni-natrou-muzum\/"]}]},{"@type":"ImageObject","inLanguage":"en-US","@id":"https:\/\/www.mzone.cz\/z-historie-jezdectvi-aneb-kdyz-to-zeny-v-sedlech-koni-natrou-muzum\/#primaryimage","url":"https:\/\/www.mzone.cz\/wp-content\/uploads\/2019\/03\/FOTO3.jpg","contentUrl":"https:\/\/www.mzone.cz\/wp-content\/uploads\/2019\/03\/FOTO3.jpg","width":640,"height":427},{"@type":"BreadcrumbList","@id":"https:\/\/www.mzone.cz\/z-historie-jezdectvi-aneb-kdyz-to-zeny-v-sedlech-koni-natrou-muzum\/#breadcrumb","itemListElement":[{"@type":"ListItem","position":1,"name":"Dom\u016f","item":"https:\/\/www.mzone.cz\/"},{"@type":"ListItem","position":2,"name":"Z historie jezdectv\u00ed aneb kdy\u017e to \u017eeny v\u00a0sedlech kon\u00ed nat\u0159ou mu\u017e\u016fm"}]},{"@type":"WebSite","@id":"https:\/\/www.mzone.cz\/#website","url":"https:\/\/www.mzone.cz\/","name":"Mzone","description":"Magaz\u00edn nejen pro mu\u017ee","potentialAction":[{"@type":"SearchAction","target":{"@type":"EntryPoint","urlTemplate":"https:\/\/www.mzone.cz\/?s={search_term_string}"},"query-input":{"@type":"PropertyValueSpecification","valueRequired":true,"valueName":"search_term_string"}}],"inLanguage":"en-US"},{"@type":"Person","@id":"https:\/\/www.mzone.cz\/#\/schema\/person\/9bc20cc422a99cac4af6ff9297da32d4","name":"Mzone","image":{"@type":"ImageObject","inLanguage":"en-US","@id":"https:\/\/secure.gravatar.com\/avatar\/e780a8630f3182a3d06dd667ab6bea151a0d155b0951bc15fe22633acdac0676?s=96&d=mm&r=g","url":"https:\/\/secure.gravatar.com\/avatar\/e780a8630f3182a3d06dd667ab6bea151a0d155b0951bc15fe22633acdac0676?s=96&d=mm&r=g","contentUrl":"https:\/\/secure.gravatar.com\/avatar\/e780a8630f3182a3d06dd667ab6bea151a0d155b0951bc15fe22633acdac0676?s=96&d=mm&r=g","caption":"Mzone"},"url":"https:\/\/www.mzone.cz\/en\/author\/jakub\/"}]}},"_links":{"self":[{"href":"https:\/\/www.mzone.cz\/en\/wp-json\/wp\/v2\/posts\/5695","targetHints":{"allow":["GET"]}}],"collection":[{"href":"https:\/\/www.mzone.cz\/en\/wp-json\/wp\/v2\/posts"}],"about":[{"href":"https:\/\/www.mzone.cz\/en\/wp-json\/wp\/v2\/types\/post"}],"author":[{"embeddable":true,"href":"https:\/\/www.mzone.cz\/en\/wp-json\/wp\/v2\/users\/4"}],"replies":[{"embeddable":true,"href":"https:\/\/www.mzone.cz\/en\/wp-json\/wp\/v2\/comments?post=5695"}],"version-history":[{"count":1,"href":"https:\/\/www.mzone.cz\/en\/wp-json\/wp\/v2\/posts\/5695\/revisions"}],"predecessor-version":[{"id":9339,"href":"https:\/\/www.mzone.cz\/en\/wp-json\/wp\/v2\/posts\/5695\/revisions\/9339"}],"wp:featuredmedia":[{"embeddable":true,"href":"https:\/\/www.mzone.cz\/en\/wp-json\/wp\/v2\/media\/5696"}],"wp:attachment":[{"href":"https:\/\/www.mzone.cz\/en\/wp-json\/wp\/v2\/media?parent=5695"}],"wp:term":[{"taxonomy":"category","embeddable":true,"href":"https:\/\/www.mzone.cz\/en\/wp-json\/wp\/v2\/categories?post=5695"},{"taxonomy":"post_tag","embeddable":true,"href":"https:\/\/www.mzone.cz\/en\/wp-json\/wp\/v2\/tags?post=5695"}],"curies":[{"name":"wp","href":"https:\/\/api.w.org\/{rel}","templated":true}]}}