{"id":6006,"date":"2025-06-16T16:00:43","date_gmt":"2025-06-16T14:00:43","guid":{"rendered":"http:\/\/www.mzone.cz\/?p=6006"},"modified":"2025-06-16T16:44:06","modified_gmt":"2025-06-16T14:44:06","slug":"zelena-vila-nebo-jed-absinth-inspiroval-i-nicil-umelce-zaroven","status":"publish","type":"post","link":"https:\/\/www.mzone.cz\/en\/zelena-vila-nebo-jed-absinth-inspiroval-i-nicil-umelce-zaroven\/","title":{"rendered":"Zelen\u00e1 v\u00edla nebo jed? Absinth inspiroval i ni\u010dil um\u011blce z\u00e1rove\u0148"},"content":{"rendered":"<p><strong>Jedn\u00edm z m\u00e1la spirit\u016f, jeho\u017e p\u016fvod a \u010dasto i kvalita se d\u00e1 rozli\u0161it u\u017e z pouh\u00e9ho n\u00e1zvu, je pr\u00e1v\u011b absinthe. Nebo tak\u00e9 absint a \u010dasto je\u0161t\u011b absinth. Jinak t\u00e9\u017e zvan\u00fd n\u00e1poj v\u0161ech ztracen\u00fdch um\u011blc\u016f a boh\u00e9m\u016f, kter\u00fdm slou\u017eil jako velik\u00fd zdroj inspirace. Ne v\u0161em v\u0161ak pouze pom\u00e1hal.<\/strong><\/p><br>\n\n\n\n<p>Ten jedin\u00fd prav\u00fd absinthe poch\u00e1zej\u00edc\u00ed z&nbsp;horsk\u00e9ho \u00fadol\u00ed Val-de-Travers na pomez\u00ed \u0161v\u00fdcarsko-francouzsk\u00e9 hranice m\u00e1 za sebou celkem kr\u00e1tkou, ale o&nbsp;to pohnut\u011bj\u0161\u00ed historii. Jeho vznik se datuje k p\u0159elomu 18. a&nbsp;19. stolet\u00ed a p\u016fvodn\u011b m\u011bl b\u00fdt \u017ealude\u010dn\u00edm lik\u00e9rem.<\/p><br>\n\n\n\n<p>Absinthe se vyr\u00e1b\u00ed pomoc\u00ed macerace bylin v&nbsp;neutr\u00e1ln\u00edm destil\u00e1tu a&nbsp;n\u00e1slednou destilac\u00ed. Dva z\u00e1kladn\u00ed druhy, kter\u00e9 rozezn\u00e1v\u00e1me, jsou absinthe \u010dir\u00fd a zelen\u00fd. Zelen\u00e9 barvy se dos\u00e1hne kone\u010dnou macerac\u00ed (m\u00e1\u010den\u00ed rostlinn\u00fdch nebo \u017eivo\u010di\u0161n\u00fdch tk\u00e1n\u00ed v kapalin\u011b, aby se vylou\u017eily rozpustn\u00e9 slo\u017eky a z\u00edskal v\u00fdluh nebo \u010dist\u00e1 tk\u00e1\u0148) bylin v&nbsp;ji\u017e vydestilovan\u00e9m absinthu \u2013 d\u00edky tomu barva nikdy nem\u016f\u017ee b\u00fdt ost\u0159e zelen\u00e1, ale bude sp\u00ed\u0161 jemn\u011b zelen\u00e1 a\u017e na\u0161ediv\u011bl\u00e1.<\/p>\n\n\n\n<blockquote class=\"wp-block-quote is-layout-flow wp-block-quote-is-layout-flow\"><p>Hlavn\u00ed slo\u017eky pro v\u00fdrobu absinthu tvo\u0159\u00ed tzv. svat\u00e1 trojice \u2013 pelyn\u011bk, an\u00fdz a fenykl. Samoz\u0159ejm\u011b ka\u017ed\u00fd v\u00fdrobce m\u00edch\u00e1 byliny v&nbsp;r\u016fzn\u00fdch pom\u011brech a p\u0159id\u00e1v\u00e1 je\u0161t\u011b mnoh\u00e9 dal\u0161\u00ed.<\/p><\/blockquote>\n\n\n\n<p>Nejd\u016fle\u017eit\u011bj\u0161\u00ed v\u0161ak z\u016fst\u00e1v\u00e1 pelyn\u011bk Artemisia absinthium, voln\u011b rostouc\u00ed pr\u00e1v\u011b v&nbsp;\u00fadol\u00ed Val-de-Travers, d\u00edky t\u00e9to bylince absinthe obsahuje tak\u00e9 thujon, jen\u017e je je\u0161t\u011b dodnes miln\u011b vn\u00edm\u00e1n jako halucinogenn\u00ed l\u00e1tka.<\/p>\n\n\n\n<figure class=\"wp-block-image\"><img loading=\"lazy\" decoding=\"async\" width=\"1024\" height=\"680\" src=\"http:\/\/www.mzone.cz\/wp-content\/uploads\/2019\/03\/Depositphotos_5137999_l-2015-1024x680.jpg\" alt=\"\" class=\"wp-image-6015\" srcset=\"https:\/\/www.mzone.cz\/wp-content\/uploads\/2019\/03\/Depositphotos_5137999_l-2015-1024x680.jpg 1024w, https:\/\/www.mzone.cz\/wp-content\/uploads\/2019\/03\/Depositphotos_5137999_l-2015-300x199.jpg 300w, https:\/\/www.mzone.cz\/wp-content\/uploads\/2019\/03\/Depositphotos_5137999_l-2015-768x510.jpg 768w, https:\/\/www.mzone.cz\/wp-content\/uploads\/2019\/03\/Depositphotos_5137999_l-2015-400x267.jpg 400w, https:\/\/www.mzone.cz\/wp-content\/uploads\/2019\/03\/Depositphotos_5137999_l-2015-500x333.jpg 500w, https:\/\/www.mzone.cz\/wp-content\/uploads\/2019\/03\/Depositphotos_5137999_l-2015-590x392.jpg 590w, https:\/\/www.mzone.cz\/wp-content\/uploads\/2019\/03\/Depositphotos_5137999_l-2015.jpg 2000w\" sizes=\"auto, (max-width: 1024px) 100vw, 1024px\" \/><\/figure>\n\n\n\n<p>N\u00e1poj si krom\u011b vy\u0161\u0161\u00edch vrstev obl\u00edbili i chud\u0161\u00ed lid\u00e9, ale p\u0159edev\u0161\u00edm boh\u00e9m\u0161t\u00ed b\u00e1sn\u00edci a mal\u00ed\u0159i. Snad ka\u017ed\u00fd mal\u00ed\u0159 t\u00e9 doby namaloval obraz, kter\u00fd m\u011bl n\u011bco spole\u010dn\u00e9ho s&nbsp;absinthem, a\u0165 u\u017e zachytil skleni\u010dku zelen\u00e9ho n\u00e1poje \u010di onu \u201ezelenou v\u00edlu\u201c.<\/p>\n\n\n\n<blockquote class=\"wp-block-quote is-layout-flow wp-block-quote-is-layout-flow\"><p>Mezi ty, kte\u0159\u00ed si u\u017e\u00edvali zelen\u00e9ho n\u00e1poje, pat\u0159il nap\u0159\u00edklad mal\u00ed\u0159 Eduard Manet, Edgar Allan Poe, Vincent van Gogh, Oscar Wilde i proklet\u00ed b\u00e1sn\u00edci \u2013 Charles Baudelaire, Paul Verlaine a Arthur Rimbaud.<\/p><\/blockquote>\n\n\n\n<p>S&nbsp;koncem 19. stolet\u00ed u\u017e byl absinthe natolik roz\u0161\u00ed\u0159en\u00fd a&nbsp;dostupn\u00fd, a\u017e za\u010dal ohro\u017eovat v\u00fdrobce jin\u00fdch alkoholick\u00fdch n\u00e1poj\u016f. Nejv\u00edce to poci\u0165ovali v\u00fdrobci tradi\u010dn\u00ed brandy a&nbsp;tak\u00e9 vina\u0159i, je\u017e se t\u011b\u017ece vzpamatov\u00e1vali z pohromy, kdy vinice prakticky po cel\u00e9 Evrop\u011b napadla m\u0161i\u010dka r\u00e9vokaz a zni\u010dila je na mnoho let. P\u0159ehnan\u00e9 pit\u00ed alkoholu se nel\u00edbilo ani nov\u011b vznikaj\u00edc\u00edm \u017eensk\u00fdm spolk\u016fm. Za\u010daly vznikat nejr\u016fzn\u011bj\u0161\u00ed vtipy, kol\u00e1\u017ee a&nbsp;kresby zesm\u011b\u0161\u0148uj\u00edc\u00ed nebo dokonce a\u017e odrazuj\u00edc\u00ed od pit\u00ed absinthe. To v\u0161e m\u011blo za n\u00e1sledek, \u017ee se nakonec 7. \u0159\u00edjna 1910 poda\u0159ilo postavit absinthe ve \u0160v\u00fdcarsku mimo z\u00e1kon. Ve Francii se tak stalo o&nbsp;\u010dty\u0159i roky pozd\u011bji.<\/p><br>\n\n\n\n<figure class=\"wp-block-image\"><img loading=\"lazy\" decoding=\"async\" width=\"800\" height=\"558\" src=\"http:\/\/www.mzone.cz\/wp-content\/uploads\/2019\/03\/Pij\u2020k-absinthu-od-Viktora-Olivy-Wikipedia-Commons.jpg\" alt=\"\" class=\"wp-image-6020\" srcset=\"https:\/\/www.mzone.cz\/wp-content\/uploads\/2019\/03\/Pij\u2020k-absinthu-od-Viktora-Olivy-Wikipedia-Commons.jpg 800w, https:\/\/www.mzone.cz\/wp-content\/uploads\/2019\/03\/Pij\u2020k-absinthu-od-Viktora-Olivy-Wikipedia-Commons-300x209.jpg 300w, https:\/\/www.mzone.cz\/wp-content\/uploads\/2019\/03\/Pij\u2020k-absinthu-od-Viktora-Olivy-Wikipedia-Commons-768x536.jpg 768w, https:\/\/www.mzone.cz\/wp-content\/uploads\/2019\/03\/Pij\u2020k-absinthu-od-Viktora-Olivy-Wikipedia-Commons-590x412.jpg 590w\" sizes=\"auto, (max-width: 800px) 100vw, 800px\" \/><figcaption>Obraz Pij\u00e1k absinthu od Viktora Olivy<\/figcaption><\/figure><br>\n\n\n\n<p>Pro v\u00fdrobce absinthu nastaly t\u011b\u017ek\u00e9 \u010dasy. Francouzsk\u00e1 strana p\u0159e\u0161la na v\u00fdrobu pastisu, lik\u00e9ru vyr\u00e1b\u011bj\u00edc\u00edho se z&nbsp;obdobn\u00fdch bylinek jako absinthe, ov\u0161em bez pely\u0148ku, a&nbsp;tedy i bez thujonu. Ve \u0160v\u00fdcarsku byl v\u0161ak absinthe natolik zako\u0159en\u011bn\u00fd, \u017ee bylo nemysliteln\u00e9 s&nbsp;jeho v\u00fdrobou p\u0159estat. A&nbsp;tak se z n\u011bj stal n\u00e1poj tzv. podpultov\u00fd.<\/p>\n\n\n\n<blockquote class=\"wp-block-quote is-layout-flow wp-block-quote-is-layout-flow\"><p>A\u010dkoliv p\u0159ed z\u00e1kazem dok\u00e1zal francouzsk\u00fd gigant Pernod Fils vyrobit a\u017e 125 tis\u00edc litr\u016f absinthu denn\u011b, d\u00edky prohibici a&nbsp;nutnosti zakr\u00fdt jeho v\u00fdrobu produkce logicky prudce klesla a p\u0159est\u011bhovala se do sklep\u016f mal\u00fdch v\u00fdrobc\u016f zejm\u00e9na v&nbsp;oblasti \u0161v\u00fdcarsk\u00fdch m\u011bste\u010dek Couvet a&nbsp;M\u00f4tiers.<\/p><\/blockquote>\n\n\n\n<p>Ti produkovali absinthe prim\u00e1rn\u011b pro vlastn\u00ed spot\u0159ebu a&nbsp;jen mal\u00e9 mno\u017estv\u00ed se dostalo na ve\u0159ejnost. V\u00fdroba absinthu byla v&nbsp;t\u00e9 dob\u011b nebezpe\u010dnou z\u00e1le\u017eitost\u00ed. Pokud by byl v\u00fdrobce p\u0159isti\u017een, hrozila by mu nejen likvida\u010dn\u00ed pokuta, ale i p\u00e1r let ve v\u011bzen\u00ed, a&nbsp;to nikdo necht\u011bl riskovat.<\/p><br>\n\n\n\n<div class=\"wp-block-image\"><figure class=\"alignleft is-resized\"><img loading=\"lazy\" decoding=\"async\" src=\"http:\/\/www.mzone.cz\/wp-content\/uploads\/2019\/03\/Depositphotos_205177960_l-2015-684x1024.jpg\" alt=\"\" class=\"wp-image-6031\" width=\"293\" height=\"440\" srcset=\"https:\/\/www.mzone.cz\/wp-content\/uploads\/2019\/03\/Depositphotos_205177960_l-2015-684x1024.jpg 684w, https:\/\/www.mzone.cz\/wp-content\/uploads\/2019\/03\/Depositphotos_205177960_l-2015-200x300.jpg 200w, https:\/\/www.mzone.cz\/wp-content\/uploads\/2019\/03\/Depositphotos_205177960_l-2015-768x1151.jpg 768w, https:\/\/www.mzone.cz\/wp-content\/uploads\/2019\/03\/Depositphotos_205177960_l-2015-400x600.jpg 400w, https:\/\/www.mzone.cz\/wp-content\/uploads\/2019\/03\/Depositphotos_205177960_l-2015-667x999.jpg 667w, https:\/\/www.mzone.cz\/wp-content\/uploads\/2019\/03\/Depositphotos_205177960_l-2015-590x884.jpg 590w, https:\/\/www.mzone.cz\/wp-content\/uploads\/2019\/03\/Depositphotos_205177960_l-2015.jpg 1335w\" sizes=\"auto, (max-width: 293px) 100vw, 293px\" \/><\/figure><\/div>\n\n\n\n<p>Zat\u00edmco ve Francii a&nbsp;\u0160v\u00fdcarsku vl\u00e1dla prohibice, v&nbsp;mnoha zem\u00edch v\u010detn\u011b \u010ceska absinthe zak\u00e1z\u00e1n nebyl. V&nbsp;90. letech se tak na na\u0161em trhu objevil v\u00fdrobek s&nbsp;n\u00e1zvem absint. S&nbsp;t\u00edm p\u016fvodn\u00edm nem\u011bl nic moc spole\u010dn\u00e9ho, v\u00fdroba prob\u00edhala pouze macerac\u00ed bylin ve vysokoprocentn\u00edm destil\u00e1tu, pot\u00e9 se jen filtruje a&nbsp;mnohdy je\u0161t\u011b barv\u00ed potravin\u00e1\u0159sk\u00fdm barvivem do nejr\u016fzn\u011bj\u0161\u00edch k\u0159iklav\u00fdch barev. Vznik\u00e1 tak vysoce procentn\u00ed spirit s&nbsp;ho\u0159kou chut\u00ed, je\u017e je pot\u0159eba dochutit cukrem \u2013 a proto se vymyslel servis se zap\u00e1len\u00fdm cukrem, kter\u00fd je n\u00e1sledn\u011b do absintu vm\u00edch\u00e1n.<\/p>\n\n\n\n<blockquote class=\"wp-block-quote is-layout-flow wp-block-quote-is-layout-flow\"><p>I&nbsp;d\u00edky n\u00e1hra\u017ek\u00e1m v podob\u011b \u010desk\u00e9ho absintu za\u010daly kolem roku 2000 ve \u0160v\u00fdcarsku a Francii s\u00edlit hlasy za znovulegalizaci absinthu. Po mnoha v\u011bdeck\u00fdch studi\u00edch zkoumaj\u00edc\u00edch p\u0159ev\u00e1\u017en\u011b nebezpe\u010dnost thujonu byl kone\u010dn\u011b roku 2005 zlegalizov\u00e1n a&nbsp;v\u0161echny destilerie v&nbsp;oblasti&nbsp; Val-de-Travers se tak mohly st\u00e1t op\u011bt leg\u00e1ln\u00edmi.<\/p><\/blockquote>\n\n\n\n<p>Absinthe byl od prvopo\u010d\u00e1tku naz\u00fdv\u00e1n zelenou v\u00edlou d\u00edky sv\u00e9 barv\u011b a&nbsp;s\u00edle. Nikdy se v\u0161ak nepil ne\u0159ed\u011bn\u00fd. \u0158ed\u00ed se vodou v pom\u011bru 1:3 a\u017e 1:5, p\u0159\u00edmo v Couvet v\u00e1m v&nbsp;destilerii Distillerie d\u2019Absinthe Artemisia Bugnon doporu\u010d\u00ed \u0159edit absinthy dle druhu na p\u0159ibli\u017en\u011b 11 % alkoholu u&nbsp;\u010dir\u00e9ho a u zelen\u00e9ho na 13 a\u017e 14 %.<\/p><br>\n\n\n\n<div class=\"wp-block-image\"><figure class=\"alignleft is-resized\"><img loading=\"lazy\" decoding=\"async\" src=\"http:\/\/www.mzone.cz\/wp-content\/uploads\/2018\/10\/adult-alcohol-alcoholic-beverage-1267323-1024x683.jpg\" alt=\"\" class=\"wp-image-995\" width=\"112\" height=\"73\"\/><\/figure><\/div>\n\n\n\n<h4><a href=\"http:\/\/www.mzone.cz\/beergeek-aneb-jak-se-vyznat-ve-svrchne-kvasenem-pivu\/\">Beergeek aneb jak se vyznat ve svrchn\u011b kva\u0161en\u00e9m pivu<\/a><\/h4><br>\n\n\n\n<p>Pokud m\u00e1 n\u011bkdo r\u00e1d sladk\u00e9, pak se u zelen\u00e9ho absinthu doporu\u010duje nechat vodu prokapat p\u0159es kostku b\u00edl\u00e9ho cukru (nezap\u00e1lenou). K&nbsp;ritu\u00e1lu pit\u00ed absinthu se pou\u017e\u00edvaj\u00ed tzv. absinthov\u00e9 font\u00e1ny, z&nbsp;nich\u017e prokap\u00e1v\u00e1 voda a&nbsp;absinthe \u0159ed\u00ed. Ve \u0160v\u00fdcarsku k&nbsp;t\u011bmto \u00fa\u010del\u016fm pou\u017e\u00edvaj\u00ed pouze vodu miner\u00e1ln\u00ed. Zaj\u00edmav\u00e9 je tak\u00e9 pozorovat reakci absinthu, p\u0159i kontaktu s&nbsp;vodou se za\u010dne d\u00edky obsa\u017een\u00fdm silic\u00edm an\u00fdzu a fenyklu zakalovat.<\/p>","protected":false},"excerpt":{"rendered":"<p>Jedn\u00edm z m\u00e1la spirit\u016f, jeho\u017e p\u016fvod a \u010dasto i kvalita se d\u00e1 rozli\u0161it u\u017e z pouh\u00e9ho n\u00e1zvu, je pr\u00e1v\u011b absinthe. Nebo tak\u00e9 absint a \u010dasto je\u0161t\u011b absinth. Jinak t\u00e9\u017e zvan\u00fd n\u00e1poj v\u0161ech ztracen\u00fdch um\u011blc\u016f a boh\u00e9m\u016f, kter\u00fdm slou\u017eil jako velik\u00fd zdroj inspirace. Ne v\u0161em v\u0161ak pouze pom\u00e1hal. Ten jedin\u00fd prav\u00fd absinthe poch\u00e1zej\u00edc\u00ed z&nbsp;horsk\u00e9ho \u00fadol\u00ed Val-de-Travers [&hellip;]<\/p>\n","protected":false},"author":4,"featured_media":6007,"comment_status":"open","ping_status":"open","sticky":false,"template":"","format":"standard","meta":{"kk_blocks_editor_width":"","_kiokenblocks_attr":"","_kiokenblocks_dimensions":"","footnotes":""},"categories":[387,63,25],"tags":[1641,1642,1643,400,1645,768,87,906,401,1644,957,622],"class_list":["post-6006","post","type-post","status-publish","format-standard","has-post-thumbnail","hentry","category-historie","category-jidlo","category-style","tag-absint","tag-absinth","tag-absinthe","tag-alkohol","tag-destilat","tag-drink","tag-historie","tag-napoj","tag-piti","tag-umelci","tag-umeni","tag-vyroba"],"yoast_head":"<!-- This site is optimized with the Yoast SEO plugin v27.5 - https:\/\/yoast.com\/product\/yoast-seo-wordpress\/ -->\n<title>Zelen\u00e1 v\u00edla nebo jed? Absinth inspiroval i ni\u010dil um\u011blce z\u00e1rove\u0148 - Mzone<\/title>\n<meta name=\"description\" content=\"Jedn\u00edm z m\u00e1la spirit\u016f, jeho\u017e p\u016fvod a \u010dasto i kvalita se d\u00e1 rozli\u0161it u\u017e z pouh\u00e9ho n\u00e1zvu, je pr\u00e1v\u011b absinthe. Nebo tak\u00e9 absint a \u010dasto je\u0161t\u011b absinth. Jinak t\u00e9\u017e zvan\u00fd n\u00e1poj v\u0161ech ztracen\u00fdch um\u011blc\u016f a boh\u00e9m\u016f, kter\u00fdm slou\u017eil jako velik\u00fd zdroj inspirace. Ne v\u0161em v\u0161ak pouze pom\u00e1hal.\" \/>\n<meta name=\"robots\" content=\"index, follow, max-snippet:-1, max-image-preview:large, max-video-preview:-1\" \/>\n<link rel=\"canonical\" href=\"https:\/\/www.mzone.cz\/en\/zelena-vila-nebo-jed-absinth-inspiroval-i-nicil-umelce-zaroven\/\" \/>\n<meta property=\"og:locale\" content=\"en_US\" \/>\n<meta property=\"og:type\" content=\"article\" \/>\n<meta property=\"og:title\" content=\"Zelen\u00e1 v\u00edla nebo jed? Absinth inspiroval i ni\u010dil um\u011blce z\u00e1rove\u0148 - Mzone\" \/>\n<meta property=\"og:description\" content=\"Jedn\u00edm z m\u00e1la spirit\u016f, jeho\u017e p\u016fvod a \u010dasto i kvalita se d\u00e1 rozli\u0161it u\u017e z pouh\u00e9ho n\u00e1zvu, je pr\u00e1v\u011b absinthe. Nebo tak\u00e9 absint a \u010dasto je\u0161t\u011b absinth. Jinak t\u00e9\u017e zvan\u00fd n\u00e1poj v\u0161ech ztracen\u00fdch um\u011blc\u016f a boh\u00e9m\u016f, kter\u00fdm slou\u017eil jako velik\u00fd zdroj inspirace. Ne v\u0161em v\u0161ak pouze pom\u00e1hal.\" \/>\n<meta property=\"og:url\" content=\"https:\/\/www.mzone.cz\/en\/zelena-vila-nebo-jed-absinth-inspiroval-i-nicil-umelce-zaroven\/\" \/>\n<meta property=\"og:site_name\" content=\"Mzone\" \/>\n<meta property=\"article:publisher\" content=\"https:\/\/www.facebook.com\/MzoneCZ\/\" \/>\n<meta property=\"article:published_time\" content=\"2025-06-16T14:00:43+00:00\" \/>\n<meta property=\"article:modified_time\" content=\"2025-06-16T14:44:06+00:00\" \/>\n<meta property=\"og:image\" content=\"https:\/\/www.mzone.cz\/wp-content\/uploads\/2019\/03\/Depositphotos_21115173_xl-2015-1024x683.jpg\" \/>\n\t<meta property=\"og:image:width\" content=\"1024\" \/>\n\t<meta property=\"og:image:height\" content=\"683\" \/>\n\t<meta property=\"og:image:type\" content=\"image\/jpeg\" \/>\n<meta name=\"author\" content=\"Mzone\" \/>\n<meta name=\"twitter:card\" content=\"summary_large_image\" \/>\n<meta name=\"twitter:label1\" content=\"Written by\" \/>\n\t<meta name=\"twitter:data1\" content=\"Mzone\" \/>\n\t<meta name=\"twitter:label2\" content=\"Est. reading time\" \/>\n\t<meta name=\"twitter:data2\" content=\"6 minutes\" \/>\n<script type=\"application\/ld+json\" class=\"yoast-schema-graph\">{\"@context\":\"https:\\\/\\\/schema.org\",\"@graph\":[{\"@type\":\"Article\",\"@id\":\"https:\\\/\\\/www.mzone.cz\\\/zelena-vila-nebo-jed-absinth-inspiroval-i-nicil-umelce-zaroven\\\/#article\",\"isPartOf\":{\"@id\":\"https:\\\/\\\/www.mzone.cz\\\/zelena-vila-nebo-jed-absinth-inspiroval-i-nicil-umelce-zaroven\\\/\"},\"author\":{\"name\":\"Mzone\",\"@id\":\"https:\\\/\\\/www.mzone.cz\\\/#\\\/schema\\\/person\\\/9bc20cc422a99cac4af6ff9297da32d4\"},\"headline\":\"Zelen\u00e1 v\u00edla nebo jed? Absinth inspiroval i ni\u010dil um\u011blce z\u00e1rove\u0148\",\"datePublished\":\"2025-06-16T14:00:43+00:00\",\"dateModified\":\"2025-06-16T14:44:06+00:00\",\"mainEntityOfPage\":{\"@id\":\"https:\\\/\\\/www.mzone.cz\\\/zelena-vila-nebo-jed-absinth-inspiroval-i-nicil-umelce-zaroven\\\/\"},\"wordCount\":1122,\"commentCount\":0,\"image\":{\"@id\":\"https:\\\/\\\/www.mzone.cz\\\/zelena-vila-nebo-jed-absinth-inspiroval-i-nicil-umelce-zaroven\\\/#primaryimage\"},\"thumbnailUrl\":\"https:\\\/\\\/www.mzone.cz\\\/wp-content\\\/uploads\\\/2019\\\/03\\\/Depositphotos_21115173_xl-2015.jpg\",\"keywords\":[\"absint\",\"absinth\",\"absinthe\",\"alkohol\",\"destil\u00e1t\",\"drink\",\"Historie\",\"n\u00e1poj\",\"pit\u00ed\",\"um\u011blci\",\"um\u011bn\u00ed\",\"v\u00fdroba\"],\"articleSection\":[\"Historie\",\"J\u00eddlo a pit\u00ed\",\"Style\"],\"inLanguage\":\"en-US\",\"potentialAction\":[{\"@type\":\"CommentAction\",\"name\":\"Comment\",\"target\":[\"https:\\\/\\\/www.mzone.cz\\\/zelena-vila-nebo-jed-absinth-inspiroval-i-nicil-umelce-zaroven\\\/#respond\"]}]},{\"@type\":\"WebPage\",\"@id\":\"https:\\\/\\\/www.mzone.cz\\\/zelena-vila-nebo-jed-absinth-inspiroval-i-nicil-umelce-zaroven\\\/\",\"url\":\"https:\\\/\\\/www.mzone.cz\\\/zelena-vila-nebo-jed-absinth-inspiroval-i-nicil-umelce-zaroven\\\/\",\"name\":\"Zelen\u00e1 v\u00edla nebo jed? Absinth inspiroval i ni\u010dil um\u011blce z\u00e1rove\u0148 - Mzone\",\"isPartOf\":{\"@id\":\"https:\\\/\\\/www.mzone.cz\\\/#website\"},\"primaryImageOfPage\":{\"@id\":\"https:\\\/\\\/www.mzone.cz\\\/zelena-vila-nebo-jed-absinth-inspiroval-i-nicil-umelce-zaroven\\\/#primaryimage\"},\"image\":{\"@id\":\"https:\\\/\\\/www.mzone.cz\\\/zelena-vila-nebo-jed-absinth-inspiroval-i-nicil-umelce-zaroven\\\/#primaryimage\"},\"thumbnailUrl\":\"https:\\\/\\\/www.mzone.cz\\\/wp-content\\\/uploads\\\/2019\\\/03\\\/Depositphotos_21115173_xl-2015.jpg\",\"datePublished\":\"2025-06-16T14:00:43+00:00\",\"dateModified\":\"2025-06-16T14:44:06+00:00\",\"author\":{\"@id\":\"https:\\\/\\\/www.mzone.cz\\\/#\\\/schema\\\/person\\\/9bc20cc422a99cac4af6ff9297da32d4\"},\"description\":\"Jedn\u00edm z m\u00e1la spirit\u016f, jeho\u017e p\u016fvod a \u010dasto i kvalita se d\u00e1 rozli\u0161it u\u017e z pouh\u00e9ho n\u00e1zvu, je pr\u00e1v\u011b absinthe. Nebo tak\u00e9 absint a \u010dasto je\u0161t\u011b absinth. Jinak t\u00e9\u017e zvan\u00fd n\u00e1poj v\u0161ech ztracen\u00fdch um\u011blc\u016f a boh\u00e9m\u016f, kter\u00fdm slou\u017eil jako velik\u00fd zdroj inspirace. Ne v\u0161em v\u0161ak pouze pom\u00e1hal.\",\"breadcrumb\":{\"@id\":\"https:\\\/\\\/www.mzone.cz\\\/zelena-vila-nebo-jed-absinth-inspiroval-i-nicil-umelce-zaroven\\\/#breadcrumb\"},\"inLanguage\":\"en-US\",\"potentialAction\":[{\"@type\":\"ReadAction\",\"target\":[\"https:\\\/\\\/www.mzone.cz\\\/zelena-vila-nebo-jed-absinth-inspiroval-i-nicil-umelce-zaroven\\\/\"]}]},{\"@type\":\"ImageObject\",\"inLanguage\":\"en-US\",\"@id\":\"https:\\\/\\\/www.mzone.cz\\\/zelena-vila-nebo-jed-absinth-inspiroval-i-nicil-umelce-zaroven\\\/#primaryimage\",\"url\":\"https:\\\/\\\/www.mzone.cz\\\/wp-content\\\/uploads\\\/2019\\\/03\\\/Depositphotos_21115173_xl-2015.jpg\",\"contentUrl\":\"https:\\\/\\\/www.mzone.cz\\\/wp-content\\\/uploads\\\/2019\\\/03\\\/Depositphotos_21115173_xl-2015.jpg\",\"width\":3654,\"height\":2436},{\"@type\":\"BreadcrumbList\",\"@id\":\"https:\\\/\\\/www.mzone.cz\\\/zelena-vila-nebo-jed-absinth-inspiroval-i-nicil-umelce-zaroven\\\/#breadcrumb\",\"itemListElement\":[{\"@type\":\"ListItem\",\"position\":1,\"name\":\"Dom\u016f\",\"item\":\"https:\\\/\\\/www.mzone.cz\\\/\"},{\"@type\":\"ListItem\",\"position\":2,\"name\":\"Zelen\u00e1 v\u00edla nebo jed? Absinth inspiroval i ni\u010dil um\u011blce z\u00e1rove\u0148\"}]},{\"@type\":\"WebSite\",\"@id\":\"https:\\\/\\\/www.mzone.cz\\\/#website\",\"url\":\"https:\\\/\\\/www.mzone.cz\\\/\",\"name\":\"Mzone\",\"description\":\"Magaz\u00edn nejen pro mu\u017ee\",\"potentialAction\":[{\"@type\":\"SearchAction\",\"target\":{\"@type\":\"EntryPoint\",\"urlTemplate\":\"https:\\\/\\\/www.mzone.cz\\\/?s={search_term_string}\"},\"query-input\":{\"@type\":\"PropertyValueSpecification\",\"valueRequired\":true,\"valueName\":\"search_term_string\"}}],\"inLanguage\":\"en-US\"},{\"@type\":\"Person\",\"@id\":\"https:\\\/\\\/www.mzone.cz\\\/#\\\/schema\\\/person\\\/9bc20cc422a99cac4af6ff9297da32d4\",\"name\":\"Mzone\",\"image\":{\"@type\":\"ImageObject\",\"inLanguage\":\"en-US\",\"@id\":\"https:\\\/\\\/secure.gravatar.com\\\/avatar\\\/e780a8630f3182a3d06dd667ab6bea151a0d155b0951bc15fe22633acdac0676?s=96&d=mm&r=g\",\"url\":\"https:\\\/\\\/secure.gravatar.com\\\/avatar\\\/e780a8630f3182a3d06dd667ab6bea151a0d155b0951bc15fe22633acdac0676?s=96&d=mm&r=g\",\"contentUrl\":\"https:\\\/\\\/secure.gravatar.com\\\/avatar\\\/e780a8630f3182a3d06dd667ab6bea151a0d155b0951bc15fe22633acdac0676?s=96&d=mm&r=g\",\"caption\":\"Mzone\"},\"url\":\"https:\\\/\\\/www.mzone.cz\\\/en\\\/author\\\/jakub\\\/\"}]}<\/script>\n<!-- \/ Yoast SEO plugin. -->","yoast_head_json":{"title":"Zelen\u00e1 v\u00edla nebo jed? Absinth inspiroval i ni\u010dil um\u011blce z\u00e1rove\u0148 - Mzone","description":"Jedn\u00edm z m\u00e1la spirit\u016f, jeho\u017e p\u016fvod a \u010dasto i kvalita se d\u00e1 rozli\u0161it u\u017e z pouh\u00e9ho n\u00e1zvu, je pr\u00e1v\u011b absinthe. Nebo tak\u00e9 absint a \u010dasto je\u0161t\u011b absinth. Jinak t\u00e9\u017e zvan\u00fd n\u00e1poj v\u0161ech ztracen\u00fdch um\u011blc\u016f a boh\u00e9m\u016f, kter\u00fdm slou\u017eil jako velik\u00fd zdroj inspirace. Ne v\u0161em v\u0161ak pouze pom\u00e1hal.","robots":{"index":"index","follow":"follow","max-snippet":"max-snippet:-1","max-image-preview":"max-image-preview:large","max-video-preview":"max-video-preview:-1"},"canonical":"https:\/\/www.mzone.cz\/en\/zelena-vila-nebo-jed-absinth-inspiroval-i-nicil-umelce-zaroven\/","og_locale":"en_US","og_type":"article","og_title":"Zelen\u00e1 v\u00edla nebo jed? Absinth inspiroval i ni\u010dil um\u011blce z\u00e1rove\u0148 - Mzone","og_description":"Jedn\u00edm z m\u00e1la spirit\u016f, jeho\u017e p\u016fvod a \u010dasto i kvalita se d\u00e1 rozli\u0161it u\u017e z pouh\u00e9ho n\u00e1zvu, je pr\u00e1v\u011b absinthe. Nebo tak\u00e9 absint a \u010dasto je\u0161t\u011b absinth. Jinak t\u00e9\u017e zvan\u00fd n\u00e1poj v\u0161ech ztracen\u00fdch um\u011blc\u016f a boh\u00e9m\u016f, kter\u00fdm slou\u017eil jako velik\u00fd zdroj inspirace. Ne v\u0161em v\u0161ak pouze pom\u00e1hal.","og_url":"https:\/\/www.mzone.cz\/en\/zelena-vila-nebo-jed-absinth-inspiroval-i-nicil-umelce-zaroven\/","og_site_name":"Mzone","article_publisher":"https:\/\/www.facebook.com\/MzoneCZ\/","article_published_time":"2025-06-16T14:00:43+00:00","article_modified_time":"2025-06-16T14:44:06+00:00","og_image":[{"width":1024,"height":683,"url":"https:\/\/www.mzone.cz\/wp-content\/uploads\/2019\/03\/Depositphotos_21115173_xl-2015-1024x683.jpg","type":"image\/jpeg"}],"author":"Mzone","twitter_card":"summary_large_image","twitter_misc":{"Written by":"Mzone","Est. reading time":"6 minutes"},"schema":{"@context":"https:\/\/schema.org","@graph":[{"@type":"Article","@id":"https:\/\/www.mzone.cz\/zelena-vila-nebo-jed-absinth-inspiroval-i-nicil-umelce-zaroven\/#article","isPartOf":{"@id":"https:\/\/www.mzone.cz\/zelena-vila-nebo-jed-absinth-inspiroval-i-nicil-umelce-zaroven\/"},"author":{"name":"Mzone","@id":"https:\/\/www.mzone.cz\/#\/schema\/person\/9bc20cc422a99cac4af6ff9297da32d4"},"headline":"Zelen\u00e1 v\u00edla nebo jed? Absinth inspiroval i ni\u010dil um\u011blce z\u00e1rove\u0148","datePublished":"2025-06-16T14:00:43+00:00","dateModified":"2025-06-16T14:44:06+00:00","mainEntityOfPage":{"@id":"https:\/\/www.mzone.cz\/zelena-vila-nebo-jed-absinth-inspiroval-i-nicil-umelce-zaroven\/"},"wordCount":1122,"commentCount":0,"image":{"@id":"https:\/\/www.mzone.cz\/zelena-vila-nebo-jed-absinth-inspiroval-i-nicil-umelce-zaroven\/#primaryimage"},"thumbnailUrl":"https:\/\/www.mzone.cz\/wp-content\/uploads\/2019\/03\/Depositphotos_21115173_xl-2015.jpg","keywords":["absint","absinth","absinthe","alkohol","destil\u00e1t","drink","Historie","n\u00e1poj","pit\u00ed","um\u011blci","um\u011bn\u00ed","v\u00fdroba"],"articleSection":["Historie","J\u00eddlo a pit\u00ed","Style"],"inLanguage":"en-US","potentialAction":[{"@type":"CommentAction","name":"Comment","target":["https:\/\/www.mzone.cz\/zelena-vila-nebo-jed-absinth-inspiroval-i-nicil-umelce-zaroven\/#respond"]}]},{"@type":"WebPage","@id":"https:\/\/www.mzone.cz\/zelena-vila-nebo-jed-absinth-inspiroval-i-nicil-umelce-zaroven\/","url":"https:\/\/www.mzone.cz\/zelena-vila-nebo-jed-absinth-inspiroval-i-nicil-umelce-zaroven\/","name":"Zelen\u00e1 v\u00edla nebo jed? Absinth inspiroval i ni\u010dil um\u011blce z\u00e1rove\u0148 - Mzone","isPartOf":{"@id":"https:\/\/www.mzone.cz\/#website"},"primaryImageOfPage":{"@id":"https:\/\/www.mzone.cz\/zelena-vila-nebo-jed-absinth-inspiroval-i-nicil-umelce-zaroven\/#primaryimage"},"image":{"@id":"https:\/\/www.mzone.cz\/zelena-vila-nebo-jed-absinth-inspiroval-i-nicil-umelce-zaroven\/#primaryimage"},"thumbnailUrl":"https:\/\/www.mzone.cz\/wp-content\/uploads\/2019\/03\/Depositphotos_21115173_xl-2015.jpg","datePublished":"2025-06-16T14:00:43+00:00","dateModified":"2025-06-16T14:44:06+00:00","author":{"@id":"https:\/\/www.mzone.cz\/#\/schema\/person\/9bc20cc422a99cac4af6ff9297da32d4"},"description":"Jedn\u00edm z m\u00e1la spirit\u016f, jeho\u017e p\u016fvod a \u010dasto i kvalita se d\u00e1 rozli\u0161it u\u017e z pouh\u00e9ho n\u00e1zvu, je pr\u00e1v\u011b absinthe. Nebo tak\u00e9 absint a \u010dasto je\u0161t\u011b absinth. Jinak t\u00e9\u017e zvan\u00fd n\u00e1poj v\u0161ech ztracen\u00fdch um\u011blc\u016f a boh\u00e9m\u016f, kter\u00fdm slou\u017eil jako velik\u00fd zdroj inspirace. Ne v\u0161em v\u0161ak pouze pom\u00e1hal.","breadcrumb":{"@id":"https:\/\/www.mzone.cz\/zelena-vila-nebo-jed-absinth-inspiroval-i-nicil-umelce-zaroven\/#breadcrumb"},"inLanguage":"en-US","potentialAction":[{"@type":"ReadAction","target":["https:\/\/www.mzone.cz\/zelena-vila-nebo-jed-absinth-inspiroval-i-nicil-umelce-zaroven\/"]}]},{"@type":"ImageObject","inLanguage":"en-US","@id":"https:\/\/www.mzone.cz\/zelena-vila-nebo-jed-absinth-inspiroval-i-nicil-umelce-zaroven\/#primaryimage","url":"https:\/\/www.mzone.cz\/wp-content\/uploads\/2019\/03\/Depositphotos_21115173_xl-2015.jpg","contentUrl":"https:\/\/www.mzone.cz\/wp-content\/uploads\/2019\/03\/Depositphotos_21115173_xl-2015.jpg","width":3654,"height":2436},{"@type":"BreadcrumbList","@id":"https:\/\/www.mzone.cz\/zelena-vila-nebo-jed-absinth-inspiroval-i-nicil-umelce-zaroven\/#breadcrumb","itemListElement":[{"@type":"ListItem","position":1,"name":"Dom\u016f","item":"https:\/\/www.mzone.cz\/"},{"@type":"ListItem","position":2,"name":"Zelen\u00e1 v\u00edla nebo jed? Absinth inspiroval i ni\u010dil um\u011blce z\u00e1rove\u0148"}]},{"@type":"WebSite","@id":"https:\/\/www.mzone.cz\/#website","url":"https:\/\/www.mzone.cz\/","name":"Mzone","description":"Magaz\u00edn nejen pro mu\u017ee","potentialAction":[{"@type":"SearchAction","target":{"@type":"EntryPoint","urlTemplate":"https:\/\/www.mzone.cz\/?s={search_term_string}"},"query-input":{"@type":"PropertyValueSpecification","valueRequired":true,"valueName":"search_term_string"}}],"inLanguage":"en-US"},{"@type":"Person","@id":"https:\/\/www.mzone.cz\/#\/schema\/person\/9bc20cc422a99cac4af6ff9297da32d4","name":"Mzone","image":{"@type":"ImageObject","inLanguage":"en-US","@id":"https:\/\/secure.gravatar.com\/avatar\/e780a8630f3182a3d06dd667ab6bea151a0d155b0951bc15fe22633acdac0676?s=96&d=mm&r=g","url":"https:\/\/secure.gravatar.com\/avatar\/e780a8630f3182a3d06dd667ab6bea151a0d155b0951bc15fe22633acdac0676?s=96&d=mm&r=g","contentUrl":"https:\/\/secure.gravatar.com\/avatar\/e780a8630f3182a3d06dd667ab6bea151a0d155b0951bc15fe22633acdac0676?s=96&d=mm&r=g","caption":"Mzone"},"url":"https:\/\/www.mzone.cz\/en\/author\/jakub\/"}]}},"_links":{"self":[{"href":"https:\/\/www.mzone.cz\/en\/wp-json\/wp\/v2\/posts\/6006","targetHints":{"allow":["GET"]}}],"collection":[{"href":"https:\/\/www.mzone.cz\/en\/wp-json\/wp\/v2\/posts"}],"about":[{"href":"https:\/\/www.mzone.cz\/en\/wp-json\/wp\/v2\/types\/post"}],"author":[{"embeddable":true,"href":"https:\/\/www.mzone.cz\/en\/wp-json\/wp\/v2\/users\/4"}],"replies":[{"embeddable":true,"href":"https:\/\/www.mzone.cz\/en\/wp-json\/wp\/v2\/comments?post=6006"}],"version-history":[{"count":1,"href":"https:\/\/www.mzone.cz\/en\/wp-json\/wp\/v2\/posts\/6006\/revisions"}],"predecessor-version":[{"id":9143,"href":"https:\/\/www.mzone.cz\/en\/wp-json\/wp\/v2\/posts\/6006\/revisions\/9143"}],"wp:featuredmedia":[{"embeddable":true,"href":"https:\/\/www.mzone.cz\/en\/wp-json\/wp\/v2\/media\/6007"}],"wp:attachment":[{"href":"https:\/\/www.mzone.cz\/en\/wp-json\/wp\/v2\/media?parent=6006"}],"wp:term":[{"taxonomy":"category","embeddable":true,"href":"https:\/\/www.mzone.cz\/en\/wp-json\/wp\/v2\/categories?post=6006"},{"taxonomy":"post_tag","embeddable":true,"href":"https:\/\/www.mzone.cz\/en\/wp-json\/wp\/v2\/tags?post=6006"}],"curies":[{"name":"wp","href":"https:\/\/api.w.org\/{rel}","templated":true}]}}