{"id":6074,"date":"2019-04-25T17:30:41","date_gmt":"2019-04-25T15:30:41","guid":{"rendered":"http:\/\/www.mzone.cz\/?p=6074"},"modified":"2019-05-27T17:28:33","modified_gmt":"2019-05-27T15:28:33","slug":"milenialove-jsou-prvni-generaci-v-historii-ktera-sama-o-sobe-muze-hovorit-provokativne-a-kriticky","status":"publish","type":"post","link":"https:\/\/www.mzone.cz\/en\/milenialove-jsou-prvni-generaci-v-historii-ktera-sama-o-sobe-muze-hovorit-provokativne-a-kriticky\/","title":{"rendered":"Mileni\u00e1lov\u00e9 jsou prvn\u00ed generac\u00ed v\u00a0historii, kter\u00e1 sama o sob\u011b m\u016f\u017ee hovo\u0159it provokativn\u011b a kriticky"},"content":{"rendered":"<p><strong>Jsou mlad\u00ed, sebev\u011bdom\u00ed a v neust\u00e1l\u00e9m kontaktu se sv\u011btem. Rozbor cel\u00e9 jedn\u00e9 generace je nesm\u00edrn\u011b slo\u017eit\u00fd a komplexn\u00ed proces obsahuj\u00edc\u00ed mnoho prom\u011bnn\u00fdch. Poj\u010fme se ale pod\u00edvat alespo\u0148 na z\u00e1kladn\u00ed problematiku t\u00e9to specifick\u00e9 skupiny o\u010dima mileni\u00e1la.<\/strong><\/p><br>\n\n\n\n<p>Vid\u011bl jsem to a klik jsem na to. Nemohl jsem si pomoci. M\u011blo to slovo \u201emileni\u00e1l\u201c v&nbsp;titulku, a j\u00e1 jsem jeden z&nbsp;nich: jsem mileni\u00e1l. Tak\u017ee jsem prost\u011b musel. Bylo to o mn\u011b a muselo to b\u00fdt osobn\u00ed. Proto\u017ee i j\u00e1 osobn\u011b jsem mileni\u00e1l. A mileni\u00e1lov\u00e9, jak ukazuj\u00ed v\u00fdzkumy, jsou p\u0159ece prvn\u00ed generac\u00ed v&nbsp;historii, kter\u00e1 m\u016f\u017ee inspirovat sv\u00fdmi provokuj\u00edc\u00edmi my\u0161lenkami a spekulativn\u00edmi n\u00e1zory z&nbsp;osobn\u00edho n\u00e1zoru a sebeanal\u00fdzy. A tak\u00e9 prvn\u00ed generace, o kter\u00e9 maj\u00ed pot\u0159ebu v\u0161ichni ps\u00e1t.<\/p>\n\n\n\n<blockquote class=\"wp-block-quote is-layout-flow wp-block-quote-is-layout-flow\"><p>Ono d\u00e1t do titulku slovo mileni\u00e1l znamen\u00e1 z\u00e1ruku, \u017ee si to p\u0159e\u010dte spousta lid\u00ed, proto\u017ee jedin\u00e9 co na\u0161\u00ed narcistickou povahu p\u0159ece zaj\u00edm\u00e1, jsme my sami.<\/p><\/blockquote>\n\n\n\n<p>Mileni\u00e1lov\u00e9&nbsp;neboli generace Y neboli Havlovy d\u011bti, jak n\u00e1s lid\u00e9 v&nbsp;\u010cesk\u00e9 republice \u010dasto \u010dastuj\u00ed, je ozna\u010den\u00ed pro lidi narozen\u00e9 od roku 1986 a\u017e do roku 2005. Jsme d\u011bti z tzv. baby boom generace X. Velmi \u010dasto jsme tak\u00e9 ozna\u010dov\u00e1ni jako ti, kte\u0159\u00ed od sv\u00e9ho d\u011btstv\u00ed pou\u017e\u00edvaj\u00ed informa\u010dn\u00ed komunika\u010dn\u00ed technologie, jsou ubre\u010den\u00ed, jedin\u00e9, co um\u011bj\u00ed, je vysed\u00e1vat na Facebooku a&nbsp;p\u0159ed\u00e1vkov\u00e1vat se seri\u00e1ly z Netflixu. Jo, a&nbsp;tak\u00e9 jsme&nbsp;l\u00edn\u00ed.<\/p><br>\n\n\n\n<figure class=\"wp-block-image\"><img loading=\"lazy\" decoding=\"async\" width=\"1024\" height=\"683\" src=\"http:\/\/www.mzone.cz\/wp-content\/uploads\/2019\/03\/Pexels.com-1-2-1024x683.jpg\" alt=\"\" class=\"wp-image-6081\" srcset=\"https:\/\/www.mzone.cz\/wp-content\/uploads\/2019\/03\/Pexels.com-1-2-1024x683.jpg 1024w, https:\/\/www.mzone.cz\/wp-content\/uploads\/2019\/03\/Pexels.com-1-2-300x200.jpg 300w, https:\/\/www.mzone.cz\/wp-content\/uploads\/2019\/03\/Pexels.com-1-2-768x512.jpg 768w, https:\/\/www.mzone.cz\/wp-content\/uploads\/2019\/03\/Pexels.com-1-2-800x533.jpg 800w, https:\/\/www.mzone.cz\/wp-content\/uploads\/2019\/03\/Pexels.com-1-2-400x267.jpg 400w, https:\/\/www.mzone.cz\/wp-content\/uploads\/2019\/03\/Pexels.com-1-2-500x333.jpg 500w, https:\/\/www.mzone.cz\/wp-content\/uploads\/2019\/03\/Pexels.com-1-2-1170x780.jpg 1170w, https:\/\/www.mzone.cz\/wp-content\/uploads\/2019\/03\/Pexels.com-1-2-590x393.jpg 590w\" sizes=\"auto, (max-width: 1024px) 100vw, 1024px\" \/><\/figure><br>\n\n\n\n<p>Od posledn\u00ed doby, kdy jsem \u010detl dal\u0161\u00ed velkolepou my\u0161lenku o n\u00e1s, o mileni\u00e1lech, jsem m\u011bl \u010das p\u0159em\u00fd\u0161let, co d\u011bl\u00e1 na\u0161i generaci v\u00fdjime\u010dnou a unik\u00e1tn\u00ed. Jako d\u011bti jsme nem\u011bli dovoleno se toulat (ani se tr\u00e1pit), \u010dinili jsme se pouze jako teenage\u0159i, abychom se dostali na vysokou \u0161kolu. A do zam\u011bstn\u00e1n\u00ed jsme nastoupili v&nbsp;dob\u011b Velk\u00e9 Recese. To m\u011b donutilo zamyslet se nad celou v\u011bc\u00ed znova.<\/p>\n\n\n\n<blockquote class=\"wp-block-quote is-layout-flow wp-block-quote-is-layout-flow\"><p>Tyto v\u00fd\u0161e zm\u00edn\u011bn\u00e9 ud\u00e1losti mi zp\u016fsobily to, \u010d\u00edm jsem: \u00fapln\u011b jedine\u010dn\u00fd jedinec, sou\u010d\u00e1st zcela v\u00fdjime\u010dn\u00e9 generace \u2013 mileni\u00e1l. Generace, kter\u00e1 nem\u00e1 zapot\u0159eb\u00ed hanit p\u0159edchoz\u00ed generaci X \u2013 jsme p\u0159ece nejliber\u00e1ln\u011bj\u0161\u00ed.<\/p><\/blockquote>\n\n\n\n<p>Generace X ned\u00e1vno nazna\u010dila, \u017ee nev\u00edme, jak se bavit a m\u00edt z\u00e1bavu. Rychle mi to p\u0159ipomn\u011blo, \u017ee kdy\u017e byla generace X v&nbsp;na\u0161em v\u011bku, tak si p\u0159ece mohla u\u017e\u00edvat spousty \u201evoln\u00e9ho \u010dasu\u201c a \u201eekonomick\u00e9 stability\u201c. Jasn\u011b, asi bychom se mohli br\u00e1nit a \u0159\u00edct k&nbsp;tomu spoustu slov, ale br\u00e1n\u00ed n\u00e1m v&nbsp;tom deprese a \u00fazkost (zp\u016fsoben\u00e1 nedostate\u010dn\u00fdm po\u010dtem lajk\u016f na soci\u00e1ln\u00edch s\u00edt\u00edch). My v\u00edme, jak se zabavit, li\u0161\u00ed se jenom v\u00fdznam slova z\u00e1bava. M\u011b t\u0159eba bav\u00ed \u010d\u00edst \u010dl\u00e1nky o n\u00e1s sam\u00fdch.<\/p><br>\n\n\n\n<figure class=\"wp-block-image\"><img loading=\"lazy\" decoding=\"async\" width=\"1024\" height=\"683\" src=\"http:\/\/www.mzone.cz\/wp-content\/uploads\/2019\/03\/Pexels.com-4-1024x683.jpg\" alt=\"\" class=\"wp-image-6085\" srcset=\"https:\/\/www.mzone.cz\/wp-content\/uploads\/2019\/03\/Pexels.com-4-1024x683.jpg 1024w, https:\/\/www.mzone.cz\/wp-content\/uploads\/2019\/03\/Pexels.com-4-300x200.jpg 300w, https:\/\/www.mzone.cz\/wp-content\/uploads\/2019\/03\/Pexels.com-4-768x513.jpg 768w, https:\/\/www.mzone.cz\/wp-content\/uploads\/2019\/03\/Pexels.com-4-800x533.jpg 800w, https:\/\/www.mzone.cz\/wp-content\/uploads\/2019\/03\/Pexels.com-4-400x267.jpg 400w, https:\/\/www.mzone.cz\/wp-content\/uploads\/2019\/03\/Pexels.com-4-500x333.jpg 500w, https:\/\/www.mzone.cz\/wp-content\/uploads\/2019\/03\/Pexels.com-4-1170x780.jpg 1170w, https:\/\/www.mzone.cz\/wp-content\/uploads\/2019\/03\/Pexels.com-4-590x394.jpg 590w\" sizes=\"auto, (max-width: 1024px) 100vw, 1024px\" \/><\/figure><br>\n\n\n\n<p>Pro mnoho mileni\u00e1l\u016f se p\u0159\u00edtomnost soci\u00e1ln\u00edch s\u00edt\u00ed &#8211; Instagramu, Facebooku a Twitteru &#8211; stala ned\u00edlnou sou\u010d\u00e1st\u00ed p\u0159\u00edstupu k&nbsp;rozmanit\u00e9mu sv\u011btu nov\u00e9ho tis\u00edcilet\u00ed. Nap\u0159\u00edklad jsem na Facebooku kliknul na \u010dl\u00e1nek o tom, jak mileni\u00e1lov\u00e9 nemaj\u00ed dostatek pen\u011bz a pak jsem to sd\u00edlel pro svoje sleduj\u00edc\u00ed na Twitteru. Je v\u0161eobecn\u011b zn\u00e1mo, \u017ee tyto platformy soci\u00e1ln\u00edch medi\u00ed, mimochodem v\u0161echny zalo\u017een\u00e9 mileni\u00e1ly, byly vytvo\u0159eny pro \u0161\u00ed\u0159en\u00ed podobn\u00e9ho typu informac\u00ed. A pod\u00edvejte, funguje to! \u010ctete tohle.<\/p><br>\n\n\n\n<div class=\"wp-block-image\"><figure class=\"alignleft is-resized\"><img loading=\"lazy\" decoding=\"async\" src=\"http:\/\/www.mzone.cz\/wp-content\/uploads\/2018\/12\/pexels-photo-1478685-1024x682.jpeg\" alt=\"\" class=\"wp-image-2003\" width=\"127\" height=\"85\" srcset=\"https:\/\/www.mzone.cz\/wp-content\/uploads\/2018\/12\/pexels-photo-1478685-1024x682.jpeg 1024w, https:\/\/www.mzone.cz\/wp-content\/uploads\/2018\/12\/pexels-photo-1478685-300x200.jpeg 300w, https:\/\/www.mzone.cz\/wp-content\/uploads\/2018\/12\/pexels-photo-1478685-768x512.jpeg 768w, https:\/\/www.mzone.cz\/wp-content\/uploads\/2018\/12\/pexels-photo-1478685-800x533.jpeg 800w, https:\/\/www.mzone.cz\/wp-content\/uploads\/2018\/12\/pexels-photo-1478685-400x267.jpeg 400w, https:\/\/www.mzone.cz\/wp-content\/uploads\/2018\/12\/pexels-photo-1478685-500x333.jpeg 500w, https:\/\/www.mzone.cz\/wp-content\/uploads\/2018\/12\/pexels-photo-1478685-1170x780.jpeg 1170w, https:\/\/www.mzone.cz\/wp-content\/uploads\/2018\/12\/pexels-photo-1478685-590x393.jpeg 590w, https:\/\/www.mzone.cz\/wp-content\/uploads\/2018\/12\/pexels-photo-1478685.jpeg 1855w\" sizes=\"auto, (max-width: 127px) 100vw, 127px\" \/><\/figure><\/div>\n\n\n\n<h4><a href=\"http:\/\/www.mzone.cz\/5-duvodu-proc-se-nevykaslat-na-praci-a-nezacit-cestovat-po-svete\/\">5 d\u016fvod\u016f, pro\u010d se nevyka\u0161lat na pr\u00e1ci a neza\u010d\u00edt cestovat po sv\u011bt\u011b<\/a><\/h4><br>\n\n\n\n<p>Pokud p\u0159em\u00fd\u0161l\u00edte nad v\u0161emi t\u011bmi v\u011bcmi, kter\u00e9 o n\u00e1s byly \u0159e\u010deny, nebo o v\u0161ech v\u011bcech, kter\u00e9 jsme \u00fadajn\u011b zkazili a zni\u010dili, najdete jasn\u00fd vzorek.<\/p>\n\n\n\n<blockquote class=\"wp-block-quote is-layout-flow wp-block-quote-is-layout-flow\"><p>Jist\u011b, zni\u010dili jsme pivo, diamanty, staro\u017eitnictv\u00ed, sex, kav\u00e1rny, ubrousky, Hooters, cere\u00e1lie, golf, motorky, prost\u0159edn\u00ed d\u011bti, majon\u00e9zu, porno, ti\u0161t\u011bn\u00e9 noviny, majetek, b\u00edl\u00e9 jogurty, bary, rozvody, demokracii, zm\u011bk\u010dova\u010de tkanin, v\u011brnost, korky od v\u00edna, ob\u011bdy, zav\u00edrac\u00ed dobu v&nbsp;bank\u00e1ch, obchodn\u00ed domy, ledvinky, posilovny, fotbal, ropu, vztahy, pot\u0159esen\u00ed rukou a pen\u00edze.<\/p><\/blockquote>\n\n\n\n<p>Ale soust\u0159ed\u011bn\u00edm se na v\u0161echny tyhle v\u011bci, kter\u00e9 jsme zruinovali, ignorujete v\u011bci, kter\u00e9 d\u00edky n\u00e1m vzkv\u00e9taj\u00ed. Nap\u0159\u00edklad \u010dl\u00e1nky o n\u00e1s. <strong>\u017dijeme ve zlat\u00e9m v\u011bku. Jsem mileni\u00e1l, proto to tak dob\u0159e v\u00edm.<\/strong><\/p>","protected":false},"excerpt":{"rendered":"<p>Jsou mlad\u00ed, sebev\u011bdom\u00ed a v neust\u00e1l\u00e9m kontaktu se sv\u011btem. Rozbor cel\u00e9 jedn\u00e9 generace je nesm\u00edrn\u011b slo\u017eit\u00fd a komplexn\u00ed proces obsahuj\u00edc\u00ed mnoho prom\u011bnn\u00fdch. Poj\u010fme se ale pod\u00edvat alespo\u0148 na z\u00e1kladn\u00ed problematiku t\u00e9to specifick\u00e9 skupiny o\u010dima mileni\u00e1la. Vid\u011bl jsem to a klik jsem na to. Nemohl jsem si pomoci. M\u011blo to slovo \u201emileni\u00e1l\u201c v&nbsp;titulku, a j\u00e1 jsem [&hellip;]<\/p>\n","protected":false},"author":4,"featured_media":6075,"comment_status":"open","ping_status":"open","sticky":false,"template":"","format":"standard","meta":{"kk_blocks_editor_width":"","_kiokenblocks_attr":"","_kiokenblocks_dimensions":"","footnotes":""},"categories":[386,385,29,25],"tags":[59,1654,1655,326,1653,1244,1652,1656,540,1657],"class_list":["post-6074","post","type-post","status-publish","format-standard","has-post-thumbnail","hentry","category-bez-obalu","category-blog","category-lifestyle","category-style","tag-blog","tag-generace","tag-generace-y","tag-lide","tag-milenialove","tag-mladi","tag-mladi-lide","tag-shrnuti","tag-spolecnost","tag-zamysleni"],"yoast_head":"<!-- This site is optimized with the Yoast SEO plugin v27.5 - https:\/\/yoast.com\/product\/yoast-seo-wordpress\/ -->\n<title>Mileni\u00e1lov\u00e9 jsou prvn\u00ed generac\u00ed v\u00a0historii, kter\u00e1 sama o sob\u011b m\u016f\u017ee hovo\u0159it provokativn\u011b a kriticky - Mzone<\/title>\n<meta name=\"description\" content=\"Jsou mlad\u00ed, sebev\u011bdom\u00ed a v neust\u00e1l\u00e9m kontaktu se sv\u011btem. Rozbor cel\u00e9 jedn\u00e9 generace je nesm\u00edrn\u011b slo\u017eit\u00fd a komplexn\u00ed proces obsahuj\u00edc\u00ed mnoho prom\u011bnn\u00fdch. Poj\u010fme se ale pod\u00edvat alespo\u0148 na z\u00e1kladn\u00ed problematiku t\u00e9to specifick\u00e9 skupiny o\u010dima mileni\u00e1la.\" \/>\n<meta name=\"robots\" content=\"index, follow, max-snippet:-1, max-image-preview:large, max-video-preview:-1\" \/>\n<link rel=\"canonical\" href=\"https:\/\/www.mzone.cz\/en\/milenialove-jsou-prvni-generaci-v-historii-ktera-sama-o-sobe-muze-hovorit-provokativne-a-kriticky\/\" \/>\n<meta property=\"og:locale\" content=\"en_US\" \/>\n<meta property=\"og:type\" content=\"article\" \/>\n<meta property=\"og:title\" content=\"Mileni\u00e1lov\u00e9 jsou prvn\u00ed generac\u00ed v\u00a0historii, kter\u00e1 sama o sob\u011b m\u016f\u017ee hovo\u0159it provokativn\u011b a kriticky - Mzone\" \/>\n<meta property=\"og:description\" content=\"Jsou mlad\u00ed, sebev\u011bdom\u00ed a v neust\u00e1l\u00e9m kontaktu se sv\u011btem. Rozbor cel\u00e9 jedn\u00e9 generace je nesm\u00edrn\u011b slo\u017eit\u00fd a komplexn\u00ed proces obsahuj\u00edc\u00ed mnoho prom\u011bnn\u00fdch. Poj\u010fme se ale pod\u00edvat alespo\u0148 na z\u00e1kladn\u00ed problematiku t\u00e9to specifick\u00e9 skupiny o\u010dima mileni\u00e1la.\" \/>\n<meta property=\"og:url\" content=\"https:\/\/www.mzone.cz\/en\/milenialove-jsou-prvni-generaci-v-historii-ktera-sama-o-sobe-muze-hovorit-provokativne-a-kriticky\/\" \/>\n<meta property=\"og:site_name\" content=\"Mzone\" \/>\n<meta property=\"article:publisher\" content=\"https:\/\/www.facebook.com\/MzoneCZ\/\" \/>\n<meta property=\"article:published_time\" content=\"2019-04-25T15:30:41+00:00\" \/>\n<meta property=\"article:modified_time\" content=\"2019-05-27T15:28:33+00:00\" \/>\n<meta property=\"og:image\" content=\"https:\/\/www.mzone.cz\/wp-content\/uploads\/2019\/03\/Pexels.com-2-1024x683.jpg\" \/>\n\t<meta property=\"og:image:width\" content=\"1024\" \/>\n\t<meta property=\"og:image:height\" content=\"683\" \/>\n\t<meta property=\"og:image:type\" content=\"image\/jpeg\" \/>\n<meta name=\"author\" content=\"Mzone\" \/>\n<meta name=\"twitter:card\" content=\"summary_large_image\" \/>\n<meta name=\"twitter:label1\" content=\"Written by\" \/>\n\t<meta name=\"twitter:data1\" content=\"Mzone\" \/>\n\t<meta name=\"twitter:label2\" content=\"Est. reading time\" \/>\n\t<meta name=\"twitter:data2\" content=\"4 minutes\" \/>\n<script type=\"application\/ld+json\" class=\"yoast-schema-graph\">{\"@context\":\"https:\\\/\\\/schema.org\",\"@graph\":[{\"@type\":\"Article\",\"@id\":\"https:\\\/\\\/www.mzone.cz\\\/milenialove-jsou-prvni-generaci-v-historii-ktera-sama-o-sobe-muze-hovorit-provokativne-a-kriticky\\\/#article\",\"isPartOf\":{\"@id\":\"https:\\\/\\\/www.mzone.cz\\\/milenialove-jsou-prvni-generaci-v-historii-ktera-sama-o-sobe-muze-hovorit-provokativne-a-kriticky\\\/\"},\"author\":{\"name\":\"Mzone\",\"@id\":\"https:\\\/\\\/www.mzone.cz\\\/#\\\/schema\\\/person\\\/9bc20cc422a99cac4af6ff9297da32d4\"},\"headline\":\"Mileni\u00e1lov\u00e9 jsou prvn\u00ed generac\u00ed v\u00a0historii, kter\u00e1 sama o sob\u011b m\u016f\u017ee hovo\u0159it provokativn\u011b a kriticky\",\"datePublished\":\"2019-04-25T15:30:41+00:00\",\"dateModified\":\"2019-05-27T15:28:33+00:00\",\"mainEntityOfPage\":{\"@id\":\"https:\\\/\\\/www.mzone.cz\\\/milenialove-jsou-prvni-generaci-v-historii-ktera-sama-o-sobe-muze-hovorit-provokativne-a-kriticky\\\/\"},\"wordCount\":809,\"commentCount\":0,\"image\":{\"@id\":\"https:\\\/\\\/www.mzone.cz\\\/milenialove-jsou-prvni-generaci-v-historii-ktera-sama-o-sobe-muze-hovorit-provokativne-a-kriticky\\\/#primaryimage\"},\"thumbnailUrl\":\"https:\\\/\\\/www.mzone.cz\\\/wp-content\\\/uploads\\\/2019\\\/03\\\/Pexels.com-2.jpg\",\"keywords\":[\"Blog\",\"generace\",\"generace Y\",\"lid\u00e9\",\"mileni\u00e1lov\u00e9\",\"ml\u00e1d\u00ed\",\"mlad\u00ed lid\u00e9\",\"shrnut\u00ed\",\"spole\u010dnost\",\"zamy\u0161len\u00ed\"],\"articleSection\":[\"Bez obalu\",\"Blog\",\"Lifestyle\",\"Style\"],\"inLanguage\":\"en-US\",\"potentialAction\":[{\"@type\":\"CommentAction\",\"name\":\"Comment\",\"target\":[\"https:\\\/\\\/www.mzone.cz\\\/milenialove-jsou-prvni-generaci-v-historii-ktera-sama-o-sobe-muze-hovorit-provokativne-a-kriticky\\\/#respond\"]}]},{\"@type\":\"WebPage\",\"@id\":\"https:\\\/\\\/www.mzone.cz\\\/milenialove-jsou-prvni-generaci-v-historii-ktera-sama-o-sobe-muze-hovorit-provokativne-a-kriticky\\\/\",\"url\":\"https:\\\/\\\/www.mzone.cz\\\/milenialove-jsou-prvni-generaci-v-historii-ktera-sama-o-sobe-muze-hovorit-provokativne-a-kriticky\\\/\",\"name\":\"Mileni\u00e1lov\u00e9 jsou prvn\u00ed generac\u00ed v\u00a0historii, kter\u00e1 sama o sob\u011b m\u016f\u017ee hovo\u0159it provokativn\u011b a kriticky - Mzone\",\"isPartOf\":{\"@id\":\"https:\\\/\\\/www.mzone.cz\\\/#website\"},\"primaryImageOfPage\":{\"@id\":\"https:\\\/\\\/www.mzone.cz\\\/milenialove-jsou-prvni-generaci-v-historii-ktera-sama-o-sobe-muze-hovorit-provokativne-a-kriticky\\\/#primaryimage\"},\"image\":{\"@id\":\"https:\\\/\\\/www.mzone.cz\\\/milenialove-jsou-prvni-generaci-v-historii-ktera-sama-o-sobe-muze-hovorit-provokativne-a-kriticky\\\/#primaryimage\"},\"thumbnailUrl\":\"https:\\\/\\\/www.mzone.cz\\\/wp-content\\\/uploads\\\/2019\\\/03\\\/Pexels.com-2.jpg\",\"datePublished\":\"2019-04-25T15:30:41+00:00\",\"dateModified\":\"2019-05-27T15:28:33+00:00\",\"author\":{\"@id\":\"https:\\\/\\\/www.mzone.cz\\\/#\\\/schema\\\/person\\\/9bc20cc422a99cac4af6ff9297da32d4\"},\"description\":\"Jsou mlad\u00ed, sebev\u011bdom\u00ed a v neust\u00e1l\u00e9m kontaktu se sv\u011btem. Rozbor cel\u00e9 jedn\u00e9 generace je nesm\u00edrn\u011b slo\u017eit\u00fd a komplexn\u00ed proces obsahuj\u00edc\u00ed mnoho prom\u011bnn\u00fdch. Poj\u010fme se ale pod\u00edvat alespo\u0148 na z\u00e1kladn\u00ed problematiku t\u00e9to specifick\u00e9 skupiny o\u010dima mileni\u00e1la.\",\"breadcrumb\":{\"@id\":\"https:\\\/\\\/www.mzone.cz\\\/milenialove-jsou-prvni-generaci-v-historii-ktera-sama-o-sobe-muze-hovorit-provokativne-a-kriticky\\\/#breadcrumb\"},\"inLanguage\":\"en-US\",\"potentialAction\":[{\"@type\":\"ReadAction\",\"target\":[\"https:\\\/\\\/www.mzone.cz\\\/milenialove-jsou-prvni-generaci-v-historii-ktera-sama-o-sobe-muze-hovorit-provokativne-a-kriticky\\\/\"]}]},{\"@type\":\"ImageObject\",\"inLanguage\":\"en-US\",\"@id\":\"https:\\\/\\\/www.mzone.cz\\\/milenialove-jsou-prvni-generaci-v-historii-ktera-sama-o-sobe-muze-hovorit-provokativne-a-kriticky\\\/#primaryimage\",\"url\":\"https:\\\/\\\/www.mzone.cz\\\/wp-content\\\/uploads\\\/2019\\\/03\\\/Pexels.com-2.jpg\",\"contentUrl\":\"https:\\\/\\\/www.mzone.cz\\\/wp-content\\\/uploads\\\/2019\\\/03\\\/Pexels.com-2.jpg\",\"width\":4376,\"height\":2918},{\"@type\":\"BreadcrumbList\",\"@id\":\"https:\\\/\\\/www.mzone.cz\\\/milenialove-jsou-prvni-generaci-v-historii-ktera-sama-o-sobe-muze-hovorit-provokativne-a-kriticky\\\/#breadcrumb\",\"itemListElement\":[{\"@type\":\"ListItem\",\"position\":1,\"name\":\"Dom\u016f\",\"item\":\"https:\\\/\\\/www.mzone.cz\\\/\"},{\"@type\":\"ListItem\",\"position\":2,\"name\":\"Mileni\u00e1lov\u00e9 jsou prvn\u00ed generac\u00ed v\u00a0historii, kter\u00e1 sama o sob\u011b m\u016f\u017ee hovo\u0159it provokativn\u011b a kriticky\"}]},{\"@type\":\"WebSite\",\"@id\":\"https:\\\/\\\/www.mzone.cz\\\/#website\",\"url\":\"https:\\\/\\\/www.mzone.cz\\\/\",\"name\":\"Mzone\",\"description\":\"Magaz\u00edn nejen pro mu\u017ee\",\"potentialAction\":[{\"@type\":\"SearchAction\",\"target\":{\"@type\":\"EntryPoint\",\"urlTemplate\":\"https:\\\/\\\/www.mzone.cz\\\/?s={search_term_string}\"},\"query-input\":{\"@type\":\"PropertyValueSpecification\",\"valueRequired\":true,\"valueName\":\"search_term_string\"}}],\"inLanguage\":\"en-US\"},{\"@type\":\"Person\",\"@id\":\"https:\\\/\\\/www.mzone.cz\\\/#\\\/schema\\\/person\\\/9bc20cc422a99cac4af6ff9297da32d4\",\"name\":\"Mzone\",\"image\":{\"@type\":\"ImageObject\",\"inLanguage\":\"en-US\",\"@id\":\"https:\\\/\\\/secure.gravatar.com\\\/avatar\\\/e780a8630f3182a3d06dd667ab6bea151a0d155b0951bc15fe22633acdac0676?s=96&d=mm&r=g\",\"url\":\"https:\\\/\\\/secure.gravatar.com\\\/avatar\\\/e780a8630f3182a3d06dd667ab6bea151a0d155b0951bc15fe22633acdac0676?s=96&d=mm&r=g\",\"contentUrl\":\"https:\\\/\\\/secure.gravatar.com\\\/avatar\\\/e780a8630f3182a3d06dd667ab6bea151a0d155b0951bc15fe22633acdac0676?s=96&d=mm&r=g\",\"caption\":\"Mzone\"},\"url\":\"https:\\\/\\\/www.mzone.cz\\\/en\\\/author\\\/jakub\\\/\"}]}<\/script>\n<!-- \/ Yoast SEO plugin. -->","yoast_head_json":{"title":"Mileni\u00e1lov\u00e9 jsou prvn\u00ed generac\u00ed v\u00a0historii, kter\u00e1 sama o sob\u011b m\u016f\u017ee hovo\u0159it provokativn\u011b a kriticky - Mzone","description":"Jsou mlad\u00ed, sebev\u011bdom\u00ed a v neust\u00e1l\u00e9m kontaktu se sv\u011btem. Rozbor cel\u00e9 jedn\u00e9 generace je nesm\u00edrn\u011b slo\u017eit\u00fd a komplexn\u00ed proces obsahuj\u00edc\u00ed mnoho prom\u011bnn\u00fdch. Poj\u010fme se ale pod\u00edvat alespo\u0148 na z\u00e1kladn\u00ed problematiku t\u00e9to specifick\u00e9 skupiny o\u010dima mileni\u00e1la.","robots":{"index":"index","follow":"follow","max-snippet":"max-snippet:-1","max-image-preview":"max-image-preview:large","max-video-preview":"max-video-preview:-1"},"canonical":"https:\/\/www.mzone.cz\/en\/milenialove-jsou-prvni-generaci-v-historii-ktera-sama-o-sobe-muze-hovorit-provokativne-a-kriticky\/","og_locale":"en_US","og_type":"article","og_title":"Mileni\u00e1lov\u00e9 jsou prvn\u00ed generac\u00ed v\u00a0historii, kter\u00e1 sama o sob\u011b m\u016f\u017ee hovo\u0159it provokativn\u011b a kriticky - Mzone","og_description":"Jsou mlad\u00ed, sebev\u011bdom\u00ed a v neust\u00e1l\u00e9m kontaktu se sv\u011btem. Rozbor cel\u00e9 jedn\u00e9 generace je nesm\u00edrn\u011b slo\u017eit\u00fd a komplexn\u00ed proces obsahuj\u00edc\u00ed mnoho prom\u011bnn\u00fdch. Poj\u010fme se ale pod\u00edvat alespo\u0148 na z\u00e1kladn\u00ed problematiku t\u00e9to specifick\u00e9 skupiny o\u010dima mileni\u00e1la.","og_url":"https:\/\/www.mzone.cz\/en\/milenialove-jsou-prvni-generaci-v-historii-ktera-sama-o-sobe-muze-hovorit-provokativne-a-kriticky\/","og_site_name":"Mzone","article_publisher":"https:\/\/www.facebook.com\/MzoneCZ\/","article_published_time":"2019-04-25T15:30:41+00:00","article_modified_time":"2019-05-27T15:28:33+00:00","og_image":[{"width":1024,"height":683,"url":"https:\/\/www.mzone.cz\/wp-content\/uploads\/2019\/03\/Pexels.com-2-1024x683.jpg","type":"image\/jpeg"}],"author":"Mzone","twitter_card":"summary_large_image","twitter_misc":{"Written by":"Mzone","Est. reading time":"4 minutes"},"schema":{"@context":"https:\/\/schema.org","@graph":[{"@type":"Article","@id":"https:\/\/www.mzone.cz\/milenialove-jsou-prvni-generaci-v-historii-ktera-sama-o-sobe-muze-hovorit-provokativne-a-kriticky\/#article","isPartOf":{"@id":"https:\/\/www.mzone.cz\/milenialove-jsou-prvni-generaci-v-historii-ktera-sama-o-sobe-muze-hovorit-provokativne-a-kriticky\/"},"author":{"name":"Mzone","@id":"https:\/\/www.mzone.cz\/#\/schema\/person\/9bc20cc422a99cac4af6ff9297da32d4"},"headline":"Mileni\u00e1lov\u00e9 jsou prvn\u00ed generac\u00ed v\u00a0historii, kter\u00e1 sama o sob\u011b m\u016f\u017ee hovo\u0159it provokativn\u011b a kriticky","datePublished":"2019-04-25T15:30:41+00:00","dateModified":"2019-05-27T15:28:33+00:00","mainEntityOfPage":{"@id":"https:\/\/www.mzone.cz\/milenialove-jsou-prvni-generaci-v-historii-ktera-sama-o-sobe-muze-hovorit-provokativne-a-kriticky\/"},"wordCount":809,"commentCount":0,"image":{"@id":"https:\/\/www.mzone.cz\/milenialove-jsou-prvni-generaci-v-historii-ktera-sama-o-sobe-muze-hovorit-provokativne-a-kriticky\/#primaryimage"},"thumbnailUrl":"https:\/\/www.mzone.cz\/wp-content\/uploads\/2019\/03\/Pexels.com-2.jpg","keywords":["Blog","generace","generace Y","lid\u00e9","mileni\u00e1lov\u00e9","ml\u00e1d\u00ed","mlad\u00ed lid\u00e9","shrnut\u00ed","spole\u010dnost","zamy\u0161len\u00ed"],"articleSection":["Bez obalu","Blog","Lifestyle","Style"],"inLanguage":"en-US","potentialAction":[{"@type":"CommentAction","name":"Comment","target":["https:\/\/www.mzone.cz\/milenialove-jsou-prvni-generaci-v-historii-ktera-sama-o-sobe-muze-hovorit-provokativne-a-kriticky\/#respond"]}]},{"@type":"WebPage","@id":"https:\/\/www.mzone.cz\/milenialove-jsou-prvni-generaci-v-historii-ktera-sama-o-sobe-muze-hovorit-provokativne-a-kriticky\/","url":"https:\/\/www.mzone.cz\/milenialove-jsou-prvni-generaci-v-historii-ktera-sama-o-sobe-muze-hovorit-provokativne-a-kriticky\/","name":"Mileni\u00e1lov\u00e9 jsou prvn\u00ed generac\u00ed v\u00a0historii, kter\u00e1 sama o sob\u011b m\u016f\u017ee hovo\u0159it provokativn\u011b a kriticky - Mzone","isPartOf":{"@id":"https:\/\/www.mzone.cz\/#website"},"primaryImageOfPage":{"@id":"https:\/\/www.mzone.cz\/milenialove-jsou-prvni-generaci-v-historii-ktera-sama-o-sobe-muze-hovorit-provokativne-a-kriticky\/#primaryimage"},"image":{"@id":"https:\/\/www.mzone.cz\/milenialove-jsou-prvni-generaci-v-historii-ktera-sama-o-sobe-muze-hovorit-provokativne-a-kriticky\/#primaryimage"},"thumbnailUrl":"https:\/\/www.mzone.cz\/wp-content\/uploads\/2019\/03\/Pexels.com-2.jpg","datePublished":"2019-04-25T15:30:41+00:00","dateModified":"2019-05-27T15:28:33+00:00","author":{"@id":"https:\/\/www.mzone.cz\/#\/schema\/person\/9bc20cc422a99cac4af6ff9297da32d4"},"description":"Jsou mlad\u00ed, sebev\u011bdom\u00ed a v neust\u00e1l\u00e9m kontaktu se sv\u011btem. Rozbor cel\u00e9 jedn\u00e9 generace je nesm\u00edrn\u011b slo\u017eit\u00fd a komplexn\u00ed proces obsahuj\u00edc\u00ed mnoho prom\u011bnn\u00fdch. Poj\u010fme se ale pod\u00edvat alespo\u0148 na z\u00e1kladn\u00ed problematiku t\u00e9to specifick\u00e9 skupiny o\u010dima mileni\u00e1la.","breadcrumb":{"@id":"https:\/\/www.mzone.cz\/milenialove-jsou-prvni-generaci-v-historii-ktera-sama-o-sobe-muze-hovorit-provokativne-a-kriticky\/#breadcrumb"},"inLanguage":"en-US","potentialAction":[{"@type":"ReadAction","target":["https:\/\/www.mzone.cz\/milenialove-jsou-prvni-generaci-v-historii-ktera-sama-o-sobe-muze-hovorit-provokativne-a-kriticky\/"]}]},{"@type":"ImageObject","inLanguage":"en-US","@id":"https:\/\/www.mzone.cz\/milenialove-jsou-prvni-generaci-v-historii-ktera-sama-o-sobe-muze-hovorit-provokativne-a-kriticky\/#primaryimage","url":"https:\/\/www.mzone.cz\/wp-content\/uploads\/2019\/03\/Pexels.com-2.jpg","contentUrl":"https:\/\/www.mzone.cz\/wp-content\/uploads\/2019\/03\/Pexels.com-2.jpg","width":4376,"height":2918},{"@type":"BreadcrumbList","@id":"https:\/\/www.mzone.cz\/milenialove-jsou-prvni-generaci-v-historii-ktera-sama-o-sobe-muze-hovorit-provokativne-a-kriticky\/#breadcrumb","itemListElement":[{"@type":"ListItem","position":1,"name":"Dom\u016f","item":"https:\/\/www.mzone.cz\/"},{"@type":"ListItem","position":2,"name":"Mileni\u00e1lov\u00e9 jsou prvn\u00ed generac\u00ed v\u00a0historii, kter\u00e1 sama o sob\u011b m\u016f\u017ee hovo\u0159it provokativn\u011b a kriticky"}]},{"@type":"WebSite","@id":"https:\/\/www.mzone.cz\/#website","url":"https:\/\/www.mzone.cz\/","name":"Mzone","description":"Magaz\u00edn nejen pro mu\u017ee","potentialAction":[{"@type":"SearchAction","target":{"@type":"EntryPoint","urlTemplate":"https:\/\/www.mzone.cz\/?s={search_term_string}"},"query-input":{"@type":"PropertyValueSpecification","valueRequired":true,"valueName":"search_term_string"}}],"inLanguage":"en-US"},{"@type":"Person","@id":"https:\/\/www.mzone.cz\/#\/schema\/person\/9bc20cc422a99cac4af6ff9297da32d4","name":"Mzone","image":{"@type":"ImageObject","inLanguage":"en-US","@id":"https:\/\/secure.gravatar.com\/avatar\/e780a8630f3182a3d06dd667ab6bea151a0d155b0951bc15fe22633acdac0676?s=96&d=mm&r=g","url":"https:\/\/secure.gravatar.com\/avatar\/e780a8630f3182a3d06dd667ab6bea151a0d155b0951bc15fe22633acdac0676?s=96&d=mm&r=g","contentUrl":"https:\/\/secure.gravatar.com\/avatar\/e780a8630f3182a3d06dd667ab6bea151a0d155b0951bc15fe22633acdac0676?s=96&d=mm&r=g","caption":"Mzone"},"url":"https:\/\/www.mzone.cz\/en\/author\/jakub\/"}]}},"_links":{"self":[{"href":"https:\/\/www.mzone.cz\/en\/wp-json\/wp\/v2\/posts\/6074","targetHints":{"allow":["GET"]}}],"collection":[{"href":"https:\/\/www.mzone.cz\/en\/wp-json\/wp\/v2\/posts"}],"about":[{"href":"https:\/\/www.mzone.cz\/en\/wp-json\/wp\/v2\/types\/post"}],"author":[{"embeddable":true,"href":"https:\/\/www.mzone.cz\/en\/wp-json\/wp\/v2\/users\/4"}],"replies":[{"embeddable":true,"href":"https:\/\/www.mzone.cz\/en\/wp-json\/wp\/v2\/comments?post=6074"}],"version-history":[{"count":1,"href":"https:\/\/www.mzone.cz\/en\/wp-json\/wp\/v2\/posts\/6074\/revisions"}],"predecessor-version":[{"id":9261,"href":"https:\/\/www.mzone.cz\/en\/wp-json\/wp\/v2\/posts\/6074\/revisions\/9261"}],"wp:featuredmedia":[{"embeddable":true,"href":"https:\/\/www.mzone.cz\/en\/wp-json\/wp\/v2\/media\/6075"}],"wp:attachment":[{"href":"https:\/\/www.mzone.cz\/en\/wp-json\/wp\/v2\/media?parent=6074"}],"wp:term":[{"taxonomy":"category","embeddable":true,"href":"https:\/\/www.mzone.cz\/en\/wp-json\/wp\/v2\/categories?post=6074"},{"taxonomy":"post_tag","embeddable":true,"href":"https:\/\/www.mzone.cz\/en\/wp-json\/wp\/v2\/tags?post=6074"}],"curies":[{"name":"wp","href":"https:\/\/api.w.org\/{rel}","templated":true}]}}