{"id":6230,"date":"2019-03-12T17:00:00","date_gmt":"2019-03-12T16:00:00","guid":{"rendered":"http:\/\/www.mzone.cz\/?p=6230"},"modified":"2019-06-20T18:33:06","modified_gmt":"2019-06-20T16:33:06","slug":"mcgregora-zatkla-policie-kral-ufc-vyvadel-v-miami-a-skoncil-ve-vezeni","status":"publish","type":"post","link":"https:\/\/www.mzone.cz\/en\/mcgregora-zatkla-policie-kral-ufc-vyvadel-v-miami-a-skoncil-ve-vezeni\/","title":{"rendered":"McGregora zatkla policie! Kr\u00e1l UFC vyv\u00e1d\u011bl v Miami a skon\u010dil ve v\u011bzen\u00ed"},"content":{"rendered":"<p><strong>To snad nen\u00ed pravda! Irsk\u00fd MMA z\u00e1pasn\u00edk Conor McGregor byl v Miami zat\u010den za n\u00e1silnou loupe\u017e, kdy\u017e vytrhl telefon z ruky fanou\u0161kovi, kter\u00fd se s n\u00edm cht\u011bl vyfotit.<\/strong><\/p><br>\n\n\n\n<p>T\u0159icetilet\u00fd McGregor si u\u017e\u00edval dovolenou na slunn\u00e9 Florid\u011b, kde spole\u010dn\u011b s partnerkou a mal\u00fdm synkem obj\u00edzd\u011bli turistick\u00e9 atrakce a dop\u0159\u00e1vali si rodinn\u00e9 pohody. Jen\u017ee relax a klid vyst\u0159\u00eddal po\u0159\u00e1dn\u00fd rozruch, kdy\u017e za\u010dal na ulici v Miami Beach Conora obt\u011b\u017eovat jeden z jeho p\u0159\u00edznivc\u016f.<\/p>\n\n\n\n<blockquote class=\"wp-block-quote is-layout-flow wp-block-quote-is-layout-flow\"><p>Podle policejn\u00ed zpr\u00e1vy se s n\u00edm cht\u011bl vyfotit, ale to se irsk\u00e9mu rv\u00e1\u010di z Dublinu nel\u00edbilo, a tak mu vytrhl telefon z ruky, hodil ho na zem a n\u011bkolikr\u00e1t na n\u011bj dupnul.<\/p><\/blockquote>\n\n\n\n<p>Se zbytky telefonu pak nav\u00edc ode\u0161el. To si fanou\u0161ek nenechal l\u00edbit a zavolal na nejslavn\u011bj\u0161\u00edho bojovn\u00edka z UFC policii a ta ho n\u00e1sledn\u011b zatkla. Telefon toti\u017e nest\u00e1l patn\u00e1ct stovek, ale tis\u00edc dolar\u016f, co\u017e je v p\u0159epo\u010dtu n\u011bco m\u00e1lo p\u0159es 22 tis\u00edc korun!<\/p><br>\n\n\n\n<figure class=\"wp-block-embed-twitter wp-block-embed is-type-rich is-provider-twitter\"><div class=\"wp-block-embed__wrapper\">\n<blockquote class=\"twitter-tweet\" data-width=\"550\" data-dnt=\"true\"><p lang=\"en\" dir=\"ltr\">Conor McGregor was swarmed by media while leaving a correctional facility in Miami after being arrested earlier today. <a href=\"https:\/\/t.co\/RrRuyD1pnb\">pic.twitter.com\/RrRuyD1pnb<\/a><\/p>&mdash; SportsCenter (@SportsCenter) <a href=\"https:\/\/twitter.com\/SportsCenter\/status\/1105307554391961601?ref_src=twsrc%5Etfw\">March 12, 2019<\/a><\/blockquote><script async src=\"https:\/\/platform.twitter.com\/widgets.js\" charset=\"utf-8\"><\/script>\n<\/div><\/figure><br>\n\n\n\n<p>McGregor byl obvin\u011bn z &#8220;n\u00e1siln\u00e9 loupe\u017ee&#8221; a skon\u010dil v cele p\u0159edb\u011b\u017en\u00e9ho zadr\u017een\u00ed. Pak musel zaplatit kauci v p\u0159epo\u010dtu asi 280 tis\u00edc korun, aby ho pustili na svobodu.<\/p>\n\n\n\n<blockquote class=\"wp-block-quote is-layout-flow wp-block-quote-is-layout-flow\"><p>Kdy\u017e vychladnul, napsal pak sv\u00fdm fanou\u0161k\u016fm na facebooku, \u017ee zkr\u00e1tka mus\u00ed je\u0161t\u011b zapracovat na trp\u011blivosti.<\/p><\/blockquote>\n\n\n\n<p>Nebylo to p\u0159itom poprv\u00e9, co se slavn\u00fd z\u00e1pasn\u00edk dostal do k\u0159\u00ed\u017eku se z\u00e1konem. V lo\u0148sk\u00e9m roce p\u0159ed galave\u010derem UFC 223 za\u00fato\u010dil na autobus, ve kter\u00e9m sed\u011bl jeho \u00fahlavn\u00ed nep\u0159\u00edtel &#8211; Khabib Nurmagomedov. Za to mu soud v New Yorku napa\u0159il podm\u00ednku a ve\u0159ejn\u011b prosp\u011b\u0161n\u00e9 pr\u00e1ce. P\u0159i jejich vz\u00e1jemn\u00e9m souboji na podzim pak Khabib Conora porazil a jejich nen\u00e1vist tak pokra\u010duje d\u00e1l.<\/p><br>\n\n\n\n<div class=\"wp-block-image\"><figure class=\"alignleft is-resized\"><img loading=\"lazy\" decoding=\"async\" src=\"http:\/\/www.mzone.cz\/wp-content\/uploads\/2019\/01\/Sn\u00edmek-obrazovky-2019-01-07-v-22.08.14-1024x683.png\" alt=\"\" class=\"wp-image-3016\" width=\"124\" height=\"82\" srcset=\"https:\/\/www.mzone.cz\/wp-content\/uploads\/2019\/01\/Sn\u00edmek-obrazovky-2019-01-07-v-22.08.14-1024x683.png 1024w, https:\/\/www.mzone.cz\/wp-content\/uploads\/2019\/01\/Sn\u00edmek-obrazovky-2019-01-07-v-22.08.14-300x200.png 300w, https:\/\/www.mzone.cz\/wp-content\/uploads\/2019\/01\/Sn\u00edmek-obrazovky-2019-01-07-v-22.08.14-768x512.png 768w, https:\/\/www.mzone.cz\/wp-content\/uploads\/2019\/01\/Sn\u00edmek-obrazovky-2019-01-07-v-22.08.14-800x533.png 800w, https:\/\/www.mzone.cz\/wp-content\/uploads\/2019\/01\/Sn\u00edmek-obrazovky-2019-01-07-v-22.08.14-400x267.png 400w, https:\/\/www.mzone.cz\/wp-content\/uploads\/2019\/01\/Sn\u00edmek-obrazovky-2019-01-07-v-22.08.14-500x333.png 500w, https:\/\/www.mzone.cz\/wp-content\/uploads\/2019\/01\/Sn\u00edmek-obrazovky-2019-01-07-v-22.08.14-1170x780.png 1170w, https:\/\/www.mzone.cz\/wp-content\/uploads\/2019\/01\/Sn\u00edmek-obrazovky-2019-01-07-v-22.08.14-590x393.png 590w, https:\/\/www.mzone.cz\/wp-content\/uploads\/2019\/01\/Sn\u00edmek-obrazovky-2019-01-07-v-22.08.14.png 1930w\" sizes=\"auto, (max-width: 124px) 100vw, 124px\" \/><\/figure><\/div>\n\n\n\n<h4><a href=\"http:\/\/www.mzone.cz\/gauner-prepadl-krasku-na-ulici-zle-se-ale-prepocital-zapasnice-z-ufc-ho-poradne-zridila\/\">Gauner p\u0159epadl kr\u00e1sku na ulici, zle se ale p\u0159epo\u010d\u00edtal! Z\u00e1pasnice z&nbsp;UFC ho po\u0159\u00e1dn\u011b z\u0159\u00eddila<\/a><\/h4><br>","protected":false},"excerpt":{"rendered":"<p>To snad nen\u00ed pravda! Irsk\u00fd MMA z\u00e1pasn\u00edk Conor McGregor byl v Miami zat\u010den za n\u00e1silnou loupe\u017e, kdy\u017e vytrhl telefon z ruky fanou\u0161kovi, kter\u00fd se s n\u00edm cht\u011bl vyfotit. T\u0159icetilet\u00fd McGregor si u\u017e\u00edval dovolenou na slunn\u00e9 Florid\u011b, kde spole\u010dn\u011b s partnerkou a mal\u00fdm synkem obj\u00edzd\u011bli turistick\u00e9 atrakce a dop\u0159\u00e1vali si rodinn\u00e9 pohody. Jen\u017ee relax a klid [&hellip;]<\/p>\n","protected":false},"author":4,"featured_media":6231,"comment_status":"open","ping_status":"open","sticky":false,"template":"","format":"standard","meta":{"kk_blocks_editor_width":"","_kiokenblocks_attr":"","_kiokenblocks_dimensions":"","footnotes":""},"categories":[80],"tags":[1005,539,1685,1684,118,710,775,42,534,113,527,264,1062,1683,1686],"class_list":["post-6230","post","type-post","status-publish","format-standard","has-post-thumbnail","hentry","category-sport","tag-bojove-sporty","tag-celebrita","tag-conor-mcgregor","tag-miami","tag-mma","tag-nasili","tag-osobnost","tag-sport","tag-sportovec","tag-ufc","tag-usa","tag-vezeni","tag-zakon","tag-zapasnik","tag-zatceni"],"yoast_head":"<!-- This site is optimized with the Yoast SEO plugin v27.5 - https:\/\/yoast.com\/product\/yoast-seo-wordpress\/ -->\n<title>McGregora zatkla policie! Kr\u00e1l UFC vyv\u00e1d\u011bl v Miami a skon\u010dil ve v\u011bzen\u00ed - Mzone<\/title>\n<meta name=\"description\" content=\"To snad nen\u00ed pravda! Irsk\u00fd MMA z\u00e1pasn\u00edk Conor McGregor byl v Miami zat\u010den za n\u00e1silnou loupe\u017e, kdy\u017e vytrhl telefon z ruky fanou\u0161kovi, kter\u00fd se s n\u00edm cht\u011bl vyfotit.\" \/>\n<meta name=\"robots\" content=\"index, follow, max-snippet:-1, max-image-preview:large, max-video-preview:-1\" \/>\n<link rel=\"canonical\" href=\"https:\/\/www.mzone.cz\/en\/mcgregora-zatkla-policie-kral-ufc-vyvadel-v-miami-a-skoncil-ve-vezeni\/\" \/>\n<meta property=\"og:locale\" content=\"en_US\" \/>\n<meta property=\"og:type\" content=\"article\" \/>\n<meta property=\"og:title\" content=\"McGregora zatkla policie! Kr\u00e1l UFC vyv\u00e1d\u011bl v Miami a skon\u010dil ve v\u011bzen\u00ed - Mzone\" \/>\n<meta property=\"og:description\" content=\"To snad nen\u00ed pravda! Irsk\u00fd MMA z\u00e1pasn\u00edk Conor McGregor byl v Miami zat\u010den za n\u00e1silnou loupe\u017e, kdy\u017e vytrhl telefon z ruky fanou\u0161kovi, kter\u00fd se s n\u00edm cht\u011bl vyfotit.\" \/>\n<meta property=\"og:url\" content=\"https:\/\/www.mzone.cz\/en\/mcgregora-zatkla-policie-kral-ufc-vyvadel-v-miami-a-skoncil-ve-vezeni\/\" \/>\n<meta property=\"og:site_name\" content=\"Mzone\" \/>\n<meta property=\"article:publisher\" content=\"https:\/\/www.facebook.com\/MzoneCZ\/\" \/>\n<meta property=\"article:published_time\" content=\"2019-03-12T16:00:00+00:00\" \/>\n<meta property=\"article:modified_time\" content=\"2019-06-20T16:33:06+00:00\" \/>\n<meta property=\"og:image\" content=\"https:\/\/www.mzone.cz\/wp-content\/uploads\/2019\/03\/maxresdefault-1.jpg\" \/>\n\t<meta property=\"og:image:width\" content=\"1070\" \/>\n\t<meta property=\"og:image:height\" content=\"714\" \/>\n\t<meta property=\"og:image:type\" content=\"image\/jpeg\" \/>\n<meta name=\"author\" content=\"Mzone\" \/>\n<meta name=\"twitter:card\" content=\"summary_large_image\" \/>\n<meta name=\"twitter:label1\" content=\"Written by\" \/>\n\t<meta name=\"twitter:data1\" content=\"Mzone\" \/>\n\t<meta name=\"twitter:label2\" content=\"Est. reading time\" \/>\n\t<meta name=\"twitter:data2\" content=\"2 minutes\" \/>\n<script type=\"application\/ld+json\" class=\"yoast-schema-graph\">{\"@context\":\"https:\\\/\\\/schema.org\",\"@graph\":[{\"@type\":\"Article\",\"@id\":\"https:\\\/\\\/www.mzone.cz\\\/mcgregora-zatkla-policie-kral-ufc-vyvadel-v-miami-a-skoncil-ve-vezeni\\\/#article\",\"isPartOf\":{\"@id\":\"https:\\\/\\\/www.mzone.cz\\\/mcgregora-zatkla-policie-kral-ufc-vyvadel-v-miami-a-skoncil-ve-vezeni\\\/\"},\"author\":{\"name\":\"Mzone\",\"@id\":\"https:\\\/\\\/www.mzone.cz\\\/#\\\/schema\\\/person\\\/9bc20cc422a99cac4af6ff9297da32d4\"},\"headline\":\"McGregora zatkla policie! Kr\u00e1l UFC vyv\u00e1d\u011bl v Miami a skon\u010dil ve v\u011bzen\u00ed\",\"datePublished\":\"2019-03-12T16:00:00+00:00\",\"dateModified\":\"2019-06-20T16:33:06+00:00\",\"mainEntityOfPage\":{\"@id\":\"https:\\\/\\\/www.mzone.cz\\\/mcgregora-zatkla-policie-kral-ufc-vyvadel-v-miami-a-skoncil-ve-vezeni\\\/\"},\"wordCount\":378,\"commentCount\":0,\"image\":{\"@id\":\"https:\\\/\\\/www.mzone.cz\\\/mcgregora-zatkla-policie-kral-ufc-vyvadel-v-miami-a-skoncil-ve-vezeni\\\/#primaryimage\"},\"thumbnailUrl\":\"https:\\\/\\\/www.mzone.cz\\\/wp-content\\\/uploads\\\/2019\\\/03\\\/maxresdefault-1.jpg\",\"keywords\":[\"bojov\u00e9 sporty\",\"celebrita\",\"Conor McGregor\",\"Miami\",\"MMA\",\"n\u00e1sil\u00ed\",\"osobnost\",\"Sport\",\"sportovec\",\"UFC\",\"USA\",\"v\u011bzen\u00ed\",\"z\u00e1kon\",\"z\u00e1pasn\u00edk\",\"zat\u010den\u00ed\"],\"articleSection\":[\"Sport\"],\"inLanguage\":\"en-US\",\"potentialAction\":[{\"@type\":\"CommentAction\",\"name\":\"Comment\",\"target\":[\"https:\\\/\\\/www.mzone.cz\\\/mcgregora-zatkla-policie-kral-ufc-vyvadel-v-miami-a-skoncil-ve-vezeni\\\/#respond\"]}]},{\"@type\":\"WebPage\",\"@id\":\"https:\\\/\\\/www.mzone.cz\\\/mcgregora-zatkla-policie-kral-ufc-vyvadel-v-miami-a-skoncil-ve-vezeni\\\/\",\"url\":\"https:\\\/\\\/www.mzone.cz\\\/mcgregora-zatkla-policie-kral-ufc-vyvadel-v-miami-a-skoncil-ve-vezeni\\\/\",\"name\":\"McGregora zatkla policie! Kr\u00e1l UFC vyv\u00e1d\u011bl v Miami a skon\u010dil ve v\u011bzen\u00ed - Mzone\",\"isPartOf\":{\"@id\":\"https:\\\/\\\/www.mzone.cz\\\/#website\"},\"primaryImageOfPage\":{\"@id\":\"https:\\\/\\\/www.mzone.cz\\\/mcgregora-zatkla-policie-kral-ufc-vyvadel-v-miami-a-skoncil-ve-vezeni\\\/#primaryimage\"},\"image\":{\"@id\":\"https:\\\/\\\/www.mzone.cz\\\/mcgregora-zatkla-policie-kral-ufc-vyvadel-v-miami-a-skoncil-ve-vezeni\\\/#primaryimage\"},\"thumbnailUrl\":\"https:\\\/\\\/www.mzone.cz\\\/wp-content\\\/uploads\\\/2019\\\/03\\\/maxresdefault-1.jpg\",\"datePublished\":\"2019-03-12T16:00:00+00:00\",\"dateModified\":\"2019-06-20T16:33:06+00:00\",\"author\":{\"@id\":\"https:\\\/\\\/www.mzone.cz\\\/#\\\/schema\\\/person\\\/9bc20cc422a99cac4af6ff9297da32d4\"},\"description\":\"To snad nen\u00ed pravda! Irsk\u00fd MMA z\u00e1pasn\u00edk Conor McGregor byl v Miami zat\u010den za n\u00e1silnou loupe\u017e, kdy\u017e vytrhl telefon z ruky fanou\u0161kovi, kter\u00fd se s n\u00edm cht\u011bl vyfotit.\",\"breadcrumb\":{\"@id\":\"https:\\\/\\\/www.mzone.cz\\\/mcgregora-zatkla-policie-kral-ufc-vyvadel-v-miami-a-skoncil-ve-vezeni\\\/#breadcrumb\"},\"inLanguage\":\"en-US\",\"potentialAction\":[{\"@type\":\"ReadAction\",\"target\":[\"https:\\\/\\\/www.mzone.cz\\\/mcgregora-zatkla-policie-kral-ufc-vyvadel-v-miami-a-skoncil-ve-vezeni\\\/\"]}]},{\"@type\":\"ImageObject\",\"inLanguage\":\"en-US\",\"@id\":\"https:\\\/\\\/www.mzone.cz\\\/mcgregora-zatkla-policie-kral-ufc-vyvadel-v-miami-a-skoncil-ve-vezeni\\\/#primaryimage\",\"url\":\"https:\\\/\\\/www.mzone.cz\\\/wp-content\\\/uploads\\\/2019\\\/03\\\/maxresdefault-1.jpg\",\"contentUrl\":\"https:\\\/\\\/www.mzone.cz\\\/wp-content\\\/uploads\\\/2019\\\/03\\\/maxresdefault-1.jpg\",\"width\":1070,\"height\":714},{\"@type\":\"BreadcrumbList\",\"@id\":\"https:\\\/\\\/www.mzone.cz\\\/mcgregora-zatkla-policie-kral-ufc-vyvadel-v-miami-a-skoncil-ve-vezeni\\\/#breadcrumb\",\"itemListElement\":[{\"@type\":\"ListItem\",\"position\":1,\"name\":\"Dom\u016f\",\"item\":\"https:\\\/\\\/www.mzone.cz\\\/\"},{\"@type\":\"ListItem\",\"position\":2,\"name\":\"McGregora zatkla policie! Kr\u00e1l UFC vyv\u00e1d\u011bl v Miami a skon\u010dil ve v\u011bzen\u00ed\"}]},{\"@type\":\"WebSite\",\"@id\":\"https:\\\/\\\/www.mzone.cz\\\/#website\",\"url\":\"https:\\\/\\\/www.mzone.cz\\\/\",\"name\":\"Mzone\",\"description\":\"Magaz\u00edn nejen pro mu\u017ee\",\"potentialAction\":[{\"@type\":\"SearchAction\",\"target\":{\"@type\":\"EntryPoint\",\"urlTemplate\":\"https:\\\/\\\/www.mzone.cz\\\/?s={search_term_string}\"},\"query-input\":{\"@type\":\"PropertyValueSpecification\",\"valueRequired\":true,\"valueName\":\"search_term_string\"}}],\"inLanguage\":\"en-US\"},{\"@type\":\"Person\",\"@id\":\"https:\\\/\\\/www.mzone.cz\\\/#\\\/schema\\\/person\\\/9bc20cc422a99cac4af6ff9297da32d4\",\"name\":\"Mzone\",\"image\":{\"@type\":\"ImageObject\",\"inLanguage\":\"en-US\",\"@id\":\"https:\\\/\\\/secure.gravatar.com\\\/avatar\\\/e780a8630f3182a3d06dd667ab6bea151a0d155b0951bc15fe22633acdac0676?s=96&d=mm&r=g\",\"url\":\"https:\\\/\\\/secure.gravatar.com\\\/avatar\\\/e780a8630f3182a3d06dd667ab6bea151a0d155b0951bc15fe22633acdac0676?s=96&d=mm&r=g\",\"contentUrl\":\"https:\\\/\\\/secure.gravatar.com\\\/avatar\\\/e780a8630f3182a3d06dd667ab6bea151a0d155b0951bc15fe22633acdac0676?s=96&d=mm&r=g\",\"caption\":\"Mzone\"},\"url\":\"https:\\\/\\\/www.mzone.cz\\\/en\\\/author\\\/jakub\\\/\"}]}<\/script>\n<!-- \/ Yoast SEO plugin. -->","yoast_head_json":{"title":"McGregora zatkla policie! Kr\u00e1l UFC vyv\u00e1d\u011bl v Miami a skon\u010dil ve v\u011bzen\u00ed - Mzone","description":"To snad nen\u00ed pravda! Irsk\u00fd MMA z\u00e1pasn\u00edk Conor McGregor byl v Miami zat\u010den za n\u00e1silnou loupe\u017e, kdy\u017e vytrhl telefon z ruky fanou\u0161kovi, kter\u00fd se s n\u00edm cht\u011bl vyfotit.","robots":{"index":"index","follow":"follow","max-snippet":"max-snippet:-1","max-image-preview":"max-image-preview:large","max-video-preview":"max-video-preview:-1"},"canonical":"https:\/\/www.mzone.cz\/en\/mcgregora-zatkla-policie-kral-ufc-vyvadel-v-miami-a-skoncil-ve-vezeni\/","og_locale":"en_US","og_type":"article","og_title":"McGregora zatkla policie! Kr\u00e1l UFC vyv\u00e1d\u011bl v Miami a skon\u010dil ve v\u011bzen\u00ed - Mzone","og_description":"To snad nen\u00ed pravda! Irsk\u00fd MMA z\u00e1pasn\u00edk Conor McGregor byl v Miami zat\u010den za n\u00e1silnou loupe\u017e, kdy\u017e vytrhl telefon z ruky fanou\u0161kovi, kter\u00fd se s n\u00edm cht\u011bl vyfotit.","og_url":"https:\/\/www.mzone.cz\/en\/mcgregora-zatkla-policie-kral-ufc-vyvadel-v-miami-a-skoncil-ve-vezeni\/","og_site_name":"Mzone","article_publisher":"https:\/\/www.facebook.com\/MzoneCZ\/","article_published_time":"2019-03-12T16:00:00+00:00","article_modified_time":"2019-06-20T16:33:06+00:00","og_image":[{"width":1070,"height":714,"url":"https:\/\/www.mzone.cz\/wp-content\/uploads\/2019\/03\/maxresdefault-1.jpg","type":"image\/jpeg"}],"author":"Mzone","twitter_card":"summary_large_image","twitter_misc":{"Written by":"Mzone","Est. reading time":"2 minutes"},"schema":{"@context":"https:\/\/schema.org","@graph":[{"@type":"Article","@id":"https:\/\/www.mzone.cz\/mcgregora-zatkla-policie-kral-ufc-vyvadel-v-miami-a-skoncil-ve-vezeni\/#article","isPartOf":{"@id":"https:\/\/www.mzone.cz\/mcgregora-zatkla-policie-kral-ufc-vyvadel-v-miami-a-skoncil-ve-vezeni\/"},"author":{"name":"Mzone","@id":"https:\/\/www.mzone.cz\/#\/schema\/person\/9bc20cc422a99cac4af6ff9297da32d4"},"headline":"McGregora zatkla policie! Kr\u00e1l UFC vyv\u00e1d\u011bl v Miami a skon\u010dil ve v\u011bzen\u00ed","datePublished":"2019-03-12T16:00:00+00:00","dateModified":"2019-06-20T16:33:06+00:00","mainEntityOfPage":{"@id":"https:\/\/www.mzone.cz\/mcgregora-zatkla-policie-kral-ufc-vyvadel-v-miami-a-skoncil-ve-vezeni\/"},"wordCount":378,"commentCount":0,"image":{"@id":"https:\/\/www.mzone.cz\/mcgregora-zatkla-policie-kral-ufc-vyvadel-v-miami-a-skoncil-ve-vezeni\/#primaryimage"},"thumbnailUrl":"https:\/\/www.mzone.cz\/wp-content\/uploads\/2019\/03\/maxresdefault-1.jpg","keywords":["bojov\u00e9 sporty","celebrita","Conor McGregor","Miami","MMA","n\u00e1sil\u00ed","osobnost","Sport","sportovec","UFC","USA","v\u011bzen\u00ed","z\u00e1kon","z\u00e1pasn\u00edk","zat\u010den\u00ed"],"articleSection":["Sport"],"inLanguage":"en-US","potentialAction":[{"@type":"CommentAction","name":"Comment","target":["https:\/\/www.mzone.cz\/mcgregora-zatkla-policie-kral-ufc-vyvadel-v-miami-a-skoncil-ve-vezeni\/#respond"]}]},{"@type":"WebPage","@id":"https:\/\/www.mzone.cz\/mcgregora-zatkla-policie-kral-ufc-vyvadel-v-miami-a-skoncil-ve-vezeni\/","url":"https:\/\/www.mzone.cz\/mcgregora-zatkla-policie-kral-ufc-vyvadel-v-miami-a-skoncil-ve-vezeni\/","name":"McGregora zatkla policie! Kr\u00e1l UFC vyv\u00e1d\u011bl v Miami a skon\u010dil ve v\u011bzen\u00ed - Mzone","isPartOf":{"@id":"https:\/\/www.mzone.cz\/#website"},"primaryImageOfPage":{"@id":"https:\/\/www.mzone.cz\/mcgregora-zatkla-policie-kral-ufc-vyvadel-v-miami-a-skoncil-ve-vezeni\/#primaryimage"},"image":{"@id":"https:\/\/www.mzone.cz\/mcgregora-zatkla-policie-kral-ufc-vyvadel-v-miami-a-skoncil-ve-vezeni\/#primaryimage"},"thumbnailUrl":"https:\/\/www.mzone.cz\/wp-content\/uploads\/2019\/03\/maxresdefault-1.jpg","datePublished":"2019-03-12T16:00:00+00:00","dateModified":"2019-06-20T16:33:06+00:00","author":{"@id":"https:\/\/www.mzone.cz\/#\/schema\/person\/9bc20cc422a99cac4af6ff9297da32d4"},"description":"To snad nen\u00ed pravda! Irsk\u00fd MMA z\u00e1pasn\u00edk Conor McGregor byl v Miami zat\u010den za n\u00e1silnou loupe\u017e, kdy\u017e vytrhl telefon z ruky fanou\u0161kovi, kter\u00fd se s n\u00edm cht\u011bl vyfotit.","breadcrumb":{"@id":"https:\/\/www.mzone.cz\/mcgregora-zatkla-policie-kral-ufc-vyvadel-v-miami-a-skoncil-ve-vezeni\/#breadcrumb"},"inLanguage":"en-US","potentialAction":[{"@type":"ReadAction","target":["https:\/\/www.mzone.cz\/mcgregora-zatkla-policie-kral-ufc-vyvadel-v-miami-a-skoncil-ve-vezeni\/"]}]},{"@type":"ImageObject","inLanguage":"en-US","@id":"https:\/\/www.mzone.cz\/mcgregora-zatkla-policie-kral-ufc-vyvadel-v-miami-a-skoncil-ve-vezeni\/#primaryimage","url":"https:\/\/www.mzone.cz\/wp-content\/uploads\/2019\/03\/maxresdefault-1.jpg","contentUrl":"https:\/\/www.mzone.cz\/wp-content\/uploads\/2019\/03\/maxresdefault-1.jpg","width":1070,"height":714},{"@type":"BreadcrumbList","@id":"https:\/\/www.mzone.cz\/mcgregora-zatkla-policie-kral-ufc-vyvadel-v-miami-a-skoncil-ve-vezeni\/#breadcrumb","itemListElement":[{"@type":"ListItem","position":1,"name":"Dom\u016f","item":"https:\/\/www.mzone.cz\/"},{"@type":"ListItem","position":2,"name":"McGregora zatkla policie! Kr\u00e1l UFC vyv\u00e1d\u011bl v Miami a skon\u010dil ve v\u011bzen\u00ed"}]},{"@type":"WebSite","@id":"https:\/\/www.mzone.cz\/#website","url":"https:\/\/www.mzone.cz\/","name":"Mzone","description":"Magaz\u00edn nejen pro mu\u017ee","potentialAction":[{"@type":"SearchAction","target":{"@type":"EntryPoint","urlTemplate":"https:\/\/www.mzone.cz\/?s={search_term_string}"},"query-input":{"@type":"PropertyValueSpecification","valueRequired":true,"valueName":"search_term_string"}}],"inLanguage":"en-US"},{"@type":"Person","@id":"https:\/\/www.mzone.cz\/#\/schema\/person\/9bc20cc422a99cac4af6ff9297da32d4","name":"Mzone","image":{"@type":"ImageObject","inLanguage":"en-US","@id":"https:\/\/secure.gravatar.com\/avatar\/e780a8630f3182a3d06dd667ab6bea151a0d155b0951bc15fe22633acdac0676?s=96&d=mm&r=g","url":"https:\/\/secure.gravatar.com\/avatar\/e780a8630f3182a3d06dd667ab6bea151a0d155b0951bc15fe22633acdac0676?s=96&d=mm&r=g","contentUrl":"https:\/\/secure.gravatar.com\/avatar\/e780a8630f3182a3d06dd667ab6bea151a0d155b0951bc15fe22633acdac0676?s=96&d=mm&r=g","caption":"Mzone"},"url":"https:\/\/www.mzone.cz\/en\/author\/jakub\/"}]}},"_links":{"self":[{"href":"https:\/\/www.mzone.cz\/en\/wp-json\/wp\/v2\/posts\/6230","targetHints":{"allow":["GET"]}}],"collection":[{"href":"https:\/\/www.mzone.cz\/en\/wp-json\/wp\/v2\/posts"}],"about":[{"href":"https:\/\/www.mzone.cz\/en\/wp-json\/wp\/v2\/types\/post"}],"author":[{"embeddable":true,"href":"https:\/\/www.mzone.cz\/en\/wp-json\/wp\/v2\/users\/4"}],"replies":[{"embeddable":true,"href":"https:\/\/www.mzone.cz\/en\/wp-json\/wp\/v2\/comments?post=6230"}],"version-history":[{"count":1,"href":"https:\/\/www.mzone.cz\/en\/wp-json\/wp\/v2\/posts\/6230\/revisions"}],"predecessor-version":[{"id":10105,"href":"https:\/\/www.mzone.cz\/en\/wp-json\/wp\/v2\/posts\/6230\/revisions\/10105"}],"wp:featuredmedia":[{"embeddable":true,"href":"https:\/\/www.mzone.cz\/en\/wp-json\/wp\/v2\/media\/6231"}],"wp:attachment":[{"href":"https:\/\/www.mzone.cz\/en\/wp-json\/wp\/v2\/media?parent=6230"}],"wp:term":[{"taxonomy":"category","embeddable":true,"href":"https:\/\/www.mzone.cz\/en\/wp-json\/wp\/v2\/categories?post=6230"},{"taxonomy":"post_tag","embeddable":true,"href":"https:\/\/www.mzone.cz\/en\/wp-json\/wp\/v2\/tags?post=6230"}],"curies":[{"name":"wp","href":"https:\/\/api.w.org\/{rel}","templated":true}]}}