{"id":650,"date":"2018-10-10T06:00:59","date_gmt":"2018-10-10T04:00:59","guid":{"rendered":"http:\/\/www.mzone.cz\/?p=650"},"modified":"2018-11-13T19:11:31","modified_gmt":"2018-11-13T18:11:31","slug":"kolikrat-za-den-odemkneme-svuj-mobil","status":"publish","type":"post","link":"https:\/\/www.mzone.cz\/en\/kolikrat-za-den-odemkneme-svuj-mobil\/","title":{"rendered":"Kolikr\u00e1t za den m\u016f\u017eete odemknout sv\u016fj mobil? Tohle \u010d\u00edslo v\u00e1s p\u0159ekvap\u00ed!"},"content":{"rendered":"<p><strong>To, \u017ee telefon je na\u0161\u00edm ka\u017edodenn\u00edm dopl\u0148kem, to je zn\u00e1m\u00e1 v\u011bc. V\u011bdci si ov\u0161em polo\u017eili ot\u00e1zku, kolikr\u00e1t denn\u011b m\u016f\u017eete odemknout mobil, abyste si zkontrolovali zda v\u00e1m nep\u0159i\u0161la SMS, zpr\u00e1va na Messengeru nebo e-mail. A v\u00fdsledky byly p\u0159ekvapiv\u00e9. V pr\u016fm\u011bru si telefon odemkneme a\u017e osmdes\u00e1tkr\u00e1t za den!<\/strong><\/p>\n<p>Za\u010d\u00e1tkem dubna tohoto roku datov\u00fd analytik Ben Barjarin tvrdil, \u017ee pr\u016fm\u011brn\u00fd u\u017eivatel odemkne sv\u016fj iPhone 80-kr\u00e1t za den. Toto \u010d\u00edslo vz\u00e1p\u011bt\u00ed potvrdila i samotn\u00e1 firma Apple, kter\u00e1 uvedla, \u017ee pro sou\u010dasn\u00e9 u\u017eivatele je naprosto norm\u00e1ln\u00ed kontrolovat si \u010dasto sv\u00e9 telefony.<\/p>\n<h2>Odemknout mobil ka\u017ed\u00fdch 11 minut?<\/h2>\n<blockquote><p>Barjarin d\u00e1le tvrd\u00ed, \u017ee v pr\u016fm\u011bru lid\u00e9 odemknou mobil ka\u017ed\u00fdch 11 minut. \u201c Je v\u0161ak takov\u00e9 \u00fadaje br\u00e1t s rezervou. N\u011bkte\u0159\u00ed n\u00e1ru\u017eiv\u011bj\u0161\u00ed u\u017eivatel\u00e9 mobiln\u00edch telefon\u016f jej za den odemknou a\u017e 130-kr\u00e1t.\u201c<\/p><\/blockquote>\n<p><img loading=\"lazy\" decoding=\"async\" class=\"alignleft wp-image-652\" src=\"http:\/\/www.mzone.cz\/wp-content\/uploads\/2018\/02\/smartphone-1894723_1920-1024x683.jpg\" alt=\"odemknout mobil\" width=\"335\" height=\"223\" srcset=\"https:\/\/www.mzone.cz\/wp-content\/uploads\/2018\/02\/smartphone-1894723_1920-1024x683.jpg 1024w, https:\/\/www.mzone.cz\/wp-content\/uploads\/2018\/02\/smartphone-1894723_1920-300x200.jpg 300w, https:\/\/www.mzone.cz\/wp-content\/uploads\/2018\/02\/smartphone-1894723_1920-768x512.jpg 768w, https:\/\/www.mzone.cz\/wp-content\/uploads\/2018\/02\/smartphone-1894723_1920-800x533.jpg 800w, https:\/\/www.mzone.cz\/wp-content\/uploads\/2018\/02\/smartphone-1894723_1920-400x267.jpg 400w, https:\/\/www.mzone.cz\/wp-content\/uploads\/2018\/02\/smartphone-1894723_1920-500x333.jpg 500w, https:\/\/www.mzone.cz\/wp-content\/uploads\/2018\/02\/smartphone-1894723_1920-1170x780.jpg 1170w, https:\/\/www.mzone.cz\/wp-content\/uploads\/2018\/02\/smartphone-1894723_1920-590x393.jpg 590w, https:\/\/www.mzone.cz\/wp-content\/uploads\/2018\/02\/smartphone-1894723_1920.jpg 1920w\" sizes=\"auto, (max-width: 335px) 100vw, 335px\" \/><\/p>\n<p>Pokud jste u star\u0161\u00edch opera\u010dn\u00edch syst\u00e9m\u016f od Applu cht\u011bli zjistit, kolik \u010dasu tr\u00e1v\u00edte na sv\u00e9m mobiln\u00edm telefonu s jabl\u00ed\u010dkem ve znaku, sta\u010dilo otev\u0159\u00edt aplikaci Nastaven\u00ed a kliknout na Mo\u017enosti baterie. Tam lze z\u00e1rove\u0148 zjistit, jak\u00e9 aplikace a jak dlouho, jste za posledn\u00ed den pou\u017e\u00edvali.<\/p>\n<p>Novinku pak p\u0159inesl opera\u010dn\u00ed syst\u00e9m iOS 12, kter\u00fd ned\u00e1vno Apple uvolnil pro v\u0161echny u\u017eivatele. Funkce s n\u00e1zvem &#8220;\u010cas u obrazovky&#8221; v\u00e1m jednodu\u0161e odhal\u00ed, jak moc jste skute\u010dn\u011b na va\u0161em telefonu z\u00e1visl\u00ed. Dostanete z n\u00ed stejn\u00e9 informace jako z baterie, ale nejen za posledn\u00ed den, ale klidn\u011b za cel\u00fd t\u00fdden zp\u011bt. A mo\u017en\u00e1 to ani nebudete cht\u00edt vid\u011bt. Ruku na srdce, Instagram zpravidla v \u017eeb\u0159\u00ed\u010dku vyt\u00ed\u017eenosti aplikac\u00ed s velk\u00fdm n\u00e1skokem vede&#8230;<\/p>","protected":false},"excerpt":{"rendered":"<p>To, \u017ee telefon je na\u0161\u00edm ka\u017edodenn\u00edm dopl\u0148kem, to je zn\u00e1m\u00e1 v\u011bc. V\u011bdci si ov\u0161em polo\u017eili ot\u00e1zku, kolikr\u00e1t denn\u011b m\u016f\u017eete odemknout mobil, abyste si zkontrolovali zda v\u00e1m nep\u0159i\u0161la SMS, zpr\u00e1va na Messengeru nebo e-mail. A v\u00fdsledky byly p\u0159ekvapiv\u00e9. V pr\u016fm\u011bru si telefon odemkneme a\u017e osmdes\u00e1tkr\u00e1t za den! Za\u010d\u00e1tkem dubna tohoto roku datov\u00fd analytik Ben Barjarin tvrdil, [&hellip;]<\/p>\n","protected":false},"author":1,"featured_media":651,"comment_status":"open","ping_status":"open","sticky":false,"template":"","format":"standard","meta":{"kk_blocks_editor_width":"","_kiokenblocks_attr":"","_kiokenblocks_dimensions":"","footnotes":""},"categories":[66,29,25,65],"tags":[388,162,389,160,19,164,161,20,163],"class_list":["post-650","post","type-post","status-publish","format-standard","has-post-thumbnail","hentry","category-elektro","category-lifestyle","category-style","category-technika","tag-aplikace","tag-baterie","tag-cas","tag-mobil","tag-technologie","tag-telefon","tag-vedci","tag-zabava","tag-zvedavost"],"yoast_head":"<!-- This site is optimized with the Yoast SEO plugin v27.5 - https:\/\/yoast.com\/product\/yoast-seo-wordpress\/ -->\n<title>Kolikr\u00e1t za den m\u016f\u017eete odemknout mobil sv\u016fj mobil?<\/title>\n<meta name=\"description\" content=\"To, \u017ee telefon je na\u0161\u00edm ka\u017edodenn\u00edm dopl\u0148kem, to je zn\u00e1m\u00e1 v\u011bc. V\u011bdci si ov\u0161em polo\u017eili ot\u00e1zku, kolikr\u00e1t denn\u011b m\u016f\u017eete odemknout mobil, abyste si zkontrolovali zda v\u00e1m nep\u0159i\u0161la SMS, zpr\u00e1va na Messengeru nebo e-mail. A v\u00fdsledky byly p\u0159ekvapiv\u00e9. V pr\u016fm\u011bru si telefon odemkneme a\u017e 80 \u2013 kr\u00e1t za den.\" \/>\n<meta name=\"robots\" content=\"index, follow, max-snippet:-1, max-image-preview:large, max-video-preview:-1\" \/>\n<link rel=\"canonical\" href=\"https:\/\/www.mzone.cz\/en\/kolikrat-za-den-odemkneme-svuj-mobil\/\" \/>\n<meta property=\"og:locale\" content=\"en_US\" \/>\n<meta property=\"og:type\" content=\"article\" \/>\n<meta property=\"og:title\" content=\"Kolikr\u00e1t za den m\u016f\u017eete odemknout mobil sv\u016fj mobil?\" \/>\n<meta property=\"og:description\" content=\"To, \u017ee telefon je na\u0161\u00edm ka\u017edodenn\u00edm dopl\u0148kem, to je zn\u00e1m\u00e1 v\u011bc. V\u011bdci si ov\u0161em polo\u017eili ot\u00e1zku, kolikr\u00e1t denn\u011b m\u016f\u017eete odemknout mobil, abyste si zkontrolovali zda v\u00e1m nep\u0159i\u0161la SMS, zpr\u00e1va na Messengeru nebo e-mail. A v\u00fdsledky byly p\u0159ekvapiv\u00e9. V pr\u016fm\u011bru si telefon odemkneme a\u017e 80 \u2013 kr\u00e1t za den.\" \/>\n<meta property=\"og:url\" content=\"https:\/\/www.mzone.cz\/en\/kolikrat-za-den-odemkneme-svuj-mobil\/\" \/>\n<meta property=\"og:site_name\" content=\"Mzone\" \/>\n<meta property=\"article:publisher\" content=\"https:\/\/www.facebook.com\/MzoneCZ\/\" \/>\n<meta property=\"article:published_time\" content=\"2018-10-10T04:00:59+00:00\" \/>\n<meta property=\"article:modified_time\" content=\"2018-11-13T18:11:31+00:00\" \/>\n<meta property=\"og:image\" content=\"https:\/\/www.mzone.cz\/wp-content\/uploads\/2018\/02\/iphone-410324_1920.jpg\" \/>\n\t<meta property=\"og:image:width\" content=\"1920\" \/>\n\t<meta property=\"og:image:height\" content=\"1279\" \/>\n\t<meta property=\"og:image:type\" content=\"image\/jpeg\" \/>\n<meta name=\"author\" content=\"Mzone\" \/>\n<meta name=\"twitter:card\" content=\"summary_large_image\" \/>\n<meta name=\"twitter:label1\" content=\"Written by\" \/>\n\t<meta name=\"twitter:data1\" content=\"Mzone\" \/>\n\t<meta name=\"twitter:label2\" content=\"Est. reading time\" \/>\n\t<meta name=\"twitter:data2\" content=\"2 minutes\" \/>\n<script type=\"application\/ld+json\" class=\"yoast-schema-graph\">{\"@context\":\"https:\\\/\\\/schema.org\",\"@graph\":[{\"@type\":\"Article\",\"@id\":\"https:\\\/\\\/www.mzone.cz\\\/kolikrat-za-den-odemkneme-svuj-mobil\\\/#article\",\"isPartOf\":{\"@id\":\"https:\\\/\\\/www.mzone.cz\\\/kolikrat-za-den-odemkneme-svuj-mobil\\\/\"},\"author\":{\"name\":\"Mzone\",\"@id\":\"https:\\\/\\\/www.mzone.cz\\\/#\\\/schema\\\/person\\\/83b1668c9102b12e39523d795bca4f98\"},\"headline\":\"Kolikr\u00e1t za den m\u016f\u017eete odemknout sv\u016fj mobil? Tohle \u010d\u00edslo v\u00e1s p\u0159ekvap\u00ed!\",\"datePublished\":\"2018-10-10T04:00:59+00:00\",\"dateModified\":\"2018-11-13T18:11:31+00:00\",\"mainEntityOfPage\":{\"@id\":\"https:\\\/\\\/www.mzone.cz\\\/kolikrat-za-den-odemkneme-svuj-mobil\\\/\"},\"wordCount\":333,\"commentCount\":1,\"image\":{\"@id\":\"https:\\\/\\\/www.mzone.cz\\\/kolikrat-za-den-odemkneme-svuj-mobil\\\/#primaryimage\"},\"thumbnailUrl\":\"https:\\\/\\\/www.mzone.cz\\\/wp-content\\\/uploads\\\/2018\\\/02\\\/iphone-410324_1920.jpg\",\"keywords\":[\"aplikace\",\"baterie\",\"\u010das\",\"mobil\",\"Technologie\",\"telefon\",\"v\u011bdci\",\"Z\u00e1bava\",\"zv\u011bdavost\"],\"articleSection\":[\"Elektro\",\"Lifestyle\",\"Style\",\"Technika\"],\"inLanguage\":\"en-US\",\"potentialAction\":[{\"@type\":\"CommentAction\",\"name\":\"Comment\",\"target\":[\"https:\\\/\\\/www.mzone.cz\\\/kolikrat-za-den-odemkneme-svuj-mobil\\\/#respond\"]}]},{\"@type\":\"WebPage\",\"@id\":\"https:\\\/\\\/www.mzone.cz\\\/kolikrat-za-den-odemkneme-svuj-mobil\\\/\",\"url\":\"https:\\\/\\\/www.mzone.cz\\\/kolikrat-za-den-odemkneme-svuj-mobil\\\/\",\"name\":\"Kolikr\u00e1t za den m\u016f\u017eete odemknout mobil sv\u016fj mobil?\",\"isPartOf\":{\"@id\":\"https:\\\/\\\/www.mzone.cz\\\/#website\"},\"primaryImageOfPage\":{\"@id\":\"https:\\\/\\\/www.mzone.cz\\\/kolikrat-za-den-odemkneme-svuj-mobil\\\/#primaryimage\"},\"image\":{\"@id\":\"https:\\\/\\\/www.mzone.cz\\\/kolikrat-za-den-odemkneme-svuj-mobil\\\/#primaryimage\"},\"thumbnailUrl\":\"https:\\\/\\\/www.mzone.cz\\\/wp-content\\\/uploads\\\/2018\\\/02\\\/iphone-410324_1920.jpg\",\"datePublished\":\"2018-10-10T04:00:59+00:00\",\"dateModified\":\"2018-11-13T18:11:31+00:00\",\"author\":{\"@id\":\"https:\\\/\\\/www.mzone.cz\\\/#\\\/schema\\\/person\\\/83b1668c9102b12e39523d795bca4f98\"},\"description\":\"To, \u017ee telefon je na\u0161\u00edm ka\u017edodenn\u00edm dopl\u0148kem, to je zn\u00e1m\u00e1 v\u011bc. V\u011bdci si ov\u0161em polo\u017eili ot\u00e1zku, kolikr\u00e1t denn\u011b m\u016f\u017eete odemknout mobil, abyste si zkontrolovali zda v\u00e1m nep\u0159i\u0161la SMS, zpr\u00e1va na Messengeru nebo e-mail. A v\u00fdsledky byly p\u0159ekvapiv\u00e9. V pr\u016fm\u011bru si telefon odemkneme a\u017e 80 \u2013 kr\u00e1t za den.\",\"breadcrumb\":{\"@id\":\"https:\\\/\\\/www.mzone.cz\\\/kolikrat-za-den-odemkneme-svuj-mobil\\\/#breadcrumb\"},\"inLanguage\":\"en-US\",\"potentialAction\":[{\"@type\":\"ReadAction\",\"target\":[\"https:\\\/\\\/www.mzone.cz\\\/kolikrat-za-den-odemkneme-svuj-mobil\\\/\"]}]},{\"@type\":\"ImageObject\",\"inLanguage\":\"en-US\",\"@id\":\"https:\\\/\\\/www.mzone.cz\\\/kolikrat-za-den-odemkneme-svuj-mobil\\\/#primaryimage\",\"url\":\"https:\\\/\\\/www.mzone.cz\\\/wp-content\\\/uploads\\\/2018\\\/02\\\/iphone-410324_1920.jpg\",\"contentUrl\":\"https:\\\/\\\/www.mzone.cz\\\/wp-content\\\/uploads\\\/2018\\\/02\\\/iphone-410324_1920.jpg\",\"width\":1920,\"height\":1279,\"caption\":\"odemknout mobil\"},{\"@type\":\"BreadcrumbList\",\"@id\":\"https:\\\/\\\/www.mzone.cz\\\/kolikrat-za-den-odemkneme-svuj-mobil\\\/#breadcrumb\",\"itemListElement\":[{\"@type\":\"ListItem\",\"position\":1,\"name\":\"Dom\u016f\",\"item\":\"https:\\\/\\\/www.mzone.cz\\\/\"},{\"@type\":\"ListItem\",\"position\":2,\"name\":\"Kolikr\u00e1t za den m\u016f\u017eete odemknout sv\u016fj mobil? Tohle \u010d\u00edslo v\u00e1s p\u0159ekvap\u00ed!\"}]},{\"@type\":\"WebSite\",\"@id\":\"https:\\\/\\\/www.mzone.cz\\\/#website\",\"url\":\"https:\\\/\\\/www.mzone.cz\\\/\",\"name\":\"Mzone\",\"description\":\"Magaz\u00edn nejen pro mu\u017ee\",\"potentialAction\":[{\"@type\":\"SearchAction\",\"target\":{\"@type\":\"EntryPoint\",\"urlTemplate\":\"https:\\\/\\\/www.mzone.cz\\\/?s={search_term_string}\"},\"query-input\":{\"@type\":\"PropertyValueSpecification\",\"valueRequired\":true,\"valueName\":\"search_term_string\"}}],\"inLanguage\":\"en-US\"},{\"@type\":\"Person\",\"@id\":\"https:\\\/\\\/www.mzone.cz\\\/#\\\/schema\\\/person\\\/83b1668c9102b12e39523d795bca4f98\",\"name\":\"Mzone\",\"image\":{\"@type\":\"ImageObject\",\"inLanguage\":\"en-US\",\"@id\":\"https:\\\/\\\/secure.gravatar.com\\\/avatar\\\/eff056ba2d53ea0f4ec17d0ff6b0d61e0566b5d3ac98956ddae8e0c6a75a2877?s=96&d=mm&r=g\",\"url\":\"https:\\\/\\\/secure.gravatar.com\\\/avatar\\\/eff056ba2d53ea0f4ec17d0ff6b0d61e0566b5d3ac98956ddae8e0c6a75a2877?s=96&d=mm&r=g\",\"contentUrl\":\"https:\\\/\\\/secure.gravatar.com\\\/avatar\\\/eff056ba2d53ea0f4ec17d0ff6b0d61e0566b5d3ac98956ddae8e0c6a75a2877?s=96&d=mm&r=g\",\"caption\":\"Mzone\"},\"url\":\"https:\\\/\\\/www.mzone.cz\\\/en\\\/author\\\/admin\\\/\"}]}<\/script>\n<!-- \/ Yoast SEO plugin. -->","yoast_head_json":{"title":"Kolikr\u00e1t za den m\u016f\u017eete odemknout mobil sv\u016fj mobil?","description":"To, \u017ee telefon je na\u0161\u00edm ka\u017edodenn\u00edm dopl\u0148kem, to je zn\u00e1m\u00e1 v\u011bc. V\u011bdci si ov\u0161em polo\u017eili ot\u00e1zku, kolikr\u00e1t denn\u011b m\u016f\u017eete odemknout mobil, abyste si zkontrolovali zda v\u00e1m nep\u0159i\u0161la SMS, zpr\u00e1va na Messengeru nebo e-mail. A v\u00fdsledky byly p\u0159ekvapiv\u00e9. V pr\u016fm\u011bru si telefon odemkneme a\u017e 80 \u2013 kr\u00e1t za den.","robots":{"index":"index","follow":"follow","max-snippet":"max-snippet:-1","max-image-preview":"max-image-preview:large","max-video-preview":"max-video-preview:-1"},"canonical":"https:\/\/www.mzone.cz\/en\/kolikrat-za-den-odemkneme-svuj-mobil\/","og_locale":"en_US","og_type":"article","og_title":"Kolikr\u00e1t za den m\u016f\u017eete odemknout mobil sv\u016fj mobil?","og_description":"To, \u017ee telefon je na\u0161\u00edm ka\u017edodenn\u00edm dopl\u0148kem, to je zn\u00e1m\u00e1 v\u011bc. V\u011bdci si ov\u0161em polo\u017eili ot\u00e1zku, kolikr\u00e1t denn\u011b m\u016f\u017eete odemknout mobil, abyste si zkontrolovali zda v\u00e1m nep\u0159i\u0161la SMS, zpr\u00e1va na Messengeru nebo e-mail. A v\u00fdsledky byly p\u0159ekvapiv\u00e9. V pr\u016fm\u011bru si telefon odemkneme a\u017e 80 \u2013 kr\u00e1t za den.","og_url":"https:\/\/www.mzone.cz\/en\/kolikrat-za-den-odemkneme-svuj-mobil\/","og_site_name":"Mzone","article_publisher":"https:\/\/www.facebook.com\/MzoneCZ\/","article_published_time":"2018-10-10T04:00:59+00:00","article_modified_time":"2018-11-13T18:11:31+00:00","og_image":[{"width":1920,"height":1279,"url":"https:\/\/www.mzone.cz\/wp-content\/uploads\/2018\/02\/iphone-410324_1920.jpg","type":"image\/jpeg"}],"author":"Mzone","twitter_card":"summary_large_image","twitter_misc":{"Written by":"Mzone","Est. reading time":"2 minutes"},"schema":{"@context":"https:\/\/schema.org","@graph":[{"@type":"Article","@id":"https:\/\/www.mzone.cz\/kolikrat-za-den-odemkneme-svuj-mobil\/#article","isPartOf":{"@id":"https:\/\/www.mzone.cz\/kolikrat-za-den-odemkneme-svuj-mobil\/"},"author":{"name":"Mzone","@id":"https:\/\/www.mzone.cz\/#\/schema\/person\/83b1668c9102b12e39523d795bca4f98"},"headline":"Kolikr\u00e1t za den m\u016f\u017eete odemknout sv\u016fj mobil? Tohle \u010d\u00edslo v\u00e1s p\u0159ekvap\u00ed!","datePublished":"2018-10-10T04:00:59+00:00","dateModified":"2018-11-13T18:11:31+00:00","mainEntityOfPage":{"@id":"https:\/\/www.mzone.cz\/kolikrat-za-den-odemkneme-svuj-mobil\/"},"wordCount":333,"commentCount":1,"image":{"@id":"https:\/\/www.mzone.cz\/kolikrat-za-den-odemkneme-svuj-mobil\/#primaryimage"},"thumbnailUrl":"https:\/\/www.mzone.cz\/wp-content\/uploads\/2018\/02\/iphone-410324_1920.jpg","keywords":["aplikace","baterie","\u010das","mobil","Technologie","telefon","v\u011bdci","Z\u00e1bava","zv\u011bdavost"],"articleSection":["Elektro","Lifestyle","Style","Technika"],"inLanguage":"en-US","potentialAction":[{"@type":"CommentAction","name":"Comment","target":["https:\/\/www.mzone.cz\/kolikrat-za-den-odemkneme-svuj-mobil\/#respond"]}]},{"@type":"WebPage","@id":"https:\/\/www.mzone.cz\/kolikrat-za-den-odemkneme-svuj-mobil\/","url":"https:\/\/www.mzone.cz\/kolikrat-za-den-odemkneme-svuj-mobil\/","name":"Kolikr\u00e1t za den m\u016f\u017eete odemknout mobil sv\u016fj mobil?","isPartOf":{"@id":"https:\/\/www.mzone.cz\/#website"},"primaryImageOfPage":{"@id":"https:\/\/www.mzone.cz\/kolikrat-za-den-odemkneme-svuj-mobil\/#primaryimage"},"image":{"@id":"https:\/\/www.mzone.cz\/kolikrat-za-den-odemkneme-svuj-mobil\/#primaryimage"},"thumbnailUrl":"https:\/\/www.mzone.cz\/wp-content\/uploads\/2018\/02\/iphone-410324_1920.jpg","datePublished":"2018-10-10T04:00:59+00:00","dateModified":"2018-11-13T18:11:31+00:00","author":{"@id":"https:\/\/www.mzone.cz\/#\/schema\/person\/83b1668c9102b12e39523d795bca4f98"},"description":"To, \u017ee telefon je na\u0161\u00edm ka\u017edodenn\u00edm dopl\u0148kem, to je zn\u00e1m\u00e1 v\u011bc. V\u011bdci si ov\u0161em polo\u017eili ot\u00e1zku, kolikr\u00e1t denn\u011b m\u016f\u017eete odemknout mobil, abyste si zkontrolovali zda v\u00e1m nep\u0159i\u0161la SMS, zpr\u00e1va na Messengeru nebo e-mail. A v\u00fdsledky byly p\u0159ekvapiv\u00e9. V pr\u016fm\u011bru si telefon odemkneme a\u017e 80 \u2013 kr\u00e1t za den.","breadcrumb":{"@id":"https:\/\/www.mzone.cz\/kolikrat-za-den-odemkneme-svuj-mobil\/#breadcrumb"},"inLanguage":"en-US","potentialAction":[{"@type":"ReadAction","target":["https:\/\/www.mzone.cz\/kolikrat-za-den-odemkneme-svuj-mobil\/"]}]},{"@type":"ImageObject","inLanguage":"en-US","@id":"https:\/\/www.mzone.cz\/kolikrat-za-den-odemkneme-svuj-mobil\/#primaryimage","url":"https:\/\/www.mzone.cz\/wp-content\/uploads\/2018\/02\/iphone-410324_1920.jpg","contentUrl":"https:\/\/www.mzone.cz\/wp-content\/uploads\/2018\/02\/iphone-410324_1920.jpg","width":1920,"height":1279,"caption":"odemknout mobil"},{"@type":"BreadcrumbList","@id":"https:\/\/www.mzone.cz\/kolikrat-za-den-odemkneme-svuj-mobil\/#breadcrumb","itemListElement":[{"@type":"ListItem","position":1,"name":"Dom\u016f","item":"https:\/\/www.mzone.cz\/"},{"@type":"ListItem","position":2,"name":"Kolikr\u00e1t za den m\u016f\u017eete odemknout sv\u016fj mobil? Tohle \u010d\u00edslo v\u00e1s p\u0159ekvap\u00ed!"}]},{"@type":"WebSite","@id":"https:\/\/www.mzone.cz\/#website","url":"https:\/\/www.mzone.cz\/","name":"Mzone","description":"Magaz\u00edn nejen pro mu\u017ee","potentialAction":[{"@type":"SearchAction","target":{"@type":"EntryPoint","urlTemplate":"https:\/\/www.mzone.cz\/?s={search_term_string}"},"query-input":{"@type":"PropertyValueSpecification","valueRequired":true,"valueName":"search_term_string"}}],"inLanguage":"en-US"},{"@type":"Person","@id":"https:\/\/www.mzone.cz\/#\/schema\/person\/83b1668c9102b12e39523d795bca4f98","name":"Mzone","image":{"@type":"ImageObject","inLanguage":"en-US","@id":"https:\/\/secure.gravatar.com\/avatar\/eff056ba2d53ea0f4ec17d0ff6b0d61e0566b5d3ac98956ddae8e0c6a75a2877?s=96&d=mm&r=g","url":"https:\/\/secure.gravatar.com\/avatar\/eff056ba2d53ea0f4ec17d0ff6b0d61e0566b5d3ac98956ddae8e0c6a75a2877?s=96&d=mm&r=g","contentUrl":"https:\/\/secure.gravatar.com\/avatar\/eff056ba2d53ea0f4ec17d0ff6b0d61e0566b5d3ac98956ddae8e0c6a75a2877?s=96&d=mm&r=g","caption":"Mzone"},"url":"https:\/\/www.mzone.cz\/en\/author\/admin\/"}]}},"_links":{"self":[{"href":"https:\/\/www.mzone.cz\/en\/wp-json\/wp\/v2\/posts\/650","targetHints":{"allow":["GET"]}}],"collection":[{"href":"https:\/\/www.mzone.cz\/en\/wp-json\/wp\/v2\/posts"}],"about":[{"href":"https:\/\/www.mzone.cz\/en\/wp-json\/wp\/v2\/types\/post"}],"author":[{"embeddable":true,"href":"https:\/\/www.mzone.cz\/en\/wp-json\/wp\/v2\/users\/1"}],"replies":[{"embeddable":true,"href":"https:\/\/www.mzone.cz\/en\/wp-json\/wp\/v2\/comments?post=650"}],"version-history":[{"count":0,"href":"https:\/\/www.mzone.cz\/en\/wp-json\/wp\/v2\/posts\/650\/revisions"}],"wp:featuredmedia":[{"embeddable":true,"href":"https:\/\/www.mzone.cz\/en\/wp-json\/wp\/v2\/media\/651"}],"wp:attachment":[{"href":"https:\/\/www.mzone.cz\/en\/wp-json\/wp\/v2\/media?parent=650"}],"wp:term":[{"taxonomy":"category","embeddable":true,"href":"https:\/\/www.mzone.cz\/en\/wp-json\/wp\/v2\/categories?post=650"},{"taxonomy":"post_tag","embeddable":true,"href":"https:\/\/www.mzone.cz\/en\/wp-json\/wp\/v2\/tags?post=650"}],"curies":[{"name":"wp","href":"https:\/\/api.w.org\/{rel}","templated":true}]}}