{"id":6818,"date":"2019-03-26T12:01:18","date_gmt":"2019-03-26T11:01:18","guid":{"rendered":"http:\/\/www.mzone.cz\/?p=6818"},"modified":"2019-06-16T21:27:24","modified_gmt":"2019-06-16T19:27:24","slug":"mcgregor-prekvapil-cely-svet-oznamil-konec-s-mma","status":"publish","type":"post","link":"https:\/\/www.mzone.cz\/en\/mcgregor-prekvapil-cely-svet-oznamil-konec-s-mma\/","title":{"rendered":"McGregor p\u0159ekvapil cel\u00fd sv\u011bt! Ozn\u00e1mil konec s MMA"},"content":{"rendered":"<p><strong>Irsk\u00fd z\u00e1pasn\u00edk a hv\u011bzda UFC Conor McGregor \u0161okoval v\u0161echny sv\u00e9 fanou\u0161ky, kdy\u017e na sv\u00e9m twitteru ozn\u00e1mil, \u017ee kon\u010d\u00ed s profesion\u00e1ln\u00ed kari\u00e9rou v MMA. Do jak\u00e9 m\u00edry to mysl\u00ed v\u00e1\u017en\u011b nen\u00ed jist\u00e9, ale podle v\u0161ech zpr\u00e1v to zat\u00edm vypad\u00e1, \u017ee UFC skute\u010dn\u011b p\u0159ijde o sv\u00e9ho nejslavn\u011bj\u0161\u00edho bijce.<\/strong><\/p><br>\n\n\n\n<p>Tak tohle skute\u010dn\u011b nikdo ne\u010dekal. Zpr\u00e1va o Conorov\u011b konci s MMA (sm\u00ed\u0161en\u00e1 bojov\u00e1 um\u011bn\u00ed) p\u0159ekvapila \u00fapln\u011b v\u0161echny. \u017d\u00e1dn\u00e1 velk\u00e1 tiskov\u00e1 konference, nic takov\u00e9ho. Prost\u011b stru\u010dn\u00fd p\u0159\u00edsp\u011bv\u011bk na twitteru, pod\u011bkovan\u00ed a konec\u2026<\/p>\n\n\n\n<blockquote class=\"wp-block-quote is-layout-flow wp-block-quote-is-layout-flow\"><p>&#8220;Nazdar, lidi. Rychl\u00e9 prohl\u00e1\u0161en\u00ed: Dnes jsem se rozhodl odej\u00edt ze sportu, kter\u00fd se form\u00e1ln\u011b naz\u00fdv\u00e1 MMA,\u201c ozn\u00e1mil na soci\u00e1ln\u00ed s\u00edti.<\/p><\/blockquote>\n\n\n\n<figure class=\"wp-block-embed-twitter wp-block-embed is-type-rich is-provider-twitter\"><div class=\"wp-block-embed__wrapper\">\n<blockquote class=\"twitter-tweet\" data-width=\"550\" data-dnt=\"true\"><p lang=\"en\" dir=\"ltr\">Hey guys quick announcement, I\u2019ve decided to retire from the sport formally known as \u201cMixed Martial Art\u201d today.<br>I wish all my old colleagues well going forward in competition.<br>I now join my former partners on this venture, already in retirement.<br>Proper Pina Coladas on me fellas!<\/p>&mdash; Conor McGregor (@TheNotoriousMMA) <a href=\"https:\/\/twitter.com\/TheNotoriousMMA\/status\/1110410797925175296?ref_src=twsrc%5Etfw\">March 26, 2019<\/a><\/blockquote><script async src=\"https:\/\/platform.twitter.com\/widgets.js\" charset=\"utf-8\"><\/script>\n<\/div><\/figure><br>\n\n\n\n<p>Nen\u00ed to v\u0161ak poprv\u00e9, co t\u0159icetilet\u00fd rod\u00e1k z irsk\u00e9ho Dublinu ozn\u00e1mil konec. Po por\u00e1\u017ece s Natem Diazem v dubnu v roce 2016 u\u017e jednou \u0159ekl, \u017ee kon\u010d\u00ed, ale pozd\u011bji n\u00e1sledoval jeho \u00fasp\u011b\u0161n\u00fd n\u00e1vrat.<\/p><br>\n\n\n\n<div class=\"wp-block-image\"><figure class=\"alignleft is-resized\"><img loading=\"lazy\" decoding=\"async\" src=\"http:\/\/www.mzone.cz\/wp-content\/uploads\/2019\/03\/maxresdefault-1-1024x683.jpg\" alt=\"\" class=\"wp-image-6231\" width=\"114\" height=\"75\" srcset=\"https:\/\/www.mzone.cz\/wp-content\/uploads\/2019\/03\/maxresdefault-1-1024x683.jpg 1024w, https:\/\/www.mzone.cz\/wp-content\/uploads\/2019\/03\/maxresdefault-1-300x200.jpg 300w, https:\/\/www.mzone.cz\/wp-content\/uploads\/2019\/03\/maxresdefault-1-768x512.jpg 768w, https:\/\/www.mzone.cz\/wp-content\/uploads\/2019\/03\/maxresdefault-1-800x533.jpg 800w, https:\/\/www.mzone.cz\/wp-content\/uploads\/2019\/03\/maxresdefault-1.jpg 1070w, https:\/\/www.mzone.cz\/wp-content\/uploads\/2019\/03\/maxresdefault-1-400x267.jpg 400w, https:\/\/www.mzone.cz\/wp-content\/uploads\/2019\/03\/maxresdefault-1-500x333.jpg 500w, https:\/\/www.mzone.cz\/wp-content\/uploads\/2019\/03\/maxresdefault-1-590x394.jpg 590w\" sizes=\"auto, (max-width: 114px) 100vw, 114px\" \/><\/figure><\/div>\n\n\n\n<h4><a href=\"http:\/\/www.mzone.cz\/mcgregora-zatkla-policie-kral-ufc-vyvadel-v-miami-a-skoncil-ve-vezeni\/\">McGregora zatkla policie! Kr\u00e1l UFC vyv\u00e1d\u011bl v Miami a skon\u010dil ve v\u011bzen\u00ed<\/a><\/h4><br>","protected":false},"excerpt":{"rendered":"<p>Irsk\u00fd z\u00e1pasn\u00edk a hv\u011bzda UFC Conor McGregor \u0161okoval v\u0161echny sv\u00e9 fanou\u0161ky, kdy\u017e na sv\u00e9m twitteru ozn\u00e1mil, \u017ee kon\u010d\u00ed s profesion\u00e1ln\u00ed kari\u00e9rou v MMA. Do jak\u00e9 m\u00edry to mysl\u00ed v\u00e1\u017en\u011b nen\u00ed jist\u00e9, ale podle v\u0161ech zpr\u00e1v to zat\u00edm vypad\u00e1, \u017ee UFC skute\u010dn\u011b p\u0159ijde o sv\u00e9ho nejslavn\u011bj\u0161\u00edho bijce. Tak tohle skute\u010dn\u011b nikdo ne\u010dekal. Zpr\u00e1va o Conorov\u011b konci [&hellip;]<\/p>\n","protected":false},"author":4,"featured_media":6819,"comment_status":"open","ping_status":"closed","sticky":false,"template":"","format":"standard","meta":{"kk_blocks_editor_width":"","_kiokenblocks_attr":"","_kiokenblocks_dimensions":"","footnotes":""},"categories":[80],"tags":[1005,474,539,1685,1809,270,1808,118,775,807,1810,42,534,113,1683],"class_list":["post-6818","post","type-post","status-publish","format-standard","has-post-thumbnail","hentry","category-sport","tag-bojove-sporty","tag-bojovnik","tag-celebrita","tag-conor-mcgregor","tag-kariera","tag-konec","tag-konec-kariery","tag-mma","tag-osobnost","tag-prekvapeni","tag-prohlaseni","tag-sport","tag-sportovec","tag-ufc","tag-zapasnik"],"yoast_head":"<!-- This site is optimized with the Yoast SEO plugin v27.5 - https:\/\/yoast.com\/product\/yoast-seo-wordpress\/ -->\n<title>McGregor p\u0159ekvapil cel\u00fd sv\u011bt! Ozn\u00e1mil konec s MMA - Mzone<\/title>\n<meta name=\"description\" content=\"Irsk\u00fd z\u00e1pasn\u00edk a hv\u011bzda UFC Conor McGregor \u0161okoval v\u0161echny sv\u00e9 fanou\u0161ky, kdy\u017e na sv\u00e9m twitteru ozn\u00e1mil, \u017ee kon\u010d\u00ed s profesion\u00e1ln\u00ed kari\u00e9rou v MMA. Do jak\u00e9 m\u00edry to mysl\u00ed v\u00e1\u017en\u011b nen\u00ed jist\u00e9, ale podle v\u0161ech zpr\u00e1v to zat\u00edm vypad\u00e1, \u017ee UFC skute\u010dn\u011b p\u0159ijde o sv\u00e9ho nejslavn\u011bj\u0161\u00edho bijce.\" \/>\n<meta name=\"robots\" content=\"index, follow, max-snippet:-1, max-image-preview:large, max-video-preview:-1\" \/>\n<link rel=\"canonical\" href=\"https:\/\/www.mzone.cz\/en\/mcgregor-prekvapil-cely-svet-oznamil-konec-s-mma\/\" \/>\n<meta property=\"og:locale\" content=\"en_US\" \/>\n<meta property=\"og:type\" content=\"article\" \/>\n<meta property=\"og:title\" content=\"McGregor p\u0159ekvapil cel\u00fd sv\u011bt! Ozn\u00e1mil konec s MMA - Mzone\" \/>\n<meta property=\"og:description\" content=\"Irsk\u00fd z\u00e1pasn\u00edk a hv\u011bzda UFC Conor McGregor \u0161okoval v\u0161echny sv\u00e9 fanou\u0161ky, kdy\u017e na sv\u00e9m twitteru ozn\u00e1mil, \u017ee kon\u010d\u00ed s profesion\u00e1ln\u00ed kari\u00e9rou v MMA. Do jak\u00e9 m\u00edry to mysl\u00ed v\u00e1\u017en\u011b nen\u00ed jist\u00e9, ale podle v\u0161ech zpr\u00e1v to zat\u00edm vypad\u00e1, \u017ee UFC skute\u010dn\u011b p\u0159ijde o sv\u00e9ho nejslavn\u011bj\u0161\u00edho bijce.\" \/>\n<meta property=\"og:url\" content=\"https:\/\/www.mzone.cz\/en\/mcgregor-prekvapil-cely-svet-oznamil-konec-s-mma\/\" \/>\n<meta property=\"og:site_name\" content=\"Mzone\" \/>\n<meta property=\"article:publisher\" content=\"https:\/\/www.facebook.com\/MzoneCZ\/\" \/>\n<meta property=\"article:published_time\" content=\"2019-03-26T11:01:18+00:00\" \/>\n<meta property=\"article:modified_time\" content=\"2019-06-16T19:27:24+00:00\" \/>\n<meta property=\"og:image\" content=\"https:\/\/www.mzone.cz\/wp-content\/uploads\/2019\/03\/Sn\u00edmek-obrazovky-2019-03-26-v-11.38.58.png\" \/>\n\t<meta property=\"og:image:width\" content=\"1020\" \/>\n\t<meta property=\"og:image:height\" content=\"680\" \/>\n\t<meta property=\"og:image:type\" content=\"image\/png\" \/>\n<meta name=\"author\" content=\"Mzone\" \/>\n<meta name=\"twitter:card\" content=\"summary_large_image\" \/>\n<meta name=\"twitter:label1\" content=\"Written by\" \/>\n\t<meta name=\"twitter:data1\" content=\"Mzone\" \/>\n\t<meta name=\"twitter:label2\" content=\"Est. reading time\" \/>\n\t<meta name=\"twitter:data2\" content=\"1 minute\" \/>\n<script type=\"application\/ld+json\" class=\"yoast-schema-graph\">{\"@context\":\"https:\\\/\\\/schema.org\",\"@graph\":[{\"@type\":\"Article\",\"@id\":\"https:\\\/\\\/www.mzone.cz\\\/mcgregor-prekvapil-cely-svet-oznamil-konec-s-mma\\\/#article\",\"isPartOf\":{\"@id\":\"https:\\\/\\\/www.mzone.cz\\\/mcgregor-prekvapil-cely-svet-oznamil-konec-s-mma\\\/\"},\"author\":{\"name\":\"Mzone\",\"@id\":\"https:\\\/\\\/www.mzone.cz\\\/#\\\/schema\\\/person\\\/9bc20cc422a99cac4af6ff9297da32d4\"},\"headline\":\"McGregor p\u0159ekvapil cel\u00fd sv\u011bt! Ozn\u00e1mil konec s MMA\",\"datePublished\":\"2019-03-26T11:01:18+00:00\",\"dateModified\":\"2019-06-16T19:27:24+00:00\",\"mainEntityOfPage\":{\"@id\":\"https:\\\/\\\/www.mzone.cz\\\/mcgregor-prekvapil-cely-svet-oznamil-konec-s-mma\\\/\"},\"wordCount\":211,\"commentCount\":0,\"image\":{\"@id\":\"https:\\\/\\\/www.mzone.cz\\\/mcgregor-prekvapil-cely-svet-oznamil-konec-s-mma\\\/#primaryimage\"},\"thumbnailUrl\":\"https:\\\/\\\/www.mzone.cz\\\/wp-content\\\/uploads\\\/2019\\\/03\\\/Sn\u00edmek-obrazovky-2019-03-26-v-11.38.58.png\",\"keywords\":[\"bojov\u00e9 sporty\",\"bojovn\u00edk\",\"celebrita\",\"Conor McGregor\",\"kari\u00e9ra\",\"konec\",\"konec kari\u00e9ry\",\"MMA\",\"osobnost\",\"p\u0159ekvapen\u00ed\",\"prohl\u00e1\u0161en\u00ed\",\"Sport\",\"sportovec\",\"UFC\",\"z\u00e1pasn\u00edk\"],\"articleSection\":[\"Sport\"],\"inLanguage\":\"en-US\",\"potentialAction\":[{\"@type\":\"CommentAction\",\"name\":\"Comment\",\"target\":[\"https:\\\/\\\/www.mzone.cz\\\/mcgregor-prekvapil-cely-svet-oznamil-konec-s-mma\\\/#respond\"]}]},{\"@type\":\"WebPage\",\"@id\":\"https:\\\/\\\/www.mzone.cz\\\/mcgregor-prekvapil-cely-svet-oznamil-konec-s-mma\\\/\",\"url\":\"https:\\\/\\\/www.mzone.cz\\\/mcgregor-prekvapil-cely-svet-oznamil-konec-s-mma\\\/\",\"name\":\"McGregor p\u0159ekvapil cel\u00fd sv\u011bt! Ozn\u00e1mil konec s MMA - Mzone\",\"isPartOf\":{\"@id\":\"https:\\\/\\\/www.mzone.cz\\\/#website\"},\"primaryImageOfPage\":{\"@id\":\"https:\\\/\\\/www.mzone.cz\\\/mcgregor-prekvapil-cely-svet-oznamil-konec-s-mma\\\/#primaryimage\"},\"image\":{\"@id\":\"https:\\\/\\\/www.mzone.cz\\\/mcgregor-prekvapil-cely-svet-oznamil-konec-s-mma\\\/#primaryimage\"},\"thumbnailUrl\":\"https:\\\/\\\/www.mzone.cz\\\/wp-content\\\/uploads\\\/2019\\\/03\\\/Sn\u00edmek-obrazovky-2019-03-26-v-11.38.58.png\",\"datePublished\":\"2019-03-26T11:01:18+00:00\",\"dateModified\":\"2019-06-16T19:27:24+00:00\",\"author\":{\"@id\":\"https:\\\/\\\/www.mzone.cz\\\/#\\\/schema\\\/person\\\/9bc20cc422a99cac4af6ff9297da32d4\"},\"description\":\"Irsk\u00fd z\u00e1pasn\u00edk a hv\u011bzda UFC Conor McGregor \u0161okoval v\u0161echny sv\u00e9 fanou\u0161ky, kdy\u017e na sv\u00e9m twitteru ozn\u00e1mil, \u017ee kon\u010d\u00ed s profesion\u00e1ln\u00ed kari\u00e9rou v MMA. Do jak\u00e9 m\u00edry to mysl\u00ed v\u00e1\u017en\u011b nen\u00ed jist\u00e9, ale podle v\u0161ech zpr\u00e1v to zat\u00edm vypad\u00e1, \u017ee UFC skute\u010dn\u011b p\u0159ijde o sv\u00e9ho nejslavn\u011bj\u0161\u00edho bijce.\",\"breadcrumb\":{\"@id\":\"https:\\\/\\\/www.mzone.cz\\\/mcgregor-prekvapil-cely-svet-oznamil-konec-s-mma\\\/#breadcrumb\"},\"inLanguage\":\"en-US\",\"potentialAction\":[{\"@type\":\"ReadAction\",\"target\":[\"https:\\\/\\\/www.mzone.cz\\\/mcgregor-prekvapil-cely-svet-oznamil-konec-s-mma\\\/\"]}]},{\"@type\":\"ImageObject\",\"inLanguage\":\"en-US\",\"@id\":\"https:\\\/\\\/www.mzone.cz\\\/mcgregor-prekvapil-cely-svet-oznamil-konec-s-mma\\\/#primaryimage\",\"url\":\"https:\\\/\\\/www.mzone.cz\\\/wp-content\\\/uploads\\\/2019\\\/03\\\/Sn\u00edmek-obrazovky-2019-03-26-v-11.38.58.png\",\"contentUrl\":\"https:\\\/\\\/www.mzone.cz\\\/wp-content\\\/uploads\\\/2019\\\/03\\\/Sn\u00edmek-obrazovky-2019-03-26-v-11.38.58.png\",\"width\":1020,\"height\":680},{\"@type\":\"BreadcrumbList\",\"@id\":\"https:\\\/\\\/www.mzone.cz\\\/mcgregor-prekvapil-cely-svet-oznamil-konec-s-mma\\\/#breadcrumb\",\"itemListElement\":[{\"@type\":\"ListItem\",\"position\":1,\"name\":\"Dom\u016f\",\"item\":\"https:\\\/\\\/www.mzone.cz\\\/\"},{\"@type\":\"ListItem\",\"position\":2,\"name\":\"McGregor p\u0159ekvapil cel\u00fd sv\u011bt! Ozn\u00e1mil konec s MMA\"}]},{\"@type\":\"WebSite\",\"@id\":\"https:\\\/\\\/www.mzone.cz\\\/#website\",\"url\":\"https:\\\/\\\/www.mzone.cz\\\/\",\"name\":\"Mzone\",\"description\":\"Magaz\u00edn nejen pro mu\u017ee\",\"potentialAction\":[{\"@type\":\"SearchAction\",\"target\":{\"@type\":\"EntryPoint\",\"urlTemplate\":\"https:\\\/\\\/www.mzone.cz\\\/?s={search_term_string}\"},\"query-input\":{\"@type\":\"PropertyValueSpecification\",\"valueRequired\":true,\"valueName\":\"search_term_string\"}}],\"inLanguage\":\"en-US\"},{\"@type\":\"Person\",\"@id\":\"https:\\\/\\\/www.mzone.cz\\\/#\\\/schema\\\/person\\\/9bc20cc422a99cac4af6ff9297da32d4\",\"name\":\"Mzone\",\"image\":{\"@type\":\"ImageObject\",\"inLanguage\":\"en-US\",\"@id\":\"https:\\\/\\\/secure.gravatar.com\\\/avatar\\\/e780a8630f3182a3d06dd667ab6bea151a0d155b0951bc15fe22633acdac0676?s=96&d=mm&r=g\",\"url\":\"https:\\\/\\\/secure.gravatar.com\\\/avatar\\\/e780a8630f3182a3d06dd667ab6bea151a0d155b0951bc15fe22633acdac0676?s=96&d=mm&r=g\",\"contentUrl\":\"https:\\\/\\\/secure.gravatar.com\\\/avatar\\\/e780a8630f3182a3d06dd667ab6bea151a0d155b0951bc15fe22633acdac0676?s=96&d=mm&r=g\",\"caption\":\"Mzone\"},\"url\":\"https:\\\/\\\/www.mzone.cz\\\/en\\\/author\\\/jakub\\\/\"}]}<\/script>\n<!-- \/ Yoast SEO plugin. -->","yoast_head_json":{"title":"McGregor p\u0159ekvapil cel\u00fd sv\u011bt! Ozn\u00e1mil konec s MMA - Mzone","description":"Irsk\u00fd z\u00e1pasn\u00edk a hv\u011bzda UFC Conor McGregor \u0161okoval v\u0161echny sv\u00e9 fanou\u0161ky, kdy\u017e na sv\u00e9m twitteru ozn\u00e1mil, \u017ee kon\u010d\u00ed s profesion\u00e1ln\u00ed kari\u00e9rou v MMA. Do jak\u00e9 m\u00edry to mysl\u00ed v\u00e1\u017en\u011b nen\u00ed jist\u00e9, ale podle v\u0161ech zpr\u00e1v to zat\u00edm vypad\u00e1, \u017ee UFC skute\u010dn\u011b p\u0159ijde o sv\u00e9ho nejslavn\u011bj\u0161\u00edho bijce.","robots":{"index":"index","follow":"follow","max-snippet":"max-snippet:-1","max-image-preview":"max-image-preview:large","max-video-preview":"max-video-preview:-1"},"canonical":"https:\/\/www.mzone.cz\/en\/mcgregor-prekvapil-cely-svet-oznamil-konec-s-mma\/","og_locale":"en_US","og_type":"article","og_title":"McGregor p\u0159ekvapil cel\u00fd sv\u011bt! Ozn\u00e1mil konec s MMA - Mzone","og_description":"Irsk\u00fd z\u00e1pasn\u00edk a hv\u011bzda UFC Conor McGregor \u0161okoval v\u0161echny sv\u00e9 fanou\u0161ky, kdy\u017e na sv\u00e9m twitteru ozn\u00e1mil, \u017ee kon\u010d\u00ed s profesion\u00e1ln\u00ed kari\u00e9rou v MMA. Do jak\u00e9 m\u00edry to mysl\u00ed v\u00e1\u017en\u011b nen\u00ed jist\u00e9, ale podle v\u0161ech zpr\u00e1v to zat\u00edm vypad\u00e1, \u017ee UFC skute\u010dn\u011b p\u0159ijde o sv\u00e9ho nejslavn\u011bj\u0161\u00edho bijce.","og_url":"https:\/\/www.mzone.cz\/en\/mcgregor-prekvapil-cely-svet-oznamil-konec-s-mma\/","og_site_name":"Mzone","article_publisher":"https:\/\/www.facebook.com\/MzoneCZ\/","article_published_time":"2019-03-26T11:01:18+00:00","article_modified_time":"2019-06-16T19:27:24+00:00","og_image":[{"width":1020,"height":680,"url":"https:\/\/www.mzone.cz\/wp-content\/uploads\/2019\/03\/Sn\u00edmek-obrazovky-2019-03-26-v-11.38.58.png","type":"image\/png"}],"author":"Mzone","twitter_card":"summary_large_image","twitter_misc":{"Written by":"Mzone","Est. reading time":"1 minute"},"schema":{"@context":"https:\/\/schema.org","@graph":[{"@type":"Article","@id":"https:\/\/www.mzone.cz\/mcgregor-prekvapil-cely-svet-oznamil-konec-s-mma\/#article","isPartOf":{"@id":"https:\/\/www.mzone.cz\/mcgregor-prekvapil-cely-svet-oznamil-konec-s-mma\/"},"author":{"name":"Mzone","@id":"https:\/\/www.mzone.cz\/#\/schema\/person\/9bc20cc422a99cac4af6ff9297da32d4"},"headline":"McGregor p\u0159ekvapil cel\u00fd sv\u011bt! Ozn\u00e1mil konec s MMA","datePublished":"2019-03-26T11:01:18+00:00","dateModified":"2019-06-16T19:27:24+00:00","mainEntityOfPage":{"@id":"https:\/\/www.mzone.cz\/mcgregor-prekvapil-cely-svet-oznamil-konec-s-mma\/"},"wordCount":211,"commentCount":0,"image":{"@id":"https:\/\/www.mzone.cz\/mcgregor-prekvapil-cely-svet-oznamil-konec-s-mma\/#primaryimage"},"thumbnailUrl":"https:\/\/www.mzone.cz\/wp-content\/uploads\/2019\/03\/Sn\u00edmek-obrazovky-2019-03-26-v-11.38.58.png","keywords":["bojov\u00e9 sporty","bojovn\u00edk","celebrita","Conor McGregor","kari\u00e9ra","konec","konec kari\u00e9ry","MMA","osobnost","p\u0159ekvapen\u00ed","prohl\u00e1\u0161en\u00ed","Sport","sportovec","UFC","z\u00e1pasn\u00edk"],"articleSection":["Sport"],"inLanguage":"en-US","potentialAction":[{"@type":"CommentAction","name":"Comment","target":["https:\/\/www.mzone.cz\/mcgregor-prekvapil-cely-svet-oznamil-konec-s-mma\/#respond"]}]},{"@type":"WebPage","@id":"https:\/\/www.mzone.cz\/mcgregor-prekvapil-cely-svet-oznamil-konec-s-mma\/","url":"https:\/\/www.mzone.cz\/mcgregor-prekvapil-cely-svet-oznamil-konec-s-mma\/","name":"McGregor p\u0159ekvapil cel\u00fd sv\u011bt! Ozn\u00e1mil konec s MMA - Mzone","isPartOf":{"@id":"https:\/\/www.mzone.cz\/#website"},"primaryImageOfPage":{"@id":"https:\/\/www.mzone.cz\/mcgregor-prekvapil-cely-svet-oznamil-konec-s-mma\/#primaryimage"},"image":{"@id":"https:\/\/www.mzone.cz\/mcgregor-prekvapil-cely-svet-oznamil-konec-s-mma\/#primaryimage"},"thumbnailUrl":"https:\/\/www.mzone.cz\/wp-content\/uploads\/2019\/03\/Sn\u00edmek-obrazovky-2019-03-26-v-11.38.58.png","datePublished":"2019-03-26T11:01:18+00:00","dateModified":"2019-06-16T19:27:24+00:00","author":{"@id":"https:\/\/www.mzone.cz\/#\/schema\/person\/9bc20cc422a99cac4af6ff9297da32d4"},"description":"Irsk\u00fd z\u00e1pasn\u00edk a hv\u011bzda UFC Conor McGregor \u0161okoval v\u0161echny sv\u00e9 fanou\u0161ky, kdy\u017e na sv\u00e9m twitteru ozn\u00e1mil, \u017ee kon\u010d\u00ed s profesion\u00e1ln\u00ed kari\u00e9rou v MMA. Do jak\u00e9 m\u00edry to mysl\u00ed v\u00e1\u017en\u011b nen\u00ed jist\u00e9, ale podle v\u0161ech zpr\u00e1v to zat\u00edm vypad\u00e1, \u017ee UFC skute\u010dn\u011b p\u0159ijde o sv\u00e9ho nejslavn\u011bj\u0161\u00edho bijce.","breadcrumb":{"@id":"https:\/\/www.mzone.cz\/mcgregor-prekvapil-cely-svet-oznamil-konec-s-mma\/#breadcrumb"},"inLanguage":"en-US","potentialAction":[{"@type":"ReadAction","target":["https:\/\/www.mzone.cz\/mcgregor-prekvapil-cely-svet-oznamil-konec-s-mma\/"]}]},{"@type":"ImageObject","inLanguage":"en-US","@id":"https:\/\/www.mzone.cz\/mcgregor-prekvapil-cely-svet-oznamil-konec-s-mma\/#primaryimage","url":"https:\/\/www.mzone.cz\/wp-content\/uploads\/2019\/03\/Sn\u00edmek-obrazovky-2019-03-26-v-11.38.58.png","contentUrl":"https:\/\/www.mzone.cz\/wp-content\/uploads\/2019\/03\/Sn\u00edmek-obrazovky-2019-03-26-v-11.38.58.png","width":1020,"height":680},{"@type":"BreadcrumbList","@id":"https:\/\/www.mzone.cz\/mcgregor-prekvapil-cely-svet-oznamil-konec-s-mma\/#breadcrumb","itemListElement":[{"@type":"ListItem","position":1,"name":"Dom\u016f","item":"https:\/\/www.mzone.cz\/"},{"@type":"ListItem","position":2,"name":"McGregor p\u0159ekvapil cel\u00fd sv\u011bt! Ozn\u00e1mil konec s MMA"}]},{"@type":"WebSite","@id":"https:\/\/www.mzone.cz\/#website","url":"https:\/\/www.mzone.cz\/","name":"Mzone","description":"Magaz\u00edn nejen pro mu\u017ee","potentialAction":[{"@type":"SearchAction","target":{"@type":"EntryPoint","urlTemplate":"https:\/\/www.mzone.cz\/?s={search_term_string}"},"query-input":{"@type":"PropertyValueSpecification","valueRequired":true,"valueName":"search_term_string"}}],"inLanguage":"en-US"},{"@type":"Person","@id":"https:\/\/www.mzone.cz\/#\/schema\/person\/9bc20cc422a99cac4af6ff9297da32d4","name":"Mzone","image":{"@type":"ImageObject","inLanguage":"en-US","@id":"https:\/\/secure.gravatar.com\/avatar\/e780a8630f3182a3d06dd667ab6bea151a0d155b0951bc15fe22633acdac0676?s=96&d=mm&r=g","url":"https:\/\/secure.gravatar.com\/avatar\/e780a8630f3182a3d06dd667ab6bea151a0d155b0951bc15fe22633acdac0676?s=96&d=mm&r=g","contentUrl":"https:\/\/secure.gravatar.com\/avatar\/e780a8630f3182a3d06dd667ab6bea151a0d155b0951bc15fe22633acdac0676?s=96&d=mm&r=g","caption":"Mzone"},"url":"https:\/\/www.mzone.cz\/en\/author\/jakub\/"}]}},"_links":{"self":[{"href":"https:\/\/www.mzone.cz\/en\/wp-json\/wp\/v2\/posts\/6818","targetHints":{"allow":["GET"]}}],"collection":[{"href":"https:\/\/www.mzone.cz\/en\/wp-json\/wp\/v2\/posts"}],"about":[{"href":"https:\/\/www.mzone.cz\/en\/wp-json\/wp\/v2\/types\/post"}],"author":[{"embeddable":true,"href":"https:\/\/www.mzone.cz\/en\/wp-json\/wp\/v2\/users\/4"}],"replies":[{"embeddable":true,"href":"https:\/\/www.mzone.cz\/en\/wp-json\/wp\/v2\/comments?post=6818"}],"version-history":[{"count":1,"href":"https:\/\/www.mzone.cz\/en\/wp-json\/wp\/v2\/posts\/6818\/revisions"}],"predecessor-version":[{"id":9841,"href":"https:\/\/www.mzone.cz\/en\/wp-json\/wp\/v2\/posts\/6818\/revisions\/9841"}],"wp:featuredmedia":[{"embeddable":true,"href":"https:\/\/www.mzone.cz\/en\/wp-json\/wp\/v2\/media\/6819"}],"wp:attachment":[{"href":"https:\/\/www.mzone.cz\/en\/wp-json\/wp\/v2\/media?parent=6818"}],"wp:term":[{"taxonomy":"category","embeddable":true,"href":"https:\/\/www.mzone.cz\/en\/wp-json\/wp\/v2\/categories?post=6818"},{"taxonomy":"post_tag","embeddable":true,"href":"https:\/\/www.mzone.cz\/en\/wp-json\/wp\/v2\/tags?post=6818"}],"curies":[{"name":"wp","href":"https:\/\/api.w.org\/{rel}","templated":true}]}}