{"id":7114,"date":"2019-04-04T18:00:52","date_gmt":"2019-04-04T16:00:52","guid":{"rendered":"https:\/\/www.mzone.cz\/?p=7114"},"modified":"2019-06-10T16:37:04","modified_gmt":"2019-06-10T14:37:04","slug":"ford-se-opira-do-elektrifikace-predstavil-i-novy-model","status":"publish","type":"post","link":"https:\/\/www.mzone.cz\/en\/ford-se-opira-do-elektrifikace-predstavil-i-novy-model\/","title":{"rendered":"Ford jde ve velk\u00e9m do elektrifikace! P\u0159edstavil i nov\u00fd model"},"content":{"rendered":"<p><strong>Automobilka Ford p\u0159edstavila tento t\u00fdden v nizozemsk\u00e9m Amsterdamu hned n\u011bkolik novinek. Poj\u00edc\u00edm \u010dl\u00e1nkem je u nich elektrifikace!<\/strong><\/p><br>\n\n\n\n<p>Nov\u00e1 \u0159ada model\u016f sdru\u017een\u00fdch pod zna\u010dkou Ford Hybrid zahrnuje mild-hybridy, full-hybridy i plug-in hybridy. Do segmentu elektrifikovan\u00fdch automobil\u016f s nimi dle slov v\u00fdrobce p\u0159ich\u00e1zej\u00ed kl\u00ed\u010dov\u00e9 hodnoty Fordu \u2013 d\u016fv\u011bryhodnost, cenov\u00e1 dostupnost a \u0159idi\u010dsky atraktivn\u00ed j\u00edzdn\u00ed projev.<\/p>\n\n\n\n<blockquote class=\"wp-block-quote is-layout-flow wp-block-quote-is-layout-flow\"><p>Ford odhalil na \u201eGo Electric\u201c Kugu Plug-In Hybrid jako jednu z variant zcela nov\u00e9ho SUV, kter\u00e9 bude jako prvn\u00ed model zna\u010dky Ford nab\u00edzeno s mild-hybridn\u00edm, full-hybridn\u00edm i plug-in hybridn\u00edm pohonem.<\/p><\/blockquote>\n\n\n\n<figure class=\"wp-block-image\"><img loading=\"lazy\" decoding=\"async\" width=\"1024\" height=\"683\" src=\"https:\/\/www.mzone.cz\/wp-content\/uploads\/2019\/04\/2019_FORD_KUGA_SIDE_CHARGING-1024x683.jpg\" alt=\"\" class=\"wp-image-7120\" srcset=\"https:\/\/www.mzone.cz\/wp-content\/uploads\/2019\/04\/2019_FORD_KUGA_SIDE_CHARGING-1024x683.jpg 1024w, https:\/\/www.mzone.cz\/wp-content\/uploads\/2019\/04\/2019_FORD_KUGA_SIDE_CHARGING-300x200.jpg 300w, https:\/\/www.mzone.cz\/wp-content\/uploads\/2019\/04\/2019_FORD_KUGA_SIDE_CHARGING-768x512.jpg 768w, https:\/\/www.mzone.cz\/wp-content\/uploads\/2019\/04\/2019_FORD_KUGA_SIDE_CHARGING-800x533.jpg 800w, https:\/\/www.mzone.cz\/wp-content\/uploads\/2019\/04\/2019_FORD_KUGA_SIDE_CHARGING-400x267.jpg 400w, https:\/\/www.mzone.cz\/wp-content\/uploads\/2019\/04\/2019_FORD_KUGA_SIDE_CHARGING-500x333.jpg 500w, https:\/\/www.mzone.cz\/wp-content\/uploads\/2019\/04\/2019_FORD_KUGA_SIDE_CHARGING-1170x780.jpg 1170w, https:\/\/www.mzone.cz\/wp-content\/uploads\/2019\/04\/2019_FORD_KUGA_SIDE_CHARGING-590x393.jpg 590w\" sizes=\"auto, (max-width: 1024px) 100vw, 1024px\" \/><\/figure><br>\n\n\n\n<p>Nov\u00e1 Kuga bude jako prvn\u00ed osobn\u00ed v\u016fz zna\u010dky Ford k dost\u00e1n\u00ed mimo jin\u00e9 v proveden\u00edch Kuga Plug-In Hybrid, Kuga EcoBlue Hybrid (mild-hybrid) a Kuga Hybrid (full-hybrid).<\/p><br>\n\n\n\n<p>Kuga Plug-In Hybrid nab\u00edz\u00ed hospod\u00e1rnost a kultivovanost elektrick\u00e9ho pohonu v kombinaci s dojezdem a svobodou tradi\u010dn\u00edho spalovac\u00edho motoru. Z\u00e1\u017eehov\u00fd \u010dty\u0159v\u00e1lec 2,5 l, pracuj\u00edc\u00ed v Atkinsonov\u011b cyklu, je kombinov\u00e1n s elektromotorem a 14,4 kWh lithium-ion bateri\u00ed. Soustava dosahuje nejvy\u0161\u0161\u00edho v\u00fdkonu 165 kW (225 kon\u00ed).<\/p>\n\n\n\n<blockquote class=\"wp-block-quote is-layout-flow wp-block-quote-is-layout-flow\"><p>Kuga Plug-In Hybrid nab\u00eddne dojezd na elekt\u0159inu v\u00edce ne\u017e 50 km. P\u0159edpokl\u00e1dan\u00e9 hodnoty spot\u0159eby paliva a emis\u00ed CO<sub>2<\/sub>&nbsp;za\u010d\u00ednaj\u00ed na 1,2 l\/100 km, respektive 29 g\/km.<\/p><\/blockquote>\n\n\n\n<p>Sv\u011btovou premi\u00e9ru absolvovaly tak\u00e9 nov\u00e9 sedmim\u00edstn\u00e9 SUV Ford Explorer Plug-In Hybrid a osmim\u00edstn\u00fd velkoprostorov\u00fd v\u016fz Ford Tourneo Custom Plug-In Hybrid. Ob\u011b novinky nab\u00edzej\u00ed mo\u017enost provozu na elekt\u0159inu s nulov\u00fdmi emisemi v m\u00edst\u011b provozu p\u0159i zachov\u00e1n\u00ed svobody poskytovan\u00e9 tradi\u010dn\u00edm spalovac\u00edm motorem.<\/p><br>\n\n\n\n<div class=\"wp-block-image\"><figure class=\"alignleft is-resized\"><img loading=\"lazy\" decoding=\"async\" src=\"http:\/\/www.mzone.cz\/wp-content\/uploads\/2019\/02\/2019Ford_Ranger-Wildtrak_4_2-1024x683.jpg\" alt=\"\" class=\"wp-image-5286\" width=\"133\" height=\"87\"\/><\/figure><\/div>\n\n\n\n<h4><a href=\"https:\/\/www.mzone.cz\/nejprodavanejsi-pick-up-v-evrope-je-nyni-v-jeste-vykonnejsim-a-uspornejsim-provedeni\/\">Nejprod\u00e1van\u011bj\u0161\u00ed pick-up v Evrop\u011b je nyn\u00ed v je\u0161t\u011b v\u00fdkonn\u011bj\u0161\u00edm a \u00fasporn\u011bj\u0161\u00edm proveden\u00ed<\/a><\/h4><br>\n\n\n\n<p>Ford d\u00e1le p\u0159edstavil nov\u00e9 modely Fiesta EcoBoost Hybrid a Focus EcoBoost Hybrid s vysp\u011blou mild-hybridn\u00ed technikou, kter\u00e1 jim ud\u011bluje je\u0161t\u011b lep\u0161\u00ed dynamiku a z\u00e1rove\u0148 men\u0161\u00ed spot\u0159ebu. Spole\u010dnost rovn\u011b\u017e ozn\u00e1mila, \u017ee v roce 2022 za\u0159ad\u00ed do nab\u00eddky zcela nov\u00fd Transit s elektrick\u00fdm pohonem, kter\u00fd m\u00e1 p\u0159in\u00e9st m\u011bst\u016fm \u010dist\u0161\u00ed ovzdu\u0161\u00ed a provozovatel\u016fm men\u0161\u00ed provozn\u00ed n\u00e1klady.<\/p><br>\n\n\n\n<figure class=\"wp-block-image\"><img loading=\"lazy\" decoding=\"async\" width=\"1024\" height=\"683\" src=\"https:\/\/www.mzone.cz\/wp-content\/uploads\/2019\/04\/2019FordExplorer_2-1024x683.jpg\" alt=\"\" class=\"wp-image-7121\" srcset=\"https:\/\/www.mzone.cz\/wp-content\/uploads\/2019\/04\/2019FordExplorer_2-1024x683.jpg 1024w, https:\/\/www.mzone.cz\/wp-content\/uploads\/2019\/04\/2019FordExplorer_2-300x200.jpg 300w, https:\/\/www.mzone.cz\/wp-content\/uploads\/2019\/04\/2019FordExplorer_2-768x512.jpg 768w, https:\/\/www.mzone.cz\/wp-content\/uploads\/2019\/04\/2019FordExplorer_2-800x533.jpg 800w, https:\/\/www.mzone.cz\/wp-content\/uploads\/2019\/04\/2019FordExplorer_2-400x267.jpg 400w, https:\/\/www.mzone.cz\/wp-content\/uploads\/2019\/04\/2019FordExplorer_2-500x333.jpg 500w, https:\/\/www.mzone.cz\/wp-content\/uploads\/2019\/04\/2019FordExplorer_2-1170x780.jpg 1170w, https:\/\/www.mzone.cz\/wp-content\/uploads\/2019\/04\/2019FordExplorer_2-590x393.jpg 590w\" sizes=\"auto, (max-width: 1024px) 100vw, 1024px\" \/><figcaption>Sedmim\u00edstn\u00e9 SUV Ford Explorer je v Evrop\u011b novinkou<\/figcaption><\/figure>\n\n\n\n<p>Ford Explorer Plug-In Hybrid se bude nab\u00edzet ve dvou variant\u00e1ch: jako sportovn\u011b stylizovan\u00fd Explorer ST-Line a luxusn\u00ed Explorer Platinum. Ob\u011b jsou poh\u00e1n\u011bny plug-in hybridn\u00edm hnac\u00edm \u00fastroj\u00edm, sest\u00e1vaj\u00edc\u00edm ze z\u00e1\u017eehov\u00e9ho \u0161estiv\u00e1lce 3.0 EcoBoost, elektromotoru a gener\u00e1toru. Hnac\u00ed soustava dosahuje nejvy\u0161\u0161\u00edho v\u00fdkonu 331 kW (450 kon\u00ed) a to\u010div\u00e9ho momentu 840 Nm. Umo\u017e\u0148uje i provoz na \u010dist\u011b elektrick\u00fd pohon.<\/p><br>\n\n\n\n<p>V prostorn\u00e9m, luxusn\u00edm a komfortn\u011b za\u0159\u00edzen\u00e9m interi\u00e9ru naleznou \u0159idi\u010di modern\u00ed prvky, jak\u00e9 p\u0159in\u00e1\u0161\u00ed na v\u00fd\u0161ku orientovan\u00e1 dotykov\u00e1 obrazovka s \u00fahlop\u0159\u00ed\u010dkou 10,1 palce nebo digit\u00e1ln\u00ed p\u0159\u00edstrojov\u00fd \u0161t\u00edt o \u00fahlop\u0159\u00ed\u010dce 12,3 palce. Rodiny ocen\u00ed flexibiln\u00ed \u0159e\u0161en\u00ed sedadel v\u010detn\u011b funkce snadn\u00e9ho nastupov\u00e1n\u00ed na t\u0159et\u00ed \u0159adu, k n\u011bmu\u017e posta\u010d\u00ed jedna ruka. Nov\u00fd Explorer je s\u00e9riov\u011b vybaven inteligentn\u00edm pohonem v\u0161ech kol, kter\u00e9mu sekunduje desetistup\u0148ov\u00e1 samo\u010dinn\u00e1 p\u0159evodovka.<\/p>\n\n\n\n<blockquote class=\"wp-block-quote is-layout-flow wp-block-quote-is-layout-flow\"><p>\u201eNa\u0161e nov\u00e9 vozy Ford Hybrid jsou technicky pokro\u010dil\u00e9 a vyu\u017e\u00edvaj\u00ed \u0161irokou paletu elektrifikovan\u00fdch \u0159e\u0161en\u00ed takov\u00fdm zp\u016fsobem, aby vyhov\u011bly pot\u0159eb\u00e1m ka\u017ed\u00e9ho z\u00e1kazn\u00edka. Elektrifikace automobil\u016f bude d\u00edky nim p\u0159\u00ednosn\u00e1 a dostupn\u00e1 \u0161ir\u0161\u00edmu okruhu \u0159idi\u010d\u016f,\u201c \u0159\u00edk\u00e1 Stuart Rowley, prezident Ford of Europe.<\/p><\/blockquote>\n\n\n\n<p><strong>Modelovou \u0159adu ji\u017e d\u0159\u00edve nab\u00edzen\u00fdch nebo ozn\u00e1men\u00fdch voz\u016f Ford Hybrid pro evropsk\u00fd trh tvo\u0159\u00ed:<\/strong><\/p>\n\n\n\n<ul><li>Mondeo Hybrid sedan a kombi, poh\u00e1n\u011bn\u00e9 samonab\u00edjec\u00edm benzin-elektrick\u00fdm hybridn\u00edm agreg\u00e1tem, kter\u00fd p\u0159edstavuje atraktivn\u00ed alternativu k dieselu. Mondeo Hybrid kombi se tento t\u00fdden poprv\u00e9 uk\u00e1zalo ve sportovn\u011b stylizovan\u00e9m proveden\u00ed ST-Line.<\/li><li>Transit EcoBlue Hybrid a Transit Custom EcoBlue Hybrid s mild-hybridn\u00edm pohonem, kter\u00fd sni\u017euje u\u017e tak n\u00edzk\u00e9 provozn\u00ed n\u00e1klady t\u011bchto u\u017eitkov\u00fdch model\u016f.<\/li><li>Tourneo Custom EcoBlue Hybrid, velkoprostorov\u00fd osmim\u00edstn\u00fd automobil s mild-hybridn\u00ed technologi\u00ed.<\/li><li>Transit Custom Plug-In Hybrid, vybaven\u00fd n\u00e1ro\u010dn\u00fdm elektrifikovan\u00fdm pohonem, v n\u011bm\u017e motor Ford 1.0 EcoBoost slou\u017e\u00ed k prodlou\u017een\u00ed dojezdu. V\u016fz aktu\u00e1ln\u011b proch\u00e1z\u00ed provozn\u00edmi zkou\u0161kami v Lond\u00fdn\u011b, brzy se p\u0159id\u00e1 tak\u00e9 \u0161pan\u011blsk\u00e1 Valencie a n\u011bmeck\u00fd Kol\u00edn nad R\u00fdnem.<\/li><\/ul><br>\n\n\n\n<p>V roce 2020 pak p\u0159edstav\u00ed Ford elektrick\u00e9 SUV inspirovan\u00e9 Mustangem, kter\u00e9 bude m\u00edt dojezd 600 km dle cyklu WLTP a umo\u017en\u00ed rychl\u00e9 nab\u00edjen\u00ed.<\/p><br>\n\n\n\n<div class=\"wp-block-image\"><figure class=\"alignleft is-resized\"><img loading=\"lazy\" decoding=\"async\" src=\"http:\/\/www.mzone.cz\/wp-content\/uploads\/2019\/01\/eye-3-1024x683.jpg\" alt=\"\" class=\"wp-image-3396\" width=\"113\" height=\"74\" srcset=\"https:\/\/www.mzone.cz\/wp-content\/uploads\/2019\/01\/eye-3-1024x683.jpg 1024w, https:\/\/www.mzone.cz\/wp-content\/uploads\/2019\/01\/eye-3-300x200.jpg 300w, https:\/\/www.mzone.cz\/wp-content\/uploads\/2019\/01\/eye-3-768x512.jpg 768w, https:\/\/www.mzone.cz\/wp-content\/uploads\/2019\/01\/eye-3-800x533.jpg 800w, https:\/\/www.mzone.cz\/wp-content\/uploads\/2019\/01\/eye-3-400x267.jpg 400w, https:\/\/www.mzone.cz\/wp-content\/uploads\/2019\/01\/eye-3-500x333.jpg 500w, https:\/\/www.mzone.cz\/wp-content\/uploads\/2019\/01\/eye-3-1170x780.jpg 1170w, https:\/\/www.mzone.cz\/wp-content\/uploads\/2019\/01\/eye-3-590x393.jpg 590w, https:\/\/www.mzone.cz\/wp-content\/uploads\/2019\/01\/eye-3.jpg 1200w\" sizes=\"auto, (max-width: 113px) 100vw, 113px\" \/><\/figure><\/div>\n\n\n\n<h4><a href=\"https:\/\/www.mzone.cz\/aston-martin-zacal-prestavovat-svoje-stara-auta-na-elelektromobily\/\">Aston Martin za\u010dal p\u0159estavovat svoje star\u00e1 auta na elelektromobily<\/a><\/h4><br>","protected":false},"excerpt":{"rendered":"<p>Automobilka Ford p\u0159edstavila tento t\u00fdden v nizozemsk\u00e9m Amsterdamu hned n\u011bkolik novinek. Poj\u00edc\u00edm \u010dl\u00e1nkem je u nich elektrifikace! Nov\u00e1 \u0159ada model\u016f sdru\u017een\u00fdch pod zna\u010dkou Ford Hybrid zahrnuje mild-hybridy, full-hybridy i plug-in hybridy. Do segmentu elektrifikovan\u00fdch automobil\u016f s nimi dle slov v\u00fdrobce p\u0159ich\u00e1zej\u00ed kl\u00ed\u010dov\u00e9 hodnoty Fordu \u2013 d\u016fv\u011bryhodnost, cenov\u00e1 dostupnost a \u0159idi\u010dsky atraktivn\u00ed j\u00edzdn\u00ed projev. Ford odhalil [&hellip;]<\/p>\n","protected":false},"author":4,"featured_media":7115,"comment_status":"open","ping_status":"closed","sticky":false,"template":"","format":"standard","meta":{"kk_blocks_editor_width":"","_kiokenblocks_attr":"","_kiokenblocks_dimensions":"","footnotes":""},"categories":[69],"tags":[585,82,462,1160,605,553,1870,1871,1872,1869,317,1868,607],"class_list":["post-7114","post","type-post","status-publish","format-standard","has-post-thumbnail","hentry","category-auto-moto","tag-auta","tag-auto","tag-auto-moto","tag-automobilka","tag-elektrifikace","tag-ford","tag-ford-explorer","tag-ford-kuga","tag-ford-tourneo","tag-hybrid","tag-novinky","tag-plug-in-hybrid","tag-predstaveni"],"yoast_head":"<!-- This site is optimized with the Yoast SEO plugin v27.5 - https:\/\/yoast.com\/product\/yoast-seo-wordpress\/ -->\n<title>Ford jde ve velk\u00e9m do elektrifikace! P\u0159edstavil i nov\u00fd model - Mzone<\/title>\n<meta name=\"description\" content=\"Automobilka Ford p\u0159edstavila tento t\u00fdden v nizozemsk\u00e9m Amsterdamu hned n\u011bkolik novinek. Poj\u00edc\u00edm \u010dl\u00e1nkem je u nich elektrifikace!\" \/>\n<meta name=\"robots\" content=\"index, follow, max-snippet:-1, max-image-preview:large, max-video-preview:-1\" \/>\n<link rel=\"canonical\" href=\"https:\/\/www.mzone.cz\/en\/ford-se-opira-do-elektrifikace-predstavil-i-novy-model\/\" \/>\n<meta property=\"og:locale\" content=\"en_US\" \/>\n<meta property=\"og:type\" content=\"article\" \/>\n<meta property=\"og:title\" content=\"Ford jde ve velk\u00e9m do elektrifikace! P\u0159edstavil i nov\u00fd model - Mzone\" \/>\n<meta property=\"og:description\" content=\"Automobilka Ford p\u0159edstavila tento t\u00fdden v nizozemsk\u00e9m Amsterdamu hned n\u011bkolik novinek. Poj\u00edc\u00edm \u010dl\u00e1nkem je u nich elektrifikace!\" \/>\n<meta property=\"og:url\" content=\"https:\/\/www.mzone.cz\/en\/ford-se-opira-do-elektrifikace-predstavil-i-novy-model\/\" \/>\n<meta property=\"og:site_name\" content=\"Mzone\" \/>\n<meta property=\"article:publisher\" content=\"https:\/\/www.facebook.com\/MzoneCZ\/\" \/>\n<meta property=\"article:published_time\" content=\"2019-04-04T16:00:52+00:00\" \/>\n<meta property=\"article:modified_time\" content=\"2019-06-10T14:37:04+00:00\" \/>\n<meta property=\"og:image\" content=\"https:\/\/www.mzone.cz\/wp-content\/uploads\/2019\/04\/2019_FORD_KUGA_SIDE_CHARGING-kopie.jpg\" \/>\n\t<meta property=\"og:image:width\" content=\"2735\" \/>\n\t<meta property=\"og:image:height\" content=\"1824\" \/>\n\t<meta property=\"og:image:type\" content=\"image\/jpeg\" \/>\n<meta name=\"author\" content=\"Mzone\" \/>\n<meta name=\"twitter:card\" content=\"summary_large_image\" \/>\n<meta name=\"twitter:label1\" content=\"Written by\" \/>\n\t<meta name=\"twitter:data1\" content=\"Mzone\" \/>\n\t<meta name=\"twitter:label2\" content=\"Est. reading time\" \/>\n\t<meta name=\"twitter:data2\" content=\"4 minutes\" \/>\n<script type=\"application\/ld+json\" class=\"yoast-schema-graph\">{\"@context\":\"https:\\\/\\\/schema.org\",\"@graph\":[{\"@type\":\"Article\",\"@id\":\"https:\\\/\\\/www.mzone.cz\\\/ford-se-opira-do-elektrifikace-predstavil-i-novy-model\\\/#article\",\"isPartOf\":{\"@id\":\"https:\\\/\\\/www.mzone.cz\\\/ford-se-opira-do-elektrifikace-predstavil-i-novy-model\\\/\"},\"author\":{\"name\":\"Mzone\",\"@id\":\"https:\\\/\\\/www.mzone.cz\\\/#\\\/schema\\\/person\\\/9bc20cc422a99cac4af6ff9297da32d4\"},\"headline\":\"Ford jde ve velk\u00e9m do elektrifikace! P\u0159edstavil i nov\u00fd model\",\"datePublished\":\"2019-04-04T16:00:52+00:00\",\"dateModified\":\"2019-06-10T14:37:04+00:00\",\"mainEntityOfPage\":{\"@id\":\"https:\\\/\\\/www.mzone.cz\\\/ford-se-opira-do-elektrifikace-predstavil-i-novy-model\\\/\"},\"wordCount\":785,\"commentCount\":0,\"image\":{\"@id\":\"https:\\\/\\\/www.mzone.cz\\\/ford-se-opira-do-elektrifikace-predstavil-i-novy-model\\\/#primaryimage\"},\"thumbnailUrl\":\"https:\\\/\\\/www.mzone.cz\\\/wp-content\\\/uploads\\\/2019\\\/04\\\/2019_FORD_KUGA_SIDE_CHARGING-kopie.jpg\",\"keywords\":[\"auta\",\"Auto\",\"auto-moto\",\"automobilka\",\"elektrifikace\",\"Ford\",\"Ford Explorer\",\"Ford Kuga\",\"Ford Tourneo\",\"hybrid\",\"novinky\",\"plug-in hybrid\",\"p\u0159edstaven\u00ed\"],\"articleSection\":[\"Auto-moto\"],\"inLanguage\":\"en-US\",\"potentialAction\":[{\"@type\":\"CommentAction\",\"name\":\"Comment\",\"target\":[\"https:\\\/\\\/www.mzone.cz\\\/ford-se-opira-do-elektrifikace-predstavil-i-novy-model\\\/#respond\"]}]},{\"@type\":\"WebPage\",\"@id\":\"https:\\\/\\\/www.mzone.cz\\\/ford-se-opira-do-elektrifikace-predstavil-i-novy-model\\\/\",\"url\":\"https:\\\/\\\/www.mzone.cz\\\/ford-se-opira-do-elektrifikace-predstavil-i-novy-model\\\/\",\"name\":\"Ford jde ve velk\u00e9m do elektrifikace! P\u0159edstavil i nov\u00fd model - Mzone\",\"isPartOf\":{\"@id\":\"https:\\\/\\\/www.mzone.cz\\\/#website\"},\"primaryImageOfPage\":{\"@id\":\"https:\\\/\\\/www.mzone.cz\\\/ford-se-opira-do-elektrifikace-predstavil-i-novy-model\\\/#primaryimage\"},\"image\":{\"@id\":\"https:\\\/\\\/www.mzone.cz\\\/ford-se-opira-do-elektrifikace-predstavil-i-novy-model\\\/#primaryimage\"},\"thumbnailUrl\":\"https:\\\/\\\/www.mzone.cz\\\/wp-content\\\/uploads\\\/2019\\\/04\\\/2019_FORD_KUGA_SIDE_CHARGING-kopie.jpg\",\"datePublished\":\"2019-04-04T16:00:52+00:00\",\"dateModified\":\"2019-06-10T14:37:04+00:00\",\"author\":{\"@id\":\"https:\\\/\\\/www.mzone.cz\\\/#\\\/schema\\\/person\\\/9bc20cc422a99cac4af6ff9297da32d4\"},\"description\":\"Automobilka Ford p\u0159edstavila tento t\u00fdden v nizozemsk\u00e9m Amsterdamu hned n\u011bkolik novinek. Poj\u00edc\u00edm \u010dl\u00e1nkem je u nich elektrifikace!\",\"breadcrumb\":{\"@id\":\"https:\\\/\\\/www.mzone.cz\\\/ford-se-opira-do-elektrifikace-predstavil-i-novy-model\\\/#breadcrumb\"},\"inLanguage\":\"en-US\",\"potentialAction\":[{\"@type\":\"ReadAction\",\"target\":[\"https:\\\/\\\/www.mzone.cz\\\/ford-se-opira-do-elektrifikace-predstavil-i-novy-model\\\/\"]}]},{\"@type\":\"ImageObject\",\"inLanguage\":\"en-US\",\"@id\":\"https:\\\/\\\/www.mzone.cz\\\/ford-se-opira-do-elektrifikace-predstavil-i-novy-model\\\/#primaryimage\",\"url\":\"https:\\\/\\\/www.mzone.cz\\\/wp-content\\\/uploads\\\/2019\\\/04\\\/2019_FORD_KUGA_SIDE_CHARGING-kopie.jpg\",\"contentUrl\":\"https:\\\/\\\/www.mzone.cz\\\/wp-content\\\/uploads\\\/2019\\\/04\\\/2019_FORD_KUGA_SIDE_CHARGING-kopie.jpg\",\"width\":2735,\"height\":1824},{\"@type\":\"BreadcrumbList\",\"@id\":\"https:\\\/\\\/www.mzone.cz\\\/ford-se-opira-do-elektrifikace-predstavil-i-novy-model\\\/#breadcrumb\",\"itemListElement\":[{\"@type\":\"ListItem\",\"position\":1,\"name\":\"Dom\u016f\",\"item\":\"https:\\\/\\\/www.mzone.cz\\\/\"},{\"@type\":\"ListItem\",\"position\":2,\"name\":\"Ford jde ve velk\u00e9m do elektrifikace! P\u0159edstavil i nov\u00fd model\"}]},{\"@type\":\"WebSite\",\"@id\":\"https:\\\/\\\/www.mzone.cz\\\/#website\",\"url\":\"https:\\\/\\\/www.mzone.cz\\\/\",\"name\":\"Mzone\",\"description\":\"Magaz\u00edn nejen pro mu\u017ee\",\"potentialAction\":[{\"@type\":\"SearchAction\",\"target\":{\"@type\":\"EntryPoint\",\"urlTemplate\":\"https:\\\/\\\/www.mzone.cz\\\/?s={search_term_string}\"},\"query-input\":{\"@type\":\"PropertyValueSpecification\",\"valueRequired\":true,\"valueName\":\"search_term_string\"}}],\"inLanguage\":\"en-US\"},{\"@type\":\"Person\",\"@id\":\"https:\\\/\\\/www.mzone.cz\\\/#\\\/schema\\\/person\\\/9bc20cc422a99cac4af6ff9297da32d4\",\"name\":\"Mzone\",\"image\":{\"@type\":\"ImageObject\",\"inLanguage\":\"en-US\",\"@id\":\"https:\\\/\\\/secure.gravatar.com\\\/avatar\\\/e780a8630f3182a3d06dd667ab6bea151a0d155b0951bc15fe22633acdac0676?s=96&d=mm&r=g\",\"url\":\"https:\\\/\\\/secure.gravatar.com\\\/avatar\\\/e780a8630f3182a3d06dd667ab6bea151a0d155b0951bc15fe22633acdac0676?s=96&d=mm&r=g\",\"contentUrl\":\"https:\\\/\\\/secure.gravatar.com\\\/avatar\\\/e780a8630f3182a3d06dd667ab6bea151a0d155b0951bc15fe22633acdac0676?s=96&d=mm&r=g\",\"caption\":\"Mzone\"},\"url\":\"https:\\\/\\\/www.mzone.cz\\\/en\\\/author\\\/jakub\\\/\"}]}<\/script>\n<!-- \/ Yoast SEO plugin. -->","yoast_head_json":{"title":"Ford jde ve velk\u00e9m do elektrifikace! P\u0159edstavil i nov\u00fd model - Mzone","description":"Automobilka Ford p\u0159edstavila tento t\u00fdden v nizozemsk\u00e9m Amsterdamu hned n\u011bkolik novinek. Poj\u00edc\u00edm \u010dl\u00e1nkem je u nich elektrifikace!","robots":{"index":"index","follow":"follow","max-snippet":"max-snippet:-1","max-image-preview":"max-image-preview:large","max-video-preview":"max-video-preview:-1"},"canonical":"https:\/\/www.mzone.cz\/en\/ford-se-opira-do-elektrifikace-predstavil-i-novy-model\/","og_locale":"en_US","og_type":"article","og_title":"Ford jde ve velk\u00e9m do elektrifikace! P\u0159edstavil i nov\u00fd model - Mzone","og_description":"Automobilka Ford p\u0159edstavila tento t\u00fdden v nizozemsk\u00e9m Amsterdamu hned n\u011bkolik novinek. Poj\u00edc\u00edm \u010dl\u00e1nkem je u nich elektrifikace!","og_url":"https:\/\/www.mzone.cz\/en\/ford-se-opira-do-elektrifikace-predstavil-i-novy-model\/","og_site_name":"Mzone","article_publisher":"https:\/\/www.facebook.com\/MzoneCZ\/","article_published_time":"2019-04-04T16:00:52+00:00","article_modified_time":"2019-06-10T14:37:04+00:00","og_image":[{"width":2735,"height":1824,"url":"https:\/\/www.mzone.cz\/wp-content\/uploads\/2019\/04\/2019_FORD_KUGA_SIDE_CHARGING-kopie.jpg","type":"image\/jpeg"}],"author":"Mzone","twitter_card":"summary_large_image","twitter_misc":{"Written by":"Mzone","Est. reading time":"4 minutes"},"schema":{"@context":"https:\/\/schema.org","@graph":[{"@type":"Article","@id":"https:\/\/www.mzone.cz\/ford-se-opira-do-elektrifikace-predstavil-i-novy-model\/#article","isPartOf":{"@id":"https:\/\/www.mzone.cz\/ford-se-opira-do-elektrifikace-predstavil-i-novy-model\/"},"author":{"name":"Mzone","@id":"https:\/\/www.mzone.cz\/#\/schema\/person\/9bc20cc422a99cac4af6ff9297da32d4"},"headline":"Ford jde ve velk\u00e9m do elektrifikace! P\u0159edstavil i nov\u00fd model","datePublished":"2019-04-04T16:00:52+00:00","dateModified":"2019-06-10T14:37:04+00:00","mainEntityOfPage":{"@id":"https:\/\/www.mzone.cz\/ford-se-opira-do-elektrifikace-predstavil-i-novy-model\/"},"wordCount":785,"commentCount":0,"image":{"@id":"https:\/\/www.mzone.cz\/ford-se-opira-do-elektrifikace-predstavil-i-novy-model\/#primaryimage"},"thumbnailUrl":"https:\/\/www.mzone.cz\/wp-content\/uploads\/2019\/04\/2019_FORD_KUGA_SIDE_CHARGING-kopie.jpg","keywords":["auta","Auto","auto-moto","automobilka","elektrifikace","Ford","Ford Explorer","Ford Kuga","Ford Tourneo","hybrid","novinky","plug-in hybrid","p\u0159edstaven\u00ed"],"articleSection":["Auto-moto"],"inLanguage":"en-US","potentialAction":[{"@type":"CommentAction","name":"Comment","target":["https:\/\/www.mzone.cz\/ford-se-opira-do-elektrifikace-predstavil-i-novy-model\/#respond"]}]},{"@type":"WebPage","@id":"https:\/\/www.mzone.cz\/ford-se-opira-do-elektrifikace-predstavil-i-novy-model\/","url":"https:\/\/www.mzone.cz\/ford-se-opira-do-elektrifikace-predstavil-i-novy-model\/","name":"Ford jde ve velk\u00e9m do elektrifikace! P\u0159edstavil i nov\u00fd model - Mzone","isPartOf":{"@id":"https:\/\/www.mzone.cz\/#website"},"primaryImageOfPage":{"@id":"https:\/\/www.mzone.cz\/ford-se-opira-do-elektrifikace-predstavil-i-novy-model\/#primaryimage"},"image":{"@id":"https:\/\/www.mzone.cz\/ford-se-opira-do-elektrifikace-predstavil-i-novy-model\/#primaryimage"},"thumbnailUrl":"https:\/\/www.mzone.cz\/wp-content\/uploads\/2019\/04\/2019_FORD_KUGA_SIDE_CHARGING-kopie.jpg","datePublished":"2019-04-04T16:00:52+00:00","dateModified":"2019-06-10T14:37:04+00:00","author":{"@id":"https:\/\/www.mzone.cz\/#\/schema\/person\/9bc20cc422a99cac4af6ff9297da32d4"},"description":"Automobilka Ford p\u0159edstavila tento t\u00fdden v nizozemsk\u00e9m Amsterdamu hned n\u011bkolik novinek. Poj\u00edc\u00edm \u010dl\u00e1nkem je u nich elektrifikace!","breadcrumb":{"@id":"https:\/\/www.mzone.cz\/ford-se-opira-do-elektrifikace-predstavil-i-novy-model\/#breadcrumb"},"inLanguage":"en-US","potentialAction":[{"@type":"ReadAction","target":["https:\/\/www.mzone.cz\/ford-se-opira-do-elektrifikace-predstavil-i-novy-model\/"]}]},{"@type":"ImageObject","inLanguage":"en-US","@id":"https:\/\/www.mzone.cz\/ford-se-opira-do-elektrifikace-predstavil-i-novy-model\/#primaryimage","url":"https:\/\/www.mzone.cz\/wp-content\/uploads\/2019\/04\/2019_FORD_KUGA_SIDE_CHARGING-kopie.jpg","contentUrl":"https:\/\/www.mzone.cz\/wp-content\/uploads\/2019\/04\/2019_FORD_KUGA_SIDE_CHARGING-kopie.jpg","width":2735,"height":1824},{"@type":"BreadcrumbList","@id":"https:\/\/www.mzone.cz\/ford-se-opira-do-elektrifikace-predstavil-i-novy-model\/#breadcrumb","itemListElement":[{"@type":"ListItem","position":1,"name":"Dom\u016f","item":"https:\/\/www.mzone.cz\/"},{"@type":"ListItem","position":2,"name":"Ford jde ve velk\u00e9m do elektrifikace! P\u0159edstavil i nov\u00fd model"}]},{"@type":"WebSite","@id":"https:\/\/www.mzone.cz\/#website","url":"https:\/\/www.mzone.cz\/","name":"Mzone","description":"Magaz\u00edn nejen pro mu\u017ee","potentialAction":[{"@type":"SearchAction","target":{"@type":"EntryPoint","urlTemplate":"https:\/\/www.mzone.cz\/?s={search_term_string}"},"query-input":{"@type":"PropertyValueSpecification","valueRequired":true,"valueName":"search_term_string"}}],"inLanguage":"en-US"},{"@type":"Person","@id":"https:\/\/www.mzone.cz\/#\/schema\/person\/9bc20cc422a99cac4af6ff9297da32d4","name":"Mzone","image":{"@type":"ImageObject","inLanguage":"en-US","@id":"https:\/\/secure.gravatar.com\/avatar\/e780a8630f3182a3d06dd667ab6bea151a0d155b0951bc15fe22633acdac0676?s=96&d=mm&r=g","url":"https:\/\/secure.gravatar.com\/avatar\/e780a8630f3182a3d06dd667ab6bea151a0d155b0951bc15fe22633acdac0676?s=96&d=mm&r=g","contentUrl":"https:\/\/secure.gravatar.com\/avatar\/e780a8630f3182a3d06dd667ab6bea151a0d155b0951bc15fe22633acdac0676?s=96&d=mm&r=g","caption":"Mzone"},"url":"https:\/\/www.mzone.cz\/en\/author\/jakub\/"}]}},"_links":{"self":[{"href":"https:\/\/www.mzone.cz\/en\/wp-json\/wp\/v2\/posts\/7114","targetHints":{"allow":["GET"]}}],"collection":[{"href":"https:\/\/www.mzone.cz\/en\/wp-json\/wp\/v2\/posts"}],"about":[{"href":"https:\/\/www.mzone.cz\/en\/wp-json\/wp\/v2\/types\/post"}],"author":[{"embeddable":true,"href":"https:\/\/www.mzone.cz\/en\/wp-json\/wp\/v2\/users\/4"}],"replies":[{"embeddable":true,"href":"https:\/\/www.mzone.cz\/en\/wp-json\/wp\/v2\/comments?post=7114"}],"version-history":[{"count":1,"href":"https:\/\/www.mzone.cz\/en\/wp-json\/wp\/v2\/posts\/7114\/revisions"}],"predecessor-version":[{"id":9656,"href":"https:\/\/www.mzone.cz\/en\/wp-json\/wp\/v2\/posts\/7114\/revisions\/9656"}],"wp:featuredmedia":[{"embeddable":true,"href":"https:\/\/www.mzone.cz\/en\/wp-json\/wp\/v2\/media\/7115"}],"wp:attachment":[{"href":"https:\/\/www.mzone.cz\/en\/wp-json\/wp\/v2\/media?parent=7114"}],"wp:term":[{"taxonomy":"category","embeddable":true,"href":"https:\/\/www.mzone.cz\/en\/wp-json\/wp\/v2\/categories?post=7114"},{"taxonomy":"post_tag","embeddable":true,"href":"https:\/\/www.mzone.cz\/en\/wp-json\/wp\/v2\/tags?post=7114"}],"curies":[{"name":"wp","href":"https:\/\/api.w.org\/{rel}","templated":true}]}}