{"id":7182,"date":"2025-05-19T11:00:26","date_gmt":"2025-05-19T09:00:26","guid":{"rendered":"https:\/\/www.mzone.cz\/?p=7182"},"modified":"2025-05-19T11:52:14","modified_gmt":"2025-05-19T09:52:14","slug":"tragicky-osud-terezinskeho-rodinneho-tabora-nejvetsi-hromadna-vrazda-cechu-v-dejinach","status":"publish","type":"post","link":"https:\/\/www.mzone.cz\/en\/tragicky-osud-terezinskeho-rodinneho-tabora-nejvetsi-hromadna-vrazda-cechu-v-dejinach\/","title":{"rendered":"Tragick\u00fd osud Terez\u00ednsk\u00e9ho rodinn\u00e9ho t\u00e1bora: Nejv\u011bt\u0161\u00ed hromadn\u00e1 vra\u017eda \u010cech\u016f v d\u011bjin\u00e1ch"},"content":{"rendered":"<p><strong>V noci z 8. na 9. b\u0159ezna 1944 se v osv\u011btimsk\u00fdch plynov\u00fdch komor\u00e1ch odehr\u00e1la nejv\u011bt\u0161\u00ed hromadn\u00e1 poprava \u010deskoslovensk\u00fdch ob\u010dan\u016f za celou dobu \u0161esti let okupace N\u011bmeckem. Tehdy bylo zavra\u017ed\u011bno 3 792 \u017eid\u016f deportovan\u00fdch z Terez\u00edna.<\/strong><\/p><br>\n\n\n\n<p>Prvn\u00ed dva transporty do Terez\u00ednsk\u00e9ho rodinn\u00e9ho t\u00e1bora vyrazily 6. z\u00e1\u0159\u00ed 1943. Jedn\u00edm z d\u016fvod\u016f jejich vysl\u00e1n\u00ed do Osv\u011btimi byla&nbsp;snaha nacist\u016f zbavit se mlad\u00fdch \u010desk\u00fdch \u017did\u016f, kte\u0159\u00ed mohli b\u00fdt j\u00e1drem budouc\u00edho povst\u00e1n\u00ed. N\u011bmci se po dubnov\u00e9m povst\u00e1n\u00ed ve Var\u0161av\u011b a srpnov\u00e9m povst\u00e1n\u00ed v\u011bz\u0148\u016f ve vyhlazovac\u00edm t\u00e1bo\u0159e Treblinka sna\u017eili pacifikovat potencion\u00e1ln\u00ed m\u00edsta dal\u0161\u00edch nepokoj\u016f a mlad\u00ed&nbsp;\u010de\u0161t\u00ed \u017did\u00e9 znamenali mo\u017en\u00e9 nebezpe\u010d\u00ed.<\/p>\n\n\n\n<blockquote class=\"wp-block-quote is-layout-flow wp-block-quote-is-layout-flow\"><p>Tyto dva transporty s celkov\u011b 5007 osobami dorazily do Osv\u011btimi \u2013 B\u0159ezinky 8. z\u00e1\u0159\u00ed 1943. Na rozd\u00edl od d\u0159\u00edv\u011bj\u0161\u00edch transport\u016f v nich bylo jen 933 lid\u00ed nad 60 let a 256 osob do 15 let.<\/p><\/blockquote>\n\n\n\n<p>P\u0159i p\u0159\u00edjezdu se jim dostalo na osv\u011btimsk\u00e9 pom\u011bry neobvykl\u00fdch v\u00fdsad. P\u0159i p\u0159\u00edjezdu neproch\u00e1zeli obvyklou selekc\u00ed a nedo\u0161lo tak\u00e9 k rozd\u011blen\u00ed rodin do r\u016fzn\u00fdch sekc\u00ed t\u00e1bora \u2013 <strong>proto \u201erodinn\u00fd\u201c t\u00e1bor<\/strong>. K jejich privilegi\u00edm pat\u0159ilo i to, \u017ee&nbsp;nebyli podrobeni poni\u017euj\u00edc\u00edmu ritu\u00e1lu vyholen\u00ed hlavy&nbsp;a \u017ee d\u011bti sm\u011bly p\u0159es den pob\u00fdvat na d\u011btsk\u00e9m bloku.<\/p><br>\n\n\n\n<p>Tento pro vyhlazovac\u00ed t\u00e1bor zvl\u00e1\u0161tn\u00ed postup souvisel s nacistick\u00fdmi snahami zakr\u00fdt genocidu \u017did\u016f a p\u0159edev\u0161\u00edm s n\u00e1v\u0161t\u011bvou delegace Mezin\u00e1rodn\u00edho v\u00fdboru \u010cerven\u00e9ho k\u0159\u00ed\u017ee v Terez\u00edn\u011b. P\u0159esn\u00fd \u00fa\u010del rodinn\u00e9ho t\u00e1bora je v\u0161ak dodnes p\u0159edm\u011btem diskus\u00ed historik\u016f.<\/p><br>\n\n\n\n<figure class=\"wp-block-embed-youtube wp-block-embed is-type-video is-provider-youtube wp-embed-aspect-4-3 wp-has-aspect-ratio\"><div class=\"wp-block-embed__wrapper\">\n<iframe loading=\"lazy\" title=\"Terez\u00ednsk\u00fd rodinn\u00fd t\u00e1bor v Osv\u011btimi - part 1\" width=\"600\" height=\"450\" src=\"https:\/\/www.youtube.com\/embed\/PHBlgrZq4XQ?feature=oembed\" frameborder=\"0\" allow=\"accelerometer; autoplay; clipboard-write; encrypted-media; gyroscope; picture-in-picture; web-share\" referrerpolicy=\"strict-origin-when-cross-origin\" allowfullscreen><\/iframe>\n<\/div><\/figure><br>\n\n\n\n<p>Po n\u011bjak\u00e9 dob\u011b se jim v\u0161ak poda\u0159ilo odhalit, \u017ee na osobn\u00edch dokumentech v\u011bz\u0148\u016f stoj\u00ed zkratka&nbsp;\u201eSB\u201c a doba 6 m\u011bs\u00edc\u016f. \u201eSB\u201c \u2013 \u201eSonderbehandlung\u201c, \u010desky \u201ezvl\u00e1\u0161tn\u00ed zach\u00e1zen\u00ed\u201c&nbsp;\u2013 znamenalo v nacistick\u00e9m \u017eargonu kryc\u00ed ozna\u010den\u00ed pro popravu bez rozsudku, v Osv\u011btimi zpravidla smrt v plynov\u00fdch komor\u00e1ch. Na po\u010d\u00e1tku b\u0159ezna 1944 bylo lidem z t\u011bchto transport\u016f ozn\u00e1meno, \u017ee pojedou do pracovn\u00edho t\u00e1bora v Heydebrecku. Dostali tak\u00e9 p\u0159\u00edkaz napsat sv\u00fdm bl\u00edzk\u00fdm koresponden\u010dn\u00ed l\u00edstky a na n\u011b napsat datum 25. b\u0159ezna, pr\u00fd kv\u016fli zdr\u017een\u00ed p\u0159i cenzu\u0159e v Berl\u00edn\u011b.<\/p><br>\n\n\n\n<div class=\"wp-block-image\"><figure class=\"alignleft is-resized\"><img loading=\"lazy\" decoding=\"async\" src=\"http:\/\/www.mzone.cz\/wp-content\/uploads\/2018\/01\/Sturmabteilung-SA.png\" alt=\"Adolf Hitler\" class=\"wp-image-470\" width=\"114\" height=\"71\" srcset=\"https:\/\/www.mzone.cz\/wp-content\/uploads\/2018\/01\/Sturmabteilung-SA.png 1006w, https:\/\/www.mzone.cz\/wp-content\/uploads\/2018\/01\/Sturmabteilung-SA-300x190.png 300w, https:\/\/www.mzone.cz\/wp-content\/uploads\/2018\/01\/Sturmabteilung-SA-768x487.png 768w, https:\/\/www.mzone.cz\/wp-content\/uploads\/2018\/01\/Sturmabteilung-SA-590x374.png 590w\" sizes=\"auto, (max-width: 114px) 100vw, 114px\" \/><\/figure><\/div>\n\n\n\n<h4><a href=\"https:\/\/www.mzone.cz\/jednotky-sa-teror-musi-byt-zlomen-zase-jen-terorem\/\">Jednotky SA \u2013 \u201eTeror mus\u00ed b\u00fdt zlomen zase jen terorem\u201c<\/a><\/h4><br>\n\n\n\n<p>Dne 7. b\u0159ezna byl vyd\u00e1n rozkaz, aby nikdo nevych\u00e1zel do pr\u00e1ce a v\u0161ichni se vr\u00e1tili do blok\u016f. Asi v 11 hodin bylo na\u0159\u00edzeno, aby se osoby ze z\u00e1\u0159ijov\u00fdch transport\u016f p\u0159em\u00edstily na pr\u00e1zdn\u00e9 bloky. Nacist\u00e9 si uv\u011bdomovali, \u017ee&nbsp;zplynovat lidi z Rodinn\u00e9ho t\u00e1bora nebude tak jednoduch\u00e9. Nebyli to nic netu\u0161\u00edc\u00ed ob\u011bti, kter\u00e9 jim bezelstn\u011b napochoduj\u00ed do plynov\u00fdch komor.<\/p>\n\n\n\n<blockquote class=\"wp-block-quote is-layout-flow wp-block-quote-is-layout-flow\"><p>Tito lid\u00e9 toti\u017e p\u016fl roku&nbsp;\u017eili ve st\u00ednu spalovac\u00edch pec\u00ed&nbsp;a moc dob\u0159e si uv\u011bdomovali, co se v Osv\u011btimi d\u011bje a co by pro n\u011b znamenalo vstoupit do zadn\u00ed \u010d\u00e1sti v b\u0159ezov\u00e9m rem\u00edzku\u2026 Nacist\u00e9 se proto sna\u017eili sv\u016fj \u00famysl zakamuflovat.<\/p><\/blockquote>\n\n\n\n<figure class=\"wp-block-embed-youtube wp-block-embed is-type-video is-provider-youtube wp-embed-aspect-4-3 wp-has-aspect-ratio\"><div class=\"wp-block-embed__wrapper\">\n<iframe loading=\"lazy\" title=\"Terez\u00ednsk\u00fd rodinn\u00fd t\u00e1bor v Osv\u011btimi - part 2\" width=\"600\" height=\"450\" src=\"https:\/\/www.youtube.com\/embed\/l_gUwwSMVSg?feature=oembed\" frameborder=\"0\" allow=\"accelerometer; autoplay; clipboard-write; encrypted-media; gyroscope; picture-in-picture; web-share\" referrerpolicy=\"strict-origin-when-cross-origin\" allowfullscreen><\/iframe>\n<\/div><\/figure><br>\n\n\n\n<p>Dne 8. b\u0159ezna 1944 se privilegium z\u00e1\u0159ijov\u00fdch transport\u016f, \u017ee p\u0159ed p\u016fl rokem p\u0159i p\u0159\u00edchodu nepro\u0161ly selekc\u00ed, zm\u011bnilo v prav\u00fd opak.&nbsp;M\u011bli zem\u0159\u00edt bez selekce.<\/p>\n\n\n\n<blockquote class=\"wp-block-quote is-layout-flow wp-block-quote-is-layout-flow\"><p>V\u011bzni byli vyhn\u00e1ni p\u0159ed d\u016fm s t\u00edm, \u017ee odj\u00ed\u017ed\u011bj\u00ed na pr\u00e1ci. Byly jim dokonce rozd\u00e1ny bal\u00ed\u010dky s j\u00eddlem na cestu.<\/p><\/blockquote>\n\n\n\n<p>Obkl\u00ed\u010dili je SSmani se psy, aby zabr\u00e1nili p\u0159\u00edpadn\u00fdm nepokoj\u016fm a nep\u0159\u00edjemnostem. Pot\u00e9 byly p\u0159istaveny n\u00e1kladn\u00ed automobily, na kter\u00e9 byli lidi vh\u00e1n\u011bni. Automobily s \u017eiv\u00fdm n\u00e1kladem vyj\u00ed\u017ed\u011bly z t\u00e1bora, aby vzbudily dojem, \u017ee opravdu jedou pry\u010d.&nbsp;Ve skute\u010dnosti se vraceli zadem k plynov\u00fdm komor\u00e1m.<\/p><br>\n\n\n\n<div class=\"wp-block-image\"><figure class=\"alignleft is-resized\"><img loading=\"lazy\" decoding=\"async\" src=\"http:\/\/www.mzone.cz\/wp-content\/uploads\/2018\/04\/The_German_Spring_Offensive_March-july_1918_Q70017.jpg\" alt=\"\" class=\"wp-image-907\" width=\"104\" height=\"73\" srcset=\"https:\/\/www.mzone.cz\/wp-content\/uploads\/2018\/04\/The_German_Spring_Offensive_March-july_1918_Q70017.jpg 800w, https:\/\/www.mzone.cz\/wp-content\/uploads\/2018\/04\/The_German_Spring_Offensive_March-july_1918_Q70017-300x209.jpg 300w, https:\/\/www.mzone.cz\/wp-content\/uploads\/2018\/04\/The_German_Spring_Offensive_March-july_1918_Q70017-768x534.jpg 768w, https:\/\/www.mzone.cz\/wp-content\/uploads\/2018\/04\/The_German_Spring_Offensive_March-july_1918_Q70017-590x410.jpg 590w\" sizes=\"auto, (max-width: 104px) 100vw, 104px\" \/><\/figure><\/div>\n\n\n\n<h4><a href=\"https:\/\/www.mzone.cz\/tank-se-zrodil-za-1-svetove-valky-tady-jsou-prvni-z-nich\/\">Tank se zrodil za 1. sv\u011btov\u00e9 v\u00e1lky \u2013 tady jsou prvn\u00ed z nich<\/a><\/h4><br>\n\n\n\n<p>Jeden z v\u011bz\u0148\u016f Sonderkomanda, kter\u00fd&nbsp;byl sv\u011bdkem jejich smrti, popsal podrobn\u011b posledn\u00ed chv\u00edle jejich \u017eivota a sv\u00e9 sv\u011bdectv\u00ed zakopal v osv\u011btimsk\u00e9 p\u016fd\u011b, prom\u00edsen\u00e9 popelem statis\u00edc\u016f ob\u011bti: \u201eLid\u00e9 byli vyh\u00e1n\u011bni z korb n\u00e1kla\u010f\u00e1k\u016f a v\u0161ude se oz\u00fdval n\u00e1\u0159ek.\u201c<\/p><br>\n\n\n\n<figure class=\"wp-block-image\"><img loading=\"lazy\" decoding=\"async\" width=\"1024\" height=\"683\" src=\"http:\/\/www.mzone.cz\/wp-content\/uploads\/2019\/04\/Eingangstor_des_KZ_Auschwitz_Arbeit_macht_frei_2007-1024x683.jpg\" alt=\"\" class=\"wp-image-7183\" srcset=\"https:\/\/www.mzone.cz\/wp-content\/uploads\/2019\/04\/Eingangstor_des_KZ_Auschwitz_Arbeit_macht_frei_2007-1024x683.jpg 1024w, https:\/\/www.mzone.cz\/wp-content\/uploads\/2019\/04\/Eingangstor_des_KZ_Auschwitz_Arbeit_macht_frei_2007-300x200.jpg 300w, https:\/\/www.mzone.cz\/wp-content\/uploads\/2019\/04\/Eingangstor_des_KZ_Auschwitz_Arbeit_macht_frei_2007-768x512.jpg 768w, https:\/\/www.mzone.cz\/wp-content\/uploads\/2019\/04\/Eingangstor_des_KZ_Auschwitz_Arbeit_macht_frei_2007-800x533.jpg 800w, https:\/\/www.mzone.cz\/wp-content\/uploads\/2019\/04\/Eingangstor_des_KZ_Auschwitz_Arbeit_macht_frei_2007-400x267.jpg 400w, https:\/\/www.mzone.cz\/wp-content\/uploads\/2019\/04\/Eingangstor_des_KZ_Auschwitz_Arbeit_macht_frei_2007-500x333.jpg 500w, https:\/\/www.mzone.cz\/wp-content\/uploads\/2019\/04\/Eingangstor_des_KZ_Auschwitz_Arbeit_macht_frei_2007-1170x780.jpg 1170w, https:\/\/www.mzone.cz\/wp-content\/uploads\/2019\/04\/Eingangstor_des_KZ_Auschwitz_Arbeit_macht_frei_2007-590x393.jpg 590w\" sizes=\"auto, (max-width: 1024px) 100vw, 1024px\" \/><\/figure>\n\n\n\n<p>P\u0159\u00edslu\u0161n\u00edci SS pou\u017e\u00edvali hrub\u00e9ho n\u00e1sil\u00ed, aby cel\u00fd proces urychlili. V\u0161ichni pak byli vehn\u00e1ni do podzemn\u00ed \u0161atny p\u0159ed plynovou komorou a bylo jim na\u0159\u00edzeno, a\u0165 se svl\u00e9knou.<\/p>\n\n\n\n<blockquote class=\"wp-block-quote is-layout-flow wp-block-quote-is-layout-flow\"><p>N\u00e1\u0159ek se stup\u0148oval. Bylo z\u0159ejm\u00e9, \u017ee si v\u011bzni uv\u011bdomuj\u00ed, co je \u010dek\u00e1. Nem\u011blo smysl nic p\u0159edst\u00edrat a eses\u00e1ci se podle toho chovali.<\/p><\/blockquote>\n\n\n\n<p>Kdy\u017e se otev\u0159ely dve\u0159e plynov\u00e9 komory, zd\u011b\u0161en\u00ed lid\u00e9 tam odm\u00edtali vstoupit a vznikl chaos. Dozorci je tam museli vehnat n\u00e1sil\u00edm a dokonce padlo i n\u011bkolik v\u00fdst\u0159el\u016f. Pot\u00e9, co dve\u0159e zapadly, bylo hrobov\u00e9 ticho.&nbsp;Najednou bylo sly\u0161et, jak odsouzenci zp\u00edvaj\u00ed \u010deskou hymnu \u201eKde domov m\u016fj\u201c, pot\u00e9 je\u0161t\u011b zazp\u00edvali hatikvu (\u017eidovskou hymnu) a internacion\u00e1lu. Bylo to jejich posledn\u00ed gesto odporu. Hlasy postupn\u011b sl\u00e1bly, a\u017e utichly \u00fapln\u011b. Proces zplynov\u00e1n\u00ed byl dokon\u00e1n.<\/p><br>\n\n\n\n<p>Stejn\u00fd osud \u010dekal i v\u0161echny ostatn\u00ed terez\u00ednsk\u00e9 transporty. Kone\u010dn\u00e1 likvidace Terez\u00ednsk\u00e9ho rodinn\u00e9ho t\u00e1bora prob\u011bhla v \u010dervenci roku 1944.<\/p><br>\n\n\n\n<p>Likvidace rodinn\u00e9ho t\u00e1bora v noci ze 7. na 8. b\u0159ezna a 10. \u2013 12. \u010dervence 1944 p\u0159edstavuje nejv\u011bt\u0161\u00ed hromadn\u00e9 vra\u017edy \u010deskoslovensk\u00fdch ob\u010dan\u016f v dob\u011b Druh\u00e9 sv\u011btov\u00e9 v\u00e1lky.<\/p>","protected":false},"excerpt":{"rendered":"<p>V noci z 8. na 9. b\u0159ezna 1944 se v osv\u011btimsk\u00fdch plynov\u00fdch komor\u00e1ch odehr\u00e1la nejv\u011bt\u0161\u00ed hromadn\u00e1 poprava \u010deskoslovensk\u00fdch ob\u010dan\u016f za celou dobu \u0161esti let okupace N\u011bmeckem. Tehdy bylo zavra\u017ed\u011bno 3 792 \u017eid\u016f deportovan\u00fdch z Terez\u00edna. Prvn\u00ed dva transporty do Terez\u00ednsk\u00e9ho rodinn\u00e9ho t\u00e1bora vyrazily 6. z\u00e1\u0159\u00ed 1943. Jedn\u00edm z d\u016fvod\u016f jejich vysl\u00e1n\u00ed do Osv\u011btimi byla&nbsp;snaha nacist\u016f [&hellip;]<\/p>\n","protected":false},"author":4,"featured_media":7196,"comment_status":"open","ping_status":"closed","sticky":false,"template":"","format":"standard","meta":{"kk_blocks_editor_width":"","_kiokenblocks_attr":"","_kiokenblocks_dimensions":"","footnotes":""},"categories":[387],"tags":[1154,87,1558,1884,1556,1555,307,1882,1883,1881],"class_list":["post-7182","post","type-post","status-publish","format-standard","has-post-thumbnail","hentry","category-historie","tag-druha-svetova-valka","tag-historie","tag-holokaust","tag-koncentracni-tabor","tag-nacismus","tag-osvetim","tag-smrt","tag-terezin","tag-vrazda","tag-zide"],"yoast_head":"<!-- This site is optimized with the Yoast SEO plugin v27.5 - https:\/\/yoast.com\/product\/yoast-seo-wordpress\/ -->\n<title>Tragick\u00fd osud Terez\u00ednsk\u00e9ho rodinn\u00e9ho t\u00e1bora: Nejv\u011bt\u0161\u00ed hromadn\u00e1 vra\u017eda \u010cech\u016f v d\u011bjin\u00e1ch - Mzone<\/title>\n<meta name=\"description\" content=\"V noci z 8. na 9. b\u0159ezna 1944 se v osv\u011btimsk\u00fdch plynov\u00fdch komor\u00e1ch odehr\u00e1la nejv\u011bt\u0161\u00ed hromadn\u00e1 poprava \u010deskoslovensk\u00fdch ob\u010dan\u016f za celou dobu \u0161esti let okupace N\u011bmeckem. Tehdy bylo zavra\u017ed\u011bno 3 792 \u017eid\u016f deportovan\u00fdch z Terez\u00edna.\" \/>\n<meta name=\"robots\" content=\"index, follow, max-snippet:-1, max-image-preview:large, max-video-preview:-1\" \/>\n<link rel=\"canonical\" href=\"https:\/\/www.mzone.cz\/en\/tragicky-osud-terezinskeho-rodinneho-tabora-nejvetsi-hromadna-vrazda-cechu-v-dejinach\/\" \/>\n<meta property=\"og:locale\" content=\"en_US\" \/>\n<meta property=\"og:type\" content=\"article\" \/>\n<meta property=\"og:title\" content=\"Tragick\u00fd osud Terez\u00ednsk\u00e9ho rodinn\u00e9ho t\u00e1bora: Nejv\u011bt\u0161\u00ed hromadn\u00e1 vra\u017eda \u010cech\u016f v d\u011bjin\u00e1ch - Mzone\" \/>\n<meta property=\"og:description\" content=\"V noci z 8. na 9. b\u0159ezna 1944 se v osv\u011btimsk\u00fdch plynov\u00fdch komor\u00e1ch odehr\u00e1la nejv\u011bt\u0161\u00ed hromadn\u00e1 poprava \u010deskoslovensk\u00fdch ob\u010dan\u016f za celou dobu \u0161esti let okupace N\u011bmeckem. Tehdy bylo zavra\u017ed\u011bno 3 792 \u017eid\u016f deportovan\u00fdch z Terez\u00edna.\" \/>\n<meta property=\"og:url\" content=\"https:\/\/www.mzone.cz\/en\/tragicky-osud-terezinskeho-rodinneho-tabora-nejvetsi-hromadna-vrazda-cechu-v-dejinach\/\" \/>\n<meta property=\"og:site_name\" content=\"Mzone\" \/>\n<meta property=\"article:publisher\" content=\"https:\/\/www.facebook.com\/MzoneCZ\/\" \/>\n<meta property=\"article:published_time\" content=\"2025-05-19T09:00:26+00:00\" \/>\n<meta property=\"article:modified_time\" content=\"2025-05-19T09:52:14+00:00\" \/>\n<meta property=\"og:image\" content=\"https:\/\/www.mzone.cz\/wp-content\/uploads\/2019\/06\/auschwitz-tl.jpg\" \/>\n\t<meta property=\"og:image:width\" content=\"1200\" \/>\n\t<meta property=\"og:image:height\" content=\"800\" \/>\n\t<meta property=\"og:image:type\" content=\"image\/jpeg\" \/>\n<meta name=\"author\" content=\"Mzone\" \/>\n<meta name=\"twitter:card\" content=\"summary_large_image\" \/>\n<meta name=\"twitter:label1\" content=\"Written by\" \/>\n\t<meta name=\"twitter:data1\" content=\"Mzone\" \/>\n\t<meta name=\"twitter:label2\" content=\"Est. reading time\" \/>\n\t<meta name=\"twitter:data2\" content=\"5 minutes\" \/>\n<script type=\"application\/ld+json\" class=\"yoast-schema-graph\">{\"@context\":\"https:\\\/\\\/schema.org\",\"@graph\":[{\"@type\":\"Article\",\"@id\":\"https:\\\/\\\/www.mzone.cz\\\/tragicky-osud-terezinskeho-rodinneho-tabora-nejvetsi-hromadna-vrazda-cechu-v-dejinach\\\/#article\",\"isPartOf\":{\"@id\":\"https:\\\/\\\/www.mzone.cz\\\/tragicky-osud-terezinskeho-rodinneho-tabora-nejvetsi-hromadna-vrazda-cechu-v-dejinach\\\/\"},\"author\":{\"name\":\"Mzone\",\"@id\":\"https:\\\/\\\/www.mzone.cz\\\/#\\\/schema\\\/person\\\/9bc20cc422a99cac4af6ff9297da32d4\"},\"headline\":\"Tragick\u00fd osud Terez\u00ednsk\u00e9ho rodinn\u00e9ho t\u00e1bora: Nejv\u011bt\u0161\u00ed hromadn\u00e1 vra\u017eda \u010cech\u016f v d\u011bjin\u00e1ch\",\"datePublished\":\"2025-05-19T09:00:26+00:00\",\"dateModified\":\"2025-05-19T09:52:14+00:00\",\"mainEntityOfPage\":{\"@id\":\"https:\\\/\\\/www.mzone.cz\\\/tragicky-osud-terezinskeho-rodinneho-tabora-nejvetsi-hromadna-vrazda-cechu-v-dejinach\\\/\"},\"wordCount\":987,\"commentCount\":0,\"image\":{\"@id\":\"https:\\\/\\\/www.mzone.cz\\\/tragicky-osud-terezinskeho-rodinneho-tabora-nejvetsi-hromadna-vrazda-cechu-v-dejinach\\\/#primaryimage\"},\"thumbnailUrl\":\"https:\\\/\\\/www.mzone.cz\\\/wp-content\\\/uploads\\\/2019\\\/06\\\/auschwitz-tl.jpg\",\"keywords\":[\"Druh\u00e1 sv\u011btov\u00e1 v\u00e1lka\",\"Historie\",\"holokaust\",\"koncentra\u010dn\u00ed t\u00e1bor\",\"nacismus\",\"Osv\u011btim\",\"smrt\",\"Terez\u00edn\",\"vra\u017eda\",\"\u017did\u00e9\"],\"articleSection\":[\"Historie\"],\"inLanguage\":\"en-US\",\"potentialAction\":[{\"@type\":\"CommentAction\",\"name\":\"Comment\",\"target\":[\"https:\\\/\\\/www.mzone.cz\\\/tragicky-osud-terezinskeho-rodinneho-tabora-nejvetsi-hromadna-vrazda-cechu-v-dejinach\\\/#respond\"]}]},{\"@type\":\"WebPage\",\"@id\":\"https:\\\/\\\/www.mzone.cz\\\/tragicky-osud-terezinskeho-rodinneho-tabora-nejvetsi-hromadna-vrazda-cechu-v-dejinach\\\/\",\"url\":\"https:\\\/\\\/www.mzone.cz\\\/tragicky-osud-terezinskeho-rodinneho-tabora-nejvetsi-hromadna-vrazda-cechu-v-dejinach\\\/\",\"name\":\"Tragick\u00fd osud Terez\u00ednsk\u00e9ho rodinn\u00e9ho t\u00e1bora: Nejv\u011bt\u0161\u00ed hromadn\u00e1 vra\u017eda \u010cech\u016f v d\u011bjin\u00e1ch - Mzone\",\"isPartOf\":{\"@id\":\"https:\\\/\\\/www.mzone.cz\\\/#website\"},\"primaryImageOfPage\":{\"@id\":\"https:\\\/\\\/www.mzone.cz\\\/tragicky-osud-terezinskeho-rodinneho-tabora-nejvetsi-hromadna-vrazda-cechu-v-dejinach\\\/#primaryimage\"},\"image\":{\"@id\":\"https:\\\/\\\/www.mzone.cz\\\/tragicky-osud-terezinskeho-rodinneho-tabora-nejvetsi-hromadna-vrazda-cechu-v-dejinach\\\/#primaryimage\"},\"thumbnailUrl\":\"https:\\\/\\\/www.mzone.cz\\\/wp-content\\\/uploads\\\/2019\\\/06\\\/auschwitz-tl.jpg\",\"datePublished\":\"2025-05-19T09:00:26+00:00\",\"dateModified\":\"2025-05-19T09:52:14+00:00\",\"author\":{\"@id\":\"https:\\\/\\\/www.mzone.cz\\\/#\\\/schema\\\/person\\\/9bc20cc422a99cac4af6ff9297da32d4\"},\"description\":\"V noci z 8. na 9. b\u0159ezna 1944 se v osv\u011btimsk\u00fdch plynov\u00fdch komor\u00e1ch odehr\u00e1la nejv\u011bt\u0161\u00ed hromadn\u00e1 poprava \u010deskoslovensk\u00fdch ob\u010dan\u016f za celou dobu \u0161esti let okupace N\u011bmeckem. Tehdy bylo zavra\u017ed\u011bno 3 792 \u017eid\u016f deportovan\u00fdch z Terez\u00edna.\",\"breadcrumb\":{\"@id\":\"https:\\\/\\\/www.mzone.cz\\\/tragicky-osud-terezinskeho-rodinneho-tabora-nejvetsi-hromadna-vrazda-cechu-v-dejinach\\\/#breadcrumb\"},\"inLanguage\":\"en-US\",\"potentialAction\":[{\"@type\":\"ReadAction\",\"target\":[\"https:\\\/\\\/www.mzone.cz\\\/tragicky-osud-terezinskeho-rodinneho-tabora-nejvetsi-hromadna-vrazda-cechu-v-dejinach\\\/\"]}]},{\"@type\":\"ImageObject\",\"inLanguage\":\"en-US\",\"@id\":\"https:\\\/\\\/www.mzone.cz\\\/tragicky-osud-terezinskeho-rodinneho-tabora-nejvetsi-hromadna-vrazda-cechu-v-dejinach\\\/#primaryimage\",\"url\":\"https:\\\/\\\/www.mzone.cz\\\/wp-content\\\/uploads\\\/2019\\\/06\\\/auschwitz-tl.jpg\",\"contentUrl\":\"https:\\\/\\\/www.mzone.cz\\\/wp-content\\\/uploads\\\/2019\\\/06\\\/auschwitz-tl.jpg\",\"width\":1200,\"height\":800},{\"@type\":\"BreadcrumbList\",\"@id\":\"https:\\\/\\\/www.mzone.cz\\\/tragicky-osud-terezinskeho-rodinneho-tabora-nejvetsi-hromadna-vrazda-cechu-v-dejinach\\\/#breadcrumb\",\"itemListElement\":[{\"@type\":\"ListItem\",\"position\":1,\"name\":\"Dom\u016f\",\"item\":\"https:\\\/\\\/www.mzone.cz\\\/\"},{\"@type\":\"ListItem\",\"position\":2,\"name\":\"Tragick\u00fd osud Terez\u00ednsk\u00e9ho rodinn\u00e9ho t\u00e1bora: Nejv\u011bt\u0161\u00ed hromadn\u00e1 vra\u017eda \u010cech\u016f v d\u011bjin\u00e1ch\"}]},{\"@type\":\"WebSite\",\"@id\":\"https:\\\/\\\/www.mzone.cz\\\/#website\",\"url\":\"https:\\\/\\\/www.mzone.cz\\\/\",\"name\":\"Mzone\",\"description\":\"Magaz\u00edn nejen pro mu\u017ee\",\"potentialAction\":[{\"@type\":\"SearchAction\",\"target\":{\"@type\":\"EntryPoint\",\"urlTemplate\":\"https:\\\/\\\/www.mzone.cz\\\/?s={search_term_string}\"},\"query-input\":{\"@type\":\"PropertyValueSpecification\",\"valueRequired\":true,\"valueName\":\"search_term_string\"}}],\"inLanguage\":\"en-US\"},{\"@type\":\"Person\",\"@id\":\"https:\\\/\\\/www.mzone.cz\\\/#\\\/schema\\\/person\\\/9bc20cc422a99cac4af6ff9297da32d4\",\"name\":\"Mzone\",\"image\":{\"@type\":\"ImageObject\",\"inLanguage\":\"en-US\",\"@id\":\"https:\\\/\\\/secure.gravatar.com\\\/avatar\\\/e780a8630f3182a3d06dd667ab6bea151a0d155b0951bc15fe22633acdac0676?s=96&d=mm&r=g\",\"url\":\"https:\\\/\\\/secure.gravatar.com\\\/avatar\\\/e780a8630f3182a3d06dd667ab6bea151a0d155b0951bc15fe22633acdac0676?s=96&d=mm&r=g\",\"contentUrl\":\"https:\\\/\\\/secure.gravatar.com\\\/avatar\\\/e780a8630f3182a3d06dd667ab6bea151a0d155b0951bc15fe22633acdac0676?s=96&d=mm&r=g\",\"caption\":\"Mzone\"},\"url\":\"https:\\\/\\\/www.mzone.cz\\\/en\\\/author\\\/jakub\\\/\"}]}<\/script>\n<!-- \/ Yoast SEO plugin. -->","yoast_head_json":{"title":"Tragick\u00fd osud Terez\u00ednsk\u00e9ho rodinn\u00e9ho t\u00e1bora: Nejv\u011bt\u0161\u00ed hromadn\u00e1 vra\u017eda \u010cech\u016f v d\u011bjin\u00e1ch - Mzone","description":"V noci z 8. na 9. b\u0159ezna 1944 se v osv\u011btimsk\u00fdch plynov\u00fdch komor\u00e1ch odehr\u00e1la nejv\u011bt\u0161\u00ed hromadn\u00e1 poprava \u010deskoslovensk\u00fdch ob\u010dan\u016f za celou dobu \u0161esti let okupace N\u011bmeckem. Tehdy bylo zavra\u017ed\u011bno 3 792 \u017eid\u016f deportovan\u00fdch z Terez\u00edna.","robots":{"index":"index","follow":"follow","max-snippet":"max-snippet:-1","max-image-preview":"max-image-preview:large","max-video-preview":"max-video-preview:-1"},"canonical":"https:\/\/www.mzone.cz\/en\/tragicky-osud-terezinskeho-rodinneho-tabora-nejvetsi-hromadna-vrazda-cechu-v-dejinach\/","og_locale":"en_US","og_type":"article","og_title":"Tragick\u00fd osud Terez\u00ednsk\u00e9ho rodinn\u00e9ho t\u00e1bora: Nejv\u011bt\u0161\u00ed hromadn\u00e1 vra\u017eda \u010cech\u016f v d\u011bjin\u00e1ch - Mzone","og_description":"V noci z 8. na 9. b\u0159ezna 1944 se v osv\u011btimsk\u00fdch plynov\u00fdch komor\u00e1ch odehr\u00e1la nejv\u011bt\u0161\u00ed hromadn\u00e1 poprava \u010deskoslovensk\u00fdch ob\u010dan\u016f za celou dobu \u0161esti let okupace N\u011bmeckem. Tehdy bylo zavra\u017ed\u011bno 3 792 \u017eid\u016f deportovan\u00fdch z Terez\u00edna.","og_url":"https:\/\/www.mzone.cz\/en\/tragicky-osud-terezinskeho-rodinneho-tabora-nejvetsi-hromadna-vrazda-cechu-v-dejinach\/","og_site_name":"Mzone","article_publisher":"https:\/\/www.facebook.com\/MzoneCZ\/","article_published_time":"2025-05-19T09:00:26+00:00","article_modified_time":"2025-05-19T09:52:14+00:00","og_image":[{"width":1200,"height":800,"url":"https:\/\/www.mzone.cz\/wp-content\/uploads\/2019\/06\/auschwitz-tl.jpg","type":"image\/jpeg"}],"author":"Mzone","twitter_card":"summary_large_image","twitter_misc":{"Written by":"Mzone","Est. reading time":"5 minutes"},"schema":{"@context":"https:\/\/schema.org","@graph":[{"@type":"Article","@id":"https:\/\/www.mzone.cz\/tragicky-osud-terezinskeho-rodinneho-tabora-nejvetsi-hromadna-vrazda-cechu-v-dejinach\/#article","isPartOf":{"@id":"https:\/\/www.mzone.cz\/tragicky-osud-terezinskeho-rodinneho-tabora-nejvetsi-hromadna-vrazda-cechu-v-dejinach\/"},"author":{"name":"Mzone","@id":"https:\/\/www.mzone.cz\/#\/schema\/person\/9bc20cc422a99cac4af6ff9297da32d4"},"headline":"Tragick\u00fd osud Terez\u00ednsk\u00e9ho rodinn\u00e9ho t\u00e1bora: Nejv\u011bt\u0161\u00ed hromadn\u00e1 vra\u017eda \u010cech\u016f v d\u011bjin\u00e1ch","datePublished":"2025-05-19T09:00:26+00:00","dateModified":"2025-05-19T09:52:14+00:00","mainEntityOfPage":{"@id":"https:\/\/www.mzone.cz\/tragicky-osud-terezinskeho-rodinneho-tabora-nejvetsi-hromadna-vrazda-cechu-v-dejinach\/"},"wordCount":987,"commentCount":0,"image":{"@id":"https:\/\/www.mzone.cz\/tragicky-osud-terezinskeho-rodinneho-tabora-nejvetsi-hromadna-vrazda-cechu-v-dejinach\/#primaryimage"},"thumbnailUrl":"https:\/\/www.mzone.cz\/wp-content\/uploads\/2019\/06\/auschwitz-tl.jpg","keywords":["Druh\u00e1 sv\u011btov\u00e1 v\u00e1lka","Historie","holokaust","koncentra\u010dn\u00ed t\u00e1bor","nacismus","Osv\u011btim","smrt","Terez\u00edn","vra\u017eda","\u017did\u00e9"],"articleSection":["Historie"],"inLanguage":"en-US","potentialAction":[{"@type":"CommentAction","name":"Comment","target":["https:\/\/www.mzone.cz\/tragicky-osud-terezinskeho-rodinneho-tabora-nejvetsi-hromadna-vrazda-cechu-v-dejinach\/#respond"]}]},{"@type":"WebPage","@id":"https:\/\/www.mzone.cz\/tragicky-osud-terezinskeho-rodinneho-tabora-nejvetsi-hromadna-vrazda-cechu-v-dejinach\/","url":"https:\/\/www.mzone.cz\/tragicky-osud-terezinskeho-rodinneho-tabora-nejvetsi-hromadna-vrazda-cechu-v-dejinach\/","name":"Tragick\u00fd osud Terez\u00ednsk\u00e9ho rodinn\u00e9ho t\u00e1bora: Nejv\u011bt\u0161\u00ed hromadn\u00e1 vra\u017eda \u010cech\u016f v d\u011bjin\u00e1ch - Mzone","isPartOf":{"@id":"https:\/\/www.mzone.cz\/#website"},"primaryImageOfPage":{"@id":"https:\/\/www.mzone.cz\/tragicky-osud-terezinskeho-rodinneho-tabora-nejvetsi-hromadna-vrazda-cechu-v-dejinach\/#primaryimage"},"image":{"@id":"https:\/\/www.mzone.cz\/tragicky-osud-terezinskeho-rodinneho-tabora-nejvetsi-hromadna-vrazda-cechu-v-dejinach\/#primaryimage"},"thumbnailUrl":"https:\/\/www.mzone.cz\/wp-content\/uploads\/2019\/06\/auschwitz-tl.jpg","datePublished":"2025-05-19T09:00:26+00:00","dateModified":"2025-05-19T09:52:14+00:00","author":{"@id":"https:\/\/www.mzone.cz\/#\/schema\/person\/9bc20cc422a99cac4af6ff9297da32d4"},"description":"V noci z 8. na 9. b\u0159ezna 1944 se v osv\u011btimsk\u00fdch plynov\u00fdch komor\u00e1ch odehr\u00e1la nejv\u011bt\u0161\u00ed hromadn\u00e1 poprava \u010deskoslovensk\u00fdch ob\u010dan\u016f za celou dobu \u0161esti let okupace N\u011bmeckem. Tehdy bylo zavra\u017ed\u011bno 3 792 \u017eid\u016f deportovan\u00fdch z Terez\u00edna.","breadcrumb":{"@id":"https:\/\/www.mzone.cz\/tragicky-osud-terezinskeho-rodinneho-tabora-nejvetsi-hromadna-vrazda-cechu-v-dejinach\/#breadcrumb"},"inLanguage":"en-US","potentialAction":[{"@type":"ReadAction","target":["https:\/\/www.mzone.cz\/tragicky-osud-terezinskeho-rodinneho-tabora-nejvetsi-hromadna-vrazda-cechu-v-dejinach\/"]}]},{"@type":"ImageObject","inLanguage":"en-US","@id":"https:\/\/www.mzone.cz\/tragicky-osud-terezinskeho-rodinneho-tabora-nejvetsi-hromadna-vrazda-cechu-v-dejinach\/#primaryimage","url":"https:\/\/www.mzone.cz\/wp-content\/uploads\/2019\/06\/auschwitz-tl.jpg","contentUrl":"https:\/\/www.mzone.cz\/wp-content\/uploads\/2019\/06\/auschwitz-tl.jpg","width":1200,"height":800},{"@type":"BreadcrumbList","@id":"https:\/\/www.mzone.cz\/tragicky-osud-terezinskeho-rodinneho-tabora-nejvetsi-hromadna-vrazda-cechu-v-dejinach\/#breadcrumb","itemListElement":[{"@type":"ListItem","position":1,"name":"Dom\u016f","item":"https:\/\/www.mzone.cz\/"},{"@type":"ListItem","position":2,"name":"Tragick\u00fd osud Terez\u00ednsk\u00e9ho rodinn\u00e9ho t\u00e1bora: Nejv\u011bt\u0161\u00ed hromadn\u00e1 vra\u017eda \u010cech\u016f v d\u011bjin\u00e1ch"}]},{"@type":"WebSite","@id":"https:\/\/www.mzone.cz\/#website","url":"https:\/\/www.mzone.cz\/","name":"Mzone","description":"Magaz\u00edn nejen pro mu\u017ee","potentialAction":[{"@type":"SearchAction","target":{"@type":"EntryPoint","urlTemplate":"https:\/\/www.mzone.cz\/?s={search_term_string}"},"query-input":{"@type":"PropertyValueSpecification","valueRequired":true,"valueName":"search_term_string"}}],"inLanguage":"en-US"},{"@type":"Person","@id":"https:\/\/www.mzone.cz\/#\/schema\/person\/9bc20cc422a99cac4af6ff9297da32d4","name":"Mzone","image":{"@type":"ImageObject","inLanguage":"en-US","@id":"https:\/\/secure.gravatar.com\/avatar\/e780a8630f3182a3d06dd667ab6bea151a0d155b0951bc15fe22633acdac0676?s=96&d=mm&r=g","url":"https:\/\/secure.gravatar.com\/avatar\/e780a8630f3182a3d06dd667ab6bea151a0d155b0951bc15fe22633acdac0676?s=96&d=mm&r=g","contentUrl":"https:\/\/secure.gravatar.com\/avatar\/e780a8630f3182a3d06dd667ab6bea151a0d155b0951bc15fe22633acdac0676?s=96&d=mm&r=g","caption":"Mzone"},"url":"https:\/\/www.mzone.cz\/en\/author\/jakub\/"}]}},"_links":{"self":[{"href":"https:\/\/www.mzone.cz\/en\/wp-json\/wp\/v2\/posts\/7182","targetHints":{"allow":["GET"]}}],"collection":[{"href":"https:\/\/www.mzone.cz\/en\/wp-json\/wp\/v2\/posts"}],"about":[{"href":"https:\/\/www.mzone.cz\/en\/wp-json\/wp\/v2\/types\/post"}],"author":[{"embeddable":true,"href":"https:\/\/www.mzone.cz\/en\/wp-json\/wp\/v2\/users\/4"}],"replies":[{"embeddable":true,"href":"https:\/\/www.mzone.cz\/en\/wp-json\/wp\/v2\/comments?post=7182"}],"version-history":[{"count":1,"href":"https:\/\/www.mzone.cz\/en\/wp-json\/wp\/v2\/posts\/7182\/revisions"}],"predecessor-version":[{"id":9149,"href":"https:\/\/www.mzone.cz\/en\/wp-json\/wp\/v2\/posts\/7182\/revisions\/9149"}],"wp:featuredmedia":[{"embeddable":true,"href":"https:\/\/www.mzone.cz\/en\/wp-json\/wp\/v2\/media\/7196"}],"wp:attachment":[{"href":"https:\/\/www.mzone.cz\/en\/wp-json\/wp\/v2\/media?parent=7182"}],"wp:term":[{"taxonomy":"category","embeddable":true,"href":"https:\/\/www.mzone.cz\/en\/wp-json\/wp\/v2\/categories?post=7182"},{"taxonomy":"post_tag","embeddable":true,"href":"https:\/\/www.mzone.cz\/en\/wp-json\/wp\/v2\/tags?post=7182"}],"curies":[{"name":"wp","href":"https:\/\/api.w.org\/{rel}","templated":true}]}}