{"id":7370,"date":"2019-04-19T06:00:02","date_gmt":"2019-04-19T04:00:02","guid":{"rendered":"https:\/\/www.mzone.cz\/?p=7370"},"modified":"2019-05-28T22:29:34","modified_gmt":"2019-05-28T20:29:34","slug":"italska-nadhera-elektricka-vespa-je-elegantnim-spojenim-klasickeho-i-moderniho","status":"publish","type":"post","link":"https:\/\/www.mzone.cz\/en\/italska-nadhera-elektricka-vespa-je-elegantnim-spojenim-klasickeho-i-moderniho\/","title":{"rendered":"Italsk\u00e1 n\u00e1dhera! Elektrick\u00e1 Vespa je elegantn\u00edm spojen\u00edm klasick\u00e9ho i modern\u00edho"},"content":{"rendered":"<p><strong>Milovan\u00fd sk\u00fatr Vespa pat\u0159\u00ed k italsk\u00e9mu koloritu stejn\u011b jako pizza nebo zmrzlina. \u201eVosa\u201c se za\u010dala vyr\u00e1b\u011bt u\u017e v roce 1946. Nyn\u00ed zna\u010dka p\u0159i\u0161la s novou podobou legend\u00e1rn\u00edho voz\u00edtka.<\/strong><\/p><br>\n\n\n\n<p>Italsk\u00fd pr\u016fmyslov\u00fd design\u00e9r Giulio Iacchetti vytvo\u0159il koncept Vespy, kter\u00fd nazval Vespamp\u00e8re. Model navazuje na legend\u00e1rn\u00ed sk\u00fatr Vespa 98, ale tentokr\u00e1t jej m\u00e1 poh\u00e1n\u011bt ekologicky \u0161etrn\u011bj\u0161\u00ed a ti\u0161\u0161\u00ed elektrick\u00fd motor. U\u017e samotn\u00e9 konzolov\u00e9 sedadlo odkazuje na d\u0159\u00edv\u011bj\u0161\u00ed n\u00e1vrhy Vespy. Nostalgie v\u0161ak nep\u0159ev\u00e1lcov\u00e1v\u00e1 d\u016fle\u017eitost nov\u00fdch technologi\u00ed.<\/p>\n\n\n\n<blockquote class=\"wp-block-quote is-layout-flow wp-block-quote-is-layout-flow\"><p>Vestav\u011bn\u00fd dr\u017e\u00e1k smartphonu dob\u00edj\u00ed v\u00e1\u0161 telefon a z\u00e1rove\u0148 ho chr\u00e1n\u00ed p\u0159ed de\u0161t\u011bm. Tachometr, palivom\u011br a sv\u011btla lze ovl\u00e1dat prost\u0159ednictv\u00edm aplikace.<\/p><\/blockquote>\n\n\n\n<p>Nane\u0161t\u011bst\u00ed se ale jedn\u00e1 jen o n\u00e1vrh, kter\u00fd firma Piaggio zat\u00edm nepl\u00e1nuje uv\u00e9st na trh. Kdo m\u00e1 z\u00e1jem o elektrickou Vespu, mus\u00ed se spokojit s o n\u011bco m\u00e9n\u011b elegantn\u00edm modelem Vespa Elettrica s v\u00fdkonem 4 kW. Sk\u00fatr rovn\u011b\u017e um\u00ed spolupracovat se smartphonem a p\u00e1\u010dkami na \u0159\u00edd\u00edtk\u00e1ch p\u0159ij\u00edmat hovory.<\/p><br>\n\n\n\n<figure class=\"wp-block-image\"><img loading=\"lazy\" decoding=\"async\" width=\"750\" height=\"562\" src=\"https:\/\/www.mzone.cz\/wp-content\/uploads\/2019\/04\/giulio-iacchetti-vespa-reimagined-12.jpg\" alt=\"\" class=\"wp-image-7375\" srcset=\"https:\/\/www.mzone.cz\/wp-content\/uploads\/2019\/04\/giulio-iacchetti-vespa-reimagined-12.jpg 750w, https:\/\/www.mzone.cz\/wp-content\/uploads\/2019\/04\/giulio-iacchetti-vespa-reimagined-12-300x225.jpg 300w, https:\/\/www.mzone.cz\/wp-content\/uploads\/2019\/04\/giulio-iacchetti-vespa-reimagined-12-590x442.jpg 590w\" sizes=\"auto, (max-width: 750px) 100vw, 750px\" \/><\/figure><br>\n\n\n\n<p>Pro dobit\u00ed baterie je t\u0159eba zapojit kabel um\u00edst\u011bn\u00fd v p\u0159ihr\u00e1dce pod sedlem do norm\u00e1ln\u00ed elektrick\u00e9 z\u00e1suvky nebo do jednoho z nab\u00edjec\u00edch m\u00edst. Cena tohoto sk\u00fatru se pohybuje okolo 175 tis\u00edc korun.<\/p>\n\n\n\n<ul class=\"wp-block-gallery columns-3 is-cropped wp-block-gallery-1 is-layout-flex wp-block-gallery-is-layout-flex\"><li class=\"blocks-gallery-item\"><figure><a href=\"https:\/\/www.mzone.cz\/wp-content\/uploads\/2019\/04\/giulio-iacchetti-vespa-reimagined-1-1.jpg\"><img loading=\"lazy\" decoding=\"async\" width=\"750\" height=\"562\" src=\"https:\/\/www.mzone.cz\/wp-content\/uploads\/2019\/04\/giulio-iacchetti-vespa-reimagined-1-1.jpg\" alt=\"\" data-id=\"7581\" data-link=\"https:\/\/www.mzone.cz\/italska-nadhera-elektricka-vespa-je-elegantnim-spojenim-klasickeho-i-moderniho\/giulio-iacchetti-vespa-reimagined-1-1\/\" class=\"wp-image-7581\" srcset=\"https:\/\/www.mzone.cz\/wp-content\/uploads\/2019\/04\/giulio-iacchetti-vespa-reimagined-1-1.jpg 750w, https:\/\/www.mzone.cz\/wp-content\/uploads\/2019\/04\/giulio-iacchetti-vespa-reimagined-1-1-300x225.jpg 300w, https:\/\/www.mzone.cz\/wp-content\/uploads\/2019\/04\/giulio-iacchetti-vespa-reimagined-1-1-590x442.jpg 590w\" sizes=\"auto, (max-width: 750px) 100vw, 750px\" \/><\/a><\/figure><\/li><li class=\"blocks-gallery-item\"><figure><a href=\"https:\/\/www.mzone.cz\/wp-content\/uploads\/2019\/04\/giulio-iacchetti-vespa-reimagined-2.jpg\"><img loading=\"lazy\" decoding=\"async\" width=\"750\" height=\"562\" src=\"https:\/\/www.mzone.cz\/wp-content\/uploads\/2019\/04\/giulio-iacchetti-vespa-reimagined-2.jpg\" alt=\"\" data-id=\"7582\" data-link=\"https:\/\/www.mzone.cz\/italska-nadhera-elektricka-vespa-je-elegantnim-spojenim-klasickeho-i-moderniho\/giulio-iacchetti-vespa-reimagined-2\/\" class=\"wp-image-7582\" srcset=\"https:\/\/www.mzone.cz\/wp-content\/uploads\/2019\/04\/giulio-iacchetti-vespa-reimagined-2.jpg 750w, https:\/\/www.mzone.cz\/wp-content\/uploads\/2019\/04\/giulio-iacchetti-vespa-reimagined-2-300x225.jpg 300w, https:\/\/www.mzone.cz\/wp-content\/uploads\/2019\/04\/giulio-iacchetti-vespa-reimagined-2-590x442.jpg 590w\" sizes=\"auto, (max-width: 750px) 100vw, 750px\" \/><\/a><\/figure><\/li><li class=\"blocks-gallery-item\"><figure><a href=\"https:\/\/www.mzone.cz\/wp-content\/uploads\/2019\/04\/giulio-iacchetti-vespa-reimagined-3.jpg\"><img loading=\"lazy\" decoding=\"async\" width=\"750\" height=\"563\" src=\"https:\/\/www.mzone.cz\/wp-content\/uploads\/2019\/04\/giulio-iacchetti-vespa-reimagined-3.jpg\" alt=\"\" data-id=\"7583\" data-link=\"https:\/\/www.mzone.cz\/italska-nadhera-elektricka-vespa-je-elegantnim-spojenim-klasickeho-i-moderniho\/giulio-iacchetti-vespa-reimagined-3\/\" class=\"wp-image-7583\" srcset=\"https:\/\/www.mzone.cz\/wp-content\/uploads\/2019\/04\/giulio-iacchetti-vespa-reimagined-3.jpg 750w, https:\/\/www.mzone.cz\/wp-content\/uploads\/2019\/04\/giulio-iacchetti-vespa-reimagined-3-300x225.jpg 300w, https:\/\/www.mzone.cz\/wp-content\/uploads\/2019\/04\/giulio-iacchetti-vespa-reimagined-3-590x443.jpg 590w\" sizes=\"auto, (max-width: 750px) 100vw, 750px\" \/><\/a><\/figure><\/li><li class=\"blocks-gallery-item\"><figure><a href=\"https:\/\/www.mzone.cz\/wp-content\/uploads\/2019\/04\/giulio-iacchetti-vespa-reimagined-4.jpg\"><img loading=\"lazy\" decoding=\"async\" width=\"750\" height=\"562\" src=\"https:\/\/www.mzone.cz\/wp-content\/uploads\/2019\/04\/giulio-iacchetti-vespa-reimagined-4.jpg\" alt=\"\" data-id=\"7584\" data-link=\"https:\/\/www.mzone.cz\/italska-nadhera-elektricka-vespa-je-elegantnim-spojenim-klasickeho-i-moderniho\/giulio-iacchetti-vespa-reimagined-4\/\" class=\"wp-image-7584\" srcset=\"https:\/\/www.mzone.cz\/wp-content\/uploads\/2019\/04\/giulio-iacchetti-vespa-reimagined-4.jpg 750w, https:\/\/www.mzone.cz\/wp-content\/uploads\/2019\/04\/giulio-iacchetti-vespa-reimagined-4-300x225.jpg 300w, https:\/\/www.mzone.cz\/wp-content\/uploads\/2019\/04\/giulio-iacchetti-vespa-reimagined-4-590x442.jpg 590w\" sizes=\"auto, (max-width: 750px) 100vw, 750px\" \/><\/a><\/figure><\/li><li class=\"blocks-gallery-item\"><figure><a href=\"https:\/\/www.mzone.cz\/wp-content\/uploads\/2019\/04\/giulio-iacchetti-vespa-reimagined-5.jpg\"><img loading=\"lazy\" decoding=\"async\" width=\"750\" height=\"563\" src=\"https:\/\/www.mzone.cz\/wp-content\/uploads\/2019\/04\/giulio-iacchetti-vespa-reimagined-5.jpg\" alt=\"\" data-id=\"7585\" data-link=\"https:\/\/www.mzone.cz\/italska-nadhera-elektricka-vespa-je-elegantnim-spojenim-klasickeho-i-moderniho\/giulio-iacchetti-vespa-reimagined-5\/\" class=\"wp-image-7585\" srcset=\"https:\/\/www.mzone.cz\/wp-content\/uploads\/2019\/04\/giulio-iacchetti-vespa-reimagined-5.jpg 750w, https:\/\/www.mzone.cz\/wp-content\/uploads\/2019\/04\/giulio-iacchetti-vespa-reimagined-5-300x225.jpg 300w, https:\/\/www.mzone.cz\/wp-content\/uploads\/2019\/04\/giulio-iacchetti-vespa-reimagined-5-590x443.jpg 590w\" sizes=\"auto, (max-width: 750px) 100vw, 750px\" \/><\/a><\/figure><\/li><li class=\"blocks-gallery-item\"><figure><a href=\"https:\/\/www.mzone.cz\/wp-content\/uploads\/2019\/04\/giulio-iacchetti-vespa-reimagined-7.jpg\"><img loading=\"lazy\" decoding=\"async\" width=\"750\" height=\"563\" src=\"https:\/\/www.mzone.cz\/wp-content\/uploads\/2019\/04\/giulio-iacchetti-vespa-reimagined-7.jpg\" alt=\"\" data-id=\"7586\" data-link=\"https:\/\/www.mzone.cz\/italska-nadhera-elektricka-vespa-je-elegantnim-spojenim-klasickeho-i-moderniho\/giulio-iacchetti-vespa-reimagined-7\/\" class=\"wp-image-7586\" srcset=\"https:\/\/www.mzone.cz\/wp-content\/uploads\/2019\/04\/giulio-iacchetti-vespa-reimagined-7.jpg 750w, https:\/\/www.mzone.cz\/wp-content\/uploads\/2019\/04\/giulio-iacchetti-vespa-reimagined-7-300x225.jpg 300w, https:\/\/www.mzone.cz\/wp-content\/uploads\/2019\/04\/giulio-iacchetti-vespa-reimagined-7-590x443.jpg 590w\" sizes=\"auto, (max-width: 750px) 100vw, 750px\" \/><\/a><\/figure><\/li><li class=\"blocks-gallery-item\"><figure><a href=\"https:\/\/www.mzone.cz\/wp-content\/uploads\/2019\/04\/giulio-iacchetti-vespa-reimagined-8.jpg\"><img loading=\"lazy\" decoding=\"async\" width=\"750\" height=\"563\" src=\"https:\/\/www.mzone.cz\/wp-content\/uploads\/2019\/04\/giulio-iacchetti-vespa-reimagined-8.jpg\" alt=\"\" data-id=\"7587\" data-link=\"https:\/\/www.mzone.cz\/italska-nadhera-elektricka-vespa-je-elegantnim-spojenim-klasickeho-i-moderniho\/giulio-iacchetti-vespa-reimagined-8\/\" class=\"wp-image-7587\" srcset=\"https:\/\/www.mzone.cz\/wp-content\/uploads\/2019\/04\/giulio-iacchetti-vespa-reimagined-8.jpg 750w, https:\/\/www.mzone.cz\/wp-content\/uploads\/2019\/04\/giulio-iacchetti-vespa-reimagined-8-300x225.jpg 300w, https:\/\/www.mzone.cz\/wp-content\/uploads\/2019\/04\/giulio-iacchetti-vespa-reimagined-8-590x443.jpg 590w\" sizes=\"auto, (max-width: 750px) 100vw, 750px\" \/><\/a><\/figure><\/li><li class=\"blocks-gallery-item\"><figure><a href=\"https:\/\/www.mzone.cz\/wp-content\/uploads\/2019\/04\/giulio-iacchetti-vespa-reimagined-12-1.jpg\"><img loading=\"lazy\" decoding=\"async\" width=\"750\" height=\"562\" src=\"https:\/\/www.mzone.cz\/wp-content\/uploads\/2019\/04\/giulio-iacchetti-vespa-reimagined-12-1.jpg\" alt=\"\" data-id=\"7588\" data-link=\"https:\/\/www.mzone.cz\/italska-nadhera-elektricka-vespa-je-elegantnim-spojenim-klasickeho-i-moderniho\/giulio-iacchetti-vespa-reimagined-12-2\/\" class=\"wp-image-7588\" srcset=\"https:\/\/www.mzone.cz\/wp-content\/uploads\/2019\/04\/giulio-iacchetti-vespa-reimagined-12-1.jpg 750w, https:\/\/www.mzone.cz\/wp-content\/uploads\/2019\/04\/giulio-iacchetti-vespa-reimagined-12-1-300x225.jpg 300w, https:\/\/www.mzone.cz\/wp-content\/uploads\/2019\/04\/giulio-iacchetti-vespa-reimagined-12-1-590x442.jpg 590w\" sizes=\"auto, (max-width: 750px) 100vw, 750px\" \/><\/a><\/figure><\/li><li class=\"blocks-gallery-item\"><figure><a href=\"https:\/\/www.mzone.cz\/wp-content\/uploads\/2019\/04\/vespampere-giulio-iacchetti-reinterprets-the-classic-98cc-vespa-2-1.jpg\"><img loading=\"lazy\" decoding=\"async\" width=\"703\" height=\"469\" src=\"https:\/\/www.mzone.cz\/wp-content\/uploads\/2019\/04\/vespampere-giulio-iacchetti-reinterprets-the-classic-98cc-vespa-2-1.jpg\" alt=\"\" data-id=\"7589\" data-link=\"https:\/\/www.mzone.cz\/italska-nadhera-elektricka-vespa-je-elegantnim-spojenim-klasickeho-i-moderniho\/vespampere-giulio-iacchetti-reinterprets-the-classic-98cc-vespa-2-2\/\" class=\"wp-image-7589\" srcset=\"https:\/\/www.mzone.cz\/wp-content\/uploads\/2019\/04\/vespampere-giulio-iacchetti-reinterprets-the-classic-98cc-vespa-2-1.jpg 703w, https:\/\/www.mzone.cz\/wp-content\/uploads\/2019\/04\/vespampere-giulio-iacchetti-reinterprets-the-classic-98cc-vespa-2-1-300x200.jpg 300w, https:\/\/www.mzone.cz\/wp-content\/uploads\/2019\/04\/vespampere-giulio-iacchetti-reinterprets-the-classic-98cc-vespa-2-1-400x267.jpg 400w, https:\/\/www.mzone.cz\/wp-content\/uploads\/2019\/04\/vespampere-giulio-iacchetti-reinterprets-the-classic-98cc-vespa-2-1-500x333.jpg 500w, https:\/\/www.mzone.cz\/wp-content\/uploads\/2019\/04\/vespampere-giulio-iacchetti-reinterprets-the-classic-98cc-vespa-2-1-590x394.jpg 590w\" sizes=\"auto, (max-width: 703px) 100vw, 703px\" \/><\/a><\/figure><\/li><\/ul>\n\n\n\n<div class=\"wp-block-image\"><figure class=\"alignleft is-resized\"><img loading=\"lazy\" decoding=\"async\" src=\"https:\/\/www.mzone.cz\/wp-content\/uploads\/2019\/03\/StaCyc_Harley3.jpg\" alt=\"\" class=\"wp-image-5815\" width=\"134\" height=\"89\" srcset=\"https:\/\/www.mzone.cz\/wp-content\/uploads\/2019\/03\/StaCyc_Harley3.jpg 848w, https:\/\/www.mzone.cz\/wp-content\/uploads\/2019\/03\/StaCyc_Harley3-300x200.jpg 300w, https:\/\/www.mzone.cz\/wp-content\/uploads\/2019\/03\/StaCyc_Harley3-768x512.jpg 768w, https:\/\/www.mzone.cz\/wp-content\/uploads\/2019\/03\/StaCyc_Harley3-800x533.jpg 800w, https:\/\/www.mzone.cz\/wp-content\/uploads\/2019\/03\/StaCyc_Harley3-400x267.jpg 400w, https:\/\/www.mzone.cz\/wp-content\/uploads\/2019\/03\/StaCyc_Harley3-500x333.jpg 500w, https:\/\/www.mzone.cz\/wp-content\/uploads\/2019\/03\/StaCyc_Harley3-590x393.jpg 590w\" sizes=\"auto, (max-width: 134px) 100vw, 134px\" \/><\/figure><\/div>\n\n\n\n<h4><a href=\"https:\/\/www.mzone.cz\/i-vas-syn-muze-byt-drsny-motorkar-harley-davidson-zacal-prodavat-motocykly-pro-deti\/\">I v\u00e1\u0161 syn m\u016f\u017ee b\u00fdt drsn\u00fd motork\u00e1\u0159! Harley-Davidson za\u010dne prod\u00e1vat motocykly pro d\u011bti<\/a><\/h4><br>","protected":false},"excerpt":{"rendered":"<p>Milovan\u00fd sk\u00fatr Vespa pat\u0159\u00ed k italsk\u00e9mu koloritu stejn\u011b jako pizza nebo zmrzlina. \u201eVosa\u201c se za\u010dala vyr\u00e1b\u011bt u\u017e v roce 1946. Nyn\u00ed zna\u010dka p\u0159i\u0161la s novou podobou legend\u00e1rn\u00edho voz\u00edtka.<\/p>","protected":false},"author":4,"featured_media":7371,"comment_status":"open","ping_status":"closed","sticky":false,"template":"","format":"standard","meta":{"kk_blocks_editor_width":"","_kiokenblocks_attr":"","_kiokenblocks_dimensions":"","footnotes":""},"categories":[69,25,64],"tags":[462,159,751,692,1940,1943,602,603,1941,148,1942],"class_list":["post-7370","post","type-post","status-publish","format-standard","has-post-thumbnail","hentry","category-auto-moto","category-style","category-trendy","tag-auto-moto","tag-design","tag-doprava","tag-elektromobilita","tag-elektroskutr","tag-italie","tag-motocykl","tag-motorka","tag-skutr","tag-trendy","tag-vespa"],"yoast_head":"<!-- This site is optimized with the Yoast SEO plugin v27.5 - https:\/\/yoast.com\/product\/yoast-seo-wordpress\/ -->\n<title>Italsk\u00e1 n\u00e1dhera! Elektrick\u00e1 Vespa je elegantn\u00edm spojen\u00edm klasick\u00e9ho i modern\u00edho - Mzone<\/title>\n<meta name=\"description\" content=\"Milovan\u00fd sk\u00fatr Vespa pat\u0159\u00ed k italsk\u00e9mu koloritu stejn\u011b jako pizza nebo zmrzlina. \u201eVosa\u201c se za\u010dala vyr\u00e1b\u011bt u\u017e v roce 1946. Nyn\u00ed zna\u010dka p\u0159i\u0161la s novou podobou legend\u00e1rn\u00edho voz\u00edtka.\" \/>\n<meta name=\"robots\" content=\"index, follow, max-snippet:-1, max-image-preview:large, max-video-preview:-1\" \/>\n<link rel=\"canonical\" href=\"https:\/\/www.mzone.cz\/en\/italska-nadhera-elektricka-vespa-je-elegantnim-spojenim-klasickeho-i-moderniho\/\" \/>\n<meta property=\"og:locale\" content=\"en_US\" \/>\n<meta property=\"og:type\" content=\"article\" \/>\n<meta property=\"og:title\" content=\"Italsk\u00e1 n\u00e1dhera! Elektrick\u00e1 Vespa je elegantn\u00edm spojen\u00edm klasick\u00e9ho i modern\u00edho - Mzone\" \/>\n<meta property=\"og:description\" content=\"Milovan\u00fd sk\u00fatr Vespa pat\u0159\u00ed k italsk\u00e9mu koloritu stejn\u011b jako pizza nebo zmrzlina. \u201eVosa\u201c se za\u010dala vyr\u00e1b\u011bt u\u017e v roce 1946. Nyn\u00ed zna\u010dka p\u0159i\u0161la s novou podobou legend\u00e1rn\u00edho voz\u00edtka.\" \/>\n<meta property=\"og:url\" content=\"https:\/\/www.mzone.cz\/en\/italska-nadhera-elektricka-vespa-je-elegantnim-spojenim-klasickeho-i-moderniho\/\" \/>\n<meta property=\"og:site_name\" content=\"Mzone\" \/>\n<meta property=\"article:publisher\" content=\"https:\/\/www.facebook.com\/MzoneCZ\/\" \/>\n<meta property=\"article:published_time\" content=\"2019-04-19T04:00:02+00:00\" \/>\n<meta property=\"article:modified_time\" content=\"2019-05-28T20:29:34+00:00\" \/>\n<meta property=\"og:image\" content=\"https:\/\/www.mzone.cz\/wp-content\/uploads\/2019\/04\/vespampere-giulio-iacchetti-reinterprets-the-classic-98cc-vespa-2.jpg\" \/>\n\t<meta property=\"og:image:width\" content=\"703\" \/>\n\t<meta property=\"og:image:height\" content=\"469\" \/>\n\t<meta property=\"og:image:type\" content=\"image\/jpeg\" \/>\n<meta name=\"author\" content=\"Mzone\" \/>\n<meta name=\"twitter:card\" content=\"summary_large_image\" \/>\n<meta name=\"twitter:label1\" content=\"Written by\" \/>\n\t<meta name=\"twitter:data1\" content=\"Mzone\" \/>\n\t<meta name=\"twitter:label2\" content=\"Est. reading time\" \/>\n\t<meta name=\"twitter:data2\" content=\"1 minute\" \/>\n<script type=\"application\/ld+json\" class=\"yoast-schema-graph\">{\"@context\":\"https:\\\/\\\/schema.org\",\"@graph\":[{\"@type\":\"Article\",\"@id\":\"https:\\\/\\\/www.mzone.cz\\\/italska-nadhera-elektricka-vespa-je-elegantnim-spojenim-klasickeho-i-moderniho\\\/#article\",\"isPartOf\":{\"@id\":\"https:\\\/\\\/www.mzone.cz\\\/italska-nadhera-elektricka-vespa-je-elegantnim-spojenim-klasickeho-i-moderniho\\\/\"},\"author\":{\"name\":\"Mzone\",\"@id\":\"https:\\\/\\\/www.mzone.cz\\\/#\\\/schema\\\/person\\\/9bc20cc422a99cac4af6ff9297da32d4\"},\"headline\":\"Italsk\u00e1 n\u00e1dhera! Elektrick\u00e1 Vespa je elegantn\u00edm spojen\u00edm klasick\u00e9ho i modern\u00edho\",\"datePublished\":\"2019-04-19T04:00:02+00:00\",\"dateModified\":\"2019-05-28T20:29:34+00:00\",\"mainEntityOfPage\":{\"@id\":\"https:\\\/\\\/www.mzone.cz\\\/italska-nadhera-elektricka-vespa-je-elegantnim-spojenim-klasickeho-i-moderniho\\\/\"},\"wordCount\":273,\"commentCount\":1,\"image\":{\"@id\":\"https:\\\/\\\/www.mzone.cz\\\/italska-nadhera-elektricka-vespa-je-elegantnim-spojenim-klasickeho-i-moderniho\\\/#primaryimage\"},\"thumbnailUrl\":\"https:\\\/\\\/www.mzone.cz\\\/wp-content\\\/uploads\\\/2019\\\/04\\\/vespampere-giulio-iacchetti-reinterprets-the-classic-98cc-vespa-2.jpg\",\"keywords\":[\"auto-moto\",\"design\",\"doprava\",\"elektromobilita\",\"elektrosk\u00fatr\",\"It\u00e1lie\",\"motocykl\",\"motorka\",\"sk\u00fatr\",\"trendy\",\"Vespa\"],\"articleSection\":[\"Auto-moto\",\"Style\",\"Trendy\"],\"inLanguage\":\"en-US\",\"potentialAction\":[{\"@type\":\"CommentAction\",\"name\":\"Comment\",\"target\":[\"https:\\\/\\\/www.mzone.cz\\\/italska-nadhera-elektricka-vespa-je-elegantnim-spojenim-klasickeho-i-moderniho\\\/#respond\"]}]},{\"@type\":\"WebPage\",\"@id\":\"https:\\\/\\\/www.mzone.cz\\\/italska-nadhera-elektricka-vespa-je-elegantnim-spojenim-klasickeho-i-moderniho\\\/\",\"url\":\"https:\\\/\\\/www.mzone.cz\\\/italska-nadhera-elektricka-vespa-je-elegantnim-spojenim-klasickeho-i-moderniho\\\/\",\"name\":\"Italsk\u00e1 n\u00e1dhera! Elektrick\u00e1 Vespa je elegantn\u00edm spojen\u00edm klasick\u00e9ho i modern\u00edho - Mzone\",\"isPartOf\":{\"@id\":\"https:\\\/\\\/www.mzone.cz\\\/#website\"},\"primaryImageOfPage\":{\"@id\":\"https:\\\/\\\/www.mzone.cz\\\/italska-nadhera-elektricka-vespa-je-elegantnim-spojenim-klasickeho-i-moderniho\\\/#primaryimage\"},\"image\":{\"@id\":\"https:\\\/\\\/www.mzone.cz\\\/italska-nadhera-elektricka-vespa-je-elegantnim-spojenim-klasickeho-i-moderniho\\\/#primaryimage\"},\"thumbnailUrl\":\"https:\\\/\\\/www.mzone.cz\\\/wp-content\\\/uploads\\\/2019\\\/04\\\/vespampere-giulio-iacchetti-reinterprets-the-classic-98cc-vespa-2.jpg\",\"datePublished\":\"2019-04-19T04:00:02+00:00\",\"dateModified\":\"2019-05-28T20:29:34+00:00\",\"author\":{\"@id\":\"https:\\\/\\\/www.mzone.cz\\\/#\\\/schema\\\/person\\\/9bc20cc422a99cac4af6ff9297da32d4\"},\"description\":\"Milovan\u00fd sk\u00fatr Vespa pat\u0159\u00ed k italsk\u00e9mu koloritu stejn\u011b jako pizza nebo zmrzlina. \u201eVosa\u201c se za\u010dala vyr\u00e1b\u011bt u\u017e v roce 1946. Nyn\u00ed zna\u010dka p\u0159i\u0161la s novou podobou legend\u00e1rn\u00edho voz\u00edtka.\",\"breadcrumb\":{\"@id\":\"https:\\\/\\\/www.mzone.cz\\\/italska-nadhera-elektricka-vespa-je-elegantnim-spojenim-klasickeho-i-moderniho\\\/#breadcrumb\"},\"inLanguage\":\"en-US\",\"potentialAction\":[{\"@type\":\"ReadAction\",\"target\":[\"https:\\\/\\\/www.mzone.cz\\\/italska-nadhera-elektricka-vespa-je-elegantnim-spojenim-klasickeho-i-moderniho\\\/\"]}]},{\"@type\":\"ImageObject\",\"inLanguage\":\"en-US\",\"@id\":\"https:\\\/\\\/www.mzone.cz\\\/italska-nadhera-elektricka-vespa-je-elegantnim-spojenim-klasickeho-i-moderniho\\\/#primaryimage\",\"url\":\"https:\\\/\\\/www.mzone.cz\\\/wp-content\\\/uploads\\\/2019\\\/04\\\/vespampere-giulio-iacchetti-reinterprets-the-classic-98cc-vespa-2.jpg\",\"contentUrl\":\"https:\\\/\\\/www.mzone.cz\\\/wp-content\\\/uploads\\\/2019\\\/04\\\/vespampere-giulio-iacchetti-reinterprets-the-classic-98cc-vespa-2.jpg\",\"width\":703,\"height\":469},{\"@type\":\"BreadcrumbList\",\"@id\":\"https:\\\/\\\/www.mzone.cz\\\/italska-nadhera-elektricka-vespa-je-elegantnim-spojenim-klasickeho-i-moderniho\\\/#breadcrumb\",\"itemListElement\":[{\"@type\":\"ListItem\",\"position\":1,\"name\":\"Dom\u016f\",\"item\":\"https:\\\/\\\/www.mzone.cz\\\/\"},{\"@type\":\"ListItem\",\"position\":2,\"name\":\"Italsk\u00e1 n\u00e1dhera! Elektrick\u00e1 Vespa je elegantn\u00edm spojen\u00edm klasick\u00e9ho i modern\u00edho\"}]},{\"@type\":\"WebSite\",\"@id\":\"https:\\\/\\\/www.mzone.cz\\\/#website\",\"url\":\"https:\\\/\\\/www.mzone.cz\\\/\",\"name\":\"Mzone\",\"description\":\"Magaz\u00edn nejen pro mu\u017ee\",\"potentialAction\":[{\"@type\":\"SearchAction\",\"target\":{\"@type\":\"EntryPoint\",\"urlTemplate\":\"https:\\\/\\\/www.mzone.cz\\\/?s={search_term_string}\"},\"query-input\":{\"@type\":\"PropertyValueSpecification\",\"valueRequired\":true,\"valueName\":\"search_term_string\"}}],\"inLanguage\":\"en-US\"},{\"@type\":\"Person\",\"@id\":\"https:\\\/\\\/www.mzone.cz\\\/#\\\/schema\\\/person\\\/9bc20cc422a99cac4af6ff9297da32d4\",\"name\":\"Mzone\",\"image\":{\"@type\":\"ImageObject\",\"inLanguage\":\"en-US\",\"@id\":\"https:\\\/\\\/secure.gravatar.com\\\/avatar\\\/e780a8630f3182a3d06dd667ab6bea151a0d155b0951bc15fe22633acdac0676?s=96&d=mm&r=g\",\"url\":\"https:\\\/\\\/secure.gravatar.com\\\/avatar\\\/e780a8630f3182a3d06dd667ab6bea151a0d155b0951bc15fe22633acdac0676?s=96&d=mm&r=g\",\"contentUrl\":\"https:\\\/\\\/secure.gravatar.com\\\/avatar\\\/e780a8630f3182a3d06dd667ab6bea151a0d155b0951bc15fe22633acdac0676?s=96&d=mm&r=g\",\"caption\":\"Mzone\"},\"url\":\"https:\\\/\\\/www.mzone.cz\\\/en\\\/author\\\/jakub\\\/\"}]}<\/script>\n<!-- \/ Yoast SEO plugin. -->","yoast_head_json":{"title":"Italsk\u00e1 n\u00e1dhera! Elektrick\u00e1 Vespa je elegantn\u00edm spojen\u00edm klasick\u00e9ho i modern\u00edho - Mzone","description":"Milovan\u00fd sk\u00fatr Vespa pat\u0159\u00ed k italsk\u00e9mu koloritu stejn\u011b jako pizza nebo zmrzlina. \u201eVosa\u201c se za\u010dala vyr\u00e1b\u011bt u\u017e v roce 1946. Nyn\u00ed zna\u010dka p\u0159i\u0161la s novou podobou legend\u00e1rn\u00edho voz\u00edtka.","robots":{"index":"index","follow":"follow","max-snippet":"max-snippet:-1","max-image-preview":"max-image-preview:large","max-video-preview":"max-video-preview:-1"},"canonical":"https:\/\/www.mzone.cz\/en\/italska-nadhera-elektricka-vespa-je-elegantnim-spojenim-klasickeho-i-moderniho\/","og_locale":"en_US","og_type":"article","og_title":"Italsk\u00e1 n\u00e1dhera! Elektrick\u00e1 Vespa je elegantn\u00edm spojen\u00edm klasick\u00e9ho i modern\u00edho - Mzone","og_description":"Milovan\u00fd sk\u00fatr Vespa pat\u0159\u00ed k italsk\u00e9mu koloritu stejn\u011b jako pizza nebo zmrzlina. \u201eVosa\u201c se za\u010dala vyr\u00e1b\u011bt u\u017e v roce 1946. Nyn\u00ed zna\u010dka p\u0159i\u0161la s novou podobou legend\u00e1rn\u00edho voz\u00edtka.","og_url":"https:\/\/www.mzone.cz\/en\/italska-nadhera-elektricka-vespa-je-elegantnim-spojenim-klasickeho-i-moderniho\/","og_site_name":"Mzone","article_publisher":"https:\/\/www.facebook.com\/MzoneCZ\/","article_published_time":"2019-04-19T04:00:02+00:00","article_modified_time":"2019-05-28T20:29:34+00:00","og_image":[{"width":703,"height":469,"url":"https:\/\/www.mzone.cz\/wp-content\/uploads\/2019\/04\/vespampere-giulio-iacchetti-reinterprets-the-classic-98cc-vespa-2.jpg","type":"image\/jpeg"}],"author":"Mzone","twitter_card":"summary_large_image","twitter_misc":{"Written by":"Mzone","Est. reading time":"1 minute"},"schema":{"@context":"https:\/\/schema.org","@graph":[{"@type":"Article","@id":"https:\/\/www.mzone.cz\/italska-nadhera-elektricka-vespa-je-elegantnim-spojenim-klasickeho-i-moderniho\/#article","isPartOf":{"@id":"https:\/\/www.mzone.cz\/italska-nadhera-elektricka-vespa-je-elegantnim-spojenim-klasickeho-i-moderniho\/"},"author":{"name":"Mzone","@id":"https:\/\/www.mzone.cz\/#\/schema\/person\/9bc20cc422a99cac4af6ff9297da32d4"},"headline":"Italsk\u00e1 n\u00e1dhera! Elektrick\u00e1 Vespa je elegantn\u00edm spojen\u00edm klasick\u00e9ho i modern\u00edho","datePublished":"2019-04-19T04:00:02+00:00","dateModified":"2019-05-28T20:29:34+00:00","mainEntityOfPage":{"@id":"https:\/\/www.mzone.cz\/italska-nadhera-elektricka-vespa-je-elegantnim-spojenim-klasickeho-i-moderniho\/"},"wordCount":273,"commentCount":1,"image":{"@id":"https:\/\/www.mzone.cz\/italska-nadhera-elektricka-vespa-je-elegantnim-spojenim-klasickeho-i-moderniho\/#primaryimage"},"thumbnailUrl":"https:\/\/www.mzone.cz\/wp-content\/uploads\/2019\/04\/vespampere-giulio-iacchetti-reinterprets-the-classic-98cc-vespa-2.jpg","keywords":["auto-moto","design","doprava","elektromobilita","elektrosk\u00fatr","It\u00e1lie","motocykl","motorka","sk\u00fatr","trendy","Vespa"],"articleSection":["Auto-moto","Style","Trendy"],"inLanguage":"en-US","potentialAction":[{"@type":"CommentAction","name":"Comment","target":["https:\/\/www.mzone.cz\/italska-nadhera-elektricka-vespa-je-elegantnim-spojenim-klasickeho-i-moderniho\/#respond"]}]},{"@type":"WebPage","@id":"https:\/\/www.mzone.cz\/italska-nadhera-elektricka-vespa-je-elegantnim-spojenim-klasickeho-i-moderniho\/","url":"https:\/\/www.mzone.cz\/italska-nadhera-elektricka-vespa-je-elegantnim-spojenim-klasickeho-i-moderniho\/","name":"Italsk\u00e1 n\u00e1dhera! Elektrick\u00e1 Vespa je elegantn\u00edm spojen\u00edm klasick\u00e9ho i modern\u00edho - Mzone","isPartOf":{"@id":"https:\/\/www.mzone.cz\/#website"},"primaryImageOfPage":{"@id":"https:\/\/www.mzone.cz\/italska-nadhera-elektricka-vespa-je-elegantnim-spojenim-klasickeho-i-moderniho\/#primaryimage"},"image":{"@id":"https:\/\/www.mzone.cz\/italska-nadhera-elektricka-vespa-je-elegantnim-spojenim-klasickeho-i-moderniho\/#primaryimage"},"thumbnailUrl":"https:\/\/www.mzone.cz\/wp-content\/uploads\/2019\/04\/vespampere-giulio-iacchetti-reinterprets-the-classic-98cc-vespa-2.jpg","datePublished":"2019-04-19T04:00:02+00:00","dateModified":"2019-05-28T20:29:34+00:00","author":{"@id":"https:\/\/www.mzone.cz\/#\/schema\/person\/9bc20cc422a99cac4af6ff9297da32d4"},"description":"Milovan\u00fd sk\u00fatr Vespa pat\u0159\u00ed k italsk\u00e9mu koloritu stejn\u011b jako pizza nebo zmrzlina. \u201eVosa\u201c se za\u010dala vyr\u00e1b\u011bt u\u017e v roce 1946. Nyn\u00ed zna\u010dka p\u0159i\u0161la s novou podobou legend\u00e1rn\u00edho voz\u00edtka.","breadcrumb":{"@id":"https:\/\/www.mzone.cz\/italska-nadhera-elektricka-vespa-je-elegantnim-spojenim-klasickeho-i-moderniho\/#breadcrumb"},"inLanguage":"en-US","potentialAction":[{"@type":"ReadAction","target":["https:\/\/www.mzone.cz\/italska-nadhera-elektricka-vespa-je-elegantnim-spojenim-klasickeho-i-moderniho\/"]}]},{"@type":"ImageObject","inLanguage":"en-US","@id":"https:\/\/www.mzone.cz\/italska-nadhera-elektricka-vespa-je-elegantnim-spojenim-klasickeho-i-moderniho\/#primaryimage","url":"https:\/\/www.mzone.cz\/wp-content\/uploads\/2019\/04\/vespampere-giulio-iacchetti-reinterprets-the-classic-98cc-vespa-2.jpg","contentUrl":"https:\/\/www.mzone.cz\/wp-content\/uploads\/2019\/04\/vespampere-giulio-iacchetti-reinterprets-the-classic-98cc-vespa-2.jpg","width":703,"height":469},{"@type":"BreadcrumbList","@id":"https:\/\/www.mzone.cz\/italska-nadhera-elektricka-vespa-je-elegantnim-spojenim-klasickeho-i-moderniho\/#breadcrumb","itemListElement":[{"@type":"ListItem","position":1,"name":"Dom\u016f","item":"https:\/\/www.mzone.cz\/"},{"@type":"ListItem","position":2,"name":"Italsk\u00e1 n\u00e1dhera! Elektrick\u00e1 Vespa je elegantn\u00edm spojen\u00edm klasick\u00e9ho i modern\u00edho"}]},{"@type":"WebSite","@id":"https:\/\/www.mzone.cz\/#website","url":"https:\/\/www.mzone.cz\/","name":"Mzone","description":"Magaz\u00edn nejen pro mu\u017ee","potentialAction":[{"@type":"SearchAction","target":{"@type":"EntryPoint","urlTemplate":"https:\/\/www.mzone.cz\/?s={search_term_string}"},"query-input":{"@type":"PropertyValueSpecification","valueRequired":true,"valueName":"search_term_string"}}],"inLanguage":"en-US"},{"@type":"Person","@id":"https:\/\/www.mzone.cz\/#\/schema\/person\/9bc20cc422a99cac4af6ff9297da32d4","name":"Mzone","image":{"@type":"ImageObject","inLanguage":"en-US","@id":"https:\/\/secure.gravatar.com\/avatar\/e780a8630f3182a3d06dd667ab6bea151a0d155b0951bc15fe22633acdac0676?s=96&d=mm&r=g","url":"https:\/\/secure.gravatar.com\/avatar\/e780a8630f3182a3d06dd667ab6bea151a0d155b0951bc15fe22633acdac0676?s=96&d=mm&r=g","contentUrl":"https:\/\/secure.gravatar.com\/avatar\/e780a8630f3182a3d06dd667ab6bea151a0d155b0951bc15fe22633acdac0676?s=96&d=mm&r=g","caption":"Mzone"},"url":"https:\/\/www.mzone.cz\/en\/author\/jakub\/"}]}},"_links":{"self":[{"href":"https:\/\/www.mzone.cz\/en\/wp-json\/wp\/v2\/posts\/7370","targetHints":{"allow":["GET"]}}],"collection":[{"href":"https:\/\/www.mzone.cz\/en\/wp-json\/wp\/v2\/posts"}],"about":[{"href":"https:\/\/www.mzone.cz\/en\/wp-json\/wp\/v2\/types\/post"}],"author":[{"embeddable":true,"href":"https:\/\/www.mzone.cz\/en\/wp-json\/wp\/v2\/users\/4"}],"replies":[{"embeddable":true,"href":"https:\/\/www.mzone.cz\/en\/wp-json\/wp\/v2\/comments?post=7370"}],"version-history":[{"count":1,"href":"https:\/\/www.mzone.cz\/en\/wp-json\/wp\/v2\/posts\/7370\/revisions"}],"predecessor-version":[{"id":9331,"href":"https:\/\/www.mzone.cz\/en\/wp-json\/wp\/v2\/posts\/7370\/revisions\/9331"}],"wp:featuredmedia":[{"embeddable":true,"href":"https:\/\/www.mzone.cz\/en\/wp-json\/wp\/v2\/media\/7371"}],"wp:attachment":[{"href":"https:\/\/www.mzone.cz\/en\/wp-json\/wp\/v2\/media?parent=7370"}],"wp:term":[{"taxonomy":"category","embeddable":true,"href":"https:\/\/www.mzone.cz\/en\/wp-json\/wp\/v2\/categories?post=7370"},{"taxonomy":"post_tag","embeddable":true,"href":"https:\/\/www.mzone.cz\/en\/wp-json\/wp\/v2\/tags?post=7370"}],"curies":[{"name":"wp","href":"https:\/\/api.w.org\/{rel}","templated":true}]}}