{"id":7656,"date":"2019-04-23T17:30:26","date_gmt":"2019-04-23T15:30:26","guid":{"rendered":"https:\/\/www.mzone.cz\/?p=7656"},"modified":"2019-05-28T22:25:33","modified_gmt":"2019-05-28T20:25:33","slug":"blog-male-machovske-vyroci","status":"publish","type":"post","link":"https:\/\/www.mzone.cz\/en\/blog-male-machovske-vyroci\/","title":{"rendered":"Blog: Mal\u00e9 m\u00e1chovsk\u00e9 v\u00fdro\u010d\u00ed"},"content":{"rendered":"<p><strong>Je b\u011b\u017en\u00e9 p\u0159ipom\u00ednat si v\u00fdro\u010d\u00ed, kdy\u017e jejich \u010dasov\u00e9 ur\u010den\u00ed kon\u010d\u00ed \u010d\u00edslic\u00ed 0, n\u011bkdy tak\u00e9 5. Na v\u00fdznamn\u00e9 ud\u00e1losti si m\u016f\u017eeme samoz\u0159ejm\u011b vzpomenout i v&nbsp;jin\u00fdch letech.<\/strong><\/p><br>\n\n\n\n<p>Za den vyd\u00e1n\u00ed M\u00e1chova M\u00e1je se pova\u017euje 23. duben 1836 (byla to sobota). Kn\u00ed\u017eku vydal b\u00e1sn\u00edk vlastn\u00edm n\u00e1kladem pot\u00e9, co \u00fasp\u011b\u0161n\u011b zvl\u00e1dl n\u00e1strahy st\u00e1tn\u00ed cenzury. Na\u0161el si solidn\u00edho tiska\u0159e a distribuci si obstar\u00e1val s\u00e1m. Nen\u00ed snad ani dolo\u017eeno \u010di spo\u010d\u00edt\u00e1no, zda m\u011bl ze sv\u00e9ho vydavatelsk\u00e9ho \u010dinu n\u011bjak\u00fd zisk.<\/p>\n\n\n\n<blockquote class=\"wp-block-quote is-layout-flow wp-block-quote-is-layout-flow\"><p>Nem\u011bl sponzory, pouze p\u0159\u00e1tele, kte\u0159\u00ed mu p\u016fj\u010dili, aby se svou prvn\u00ed (a za jeho \u017eivota jedinou) knihou mohl p\u0159edv\u00e9st vlasteneck\u00e9 spole\u010dnosti.<\/p><\/blockquote>\n\n\n\n<p>M\u00e1chova v\u016fle vydat M\u00e1j byla podle m\u00e9ho ch\u00e1p\u00e1n\u00ed d\u00e1na jeho opodstatn\u011bn\u00fdm sebev\u011bdom\u00edm. Sv\u00e9ho dos\u00e1hl. Neporozum\u011bn\u00ed soudob\u00fdch kritik\u016f mu nijak neubl\u00ed\u017eilo. Ani citov\u011b, ani ekonomicky \u2013 kn\u00ed\u017ee\u010dka byla rychle rozprod\u00e1na.<\/p>\n\n\n\n<blockquote class=\"wp-block-quote is-layout-flow wp-block-quote-is-layout-flow\"><p>Bohu\u017eel se nedo\u017eil mohutn\u00e9ho uzn\u00e1n\u00ed sv\u00e9ho b\u00e1snick\u00e9ho kusu, kter\u00e9 dodnes nem\u016f\u017ee bez pov\u0161imnut\u00ed obej\u00edt \u017e\u00e1dn\u00fd \u010desk\u00fd liter\u00e1rn\u00ed teoretik, ale ani b\u00e1sn\u00edk. Ti prvn\u00ed se sna\u017e\u00ed tu b\u00e1se\u0148 vysv\u011btlovat nejrozli\u010dn\u011bj\u0161\u00edmi zp\u016fsoby, ti druz\u00ed nemaj\u00ed \u0161anci ji p\u0159ekonat.<\/p><\/blockquote>\n\n\n\n<p>Vladim\u00edr Justl se dohadoval, \u017ee Holanova Noc s&nbsp;Hamletem m\u00e1 pro \u010deskou poezii podobn\u00fd v\u00fdznam jako M\u00e1j. Mysl\u00edm, \u017ee se p\u0159\u00edli\u0161 nem\u00fdlil, jen\u017ee ani malostransk\u00fd poustevn\u00edk Holan svou skladbou toho prvn\u00edho \u010desk\u00e9ho modern\u00edho b\u00e1sn\u00edka nezast\u00ednil.<\/p><br>\n\n\n\n<div class=\"wp-block-image\"><figure class=\"alignleft is-resized\"><img loading=\"lazy\" decoding=\"async\" src=\"https:\/\/www.mzone.cz\/wp-content\/uploads\/2019\/03\/blog_okupace-1024x689.jpg\" alt=\"\" class=\"wp-image-5721\" width=\"100\" height=\"66\" srcset=\"https:\/\/www.mzone.cz\/wp-content\/uploads\/2019\/03\/blog_okupace-1024x689.jpg 1024w, https:\/\/www.mzone.cz\/wp-content\/uploads\/2019\/03\/blog_okupace-300x202.jpg 300w, https:\/\/www.mzone.cz\/wp-content\/uploads\/2019\/03\/blog_okupace-768x516.jpg 768w, https:\/\/www.mzone.cz\/wp-content\/uploads\/2019\/03\/blog_okupace-800x533.jpg 800w, https:\/\/www.mzone.cz\/wp-content\/uploads\/2019\/03\/blog_okupace-400x267.jpg 400w, https:\/\/www.mzone.cz\/wp-content\/uploads\/2019\/03\/blog_okupace-500x333.jpg 500w, https:\/\/www.mzone.cz\/wp-content\/uploads\/2019\/03\/blog_okupace-1170x780.jpg 1170w, https:\/\/www.mzone.cz\/wp-content\/uploads\/2019\/03\/blog_okupace-590x397.jpg 590w, https:\/\/www.mzone.cz\/wp-content\/uploads\/2019\/03\/blog_okupace.jpg 1667w\" sizes=\"auto, (max-width: 100px) 100vw, 100px\" \/><\/figure><\/div>\n\n\n\n<h4><a href=\"https:\/\/www.mzone.cz\/blog-trpka-vyroci-varuji\/\">Blog: Trpk\u00e1 v\u00fdro\u010d\u00ed varuj\u00ed<\/a><\/h4><br>\n\n\n\n<p><br>Na\u0161el jinou cestu poezie, tu v\u0161ak mnoz\u00ed adepti b\u00e1snick\u00e9ho jm\u00e9na pochopili myln\u011b a vyd\u00e1vaj\u00ed sv\u00e9 bl\u00e1boly za modern\u00ed b\u00e1snictv\u00ed.<\/p>\n\n\n\n<p><br>Je to tedy nyn\u00ed 183 let od on\u00e9 soboty, kdy ambici\u00f3zn\u00ed M\u00e1cha dostal do rukou prvn\u00ed svazek sv\u00fdch zam\u00fd\u0161len\u00fdch spis\u016f. Knihu mal\u00e9ho form\u00e1tu, mal\u00e9ho rozsahu, ale velk\u00e9ho dosahu. Dosahu, kter\u00e9ho se \u010das net\u00fdk\u00e1.<\/p><br>\n\n\n\n<p>D\u011bkuji za p\u0159e\u010dten\u00ed. &nbsp; &nbsp; &nbsp; &nbsp; &nbsp; &nbsp; &nbsp; &nbsp; &nbsp; &nbsp; &nbsp; &nbsp; &nbsp; &nbsp; &nbsp; &nbsp; &nbsp; &nbsp; &nbsp; &nbsp; &nbsp; &nbsp; &nbsp; &nbsp; &nbsp; &nbsp; &nbsp; &nbsp; &nbsp; &nbsp; &nbsp; &nbsp; &nbsp; Ji\u0159\u00ed \u010cepel\u00e1k<\/p><br>\n\n\n\n<p><strong>Chcete se tak\u00e9 na str\u00e1nk\u00e1ch Mzone.cz pod\u011blit o sv\u016fj n\u00e1zor nebo se vypsat z n\u011b\u010deho, co v\u00e1s tr\u00e1p\u00ed? Blogovat m\u016f\u017eete i vy! Sv\u00e9 p\u0159\u00edsp\u011bvky zas\u00edlejte na e-mail redakce@mzone.cz a do p\u0159edm\u011btu uve\u010fte heslo \u201eBlog\u201c.<\/strong><\/p>","protected":false},"excerpt":{"rendered":"<p>Je b\u011b\u017en\u00e9 p\u0159ipom\u00ednat si v\u00fdro\u010d\u00ed, kdy\u017e jejich \u010dasov\u00e9 ur\u010den\u00ed kon\u010d\u00ed \u010d\u00edslic\u00ed 0, n\u011bkdy tak\u00e9 5. Na v\u00fdznamn\u00e9 ud\u00e1losti si m\u016f\u017eeme samoz\u0159ejm\u011b vzpomenout i v&nbsp;jin\u00fdch letech. Za den vyd\u00e1n\u00ed M\u00e1chova M\u00e1je se pova\u017euje 23. duben 1836 (byla to sobota). Kn\u00ed\u017eku vydal b\u00e1sn\u00edk vlastn\u00edm n\u00e1kladem pot\u00e9, co \u00fasp\u011b\u0161n\u011b zvl\u00e1dl n\u00e1strahy st\u00e1tn\u00ed cenzury. Na\u0161el si solidn\u00edho tiska\u0159e a [&hellip;]<\/p>\n","protected":false},"author":4,"featured_media":7657,"comment_status":"open","ping_status":"closed","sticky":false,"template":"","format":"standard","meta":{"kk_blocks_editor_width":"","_kiokenblocks_attr":"","_kiokenblocks_dimensions":"","footnotes":""},"categories":[385,71,1846],"tags":[1988,59,1987,788,1985,856,31,858,1986,1782,920,1591],"class_list":["post-7656","post","type-post","status-publish","format-standard","has-post-thumbnail","hentry","category-blog","category-kultura","category-literatura","tag-basnik","tag-blog","tag-dilo","tag-jiri-cepelak","tag-karel-hynek-macha","tag-kniha","tag-kultura","tag-literatura","tag-maj","tag-spisovatel","tag-vyroci","tag-vzpominka"],"yoast_head":"<!-- This site is optimized with the Yoast SEO plugin v27.5 - https:\/\/yoast.com\/product\/yoast-seo-wordpress\/ -->\n<title>Blog: Mal\u00e9 m\u00e1chovsk\u00e9 v\u00fdro\u010d\u00ed - Mzone<\/title>\n<meta name=\"description\" content=\"Je b\u011b\u017en\u00e9 p\u0159ipom\u00ednat si v\u00fdro\u010d\u00ed, kdy\u017e jejich \u010dasov\u00e9 ur\u010den\u00ed kon\u010d\u00ed \u010d\u00edslic\u00ed 0, n\u011bkdy tak\u00e9 5. Na v\u00fdznamn\u00e9 ud\u00e1losti si m\u016f\u017eeme samoz\u0159ejm\u011b vzpomenout i v\u00a0jin\u00fdch letech.\" \/>\n<meta name=\"robots\" content=\"index, follow, max-snippet:-1, max-image-preview:large, max-video-preview:-1\" \/>\n<link rel=\"canonical\" href=\"https:\/\/www.mzone.cz\/en\/blog-male-machovske-vyroci\/\" \/>\n<meta property=\"og:locale\" content=\"en_US\" \/>\n<meta property=\"og:type\" content=\"article\" \/>\n<meta property=\"og:title\" content=\"Blog: Mal\u00e9 m\u00e1chovsk\u00e9 v\u00fdro\u010d\u00ed - Mzone\" \/>\n<meta property=\"og:description\" content=\"Je b\u011b\u017en\u00e9 p\u0159ipom\u00ednat si v\u00fdro\u010d\u00ed, kdy\u017e jejich \u010dasov\u00e9 ur\u010den\u00ed kon\u010d\u00ed \u010d\u00edslic\u00ed 0, n\u011bkdy tak\u00e9 5. Na v\u00fdznamn\u00e9 ud\u00e1losti si m\u016f\u017eeme samoz\u0159ejm\u011b vzpomenout i v\u00a0jin\u00fdch letech.\" \/>\n<meta property=\"og:url\" content=\"https:\/\/www.mzone.cz\/en\/blog-male-machovske-vyroci\/\" \/>\n<meta property=\"og:site_name\" content=\"Mzone\" \/>\n<meta property=\"article:publisher\" content=\"https:\/\/www.facebook.com\/MzoneCZ\/\" \/>\n<meta property=\"article:published_time\" content=\"2019-04-23T15:30:26+00:00\" \/>\n<meta property=\"article:modified_time\" content=\"2019-05-28T20:25:33+00:00\" \/>\n<meta property=\"og:image\" content=\"https:\/\/www.mzone.cz\/wp-content\/uploads\/2019\/04\/blog_macha.jpg\" \/>\n\t<meta property=\"og:image:width\" content=\"1667\" \/>\n\t<meta property=\"og:image:height\" content=\"1121\" \/>\n\t<meta property=\"og:image:type\" content=\"image\/jpeg\" \/>\n<meta name=\"author\" content=\"Mzone\" \/>\n<meta name=\"twitter:card\" content=\"summary_large_image\" \/>\n<meta name=\"twitter:label1\" content=\"Written by\" \/>\n\t<meta name=\"twitter:data1\" content=\"Mzone\" \/>\n\t<meta name=\"twitter:label2\" content=\"Est. reading time\" \/>\n\t<meta name=\"twitter:data2\" content=\"2 minutes\" \/>\n<script type=\"application\/ld+json\" class=\"yoast-schema-graph\">{\"@context\":\"https:\\\/\\\/schema.org\",\"@graph\":[{\"@type\":\"Article\",\"@id\":\"https:\\\/\\\/www.mzone.cz\\\/blog-male-machovske-vyroci\\\/#article\",\"isPartOf\":{\"@id\":\"https:\\\/\\\/www.mzone.cz\\\/blog-male-machovske-vyroci\\\/\"},\"author\":{\"name\":\"Mzone\",\"@id\":\"https:\\\/\\\/www.mzone.cz\\\/#\\\/schema\\\/person\\\/9bc20cc422a99cac4af6ff9297da32d4\"},\"headline\":\"Blog: Mal\u00e9 m\u00e1chovsk\u00e9 v\u00fdro\u010d\u00ed\",\"datePublished\":\"2019-04-23T15:30:26+00:00\",\"dateModified\":\"2019-05-28T20:25:33+00:00\",\"mainEntityOfPage\":{\"@id\":\"https:\\\/\\\/www.mzone.cz\\\/blog-male-machovske-vyroci\\\/\"},\"wordCount\":463,\"commentCount\":0,\"image\":{\"@id\":\"https:\\\/\\\/www.mzone.cz\\\/blog-male-machovske-vyroci\\\/#primaryimage\"},\"thumbnailUrl\":\"https:\\\/\\\/www.mzone.cz\\\/wp-content\\\/uploads\\\/2019\\\/04\\\/blog_macha.jpg\",\"keywords\":[\"b\u00e1sn\u00edk\",\"Blog\",\"d\u00edlo\",\"Ji\u0159\u00ed \u010cepel\u00e1k\",\"Karel Hynek M\u00e1cha\",\"kniha\",\"Kultura\",\"literatura\",\"M\u00e1j\",\"spisovatel\",\"v\u00fdro\u010d\u00ed\",\"vzpom\u00ednka\"],\"articleSection\":[\"Blog\",\"Kultura\",\"Literatura\"],\"inLanguage\":\"en-US\",\"potentialAction\":[{\"@type\":\"CommentAction\",\"name\":\"Comment\",\"target\":[\"https:\\\/\\\/www.mzone.cz\\\/blog-male-machovske-vyroci\\\/#respond\"]}]},{\"@type\":\"WebPage\",\"@id\":\"https:\\\/\\\/www.mzone.cz\\\/blog-male-machovske-vyroci\\\/\",\"url\":\"https:\\\/\\\/www.mzone.cz\\\/blog-male-machovske-vyroci\\\/\",\"name\":\"Blog: Mal\u00e9 m\u00e1chovsk\u00e9 v\u00fdro\u010d\u00ed - Mzone\",\"isPartOf\":{\"@id\":\"https:\\\/\\\/www.mzone.cz\\\/#website\"},\"primaryImageOfPage\":{\"@id\":\"https:\\\/\\\/www.mzone.cz\\\/blog-male-machovske-vyroci\\\/#primaryimage\"},\"image\":{\"@id\":\"https:\\\/\\\/www.mzone.cz\\\/blog-male-machovske-vyroci\\\/#primaryimage\"},\"thumbnailUrl\":\"https:\\\/\\\/www.mzone.cz\\\/wp-content\\\/uploads\\\/2019\\\/04\\\/blog_macha.jpg\",\"datePublished\":\"2019-04-23T15:30:26+00:00\",\"dateModified\":\"2019-05-28T20:25:33+00:00\",\"author\":{\"@id\":\"https:\\\/\\\/www.mzone.cz\\\/#\\\/schema\\\/person\\\/9bc20cc422a99cac4af6ff9297da32d4\"},\"description\":\"Je b\u011b\u017en\u00e9 p\u0159ipom\u00ednat si v\u00fdro\u010d\u00ed, kdy\u017e jejich \u010dasov\u00e9 ur\u010den\u00ed kon\u010d\u00ed \u010d\u00edslic\u00ed 0, n\u011bkdy tak\u00e9 5. Na v\u00fdznamn\u00e9 ud\u00e1losti si m\u016f\u017eeme samoz\u0159ejm\u011b vzpomenout i v\u00a0jin\u00fdch letech.\",\"breadcrumb\":{\"@id\":\"https:\\\/\\\/www.mzone.cz\\\/blog-male-machovske-vyroci\\\/#breadcrumb\"},\"inLanguage\":\"en-US\",\"potentialAction\":[{\"@type\":\"ReadAction\",\"target\":[\"https:\\\/\\\/www.mzone.cz\\\/blog-male-machovske-vyroci\\\/\"]}]},{\"@type\":\"ImageObject\",\"inLanguage\":\"en-US\",\"@id\":\"https:\\\/\\\/www.mzone.cz\\\/blog-male-machovske-vyroci\\\/#primaryimage\",\"url\":\"https:\\\/\\\/www.mzone.cz\\\/wp-content\\\/uploads\\\/2019\\\/04\\\/blog_macha.jpg\",\"contentUrl\":\"https:\\\/\\\/www.mzone.cz\\\/wp-content\\\/uploads\\\/2019\\\/04\\\/blog_macha.jpg\",\"width\":1667,\"height\":1121},{\"@type\":\"BreadcrumbList\",\"@id\":\"https:\\\/\\\/www.mzone.cz\\\/blog-male-machovske-vyroci\\\/#breadcrumb\",\"itemListElement\":[{\"@type\":\"ListItem\",\"position\":1,\"name\":\"Dom\u016f\",\"item\":\"https:\\\/\\\/www.mzone.cz\\\/\"},{\"@type\":\"ListItem\",\"position\":2,\"name\":\"Blog: Mal\u00e9 m\u00e1chovsk\u00e9 v\u00fdro\u010d\u00ed\"}]},{\"@type\":\"WebSite\",\"@id\":\"https:\\\/\\\/www.mzone.cz\\\/#website\",\"url\":\"https:\\\/\\\/www.mzone.cz\\\/\",\"name\":\"Mzone\",\"description\":\"Magaz\u00edn nejen pro mu\u017ee\",\"potentialAction\":[{\"@type\":\"SearchAction\",\"target\":{\"@type\":\"EntryPoint\",\"urlTemplate\":\"https:\\\/\\\/www.mzone.cz\\\/?s={search_term_string}\"},\"query-input\":{\"@type\":\"PropertyValueSpecification\",\"valueRequired\":true,\"valueName\":\"search_term_string\"}}],\"inLanguage\":\"en-US\"},{\"@type\":\"Person\",\"@id\":\"https:\\\/\\\/www.mzone.cz\\\/#\\\/schema\\\/person\\\/9bc20cc422a99cac4af6ff9297da32d4\",\"name\":\"Mzone\",\"image\":{\"@type\":\"ImageObject\",\"inLanguage\":\"en-US\",\"@id\":\"https:\\\/\\\/secure.gravatar.com\\\/avatar\\\/e780a8630f3182a3d06dd667ab6bea151a0d155b0951bc15fe22633acdac0676?s=96&d=mm&r=g\",\"url\":\"https:\\\/\\\/secure.gravatar.com\\\/avatar\\\/e780a8630f3182a3d06dd667ab6bea151a0d155b0951bc15fe22633acdac0676?s=96&d=mm&r=g\",\"contentUrl\":\"https:\\\/\\\/secure.gravatar.com\\\/avatar\\\/e780a8630f3182a3d06dd667ab6bea151a0d155b0951bc15fe22633acdac0676?s=96&d=mm&r=g\",\"caption\":\"Mzone\"},\"url\":\"https:\\\/\\\/www.mzone.cz\\\/en\\\/author\\\/jakub\\\/\"}]}<\/script>\n<!-- \/ Yoast SEO plugin. -->","yoast_head_json":{"title":"Blog: Mal\u00e9 m\u00e1chovsk\u00e9 v\u00fdro\u010d\u00ed - Mzone","description":"Je b\u011b\u017en\u00e9 p\u0159ipom\u00ednat si v\u00fdro\u010d\u00ed, kdy\u017e jejich \u010dasov\u00e9 ur\u010den\u00ed kon\u010d\u00ed \u010d\u00edslic\u00ed 0, n\u011bkdy tak\u00e9 5. Na v\u00fdznamn\u00e9 ud\u00e1losti si m\u016f\u017eeme samoz\u0159ejm\u011b vzpomenout i v\u00a0jin\u00fdch letech.","robots":{"index":"index","follow":"follow","max-snippet":"max-snippet:-1","max-image-preview":"max-image-preview:large","max-video-preview":"max-video-preview:-1"},"canonical":"https:\/\/www.mzone.cz\/en\/blog-male-machovske-vyroci\/","og_locale":"en_US","og_type":"article","og_title":"Blog: Mal\u00e9 m\u00e1chovsk\u00e9 v\u00fdro\u010d\u00ed - Mzone","og_description":"Je b\u011b\u017en\u00e9 p\u0159ipom\u00ednat si v\u00fdro\u010d\u00ed, kdy\u017e jejich \u010dasov\u00e9 ur\u010den\u00ed kon\u010d\u00ed \u010d\u00edslic\u00ed 0, n\u011bkdy tak\u00e9 5. Na v\u00fdznamn\u00e9 ud\u00e1losti si m\u016f\u017eeme samoz\u0159ejm\u011b vzpomenout i v\u00a0jin\u00fdch letech.","og_url":"https:\/\/www.mzone.cz\/en\/blog-male-machovske-vyroci\/","og_site_name":"Mzone","article_publisher":"https:\/\/www.facebook.com\/MzoneCZ\/","article_published_time":"2019-04-23T15:30:26+00:00","article_modified_time":"2019-05-28T20:25:33+00:00","og_image":[{"width":1667,"height":1121,"url":"https:\/\/www.mzone.cz\/wp-content\/uploads\/2019\/04\/blog_macha.jpg","type":"image\/jpeg"}],"author":"Mzone","twitter_card":"summary_large_image","twitter_misc":{"Written by":"Mzone","Est. reading time":"2 minutes"},"schema":{"@context":"https:\/\/schema.org","@graph":[{"@type":"Article","@id":"https:\/\/www.mzone.cz\/blog-male-machovske-vyroci\/#article","isPartOf":{"@id":"https:\/\/www.mzone.cz\/blog-male-machovske-vyroci\/"},"author":{"name":"Mzone","@id":"https:\/\/www.mzone.cz\/#\/schema\/person\/9bc20cc422a99cac4af6ff9297da32d4"},"headline":"Blog: Mal\u00e9 m\u00e1chovsk\u00e9 v\u00fdro\u010d\u00ed","datePublished":"2019-04-23T15:30:26+00:00","dateModified":"2019-05-28T20:25:33+00:00","mainEntityOfPage":{"@id":"https:\/\/www.mzone.cz\/blog-male-machovske-vyroci\/"},"wordCount":463,"commentCount":0,"image":{"@id":"https:\/\/www.mzone.cz\/blog-male-machovske-vyroci\/#primaryimage"},"thumbnailUrl":"https:\/\/www.mzone.cz\/wp-content\/uploads\/2019\/04\/blog_macha.jpg","keywords":["b\u00e1sn\u00edk","Blog","d\u00edlo","Ji\u0159\u00ed \u010cepel\u00e1k","Karel Hynek M\u00e1cha","kniha","Kultura","literatura","M\u00e1j","spisovatel","v\u00fdro\u010d\u00ed","vzpom\u00ednka"],"articleSection":["Blog","Kultura","Literatura"],"inLanguage":"en-US","potentialAction":[{"@type":"CommentAction","name":"Comment","target":["https:\/\/www.mzone.cz\/blog-male-machovske-vyroci\/#respond"]}]},{"@type":"WebPage","@id":"https:\/\/www.mzone.cz\/blog-male-machovske-vyroci\/","url":"https:\/\/www.mzone.cz\/blog-male-machovske-vyroci\/","name":"Blog: Mal\u00e9 m\u00e1chovsk\u00e9 v\u00fdro\u010d\u00ed - Mzone","isPartOf":{"@id":"https:\/\/www.mzone.cz\/#website"},"primaryImageOfPage":{"@id":"https:\/\/www.mzone.cz\/blog-male-machovske-vyroci\/#primaryimage"},"image":{"@id":"https:\/\/www.mzone.cz\/blog-male-machovske-vyroci\/#primaryimage"},"thumbnailUrl":"https:\/\/www.mzone.cz\/wp-content\/uploads\/2019\/04\/blog_macha.jpg","datePublished":"2019-04-23T15:30:26+00:00","dateModified":"2019-05-28T20:25:33+00:00","author":{"@id":"https:\/\/www.mzone.cz\/#\/schema\/person\/9bc20cc422a99cac4af6ff9297da32d4"},"description":"Je b\u011b\u017en\u00e9 p\u0159ipom\u00ednat si v\u00fdro\u010d\u00ed, kdy\u017e jejich \u010dasov\u00e9 ur\u010den\u00ed kon\u010d\u00ed \u010d\u00edslic\u00ed 0, n\u011bkdy tak\u00e9 5. Na v\u00fdznamn\u00e9 ud\u00e1losti si m\u016f\u017eeme samoz\u0159ejm\u011b vzpomenout i v\u00a0jin\u00fdch letech.","breadcrumb":{"@id":"https:\/\/www.mzone.cz\/blog-male-machovske-vyroci\/#breadcrumb"},"inLanguage":"en-US","potentialAction":[{"@type":"ReadAction","target":["https:\/\/www.mzone.cz\/blog-male-machovske-vyroci\/"]}]},{"@type":"ImageObject","inLanguage":"en-US","@id":"https:\/\/www.mzone.cz\/blog-male-machovske-vyroci\/#primaryimage","url":"https:\/\/www.mzone.cz\/wp-content\/uploads\/2019\/04\/blog_macha.jpg","contentUrl":"https:\/\/www.mzone.cz\/wp-content\/uploads\/2019\/04\/blog_macha.jpg","width":1667,"height":1121},{"@type":"BreadcrumbList","@id":"https:\/\/www.mzone.cz\/blog-male-machovske-vyroci\/#breadcrumb","itemListElement":[{"@type":"ListItem","position":1,"name":"Dom\u016f","item":"https:\/\/www.mzone.cz\/"},{"@type":"ListItem","position":2,"name":"Blog: Mal\u00e9 m\u00e1chovsk\u00e9 v\u00fdro\u010d\u00ed"}]},{"@type":"WebSite","@id":"https:\/\/www.mzone.cz\/#website","url":"https:\/\/www.mzone.cz\/","name":"Mzone","description":"Magaz\u00edn nejen pro mu\u017ee","potentialAction":[{"@type":"SearchAction","target":{"@type":"EntryPoint","urlTemplate":"https:\/\/www.mzone.cz\/?s={search_term_string}"},"query-input":{"@type":"PropertyValueSpecification","valueRequired":true,"valueName":"search_term_string"}}],"inLanguage":"en-US"},{"@type":"Person","@id":"https:\/\/www.mzone.cz\/#\/schema\/person\/9bc20cc422a99cac4af6ff9297da32d4","name":"Mzone","image":{"@type":"ImageObject","inLanguage":"en-US","@id":"https:\/\/secure.gravatar.com\/avatar\/e780a8630f3182a3d06dd667ab6bea151a0d155b0951bc15fe22633acdac0676?s=96&d=mm&r=g","url":"https:\/\/secure.gravatar.com\/avatar\/e780a8630f3182a3d06dd667ab6bea151a0d155b0951bc15fe22633acdac0676?s=96&d=mm&r=g","contentUrl":"https:\/\/secure.gravatar.com\/avatar\/e780a8630f3182a3d06dd667ab6bea151a0d155b0951bc15fe22633acdac0676?s=96&d=mm&r=g","caption":"Mzone"},"url":"https:\/\/www.mzone.cz\/en\/author\/jakub\/"}]}},"_links":{"self":[{"href":"https:\/\/www.mzone.cz\/en\/wp-json\/wp\/v2\/posts\/7656","targetHints":{"allow":["GET"]}}],"collection":[{"href":"https:\/\/www.mzone.cz\/en\/wp-json\/wp\/v2\/posts"}],"about":[{"href":"https:\/\/www.mzone.cz\/en\/wp-json\/wp\/v2\/types\/post"}],"author":[{"embeddable":true,"href":"https:\/\/www.mzone.cz\/en\/wp-json\/wp\/v2\/users\/4"}],"replies":[{"embeddable":true,"href":"https:\/\/www.mzone.cz\/en\/wp-json\/wp\/v2\/comments?post=7656"}],"version-history":[{"count":1,"href":"https:\/\/www.mzone.cz\/en\/wp-json\/wp\/v2\/posts\/7656\/revisions"}],"predecessor-version":[{"id":9326,"href":"https:\/\/www.mzone.cz\/en\/wp-json\/wp\/v2\/posts\/7656\/revisions\/9326"}],"wp:featuredmedia":[{"embeddable":true,"href":"https:\/\/www.mzone.cz\/en\/wp-json\/wp\/v2\/media\/7657"}],"wp:attachment":[{"href":"https:\/\/www.mzone.cz\/en\/wp-json\/wp\/v2\/media?parent=7656"}],"wp:term":[{"taxonomy":"category","embeddable":true,"href":"https:\/\/www.mzone.cz\/en\/wp-json\/wp\/v2\/categories?post=7656"},{"taxonomy":"post_tag","embeddable":true,"href":"https:\/\/www.mzone.cz\/en\/wp-json\/wp\/v2\/tags?post=7656"}],"curies":[{"name":"wp","href":"https:\/\/api.w.org\/{rel}","templated":true}]}}