{"id":7758,"date":"2019-06-14T06:00:45","date_gmt":"2019-06-14T04:00:45","guid":{"rendered":"https:\/\/www.mzone.cz\/?p=7758"},"modified":"2019-05-25T07:54:03","modified_gmt":"2019-05-25T05:54:03","slug":"serial-roku-zaklinac-se-na-obrazovkach-objevi-uz-letos","status":"publish","type":"post","link":"https:\/\/www.mzone.cz\/en\/serial-roku-zaklinac-se-na-obrazovkach-objevi-uz-letos\/","title":{"rendered":"Seri\u00e1l roku? Zakl\u00edna\u010d se na obrazovk\u00e1ch objev\u00ed u\u017e letos!"},"content":{"rendered":"<p><strong>P\u016fvod pov\u00eddkov\u00e9ho p\u0159\u00edb\u011bhu&nbsp;Geralta z&nbsp;Rivie&nbsp;sah\u00e1 a\u017e do roku 1986. V&nbsp;roce 2002 jsme mohli sledovat t\u0159in\u00e1ctid\u00edln\u00fd polsk\u00fd seri\u00e1l, kde B\u00edl\u00e9ho Vlka ztv\u00e1rnil&nbsp;Micha\u0142 \u017bebrowski. Na hern\u00ed platformy, ze kter\u00fdch vyt\u011b\u017eil&nbsp;je\u0161t\u011b v\u00edce popularity,&nbsp;pronikl Zakl\u00edna\u010d v&nbsp;roce 2007. T\u0159et\u00ed d\u00edl z&nbsp;roku 2015 s&nbsp;podtitulem Divok\u00fd Hon spolu se dv\u011bma skv\u011bl\u00fdmi datadisky (Srdce z&nbsp;kamene, O&nbsp;v\u00edn\u011b a&nbsp;krvi) hern\u00ed dobrodru\u017estv\u00ed&nbsp;hrdiny (doufejme, \u017ee jen prozat\u00edm) uzav\u0159el.<\/strong><\/p><br>\n\n\n\n<p>Spole\u010dnost Netflix nast\u00ednila, kdy m\u016f\u017eeme \u010dekat premi\u00e9ru seri\u00e1lu Zakl\u00edna\u010d. Popul\u00e1rn\u00ed Geralt z Rivie se na placen\u00e9 televizi objev\u00ed v posledn\u00edm \u010dtvrtlet\u00ed leto\u0161n\u00edho roku a rovnou bude dostupn\u00fdch v\u0161ech osm epizod z prvn\u00ed sez\u00f3ny.<\/p>\n\n\n\n<blockquote class=\"wp-block-quote is-layout-flow wp-block-quote-is-layout-flow\"><p>P\u011btat\u0159icetilet\u00e9ho Henryho Cavilla (Mu\u017e z&nbsp;oceli) jako Geralta z&nbsp;Rivie jsme ji\u017e mohli vid\u011bt v&nbsp;kost\u00fdmu, reakce v\u0161ak byly velmi sm\u00ed\u0161en\u00e9. Zejm\u00e9na pak kritika na hladce oholenou tv\u00e1\u0159 a&nbsp;absenci typick\u00e9 jizvy p\u0159es oko.<\/p><\/blockquote>\n\n\n\n<p>V&nbsp;knih\u00e1ch Geralt nem\u00e1 r\u00e1d vousy, jsou mu nep\u0159\u00edjemn\u00e9 a&nbsp;nepohodln\u00e9. V&nbsp;r\u00e1mci hern\u00edch mechanik jde pak jen o&nbsp;zaj\u00edmav\u00fd prvek, kdy postav\u011b m\u016f\u017eete nechat nar\u016fst d\u00e9lku vous\u016f v&nbsp;z\u00e1vislosti na hern\u00edm \u010dase. Co se jizvy t\u00fd\u010de, d\u011bj seri\u00e1lu se m\u00e1 odehr\u00e1vat v&nbsp;d\u0159\u00edv\u011bj\u0161\u00edch dob\u00e1ch, kdy zakl\u00edna\u010d jizvu je\u0161t\u011b nem\u00e1.&nbsp;A p\u0159ipome\u0148me, \u017ee podle Netflixu m\u00e1 seri\u00e1lov\u00fd Geralt z Rivie bl\u00ed\u017ee ke kni\u017en\u00ed p\u0159edloze.<\/p><br>\n\n\n\n<figure class=\"wp-block-image\"><img loading=\"lazy\" decoding=\"async\" width=\"1024\" height=\"459\" src=\"https:\/\/www.mzone.cz\/wp-content\/uploads\/2019\/04\/Netflix3-1024x459.jpg\" alt=\"\" class=\"wp-image-7763\" srcset=\"https:\/\/www.mzone.cz\/wp-content\/uploads\/2019\/04\/Netflix3-1024x459.jpg 1024w, https:\/\/www.mzone.cz\/wp-content\/uploads\/2019\/04\/Netflix3-300x134.jpg 300w, https:\/\/www.mzone.cz\/wp-content\/uploads\/2019\/04\/Netflix3-768x344.jpg 768w, https:\/\/www.mzone.cz\/wp-content\/uploads\/2019\/04\/Netflix3-590x264.jpg 590w\" sizes=\"auto, (max-width: 1024px) 100vw, 1024px\" \/><\/figure>\n\n\n\n<blockquote class=\"wp-block-quote is-layout-flow wp-block-quote-is-layout-flow\"><p>Zd\u00e1 se ale, \u017ee z\u00e1jem o&nbsp;seri\u00e1l je vysok\u00fd. Od poloviny listopadu 2018 se na make-up test pod\u00edvalo zhruba 3,5 milionu lid\u00ed.<\/p><\/blockquote>\n\n\n\n<p>Seri\u00e1l Netflixu je zalo\u017een na kni\u017en\u00ed s\u00e1ze polsk\u00e9ho autora Andrzeje Sapkowsk\u00e9ho, podobn\u011b jako hern\u00ed RPG s\u00e9rie Zakl\u00edna\u010d od v\u00fdvoj\u00e1\u0159\u016f CD Project Red, jej\u00ed\u017e d\u011bj se ale odehr\u00e1v\u00e1 a\u017e po&nbsp;kni\u017en\u00edm p\u0159\u00edb\u011bhu. Zaj\u00edmavost\u00ed pak je, \u017ee&nbsp;Tomasz Baginski, kter\u00fd re\u017e\u00edroval cinematiky v\u0161ech t\u0159\u00ed zakl\u00edna\u010dsk\u00fdch her&nbsp;CD Projektu Red, bude re\u017e\u00edrovat nejm\u00e9n\u011b jednu epizodu seri\u00e1lu.<\/p><br>\n\n\n\n<div class=\"wp-block-image\"><figure class=\"alignleft is-resized\"><img loading=\"lazy\" decoding=\"async\" src=\"https:\/\/www.mzone.cz\/wp-content\/uploads\/2019\/02\/Avengers-Walt-Disney-Studios-Motion-Pictures-1.jpg\" alt=\"\" class=\"wp-image-4759\" width=\"142\" height=\"98\" srcset=\"https:\/\/www.mzone.cz\/wp-content\/uploads\/2019\/02\/Avengers-Walt-Disney-Studios-Motion-Pictures-1.jpg 658w, https:\/\/www.mzone.cz\/wp-content\/uploads\/2019\/02\/Avengers-Walt-Disney-Studios-Motion-Pictures-1-300x209.jpg 300w, https:\/\/www.mzone.cz\/wp-content\/uploads\/2019\/02\/Avengers-Walt-Disney-Studios-Motion-Pictures-1-590x411.jpg 590w\" sizes=\"auto, (max-width: 142px) 100vw, 142px\" \/><\/figure><\/div>\n\n\n\n<h4><a href=\"https:\/\/www.mzone.cz\/nejlepsi-filmy-roku-2018-hollywood-na-scesti-nejzajimavejsi-film-nemel-jit-vubec-do-kin\/\">Nejlep\u0161\u00ed filmy roku 2018: Hollywood na scest\u00ed, nejzaj\u00edmav\u011bj\u0161\u00ed film nem\u011bl j\u00edt v\u016fbec do kin!<\/a><\/h4><br>\n\n\n\n<p>Mnoh\u00fdm fanou\u0161k\u016fm videohern\u00edho Zakl\u00edna\u010de od polsk\u00e9ho studia CD Projekt RED se verze Geralta a dal\u0161\u00edch d\u016fle\u017eit\u00fdch postav s\u00e9rie v seri\u00e1lu nel\u00edb\u00ed, ale t\u0159eba projekt nedopadne tak \u0161patn\u011b.<\/p><br>\n\n\n\n<figure class=\"wp-block-image\"><img loading=\"lazy\" decoding=\"async\" width=\"1024\" height=\"632\" src=\"https:\/\/www.mzone.cz\/wp-content\/uploads\/2019\/04\/Netflix-2-1024x632.jpg\" alt=\"\" class=\"wp-image-7771\" srcset=\"https:\/\/www.mzone.cz\/wp-content\/uploads\/2019\/04\/Netflix-2-1024x632.jpg 1024w, https:\/\/www.mzone.cz\/wp-content\/uploads\/2019\/04\/Netflix-2-300x185.jpg 300w, https:\/\/www.mzone.cz\/wp-content\/uploads\/2019\/04\/Netflix-2-768x474.jpg 768w, https:\/\/www.mzone.cz\/wp-content\/uploads\/2019\/04\/Netflix-2-590x364.jpg 590w\" sizes=\"auto, (max-width: 1024px) 100vw, 1024px\" \/><\/figure><br>\n\n\n\n<p>Henry Cavill, p\u0159edstavitel Geralta, v ned\u00e1vn\u00e9m rozhovoru prozradil, \u017ee kv\u016fli nat\u00e1\u010den\u00ed mus\u00ed vst\u00e1vat ve t\u0159i hodiny r\u00e1no a jeho pracovn\u00ed den m\u00e1 15 a\u017e 16 hodin. Z toho spoustu \u010dasu str\u00e1v\u00ed na make-upu a dv\u011b hodiny v posilovn\u011b, aby se dostal do formy. Nat\u00e1\u010d\u00ed (nebo nat\u00e1\u010delo se) i v Ma\u010farsku na hrad\u011b Vajdahunyad, stejn\u011b tak v sousedn\u00edm Polsku.<\/p>","protected":false},"excerpt":{"rendered":"<p>P\u016fvod pov\u00eddkov\u00e9ho p\u0159\u00edb\u011bhu&nbsp;Geralta z&nbsp;Rivie&nbsp;sah\u00e1 a\u017e do roku 1986. V&nbsp;roce 2002 jsme mohli sledovat t\u0159in\u00e1ctid\u00edln\u00fd polsk\u00fd seri\u00e1l, kde B\u00edl\u00e9ho Vlka ztv\u00e1rnil&nbsp;Micha\u0142 \u017bebrowski. Na hern\u00ed platformy, ze kter\u00fdch vyt\u011b\u017eil&nbsp;je\u0161t\u011b v\u00edce popularity,&nbsp;pronikl Zakl\u00edna\u010d v&nbsp;roce 2007. T\u0159et\u00ed d\u00edl z&nbsp;roku 2015 s&nbsp;podtitulem Divok\u00fd Hon spolu se dv\u011bma skv\u011bl\u00fdmi datadisky (Srdce z&nbsp;kamene, O&nbsp;v\u00edn\u011b a&nbsp;krvi) hern\u00ed dobrodru\u017estv\u00ed&nbsp;hrdiny (doufejme, \u017ee jen prozat\u00edm) uzav\u0159el. [&hellip;]<\/p>\n","protected":false},"author":4,"featured_media":7759,"comment_status":"open","ping_status":"closed","sticky":false,"template":"","format":"standard","meta":{"kk_blocks_editor_width":"","_kiokenblocks_attr":"","_kiokenblocks_dimensions":"","footnotes":""},"categories":[73,71],"tags":[314,125,798,31,2006,16,1962,2007,1122,410,2005],"class_list":["post-7758","post","type-post","status-publish","format-standard","has-post-thumbnail","hentry","category-filmy","category-kultura","tag-filmy","tag-hra","tag-hry","tag-kultura","tag-netflix","tag-novinka","tag-pocitacova-hra","tag-premiera","tag-serial","tag-televize","tag-zaklinac"],"yoast_head":"<!-- This site is optimized with the Yoast SEO plugin v27.5 - https:\/\/yoast.com\/product\/yoast-seo-wordpress\/ -->\n<title>Seri\u00e1l roku? Zakl\u00edna\u010d se na obrazovk\u00e1ch objev\u00ed u\u017e letos! - Mzone<\/title>\n<meta name=\"description\" content=\"P\u016fvod pov\u00eddkov\u00e9ho p\u0159\u00edb\u011bhu\u00a0Geralta z\u00a0Rivie\u00a0sah\u00e1 a\u017e do roku 1986. V\u00a0roce 2002 jsme mohli sledovat t\u0159in\u00e1ctid\u00edln\u00fd polsk\u00fd seri\u00e1l, kde B\u00edl\u00e9ho Vlka ztv\u00e1rnil\u00a0Micha\u0142 \u017bebrowski. Na hern\u00ed platformy, ze kter\u00fdch vyt\u011b\u017eil\u00a0je\u0161t\u011b v\u00edce popularity,\u00a0pronikl Zakl\u00edna\u010d v\u00a0roce 2007. T\u0159et\u00ed d\u00edl z\u00a0roku 2015 s\u00a0podtitulem Divok\u00fd Hon spolu se dv\u011bma skv\u011bl\u00fdmi datadisky (Srdce z\u00a0kamene, O\u00a0v\u00edn\u011b a\u00a0krvi) hern\u00ed dobrodru\u017estv\u00ed\u00a0hrdiny (doufejme, \u017ee jen prozat\u00edm) uzav\u0159el.\" \/>\n<meta name=\"robots\" content=\"index, follow, max-snippet:-1, max-image-preview:large, max-video-preview:-1\" \/>\n<link rel=\"canonical\" href=\"https:\/\/www.mzone.cz\/en\/serial-roku-zaklinac-se-na-obrazovkach-objevi-uz-letos\/\" \/>\n<meta property=\"og:locale\" content=\"en_US\" \/>\n<meta property=\"og:type\" content=\"article\" \/>\n<meta property=\"og:title\" content=\"Seri\u00e1l roku? Zakl\u00edna\u010d se na obrazovk\u00e1ch objev\u00ed u\u017e letos! - Mzone\" \/>\n<meta property=\"og:description\" content=\"P\u016fvod pov\u00eddkov\u00e9ho p\u0159\u00edb\u011bhu\u00a0Geralta z\u00a0Rivie\u00a0sah\u00e1 a\u017e do roku 1986. V\u00a0roce 2002 jsme mohli sledovat t\u0159in\u00e1ctid\u00edln\u00fd polsk\u00fd seri\u00e1l, kde B\u00edl\u00e9ho Vlka ztv\u00e1rnil\u00a0Micha\u0142 \u017bebrowski. Na hern\u00ed platformy, ze kter\u00fdch vyt\u011b\u017eil\u00a0je\u0161t\u011b v\u00edce popularity,\u00a0pronikl Zakl\u00edna\u010d v\u00a0roce 2007. T\u0159et\u00ed d\u00edl z\u00a0roku 2015 s\u00a0podtitulem Divok\u00fd Hon spolu se dv\u011bma skv\u011bl\u00fdmi datadisky (Srdce z\u00a0kamene, O\u00a0v\u00edn\u011b a\u00a0krvi) hern\u00ed dobrodru\u017estv\u00ed\u00a0hrdiny (doufejme, \u017ee jen prozat\u00edm) uzav\u0159el.\" \/>\n<meta property=\"og:url\" content=\"https:\/\/www.mzone.cz\/en\/serial-roku-zaklinac-se-na-obrazovkach-objevi-uz-letos\/\" \/>\n<meta property=\"og:site_name\" content=\"Mzone\" \/>\n<meta property=\"article:publisher\" content=\"https:\/\/www.facebook.com\/MzoneCZ\/\" \/>\n<meta property=\"article:published_time\" content=\"2019-06-14T04:00:45+00:00\" \/>\n<meta property=\"og:image\" content=\"https:\/\/www.mzone.cz\/wp-content\/uploads\/2019\/04\/eye-Netflix-1.jpg\" \/>\n\t<meta property=\"og:image:width\" content=\"2619\" \/>\n\t<meta property=\"og:image:height\" content=\"1746\" \/>\n\t<meta property=\"og:image:type\" content=\"image\/jpeg\" \/>\n<meta name=\"author\" content=\"Mzone\" \/>\n<meta name=\"twitter:card\" content=\"summary_large_image\" \/>\n<meta name=\"twitter:label1\" content=\"Written by\" \/>\n\t<meta name=\"twitter:data1\" content=\"Mzone\" \/>\n\t<meta name=\"twitter:label2\" content=\"Est. reading time\" \/>\n\t<meta name=\"twitter:data2\" content=\"3 minutes\" \/>\n<script type=\"application\/ld+json\" class=\"yoast-schema-graph\">{\"@context\":\"https:\\\/\\\/schema.org\",\"@graph\":[{\"@type\":\"Article\",\"@id\":\"https:\\\/\\\/www.mzone.cz\\\/serial-roku-zaklinac-se-na-obrazovkach-objevi-uz-letos\\\/#article\",\"isPartOf\":{\"@id\":\"https:\\\/\\\/www.mzone.cz\\\/serial-roku-zaklinac-se-na-obrazovkach-objevi-uz-letos\\\/\"},\"author\":{\"name\":\"Mzone\",\"@id\":\"https:\\\/\\\/www.mzone.cz\\\/#\\\/schema\\\/person\\\/9bc20cc422a99cac4af6ff9297da32d4\"},\"headline\":\"Seri\u00e1l roku? Zakl\u00edna\u010d se na obrazovk\u00e1ch objev\u00ed u\u017e letos!\",\"datePublished\":\"2019-06-14T04:00:45+00:00\",\"mainEntityOfPage\":{\"@id\":\"https:\\\/\\\/www.mzone.cz\\\/serial-roku-zaklinac-se-na-obrazovkach-objevi-uz-letos\\\/\"},\"wordCount\":540,\"commentCount\":0,\"image\":{\"@id\":\"https:\\\/\\\/www.mzone.cz\\\/serial-roku-zaklinac-se-na-obrazovkach-objevi-uz-letos\\\/#primaryimage\"},\"thumbnailUrl\":\"https:\\\/\\\/www.mzone.cz\\\/wp-content\\\/uploads\\\/2019\\\/04\\\/eye-Netflix-1.jpg\",\"keywords\":[\"Filmy\",\"hra\",\"hry\",\"Kultura\",\"Netflix\",\"Novinka\",\"po\u010d\u00edta\u010dov\u00e1 hra\",\"premi\u00e9ra\",\"seri\u00e1l\",\"televize\",\"Zakl\u00edna\u010d\"],\"articleSection\":[\"Filmy\",\"Kultura\"],\"inLanguage\":\"en-US\",\"potentialAction\":[{\"@type\":\"CommentAction\",\"name\":\"Comment\",\"target\":[\"https:\\\/\\\/www.mzone.cz\\\/serial-roku-zaklinac-se-na-obrazovkach-objevi-uz-letos\\\/#respond\"]}]},{\"@type\":\"WebPage\",\"@id\":\"https:\\\/\\\/www.mzone.cz\\\/serial-roku-zaklinac-se-na-obrazovkach-objevi-uz-letos\\\/\",\"url\":\"https:\\\/\\\/www.mzone.cz\\\/serial-roku-zaklinac-se-na-obrazovkach-objevi-uz-letos\\\/\",\"name\":\"Seri\u00e1l roku? Zakl\u00edna\u010d se na obrazovk\u00e1ch objev\u00ed u\u017e letos! - Mzone\",\"isPartOf\":{\"@id\":\"https:\\\/\\\/www.mzone.cz\\\/#website\"},\"primaryImageOfPage\":{\"@id\":\"https:\\\/\\\/www.mzone.cz\\\/serial-roku-zaklinac-se-na-obrazovkach-objevi-uz-letos\\\/#primaryimage\"},\"image\":{\"@id\":\"https:\\\/\\\/www.mzone.cz\\\/serial-roku-zaklinac-se-na-obrazovkach-objevi-uz-letos\\\/#primaryimage\"},\"thumbnailUrl\":\"https:\\\/\\\/www.mzone.cz\\\/wp-content\\\/uploads\\\/2019\\\/04\\\/eye-Netflix-1.jpg\",\"datePublished\":\"2019-06-14T04:00:45+00:00\",\"author\":{\"@id\":\"https:\\\/\\\/www.mzone.cz\\\/#\\\/schema\\\/person\\\/9bc20cc422a99cac4af6ff9297da32d4\"},\"description\":\"P\u016fvod pov\u00eddkov\u00e9ho p\u0159\u00edb\u011bhu\u00a0Geralta z\u00a0Rivie\u00a0sah\u00e1 a\u017e do roku 1986. V\u00a0roce 2002 jsme mohli sledovat t\u0159in\u00e1ctid\u00edln\u00fd polsk\u00fd seri\u00e1l, kde B\u00edl\u00e9ho Vlka ztv\u00e1rnil\u00a0Micha\u0142 \u017bebrowski. Na hern\u00ed platformy, ze kter\u00fdch vyt\u011b\u017eil\u00a0je\u0161t\u011b v\u00edce popularity,\u00a0pronikl Zakl\u00edna\u010d v\u00a0roce 2007. T\u0159et\u00ed d\u00edl z\u00a0roku 2015 s\u00a0podtitulem Divok\u00fd Hon spolu se dv\u011bma skv\u011bl\u00fdmi datadisky (Srdce z\u00a0kamene, O\u00a0v\u00edn\u011b a\u00a0krvi) hern\u00ed dobrodru\u017estv\u00ed\u00a0hrdiny (doufejme, \u017ee jen prozat\u00edm) uzav\u0159el.\",\"breadcrumb\":{\"@id\":\"https:\\\/\\\/www.mzone.cz\\\/serial-roku-zaklinac-se-na-obrazovkach-objevi-uz-letos\\\/#breadcrumb\"},\"inLanguage\":\"en-US\",\"potentialAction\":[{\"@type\":\"ReadAction\",\"target\":[\"https:\\\/\\\/www.mzone.cz\\\/serial-roku-zaklinac-se-na-obrazovkach-objevi-uz-letos\\\/\"]}]},{\"@type\":\"ImageObject\",\"inLanguage\":\"en-US\",\"@id\":\"https:\\\/\\\/www.mzone.cz\\\/serial-roku-zaklinac-se-na-obrazovkach-objevi-uz-letos\\\/#primaryimage\",\"url\":\"https:\\\/\\\/www.mzone.cz\\\/wp-content\\\/uploads\\\/2019\\\/04\\\/eye-Netflix-1.jpg\",\"contentUrl\":\"https:\\\/\\\/www.mzone.cz\\\/wp-content\\\/uploads\\\/2019\\\/04\\\/eye-Netflix-1.jpg\",\"width\":2619,\"height\":1746},{\"@type\":\"BreadcrumbList\",\"@id\":\"https:\\\/\\\/www.mzone.cz\\\/serial-roku-zaklinac-se-na-obrazovkach-objevi-uz-letos\\\/#breadcrumb\",\"itemListElement\":[{\"@type\":\"ListItem\",\"position\":1,\"name\":\"Dom\u016f\",\"item\":\"https:\\\/\\\/www.mzone.cz\\\/\"},{\"@type\":\"ListItem\",\"position\":2,\"name\":\"Seri\u00e1l roku? Zakl\u00edna\u010d se na obrazovk\u00e1ch objev\u00ed u\u017e letos!\"}]},{\"@type\":\"WebSite\",\"@id\":\"https:\\\/\\\/www.mzone.cz\\\/#website\",\"url\":\"https:\\\/\\\/www.mzone.cz\\\/\",\"name\":\"Mzone\",\"description\":\"Magaz\u00edn nejen pro mu\u017ee\",\"potentialAction\":[{\"@type\":\"SearchAction\",\"target\":{\"@type\":\"EntryPoint\",\"urlTemplate\":\"https:\\\/\\\/www.mzone.cz\\\/?s={search_term_string}\"},\"query-input\":{\"@type\":\"PropertyValueSpecification\",\"valueRequired\":true,\"valueName\":\"search_term_string\"}}],\"inLanguage\":\"en-US\"},{\"@type\":\"Person\",\"@id\":\"https:\\\/\\\/www.mzone.cz\\\/#\\\/schema\\\/person\\\/9bc20cc422a99cac4af6ff9297da32d4\",\"name\":\"Mzone\",\"image\":{\"@type\":\"ImageObject\",\"inLanguage\":\"en-US\",\"@id\":\"https:\\\/\\\/secure.gravatar.com\\\/avatar\\\/e780a8630f3182a3d06dd667ab6bea151a0d155b0951bc15fe22633acdac0676?s=96&d=mm&r=g\",\"url\":\"https:\\\/\\\/secure.gravatar.com\\\/avatar\\\/e780a8630f3182a3d06dd667ab6bea151a0d155b0951bc15fe22633acdac0676?s=96&d=mm&r=g\",\"contentUrl\":\"https:\\\/\\\/secure.gravatar.com\\\/avatar\\\/e780a8630f3182a3d06dd667ab6bea151a0d155b0951bc15fe22633acdac0676?s=96&d=mm&r=g\",\"caption\":\"Mzone\"},\"url\":\"https:\\\/\\\/www.mzone.cz\\\/en\\\/author\\\/jakub\\\/\"}]}<\/script>\n<!-- \/ Yoast SEO plugin. -->","yoast_head_json":{"title":"Seri\u00e1l roku? Zakl\u00edna\u010d se na obrazovk\u00e1ch objev\u00ed u\u017e letos! - Mzone","description":"P\u016fvod pov\u00eddkov\u00e9ho p\u0159\u00edb\u011bhu\u00a0Geralta z\u00a0Rivie\u00a0sah\u00e1 a\u017e do roku 1986. V\u00a0roce 2002 jsme mohli sledovat t\u0159in\u00e1ctid\u00edln\u00fd polsk\u00fd seri\u00e1l, kde B\u00edl\u00e9ho Vlka ztv\u00e1rnil\u00a0Micha\u0142 \u017bebrowski. Na hern\u00ed platformy, ze kter\u00fdch vyt\u011b\u017eil\u00a0je\u0161t\u011b v\u00edce popularity,\u00a0pronikl Zakl\u00edna\u010d v\u00a0roce 2007. T\u0159et\u00ed d\u00edl z\u00a0roku 2015 s\u00a0podtitulem Divok\u00fd Hon spolu se dv\u011bma skv\u011bl\u00fdmi datadisky (Srdce z\u00a0kamene, O\u00a0v\u00edn\u011b a\u00a0krvi) hern\u00ed dobrodru\u017estv\u00ed\u00a0hrdiny (doufejme, \u017ee jen prozat\u00edm) uzav\u0159el.","robots":{"index":"index","follow":"follow","max-snippet":"max-snippet:-1","max-image-preview":"max-image-preview:large","max-video-preview":"max-video-preview:-1"},"canonical":"https:\/\/www.mzone.cz\/en\/serial-roku-zaklinac-se-na-obrazovkach-objevi-uz-letos\/","og_locale":"en_US","og_type":"article","og_title":"Seri\u00e1l roku? Zakl\u00edna\u010d se na obrazovk\u00e1ch objev\u00ed u\u017e letos! - Mzone","og_description":"P\u016fvod pov\u00eddkov\u00e9ho p\u0159\u00edb\u011bhu\u00a0Geralta z\u00a0Rivie\u00a0sah\u00e1 a\u017e do roku 1986. V\u00a0roce 2002 jsme mohli sledovat t\u0159in\u00e1ctid\u00edln\u00fd polsk\u00fd seri\u00e1l, kde B\u00edl\u00e9ho Vlka ztv\u00e1rnil\u00a0Micha\u0142 \u017bebrowski. Na hern\u00ed platformy, ze kter\u00fdch vyt\u011b\u017eil\u00a0je\u0161t\u011b v\u00edce popularity,\u00a0pronikl Zakl\u00edna\u010d v\u00a0roce 2007. T\u0159et\u00ed d\u00edl z\u00a0roku 2015 s\u00a0podtitulem Divok\u00fd Hon spolu se dv\u011bma skv\u011bl\u00fdmi datadisky (Srdce z\u00a0kamene, O\u00a0v\u00edn\u011b a\u00a0krvi) hern\u00ed dobrodru\u017estv\u00ed\u00a0hrdiny (doufejme, \u017ee jen prozat\u00edm) uzav\u0159el.","og_url":"https:\/\/www.mzone.cz\/en\/serial-roku-zaklinac-se-na-obrazovkach-objevi-uz-letos\/","og_site_name":"Mzone","article_publisher":"https:\/\/www.facebook.com\/MzoneCZ\/","article_published_time":"2019-06-14T04:00:45+00:00","og_image":[{"width":2619,"height":1746,"url":"https:\/\/www.mzone.cz\/wp-content\/uploads\/2019\/04\/eye-Netflix-1.jpg","type":"image\/jpeg"}],"author":"Mzone","twitter_card":"summary_large_image","twitter_misc":{"Written by":"Mzone","Est. reading time":"3 minutes"},"schema":{"@context":"https:\/\/schema.org","@graph":[{"@type":"Article","@id":"https:\/\/www.mzone.cz\/serial-roku-zaklinac-se-na-obrazovkach-objevi-uz-letos\/#article","isPartOf":{"@id":"https:\/\/www.mzone.cz\/serial-roku-zaklinac-se-na-obrazovkach-objevi-uz-letos\/"},"author":{"name":"Mzone","@id":"https:\/\/www.mzone.cz\/#\/schema\/person\/9bc20cc422a99cac4af6ff9297da32d4"},"headline":"Seri\u00e1l roku? Zakl\u00edna\u010d se na obrazovk\u00e1ch objev\u00ed u\u017e letos!","datePublished":"2019-06-14T04:00:45+00:00","mainEntityOfPage":{"@id":"https:\/\/www.mzone.cz\/serial-roku-zaklinac-se-na-obrazovkach-objevi-uz-letos\/"},"wordCount":540,"commentCount":0,"image":{"@id":"https:\/\/www.mzone.cz\/serial-roku-zaklinac-se-na-obrazovkach-objevi-uz-letos\/#primaryimage"},"thumbnailUrl":"https:\/\/www.mzone.cz\/wp-content\/uploads\/2019\/04\/eye-Netflix-1.jpg","keywords":["Filmy","hra","hry","Kultura","Netflix","Novinka","po\u010d\u00edta\u010dov\u00e1 hra","premi\u00e9ra","seri\u00e1l","televize","Zakl\u00edna\u010d"],"articleSection":["Filmy","Kultura"],"inLanguage":"en-US","potentialAction":[{"@type":"CommentAction","name":"Comment","target":["https:\/\/www.mzone.cz\/serial-roku-zaklinac-se-na-obrazovkach-objevi-uz-letos\/#respond"]}]},{"@type":"WebPage","@id":"https:\/\/www.mzone.cz\/serial-roku-zaklinac-se-na-obrazovkach-objevi-uz-letos\/","url":"https:\/\/www.mzone.cz\/serial-roku-zaklinac-se-na-obrazovkach-objevi-uz-letos\/","name":"Seri\u00e1l roku? Zakl\u00edna\u010d se na obrazovk\u00e1ch objev\u00ed u\u017e letos! - Mzone","isPartOf":{"@id":"https:\/\/www.mzone.cz\/#website"},"primaryImageOfPage":{"@id":"https:\/\/www.mzone.cz\/serial-roku-zaklinac-se-na-obrazovkach-objevi-uz-letos\/#primaryimage"},"image":{"@id":"https:\/\/www.mzone.cz\/serial-roku-zaklinac-se-na-obrazovkach-objevi-uz-letos\/#primaryimage"},"thumbnailUrl":"https:\/\/www.mzone.cz\/wp-content\/uploads\/2019\/04\/eye-Netflix-1.jpg","datePublished":"2019-06-14T04:00:45+00:00","author":{"@id":"https:\/\/www.mzone.cz\/#\/schema\/person\/9bc20cc422a99cac4af6ff9297da32d4"},"description":"P\u016fvod pov\u00eddkov\u00e9ho p\u0159\u00edb\u011bhu\u00a0Geralta z\u00a0Rivie\u00a0sah\u00e1 a\u017e do roku 1986. V\u00a0roce 2002 jsme mohli sledovat t\u0159in\u00e1ctid\u00edln\u00fd polsk\u00fd seri\u00e1l, kde B\u00edl\u00e9ho Vlka ztv\u00e1rnil\u00a0Micha\u0142 \u017bebrowski. Na hern\u00ed platformy, ze kter\u00fdch vyt\u011b\u017eil\u00a0je\u0161t\u011b v\u00edce popularity,\u00a0pronikl Zakl\u00edna\u010d v\u00a0roce 2007. T\u0159et\u00ed d\u00edl z\u00a0roku 2015 s\u00a0podtitulem Divok\u00fd Hon spolu se dv\u011bma skv\u011bl\u00fdmi datadisky (Srdce z\u00a0kamene, O\u00a0v\u00edn\u011b a\u00a0krvi) hern\u00ed dobrodru\u017estv\u00ed\u00a0hrdiny (doufejme, \u017ee jen prozat\u00edm) uzav\u0159el.","breadcrumb":{"@id":"https:\/\/www.mzone.cz\/serial-roku-zaklinac-se-na-obrazovkach-objevi-uz-letos\/#breadcrumb"},"inLanguage":"en-US","potentialAction":[{"@type":"ReadAction","target":["https:\/\/www.mzone.cz\/serial-roku-zaklinac-se-na-obrazovkach-objevi-uz-letos\/"]}]},{"@type":"ImageObject","inLanguage":"en-US","@id":"https:\/\/www.mzone.cz\/serial-roku-zaklinac-se-na-obrazovkach-objevi-uz-letos\/#primaryimage","url":"https:\/\/www.mzone.cz\/wp-content\/uploads\/2019\/04\/eye-Netflix-1.jpg","contentUrl":"https:\/\/www.mzone.cz\/wp-content\/uploads\/2019\/04\/eye-Netflix-1.jpg","width":2619,"height":1746},{"@type":"BreadcrumbList","@id":"https:\/\/www.mzone.cz\/serial-roku-zaklinac-se-na-obrazovkach-objevi-uz-letos\/#breadcrumb","itemListElement":[{"@type":"ListItem","position":1,"name":"Dom\u016f","item":"https:\/\/www.mzone.cz\/"},{"@type":"ListItem","position":2,"name":"Seri\u00e1l roku? Zakl\u00edna\u010d se na obrazovk\u00e1ch objev\u00ed u\u017e letos!"}]},{"@type":"WebSite","@id":"https:\/\/www.mzone.cz\/#website","url":"https:\/\/www.mzone.cz\/","name":"Mzone","description":"Magaz\u00edn nejen pro mu\u017ee","potentialAction":[{"@type":"SearchAction","target":{"@type":"EntryPoint","urlTemplate":"https:\/\/www.mzone.cz\/?s={search_term_string}"},"query-input":{"@type":"PropertyValueSpecification","valueRequired":true,"valueName":"search_term_string"}}],"inLanguage":"en-US"},{"@type":"Person","@id":"https:\/\/www.mzone.cz\/#\/schema\/person\/9bc20cc422a99cac4af6ff9297da32d4","name":"Mzone","image":{"@type":"ImageObject","inLanguage":"en-US","@id":"https:\/\/secure.gravatar.com\/avatar\/e780a8630f3182a3d06dd667ab6bea151a0d155b0951bc15fe22633acdac0676?s=96&d=mm&r=g","url":"https:\/\/secure.gravatar.com\/avatar\/e780a8630f3182a3d06dd667ab6bea151a0d155b0951bc15fe22633acdac0676?s=96&d=mm&r=g","contentUrl":"https:\/\/secure.gravatar.com\/avatar\/e780a8630f3182a3d06dd667ab6bea151a0d155b0951bc15fe22633acdac0676?s=96&d=mm&r=g","caption":"Mzone"},"url":"https:\/\/www.mzone.cz\/en\/author\/jakub\/"}]}},"_links":{"self":[{"href":"https:\/\/www.mzone.cz\/en\/wp-json\/wp\/v2\/posts\/7758","targetHints":{"allow":["GET"]}}],"collection":[{"href":"https:\/\/www.mzone.cz\/en\/wp-json\/wp\/v2\/posts"}],"about":[{"href":"https:\/\/www.mzone.cz\/en\/wp-json\/wp\/v2\/types\/post"}],"author":[{"embeddable":true,"href":"https:\/\/www.mzone.cz\/en\/wp-json\/wp\/v2\/users\/4"}],"replies":[{"embeddable":true,"href":"https:\/\/www.mzone.cz\/en\/wp-json\/wp\/v2\/comments?post=7758"}],"version-history":[{"count":1,"href":"https:\/\/www.mzone.cz\/en\/wp-json\/wp\/v2\/posts\/7758\/revisions"}],"predecessor-version":[{"id":9145,"href":"https:\/\/www.mzone.cz\/en\/wp-json\/wp\/v2\/posts\/7758\/revisions\/9145"}],"wp:featuredmedia":[{"embeddable":true,"href":"https:\/\/www.mzone.cz\/en\/wp-json\/wp\/v2\/media\/7759"}],"wp:attachment":[{"href":"https:\/\/www.mzone.cz\/en\/wp-json\/wp\/v2\/media?parent=7758"}],"wp:term":[{"taxonomy":"category","embeddable":true,"href":"https:\/\/www.mzone.cz\/en\/wp-json\/wp\/v2\/categories?post=7758"},{"taxonomy":"post_tag","embeddable":true,"href":"https:\/\/www.mzone.cz\/en\/wp-json\/wp\/v2\/tags?post=7758"}],"curies":[{"name":"wp","href":"https:\/\/api.w.org\/{rel}","templated":true}]}}