{"id":8225,"date":"2023-02-19T10:00:33","date_gmt":"2023-02-19T09:00:33","guid":{"rendered":"https:\/\/www.mzone.cz\/?p=8225"},"modified":"2023-02-19T11:00:32","modified_gmt":"2023-02-19T10:00:32","slug":"od-karla-iv-po-zufanka-aneb-pribeh-ceske-palenky","status":"publish","type":"post","link":"https:\/\/www.mzone.cz\/en\/od-karla-iv-po-zufanka-aneb-pribeh-ceske-palenky\/","title":{"rendered":"Od Karla IV. po \u017duf\u00e1nka aneb p\u0159\u00edb\u011bh \u010desk\u00e9 p\u00e1lenky"},"content":{"rendered":"<p><strong>N\u00e1zev p\u00e1lenka je&nbsp;odvozen od&nbsp;zku\u0161enosti na\u0161ich p\u0159edk\u016f s&nbsp;p\u00e1len\u00edm kvasu, \u010d\u00edm\u017e z\u00edsk\u00e1vali z&nbsp;p\u016fvodn\u00ed v\u00fdchoz\u00ed l\u00e1tky tekutinu s&nbsp;vy\u0161\u0161\u00edm obsahem alkoholu. Kdy&nbsp;p\u0159esn\u011b si&nbsp;ov\u0161em tuto zku\u0161enost osvojili? Podle prvn\u00edch p\u00edsemn\u00fdch zpr\u00e1v lze&nbsp;p\u00e1len\u00ed z&nbsp;ovoce datovat do&nbsp;dob&nbsp;Lucemburk\u016f, a\u010dkoli proces p\u00e1len\u00ed byl&nbsp;ji\u017e&nbsp;v\u0161eobecn\u011b n\u011bjakou dobu zn\u00e1m\u00fd.<\/strong><\/p><br>\n\n\n\n<p>Alkohol se&nbsp;vyskytuje po&nbsp;boku \u010dlov\u011bka ji\u017e&nbsp;odnepam\u011bti, v&nbsp;p\u0159\u00edrod\u011b vznik\u00e1 prost\u0159ednictv\u00edm kvasn\u00e9ho procesu tak\u0159ka samovoln\u011b. S&nbsp;p\u0159ihl\u00e9dnut\u00edm k&nbsp;velmi limitovan\u00e9mu mno\u017estv\u00ed pramen\u016f je&nbsp;ale&nbsp;v\u00edce ne\u017e&nbsp;n\u00e1ro\u010dn\u00e9 p\u0159esn\u011b stanovit, kdy&nbsp;byly vyrobeny prvn\u00ed alkoholick\u00e9 n\u00e1poje. Snad n\u011bkdo vyma\u010dkal mo\u0161t z&nbsp;ulo\u017een\u00fdch plan\u00fdch jablek, nebo zkvasily vyma\u010dkan\u00e9 hrozny ve&nbsp;v\u00edno, anebo pouze n\u011bkdo zvedl ze&nbsp;zem\u011b p\u0159irozen\u011b zkva\u0161en\u00e9 ovoce.<\/p>\n\n\n\n<blockquote class=\"wp-block-quote is-layout-flow wp-block-quote-is-layout-flow\"><p>Pravdou nicm\u00e9n\u011b z\u016fst\u00e1v\u00e1, \u017ee&nbsp;\u010dlov\u011bk u\u017e&nbsp;po&nbsp;cel\u00e1 tis\u00edcilet\u00ed vyhled\u00e1v\u00e1 organick\u00e9 l\u00e1tky, je\u017e&nbsp;prim\u00e1rn\u011b neslou\u017e\u00ed ani&nbsp;k&nbsp;zaji\u0161t\u011bn\u00ed ob\u017eivy, nato\u017e k&nbsp;nezbytn\u00e9mu chodu tr\u00e1vic\u00edho syst\u00e9mu \u010di&nbsp;biologick\u00e9 reprodukci, n\u00fdbr\u017e k&nbsp;dosa\u017een\u00ed mimo\u0159\u00e1dn\u00fdch du\u0161evn\u00edch stav\u016f. A&nbsp;pr\u00e1v\u011b tyto stavy v&nbsp;mnohon\u00e1sobn\u011b v\u011bt\u0161\u00ed m\u00ed\u0159e p\u0159inesla znalost destilace, kter\u00e1 \u0161la&nbsp;ruku v&nbsp;ruce se&nbsp;\u0161\u00ed\u0159en\u00edm medic\u00edny.<\/p><\/blockquote>\n\n\n\n<p>P\u0159esto\u017ee se&nbsp;objevuj\u00ed zpr\u00e1vy, \u017ee&nbsp;proces destilace znali z\u0159ejm\u011b ji\u017e&nbsp;starov\u011bc\u00ed Egyp\u0165an\u00e9 nebo \u010c\u00ed\u0148an\u00e9, \u00fadaje o&nbsp;tom, k&nbsp;\u010demu byl&nbsp;v&nbsp;t\u011bchto kultur\u00e1ch v\u00fdsledn\u00fd produkt vyu\u017e\u00edv\u00e1n, se&nbsp;ale&nbsp;podstatn\u011b li\u0161\u00ed. Zpo\u010d\u00e1tku m\u011bl&nbsp;b\u00fdt&nbsp;toti\u017e alkohol vyu\u017e\u00edv\u00e1n pouze v&nbsp;l\u00e9ka\u0159stv\u00ed, zat\u00edmco pozd\u011bji slou\u017eil k&nbsp;v\u00fdrob\u011b vonn\u00fdch esenc\u00ed.<\/p><br>\n\n\n\n<figure class=\"wp-block-image\"><img loading=\"lazy\" decoding=\"async\" width=\"1024\" height=\"611\" src=\"https:\/\/www.mzone.cz\/wp-content\/uploads\/2019\/05\/Depositphotos_75501943_l-2015-1024x611.jpg\" alt=\"\" class=\"wp-image-8234\" srcset=\"https:\/\/www.mzone.cz\/wp-content\/uploads\/2019\/05\/Depositphotos_75501943_l-2015-1024x611.jpg 1024w, https:\/\/www.mzone.cz\/wp-content\/uploads\/2019\/05\/Depositphotos_75501943_l-2015-300x179.jpg 300w, https:\/\/www.mzone.cz\/wp-content\/uploads\/2019\/05\/Depositphotos_75501943_l-2015-768x458.jpg 768w, https:\/\/www.mzone.cz\/wp-content\/uploads\/2019\/05\/Depositphotos_75501943_l-2015-590x352.jpg 590w, https:\/\/www.mzone.cz\/wp-content\/uploads\/2019\/05\/Depositphotos_75501943_l-2015.jpg 1999w\" sizes=\"auto, (max-width: 1024px) 100vw, 1024px\" \/><\/figure><br>\n\n\n\n<p>Navzdory v\u0161em domn\u011bnk\u00e1m v\u0161ak prvn\u00ed p\u00edsemn\u00fd pramen zmi\u0148uj\u00edc\u00ed destilaci poch\u00e1z\u00ed a\u017e&nbsp;8. stolet\u00ed. Ve&nbsp;spisu Testamentum Geberi, regis Indiae tehdy arabsk\u00fd l\u00e9ka\u0159 Geber p\u0159esn\u011b popsal, jak&nbsp;lze&nbsp;z&nbsp;b\u00edl\u00e9ho v\u00edna p\u0159ipravit tzv. aqua vitae, tedy vodu \u017eivota.<\/p>\n\n\n\n<blockquote class=\"wp-block-quote is-layout-flow wp-block-quote-is-layout-flow\"><p>Krom\u011b n\u00e1zvu odkazuj\u00edc\u00edho na&nbsp;pomysln\u00fd pramen ml\u00e1d\u00ed se&nbsp;v&nbsp;10. stolet\u00ed p\u00e1len\u00ed v\u00edna roz\u0161\u00ed\u0159ilo od&nbsp;Arab\u016f natolik, \u017ee&nbsp;proniklo i&nbsp;do&nbsp;italsk\u00fdch kl\u00e1\u0161ter\u016f, kde&nbsp;mu&nbsp;byla prop\u016fj\u010dena dal\u0161\u00ed jm\u00e9na jako ohniv\u00e1 voda nebo nebesk\u00e9 sv\u011btlo.<\/p><\/blockquote>\n\n\n\n<p>V\u00fdvoj a&nbsp;dal\u0161\u00ed cestu nap\u0159\u00ed\u010d kulturami dokazuje tak\u00e9 nap\u0159\u00edklad st\u0159edov\u011bk\u00fd popis zesilov\u00e1n\u00ed destil\u00e1tu rektifikac\u00ed, kter\u00fd poskytl Raymondus Lullus, \u017eij\u00edc\u00ed p\u0159ev\u00e1\u017en\u011b ve&nbsp;13. stolet\u00ed, kdy\u017e doporu\u010doval destilaci opakovat t\u0159ikr\u00e1t a\u017e&nbsp;\u010dty\u0159ikr\u00e1t.<\/p>\n\n\n\n<h2 class=\"wp-block-heading\"><br>Od Lucemburk\u016f po&nbsp;\u201en\u00e1rodn\u00ed\u201c obrozen\u00ed<\/h2>\n\n\n\n<p>P\u016fsoben\u00edm student\u016f, l\u00e9ka\u0159\u016f, l\u00e9k\u00e1rn\u00edk\u016f a&nbsp;r\u016fzn\u00fdch alchymist\u016f se&nbsp;posl\u00e9ze za&nbsp;vl\u00e1dy Jana Lucemburka na&nbsp;po\u010d\u00e1tku 14. stolet\u00ed dostaly znalosti destilace rovn\u011b\u017e do&nbsp;\u010cech. V\u00fdroba destil\u00e1t\u016f se&nbsp;v\u0161ak u&nbsp;n\u00e1s&nbsp;rozmohla hlavn\u011b za&nbsp;vl\u00e1dy Karla IV., jen\u017e se&nbsp;zaslou\u017eil o&nbsp;roz\u0161i\u0159ov\u00e1n\u00ed vinic. Tehdy vy\u0161\u0161\u00ed v\u00fdnosy umo\u017enily po\u010d\u00e1tek p\u00e1len\u00ed z&nbsp;p\u011bstovan\u00e9 vinn\u00e9 r\u00e9vy. Na&nbsp;t\u011bchto z\u00e1kladech tedy stav\u011bl pozd\u011bji i&nbsp;V\u00e1clav IV., kter\u00fd v&nbsp;Kutn\u00e9 Ho\u0159e zalo\u017eil prvn\u00ed vinopalnu v\u011bt\u0161\u00edch rozm\u011br\u016f. B\u011bhem 15. stolet\u00ed se&nbsp;n\u00e1sledn\u011b vinopalnictv\u00ed uplatnilo v&nbsp;dal\u0161\u00edch m\u011bstech, a&nbsp;vzniklo tud\u00ed\u017e cel\u00e9 nov\u00e9 \u0159emeslo.<\/p>\n\n\n\n<blockquote class=\"wp-block-quote is-layout-flow wp-block-quote-is-layout-flow\"><p>Z\u00edsk\u00e1v\u00e1n\u00ed p\u00e1lenek prob\u00edhalo je\u0161t\u011b v&nbsp;pom\u011brn\u011b mal\u00fdch objemech ve&nbsp;sklen\u011bn\u00e9 destila\u010dn\u00ed soustav\u011b. Destil\u00e1ty byly vyr\u00e1b\u011bny p\u0159edev\u0161\u00edm ze&nbsp;zka\u017een\u00e9ho v\u00edna, ale&nbsp;tak\u00e9 nap\u0159\u00edklad z&nbsp;piva.<\/p><\/blockquote>\n\n\n\n<p>P\u00e1lenka z\u00edsk\u00e1vala v&nbsp;16. stolet\u00ed na&nbsp;oblib\u011b, co\u017e&nbsp;lze&nbsp;sledovat i&nbsp;podle zakl\u00e1d\u00e1n\u00ed cech\u016f vinopaln\u00edk\u016f sdru\u017euj\u00edc\u00edch se&nbsp;spole\u010dn\u011b s&nbsp;l\u00e9k\u00e1rn\u00edky. V&nbsp;t\u00e9&nbsp;dob\u011b se&nbsp;ale&nbsp;u\u017e&nbsp;nevyr\u00e1b\u011bly pouze destil\u00e1ty z&nbsp;v\u00edna nebo piva, n\u00fdbr\u017e i&nbsp;z&nbsp;obil\u00ed, plan\u00fdch trnek, jablek, hru\u0161ek a&nbsp;r\u016fzn\u00fdch druh\u016f bylin a&nbsp;ko\u0159en\u00ed.<\/p><br>\n\n\n\n<figure class=\"wp-block-image\"><img loading=\"lazy\" decoding=\"async\" width=\"1024\" height=\"681\" src=\"https:\/\/www.mzone.cz\/wp-content\/uploads\/2019\/05\/farm-fruits-grapes-110822-1024x681.jpg\" alt=\"\" class=\"wp-image-8239\" srcset=\"https:\/\/www.mzone.cz\/wp-content\/uploads\/2019\/05\/farm-fruits-grapes-110822-1024x681.jpg 1024w, https:\/\/www.mzone.cz\/wp-content\/uploads\/2019\/05\/farm-fruits-grapes-110822-300x200.jpg 300w, https:\/\/www.mzone.cz\/wp-content\/uploads\/2019\/05\/farm-fruits-grapes-110822-768x511.jpg 768w, https:\/\/www.mzone.cz\/wp-content\/uploads\/2019\/05\/farm-fruits-grapes-110822-800x533.jpg 800w, https:\/\/www.mzone.cz\/wp-content\/uploads\/2019\/05\/farm-fruits-grapes-110822-400x267.jpg 400w, https:\/\/www.mzone.cz\/wp-content\/uploads\/2019\/05\/farm-fruits-grapes-110822-500x333.jpg 500w, https:\/\/www.mzone.cz\/wp-content\/uploads\/2019\/05\/farm-fruits-grapes-110822-590x392.jpg 590w, https:\/\/www.mzone.cz\/wp-content\/uploads\/2019\/05\/farm-fruits-grapes-110822.jpg 1920w\" sizes=\"auto, (max-width: 1024px) 100vw, 1024px\" \/><\/figure><br>\n\n\n\n<p>Uplatn\u011bn\u00ed tyto destil\u00e1ty nalezly tak\u00e9 v&nbsp;r\u00e1mci experiment\u016f s&nbsp;v\u00fdrobou elix\u00edru ml\u00e1d\u00ed na&nbsp;dvo\u0159e c\u00edsa\u0159e Rudolfa II. D\u016fkazem o&nbsp;soudob\u00fdch pom\u011brech budi\u017e vyhl\u00e1\u0161en\u00ed z&nbsp;roku 1584 o&nbsp;z\u00e1kazu pit\u00ed p\u00e1lenek v&nbsp;sobotu a&nbsp;v&nbsp;ned\u011bli, jeho\u017e sou\u010d\u00e1st\u00ed bylo ozna\u010den\u00ed ko\u0159alky jako n\u00e1poje \u010f\u00e1belsk\u00e9ho.<\/p>\n\n\n\n<blockquote class=\"wp-block-quote is-layout-flow wp-block-quote-is-layout-flow\"><p>Situace ohledn\u011b popularity destil\u00e1t\u016f dokonce postoupila do&nbsp;t\u00e9&nbsp;m\u00edry, \u017ee&nbsp;m\u016f\u017eeme zaznamenat z\u00e1kaz p\u00e1len\u00ed obil\u00ed uveden\u00fd v&nbsp;platnost \u010desk\u00fdm sn\u011bmem v&nbsp;roce 1600 v&nbsp;d\u016fsledku zdrcuj\u00edc\u00ed ne\u00farody.<\/p><\/blockquote>\n\n\n\n<p>Navzdory t\u011bmto omezen\u00edm lze&nbsp;ov\u0161em narazit kup\u0159\u00edkladu na&nbsp;pozn\u00e1mku v&nbsp;urb\u00e1\u0159i vizovick\u00e9ho panstv\u00ed, je\u017e&nbsp;v&nbsp;roce 1585 hovo\u0159ila o&nbsp;existenci pal\u00edrny, kter\u00e1 pat\u0159ila vizovick\u00e9 vrchnosti a&nbsp;toho \u010dasu se&nbsp;nach\u00e1zela na&nbsp;n\u00e1m\u011bst\u00ed, odkud byla po&nbsp;\u010dase p\u0159em\u00edst\u011bna naproti pivovaru. Tento p\u0159esun byl&nbsp;zcela kl\u00ed\u010dov\u00fdm a&nbsp;zajist\u00e9 pragmatick\u00fdm \u010dinem, nebo\u0165 se&nbsp;tehdy p\u00e1lily hlavn\u011b zbytky po&nbsp;v\u00fdrob\u011b piva, a&nbsp;a\u017e&nbsp;po&nbsp;\u010dase do&nbsp;hry&nbsp;vstoupilo i&nbsp;obil\u00ed a&nbsp;v\u00fdroba tzv. \u017eitn\u00e9.<\/p><br>\n\n\n\n<div class=\"wp-block-image\"><figure class=\"alignleft is-resized\"><img loading=\"lazy\" decoding=\"async\" src=\"https:\/\/www.mzone.cz\/wp-content\/uploads\/2019\/01\/pexels.com-7-1024x683.jpg\" alt=\"\" class=\"wp-image-3263\" width=\"121\" height=\"80\" srcset=\"https:\/\/www.mzone.cz\/wp-content\/uploads\/2019\/01\/pexels.com-7-1024x683.jpg 1024w, https:\/\/www.mzone.cz\/wp-content\/uploads\/2019\/01\/pexels.com-7-300x200.jpg 300w, https:\/\/www.mzone.cz\/wp-content\/uploads\/2019\/01\/pexels.com-7-768x512.jpg 768w, https:\/\/www.mzone.cz\/wp-content\/uploads\/2019\/01\/pexels.com-7-800x533.jpg 800w, https:\/\/www.mzone.cz\/wp-content\/uploads\/2019\/01\/pexels.com-7-400x267.jpg 400w, https:\/\/www.mzone.cz\/wp-content\/uploads\/2019\/01\/pexels.com-7-500x333.jpg 500w, https:\/\/www.mzone.cz\/wp-content\/uploads\/2019\/01\/pexels.com-7-1170x780.jpg 1170w, https:\/\/www.mzone.cz\/wp-content\/uploads\/2019\/01\/pexels.com-7-590x393.jpg 590w\" sizes=\"auto, (max-width: 121px) 100vw, 121px\" \/><\/figure><\/div>\n\n\n\n<h4 class=\"wp-block-heading\"><a href=\"https:\/\/www.mzone.cz\/jaka-je-nejlepsi-vse-co-jste-nevedeli-o-whisky-a-bali-jste-se-zeptat\/\">Jak\u00e1 je nejlep\u0161\u00ed? V\u0161e, co jste nev\u011bd\u011bli o whisky a b\u00e1li jste se zeptat<\/a><\/h4>\n\n\n\n<p><br>Na druhou stranu se&nbsp;oblast jihov\u00fdchodn\u00ed Moravy, podporovan\u00e1 tradi\u010dn\u011b vrchnost\u00ed a&nbsp;panovn\u00edkem, nap\u0159\u00edklad osv\u00edcenou Mari\u00ed Terezi\u00ed, ve&nbsp;srovn\u00e1n\u00ed s&nbsp;\u010cechami vcelku odli\u0161ovala, proto\u017ee se&nbsp;v&nbsp;n\u00ed v&nbsp;takov\u00e9m rozsahu nep\u00e1lilo v\u00edno. Oblast toti\u017e disponovala obzvl\u00e1\u0161t\u011b velk\u00fdmi sady slivon\u00ed, kter\u00e9 zahrnovaly B\u00edl\u00e9 Karpaty i&nbsp;Beskydy a&nbsp;okol\u00ed Uhersk\u00e9ho Brodu, p\u0159i\u010dem\u017e Bojkovice a&nbsp;Vizovice pat\u0159ily k&nbsp;ovocn\u00e1\u0159sky nejvysp\u011blej\u0161\u00edm oblastem moravsk\u00e9 produkce.<\/p><br>\n\n\n\n<figure class=\"wp-block-image\"><img loading=\"lazy\" decoding=\"async\" width=\"1024\" height=\"683\" src=\"https:\/\/www.mzone.cz\/wp-content\/uploads\/2019\/05\/pexels.com-2-1024x683.jpg\" alt=\"\" class=\"wp-image-8247\" srcset=\"https:\/\/www.mzone.cz\/wp-content\/uploads\/2019\/05\/pexels.com-2-1024x683.jpg 1024w, https:\/\/www.mzone.cz\/wp-content\/uploads\/2019\/05\/pexels.com-2-300x200.jpg 300w, https:\/\/www.mzone.cz\/wp-content\/uploads\/2019\/05\/pexels.com-2-768x512.jpg 768w, https:\/\/www.mzone.cz\/wp-content\/uploads\/2019\/05\/pexels.com-2-800x533.jpg 800w, https:\/\/www.mzone.cz\/wp-content\/uploads\/2019\/05\/pexels.com-2-400x267.jpg 400w, https:\/\/www.mzone.cz\/wp-content\/uploads\/2019\/05\/pexels.com-2-500x333.jpg 500w, https:\/\/www.mzone.cz\/wp-content\/uploads\/2019\/05\/pexels.com-2-1170x780.jpg 1170w, https:\/\/www.mzone.cz\/wp-content\/uploads\/2019\/05\/pexels.com-2-590x393.jpg 590w\" sizes=\"auto, (max-width: 1024px) 100vw, 1024px\" \/><\/figure><br>\n\n\n\n<p>Nen\u00ed proto divu, \u017ee&nbsp;se&nbsp;pr\u00e1v\u011b zde&nbsp;d\u00edky sn\u00ed\u017een\u00e9 popt\u00e1vce po&nbsp;\u010derstv\u00fdch \u0161vestkov\u00fdch plodech na&nbsp;p\u0159elomu&nbsp;17. a&nbsp;18. stolet\u00ed uplatnilo p\u00e1len\u00ed tohoto peckovit\u00e9ho ovoce. Prodej \u010derstv\u00e9ho, zejm\u00e9na su\u0161en\u00e9ho ovoce \u010dastokr\u00e1te znamenal a\u017e&nbsp;do&nbsp;po\u010d\u00e1tku 19. stolet\u00ed v\u00edtan\u00fd p\u0159iv\u00fdd\u011blek. V&nbsp;pr\u016fb\u011bhu stolet\u00ed ale&nbsp;vstoupily na&nbsp;dom\u00e1c\u00ed trh&nbsp;dov\u00e1\u017een\u00e9 balk\u00e1nsk\u00e9 \u0161vestky, kter\u00e9 byly charakteristick\u00e9 pro&nbsp;svou velikost a&nbsp;kvalitu.<\/p>\n\n\n\n<blockquote class=\"wp-block-quote is-layout-flow wp-block-quote-is-layout-flow\"><p>Morav\u0161t\u00ed hospod\u00e1\u0159i&nbsp;tak&nbsp;byli nuceni se zam\u011b\u0159it na&nbsp;jin\u00fd druh zpracov\u00e1n\u00ed sv\u00fdch v\u00fdp\u011bstk\u016f, kdy&nbsp;zvolili dom\u00e1c\u00ed v\u00fdrobu ovocn\u00e9 ko\u0159alky s&nbsp;n\u00e1zvem slivovice, jej\u00ed\u017e p\u00e1len\u00ed m\u011blo dokonce legislativn\u00ed podporu a&nbsp;ukotven\u00ed.<\/p><\/blockquote>\n\n\n\n<p>V&nbsp;roce 1835 byl&nbsp;ve&nbsp;V\u00eddni vyd\u00e1n dekret umo\u017e\u0148uj\u00edc\u00ed jednotlivci vyp\u00e1lit ro\u010dn\u011b a\u017e&nbsp;56 litr\u016f 50procentn\u00ed ko\u0159alky z&nbsp;plodin poch\u00e1zej\u00edc\u00edch z&nbsp;vlastn\u00edch zahrad, ani\u017e by&nbsp;platil jakoukoli da\u0148. Za&nbsp;pov\u0161imnut\u00ed stoj\u00ed, \u017ee&nbsp;uveden\u00fd z\u00e1kon se&nbsp;vztahoval pouze na&nbsp;Moravu a&nbsp;n\u011bkter\u00e9 dal\u0161\u00ed zem\u011b rakousk\u00e9 monarchie, zat\u00edmco v&nbsp;\u010cech\u00e1ch musel ka\u017ed\u00fd povinn\u011b zaplatit odpov\u00eddaj\u00edc\u00ed da\u0148. K&nbsp;m\u00edrn\u00e9 zm\u011bn\u011b do\u0161lo se&nbsp;vznikem \u010ceskoslovensk\u00e9 republiky, kdy&nbsp;bylo dan\u00e9 mno\u017estv\u00ed 50 litr\u016f sn\u00ed\u017eeno v&nbsp;roce 1923 na&nbsp;30 litr\u016f, p\u0159i\u010dem\u017e pozd\u011bji byla cel\u00e1 tato p\u016fvodn\u00ed v\u00fdhoda \u201eda\u0148ov\u00e9 svobody\u201c zru\u0161ena.<\/p><br>\n\n\n\n<div class=\"wp-block-image\"><figure class=\"alignleft is-resized\"><img loading=\"lazy\" decoding=\"async\" src=\"https:\/\/www.mzone.cz\/wp-content\/uploads\/2018\/12\/Sn\u00edmek-obrazovky-2018-12-18-v-8.31.37.png\" alt=\"\" class=\"wp-image-2490\" width=\"115\" height=\"77\" srcset=\"https:\/\/www.mzone.cz\/wp-content\/uploads\/2018\/12\/Sn\u00edmek-obrazovky-2018-12-18-v-8.31.37.png 610w, https:\/\/www.mzone.cz\/wp-content\/uploads\/2018\/12\/Sn\u00edmek-obrazovky-2018-12-18-v-8.31.37-300x200.png 300w, https:\/\/www.mzone.cz\/wp-content\/uploads\/2018\/12\/Sn\u00edmek-obrazovky-2018-12-18-v-8.31.37-400x267.png 400w, https:\/\/www.mzone.cz\/wp-content\/uploads\/2018\/12\/Sn\u00edmek-obrazovky-2018-12-18-v-8.31.37-500x333.png 500w, https:\/\/www.mzone.cz\/wp-content\/uploads\/2018\/12\/Sn\u00edmek-obrazovky-2018-12-18-v-8.31.37-590x393.png 590w\" sizes=\"auto, (max-width: 115px) 100vw, 115px\" \/><\/figure><\/div>\n\n\n\n<h4 class=\"wp-block-heading\"><a href=\"https:\/\/www.mzone.cz\/na-trhu-se-objevilo-zlocinecke-vino-ktere-k-vam-doslova-promluvi\/\">Na trhu se objevilo zlo\u010dineck\u00e9 v\u00edno, kter\u00e9 k v\u00e1m doslova promluv\u00ed<\/a><\/h4>\n\n\n\n<p><br>Rozvoj a&nbsp;vznik lihovarnictv\u00ed jako pr\u016fmyslov\u00e9ho oboru, kdy&nbsp;se&nbsp;p\u00e1lilo jednodu\u0161e \u0159e\u010deno t\u00e9m\u011b\u0159 v\u0161e, zp\u016fsobil i&nbsp;obecn\u00fd enormn\u00ed n\u00e1r\u016fst z\u0159izov\u00e1n\u00ed nov\u00fdch z\u00e1vod\u016f, p\u00e1lenic a&nbsp;lihovar\u016f.<\/p>\n\n\n\n<blockquote class=\"wp-block-quote is-layout-flow wp-block-quote-is-layout-flow\"><p>Koncem 19. stolet\u00ed se&nbsp;v&nbsp;\u010cech\u00e1ch a&nbsp;na&nbsp;Morav\u011b vyskytovalo a\u017e&nbsp;z\u00e1vratn\u00fdch 243 pal\u00edren. P\u0159ibli\u017en\u011b polovina z&nbsp;nich zpracov\u00e1vala peckovit\u00e9 ovoce, naproti tomu ta&nbsp;druh\u00e1 se&nbsp;soust\u0159edila na&nbsp;v\u00fdrobu destil\u00e1t\u016f z&nbsp;v\u00edna, vinn\u00fdch kal\u016f a&nbsp;matoliny.<\/p><\/blockquote>\n\n\n\n<p>V&nbsp;19. stolet\u00ed, kdy&nbsp;byla kup\u0159\u00edkladu lik\u00e9rnick\u00e1 produkce st\u00e1le je\u0161t\u011b \u0159emeslnou prac\u00ed, nade\u0161la s&nbsp;procesem industrializace odv\u011btv\u00ed komplexn\u00ed prom\u011bna ve&nbsp;v\u00fdrob\u011b destil\u00e1t\u016f v&nbsp;\u010cech\u00e1ch. Stejn\u011b jako u\u010ditel a&nbsp;spisovatel Bed\u0159ich Bene\u0161 Buchlovan se&nbsp;tak&nbsp;m\u016f\u017eeme nostalgicky pokusit ohl\u00e9dnout za&nbsp;dom\u00e1c\u00edm p\u00e1len\u00edm destil\u00e1t\u016f z&nbsp;ovoce, kdy&nbsp;se&nbsp;ve&nbsp;snaze zachr\u00e1nit zka\u017een\u00e9 a&nbsp;nahnil\u00e9 ovoce prov\u00e1d\u011blo tzv. p\u00e1len\u00ed na&nbsp;vlastn\u00edm grunt\u011b: Star\u00e9 selsk\u00e9 pal\u00edrny byly za\u0159\u00edzeny dost primitivn\u011b. N\u011bkter\u00fd hospod\u00e1\u0159 si&nbsp;za\u0159\u00eddil v&nbsp;humn\u011b p\u00e1lenici pod&nbsp;do\u0161kovou st\u0159echou, v&nbsp;p\u0159eds\u00ed\u0148ce se&nbsp;p\u0159ikl\u00e1dalo do&nbsp;topeni\u0161t\u011b vezd\u011bn\u00e9ho do&nbsp;pal\u00edrny pod&nbsp;dva&nbsp;kotly. P\u0159ikl\u00e1daly se&nbsp;stonky, roz\u0161t\u00edpan\u00e9 a&nbsp;dob\u0159e vyschl\u00e9 d\u0159evo z&nbsp;pa\u0159ez\u016f. D\u0159\u00edve b\u00fdvaly v&nbsp;selsk\u00fdch p\u00e1lenic\u00edch kotle z&nbsp;kameniny poj\u00edmaj\u00edc\u00ed asi&nbsp;tak&nbsp;80 litr\u016f.<\/p><br>\n\n\n\n<figure class=\"wp-block-image\"><img loading=\"lazy\" decoding=\"async\" width=\"1024\" height=\"684\" src=\"https:\/\/www.mzone.cz\/wp-content\/uploads\/2019\/05\/Depositphotos_89354078_l-2015-1024x684.jpg\" alt=\"\" class=\"wp-image-8256\" srcset=\"https:\/\/www.mzone.cz\/wp-content\/uploads\/2019\/05\/Depositphotos_89354078_l-2015-1024x684.jpg 1024w, https:\/\/www.mzone.cz\/wp-content\/uploads\/2019\/05\/Depositphotos_89354078_l-2015-300x200.jpg 300w, https:\/\/www.mzone.cz\/wp-content\/uploads\/2019\/05\/Depositphotos_89354078_l-2015-768x513.jpg 768w, https:\/\/www.mzone.cz\/wp-content\/uploads\/2019\/05\/Depositphotos_89354078_l-2015-800x533.jpg 800w, https:\/\/www.mzone.cz\/wp-content\/uploads\/2019\/05\/Depositphotos_89354078_l-2015-400x267.jpg 400w, https:\/\/www.mzone.cz\/wp-content\/uploads\/2019\/05\/Depositphotos_89354078_l-2015-500x333.jpg 500w, https:\/\/www.mzone.cz\/wp-content\/uploads\/2019\/05\/Depositphotos_89354078_l-2015-1170x780.jpg 1170w, https:\/\/www.mzone.cz\/wp-content\/uploads\/2019\/05\/Depositphotos_89354078_l-2015-590x394.jpg 590w, https:\/\/www.mzone.cz\/wp-content\/uploads\/2019\/05\/Depositphotos_89354078_l-2015.jpg 2000w\" sizes=\"auto, (max-width: 1024px) 100vw, 1024px\" \/><\/figure><br>\n\n\n\n<p>Kotlovit\u00e1 kameninov\u00e1 n\u00e1doba se&nbsp;zven\u010d\u00ed omazala vrstvou hl\u00edny prom\u00ed\u0161en\u00e9 s&nbsp;plevami a&nbsp;odr\u00e1tovala se&nbsp;hrub\u00fdmi oky. Do&nbsp;n\u00ed&nbsp;se&nbsp;dal&nbsp;kvas, shora se&nbsp;p\u0159iklopila velk\u00e1 k\u0159ivule rovn\u011b\u017e z&nbsp;kameniny a&nbsp;na&nbsp;spoji se&nbsp;pe\u010dliv\u011b omazala j\u00edlem s&nbsp;plevami, aby&nbsp;neunikaly p\u00e1ry. K\u0159ivul\u00ed naho\u0159e byla prostr\u010dena osa&nbsp;dole opat\u0159en\u00e1 \u0159et\u00e1zkem a&nbsp;naho\u0159e klikou. T\u00edmto jednoduch\u00fdm za\u0159\u00edzen\u00edm se&nbsp;prom\u00edch\u00e1val kvas, aby&nbsp;se&nbsp;nep\u0159ipaloval. K\u0159ivule vedla do&nbsp;chladic\u00ed k\u00e1d\u011b, kde&nbsp;k&nbsp;n\u00ed&nbsp;byla p\u0159ipojena spir\u00e1lovit\u011b sto\u010den\u00e1 trubka, j\u00ed\u017e&nbsp;proch\u00e1zely vydestilovan\u00e9 p\u00e1ry.<\/p>\n\n\n\n<blockquote class=\"wp-block-quote is-layout-flow wp-block-quote-is-layout-flow\"><p>Do&nbsp;k\u00e1d\u011b se&nbsp;st\u00e1le p\u0159iv\u00e1d\u011bla studen\u00e1 voda, pokud bylo mo\u017eno p\u0159\u00edmo z&nbsp;potoka, jednoduch\u00fdm kor\u00fdtkem sbit\u00fdm z&nbsp;dlouh\u00fdch desek v&nbsp;podob\u011b p\u00edsmene V&nbsp;a&nbsp;plnila se&nbsp;ledem a&nbsp;sn\u011bhem \u2013 p\u00e1l\u00edvalo se&nbsp;jen&nbsp;v&nbsp;zim\u011b.<\/p><\/blockquote>\n\n\n\n<p>Destil\u00e1t se&nbsp;zachycoval do&nbsp;d\u0159ev\u011bn\u00e9ho hrotka. Prvn\u00ed kapky se&nbsp;naz\u00fdvaly v\u00fdsko\u010dky. Tomuto prvn\u00edmu p\u00e1len\u00ed se&nbsp;\u0159\u00edkalo lutr nebo lajtr. K&nbsp;pit\u00ed se&nbsp;nehodil, bylo v&nbsp;n\u011bm&nbsp;toti\u017e p\u0159\u00edli\u0161 mnoho olej\u016f z&nbsp;pecek, byl&nbsp;surov\u00fd a&nbsp;p\u00e1chl po&nbsp;juchtovici. Aby&nbsp;se&nbsp;zu\u0161lechtil, d\u00e1val se&nbsp;na&nbsp;druh\u00fd kotel, kde&nbsp;u\u017e&nbsp;nep\u0159i\u0161el do&nbsp;styku s&nbsp;ovocem. P\u00e1lilo se&nbsp;podruh\u00e9, znova se&nbsp;p\u0159ekap\u00e1valo, aby&nbsp;se&nbsp;dos\u00e1hlo n\u00e1poje, jemu\u017e nen\u00ed rovno. Kotle z&nbsp;kameniny byly pozd\u011bji nahrazov\u00e1ny kvalitn\u011bj\u0161\u00edmi m\u011bd\u011bn\u00fdmi. Vznikl t\u00edm&nbsp;ale&nbsp;jist\u00fd jemn\u00fd rozd\u00edl v&nbsp;chuti slivovice.<\/p><br>\n\n\n\n<div class=\"wp-block-image\"><figure class=\"alignleft is-resized\"><img loading=\"lazy\" decoding=\"async\" src=\"https:\/\/www.mzone.cz\/wp-content\/uploads\/2019\/01\/Depositphotos_37072093_l-2015-1024x682.jpg\" alt=\"\" class=\"wp-image-3659\" width=\"142\" height=\"95\" srcset=\"https:\/\/www.mzone.cz\/wp-content\/uploads\/2019\/01\/Depositphotos_37072093_l-2015-1024x682.jpg 1024w, https:\/\/www.mzone.cz\/wp-content\/uploads\/2019\/01\/Depositphotos_37072093_l-2015-300x200.jpg 300w, https:\/\/www.mzone.cz\/wp-content\/uploads\/2019\/01\/Depositphotos_37072093_l-2015-768x512.jpg 768w, https:\/\/www.mzone.cz\/wp-content\/uploads\/2019\/01\/Depositphotos_37072093_l-2015-800x533.jpg 800w, https:\/\/www.mzone.cz\/wp-content\/uploads\/2019\/01\/Depositphotos_37072093_l-2015-400x267.jpg 400w, https:\/\/www.mzone.cz\/wp-content\/uploads\/2019\/01\/Depositphotos_37072093_l-2015-500x333.jpg 500w, https:\/\/www.mzone.cz\/wp-content\/uploads\/2019\/01\/Depositphotos_37072093_l-2015-1170x780.jpg 1170w, https:\/\/www.mzone.cz\/wp-content\/uploads\/2019\/01\/Depositphotos_37072093_l-2015-590x393.jpg 590w, https:\/\/www.mzone.cz\/wp-content\/uploads\/2019\/01\/Depositphotos_37072093_l-2015.jpg 1946w\" sizes=\"auto, (max-width: 142px) 100vw, 142px\" \/><\/figure><\/div>\n\n\n\n<h4><a href=\"https:\/\/www.mzone.cz\/po-ginu-agrese-po-vine-unava-jak-se-citime-a-chovame-po-ruznych-druzich-alkoholu\/\">Po ginu agrese, po v\u00edn\u011b \u00fanava. Jak se c\u00edt\u00edme a chov\u00e1me po r\u016fzn\u00fdch druz\u00edch alkoholu?<\/a><\/h4><br>\n\n\n\n<p>Prav\u00e1 slov\u00e1ck\u00e1 slivovice, takzvan\u00e1 selsk\u00e1, se&nbsp;p\u00e1lila pouze ze&nbsp;\u0161vestek bez&nbsp;p\u0159im\u00edch\u00e1v\u00e1n\u00ed jin\u00fdch druh\u016f ovoce. Jej\u00ed v\u00fdjime\u010dn\u00e1 jakost, kter\u00e9 se&nbsp;nedalo nikde jinde dos\u00e1hnout, m\u011bla p\u016fvod pr\u00e1v\u011b ve&nbsp;slov\u00e1ck\u00fdch \u0161vestk\u00e1ch.<\/p>\n\n\n\n<blockquote class=\"wp-block-quote is-layout-flow wp-block-quote-is-layout-flow\"><p>Vyzna\u010dovala se&nbsp;typickou p\u0159\u00edchut\u00ed a&nbsp;v\u016fn\u00ed po&nbsp;silici ho\u0159komandlov\u00e9, je\u017e&nbsp;spr\u00e1vn\u011b vynikla rozet\u0159elo-li se&nbsp;p\u00e1r&nbsp;kapek na&nbsp;dlani. Kr\u00e1sn\u011b perlila, a&nbsp;kdy\u017e se&nbsp;zap\u00e1lila na&nbsp;misce, ho\u0159ela ryze modr\u00fdm plam\u00e9nkem.<\/p><\/blockquote>\n\n\n\n<p>Slivovice p\u0159ipravovan\u00e1 po&nbsp;\u017eivnostensku m\u011bla plam\u00ednek na\u017eloutl\u00fd a&nbsp;kapka rozemnut\u00e1 na&nbsp;dlani zanech\u00e1vala stopy po&nbsp;vod\u011b. Slivovice se&nbsp;uchov\u00e1vala v&nbsp;soudc\u00edch. V&nbsp;nich od&nbsp;d\u0159eva nabyla na\u017eloutl\u00e9ho zabarven\u00ed, kde\u017eto ve&nbsp;skle z\u016fstala \u010dir\u00e1. Na\u017eloutl\u00e9ho t\u00f3nu star\u00e9 slivovice se&nbsp;dosahovalo tak\u00e9 barven\u00edm \u2013 su\u0161en\u00e1 \u0161vestka navle\u010den\u00e1 na&nbsp;niti se&nbsp;spustila na&nbsp;den&nbsp;do&nbsp;slivovice a&nbsp;op\u011bt se&nbsp;vyt\u00e1hla. Prav\u00e1 slov\u00e1ck\u00e1 slivovice p\u0159i&nbsp;po\u017eit\u00ed nikdy nep\u00e1lila v&nbsp;hrdle, ale&nbsp;p\u0159\u00edjemn\u011b h\u0159\u00e1la v&nbsp;cel\u00e9m t\u011ble. Tak&nbsp;pe\u010dliv\u011b p\u0159ipraven\u00e9ho n\u00e1poje si&nbsp;um\u011bli lid\u00e9 v\u00e1\u017eit. Slou\u017e\u00edval jim&nbsp;jako vybran\u00fd medikament, kdy\u017e bylo zapot\u0159eb\u00ed \u201eotr\u00e1vit \u010derva\u201c. Zvl\u00e1\u0161t\u011b v&nbsp;zimn\u00edm obdob\u00ed zabija\u010dek, kdy&nbsp;obzvl\u00e1\u0161\u0165 tu\u010dn\u00e1 strava vy\u017eadovala spr\u00e1vn\u00e9ho zavr\u0161en\u00ed. P\u00e1lilo se&nbsp;v\u00fdhradn\u011b pro&nbsp;vlastn\u00ed pot\u0159ebu, neprod\u00e1valo se.<\/p><br>\n\n\n\n<figure class=\"wp-block-image\"><img loading=\"lazy\" decoding=\"async\" width=\"1024\" height=\"682\" src=\"https:\/\/www.mzone.cz\/wp-content\/uploads\/2019\/05\/Depositphotos_58416667_l-2015-1024x682.jpg\" alt=\"\" class=\"wp-image-8267\" srcset=\"https:\/\/www.mzone.cz\/wp-content\/uploads\/2019\/05\/Depositphotos_58416667_l-2015-1024x682.jpg 1024w, https:\/\/www.mzone.cz\/wp-content\/uploads\/2019\/05\/Depositphotos_58416667_l-2015-300x200.jpg 300w, https:\/\/www.mzone.cz\/wp-content\/uploads\/2019\/05\/Depositphotos_58416667_l-2015-768x512.jpg 768w, https:\/\/www.mzone.cz\/wp-content\/uploads\/2019\/05\/Depositphotos_58416667_l-2015-800x533.jpg 800w, https:\/\/www.mzone.cz\/wp-content\/uploads\/2019\/05\/Depositphotos_58416667_l-2015-400x267.jpg 400w, https:\/\/www.mzone.cz\/wp-content\/uploads\/2019\/05\/Depositphotos_58416667_l-2015-500x333.jpg 500w, https:\/\/www.mzone.cz\/wp-content\/uploads\/2019\/05\/Depositphotos_58416667_l-2015-1170x780.jpg 1170w, https:\/\/www.mzone.cz\/wp-content\/uploads\/2019\/05\/Depositphotos_58416667_l-2015-590x393.jpg 590w, https:\/\/www.mzone.cz\/wp-content\/uploads\/2019\/05\/Depositphotos_58416667_l-2015.jpg 2000w\" sizes=\"auto, (max-width: 1024px) 100vw, 1024px\" \/><\/figure>\n\n\n\n<h2 class=\"wp-block-heading\"><br>Na cest\u011b ke&nbsp;hv\u011bzd\u00e1m<\/h2>\n\n\n\n<p>Prvn\u00ed zm\u00ednka o&nbsp;existenci Vizovic se&nbsp;datuje k&nbsp;roku 1261. M\u00edstn\u00ed tradice p\u00e1len\u00ed zapo\u010dala p\u0159ibli\u017en\u011b o&nbsp;t\u0159i&nbsp;sta&nbsp;let&nbsp;pozd\u011bji ve&nbsp;vrchnostensk\u00e9 pal\u00edrn\u011b, kter\u00e1 ov\u0161em nevydr\u017eela n\u00e1por v\u00e1le\u010dn\u00e9ho d\u011bn\u00ed a&nbsp;byla \u010d\u00e1ste\u010dn\u011b zni\u010dena. O&nbsp;jej\u00ed obnovu se&nbsp;zasadil a\u017e&nbsp;kolem roku 1725 hrab\u011b Prokop Gervas Gollen, jen\u017e nechal postavit zbrusu novou pal\u00edrnu opat\u0159enou modern\u00edmi technologiemi v&nbsp;podob\u011b m\u011bd\u011bn\u00fdch kotl\u016f. T\u0159eba\u017ee se&nbsp;v&nbsp;n\u00ed zprvu vyr\u00e1b\u011bla jen&nbsp;p\u00e1lenka z&nbsp;pivn\u00edch odpadk\u016f, \u010dasem se&nbsp;v&nbsp;n\u00ed uchytilo i&nbsp;obil\u00ed a&nbsp;od&nbsp;poloviny 18. stolet\u00ed p\u0159ibyla tak\u00e9 slivovice.<\/p>\n\n\n\n<blockquote class=\"wp-block-quote is-layout-flow wp-block-quote-is-layout-flow\"><p>V\u017edy\u0165 vizovick\u00fd kraj byl&nbsp;z&nbsp;ovocn\u00e1\u0159sk\u00e9ho hlediska mimo\u0159\u00e1dn\u011b bohat\u00fd. Je\u0161t\u011b na&nbsp;po\u010d\u00e1tku minul\u00e9ho stolet\u00ed v&nbsp;n\u011bm rostlo p\u0159ibli\u017en\u011b 77 tis\u00edc ovocn\u00fdch strom\u016f, z&nbsp;nich\u017e 68 tis\u00edc byly \u0161vestky.<\/p><\/blockquote>\n\n\n\n<p>St\u011b\u017eejn\u00ed dobou pro&nbsp;tradici v\u00fdroby ovocn\u00fdch p\u00e1lenek v&nbsp;regionu byl&nbsp;konec 19. stolet\u00ed, kdy&nbsp;se&nbsp;s&nbsp;mlad\u00fdm synem Zikmundem objevil ve&nbsp;vrchnost\u00ed pronaj\u00edman\u00e9 pal\u00edrn\u011b Jakub Jel\u00ednek z&nbsp;Luha\u010dovic. Schopn\u00fd Zikmund v&nbsp;n\u00ed pot\u00e9 i&nbsp;n\u011bjak\u00fd \u010das&nbsp;zast\u00e1val funkci \u0159editele, nicm\u00e9n\u011b jej&nbsp;podobn\u011b jako ostatn\u00ed mlad\u00e9 v\u00fdrobce l\u00e1kalo zalo\u017eit vlastn\u00ed podnik, k&nbsp;\u010demu\u017e se&nbsp;odhodlal v&nbsp;roce 1891. O&nbsp;pouh\u00e9 t\u0159i&nbsp;roky pozd\u011bji zkou\u0161eli sv\u00e9&nbsp;\u0161t\u011bst\u00ed takt\u00e9\u017e m\u00edstn\u00ed roln\u00edci, kte\u0159\u00ed se&nbsp;sdru\u017eili do&nbsp;Rolnick\u00e9ho akciov\u00e9ho z\u00e1vodu ovocn\u00e1\u0159sk\u00e9ho Vizovice, zkr\u00e1cen\u011b RAZOV. Jejich \u00fasil\u00ed ov\u0161em nem\u011blo p\u0159\u00edli\u0161 dlouh\u00e9ho trv\u00e1n\u00ed, jeliko\u017e zkrachovali. Lok\u00e1ln\u00ed n\u00e1zev Razov se&nbsp;ale&nbsp;udr\u017eel a&nbsp;dodnes ozna\u010duje z\u00e1padn\u00ed konec Vizovic.<\/p><br>\n\n\n\n<div class=\"wp-block-image\"><figure class=\"alignleft is-resized\"><img loading=\"lazy\" decoding=\"async\" src=\"https:\/\/www.mzone.cz\/wp-content\/uploads\/2018\/10\/adult-alcohol-alcoholic-beverage-1267323-1024x683.jpg\" alt=\"\" class=\"wp-image-995\" width=\"123\" height=\"81\" srcset=\"https:\/\/www.mzone.cz\/wp-content\/uploads\/2018\/10\/adult-alcohol-alcoholic-beverage-1267323-1024x683.jpg 1024w, https:\/\/www.mzone.cz\/wp-content\/uploads\/2018\/10\/adult-alcohol-alcoholic-beverage-1267323-300x200.jpg 300w, https:\/\/www.mzone.cz\/wp-content\/uploads\/2018\/10\/adult-alcohol-alcoholic-beverage-1267323-768x512.jpg 768w, https:\/\/www.mzone.cz\/wp-content\/uploads\/2018\/10\/adult-alcohol-alcoholic-beverage-1267323-800x533.jpg 800w, https:\/\/www.mzone.cz\/wp-content\/uploads\/2018\/10\/adult-alcohol-alcoholic-beverage-1267323-400x267.jpg 400w, https:\/\/www.mzone.cz\/wp-content\/uploads\/2018\/10\/adult-alcohol-alcoholic-beverage-1267323-500x333.jpg 500w, https:\/\/www.mzone.cz\/wp-content\/uploads\/2018\/10\/adult-alcohol-alcoholic-beverage-1267323-1170x780.jpg 1170w, https:\/\/www.mzone.cz\/wp-content\/uploads\/2018\/10\/adult-alcohol-alcoholic-beverage-1267323-590x393.jpg 590w\" sizes=\"auto, (max-width: 123px) 100vw, 123px\" \/><\/figure><\/div>\n\n\n\n<h4><a href=\"https:\/\/www.mzone.cz\/beergeek-aneb-jak-se-vyznat-ve-svrchne-kvasenem-pivu\/\">Beergeek aneb jak se vyznat ve svrchn\u011b kva\u0161en\u00e9m pivu<\/a><\/h4><br>\n\n\n\n<p>P\u016fvodn\u00ed pal\u00edrna ve\u0161la pozd\u011bji za&nbsp;prvn\u00ed republiky ve&nbsp;zn\u00e1most jako Prvn\u00ed vizovick\u00e1 p\u00e1lenice Karla Singra, jej\u00edm\u017e majitelem byl&nbsp;u\u017e&nbsp;od&nbsp;roku 1895 Karel Singer a&nbsp;jej\u00ed\u017e borovi\u010dka i&nbsp;zlat\u00e1 slivovice nesly hrd\u00e9 ozna\u010den\u00ed \u201eprav\u00e1 vala\u0161sk\u00e1\u201c. V&nbsp;roce 1926 Karel Singer podnik roz\u0161\u00ed\u0159il, kdy\u017e koupil od&nbsp;barona Stillfrieda pozemek naproti pal\u00edrn\u011b, na&nbsp;n\u011bm\u017e byl&nbsp;postaven sklad spole\u010dn\u011b s&nbsp;kvas\u00edrnou.<\/p><br>\n\n\n\n<figure class=\"wp-block-image\"><img loading=\"lazy\" decoding=\"async\" width=\"1024\" height=\"683\" src=\"https:\/\/www.mzone.cz\/wp-content\/uploads\/2019\/05\/pexels.com-1-1024x683.jpg\" alt=\"\" class=\"wp-image-8276\" srcset=\"https:\/\/www.mzone.cz\/wp-content\/uploads\/2019\/05\/pexels.com-1-1024x683.jpg 1024w, https:\/\/www.mzone.cz\/wp-content\/uploads\/2019\/05\/pexels.com-1-300x200.jpg 300w, https:\/\/www.mzone.cz\/wp-content\/uploads\/2019\/05\/pexels.com-1-768x512.jpg 768w, https:\/\/www.mzone.cz\/wp-content\/uploads\/2019\/05\/pexels.com-1-800x533.jpg 800w, https:\/\/www.mzone.cz\/wp-content\/uploads\/2019\/05\/pexels.com-1-400x267.jpg 400w, https:\/\/www.mzone.cz\/wp-content\/uploads\/2019\/05\/pexels.com-1-500x333.jpg 500w, https:\/\/www.mzone.cz\/wp-content\/uploads\/2019\/05\/pexels.com-1-1170x780.jpg 1170w, https:\/\/www.mzone.cz\/wp-content\/uploads\/2019\/05\/pexels.com-1-590x393.jpg 590w\" sizes=\"auto, (max-width: 1024px) 100vw, 1024px\" \/><\/figure>\n\n\n\n<p><br>Pozoruhodn\u00fd v\u00fdvoj bylo mo\u017en\u00e9 ve&nbsp;20. letech sledovat rovn\u011b\u017e v&nbsp;podniku Zikmunda Jel\u00ednka. Ten&nbsp;jako dvaa\u0161edes\u00e1tilet\u00fd p\u0159enechal v&nbsp;roce 1921 \u0159\u00edzen\u00ed spole\u010dnosti sv\u00fdm syn\u016fm Rudolfovi a&nbsp;Vladim\u00edrovi, kte\u0159\u00ed na&nbsp;otcovu po\u010dest registrovali n\u00e1zev \u201eZikmunda Jel\u00ednka synov\u00e9\u201c. Spole\u010dn\u00e9 c\u00edle jim&nbsp;v\u0161ak nevydr\u017eely p\u0159\u00edli\u0161 dlouho. Je\u0161t\u011b sice stihli zakoupit nijak v\u00fdrazn\u011b prosperuj\u00edc\u00ed pal\u00edrnu Razov, je\u017e&nbsp;m\u011bla velk\u00fd potenci\u00e1l vzhledem ke&nbsp;sv\u00e9&nbsp;v\u00fdhodn\u00e9 poloze za&nbsp;m\u011bstem, v&nbsp;roce 1926 se&nbsp;ale&nbsp;brat\u0159i rozhodli pokra\u010dovat v&nbsp;podnik\u00e1n\u00ed ka\u017ed\u00fd s\u00e1m.<\/p>\n\n\n\n<blockquote class=\"wp-block-quote is-layout-flow wp-block-quote-is-layout-flow\"><p>Vladim\u00edr si&nbsp;ponechal registrovan\u00fd n\u00e1zev, zat\u00edmco Rudolf z\u00edskal Razov a&nbsp;zalo\u017eil novou zna\u010dku pod&nbsp;sv\u00fdm jm\u00e9nem. Ve&nbsp;30. letech n\u00e1sledn\u011b zah\u00e1jil Rudolf Jel\u00ednek v&nbsp;souladu se&nbsp;sv\u00fdm p\u016fvodem tak\u00e9 v\u00fdrobu ko\u0161er destil\u00e1t\u016f, je\u017e&nbsp;vy\u017eaduj\u00ed specifick\u00e9 podm\u00ednky.<\/p><\/blockquote>\n\n\n\n<p>Do&nbsp;firmy se&nbsp;mus\u00ed nejprve dostavit pov\u011b\u0159en\u00fd z\u00e1stupce \u017eidovsk\u00e9 obce, kter\u00fd osobn\u011b dohl\u00ed\u017e\u00ed na&nbsp;cel\u00fd v\u00fdrobn\u00ed proces. Kontroluje v\u00fdb\u011br nejlep\u0161\u00edho ovoce v&nbsp;pokro\u010dil\u00e9 zralosti, p\u0159\u00edpravu kvasu, destilaci i&nbsp;fin\u00e1ln\u00ed st\u00e1\u010den\u00ed do&nbsp;l\u00e1hv\u00ed. Navzdory p\u0159\u00edsn\u00fdm pravidl\u016fm ortodoxn\u00ed \u017eidovsk\u00e9 v\u00edry v\u0161ak Rudolf Jel\u00ednek obst\u00e1l, a&nbsp;prosadil se&nbsp;dokonce v&nbsp;z\u00e1mo\u0159\u00ed, kam&nbsp;za\u010dal v&nbsp;roce 1934 vyv\u00e1\u017eet sv\u00e9&nbsp;ko\u0161er produkty.<\/p>\n\n\n\n<h2 class=\"wp-block-heading\"><br>Ve v\u00e1le\u010dn\u00e9 v\u0159av\u011b<\/h2>\n\n\n\n<p>V&nbsp;mnoha p\u0159\u00edpadech byla druh\u00e1 sv\u011btov\u00e1 v\u00e1lka ne\u010dekan\u00fdm a&nbsp;obzvl\u00e1\u0161t\u011b nep\u0159\u00edjemn\u00fdm z\u00e1sahem do&nbsp;majetkov\u00fdch pom\u011br\u016f pal\u00edren. Jedn\u00edm z&nbsp;p\u0159\u00edklad\u016f m\u016f\u017ee b\u00fdt&nbsp;nacistick\u00e9 uvalen\u00ed nucen\u00e9 spr\u00e1vy na&nbsp;rodov\u00e9 panstv\u00ed Hildprandt\u016f z&nbsp;jiho\u010desk\u00e9 Blatn\u00e9. Ti&nbsp;se&nbsp;do&nbsp;\u010desk\u00fdch zem\u00ed dostali spole\u010dn\u011b s&nbsp;Habsburky z&nbsp;Ji\u017en\u00edho Tyrolska, p\u0159i\u010dem\u017e jejich majetek zahrnoval za&nbsp;Prvn\u00ed republiky rozs\u00e1hl\u00e9 lok\u00e1ln\u00ed pozemky, na&nbsp;nich\u017e se&nbsp;mimo jin\u00e9 vyskytoval i&nbsp;lihovar s&nbsp;v\u00fdrobou vlastn\u00edch ovocn\u00fdch destil\u00e1t\u016f.<\/p>\n\n\n\n<blockquote class=\"wp-block-quote is-layout-flow wp-block-quote-is-layout-flow\"><p>Obdobn\u00fd osud stihl i&nbsp;vizovick\u00e9 pal\u00edrny, kdy&nbsp;ob\u011b&nbsp;region\u00e1ln\u011b v\u00fdznamn\u00e9 rodiny anga\u017euj\u00edc\u00ed se&nbsp;v&nbsp;lihovarnictv\u00ed, jak&nbsp;Singr\u016f, tak&nbsp;Jel\u00ednk\u016f, m\u011bly \u017eidovsk\u00fd p\u016fvod, a&nbsp;tak&nbsp;byly v&nbsp;o\u010d\u00edch re\u017eimu jasn\u00fdm c\u00edlem.<\/p><\/blockquote>\n\n\n\n<p>A\u010dkoli v&nbsp;omezen\u00fdch podm\u00ednk\u00e1ch fungovaly pal\u00edrny je\u0161t\u011b rok, v&nbsp;roce 1940 na&nbsp;n\u011b&nbsp;byly jako na&nbsp;\u017eidovsk\u00fd majetek uvaleny nucen\u00e9 spr\u00e1vy. Za&nbsp;necel\u00fd rok&nbsp;byl&nbsp;Karel Singer p\u0159inucen svou pal\u00edrnu prodat sudetsk\u00fdm N\u011bmc\u016fm brat\u0159\u00edm Pfeiffer\u016fm, p\u0159i\u010dem\u017e tent\u00fd\u017e rok&nbsp;\u201ekoupil\u201c podnik Rudolfa Jel\u00ednka p\u0159esv\u011bd\u010den\u00fd nacista Ernst Gabriel.<\/p><br>\n\n\n\n<figure class=\"wp-block-image\"><img loading=\"lazy\" decoding=\"async\" width=\"1024\" height=\"682\" src=\"https:\/\/www.mzone.cz\/wp-content\/uploads\/2019\/05\/Depositphotos_155145718_l-2015-1024x682.jpg\" alt=\"\" class=\"wp-image-8281\" srcset=\"https:\/\/www.mzone.cz\/wp-content\/uploads\/2019\/05\/Depositphotos_155145718_l-2015-1024x682.jpg 1024w, https:\/\/www.mzone.cz\/wp-content\/uploads\/2019\/05\/Depositphotos_155145718_l-2015-300x200.jpg 300w, https:\/\/www.mzone.cz\/wp-content\/uploads\/2019\/05\/Depositphotos_155145718_l-2015-768x512.jpg 768w, https:\/\/www.mzone.cz\/wp-content\/uploads\/2019\/05\/Depositphotos_155145718_l-2015-800x533.jpg 800w, https:\/\/www.mzone.cz\/wp-content\/uploads\/2019\/05\/Depositphotos_155145718_l-2015-400x267.jpg 400w, https:\/\/www.mzone.cz\/wp-content\/uploads\/2019\/05\/Depositphotos_155145718_l-2015-500x333.jpg 500w, https:\/\/www.mzone.cz\/wp-content\/uploads\/2019\/05\/Depositphotos_155145718_l-2015-1170x780.jpg 1170w, https:\/\/www.mzone.cz\/wp-content\/uploads\/2019\/05\/Depositphotos_155145718_l-2015-590x393.jpg 590w, https:\/\/www.mzone.cz\/wp-content\/uploads\/2019\/05\/Depositphotos_155145718_l-2015.jpg 2000w\" sizes=\"auto, (max-width: 1024px) 100vw, 1024px\" \/><figcaption>Vizovice &#8211; mekka \u010desk\u00e9 p\u00e1lenky<\/figcaption><\/figure><br>\n\n\n\n<p>Firma Zikmunda Jel\u00ednka synov\u00e9 se&nbsp;z\u0159ejm\u011b nejevila tak&nbsp;atraktivn\u011b, nebo\u0165 do&nbsp;konce v\u00e1lky z\u016fstala pouze pod&nbsp;nucenou spr\u00e1vou. Je\u0161t\u011b hor\u0161\u00ed osud ne\u017e&nbsp;pal\u00edrny pot\u00e9 \u010dekal rodiny Jel\u00ednk\u016f v&nbsp;koncentra\u010dn\u00edch t\u00e1borech. Jedin\u00ed, kte\u0159\u00ed v\u00e1lku p\u0159e\u017eili, byli synov\u00e9 Rudolfa Jel\u00ednka. Ti&nbsp;po&nbsp;v\u00e1lce op\u011bt spojili otcovu firmu s&nbsp;osi\u0159el\u00fdm z\u00e1vodem Zikmunda Jel\u00ednka synov\u00e9.<\/p>\n\n\n\n<h2 class=\"wp-block-heading\"><br>Obnova tradic<\/h2>\n\n\n\n<p>Po druh\u00e9 sv\u011btov\u00e9 v\u00e1lce se&nbsp;zd\u00e1lo, \u017ee&nbsp;se&nbsp;situace op\u011bt v&nbsp;dobr\u00e9 obr\u00e1t\u00ed. \u0158ada podnik\u016f, jako nap\u0159\u00edklad z\u00e1vod s&nbsp;p\u016fvodn\u00edm&nbsp;n\u00e1zvem Velkopal\u00edrna prav\u00e9 slov\u00e1ck\u00e9 slivovice a&nbsp;borovi\u010dky, lisovny v\u00edn&nbsp;a&nbsp;ovocn\u00fdch \u0161\u0165\u00e1v, dnes zn\u00e1m\u00e1 jako Fleret a&nbsp;zalo\u017een\u00e1 v&nbsp;roce 1850 Jakubem C. Kohnem, p\u0159e\u017eila v\u00e1lku navzdory \u00fatrap\u00e1m bez&nbsp;radik\u00e1ln\u011bj\u0161\u00ed \u00fajmy. Nicm\u00e9n\u011b to, co&nbsp;p\u0159i\u0161lo pozd\u011bji, bylo pro&nbsp;valnou v\u011bt\u0161inu podnik\u016f zcela zdrcuj\u00edc\u00ed.<\/p>\n\n\n\n<blockquote class=\"wp-block-quote is-layout-flow wp-block-quote-is-layout-flow\"><p>Jiho\u010de\u0161t\u00ed Hildprandt\u00e9, vizovick\u00fd Jel\u00ednek a&nbsp;mnoz\u00ed dal\u0161\u00ed v\u00fdrobci p\u00e1lenek nap\u0159\u00ed\u010d celou republikou byli zasa\u017eeni vlnou zn\u00e1rod\u0148ov\u00e1n\u00ed. Ji\u0159\u00edmu Jel\u00ednkovi se&nbsp;alespo\u0148 poda\u0159ilo postarat o&nbsp;rodinn\u00fd odkaz, kdy\u017e je\u0161t\u011b p\u0159ed odchodem do&nbsp;zahrani\u010d\u00ed vyjednal se&nbsp;st\u00e1tem registraci origin\u00e1ln\u00ed zna\u010dky Rudolf Jel\u00ednek.<\/p><\/blockquote>\n\n\n\n<p>Naopak jin\u00ed nem\u011bli p\u0159\u00edli\u0161 na&nbsp;v\u00fdb\u011br a&nbsp;museli se&nbsp;sm\u00ed\u0159it s&nbsp;p\u0159ed\u00e1n\u00edm podnik\u016f a&nbsp;posl\u00e9ze se&nbsp;zav\u0159en\u00edm pal\u00edren. To&nbsp;se&nbsp;t\u00fdkalo nejen Hildprandt\u016f, ale&nbsp;tak\u00e9 Felixe Kohna, posledn\u00edho majitele Fleretu p\u0159ed p\u0159eru\u0161en\u00edm v\u00fdroby. Z&nbsp;n\u011bkter\u00fdch zn\u00e1rodn\u011bn\u00fdch podnik\u016f tedy re\u017eim profitoval. V&nbsp;obdob\u00ed socialismu nap\u0159\u00edklad pokr\u00fdval vizovick\u00fd z\u00e1vod a\u017e&nbsp;85 % \u010deskoslovensk\u00e9ho v\u00fdvozu alkoholick\u00fdch n\u00e1poj\u016f, kter\u00e9 sm\u011b\u0159ovaly do&nbsp;46 st\u00e1t\u016f.<\/p><br>\n\n\n\n<figure class=\"wp-block-image\"><img loading=\"lazy\" decoding=\"async\" width=\"1024\" height=\"683\" src=\"https:\/\/www.mzone.cz\/wp-content\/uploads\/2019\/05\/Depositphotos_73213331_l-2015-1-1024x683.jpg\" alt=\"\" class=\"wp-image-8286\" srcset=\"https:\/\/www.mzone.cz\/wp-content\/uploads\/2019\/05\/Depositphotos_73213331_l-2015-1-1024x683.jpg 1024w, https:\/\/www.mzone.cz\/wp-content\/uploads\/2019\/05\/Depositphotos_73213331_l-2015-1-300x200.jpg 300w, https:\/\/www.mzone.cz\/wp-content\/uploads\/2019\/05\/Depositphotos_73213331_l-2015-1-768x513.jpg 768w, https:\/\/www.mzone.cz\/wp-content\/uploads\/2019\/05\/Depositphotos_73213331_l-2015-1-800x533.jpg 800w, https:\/\/www.mzone.cz\/wp-content\/uploads\/2019\/05\/Depositphotos_73213331_l-2015-1-400x267.jpg 400w, https:\/\/www.mzone.cz\/wp-content\/uploads\/2019\/05\/Depositphotos_73213331_l-2015-1-500x333.jpg 500w, https:\/\/www.mzone.cz\/wp-content\/uploads\/2019\/05\/Depositphotos_73213331_l-2015-1-1170x780.jpg 1170w, https:\/\/www.mzone.cz\/wp-content\/uploads\/2019\/05\/Depositphotos_73213331_l-2015-1-590x394.jpg 590w, https:\/\/www.mzone.cz\/wp-content\/uploads\/2019\/05\/Depositphotos_73213331_l-2015-1.jpg 1500w\" sizes=\"auto, (max-width: 1024px) 100vw, 1024px\" \/><\/figure>\n\n\n\n<h2 class=\"wp-block-heading\"><br>P\u011bstitelsk\u00fd boom<\/h2>\n\n\n\n<p>Po roce 1989 s&nbsp;koncem komunistick\u00e9ho re\u017eimu nastal pozoruhodn\u00fd obrat. Dva&nbsp;roky po&nbsp;revoluci za\u010dala firma Jel\u00ednek hospoda\u0159it znovu samostatn\u011b. Rodu Hildprandt\u016f byl&nbsp;v&nbsp;restituc\u00edch navr\u00e1cen v&nbsp;roce 1992 majetek, jeho\u017e sou\u010d\u00e1st\u00ed byl&nbsp;st\u00e1le funguj\u00edc\u00ed lihovar. V&nbsp;jeho \u010dele st\u00e1l a&nbsp;dodnes stoj\u00ed jako vedouc\u00ed provozu V\u00e1clav \u0160itner, kter\u00fd se&nbsp;zaslou\u017eil i&nbsp;o&nbsp;ned\u00e1vn\u00fd rozvoj zna\u010dky Baron Hildprandt.<\/p><br>\n\n\n\n<p>O&nbsp;pouh\u00fd rok&nbsp;pozd\u011bji se&nbsp;op\u011bt rozjela v\u00fdroba Fleretu ve&nbsp;Fren\u0161t\u00e1t\u011b pod&nbsp;Radho\u0161t\u011bm, kter\u00fd se&nbsp;py\u0161n\u00ed t\u00edm, \u017ee&nbsp;je&nbsp;prvn\u00ed pal\u00edrnou, je\u017e&nbsp;a\u017e&nbsp;do&nbsp;sou\u010dasnosti funguje na&nbsp;tomt\u00e9\u017e m\u00edst\u011b, kde&nbsp;byla zalo\u017eena. Jednozna\u010dn\u00fdm fenom\u00e9nem posledn\u00edch let&nbsp;je&nbsp;ov\u0161em ovocn\u00e1\u0159sko-v\u010dela\u0159sk\u00e1 farma rodiny \u017duf\u00e1nk\u016f, kter\u00e1 se&nbsp;od&nbsp;roku 2000 soust\u0159ed\u00ed na&nbsp;v\u00fdrobu ovocn\u00fdch destil\u00e1t\u016f a&nbsp;lik\u00e9r\u016f, \u010d\u00edm\u017e u\u017e&nbsp;se&nbsp;p\u00ed\u0161e novodob\u00e1 historie p\u00e1len\u00ed z&nbsp;ovoce v&nbsp;\u010desk\u00fdch zem\u00edch.<\/p><br>\n\n\n\n<p>V posledn\u00ed dob\u011b pak rozhodn\u011b stoj\u00ed za zm\u00ednku i destilerie <a href=\"http:\/\/www.balatka.cz\">Balatka<\/a> z \u010cesk\u00e9ho r\u00e1je. Ti vyr\u00e1b\u011bj\u00ed ovocn\u00e9 destil\u00e1ty od roku 2005 v\u00fdhradn\u011b z ovoce, kter\u00e9 se p\u011bstuje\u00a0v \u010cesk\u00e9m r\u00e1ji a jeho bl\u00edzk\u00e9m okol\u00ed. Tak na zdrav\u00ed!<\/p>","protected":false},"excerpt":{"rendered":"<p>N\u00e1zev p\u00e1lenka je&nbsp;odvozen od&nbsp;zku\u0161enosti na\u0161ich p\u0159edk\u016f s&nbsp;p\u00e1len\u00edm kvasu, \u010d\u00edm\u017e z\u00edsk\u00e1vali z&nbsp;p\u016fvodn\u00ed v\u00fdchoz\u00ed l\u00e1tky tekutinu s&nbsp;vy\u0161\u0161\u00edm obsahem alkoholu. Kdy&nbsp;p\u0159esn\u011b si&nbsp;ov\u0161em tuto zku\u0161enost osvojili? Podle prvn\u00edch p\u00edsemn\u00fdch zpr\u00e1v lze&nbsp;p\u00e1len\u00ed z&nbsp;ovoce datovat do&nbsp;dob&nbsp;Lucemburk\u016f, a\u010dkoli proces p\u00e1len\u00ed byl&nbsp;ji\u017e&nbsp;v\u0161eobecn\u011b n\u011bjakou dobu zn\u00e1m\u00fd. Alkohol se&nbsp;vyskytuje po&nbsp;boku \u010dlov\u011bka ji\u017e&nbsp;odnepam\u011bti, v&nbsp;p\u0159\u00edrod\u011b vznik\u00e1 prost\u0159ednictv\u00edm kvasn\u00e9ho procesu tak\u0159ka samovoln\u011b. S&nbsp;p\u0159ihl\u00e9dnut\u00edm k&nbsp;velmi limitovan\u00e9mu mno\u017estv\u00ed pramen\u016f je&nbsp;ale&nbsp;v\u00edce [&hellip;]<\/p>\n","protected":false},"author":4,"featured_media":8226,"comment_status":"open","ping_status":"closed","sticky":false,"template":"","format":"standard","meta":{"kk_blocks_editor_width":"","_kiokenblocks_attr":"","_kiokenblocks_dimensions":"","footnotes":""},"categories":[387,63,25],"tags":[400,2112,1030,87,2110,1648,2111,2113,2108,2109,1732,401,2106,2107],"class_list":["post-8225","post","type-post","status-publish","format-standard","has-post-thumbnail","hentry","category-historie","category-jidlo","category-style","tag-alkohol","tag-alkoholicke-napoje","tag-cesko","tag-historie","tag-jelinek","tag-jidlo-a-piti","tag-karel-iv","tag-paleni-alkoholu","tag-palenka","tag-palenky","tag-palirny","tag-piti","tag-slivovice","tag-zufanek"],"yoast_head":"<!-- This site is optimized with the Yoast SEO plugin v27.5 - https:\/\/yoast.com\/product\/yoast-seo-wordpress\/ -->\n<title>Od Karla IV. po \u017duf\u00e1nka aneb p\u0159\u00edb\u011bh \u010desk\u00e9 p\u00e1lenky - Mzone<\/title>\n<meta name=\"description\" content=\"N\u00e1zev p\u00e1lenka je\u00a0odvozen od\u00a0zku\u0161enosti na\u0161ich p\u0159edk\u016f s\u00a0p\u00e1len\u00edm kvasu, \u010d\u00edm\u017e z\u00edsk\u00e1vali z\u00a0p\u016fvodn\u00ed v\u00fdchoz\u00ed l\u00e1tky tekutinu s\u00a0vy\u0161\u0161\u00edm obsahem alkoholu. Kdy\u00a0p\u0159esn\u011b si\u00a0ov\u0161em tuto zku\u0161enost osvojili? Podle prvn\u00edch p\u00edsemn\u00fdch zpr\u00e1v lze\u00a0p\u00e1len\u00ed z\u00a0ovoce datovat do\u00a0dob\u00a0Lucemburk\u016f, a\u010dkoli proces p\u00e1len\u00ed byl\u00a0ji\u017e\u00a0v\u0161eobecn\u011b n\u011bjakou dobu zn\u00e1m\u00fd.\" \/>\n<meta name=\"robots\" content=\"index, follow, max-snippet:-1, max-image-preview:large, max-video-preview:-1\" \/>\n<link rel=\"canonical\" href=\"https:\/\/www.mzone.cz\/en\/od-karla-iv-po-zufanka-aneb-pribeh-ceske-palenky\/\" \/>\n<meta property=\"og:locale\" content=\"en_US\" \/>\n<meta property=\"og:type\" content=\"article\" \/>\n<meta property=\"og:title\" content=\"Od Karla IV. po \u017duf\u00e1nka aneb p\u0159\u00edb\u011bh \u010desk\u00e9 p\u00e1lenky - Mzone\" \/>\n<meta property=\"og:description\" content=\"N\u00e1zev p\u00e1lenka je\u00a0odvozen od\u00a0zku\u0161enosti na\u0161ich p\u0159edk\u016f s\u00a0p\u00e1len\u00edm kvasu, \u010d\u00edm\u017e z\u00edsk\u00e1vali z\u00a0p\u016fvodn\u00ed v\u00fdchoz\u00ed l\u00e1tky tekutinu s\u00a0vy\u0161\u0161\u00edm obsahem alkoholu. Kdy\u00a0p\u0159esn\u011b si\u00a0ov\u0161em tuto zku\u0161enost osvojili? Podle prvn\u00edch p\u00edsemn\u00fdch zpr\u00e1v lze\u00a0p\u00e1len\u00ed z\u00a0ovoce datovat do\u00a0dob\u00a0Lucemburk\u016f, a\u010dkoli proces p\u00e1len\u00ed byl\u00a0ji\u017e\u00a0v\u0161eobecn\u011b n\u011bjakou dobu zn\u00e1m\u00fd.\" \/>\n<meta property=\"og:url\" content=\"https:\/\/www.mzone.cz\/en\/od-karla-iv-po-zufanka-aneb-pribeh-ceske-palenky\/\" \/>\n<meta property=\"og:site_name\" content=\"Mzone\" \/>\n<meta property=\"article:publisher\" content=\"https:\/\/www.facebook.com\/MzoneCZ\/\" \/>\n<meta property=\"article:published_time\" content=\"2023-02-19T09:00:33+00:00\" \/>\n<meta property=\"article:modified_time\" content=\"2023-02-19T10:00:32+00:00\" \/>\n<meta property=\"og:image\" content=\"https:\/\/www.mzone.cz\/wp-content\/uploads\/2019\/05\/Depositphotos_73213331_l-2015.jpg\" \/>\n\t<meta property=\"og:image:width\" content=\"1500\" \/>\n\t<meta property=\"og:image:height\" content=\"1001\" \/>\n\t<meta property=\"og:image:type\" content=\"image\/jpeg\" \/>\n<meta name=\"author\" content=\"Mzone\" \/>\n<meta name=\"twitter:card\" content=\"summary_large_image\" \/>\n<meta name=\"twitter:label1\" content=\"Written by\" \/>\n\t<meta name=\"twitter:data1\" content=\"Mzone\" \/>\n\t<meta name=\"twitter:label2\" content=\"Est. reading time\" \/>\n\t<meta name=\"twitter:data2\" content=\"20 minutes\" \/>\n<script type=\"application\/ld+json\" class=\"yoast-schema-graph\">{\"@context\":\"https:\\\/\\\/schema.org\",\"@graph\":[{\"@type\":\"Article\",\"@id\":\"https:\\\/\\\/www.mzone.cz\\\/od-karla-iv-po-zufanka-aneb-pribeh-ceske-palenky\\\/#article\",\"isPartOf\":{\"@id\":\"https:\\\/\\\/www.mzone.cz\\\/od-karla-iv-po-zufanka-aneb-pribeh-ceske-palenky\\\/\"},\"author\":{\"name\":\"Mzone\",\"@id\":\"https:\\\/\\\/www.mzone.cz\\\/#\\\/schema\\\/person\\\/9bc20cc422a99cac4af6ff9297da32d4\"},\"headline\":\"Od Karla IV. po \u017duf\u00e1nka aneb p\u0159\u00edb\u011bh \u010desk\u00e9 p\u00e1lenky\",\"datePublished\":\"2023-02-19T09:00:33+00:00\",\"dateModified\":\"2023-02-19T10:00:32+00:00\",\"mainEntityOfPage\":{\"@id\":\"https:\\\/\\\/www.mzone.cz\\\/od-karla-iv-po-zufanka-aneb-pribeh-ceske-palenky\\\/\"},\"wordCount\":3948,\"commentCount\":0,\"image\":{\"@id\":\"https:\\\/\\\/www.mzone.cz\\\/od-karla-iv-po-zufanka-aneb-pribeh-ceske-palenky\\\/#primaryimage\"},\"thumbnailUrl\":\"https:\\\/\\\/www.mzone.cz\\\/wp-content\\\/uploads\\\/2019\\\/05\\\/Depositphotos_73213331_l-2015.jpg\",\"keywords\":[\"alkohol\",\"alkoholick\u00e9 n\u00e1poje\",\"\u010cesko\",\"Historie\",\"Jel\u00ednek\",\"j\u00eddlo a pit\u00ed\",\"Karel IV.\",\"p\u00e1len\u00ed alkoholu\",\"p\u00e1lenka\",\"p\u00e1lenky\",\"pal\u00edrny\",\"pit\u00ed\",\"slivovice\",\"\u017duf\u00e1nek\"],\"articleSection\":[\"Historie\",\"J\u00eddlo a pit\u00ed\",\"Style\"],\"inLanguage\":\"en-US\",\"potentialAction\":[{\"@type\":\"CommentAction\",\"name\":\"Comment\",\"target\":[\"https:\\\/\\\/www.mzone.cz\\\/od-karla-iv-po-zufanka-aneb-pribeh-ceske-palenky\\\/#respond\"]}]},{\"@type\":\"WebPage\",\"@id\":\"https:\\\/\\\/www.mzone.cz\\\/od-karla-iv-po-zufanka-aneb-pribeh-ceske-palenky\\\/\",\"url\":\"https:\\\/\\\/www.mzone.cz\\\/od-karla-iv-po-zufanka-aneb-pribeh-ceske-palenky\\\/\",\"name\":\"Od Karla IV. po \u017duf\u00e1nka aneb p\u0159\u00edb\u011bh \u010desk\u00e9 p\u00e1lenky - Mzone\",\"isPartOf\":{\"@id\":\"https:\\\/\\\/www.mzone.cz\\\/#website\"},\"primaryImageOfPage\":{\"@id\":\"https:\\\/\\\/www.mzone.cz\\\/od-karla-iv-po-zufanka-aneb-pribeh-ceske-palenky\\\/#primaryimage\"},\"image\":{\"@id\":\"https:\\\/\\\/www.mzone.cz\\\/od-karla-iv-po-zufanka-aneb-pribeh-ceske-palenky\\\/#primaryimage\"},\"thumbnailUrl\":\"https:\\\/\\\/www.mzone.cz\\\/wp-content\\\/uploads\\\/2019\\\/05\\\/Depositphotos_73213331_l-2015.jpg\",\"datePublished\":\"2023-02-19T09:00:33+00:00\",\"dateModified\":\"2023-02-19T10:00:32+00:00\",\"author\":{\"@id\":\"https:\\\/\\\/www.mzone.cz\\\/#\\\/schema\\\/person\\\/9bc20cc422a99cac4af6ff9297da32d4\"},\"description\":\"N\u00e1zev p\u00e1lenka je\u00a0odvozen od\u00a0zku\u0161enosti na\u0161ich p\u0159edk\u016f s\u00a0p\u00e1len\u00edm kvasu, \u010d\u00edm\u017e z\u00edsk\u00e1vali z\u00a0p\u016fvodn\u00ed v\u00fdchoz\u00ed l\u00e1tky tekutinu s\u00a0vy\u0161\u0161\u00edm obsahem alkoholu. Kdy\u00a0p\u0159esn\u011b si\u00a0ov\u0161em tuto zku\u0161enost osvojili? Podle prvn\u00edch p\u00edsemn\u00fdch zpr\u00e1v lze\u00a0p\u00e1len\u00ed z\u00a0ovoce datovat do\u00a0dob\u00a0Lucemburk\u016f, a\u010dkoli proces p\u00e1len\u00ed byl\u00a0ji\u017e\u00a0v\u0161eobecn\u011b n\u011bjakou dobu zn\u00e1m\u00fd.\",\"breadcrumb\":{\"@id\":\"https:\\\/\\\/www.mzone.cz\\\/od-karla-iv-po-zufanka-aneb-pribeh-ceske-palenky\\\/#breadcrumb\"},\"inLanguage\":\"en-US\",\"potentialAction\":[{\"@type\":\"ReadAction\",\"target\":[\"https:\\\/\\\/www.mzone.cz\\\/od-karla-iv-po-zufanka-aneb-pribeh-ceske-palenky\\\/\"]}]},{\"@type\":\"ImageObject\",\"inLanguage\":\"en-US\",\"@id\":\"https:\\\/\\\/www.mzone.cz\\\/od-karla-iv-po-zufanka-aneb-pribeh-ceske-palenky\\\/#primaryimage\",\"url\":\"https:\\\/\\\/www.mzone.cz\\\/wp-content\\\/uploads\\\/2019\\\/05\\\/Depositphotos_73213331_l-2015.jpg\",\"contentUrl\":\"https:\\\/\\\/www.mzone.cz\\\/wp-content\\\/uploads\\\/2019\\\/05\\\/Depositphotos_73213331_l-2015.jpg\",\"width\":1500,\"height\":1001},{\"@type\":\"BreadcrumbList\",\"@id\":\"https:\\\/\\\/www.mzone.cz\\\/od-karla-iv-po-zufanka-aneb-pribeh-ceske-palenky\\\/#breadcrumb\",\"itemListElement\":[{\"@type\":\"ListItem\",\"position\":1,\"name\":\"Dom\u016f\",\"item\":\"https:\\\/\\\/www.mzone.cz\\\/\"},{\"@type\":\"ListItem\",\"position\":2,\"name\":\"Od Karla IV. po \u017duf\u00e1nka aneb p\u0159\u00edb\u011bh \u010desk\u00e9 p\u00e1lenky\"}]},{\"@type\":\"WebSite\",\"@id\":\"https:\\\/\\\/www.mzone.cz\\\/#website\",\"url\":\"https:\\\/\\\/www.mzone.cz\\\/\",\"name\":\"Mzone\",\"description\":\"Magaz\u00edn nejen pro mu\u017ee\",\"potentialAction\":[{\"@type\":\"SearchAction\",\"target\":{\"@type\":\"EntryPoint\",\"urlTemplate\":\"https:\\\/\\\/www.mzone.cz\\\/?s={search_term_string}\"},\"query-input\":{\"@type\":\"PropertyValueSpecification\",\"valueRequired\":true,\"valueName\":\"search_term_string\"}}],\"inLanguage\":\"en-US\"},{\"@type\":\"Person\",\"@id\":\"https:\\\/\\\/www.mzone.cz\\\/#\\\/schema\\\/person\\\/9bc20cc422a99cac4af6ff9297da32d4\",\"name\":\"Mzone\",\"image\":{\"@type\":\"ImageObject\",\"inLanguage\":\"en-US\",\"@id\":\"https:\\\/\\\/secure.gravatar.com\\\/avatar\\\/e780a8630f3182a3d06dd667ab6bea151a0d155b0951bc15fe22633acdac0676?s=96&d=mm&r=g\",\"url\":\"https:\\\/\\\/secure.gravatar.com\\\/avatar\\\/e780a8630f3182a3d06dd667ab6bea151a0d155b0951bc15fe22633acdac0676?s=96&d=mm&r=g\",\"contentUrl\":\"https:\\\/\\\/secure.gravatar.com\\\/avatar\\\/e780a8630f3182a3d06dd667ab6bea151a0d155b0951bc15fe22633acdac0676?s=96&d=mm&r=g\",\"caption\":\"Mzone\"},\"url\":\"https:\\\/\\\/www.mzone.cz\\\/en\\\/author\\\/jakub\\\/\"}]}<\/script>\n<!-- \/ Yoast SEO plugin. -->","yoast_head_json":{"title":"Od Karla IV. po \u017duf\u00e1nka aneb p\u0159\u00edb\u011bh \u010desk\u00e9 p\u00e1lenky - Mzone","description":"N\u00e1zev p\u00e1lenka je\u00a0odvozen od\u00a0zku\u0161enosti na\u0161ich p\u0159edk\u016f s\u00a0p\u00e1len\u00edm kvasu, \u010d\u00edm\u017e z\u00edsk\u00e1vali z\u00a0p\u016fvodn\u00ed v\u00fdchoz\u00ed l\u00e1tky tekutinu s\u00a0vy\u0161\u0161\u00edm obsahem alkoholu. Kdy\u00a0p\u0159esn\u011b si\u00a0ov\u0161em tuto zku\u0161enost osvojili? Podle prvn\u00edch p\u00edsemn\u00fdch zpr\u00e1v lze\u00a0p\u00e1len\u00ed z\u00a0ovoce datovat do\u00a0dob\u00a0Lucemburk\u016f, a\u010dkoli proces p\u00e1len\u00ed byl\u00a0ji\u017e\u00a0v\u0161eobecn\u011b n\u011bjakou dobu zn\u00e1m\u00fd.","robots":{"index":"index","follow":"follow","max-snippet":"max-snippet:-1","max-image-preview":"max-image-preview:large","max-video-preview":"max-video-preview:-1"},"canonical":"https:\/\/www.mzone.cz\/en\/od-karla-iv-po-zufanka-aneb-pribeh-ceske-palenky\/","og_locale":"en_US","og_type":"article","og_title":"Od Karla IV. po \u017duf\u00e1nka aneb p\u0159\u00edb\u011bh \u010desk\u00e9 p\u00e1lenky - Mzone","og_description":"N\u00e1zev p\u00e1lenka je\u00a0odvozen od\u00a0zku\u0161enosti na\u0161ich p\u0159edk\u016f s\u00a0p\u00e1len\u00edm kvasu, \u010d\u00edm\u017e z\u00edsk\u00e1vali z\u00a0p\u016fvodn\u00ed v\u00fdchoz\u00ed l\u00e1tky tekutinu s\u00a0vy\u0161\u0161\u00edm obsahem alkoholu. Kdy\u00a0p\u0159esn\u011b si\u00a0ov\u0161em tuto zku\u0161enost osvojili? Podle prvn\u00edch p\u00edsemn\u00fdch zpr\u00e1v lze\u00a0p\u00e1len\u00ed z\u00a0ovoce datovat do\u00a0dob\u00a0Lucemburk\u016f, a\u010dkoli proces p\u00e1len\u00ed byl\u00a0ji\u017e\u00a0v\u0161eobecn\u011b n\u011bjakou dobu zn\u00e1m\u00fd.","og_url":"https:\/\/www.mzone.cz\/en\/od-karla-iv-po-zufanka-aneb-pribeh-ceske-palenky\/","og_site_name":"Mzone","article_publisher":"https:\/\/www.facebook.com\/MzoneCZ\/","article_published_time":"2023-02-19T09:00:33+00:00","article_modified_time":"2023-02-19T10:00:32+00:00","og_image":[{"width":1500,"height":1001,"url":"https:\/\/www.mzone.cz\/wp-content\/uploads\/2019\/05\/Depositphotos_73213331_l-2015.jpg","type":"image\/jpeg"}],"author":"Mzone","twitter_card":"summary_large_image","twitter_misc":{"Written by":"Mzone","Est. reading time":"20 minutes"},"schema":{"@context":"https:\/\/schema.org","@graph":[{"@type":"Article","@id":"https:\/\/www.mzone.cz\/od-karla-iv-po-zufanka-aneb-pribeh-ceske-palenky\/#article","isPartOf":{"@id":"https:\/\/www.mzone.cz\/od-karla-iv-po-zufanka-aneb-pribeh-ceske-palenky\/"},"author":{"name":"Mzone","@id":"https:\/\/www.mzone.cz\/#\/schema\/person\/9bc20cc422a99cac4af6ff9297da32d4"},"headline":"Od Karla IV. po \u017duf\u00e1nka aneb p\u0159\u00edb\u011bh \u010desk\u00e9 p\u00e1lenky","datePublished":"2023-02-19T09:00:33+00:00","dateModified":"2023-02-19T10:00:32+00:00","mainEntityOfPage":{"@id":"https:\/\/www.mzone.cz\/od-karla-iv-po-zufanka-aneb-pribeh-ceske-palenky\/"},"wordCount":3948,"commentCount":0,"image":{"@id":"https:\/\/www.mzone.cz\/od-karla-iv-po-zufanka-aneb-pribeh-ceske-palenky\/#primaryimage"},"thumbnailUrl":"https:\/\/www.mzone.cz\/wp-content\/uploads\/2019\/05\/Depositphotos_73213331_l-2015.jpg","keywords":["alkohol","alkoholick\u00e9 n\u00e1poje","\u010cesko","Historie","Jel\u00ednek","j\u00eddlo a pit\u00ed","Karel IV.","p\u00e1len\u00ed alkoholu","p\u00e1lenka","p\u00e1lenky","pal\u00edrny","pit\u00ed","slivovice","\u017duf\u00e1nek"],"articleSection":["Historie","J\u00eddlo a pit\u00ed","Style"],"inLanguage":"en-US","potentialAction":[{"@type":"CommentAction","name":"Comment","target":["https:\/\/www.mzone.cz\/od-karla-iv-po-zufanka-aneb-pribeh-ceske-palenky\/#respond"]}]},{"@type":"WebPage","@id":"https:\/\/www.mzone.cz\/od-karla-iv-po-zufanka-aneb-pribeh-ceske-palenky\/","url":"https:\/\/www.mzone.cz\/od-karla-iv-po-zufanka-aneb-pribeh-ceske-palenky\/","name":"Od Karla IV. po \u017duf\u00e1nka aneb p\u0159\u00edb\u011bh \u010desk\u00e9 p\u00e1lenky - Mzone","isPartOf":{"@id":"https:\/\/www.mzone.cz\/#website"},"primaryImageOfPage":{"@id":"https:\/\/www.mzone.cz\/od-karla-iv-po-zufanka-aneb-pribeh-ceske-palenky\/#primaryimage"},"image":{"@id":"https:\/\/www.mzone.cz\/od-karla-iv-po-zufanka-aneb-pribeh-ceske-palenky\/#primaryimage"},"thumbnailUrl":"https:\/\/www.mzone.cz\/wp-content\/uploads\/2019\/05\/Depositphotos_73213331_l-2015.jpg","datePublished":"2023-02-19T09:00:33+00:00","dateModified":"2023-02-19T10:00:32+00:00","author":{"@id":"https:\/\/www.mzone.cz\/#\/schema\/person\/9bc20cc422a99cac4af6ff9297da32d4"},"description":"N\u00e1zev p\u00e1lenka je\u00a0odvozen od\u00a0zku\u0161enosti na\u0161ich p\u0159edk\u016f s\u00a0p\u00e1len\u00edm kvasu, \u010d\u00edm\u017e z\u00edsk\u00e1vali z\u00a0p\u016fvodn\u00ed v\u00fdchoz\u00ed l\u00e1tky tekutinu s\u00a0vy\u0161\u0161\u00edm obsahem alkoholu. Kdy\u00a0p\u0159esn\u011b si\u00a0ov\u0161em tuto zku\u0161enost osvojili? Podle prvn\u00edch p\u00edsemn\u00fdch zpr\u00e1v lze\u00a0p\u00e1len\u00ed z\u00a0ovoce datovat do\u00a0dob\u00a0Lucemburk\u016f, a\u010dkoli proces p\u00e1len\u00ed byl\u00a0ji\u017e\u00a0v\u0161eobecn\u011b n\u011bjakou dobu zn\u00e1m\u00fd.","breadcrumb":{"@id":"https:\/\/www.mzone.cz\/od-karla-iv-po-zufanka-aneb-pribeh-ceske-palenky\/#breadcrumb"},"inLanguage":"en-US","potentialAction":[{"@type":"ReadAction","target":["https:\/\/www.mzone.cz\/od-karla-iv-po-zufanka-aneb-pribeh-ceske-palenky\/"]}]},{"@type":"ImageObject","inLanguage":"en-US","@id":"https:\/\/www.mzone.cz\/od-karla-iv-po-zufanka-aneb-pribeh-ceske-palenky\/#primaryimage","url":"https:\/\/www.mzone.cz\/wp-content\/uploads\/2019\/05\/Depositphotos_73213331_l-2015.jpg","contentUrl":"https:\/\/www.mzone.cz\/wp-content\/uploads\/2019\/05\/Depositphotos_73213331_l-2015.jpg","width":1500,"height":1001},{"@type":"BreadcrumbList","@id":"https:\/\/www.mzone.cz\/od-karla-iv-po-zufanka-aneb-pribeh-ceske-palenky\/#breadcrumb","itemListElement":[{"@type":"ListItem","position":1,"name":"Dom\u016f","item":"https:\/\/www.mzone.cz\/"},{"@type":"ListItem","position":2,"name":"Od Karla IV. po \u017duf\u00e1nka aneb p\u0159\u00edb\u011bh \u010desk\u00e9 p\u00e1lenky"}]},{"@type":"WebSite","@id":"https:\/\/www.mzone.cz\/#website","url":"https:\/\/www.mzone.cz\/","name":"Mzone","description":"Magaz\u00edn nejen pro mu\u017ee","potentialAction":[{"@type":"SearchAction","target":{"@type":"EntryPoint","urlTemplate":"https:\/\/www.mzone.cz\/?s={search_term_string}"},"query-input":{"@type":"PropertyValueSpecification","valueRequired":true,"valueName":"search_term_string"}}],"inLanguage":"en-US"},{"@type":"Person","@id":"https:\/\/www.mzone.cz\/#\/schema\/person\/9bc20cc422a99cac4af6ff9297da32d4","name":"Mzone","image":{"@type":"ImageObject","inLanguage":"en-US","@id":"https:\/\/secure.gravatar.com\/avatar\/e780a8630f3182a3d06dd667ab6bea151a0d155b0951bc15fe22633acdac0676?s=96&d=mm&r=g","url":"https:\/\/secure.gravatar.com\/avatar\/e780a8630f3182a3d06dd667ab6bea151a0d155b0951bc15fe22633acdac0676?s=96&d=mm&r=g","contentUrl":"https:\/\/secure.gravatar.com\/avatar\/e780a8630f3182a3d06dd667ab6bea151a0d155b0951bc15fe22633acdac0676?s=96&d=mm&r=g","caption":"Mzone"},"url":"https:\/\/www.mzone.cz\/en\/author\/jakub\/"}]}},"_links":{"self":[{"href":"https:\/\/www.mzone.cz\/en\/wp-json\/wp\/v2\/posts\/8225","targetHints":{"allow":["GET"]}}],"collection":[{"href":"https:\/\/www.mzone.cz\/en\/wp-json\/wp\/v2\/posts"}],"about":[{"href":"https:\/\/www.mzone.cz\/en\/wp-json\/wp\/v2\/types\/post"}],"author":[{"embeddable":true,"href":"https:\/\/www.mzone.cz\/en\/wp-json\/wp\/v2\/users\/4"}],"replies":[{"embeddable":true,"href":"https:\/\/www.mzone.cz\/en\/wp-json\/wp\/v2\/comments?post=8225"}],"version-history":[{"count":2,"href":"https:\/\/www.mzone.cz\/en\/wp-json\/wp\/v2\/posts\/8225\/revisions"}],"predecessor-version":[{"id":12513,"href":"https:\/\/www.mzone.cz\/en\/wp-json\/wp\/v2\/posts\/8225\/revisions\/12513"}],"wp:featuredmedia":[{"embeddable":true,"href":"https:\/\/www.mzone.cz\/en\/wp-json\/wp\/v2\/media\/8226"}],"wp:attachment":[{"href":"https:\/\/www.mzone.cz\/en\/wp-json\/wp\/v2\/media?parent=8225"}],"wp:term":[{"taxonomy":"category","embeddable":true,"href":"https:\/\/www.mzone.cz\/en\/wp-json\/wp\/v2\/categories?post=8225"},{"taxonomy":"post_tag","embeddable":true,"href":"https:\/\/www.mzone.cz\/en\/wp-json\/wp\/v2\/tags?post=8225"}],"curies":[{"name":"wp","href":"https:\/\/api.w.org\/{rel}","templated":true}]}}